{"id":49231,"date":"2018-11-21T18:54:53","date_gmt":"2018-11-21T18:54:53","guid":{"rendered":"https:\/\/infocul.pt\/?p=49231"},"modified":"2018-11-21T18:54:53","modified_gmt":"2018-11-21T18:54:53","slug":"visao-junior-fest-realiza-se-no-parque-dos-poetas","status":"publish","type":"post","link":"https:\/\/infocul.pt\/arquivo\/cultura\/visao-junior-fest-realiza-se-no-parque-dos-poetas\/","title":{"rendered":"Vis\u00e3o J\u00fanior Fest realiza-se no Parque dos Poetas"},"content":{"rendered":"<p><a href=\"https:\/\/infocul.pt\/arquivo\/wp-content\/uploads\/2018\/11\/Vis\u00e3o-fest-junior.png\"><img decoding=\"async\" class=\"aligncenter wp-image-49232 size-full lazyload\" data-src=\"https:\/\/infocul.pt\/arquivo\/wp-content\/uploads\/2018\/11\/Vis\u00e3o-fest-junior.png\" alt=\"\" width=\"530\" height=\"296\" data-srcset=\"https:\/\/infocul.pt\/arquivo\/wp-content\/uploads\/2018\/11\/Vis\u00e3o-fest-junior.png 530w, https:\/\/infocul.pt\/arquivo\/wp-content\/uploads\/2018\/11\/Vis\u00e3o-fest-junior-300x168.png 300w\" data-sizes=\"(max-width: 530px) 100vw, 530px\" src=\"data:image\/svg+xml;base64,PHN2ZyB3aWR0aD0iMSIgaGVpZ2h0PSIxIiB4bWxucz0iaHR0cDovL3d3dy53My5vcmcvMjAwMC9zdmciPjwvc3ZnPg==\" style=\"--smush-placeholder-width: 530px; --smush-placeholder-aspect-ratio: 530\/296;\" \/><\/a><\/p>\n<p>&nbsp;<\/p>\n<p>&nbsp;<\/p>\n<p><span style=\"font-family: Calibri, sans-serif;\"><span style=\"font-size: small;\">O Templo da Poesia, no Parque dos Poetas, em Oeiras recebe, no dia 1 de Dezembro, a 1\u00aa edi\u00e7\u00e3o do Vis\u00e3o J\u00fanior Fest com uma abrangente programa\u00e7\u00e3o que inclui teatro, m\u00fasica, leituras, conversas, ateliers de jornalismo e muito mais criada para estimular a divers\u00e3o e aprendizagem dos mais novos. O festival tem entrada livre entre as 10:00 e as 19:00, limitada \u00e0 capacidade da sala.<\/span><\/span><!--more--><\/p>\n<p>&nbsp;<\/p>\n<p>&nbsp;<\/p>\n<p><span style=\"font-family: Calibri, sans-serif; font-size: small;\">O Templo da Poesia ser\u00e1 palco de um espect\u00e1culo de magia com M\u00e1rio Daniel, uma pe\u00e7a de teatro ambiental da Novo Verde, sob o tema \u201cEm Busca do Depositar\u00e3o\u00a0Perdido\u201d, e um showcase de voz e guitarra para toda a fam\u00edlia com Paulo Sousa, ao final da tarde. Ao longo do dia, as conversas com os convidados especiais sobre os temas que trazem para partilhar com os mais novos ter\u00e3o lugar de destaque no <span style=\"font-family: Calibri, sans-serif;\"><span style=\"font-size: small;\">Vis\u00e3o<\/span><\/span> J\u00fanior Fest: Gon\u00e7alo Uva, jogador de rugby, ir\u00e1 reflectir sobre a forma como o desporto impulsionou a sua felicidade; In\u00eas Guimar\u00e3es, a Youtuber Math Gurl, vai colocar desafios matem\u00e1ticos \u00e0 plateia e explicar o seu entusiasmo pela matem\u00e1tica; e a actriz Mariana Monteiro ir\u00e1 abordar o tema da igualdade de g\u00e9nero e o seu trabalho na Associa\u00e7\u00e3o Cora\u00e7\u00f5es Com Coroa. <\/span><\/p>\n<p>&nbsp;<\/p>\n<p>&nbsp;<\/p>\n<p><span style=\"font-family: Calibri, sans-serif;\"><span style=\"font-size: small;\">Al\u00e9m do mercado de troca de livros existente no festival, de manh\u00e3 e ao in\u00edcio da tarde, Cl\u00e1udia Fonseca e Ant\u00f3nio Gouveia da Associa\u00e7\u00e3o Cultural Contrabandistas de Est\u00f3rias, contam hist\u00f3rias ao p\u00fablico. O jornalismo aprende-se no \u201cAtelier Rep\u00f3rter da Vis\u00e3o J\u00fanior\u201d. Estimulam-se ainda outras \u00e1reas de aprendizagem como o Ambiente, Qu\u00edmica e Mec\u00e2nica, em ateli\u00eas do Instituto Superior T\u00e9cnico de Lisboa, e primeiros socorros, com os Bombeiros de Alcabideche. <\/span><\/span><\/p>\n<p>&nbsp;<\/p>\n<p>&nbsp;<\/p>\n<p><span style=\"font-family: Calibri, sans-serif;\"><span style=\"font-size: small;\">Os momentos de partilha multiplicam-se no Vis\u00e3o J\u00fanior Fest, com jogos desportivos, de reciclagem &#8211; dinamizados pela Associa\u00e7\u00e3o Bandeira Azul e a Novo Verde -, \u00e1gua, organizados pela EPAL, e de consola, numa parceria com a Sony PlayStation, integram a programa\u00e7\u00e3o. Paralelamente, existem espa\u00e7os de personaliza\u00e7\u00e3o de pranchas de Surf e de beleza com Make Up. O festival conta ainda com uma zona de restaura\u00e7\u00e3o, com food trucks no exterior do Templo da Poesia. <\/span><\/span><\/p>\n<p>&nbsp;<\/p>\n<p>&nbsp;<\/p>\n<p><span style=\"font-family: Calibri, sans-serif;\"><span style=\"font-size: small;\">A Vis\u00e3o J\u00fanior, do grupo Trust In News, \u00e9 a \u00fanica revista portuguesa de grande informa\u00e7\u00e3o dedicada a crian\u00e7as e jovens que est\u00e1 est\u00e1 recomendada pelo Plano Nacional de Leitura. Tal como os pais gostam de ler a Vis\u00e3o, os mais pequenos tamb\u00e9m n\u00e3o dispensam andar informados. Foi a pensar neles que surgiu a Vis\u00e3o J\u00fanior, com artigos, passatempos e conte\u00fados que mensalmente os surpreendem.<\/span><\/span><\/p>\n<p>&nbsp;<\/p>\n<p>&nbsp;<\/p>\n<p><span style=\"font-family: Calibri, sans-serif;\"><span style=\"font-size: small;\">Recorde-se que a Vis\u00e3o celebrou, a 21 e 22 de Abril, os seus 25 anos, com a realiza\u00e7\u00e3o da 1\u00aa edi\u00e7\u00e3o do Vis\u00e3o Fest no Capit\u00f3lio, em Lisboa, onde contou com as presen\u00e7as do Presidente da Rep\u00fablica, do Primeiro Ministro e de v\u00e1rios outros convidados, al\u00e9m dos seus jornalistas e colunistas. Durante dois dias falou-se de literatura, humor, pol\u00edtica, m\u00fasica, desporto, artes pl\u00e1sticas ou novos media. Houve exposi\u00e7\u00f5es, workshops, provas de vinhos, oficinas de reutiliza\u00e7\u00e3o de materiais, entre v\u00e1rias outras actividades. Foi o primeiro de v\u00e1rios eventos pensados para o p\u00fablico pela Trust in News e foi um sucesso. Segue-se agora a aposta neste novo evento, o Vis\u00e3o Fest J\u00fanior, desta vez dedicado aos mais novos e \u00e0s fam\u00edlias.<\/span><\/span><\/p>\n","protected":false},"excerpt":{"rendered":"<p>&nbsp; &nbsp; O Templo da Poesia, no Parque dos Poetas, em Oeiras recebe, no dia 1 de Dezembro, a 1\u00aa edi\u00e7\u00e3o do Vis\u00e3o J\u00fanior Fest com uma abrangente programa\u00e7\u00e3o que inclui teatro, m\u00fasica, leituras, conversas, ateliers de jornalismo e muito mais criada para estimular a divers\u00e3o e aprendizagem dos mais novos. O festival tem entrada [&hellip;]<\/p>\n","protected":false},"author":13,"featured_media":49232,"comment_status":"open","ping_status":"closed","sticky":false,"template":"","format":"standard","meta":{"footnotes":""},"categories":[2,36,9],"tags":[4133,377,5543,1484,5542],"class_list":["post-49231","post","type-post","status-publish","format-standard","has-post-thumbnail","hentry","category-cultura","category-destaque","category-outros","tag-festival","tag-oeiras","tag-parque-dos-poetas","tag-visao","tag-visao-junior-fest"],"yoast_head":"<!-- This site is optimized with the Yoast SEO plugin v27.4 - https:\/\/yoast.com\/product\/yoast-seo-wordpress\/ -->\n<title>Vis\u00e3o J\u00fanior Fest realiza-se no Parque dos Poetas | Infocul.pt - Arquivo Digital<\/title>\n<meta name=\"description\" content=\"Vis\u00e3o J\u00fanior Fest realiza-se no Parque dos Poetas | Infocul.pt - Arquivo Digital\" \/>\n<meta name=\"robots\" content=\"noindex, follow, max-snippet:-1, max-image-preview:large, max-video-preview:-1\" \/>\n<meta property=\"og:locale\" content=\"pt_PT\" \/>\n<meta property=\"og:type\" content=\"article\" \/>\n<meta property=\"og:title\" content=\"Vis\u00e3o J\u00fanior Fest realiza-se no Parque dos Poetas | Infocul.pt - Arquivo Digital\" \/>\n<meta property=\"og:description\" content=\"Vis\u00e3o J\u00fanior Fest realiza-se no Parque dos Poetas | Infocul.pt - Arquivo Digital\" \/>\n<meta property=\"og:url\" content=\"https:\/\/infocul.pt\/arquivo\/cultura\/visao-junior-fest-realiza-se-no-parque-dos-poetas\/\" \/>\n<meta property=\"og:site_name\" content=\"Infocul.pt - Arquivo Digital\" \/>\n<meta property=\"article:publisher\" content=\"https:\/\/www.facebook.com\/Infocul-147816815585015\/\" \/>\n<meta property=\"article:published_time\" content=\"2018-11-21T18:54:53+00:00\" \/>\n<meta property=\"og:image\" content=\"https:\/\/infocul.pt\/arquivo\/wp-content\/uploads\/2018\/11\/Vis\u00e3o-fest-junior.png\" \/>\n\t<meta property=\"og:image:width\" content=\"530\" \/>\n\t<meta property=\"og:image:height\" content=\"296\" \/>\n\t<meta property=\"og:image:type\" content=\"image\/png\" \/>\n<meta name=\"author\" content=\"Redac\u00e7\u00e3o\" \/>\n<meta name=\"twitter:card\" content=\"summary_large_image\" \/>\n<meta name=\"twitter:creator\" content=\"@Infoculpt\" \/>\n<meta name=\"twitter:site\" content=\"@Infoculpt\" \/>\n<meta name=\"twitter:label1\" content=\"Escrito por\" \/>\n\t<meta name=\"twitter:data1\" content=\"Redac\u00e7\u00e3o\" \/>\n\t<meta name=\"twitter:label2\" content=\"Tempo estimado de leitura\" \/>\n\t<meta name=\"twitter:data2\" content=\"3 minutos\" \/>\n<script type=\"application\/ld+json\" class=\"yoast-schema-graph\">{\"@context\":\"https:\\\/\\\/schema.org\",\"@graph\":[{\"@type\":\"Article\",\"@id\":\"https:\\\/\\\/infocul.pt\\\/arquivo\\\/cultura\\\/visao-junior-fest-realiza-se-no-parque-dos-poetas\\\/#article\",\"isPartOf\":{\"@id\":\"https:\\\/\\\/infocul.pt\\\/arquivo\\\/cultura\\\/visao-junior-fest-realiza-se-no-parque-dos-poetas\\\/\"},\"author\":{\"name\":\"Redac\u00e7\u00e3o\",\"@id\":\"https:\\\/\\\/infocul.pt\\\/arquivo\\\/#\\\/schema\\\/person\\\/f243f45ae8d67639120a7586884f3abc\"},\"headline\":\"Vis\u00e3o J\u00fanior Fest realiza-se no Parque dos Poetas\",\"datePublished\":\"2018-11-21T18:54:53+00:00\",\"mainEntityOfPage\":{\"@id\":\"https:\\\/\\\/infocul.pt\\\/arquivo\\\/cultura\\\/visao-junior-fest-realiza-se-no-parque-dos-poetas\\\/\"},\"wordCount\":612,\"commentCount\":0,\"publisher\":{\"@id\":\"https:\\\/\\\/infocul.pt\\\/arquivo\\\/#organization\"},\"image\":{\"@id\":\"https:\\\/\\\/infocul.pt\\\/arquivo\\\/cultura\\\/visao-junior-fest-realiza-se-no-parque-dos-poetas\\\/#primaryimage\"},\"thumbnailUrl\":\"https:\\\/\\\/infocul.pt\\\/arquivo\\\/wp-content\\\/uploads\\\/2018\\\/11\\\/Vis\u00e3o-fest-junior.png\",\"keywords\":[\"Festival\",\"Oeiras\",\"Parque dos Poetas\",\"Vis\u00e3o\",\"Vis\u00e3o J\u00fanior Fest\"],\"articleSection\":[\"Cultura\",\"Destaque\",\"Outros\"],\"inLanguage\":\"pt-PT\"},{\"@type\":\"WebPage\",\"@id\":\"https:\\\/\\\/infocul.pt\\\/arquivo\\\/cultura\\\/visao-junior-fest-realiza-se-no-parque-dos-poetas\\\/\",\"url\":\"https:\\\/\\\/infocul.pt\\\/arquivo\\\/cultura\\\/visao-junior-fest-realiza-se-no-parque-dos-poetas\\\/\",\"name\":\"Vis\u00e3o J\u00fanior Fest realiza-se no Parque dos Poetas | Infocul.pt - Arquivo Digital\",\"isPartOf\":{\"@id\":\"https:\\\/\\\/infocul.pt\\\/arquivo\\\/#website\"},\"primaryImageOfPage\":{\"@id\":\"https:\\\/\\\/infocul.pt\\\/arquivo\\\/cultura\\\/visao-junior-fest-realiza-se-no-parque-dos-poetas\\\/#primaryimage\"},\"image\":{\"@id\":\"https:\\\/\\\/infocul.pt\\\/arquivo\\\/cultura\\\/visao-junior-fest-realiza-se-no-parque-dos-poetas\\\/#primaryimage\"},\"thumbnailUrl\":\"https:\\\/\\\/infocul.pt\\\/arquivo\\\/wp-content\\\/uploads\\\/2018\\\/11\\\/Vis\u00e3o-fest-junior.png\",\"datePublished\":\"2018-11-21T18:54:53+00:00\",\"description\":\"Vis\u00e3o J\u00fanior Fest realiza-se no Parque dos Poetas | Infocul.pt - Arquivo Digital\",\"breadcrumb\":{\"@id\":\"https:\\\/\\\/infocul.pt\\\/arquivo\\\/cultura\\\/visao-junior-fest-realiza-se-no-parque-dos-poetas\\\/#breadcrumb\"},\"inLanguage\":\"pt-PT\",\"potentialAction\":[{\"@type\":\"ReadAction\",\"target\":[\"https:\\\/\\\/infocul.pt\\\/arquivo\\\/cultura\\\/visao-junior-fest-realiza-se-no-parque-dos-poetas\\\/\"]}]},{\"@type\":\"ImageObject\",\"inLanguage\":\"pt-PT\",\"@id\":\"https:\\\/\\\/infocul.pt\\\/arquivo\\\/cultura\\\/visao-junior-fest-realiza-se-no-parque-dos-poetas\\\/#primaryimage\",\"url\":\"https:\\\/\\\/infocul.pt\\\/arquivo\\\/wp-content\\\/uploads\\\/2018\\\/11\\\/Vis\u00e3o-fest-junior.png\",\"contentUrl\":\"https:\\\/\\\/infocul.pt\\\/arquivo\\\/wp-content\\\/uploads\\\/2018\\\/11\\\/Vis\u00e3o-fest-junior.png\",\"width\":530,\"height\":296},{\"@type\":\"BreadcrumbList\",\"@id\":\"https:\\\/\\\/infocul.pt\\\/arquivo\\\/cultura\\\/visao-junior-fest-realiza-se-no-parque-dos-poetas\\\/#breadcrumb\",\"itemListElement\":[{\"@type\":\"ListItem\",\"position\":1,\"name\":\"Home\",\"item\":\"https:\\\/\\\/infocul.pt\\\/arquivo\\\/\"},{\"@type\":\"ListItem\",\"position\":2,\"name\":\"Vis\u00e3o J\u00fanior Fest realiza-se no Parque dos Poetas\"}]},{\"@type\":\"WebSite\",\"@id\":\"https:\\\/\\\/infocul.pt\\\/arquivo\\\/#website\",\"url\":\"https:\\\/\\\/infocul.pt\\\/arquivo\\\/\",\"name\":\"Infocul.pt - Arquivo Digital\",\"description\":\"Arquivo digital da Infocul.pt\",\"publisher\":{\"@id\":\"https:\\\/\\\/infocul.pt\\\/arquivo\\\/#organization\"},\"potentialAction\":[{\"@type\":\"SearchAction\",\"target\":{\"@type\":\"EntryPoint\",\"urlTemplate\":\"https:\\\/\\\/infocul.pt\\\/arquivo\\\/?s={search_term_string}\"},\"query-input\":{\"@type\":\"PropertyValueSpecification\",\"valueRequired\":true,\"valueName\":\"search_term_string\"}}],\"inLanguage\":\"pt-PT\"},{\"@type\":\"Organization\",\"@id\":\"https:\\\/\\\/infocul.pt\\\/arquivo\\\/#organization\",\"name\":\"Infocul.pt\",\"url\":\"https:\\\/\\\/infocul.pt\\\/arquivo\\\/\",\"logo\":{\"@type\":\"ImageObject\",\"inLanguage\":\"pt-PT\",\"@id\":\"https:\\\/\\\/infocul.pt\\\/arquivo\\\/#\\\/schema\\\/logo\\\/image\\\/\",\"url\":\"https:\\\/\\\/infocul.pt\\\/arquivo\\\/wp-content\\\/uploads\\\/2018\\\/12\\\/Infocul_logo-1.png\",\"contentUrl\":\"https:\\\/\\\/infocul.pt\\\/arquivo\\\/wp-content\\\/uploads\\\/2018\\\/12\\\/Infocul_logo-1.png\",\"width\":800,\"height\":800,\"caption\":\"Infocul.pt\"},\"image\":{\"@id\":\"https:\\\/\\\/infocul.pt\\\/arquivo\\\/#\\\/schema\\\/logo\\\/image\\\/\"},\"sameAs\":[\"https:\\\/\\\/www.facebook.com\\\/Infocul-147816815585015\\\/\",\"https:\\\/\\\/x.com\\\/Infoculpt\",\"http:\\\/\\\/www.pictaram.com\\\/user\\\/infocul.pt\\\/2370423710\",\"https:\\\/\\\/www.youtube.com\\\/channel\\\/UCYEB91AGI9FL9ek2i_IaQAA\"]},{\"@type\":\"Person\",\"@id\":\"https:\\\/\\\/infocul.pt\\\/arquivo\\\/#\\\/schema\\\/person\\\/f243f45ae8d67639120a7586884f3abc\",\"name\":\"Redac\u00e7\u00e3o\",\"image\":{\"@type\":\"ImageObject\",\"inLanguage\":\"pt-PT\",\"@id\":\"https:\\\/\\\/secure.gravatar.com\\\/avatar\\\/151b1b76c598ab5e749407223bd6c1bad4e41c4e95de3c3df83540ebee2deaf8?s=96&d=mm&r=g\",\"url\":\"https:\\\/\\\/secure.gravatar.com\\\/avatar\\\/151b1b76c598ab5e749407223bd6c1bad4e41c4e95de3c3df83540ebee2deaf8?s=96&d=mm&r=g\",\"contentUrl\":\"https:\\\/\\\/secure.gravatar.com\\\/avatar\\\/151b1b76c598ab5e749407223bd6c1bad4e41c4e95de3c3df83540ebee2deaf8?s=96&d=mm&r=g\",\"caption\":\"Redac\u00e7\u00e3o\"}}]}<\/script>\n<!-- \/ Yoast SEO plugin. -->","yoast_head_json":{"title":"Vis\u00e3o J\u00fanior Fest realiza-se no Parque dos Poetas | Infocul.pt - Arquivo Digital","description":"Vis\u00e3o J\u00fanior Fest realiza-se no Parque dos Poetas | Infocul.pt - Arquivo Digital","robots":{"index":"noindex","follow":"follow","max-snippet":"max-snippet:-1","max-image-preview":"max-image-preview:large","max-video-preview":"max-video-preview:-1"},"og_locale":"pt_PT","og_type":"article","og_title":"Vis\u00e3o J\u00fanior Fest realiza-se no Parque dos Poetas | Infocul.pt - Arquivo Digital","og_description":"Vis\u00e3o J\u00fanior Fest realiza-se no Parque dos Poetas | Infocul.pt - Arquivo Digital","og_url":"https:\/\/infocul.pt\/arquivo\/cultura\/visao-junior-fest-realiza-se-no-parque-dos-poetas\/","og_site_name":"Infocul.pt - Arquivo Digital","article_publisher":"https:\/\/www.facebook.com\/Infocul-147816815585015\/","article_published_time":"2018-11-21T18:54:53+00:00","og_image":[{"width":530,"height":296,"url":"https:\/\/infocul.pt\/arquivo\/wp-content\/uploads\/2018\/11\/Vis\u00e3o-fest-junior.png","type":"image\/png"}],"author":"Redac\u00e7\u00e3o","twitter_card":"summary_large_image","twitter_creator":"@Infoculpt","twitter_site":"@Infoculpt","twitter_misc":{"Escrito por":"Redac\u00e7\u00e3o","Tempo estimado de leitura":"3 minutos"},"schema":{"@context":"https:\/\/schema.org","@graph":[{"@type":"Article","@id":"https:\/\/infocul.pt\/arquivo\/cultura\/visao-junior-fest-realiza-se-no-parque-dos-poetas\/#article","isPartOf":{"@id":"https:\/\/infocul.pt\/arquivo\/cultura\/visao-junior-fest-realiza-se-no-parque-dos-poetas\/"},"author":{"name":"Redac\u00e7\u00e3o","@id":"https:\/\/infocul.pt\/arquivo\/#\/schema\/person\/f243f45ae8d67639120a7586884f3abc"},"headline":"Vis\u00e3o J\u00fanior Fest realiza-se no Parque dos Poetas","datePublished":"2018-11-21T18:54:53+00:00","mainEntityOfPage":{"@id":"https:\/\/infocul.pt\/arquivo\/cultura\/visao-junior-fest-realiza-se-no-parque-dos-poetas\/"},"wordCount":612,"commentCount":0,"publisher":{"@id":"https:\/\/infocul.pt\/arquivo\/#organization"},"image":{"@id":"https:\/\/infocul.pt\/arquivo\/cultura\/visao-junior-fest-realiza-se-no-parque-dos-poetas\/#primaryimage"},"thumbnailUrl":"https:\/\/infocul.pt\/arquivo\/wp-content\/uploads\/2018\/11\/Vis\u00e3o-fest-junior.png","keywords":["Festival","Oeiras","Parque dos Poetas","Vis\u00e3o","Vis\u00e3o J\u00fanior Fest"],"articleSection":["Cultura","Destaque","Outros"],"inLanguage":"pt-PT"},{"@type":"WebPage","@id":"https:\/\/infocul.pt\/arquivo\/cultura\/visao-junior-fest-realiza-se-no-parque-dos-poetas\/","url":"https:\/\/infocul.pt\/arquivo\/cultura\/visao-junior-fest-realiza-se-no-parque-dos-poetas\/","name":"Vis\u00e3o J\u00fanior Fest realiza-se no Parque dos Poetas | Infocul.pt - Arquivo Digital","isPartOf":{"@id":"https:\/\/infocul.pt\/arquivo\/#website"},"primaryImageOfPage":{"@id":"https:\/\/infocul.pt\/arquivo\/cultura\/visao-junior-fest-realiza-se-no-parque-dos-poetas\/#primaryimage"},"image":{"@id":"https:\/\/infocul.pt\/arquivo\/cultura\/visao-junior-fest-realiza-se-no-parque-dos-poetas\/#primaryimage"},"thumbnailUrl":"https:\/\/infocul.pt\/arquivo\/wp-content\/uploads\/2018\/11\/Vis\u00e3o-fest-junior.png","datePublished":"2018-11-21T18:54:53+00:00","description":"Vis\u00e3o J\u00fanior Fest realiza-se no Parque dos Poetas | Infocul.pt - Arquivo Digital","breadcrumb":{"@id":"https:\/\/infocul.pt\/arquivo\/cultura\/visao-junior-fest-realiza-se-no-parque-dos-poetas\/#breadcrumb"},"inLanguage":"pt-PT","potentialAction":[{"@type":"ReadAction","target":["https:\/\/infocul.pt\/arquivo\/cultura\/visao-junior-fest-realiza-se-no-parque-dos-poetas\/"]}]},{"@type":"ImageObject","inLanguage":"pt-PT","@id":"https:\/\/infocul.pt\/arquivo\/cultura\/visao-junior-fest-realiza-se-no-parque-dos-poetas\/#primaryimage","url":"https:\/\/infocul.pt\/arquivo\/wp-content\/uploads\/2018\/11\/Vis\u00e3o-fest-junior.png","contentUrl":"https:\/\/infocul.pt\/arquivo\/wp-content\/uploads\/2018\/11\/Vis\u00e3o-fest-junior.png","width":530,"height":296},{"@type":"BreadcrumbList","@id":"https:\/\/infocul.pt\/arquivo\/cultura\/visao-junior-fest-realiza-se-no-parque-dos-poetas\/#breadcrumb","itemListElement":[{"@type":"ListItem","position":1,"name":"Home","item":"https:\/\/infocul.pt\/arquivo\/"},{"@type":"ListItem","position":2,"name":"Vis\u00e3o J\u00fanior Fest realiza-se no Parque dos Poetas"}]},{"@type":"WebSite","@id":"https:\/\/infocul.pt\/arquivo\/#website","url":"https:\/\/infocul.pt\/arquivo\/","name":"Infocul.pt - Arquivo Digital","description":"Arquivo digital da Infocul.pt","publisher":{"@id":"https:\/\/infocul.pt\/arquivo\/#organization"},"potentialAction":[{"@type":"SearchAction","target":{"@type":"EntryPoint","urlTemplate":"https:\/\/infocul.pt\/arquivo\/?s={search_term_string}"},"query-input":{"@type":"PropertyValueSpecification","valueRequired":true,"valueName":"search_term_string"}}],"inLanguage":"pt-PT"},{"@type":"Organization","@id":"https:\/\/infocul.pt\/arquivo\/#organization","name":"Infocul.pt","url":"https:\/\/infocul.pt\/arquivo\/","logo":{"@type":"ImageObject","inLanguage":"pt-PT","@id":"https:\/\/infocul.pt\/arquivo\/#\/schema\/logo\/image\/","url":"https:\/\/infocul.pt\/arquivo\/wp-content\/uploads\/2018\/12\/Infocul_logo-1.png","contentUrl":"https:\/\/infocul.pt\/arquivo\/wp-content\/uploads\/2018\/12\/Infocul_logo-1.png","width":800,"height":800,"caption":"Infocul.pt"},"image":{"@id":"https:\/\/infocul.pt\/arquivo\/#\/schema\/logo\/image\/"},"sameAs":["https:\/\/www.facebook.com\/Infocul-147816815585015\/","https:\/\/x.com\/Infoculpt","http:\/\/www.pictaram.com\/user\/infocul.pt\/2370423710","https:\/\/www.youtube.com\/channel\/UCYEB91AGI9FL9ek2i_IaQAA"]},{"@type":"Person","@id":"https:\/\/infocul.pt\/arquivo\/#\/schema\/person\/f243f45ae8d67639120a7586884f3abc","name":"Redac\u00e7\u00e3o","image":{"@type":"ImageObject","inLanguage":"pt-PT","@id":"https:\/\/secure.gravatar.com\/avatar\/151b1b76c598ab5e749407223bd6c1bad4e41c4e95de3c3df83540ebee2deaf8?s=96&d=mm&r=g","url":"https:\/\/secure.gravatar.com\/avatar\/151b1b76c598ab5e749407223bd6c1bad4e41c4e95de3c3df83540ebee2deaf8?s=96&d=mm&r=g","contentUrl":"https:\/\/secure.gravatar.com\/avatar\/151b1b76c598ab5e749407223bd6c1bad4e41c4e95de3c3df83540ebee2deaf8?s=96&d=mm&r=g","caption":"Redac\u00e7\u00e3o"}}]}},"_links":{"self":[{"href":"https:\/\/infocul.pt\/arquivo\/wp-json\/wp\/v2\/posts\/49231","targetHints":{"allow":["GET"]}}],"collection":[{"href":"https:\/\/infocul.pt\/arquivo\/wp-json\/wp\/v2\/posts"}],"about":[{"href":"https:\/\/infocul.pt\/arquivo\/wp-json\/wp\/v2\/types\/post"}],"author":[{"embeddable":true,"href":"https:\/\/infocul.pt\/arquivo\/wp-json\/wp\/v2\/users\/13"}],"replies":[{"embeddable":true,"href":"https:\/\/infocul.pt\/arquivo\/wp-json\/wp\/v2\/comments?post=49231"}],"version-history":[{"count":0,"href":"https:\/\/infocul.pt\/arquivo\/wp-json\/wp\/v2\/posts\/49231\/revisions"}],"wp:featuredmedia":[{"embeddable":true,"href":"https:\/\/infocul.pt\/arquivo\/wp-json\/wp\/v2\/media\/49232"}],"wp:attachment":[{"href":"https:\/\/infocul.pt\/arquivo\/wp-json\/wp\/v2\/media?parent=49231"}],"wp:term":[{"taxonomy":"category","embeddable":true,"href":"https:\/\/infocul.pt\/arquivo\/wp-json\/wp\/v2\/categories?post=49231"},{"taxonomy":"post_tag","embeddable":true,"href":"https:\/\/infocul.pt\/arquivo\/wp-json\/wp\/v2\/tags?post=49231"}],"curies":[{"name":"wp","href":"https:\/\/api.w.org\/{rel}","templated":true}]}}