{"id":49374,"date":"2018-11-24T13:17:50","date_gmt":"2018-11-24T13:17:50","guid":{"rendered":"https:\/\/infocul.pt\/?p=49374"},"modified":"2018-11-24T13:17:50","modified_gmt":"2018-11-24T13:17:50","slug":"presidente-da-protoiro-nega-teor-das-declaracoes-ao-jornal-expresso","status":"publish","type":"post","link":"https:\/\/infocul.pt\/arquivo\/cultura\/presidente-da-protoiro-nega-teor-das-declaracoes-ao-jornal-expresso\/","title":{"rendered":"Presidente da Pr\u00f3toiro nega teor das declara\u00e7\u00f5es ao Jornal Expresso"},"content":{"rendered":"<p><a href=\"https:\/\/infocul.pt\/arquivo\/wp-content\/uploads\/2018\/06\/LOGO-PROTOIRO-Final-hor.jpg\"><img decoding=\"async\" class=\"aligncenter wp-image-43218 size-large lazyload\" data-src=\"https:\/\/infocul.pt\/arquivo\/wp-content\/uploads\/2018\/06\/LOGO-PROTOIRO-Final-hor-1024x630.jpg\" alt=\"\" width=\"806\" height=\"496\" data-srcset=\"https:\/\/infocul.pt\/arquivo\/wp-content\/uploads\/2018\/06\/LOGO-PROTOIRO-Final-hor-1024x630.jpg 1024w, https:\/\/infocul.pt\/arquivo\/wp-content\/uploads\/2018\/06\/LOGO-PROTOIRO-Final-hor-300x185.jpg 300w, https:\/\/infocul.pt\/arquivo\/wp-content\/uploads\/2018\/06\/LOGO-PROTOIRO-Final-hor-768x472.jpg 768w\" data-sizes=\"(max-width: 806px) 100vw, 806px\" src=\"data:image\/svg+xml;base64,PHN2ZyB3aWR0aD0iMSIgaGVpZ2h0PSIxIiB4bWxucz0iaHR0cDovL3d3dy53My5vcmcvMjAwMC9zdmciPjwvc3ZnPg==\" style=\"--smush-placeholder-width: 806px; --smush-placeholder-aspect-ratio: 806\/496;\" \/><\/a><\/p>\n<p>&nbsp;<\/p>\n<p>&nbsp;<\/p>\n<p><span style=\"color: #555555;\"><span style=\"font-family: Calibri, sans-serif;\"><span style=\"font-size: small;\">Na sequ\u00eancia da not\u00edcia veiculada este s\u00e1bado pelo Jornal Expresso, que dava conta da proposta do PS em colocar velcros nos touros de lide para terminar com o sangue nas corridas de touro, a Pr\u00f3toiro, acaba de lan\u00e7ar um comunicado negado que esta Federa\u00e7\u00e3o tenha assumido que esta medida podia ser uma solu\u00e7\u00e3o.<\/span><\/span><\/span><!--more--><\/p>\n<p>&nbsp;<\/p>\n<p>&nbsp;<\/p>\n<p><span style=\"color: #555555;\"><span style=\"font-family: Calibri, sans-serif;\"><span style=\"font-size: small;\">Um comunicado que passamos a transcrever na \u00edntegra:<\/span><\/span><\/span><\/p>\n<p>&nbsp;<\/p>\n<p>&nbsp;<\/p>\n<p><span style=\"color: #555555;\">\u201c<strong><span style=\"font-family: Calibri, sans-serif;\"><span style=\"font-size: small;\">\u00c9 com perplexidade e indigna\u00e7\u00e3o que o presidente da Pr\u00f3Toiro \u2013 Federa\u00e7\u00e3o Portuguesa de Tauromaquia reage \u00e0 not\u00edcia da edi\u00e7\u00e3o de hoje do seman\u00e1rio Expresso, segundo a qual teria admitido que os toiros poderiam no futuro passar a ser cravados com ferros no velcro.<\/span><\/span><\/strong><\/span><\/p>\n<p><strong><span style=\"color: #555555;\"><span style=\"font-family: Calibri, sans-serif;\"><span style=\"font-size: small;\">Como \u00e9 f\u00e1cil de perceber, na qualidade de reconhecido agente taurino, antigo forcado e empres\u00e1rio, Paulo Pessoa de Carvalho jamais poderia ter proferido tais declara\u00e7\u00f5es por n\u00e3o ser essa a sua convic\u00e7\u00e3o nem ser esse um horizonte que alguma vez tenha considerado plaus\u00edvel ou admiss\u00edvel.<\/span><\/span><\/span><\/strong><\/p>\n<p><strong><span style=\"color: #555555;\"><span style=\"font-family: Calibri, sans-serif;\"><span style=\"font-size: small;\">As declara\u00e7\u00f5es de Paulo Pessoa de Carvalho foram taxativas e inequ\u00edvocas quanto \u00e0 inevitabilidade, em Portugal, da continua\u00e7\u00e3o da corrida de toiros no habitual figurino, tendo mesmo assumido ser totalmente contra tal solu\u00e7\u00e3o.<\/span><\/span><\/span><\/strong><\/p>\n<p><span style=\"color: #555555;\"><span style=\"font-family: Calibri, sans-serif;\"><span style=\"font-size: small;\"><strong>J\u00e1 sobre a utiliza\u00e7\u00e3o dos referidos ferros no velcro no Canad\u00e1 ou nos Estados Unidos &#8211; tema que provavelmente gerou o equ\u00edvoco no esp\u00edrito do jornalista &#8211; Pessoa de Carvalho reconheceu tratar-se de uma pr\u00e1tica admiss\u00edvel face \u00e0s evidentes e \u00f3bvias diferen\u00e7as vigentes no quadro legal e tradicional daqueles pa\u00edses.<\/strong>\u201d<\/span><\/span><\/span><\/p>\n","protected":false},"excerpt":{"rendered":"<p>&nbsp; &nbsp; Na sequ\u00eancia da not\u00edcia veiculada este s\u00e1bado pelo Jornal Expresso, que dava conta da proposta do PS em colocar velcros nos touros de lide para terminar com o sangue nas corridas de touro, a Pr\u00f3toiro, acaba de lan\u00e7ar um comunicado negado que esta Federa\u00e7\u00e3o tenha assumido que esta medida podia ser uma solu\u00e7\u00e3o.<\/p>\n","protected":false},"author":13,"featured_media":43218,"comment_status":"open","ping_status":"closed","sticky":false,"template":"","format":"standard","meta":{"footnotes":""},"categories":[2,36,7],"tags":[1485,4076],"class_list":["post-49374","post","type-post","status-publish","format-standard","has-post-thumbnail","hentry","category-cultura","category-destaque","category-tauromaquia","tag-expresso","tag-protoiro"],"yoast_head":"<!-- This site is optimized with the Yoast SEO plugin v27.4 - https:\/\/yoast.com\/product\/yoast-seo-wordpress\/ -->\n<title>Presidente da Pr\u00f3toiro nega teor das declara\u00e7\u00f5es ao Jornal Expresso | Infocul.pt - Arquivo Digital<\/title>\n<meta name=\"description\" content=\"Presidente da Pr\u00f3toiro nega teor das declara\u00e7\u00f5es ao Jornal Expresso | Infocul.pt - Arquivo Digital\" \/>\n<meta name=\"robots\" content=\"noindex, follow, max-snippet:-1, max-image-preview:large, max-video-preview:-1\" \/>\n<meta property=\"og:locale\" content=\"pt_PT\" \/>\n<meta property=\"og:type\" content=\"article\" \/>\n<meta property=\"og:title\" content=\"Presidente da Pr\u00f3toiro nega teor das declara\u00e7\u00f5es ao Jornal Expresso | Infocul.pt - Arquivo Digital\" \/>\n<meta property=\"og:description\" content=\"Presidente da Pr\u00f3toiro nega teor das declara\u00e7\u00f5es ao Jornal Expresso | Infocul.pt - Arquivo Digital\" \/>\n<meta property=\"og:url\" content=\"https:\/\/infocul.pt\/arquivo\/cultura\/presidente-da-protoiro-nega-teor-das-declaracoes-ao-jornal-expresso\/\" \/>\n<meta property=\"og:site_name\" content=\"Infocul.pt - Arquivo Digital\" \/>\n<meta property=\"article:publisher\" content=\"https:\/\/www.facebook.com\/Infocul-147816815585015\/\" \/>\n<meta property=\"article:published_time\" content=\"2018-11-24T13:17:50+00:00\" \/>\n<meta property=\"og:image\" content=\"https:\/\/infocul.pt\/arquivo\/wp-content\/uploads\/2018\/06\/LOGO-PROTOIRO-Final-hor.jpg\" \/>\n\t<meta property=\"og:image:width\" content=\"2560\" \/>\n\t<meta property=\"og:image:height\" content=\"1575\" \/>\n\t<meta property=\"og:image:type\" content=\"image\/jpeg\" \/>\n<meta name=\"author\" content=\"Redac\u00e7\u00e3o\" \/>\n<meta name=\"twitter:card\" content=\"summary_large_image\" \/>\n<meta name=\"twitter:creator\" content=\"@Infoculpt\" \/>\n<meta name=\"twitter:site\" content=\"@Infoculpt\" \/>\n<meta name=\"twitter:label1\" content=\"Escrito por\" \/>\n\t<meta name=\"twitter:data1\" content=\"Redac\u00e7\u00e3o\" \/>\n\t<meta name=\"twitter:label2\" content=\"Tempo estimado de leitura\" \/>\n\t<meta name=\"twitter:data2\" content=\"1 minuto\" \/>\n<script type=\"application\/ld+json\" class=\"yoast-schema-graph\">{\"@context\":\"https:\\\/\\\/schema.org\",\"@graph\":[{\"@type\":\"Article\",\"@id\":\"https:\\\/\\\/infocul.pt\\\/arquivo\\\/cultura\\\/presidente-da-protoiro-nega-teor-das-declaracoes-ao-jornal-expresso\\\/#article\",\"isPartOf\":{\"@id\":\"https:\\\/\\\/infocul.pt\\\/arquivo\\\/cultura\\\/presidente-da-protoiro-nega-teor-das-declaracoes-ao-jornal-expresso\\\/\"},\"author\":{\"name\":\"Redac\u00e7\u00e3o\",\"@id\":\"https:\\\/\\\/infocul.pt\\\/arquivo\\\/#\\\/schema\\\/person\\\/f243f45ae8d67639120a7586884f3abc\"},\"headline\":\"Presidente da Pr\u00f3toiro nega teor das declara\u00e7\u00f5es ao Jornal Expresso\",\"datePublished\":\"2018-11-24T13:17:50+00:00\",\"mainEntityOfPage\":{\"@id\":\"https:\\\/\\\/infocul.pt\\\/arquivo\\\/cultura\\\/presidente-da-protoiro-nega-teor-das-declaracoes-ao-jornal-expresso\\\/\"},\"wordCount\":277,\"commentCount\":0,\"publisher\":{\"@id\":\"https:\\\/\\\/infocul.pt\\\/arquivo\\\/#organization\"},\"image\":{\"@id\":\"https:\\\/\\\/infocul.pt\\\/arquivo\\\/cultura\\\/presidente-da-protoiro-nega-teor-das-declaracoes-ao-jornal-expresso\\\/#primaryimage\"},\"thumbnailUrl\":\"https:\\\/\\\/infocul.pt\\\/arquivo\\\/wp-content\\\/uploads\\\/2018\\\/06\\\/LOGO-PROTOIRO-Final-hor.jpg\",\"keywords\":[\"Expresso\",\"Pr\u00f3toiro\"],\"articleSection\":[\"Cultura\",\"Destaque\",\"Tauromaquia\"],\"inLanguage\":\"pt-PT\"},{\"@type\":\"WebPage\",\"@id\":\"https:\\\/\\\/infocul.pt\\\/arquivo\\\/cultura\\\/presidente-da-protoiro-nega-teor-das-declaracoes-ao-jornal-expresso\\\/\",\"url\":\"https:\\\/\\\/infocul.pt\\\/arquivo\\\/cultura\\\/presidente-da-protoiro-nega-teor-das-declaracoes-ao-jornal-expresso\\\/\",\"name\":\"Presidente da Pr\u00f3toiro nega teor das declara\u00e7\u00f5es ao Jornal Expresso | Infocul.pt - Arquivo Digital\",\"isPartOf\":{\"@id\":\"https:\\\/\\\/infocul.pt\\\/arquivo\\\/#website\"},\"primaryImageOfPage\":{\"@id\":\"https:\\\/\\\/infocul.pt\\\/arquivo\\\/cultura\\\/presidente-da-protoiro-nega-teor-das-declaracoes-ao-jornal-expresso\\\/#primaryimage\"},\"image\":{\"@id\":\"https:\\\/\\\/infocul.pt\\\/arquivo\\\/cultura\\\/presidente-da-protoiro-nega-teor-das-declaracoes-ao-jornal-expresso\\\/#primaryimage\"},\"thumbnailUrl\":\"https:\\\/\\\/infocul.pt\\\/arquivo\\\/wp-content\\\/uploads\\\/2018\\\/06\\\/LOGO-PROTOIRO-Final-hor.jpg\",\"datePublished\":\"2018-11-24T13:17:50+00:00\",\"description\":\"Presidente da Pr\u00f3toiro nega teor das declara\u00e7\u00f5es ao Jornal Expresso | Infocul.pt - Arquivo Digital\",\"breadcrumb\":{\"@id\":\"https:\\\/\\\/infocul.pt\\\/arquivo\\\/cultura\\\/presidente-da-protoiro-nega-teor-das-declaracoes-ao-jornal-expresso\\\/#breadcrumb\"},\"inLanguage\":\"pt-PT\",\"potentialAction\":[{\"@type\":\"ReadAction\",\"target\":[\"https:\\\/\\\/infocul.pt\\\/arquivo\\\/cultura\\\/presidente-da-protoiro-nega-teor-das-declaracoes-ao-jornal-expresso\\\/\"]}]},{\"@type\":\"ImageObject\",\"inLanguage\":\"pt-PT\",\"@id\":\"https:\\\/\\\/infocul.pt\\\/arquivo\\\/cultura\\\/presidente-da-protoiro-nega-teor-das-declaracoes-ao-jornal-expresso\\\/#primaryimage\",\"url\":\"https:\\\/\\\/infocul.pt\\\/arquivo\\\/wp-content\\\/uploads\\\/2018\\\/06\\\/LOGO-PROTOIRO-Final-hor.jpg\",\"contentUrl\":\"https:\\\/\\\/infocul.pt\\\/arquivo\\\/wp-content\\\/uploads\\\/2018\\\/06\\\/LOGO-PROTOIRO-Final-hor.jpg\",\"width\":2560,\"height\":1575},{\"@type\":\"BreadcrumbList\",\"@id\":\"https:\\\/\\\/infocul.pt\\\/arquivo\\\/cultura\\\/presidente-da-protoiro-nega-teor-das-declaracoes-ao-jornal-expresso\\\/#breadcrumb\",\"itemListElement\":[{\"@type\":\"ListItem\",\"position\":1,\"name\":\"Home\",\"item\":\"https:\\\/\\\/infocul.pt\\\/arquivo\\\/\"},{\"@type\":\"ListItem\",\"position\":2,\"name\":\"Presidente da Pr\u00f3toiro nega teor das declara\u00e7\u00f5es ao Jornal Expresso\"}]},{\"@type\":\"WebSite\",\"@id\":\"https:\\\/\\\/infocul.pt\\\/arquivo\\\/#website\",\"url\":\"https:\\\/\\\/infocul.pt\\\/arquivo\\\/\",\"name\":\"Infocul.pt - Arquivo Digital\",\"description\":\"Arquivo digital da Infocul.pt\",\"publisher\":{\"@id\":\"https:\\\/\\\/infocul.pt\\\/arquivo\\\/#organization\"},\"potentialAction\":[{\"@type\":\"SearchAction\",\"target\":{\"@type\":\"EntryPoint\",\"urlTemplate\":\"https:\\\/\\\/infocul.pt\\\/arquivo\\\/?s={search_term_string}\"},\"query-input\":{\"@type\":\"PropertyValueSpecification\",\"valueRequired\":true,\"valueName\":\"search_term_string\"}}],\"inLanguage\":\"pt-PT\"},{\"@type\":\"Organization\",\"@id\":\"https:\\\/\\\/infocul.pt\\\/arquivo\\\/#organization\",\"name\":\"Infocul.pt\",\"url\":\"https:\\\/\\\/infocul.pt\\\/arquivo\\\/\",\"logo\":{\"@type\":\"ImageObject\",\"inLanguage\":\"pt-PT\",\"@id\":\"https:\\\/\\\/infocul.pt\\\/arquivo\\\/#\\\/schema\\\/logo\\\/image\\\/\",\"url\":\"https:\\\/\\\/infocul.pt\\\/arquivo\\\/wp-content\\\/uploads\\\/2018\\\/12\\\/Infocul_logo-1.png\",\"contentUrl\":\"https:\\\/\\\/infocul.pt\\\/arquivo\\\/wp-content\\\/uploads\\\/2018\\\/12\\\/Infocul_logo-1.png\",\"width\":800,\"height\":800,\"caption\":\"Infocul.pt\"},\"image\":{\"@id\":\"https:\\\/\\\/infocul.pt\\\/arquivo\\\/#\\\/schema\\\/logo\\\/image\\\/\"},\"sameAs\":[\"https:\\\/\\\/www.facebook.com\\\/Infocul-147816815585015\\\/\",\"https:\\\/\\\/x.com\\\/Infoculpt\",\"http:\\\/\\\/www.pictaram.com\\\/user\\\/infocul.pt\\\/2370423710\",\"https:\\\/\\\/www.youtube.com\\\/channel\\\/UCYEB91AGI9FL9ek2i_IaQAA\"]},{\"@type\":\"Person\",\"@id\":\"https:\\\/\\\/infocul.pt\\\/arquivo\\\/#\\\/schema\\\/person\\\/f243f45ae8d67639120a7586884f3abc\",\"name\":\"Redac\u00e7\u00e3o\",\"image\":{\"@type\":\"ImageObject\",\"inLanguage\":\"pt-PT\",\"@id\":\"https:\\\/\\\/secure.gravatar.com\\\/avatar\\\/151b1b76c598ab5e749407223bd6c1bad4e41c4e95de3c3df83540ebee2deaf8?s=96&d=mm&r=g\",\"url\":\"https:\\\/\\\/secure.gravatar.com\\\/avatar\\\/151b1b76c598ab5e749407223bd6c1bad4e41c4e95de3c3df83540ebee2deaf8?s=96&d=mm&r=g\",\"contentUrl\":\"https:\\\/\\\/secure.gravatar.com\\\/avatar\\\/151b1b76c598ab5e749407223bd6c1bad4e41c4e95de3c3df83540ebee2deaf8?s=96&d=mm&r=g\",\"caption\":\"Redac\u00e7\u00e3o\"}}]}<\/script>\n<!-- \/ Yoast SEO plugin. -->","yoast_head_json":{"title":"Presidente da Pr\u00f3toiro nega teor das declara\u00e7\u00f5es ao Jornal Expresso | Infocul.pt - Arquivo Digital","description":"Presidente da Pr\u00f3toiro nega teor das declara\u00e7\u00f5es ao Jornal Expresso | Infocul.pt - Arquivo Digital","robots":{"index":"noindex","follow":"follow","max-snippet":"max-snippet:-1","max-image-preview":"max-image-preview:large","max-video-preview":"max-video-preview:-1"},"og_locale":"pt_PT","og_type":"article","og_title":"Presidente da Pr\u00f3toiro nega teor das declara\u00e7\u00f5es ao Jornal Expresso | Infocul.pt - Arquivo Digital","og_description":"Presidente da Pr\u00f3toiro nega teor das declara\u00e7\u00f5es ao Jornal Expresso | Infocul.pt - Arquivo Digital","og_url":"https:\/\/infocul.pt\/arquivo\/cultura\/presidente-da-protoiro-nega-teor-das-declaracoes-ao-jornal-expresso\/","og_site_name":"Infocul.pt - Arquivo Digital","article_publisher":"https:\/\/www.facebook.com\/Infocul-147816815585015\/","article_published_time":"2018-11-24T13:17:50+00:00","og_image":[{"width":2560,"height":1575,"url":"https:\/\/infocul.pt\/arquivo\/wp-content\/uploads\/2018\/06\/LOGO-PROTOIRO-Final-hor.jpg","type":"image\/jpeg"}],"author":"Redac\u00e7\u00e3o","twitter_card":"summary_large_image","twitter_creator":"@Infoculpt","twitter_site":"@Infoculpt","twitter_misc":{"Escrito por":"Redac\u00e7\u00e3o","Tempo estimado de leitura":"1 minuto"},"schema":{"@context":"https:\/\/schema.org","@graph":[{"@type":"Article","@id":"https:\/\/infocul.pt\/arquivo\/cultura\/presidente-da-protoiro-nega-teor-das-declaracoes-ao-jornal-expresso\/#article","isPartOf":{"@id":"https:\/\/infocul.pt\/arquivo\/cultura\/presidente-da-protoiro-nega-teor-das-declaracoes-ao-jornal-expresso\/"},"author":{"name":"Redac\u00e7\u00e3o","@id":"https:\/\/infocul.pt\/arquivo\/#\/schema\/person\/f243f45ae8d67639120a7586884f3abc"},"headline":"Presidente da Pr\u00f3toiro nega teor das declara\u00e7\u00f5es ao Jornal Expresso","datePublished":"2018-11-24T13:17:50+00:00","mainEntityOfPage":{"@id":"https:\/\/infocul.pt\/arquivo\/cultura\/presidente-da-protoiro-nega-teor-das-declaracoes-ao-jornal-expresso\/"},"wordCount":277,"commentCount":0,"publisher":{"@id":"https:\/\/infocul.pt\/arquivo\/#organization"},"image":{"@id":"https:\/\/infocul.pt\/arquivo\/cultura\/presidente-da-protoiro-nega-teor-das-declaracoes-ao-jornal-expresso\/#primaryimage"},"thumbnailUrl":"https:\/\/infocul.pt\/arquivo\/wp-content\/uploads\/2018\/06\/LOGO-PROTOIRO-Final-hor.jpg","keywords":["Expresso","Pr\u00f3toiro"],"articleSection":["Cultura","Destaque","Tauromaquia"],"inLanguage":"pt-PT"},{"@type":"WebPage","@id":"https:\/\/infocul.pt\/arquivo\/cultura\/presidente-da-protoiro-nega-teor-das-declaracoes-ao-jornal-expresso\/","url":"https:\/\/infocul.pt\/arquivo\/cultura\/presidente-da-protoiro-nega-teor-das-declaracoes-ao-jornal-expresso\/","name":"Presidente da Pr\u00f3toiro nega teor das declara\u00e7\u00f5es ao Jornal Expresso | Infocul.pt - Arquivo Digital","isPartOf":{"@id":"https:\/\/infocul.pt\/arquivo\/#website"},"primaryImageOfPage":{"@id":"https:\/\/infocul.pt\/arquivo\/cultura\/presidente-da-protoiro-nega-teor-das-declaracoes-ao-jornal-expresso\/#primaryimage"},"image":{"@id":"https:\/\/infocul.pt\/arquivo\/cultura\/presidente-da-protoiro-nega-teor-das-declaracoes-ao-jornal-expresso\/#primaryimage"},"thumbnailUrl":"https:\/\/infocul.pt\/arquivo\/wp-content\/uploads\/2018\/06\/LOGO-PROTOIRO-Final-hor.jpg","datePublished":"2018-11-24T13:17:50+00:00","description":"Presidente da Pr\u00f3toiro nega teor das declara\u00e7\u00f5es ao Jornal Expresso | Infocul.pt - Arquivo Digital","breadcrumb":{"@id":"https:\/\/infocul.pt\/arquivo\/cultura\/presidente-da-protoiro-nega-teor-das-declaracoes-ao-jornal-expresso\/#breadcrumb"},"inLanguage":"pt-PT","potentialAction":[{"@type":"ReadAction","target":["https:\/\/infocul.pt\/arquivo\/cultura\/presidente-da-protoiro-nega-teor-das-declaracoes-ao-jornal-expresso\/"]}]},{"@type":"ImageObject","inLanguage":"pt-PT","@id":"https:\/\/infocul.pt\/arquivo\/cultura\/presidente-da-protoiro-nega-teor-das-declaracoes-ao-jornal-expresso\/#primaryimage","url":"https:\/\/infocul.pt\/arquivo\/wp-content\/uploads\/2018\/06\/LOGO-PROTOIRO-Final-hor.jpg","contentUrl":"https:\/\/infocul.pt\/arquivo\/wp-content\/uploads\/2018\/06\/LOGO-PROTOIRO-Final-hor.jpg","width":2560,"height":1575},{"@type":"BreadcrumbList","@id":"https:\/\/infocul.pt\/arquivo\/cultura\/presidente-da-protoiro-nega-teor-das-declaracoes-ao-jornal-expresso\/#breadcrumb","itemListElement":[{"@type":"ListItem","position":1,"name":"Home","item":"https:\/\/infocul.pt\/arquivo\/"},{"@type":"ListItem","position":2,"name":"Presidente da Pr\u00f3toiro nega teor das declara\u00e7\u00f5es ao Jornal Expresso"}]},{"@type":"WebSite","@id":"https:\/\/infocul.pt\/arquivo\/#website","url":"https:\/\/infocul.pt\/arquivo\/","name":"Infocul.pt - Arquivo Digital","description":"Arquivo digital da Infocul.pt","publisher":{"@id":"https:\/\/infocul.pt\/arquivo\/#organization"},"potentialAction":[{"@type":"SearchAction","target":{"@type":"EntryPoint","urlTemplate":"https:\/\/infocul.pt\/arquivo\/?s={search_term_string}"},"query-input":{"@type":"PropertyValueSpecification","valueRequired":true,"valueName":"search_term_string"}}],"inLanguage":"pt-PT"},{"@type":"Organization","@id":"https:\/\/infocul.pt\/arquivo\/#organization","name":"Infocul.pt","url":"https:\/\/infocul.pt\/arquivo\/","logo":{"@type":"ImageObject","inLanguage":"pt-PT","@id":"https:\/\/infocul.pt\/arquivo\/#\/schema\/logo\/image\/","url":"https:\/\/infocul.pt\/arquivo\/wp-content\/uploads\/2018\/12\/Infocul_logo-1.png","contentUrl":"https:\/\/infocul.pt\/arquivo\/wp-content\/uploads\/2018\/12\/Infocul_logo-1.png","width":800,"height":800,"caption":"Infocul.pt"},"image":{"@id":"https:\/\/infocul.pt\/arquivo\/#\/schema\/logo\/image\/"},"sameAs":["https:\/\/www.facebook.com\/Infocul-147816815585015\/","https:\/\/x.com\/Infoculpt","http:\/\/www.pictaram.com\/user\/infocul.pt\/2370423710","https:\/\/www.youtube.com\/channel\/UCYEB91AGI9FL9ek2i_IaQAA"]},{"@type":"Person","@id":"https:\/\/infocul.pt\/arquivo\/#\/schema\/person\/f243f45ae8d67639120a7586884f3abc","name":"Redac\u00e7\u00e3o","image":{"@type":"ImageObject","inLanguage":"pt-PT","@id":"https:\/\/secure.gravatar.com\/avatar\/151b1b76c598ab5e749407223bd6c1bad4e41c4e95de3c3df83540ebee2deaf8?s=96&d=mm&r=g","url":"https:\/\/secure.gravatar.com\/avatar\/151b1b76c598ab5e749407223bd6c1bad4e41c4e95de3c3df83540ebee2deaf8?s=96&d=mm&r=g","contentUrl":"https:\/\/secure.gravatar.com\/avatar\/151b1b76c598ab5e749407223bd6c1bad4e41c4e95de3c3df83540ebee2deaf8?s=96&d=mm&r=g","caption":"Redac\u00e7\u00e3o"}}]}},"_links":{"self":[{"href":"https:\/\/infocul.pt\/arquivo\/wp-json\/wp\/v2\/posts\/49374","targetHints":{"allow":["GET"]}}],"collection":[{"href":"https:\/\/infocul.pt\/arquivo\/wp-json\/wp\/v2\/posts"}],"about":[{"href":"https:\/\/infocul.pt\/arquivo\/wp-json\/wp\/v2\/types\/post"}],"author":[{"embeddable":true,"href":"https:\/\/infocul.pt\/arquivo\/wp-json\/wp\/v2\/users\/13"}],"replies":[{"embeddable":true,"href":"https:\/\/infocul.pt\/arquivo\/wp-json\/wp\/v2\/comments?post=49374"}],"version-history":[{"count":0,"href":"https:\/\/infocul.pt\/arquivo\/wp-json\/wp\/v2\/posts\/49374\/revisions"}],"wp:featuredmedia":[{"embeddable":true,"href":"https:\/\/infocul.pt\/arquivo\/wp-json\/wp\/v2\/media\/43218"}],"wp:attachment":[{"href":"https:\/\/infocul.pt\/arquivo\/wp-json\/wp\/v2\/media?parent=49374"}],"wp:term":[{"taxonomy":"category","embeddable":true,"href":"https:\/\/infocul.pt\/arquivo\/wp-json\/wp\/v2\/categories?post=49374"},{"taxonomy":"post_tag","embeddable":true,"href":"https:\/\/infocul.pt\/arquivo\/wp-json\/wp\/v2\/tags?post=49374"}],"curies":[{"name":"wp","href":"https:\/\/api.w.org\/{rel}","templated":true}]}}