{"id":49376,"date":"2018-11-24T14:04:58","date_gmt":"2018-11-24T14:04:58","guid":{"rendered":"https:\/\/infocul.pt\/?p=49376"},"modified":"2018-11-24T14:12:00","modified_gmt":"2018-11-24T14:12:00","slug":"jornalista-rui-gustavo-esclarece-noticia-sobre-corridas-de-touros-com-velcro-e-sem-sangue","status":"publish","type":"post","link":"https:\/\/infocul.pt\/arquivo\/actualidade\/jornalista-rui-gustavo-esclarece-noticia-sobre-corridas-de-touros-com-velcro-e-sem-sangue\/","title":{"rendered":"Jornalista Rui Gustavo esclarece not\u00edcia sobre Corridas de Touros com velcro e sem sangue"},"content":{"rendered":"<p><a href=\"https:\/\/infocul.pt\/arquivo\/wp-content\/uploads\/2018\/11\/rui-gustavo1.png\"><img decoding=\"async\" class=\"aligncenter wp-image-49377 size-full lazyload\" data-src=\"https:\/\/infocul.pt\/arquivo\/wp-content\/uploads\/2018\/11\/rui-gustavo1.png\" alt=\"\" width=\"478\" height=\"539\" data-srcset=\"https:\/\/infocul.pt\/arquivo\/wp-content\/uploads\/2018\/11\/rui-gustavo1.png 478w, https:\/\/infocul.pt\/arquivo\/wp-content\/uploads\/2018\/11\/rui-gustavo1-266x300.png 266w\" data-sizes=\"(max-width: 478px) 100vw, 478px\" src=\"data:image\/svg+xml;base64,PHN2ZyB3aWR0aD0iMSIgaGVpZ2h0PSIxIiB4bWxucz0iaHR0cDovL3d3dy53My5vcmcvMjAwMC9zdmciPjwvc3ZnPg==\" style=\"--smush-placeholder-width: 478px; --smush-placeholder-aspect-ratio: 478\/539;\" \/><\/a><\/p>\n<p>&nbsp;<\/p>\n<p>&nbsp;<\/p>\n<p>&nbsp;<\/p>\n<p><span style=\"font-family: Calibri, sans-serif;\"><span style=\"font-size: small;\"><span style=\"color: #000000;\">O <a href=\"https:\/\/expresso.sapo.pt\/sociedade\/2018-11-23-Socialistas-propoem-touradas-sem-sangue-e-com-velcro-1\" target=\"_blank\" rel=\"noopener\">Expresso not\u00edcia<\/a>, hoje, uma proposta, sobre as corrida de touros, de alguns deputados do Partido Socialista (PS) e na qual est\u00e3o declara\u00e7\u00f5es atribu\u00eddas a Paulo Pessoa de Carvalho, presidente da Pr\u00f3Toiro.<\/span><\/span><\/span><!--more--><\/p>\n<p>&nbsp;<\/p>\n<p><span style=\"font-family: Calibri, sans-serif;\"><span style=\"font-size: small;\"><span style=\"color: #000000;\">A <a href=\"https:\/\/toureio.pt\/inicio\/index.php\/noticiask2\/item\/1583-p-pessoa-de-carvalho-jamais-poderia-ter-proferido-tais-declaracoes-por-nao-ser-essa-a-sua-conviccao-diz-protoiro-sobre-a-noticia-do-expresso.html\" target=\"_blank\" rel=\"noopener\">P\u00f3Toiro<\/a> emitiu hoje um comunicado a desmentir o teor das declara\u00e7\u00f5es. Perante este facto, o Infocul contactou o jornalista Rui Gustavo.<\/span><\/span><\/span><\/p>\n<p>&nbsp;<\/p>\n<p><span style=\"font-family: Calibri, sans-serif;\"><span style=\"font-size: small;\"><span style=\"color: #000000;\">O jornalista, em resposta ao Infocul, revela que \u201c<em><strong>mantenho exatamente o que est\u00e1 escrito. N\u00e3o houve qualquer equ\u00edvoco<\/strong><\/em>\u201d.<\/span><\/span><\/span><\/p>\n<p>&nbsp;<\/p>\n<p>&nbsp;<\/p>\n<p>Fotografia: D.R<\/p>\n<p>&nbsp;<\/p>\n","protected":false},"excerpt":{"rendered":"<p>&nbsp; &nbsp; &nbsp; O Expresso not\u00edcia, hoje, uma proposta, sobre as corrida de touros, de alguns deputados do Partido Socialista (PS) e na qual est\u00e3o declara\u00e7\u00f5es atribu\u00eddas a Paulo Pessoa de Carvalho, presidente da Pr\u00f3Toiro.<\/p>\n","protected":false},"author":13,"featured_media":49377,"comment_status":"open","ping_status":"closed","sticky":false,"template":"","format":"standard","meta":{"footnotes":""},"categories":[10,2,36,11,7],"tags":[1485,4076,5597],"class_list":["post-49376","post","type-post","status-publish","format-standard","has-post-thumbnail","hentry","category-actualidade","category-cultura","category-destaque","category-pais","category-tauromaquia","tag-expresso","tag-protoiro","tag-rui-gustavo"],"yoast_head":"<!-- This site is optimized with the Yoast SEO plugin v27.4 - https:\/\/yoast.com\/product\/yoast-seo-wordpress\/ -->\n<title>Jornalista Rui Gustavo esclarece not\u00edcia sobre Corridas de Touros com velcro e sem sangue | Infocul.pt - Arquivo Digital<\/title>\n<meta name=\"description\" content=\"Jornalista Rui Gustavo esclarece not\u00edcia sobre Corridas de Touros com velcro e sem sangue | Infocul.pt - Arquivo Digital\" \/>\n<meta name=\"robots\" content=\"noindex, follow, max-snippet:-1, max-image-preview:large, max-video-preview:-1\" \/>\n<meta property=\"og:locale\" content=\"pt_PT\" \/>\n<meta property=\"og:type\" content=\"article\" \/>\n<meta property=\"og:title\" content=\"Jornalista Rui Gustavo esclarece not\u00edcia sobre Corridas de Touros com velcro e sem sangue | Infocul.pt - Arquivo Digital\" \/>\n<meta property=\"og:description\" content=\"Jornalista Rui Gustavo esclarece not\u00edcia sobre Corridas de Touros com velcro e sem sangue | Infocul.pt - Arquivo Digital\" \/>\n<meta property=\"og:url\" content=\"https:\/\/infocul.pt\/arquivo\/actualidade\/jornalista-rui-gustavo-esclarece-noticia-sobre-corridas-de-touros-com-velcro-e-sem-sangue\/\" \/>\n<meta property=\"og:site_name\" content=\"Infocul.pt - Arquivo Digital\" \/>\n<meta property=\"article:publisher\" content=\"https:\/\/www.facebook.com\/Infocul-147816815585015\/\" \/>\n<meta property=\"article:published_time\" content=\"2018-11-24T14:04:58+00:00\" \/>\n<meta property=\"article:modified_time\" content=\"2018-11-24T14:12:00+00:00\" \/>\n<meta property=\"og:image\" content=\"https:\/\/infocul.pt\/arquivo\/wp-content\/uploads\/2018\/11\/rui-gustavo1.png\" \/>\n\t<meta property=\"og:image:width\" content=\"478\" \/>\n\t<meta property=\"og:image:height\" content=\"539\" \/>\n\t<meta property=\"og:image:type\" content=\"image\/png\" \/>\n<meta name=\"author\" content=\"Redac\u00e7\u00e3o\" \/>\n<meta name=\"twitter:card\" content=\"summary_large_image\" \/>\n<meta name=\"twitter:creator\" content=\"@Infoculpt\" \/>\n<meta name=\"twitter:site\" content=\"@Infoculpt\" \/>\n<meta name=\"twitter:label1\" content=\"Escrito por\" \/>\n\t<meta name=\"twitter:data1\" content=\"Redac\u00e7\u00e3o\" \/>\n<script type=\"application\/ld+json\" class=\"yoast-schema-graph\">{\"@context\":\"https:\\\/\\\/schema.org\",\"@graph\":[{\"@type\":\"Article\",\"@id\":\"https:\\\/\\\/infocul.pt\\\/arquivo\\\/actualidade\\\/jornalista-rui-gustavo-esclarece-noticia-sobre-corridas-de-touros-com-velcro-e-sem-sangue\\\/#article\",\"isPartOf\":{\"@id\":\"https:\\\/\\\/infocul.pt\\\/arquivo\\\/actualidade\\\/jornalista-rui-gustavo-esclarece-noticia-sobre-corridas-de-touros-com-velcro-e-sem-sangue\\\/\"},\"author\":{\"name\":\"Redac\u00e7\u00e3o\",\"@id\":\"https:\\\/\\\/infocul.pt\\\/arquivo\\\/#\\\/schema\\\/person\\\/f243f45ae8d67639120a7586884f3abc\"},\"headline\":\"Jornalista Rui Gustavo esclarece not\u00edcia sobre Corridas de Touros com velcro e sem sangue\",\"datePublished\":\"2018-11-24T14:04:58+00:00\",\"dateModified\":\"2018-11-24T14:12:00+00:00\",\"mainEntityOfPage\":{\"@id\":\"https:\\\/\\\/infocul.pt\\\/arquivo\\\/actualidade\\\/jornalista-rui-gustavo-esclarece-noticia-sobre-corridas-de-touros-com-velcro-e-sem-sangue\\\/\"},\"wordCount\":107,\"commentCount\":0,\"publisher\":{\"@id\":\"https:\\\/\\\/infocul.pt\\\/arquivo\\\/#organization\"},\"image\":{\"@id\":\"https:\\\/\\\/infocul.pt\\\/arquivo\\\/actualidade\\\/jornalista-rui-gustavo-esclarece-noticia-sobre-corridas-de-touros-com-velcro-e-sem-sangue\\\/#primaryimage\"},\"thumbnailUrl\":\"https:\\\/\\\/infocul.pt\\\/arquivo\\\/wp-content\\\/uploads\\\/2018\\\/11\\\/rui-gustavo1.png\",\"keywords\":[\"Expresso\",\"Pr\u00f3toiro\",\"Rui Gustavo\"],\"articleSection\":[\"Actualidade\",\"Cultura\",\"Destaque\",\"Pa\u00eds\",\"Tauromaquia\"],\"inLanguage\":\"pt-PT\"},{\"@type\":\"WebPage\",\"@id\":\"https:\\\/\\\/infocul.pt\\\/arquivo\\\/actualidade\\\/jornalista-rui-gustavo-esclarece-noticia-sobre-corridas-de-touros-com-velcro-e-sem-sangue\\\/\",\"url\":\"https:\\\/\\\/infocul.pt\\\/arquivo\\\/actualidade\\\/jornalista-rui-gustavo-esclarece-noticia-sobre-corridas-de-touros-com-velcro-e-sem-sangue\\\/\",\"name\":\"Jornalista Rui Gustavo esclarece not\u00edcia sobre Corridas de Touros com velcro e sem sangue | Infocul.pt - Arquivo Digital\",\"isPartOf\":{\"@id\":\"https:\\\/\\\/infocul.pt\\\/arquivo\\\/#website\"},\"primaryImageOfPage\":{\"@id\":\"https:\\\/\\\/infocul.pt\\\/arquivo\\\/actualidade\\\/jornalista-rui-gustavo-esclarece-noticia-sobre-corridas-de-touros-com-velcro-e-sem-sangue\\\/#primaryimage\"},\"image\":{\"@id\":\"https:\\\/\\\/infocul.pt\\\/arquivo\\\/actualidade\\\/jornalista-rui-gustavo-esclarece-noticia-sobre-corridas-de-touros-com-velcro-e-sem-sangue\\\/#primaryimage\"},\"thumbnailUrl\":\"https:\\\/\\\/infocul.pt\\\/arquivo\\\/wp-content\\\/uploads\\\/2018\\\/11\\\/rui-gustavo1.png\",\"datePublished\":\"2018-11-24T14:04:58+00:00\",\"dateModified\":\"2018-11-24T14:12:00+00:00\",\"description\":\"Jornalista Rui Gustavo esclarece not\u00edcia sobre Corridas de Touros com velcro e sem sangue | Infocul.pt - Arquivo Digital\",\"breadcrumb\":{\"@id\":\"https:\\\/\\\/infocul.pt\\\/arquivo\\\/actualidade\\\/jornalista-rui-gustavo-esclarece-noticia-sobre-corridas-de-touros-com-velcro-e-sem-sangue\\\/#breadcrumb\"},\"inLanguage\":\"pt-PT\",\"potentialAction\":[{\"@type\":\"ReadAction\",\"target\":[\"https:\\\/\\\/infocul.pt\\\/arquivo\\\/actualidade\\\/jornalista-rui-gustavo-esclarece-noticia-sobre-corridas-de-touros-com-velcro-e-sem-sangue\\\/\"]}]},{\"@type\":\"ImageObject\",\"inLanguage\":\"pt-PT\",\"@id\":\"https:\\\/\\\/infocul.pt\\\/arquivo\\\/actualidade\\\/jornalista-rui-gustavo-esclarece-noticia-sobre-corridas-de-touros-com-velcro-e-sem-sangue\\\/#primaryimage\",\"url\":\"https:\\\/\\\/infocul.pt\\\/arquivo\\\/wp-content\\\/uploads\\\/2018\\\/11\\\/rui-gustavo1.png\",\"contentUrl\":\"https:\\\/\\\/infocul.pt\\\/arquivo\\\/wp-content\\\/uploads\\\/2018\\\/11\\\/rui-gustavo1.png\",\"width\":478,\"height\":539},{\"@type\":\"BreadcrumbList\",\"@id\":\"https:\\\/\\\/infocul.pt\\\/arquivo\\\/actualidade\\\/jornalista-rui-gustavo-esclarece-noticia-sobre-corridas-de-touros-com-velcro-e-sem-sangue\\\/#breadcrumb\",\"itemListElement\":[{\"@type\":\"ListItem\",\"position\":1,\"name\":\"Home\",\"item\":\"https:\\\/\\\/infocul.pt\\\/arquivo\\\/\"},{\"@type\":\"ListItem\",\"position\":2,\"name\":\"Jornalista Rui Gustavo esclarece not\u00edcia sobre Corridas de Touros com velcro e sem sangue\"}]},{\"@type\":\"WebSite\",\"@id\":\"https:\\\/\\\/infocul.pt\\\/arquivo\\\/#website\",\"url\":\"https:\\\/\\\/infocul.pt\\\/arquivo\\\/\",\"name\":\"Infocul.pt - Arquivo Digital\",\"description\":\"Arquivo digital da Infocul.pt\",\"publisher\":{\"@id\":\"https:\\\/\\\/infocul.pt\\\/arquivo\\\/#organization\"},\"potentialAction\":[{\"@type\":\"SearchAction\",\"target\":{\"@type\":\"EntryPoint\",\"urlTemplate\":\"https:\\\/\\\/infocul.pt\\\/arquivo\\\/?s={search_term_string}\"},\"query-input\":{\"@type\":\"PropertyValueSpecification\",\"valueRequired\":true,\"valueName\":\"search_term_string\"}}],\"inLanguage\":\"pt-PT\"},{\"@type\":\"Organization\",\"@id\":\"https:\\\/\\\/infocul.pt\\\/arquivo\\\/#organization\",\"name\":\"Infocul.pt\",\"url\":\"https:\\\/\\\/infocul.pt\\\/arquivo\\\/\",\"logo\":{\"@type\":\"ImageObject\",\"inLanguage\":\"pt-PT\",\"@id\":\"https:\\\/\\\/infocul.pt\\\/arquivo\\\/#\\\/schema\\\/logo\\\/image\\\/\",\"url\":\"https:\\\/\\\/infocul.pt\\\/arquivo\\\/wp-content\\\/uploads\\\/2018\\\/12\\\/Infocul_logo-1.png\",\"contentUrl\":\"https:\\\/\\\/infocul.pt\\\/arquivo\\\/wp-content\\\/uploads\\\/2018\\\/12\\\/Infocul_logo-1.png\",\"width\":800,\"height\":800,\"caption\":\"Infocul.pt\"},\"image\":{\"@id\":\"https:\\\/\\\/infocul.pt\\\/arquivo\\\/#\\\/schema\\\/logo\\\/image\\\/\"},\"sameAs\":[\"https:\\\/\\\/www.facebook.com\\\/Infocul-147816815585015\\\/\",\"https:\\\/\\\/x.com\\\/Infoculpt\",\"http:\\\/\\\/www.pictaram.com\\\/user\\\/infocul.pt\\\/2370423710\",\"https:\\\/\\\/www.youtube.com\\\/channel\\\/UCYEB91AGI9FL9ek2i_IaQAA\"]},{\"@type\":\"Person\",\"@id\":\"https:\\\/\\\/infocul.pt\\\/arquivo\\\/#\\\/schema\\\/person\\\/f243f45ae8d67639120a7586884f3abc\",\"name\":\"Redac\u00e7\u00e3o\",\"image\":{\"@type\":\"ImageObject\",\"inLanguage\":\"pt-PT\",\"@id\":\"https:\\\/\\\/secure.gravatar.com\\\/avatar\\\/151b1b76c598ab5e749407223bd6c1bad4e41c4e95de3c3df83540ebee2deaf8?s=96&d=mm&r=g\",\"url\":\"https:\\\/\\\/secure.gravatar.com\\\/avatar\\\/151b1b76c598ab5e749407223bd6c1bad4e41c4e95de3c3df83540ebee2deaf8?s=96&d=mm&r=g\",\"contentUrl\":\"https:\\\/\\\/secure.gravatar.com\\\/avatar\\\/151b1b76c598ab5e749407223bd6c1bad4e41c4e95de3c3df83540ebee2deaf8?s=96&d=mm&r=g\",\"caption\":\"Redac\u00e7\u00e3o\"}}]}<\/script>\n<!-- \/ Yoast SEO plugin. -->","yoast_head_json":{"title":"Jornalista Rui Gustavo esclarece not\u00edcia sobre Corridas de Touros com velcro e sem sangue | Infocul.pt - Arquivo Digital","description":"Jornalista Rui Gustavo esclarece not\u00edcia sobre Corridas de Touros com velcro e sem sangue | Infocul.pt - Arquivo Digital","robots":{"index":"noindex","follow":"follow","max-snippet":"max-snippet:-1","max-image-preview":"max-image-preview:large","max-video-preview":"max-video-preview:-1"},"og_locale":"pt_PT","og_type":"article","og_title":"Jornalista Rui Gustavo esclarece not\u00edcia sobre Corridas de Touros com velcro e sem sangue | Infocul.pt - Arquivo Digital","og_description":"Jornalista Rui Gustavo esclarece not\u00edcia sobre Corridas de Touros com velcro e sem sangue | Infocul.pt - Arquivo Digital","og_url":"https:\/\/infocul.pt\/arquivo\/actualidade\/jornalista-rui-gustavo-esclarece-noticia-sobre-corridas-de-touros-com-velcro-e-sem-sangue\/","og_site_name":"Infocul.pt - Arquivo Digital","article_publisher":"https:\/\/www.facebook.com\/Infocul-147816815585015\/","article_published_time":"2018-11-24T14:04:58+00:00","article_modified_time":"2018-11-24T14:12:00+00:00","og_image":[{"width":478,"height":539,"url":"https:\/\/infocul.pt\/arquivo\/wp-content\/uploads\/2018\/11\/rui-gustavo1.png","type":"image\/png"}],"author":"Redac\u00e7\u00e3o","twitter_card":"summary_large_image","twitter_creator":"@Infoculpt","twitter_site":"@Infoculpt","twitter_misc":{"Escrito por":"Redac\u00e7\u00e3o"},"schema":{"@context":"https:\/\/schema.org","@graph":[{"@type":"Article","@id":"https:\/\/infocul.pt\/arquivo\/actualidade\/jornalista-rui-gustavo-esclarece-noticia-sobre-corridas-de-touros-com-velcro-e-sem-sangue\/#article","isPartOf":{"@id":"https:\/\/infocul.pt\/arquivo\/actualidade\/jornalista-rui-gustavo-esclarece-noticia-sobre-corridas-de-touros-com-velcro-e-sem-sangue\/"},"author":{"name":"Redac\u00e7\u00e3o","@id":"https:\/\/infocul.pt\/arquivo\/#\/schema\/person\/f243f45ae8d67639120a7586884f3abc"},"headline":"Jornalista Rui Gustavo esclarece not\u00edcia sobre Corridas de Touros com velcro e sem sangue","datePublished":"2018-11-24T14:04:58+00:00","dateModified":"2018-11-24T14:12:00+00:00","mainEntityOfPage":{"@id":"https:\/\/infocul.pt\/arquivo\/actualidade\/jornalista-rui-gustavo-esclarece-noticia-sobre-corridas-de-touros-com-velcro-e-sem-sangue\/"},"wordCount":107,"commentCount":0,"publisher":{"@id":"https:\/\/infocul.pt\/arquivo\/#organization"},"image":{"@id":"https:\/\/infocul.pt\/arquivo\/actualidade\/jornalista-rui-gustavo-esclarece-noticia-sobre-corridas-de-touros-com-velcro-e-sem-sangue\/#primaryimage"},"thumbnailUrl":"https:\/\/infocul.pt\/arquivo\/wp-content\/uploads\/2018\/11\/rui-gustavo1.png","keywords":["Expresso","Pr\u00f3toiro","Rui Gustavo"],"articleSection":["Actualidade","Cultura","Destaque","Pa\u00eds","Tauromaquia"],"inLanguage":"pt-PT"},{"@type":"WebPage","@id":"https:\/\/infocul.pt\/arquivo\/actualidade\/jornalista-rui-gustavo-esclarece-noticia-sobre-corridas-de-touros-com-velcro-e-sem-sangue\/","url":"https:\/\/infocul.pt\/arquivo\/actualidade\/jornalista-rui-gustavo-esclarece-noticia-sobre-corridas-de-touros-com-velcro-e-sem-sangue\/","name":"Jornalista Rui Gustavo esclarece not\u00edcia sobre Corridas de Touros com velcro e sem sangue | Infocul.pt - Arquivo Digital","isPartOf":{"@id":"https:\/\/infocul.pt\/arquivo\/#website"},"primaryImageOfPage":{"@id":"https:\/\/infocul.pt\/arquivo\/actualidade\/jornalista-rui-gustavo-esclarece-noticia-sobre-corridas-de-touros-com-velcro-e-sem-sangue\/#primaryimage"},"image":{"@id":"https:\/\/infocul.pt\/arquivo\/actualidade\/jornalista-rui-gustavo-esclarece-noticia-sobre-corridas-de-touros-com-velcro-e-sem-sangue\/#primaryimage"},"thumbnailUrl":"https:\/\/infocul.pt\/arquivo\/wp-content\/uploads\/2018\/11\/rui-gustavo1.png","datePublished":"2018-11-24T14:04:58+00:00","dateModified":"2018-11-24T14:12:00+00:00","description":"Jornalista Rui Gustavo esclarece not\u00edcia sobre Corridas de Touros com velcro e sem sangue | Infocul.pt - Arquivo Digital","breadcrumb":{"@id":"https:\/\/infocul.pt\/arquivo\/actualidade\/jornalista-rui-gustavo-esclarece-noticia-sobre-corridas-de-touros-com-velcro-e-sem-sangue\/#breadcrumb"},"inLanguage":"pt-PT","potentialAction":[{"@type":"ReadAction","target":["https:\/\/infocul.pt\/arquivo\/actualidade\/jornalista-rui-gustavo-esclarece-noticia-sobre-corridas-de-touros-com-velcro-e-sem-sangue\/"]}]},{"@type":"ImageObject","inLanguage":"pt-PT","@id":"https:\/\/infocul.pt\/arquivo\/actualidade\/jornalista-rui-gustavo-esclarece-noticia-sobre-corridas-de-touros-com-velcro-e-sem-sangue\/#primaryimage","url":"https:\/\/infocul.pt\/arquivo\/wp-content\/uploads\/2018\/11\/rui-gustavo1.png","contentUrl":"https:\/\/infocul.pt\/arquivo\/wp-content\/uploads\/2018\/11\/rui-gustavo1.png","width":478,"height":539},{"@type":"BreadcrumbList","@id":"https:\/\/infocul.pt\/arquivo\/actualidade\/jornalista-rui-gustavo-esclarece-noticia-sobre-corridas-de-touros-com-velcro-e-sem-sangue\/#breadcrumb","itemListElement":[{"@type":"ListItem","position":1,"name":"Home","item":"https:\/\/infocul.pt\/arquivo\/"},{"@type":"ListItem","position":2,"name":"Jornalista Rui Gustavo esclarece not\u00edcia sobre Corridas de Touros com velcro e sem sangue"}]},{"@type":"WebSite","@id":"https:\/\/infocul.pt\/arquivo\/#website","url":"https:\/\/infocul.pt\/arquivo\/","name":"Infocul.pt - Arquivo Digital","description":"Arquivo digital da Infocul.pt","publisher":{"@id":"https:\/\/infocul.pt\/arquivo\/#organization"},"potentialAction":[{"@type":"SearchAction","target":{"@type":"EntryPoint","urlTemplate":"https:\/\/infocul.pt\/arquivo\/?s={search_term_string}"},"query-input":{"@type":"PropertyValueSpecification","valueRequired":true,"valueName":"search_term_string"}}],"inLanguage":"pt-PT"},{"@type":"Organization","@id":"https:\/\/infocul.pt\/arquivo\/#organization","name":"Infocul.pt","url":"https:\/\/infocul.pt\/arquivo\/","logo":{"@type":"ImageObject","inLanguage":"pt-PT","@id":"https:\/\/infocul.pt\/arquivo\/#\/schema\/logo\/image\/","url":"https:\/\/infocul.pt\/arquivo\/wp-content\/uploads\/2018\/12\/Infocul_logo-1.png","contentUrl":"https:\/\/infocul.pt\/arquivo\/wp-content\/uploads\/2018\/12\/Infocul_logo-1.png","width":800,"height":800,"caption":"Infocul.pt"},"image":{"@id":"https:\/\/infocul.pt\/arquivo\/#\/schema\/logo\/image\/"},"sameAs":["https:\/\/www.facebook.com\/Infocul-147816815585015\/","https:\/\/x.com\/Infoculpt","http:\/\/www.pictaram.com\/user\/infocul.pt\/2370423710","https:\/\/www.youtube.com\/channel\/UCYEB91AGI9FL9ek2i_IaQAA"]},{"@type":"Person","@id":"https:\/\/infocul.pt\/arquivo\/#\/schema\/person\/f243f45ae8d67639120a7586884f3abc","name":"Redac\u00e7\u00e3o","image":{"@type":"ImageObject","inLanguage":"pt-PT","@id":"https:\/\/secure.gravatar.com\/avatar\/151b1b76c598ab5e749407223bd6c1bad4e41c4e95de3c3df83540ebee2deaf8?s=96&d=mm&r=g","url":"https:\/\/secure.gravatar.com\/avatar\/151b1b76c598ab5e749407223bd6c1bad4e41c4e95de3c3df83540ebee2deaf8?s=96&d=mm&r=g","contentUrl":"https:\/\/secure.gravatar.com\/avatar\/151b1b76c598ab5e749407223bd6c1bad4e41c4e95de3c3df83540ebee2deaf8?s=96&d=mm&r=g","caption":"Redac\u00e7\u00e3o"}}]}},"_links":{"self":[{"href":"https:\/\/infocul.pt\/arquivo\/wp-json\/wp\/v2\/posts\/49376","targetHints":{"allow":["GET"]}}],"collection":[{"href":"https:\/\/infocul.pt\/arquivo\/wp-json\/wp\/v2\/posts"}],"about":[{"href":"https:\/\/infocul.pt\/arquivo\/wp-json\/wp\/v2\/types\/post"}],"author":[{"embeddable":true,"href":"https:\/\/infocul.pt\/arquivo\/wp-json\/wp\/v2\/users\/13"}],"replies":[{"embeddable":true,"href":"https:\/\/infocul.pt\/arquivo\/wp-json\/wp\/v2\/comments?post=49376"}],"version-history":[{"count":0,"href":"https:\/\/infocul.pt\/arquivo\/wp-json\/wp\/v2\/posts\/49376\/revisions"}],"wp:featuredmedia":[{"embeddable":true,"href":"https:\/\/infocul.pt\/arquivo\/wp-json\/wp\/v2\/media\/49377"}],"wp:attachment":[{"href":"https:\/\/infocul.pt\/arquivo\/wp-json\/wp\/v2\/media?parent=49376"}],"wp:term":[{"taxonomy":"category","embeddable":true,"href":"https:\/\/infocul.pt\/arquivo\/wp-json\/wp\/v2\/categories?post=49376"},{"taxonomy":"post_tag","embeddable":true,"href":"https:\/\/infocul.pt\/arquivo\/wp-json\/wp\/v2\/tags?post=49376"}],"curies":[{"name":"wp","href":"https:\/\/api.w.org\/{rel}","templated":true}]}}