{"id":49485,"date":"2018-11-27T14:05:23","date_gmt":"2018-11-27T14:05:23","guid":{"rendered":"https:\/\/infocul.pt\/?p=49485"},"modified":"2018-11-27T14:05:23","modified_gmt":"2018-11-27T14:05:23","slug":"aaron-kaufman-traz-a-sua-oficina-ao-discovery-channel","status":"publish","type":"post","link":"https:\/\/infocul.pt\/arquivo\/actualidade\/aaron-kaufman-traz-a-sua-oficina-ao-discovery-channel\/","title":{"rendered":"Aaron Kaufman traz a sua oficina ao Discovery Channel"},"content":{"rendered":"<p><a href=\"https:\/\/infocul.pt\/arquivo\/wp-content\/uploads\/2018\/11\/ShiftingGearsWithAaronKaufman_S01_Episode01.jpg\"><img decoding=\"async\" class=\"wp-image-49486 size-large lazyload\" data-src=\"https:\/\/infocul.pt\/arquivo\/wp-content\/uploads\/2018\/11\/ShiftingGearsWithAaronKaufman_S01_Episode01-1024x576.jpg\" alt=\"\" width=\"806\" height=\"453\" data-srcset=\"https:\/\/infocul.pt\/arquivo\/wp-content\/uploads\/2018\/11\/ShiftingGearsWithAaronKaufman_S01_Episode01-1024x576.jpg 1024w, https:\/\/infocul.pt\/arquivo\/wp-content\/uploads\/2018\/11\/ShiftingGearsWithAaronKaufman_S01_Episode01-300x169.jpg 300w, https:\/\/infocul.pt\/arquivo\/wp-content\/uploads\/2018\/11\/ShiftingGearsWithAaronKaufman_S01_Episode01-768x432.jpg 768w\" data-sizes=\"(max-width: 806px) 100vw, 806px\" src=\"data:image\/svg+xml;base64,PHN2ZyB3aWR0aD0iMSIgaGVpZ2h0PSIxIiB4bWxucz0iaHR0cDovL3d3dy53My5vcmcvMjAwMC9zdmciPjwvc3ZnPg==\" style=\"--smush-placeholder-width: 806px; --smush-placeholder-aspect-ratio: 806\/453;\" \/><\/a><\/p>\n<p align=\"justify\">\n<p align=\"justify\">\n<p align=\"justify\"><span lang=\"pt-PT\"><span style=\"font-family: Calibri, sans-serif; font-size: small;\">Depois de anos a partilhar experi\u00eancias emocionantes na oficina Gas Monkey, \u00e0 pouco mais de um ano atr\u00e1s, Aaron Kaufman decidiu iniciar uma nova carreira a solo que, pouco a pouco, se vem consolidando. Como grande refer\u00eancia para os amantes de autom\u00f3veis, gra\u00e7as aos seus anos \u00e0 frente do programa \u201cFast N&#8217; Loud\u201d com Richard Rawlings, lidera no Discovery Channel \u201cA oficina de Aaron Kaufman\u201d, que regressa ao canal com novos epis\u00f3dios a partir de s\u00e1bado, 1 de Dezembro\u00a0pelas 21:00 horas. Uma nova s\u00e9rie de epis\u00f3dios cheios de novidades e, como de costume, inimagin\u00e1veis desafios na arte da recupera\u00e7\u00e3o de carros de corrida e o desenvolvimento de cria\u00e7\u00f5es \u00fanicas em tempo recorde.<\/span><\/span><!--more--><\/p>\n<p align=\"justify\">\n<p align=\"justify\">\n<p align=\"justify\"><span lang=\"pt-PT\"><span style=\"font-family: Calibri, sans-serif; font-size: small;\">Acontecimentos imprevistos n\u00e3o ser\u00e3o um problema para a equipa de Arclight Fabrication, composta por Josh Freeman, Jonathan Rodr\u00edquez, Jason Bowman, Jeremy Webster e Jonathan Mansour. Todos eles voltaram a unir as suas compet\u00eancias com Aaron Kaufman para continuar a impressionar os espetadores do Discovery Channel com suas cria\u00e7\u00f5es e a recupera\u00e7\u00e3o de todos os tipos de ve\u00edculos, embora que nos novos epis\u00f3dios, o exigente cliente exigente n\u00e3o \u00e9 nada mais nada menos que o pr\u00f3prio Kaufman. O mec\u00e2nico prop\u00f4s tornar-se num piloto de ralis e para isso ele vai precisar da ajuda de todos os seus funcion\u00e1rios no desenvolvimento de carros preparados para competir nas mais duras provas desta modalidade. O objectivo\u00a0n\u00e3o ser\u00e1 f\u00e1cil, j\u00e1 que o l\u00edder da Arclight Fabrication ter\u00e1 que, para al\u00e9m de participar no desenvolvimento dos carros, empenhar-se a fundo na condu\u00e7\u00e3o desses ve\u00edculos terrenos diferentes do que est\u00e1 habituado.<\/span><\/span><\/p>\n<p align=\"justify\">\n<p align=\"justify\">\n<p align=\"justify\"><span lang=\"pt-PT\"><span style=\"font-family: Calibri, sans-serif; font-size: small;\">Esta nova aventura de Aaron Kaufman vai come\u00e7ar com uma viagem a Austin (Texas), onde toda a equipa vai receber forma\u00e7\u00e3o sobre corridas de ralis na prestigiada escola Rally Ready. Kaufman deixa claro, ent\u00e3o, que ele n\u00e3o quer apenas competir, mas vencer. Um objectivo\u00a0nada f\u00e1cil, dada a sua inexperi\u00eancia e a enorme competitividade que existe no mundo dos ralis. Apesar das dificuldades, a equipa vai trabalhar para realizar o sonho de Kaufman. Tudo come\u00e7ar\u00e1 com a restaura\u00e7\u00e3o de um antigo Subaru Impreza com o qual competir no Rally Olympus. Enquanto no workshop Freeman, Rodriguez, Bowman, Webster e Mansour trabalham com esse objetivo, Kaufman concentra-se em treinar e ganhar as compet\u00eancias necess\u00e1rias para participar num rali com maior probabilidade de sucesso poss\u00edvel. <\/span><\/span><\/p>\n<p align=\"justify\">\n<p align=\"justify\">\n<p align=\"justify\"><span style=\"font-family: Calibri, sans-serif;\"><span style=\"font-size: small;\"><span lang=\"pt-PT\">O percurso at\u00e9 \u00e0 participa\u00e7\u00e3o de Aaron Kaufman com o seu Subaru Impreza no Olympus Rally vai ser uma corrida contra o tempo, pois vai enfrentar todo o tipo de contratempos mec\u00e2nicos bem como erros de condu\u00e7\u00e3o. No entanto, Kaufman, juntamente com seu co-piloto, Krista, vai conseguir sair-se bem com a experi\u00eancia, conseguindo um terceiro lugar que vai faz\u00ea-los subir ao p\u00f3dio entre l\u00e1grimas de alegria e champanhe. Esta ser\u00e1 a primeira experi\u00eancia de outras que chegar\u00e3o durante os novos epis\u00f3dios de \u201cA oficina de Aaron Kaufman\u201d como sua participa\u00e7\u00e3o na \u201cThe Race of Gentlemen\u201d com um Ford A Dagster ou na \u201cKing of the Hammers\u201d com um Scout. No final da temporada, o l\u00edder da Arclight Fabrication vai mostrar a sua grande satisfa\u00e7\u00e3o no Discovery Channel por tudo o que conseguiu na sua nova fase a solo. Ser\u00e1 que a sua equipa vai regressar com novas aventuras?<\/span><\/span><\/span><\/p>\n<p align=\"justify\">\n<p align=\"justify\">\n<p align=\"justify\"><span lang=\"pt-PT\"><span style=\"font-family: Calibri, sans-serif; font-size: small;\">Os novos epis\u00f3dios de \u201cA oficina de Aaron Kaufman\u201d estreiam no s\u00e1bado, 1 de Dezembro\u00a0\u00e0s 21:00 horas.<\/span><\/span><\/p>\n<p align=\"justify\">\n<p align=\"justify\">\n","protected":false},"excerpt":{"rendered":"<p>Depois de anos a partilhar experi\u00eancias emocionantes na oficina Gas Monkey, \u00e0 pouco mais de um ano atr\u00e1s, Aaron Kaufman decidiu iniciar uma nova carreira a solo que, pouco a pouco, se vem consolidando. Como grande refer\u00eancia para os amantes de autom\u00f3veis, gra\u00e7as aos seus anos \u00e0 frente do programa \u201cFast N&#8217; Loud\u201d com Richard [&hellip;]<\/p>\n","protected":false},"author":13,"featured_media":49486,"comment_status":"open","ping_status":"closed","sticky":false,"template":"","format":"standard","meta":{"footnotes":""},"categories":[10,14],"tags":[5625,2018],"class_list":["post-49485","post","type-post","status-publish","format-standard","has-post-thumbnail","hentry","category-actualidade","category-televisao","tag-aaron-kaufman","tag-discovery-channel"],"yoast_head":"<!-- This site is optimized with the Yoast SEO plugin v27.4 - https:\/\/yoast.com\/product\/yoast-seo-wordpress\/ -->\n<title>Aaron Kaufman traz a sua oficina ao Discovery Channel | Infocul.pt - Arquivo Digital<\/title>\n<meta name=\"description\" content=\"Aaron Kaufman traz a sua oficina ao Discovery Channel | Infocul.pt - Arquivo Digital\" \/>\n<meta name=\"robots\" content=\"noindex, follow, max-snippet:-1, max-image-preview:large, max-video-preview:-1\" \/>\n<meta property=\"og:locale\" content=\"pt_PT\" \/>\n<meta property=\"og:type\" content=\"article\" \/>\n<meta property=\"og:title\" content=\"Aaron Kaufman traz a sua oficina ao Discovery Channel | Infocul.pt - Arquivo Digital\" \/>\n<meta property=\"og:description\" content=\"Aaron Kaufman traz a sua oficina ao Discovery Channel | Infocul.pt - Arquivo Digital\" \/>\n<meta property=\"og:url\" content=\"https:\/\/infocul.pt\/arquivo\/actualidade\/aaron-kaufman-traz-a-sua-oficina-ao-discovery-channel\/\" \/>\n<meta property=\"og:site_name\" content=\"Infocul.pt - Arquivo Digital\" \/>\n<meta property=\"article:publisher\" content=\"https:\/\/www.facebook.com\/Infocul-147816815585015\/\" \/>\n<meta property=\"article:published_time\" content=\"2018-11-27T14:05:23+00:00\" \/>\n<meta property=\"og:image\" content=\"https:\/\/infocul.pt\/arquivo\/wp-content\/uploads\/2018\/11\/ShiftingGearsWithAaronKaufman_S01_Episode01-1024x576.jpg\" \/>\n\t<meta property=\"og:image:width\" content=\"1024\" \/>\n\t<meta property=\"og:image:height\" content=\"576\" \/>\n\t<meta property=\"og:image:type\" content=\"image\/jpeg\" \/>\n<meta name=\"author\" content=\"Redac\u00e7\u00e3o\" \/>\n<meta name=\"twitter:card\" content=\"summary_large_image\" \/>\n<meta name=\"twitter:creator\" content=\"@Infoculpt\" \/>\n<meta name=\"twitter:site\" content=\"@Infoculpt\" \/>\n<meta name=\"twitter:label1\" content=\"Escrito por\" \/>\n\t<meta name=\"twitter:data1\" content=\"Redac\u00e7\u00e3o\" \/>\n\t<meta name=\"twitter:label2\" content=\"Tempo estimado de leitura\" \/>\n\t<meta name=\"twitter:data2\" content=\"3 minutos\" \/>\n<script type=\"application\/ld+json\" class=\"yoast-schema-graph\">{\"@context\":\"https:\\\/\\\/schema.org\",\"@graph\":[{\"@type\":\"Article\",\"@id\":\"https:\\\/\\\/infocul.pt\\\/arquivo\\\/actualidade\\\/aaron-kaufman-traz-a-sua-oficina-ao-discovery-channel\\\/#article\",\"isPartOf\":{\"@id\":\"https:\\\/\\\/infocul.pt\\\/arquivo\\\/actualidade\\\/aaron-kaufman-traz-a-sua-oficina-ao-discovery-channel\\\/\"},\"author\":{\"name\":\"Redac\u00e7\u00e3o\",\"@id\":\"https:\\\/\\\/infocul.pt\\\/arquivo\\\/#\\\/schema\\\/person\\\/f243f45ae8d67639120a7586884f3abc\"},\"headline\":\"Aaron Kaufman traz a sua oficina ao Discovery Channel\",\"datePublished\":\"2018-11-27T14:05:23+00:00\",\"mainEntityOfPage\":{\"@id\":\"https:\\\/\\\/infocul.pt\\\/arquivo\\\/actualidade\\\/aaron-kaufman-traz-a-sua-oficina-ao-discovery-channel\\\/\"},\"wordCount\":604,\"commentCount\":0,\"publisher\":{\"@id\":\"https:\\\/\\\/infocul.pt\\\/arquivo\\\/#organization\"},\"image\":{\"@id\":\"https:\\\/\\\/infocul.pt\\\/arquivo\\\/actualidade\\\/aaron-kaufman-traz-a-sua-oficina-ao-discovery-channel\\\/#primaryimage\"},\"thumbnailUrl\":\"https:\\\/\\\/infocul.pt\\\/arquivo\\\/wp-content\\\/uploads\\\/2018\\\/11\\\/ShiftingGearsWithAaronKaufman_S01_Episode01.jpg\",\"keywords\":[\"Aaron Kaufman\",\"Discovery Channel\"],\"articleSection\":[\"Actualidade\",\"Televis\u00e3o\"],\"inLanguage\":\"pt-PT\"},{\"@type\":\"WebPage\",\"@id\":\"https:\\\/\\\/infocul.pt\\\/arquivo\\\/actualidade\\\/aaron-kaufman-traz-a-sua-oficina-ao-discovery-channel\\\/\",\"url\":\"https:\\\/\\\/infocul.pt\\\/arquivo\\\/actualidade\\\/aaron-kaufman-traz-a-sua-oficina-ao-discovery-channel\\\/\",\"name\":\"Aaron Kaufman traz a sua oficina ao Discovery Channel | Infocul.pt - Arquivo Digital\",\"isPartOf\":{\"@id\":\"https:\\\/\\\/infocul.pt\\\/arquivo\\\/#website\"},\"primaryImageOfPage\":{\"@id\":\"https:\\\/\\\/infocul.pt\\\/arquivo\\\/actualidade\\\/aaron-kaufman-traz-a-sua-oficina-ao-discovery-channel\\\/#primaryimage\"},\"image\":{\"@id\":\"https:\\\/\\\/infocul.pt\\\/arquivo\\\/actualidade\\\/aaron-kaufman-traz-a-sua-oficina-ao-discovery-channel\\\/#primaryimage\"},\"thumbnailUrl\":\"https:\\\/\\\/infocul.pt\\\/arquivo\\\/wp-content\\\/uploads\\\/2018\\\/11\\\/ShiftingGearsWithAaronKaufman_S01_Episode01.jpg\",\"datePublished\":\"2018-11-27T14:05:23+00:00\",\"description\":\"Aaron Kaufman traz a sua oficina ao Discovery Channel | Infocul.pt - Arquivo Digital\",\"breadcrumb\":{\"@id\":\"https:\\\/\\\/infocul.pt\\\/arquivo\\\/actualidade\\\/aaron-kaufman-traz-a-sua-oficina-ao-discovery-channel\\\/#breadcrumb\"},\"inLanguage\":\"pt-PT\",\"potentialAction\":[{\"@type\":\"ReadAction\",\"target\":[\"https:\\\/\\\/infocul.pt\\\/arquivo\\\/actualidade\\\/aaron-kaufman-traz-a-sua-oficina-ao-discovery-channel\\\/\"]}]},{\"@type\":\"ImageObject\",\"inLanguage\":\"pt-PT\",\"@id\":\"https:\\\/\\\/infocul.pt\\\/arquivo\\\/actualidade\\\/aaron-kaufman-traz-a-sua-oficina-ao-discovery-channel\\\/#primaryimage\",\"url\":\"https:\\\/\\\/infocul.pt\\\/arquivo\\\/wp-content\\\/uploads\\\/2018\\\/11\\\/ShiftingGearsWithAaronKaufman_S01_Episode01.jpg\",\"contentUrl\":\"https:\\\/\\\/infocul.pt\\\/arquivo\\\/wp-content\\\/uploads\\\/2018\\\/11\\\/ShiftingGearsWithAaronKaufman_S01_Episode01.jpg\",\"width\":5184,\"height\":2916,\"caption\":\"Josh cutting into the fender of the 1971 International Scout at Aaron\u0092s shop \u0093Arclight Fab\u0094 in Dallas.\"},{\"@type\":\"BreadcrumbList\",\"@id\":\"https:\\\/\\\/infocul.pt\\\/arquivo\\\/actualidade\\\/aaron-kaufman-traz-a-sua-oficina-ao-discovery-channel\\\/#breadcrumb\",\"itemListElement\":[{\"@type\":\"ListItem\",\"position\":1,\"name\":\"Home\",\"item\":\"https:\\\/\\\/infocul.pt\\\/arquivo\\\/\"},{\"@type\":\"ListItem\",\"position\":2,\"name\":\"Aaron Kaufman traz a sua oficina ao Discovery Channel\"}]},{\"@type\":\"WebSite\",\"@id\":\"https:\\\/\\\/infocul.pt\\\/arquivo\\\/#website\",\"url\":\"https:\\\/\\\/infocul.pt\\\/arquivo\\\/\",\"name\":\"Infocul.pt - Arquivo Digital\",\"description\":\"Arquivo digital da Infocul.pt\",\"publisher\":{\"@id\":\"https:\\\/\\\/infocul.pt\\\/arquivo\\\/#organization\"},\"potentialAction\":[{\"@type\":\"SearchAction\",\"target\":{\"@type\":\"EntryPoint\",\"urlTemplate\":\"https:\\\/\\\/infocul.pt\\\/arquivo\\\/?s={search_term_string}\"},\"query-input\":{\"@type\":\"PropertyValueSpecification\",\"valueRequired\":true,\"valueName\":\"search_term_string\"}}],\"inLanguage\":\"pt-PT\"},{\"@type\":\"Organization\",\"@id\":\"https:\\\/\\\/infocul.pt\\\/arquivo\\\/#organization\",\"name\":\"Infocul.pt\",\"url\":\"https:\\\/\\\/infocul.pt\\\/arquivo\\\/\",\"logo\":{\"@type\":\"ImageObject\",\"inLanguage\":\"pt-PT\",\"@id\":\"https:\\\/\\\/infocul.pt\\\/arquivo\\\/#\\\/schema\\\/logo\\\/image\\\/\",\"url\":\"https:\\\/\\\/infocul.pt\\\/arquivo\\\/wp-content\\\/uploads\\\/2018\\\/12\\\/Infocul_logo-1.png\",\"contentUrl\":\"https:\\\/\\\/infocul.pt\\\/arquivo\\\/wp-content\\\/uploads\\\/2018\\\/12\\\/Infocul_logo-1.png\",\"width\":800,\"height\":800,\"caption\":\"Infocul.pt\"},\"image\":{\"@id\":\"https:\\\/\\\/infocul.pt\\\/arquivo\\\/#\\\/schema\\\/logo\\\/image\\\/\"},\"sameAs\":[\"https:\\\/\\\/www.facebook.com\\\/Infocul-147816815585015\\\/\",\"https:\\\/\\\/x.com\\\/Infoculpt\",\"http:\\\/\\\/www.pictaram.com\\\/user\\\/infocul.pt\\\/2370423710\",\"https:\\\/\\\/www.youtube.com\\\/channel\\\/UCYEB91AGI9FL9ek2i_IaQAA\"]},{\"@type\":\"Person\",\"@id\":\"https:\\\/\\\/infocul.pt\\\/arquivo\\\/#\\\/schema\\\/person\\\/f243f45ae8d67639120a7586884f3abc\",\"name\":\"Redac\u00e7\u00e3o\",\"image\":{\"@type\":\"ImageObject\",\"inLanguage\":\"pt-PT\",\"@id\":\"https:\\\/\\\/secure.gravatar.com\\\/avatar\\\/151b1b76c598ab5e749407223bd6c1bad4e41c4e95de3c3df83540ebee2deaf8?s=96&d=mm&r=g\",\"url\":\"https:\\\/\\\/secure.gravatar.com\\\/avatar\\\/151b1b76c598ab5e749407223bd6c1bad4e41c4e95de3c3df83540ebee2deaf8?s=96&d=mm&r=g\",\"contentUrl\":\"https:\\\/\\\/secure.gravatar.com\\\/avatar\\\/151b1b76c598ab5e749407223bd6c1bad4e41c4e95de3c3df83540ebee2deaf8?s=96&d=mm&r=g\",\"caption\":\"Redac\u00e7\u00e3o\"}}]}<\/script>\n<!-- \/ Yoast SEO plugin. -->","yoast_head_json":{"title":"Aaron Kaufman traz a sua oficina ao Discovery Channel | Infocul.pt - Arquivo Digital","description":"Aaron Kaufman traz a sua oficina ao Discovery Channel | Infocul.pt - Arquivo Digital","robots":{"index":"noindex","follow":"follow","max-snippet":"max-snippet:-1","max-image-preview":"max-image-preview:large","max-video-preview":"max-video-preview:-1"},"og_locale":"pt_PT","og_type":"article","og_title":"Aaron Kaufman traz a sua oficina ao Discovery Channel | Infocul.pt - Arquivo Digital","og_description":"Aaron Kaufman traz a sua oficina ao Discovery Channel | Infocul.pt - Arquivo Digital","og_url":"https:\/\/infocul.pt\/arquivo\/actualidade\/aaron-kaufman-traz-a-sua-oficina-ao-discovery-channel\/","og_site_name":"Infocul.pt - Arquivo Digital","article_publisher":"https:\/\/www.facebook.com\/Infocul-147816815585015\/","article_published_time":"2018-11-27T14:05:23+00:00","og_image":[{"width":1024,"height":576,"url":"https:\/\/infocul.pt\/arquivo\/wp-content\/uploads\/2018\/11\/ShiftingGearsWithAaronKaufman_S01_Episode01-1024x576.jpg","type":"image\/jpeg"}],"author":"Redac\u00e7\u00e3o","twitter_card":"summary_large_image","twitter_creator":"@Infoculpt","twitter_site":"@Infoculpt","twitter_misc":{"Escrito por":"Redac\u00e7\u00e3o","Tempo estimado de leitura":"3 minutos"},"schema":{"@context":"https:\/\/schema.org","@graph":[{"@type":"Article","@id":"https:\/\/infocul.pt\/arquivo\/actualidade\/aaron-kaufman-traz-a-sua-oficina-ao-discovery-channel\/#article","isPartOf":{"@id":"https:\/\/infocul.pt\/arquivo\/actualidade\/aaron-kaufman-traz-a-sua-oficina-ao-discovery-channel\/"},"author":{"name":"Redac\u00e7\u00e3o","@id":"https:\/\/infocul.pt\/arquivo\/#\/schema\/person\/f243f45ae8d67639120a7586884f3abc"},"headline":"Aaron Kaufman traz a sua oficina ao Discovery Channel","datePublished":"2018-11-27T14:05:23+00:00","mainEntityOfPage":{"@id":"https:\/\/infocul.pt\/arquivo\/actualidade\/aaron-kaufman-traz-a-sua-oficina-ao-discovery-channel\/"},"wordCount":604,"commentCount":0,"publisher":{"@id":"https:\/\/infocul.pt\/arquivo\/#organization"},"image":{"@id":"https:\/\/infocul.pt\/arquivo\/actualidade\/aaron-kaufman-traz-a-sua-oficina-ao-discovery-channel\/#primaryimage"},"thumbnailUrl":"https:\/\/infocul.pt\/arquivo\/wp-content\/uploads\/2018\/11\/ShiftingGearsWithAaronKaufman_S01_Episode01.jpg","keywords":["Aaron Kaufman","Discovery Channel"],"articleSection":["Actualidade","Televis\u00e3o"],"inLanguage":"pt-PT"},{"@type":"WebPage","@id":"https:\/\/infocul.pt\/arquivo\/actualidade\/aaron-kaufman-traz-a-sua-oficina-ao-discovery-channel\/","url":"https:\/\/infocul.pt\/arquivo\/actualidade\/aaron-kaufman-traz-a-sua-oficina-ao-discovery-channel\/","name":"Aaron Kaufman traz a sua oficina ao Discovery Channel | Infocul.pt - Arquivo Digital","isPartOf":{"@id":"https:\/\/infocul.pt\/arquivo\/#website"},"primaryImageOfPage":{"@id":"https:\/\/infocul.pt\/arquivo\/actualidade\/aaron-kaufman-traz-a-sua-oficina-ao-discovery-channel\/#primaryimage"},"image":{"@id":"https:\/\/infocul.pt\/arquivo\/actualidade\/aaron-kaufman-traz-a-sua-oficina-ao-discovery-channel\/#primaryimage"},"thumbnailUrl":"https:\/\/infocul.pt\/arquivo\/wp-content\/uploads\/2018\/11\/ShiftingGearsWithAaronKaufman_S01_Episode01.jpg","datePublished":"2018-11-27T14:05:23+00:00","description":"Aaron Kaufman traz a sua oficina ao Discovery Channel | Infocul.pt - Arquivo Digital","breadcrumb":{"@id":"https:\/\/infocul.pt\/arquivo\/actualidade\/aaron-kaufman-traz-a-sua-oficina-ao-discovery-channel\/#breadcrumb"},"inLanguage":"pt-PT","potentialAction":[{"@type":"ReadAction","target":["https:\/\/infocul.pt\/arquivo\/actualidade\/aaron-kaufman-traz-a-sua-oficina-ao-discovery-channel\/"]}]},{"@type":"ImageObject","inLanguage":"pt-PT","@id":"https:\/\/infocul.pt\/arquivo\/actualidade\/aaron-kaufman-traz-a-sua-oficina-ao-discovery-channel\/#primaryimage","url":"https:\/\/infocul.pt\/arquivo\/wp-content\/uploads\/2018\/11\/ShiftingGearsWithAaronKaufman_S01_Episode01.jpg","contentUrl":"https:\/\/infocul.pt\/arquivo\/wp-content\/uploads\/2018\/11\/ShiftingGearsWithAaronKaufman_S01_Episode01.jpg","width":5184,"height":2916,"caption":"Josh cutting into the fender of the 1971 International Scout at Aaron\u0092s shop \u0093Arclight Fab\u0094 in Dallas."},{"@type":"BreadcrumbList","@id":"https:\/\/infocul.pt\/arquivo\/actualidade\/aaron-kaufman-traz-a-sua-oficina-ao-discovery-channel\/#breadcrumb","itemListElement":[{"@type":"ListItem","position":1,"name":"Home","item":"https:\/\/infocul.pt\/arquivo\/"},{"@type":"ListItem","position":2,"name":"Aaron Kaufman traz a sua oficina ao Discovery Channel"}]},{"@type":"WebSite","@id":"https:\/\/infocul.pt\/arquivo\/#website","url":"https:\/\/infocul.pt\/arquivo\/","name":"Infocul.pt - Arquivo Digital","description":"Arquivo digital da Infocul.pt","publisher":{"@id":"https:\/\/infocul.pt\/arquivo\/#organization"},"potentialAction":[{"@type":"SearchAction","target":{"@type":"EntryPoint","urlTemplate":"https:\/\/infocul.pt\/arquivo\/?s={search_term_string}"},"query-input":{"@type":"PropertyValueSpecification","valueRequired":true,"valueName":"search_term_string"}}],"inLanguage":"pt-PT"},{"@type":"Organization","@id":"https:\/\/infocul.pt\/arquivo\/#organization","name":"Infocul.pt","url":"https:\/\/infocul.pt\/arquivo\/","logo":{"@type":"ImageObject","inLanguage":"pt-PT","@id":"https:\/\/infocul.pt\/arquivo\/#\/schema\/logo\/image\/","url":"https:\/\/infocul.pt\/arquivo\/wp-content\/uploads\/2018\/12\/Infocul_logo-1.png","contentUrl":"https:\/\/infocul.pt\/arquivo\/wp-content\/uploads\/2018\/12\/Infocul_logo-1.png","width":800,"height":800,"caption":"Infocul.pt"},"image":{"@id":"https:\/\/infocul.pt\/arquivo\/#\/schema\/logo\/image\/"},"sameAs":["https:\/\/www.facebook.com\/Infocul-147816815585015\/","https:\/\/x.com\/Infoculpt","http:\/\/www.pictaram.com\/user\/infocul.pt\/2370423710","https:\/\/www.youtube.com\/channel\/UCYEB91AGI9FL9ek2i_IaQAA"]},{"@type":"Person","@id":"https:\/\/infocul.pt\/arquivo\/#\/schema\/person\/f243f45ae8d67639120a7586884f3abc","name":"Redac\u00e7\u00e3o","image":{"@type":"ImageObject","inLanguage":"pt-PT","@id":"https:\/\/secure.gravatar.com\/avatar\/151b1b76c598ab5e749407223bd6c1bad4e41c4e95de3c3df83540ebee2deaf8?s=96&d=mm&r=g","url":"https:\/\/secure.gravatar.com\/avatar\/151b1b76c598ab5e749407223bd6c1bad4e41c4e95de3c3df83540ebee2deaf8?s=96&d=mm&r=g","contentUrl":"https:\/\/secure.gravatar.com\/avatar\/151b1b76c598ab5e749407223bd6c1bad4e41c4e95de3c3df83540ebee2deaf8?s=96&d=mm&r=g","caption":"Redac\u00e7\u00e3o"}}]}},"_links":{"self":[{"href":"https:\/\/infocul.pt\/arquivo\/wp-json\/wp\/v2\/posts\/49485","targetHints":{"allow":["GET"]}}],"collection":[{"href":"https:\/\/infocul.pt\/arquivo\/wp-json\/wp\/v2\/posts"}],"about":[{"href":"https:\/\/infocul.pt\/arquivo\/wp-json\/wp\/v2\/types\/post"}],"author":[{"embeddable":true,"href":"https:\/\/infocul.pt\/arquivo\/wp-json\/wp\/v2\/users\/13"}],"replies":[{"embeddable":true,"href":"https:\/\/infocul.pt\/arquivo\/wp-json\/wp\/v2\/comments?post=49485"}],"version-history":[{"count":0,"href":"https:\/\/infocul.pt\/arquivo\/wp-json\/wp\/v2\/posts\/49485\/revisions"}],"wp:featuredmedia":[{"embeddable":true,"href":"https:\/\/infocul.pt\/arquivo\/wp-json\/wp\/v2\/media\/49486"}],"wp:attachment":[{"href":"https:\/\/infocul.pt\/arquivo\/wp-json\/wp\/v2\/media?parent=49485"}],"wp:term":[{"taxonomy":"category","embeddable":true,"href":"https:\/\/infocul.pt\/arquivo\/wp-json\/wp\/v2\/categories?post=49485"},{"taxonomy":"post_tag","embeddable":true,"href":"https:\/\/infocul.pt\/arquivo\/wp-json\/wp\/v2\/tags?post=49485"}],"curies":[{"name":"wp","href":"https:\/\/api.w.org\/{rel}","templated":true}]}}