{"id":49622,"date":"2018-11-29T18:07:56","date_gmt":"2018-11-29T18:07:56","guid":{"rendered":"https:\/\/infocul.pt\/?p=49622"},"modified":"2018-11-29T18:07:56","modified_gmt":"2018-11-29T18:07:56","slug":"ultima-paragem-estreia-no-discovery-channel","status":"publish","type":"post","link":"https:\/\/infocul.pt\/arquivo\/actualidade\/ultima-paragem-estreia-no-discovery-channel\/","title":{"rendered":"&#8220;\u00daltima Paragem&#8221; estreia no Discovery Channel"},"content":{"rendered":"<p><a href=\"https:\/\/infocul.pt\/arquivo\/wp-content\/uploads\/2018\/11\/LastStopGarage_S01_Episode08.jpg\"><img decoding=\"async\" class=\"aligncenter wp-image-49623 size-large lazyload\" data-src=\"https:\/\/infocul.pt\/arquivo\/wp-content\/uploads\/2018\/11\/LastStopGarage_S01_Episode08-1024x576.jpg\" alt=\"\" width=\"806\" height=\"453\" data-srcset=\"https:\/\/infocul.pt\/arquivo\/wp-content\/uploads\/2018\/11\/LastStopGarage_S01_Episode08-1024x576.jpg 1024w, https:\/\/infocul.pt\/arquivo\/wp-content\/uploads\/2018\/11\/LastStopGarage_S01_Episode08-300x169.jpg 300w, https:\/\/infocul.pt\/arquivo\/wp-content\/uploads\/2018\/11\/LastStopGarage_S01_Episode08-768x432.jpg 768w, https:\/\/infocul.pt\/arquivo\/wp-content\/uploads\/2018\/11\/LastStopGarage_S01_Episode08.jpg 1920w\" data-sizes=\"(max-width: 806px) 100vw, 806px\" src=\"data:image\/svg+xml;base64,PHN2ZyB3aWR0aD0iMSIgaGVpZ2h0PSIxIiB4bWxucz0iaHR0cDovL3d3dy53My5vcmcvMjAwMC9zdmciPjwvc3ZnPg==\" style=\"--smush-placeholder-width: 806px; --smush-placeholder-aspect-ratio: 806\/453;\" \/><\/a><\/p>\n<p>&nbsp;<\/p>\n<p>&nbsp;<\/p>\n<p><span style=\"font-family: Calibri, sans-serif; font-size: small;\">Se pensou que j\u00e1 tinha visto tudo o que havia para ver sobre programas de autom\u00f3veis, est\u00e1 muito enganado. Um novo e inesperado programa chega \u00e0 grelha do Discovery Channel em Dezembro\u00a0para continuar a encantar os f\u00e3s de autom\u00f3veis. <\/span><!--more--><\/p>\n<p>&nbsp;<\/p>\n<p>&nbsp;<\/p>\n<p>&nbsp;<\/p>\n<p><span style=\"font-family: Calibri, sans-serif; font-size: small;\">Na quinta-feira, 3 de Dezembro\u00a0est\u00e1 agendada a estreia de \u201c\u00daltima Paragem\u201d pelas 21:00 horas, uma oficina onde os arranjos mais engenhosos e inimagin\u00e1veis acontecem todos os dias. Desafios que est\u00e3o apenas \u00e0 altura da CRB Automotive e que ser\u00e3o liderados por uma fam\u00edlia que cresceu entre o rugido dos motores. Ambul\u00e2ncias, barcos, escavadoras, aeronaves leves, cadeiras de rodas &#8230; n\u00e3o h\u00e1 meios de transporte que n\u00e3o tenham j\u00e1 passado por esta oficina localizada num dos pontos mais movimentados da regi\u00e3o de Labrador no Canad\u00e1, numa cidade cuja popula\u00e7\u00e3o ultrapassa em pouco os 500 habitantes.<\/span><\/p>\n<p>&nbsp;<\/p>\n<p>&nbsp;<\/p>\n<p>&nbsp;<\/p>\n<p><span style=\"font-family: Calibri, sans-serif; font-size: small;\">Com esta apresenta\u00e7\u00e3o ningu\u00e9m duvida que a equipa de mec\u00e2nicos da \u201c\u00daltima Paragem\u201d est\u00e1 preparada para tudo. Al\u00e9m disso, o programa combina durante os seus epis\u00f3dios, os arranjos mais exc\u00eantricos, com experi\u00eancias pessoais que esta fam\u00edlia vive, ao trabalhar todos os dias na sua oficina. E com o passar do tempo, a CRB Automotive tornou-se uma refer\u00eancia na costa leste do Canad\u00e1. Esta empresa familiar nunca deixa de surpreender os locais e os estrangeiros com os seus engenhosos e, n\u00e3o raras vezes, perigosos arranjos de todos os tipos de carros e transportes. Experi\u00eancias radicais que os espectadores\u00a0do Discovery Channel podem assistir em cada um dos epis\u00f3dios deste novo programa. <\/span><\/p>\n<p>&nbsp;<\/p>\n<p>&nbsp;<\/p>\n<p>&nbsp;<\/p>\n<p><span style=\"font-family: Calibri, sans-serif; font-size: small;\">Com Collin, wrestler profissional dono da CRB, todos sabem que qualquer desafio \u00e9 poss\u00edvel. Mas Collin n\u00e3o estar\u00e1 sozinho nesta tarefa. Ao lado dele, o p\u00fablico do Discovery Channel vai encontrar Stan, o gerente de Oficina e Corey, um chefe de oficina muito peculiar. Ao longo dos epis\u00f3dios de \u201c\u00daltima Paragem\u201d, a equipa da CRB Automotive ir\u00e1 enfrentar situa\u00e7\u00f5es t\u00e3o peculiares como a reconstru\u00e7\u00e3o de um cami\u00e3o cisterna; a constru\u00e7\u00e3o de um autom\u00f3vel Hot Rod vai ser um presente de anivers\u00e1rio para a mulher de um cliente muito exigente; ou fabricar um barco que permite viajar-se sobre o gelo em \u00e1guas pouco profundas, entre outros. A equipa tamb\u00e9m vai ter que usar toda a sua compet\u00eancia para conseguir transportar combust\u00edvel para as comunidades do norte da regi\u00e3o, o que se afigura como um desafio muito complexo, dadas as m\u00e1s condi\u00e7\u00f5es da estrada. Ser\u00e1 que v\u00e3o conseguir alcan\u00e7ar o seu objectivo?<\/span><\/p>\n<p>&nbsp;<\/p>\n<p>&nbsp;<\/p>\n<p>&nbsp;<\/p>\n<p><span style=\"font-family: Calibri, sans-serif; font-size: small;\">A \u201c\u00daltima Paragem\u201d estreia quinta-feira, dia 3 de Dezembro\u00a0\u00e0s 21:00 no Discovery Channel.<\/span><\/p>\n","protected":false},"excerpt":{"rendered":"<p>&nbsp; &nbsp; Se pensou que j\u00e1 tinha visto tudo o que havia para ver sobre programas de autom\u00f3veis, est\u00e1 muito enganado. Um novo e inesperado programa chega \u00e0 grelha do Discovery Channel em Dezembro\u00a0para continuar a encantar os f\u00e3s de autom\u00f3veis.<\/p>\n","protected":false},"author":13,"featured_media":49623,"comment_status":"open","ping_status":"closed","sticky":false,"template":"","format":"standard","meta":{"footnotes":""},"categories":[10,14],"tags":[2018],"class_list":["post-49622","post","type-post","status-publish","format-standard","has-post-thumbnail","hentry","category-actualidade","category-televisao","tag-discovery-channel"],"yoast_head":"<!-- This site is optimized with the Yoast SEO plugin v27.4 - https:\/\/yoast.com\/product\/yoast-seo-wordpress\/ -->\n<title>&quot;\u00daltima Paragem&quot; estreia no Discovery Channel | Infocul.pt - Arquivo Digital<\/title>\n<meta name=\"description\" content=\"&quot;\u00daltima Paragem&quot; estreia no Discovery Channel | Infocul.pt - Arquivo Digital\" \/>\n<meta name=\"robots\" content=\"noindex, follow, max-snippet:-1, max-image-preview:large, max-video-preview:-1\" \/>\n<meta property=\"og:locale\" content=\"pt_PT\" \/>\n<meta property=\"og:type\" content=\"article\" \/>\n<meta property=\"og:title\" content=\"&quot;\u00daltima Paragem&quot; estreia no Discovery Channel | Infocul.pt - Arquivo Digital\" \/>\n<meta property=\"og:description\" content=\"&quot;\u00daltima Paragem&quot; estreia no Discovery Channel | Infocul.pt - Arquivo Digital\" \/>\n<meta property=\"og:url\" content=\"https:\/\/infocul.pt\/arquivo\/actualidade\/ultima-paragem-estreia-no-discovery-channel\/\" \/>\n<meta property=\"og:site_name\" content=\"Infocul.pt - Arquivo Digital\" \/>\n<meta property=\"article:publisher\" content=\"https:\/\/www.facebook.com\/Infocul-147816815585015\/\" \/>\n<meta property=\"article:published_time\" content=\"2018-11-29T18:07:56+00:00\" \/>\n<meta property=\"og:image\" content=\"https:\/\/infocul.pt\/arquivo\/wp-content\/uploads\/2018\/11\/LastStopGarage_S01_Episode08.jpg\" \/>\n\t<meta property=\"og:image:width\" content=\"1920\" \/>\n\t<meta property=\"og:image:height\" content=\"1080\" \/>\n\t<meta property=\"og:image:type\" content=\"image\/jpeg\" \/>\n<meta name=\"author\" content=\"Redac\u00e7\u00e3o\" \/>\n<meta name=\"twitter:card\" content=\"summary_large_image\" \/>\n<meta name=\"twitter:creator\" content=\"@Infoculpt\" \/>\n<meta name=\"twitter:site\" content=\"@Infoculpt\" \/>\n<meta name=\"twitter:label1\" content=\"Escrito por\" \/>\n\t<meta name=\"twitter:data1\" content=\"Redac\u00e7\u00e3o\" \/>\n\t<meta name=\"twitter:label2\" content=\"Tempo estimado de leitura\" \/>\n\t<meta name=\"twitter:data2\" content=\"2 minutos\" \/>\n<script type=\"application\/ld+json\" class=\"yoast-schema-graph\">{\"@context\":\"https:\\\/\\\/schema.org\",\"@graph\":[{\"@type\":\"Article\",\"@id\":\"https:\\\/\\\/infocul.pt\\\/arquivo\\\/actualidade\\\/ultima-paragem-estreia-no-discovery-channel\\\/#article\",\"isPartOf\":{\"@id\":\"https:\\\/\\\/infocul.pt\\\/arquivo\\\/actualidade\\\/ultima-paragem-estreia-no-discovery-channel\\\/\"},\"author\":{\"name\":\"Redac\u00e7\u00e3o\",\"@id\":\"https:\\\/\\\/infocul.pt\\\/arquivo\\\/#\\\/schema\\\/person\\\/f243f45ae8d67639120a7586884f3abc\"},\"headline\":\"&#8220;\u00daltima Paragem&#8221; estreia no Discovery Channel\",\"datePublished\":\"2018-11-29T18:07:56+00:00\",\"mainEntityOfPage\":{\"@id\":\"https:\\\/\\\/infocul.pt\\\/arquivo\\\/actualidade\\\/ultima-paragem-estreia-no-discovery-channel\\\/\"},\"wordCount\":463,\"commentCount\":0,\"publisher\":{\"@id\":\"https:\\\/\\\/infocul.pt\\\/arquivo\\\/#organization\"},\"image\":{\"@id\":\"https:\\\/\\\/infocul.pt\\\/arquivo\\\/actualidade\\\/ultima-paragem-estreia-no-discovery-channel\\\/#primaryimage\"},\"thumbnailUrl\":\"https:\\\/\\\/infocul.pt\\\/arquivo\\\/wp-content\\\/uploads\\\/2018\\\/11\\\/LastStopGarage_S01_Episode08.jpg\",\"keywords\":[\"Discovery Channel\"],\"articleSection\":[\"Actualidade\",\"Televis\u00e3o\"],\"inLanguage\":\"pt-PT\"},{\"@type\":\"WebPage\",\"@id\":\"https:\\\/\\\/infocul.pt\\\/arquivo\\\/actualidade\\\/ultima-paragem-estreia-no-discovery-channel\\\/\",\"url\":\"https:\\\/\\\/infocul.pt\\\/arquivo\\\/actualidade\\\/ultima-paragem-estreia-no-discovery-channel\\\/\",\"name\":\"\\\"\u00daltima Paragem\\\" estreia no Discovery Channel | Infocul.pt - Arquivo Digital\",\"isPartOf\":{\"@id\":\"https:\\\/\\\/infocul.pt\\\/arquivo\\\/#website\"},\"primaryImageOfPage\":{\"@id\":\"https:\\\/\\\/infocul.pt\\\/arquivo\\\/actualidade\\\/ultima-paragem-estreia-no-discovery-channel\\\/#primaryimage\"},\"image\":{\"@id\":\"https:\\\/\\\/infocul.pt\\\/arquivo\\\/actualidade\\\/ultima-paragem-estreia-no-discovery-channel\\\/#primaryimage\"},\"thumbnailUrl\":\"https:\\\/\\\/infocul.pt\\\/arquivo\\\/wp-content\\\/uploads\\\/2018\\\/11\\\/LastStopGarage_S01_Episode08.jpg\",\"datePublished\":\"2018-11-29T18:07:56+00:00\",\"description\":\"\\\"\u00daltima Paragem\\\" estreia no Discovery Channel | Infocul.pt - Arquivo Digital\",\"breadcrumb\":{\"@id\":\"https:\\\/\\\/infocul.pt\\\/arquivo\\\/actualidade\\\/ultima-paragem-estreia-no-discovery-channel\\\/#breadcrumb\"},\"inLanguage\":\"pt-PT\",\"potentialAction\":[{\"@type\":\"ReadAction\",\"target\":[\"https:\\\/\\\/infocul.pt\\\/arquivo\\\/actualidade\\\/ultima-paragem-estreia-no-discovery-channel\\\/\"]}]},{\"@type\":\"ImageObject\",\"inLanguage\":\"pt-PT\",\"@id\":\"https:\\\/\\\/infocul.pt\\\/arquivo\\\/actualidade\\\/ultima-paragem-estreia-no-discovery-channel\\\/#primaryimage\",\"url\":\"https:\\\/\\\/infocul.pt\\\/arquivo\\\/wp-content\\\/uploads\\\/2018\\\/11\\\/LastStopGarage_S01_Episode08.jpg\",\"contentUrl\":\"https:\\\/\\\/infocul.pt\\\/arquivo\\\/wp-content\\\/uploads\\\/2018\\\/11\\\/LastStopGarage_S01_Episode08.jpg\",\"width\":1920,\"height\":1080},{\"@type\":\"BreadcrumbList\",\"@id\":\"https:\\\/\\\/infocul.pt\\\/arquivo\\\/actualidade\\\/ultima-paragem-estreia-no-discovery-channel\\\/#breadcrumb\",\"itemListElement\":[{\"@type\":\"ListItem\",\"position\":1,\"name\":\"Home\",\"item\":\"https:\\\/\\\/infocul.pt\\\/arquivo\\\/\"},{\"@type\":\"ListItem\",\"position\":2,\"name\":\"&#8220;\u00daltima Paragem&#8221; estreia no Discovery Channel\"}]},{\"@type\":\"WebSite\",\"@id\":\"https:\\\/\\\/infocul.pt\\\/arquivo\\\/#website\",\"url\":\"https:\\\/\\\/infocul.pt\\\/arquivo\\\/\",\"name\":\"Infocul.pt - Arquivo Digital\",\"description\":\"Arquivo digital da Infocul.pt\",\"publisher\":{\"@id\":\"https:\\\/\\\/infocul.pt\\\/arquivo\\\/#organization\"},\"potentialAction\":[{\"@type\":\"SearchAction\",\"target\":{\"@type\":\"EntryPoint\",\"urlTemplate\":\"https:\\\/\\\/infocul.pt\\\/arquivo\\\/?s={search_term_string}\"},\"query-input\":{\"@type\":\"PropertyValueSpecification\",\"valueRequired\":true,\"valueName\":\"search_term_string\"}}],\"inLanguage\":\"pt-PT\"},{\"@type\":\"Organization\",\"@id\":\"https:\\\/\\\/infocul.pt\\\/arquivo\\\/#organization\",\"name\":\"Infocul.pt\",\"url\":\"https:\\\/\\\/infocul.pt\\\/arquivo\\\/\",\"logo\":{\"@type\":\"ImageObject\",\"inLanguage\":\"pt-PT\",\"@id\":\"https:\\\/\\\/infocul.pt\\\/arquivo\\\/#\\\/schema\\\/logo\\\/image\\\/\",\"url\":\"https:\\\/\\\/infocul.pt\\\/arquivo\\\/wp-content\\\/uploads\\\/2018\\\/12\\\/Infocul_logo-1.png\",\"contentUrl\":\"https:\\\/\\\/infocul.pt\\\/arquivo\\\/wp-content\\\/uploads\\\/2018\\\/12\\\/Infocul_logo-1.png\",\"width\":800,\"height\":800,\"caption\":\"Infocul.pt\"},\"image\":{\"@id\":\"https:\\\/\\\/infocul.pt\\\/arquivo\\\/#\\\/schema\\\/logo\\\/image\\\/\"},\"sameAs\":[\"https:\\\/\\\/www.facebook.com\\\/Infocul-147816815585015\\\/\",\"https:\\\/\\\/x.com\\\/Infoculpt\",\"http:\\\/\\\/www.pictaram.com\\\/user\\\/infocul.pt\\\/2370423710\",\"https:\\\/\\\/www.youtube.com\\\/channel\\\/UCYEB91AGI9FL9ek2i_IaQAA\"]},{\"@type\":\"Person\",\"@id\":\"https:\\\/\\\/infocul.pt\\\/arquivo\\\/#\\\/schema\\\/person\\\/f243f45ae8d67639120a7586884f3abc\",\"name\":\"Redac\u00e7\u00e3o\",\"image\":{\"@type\":\"ImageObject\",\"inLanguage\":\"pt-PT\",\"@id\":\"https:\\\/\\\/secure.gravatar.com\\\/avatar\\\/151b1b76c598ab5e749407223bd6c1bad4e41c4e95de3c3df83540ebee2deaf8?s=96&d=mm&r=g\",\"url\":\"https:\\\/\\\/secure.gravatar.com\\\/avatar\\\/151b1b76c598ab5e749407223bd6c1bad4e41c4e95de3c3df83540ebee2deaf8?s=96&d=mm&r=g\",\"contentUrl\":\"https:\\\/\\\/secure.gravatar.com\\\/avatar\\\/151b1b76c598ab5e749407223bd6c1bad4e41c4e95de3c3df83540ebee2deaf8?s=96&d=mm&r=g\",\"caption\":\"Redac\u00e7\u00e3o\"}}]}<\/script>\n<!-- \/ Yoast SEO plugin. -->","yoast_head_json":{"title":"\"\u00daltima Paragem\" estreia no Discovery Channel | Infocul.pt - Arquivo Digital","description":"\"\u00daltima Paragem\" estreia no Discovery Channel | Infocul.pt - Arquivo Digital","robots":{"index":"noindex","follow":"follow","max-snippet":"max-snippet:-1","max-image-preview":"max-image-preview:large","max-video-preview":"max-video-preview:-1"},"og_locale":"pt_PT","og_type":"article","og_title":"\"\u00daltima Paragem\" estreia no Discovery Channel | Infocul.pt - Arquivo Digital","og_description":"\"\u00daltima Paragem\" estreia no Discovery Channel | Infocul.pt - Arquivo Digital","og_url":"https:\/\/infocul.pt\/arquivo\/actualidade\/ultima-paragem-estreia-no-discovery-channel\/","og_site_name":"Infocul.pt - Arquivo Digital","article_publisher":"https:\/\/www.facebook.com\/Infocul-147816815585015\/","article_published_time":"2018-11-29T18:07:56+00:00","og_image":[{"width":1920,"height":1080,"url":"https:\/\/infocul.pt\/arquivo\/wp-content\/uploads\/2018\/11\/LastStopGarage_S01_Episode08.jpg","type":"image\/jpeg"}],"author":"Redac\u00e7\u00e3o","twitter_card":"summary_large_image","twitter_creator":"@Infoculpt","twitter_site":"@Infoculpt","twitter_misc":{"Escrito por":"Redac\u00e7\u00e3o","Tempo estimado de leitura":"2 minutos"},"schema":{"@context":"https:\/\/schema.org","@graph":[{"@type":"Article","@id":"https:\/\/infocul.pt\/arquivo\/actualidade\/ultima-paragem-estreia-no-discovery-channel\/#article","isPartOf":{"@id":"https:\/\/infocul.pt\/arquivo\/actualidade\/ultima-paragem-estreia-no-discovery-channel\/"},"author":{"name":"Redac\u00e7\u00e3o","@id":"https:\/\/infocul.pt\/arquivo\/#\/schema\/person\/f243f45ae8d67639120a7586884f3abc"},"headline":"&#8220;\u00daltima Paragem&#8221; estreia no Discovery Channel","datePublished":"2018-11-29T18:07:56+00:00","mainEntityOfPage":{"@id":"https:\/\/infocul.pt\/arquivo\/actualidade\/ultima-paragem-estreia-no-discovery-channel\/"},"wordCount":463,"commentCount":0,"publisher":{"@id":"https:\/\/infocul.pt\/arquivo\/#organization"},"image":{"@id":"https:\/\/infocul.pt\/arquivo\/actualidade\/ultima-paragem-estreia-no-discovery-channel\/#primaryimage"},"thumbnailUrl":"https:\/\/infocul.pt\/arquivo\/wp-content\/uploads\/2018\/11\/LastStopGarage_S01_Episode08.jpg","keywords":["Discovery Channel"],"articleSection":["Actualidade","Televis\u00e3o"],"inLanguage":"pt-PT"},{"@type":"WebPage","@id":"https:\/\/infocul.pt\/arquivo\/actualidade\/ultima-paragem-estreia-no-discovery-channel\/","url":"https:\/\/infocul.pt\/arquivo\/actualidade\/ultima-paragem-estreia-no-discovery-channel\/","name":"\"\u00daltima Paragem\" estreia no Discovery Channel | Infocul.pt - Arquivo Digital","isPartOf":{"@id":"https:\/\/infocul.pt\/arquivo\/#website"},"primaryImageOfPage":{"@id":"https:\/\/infocul.pt\/arquivo\/actualidade\/ultima-paragem-estreia-no-discovery-channel\/#primaryimage"},"image":{"@id":"https:\/\/infocul.pt\/arquivo\/actualidade\/ultima-paragem-estreia-no-discovery-channel\/#primaryimage"},"thumbnailUrl":"https:\/\/infocul.pt\/arquivo\/wp-content\/uploads\/2018\/11\/LastStopGarage_S01_Episode08.jpg","datePublished":"2018-11-29T18:07:56+00:00","description":"\"\u00daltima Paragem\" estreia no Discovery Channel | Infocul.pt - Arquivo Digital","breadcrumb":{"@id":"https:\/\/infocul.pt\/arquivo\/actualidade\/ultima-paragem-estreia-no-discovery-channel\/#breadcrumb"},"inLanguage":"pt-PT","potentialAction":[{"@type":"ReadAction","target":["https:\/\/infocul.pt\/arquivo\/actualidade\/ultima-paragem-estreia-no-discovery-channel\/"]}]},{"@type":"ImageObject","inLanguage":"pt-PT","@id":"https:\/\/infocul.pt\/arquivo\/actualidade\/ultima-paragem-estreia-no-discovery-channel\/#primaryimage","url":"https:\/\/infocul.pt\/arquivo\/wp-content\/uploads\/2018\/11\/LastStopGarage_S01_Episode08.jpg","contentUrl":"https:\/\/infocul.pt\/arquivo\/wp-content\/uploads\/2018\/11\/LastStopGarage_S01_Episode08.jpg","width":1920,"height":1080},{"@type":"BreadcrumbList","@id":"https:\/\/infocul.pt\/arquivo\/actualidade\/ultima-paragem-estreia-no-discovery-channel\/#breadcrumb","itemListElement":[{"@type":"ListItem","position":1,"name":"Home","item":"https:\/\/infocul.pt\/arquivo\/"},{"@type":"ListItem","position":2,"name":"&#8220;\u00daltima Paragem&#8221; estreia no Discovery Channel"}]},{"@type":"WebSite","@id":"https:\/\/infocul.pt\/arquivo\/#website","url":"https:\/\/infocul.pt\/arquivo\/","name":"Infocul.pt - Arquivo Digital","description":"Arquivo digital da Infocul.pt","publisher":{"@id":"https:\/\/infocul.pt\/arquivo\/#organization"},"potentialAction":[{"@type":"SearchAction","target":{"@type":"EntryPoint","urlTemplate":"https:\/\/infocul.pt\/arquivo\/?s={search_term_string}"},"query-input":{"@type":"PropertyValueSpecification","valueRequired":true,"valueName":"search_term_string"}}],"inLanguage":"pt-PT"},{"@type":"Organization","@id":"https:\/\/infocul.pt\/arquivo\/#organization","name":"Infocul.pt","url":"https:\/\/infocul.pt\/arquivo\/","logo":{"@type":"ImageObject","inLanguage":"pt-PT","@id":"https:\/\/infocul.pt\/arquivo\/#\/schema\/logo\/image\/","url":"https:\/\/infocul.pt\/arquivo\/wp-content\/uploads\/2018\/12\/Infocul_logo-1.png","contentUrl":"https:\/\/infocul.pt\/arquivo\/wp-content\/uploads\/2018\/12\/Infocul_logo-1.png","width":800,"height":800,"caption":"Infocul.pt"},"image":{"@id":"https:\/\/infocul.pt\/arquivo\/#\/schema\/logo\/image\/"},"sameAs":["https:\/\/www.facebook.com\/Infocul-147816815585015\/","https:\/\/x.com\/Infoculpt","http:\/\/www.pictaram.com\/user\/infocul.pt\/2370423710","https:\/\/www.youtube.com\/channel\/UCYEB91AGI9FL9ek2i_IaQAA"]},{"@type":"Person","@id":"https:\/\/infocul.pt\/arquivo\/#\/schema\/person\/f243f45ae8d67639120a7586884f3abc","name":"Redac\u00e7\u00e3o","image":{"@type":"ImageObject","inLanguage":"pt-PT","@id":"https:\/\/secure.gravatar.com\/avatar\/151b1b76c598ab5e749407223bd6c1bad4e41c4e95de3c3df83540ebee2deaf8?s=96&d=mm&r=g","url":"https:\/\/secure.gravatar.com\/avatar\/151b1b76c598ab5e749407223bd6c1bad4e41c4e95de3c3df83540ebee2deaf8?s=96&d=mm&r=g","contentUrl":"https:\/\/secure.gravatar.com\/avatar\/151b1b76c598ab5e749407223bd6c1bad4e41c4e95de3c3df83540ebee2deaf8?s=96&d=mm&r=g","caption":"Redac\u00e7\u00e3o"}}]}},"_links":{"self":[{"href":"https:\/\/infocul.pt\/arquivo\/wp-json\/wp\/v2\/posts\/49622","targetHints":{"allow":["GET"]}}],"collection":[{"href":"https:\/\/infocul.pt\/arquivo\/wp-json\/wp\/v2\/posts"}],"about":[{"href":"https:\/\/infocul.pt\/arquivo\/wp-json\/wp\/v2\/types\/post"}],"author":[{"embeddable":true,"href":"https:\/\/infocul.pt\/arquivo\/wp-json\/wp\/v2\/users\/13"}],"replies":[{"embeddable":true,"href":"https:\/\/infocul.pt\/arquivo\/wp-json\/wp\/v2\/comments?post=49622"}],"version-history":[{"count":0,"href":"https:\/\/infocul.pt\/arquivo\/wp-json\/wp\/v2\/posts\/49622\/revisions"}],"wp:featuredmedia":[{"embeddable":true,"href":"https:\/\/infocul.pt\/arquivo\/wp-json\/wp\/v2\/media\/49623"}],"wp:attachment":[{"href":"https:\/\/infocul.pt\/arquivo\/wp-json\/wp\/v2\/media?parent=49622"}],"wp:term":[{"taxonomy":"category","embeddable":true,"href":"https:\/\/infocul.pt\/arquivo\/wp-json\/wp\/v2\/categories?post=49622"},{"taxonomy":"post_tag","embeddable":true,"href":"https:\/\/infocul.pt\/arquivo\/wp-json\/wp\/v2\/tags?post=49622"}],"curies":[{"name":"wp","href":"https:\/\/api.w.org\/{rel}","templated":true}]}}