{"id":50082,"date":"2018-12-10T14:43:03","date_gmt":"2018-12-10T14:43:03","guid":{"rendered":"https:\/\/infocul.pt\/?p=50082"},"modified":"2018-12-10T14:43:03","modified_gmt":"2018-12-10T14:43:03","slug":"bem-vindos-a-beirais-adaptado-na-letonia","status":"publish","type":"post","link":"https:\/\/infocul.pt\/arquivo\/actualidade\/bem-vindos-a-beirais-adaptado-na-letonia\/","title":{"rendered":"&#8220;Bem-Vindos a Beirais&#8221; adaptado na Let\u00f3nia"},"content":{"rendered":"<p><a href=\"https:\/\/infocul.pt\/arquivo\/wp-content\/uploads\/2018\/12\/bem-vinddos.jpg\"><img decoding=\"async\" class=\"aligncenter wp-image-50083 size-full lazyload\" data-src=\"https:\/\/infocul.pt\/arquivo\/wp-content\/uploads\/2018\/12\/bem-vinddos.jpg\" alt=\"\" width=\"794\" height=\"894\" data-srcset=\"https:\/\/infocul.pt\/arquivo\/wp-content\/uploads\/2018\/12\/bem-vinddos.jpg 794w, https:\/\/infocul.pt\/arquivo\/wp-content\/uploads\/2018\/12\/bem-vinddos-266x300.jpg 266w, https:\/\/infocul.pt\/arquivo\/wp-content\/uploads\/2018\/12\/bem-vinddos-768x865.jpg 768w\" data-sizes=\"(max-width: 794px) 100vw, 794px\" src=\"data:image\/svg+xml;base64,PHN2ZyB3aWR0aD0iMSIgaGVpZ2h0PSIxIiB4bWxucz0iaHR0cDovL3d3dy53My5vcmcvMjAwMC9zdmciPjwvc3ZnPg==\" style=\"--smush-placeholder-width: 794px; --smush-placeholder-aspect-ratio: 794\/894;\" \/><\/a><\/p>\n<p>&nbsp;<\/p>\n<p>&nbsp;<\/p>\n<p><span style=\"color: #000000;\"><span style=\"font-family: Calibri, sans-serif;\"><span style=\"font-size: small;\">A s\u00e9rie de fic\u00e7\u00e3o nacional da RTP &#8220;Bem-vindos a Beirais\u201d, produzida pela SP Televis\u00e3o, vai ser adaptada na Let\u00f3nia. <\/span><\/span><\/span><!--more--><\/p>\n<p>&nbsp;<\/p>\n<p>&nbsp;<\/p>\n<p><span style=\"color: #000000;\"><span style=\"font-family: Calibri, sans-serif;\"><span style=\"font-size: small;\">&#8220;Bem-vindos a Beirais&#8221; constitu\u00ed um marco hist\u00f3rico para os conte\u00fados em portugu\u00eas produzidos em l\u00edngua estrangeira. A adapta\u00e7\u00e3o de \u201cBem-Vindos a Beirais\u201d constitui um facto extremamente importante para a RTP, uma vez que at\u00e9 \u00e0 data apenas formatos de s\u00e9ries, na vertente digital, tinham alcan\u00e7ado este feito.<\/span><\/span><\/span><\/p>\n<p>&nbsp;<\/p>\n<p>&nbsp;<\/p>\n<p><span style=\"color: #000000; font-family: Calibri, sans-serif; font-size: small;\">Para o director\u00a0da RTP1, Jos\u00e9 Fragoso, \u201c<em><strong>esta venda de um formato portugu\u00eas de fic\u00e7\u00e3o demonstra que o investimento consistente da RTP1 na produ\u00e7\u00e3o de s\u00e9ries nacionais est\u00e1 sintonizado com a realidade do mercado audiovisual internacional e que \u00e9 poss\u00edvel criar hist\u00f3rias em portugu\u00eas capazes de viajar para l\u00e1 das nossas fronteiras e de serem interpretadas noutras l\u00ednguas e noutras geografias<\/strong><\/em>\u201d.<\/span><\/p>\n<p>&nbsp;<\/p>\n<p>&nbsp;<\/p>\n<p><span style=\"color: #000000;\"><span style=\"font-family: Calibri, sans-serif;\"><span style=\"font-size: small;\">A primeira temporada da s\u00e9rie protagonizada por P\u00eap\u00ea Rapazote, que na Let\u00f3nia ter\u00e1 como protagonista o actor Dainis Gr\u00fcbe, ser\u00e1 emitida em prime time e tem prevista a sua estreia para o primeiro trimestre de 2019. Uma s\u00e9rie que nos conta a hist\u00f3ria de Diogo Almada (P\u00eap\u00ea Rapazote), um bem-sucedido gestor de contas numa empresa de telecomunica\u00e7\u00f5es que se confronta com problemas graves de stress e ansiedade. Numa tentativa de reaver a sua qualidade de vida, Diogo muda-se para a pequena aldeia de Beirais e tudo muda, apesar de algumas adversidades.<\/span><\/span><\/span><\/p>\n<p>&nbsp;<\/p>\n<p>&nbsp;<\/p>\n<p><span style=\"color: #000000;\"><span style=\"font-family: Calibri, sans-serif;\"><span style=\"font-size: small;\">Para P\u00eap\u00ea Rapazote, &#8220;<em><strong>\u00e9 um motivo de imenso orgulho a prova do sucesso deste formato que agora parece incontest\u00e1vel com a sua adapta\u00e7\u00e3o numa realidade t\u00e3o diferente como a let\u00e3. Ou talvez n\u00e3o. Numa observa\u00e7\u00e3o mais atenta percebemos que a hist\u00f3ria em &#8220;Bem-Vindos a Beirais&#8221; parte de uma premissa quase universal. Permitindo-me refazer a frase diria que esta not\u00edcia ser\u00e1 ent\u00e3o o resultado de uma aposta certa da RTP, de uma imensa e fant\u00e1stica escrita e tamb\u00e9m das equipas &#8211; produ\u00e7\u00e3o e maravilhoso elenco &#8211; que lhe deram corpo, aos quais estou certo, n\u00e3o ser\u00e1 alheia esta prima exporta\u00e7\u00e3o. Primeira de muitas, n\u00e3o duvido<\/strong><\/em>&#8220;.<\/span><\/span><\/span><\/p>\n<p>&nbsp;<\/p>\n<p>&nbsp;<\/p>\n<p><span style=\"color: #000000; font-family: Calibri, sans-serif; font-size: small;\">Mas as novidades n\u00e3o ficam por aqui, a conquista do mercado internacional pelos conte\u00fados da RTP \u00e9 uma realidade que j\u00e1 vai al\u00e9m da fic\u00e7\u00e3o, prova disso \u00e9 a venda da s\u00e9rie documental \u201c2077 &#8211; 10 segundos para o Futuro\u201d para o mercado europeu, a Am\u00e9rica\u00a0latina, Am\u00e9rica\u00a0do norte e \u00c1sia. Ao n\u00edvel da fic\u00e7\u00e3o nacional de destacar a s\u00e9rie Madre Paula, que conquistou o mercado da Am\u00e9rica Latina e da Europa de Leste. E a conquista do mercado polaco pela s\u00e9rie Vidago Palace.<\/span><\/p>\n<p>&nbsp;<\/p>\n<p>&nbsp;<\/p>\n","protected":false},"excerpt":{"rendered":"<p>&nbsp; &nbsp; A s\u00e9rie de fic\u00e7\u00e3o nacional da RTP &#8220;Bem-vindos a Beirais\u201d, produzida pela SP Televis\u00e3o, vai ser adaptada na Let\u00f3nia.<\/p>\n","protected":false},"author":13,"featured_media":50083,"comment_status":"open","ping_status":"closed","sticky":false,"template":"","format":"standard","meta":{"footnotes":""},"categories":[10,14],"tags":[5798,3854,904,19],"class_list":["post-50082","post","type-post","status-publish","format-standard","has-post-thumbnail","hentry","category-actualidade","category-televisao","tag-bem-vindos-a-beirais","tag-letonia","tag-pepe-rapazote","tag-rtp"],"yoast_head":"<!-- This site is optimized with the Yoast SEO plugin v27.4 - https:\/\/yoast.com\/product\/yoast-seo-wordpress\/ -->\n<title>&quot;Bem-Vindos a Beirais&quot; adaptado na Let\u00f3nia | Infocul.pt - Arquivo Digital<\/title>\n<meta name=\"description\" content=\"&quot;Bem-Vindos a Beirais&quot; adaptado na Let\u00f3nia | Infocul.pt - Arquivo Digital\" \/>\n<meta name=\"robots\" content=\"noindex, follow, max-snippet:-1, max-image-preview:large, max-video-preview:-1\" \/>\n<meta property=\"og:locale\" content=\"pt_PT\" \/>\n<meta property=\"og:type\" content=\"article\" \/>\n<meta property=\"og:title\" content=\"&quot;Bem-Vindos a Beirais&quot; adaptado na Let\u00f3nia | Infocul.pt - Arquivo Digital\" \/>\n<meta property=\"og:description\" content=\"&quot;Bem-Vindos a Beirais&quot; adaptado na Let\u00f3nia | Infocul.pt - Arquivo Digital\" \/>\n<meta property=\"og:url\" content=\"https:\/\/infocul.pt\/arquivo\/actualidade\/bem-vindos-a-beirais-adaptado-na-letonia\/\" \/>\n<meta property=\"og:site_name\" content=\"Infocul.pt - Arquivo Digital\" \/>\n<meta property=\"article:publisher\" content=\"https:\/\/www.facebook.com\/Infocul-147816815585015\/\" \/>\n<meta property=\"article:published_time\" content=\"2018-12-10T14:43:03+00:00\" \/>\n<meta property=\"og:image\" content=\"https:\/\/infocul.pt\/arquivo\/wp-content\/uploads\/2018\/12\/bem-vinddos.jpg\" \/>\n\t<meta property=\"og:image:width\" content=\"794\" \/>\n\t<meta property=\"og:image:height\" content=\"894\" \/>\n\t<meta property=\"og:image:type\" content=\"image\/jpeg\" \/>\n<meta name=\"author\" content=\"Redac\u00e7\u00e3o\" \/>\n<meta name=\"twitter:card\" content=\"summary_large_image\" \/>\n<meta name=\"twitter:creator\" content=\"@Infoculpt\" \/>\n<meta name=\"twitter:site\" content=\"@Infoculpt\" \/>\n<meta name=\"twitter:label1\" content=\"Escrito por\" \/>\n\t<meta name=\"twitter:data1\" content=\"Redac\u00e7\u00e3o\" \/>\n\t<meta name=\"twitter:label2\" content=\"Tempo estimado de leitura\" \/>\n\t<meta name=\"twitter:data2\" content=\"2 minutos\" \/>\n<script type=\"application\/ld+json\" class=\"yoast-schema-graph\">{\"@context\":\"https:\\\/\\\/schema.org\",\"@graph\":[{\"@type\":\"Article\",\"@id\":\"https:\\\/\\\/infocul.pt\\\/arquivo\\\/actualidade\\\/bem-vindos-a-beirais-adaptado-na-letonia\\\/#article\",\"isPartOf\":{\"@id\":\"https:\\\/\\\/infocul.pt\\\/arquivo\\\/actualidade\\\/bem-vindos-a-beirais-adaptado-na-letonia\\\/\"},\"author\":{\"name\":\"Redac\u00e7\u00e3o\",\"@id\":\"https:\\\/\\\/infocul.pt\\\/arquivo\\\/#\\\/schema\\\/person\\\/f243f45ae8d67639120a7586884f3abc\"},\"headline\":\"&#8220;Bem-Vindos a Beirais&#8221; adaptado na Let\u00f3nia\",\"datePublished\":\"2018-12-10T14:43:03+00:00\",\"mainEntityOfPage\":{\"@id\":\"https:\\\/\\\/infocul.pt\\\/arquivo\\\/actualidade\\\/bem-vindos-a-beirais-adaptado-na-letonia\\\/\"},\"wordCount\":474,\"commentCount\":0,\"publisher\":{\"@id\":\"https:\\\/\\\/infocul.pt\\\/arquivo\\\/#organization\"},\"image\":{\"@id\":\"https:\\\/\\\/infocul.pt\\\/arquivo\\\/actualidade\\\/bem-vindos-a-beirais-adaptado-na-letonia\\\/#primaryimage\"},\"thumbnailUrl\":\"https:\\\/\\\/infocul.pt\\\/arquivo\\\/wp-content\\\/uploads\\\/2018\\\/12\\\/bem-vinddos.jpg\",\"keywords\":[\"Bem-Vindos a Beirais\",\"Let\u00f3nia\",\"Pep\u00ea Rapazote\",\"RTP\"],\"articleSection\":[\"Actualidade\",\"Televis\u00e3o\"],\"inLanguage\":\"pt-PT\"},{\"@type\":\"WebPage\",\"@id\":\"https:\\\/\\\/infocul.pt\\\/arquivo\\\/actualidade\\\/bem-vindos-a-beirais-adaptado-na-letonia\\\/\",\"url\":\"https:\\\/\\\/infocul.pt\\\/arquivo\\\/actualidade\\\/bem-vindos-a-beirais-adaptado-na-letonia\\\/\",\"name\":\"\\\"Bem-Vindos a Beirais\\\" adaptado na Let\u00f3nia | Infocul.pt - Arquivo Digital\",\"isPartOf\":{\"@id\":\"https:\\\/\\\/infocul.pt\\\/arquivo\\\/#website\"},\"primaryImageOfPage\":{\"@id\":\"https:\\\/\\\/infocul.pt\\\/arquivo\\\/actualidade\\\/bem-vindos-a-beirais-adaptado-na-letonia\\\/#primaryimage\"},\"image\":{\"@id\":\"https:\\\/\\\/infocul.pt\\\/arquivo\\\/actualidade\\\/bem-vindos-a-beirais-adaptado-na-letonia\\\/#primaryimage\"},\"thumbnailUrl\":\"https:\\\/\\\/infocul.pt\\\/arquivo\\\/wp-content\\\/uploads\\\/2018\\\/12\\\/bem-vinddos.jpg\",\"datePublished\":\"2018-12-10T14:43:03+00:00\",\"description\":\"\\\"Bem-Vindos a Beirais\\\" adaptado na Let\u00f3nia | Infocul.pt - Arquivo Digital\",\"breadcrumb\":{\"@id\":\"https:\\\/\\\/infocul.pt\\\/arquivo\\\/actualidade\\\/bem-vindos-a-beirais-adaptado-na-letonia\\\/#breadcrumb\"},\"inLanguage\":\"pt-PT\",\"potentialAction\":[{\"@type\":\"ReadAction\",\"target\":[\"https:\\\/\\\/infocul.pt\\\/arquivo\\\/actualidade\\\/bem-vindos-a-beirais-adaptado-na-letonia\\\/\"]}]},{\"@type\":\"ImageObject\",\"inLanguage\":\"pt-PT\",\"@id\":\"https:\\\/\\\/infocul.pt\\\/arquivo\\\/actualidade\\\/bem-vindos-a-beirais-adaptado-na-letonia\\\/#primaryimage\",\"url\":\"https:\\\/\\\/infocul.pt\\\/arquivo\\\/wp-content\\\/uploads\\\/2018\\\/12\\\/bem-vinddos.jpg\",\"contentUrl\":\"https:\\\/\\\/infocul.pt\\\/arquivo\\\/wp-content\\\/uploads\\\/2018\\\/12\\\/bem-vinddos.jpg\",\"width\":794,\"height\":894},{\"@type\":\"BreadcrumbList\",\"@id\":\"https:\\\/\\\/infocul.pt\\\/arquivo\\\/actualidade\\\/bem-vindos-a-beirais-adaptado-na-letonia\\\/#breadcrumb\",\"itemListElement\":[{\"@type\":\"ListItem\",\"position\":1,\"name\":\"Home\",\"item\":\"https:\\\/\\\/infocul.pt\\\/arquivo\\\/\"},{\"@type\":\"ListItem\",\"position\":2,\"name\":\"&#8220;Bem-Vindos a Beirais&#8221; adaptado na Let\u00f3nia\"}]},{\"@type\":\"WebSite\",\"@id\":\"https:\\\/\\\/infocul.pt\\\/arquivo\\\/#website\",\"url\":\"https:\\\/\\\/infocul.pt\\\/arquivo\\\/\",\"name\":\"Infocul.pt - Arquivo Digital\",\"description\":\"Arquivo digital da Infocul.pt\",\"publisher\":{\"@id\":\"https:\\\/\\\/infocul.pt\\\/arquivo\\\/#organization\"},\"potentialAction\":[{\"@type\":\"SearchAction\",\"target\":{\"@type\":\"EntryPoint\",\"urlTemplate\":\"https:\\\/\\\/infocul.pt\\\/arquivo\\\/?s={search_term_string}\"},\"query-input\":{\"@type\":\"PropertyValueSpecification\",\"valueRequired\":true,\"valueName\":\"search_term_string\"}}],\"inLanguage\":\"pt-PT\"},{\"@type\":\"Organization\",\"@id\":\"https:\\\/\\\/infocul.pt\\\/arquivo\\\/#organization\",\"name\":\"Infocul.pt\",\"url\":\"https:\\\/\\\/infocul.pt\\\/arquivo\\\/\",\"logo\":{\"@type\":\"ImageObject\",\"inLanguage\":\"pt-PT\",\"@id\":\"https:\\\/\\\/infocul.pt\\\/arquivo\\\/#\\\/schema\\\/logo\\\/image\\\/\",\"url\":\"https:\\\/\\\/infocul.pt\\\/arquivo\\\/wp-content\\\/uploads\\\/2018\\\/12\\\/Infocul_logo-1.png\",\"contentUrl\":\"https:\\\/\\\/infocul.pt\\\/arquivo\\\/wp-content\\\/uploads\\\/2018\\\/12\\\/Infocul_logo-1.png\",\"width\":800,\"height\":800,\"caption\":\"Infocul.pt\"},\"image\":{\"@id\":\"https:\\\/\\\/infocul.pt\\\/arquivo\\\/#\\\/schema\\\/logo\\\/image\\\/\"},\"sameAs\":[\"https:\\\/\\\/www.facebook.com\\\/Infocul-147816815585015\\\/\",\"https:\\\/\\\/x.com\\\/Infoculpt\",\"http:\\\/\\\/www.pictaram.com\\\/user\\\/infocul.pt\\\/2370423710\",\"https:\\\/\\\/www.youtube.com\\\/channel\\\/UCYEB91AGI9FL9ek2i_IaQAA\"]},{\"@type\":\"Person\",\"@id\":\"https:\\\/\\\/infocul.pt\\\/arquivo\\\/#\\\/schema\\\/person\\\/f243f45ae8d67639120a7586884f3abc\",\"name\":\"Redac\u00e7\u00e3o\",\"image\":{\"@type\":\"ImageObject\",\"inLanguage\":\"pt-PT\",\"@id\":\"https:\\\/\\\/secure.gravatar.com\\\/avatar\\\/151b1b76c598ab5e749407223bd6c1bad4e41c4e95de3c3df83540ebee2deaf8?s=96&d=mm&r=g\",\"url\":\"https:\\\/\\\/secure.gravatar.com\\\/avatar\\\/151b1b76c598ab5e749407223bd6c1bad4e41c4e95de3c3df83540ebee2deaf8?s=96&d=mm&r=g\",\"contentUrl\":\"https:\\\/\\\/secure.gravatar.com\\\/avatar\\\/151b1b76c598ab5e749407223bd6c1bad4e41c4e95de3c3df83540ebee2deaf8?s=96&d=mm&r=g\",\"caption\":\"Redac\u00e7\u00e3o\"}}]}<\/script>\n<!-- \/ Yoast SEO plugin. -->","yoast_head_json":{"title":"\"Bem-Vindos a Beirais\" adaptado na Let\u00f3nia | Infocul.pt - Arquivo Digital","description":"\"Bem-Vindos a Beirais\" adaptado na Let\u00f3nia | Infocul.pt - Arquivo Digital","robots":{"index":"noindex","follow":"follow","max-snippet":"max-snippet:-1","max-image-preview":"max-image-preview:large","max-video-preview":"max-video-preview:-1"},"og_locale":"pt_PT","og_type":"article","og_title":"\"Bem-Vindos a Beirais\" adaptado na Let\u00f3nia | Infocul.pt - Arquivo Digital","og_description":"\"Bem-Vindos a Beirais\" adaptado na Let\u00f3nia | Infocul.pt - Arquivo Digital","og_url":"https:\/\/infocul.pt\/arquivo\/actualidade\/bem-vindos-a-beirais-adaptado-na-letonia\/","og_site_name":"Infocul.pt - Arquivo Digital","article_publisher":"https:\/\/www.facebook.com\/Infocul-147816815585015\/","article_published_time":"2018-12-10T14:43:03+00:00","og_image":[{"width":794,"height":894,"url":"https:\/\/infocul.pt\/arquivo\/wp-content\/uploads\/2018\/12\/bem-vinddos.jpg","type":"image\/jpeg"}],"author":"Redac\u00e7\u00e3o","twitter_card":"summary_large_image","twitter_creator":"@Infoculpt","twitter_site":"@Infoculpt","twitter_misc":{"Escrito por":"Redac\u00e7\u00e3o","Tempo estimado de leitura":"2 minutos"},"schema":{"@context":"https:\/\/schema.org","@graph":[{"@type":"Article","@id":"https:\/\/infocul.pt\/arquivo\/actualidade\/bem-vindos-a-beirais-adaptado-na-letonia\/#article","isPartOf":{"@id":"https:\/\/infocul.pt\/arquivo\/actualidade\/bem-vindos-a-beirais-adaptado-na-letonia\/"},"author":{"name":"Redac\u00e7\u00e3o","@id":"https:\/\/infocul.pt\/arquivo\/#\/schema\/person\/f243f45ae8d67639120a7586884f3abc"},"headline":"&#8220;Bem-Vindos a Beirais&#8221; adaptado na Let\u00f3nia","datePublished":"2018-12-10T14:43:03+00:00","mainEntityOfPage":{"@id":"https:\/\/infocul.pt\/arquivo\/actualidade\/bem-vindos-a-beirais-adaptado-na-letonia\/"},"wordCount":474,"commentCount":0,"publisher":{"@id":"https:\/\/infocul.pt\/arquivo\/#organization"},"image":{"@id":"https:\/\/infocul.pt\/arquivo\/actualidade\/bem-vindos-a-beirais-adaptado-na-letonia\/#primaryimage"},"thumbnailUrl":"https:\/\/infocul.pt\/arquivo\/wp-content\/uploads\/2018\/12\/bem-vinddos.jpg","keywords":["Bem-Vindos a Beirais","Let\u00f3nia","Pep\u00ea Rapazote","RTP"],"articleSection":["Actualidade","Televis\u00e3o"],"inLanguage":"pt-PT"},{"@type":"WebPage","@id":"https:\/\/infocul.pt\/arquivo\/actualidade\/bem-vindos-a-beirais-adaptado-na-letonia\/","url":"https:\/\/infocul.pt\/arquivo\/actualidade\/bem-vindos-a-beirais-adaptado-na-letonia\/","name":"\"Bem-Vindos a Beirais\" adaptado na Let\u00f3nia | Infocul.pt - Arquivo Digital","isPartOf":{"@id":"https:\/\/infocul.pt\/arquivo\/#website"},"primaryImageOfPage":{"@id":"https:\/\/infocul.pt\/arquivo\/actualidade\/bem-vindos-a-beirais-adaptado-na-letonia\/#primaryimage"},"image":{"@id":"https:\/\/infocul.pt\/arquivo\/actualidade\/bem-vindos-a-beirais-adaptado-na-letonia\/#primaryimage"},"thumbnailUrl":"https:\/\/infocul.pt\/arquivo\/wp-content\/uploads\/2018\/12\/bem-vinddos.jpg","datePublished":"2018-12-10T14:43:03+00:00","description":"\"Bem-Vindos a Beirais\" adaptado na Let\u00f3nia | Infocul.pt - Arquivo Digital","breadcrumb":{"@id":"https:\/\/infocul.pt\/arquivo\/actualidade\/bem-vindos-a-beirais-adaptado-na-letonia\/#breadcrumb"},"inLanguage":"pt-PT","potentialAction":[{"@type":"ReadAction","target":["https:\/\/infocul.pt\/arquivo\/actualidade\/bem-vindos-a-beirais-adaptado-na-letonia\/"]}]},{"@type":"ImageObject","inLanguage":"pt-PT","@id":"https:\/\/infocul.pt\/arquivo\/actualidade\/bem-vindos-a-beirais-adaptado-na-letonia\/#primaryimage","url":"https:\/\/infocul.pt\/arquivo\/wp-content\/uploads\/2018\/12\/bem-vinddos.jpg","contentUrl":"https:\/\/infocul.pt\/arquivo\/wp-content\/uploads\/2018\/12\/bem-vinddos.jpg","width":794,"height":894},{"@type":"BreadcrumbList","@id":"https:\/\/infocul.pt\/arquivo\/actualidade\/bem-vindos-a-beirais-adaptado-na-letonia\/#breadcrumb","itemListElement":[{"@type":"ListItem","position":1,"name":"Home","item":"https:\/\/infocul.pt\/arquivo\/"},{"@type":"ListItem","position":2,"name":"&#8220;Bem-Vindos a Beirais&#8221; adaptado na Let\u00f3nia"}]},{"@type":"WebSite","@id":"https:\/\/infocul.pt\/arquivo\/#website","url":"https:\/\/infocul.pt\/arquivo\/","name":"Infocul.pt - Arquivo Digital","description":"Arquivo digital da Infocul.pt","publisher":{"@id":"https:\/\/infocul.pt\/arquivo\/#organization"},"potentialAction":[{"@type":"SearchAction","target":{"@type":"EntryPoint","urlTemplate":"https:\/\/infocul.pt\/arquivo\/?s={search_term_string}"},"query-input":{"@type":"PropertyValueSpecification","valueRequired":true,"valueName":"search_term_string"}}],"inLanguage":"pt-PT"},{"@type":"Organization","@id":"https:\/\/infocul.pt\/arquivo\/#organization","name":"Infocul.pt","url":"https:\/\/infocul.pt\/arquivo\/","logo":{"@type":"ImageObject","inLanguage":"pt-PT","@id":"https:\/\/infocul.pt\/arquivo\/#\/schema\/logo\/image\/","url":"https:\/\/infocul.pt\/arquivo\/wp-content\/uploads\/2018\/12\/Infocul_logo-1.png","contentUrl":"https:\/\/infocul.pt\/arquivo\/wp-content\/uploads\/2018\/12\/Infocul_logo-1.png","width":800,"height":800,"caption":"Infocul.pt"},"image":{"@id":"https:\/\/infocul.pt\/arquivo\/#\/schema\/logo\/image\/"},"sameAs":["https:\/\/www.facebook.com\/Infocul-147816815585015\/","https:\/\/x.com\/Infoculpt","http:\/\/www.pictaram.com\/user\/infocul.pt\/2370423710","https:\/\/www.youtube.com\/channel\/UCYEB91AGI9FL9ek2i_IaQAA"]},{"@type":"Person","@id":"https:\/\/infocul.pt\/arquivo\/#\/schema\/person\/f243f45ae8d67639120a7586884f3abc","name":"Redac\u00e7\u00e3o","image":{"@type":"ImageObject","inLanguage":"pt-PT","@id":"https:\/\/secure.gravatar.com\/avatar\/151b1b76c598ab5e749407223bd6c1bad4e41c4e95de3c3df83540ebee2deaf8?s=96&d=mm&r=g","url":"https:\/\/secure.gravatar.com\/avatar\/151b1b76c598ab5e749407223bd6c1bad4e41c4e95de3c3df83540ebee2deaf8?s=96&d=mm&r=g","contentUrl":"https:\/\/secure.gravatar.com\/avatar\/151b1b76c598ab5e749407223bd6c1bad4e41c4e95de3c3df83540ebee2deaf8?s=96&d=mm&r=g","caption":"Redac\u00e7\u00e3o"}}]}},"_links":{"self":[{"href":"https:\/\/infocul.pt\/arquivo\/wp-json\/wp\/v2\/posts\/50082","targetHints":{"allow":["GET"]}}],"collection":[{"href":"https:\/\/infocul.pt\/arquivo\/wp-json\/wp\/v2\/posts"}],"about":[{"href":"https:\/\/infocul.pt\/arquivo\/wp-json\/wp\/v2\/types\/post"}],"author":[{"embeddable":true,"href":"https:\/\/infocul.pt\/arquivo\/wp-json\/wp\/v2\/users\/13"}],"replies":[{"embeddable":true,"href":"https:\/\/infocul.pt\/arquivo\/wp-json\/wp\/v2\/comments?post=50082"}],"version-history":[{"count":0,"href":"https:\/\/infocul.pt\/arquivo\/wp-json\/wp\/v2\/posts\/50082\/revisions"}],"wp:featuredmedia":[{"embeddable":true,"href":"https:\/\/infocul.pt\/arquivo\/wp-json\/wp\/v2\/media\/50083"}],"wp:attachment":[{"href":"https:\/\/infocul.pt\/arquivo\/wp-json\/wp\/v2\/media?parent=50082"}],"wp:term":[{"taxonomy":"category","embeddable":true,"href":"https:\/\/infocul.pt\/arquivo\/wp-json\/wp\/v2\/categories?post=50082"},{"taxonomy":"post_tag","embeddable":true,"href":"https:\/\/infocul.pt\/arquivo\/wp-json\/wp\/v2\/tags?post=50082"}],"curies":[{"name":"wp","href":"https:\/\/api.w.org\/{rel}","templated":true}]}}