{"id":50939,"date":"2019-01-01T00:00:44","date_gmt":"2019-01-01T00:00:44","guid":{"rendered":"https:\/\/infocul.pt\/?p=50939"},"modified":"2018-12-27T22:58:59","modified_gmt":"2018-12-27T22:58:59","slug":"fidjus-di-terra-leva-a-musica-da-guine-ao-casino-estoril","status":"publish","type":"post","link":"https:\/\/infocul.pt\/arquivo\/cultura\/fidjus-di-terra-leva-a-musica-da-guine-ao-casino-estoril\/","title":{"rendered":"\u201cFidjus di Terra\u201d leva a m\u00fasica da Guin\u00e9 ao Casino Estoril"},"content":{"rendered":"<p><img decoding=\"async\" class=\"aligncenter wp-image-50941 size-large lazyload\" data-src=\"https:\/\/infocul.pt\/arquivo\/wp-content\/uploads\/2018\/12\/Casino-Estoril-acolhe-Fidjus-di-Terra-a-31-de-Janeiro-792x1024.jpg\" alt=\"\" width=\"792\" height=\"1024\" data-srcset=\"https:\/\/infocul.pt\/arquivo\/wp-content\/uploads\/2018\/12\/Casino-Estoril-acolhe-Fidjus-di-Terra-a-31-de-Janeiro-792x1024.jpg 792w, https:\/\/infocul.pt\/arquivo\/wp-content\/uploads\/2018\/12\/Casino-Estoril-acolhe-Fidjus-di-Terra-a-31-de-Janeiro-232x300.jpg 232w, https:\/\/infocul.pt\/arquivo\/wp-content\/uploads\/2018\/12\/Casino-Estoril-acolhe-Fidjus-di-Terra-a-31-de-Janeiro-768x993.jpg 768w, https:\/\/infocul.pt\/arquivo\/wp-content\/uploads\/2018\/12\/Casino-Estoril-acolhe-Fidjus-di-Terra-a-31-de-Janeiro.jpg 1223w\" data-sizes=\"(max-width: 792px) 100vw, 792px\" src=\"data:image\/svg+xml;base64,PHN2ZyB3aWR0aD0iMSIgaGVpZ2h0PSIxIiB4bWxucz0iaHR0cDovL3d3dy53My5vcmcvMjAwMC9zdmciPjwvc3ZnPg==\" style=\"--smush-placeholder-width: 792px; --smush-placeholder-aspect-ratio: 792\/1024;\" \/><\/p>\n<p>&nbsp;<\/p>\n<p>&nbsp;<\/p>\n<p>&nbsp;<\/p>\n<p><span style=\"font-family: Calibri, sans-serif; font-size: small;\">O Casino Estoril recebe a 31 de Janeiro, pelas 21:30, o concerto \u201cFidjus di Terra\u201d no Sal\u00e3o Preto e Prata.<\/span><!--more--><\/p>\n<p>&nbsp;<\/p>\n<p>&nbsp;<\/p>\n<p><span style=\"font-family: Calibri, sans-serif;\"><span style=\"font-size: small;\">Em palco estar\u00e3o Mamadu Baio, Iragrett Tavares, Maio Coop\u00e9, Anast\u00e1cio de Djens ou Eric Dar\u00f3, entre outros conceituados artistas guineenses.<\/span><\/span><\/p>\n<p>&nbsp;<\/p>\n<p>&nbsp;<\/p>\n<p>\u201c<span style=\"font-family: Calibri, sans-serif;\"><span style=\"font-size: small;\"><strong>O concerto \u201cFidjus di Terra\u201d visa promover a tradi\u00e7\u00e3o e originalidade da m\u00fasica guineense. Com muito ritmo e dan\u00e7a, as mais genu\u00ednas sonoridades da Guin\u00e9-Bissau estar\u00e3o representadas com diversos instrumentos t\u00edpicos que est\u00e3o na origem de muitos outros que hoje conhecemos como, por exemplo, o Kora, Tina (tambor de \u00e1gua) ou o Djemb\u00ea. A Made in Guin\u00e9-Bissau tem como objectivo primordial divulgar o melhor da arte e cultura guineense pelas mais conceituadas salas de espect\u00e1culos do mundo. O concerto \u201cFidjus di Terra\u201d estar\u00e1, deste vez, em destaque no Sal\u00e3o Preto e Prata que acolhe os melhores m\u00fasicos e vozes de grandes estrelas Guineenses, com ritmos Afro-Mandinga, Gumb\u00e9 e Pop. O p\u00fablico poder\u00e1 acompanhar as actua\u00e7\u00f5es de artistas com diferentes tipos de sonoridades, que se complementam na harmonia da diversidade musical guineense. Desde o mais tradicional e intimista da cultura afro mandinga ao Pop de Eric Daro. Estar\u00e1, ainda, em evid\u00eancia o grupo de dan\u00e7as tradicionais; \u201cMandjuandade\u201d, que apresenta ao p\u00fablico genu\u00ednas dan\u00e7as e cantos guineenses, em ritmos verdadeiramente contagiantes<\/strong>\u201d, refere o casino.<\/span><\/span><\/p>\n<p>&nbsp;<\/p>\n<p>&nbsp;<\/p>\n","protected":false},"excerpt":{"rendered":"<p>&nbsp; &nbsp; &nbsp; O Casino Estoril recebe a 31 de Janeiro, pelas 21:30, o concerto \u201cFidjus di Terra\u201d no Sal\u00e3o Preto e Prata.<\/p>\n","protected":false},"author":13,"featured_media":50941,"comment_status":"open","ping_status":"closed","sticky":false,"template":"","format":"standard","meta":{"footnotes":""},"categories":[3,2],"tags":[3338,6071,50,6072,6067,6069,6070,6068],"class_list":["post-50939","post","type-post","status-publish","format-standard","has-post-thumbnail","hentry","category-concertos","category-cultura","tag-africa","tag-anastacio-de-djens","tag-casino-estoril","tag-eric-daro","tag-guine","tag-iragrett-tavares","tag-maio-coope","tag-mamadu-baio"],"yoast_head":"<!-- This site is optimized with the Yoast SEO plugin v27.4 - https:\/\/yoast.com\/product\/yoast-seo-wordpress\/ -->\n<title>\u201cFidjus di Terra\u201d leva a m\u00fasica da Guin\u00e9 ao Casino Estoril | Infocul.pt - Arquivo Digital<\/title>\n<meta name=\"description\" content=\"\u201cFidjus di Terra\u201d leva a m\u00fasica da Guin\u00e9 ao Casino Estoril | Infocul.pt - Arquivo Digital\" \/>\n<meta name=\"robots\" content=\"noindex, follow, max-snippet:-1, max-image-preview:large, max-video-preview:-1\" \/>\n<meta property=\"og:locale\" content=\"pt_PT\" \/>\n<meta property=\"og:type\" content=\"article\" \/>\n<meta property=\"og:title\" content=\"\u201cFidjus di Terra\u201d leva a m\u00fasica da Guin\u00e9 ao Casino Estoril | Infocul.pt - Arquivo Digital\" \/>\n<meta property=\"og:description\" content=\"\u201cFidjus di Terra\u201d leva a m\u00fasica da Guin\u00e9 ao Casino Estoril | Infocul.pt - Arquivo Digital\" \/>\n<meta property=\"og:url\" content=\"https:\/\/infocul.pt\/arquivo\/cultura\/fidjus-di-terra-leva-a-musica-da-guine-ao-casino-estoril\/\" \/>\n<meta property=\"og:site_name\" content=\"Infocul.pt - Arquivo Digital\" \/>\n<meta property=\"article:publisher\" content=\"https:\/\/www.facebook.com\/Infocul-147816815585015\/\" \/>\n<meta property=\"article:published_time\" content=\"2019-01-01T00:00:44+00:00\" \/>\n<meta property=\"og:image\" content=\"https:\/\/infocul.pt\/arquivo\/wp-content\/uploads\/2018\/12\/Casino-Estoril-acolhe-Fidjus-di-Terra-a-31-de-Janeiro.jpg\" \/>\n\t<meta property=\"og:image:width\" content=\"1223\" \/>\n\t<meta property=\"og:image:height\" content=\"1582\" \/>\n\t<meta property=\"og:image:type\" content=\"image\/jpeg\" \/>\n<meta name=\"author\" content=\"Redac\u00e7\u00e3o\" \/>\n<meta name=\"twitter:card\" content=\"summary_large_image\" \/>\n<meta name=\"twitter:creator\" content=\"@Infoculpt\" \/>\n<meta name=\"twitter:site\" content=\"@Infoculpt\" \/>\n<meta name=\"twitter:label1\" content=\"Escrito por\" \/>\n\t<meta name=\"twitter:data1\" content=\"Redac\u00e7\u00e3o\" \/>\n\t<meta name=\"twitter:label2\" content=\"Tempo estimado de leitura\" \/>\n\t<meta name=\"twitter:data2\" content=\"1 minuto\" \/>\n<script type=\"application\/ld+json\" class=\"yoast-schema-graph\">{\"@context\":\"https:\\\/\\\/schema.org\",\"@graph\":[{\"@type\":\"Article\",\"@id\":\"https:\\\/\\\/infocul.pt\\\/arquivo\\\/cultura\\\/fidjus-di-terra-leva-a-musica-da-guine-ao-casino-estoril\\\/#article\",\"isPartOf\":{\"@id\":\"https:\\\/\\\/infocul.pt\\\/arquivo\\\/cultura\\\/fidjus-di-terra-leva-a-musica-da-guine-ao-casino-estoril\\\/\"},\"author\":{\"name\":\"Redac\u00e7\u00e3o\",\"@id\":\"https:\\\/\\\/infocul.pt\\\/arquivo\\\/#\\\/schema\\\/person\\\/f243f45ae8d67639120a7586884f3abc\"},\"headline\":\"\u201cFidjus di Terra\u201d leva a m\u00fasica da Guin\u00e9 ao Casino Estoril\",\"datePublished\":\"2019-01-01T00:00:44+00:00\",\"mainEntityOfPage\":{\"@id\":\"https:\\\/\\\/infocul.pt\\\/arquivo\\\/cultura\\\/fidjus-di-terra-leva-a-musica-da-guine-ao-casino-estoril\\\/\"},\"wordCount\":253,\"commentCount\":0,\"publisher\":{\"@id\":\"https:\\\/\\\/infocul.pt\\\/arquivo\\\/#organization\"},\"image\":{\"@id\":\"https:\\\/\\\/infocul.pt\\\/arquivo\\\/cultura\\\/fidjus-di-terra-leva-a-musica-da-guine-ao-casino-estoril\\\/#primaryimage\"},\"thumbnailUrl\":\"https:\\\/\\\/infocul.pt\\\/arquivo\\\/wp-content\\\/uploads\\\/2018\\\/12\\\/Casino-Estoril-acolhe-Fidjus-di-Terra-a-31-de-Janeiro.jpg\",\"keywords\":[\"\u00c1frica\",\"Anast\u00e1cio de Djens\",\"Casino Estoril\",\"Eric Dar\u00f3\",\"Guin\u00e9\",\"Iragrett Tavares\",\"Maio Coop\u00e9\",\"Mamadu Baio\"],\"articleSection\":[\"Concertos\",\"Cultura\"],\"inLanguage\":\"pt-PT\"},{\"@type\":\"WebPage\",\"@id\":\"https:\\\/\\\/infocul.pt\\\/arquivo\\\/cultura\\\/fidjus-di-terra-leva-a-musica-da-guine-ao-casino-estoril\\\/\",\"url\":\"https:\\\/\\\/infocul.pt\\\/arquivo\\\/cultura\\\/fidjus-di-terra-leva-a-musica-da-guine-ao-casino-estoril\\\/\",\"name\":\"\u201cFidjus di Terra\u201d leva a m\u00fasica da Guin\u00e9 ao Casino Estoril | Infocul.pt - Arquivo Digital\",\"isPartOf\":{\"@id\":\"https:\\\/\\\/infocul.pt\\\/arquivo\\\/#website\"},\"primaryImageOfPage\":{\"@id\":\"https:\\\/\\\/infocul.pt\\\/arquivo\\\/cultura\\\/fidjus-di-terra-leva-a-musica-da-guine-ao-casino-estoril\\\/#primaryimage\"},\"image\":{\"@id\":\"https:\\\/\\\/infocul.pt\\\/arquivo\\\/cultura\\\/fidjus-di-terra-leva-a-musica-da-guine-ao-casino-estoril\\\/#primaryimage\"},\"thumbnailUrl\":\"https:\\\/\\\/infocul.pt\\\/arquivo\\\/wp-content\\\/uploads\\\/2018\\\/12\\\/Casino-Estoril-acolhe-Fidjus-di-Terra-a-31-de-Janeiro.jpg\",\"datePublished\":\"2019-01-01T00:00:44+00:00\",\"description\":\"\u201cFidjus di Terra\u201d leva a m\u00fasica da Guin\u00e9 ao Casino Estoril | Infocul.pt - Arquivo Digital\",\"breadcrumb\":{\"@id\":\"https:\\\/\\\/infocul.pt\\\/arquivo\\\/cultura\\\/fidjus-di-terra-leva-a-musica-da-guine-ao-casino-estoril\\\/#breadcrumb\"},\"inLanguage\":\"pt-PT\",\"potentialAction\":[{\"@type\":\"ReadAction\",\"target\":[\"https:\\\/\\\/infocul.pt\\\/arquivo\\\/cultura\\\/fidjus-di-terra-leva-a-musica-da-guine-ao-casino-estoril\\\/\"]}]},{\"@type\":\"ImageObject\",\"inLanguage\":\"pt-PT\",\"@id\":\"https:\\\/\\\/infocul.pt\\\/arquivo\\\/cultura\\\/fidjus-di-terra-leva-a-musica-da-guine-ao-casino-estoril\\\/#primaryimage\",\"url\":\"https:\\\/\\\/infocul.pt\\\/arquivo\\\/wp-content\\\/uploads\\\/2018\\\/12\\\/Casino-Estoril-acolhe-Fidjus-di-Terra-a-31-de-Janeiro.jpg\",\"contentUrl\":\"https:\\\/\\\/infocul.pt\\\/arquivo\\\/wp-content\\\/uploads\\\/2018\\\/12\\\/Casino-Estoril-acolhe-Fidjus-di-Terra-a-31-de-Janeiro.jpg\",\"width\":1223,\"height\":1582},{\"@type\":\"BreadcrumbList\",\"@id\":\"https:\\\/\\\/infocul.pt\\\/arquivo\\\/cultura\\\/fidjus-di-terra-leva-a-musica-da-guine-ao-casino-estoril\\\/#breadcrumb\",\"itemListElement\":[{\"@type\":\"ListItem\",\"position\":1,\"name\":\"Home\",\"item\":\"https:\\\/\\\/infocul.pt\\\/arquivo\\\/\"},{\"@type\":\"ListItem\",\"position\":2,\"name\":\"\u201cFidjus di Terra\u201d leva a m\u00fasica da Guin\u00e9 ao Casino Estoril\"}]},{\"@type\":\"WebSite\",\"@id\":\"https:\\\/\\\/infocul.pt\\\/arquivo\\\/#website\",\"url\":\"https:\\\/\\\/infocul.pt\\\/arquivo\\\/\",\"name\":\"Infocul.pt - Arquivo Digital\",\"description\":\"Arquivo digital da Infocul.pt\",\"publisher\":{\"@id\":\"https:\\\/\\\/infocul.pt\\\/arquivo\\\/#organization\"},\"potentialAction\":[{\"@type\":\"SearchAction\",\"target\":{\"@type\":\"EntryPoint\",\"urlTemplate\":\"https:\\\/\\\/infocul.pt\\\/arquivo\\\/?s={search_term_string}\"},\"query-input\":{\"@type\":\"PropertyValueSpecification\",\"valueRequired\":true,\"valueName\":\"search_term_string\"}}],\"inLanguage\":\"pt-PT\"},{\"@type\":\"Organization\",\"@id\":\"https:\\\/\\\/infocul.pt\\\/arquivo\\\/#organization\",\"name\":\"Infocul.pt\",\"url\":\"https:\\\/\\\/infocul.pt\\\/arquivo\\\/\",\"logo\":{\"@type\":\"ImageObject\",\"inLanguage\":\"pt-PT\",\"@id\":\"https:\\\/\\\/infocul.pt\\\/arquivo\\\/#\\\/schema\\\/logo\\\/image\\\/\",\"url\":\"https:\\\/\\\/infocul.pt\\\/arquivo\\\/wp-content\\\/uploads\\\/2018\\\/12\\\/Infocul_logo-1.png\",\"contentUrl\":\"https:\\\/\\\/infocul.pt\\\/arquivo\\\/wp-content\\\/uploads\\\/2018\\\/12\\\/Infocul_logo-1.png\",\"width\":800,\"height\":800,\"caption\":\"Infocul.pt\"},\"image\":{\"@id\":\"https:\\\/\\\/infocul.pt\\\/arquivo\\\/#\\\/schema\\\/logo\\\/image\\\/\"},\"sameAs\":[\"https:\\\/\\\/www.facebook.com\\\/Infocul-147816815585015\\\/\",\"https:\\\/\\\/x.com\\\/Infoculpt\",\"http:\\\/\\\/www.pictaram.com\\\/user\\\/infocul.pt\\\/2370423710\",\"https:\\\/\\\/www.youtube.com\\\/channel\\\/UCYEB91AGI9FL9ek2i_IaQAA\"]},{\"@type\":\"Person\",\"@id\":\"https:\\\/\\\/infocul.pt\\\/arquivo\\\/#\\\/schema\\\/person\\\/f243f45ae8d67639120a7586884f3abc\",\"name\":\"Redac\u00e7\u00e3o\",\"image\":{\"@type\":\"ImageObject\",\"inLanguage\":\"pt-PT\",\"@id\":\"https:\\\/\\\/secure.gravatar.com\\\/avatar\\\/151b1b76c598ab5e749407223bd6c1bad4e41c4e95de3c3df83540ebee2deaf8?s=96&d=mm&r=g\",\"url\":\"https:\\\/\\\/secure.gravatar.com\\\/avatar\\\/151b1b76c598ab5e749407223bd6c1bad4e41c4e95de3c3df83540ebee2deaf8?s=96&d=mm&r=g\",\"contentUrl\":\"https:\\\/\\\/secure.gravatar.com\\\/avatar\\\/151b1b76c598ab5e749407223bd6c1bad4e41c4e95de3c3df83540ebee2deaf8?s=96&d=mm&r=g\",\"caption\":\"Redac\u00e7\u00e3o\"}}]}<\/script>\n<!-- \/ Yoast SEO plugin. -->","yoast_head_json":{"title":"\u201cFidjus di Terra\u201d leva a m\u00fasica da Guin\u00e9 ao Casino Estoril | Infocul.pt - Arquivo Digital","description":"\u201cFidjus di Terra\u201d leva a m\u00fasica da Guin\u00e9 ao Casino Estoril | Infocul.pt - Arquivo Digital","robots":{"index":"noindex","follow":"follow","max-snippet":"max-snippet:-1","max-image-preview":"max-image-preview:large","max-video-preview":"max-video-preview:-1"},"og_locale":"pt_PT","og_type":"article","og_title":"\u201cFidjus di Terra\u201d leva a m\u00fasica da Guin\u00e9 ao Casino Estoril | Infocul.pt - Arquivo Digital","og_description":"\u201cFidjus di Terra\u201d leva a m\u00fasica da Guin\u00e9 ao Casino Estoril | Infocul.pt - Arquivo Digital","og_url":"https:\/\/infocul.pt\/arquivo\/cultura\/fidjus-di-terra-leva-a-musica-da-guine-ao-casino-estoril\/","og_site_name":"Infocul.pt - Arquivo Digital","article_publisher":"https:\/\/www.facebook.com\/Infocul-147816815585015\/","article_published_time":"2019-01-01T00:00:44+00:00","og_image":[{"width":1223,"height":1582,"url":"https:\/\/infocul.pt\/arquivo\/wp-content\/uploads\/2018\/12\/Casino-Estoril-acolhe-Fidjus-di-Terra-a-31-de-Janeiro.jpg","type":"image\/jpeg"}],"author":"Redac\u00e7\u00e3o","twitter_card":"summary_large_image","twitter_creator":"@Infoculpt","twitter_site":"@Infoculpt","twitter_misc":{"Escrito por":"Redac\u00e7\u00e3o","Tempo estimado de leitura":"1 minuto"},"schema":{"@context":"https:\/\/schema.org","@graph":[{"@type":"Article","@id":"https:\/\/infocul.pt\/arquivo\/cultura\/fidjus-di-terra-leva-a-musica-da-guine-ao-casino-estoril\/#article","isPartOf":{"@id":"https:\/\/infocul.pt\/arquivo\/cultura\/fidjus-di-terra-leva-a-musica-da-guine-ao-casino-estoril\/"},"author":{"name":"Redac\u00e7\u00e3o","@id":"https:\/\/infocul.pt\/arquivo\/#\/schema\/person\/f243f45ae8d67639120a7586884f3abc"},"headline":"\u201cFidjus di Terra\u201d leva a m\u00fasica da Guin\u00e9 ao Casino Estoril","datePublished":"2019-01-01T00:00:44+00:00","mainEntityOfPage":{"@id":"https:\/\/infocul.pt\/arquivo\/cultura\/fidjus-di-terra-leva-a-musica-da-guine-ao-casino-estoril\/"},"wordCount":253,"commentCount":0,"publisher":{"@id":"https:\/\/infocul.pt\/arquivo\/#organization"},"image":{"@id":"https:\/\/infocul.pt\/arquivo\/cultura\/fidjus-di-terra-leva-a-musica-da-guine-ao-casino-estoril\/#primaryimage"},"thumbnailUrl":"https:\/\/infocul.pt\/arquivo\/wp-content\/uploads\/2018\/12\/Casino-Estoril-acolhe-Fidjus-di-Terra-a-31-de-Janeiro.jpg","keywords":["\u00c1frica","Anast\u00e1cio de Djens","Casino Estoril","Eric Dar\u00f3","Guin\u00e9","Iragrett Tavares","Maio Coop\u00e9","Mamadu Baio"],"articleSection":["Concertos","Cultura"],"inLanguage":"pt-PT"},{"@type":"WebPage","@id":"https:\/\/infocul.pt\/arquivo\/cultura\/fidjus-di-terra-leva-a-musica-da-guine-ao-casino-estoril\/","url":"https:\/\/infocul.pt\/arquivo\/cultura\/fidjus-di-terra-leva-a-musica-da-guine-ao-casino-estoril\/","name":"\u201cFidjus di Terra\u201d leva a m\u00fasica da Guin\u00e9 ao Casino Estoril | Infocul.pt - Arquivo Digital","isPartOf":{"@id":"https:\/\/infocul.pt\/arquivo\/#website"},"primaryImageOfPage":{"@id":"https:\/\/infocul.pt\/arquivo\/cultura\/fidjus-di-terra-leva-a-musica-da-guine-ao-casino-estoril\/#primaryimage"},"image":{"@id":"https:\/\/infocul.pt\/arquivo\/cultura\/fidjus-di-terra-leva-a-musica-da-guine-ao-casino-estoril\/#primaryimage"},"thumbnailUrl":"https:\/\/infocul.pt\/arquivo\/wp-content\/uploads\/2018\/12\/Casino-Estoril-acolhe-Fidjus-di-Terra-a-31-de-Janeiro.jpg","datePublished":"2019-01-01T00:00:44+00:00","description":"\u201cFidjus di Terra\u201d leva a m\u00fasica da Guin\u00e9 ao Casino Estoril | Infocul.pt - Arquivo Digital","breadcrumb":{"@id":"https:\/\/infocul.pt\/arquivo\/cultura\/fidjus-di-terra-leva-a-musica-da-guine-ao-casino-estoril\/#breadcrumb"},"inLanguage":"pt-PT","potentialAction":[{"@type":"ReadAction","target":["https:\/\/infocul.pt\/arquivo\/cultura\/fidjus-di-terra-leva-a-musica-da-guine-ao-casino-estoril\/"]}]},{"@type":"ImageObject","inLanguage":"pt-PT","@id":"https:\/\/infocul.pt\/arquivo\/cultura\/fidjus-di-terra-leva-a-musica-da-guine-ao-casino-estoril\/#primaryimage","url":"https:\/\/infocul.pt\/arquivo\/wp-content\/uploads\/2018\/12\/Casino-Estoril-acolhe-Fidjus-di-Terra-a-31-de-Janeiro.jpg","contentUrl":"https:\/\/infocul.pt\/arquivo\/wp-content\/uploads\/2018\/12\/Casino-Estoril-acolhe-Fidjus-di-Terra-a-31-de-Janeiro.jpg","width":1223,"height":1582},{"@type":"BreadcrumbList","@id":"https:\/\/infocul.pt\/arquivo\/cultura\/fidjus-di-terra-leva-a-musica-da-guine-ao-casino-estoril\/#breadcrumb","itemListElement":[{"@type":"ListItem","position":1,"name":"Home","item":"https:\/\/infocul.pt\/arquivo\/"},{"@type":"ListItem","position":2,"name":"\u201cFidjus di Terra\u201d leva a m\u00fasica da Guin\u00e9 ao Casino Estoril"}]},{"@type":"WebSite","@id":"https:\/\/infocul.pt\/arquivo\/#website","url":"https:\/\/infocul.pt\/arquivo\/","name":"Infocul.pt - Arquivo Digital","description":"Arquivo digital da Infocul.pt","publisher":{"@id":"https:\/\/infocul.pt\/arquivo\/#organization"},"potentialAction":[{"@type":"SearchAction","target":{"@type":"EntryPoint","urlTemplate":"https:\/\/infocul.pt\/arquivo\/?s={search_term_string}"},"query-input":{"@type":"PropertyValueSpecification","valueRequired":true,"valueName":"search_term_string"}}],"inLanguage":"pt-PT"},{"@type":"Organization","@id":"https:\/\/infocul.pt\/arquivo\/#organization","name":"Infocul.pt","url":"https:\/\/infocul.pt\/arquivo\/","logo":{"@type":"ImageObject","inLanguage":"pt-PT","@id":"https:\/\/infocul.pt\/arquivo\/#\/schema\/logo\/image\/","url":"https:\/\/infocul.pt\/arquivo\/wp-content\/uploads\/2018\/12\/Infocul_logo-1.png","contentUrl":"https:\/\/infocul.pt\/arquivo\/wp-content\/uploads\/2018\/12\/Infocul_logo-1.png","width":800,"height":800,"caption":"Infocul.pt"},"image":{"@id":"https:\/\/infocul.pt\/arquivo\/#\/schema\/logo\/image\/"},"sameAs":["https:\/\/www.facebook.com\/Infocul-147816815585015\/","https:\/\/x.com\/Infoculpt","http:\/\/www.pictaram.com\/user\/infocul.pt\/2370423710","https:\/\/www.youtube.com\/channel\/UCYEB91AGI9FL9ek2i_IaQAA"]},{"@type":"Person","@id":"https:\/\/infocul.pt\/arquivo\/#\/schema\/person\/f243f45ae8d67639120a7586884f3abc","name":"Redac\u00e7\u00e3o","image":{"@type":"ImageObject","inLanguage":"pt-PT","@id":"https:\/\/secure.gravatar.com\/avatar\/151b1b76c598ab5e749407223bd6c1bad4e41c4e95de3c3df83540ebee2deaf8?s=96&d=mm&r=g","url":"https:\/\/secure.gravatar.com\/avatar\/151b1b76c598ab5e749407223bd6c1bad4e41c4e95de3c3df83540ebee2deaf8?s=96&d=mm&r=g","contentUrl":"https:\/\/secure.gravatar.com\/avatar\/151b1b76c598ab5e749407223bd6c1bad4e41c4e95de3c3df83540ebee2deaf8?s=96&d=mm&r=g","caption":"Redac\u00e7\u00e3o"}}]}},"_links":{"self":[{"href":"https:\/\/infocul.pt\/arquivo\/wp-json\/wp\/v2\/posts\/50939","targetHints":{"allow":["GET"]}}],"collection":[{"href":"https:\/\/infocul.pt\/arquivo\/wp-json\/wp\/v2\/posts"}],"about":[{"href":"https:\/\/infocul.pt\/arquivo\/wp-json\/wp\/v2\/types\/post"}],"author":[{"embeddable":true,"href":"https:\/\/infocul.pt\/arquivo\/wp-json\/wp\/v2\/users\/13"}],"replies":[{"embeddable":true,"href":"https:\/\/infocul.pt\/arquivo\/wp-json\/wp\/v2\/comments?post=50939"}],"version-history":[{"count":0,"href":"https:\/\/infocul.pt\/arquivo\/wp-json\/wp\/v2\/posts\/50939\/revisions"}],"wp:featuredmedia":[{"embeddable":true,"href":"https:\/\/infocul.pt\/arquivo\/wp-json\/wp\/v2\/media\/50941"}],"wp:attachment":[{"href":"https:\/\/infocul.pt\/arquivo\/wp-json\/wp\/v2\/media?parent=50939"}],"wp:term":[{"taxonomy":"category","embeddable":true,"href":"https:\/\/infocul.pt\/arquivo\/wp-json\/wp\/v2\/categories?post=50939"},{"taxonomy":"post_tag","embeddable":true,"href":"https:\/\/infocul.pt\/arquivo\/wp-json\/wp\/v2\/tags?post=50939"}],"curies":[{"name":"wp","href":"https:\/\/api.w.org\/{rel}","templated":true}]}}