{"id":50970,"date":"2018-12-28T09:04:58","date_gmt":"2018-12-28T09:04:58","guid":{"rendered":"https:\/\/infocul.pt\/?p=50970"},"modified":"2018-12-28T09:04:58","modified_gmt":"2018-12-28T09:04:58","slug":"maria-leal-stephen-hawking-e-nos-alive-entre-os-maiores-destaques-no-facebook-em-2018","status":"publish","type":"post","link":"https:\/\/infocul.pt\/arquivo\/actualidade\/maria-leal-stephen-hawking-e-nos-alive-entre-os-maiores-destaques-no-facebook-em-2018\/","title":{"rendered":"Maria Leal, Stephen Hawking e NOS Alive entre os maiores destaques no Facebook, em 2018"},"content":{"rendered":"<p><img decoding=\"async\" class=\"aligncenter wp-image-43392 size-large lazyload\" data-src=\"https:\/\/infocul.pt\/arquivo\/wp-content\/uploads\/2018\/06\/facebook-1024x385.png\" alt=\"\" width=\"800\" height=\"301\" data-srcset=\"https:\/\/infocul.pt\/arquivo\/wp-content\/uploads\/2018\/06\/facebook-1024x385.png 1024w, https:\/\/infocul.pt\/arquivo\/wp-content\/uploads\/2018\/06\/facebook-300x113.png 300w, https:\/\/infocul.pt\/arquivo\/wp-content\/uploads\/2018\/06\/facebook-768x289.png 768w, https:\/\/infocul.pt\/arquivo\/wp-content\/uploads\/2018\/06\/facebook.png 2000w\" data-sizes=\"(max-width: 800px) 100vw, 800px\" src=\"data:image\/svg+xml;base64,PHN2ZyB3aWR0aD0iMSIgaGVpZ2h0PSIxIiB4bWxucz0iaHR0cDovL3d3dy53My5vcmcvMjAwMC9zdmciPjwvc3ZnPg==\" style=\"--smush-placeholder-width: 800px; --smush-placeholder-aspect-ratio: 800\/301;\" \/><\/p>\n<p>&nbsp;<\/p>\n<p>&nbsp;<\/p>\n<p>O Facebook divulgou, ontem, uma retrospectiva de 2018 em Portugal, destacando as principais formas como pessoas de todo o mundo, e no nosso pa\u00eds, se ligaram \u00e0s suas comunidades na rede social.<!--more--><\/p>\n<p>&nbsp;<\/p>\n<p>&nbsp;<\/p>\n<p><strong>Em Portugal, os dez assuntos mais discutidos em 2018 na rede social foram os seguintes:<\/strong><\/p>\n<p>-A 90\u00aa cerim\u00f3nia dos Oscars \u2013 Annual Academy Awards<br \/>\n-Selec\u00e7\u00e3o Portuguesa (participa\u00e7\u00e3o no Campeonato Mundial de Futebol)<br \/>\n-Falecimento de Stephen Hawking<br \/>\n-Dia Internacional da Mulher<br \/>\n-Selec\u00e7\u00e3o Espanhola (participa\u00e7\u00e3o no Campeonato Mundial de Futebol)<br \/>\n-An\u00fancio sobre \u00f3leo de palma<br \/>\n-Falecimento de Aretha Franklin<br \/>\n-Comemora\u00e7\u00f5es de 25 de Abril<br \/>\n-Carnaval de Loul\u00e9<br \/>\n-Sporting Clube de Portugal (acontecimento de 15 de maio na Academia de Alcochete)<\/p>\n<p>&nbsp;<\/p>\n<p>&nbsp;<\/p>\n<p><strong>A n\u00edvel internacional, os tr\u00eas assuntos mais discutidos no Facebook:<\/strong><\/p>\n<p>-Dia Internacional da Mulher: pelo segundo ano consecutivo, o Dia Internacional da Mulher &#8211; 8 de Mar\u00e7o, foi o assunto mais mencionado. Mas em 2018, as conversas sobre este momento foram mais longe que o pr\u00f3prio dia. Mulheres e homens de todo o mundo discutiram um variado conjunto de t\u00f3picos, problemas, e causas relacionadas com a mulher.<br \/>\n-March for Our Lives: sobreviventes da viol\u00eancia em Parkland, Fl\u00f3rida, anunciaram o movimento &#8220;March for Our Lives&#8221; no dia 18 de Fevereiro, que motivou conversas e a\u00e7\u00f5es por todo mundo. No m\u00eas seguinte, mais de 1 milh\u00e3o de pessoas demonstraram interesse em participar no evento do Facebook, e mais de 2.5 milh\u00f5es de d\u00f3lares foram doados atrav\u00e9s do Facebook Fundraisers.<br \/>\n-Envolvimento c\u00edvico: as elei\u00e7\u00f5es presidenciais no Brasil, no dia 7 de outubro, e as elei\u00e7\u00f5es intercalares nos Estados Unidos, dia 6 de Novembro, foram os momentos principais de conversa sobre voto e mudan\u00e7as locais no governo.<\/p>\n<p>&nbsp;<\/p>\n<p>&nbsp;<\/p>\n<p><strong>O Facebook viu tamb\u00e9m comunidades reunirem-se para celebrar momentos. Os maiores eventos, organizados no Facebook, em Portugal, ao longo do ano:<\/strong><\/p>\n<p>-NOS Alive 2018<br \/>\n-Queima das Fitas do Porto 2018<br \/>\n-Maria Leal No Rock in Rio 2018<br \/>\n-Pearl Jam &#8211; Live 2018: Europe Tour<br \/>\n-Noite Branca Braga 2018<\/p>\n<p>&nbsp;<\/p>\n<p>&nbsp;<\/p>\n<p><strong>A n\u00edvel global, os eventos que mais se destacaram no Facebook foram:<\/strong><\/p>\n<p>-Mundial 2018: mais de 383 milh\u00f5es de f\u00e3s de futebol de todo mundo foram ao Facebook para apoiar as suas equipas favoritas atrav\u00e9s de 2,3 mil milh\u00f5es de publica\u00e7\u00f5es, coment\u00e1rios, reac\u00e7\u00f5es e partilhas. A vit\u00f3ria da Fran\u00e7a no dia 15 de julho foi um dos momentos mais discutidos do ano.<br \/>\n-Super Bowl 52: os Philadelphia Eagles asseguraram a primeira vit\u00f3ria no Super Bowl contra os New England Patriots, no dia 4 de Fevereiro. Mais de 62 milh\u00f5es de pessoas foram ao Facebook depois do passe incompleto Hail Mary de Tom Brady no fim do jogo, e o concerto de Justin Timberlake no intervalo em tributo ao Prince.<br \/>\n-Casamento Real: o casamento do Pr\u00edncipe Harry com Meghan Markle, no dia 19 de maio, juntou 42 milh\u00f5es de pessoas no Facebook que fizeram publica\u00e7\u00f5es sobre a cerim\u00f3nia, os rec\u00e9m-casados, e toda a pompa e circunst\u00e2ncia.<\/p>\n<p>&nbsp;<\/p>\n<p>&nbsp;<\/p>\n<p>Relativamente aos v\u00eddeos em directo, o que mais se destacou em Portugal foi o de uma actua\u00e7\u00e3o da acordeonista Rita Melo:<\/p>\n<p>https:\/\/www.facebook.com\/144836488906089\/videos\/1449419961781062\/<\/p>\n<p>&nbsp;<\/p>\n","protected":false},"excerpt":{"rendered":"<p>&nbsp; &nbsp; O Facebook divulgou, ontem, uma retrospectiva de 2018 em Portugal, destacando as principais formas como pessoas de todo o mundo, e no nosso pa\u00eds, se ligaram \u00e0s suas comunidades na rede social.<\/p>\n","protected":false},"author":13,"featured_media":43392,"comment_status":"open","ping_status":"closed","sticky":false,"template":"","format":"standard","meta":{"footnotes":""},"categories":[10,12,11],"tags":[6088,6086,3235,4449,6089,6085,6087,6090,3939,97,6084],"class_list":["post-50970","post","type-post","status-publish","format-standard","has-post-thumbnail","hentry","category-actualidade","category-mundo","category-pais","tag-aretha-franklin","tag-campeonato-mundial-de-futebol","tag-dia-internacional-da-mulher","tag-facebook","tag-march-for-our-lives","tag-maria-leal","tag-oscars","tag-pearl-jam","tag-seleccao-portuguesa-de-futebol","tag-sporting-clube-de-portugal","tag-stephen-hawking"],"yoast_head":"<!-- This site is optimized with the Yoast SEO plugin v27.4 - https:\/\/yoast.com\/product\/yoast-seo-wordpress\/ -->\n<title>Maria Leal, Stephen Hawking e NOS Alive entre os maiores destaques no Facebook, em 2018 | Infocul.pt - Arquivo Digital<\/title>\n<meta name=\"description\" content=\"Maria Leal, Stephen Hawking e NOS Alive entre os maiores destaques no Facebook, em 2018 | Infocul.pt - Arquivo Digital\" \/>\n<meta name=\"robots\" content=\"noindex, follow, max-snippet:-1, max-image-preview:large, max-video-preview:-1\" \/>\n<meta property=\"og:locale\" content=\"pt_PT\" \/>\n<meta property=\"og:type\" content=\"article\" \/>\n<meta property=\"og:title\" content=\"Maria Leal, Stephen Hawking e NOS Alive entre os maiores destaques no Facebook, em 2018 | Infocul.pt - Arquivo Digital\" \/>\n<meta property=\"og:description\" content=\"Maria Leal, Stephen Hawking e NOS Alive entre os maiores destaques no Facebook, em 2018 | Infocul.pt - Arquivo Digital\" \/>\n<meta property=\"og:url\" content=\"https:\/\/infocul.pt\/arquivo\/actualidade\/maria-leal-stephen-hawking-e-nos-alive-entre-os-maiores-destaques-no-facebook-em-2018\/\" \/>\n<meta property=\"og:site_name\" content=\"Infocul.pt - Arquivo Digital\" \/>\n<meta property=\"article:publisher\" content=\"https:\/\/www.facebook.com\/Infocul-147816815585015\/\" \/>\n<meta property=\"article:published_time\" content=\"2018-12-28T09:04:58+00:00\" \/>\n<meta property=\"og:image\" content=\"https:\/\/infocul.pt\/arquivo\/wp-content\/uploads\/2018\/06\/facebook.png\" \/>\n\t<meta property=\"og:image:width\" content=\"2000\" \/>\n\t<meta property=\"og:image:height\" content=\"752\" \/>\n\t<meta property=\"og:image:type\" content=\"image\/png\" \/>\n<meta name=\"author\" content=\"Redac\u00e7\u00e3o\" \/>\n<meta name=\"twitter:card\" content=\"summary_large_image\" \/>\n<meta name=\"twitter:creator\" content=\"@Infoculpt\" \/>\n<meta name=\"twitter:site\" content=\"@Infoculpt\" \/>\n<meta name=\"twitter:label1\" content=\"Escrito por\" \/>\n\t<meta name=\"twitter:data1\" content=\"Redac\u00e7\u00e3o\" \/>\n\t<meta name=\"twitter:label2\" content=\"Tempo estimado de leitura\" \/>\n\t<meta name=\"twitter:data2\" content=\"3 minutos\" \/>\n<script type=\"application\/ld+json\" class=\"yoast-schema-graph\">{\"@context\":\"https:\\\/\\\/schema.org\",\"@graph\":[{\"@type\":\"Article\",\"@id\":\"https:\\\/\\\/infocul.pt\\\/arquivo\\\/actualidade\\\/maria-leal-stephen-hawking-e-nos-alive-entre-os-maiores-destaques-no-facebook-em-2018\\\/#article\",\"isPartOf\":{\"@id\":\"https:\\\/\\\/infocul.pt\\\/arquivo\\\/actualidade\\\/maria-leal-stephen-hawking-e-nos-alive-entre-os-maiores-destaques-no-facebook-em-2018\\\/\"},\"author\":{\"name\":\"Redac\u00e7\u00e3o\",\"@id\":\"https:\\\/\\\/infocul.pt\\\/arquivo\\\/#\\\/schema\\\/person\\\/f243f45ae8d67639120a7586884f3abc\"},\"headline\":\"Maria Leal, Stephen Hawking e NOS Alive entre os maiores destaques no Facebook, em 2018\",\"datePublished\":\"2018-12-28T09:04:58+00:00\",\"mainEntityOfPage\":{\"@id\":\"https:\\\/\\\/infocul.pt\\\/arquivo\\\/actualidade\\\/maria-leal-stephen-hawking-e-nos-alive-entre-os-maiores-destaques-no-facebook-em-2018\\\/\"},\"wordCount\":548,\"commentCount\":0,\"publisher\":{\"@id\":\"https:\\\/\\\/infocul.pt\\\/arquivo\\\/#organization\"},\"image\":{\"@id\":\"https:\\\/\\\/infocul.pt\\\/arquivo\\\/actualidade\\\/maria-leal-stephen-hawking-e-nos-alive-entre-os-maiores-destaques-no-facebook-em-2018\\\/#primaryimage\"},\"thumbnailUrl\":\"https:\\\/\\\/infocul.pt\\\/arquivo\\\/wp-content\\\/uploads\\\/2018\\\/06\\\/facebook.png\",\"keywords\":[\"Aretha Franklin\",\"Campeonato Mundial de Futebol\",\"Dia Internacional da Mulher\",\"Facebook\",\"March for Our Lives\",\"Maria Leal\",\"Oscars\",\"Pearl Jam\",\"Selec\u00e7\u00e3o Portuguesa de Futebol\",\"Sporting Clube de Portugal\",\"Stephen Hawking\"],\"articleSection\":[\"Actualidade\",\"Mundo\",\"Pa\u00eds\"],\"inLanguage\":\"pt-PT\"},{\"@type\":\"WebPage\",\"@id\":\"https:\\\/\\\/infocul.pt\\\/arquivo\\\/actualidade\\\/maria-leal-stephen-hawking-e-nos-alive-entre-os-maiores-destaques-no-facebook-em-2018\\\/\",\"url\":\"https:\\\/\\\/infocul.pt\\\/arquivo\\\/actualidade\\\/maria-leal-stephen-hawking-e-nos-alive-entre-os-maiores-destaques-no-facebook-em-2018\\\/\",\"name\":\"Maria Leal, Stephen Hawking e NOS Alive entre os maiores destaques no Facebook, em 2018 | Infocul.pt - Arquivo Digital\",\"isPartOf\":{\"@id\":\"https:\\\/\\\/infocul.pt\\\/arquivo\\\/#website\"},\"primaryImageOfPage\":{\"@id\":\"https:\\\/\\\/infocul.pt\\\/arquivo\\\/actualidade\\\/maria-leal-stephen-hawking-e-nos-alive-entre-os-maiores-destaques-no-facebook-em-2018\\\/#primaryimage\"},\"image\":{\"@id\":\"https:\\\/\\\/infocul.pt\\\/arquivo\\\/actualidade\\\/maria-leal-stephen-hawking-e-nos-alive-entre-os-maiores-destaques-no-facebook-em-2018\\\/#primaryimage\"},\"thumbnailUrl\":\"https:\\\/\\\/infocul.pt\\\/arquivo\\\/wp-content\\\/uploads\\\/2018\\\/06\\\/facebook.png\",\"datePublished\":\"2018-12-28T09:04:58+00:00\",\"description\":\"Maria Leal, Stephen Hawking e NOS Alive entre os maiores destaques no Facebook, em 2018 | Infocul.pt - Arquivo Digital\",\"breadcrumb\":{\"@id\":\"https:\\\/\\\/infocul.pt\\\/arquivo\\\/actualidade\\\/maria-leal-stephen-hawking-e-nos-alive-entre-os-maiores-destaques-no-facebook-em-2018\\\/#breadcrumb\"},\"inLanguage\":\"pt-PT\",\"potentialAction\":[{\"@type\":\"ReadAction\",\"target\":[\"https:\\\/\\\/infocul.pt\\\/arquivo\\\/actualidade\\\/maria-leal-stephen-hawking-e-nos-alive-entre-os-maiores-destaques-no-facebook-em-2018\\\/\"]}]},{\"@type\":\"ImageObject\",\"inLanguage\":\"pt-PT\",\"@id\":\"https:\\\/\\\/infocul.pt\\\/arquivo\\\/actualidade\\\/maria-leal-stephen-hawking-e-nos-alive-entre-os-maiores-destaques-no-facebook-em-2018\\\/#primaryimage\",\"url\":\"https:\\\/\\\/infocul.pt\\\/arquivo\\\/wp-content\\\/uploads\\\/2018\\\/06\\\/facebook.png\",\"contentUrl\":\"https:\\\/\\\/infocul.pt\\\/arquivo\\\/wp-content\\\/uploads\\\/2018\\\/06\\\/facebook.png\",\"width\":2000,\"height\":752},{\"@type\":\"BreadcrumbList\",\"@id\":\"https:\\\/\\\/infocul.pt\\\/arquivo\\\/actualidade\\\/maria-leal-stephen-hawking-e-nos-alive-entre-os-maiores-destaques-no-facebook-em-2018\\\/#breadcrumb\",\"itemListElement\":[{\"@type\":\"ListItem\",\"position\":1,\"name\":\"Home\",\"item\":\"https:\\\/\\\/infocul.pt\\\/arquivo\\\/\"},{\"@type\":\"ListItem\",\"position\":2,\"name\":\"Maria Leal, Stephen Hawking e NOS Alive entre os maiores destaques no Facebook, em 2018\"}]},{\"@type\":\"WebSite\",\"@id\":\"https:\\\/\\\/infocul.pt\\\/arquivo\\\/#website\",\"url\":\"https:\\\/\\\/infocul.pt\\\/arquivo\\\/\",\"name\":\"Infocul.pt - Arquivo Digital\",\"description\":\"Arquivo digital da Infocul.pt\",\"publisher\":{\"@id\":\"https:\\\/\\\/infocul.pt\\\/arquivo\\\/#organization\"},\"potentialAction\":[{\"@type\":\"SearchAction\",\"target\":{\"@type\":\"EntryPoint\",\"urlTemplate\":\"https:\\\/\\\/infocul.pt\\\/arquivo\\\/?s={search_term_string}\"},\"query-input\":{\"@type\":\"PropertyValueSpecification\",\"valueRequired\":true,\"valueName\":\"search_term_string\"}}],\"inLanguage\":\"pt-PT\"},{\"@type\":\"Organization\",\"@id\":\"https:\\\/\\\/infocul.pt\\\/arquivo\\\/#organization\",\"name\":\"Infocul.pt\",\"url\":\"https:\\\/\\\/infocul.pt\\\/arquivo\\\/\",\"logo\":{\"@type\":\"ImageObject\",\"inLanguage\":\"pt-PT\",\"@id\":\"https:\\\/\\\/infocul.pt\\\/arquivo\\\/#\\\/schema\\\/logo\\\/image\\\/\",\"url\":\"https:\\\/\\\/infocul.pt\\\/arquivo\\\/wp-content\\\/uploads\\\/2018\\\/12\\\/Infocul_logo-1.png\",\"contentUrl\":\"https:\\\/\\\/infocul.pt\\\/arquivo\\\/wp-content\\\/uploads\\\/2018\\\/12\\\/Infocul_logo-1.png\",\"width\":800,\"height\":800,\"caption\":\"Infocul.pt\"},\"image\":{\"@id\":\"https:\\\/\\\/infocul.pt\\\/arquivo\\\/#\\\/schema\\\/logo\\\/image\\\/\"},\"sameAs\":[\"https:\\\/\\\/www.facebook.com\\\/Infocul-147816815585015\\\/\",\"https:\\\/\\\/x.com\\\/Infoculpt\",\"http:\\\/\\\/www.pictaram.com\\\/user\\\/infocul.pt\\\/2370423710\",\"https:\\\/\\\/www.youtube.com\\\/channel\\\/UCYEB91AGI9FL9ek2i_IaQAA\"]},{\"@type\":\"Person\",\"@id\":\"https:\\\/\\\/infocul.pt\\\/arquivo\\\/#\\\/schema\\\/person\\\/f243f45ae8d67639120a7586884f3abc\",\"name\":\"Redac\u00e7\u00e3o\",\"image\":{\"@type\":\"ImageObject\",\"inLanguage\":\"pt-PT\",\"@id\":\"https:\\\/\\\/secure.gravatar.com\\\/avatar\\\/151b1b76c598ab5e749407223bd6c1bad4e41c4e95de3c3df83540ebee2deaf8?s=96&d=mm&r=g\",\"url\":\"https:\\\/\\\/secure.gravatar.com\\\/avatar\\\/151b1b76c598ab5e749407223bd6c1bad4e41c4e95de3c3df83540ebee2deaf8?s=96&d=mm&r=g\",\"contentUrl\":\"https:\\\/\\\/secure.gravatar.com\\\/avatar\\\/151b1b76c598ab5e749407223bd6c1bad4e41c4e95de3c3df83540ebee2deaf8?s=96&d=mm&r=g\",\"caption\":\"Redac\u00e7\u00e3o\"}}]}<\/script>\n<!-- \/ Yoast SEO plugin. -->","yoast_head_json":{"title":"Maria Leal, Stephen Hawking e NOS Alive entre os maiores destaques no Facebook, em 2018 | Infocul.pt - Arquivo Digital","description":"Maria Leal, Stephen Hawking e NOS Alive entre os maiores destaques no Facebook, em 2018 | Infocul.pt - Arquivo Digital","robots":{"index":"noindex","follow":"follow","max-snippet":"max-snippet:-1","max-image-preview":"max-image-preview:large","max-video-preview":"max-video-preview:-1"},"og_locale":"pt_PT","og_type":"article","og_title":"Maria Leal, Stephen Hawking e NOS Alive entre os maiores destaques no Facebook, em 2018 | Infocul.pt - Arquivo Digital","og_description":"Maria Leal, Stephen Hawking e NOS Alive entre os maiores destaques no Facebook, em 2018 | Infocul.pt - Arquivo Digital","og_url":"https:\/\/infocul.pt\/arquivo\/actualidade\/maria-leal-stephen-hawking-e-nos-alive-entre-os-maiores-destaques-no-facebook-em-2018\/","og_site_name":"Infocul.pt - Arquivo Digital","article_publisher":"https:\/\/www.facebook.com\/Infocul-147816815585015\/","article_published_time":"2018-12-28T09:04:58+00:00","og_image":[{"width":2000,"height":752,"url":"https:\/\/infocul.pt\/arquivo\/wp-content\/uploads\/2018\/06\/facebook.png","type":"image\/png"}],"author":"Redac\u00e7\u00e3o","twitter_card":"summary_large_image","twitter_creator":"@Infoculpt","twitter_site":"@Infoculpt","twitter_misc":{"Escrito por":"Redac\u00e7\u00e3o","Tempo estimado de leitura":"3 minutos"},"schema":{"@context":"https:\/\/schema.org","@graph":[{"@type":"Article","@id":"https:\/\/infocul.pt\/arquivo\/actualidade\/maria-leal-stephen-hawking-e-nos-alive-entre-os-maiores-destaques-no-facebook-em-2018\/#article","isPartOf":{"@id":"https:\/\/infocul.pt\/arquivo\/actualidade\/maria-leal-stephen-hawking-e-nos-alive-entre-os-maiores-destaques-no-facebook-em-2018\/"},"author":{"name":"Redac\u00e7\u00e3o","@id":"https:\/\/infocul.pt\/arquivo\/#\/schema\/person\/f243f45ae8d67639120a7586884f3abc"},"headline":"Maria Leal, Stephen Hawking e NOS Alive entre os maiores destaques no Facebook, em 2018","datePublished":"2018-12-28T09:04:58+00:00","mainEntityOfPage":{"@id":"https:\/\/infocul.pt\/arquivo\/actualidade\/maria-leal-stephen-hawking-e-nos-alive-entre-os-maiores-destaques-no-facebook-em-2018\/"},"wordCount":548,"commentCount":0,"publisher":{"@id":"https:\/\/infocul.pt\/arquivo\/#organization"},"image":{"@id":"https:\/\/infocul.pt\/arquivo\/actualidade\/maria-leal-stephen-hawking-e-nos-alive-entre-os-maiores-destaques-no-facebook-em-2018\/#primaryimage"},"thumbnailUrl":"https:\/\/infocul.pt\/arquivo\/wp-content\/uploads\/2018\/06\/facebook.png","keywords":["Aretha Franklin","Campeonato Mundial de Futebol","Dia Internacional da Mulher","Facebook","March for Our Lives","Maria Leal","Oscars","Pearl Jam","Selec\u00e7\u00e3o Portuguesa de Futebol","Sporting Clube de Portugal","Stephen Hawking"],"articleSection":["Actualidade","Mundo","Pa\u00eds"],"inLanguage":"pt-PT"},{"@type":"WebPage","@id":"https:\/\/infocul.pt\/arquivo\/actualidade\/maria-leal-stephen-hawking-e-nos-alive-entre-os-maiores-destaques-no-facebook-em-2018\/","url":"https:\/\/infocul.pt\/arquivo\/actualidade\/maria-leal-stephen-hawking-e-nos-alive-entre-os-maiores-destaques-no-facebook-em-2018\/","name":"Maria Leal, Stephen Hawking e NOS Alive entre os maiores destaques no Facebook, em 2018 | Infocul.pt - Arquivo Digital","isPartOf":{"@id":"https:\/\/infocul.pt\/arquivo\/#website"},"primaryImageOfPage":{"@id":"https:\/\/infocul.pt\/arquivo\/actualidade\/maria-leal-stephen-hawking-e-nos-alive-entre-os-maiores-destaques-no-facebook-em-2018\/#primaryimage"},"image":{"@id":"https:\/\/infocul.pt\/arquivo\/actualidade\/maria-leal-stephen-hawking-e-nos-alive-entre-os-maiores-destaques-no-facebook-em-2018\/#primaryimage"},"thumbnailUrl":"https:\/\/infocul.pt\/arquivo\/wp-content\/uploads\/2018\/06\/facebook.png","datePublished":"2018-12-28T09:04:58+00:00","description":"Maria Leal, Stephen Hawking e NOS Alive entre os maiores destaques no Facebook, em 2018 | Infocul.pt - Arquivo Digital","breadcrumb":{"@id":"https:\/\/infocul.pt\/arquivo\/actualidade\/maria-leal-stephen-hawking-e-nos-alive-entre-os-maiores-destaques-no-facebook-em-2018\/#breadcrumb"},"inLanguage":"pt-PT","potentialAction":[{"@type":"ReadAction","target":["https:\/\/infocul.pt\/arquivo\/actualidade\/maria-leal-stephen-hawking-e-nos-alive-entre-os-maiores-destaques-no-facebook-em-2018\/"]}]},{"@type":"ImageObject","inLanguage":"pt-PT","@id":"https:\/\/infocul.pt\/arquivo\/actualidade\/maria-leal-stephen-hawking-e-nos-alive-entre-os-maiores-destaques-no-facebook-em-2018\/#primaryimage","url":"https:\/\/infocul.pt\/arquivo\/wp-content\/uploads\/2018\/06\/facebook.png","contentUrl":"https:\/\/infocul.pt\/arquivo\/wp-content\/uploads\/2018\/06\/facebook.png","width":2000,"height":752},{"@type":"BreadcrumbList","@id":"https:\/\/infocul.pt\/arquivo\/actualidade\/maria-leal-stephen-hawking-e-nos-alive-entre-os-maiores-destaques-no-facebook-em-2018\/#breadcrumb","itemListElement":[{"@type":"ListItem","position":1,"name":"Home","item":"https:\/\/infocul.pt\/arquivo\/"},{"@type":"ListItem","position":2,"name":"Maria Leal, Stephen Hawking e NOS Alive entre os maiores destaques no Facebook, em 2018"}]},{"@type":"WebSite","@id":"https:\/\/infocul.pt\/arquivo\/#website","url":"https:\/\/infocul.pt\/arquivo\/","name":"Infocul.pt - Arquivo Digital","description":"Arquivo digital da Infocul.pt","publisher":{"@id":"https:\/\/infocul.pt\/arquivo\/#organization"},"potentialAction":[{"@type":"SearchAction","target":{"@type":"EntryPoint","urlTemplate":"https:\/\/infocul.pt\/arquivo\/?s={search_term_string}"},"query-input":{"@type":"PropertyValueSpecification","valueRequired":true,"valueName":"search_term_string"}}],"inLanguage":"pt-PT"},{"@type":"Organization","@id":"https:\/\/infocul.pt\/arquivo\/#organization","name":"Infocul.pt","url":"https:\/\/infocul.pt\/arquivo\/","logo":{"@type":"ImageObject","inLanguage":"pt-PT","@id":"https:\/\/infocul.pt\/arquivo\/#\/schema\/logo\/image\/","url":"https:\/\/infocul.pt\/arquivo\/wp-content\/uploads\/2018\/12\/Infocul_logo-1.png","contentUrl":"https:\/\/infocul.pt\/arquivo\/wp-content\/uploads\/2018\/12\/Infocul_logo-1.png","width":800,"height":800,"caption":"Infocul.pt"},"image":{"@id":"https:\/\/infocul.pt\/arquivo\/#\/schema\/logo\/image\/"},"sameAs":["https:\/\/www.facebook.com\/Infocul-147816815585015\/","https:\/\/x.com\/Infoculpt","http:\/\/www.pictaram.com\/user\/infocul.pt\/2370423710","https:\/\/www.youtube.com\/channel\/UCYEB91AGI9FL9ek2i_IaQAA"]},{"@type":"Person","@id":"https:\/\/infocul.pt\/arquivo\/#\/schema\/person\/f243f45ae8d67639120a7586884f3abc","name":"Redac\u00e7\u00e3o","image":{"@type":"ImageObject","inLanguage":"pt-PT","@id":"https:\/\/secure.gravatar.com\/avatar\/151b1b76c598ab5e749407223bd6c1bad4e41c4e95de3c3df83540ebee2deaf8?s=96&d=mm&r=g","url":"https:\/\/secure.gravatar.com\/avatar\/151b1b76c598ab5e749407223bd6c1bad4e41c4e95de3c3df83540ebee2deaf8?s=96&d=mm&r=g","contentUrl":"https:\/\/secure.gravatar.com\/avatar\/151b1b76c598ab5e749407223bd6c1bad4e41c4e95de3c3df83540ebee2deaf8?s=96&d=mm&r=g","caption":"Redac\u00e7\u00e3o"}}]}},"_links":{"self":[{"href":"https:\/\/infocul.pt\/arquivo\/wp-json\/wp\/v2\/posts\/50970","targetHints":{"allow":["GET"]}}],"collection":[{"href":"https:\/\/infocul.pt\/arquivo\/wp-json\/wp\/v2\/posts"}],"about":[{"href":"https:\/\/infocul.pt\/arquivo\/wp-json\/wp\/v2\/types\/post"}],"author":[{"embeddable":true,"href":"https:\/\/infocul.pt\/arquivo\/wp-json\/wp\/v2\/users\/13"}],"replies":[{"embeddable":true,"href":"https:\/\/infocul.pt\/arquivo\/wp-json\/wp\/v2\/comments?post=50970"}],"version-history":[{"count":0,"href":"https:\/\/infocul.pt\/arquivo\/wp-json\/wp\/v2\/posts\/50970\/revisions"}],"wp:featuredmedia":[{"embeddable":true,"href":"https:\/\/infocul.pt\/arquivo\/wp-json\/wp\/v2\/media\/43392"}],"wp:attachment":[{"href":"https:\/\/infocul.pt\/arquivo\/wp-json\/wp\/v2\/media?parent=50970"}],"wp:term":[{"taxonomy":"category","embeddable":true,"href":"https:\/\/infocul.pt\/arquivo\/wp-json\/wp\/v2\/categories?post=50970"},{"taxonomy":"post_tag","embeddable":true,"href":"https:\/\/infocul.pt\/arquivo\/wp-json\/wp\/v2\/tags?post=50970"}],"curies":[{"name":"wp","href":"https:\/\/api.w.org\/{rel}","templated":true}]}}