{"id":51163,"date":"2019-01-03T11:49:03","date_gmt":"2019-01-03T11:49:03","guid":{"rendered":"https:\/\/infocul.pt\/?p=51163"},"modified":"2019-01-03T11:49:03","modified_gmt":"2019-01-03T11:49:03","slug":"gnr-registou-mais-de-10-mil-infraccoes-na-operacao-de-ano-novo","status":"publish","type":"post","link":"https:\/\/infocul.pt\/arquivo\/actualidade\/gnr-registou-mais-de-10-mil-infraccoes-na-operacao-de-ano-novo\/","title":{"rendered":"GNR registou mais de 10 mil infrac\u00e7\u00f5es na opera\u00e7\u00e3o de Ano Novo"},"content":{"rendered":"<p><img decoding=\"async\" class=\"aligncenter wp-image-51094 size-full lazyload\" data-src=\"https:\/\/infocul.pt\/arquivo\/wp-content\/uploads\/2019\/01\/gnr.jpg\" alt=\"\" width=\"800\" height=\"533\" data-srcset=\"https:\/\/infocul.pt\/arquivo\/wp-content\/uploads\/2019\/01\/gnr.jpg 800w, https:\/\/infocul.pt\/arquivo\/wp-content\/uploads\/2019\/01\/gnr-300x200.jpg 300w, https:\/\/infocul.pt\/arquivo\/wp-content\/uploads\/2019\/01\/gnr-768x512.jpg 768w, https:\/\/infocul.pt\/arquivo\/wp-content\/uploads\/2019\/01\/gnr-272x182.jpg 272w\" data-sizes=\"(max-width: 800px) 100vw, 800px\" src=\"data:image\/svg+xml;base64,PHN2ZyB3aWR0aD0iMSIgaGVpZ2h0PSIxIiB4bWxucz0iaHR0cDovL3d3dy53My5vcmcvMjAwMC9zdmciPjwvc3ZnPg==\" style=\"--smush-placeholder-width: 800px; --smush-placeholder-aspect-ratio: 800\/533;\" \/><\/p>\n<p>&nbsp;<\/p>\n<p>&nbsp;<\/p>\n<p>A Guarda Nacional Republicana deu a conhecer os resultados da opera\u00e7\u00e3o associada ao Ano Novo que levou a cabo entre 28 de Dezembro e 2 de Janeiro.<!--more--><\/p>\n<p>Assim, damos a conhecer o comunicado da autoridade, integralmente, abaixo:<\/p>\n<p>&nbsp;<\/p>\n<p><strong>A Guarda Nacional Republicana (GNR), de 28 de dezembro de 2018 at\u00e9 ao dia de ontem, 2 de janeiro de 2019, intensificou o patrulhamento e a fiscaliza\u00e7\u00e3o rodovi\u00e1ria nos itiner\u00e1rios de e para os locais associados \u00e0s festividades do Ano Novo, bem como a presen\u00e7a f\u00edsica nesses locais, com o objetivo de refor\u00e7ar a seguran\u00e7a e prevenir a ocorr\u00eancia de acidentes rodovi\u00e1rios.<\/strong><\/p>\n<p><strong>Durante os seis dias de opera\u00e7\u00e3o, e em compara\u00e7\u00e3o com igual per\u00edodo do ano passado, a GNR fiscalizou cerca de 37 879 condutores (+ 6 255), tendo detetado 1 003 condutores com excesso de \u00e1lcool (+ 122), dos quais 332 foram detidos por possu\u00edrem uma taxa de \u00e1lcool no sangue igual ou superior a 1,2 g\/l (+ 34), sendo ainda detidos 93 condutores por falta de habilita\u00e7\u00e3o legal para conduzir (+ 29).<\/strong><\/p>\n<p><strong>No mesmo per\u00edodo, a GNR registou 10 015 infra\u00e7\u00f5es (+ 357), das quais se destacam:<\/strong><\/p>\n<p><strong>\u00b7 3 977 por excesso de velocidade (+ 1 276);<\/strong><\/p>\n<p><strong>\u00b7 558 por falta de inspe\u00e7\u00e3o peri\u00f3dica (+ 146);<\/strong><\/p>\n<p><strong>\u00b7 440 por falta ou incorreta utiliza\u00e7\u00e3o do cinto de seguran\u00e7a e\/ou sistema de reten\u00e7\u00e3o para crian\u00e7as (+ 159);<\/strong><\/p>\n<p><strong>\u00b7 358 por anomalias nos sistemas de ilumina\u00e7\u00e3o e sinaliza\u00e7\u00e3o (- 3);<\/strong><\/p>\n<p><strong>\u00b7 291 por utiliza\u00e7\u00e3o indevida do telem\u00f3vel durante a condu\u00e7\u00e3o (- 4);<\/strong><\/p>\n<p><strong>\u00b7 247 por falta de seguro de responsabilidade civil obrigat\u00f3rio (+ 26).<\/strong><\/p>\n<p><strong>No que diz respeito \u00e0 sinistralidade rodovi\u00e1ria, a GNR, na sua \u00e1rea de responsabilidade, registou:<\/strong><\/p>\n<p><strong>\u00b7 1 189 acidentes;<\/strong><\/p>\n<p><strong>\u00b7 Oito mortos, dos quais:<\/strong><\/p>\n<p><strong>o Cinco condutores;<\/strong><\/p>\n<p><strong>o Dois passageiros;<\/strong><\/p>\n<p><strong>o Um pe\u00e3o (atropelamento) \u2013 menor de 16 anos.<\/strong><\/p>\n<p><strong>\u00b7 25 feridos graves;<\/strong><\/p>\n<p><strong>\u00b7 406 feridos leves.<\/strong><\/p>\n","protected":false},"excerpt":{"rendered":"<p>&nbsp; &nbsp; A Guarda Nacional Republicana deu a conhecer os resultados da opera\u00e7\u00e3o associada ao Ano Novo que levou a cabo entre 28 de Dezembro e 2 de Janeiro.<\/p>\n","protected":false},"author":13,"featured_media":51094,"comment_status":"open","ping_status":"closed","sticky":false,"template":"","format":"standard","meta":{"footnotes":""},"categories":[10,36,11],"tags":[6173,6175,1138,6174],"class_list":["post-51163","post","type-post","status-publish","format-standard","has-post-thumbnail","hentry","category-actualidade","category-destaque","category-pais","tag-ano-novo","tag-automobilistas","tag-gnr","tag-infraccoes"],"yoast_head":"<!-- This site is optimized with the Yoast SEO plugin v27.4 - https:\/\/yoast.com\/product\/yoast-seo-wordpress\/ -->\n<title>GNR registou mais de 10 mil infrac\u00e7\u00f5es na opera\u00e7\u00e3o de Ano Novo | Infocul.pt - Arquivo Digital<\/title>\n<meta name=\"description\" content=\"GNR registou mais de 10 mil infrac\u00e7\u00f5es na opera\u00e7\u00e3o de Ano Novo | Infocul.pt - Arquivo Digital\" \/>\n<meta name=\"robots\" content=\"noindex, follow, max-snippet:-1, max-image-preview:large, max-video-preview:-1\" \/>\n<meta property=\"og:locale\" content=\"pt_PT\" \/>\n<meta property=\"og:type\" content=\"article\" \/>\n<meta property=\"og:title\" content=\"GNR registou mais de 10 mil infrac\u00e7\u00f5es na opera\u00e7\u00e3o de Ano Novo | Infocul.pt - Arquivo Digital\" \/>\n<meta property=\"og:description\" content=\"GNR registou mais de 10 mil infrac\u00e7\u00f5es na opera\u00e7\u00e3o de Ano Novo | Infocul.pt - Arquivo Digital\" \/>\n<meta property=\"og:url\" content=\"https:\/\/infocul.pt\/arquivo\/actualidade\/gnr-registou-mais-de-10-mil-infraccoes-na-operacao-de-ano-novo\/\" \/>\n<meta property=\"og:site_name\" content=\"Infocul.pt - Arquivo Digital\" \/>\n<meta property=\"article:publisher\" content=\"https:\/\/www.facebook.com\/Infocul-147816815585015\/\" \/>\n<meta property=\"article:published_time\" content=\"2019-01-03T11:49:03+00:00\" \/>\n<meta property=\"og:image\" content=\"https:\/\/infocul.pt\/arquivo\/wp-content\/uploads\/2019\/01\/gnr.jpg\" \/>\n\t<meta property=\"og:image:width\" content=\"800\" \/>\n\t<meta property=\"og:image:height\" content=\"533\" \/>\n\t<meta property=\"og:image:type\" content=\"image\/jpeg\" \/>\n<meta name=\"author\" content=\"Redac\u00e7\u00e3o\" \/>\n<meta name=\"twitter:card\" content=\"summary_large_image\" \/>\n<meta name=\"twitter:creator\" content=\"@Infoculpt\" \/>\n<meta name=\"twitter:site\" content=\"@Infoculpt\" \/>\n<meta name=\"twitter:label1\" content=\"Escrito por\" \/>\n\t<meta name=\"twitter:data1\" content=\"Redac\u00e7\u00e3o\" \/>\n\t<meta name=\"twitter:label2\" content=\"Tempo estimado de leitura\" \/>\n\t<meta name=\"twitter:data2\" content=\"1 minuto\" \/>\n<script type=\"application\/ld+json\" class=\"yoast-schema-graph\">{\"@context\":\"https:\\\/\\\/schema.org\",\"@graph\":[{\"@type\":\"Article\",\"@id\":\"https:\\\/\\\/infocul.pt\\\/arquivo\\\/actualidade\\\/gnr-registou-mais-de-10-mil-infraccoes-na-operacao-de-ano-novo\\\/#article\",\"isPartOf\":{\"@id\":\"https:\\\/\\\/infocul.pt\\\/arquivo\\\/actualidade\\\/gnr-registou-mais-de-10-mil-infraccoes-na-operacao-de-ano-novo\\\/\"},\"author\":{\"name\":\"Redac\u00e7\u00e3o\",\"@id\":\"https:\\\/\\\/infocul.pt\\\/arquivo\\\/#\\\/schema\\\/person\\\/f243f45ae8d67639120a7586884f3abc\"},\"headline\":\"GNR registou mais de 10 mil infrac\u00e7\u00f5es na opera\u00e7\u00e3o de Ano Novo\",\"datePublished\":\"2019-01-03T11:49:03+00:00\",\"mainEntityOfPage\":{\"@id\":\"https:\\\/\\\/infocul.pt\\\/arquivo\\\/actualidade\\\/gnr-registou-mais-de-10-mil-infraccoes-na-operacao-de-ano-novo\\\/\"},\"wordCount\":295,\"commentCount\":0,\"publisher\":{\"@id\":\"https:\\\/\\\/infocul.pt\\\/arquivo\\\/#organization\"},\"image\":{\"@id\":\"https:\\\/\\\/infocul.pt\\\/arquivo\\\/actualidade\\\/gnr-registou-mais-de-10-mil-infraccoes-na-operacao-de-ano-novo\\\/#primaryimage\"},\"thumbnailUrl\":\"https:\\\/\\\/infocul.pt\\\/arquivo\\\/wp-content\\\/uploads\\\/2019\\\/01\\\/gnr.jpg\",\"keywords\":[\"Ano Novo\",\"Automobilistas\",\"GNR\",\"Infrac\u00e7\u00f5es\"],\"articleSection\":[\"Actualidade\",\"Destaque\",\"Pa\u00eds\"],\"inLanguage\":\"pt-PT\"},{\"@type\":\"WebPage\",\"@id\":\"https:\\\/\\\/infocul.pt\\\/arquivo\\\/actualidade\\\/gnr-registou-mais-de-10-mil-infraccoes-na-operacao-de-ano-novo\\\/\",\"url\":\"https:\\\/\\\/infocul.pt\\\/arquivo\\\/actualidade\\\/gnr-registou-mais-de-10-mil-infraccoes-na-operacao-de-ano-novo\\\/\",\"name\":\"GNR registou mais de 10 mil infrac\u00e7\u00f5es na opera\u00e7\u00e3o de Ano Novo | Infocul.pt - Arquivo Digital\",\"isPartOf\":{\"@id\":\"https:\\\/\\\/infocul.pt\\\/arquivo\\\/#website\"},\"primaryImageOfPage\":{\"@id\":\"https:\\\/\\\/infocul.pt\\\/arquivo\\\/actualidade\\\/gnr-registou-mais-de-10-mil-infraccoes-na-operacao-de-ano-novo\\\/#primaryimage\"},\"image\":{\"@id\":\"https:\\\/\\\/infocul.pt\\\/arquivo\\\/actualidade\\\/gnr-registou-mais-de-10-mil-infraccoes-na-operacao-de-ano-novo\\\/#primaryimage\"},\"thumbnailUrl\":\"https:\\\/\\\/infocul.pt\\\/arquivo\\\/wp-content\\\/uploads\\\/2019\\\/01\\\/gnr.jpg\",\"datePublished\":\"2019-01-03T11:49:03+00:00\",\"description\":\"GNR registou mais de 10 mil infrac\u00e7\u00f5es na opera\u00e7\u00e3o de Ano Novo | Infocul.pt - Arquivo Digital\",\"breadcrumb\":{\"@id\":\"https:\\\/\\\/infocul.pt\\\/arquivo\\\/actualidade\\\/gnr-registou-mais-de-10-mil-infraccoes-na-operacao-de-ano-novo\\\/#breadcrumb\"},\"inLanguage\":\"pt-PT\",\"potentialAction\":[{\"@type\":\"ReadAction\",\"target\":[\"https:\\\/\\\/infocul.pt\\\/arquivo\\\/actualidade\\\/gnr-registou-mais-de-10-mil-infraccoes-na-operacao-de-ano-novo\\\/\"]}]},{\"@type\":\"ImageObject\",\"inLanguage\":\"pt-PT\",\"@id\":\"https:\\\/\\\/infocul.pt\\\/arquivo\\\/actualidade\\\/gnr-registou-mais-de-10-mil-infraccoes-na-operacao-de-ano-novo\\\/#primaryimage\",\"url\":\"https:\\\/\\\/infocul.pt\\\/arquivo\\\/wp-content\\\/uploads\\\/2019\\\/01\\\/gnr.jpg\",\"contentUrl\":\"https:\\\/\\\/infocul.pt\\\/arquivo\\\/wp-content\\\/uploads\\\/2019\\\/01\\\/gnr.jpg\",\"width\":800,\"height\":533},{\"@type\":\"BreadcrumbList\",\"@id\":\"https:\\\/\\\/infocul.pt\\\/arquivo\\\/actualidade\\\/gnr-registou-mais-de-10-mil-infraccoes-na-operacao-de-ano-novo\\\/#breadcrumb\",\"itemListElement\":[{\"@type\":\"ListItem\",\"position\":1,\"name\":\"Home\",\"item\":\"https:\\\/\\\/infocul.pt\\\/arquivo\\\/\"},{\"@type\":\"ListItem\",\"position\":2,\"name\":\"GNR registou mais de 10 mil infrac\u00e7\u00f5es na opera\u00e7\u00e3o de Ano Novo\"}]},{\"@type\":\"WebSite\",\"@id\":\"https:\\\/\\\/infocul.pt\\\/arquivo\\\/#website\",\"url\":\"https:\\\/\\\/infocul.pt\\\/arquivo\\\/\",\"name\":\"Infocul.pt - Arquivo Digital\",\"description\":\"Arquivo digital da Infocul.pt\",\"publisher\":{\"@id\":\"https:\\\/\\\/infocul.pt\\\/arquivo\\\/#organization\"},\"potentialAction\":[{\"@type\":\"SearchAction\",\"target\":{\"@type\":\"EntryPoint\",\"urlTemplate\":\"https:\\\/\\\/infocul.pt\\\/arquivo\\\/?s={search_term_string}\"},\"query-input\":{\"@type\":\"PropertyValueSpecification\",\"valueRequired\":true,\"valueName\":\"search_term_string\"}}],\"inLanguage\":\"pt-PT\"},{\"@type\":\"Organization\",\"@id\":\"https:\\\/\\\/infocul.pt\\\/arquivo\\\/#organization\",\"name\":\"Infocul.pt\",\"url\":\"https:\\\/\\\/infocul.pt\\\/arquivo\\\/\",\"logo\":{\"@type\":\"ImageObject\",\"inLanguage\":\"pt-PT\",\"@id\":\"https:\\\/\\\/infocul.pt\\\/arquivo\\\/#\\\/schema\\\/logo\\\/image\\\/\",\"url\":\"https:\\\/\\\/infocul.pt\\\/arquivo\\\/wp-content\\\/uploads\\\/2018\\\/12\\\/Infocul_logo-1.png\",\"contentUrl\":\"https:\\\/\\\/infocul.pt\\\/arquivo\\\/wp-content\\\/uploads\\\/2018\\\/12\\\/Infocul_logo-1.png\",\"width\":800,\"height\":800,\"caption\":\"Infocul.pt\"},\"image\":{\"@id\":\"https:\\\/\\\/infocul.pt\\\/arquivo\\\/#\\\/schema\\\/logo\\\/image\\\/\"},\"sameAs\":[\"https:\\\/\\\/www.facebook.com\\\/Infocul-147816815585015\\\/\",\"https:\\\/\\\/x.com\\\/Infoculpt\",\"http:\\\/\\\/www.pictaram.com\\\/user\\\/infocul.pt\\\/2370423710\",\"https:\\\/\\\/www.youtube.com\\\/channel\\\/UCYEB91AGI9FL9ek2i_IaQAA\"]},{\"@type\":\"Person\",\"@id\":\"https:\\\/\\\/infocul.pt\\\/arquivo\\\/#\\\/schema\\\/person\\\/f243f45ae8d67639120a7586884f3abc\",\"name\":\"Redac\u00e7\u00e3o\",\"image\":{\"@type\":\"ImageObject\",\"inLanguage\":\"pt-PT\",\"@id\":\"https:\\\/\\\/secure.gravatar.com\\\/avatar\\\/151b1b76c598ab5e749407223bd6c1bad4e41c4e95de3c3df83540ebee2deaf8?s=96&d=mm&r=g\",\"url\":\"https:\\\/\\\/secure.gravatar.com\\\/avatar\\\/151b1b76c598ab5e749407223bd6c1bad4e41c4e95de3c3df83540ebee2deaf8?s=96&d=mm&r=g\",\"contentUrl\":\"https:\\\/\\\/secure.gravatar.com\\\/avatar\\\/151b1b76c598ab5e749407223bd6c1bad4e41c4e95de3c3df83540ebee2deaf8?s=96&d=mm&r=g\",\"caption\":\"Redac\u00e7\u00e3o\"}}]}<\/script>\n<!-- \/ Yoast SEO plugin. -->","yoast_head_json":{"title":"GNR registou mais de 10 mil infrac\u00e7\u00f5es na opera\u00e7\u00e3o de Ano Novo | Infocul.pt - Arquivo Digital","description":"GNR registou mais de 10 mil infrac\u00e7\u00f5es na opera\u00e7\u00e3o de Ano Novo | Infocul.pt - Arquivo Digital","robots":{"index":"noindex","follow":"follow","max-snippet":"max-snippet:-1","max-image-preview":"max-image-preview:large","max-video-preview":"max-video-preview:-1"},"og_locale":"pt_PT","og_type":"article","og_title":"GNR registou mais de 10 mil infrac\u00e7\u00f5es na opera\u00e7\u00e3o de Ano Novo | Infocul.pt - Arquivo Digital","og_description":"GNR registou mais de 10 mil infrac\u00e7\u00f5es na opera\u00e7\u00e3o de Ano Novo | Infocul.pt - Arquivo Digital","og_url":"https:\/\/infocul.pt\/arquivo\/actualidade\/gnr-registou-mais-de-10-mil-infraccoes-na-operacao-de-ano-novo\/","og_site_name":"Infocul.pt - Arquivo Digital","article_publisher":"https:\/\/www.facebook.com\/Infocul-147816815585015\/","article_published_time":"2019-01-03T11:49:03+00:00","og_image":[{"width":800,"height":533,"url":"https:\/\/infocul.pt\/arquivo\/wp-content\/uploads\/2019\/01\/gnr.jpg","type":"image\/jpeg"}],"author":"Redac\u00e7\u00e3o","twitter_card":"summary_large_image","twitter_creator":"@Infoculpt","twitter_site":"@Infoculpt","twitter_misc":{"Escrito por":"Redac\u00e7\u00e3o","Tempo estimado de leitura":"1 minuto"},"schema":{"@context":"https:\/\/schema.org","@graph":[{"@type":"Article","@id":"https:\/\/infocul.pt\/arquivo\/actualidade\/gnr-registou-mais-de-10-mil-infraccoes-na-operacao-de-ano-novo\/#article","isPartOf":{"@id":"https:\/\/infocul.pt\/arquivo\/actualidade\/gnr-registou-mais-de-10-mil-infraccoes-na-operacao-de-ano-novo\/"},"author":{"name":"Redac\u00e7\u00e3o","@id":"https:\/\/infocul.pt\/arquivo\/#\/schema\/person\/f243f45ae8d67639120a7586884f3abc"},"headline":"GNR registou mais de 10 mil infrac\u00e7\u00f5es na opera\u00e7\u00e3o de Ano Novo","datePublished":"2019-01-03T11:49:03+00:00","mainEntityOfPage":{"@id":"https:\/\/infocul.pt\/arquivo\/actualidade\/gnr-registou-mais-de-10-mil-infraccoes-na-operacao-de-ano-novo\/"},"wordCount":295,"commentCount":0,"publisher":{"@id":"https:\/\/infocul.pt\/arquivo\/#organization"},"image":{"@id":"https:\/\/infocul.pt\/arquivo\/actualidade\/gnr-registou-mais-de-10-mil-infraccoes-na-operacao-de-ano-novo\/#primaryimage"},"thumbnailUrl":"https:\/\/infocul.pt\/arquivo\/wp-content\/uploads\/2019\/01\/gnr.jpg","keywords":["Ano Novo","Automobilistas","GNR","Infrac\u00e7\u00f5es"],"articleSection":["Actualidade","Destaque","Pa\u00eds"],"inLanguage":"pt-PT"},{"@type":"WebPage","@id":"https:\/\/infocul.pt\/arquivo\/actualidade\/gnr-registou-mais-de-10-mil-infraccoes-na-operacao-de-ano-novo\/","url":"https:\/\/infocul.pt\/arquivo\/actualidade\/gnr-registou-mais-de-10-mil-infraccoes-na-operacao-de-ano-novo\/","name":"GNR registou mais de 10 mil infrac\u00e7\u00f5es na opera\u00e7\u00e3o de Ano Novo | Infocul.pt - Arquivo Digital","isPartOf":{"@id":"https:\/\/infocul.pt\/arquivo\/#website"},"primaryImageOfPage":{"@id":"https:\/\/infocul.pt\/arquivo\/actualidade\/gnr-registou-mais-de-10-mil-infraccoes-na-operacao-de-ano-novo\/#primaryimage"},"image":{"@id":"https:\/\/infocul.pt\/arquivo\/actualidade\/gnr-registou-mais-de-10-mil-infraccoes-na-operacao-de-ano-novo\/#primaryimage"},"thumbnailUrl":"https:\/\/infocul.pt\/arquivo\/wp-content\/uploads\/2019\/01\/gnr.jpg","datePublished":"2019-01-03T11:49:03+00:00","description":"GNR registou mais de 10 mil infrac\u00e7\u00f5es na opera\u00e7\u00e3o de Ano Novo | Infocul.pt - Arquivo Digital","breadcrumb":{"@id":"https:\/\/infocul.pt\/arquivo\/actualidade\/gnr-registou-mais-de-10-mil-infraccoes-na-operacao-de-ano-novo\/#breadcrumb"},"inLanguage":"pt-PT","potentialAction":[{"@type":"ReadAction","target":["https:\/\/infocul.pt\/arquivo\/actualidade\/gnr-registou-mais-de-10-mil-infraccoes-na-operacao-de-ano-novo\/"]}]},{"@type":"ImageObject","inLanguage":"pt-PT","@id":"https:\/\/infocul.pt\/arquivo\/actualidade\/gnr-registou-mais-de-10-mil-infraccoes-na-operacao-de-ano-novo\/#primaryimage","url":"https:\/\/infocul.pt\/arquivo\/wp-content\/uploads\/2019\/01\/gnr.jpg","contentUrl":"https:\/\/infocul.pt\/arquivo\/wp-content\/uploads\/2019\/01\/gnr.jpg","width":800,"height":533},{"@type":"BreadcrumbList","@id":"https:\/\/infocul.pt\/arquivo\/actualidade\/gnr-registou-mais-de-10-mil-infraccoes-na-operacao-de-ano-novo\/#breadcrumb","itemListElement":[{"@type":"ListItem","position":1,"name":"Home","item":"https:\/\/infocul.pt\/arquivo\/"},{"@type":"ListItem","position":2,"name":"GNR registou mais de 10 mil infrac\u00e7\u00f5es na opera\u00e7\u00e3o de Ano Novo"}]},{"@type":"WebSite","@id":"https:\/\/infocul.pt\/arquivo\/#website","url":"https:\/\/infocul.pt\/arquivo\/","name":"Infocul.pt - Arquivo Digital","description":"Arquivo digital da Infocul.pt","publisher":{"@id":"https:\/\/infocul.pt\/arquivo\/#organization"},"potentialAction":[{"@type":"SearchAction","target":{"@type":"EntryPoint","urlTemplate":"https:\/\/infocul.pt\/arquivo\/?s={search_term_string}"},"query-input":{"@type":"PropertyValueSpecification","valueRequired":true,"valueName":"search_term_string"}}],"inLanguage":"pt-PT"},{"@type":"Organization","@id":"https:\/\/infocul.pt\/arquivo\/#organization","name":"Infocul.pt","url":"https:\/\/infocul.pt\/arquivo\/","logo":{"@type":"ImageObject","inLanguage":"pt-PT","@id":"https:\/\/infocul.pt\/arquivo\/#\/schema\/logo\/image\/","url":"https:\/\/infocul.pt\/arquivo\/wp-content\/uploads\/2018\/12\/Infocul_logo-1.png","contentUrl":"https:\/\/infocul.pt\/arquivo\/wp-content\/uploads\/2018\/12\/Infocul_logo-1.png","width":800,"height":800,"caption":"Infocul.pt"},"image":{"@id":"https:\/\/infocul.pt\/arquivo\/#\/schema\/logo\/image\/"},"sameAs":["https:\/\/www.facebook.com\/Infocul-147816815585015\/","https:\/\/x.com\/Infoculpt","http:\/\/www.pictaram.com\/user\/infocul.pt\/2370423710","https:\/\/www.youtube.com\/channel\/UCYEB91AGI9FL9ek2i_IaQAA"]},{"@type":"Person","@id":"https:\/\/infocul.pt\/arquivo\/#\/schema\/person\/f243f45ae8d67639120a7586884f3abc","name":"Redac\u00e7\u00e3o","image":{"@type":"ImageObject","inLanguage":"pt-PT","@id":"https:\/\/secure.gravatar.com\/avatar\/151b1b76c598ab5e749407223bd6c1bad4e41c4e95de3c3df83540ebee2deaf8?s=96&d=mm&r=g","url":"https:\/\/secure.gravatar.com\/avatar\/151b1b76c598ab5e749407223bd6c1bad4e41c4e95de3c3df83540ebee2deaf8?s=96&d=mm&r=g","contentUrl":"https:\/\/secure.gravatar.com\/avatar\/151b1b76c598ab5e749407223bd6c1bad4e41c4e95de3c3df83540ebee2deaf8?s=96&d=mm&r=g","caption":"Redac\u00e7\u00e3o"}}]}},"_links":{"self":[{"href":"https:\/\/infocul.pt\/arquivo\/wp-json\/wp\/v2\/posts\/51163","targetHints":{"allow":["GET"]}}],"collection":[{"href":"https:\/\/infocul.pt\/arquivo\/wp-json\/wp\/v2\/posts"}],"about":[{"href":"https:\/\/infocul.pt\/arquivo\/wp-json\/wp\/v2\/types\/post"}],"author":[{"embeddable":true,"href":"https:\/\/infocul.pt\/arquivo\/wp-json\/wp\/v2\/users\/13"}],"replies":[{"embeddable":true,"href":"https:\/\/infocul.pt\/arquivo\/wp-json\/wp\/v2\/comments?post=51163"}],"version-history":[{"count":0,"href":"https:\/\/infocul.pt\/arquivo\/wp-json\/wp\/v2\/posts\/51163\/revisions"}],"wp:featuredmedia":[{"embeddable":true,"href":"https:\/\/infocul.pt\/arquivo\/wp-json\/wp\/v2\/media\/51094"}],"wp:attachment":[{"href":"https:\/\/infocul.pt\/arquivo\/wp-json\/wp\/v2\/media?parent=51163"}],"wp:term":[{"taxonomy":"category","embeddable":true,"href":"https:\/\/infocul.pt\/arquivo\/wp-json\/wp\/v2\/categories?post=51163"},{"taxonomy":"post_tag","embeddable":true,"href":"https:\/\/infocul.pt\/arquivo\/wp-json\/wp\/v2\/tags?post=51163"}],"curies":[{"name":"wp","href":"https:\/\/api.w.org\/{rel}","templated":true}]}}