{"id":51257,"date":"2019-01-06T12:03:07","date_gmt":"2019-01-06T12:03:07","guid":{"rendered":"https:\/\/infocul.pt\/?p=51257"},"modified":"2019-01-06T12:03:07","modified_gmt":"2019-01-06T12:03:07","slug":"doze-distritos-em-alerta-amarelo-devido-a-baixas-temperaturas","status":"publish","type":"post","link":"https:\/\/infocul.pt\/arquivo\/actualidade\/doze-distritos-em-alerta-amarelo-devido-a-baixas-temperaturas\/","title":{"rendered":"Doze distritos em alerta amarelo devido a baixas temperaturas"},"content":{"rendered":"<p><img decoding=\"async\" class=\"aligncenter wp-image-51258 size-full lazyload\" data-src=\"https:\/\/infocul.pt\/arquivo\/wp-content\/uploads\/2019\/01\/temperatura.jpg\" alt=\"\" width=\"750\" height=\"300\" data-srcset=\"https:\/\/infocul.pt\/arquivo\/wp-content\/uploads\/2019\/01\/temperatura.jpg 750w, https:\/\/infocul.pt\/arquivo\/wp-content\/uploads\/2019\/01\/temperatura-300x120.jpg 300w\" data-sizes=\"(max-width: 750px) 100vw, 750px\" src=\"data:image\/svg+xml;base64,PHN2ZyB3aWR0aD0iMSIgaGVpZ2h0PSIxIiB4bWxucz0iaHR0cDovL3d3dy53My5vcmcvMjAwMC9zdmciPjwvc3ZnPg==\" style=\"--smush-placeholder-width: 750px; --smush-placeholder-aspect-ratio: 750\/300;\" \/><\/p>\n<p>&nbsp;<\/p>\n<p>&nbsp;<\/p>\n<p>&nbsp;<\/p>\n<p>&nbsp;<\/p>\n<p>A previs\u00e3o do agravamento das baixas temperaturas que se t\u00eam feito sentir nas \u00faltimas horas, fez com que o Instituto Portugu\u00eas do Mar e da Atmosfera (IPMA) colocasse doze distritos de Portugal continental est\u00e3o sob aviso amarelo, at\u00e9 \u00e0 pr\u00f3xima ter\u00e7a-feira, devido \u00e0 persist\u00eancia de valores baixos da temperatura m\u00ednima.<!--more--><\/p>\n<p>&nbsp;<\/p>\n<p>De acordo com o IPMA, foram colocados sob aviso amarelo os distritos de Aveiro, Braga, Bragan\u00e7a, \u00c9vora, Faro, Guarda, Leiria, Lisboa, Porto, Santar\u00e9m, Set\u00fabal e Vila Real.<\/p>\n<p>De acordo as previs\u00f5es do IPMA, at\u00e9 quarta-feira, as temperaturas v\u00e3o continuar a descer, sendo esperadas m\u00ednimas de zero graus em Vila Real, Santar\u00e9m, Leiria, \u00c9vora e Set\u00fabal, enquanto em Bragan\u00e7a os term\u00f3metros v\u00e3o descer at\u00e9 aos -4 graus e Braga aos -3.<\/p>\n<p>Ainda de acordo com a informa\u00e7\u00e3o disponibilizada pelo IPMA, ir\u00e1 assistir-se a um acentuado arrefecimento nocturno com forma\u00e7\u00e3o de geada nos pr\u00f3ximos tr\u00eas dias, e forma\u00e7\u00e3o de geada, em especial nos vales e terras baixas, podendo persistir em alguns locais do nordeste transmontano.<\/p>\n<p>&nbsp;<\/p>\n","protected":false},"excerpt":{"rendered":"<p>&nbsp; &nbsp; &nbsp; &nbsp; A previs\u00e3o do agravamento das baixas temperaturas que se t\u00eam feito sentir nas \u00faltimas horas, fez com que o Instituto Portugu\u00eas do Mar e da Atmosfera (IPMA) colocasse doze distritos de Portugal continental est\u00e3o sob aviso amarelo, at\u00e9 \u00e0 pr\u00f3xima ter\u00e7a-feira, devido \u00e0 persist\u00eancia de valores baixos da temperatura m\u00ednima.<\/p>\n","protected":false},"author":13,"featured_media":51258,"comment_status":"open","ping_status":"closed","sticky":false,"template":"","format":"standard","meta":{"footnotes":""},"categories":[10,11],"tags":[2409,1644,1489,1495,715,2708,5438,4434,903,80,198,4433,441,317],"class_list":["post-51257","post","type-post","status-publish","format-standard","has-post-thumbnail","hentry","category-actualidade","category-pais","tag-aveiro","tag-braga","tag-braganca","tag-evora","tag-faro","tag-guarda","tag-instituto-portugues-do-mar-e-da-atmosfera","tag-ipma","tag-leiria","tag-lisboa","tag-porto","tag-santarem","tag-setubal","tag-vila-real"],"yoast_head":"<!-- This site is optimized with the Yoast SEO plugin v27.4 - https:\/\/yoast.com\/product\/yoast-seo-wordpress\/ -->\n<title>Doze distritos em alerta amarelo devido a baixas temperaturas | Infocul.pt - Arquivo Digital<\/title>\n<meta name=\"description\" content=\"Doze distritos em alerta amarelo devido a baixas temperaturas | Infocul.pt - Arquivo Digital\" \/>\n<meta name=\"robots\" content=\"noindex, follow, max-snippet:-1, max-image-preview:large, max-video-preview:-1\" \/>\n<meta property=\"og:locale\" content=\"pt_PT\" \/>\n<meta property=\"og:type\" content=\"article\" \/>\n<meta property=\"og:title\" content=\"Doze distritos em alerta amarelo devido a baixas temperaturas | Infocul.pt - Arquivo Digital\" \/>\n<meta property=\"og:description\" content=\"Doze distritos em alerta amarelo devido a baixas temperaturas | Infocul.pt - Arquivo Digital\" \/>\n<meta property=\"og:url\" content=\"https:\/\/infocul.pt\/arquivo\/actualidade\/doze-distritos-em-alerta-amarelo-devido-a-baixas-temperaturas\/\" \/>\n<meta property=\"og:site_name\" content=\"Infocul.pt - Arquivo Digital\" \/>\n<meta property=\"article:publisher\" content=\"https:\/\/www.facebook.com\/Infocul-147816815585015\/\" \/>\n<meta property=\"article:published_time\" content=\"2019-01-06T12:03:07+00:00\" \/>\n<meta property=\"og:image\" content=\"https:\/\/infocul.pt\/arquivo\/wp-content\/uploads\/2019\/01\/temperatura.jpg\" \/>\n\t<meta property=\"og:image:width\" content=\"750\" \/>\n\t<meta property=\"og:image:height\" content=\"300\" \/>\n\t<meta property=\"og:image:type\" content=\"image\/jpeg\" \/>\n<meta name=\"author\" content=\"Redac\u00e7\u00e3o\" \/>\n<meta name=\"twitter:card\" content=\"summary_large_image\" \/>\n<meta name=\"twitter:creator\" content=\"@Infoculpt\" \/>\n<meta name=\"twitter:site\" content=\"@Infoculpt\" \/>\n<meta name=\"twitter:label1\" content=\"Escrito por\" \/>\n\t<meta name=\"twitter:data1\" content=\"Redac\u00e7\u00e3o\" \/>\n\t<meta name=\"twitter:label2\" content=\"Tempo estimado de leitura\" \/>\n\t<meta name=\"twitter:data2\" content=\"1 minuto\" \/>\n<script type=\"application\/ld+json\" class=\"yoast-schema-graph\">{\"@context\":\"https:\\\/\\\/schema.org\",\"@graph\":[{\"@type\":\"Article\",\"@id\":\"https:\\\/\\\/infocul.pt\\\/arquivo\\\/actualidade\\\/doze-distritos-em-alerta-amarelo-devido-a-baixas-temperaturas\\\/#article\",\"isPartOf\":{\"@id\":\"https:\\\/\\\/infocul.pt\\\/arquivo\\\/actualidade\\\/doze-distritos-em-alerta-amarelo-devido-a-baixas-temperaturas\\\/\"},\"author\":{\"name\":\"Redac\u00e7\u00e3o\",\"@id\":\"https:\\\/\\\/infocul.pt\\\/arquivo\\\/#\\\/schema\\\/person\\\/f243f45ae8d67639120a7586884f3abc\"},\"headline\":\"Doze distritos em alerta amarelo devido a baixas temperaturas\",\"datePublished\":\"2019-01-06T12:03:07+00:00\",\"mainEntityOfPage\":{\"@id\":\"https:\\\/\\\/infocul.pt\\\/arquivo\\\/actualidade\\\/doze-distritos-em-alerta-amarelo-devido-a-baixas-temperaturas\\\/\"},\"wordCount\":200,\"commentCount\":0,\"publisher\":{\"@id\":\"https:\\\/\\\/infocul.pt\\\/arquivo\\\/#organization\"},\"image\":{\"@id\":\"https:\\\/\\\/infocul.pt\\\/arquivo\\\/actualidade\\\/doze-distritos-em-alerta-amarelo-devido-a-baixas-temperaturas\\\/#primaryimage\"},\"thumbnailUrl\":\"https:\\\/\\\/infocul.pt\\\/arquivo\\\/wp-content\\\/uploads\\\/2019\\\/01\\\/temperatura.jpg\",\"keywords\":[\"Aveiro\",\"Braga\",\"Bragan\u00e7a\",\"\u00c9vora\",\"Faro\",\"Guarda\",\"Instituto Portugu\u00eas do Mar e da Atmosfera\",\"IPMA\",\"Leiria\",\"Lisboa\",\"Porto\",\"Santar\u00e9m\",\"Set\u00fabal\",\"Vila Real\"],\"articleSection\":[\"Actualidade\",\"Pa\u00eds\"],\"inLanguage\":\"pt-PT\"},{\"@type\":\"WebPage\",\"@id\":\"https:\\\/\\\/infocul.pt\\\/arquivo\\\/actualidade\\\/doze-distritos-em-alerta-amarelo-devido-a-baixas-temperaturas\\\/\",\"url\":\"https:\\\/\\\/infocul.pt\\\/arquivo\\\/actualidade\\\/doze-distritos-em-alerta-amarelo-devido-a-baixas-temperaturas\\\/\",\"name\":\"Doze distritos em alerta amarelo devido a baixas temperaturas | Infocul.pt - Arquivo Digital\",\"isPartOf\":{\"@id\":\"https:\\\/\\\/infocul.pt\\\/arquivo\\\/#website\"},\"primaryImageOfPage\":{\"@id\":\"https:\\\/\\\/infocul.pt\\\/arquivo\\\/actualidade\\\/doze-distritos-em-alerta-amarelo-devido-a-baixas-temperaturas\\\/#primaryimage\"},\"image\":{\"@id\":\"https:\\\/\\\/infocul.pt\\\/arquivo\\\/actualidade\\\/doze-distritos-em-alerta-amarelo-devido-a-baixas-temperaturas\\\/#primaryimage\"},\"thumbnailUrl\":\"https:\\\/\\\/infocul.pt\\\/arquivo\\\/wp-content\\\/uploads\\\/2019\\\/01\\\/temperatura.jpg\",\"datePublished\":\"2019-01-06T12:03:07+00:00\",\"description\":\"Doze distritos em alerta amarelo devido a baixas temperaturas | Infocul.pt - Arquivo Digital\",\"breadcrumb\":{\"@id\":\"https:\\\/\\\/infocul.pt\\\/arquivo\\\/actualidade\\\/doze-distritos-em-alerta-amarelo-devido-a-baixas-temperaturas\\\/#breadcrumb\"},\"inLanguage\":\"pt-PT\",\"potentialAction\":[{\"@type\":\"ReadAction\",\"target\":[\"https:\\\/\\\/infocul.pt\\\/arquivo\\\/actualidade\\\/doze-distritos-em-alerta-amarelo-devido-a-baixas-temperaturas\\\/\"]}]},{\"@type\":\"ImageObject\",\"inLanguage\":\"pt-PT\",\"@id\":\"https:\\\/\\\/infocul.pt\\\/arquivo\\\/actualidade\\\/doze-distritos-em-alerta-amarelo-devido-a-baixas-temperaturas\\\/#primaryimage\",\"url\":\"https:\\\/\\\/infocul.pt\\\/arquivo\\\/wp-content\\\/uploads\\\/2019\\\/01\\\/temperatura.jpg\",\"contentUrl\":\"https:\\\/\\\/infocul.pt\\\/arquivo\\\/wp-content\\\/uploads\\\/2019\\\/01\\\/temperatura.jpg\",\"width\":750,\"height\":300},{\"@type\":\"BreadcrumbList\",\"@id\":\"https:\\\/\\\/infocul.pt\\\/arquivo\\\/actualidade\\\/doze-distritos-em-alerta-amarelo-devido-a-baixas-temperaturas\\\/#breadcrumb\",\"itemListElement\":[{\"@type\":\"ListItem\",\"position\":1,\"name\":\"Home\",\"item\":\"https:\\\/\\\/infocul.pt\\\/arquivo\\\/\"},{\"@type\":\"ListItem\",\"position\":2,\"name\":\"Doze distritos em alerta amarelo devido a baixas temperaturas\"}]},{\"@type\":\"WebSite\",\"@id\":\"https:\\\/\\\/infocul.pt\\\/arquivo\\\/#website\",\"url\":\"https:\\\/\\\/infocul.pt\\\/arquivo\\\/\",\"name\":\"Infocul.pt - Arquivo Digital\",\"description\":\"Arquivo digital da Infocul.pt\",\"publisher\":{\"@id\":\"https:\\\/\\\/infocul.pt\\\/arquivo\\\/#organization\"},\"potentialAction\":[{\"@type\":\"SearchAction\",\"target\":{\"@type\":\"EntryPoint\",\"urlTemplate\":\"https:\\\/\\\/infocul.pt\\\/arquivo\\\/?s={search_term_string}\"},\"query-input\":{\"@type\":\"PropertyValueSpecification\",\"valueRequired\":true,\"valueName\":\"search_term_string\"}}],\"inLanguage\":\"pt-PT\"},{\"@type\":\"Organization\",\"@id\":\"https:\\\/\\\/infocul.pt\\\/arquivo\\\/#organization\",\"name\":\"Infocul.pt\",\"url\":\"https:\\\/\\\/infocul.pt\\\/arquivo\\\/\",\"logo\":{\"@type\":\"ImageObject\",\"inLanguage\":\"pt-PT\",\"@id\":\"https:\\\/\\\/infocul.pt\\\/arquivo\\\/#\\\/schema\\\/logo\\\/image\\\/\",\"url\":\"https:\\\/\\\/infocul.pt\\\/arquivo\\\/wp-content\\\/uploads\\\/2018\\\/12\\\/Infocul_logo-1.png\",\"contentUrl\":\"https:\\\/\\\/infocul.pt\\\/arquivo\\\/wp-content\\\/uploads\\\/2018\\\/12\\\/Infocul_logo-1.png\",\"width\":800,\"height\":800,\"caption\":\"Infocul.pt\"},\"image\":{\"@id\":\"https:\\\/\\\/infocul.pt\\\/arquivo\\\/#\\\/schema\\\/logo\\\/image\\\/\"},\"sameAs\":[\"https:\\\/\\\/www.facebook.com\\\/Infocul-147816815585015\\\/\",\"https:\\\/\\\/x.com\\\/Infoculpt\",\"http:\\\/\\\/www.pictaram.com\\\/user\\\/infocul.pt\\\/2370423710\",\"https:\\\/\\\/www.youtube.com\\\/channel\\\/UCYEB91AGI9FL9ek2i_IaQAA\"]},{\"@type\":\"Person\",\"@id\":\"https:\\\/\\\/infocul.pt\\\/arquivo\\\/#\\\/schema\\\/person\\\/f243f45ae8d67639120a7586884f3abc\",\"name\":\"Redac\u00e7\u00e3o\",\"image\":{\"@type\":\"ImageObject\",\"inLanguage\":\"pt-PT\",\"@id\":\"https:\\\/\\\/secure.gravatar.com\\\/avatar\\\/151b1b76c598ab5e749407223bd6c1bad4e41c4e95de3c3df83540ebee2deaf8?s=96&d=mm&r=g\",\"url\":\"https:\\\/\\\/secure.gravatar.com\\\/avatar\\\/151b1b76c598ab5e749407223bd6c1bad4e41c4e95de3c3df83540ebee2deaf8?s=96&d=mm&r=g\",\"contentUrl\":\"https:\\\/\\\/secure.gravatar.com\\\/avatar\\\/151b1b76c598ab5e749407223bd6c1bad4e41c4e95de3c3df83540ebee2deaf8?s=96&d=mm&r=g\",\"caption\":\"Redac\u00e7\u00e3o\"}}]}<\/script>\n<!-- \/ Yoast SEO plugin. -->","yoast_head_json":{"title":"Doze distritos em alerta amarelo devido a baixas temperaturas | Infocul.pt - Arquivo Digital","description":"Doze distritos em alerta amarelo devido a baixas temperaturas | Infocul.pt - Arquivo Digital","robots":{"index":"noindex","follow":"follow","max-snippet":"max-snippet:-1","max-image-preview":"max-image-preview:large","max-video-preview":"max-video-preview:-1"},"og_locale":"pt_PT","og_type":"article","og_title":"Doze distritos em alerta amarelo devido a baixas temperaturas | Infocul.pt - Arquivo Digital","og_description":"Doze distritos em alerta amarelo devido a baixas temperaturas | Infocul.pt - Arquivo Digital","og_url":"https:\/\/infocul.pt\/arquivo\/actualidade\/doze-distritos-em-alerta-amarelo-devido-a-baixas-temperaturas\/","og_site_name":"Infocul.pt - Arquivo Digital","article_publisher":"https:\/\/www.facebook.com\/Infocul-147816815585015\/","article_published_time":"2019-01-06T12:03:07+00:00","og_image":[{"width":750,"height":300,"url":"https:\/\/infocul.pt\/arquivo\/wp-content\/uploads\/2019\/01\/temperatura.jpg","type":"image\/jpeg"}],"author":"Redac\u00e7\u00e3o","twitter_card":"summary_large_image","twitter_creator":"@Infoculpt","twitter_site":"@Infoculpt","twitter_misc":{"Escrito por":"Redac\u00e7\u00e3o","Tempo estimado de leitura":"1 minuto"},"schema":{"@context":"https:\/\/schema.org","@graph":[{"@type":"Article","@id":"https:\/\/infocul.pt\/arquivo\/actualidade\/doze-distritos-em-alerta-amarelo-devido-a-baixas-temperaturas\/#article","isPartOf":{"@id":"https:\/\/infocul.pt\/arquivo\/actualidade\/doze-distritos-em-alerta-amarelo-devido-a-baixas-temperaturas\/"},"author":{"name":"Redac\u00e7\u00e3o","@id":"https:\/\/infocul.pt\/arquivo\/#\/schema\/person\/f243f45ae8d67639120a7586884f3abc"},"headline":"Doze distritos em alerta amarelo devido a baixas temperaturas","datePublished":"2019-01-06T12:03:07+00:00","mainEntityOfPage":{"@id":"https:\/\/infocul.pt\/arquivo\/actualidade\/doze-distritos-em-alerta-amarelo-devido-a-baixas-temperaturas\/"},"wordCount":200,"commentCount":0,"publisher":{"@id":"https:\/\/infocul.pt\/arquivo\/#organization"},"image":{"@id":"https:\/\/infocul.pt\/arquivo\/actualidade\/doze-distritos-em-alerta-amarelo-devido-a-baixas-temperaturas\/#primaryimage"},"thumbnailUrl":"https:\/\/infocul.pt\/arquivo\/wp-content\/uploads\/2019\/01\/temperatura.jpg","keywords":["Aveiro","Braga","Bragan\u00e7a","\u00c9vora","Faro","Guarda","Instituto Portugu\u00eas do Mar e da Atmosfera","IPMA","Leiria","Lisboa","Porto","Santar\u00e9m","Set\u00fabal","Vila Real"],"articleSection":["Actualidade","Pa\u00eds"],"inLanguage":"pt-PT"},{"@type":"WebPage","@id":"https:\/\/infocul.pt\/arquivo\/actualidade\/doze-distritos-em-alerta-amarelo-devido-a-baixas-temperaturas\/","url":"https:\/\/infocul.pt\/arquivo\/actualidade\/doze-distritos-em-alerta-amarelo-devido-a-baixas-temperaturas\/","name":"Doze distritos em alerta amarelo devido a baixas temperaturas | Infocul.pt - Arquivo Digital","isPartOf":{"@id":"https:\/\/infocul.pt\/arquivo\/#website"},"primaryImageOfPage":{"@id":"https:\/\/infocul.pt\/arquivo\/actualidade\/doze-distritos-em-alerta-amarelo-devido-a-baixas-temperaturas\/#primaryimage"},"image":{"@id":"https:\/\/infocul.pt\/arquivo\/actualidade\/doze-distritos-em-alerta-amarelo-devido-a-baixas-temperaturas\/#primaryimage"},"thumbnailUrl":"https:\/\/infocul.pt\/arquivo\/wp-content\/uploads\/2019\/01\/temperatura.jpg","datePublished":"2019-01-06T12:03:07+00:00","description":"Doze distritos em alerta amarelo devido a baixas temperaturas | Infocul.pt - Arquivo Digital","breadcrumb":{"@id":"https:\/\/infocul.pt\/arquivo\/actualidade\/doze-distritos-em-alerta-amarelo-devido-a-baixas-temperaturas\/#breadcrumb"},"inLanguage":"pt-PT","potentialAction":[{"@type":"ReadAction","target":["https:\/\/infocul.pt\/arquivo\/actualidade\/doze-distritos-em-alerta-amarelo-devido-a-baixas-temperaturas\/"]}]},{"@type":"ImageObject","inLanguage":"pt-PT","@id":"https:\/\/infocul.pt\/arquivo\/actualidade\/doze-distritos-em-alerta-amarelo-devido-a-baixas-temperaturas\/#primaryimage","url":"https:\/\/infocul.pt\/arquivo\/wp-content\/uploads\/2019\/01\/temperatura.jpg","contentUrl":"https:\/\/infocul.pt\/arquivo\/wp-content\/uploads\/2019\/01\/temperatura.jpg","width":750,"height":300},{"@type":"BreadcrumbList","@id":"https:\/\/infocul.pt\/arquivo\/actualidade\/doze-distritos-em-alerta-amarelo-devido-a-baixas-temperaturas\/#breadcrumb","itemListElement":[{"@type":"ListItem","position":1,"name":"Home","item":"https:\/\/infocul.pt\/arquivo\/"},{"@type":"ListItem","position":2,"name":"Doze distritos em alerta amarelo devido a baixas temperaturas"}]},{"@type":"WebSite","@id":"https:\/\/infocul.pt\/arquivo\/#website","url":"https:\/\/infocul.pt\/arquivo\/","name":"Infocul.pt - Arquivo Digital","description":"Arquivo digital da Infocul.pt","publisher":{"@id":"https:\/\/infocul.pt\/arquivo\/#organization"},"potentialAction":[{"@type":"SearchAction","target":{"@type":"EntryPoint","urlTemplate":"https:\/\/infocul.pt\/arquivo\/?s={search_term_string}"},"query-input":{"@type":"PropertyValueSpecification","valueRequired":true,"valueName":"search_term_string"}}],"inLanguage":"pt-PT"},{"@type":"Organization","@id":"https:\/\/infocul.pt\/arquivo\/#organization","name":"Infocul.pt","url":"https:\/\/infocul.pt\/arquivo\/","logo":{"@type":"ImageObject","inLanguage":"pt-PT","@id":"https:\/\/infocul.pt\/arquivo\/#\/schema\/logo\/image\/","url":"https:\/\/infocul.pt\/arquivo\/wp-content\/uploads\/2018\/12\/Infocul_logo-1.png","contentUrl":"https:\/\/infocul.pt\/arquivo\/wp-content\/uploads\/2018\/12\/Infocul_logo-1.png","width":800,"height":800,"caption":"Infocul.pt"},"image":{"@id":"https:\/\/infocul.pt\/arquivo\/#\/schema\/logo\/image\/"},"sameAs":["https:\/\/www.facebook.com\/Infocul-147816815585015\/","https:\/\/x.com\/Infoculpt","http:\/\/www.pictaram.com\/user\/infocul.pt\/2370423710","https:\/\/www.youtube.com\/channel\/UCYEB91AGI9FL9ek2i_IaQAA"]},{"@type":"Person","@id":"https:\/\/infocul.pt\/arquivo\/#\/schema\/person\/f243f45ae8d67639120a7586884f3abc","name":"Redac\u00e7\u00e3o","image":{"@type":"ImageObject","inLanguage":"pt-PT","@id":"https:\/\/secure.gravatar.com\/avatar\/151b1b76c598ab5e749407223bd6c1bad4e41c4e95de3c3df83540ebee2deaf8?s=96&d=mm&r=g","url":"https:\/\/secure.gravatar.com\/avatar\/151b1b76c598ab5e749407223bd6c1bad4e41c4e95de3c3df83540ebee2deaf8?s=96&d=mm&r=g","contentUrl":"https:\/\/secure.gravatar.com\/avatar\/151b1b76c598ab5e749407223bd6c1bad4e41c4e95de3c3df83540ebee2deaf8?s=96&d=mm&r=g","caption":"Redac\u00e7\u00e3o"}}]}},"_links":{"self":[{"href":"https:\/\/infocul.pt\/arquivo\/wp-json\/wp\/v2\/posts\/51257","targetHints":{"allow":["GET"]}}],"collection":[{"href":"https:\/\/infocul.pt\/arquivo\/wp-json\/wp\/v2\/posts"}],"about":[{"href":"https:\/\/infocul.pt\/arquivo\/wp-json\/wp\/v2\/types\/post"}],"author":[{"embeddable":true,"href":"https:\/\/infocul.pt\/arquivo\/wp-json\/wp\/v2\/users\/13"}],"replies":[{"embeddable":true,"href":"https:\/\/infocul.pt\/arquivo\/wp-json\/wp\/v2\/comments?post=51257"}],"version-history":[{"count":0,"href":"https:\/\/infocul.pt\/arquivo\/wp-json\/wp\/v2\/posts\/51257\/revisions"}],"wp:featuredmedia":[{"embeddable":true,"href":"https:\/\/infocul.pt\/arquivo\/wp-json\/wp\/v2\/media\/51258"}],"wp:attachment":[{"href":"https:\/\/infocul.pt\/arquivo\/wp-json\/wp\/v2\/media?parent=51257"}],"wp:term":[{"taxonomy":"category","embeddable":true,"href":"https:\/\/infocul.pt\/arquivo\/wp-json\/wp\/v2\/categories?post=51257"},{"taxonomy":"post_tag","embeddable":true,"href":"https:\/\/infocul.pt\/arquivo\/wp-json\/wp\/v2\/tags?post=51257"}],"curies":[{"name":"wp","href":"https:\/\/api.w.org\/{rel}","templated":true}]}}