{"id":51912,"date":"2019-01-22T21:20:39","date_gmt":"2019-01-22T21:20:39","guid":{"rendered":"https:\/\/infocul.pt\/?p=51912"},"modified":"2019-01-22T21:20:39","modified_gmt":"2019-01-22T21:20:39","slug":"carros-candidatos-a-carro-do-ano-estarao-em-exposicao-no-campo-pequeno","status":"publish","type":"post","link":"https:\/\/infocul.pt\/arquivo\/actualidade\/carros-candidatos-a-carro-do-ano-estarao-em-exposicao-no-campo-pequeno\/","title":{"rendered":"Carros candidatos a &#8216;Carro do Ano&#8217; estar\u00e3o em exposi\u00e7\u00e3o no Campo Pequeno"},"content":{"rendered":"<p><img decoding=\"async\" class=\"aligncenter wp-image-51913 size-full lazyload\" data-src=\"https:\/\/infocul.pt\/arquivo\/wp-content\/uploads\/2019\/01\/carro-do-ano.png\" alt=\"\" width=\"425\" height=\"193\" data-srcset=\"https:\/\/infocul.pt\/arquivo\/wp-content\/uploads\/2019\/01\/carro-do-ano.png 425w, https:\/\/infocul.pt\/arquivo\/wp-content\/uploads\/2019\/01\/carro-do-ano-300x136.png 300w\" data-sizes=\"(max-width: 425px) 100vw, 425px\" src=\"data:image\/svg+xml;base64,PHN2ZyB3aWR0aD0iMSIgaGVpZ2h0PSIxIiB4bWxucz0iaHR0cDovL3d3dy53My5vcmcvMjAwMC9zdmciPjwvc3ZnPg==\" style=\"--smush-placeholder-width: 425px; --smush-placeholder-aspect-ratio: 425\/193;\" \/><\/p>\n<p>&nbsp;<\/p>\n<p>&nbsp;<\/p>\n<p>Este fim de semana, nos dias 25, 26 e 27 de Janeiro, os autom\u00f3veis candidatos a Carro do Ano v\u00e3o estar em exposi\u00e7\u00e3o no Campo Pequeno, em Lisboa. Uma iniciativa SIC Noticiais e Expresso com entrada gratuita.<!--more--><\/p>\n<p>No total s\u00e3o 23 autom\u00f3veis que v\u00e3o estar em exposi\u00e7\u00e3o, ao longo de tr\u00eas dias, bem no centro de Lisboa. Uma oportunidade \u00fanica para ver ao vivo e de forma gratuita alguns dos modelos mais recentes \u00e0 venda no nosso pa\u00eds. O J\u00fari, composto por 19 jornalistas em representa\u00e7\u00e3o de alguns dos mais importantes \u00d3rg\u00e3os de Comunica\u00e7\u00e3o Social portugueses, est\u00e1 a realizar os testes din\u00e2micos com os diferentes modelos a concurso. Brevemente ficaremos a conhecer os sete finalistas que ir\u00e3o decidir entre si quem \u00e9 o vencedor da maior distin\u00e7\u00e3o da ind\u00fastria autom\u00f3vel nacional. Est\u00e9tica, performances, seguran\u00e7a, fiabilidade, pre\u00e7o e sustentabilidade ambiental s\u00e3o algumas das \u00e1reas de avalia\u00e7\u00e3o.<\/p>\n<p>A cria\u00e7\u00e3o de um galard\u00e3o anual designado por \u201cCarro do Ano\u201dvisa premiar o modelo que represente, simultaneamente, um avan\u00e7o tecnol\u00f3gico significativo no \u00e2mbito do mercado autom\u00f3vel nacional e o melhor compromisso para o automobilista portugu\u00eas em termos de economia (pre\u00e7o e custos de utiliza\u00e7\u00e3o), seguran\u00e7a e agradabilidade de condu\u00e7\u00e3o.<\/p>\n<p>O modelo premiado ser\u00e1 distinguido com o t\u00edtulo de \u201cEssilor Carro do Ano\/Trof\u00e9u Volante de Cristal 2019\u201d, recebendo o respetivo representante ou importador o \u201cTrof\u00e9u Volante de Cristal\u201d. Paralelamente, mantendo a generalidade dos seus pressupostos, ser\u00e1 galardoado o melhor produto autom\u00f3vel (vers\u00e3o) em segmentos distintos do mercado nacional. Estes galard\u00f5es contemplar\u00e3o seis classes: Citadino, Familiar, Executivo, Grandes SUV, SUV\u2019S Compactos e Ecol\u00f3gico. O vencedor de cada classe receber\u00e1 o respetivo t\u00edtulo e poder\u00e1 ostentar a distin\u00e7\u00e3o de cada uma das seis classes mencionadas.<\/p>\n<p>Refer\u00eancia, ainda, para o pr\u00e9mio Ecol\u00f3gico do ano. Uma distin\u00e7\u00e3o especial reservada a ve\u00edculos com motores el\u00e9tricos ou h\u00edbridos (que combinem motor el\u00e9trico e motor t\u00e9rmico). Em foco nesta categoria a efici\u00eancia energ\u00e9tica, os consumos, as emiss\u00f5es e a autonomia homologados pela marca, tendo igualmente em aten\u00e7\u00e3o os consumos revelados durante o teste dos jurados, assim como a autonomia real numa utiliza\u00e7\u00e3o di\u00e1ria.<\/p>\n<p>Para esta edi\u00e7\u00e3o, a organiza\u00e7\u00e3o voltar\u00e1 a selecionar cinco dispositivos inovadores e tecnologicamente avan\u00e7ados que consigam beneficiar diretamente a condu\u00e7\u00e3o e o condutor, que ser\u00e3o apreciados e posteriormente votados pelos jurados em simult\u00e2neo com a vota\u00e7\u00e3o final.<\/p>\n<p>O Grupo Impresa organiza a iniciativa \u2013 \u201cEssilor Carro do Ano\/Trof\u00e9u Volante de Cristal 2019\u201d, atrav\u00e9s da SIC Not\u00edcias e do Jornal Expresso.<\/p>\n","protected":false},"excerpt":{"rendered":"<p>&nbsp; &nbsp; Este fim de semana, nos dias 25, 26 e 27 de Janeiro, os autom\u00f3veis candidatos a Carro do Ano v\u00e3o estar em exposi\u00e7\u00e3o no Campo Pequeno, em Lisboa. Uma iniciativa SIC Noticiais e Expresso com entrada gratuita.<\/p>\n","protected":false},"author":13,"featured_media":51913,"comment_status":"open","ping_status":"closed","sticky":false,"template":"","format":"standard","meta":{"footnotes":""},"categories":[10,11],"tags":[2717,244,1485,3881,1264],"class_list":["post-51912","post","type-post","status-publish","format-standard","has-post-thumbnail","hentry","category-actualidade","category-pais","tag-automoveis","tag-campo-pequeno","tag-expresso","tag-impresa","tag-sic-noticias"],"yoast_head":"<!-- This site is optimized with the Yoast SEO plugin v27.4 - https:\/\/yoast.com\/product\/yoast-seo-wordpress\/ -->\n<title>Carros candidatos a &#039;Carro do Ano&#039; estar\u00e3o em exposi\u00e7\u00e3o no Campo Pequeno | Infocul.pt - Arquivo Digital<\/title>\n<meta name=\"description\" content=\"Carros candidatos a &#039;Carro do Ano&#039; estar\u00e3o em exposi\u00e7\u00e3o no Campo Pequeno | Infocul.pt - Arquivo Digital\" \/>\n<meta name=\"robots\" content=\"noindex, follow, max-snippet:-1, max-image-preview:large, max-video-preview:-1\" \/>\n<meta property=\"og:locale\" content=\"pt_PT\" \/>\n<meta property=\"og:type\" content=\"article\" \/>\n<meta property=\"og:title\" content=\"Carros candidatos a &#039;Carro do Ano&#039; estar\u00e3o em exposi\u00e7\u00e3o no Campo Pequeno | Infocul.pt - Arquivo Digital\" \/>\n<meta property=\"og:description\" content=\"Carros candidatos a &#039;Carro do Ano&#039; estar\u00e3o em exposi\u00e7\u00e3o no Campo Pequeno | Infocul.pt - Arquivo Digital\" \/>\n<meta property=\"og:url\" content=\"https:\/\/infocul.pt\/arquivo\/actualidade\/carros-candidatos-a-carro-do-ano-estarao-em-exposicao-no-campo-pequeno\/\" \/>\n<meta property=\"og:site_name\" content=\"Infocul.pt - Arquivo Digital\" \/>\n<meta property=\"article:publisher\" content=\"https:\/\/www.facebook.com\/Infocul-147816815585015\/\" \/>\n<meta property=\"article:published_time\" content=\"2019-01-22T21:20:39+00:00\" \/>\n<meta property=\"og:image\" content=\"https:\/\/infocul.pt\/arquivo\/wp-content\/uploads\/2019\/01\/carro-do-ano.png\" \/>\n\t<meta property=\"og:image:width\" content=\"425\" \/>\n\t<meta property=\"og:image:height\" content=\"193\" \/>\n\t<meta property=\"og:image:type\" content=\"image\/png\" \/>\n<meta name=\"author\" content=\"Redac\u00e7\u00e3o\" \/>\n<meta name=\"twitter:card\" content=\"summary_large_image\" \/>\n<meta name=\"twitter:creator\" content=\"@Infoculpt\" \/>\n<meta name=\"twitter:site\" content=\"@Infoculpt\" \/>\n<meta name=\"twitter:label1\" content=\"Escrito por\" \/>\n\t<meta name=\"twitter:data1\" content=\"Redac\u00e7\u00e3o\" \/>\n\t<meta name=\"twitter:label2\" content=\"Tempo estimado de leitura\" \/>\n\t<meta name=\"twitter:data2\" content=\"2 minutos\" \/>\n<script type=\"application\/ld+json\" class=\"yoast-schema-graph\">{\"@context\":\"https:\\\/\\\/schema.org\",\"@graph\":[{\"@type\":\"Article\",\"@id\":\"https:\\\/\\\/infocul.pt\\\/arquivo\\\/actualidade\\\/carros-candidatos-a-carro-do-ano-estarao-em-exposicao-no-campo-pequeno\\\/#article\",\"isPartOf\":{\"@id\":\"https:\\\/\\\/infocul.pt\\\/arquivo\\\/actualidade\\\/carros-candidatos-a-carro-do-ano-estarao-em-exposicao-no-campo-pequeno\\\/\"},\"author\":{\"name\":\"Redac\u00e7\u00e3o\",\"@id\":\"https:\\\/\\\/infocul.pt\\\/arquivo\\\/#\\\/schema\\\/person\\\/f243f45ae8d67639120a7586884f3abc\"},\"headline\":\"Carros candidatos a &#8216;Carro do Ano&#8217; estar\u00e3o em exposi\u00e7\u00e3o no Campo Pequeno\",\"datePublished\":\"2019-01-22T21:20:39+00:00\",\"mainEntityOfPage\":{\"@id\":\"https:\\\/\\\/infocul.pt\\\/arquivo\\\/actualidade\\\/carros-candidatos-a-carro-do-ano-estarao-em-exposicao-no-campo-pequeno\\\/\"},\"wordCount\":478,\"commentCount\":0,\"publisher\":{\"@id\":\"https:\\\/\\\/infocul.pt\\\/arquivo\\\/#organization\"},\"image\":{\"@id\":\"https:\\\/\\\/infocul.pt\\\/arquivo\\\/actualidade\\\/carros-candidatos-a-carro-do-ano-estarao-em-exposicao-no-campo-pequeno\\\/#primaryimage\"},\"thumbnailUrl\":\"https:\\\/\\\/infocul.pt\\\/arquivo\\\/wp-content\\\/uploads\\\/2019\\\/01\\\/carro-do-ano.png\",\"keywords\":[\"Autom\u00f3veis\",\"Campo Pequeno\",\"Expresso\",\"Impresa\",\"SIC Noticias\"],\"articleSection\":[\"Actualidade\",\"Pa\u00eds\"],\"inLanguage\":\"pt-PT\"},{\"@type\":\"WebPage\",\"@id\":\"https:\\\/\\\/infocul.pt\\\/arquivo\\\/actualidade\\\/carros-candidatos-a-carro-do-ano-estarao-em-exposicao-no-campo-pequeno\\\/\",\"url\":\"https:\\\/\\\/infocul.pt\\\/arquivo\\\/actualidade\\\/carros-candidatos-a-carro-do-ano-estarao-em-exposicao-no-campo-pequeno\\\/\",\"name\":\"Carros candidatos a 'Carro do Ano' estar\u00e3o em exposi\u00e7\u00e3o no Campo Pequeno | Infocul.pt - Arquivo Digital\",\"isPartOf\":{\"@id\":\"https:\\\/\\\/infocul.pt\\\/arquivo\\\/#website\"},\"primaryImageOfPage\":{\"@id\":\"https:\\\/\\\/infocul.pt\\\/arquivo\\\/actualidade\\\/carros-candidatos-a-carro-do-ano-estarao-em-exposicao-no-campo-pequeno\\\/#primaryimage\"},\"image\":{\"@id\":\"https:\\\/\\\/infocul.pt\\\/arquivo\\\/actualidade\\\/carros-candidatos-a-carro-do-ano-estarao-em-exposicao-no-campo-pequeno\\\/#primaryimage\"},\"thumbnailUrl\":\"https:\\\/\\\/infocul.pt\\\/arquivo\\\/wp-content\\\/uploads\\\/2019\\\/01\\\/carro-do-ano.png\",\"datePublished\":\"2019-01-22T21:20:39+00:00\",\"description\":\"Carros candidatos a 'Carro do Ano' estar\u00e3o em exposi\u00e7\u00e3o no Campo Pequeno | Infocul.pt - Arquivo Digital\",\"breadcrumb\":{\"@id\":\"https:\\\/\\\/infocul.pt\\\/arquivo\\\/actualidade\\\/carros-candidatos-a-carro-do-ano-estarao-em-exposicao-no-campo-pequeno\\\/#breadcrumb\"},\"inLanguage\":\"pt-PT\",\"potentialAction\":[{\"@type\":\"ReadAction\",\"target\":[\"https:\\\/\\\/infocul.pt\\\/arquivo\\\/actualidade\\\/carros-candidatos-a-carro-do-ano-estarao-em-exposicao-no-campo-pequeno\\\/\"]}]},{\"@type\":\"ImageObject\",\"inLanguage\":\"pt-PT\",\"@id\":\"https:\\\/\\\/infocul.pt\\\/arquivo\\\/actualidade\\\/carros-candidatos-a-carro-do-ano-estarao-em-exposicao-no-campo-pequeno\\\/#primaryimage\",\"url\":\"https:\\\/\\\/infocul.pt\\\/arquivo\\\/wp-content\\\/uploads\\\/2019\\\/01\\\/carro-do-ano.png\",\"contentUrl\":\"https:\\\/\\\/infocul.pt\\\/arquivo\\\/wp-content\\\/uploads\\\/2019\\\/01\\\/carro-do-ano.png\",\"width\":425,\"height\":193},{\"@type\":\"BreadcrumbList\",\"@id\":\"https:\\\/\\\/infocul.pt\\\/arquivo\\\/actualidade\\\/carros-candidatos-a-carro-do-ano-estarao-em-exposicao-no-campo-pequeno\\\/#breadcrumb\",\"itemListElement\":[{\"@type\":\"ListItem\",\"position\":1,\"name\":\"Home\",\"item\":\"https:\\\/\\\/infocul.pt\\\/arquivo\\\/\"},{\"@type\":\"ListItem\",\"position\":2,\"name\":\"Carros candidatos a &#8216;Carro do Ano&#8217; estar\u00e3o em exposi\u00e7\u00e3o no Campo Pequeno\"}]},{\"@type\":\"WebSite\",\"@id\":\"https:\\\/\\\/infocul.pt\\\/arquivo\\\/#website\",\"url\":\"https:\\\/\\\/infocul.pt\\\/arquivo\\\/\",\"name\":\"Infocul.pt - Arquivo Digital\",\"description\":\"Arquivo digital da Infocul.pt\",\"publisher\":{\"@id\":\"https:\\\/\\\/infocul.pt\\\/arquivo\\\/#organization\"},\"potentialAction\":[{\"@type\":\"SearchAction\",\"target\":{\"@type\":\"EntryPoint\",\"urlTemplate\":\"https:\\\/\\\/infocul.pt\\\/arquivo\\\/?s={search_term_string}\"},\"query-input\":{\"@type\":\"PropertyValueSpecification\",\"valueRequired\":true,\"valueName\":\"search_term_string\"}}],\"inLanguage\":\"pt-PT\"},{\"@type\":\"Organization\",\"@id\":\"https:\\\/\\\/infocul.pt\\\/arquivo\\\/#organization\",\"name\":\"Infocul.pt\",\"url\":\"https:\\\/\\\/infocul.pt\\\/arquivo\\\/\",\"logo\":{\"@type\":\"ImageObject\",\"inLanguage\":\"pt-PT\",\"@id\":\"https:\\\/\\\/infocul.pt\\\/arquivo\\\/#\\\/schema\\\/logo\\\/image\\\/\",\"url\":\"https:\\\/\\\/infocul.pt\\\/arquivo\\\/wp-content\\\/uploads\\\/2018\\\/12\\\/Infocul_logo-1.png\",\"contentUrl\":\"https:\\\/\\\/infocul.pt\\\/arquivo\\\/wp-content\\\/uploads\\\/2018\\\/12\\\/Infocul_logo-1.png\",\"width\":800,\"height\":800,\"caption\":\"Infocul.pt\"},\"image\":{\"@id\":\"https:\\\/\\\/infocul.pt\\\/arquivo\\\/#\\\/schema\\\/logo\\\/image\\\/\"},\"sameAs\":[\"https:\\\/\\\/www.facebook.com\\\/Infocul-147816815585015\\\/\",\"https:\\\/\\\/x.com\\\/Infoculpt\",\"http:\\\/\\\/www.pictaram.com\\\/user\\\/infocul.pt\\\/2370423710\",\"https:\\\/\\\/www.youtube.com\\\/channel\\\/UCYEB91AGI9FL9ek2i_IaQAA\"]},{\"@type\":\"Person\",\"@id\":\"https:\\\/\\\/infocul.pt\\\/arquivo\\\/#\\\/schema\\\/person\\\/f243f45ae8d67639120a7586884f3abc\",\"name\":\"Redac\u00e7\u00e3o\",\"image\":{\"@type\":\"ImageObject\",\"inLanguage\":\"pt-PT\",\"@id\":\"https:\\\/\\\/secure.gravatar.com\\\/avatar\\\/151b1b76c598ab5e749407223bd6c1bad4e41c4e95de3c3df83540ebee2deaf8?s=96&d=mm&r=g\",\"url\":\"https:\\\/\\\/secure.gravatar.com\\\/avatar\\\/151b1b76c598ab5e749407223bd6c1bad4e41c4e95de3c3df83540ebee2deaf8?s=96&d=mm&r=g\",\"contentUrl\":\"https:\\\/\\\/secure.gravatar.com\\\/avatar\\\/151b1b76c598ab5e749407223bd6c1bad4e41c4e95de3c3df83540ebee2deaf8?s=96&d=mm&r=g\",\"caption\":\"Redac\u00e7\u00e3o\"}}]}<\/script>\n<!-- \/ Yoast SEO plugin. -->","yoast_head_json":{"title":"Carros candidatos a 'Carro do Ano' estar\u00e3o em exposi\u00e7\u00e3o no Campo Pequeno | Infocul.pt - Arquivo Digital","description":"Carros candidatos a 'Carro do Ano' estar\u00e3o em exposi\u00e7\u00e3o no Campo Pequeno | Infocul.pt - Arquivo Digital","robots":{"index":"noindex","follow":"follow","max-snippet":"max-snippet:-1","max-image-preview":"max-image-preview:large","max-video-preview":"max-video-preview:-1"},"og_locale":"pt_PT","og_type":"article","og_title":"Carros candidatos a 'Carro do Ano' estar\u00e3o em exposi\u00e7\u00e3o no Campo Pequeno | Infocul.pt - Arquivo Digital","og_description":"Carros candidatos a 'Carro do Ano' estar\u00e3o em exposi\u00e7\u00e3o no Campo Pequeno | Infocul.pt - Arquivo Digital","og_url":"https:\/\/infocul.pt\/arquivo\/actualidade\/carros-candidatos-a-carro-do-ano-estarao-em-exposicao-no-campo-pequeno\/","og_site_name":"Infocul.pt - Arquivo Digital","article_publisher":"https:\/\/www.facebook.com\/Infocul-147816815585015\/","article_published_time":"2019-01-22T21:20:39+00:00","og_image":[{"width":425,"height":193,"url":"https:\/\/infocul.pt\/arquivo\/wp-content\/uploads\/2019\/01\/carro-do-ano.png","type":"image\/png"}],"author":"Redac\u00e7\u00e3o","twitter_card":"summary_large_image","twitter_creator":"@Infoculpt","twitter_site":"@Infoculpt","twitter_misc":{"Escrito por":"Redac\u00e7\u00e3o","Tempo estimado de leitura":"2 minutos"},"schema":{"@context":"https:\/\/schema.org","@graph":[{"@type":"Article","@id":"https:\/\/infocul.pt\/arquivo\/actualidade\/carros-candidatos-a-carro-do-ano-estarao-em-exposicao-no-campo-pequeno\/#article","isPartOf":{"@id":"https:\/\/infocul.pt\/arquivo\/actualidade\/carros-candidatos-a-carro-do-ano-estarao-em-exposicao-no-campo-pequeno\/"},"author":{"name":"Redac\u00e7\u00e3o","@id":"https:\/\/infocul.pt\/arquivo\/#\/schema\/person\/f243f45ae8d67639120a7586884f3abc"},"headline":"Carros candidatos a &#8216;Carro do Ano&#8217; estar\u00e3o em exposi\u00e7\u00e3o no Campo Pequeno","datePublished":"2019-01-22T21:20:39+00:00","mainEntityOfPage":{"@id":"https:\/\/infocul.pt\/arquivo\/actualidade\/carros-candidatos-a-carro-do-ano-estarao-em-exposicao-no-campo-pequeno\/"},"wordCount":478,"commentCount":0,"publisher":{"@id":"https:\/\/infocul.pt\/arquivo\/#organization"},"image":{"@id":"https:\/\/infocul.pt\/arquivo\/actualidade\/carros-candidatos-a-carro-do-ano-estarao-em-exposicao-no-campo-pequeno\/#primaryimage"},"thumbnailUrl":"https:\/\/infocul.pt\/arquivo\/wp-content\/uploads\/2019\/01\/carro-do-ano.png","keywords":["Autom\u00f3veis","Campo Pequeno","Expresso","Impresa","SIC Noticias"],"articleSection":["Actualidade","Pa\u00eds"],"inLanguage":"pt-PT"},{"@type":"WebPage","@id":"https:\/\/infocul.pt\/arquivo\/actualidade\/carros-candidatos-a-carro-do-ano-estarao-em-exposicao-no-campo-pequeno\/","url":"https:\/\/infocul.pt\/arquivo\/actualidade\/carros-candidatos-a-carro-do-ano-estarao-em-exposicao-no-campo-pequeno\/","name":"Carros candidatos a 'Carro do Ano' estar\u00e3o em exposi\u00e7\u00e3o no Campo Pequeno | Infocul.pt - Arquivo Digital","isPartOf":{"@id":"https:\/\/infocul.pt\/arquivo\/#website"},"primaryImageOfPage":{"@id":"https:\/\/infocul.pt\/arquivo\/actualidade\/carros-candidatos-a-carro-do-ano-estarao-em-exposicao-no-campo-pequeno\/#primaryimage"},"image":{"@id":"https:\/\/infocul.pt\/arquivo\/actualidade\/carros-candidatos-a-carro-do-ano-estarao-em-exposicao-no-campo-pequeno\/#primaryimage"},"thumbnailUrl":"https:\/\/infocul.pt\/arquivo\/wp-content\/uploads\/2019\/01\/carro-do-ano.png","datePublished":"2019-01-22T21:20:39+00:00","description":"Carros candidatos a 'Carro do Ano' estar\u00e3o em exposi\u00e7\u00e3o no Campo Pequeno | Infocul.pt - Arquivo Digital","breadcrumb":{"@id":"https:\/\/infocul.pt\/arquivo\/actualidade\/carros-candidatos-a-carro-do-ano-estarao-em-exposicao-no-campo-pequeno\/#breadcrumb"},"inLanguage":"pt-PT","potentialAction":[{"@type":"ReadAction","target":["https:\/\/infocul.pt\/arquivo\/actualidade\/carros-candidatos-a-carro-do-ano-estarao-em-exposicao-no-campo-pequeno\/"]}]},{"@type":"ImageObject","inLanguage":"pt-PT","@id":"https:\/\/infocul.pt\/arquivo\/actualidade\/carros-candidatos-a-carro-do-ano-estarao-em-exposicao-no-campo-pequeno\/#primaryimage","url":"https:\/\/infocul.pt\/arquivo\/wp-content\/uploads\/2019\/01\/carro-do-ano.png","contentUrl":"https:\/\/infocul.pt\/arquivo\/wp-content\/uploads\/2019\/01\/carro-do-ano.png","width":425,"height":193},{"@type":"BreadcrumbList","@id":"https:\/\/infocul.pt\/arquivo\/actualidade\/carros-candidatos-a-carro-do-ano-estarao-em-exposicao-no-campo-pequeno\/#breadcrumb","itemListElement":[{"@type":"ListItem","position":1,"name":"Home","item":"https:\/\/infocul.pt\/arquivo\/"},{"@type":"ListItem","position":2,"name":"Carros candidatos a &#8216;Carro do Ano&#8217; estar\u00e3o em exposi\u00e7\u00e3o no Campo Pequeno"}]},{"@type":"WebSite","@id":"https:\/\/infocul.pt\/arquivo\/#website","url":"https:\/\/infocul.pt\/arquivo\/","name":"Infocul.pt - Arquivo Digital","description":"Arquivo digital da Infocul.pt","publisher":{"@id":"https:\/\/infocul.pt\/arquivo\/#organization"},"potentialAction":[{"@type":"SearchAction","target":{"@type":"EntryPoint","urlTemplate":"https:\/\/infocul.pt\/arquivo\/?s={search_term_string}"},"query-input":{"@type":"PropertyValueSpecification","valueRequired":true,"valueName":"search_term_string"}}],"inLanguage":"pt-PT"},{"@type":"Organization","@id":"https:\/\/infocul.pt\/arquivo\/#organization","name":"Infocul.pt","url":"https:\/\/infocul.pt\/arquivo\/","logo":{"@type":"ImageObject","inLanguage":"pt-PT","@id":"https:\/\/infocul.pt\/arquivo\/#\/schema\/logo\/image\/","url":"https:\/\/infocul.pt\/arquivo\/wp-content\/uploads\/2018\/12\/Infocul_logo-1.png","contentUrl":"https:\/\/infocul.pt\/arquivo\/wp-content\/uploads\/2018\/12\/Infocul_logo-1.png","width":800,"height":800,"caption":"Infocul.pt"},"image":{"@id":"https:\/\/infocul.pt\/arquivo\/#\/schema\/logo\/image\/"},"sameAs":["https:\/\/www.facebook.com\/Infocul-147816815585015\/","https:\/\/x.com\/Infoculpt","http:\/\/www.pictaram.com\/user\/infocul.pt\/2370423710","https:\/\/www.youtube.com\/channel\/UCYEB91AGI9FL9ek2i_IaQAA"]},{"@type":"Person","@id":"https:\/\/infocul.pt\/arquivo\/#\/schema\/person\/f243f45ae8d67639120a7586884f3abc","name":"Redac\u00e7\u00e3o","image":{"@type":"ImageObject","inLanguage":"pt-PT","@id":"https:\/\/secure.gravatar.com\/avatar\/151b1b76c598ab5e749407223bd6c1bad4e41c4e95de3c3df83540ebee2deaf8?s=96&d=mm&r=g","url":"https:\/\/secure.gravatar.com\/avatar\/151b1b76c598ab5e749407223bd6c1bad4e41c4e95de3c3df83540ebee2deaf8?s=96&d=mm&r=g","contentUrl":"https:\/\/secure.gravatar.com\/avatar\/151b1b76c598ab5e749407223bd6c1bad4e41c4e95de3c3df83540ebee2deaf8?s=96&d=mm&r=g","caption":"Redac\u00e7\u00e3o"}}]}},"_links":{"self":[{"href":"https:\/\/infocul.pt\/arquivo\/wp-json\/wp\/v2\/posts\/51912","targetHints":{"allow":["GET"]}}],"collection":[{"href":"https:\/\/infocul.pt\/arquivo\/wp-json\/wp\/v2\/posts"}],"about":[{"href":"https:\/\/infocul.pt\/arquivo\/wp-json\/wp\/v2\/types\/post"}],"author":[{"embeddable":true,"href":"https:\/\/infocul.pt\/arquivo\/wp-json\/wp\/v2\/users\/13"}],"replies":[{"embeddable":true,"href":"https:\/\/infocul.pt\/arquivo\/wp-json\/wp\/v2\/comments?post=51912"}],"version-history":[{"count":0,"href":"https:\/\/infocul.pt\/arquivo\/wp-json\/wp\/v2\/posts\/51912\/revisions"}],"wp:featuredmedia":[{"embeddable":true,"href":"https:\/\/infocul.pt\/arquivo\/wp-json\/wp\/v2\/media\/51913"}],"wp:attachment":[{"href":"https:\/\/infocul.pt\/arquivo\/wp-json\/wp\/v2\/media?parent=51912"}],"wp:term":[{"taxonomy":"category","embeddable":true,"href":"https:\/\/infocul.pt\/arquivo\/wp-json\/wp\/v2\/categories?post=51912"},{"taxonomy":"post_tag","embeddable":true,"href":"https:\/\/infocul.pt\/arquivo\/wp-json\/wp\/v2\/tags?post=51912"}],"curies":[{"name":"wp","href":"https:\/\/api.w.org\/{rel}","templated":true}]}}