{"id":52202,"date":"2019-01-31T00:00:52","date_gmt":"2019-01-31T00:00:52","guid":{"rendered":"https:\/\/infocul.pt\/?p=52202"},"modified":"2019-01-30T09:30:24","modified_gmt":"2019-01-30T09:30:24","slug":"matt-wright-os-grandes-felinos-costumavam-marcar-uma-arvore-com-arranhoes-e-xixi-entao-eu-marcava-a-arvore-ao-lado-deles-da-mesma-maneira","status":"publish","type":"post","link":"https:\/\/infocul.pt\/arquivo\/actualidade\/matt-wright-os-grandes-felinos-costumavam-marcar-uma-arvore-com-arranhoes-e-xixi-entao-eu-marcava-a-arvore-ao-lado-deles-da-mesma-maneira\/","title":{"rendered":"Matt Wright: &#8220;Os grandes felinos costumavam marcar uma \u00e1rvore com arranh\u00f5es e xixi, ent\u00e3o eu marcava a \u00e1rvore ao lado deles da mesma maneira&#8221;"},"content":{"rendered":"<figure id=\"attachment_52235\" aria-describedby=\"caption-attachment-52235\" style=\"width: 800px\" class=\"wp-caption aligncenter\"><img decoding=\"async\" class=\"wp-image-52235 size-full lazyload\" data-src=\"https:\/\/infocul.pt\/arquivo\/wp-content\/uploads\/2019\/01\/35794_ep306_006-e1548840534395.jpg\" alt=\"\" width=\"800\" height=\"533\" src=\"data:image\/svg+xml;base64,PHN2ZyB3aWR0aD0iMSIgaGVpZ2h0PSIxIiB4bWxucz0iaHR0cDovL3d3dy53My5vcmcvMjAwMC9zdmciPjwvc3ZnPg==\" style=\"--smush-placeholder-width: 800px; --smush-placeholder-aspect-ratio: 800\/533;\" \/><figcaption id=\"caption-attachment-52235\" class=\"wp-caption-text\">Matt walking with bow and arrow.<\/figcaption><\/figure>\n<p>&nbsp;<\/p>\n<p>&nbsp;<\/p>\n<p>&nbsp;<\/p>\n<p>No passado dia 8 de Janeiro, estreou \u2018Aventura \u00e0 Flor da Pele XL\u2019 no Discovery Channel. A s\u00e9rie retrata um desafio de sobreviv\u00eancia em que 13 veteranos enfrentam o calor extremo da Bacia do Selati, em \u00c1frica, na esperan\u00e7a de aguentarem 40 dias e 40 noites. Este desafio tem levado a resist\u00eancia humana ao limite e sobreviver num dos locais mais remotos do planeta. Matt Wright, um dos participantes, concedeu entrevista exclusiva ao Infocul sobre a sua participa\u00e7\u00e3o, algumas curiosidades da s\u00e9rie e ainda do que ret\u00e9m da experi\u00eancia.<!--more--><\/p>\n<p>&nbsp;<\/p>\n<p>&nbsp;<\/p>\n<p>Neste desafio, os concorrentes enfrentam predadores esfomeados &#8211; s\u00e3o perseguidos por le\u00f5es e hienas e postos em risco por crocodilos. S\u00e3o largados na savana em grupos, t\u00eam que dominar o ambiente e, para alguns, enfrentar os seus medos mais profundos.<\/p>\n<p>Matt tenta ensinar aos outros a lei da sobreviv\u00eancia e leva os desafios ao limite. Na entrevista que se segue, d\u00e1 conta disso mesmo.<\/p>\n<p><img decoding=\"async\" class=\"wp-image-52237 size-large lazyload\" data-src=\"https:\/\/infocul.pt\/arquivo\/wp-content\/uploads\/2019\/01\/35794_ep308_006-1024x683.jpg\" alt=\"\" width=\"800\" height=\"534\" data-srcset=\"https:\/\/infocul.pt\/arquivo\/wp-content\/uploads\/2019\/01\/35794_ep308_006-1024x683.jpg 1024w, https:\/\/infocul.pt\/arquivo\/wp-content\/uploads\/2019\/01\/35794_ep308_006-300x200.jpg 300w, https:\/\/infocul.pt\/arquivo\/wp-content\/uploads\/2019\/01\/35794_ep308_006-768x512.jpg 768w\" data-sizes=\"(max-width: 800px) 100vw, 800px\" src=\"data:image\/svg+xml;base64,PHN2ZyB3aWR0aD0iMSIgaGVpZ2h0PSIxIiB4bWxucz0iaHR0cDovL3d3dy53My5vcmcvMjAwMC9zdmciPjwvc3ZnPg==\" style=\"--smush-placeholder-width: 800px; --smush-placeholder-aspect-ratio: 800\/534;\" \/><\/p>\n<p><em>Quais s\u00e3o os maiores desafios para preparar-se para este desafio?<\/em><\/p>\n<p><em><strong>O maior obst\u00e1culo que enfrentei para me preparar para esse desafio \u00e9 preparar meus p\u00e9s para andar descal\u00e7o. Eu uso botas para o trabalho todos os dias, por isso, fazer com que meus p\u00e9s sejam duros o suficiente para andar descal\u00e7o \u00e9 muito trabalho duro.<\/strong><\/em><\/p>\n<p><em>No programa \u00e9 um personagem ou a realidade?<\/em><\/p>\n<p><em><strong>O que v\u00ea no programa \u00e9 100% o verdadeiro eu. Eu gosto de praticar a sobreviv\u00eancia primitiva, bem como ensinar aos outros a arte da sobreviv\u00eancia como parte do meu neg\u00f3cio. Estou sempre disposto a partilhar a minha vida quotidiana, por isso gostei de partilhar a minha recompensa de carne com os outros.<\/strong><\/em><\/p>\n<p><em>Como foi a interac\u00e7\u00e3o com os animais?<\/em><\/p>\n<p><strong><em>Como reagi aos animais em meu redor (risos)? Bem, eu aprendi que voc\u00ea nunca pode lutar contra a natureza, voc\u00ea tem que se tornar uma parte disso. Ent\u00e3o eu fiz exactamente isso. Eu tornei-me parte da cadeia alimentar. Estabeleci-me como um predador de topo e comecei a marcar o meu territ\u00f3rio, com cada colheita de um grande animal de ca\u00e7a senti como se os leopardos e le\u00f5es me respeitassem como um deles e deixassem a minha \u00e1rea em paz. Os grandes felinos costumavam marcar uma \u00e1rvore com arranh\u00f5es e xixi, ent\u00e3o eu marcava a \u00e1rvore ao lado da deles da mesma maneira at\u00e9 que estabelecemos as nossas \u00e1reas.<\/em><\/strong><\/p>\n<p><em>Qual a principal mensagem que esta s\u00e9rie transmite?<\/em><\/p>\n<p><em><strong>Acho que a principal mensagem que a s\u00e9rie retrata \u00e9 que, se algu\u00e9m se esfor\u00e7a o suficiente e nunca desiste, pode realizar coisas incr\u00edveis.<\/strong><\/em><\/p>\n<p><em>Fisicamente e psicologicamente quais foram os principais desafios que enfrentou durante o programa?<\/em><\/p>\n<p><em><strong>Fisicamente, a parte mais dif\u00edcil do desafio foi a ca\u00e7a de cada animal de ca\u00e7a. A quantidade de trabalho depois de ca\u00e7ar um animal grande \u00e9 muito pouco apreci\u00e1vel. Requer mais trabalho e energia naquele dia do que a que usa numa semana. Apenas carregando a colheita de volta e preparando a carne, cortar a pele \u00e9 uma tarefa incr\u00edvel de se fazer sozinho. O mais dif\u00edcil mentalmente era o isolamento de ficar sozinho por tanto tempo.<\/strong><\/em><\/p>\n<p><em>Foi mais f\u00e1cil trabalhar em grupo ou individualmente?<\/em><\/p>\n<p><em><strong>Estar em grupo \u00e9 muito menos trabalho f\u00edsico, porque h\u00e1 mais pessoas a ajudar. No entanto, a din\u00e2mica do grupo pode dificultar outros aspectos da sobreviv\u00eancia, se voc\u00ea n\u00e3o trabalhar em conjunto. Algumas pessoas ficam com ci\u00fames ou chateadas com as menores coisas e em pouco tempo o grupo est\u00e1 muito tenso. \u00c9 mais complicado com toda a conversa e movimento.<\/strong><\/em><\/p>\n<p><em>Qu\u00e3o dif\u00edcil foi decidir se deveria participar ou n\u00e3o no programa?<\/em><\/p>\n<p><em><strong>Quando me perguntaram se eu poderia ir sozinho para \u00c1frica, n\u00e3o foi dif\u00edcil decidir se faria. Eu n\u00e3o hesitei e sabia que seria um desafio dif\u00edcil, mas tamb\u00e9m seria uma bela experi\u00eancia no final. A minha esposa at\u00e9 me deu for\u00e7a antes mesmo de eu desligar o telefone com a produ\u00e7\u00e3o, porque ela sabia que eu queria ir.<\/strong><\/em><\/p>\n<p><em>De Portugal, o que conhece? J\u00e1 nos visitou?<\/em><\/p>\n<p><em><strong>Eu sei que Portugal \u00e9 um lugar lindo. Eu ainda n\u00e3o visitei mas espero ter a oportunidade no futuro pr\u00f3ximo.<\/strong><\/em><\/p>\n<p><em>Qual a mensagem que deixa aos leitores do Infocul?<\/em><\/p>\n<p><em><strong>A mensagem que eu gostaria de deixar para os leitores \u00e9: Que na vida, \u00e0s vezes, temos que deixar todos os nossos bens para tr\u00e1s para encontrar o nosso gosto pela vida. Sair sozinho nu e prosperar foi uma das experi\u00eancias mais incr\u00edveis da minha vida e ensinou-me que tudo \u00e9 poss\u00edvel se eu continuar a aprender e nunca desistir. Que mesmo sem nada , podes fazer alguma coisa. E no final, para viver a sua vida para cada nascer e p\u00f4r do sol, como h\u00e1 sempre um belo momento para lembrar, \u00e0s vezes voc\u00ea s\u00f3 tem que ca\u00e7\u00e1-lo.<\/strong><\/em><\/p>\n","protected":false},"excerpt":{"rendered":"<p>&nbsp; &nbsp; &nbsp; No passado dia 8 de Janeiro, estreou \u2018Aventura \u00e0 Flor da Pele XL\u2019 no Discovery Channel. A s\u00e9rie retrata um desafio de sobreviv\u00eancia em que 13 veteranos enfrentam o calor extremo da Bacia do Selati, em \u00c1frica, na esperan\u00e7a de aguentarem 40 dias e 40 noites. Este desafio tem levado a resist\u00eancia [&hellip;]<\/p>\n","protected":false},"author":2,"featured_media":52235,"comment_status":"open","ping_status":"closed","sticky":false,"template":"","format":"standard","meta":{"footnotes":""},"categories":[10,36,4124,14],"tags":[6490,2018,6489],"class_list":["post-52202","post","type-post","status-publish","format-standard","has-post-thumbnail","hentry","category-actualidade","category-destaque","category-entrevistas","category-televisao","tag-aventura-a-flor-da-pele-xl","tag-discovery-channel","tag-matt-wright"],"yoast_head":"<!-- This site is optimized with the Yoast SEO plugin v27.4 - https:\/\/yoast.com\/product\/yoast-seo-wordpress\/ -->\n<title>Matt Wright: &quot;Os grandes felinos costumavam marcar uma \u00e1rvore com arranh\u00f5es e xixi, ent\u00e3o eu marcava a \u00e1rvore ao lado deles da mesma maneira&quot; | Infocul.pt - Arquivo Digital<\/title>\n<meta name=\"description\" content=\"Matt Wright: &quot;Os grandes felinos costumavam marcar uma \u00e1rvore com arranh\u00f5es e xixi, ent\u00e3o eu marcava a \u00e1rvore ao lado deles da mesma maneira&quot; | Infocul.pt - Arquivo Digital\" \/>\n<meta name=\"robots\" content=\"noindex, follow, max-snippet:-1, max-image-preview:large, max-video-preview:-1\" \/>\n<meta property=\"og:locale\" content=\"pt_PT\" \/>\n<meta property=\"og:type\" content=\"article\" \/>\n<meta property=\"og:title\" content=\"Matt Wright: &quot;Os grandes felinos costumavam marcar uma \u00e1rvore com arranh\u00f5es e xixi, ent\u00e3o eu marcava a \u00e1rvore ao lado deles da mesma maneira&quot; | Infocul.pt - Arquivo Digital\" \/>\n<meta property=\"og:description\" content=\"Matt Wright: &quot;Os grandes felinos costumavam marcar uma \u00e1rvore com arranh\u00f5es e xixi, ent\u00e3o eu marcava a \u00e1rvore ao lado deles da mesma maneira&quot; | Infocul.pt - Arquivo Digital\" \/>\n<meta property=\"og:url\" content=\"https:\/\/infocul.pt\/arquivo\/actualidade\/matt-wright-os-grandes-felinos-costumavam-marcar-uma-arvore-com-arranhoes-e-xixi-entao-eu-marcava-a-arvore-ao-lado-deles-da-mesma-maneira\/\" \/>\n<meta property=\"og:site_name\" content=\"Infocul.pt - Arquivo Digital\" \/>\n<meta property=\"article:publisher\" content=\"https:\/\/www.facebook.com\/Infocul-147816815585015\/\" \/>\n<meta property=\"article:published_time\" content=\"2019-01-31T00:00:52+00:00\" \/>\n<meta property=\"og:image\" content=\"https:\/\/infocul.pt\/arquivo\/wp-content\/uploads\/2019\/01\/35794_ep306_006-e1548840534395.jpg\" \/>\n\t<meta property=\"og:image:width\" content=\"800\" \/>\n\t<meta property=\"og:image:height\" content=\"533\" \/>\n\t<meta property=\"og:image:type\" content=\"image\/jpeg\" \/>\n<meta name=\"author\" content=\"Rui Lavrador\" \/>\n<meta name=\"twitter:card\" content=\"summary_large_image\" \/>\n<meta name=\"twitter:creator\" content=\"@Infoculpt\" \/>\n<meta name=\"twitter:site\" content=\"@Infoculpt\" \/>\n<meta name=\"twitter:label1\" content=\"Escrito por\" \/>\n\t<meta name=\"twitter:data1\" content=\"Rui Lavrador\" \/>\n\t<meta name=\"twitter:label2\" content=\"Tempo estimado de leitura\" \/>\n\t<meta name=\"twitter:data2\" content=\"4 minutos\" \/>\n<script type=\"application\/ld+json\" class=\"yoast-schema-graph\">{\"@context\":\"https:\\\/\\\/schema.org\",\"@graph\":[{\"@type\":\"Article\",\"@id\":\"https:\\\/\\\/infocul.pt\\\/arquivo\\\/actualidade\\\/matt-wright-os-grandes-felinos-costumavam-marcar-uma-arvore-com-arranhoes-e-xixi-entao-eu-marcava-a-arvore-ao-lado-deles-da-mesma-maneira\\\/#article\",\"isPartOf\":{\"@id\":\"https:\\\/\\\/infocul.pt\\\/arquivo\\\/actualidade\\\/matt-wright-os-grandes-felinos-costumavam-marcar-uma-arvore-com-arranhoes-e-xixi-entao-eu-marcava-a-arvore-ao-lado-deles-da-mesma-maneira\\\/\"},\"author\":{\"name\":\"Rui Lavrador\",\"@id\":\"https:\\\/\\\/infocul.pt\\\/arquivo\\\/#\\\/schema\\\/person\\\/060a108d7f2d85fc6aae505119ee5234\"},\"headline\":\"Matt Wright: &#8220;Os grandes felinos costumavam marcar uma \u00e1rvore com arranh\u00f5es e xixi, ent\u00e3o eu marcava a \u00e1rvore ao lado deles da mesma maneira&#8221;\",\"datePublished\":\"2019-01-31T00:00:52+00:00\",\"mainEntityOfPage\":{\"@id\":\"https:\\\/\\\/infocul.pt\\\/arquivo\\\/actualidade\\\/matt-wright-os-grandes-felinos-costumavam-marcar-uma-arvore-com-arranhoes-e-xixi-entao-eu-marcava-a-arvore-ao-lado-deles-da-mesma-maneira\\\/\"},\"wordCount\":871,\"commentCount\":0,\"publisher\":{\"@id\":\"https:\\\/\\\/infocul.pt\\\/arquivo\\\/#organization\"},\"image\":{\"@id\":\"https:\\\/\\\/infocul.pt\\\/arquivo\\\/actualidade\\\/matt-wright-os-grandes-felinos-costumavam-marcar-uma-arvore-com-arranhoes-e-xixi-entao-eu-marcava-a-arvore-ao-lado-deles-da-mesma-maneira\\\/#primaryimage\"},\"thumbnailUrl\":\"https:\\\/\\\/infocul.pt\\\/arquivo\\\/wp-content\\\/uploads\\\/2019\\\/01\\\/35794_ep306_006-e1548840534395.jpg\",\"keywords\":[\"Aventura \u00e0 Flor da Pele XL\",\"Discovery Channel\",\"Matt Wright\"],\"articleSection\":[\"Actualidade\",\"Destaque\",\"Entrevistas\",\"Televis\u00e3o\"],\"inLanguage\":\"pt-PT\"},{\"@type\":\"WebPage\",\"@id\":\"https:\\\/\\\/infocul.pt\\\/arquivo\\\/actualidade\\\/matt-wright-os-grandes-felinos-costumavam-marcar-uma-arvore-com-arranhoes-e-xixi-entao-eu-marcava-a-arvore-ao-lado-deles-da-mesma-maneira\\\/\",\"url\":\"https:\\\/\\\/infocul.pt\\\/arquivo\\\/actualidade\\\/matt-wright-os-grandes-felinos-costumavam-marcar-uma-arvore-com-arranhoes-e-xixi-entao-eu-marcava-a-arvore-ao-lado-deles-da-mesma-maneira\\\/\",\"name\":\"Matt Wright: \\\"Os grandes felinos costumavam marcar uma \u00e1rvore com arranh\u00f5es e xixi, ent\u00e3o eu marcava a \u00e1rvore ao lado deles da mesma maneira\\\" | Infocul.pt - Arquivo Digital\",\"isPartOf\":{\"@id\":\"https:\\\/\\\/infocul.pt\\\/arquivo\\\/#website\"},\"primaryImageOfPage\":{\"@id\":\"https:\\\/\\\/infocul.pt\\\/arquivo\\\/actualidade\\\/matt-wright-os-grandes-felinos-costumavam-marcar-uma-arvore-com-arranhoes-e-xixi-entao-eu-marcava-a-arvore-ao-lado-deles-da-mesma-maneira\\\/#primaryimage\"},\"image\":{\"@id\":\"https:\\\/\\\/infocul.pt\\\/arquivo\\\/actualidade\\\/matt-wright-os-grandes-felinos-costumavam-marcar-uma-arvore-com-arranhoes-e-xixi-entao-eu-marcava-a-arvore-ao-lado-deles-da-mesma-maneira\\\/#primaryimage\"},\"thumbnailUrl\":\"https:\\\/\\\/infocul.pt\\\/arquivo\\\/wp-content\\\/uploads\\\/2019\\\/01\\\/35794_ep306_006-e1548840534395.jpg\",\"datePublished\":\"2019-01-31T00:00:52+00:00\",\"description\":\"Matt Wright: \\\"Os grandes felinos costumavam marcar uma \u00e1rvore com arranh\u00f5es e xixi, ent\u00e3o eu marcava a \u00e1rvore ao lado deles da mesma maneira\\\" | Infocul.pt - Arquivo Digital\",\"breadcrumb\":{\"@id\":\"https:\\\/\\\/infocul.pt\\\/arquivo\\\/actualidade\\\/matt-wright-os-grandes-felinos-costumavam-marcar-uma-arvore-com-arranhoes-e-xixi-entao-eu-marcava-a-arvore-ao-lado-deles-da-mesma-maneira\\\/#breadcrumb\"},\"inLanguage\":\"pt-PT\",\"potentialAction\":[{\"@type\":\"ReadAction\",\"target\":[\"https:\\\/\\\/infocul.pt\\\/arquivo\\\/actualidade\\\/matt-wright-os-grandes-felinos-costumavam-marcar-uma-arvore-com-arranhoes-e-xixi-entao-eu-marcava-a-arvore-ao-lado-deles-da-mesma-maneira\\\/\"]}]},{\"@type\":\"ImageObject\",\"inLanguage\":\"pt-PT\",\"@id\":\"https:\\\/\\\/infocul.pt\\\/arquivo\\\/actualidade\\\/matt-wright-os-grandes-felinos-costumavam-marcar-uma-arvore-com-arranhoes-e-xixi-entao-eu-marcava-a-arvore-ao-lado-deles-da-mesma-maneira\\\/#primaryimage\",\"url\":\"https:\\\/\\\/infocul.pt\\\/arquivo\\\/wp-content\\\/uploads\\\/2019\\\/01\\\/35794_ep306_006-e1548840534395.jpg\",\"contentUrl\":\"https:\\\/\\\/infocul.pt\\\/arquivo\\\/wp-content\\\/uploads\\\/2019\\\/01\\\/35794_ep306_006-e1548840534395.jpg\",\"width\":800,\"height\":533,\"caption\":\"Matt walking with bow and arrow.\"},{\"@type\":\"BreadcrumbList\",\"@id\":\"https:\\\/\\\/infocul.pt\\\/arquivo\\\/actualidade\\\/matt-wright-os-grandes-felinos-costumavam-marcar-uma-arvore-com-arranhoes-e-xixi-entao-eu-marcava-a-arvore-ao-lado-deles-da-mesma-maneira\\\/#breadcrumb\",\"itemListElement\":[{\"@type\":\"ListItem\",\"position\":1,\"name\":\"Home\",\"item\":\"https:\\\/\\\/infocul.pt\\\/arquivo\\\/\"},{\"@type\":\"ListItem\",\"position\":2,\"name\":\"Matt Wright: &#8220;Os grandes felinos costumavam marcar uma \u00e1rvore com arranh\u00f5es e xixi, ent\u00e3o eu marcava a \u00e1rvore ao lado deles da mesma maneira&#8221;\"}]},{\"@type\":\"WebSite\",\"@id\":\"https:\\\/\\\/infocul.pt\\\/arquivo\\\/#website\",\"url\":\"https:\\\/\\\/infocul.pt\\\/arquivo\\\/\",\"name\":\"Infocul.pt - Arquivo Digital\",\"description\":\"Arquivo digital da Infocul.pt\",\"publisher\":{\"@id\":\"https:\\\/\\\/infocul.pt\\\/arquivo\\\/#organization\"},\"potentialAction\":[{\"@type\":\"SearchAction\",\"target\":{\"@type\":\"EntryPoint\",\"urlTemplate\":\"https:\\\/\\\/infocul.pt\\\/arquivo\\\/?s={search_term_string}\"},\"query-input\":{\"@type\":\"PropertyValueSpecification\",\"valueRequired\":true,\"valueName\":\"search_term_string\"}}],\"inLanguage\":\"pt-PT\"},{\"@type\":\"Organization\",\"@id\":\"https:\\\/\\\/infocul.pt\\\/arquivo\\\/#organization\",\"name\":\"Infocul.pt\",\"url\":\"https:\\\/\\\/infocul.pt\\\/arquivo\\\/\",\"logo\":{\"@type\":\"ImageObject\",\"inLanguage\":\"pt-PT\",\"@id\":\"https:\\\/\\\/infocul.pt\\\/arquivo\\\/#\\\/schema\\\/logo\\\/image\\\/\",\"url\":\"https:\\\/\\\/infocul.pt\\\/arquivo\\\/wp-content\\\/uploads\\\/2018\\\/12\\\/Infocul_logo-1.png\",\"contentUrl\":\"https:\\\/\\\/infocul.pt\\\/arquivo\\\/wp-content\\\/uploads\\\/2018\\\/12\\\/Infocul_logo-1.png\",\"width\":800,\"height\":800,\"caption\":\"Infocul.pt\"},\"image\":{\"@id\":\"https:\\\/\\\/infocul.pt\\\/arquivo\\\/#\\\/schema\\\/logo\\\/image\\\/\"},\"sameAs\":[\"https:\\\/\\\/www.facebook.com\\\/Infocul-147816815585015\\\/\",\"https:\\\/\\\/x.com\\\/Infoculpt\",\"http:\\\/\\\/www.pictaram.com\\\/user\\\/infocul.pt\\\/2370423710\",\"https:\\\/\\\/www.youtube.com\\\/channel\\\/UCYEB91AGI9FL9ek2i_IaQAA\"]},{\"@type\":\"Person\",\"@id\":\"https:\\\/\\\/infocul.pt\\\/arquivo\\\/#\\\/schema\\\/person\\\/060a108d7f2d85fc6aae505119ee5234\",\"name\":\"Rui Lavrador\",\"image\":{\"@type\":\"ImageObject\",\"inLanguage\":\"pt-PT\",\"@id\":\"https:\\\/\\\/secure.gravatar.com\\\/avatar\\\/93febd6873394aa8e975148548a0cb203acfdd42d2c85c5f1408e1a76678aece?s=96&d=mm&r=g\",\"url\":\"https:\\\/\\\/secure.gravatar.com\\\/avatar\\\/93febd6873394aa8e975148548a0cb203acfdd42d2c85c5f1408e1a76678aece?s=96&d=mm&r=g\",\"contentUrl\":\"https:\\\/\\\/secure.gravatar.com\\\/avatar\\\/93febd6873394aa8e975148548a0cb203acfdd42d2c85c5f1408e1a76678aece?s=96&d=mm&r=g\",\"caption\":\"Rui Lavrador\"},\"description\":\"Iniciou em 2011 o seu percurso em comunica\u00e7\u00e3o social, tendo integrado v\u00e1rios projectos editoriais. Durante o seu percurso integrou projectos como Jornal Hardm\u00fasica, LusoNot\u00edcias, Toureio.pt, ODigital.pt, entre outros \u00d3rg\u00e3os de Comunica\u00e7\u00e3o Social nacionais, na redac\u00e7\u00e3o de v\u00e1rios artigos. Entrevistou a grande maioria das personalidades mais importantes da vida social e cultural do pa\u00eds, destacando-se, tamb\u00e9m, na aprecia\u00e7\u00e3o de v\u00e1rios espect\u00e1culos. Durante o seu percurso, deu a conhecer v\u00e1rios artistas, at\u00e9 ent\u00e3o desconhecidos, ao grande p\u00fablico. Em 2015 criou e fundou o Infocul.pt, projecto no qual assume a direc\u00e7\u00e3o editorial.\",\"sameAs\":[\"http:\\\/\\\/www.infocul.pt\"]}]}<\/script>\n<!-- \/ Yoast SEO plugin. -->","yoast_head_json":{"title":"Matt Wright: \"Os grandes felinos costumavam marcar uma \u00e1rvore com arranh\u00f5es e xixi, ent\u00e3o eu marcava a \u00e1rvore ao lado deles da mesma maneira\" | Infocul.pt - Arquivo Digital","description":"Matt Wright: \"Os grandes felinos costumavam marcar uma \u00e1rvore com arranh\u00f5es e xixi, ent\u00e3o eu marcava a \u00e1rvore ao lado deles da mesma maneira\" | Infocul.pt - Arquivo Digital","robots":{"index":"noindex","follow":"follow","max-snippet":"max-snippet:-1","max-image-preview":"max-image-preview:large","max-video-preview":"max-video-preview:-1"},"og_locale":"pt_PT","og_type":"article","og_title":"Matt Wright: \"Os grandes felinos costumavam marcar uma \u00e1rvore com arranh\u00f5es e xixi, ent\u00e3o eu marcava a \u00e1rvore ao lado deles da mesma maneira\" | Infocul.pt - Arquivo Digital","og_description":"Matt Wright: \"Os grandes felinos costumavam marcar uma \u00e1rvore com arranh\u00f5es e xixi, ent\u00e3o eu marcava a \u00e1rvore ao lado deles da mesma maneira\" | Infocul.pt - Arquivo Digital","og_url":"https:\/\/infocul.pt\/arquivo\/actualidade\/matt-wright-os-grandes-felinos-costumavam-marcar-uma-arvore-com-arranhoes-e-xixi-entao-eu-marcava-a-arvore-ao-lado-deles-da-mesma-maneira\/","og_site_name":"Infocul.pt - Arquivo Digital","article_publisher":"https:\/\/www.facebook.com\/Infocul-147816815585015\/","article_published_time":"2019-01-31T00:00:52+00:00","og_image":[{"width":800,"height":533,"url":"https:\/\/infocul.pt\/arquivo\/wp-content\/uploads\/2019\/01\/35794_ep306_006-e1548840534395.jpg","type":"image\/jpeg"}],"author":"Rui Lavrador","twitter_card":"summary_large_image","twitter_creator":"@Infoculpt","twitter_site":"@Infoculpt","twitter_misc":{"Escrito por":"Rui Lavrador","Tempo estimado de leitura":"4 minutos"},"schema":{"@context":"https:\/\/schema.org","@graph":[{"@type":"Article","@id":"https:\/\/infocul.pt\/arquivo\/actualidade\/matt-wright-os-grandes-felinos-costumavam-marcar-uma-arvore-com-arranhoes-e-xixi-entao-eu-marcava-a-arvore-ao-lado-deles-da-mesma-maneira\/#article","isPartOf":{"@id":"https:\/\/infocul.pt\/arquivo\/actualidade\/matt-wright-os-grandes-felinos-costumavam-marcar-uma-arvore-com-arranhoes-e-xixi-entao-eu-marcava-a-arvore-ao-lado-deles-da-mesma-maneira\/"},"author":{"name":"Rui Lavrador","@id":"https:\/\/infocul.pt\/arquivo\/#\/schema\/person\/060a108d7f2d85fc6aae505119ee5234"},"headline":"Matt Wright: &#8220;Os grandes felinos costumavam marcar uma \u00e1rvore com arranh\u00f5es e xixi, ent\u00e3o eu marcava a \u00e1rvore ao lado deles da mesma maneira&#8221;","datePublished":"2019-01-31T00:00:52+00:00","mainEntityOfPage":{"@id":"https:\/\/infocul.pt\/arquivo\/actualidade\/matt-wright-os-grandes-felinos-costumavam-marcar-uma-arvore-com-arranhoes-e-xixi-entao-eu-marcava-a-arvore-ao-lado-deles-da-mesma-maneira\/"},"wordCount":871,"commentCount":0,"publisher":{"@id":"https:\/\/infocul.pt\/arquivo\/#organization"},"image":{"@id":"https:\/\/infocul.pt\/arquivo\/actualidade\/matt-wright-os-grandes-felinos-costumavam-marcar-uma-arvore-com-arranhoes-e-xixi-entao-eu-marcava-a-arvore-ao-lado-deles-da-mesma-maneira\/#primaryimage"},"thumbnailUrl":"https:\/\/infocul.pt\/arquivo\/wp-content\/uploads\/2019\/01\/35794_ep306_006-e1548840534395.jpg","keywords":["Aventura \u00e0 Flor da Pele XL","Discovery Channel","Matt Wright"],"articleSection":["Actualidade","Destaque","Entrevistas","Televis\u00e3o"],"inLanguage":"pt-PT"},{"@type":"WebPage","@id":"https:\/\/infocul.pt\/arquivo\/actualidade\/matt-wright-os-grandes-felinos-costumavam-marcar-uma-arvore-com-arranhoes-e-xixi-entao-eu-marcava-a-arvore-ao-lado-deles-da-mesma-maneira\/","url":"https:\/\/infocul.pt\/arquivo\/actualidade\/matt-wright-os-grandes-felinos-costumavam-marcar-uma-arvore-com-arranhoes-e-xixi-entao-eu-marcava-a-arvore-ao-lado-deles-da-mesma-maneira\/","name":"Matt Wright: \"Os grandes felinos costumavam marcar uma \u00e1rvore com arranh\u00f5es e xixi, ent\u00e3o eu marcava a \u00e1rvore ao lado deles da mesma maneira\" | Infocul.pt - Arquivo Digital","isPartOf":{"@id":"https:\/\/infocul.pt\/arquivo\/#website"},"primaryImageOfPage":{"@id":"https:\/\/infocul.pt\/arquivo\/actualidade\/matt-wright-os-grandes-felinos-costumavam-marcar-uma-arvore-com-arranhoes-e-xixi-entao-eu-marcava-a-arvore-ao-lado-deles-da-mesma-maneira\/#primaryimage"},"image":{"@id":"https:\/\/infocul.pt\/arquivo\/actualidade\/matt-wright-os-grandes-felinos-costumavam-marcar-uma-arvore-com-arranhoes-e-xixi-entao-eu-marcava-a-arvore-ao-lado-deles-da-mesma-maneira\/#primaryimage"},"thumbnailUrl":"https:\/\/infocul.pt\/arquivo\/wp-content\/uploads\/2019\/01\/35794_ep306_006-e1548840534395.jpg","datePublished":"2019-01-31T00:00:52+00:00","description":"Matt Wright: \"Os grandes felinos costumavam marcar uma \u00e1rvore com arranh\u00f5es e xixi, ent\u00e3o eu marcava a \u00e1rvore ao lado deles da mesma maneira\" | Infocul.pt - Arquivo Digital","breadcrumb":{"@id":"https:\/\/infocul.pt\/arquivo\/actualidade\/matt-wright-os-grandes-felinos-costumavam-marcar-uma-arvore-com-arranhoes-e-xixi-entao-eu-marcava-a-arvore-ao-lado-deles-da-mesma-maneira\/#breadcrumb"},"inLanguage":"pt-PT","potentialAction":[{"@type":"ReadAction","target":["https:\/\/infocul.pt\/arquivo\/actualidade\/matt-wright-os-grandes-felinos-costumavam-marcar-uma-arvore-com-arranhoes-e-xixi-entao-eu-marcava-a-arvore-ao-lado-deles-da-mesma-maneira\/"]}]},{"@type":"ImageObject","inLanguage":"pt-PT","@id":"https:\/\/infocul.pt\/arquivo\/actualidade\/matt-wright-os-grandes-felinos-costumavam-marcar-uma-arvore-com-arranhoes-e-xixi-entao-eu-marcava-a-arvore-ao-lado-deles-da-mesma-maneira\/#primaryimage","url":"https:\/\/infocul.pt\/arquivo\/wp-content\/uploads\/2019\/01\/35794_ep306_006-e1548840534395.jpg","contentUrl":"https:\/\/infocul.pt\/arquivo\/wp-content\/uploads\/2019\/01\/35794_ep306_006-e1548840534395.jpg","width":800,"height":533,"caption":"Matt walking with bow and arrow."},{"@type":"BreadcrumbList","@id":"https:\/\/infocul.pt\/arquivo\/actualidade\/matt-wright-os-grandes-felinos-costumavam-marcar-uma-arvore-com-arranhoes-e-xixi-entao-eu-marcava-a-arvore-ao-lado-deles-da-mesma-maneira\/#breadcrumb","itemListElement":[{"@type":"ListItem","position":1,"name":"Home","item":"https:\/\/infocul.pt\/arquivo\/"},{"@type":"ListItem","position":2,"name":"Matt Wright: &#8220;Os grandes felinos costumavam marcar uma \u00e1rvore com arranh\u00f5es e xixi, ent\u00e3o eu marcava a \u00e1rvore ao lado deles da mesma maneira&#8221;"}]},{"@type":"WebSite","@id":"https:\/\/infocul.pt\/arquivo\/#website","url":"https:\/\/infocul.pt\/arquivo\/","name":"Infocul.pt - Arquivo Digital","description":"Arquivo digital da Infocul.pt","publisher":{"@id":"https:\/\/infocul.pt\/arquivo\/#organization"},"potentialAction":[{"@type":"SearchAction","target":{"@type":"EntryPoint","urlTemplate":"https:\/\/infocul.pt\/arquivo\/?s={search_term_string}"},"query-input":{"@type":"PropertyValueSpecification","valueRequired":true,"valueName":"search_term_string"}}],"inLanguage":"pt-PT"},{"@type":"Organization","@id":"https:\/\/infocul.pt\/arquivo\/#organization","name":"Infocul.pt","url":"https:\/\/infocul.pt\/arquivo\/","logo":{"@type":"ImageObject","inLanguage":"pt-PT","@id":"https:\/\/infocul.pt\/arquivo\/#\/schema\/logo\/image\/","url":"https:\/\/infocul.pt\/arquivo\/wp-content\/uploads\/2018\/12\/Infocul_logo-1.png","contentUrl":"https:\/\/infocul.pt\/arquivo\/wp-content\/uploads\/2018\/12\/Infocul_logo-1.png","width":800,"height":800,"caption":"Infocul.pt"},"image":{"@id":"https:\/\/infocul.pt\/arquivo\/#\/schema\/logo\/image\/"},"sameAs":["https:\/\/www.facebook.com\/Infocul-147816815585015\/","https:\/\/x.com\/Infoculpt","http:\/\/www.pictaram.com\/user\/infocul.pt\/2370423710","https:\/\/www.youtube.com\/channel\/UCYEB91AGI9FL9ek2i_IaQAA"]},{"@type":"Person","@id":"https:\/\/infocul.pt\/arquivo\/#\/schema\/person\/060a108d7f2d85fc6aae505119ee5234","name":"Rui Lavrador","image":{"@type":"ImageObject","inLanguage":"pt-PT","@id":"https:\/\/secure.gravatar.com\/avatar\/93febd6873394aa8e975148548a0cb203acfdd42d2c85c5f1408e1a76678aece?s=96&d=mm&r=g","url":"https:\/\/secure.gravatar.com\/avatar\/93febd6873394aa8e975148548a0cb203acfdd42d2c85c5f1408e1a76678aece?s=96&d=mm&r=g","contentUrl":"https:\/\/secure.gravatar.com\/avatar\/93febd6873394aa8e975148548a0cb203acfdd42d2c85c5f1408e1a76678aece?s=96&d=mm&r=g","caption":"Rui Lavrador"},"description":"Iniciou em 2011 o seu percurso em comunica\u00e7\u00e3o social, tendo integrado v\u00e1rios projectos editoriais. Durante o seu percurso integrou projectos como Jornal Hardm\u00fasica, LusoNot\u00edcias, Toureio.pt, ODigital.pt, entre outros \u00d3rg\u00e3os de Comunica\u00e7\u00e3o Social nacionais, na redac\u00e7\u00e3o de v\u00e1rios artigos. Entrevistou a grande maioria das personalidades mais importantes da vida social e cultural do pa\u00eds, destacando-se, tamb\u00e9m, na aprecia\u00e7\u00e3o de v\u00e1rios espect\u00e1culos. Durante o seu percurso, deu a conhecer v\u00e1rios artistas, at\u00e9 ent\u00e3o desconhecidos, ao grande p\u00fablico. Em 2015 criou e fundou o Infocul.pt, projecto no qual assume a direc\u00e7\u00e3o editorial.","sameAs":["http:\/\/www.infocul.pt"]}]}},"_links":{"self":[{"href":"https:\/\/infocul.pt\/arquivo\/wp-json\/wp\/v2\/posts\/52202","targetHints":{"allow":["GET"]}}],"collection":[{"href":"https:\/\/infocul.pt\/arquivo\/wp-json\/wp\/v2\/posts"}],"about":[{"href":"https:\/\/infocul.pt\/arquivo\/wp-json\/wp\/v2\/types\/post"}],"author":[{"embeddable":true,"href":"https:\/\/infocul.pt\/arquivo\/wp-json\/wp\/v2\/users\/2"}],"replies":[{"embeddable":true,"href":"https:\/\/infocul.pt\/arquivo\/wp-json\/wp\/v2\/comments?post=52202"}],"version-history":[{"count":0,"href":"https:\/\/infocul.pt\/arquivo\/wp-json\/wp\/v2\/posts\/52202\/revisions"}],"wp:featuredmedia":[{"embeddable":true,"href":"https:\/\/infocul.pt\/arquivo\/wp-json\/wp\/v2\/media\/52235"}],"wp:attachment":[{"href":"https:\/\/infocul.pt\/arquivo\/wp-json\/wp\/v2\/media?parent=52202"}],"wp:term":[{"taxonomy":"category","embeddable":true,"href":"https:\/\/infocul.pt\/arquivo\/wp-json\/wp\/v2\/categories?post=52202"},{"taxonomy":"post_tag","embeddable":true,"href":"https:\/\/infocul.pt\/arquivo\/wp-json\/wp\/v2\/tags?post=52202"}],"curies":[{"name":"wp","href":"https:\/\/api.w.org\/{rel}","templated":true}]}}