{"id":52317,"date":"2019-02-01T11:36:16","date_gmt":"2019-02-01T11:36:16","guid":{"rendered":"https:\/\/infocul.pt\/?p=52317"},"modified":"2019-02-01T11:36:16","modified_gmt":"2019-02-01T11:36:16","slug":"eduardo-luciano-ausencia-de-publico-aberto-a-novas-experiencias-leva-infelizmente-a-situacoes-que-poem-em-causa-a-democracia-em-muitos-sitios","status":"publish","type":"post","link":"https:\/\/infocul.pt\/arquivo\/cultura\/eduardo-luciano-ausencia-de-publico-aberto-a-novas-experiencias-leva-infelizmente-a-situacoes-que-poem-em-causa-a-democracia-em-muitos-sitios\/","title":{"rendered":"Eduardo Luciano: \u201cAus\u00eancia de p\u00fablico aberto a novas experi\u00eancias leva infelizmente a situa\u00e7\u00f5es que p\u00f5em em causa a democracia em muitos s\u00edtios\u201d"},"content":{"rendered":"<p><img decoding=\"async\" class=\"aligncenter wp-image-52318 size-full lazyload\" data-src=\"https:\/\/infocul.pt\/arquivo\/wp-content\/uploads\/2019\/02\/batch_BC3I1045-e1549020843258.png\" alt=\"\" width=\"800\" height=\"590\" src=\"data:image\/svg+xml;base64,PHN2ZyB3aWR0aD0iMSIgaGVpZ2h0PSIxIiB4bWxucz0iaHR0cDovL3d3dy53My5vcmcvMjAwMC9zdmciPjwvc3ZnPg==\" style=\"--smush-placeholder-width: 800px; --smush-placeholder-aspect-ratio: 800\/590;\" \/><\/p>\n<p>&nbsp;<\/p>\n<p>&nbsp;<\/p>\n<p>&nbsp;<\/p>\n<p>A <a href=\"https:\/\/infocul.pt\/arquivo\/cultura\/evora-sentimos-que-estamos-a-dar-um-passo-muito-grande-naquilo-que-e-a-programacao-anual-e-coerencia-na-programacao\/\" target=\"_blank\" rel=\"noopener\">C\u00e2mara Municipal de \u00c9vora apresentou, ontem, a sua programa\u00e7\u00e3o anual<\/a>. A cerim\u00f3nia decorreu no Teatro Garcia de Resende e no final do evento, o vereador com o pelouro da Cultura, Eduardo Luciano, falou ao Infocul.<!--more--><\/p>\n<p>A programa\u00e7\u00e3o preparada para este ano assenta num \u2018pontap\u00e9 de sa\u00edda\u2019 da candidatura de \u00c9vora a Capital Europeia da Cultura em 2027. O vereador assume isso e revela que \u201c<em><strong>este \u00e9 o ano que n\u00f3s decidimos, \u00e9 o ano de afirma\u00e7\u00e3o dessa candidatura. A candidatura tem estado a ser constru\u00edda tranquilamente, calmamente, poderia ser mais mediatizada, reconhecemos isso, mas a nossa aposta \u00e9 naquilo que viram aqui, uma programa\u00e7\u00e3o cultural coerente, diversificada, sem pol\u00edtica de gosto e apostada essencialmente nas quest\u00f5es da cultura<\/strong><\/em>\u201d, explicando que <em><strong>\u201ctentamos equilibrar entre a cultura e o entretenimento, mas apostamos claramente nas quest\u00f5es da cultura, \u00e9 intensa, pergunto-me quantas cidades da dimens\u00e3o de \u00c9vora t\u00eam esta programa\u00e7\u00e3o cultural neste momento e \u00e9 uma programa\u00e7\u00e3o que n\u00f3s queremos aberta, o Artes \u00e0 Rua n\u00e3o est\u00e1 nesta programa\u00e7\u00e3o, \u00e9 o grande festival de ver\u00e3o, e ser\u00e1 anunciado mais tarde. De qualquer das formas queremos aqui garantir que este ano o Artes \u00e0 Rua ser\u00e1 ainda melhor do que foi nos dois \u00faltimos anos<\/strong><\/em>\u201d.<\/p>\n<p>A programa\u00e7\u00e3o, que daremos conta detalhadamente em breve, apresenta-se ecl\u00e9ctica, em v\u00e1rios espa\u00e7os da cidade e para todas as idades. Eduardo Luciano revela que \u201c<em><b>quando pensamos na programa\u00e7\u00e3o (e o decisor pol\u00edtico n\u00e3o se mete na programa\u00e7\u00e3o d\u00e1 orienta\u00e7\u00f5es gerais naquilo que eu disse, ser ecl\u00e9ctico) o que n\u00f3s pedimos foi uma coisa muito simples aos programadores, tragam-nos propostas desafiantes, traga-nos propostas que obriguem o publico a pensar, tragam-nos propostas que nos divirtam. Vivemos uma \u00e9poca em que a discuss\u00e3o se reduz ao pensamento b\u00e1sico, e a aus\u00eancia de pensamento critico, a aus\u00eancia de p\u00fablico aberto a novas experi\u00eancias leva infelizmente a situa\u00e7\u00f5es que p\u00f5em em causa a democracia em muitos s\u00edtios, quando se anula o pensamento cr\u00edtico criam-se carneiros que v\u00e3o atr\u00e1s do primeiro l\u00edder populista que apare\u00e7a e a cultura tem esse papel de fronteira e \u00e9 isto que \u00e9 pedido, a partir dai o programador construiu uma programa\u00e7\u00e3o ecl\u00e9ctica, uma programa\u00e7\u00e3o que toca todos os p\u00fablicos, com uma preocupa\u00e7\u00e3o muito grande, a preocupa\u00e7\u00e3o da qualidade, n\u00e3o abdicamos da qualidade, algu\u00e9m disse, julgo ter sido o Maestro Ant\u00f3nio Vitorino de Almeida que s\u00f3 h\u00e1 dois tipos de musica, a boa e a m\u00e1, e n\u00f3s n\u00e3o abdicamos da qualidade a partir dai a liberdade \u00e9 total<\/b><\/em>\u201d.<\/p>\n<p>Contudo, \u00c9vora tamb\u00e9m ter\u00e1, ser\u00e1 anunciado a seu tempo, espect\u00e1culos medi\u00e1ticos e para massas. Eduardo Luciano, explica que \u201c<em><strong>n\u00f3s podemos escolher como comiss\u00e1rio da candidatura um qualquer artista que enche pavilh\u00f5es e isto em termos da densidade da candidatura traz o qu\u00ea? Traz muito pouco\u2026 E \u00e9 nesse sentido que eu estava a falar, obviamente que temos de mediatizar isto e obviamente que consideramos que \u00e9 uma falha nossa n\u00e3o termos j\u00e1 come\u00e7ado a mediatizar, mas n\u00e3o queremos substituir a candidatura de \u00c9vora a Capital Europeia da Cultura por circo medi\u00e1tico para ganhar notoriedade, porque n\u00e3o \u00e9 com essa notoriedade que se decidem as quest\u00f5es da candidatura, s\u00e3o por outros par\u00e2metros e n\u00f3s conhecemos-los bem e portanto \u00e9 essa a nossa preocupa\u00e7\u00e3o, n\u00e3o iremos pagar artigos para denegrir outras cidades, n\u00e3o iremos fazer nada disso, esses truques s\u00e3o-nos alheios por completo&#8230; temos um caminho, um caminho de seriedade, um caminho que queremos que chegue a bom porto e queremos que \u00c9vora seja capital europeia da cultura em 2027, mas mais importante que ser capital europeia da cultura em 2027 \u00e9 ser uma cidade de cultura j\u00e1 em 2019 e por isso a aposta \u00e9 outra, na honestidade, na seriedade, na urg\u00eancia de trazer as quest\u00f5es da cultura para a primeira linha<\/strong><\/em>\u201d.<\/p>\n<p>Quando questionado se os espect\u00e1culos que agora levam pouco p\u00fablico, servem para criar p\u00fablico para aqui a dez anos, diz-nos que \u201c<em><strong>n\u00e3o sei se \u00e9 daqui a dez anos, mas que \u00e9 absolutamente decisivo fazer este trabalho, \u00e9 seguramente e repare, h\u00e1 espect\u00e1culos que t\u00eam dez pessoas e muitas vezes somos criticamos exactamente por isso, os outros fazem espect\u00e1culos com menos dinheiro e fazem espect\u00e1culos para 100 pessoas e voc\u00eas fazem v\u00e1rios espect\u00e1culos para 10\/15 pessoas, mas o p\u00fablico educa-se dessa forma, o pensamento cr\u00edtico e o h\u00e1bito de pensar de forma cr\u00edtica constr\u00f3i-se assim. Se n\u00f3s com meia d\u00fazia de tost\u00f5es, n\u00f3s contratamos um qualquer artista de musica pop, rock, seja l\u00e1 o que for, que enche a pra\u00e7a do Giraldo, acabou o espect\u00e1culo, fechamos a porta, fomos \u00e0 vida e o que ficou no dia seguinte? N\u00e3o ficou nada\u2026 E o que n\u00f3s queremos n\u00e3o \u00e9 isso, e da\u00ed que as apostas e os desafios aos criadores sejam para constru\u00edrem cria\u00e7\u00f5es especificas para locais improv\u00e1veis, como as termas romanas, como o largo Ch\u00e3o das Covas, como a cria\u00e7\u00e3o de percurso junto \u00e0 S\u00e9.. e \u00e9 isso, \u00e9 colocar a cidade n\u00e3o como palco, mas como sitio de vida onde a arte acontece<\/strong><\/em>\u201d.<\/p>\n<p>Question\u00e1mos ainda o que est\u00e1 preparado para a Arena D\u2019\u00c9vora, tendo o vereador explicado que \u201c<em><b>no final do ano, mudamos o paradigma da programa\u00e7\u00e3o da arena D\u2019\u00c9vora. Tinha uma programa\u00e7\u00e3o que era diferente, ou seja, acolh\u00edamos propostas de forma mais ou menos acr\u00edtica. Este ano com a equipa de produ\u00e7\u00e3o que criamos, a Arena D\u2019\u00c9vora, ir\u00e1 ser um outro local que ir\u00e1 ser programado em fun\u00e7\u00e3o do teatro e da rua, para que n\u00e3o aconte\u00e7a o mesmo dos outros anos e isto \u00e9 uma autocr\u00edtica, que ao mesmo tempo que acontecia um espect\u00e1culo\u00a0que enche o Teatro Garcia de Resende, est\u00e1 a acontecer outro do mesmo g\u00e9nero que enche a Arena e \u00c9vora n\u00e3o tem massa cr\u00edtica e espectadores\u00a0para isto e n\u00f3s temos de acautelar estas quest\u00f5es e dai que a programa\u00e7\u00e3o da arena v\u00e1 ser englobada nestes aspectos, n\u00e3o tenho ainda programa\u00e7\u00e3o definida, h\u00e1 um conjunto de propostas, confesso que as propostas de programa\u00e7\u00e3o da Arena s\u00e3o mais no sentido do entretenimento do que no sentido da cultura at\u00e9 porque a arena \u00e9 um espa\u00e7o que\u00a0leva at\u00e9 duas mil pessoas e portanto tem essa apet\u00eancia mas iremos ter o mesmo cuidado de programa\u00e7\u00e3o, ser\u00e3o naturalmente coisas de massas, aquele espa\u00e7o n\u00e3o \u00e9 para ter espect\u00e1culos\u00a0de 100 ou 200 pessoas. Estamos a pensar, mas pela primeira vez numa l\u00f3gica integrada com a programa\u00e7\u00e3o<\/b><\/em>\u201d.<\/p>\n<p>&nbsp;<\/p>\n<p><span style=\"color: #0000ff;\">Texto e Entrevista: Rui Lavrador<\/span><br \/>\n<span style=\"color: #0000ff;\">Fotografia: Hugo Calado<\/span><\/p>\n","protected":false},"excerpt":{"rendered":"<p>&nbsp; &nbsp; &nbsp; A C\u00e2mara Municipal de \u00c9vora apresentou, ontem, a sua programa\u00e7\u00e3o anual. A cerim\u00f3nia decorreu no Teatro Garcia de Resende e no final do evento, o vereador com o pelouro da Cultura, Eduardo Luciano, falou ao Infocul.<\/p>\n","protected":false},"author":13,"featured_media":52318,"comment_status":"open","ping_status":"closed","sticky":false,"template":"","format":"standard","meta":{"footnotes":""},"categories":[2,36,4124,9],"tags":[249,6505,1495],"class_list":["post-52317","post","type-post","status-publish","format-standard","has-post-thumbnail","hentry","category-cultura","category-destaque","category-entrevistas","category-outros","tag-alentejo","tag-eduardo-luciano","tag-evora"],"yoast_head":"<!-- This site is optimized with the Yoast SEO plugin v27.5 - https:\/\/yoast.com\/product\/yoast-seo-wordpress\/ -->\n<title>Eduardo Luciano: \u201cAus\u00eancia de p\u00fablico aberto a novas experi\u00eancias leva infelizmente a situa\u00e7\u00f5es que p\u00f5em em causa a democracia em muitos s\u00edtios\u201d | Infocul.pt - Arquivo Digital<\/title>\n<meta name=\"description\" content=\"Eduardo Luciano: \u201cAus\u00eancia de p\u00fablico aberto a novas experi\u00eancias leva infelizmente a situa\u00e7\u00f5es que p\u00f5em em causa a democracia em muitos s\u00edtios\u201d | Infocul.pt - Arquivo Digital\" \/>\n<meta name=\"robots\" content=\"noindex, follow, max-snippet:-1, max-image-preview:large, max-video-preview:-1\" \/>\n<meta property=\"og:locale\" content=\"pt_PT\" \/>\n<meta property=\"og:type\" content=\"article\" \/>\n<meta property=\"og:title\" content=\"Eduardo Luciano: \u201cAus\u00eancia de p\u00fablico aberto a novas experi\u00eancias leva infelizmente a situa\u00e7\u00f5es que p\u00f5em em causa a democracia em muitos s\u00edtios\u201d | Infocul.pt - Arquivo Digital\" \/>\n<meta property=\"og:description\" content=\"Eduardo Luciano: \u201cAus\u00eancia de p\u00fablico aberto a novas experi\u00eancias leva infelizmente a situa\u00e7\u00f5es que p\u00f5em em causa a democracia em muitos s\u00edtios\u201d | Infocul.pt - Arquivo Digital\" \/>\n<meta property=\"og:url\" content=\"https:\/\/infocul.pt\/arquivo\/cultura\/eduardo-luciano-ausencia-de-publico-aberto-a-novas-experiencias-leva-infelizmente-a-situacoes-que-poem-em-causa-a-democracia-em-muitos-sitios\/\" \/>\n<meta property=\"og:site_name\" content=\"Infocul.pt - Arquivo Digital\" \/>\n<meta property=\"article:publisher\" content=\"https:\/\/www.facebook.com\/Infocul-147816815585015\/\" \/>\n<meta property=\"article:published_time\" content=\"2019-02-01T11:36:16+00:00\" \/>\n<meta property=\"og:image\" content=\"https:\/\/infocul.pt\/arquivo\/wp-content\/uploads\/2019\/02\/batch_BC3I1045-e1549020843258.png\" \/>\n\t<meta property=\"og:image:width\" content=\"800\" \/>\n\t<meta property=\"og:image:height\" content=\"590\" \/>\n\t<meta property=\"og:image:type\" content=\"image\/png\" \/>\n<meta name=\"author\" content=\"Redac\u00e7\u00e3o\" \/>\n<meta name=\"twitter:card\" content=\"summary_large_image\" \/>\n<meta name=\"twitter:creator\" content=\"@Infoculpt\" \/>\n<meta name=\"twitter:site\" content=\"@Infoculpt\" \/>\n<meta name=\"twitter:label1\" content=\"Escrito por\" \/>\n\t<meta name=\"twitter:data1\" content=\"Redac\u00e7\u00e3o\" \/>\n\t<meta name=\"twitter:label2\" content=\"Tempo estimado de leitura\" \/>\n\t<meta name=\"twitter:data2\" content=\"6 minutos\" \/>\n<script type=\"application\/ld+json\" class=\"yoast-schema-graph\">{\"@context\":\"https:\\\/\\\/schema.org\",\"@graph\":[{\"@type\":\"Article\",\"@id\":\"https:\\\/\\\/infocul.pt\\\/arquivo\\\/cultura\\\/eduardo-luciano-ausencia-de-publico-aberto-a-novas-experiencias-leva-infelizmente-a-situacoes-que-poem-em-causa-a-democracia-em-muitos-sitios\\\/#article\",\"isPartOf\":{\"@id\":\"https:\\\/\\\/infocul.pt\\\/arquivo\\\/cultura\\\/eduardo-luciano-ausencia-de-publico-aberto-a-novas-experiencias-leva-infelizmente-a-situacoes-que-poem-em-causa-a-democracia-em-muitos-sitios\\\/\"},\"author\":{\"name\":\"Redac\u00e7\u00e3o\",\"@id\":\"https:\\\/\\\/infocul.pt\\\/arquivo\\\/#\\\/schema\\\/person\\\/f243f45ae8d67639120a7586884f3abc\"},\"headline\":\"Eduardo Luciano: \u201cAus\u00eancia de p\u00fablico aberto a novas experi\u00eancias leva infelizmente a situa\u00e7\u00f5es que p\u00f5em em causa a democracia em muitos s\u00edtios\u201d\",\"datePublished\":\"2019-02-01T11:36:16+00:00\",\"mainEntityOfPage\":{\"@id\":\"https:\\\/\\\/infocul.pt\\\/arquivo\\\/cultura\\\/eduardo-luciano-ausencia-de-publico-aberto-a-novas-experiencias-leva-infelizmente-a-situacoes-que-poem-em-causa-a-democracia-em-muitos-sitios\\\/\"},\"wordCount\":1196,\"commentCount\":0,\"publisher\":{\"@id\":\"https:\\\/\\\/infocul.pt\\\/arquivo\\\/#organization\"},\"image\":{\"@id\":\"https:\\\/\\\/infocul.pt\\\/arquivo\\\/cultura\\\/eduardo-luciano-ausencia-de-publico-aberto-a-novas-experiencias-leva-infelizmente-a-situacoes-que-poem-em-causa-a-democracia-em-muitos-sitios\\\/#primaryimage\"},\"thumbnailUrl\":\"https:\\\/\\\/infocul.pt\\\/arquivo\\\/wp-content\\\/uploads\\\/2019\\\/02\\\/batch_BC3I1045-e1549020843258.png\",\"keywords\":[\"Alentejo\",\"Eduardo Luciano\",\"\u00c9vora\"],\"articleSection\":[\"Cultura\",\"Destaque\",\"Entrevistas\",\"Outros\"],\"inLanguage\":\"pt-PT\"},{\"@type\":\"WebPage\",\"@id\":\"https:\\\/\\\/infocul.pt\\\/arquivo\\\/cultura\\\/eduardo-luciano-ausencia-de-publico-aberto-a-novas-experiencias-leva-infelizmente-a-situacoes-que-poem-em-causa-a-democracia-em-muitos-sitios\\\/\",\"url\":\"https:\\\/\\\/infocul.pt\\\/arquivo\\\/cultura\\\/eduardo-luciano-ausencia-de-publico-aberto-a-novas-experiencias-leva-infelizmente-a-situacoes-que-poem-em-causa-a-democracia-em-muitos-sitios\\\/\",\"name\":\"Eduardo Luciano: \u201cAus\u00eancia de p\u00fablico aberto a novas experi\u00eancias leva infelizmente a situa\u00e7\u00f5es que p\u00f5em em causa a democracia em muitos s\u00edtios\u201d | Infocul.pt - Arquivo Digital\",\"isPartOf\":{\"@id\":\"https:\\\/\\\/infocul.pt\\\/arquivo\\\/#website\"},\"primaryImageOfPage\":{\"@id\":\"https:\\\/\\\/infocul.pt\\\/arquivo\\\/cultura\\\/eduardo-luciano-ausencia-de-publico-aberto-a-novas-experiencias-leva-infelizmente-a-situacoes-que-poem-em-causa-a-democracia-em-muitos-sitios\\\/#primaryimage\"},\"image\":{\"@id\":\"https:\\\/\\\/infocul.pt\\\/arquivo\\\/cultura\\\/eduardo-luciano-ausencia-de-publico-aberto-a-novas-experiencias-leva-infelizmente-a-situacoes-que-poem-em-causa-a-democracia-em-muitos-sitios\\\/#primaryimage\"},\"thumbnailUrl\":\"https:\\\/\\\/infocul.pt\\\/arquivo\\\/wp-content\\\/uploads\\\/2019\\\/02\\\/batch_BC3I1045-e1549020843258.png\",\"datePublished\":\"2019-02-01T11:36:16+00:00\",\"description\":\"Eduardo Luciano: \u201cAus\u00eancia de p\u00fablico aberto a novas experi\u00eancias leva infelizmente a situa\u00e7\u00f5es que p\u00f5em em causa a democracia em muitos s\u00edtios\u201d | Infocul.pt - Arquivo Digital\",\"breadcrumb\":{\"@id\":\"https:\\\/\\\/infocul.pt\\\/arquivo\\\/cultura\\\/eduardo-luciano-ausencia-de-publico-aberto-a-novas-experiencias-leva-infelizmente-a-situacoes-que-poem-em-causa-a-democracia-em-muitos-sitios\\\/#breadcrumb\"},\"inLanguage\":\"pt-PT\",\"potentialAction\":[{\"@type\":\"ReadAction\",\"target\":[\"https:\\\/\\\/infocul.pt\\\/arquivo\\\/cultura\\\/eduardo-luciano-ausencia-de-publico-aberto-a-novas-experiencias-leva-infelizmente-a-situacoes-que-poem-em-causa-a-democracia-em-muitos-sitios\\\/\"]}]},{\"@type\":\"ImageObject\",\"inLanguage\":\"pt-PT\",\"@id\":\"https:\\\/\\\/infocul.pt\\\/arquivo\\\/cultura\\\/eduardo-luciano-ausencia-de-publico-aberto-a-novas-experiencias-leva-infelizmente-a-situacoes-que-poem-em-causa-a-democracia-em-muitos-sitios\\\/#primaryimage\",\"url\":\"https:\\\/\\\/infocul.pt\\\/arquivo\\\/wp-content\\\/uploads\\\/2019\\\/02\\\/batch_BC3I1045-e1549020843258.png\",\"contentUrl\":\"https:\\\/\\\/infocul.pt\\\/arquivo\\\/wp-content\\\/uploads\\\/2019\\\/02\\\/batch_BC3I1045-e1549020843258.png\",\"width\":800,\"height\":590},{\"@type\":\"BreadcrumbList\",\"@id\":\"https:\\\/\\\/infocul.pt\\\/arquivo\\\/cultura\\\/eduardo-luciano-ausencia-de-publico-aberto-a-novas-experiencias-leva-infelizmente-a-situacoes-que-poem-em-causa-a-democracia-em-muitos-sitios\\\/#breadcrumb\",\"itemListElement\":[{\"@type\":\"ListItem\",\"position\":1,\"name\":\"Home\",\"item\":\"https:\\\/\\\/infocul.pt\\\/arquivo\\\/\"},{\"@type\":\"ListItem\",\"position\":2,\"name\":\"Eduardo Luciano: \u201cAus\u00eancia de p\u00fablico aberto a novas experi\u00eancias leva infelizmente a situa\u00e7\u00f5es que p\u00f5em em causa a democracia em muitos s\u00edtios\u201d\"}]},{\"@type\":\"WebSite\",\"@id\":\"https:\\\/\\\/infocul.pt\\\/arquivo\\\/#website\",\"url\":\"https:\\\/\\\/infocul.pt\\\/arquivo\\\/\",\"name\":\"Infocul.pt - Arquivo Digital\",\"description\":\"Arquivo digital da Infocul.pt\",\"publisher\":{\"@id\":\"https:\\\/\\\/infocul.pt\\\/arquivo\\\/#organization\"},\"potentialAction\":[{\"@type\":\"SearchAction\",\"target\":{\"@type\":\"EntryPoint\",\"urlTemplate\":\"https:\\\/\\\/infocul.pt\\\/arquivo\\\/?s={search_term_string}\"},\"query-input\":{\"@type\":\"PropertyValueSpecification\",\"valueRequired\":true,\"valueName\":\"search_term_string\"}}],\"inLanguage\":\"pt-PT\"},{\"@type\":\"Organization\",\"@id\":\"https:\\\/\\\/infocul.pt\\\/arquivo\\\/#organization\",\"name\":\"Infocul.pt\",\"url\":\"https:\\\/\\\/infocul.pt\\\/arquivo\\\/\",\"logo\":{\"@type\":\"ImageObject\",\"inLanguage\":\"pt-PT\",\"@id\":\"https:\\\/\\\/infocul.pt\\\/arquivo\\\/#\\\/schema\\\/logo\\\/image\\\/\",\"url\":\"https:\\\/\\\/infocul.pt\\\/arquivo\\\/wp-content\\\/uploads\\\/2018\\\/12\\\/Infocul_logo-1.png\",\"contentUrl\":\"https:\\\/\\\/infocul.pt\\\/arquivo\\\/wp-content\\\/uploads\\\/2018\\\/12\\\/Infocul_logo-1.png\",\"width\":800,\"height\":800,\"caption\":\"Infocul.pt\"},\"image\":{\"@id\":\"https:\\\/\\\/infocul.pt\\\/arquivo\\\/#\\\/schema\\\/logo\\\/image\\\/\"},\"sameAs\":[\"https:\\\/\\\/www.facebook.com\\\/Infocul-147816815585015\\\/\",\"https:\\\/\\\/x.com\\\/Infoculpt\",\"http:\\\/\\\/www.pictaram.com\\\/user\\\/infocul.pt\\\/2370423710\",\"https:\\\/\\\/www.youtube.com\\\/channel\\\/UCYEB91AGI9FL9ek2i_IaQAA\"]},{\"@type\":\"Person\",\"@id\":\"https:\\\/\\\/infocul.pt\\\/arquivo\\\/#\\\/schema\\\/person\\\/f243f45ae8d67639120a7586884f3abc\",\"name\":\"Redac\u00e7\u00e3o\",\"image\":{\"@type\":\"ImageObject\",\"inLanguage\":\"pt-PT\",\"@id\":\"https:\\\/\\\/secure.gravatar.com\\\/avatar\\\/151b1b76c598ab5e749407223bd6c1bad4e41c4e95de3c3df83540ebee2deaf8?s=96&d=mm&r=g\",\"url\":\"https:\\\/\\\/secure.gravatar.com\\\/avatar\\\/151b1b76c598ab5e749407223bd6c1bad4e41c4e95de3c3df83540ebee2deaf8?s=96&d=mm&r=g\",\"contentUrl\":\"https:\\\/\\\/secure.gravatar.com\\\/avatar\\\/151b1b76c598ab5e749407223bd6c1bad4e41c4e95de3c3df83540ebee2deaf8?s=96&d=mm&r=g\",\"caption\":\"Redac\u00e7\u00e3o\"}}]}<\/script>\n<!-- \/ Yoast SEO plugin. -->","yoast_head_json":{"title":"Eduardo Luciano: \u201cAus\u00eancia de p\u00fablico aberto a novas experi\u00eancias leva infelizmente a situa\u00e7\u00f5es que p\u00f5em em causa a democracia em muitos s\u00edtios\u201d | Infocul.pt - Arquivo Digital","description":"Eduardo Luciano: \u201cAus\u00eancia de p\u00fablico aberto a novas experi\u00eancias leva infelizmente a situa\u00e7\u00f5es que p\u00f5em em causa a democracia em muitos s\u00edtios\u201d | Infocul.pt - Arquivo Digital","robots":{"index":"noindex","follow":"follow","max-snippet":"max-snippet:-1","max-image-preview":"max-image-preview:large","max-video-preview":"max-video-preview:-1"},"og_locale":"pt_PT","og_type":"article","og_title":"Eduardo Luciano: \u201cAus\u00eancia de p\u00fablico aberto a novas experi\u00eancias leva infelizmente a situa\u00e7\u00f5es que p\u00f5em em causa a democracia em muitos s\u00edtios\u201d | Infocul.pt - Arquivo Digital","og_description":"Eduardo Luciano: \u201cAus\u00eancia de p\u00fablico aberto a novas experi\u00eancias leva infelizmente a situa\u00e7\u00f5es que p\u00f5em em causa a democracia em muitos s\u00edtios\u201d | Infocul.pt - Arquivo Digital","og_url":"https:\/\/infocul.pt\/arquivo\/cultura\/eduardo-luciano-ausencia-de-publico-aberto-a-novas-experiencias-leva-infelizmente-a-situacoes-que-poem-em-causa-a-democracia-em-muitos-sitios\/","og_site_name":"Infocul.pt - Arquivo Digital","article_publisher":"https:\/\/www.facebook.com\/Infocul-147816815585015\/","article_published_time":"2019-02-01T11:36:16+00:00","og_image":[{"width":800,"height":590,"url":"https:\/\/infocul.pt\/arquivo\/wp-content\/uploads\/2019\/02\/batch_BC3I1045-e1549020843258.png","type":"image\/png"}],"author":"Redac\u00e7\u00e3o","twitter_card":"summary_large_image","twitter_creator":"@Infoculpt","twitter_site":"@Infoculpt","twitter_misc":{"Escrito por":"Redac\u00e7\u00e3o","Tempo estimado de leitura":"6 minutos"},"schema":{"@context":"https:\/\/schema.org","@graph":[{"@type":"Article","@id":"https:\/\/infocul.pt\/arquivo\/cultura\/eduardo-luciano-ausencia-de-publico-aberto-a-novas-experiencias-leva-infelizmente-a-situacoes-que-poem-em-causa-a-democracia-em-muitos-sitios\/#article","isPartOf":{"@id":"https:\/\/infocul.pt\/arquivo\/cultura\/eduardo-luciano-ausencia-de-publico-aberto-a-novas-experiencias-leva-infelizmente-a-situacoes-que-poem-em-causa-a-democracia-em-muitos-sitios\/"},"author":{"name":"Redac\u00e7\u00e3o","@id":"https:\/\/infocul.pt\/arquivo\/#\/schema\/person\/f243f45ae8d67639120a7586884f3abc"},"headline":"Eduardo Luciano: \u201cAus\u00eancia de p\u00fablico aberto a novas experi\u00eancias leva infelizmente a situa\u00e7\u00f5es que p\u00f5em em causa a democracia em muitos s\u00edtios\u201d","datePublished":"2019-02-01T11:36:16+00:00","mainEntityOfPage":{"@id":"https:\/\/infocul.pt\/arquivo\/cultura\/eduardo-luciano-ausencia-de-publico-aberto-a-novas-experiencias-leva-infelizmente-a-situacoes-que-poem-em-causa-a-democracia-em-muitos-sitios\/"},"wordCount":1196,"commentCount":0,"publisher":{"@id":"https:\/\/infocul.pt\/arquivo\/#organization"},"image":{"@id":"https:\/\/infocul.pt\/arquivo\/cultura\/eduardo-luciano-ausencia-de-publico-aberto-a-novas-experiencias-leva-infelizmente-a-situacoes-que-poem-em-causa-a-democracia-em-muitos-sitios\/#primaryimage"},"thumbnailUrl":"https:\/\/infocul.pt\/arquivo\/wp-content\/uploads\/2019\/02\/batch_BC3I1045-e1549020843258.png","keywords":["Alentejo","Eduardo Luciano","\u00c9vora"],"articleSection":["Cultura","Destaque","Entrevistas","Outros"],"inLanguage":"pt-PT"},{"@type":"WebPage","@id":"https:\/\/infocul.pt\/arquivo\/cultura\/eduardo-luciano-ausencia-de-publico-aberto-a-novas-experiencias-leva-infelizmente-a-situacoes-que-poem-em-causa-a-democracia-em-muitos-sitios\/","url":"https:\/\/infocul.pt\/arquivo\/cultura\/eduardo-luciano-ausencia-de-publico-aberto-a-novas-experiencias-leva-infelizmente-a-situacoes-que-poem-em-causa-a-democracia-em-muitos-sitios\/","name":"Eduardo Luciano: \u201cAus\u00eancia de p\u00fablico aberto a novas experi\u00eancias leva infelizmente a situa\u00e7\u00f5es que p\u00f5em em causa a democracia em muitos s\u00edtios\u201d | Infocul.pt - Arquivo Digital","isPartOf":{"@id":"https:\/\/infocul.pt\/arquivo\/#website"},"primaryImageOfPage":{"@id":"https:\/\/infocul.pt\/arquivo\/cultura\/eduardo-luciano-ausencia-de-publico-aberto-a-novas-experiencias-leva-infelizmente-a-situacoes-que-poem-em-causa-a-democracia-em-muitos-sitios\/#primaryimage"},"image":{"@id":"https:\/\/infocul.pt\/arquivo\/cultura\/eduardo-luciano-ausencia-de-publico-aberto-a-novas-experiencias-leva-infelizmente-a-situacoes-que-poem-em-causa-a-democracia-em-muitos-sitios\/#primaryimage"},"thumbnailUrl":"https:\/\/infocul.pt\/arquivo\/wp-content\/uploads\/2019\/02\/batch_BC3I1045-e1549020843258.png","datePublished":"2019-02-01T11:36:16+00:00","description":"Eduardo Luciano: \u201cAus\u00eancia de p\u00fablico aberto a novas experi\u00eancias leva infelizmente a situa\u00e7\u00f5es que p\u00f5em em causa a democracia em muitos s\u00edtios\u201d | Infocul.pt - Arquivo Digital","breadcrumb":{"@id":"https:\/\/infocul.pt\/arquivo\/cultura\/eduardo-luciano-ausencia-de-publico-aberto-a-novas-experiencias-leva-infelizmente-a-situacoes-que-poem-em-causa-a-democracia-em-muitos-sitios\/#breadcrumb"},"inLanguage":"pt-PT","potentialAction":[{"@type":"ReadAction","target":["https:\/\/infocul.pt\/arquivo\/cultura\/eduardo-luciano-ausencia-de-publico-aberto-a-novas-experiencias-leva-infelizmente-a-situacoes-que-poem-em-causa-a-democracia-em-muitos-sitios\/"]}]},{"@type":"ImageObject","inLanguage":"pt-PT","@id":"https:\/\/infocul.pt\/arquivo\/cultura\/eduardo-luciano-ausencia-de-publico-aberto-a-novas-experiencias-leva-infelizmente-a-situacoes-que-poem-em-causa-a-democracia-em-muitos-sitios\/#primaryimage","url":"https:\/\/infocul.pt\/arquivo\/wp-content\/uploads\/2019\/02\/batch_BC3I1045-e1549020843258.png","contentUrl":"https:\/\/infocul.pt\/arquivo\/wp-content\/uploads\/2019\/02\/batch_BC3I1045-e1549020843258.png","width":800,"height":590},{"@type":"BreadcrumbList","@id":"https:\/\/infocul.pt\/arquivo\/cultura\/eduardo-luciano-ausencia-de-publico-aberto-a-novas-experiencias-leva-infelizmente-a-situacoes-que-poem-em-causa-a-democracia-em-muitos-sitios\/#breadcrumb","itemListElement":[{"@type":"ListItem","position":1,"name":"Home","item":"https:\/\/infocul.pt\/arquivo\/"},{"@type":"ListItem","position":2,"name":"Eduardo Luciano: \u201cAus\u00eancia de p\u00fablico aberto a novas experi\u00eancias leva infelizmente a situa\u00e7\u00f5es que p\u00f5em em causa a democracia em muitos s\u00edtios\u201d"}]},{"@type":"WebSite","@id":"https:\/\/infocul.pt\/arquivo\/#website","url":"https:\/\/infocul.pt\/arquivo\/","name":"Infocul.pt - Arquivo Digital","description":"Arquivo digital da Infocul.pt","publisher":{"@id":"https:\/\/infocul.pt\/arquivo\/#organization"},"potentialAction":[{"@type":"SearchAction","target":{"@type":"EntryPoint","urlTemplate":"https:\/\/infocul.pt\/arquivo\/?s={search_term_string}"},"query-input":{"@type":"PropertyValueSpecification","valueRequired":true,"valueName":"search_term_string"}}],"inLanguage":"pt-PT"},{"@type":"Organization","@id":"https:\/\/infocul.pt\/arquivo\/#organization","name":"Infocul.pt","url":"https:\/\/infocul.pt\/arquivo\/","logo":{"@type":"ImageObject","inLanguage":"pt-PT","@id":"https:\/\/infocul.pt\/arquivo\/#\/schema\/logo\/image\/","url":"https:\/\/infocul.pt\/arquivo\/wp-content\/uploads\/2018\/12\/Infocul_logo-1.png","contentUrl":"https:\/\/infocul.pt\/arquivo\/wp-content\/uploads\/2018\/12\/Infocul_logo-1.png","width":800,"height":800,"caption":"Infocul.pt"},"image":{"@id":"https:\/\/infocul.pt\/arquivo\/#\/schema\/logo\/image\/"},"sameAs":["https:\/\/www.facebook.com\/Infocul-147816815585015\/","https:\/\/x.com\/Infoculpt","http:\/\/www.pictaram.com\/user\/infocul.pt\/2370423710","https:\/\/www.youtube.com\/channel\/UCYEB91AGI9FL9ek2i_IaQAA"]},{"@type":"Person","@id":"https:\/\/infocul.pt\/arquivo\/#\/schema\/person\/f243f45ae8d67639120a7586884f3abc","name":"Redac\u00e7\u00e3o","image":{"@type":"ImageObject","inLanguage":"pt-PT","@id":"https:\/\/secure.gravatar.com\/avatar\/151b1b76c598ab5e749407223bd6c1bad4e41c4e95de3c3df83540ebee2deaf8?s=96&d=mm&r=g","url":"https:\/\/secure.gravatar.com\/avatar\/151b1b76c598ab5e749407223bd6c1bad4e41c4e95de3c3df83540ebee2deaf8?s=96&d=mm&r=g","contentUrl":"https:\/\/secure.gravatar.com\/avatar\/151b1b76c598ab5e749407223bd6c1bad4e41c4e95de3c3df83540ebee2deaf8?s=96&d=mm&r=g","caption":"Redac\u00e7\u00e3o"}}]}},"_links":{"self":[{"href":"https:\/\/infocul.pt\/arquivo\/wp-json\/wp\/v2\/posts\/52317","targetHints":{"allow":["GET"]}}],"collection":[{"href":"https:\/\/infocul.pt\/arquivo\/wp-json\/wp\/v2\/posts"}],"about":[{"href":"https:\/\/infocul.pt\/arquivo\/wp-json\/wp\/v2\/types\/post"}],"author":[{"embeddable":true,"href":"https:\/\/infocul.pt\/arquivo\/wp-json\/wp\/v2\/users\/13"}],"replies":[{"embeddable":true,"href":"https:\/\/infocul.pt\/arquivo\/wp-json\/wp\/v2\/comments?post=52317"}],"version-history":[{"count":0,"href":"https:\/\/infocul.pt\/arquivo\/wp-json\/wp\/v2\/posts\/52317\/revisions"}],"wp:featuredmedia":[{"embeddable":true,"href":"https:\/\/infocul.pt\/arquivo\/wp-json\/wp\/v2\/media\/52318"}],"wp:attachment":[{"href":"https:\/\/infocul.pt\/arquivo\/wp-json\/wp\/v2\/media?parent=52317"}],"wp:term":[{"taxonomy":"category","embeddable":true,"href":"https:\/\/infocul.pt\/arquivo\/wp-json\/wp\/v2\/categories?post=52317"},{"taxonomy":"post_tag","embeddable":true,"href":"https:\/\/infocul.pt\/arquivo\/wp-json\/wp\/v2\/tags?post=52317"}],"curies":[{"name":"wp","href":"https:\/\/api.w.org\/{rel}","templated":true}]}}