{"id":52386,"date":"2019-02-02T20:40:46","date_gmt":"2019-02-02T20:40:46","guid":{"rendered":"https:\/\/infocul.pt\/?p=52386"},"modified":"2019-02-02T20:45:05","modified_gmt":"2019-02-02T20:45:05","slug":"vila-franca-de-xira-rendeu-homenagem-ao-matador-de-touros-jose-julio","status":"publish","type":"post","link":"https:\/\/infocul.pt\/arquivo\/cultura\/vila-franca-de-xira-rendeu-homenagem-ao-matador-de-touros-jose-julio\/","title":{"rendered":"Vila Franca de Xira rendeu homenagem ao matador de touros Jos\u00e9 J\u00falio"},"content":{"rendered":"<p><img decoding=\"async\" class=\"wp-image-52387 size-full lazyload\" data-src=\"https:\/\/infocul.pt\/arquivo\/wp-content\/uploads\/2019\/02\/IMG_20190202_203516-e1549139805165.jpg\" alt=\"\" width=\"800\" height=\"600\" src=\"data:image\/svg+xml;base64,PHN2ZyB3aWR0aD0iMSIgaGVpZ2h0PSIxIiB4bWxucz0iaHR0cDovL3d3dy53My5vcmcvMjAwMC9zdmciPjwvc3ZnPg==\" style=\"--smush-placeholder-width: 800px; --smush-placeholder-aspect-ratio: 800\/600;\" \/><\/p>\n<p align=\"justify\">O Munic\u00edpio de Vila Franca de Xira prestou este s\u00e1bado, 2 de Fevereiro, homenagem ao matador e touros Jos\u00e9 J\u00falio, filho da terra. Junto do Mercado Municipal foi inaugurado um busto, da autoria de Alberto G\u00e9rman.<!--more--><\/p>\n<p align=\"justify\">A cerim\u00f3nia come\u00e7ou junto dos Pa\u00e7os do concelho com a Banda do Ateneu Vilafranquense a dar inicio \u00e0 cerim\u00f3nia percorrendo caminho, com multid\u00e3o atr\u00e1s, at\u00e9 junto do Mercado Municipal.<\/p>\n<p align=\"justify\">Al\u00e9m dos autarcas, h\u00e1 a destacar muitas personalidades do meio taurom\u00e1quico presentes como Rui Bento Vasques, Eduardo Oliveira, Ant\u00f3nio Ribeiro Telles, Nuno Casquinha, Lu\u00eds Capucha, entre tantas outras individualidades.<\/p>\n<p align=\"justify\">Junto do busto, que foi benzido, foram proferidas palavras entusi\u00e1sticas relativamente ao matador e ao homem: Jos\u00e9 J\u00falio. Alberto Mesquita, presidente da C\u00e2mara, Jo\u00e3o Santos, presidente da Junta de Freguesia, Lu\u00eds Capucha, representante da comiss\u00e3o organizadora, Alberto Germ\u00e1n, escultor, e ainda o p\u00e1roco, foram os elementos a discursar. Mas o discurso mais aguardado, e emotivo tamb\u00e9m, foi de Jos\u00e9 J\u00falio, aos 84 anos denotando sentido de humor e gratid\u00e3o apurados.<\/p>\n<p align=\"justify\">\n<p>https:\/\/www.facebook.com\/Infocul\/videos\/324482318191667\/?t=1<\/p>\n<p align=\"justify\">No final da cerim\u00f3nia, o Infocul falou com Lu\u00eds Capucha que nos confessou a origem da iniciativa, \u201c<em><strong>a ideia surgiu ap\u00f3s a exposi\u00e7\u00e3o que se fez na Patriarcal de homenagem ao maestro Jos\u00e9 J\u00falio, h\u00e1 cerca de um ano\/ano e meio talvez, quando um grupo de cidad\u00e3os de Vila Franca (que inclui o Jo\u00e3o Concei\u00e7\u00e3o, Osvaldo Falc\u00e3o, Francisco Milhano Pereira, Ant\u00f3nio Jos\u00e9 de Matos Oliveira e eu pr\u00f3prio, Lu\u00eds Capucha), form\u00e1mos uma comiss\u00e3o porque ach\u00e1mos que Jos\u00e9 J\u00falio devia ter uma homenagem em vida, para al\u00e9m do que tinha sido feito. Para al\u00e9m da exposi\u00e7\u00e3o, para al\u00e9m do livro que \u00e9 extraordin\u00e1rio (talvez o melhor livro que j\u00e1 se escreveu sobre um toureiro, que se fez em Portugal). Porque n\u00e3o \u00e9 um livro sobre coisas menores, \u00e9 sobre a tauromaquia de Jos\u00e9 J\u00falio, e o Jos\u00e9 J\u00falio tem uma tauromaquia que tem valor mundial. Depois disso faltava ainda alguma coisa, e a primeira \u00e9 exactamente um busto, que acabou por acontecer aqui. Reunimos, pens\u00e1mos como hav\u00edamos de fazer, fomos falar com o presidente da c\u00e2mara que rapidamente anuiu<\/strong><\/em>\u201d.<\/p>\n<p align=\"justify\">Lu\u00eds Capucha revelou ainda que n\u00e3o foi \u201c<em><strong>absolutamente nada<\/strong><\/em>\u201d dif\u00edcil convencer Alberto Mesquita, at\u00e9 porque \u201c<em><strong>esta era a homenagem ao primeiro matador de touros de Vila Franca de Xira mas tamb\u00e9m representante de todos os outros que se lhe seguiram, e essa garantia era dada pela presen\u00e7a na comiss\u00e3o do Osvaldo Falc\u00e3o, que \u00e9 o representante do Jos\u00e9 Falc\u00e3o e portanto esta homenagem ia directa n\u00e3o s\u00f3 para o Jos\u00e9 J\u00falio mas para todos os que se lhe seguiram. Portanto n\u00e3o houve dificuldade nenhuma nessa perspectiva, a dificuldade seguinte era \u2018quem vai realizar o busto?\u2019 E a\u00ed tivemos a ajuda do Vitor Escudero para encontrar o escultor ideal, tem obra vast\u00edssima do ponto de vista taurino, espalhada por todo o mundo e com grande relevo. De facto, \u00e9 um escultor extraordin\u00e1rio, professor de escultura na Universidade de Sevilha, que por sorte, tamb\u00e9m anuiu e aderiu \u00e0 iniciativa, porque ainda por cima o pai dele era um grande amigo de Jos\u00e9 J\u00falio. E portanto, ele fez um pre\u00e7o absolutamente extraordin\u00e1rio, n\u00e3o s\u00f3 porque estava a criar uma obra art\u00edstica do gosto dele mas estava tamb\u00e9m a homenagear o pai. O busto, n\u00e3o se v\u00ea daqui de baixo mas tem um segredo que \u00e9 uma homenagem ao pai do Alberto German<\/strong><\/em>\u201d<\/p>\n<p align=\"justify\">\u201c<em><b>Portanto tudo isso foi f\u00e1cil, o mais dif\u00edcil\u00a0eu vou-lhe dizer mas n\u00e3o digo mais do que isto: foi quando algumas pessoas em Vila Franca come\u00e7aram a p\u00f4r alguns pauzinhos na engrenagem e tentando pelas raz\u00f5es, que eu acho que n\u00e3o as melhores, criar\u00a0<\/b><\/em><b><i>dificuldades<\/i><\/b>\u201d acrescentou ainda, esclarecendo que \u201c<em><strong>de anti-taurinos n\u00e3o recebemos nenhuma press\u00e3o, dos habitantes de Vila Franca a ades\u00e3o est\u00e1 \u00e0 vista, esta pra\u00e7a est\u00e1 cheia, est\u00e1 aqui Vila Franca em peso. S\u00e3o aquelas coisas mesquinhas<\/strong><\/em>\u201d.<\/p>\n","protected":false},"excerpt":{"rendered":"<p>O Munic\u00edpio de Vila Franca de Xira prestou este s\u00e1bado, 2 de Fevereiro, homenagem ao matador e touros Jos\u00e9 J\u00falio, filho da terra. Junto do Mercado Municipal foi inaugurado um busto, da autoria de Alberto G\u00e9rman.<\/p>\n","protected":false},"author":2,"featured_media":52387,"comment_status":"open","ping_status":"closed","sticky":false,"template":"","format":"standard","meta":{"footnotes":""},"categories":[2,36,4123,7],"tags":[6516,785,160,2139],"class_list":["post-52386","post","type-post","status-publish","format-standard","has-post-thumbnail","hentry","category-cultura","category-destaque","category-reportagens-actualidade","category-tauromaquia","tag-jose-julio","tag-ribatejo","tag-tauromaquia","tag-vila-franca-de-xira"],"yoast_head":"<!-- This site is optimized with the Yoast SEO plugin v27.4 - https:\/\/yoast.com\/product\/yoast-seo-wordpress\/ -->\n<title>Vila Franca de Xira rendeu homenagem ao matador de touros Jos\u00e9 J\u00falio | Infocul.pt - Arquivo Digital<\/title>\n<meta name=\"description\" content=\"Vila Franca de Xira rendeu homenagem ao matador de touros Jos\u00e9 J\u00falio | Infocul.pt - Arquivo Digital\" \/>\n<meta name=\"robots\" content=\"noindex, follow, max-snippet:-1, max-image-preview:large, max-video-preview:-1\" \/>\n<meta property=\"og:locale\" content=\"pt_PT\" \/>\n<meta property=\"og:type\" content=\"article\" \/>\n<meta property=\"og:title\" content=\"Vila Franca de Xira rendeu homenagem ao matador de touros Jos\u00e9 J\u00falio | Infocul.pt - Arquivo Digital\" \/>\n<meta property=\"og:description\" content=\"Vila Franca de Xira rendeu homenagem ao matador de touros Jos\u00e9 J\u00falio | Infocul.pt - Arquivo Digital\" \/>\n<meta property=\"og:url\" content=\"https:\/\/infocul.pt\/arquivo\/cultura\/vila-franca-de-xira-rendeu-homenagem-ao-matador-de-touros-jose-julio\/\" \/>\n<meta property=\"og:site_name\" content=\"Infocul.pt - Arquivo Digital\" \/>\n<meta property=\"article:publisher\" content=\"https:\/\/www.facebook.com\/Infocul-147816815585015\/\" \/>\n<meta property=\"article:published_time\" content=\"2019-02-02T20:40:46+00:00\" \/>\n<meta property=\"article:modified_time\" content=\"2019-02-02T20:45:05+00:00\" \/>\n<meta property=\"og:image\" content=\"https:\/\/infocul.pt\/arquivo\/wp-content\/uploads\/2019\/02\/IMG_20190202_203516-e1549139805165.jpg\" \/>\n\t<meta property=\"og:image:width\" content=\"800\" \/>\n\t<meta property=\"og:image:height\" content=\"600\" \/>\n\t<meta property=\"og:image:type\" content=\"image\/jpeg\" \/>\n<meta name=\"author\" content=\"Rui Lavrador\" \/>\n<meta name=\"twitter:card\" content=\"summary_large_image\" \/>\n<meta name=\"twitter:creator\" content=\"@Infoculpt\" \/>\n<meta name=\"twitter:site\" content=\"@Infoculpt\" \/>\n<meta name=\"twitter:label1\" content=\"Escrito por\" \/>\n\t<meta name=\"twitter:data1\" content=\"Rui Lavrador\" \/>\n\t<meta name=\"twitter:label2\" content=\"Tempo estimado de leitura\" \/>\n\t<meta name=\"twitter:data2\" content=\"4 minutos\" \/>\n<script type=\"application\/ld+json\" class=\"yoast-schema-graph\">{\"@context\":\"https:\\\/\\\/schema.org\",\"@graph\":[{\"@type\":\"Article\",\"@id\":\"https:\\\/\\\/infocul.pt\\\/arquivo\\\/cultura\\\/vila-franca-de-xira-rendeu-homenagem-ao-matador-de-touros-jose-julio\\\/#article\",\"isPartOf\":{\"@id\":\"https:\\\/\\\/infocul.pt\\\/arquivo\\\/cultura\\\/vila-franca-de-xira-rendeu-homenagem-ao-matador-de-touros-jose-julio\\\/\"},\"author\":{\"name\":\"Rui Lavrador\",\"@id\":\"https:\\\/\\\/infocul.pt\\\/arquivo\\\/#\\\/schema\\\/person\\\/060a108d7f2d85fc6aae505119ee5234\"},\"headline\":\"Vila Franca de Xira rendeu homenagem ao matador de touros Jos\u00e9 J\u00falio\",\"datePublished\":\"2019-02-02T20:40:46+00:00\",\"dateModified\":\"2019-02-02T20:45:05+00:00\",\"mainEntityOfPage\":{\"@id\":\"https:\\\/\\\/infocul.pt\\\/arquivo\\\/cultura\\\/vila-franca-de-xira-rendeu-homenagem-ao-matador-de-touros-jose-julio\\\/\"},\"wordCount\":724,\"commentCount\":0,\"publisher\":{\"@id\":\"https:\\\/\\\/infocul.pt\\\/arquivo\\\/#organization\"},\"image\":{\"@id\":\"https:\\\/\\\/infocul.pt\\\/arquivo\\\/cultura\\\/vila-franca-de-xira-rendeu-homenagem-ao-matador-de-touros-jose-julio\\\/#primaryimage\"},\"thumbnailUrl\":\"https:\\\/\\\/infocul.pt\\\/arquivo\\\/wp-content\\\/uploads\\\/2019\\\/02\\\/IMG_20190202_203516-e1549139805165.jpg\",\"keywords\":[\"Jos\u00e9 J\u00falio\",\"Ribatejo\",\"Tauromaquia\",\"Vila Franca de Xira\"],\"articleSection\":[\"Cultura\",\"Destaque\",\"Reportagens\",\"Tauromaquia\"],\"inLanguage\":\"pt-PT\"},{\"@type\":\"WebPage\",\"@id\":\"https:\\\/\\\/infocul.pt\\\/arquivo\\\/cultura\\\/vila-franca-de-xira-rendeu-homenagem-ao-matador-de-touros-jose-julio\\\/\",\"url\":\"https:\\\/\\\/infocul.pt\\\/arquivo\\\/cultura\\\/vila-franca-de-xira-rendeu-homenagem-ao-matador-de-touros-jose-julio\\\/\",\"name\":\"Vila Franca de Xira rendeu homenagem ao matador de touros Jos\u00e9 J\u00falio | Infocul.pt - Arquivo Digital\",\"isPartOf\":{\"@id\":\"https:\\\/\\\/infocul.pt\\\/arquivo\\\/#website\"},\"primaryImageOfPage\":{\"@id\":\"https:\\\/\\\/infocul.pt\\\/arquivo\\\/cultura\\\/vila-franca-de-xira-rendeu-homenagem-ao-matador-de-touros-jose-julio\\\/#primaryimage\"},\"image\":{\"@id\":\"https:\\\/\\\/infocul.pt\\\/arquivo\\\/cultura\\\/vila-franca-de-xira-rendeu-homenagem-ao-matador-de-touros-jose-julio\\\/#primaryimage\"},\"thumbnailUrl\":\"https:\\\/\\\/infocul.pt\\\/arquivo\\\/wp-content\\\/uploads\\\/2019\\\/02\\\/IMG_20190202_203516-e1549139805165.jpg\",\"datePublished\":\"2019-02-02T20:40:46+00:00\",\"dateModified\":\"2019-02-02T20:45:05+00:00\",\"description\":\"Vila Franca de Xira rendeu homenagem ao matador de touros Jos\u00e9 J\u00falio | Infocul.pt - Arquivo Digital\",\"breadcrumb\":{\"@id\":\"https:\\\/\\\/infocul.pt\\\/arquivo\\\/cultura\\\/vila-franca-de-xira-rendeu-homenagem-ao-matador-de-touros-jose-julio\\\/#breadcrumb\"},\"inLanguage\":\"pt-PT\",\"potentialAction\":[{\"@type\":\"ReadAction\",\"target\":[\"https:\\\/\\\/infocul.pt\\\/arquivo\\\/cultura\\\/vila-franca-de-xira-rendeu-homenagem-ao-matador-de-touros-jose-julio\\\/\"]}]},{\"@type\":\"ImageObject\",\"inLanguage\":\"pt-PT\",\"@id\":\"https:\\\/\\\/infocul.pt\\\/arquivo\\\/cultura\\\/vila-franca-de-xira-rendeu-homenagem-ao-matador-de-touros-jose-julio\\\/#primaryimage\",\"url\":\"https:\\\/\\\/infocul.pt\\\/arquivo\\\/wp-content\\\/uploads\\\/2019\\\/02\\\/IMG_20190202_203516-e1549139805165.jpg\",\"contentUrl\":\"https:\\\/\\\/infocul.pt\\\/arquivo\\\/wp-content\\\/uploads\\\/2019\\\/02\\\/IMG_20190202_203516-e1549139805165.jpg\",\"width\":800,\"height\":600,\"caption\":\"sdr\"},{\"@type\":\"BreadcrumbList\",\"@id\":\"https:\\\/\\\/infocul.pt\\\/arquivo\\\/cultura\\\/vila-franca-de-xira-rendeu-homenagem-ao-matador-de-touros-jose-julio\\\/#breadcrumb\",\"itemListElement\":[{\"@type\":\"ListItem\",\"position\":1,\"name\":\"Home\",\"item\":\"https:\\\/\\\/infocul.pt\\\/arquivo\\\/\"},{\"@type\":\"ListItem\",\"position\":2,\"name\":\"Vila Franca de Xira rendeu homenagem ao matador de touros Jos\u00e9 J\u00falio\"}]},{\"@type\":\"WebSite\",\"@id\":\"https:\\\/\\\/infocul.pt\\\/arquivo\\\/#website\",\"url\":\"https:\\\/\\\/infocul.pt\\\/arquivo\\\/\",\"name\":\"Infocul.pt - Arquivo Digital\",\"description\":\"Arquivo digital da Infocul.pt\",\"publisher\":{\"@id\":\"https:\\\/\\\/infocul.pt\\\/arquivo\\\/#organization\"},\"potentialAction\":[{\"@type\":\"SearchAction\",\"target\":{\"@type\":\"EntryPoint\",\"urlTemplate\":\"https:\\\/\\\/infocul.pt\\\/arquivo\\\/?s={search_term_string}\"},\"query-input\":{\"@type\":\"PropertyValueSpecification\",\"valueRequired\":true,\"valueName\":\"search_term_string\"}}],\"inLanguage\":\"pt-PT\"},{\"@type\":\"Organization\",\"@id\":\"https:\\\/\\\/infocul.pt\\\/arquivo\\\/#organization\",\"name\":\"Infocul.pt\",\"url\":\"https:\\\/\\\/infocul.pt\\\/arquivo\\\/\",\"logo\":{\"@type\":\"ImageObject\",\"inLanguage\":\"pt-PT\",\"@id\":\"https:\\\/\\\/infocul.pt\\\/arquivo\\\/#\\\/schema\\\/logo\\\/image\\\/\",\"url\":\"https:\\\/\\\/infocul.pt\\\/arquivo\\\/wp-content\\\/uploads\\\/2018\\\/12\\\/Infocul_logo-1.png\",\"contentUrl\":\"https:\\\/\\\/infocul.pt\\\/arquivo\\\/wp-content\\\/uploads\\\/2018\\\/12\\\/Infocul_logo-1.png\",\"width\":800,\"height\":800,\"caption\":\"Infocul.pt\"},\"image\":{\"@id\":\"https:\\\/\\\/infocul.pt\\\/arquivo\\\/#\\\/schema\\\/logo\\\/image\\\/\"},\"sameAs\":[\"https:\\\/\\\/www.facebook.com\\\/Infocul-147816815585015\\\/\",\"https:\\\/\\\/x.com\\\/Infoculpt\",\"http:\\\/\\\/www.pictaram.com\\\/user\\\/infocul.pt\\\/2370423710\",\"https:\\\/\\\/www.youtube.com\\\/channel\\\/UCYEB91AGI9FL9ek2i_IaQAA\"]},{\"@type\":\"Person\",\"@id\":\"https:\\\/\\\/infocul.pt\\\/arquivo\\\/#\\\/schema\\\/person\\\/060a108d7f2d85fc6aae505119ee5234\",\"name\":\"Rui Lavrador\",\"image\":{\"@type\":\"ImageObject\",\"inLanguage\":\"pt-PT\",\"@id\":\"https:\\\/\\\/secure.gravatar.com\\\/avatar\\\/93febd6873394aa8e975148548a0cb203acfdd42d2c85c5f1408e1a76678aece?s=96&d=mm&r=g\",\"url\":\"https:\\\/\\\/secure.gravatar.com\\\/avatar\\\/93febd6873394aa8e975148548a0cb203acfdd42d2c85c5f1408e1a76678aece?s=96&d=mm&r=g\",\"contentUrl\":\"https:\\\/\\\/secure.gravatar.com\\\/avatar\\\/93febd6873394aa8e975148548a0cb203acfdd42d2c85c5f1408e1a76678aece?s=96&d=mm&r=g\",\"caption\":\"Rui Lavrador\"},\"description\":\"Iniciou em 2011 o seu percurso em comunica\u00e7\u00e3o social, tendo integrado v\u00e1rios projectos editoriais. Durante o seu percurso integrou projectos como Jornal Hardm\u00fasica, LusoNot\u00edcias, Toureio.pt, ODigital.pt, entre outros \u00d3rg\u00e3os de Comunica\u00e7\u00e3o Social nacionais, na redac\u00e7\u00e3o de v\u00e1rios artigos. Entrevistou a grande maioria das personalidades mais importantes da vida social e cultural do pa\u00eds, destacando-se, tamb\u00e9m, na aprecia\u00e7\u00e3o de v\u00e1rios espect\u00e1culos. Durante o seu percurso, deu a conhecer v\u00e1rios artistas, at\u00e9 ent\u00e3o desconhecidos, ao grande p\u00fablico. Em 2015 criou e fundou o Infocul.pt, projecto no qual assume a direc\u00e7\u00e3o editorial.\",\"sameAs\":[\"http:\\\/\\\/www.infocul.pt\"]}]}<\/script>\n<!-- \/ Yoast SEO plugin. -->","yoast_head_json":{"title":"Vila Franca de Xira rendeu homenagem ao matador de touros Jos\u00e9 J\u00falio | Infocul.pt - Arquivo Digital","description":"Vila Franca de Xira rendeu homenagem ao matador de touros Jos\u00e9 J\u00falio | Infocul.pt - Arquivo Digital","robots":{"index":"noindex","follow":"follow","max-snippet":"max-snippet:-1","max-image-preview":"max-image-preview:large","max-video-preview":"max-video-preview:-1"},"og_locale":"pt_PT","og_type":"article","og_title":"Vila Franca de Xira rendeu homenagem ao matador de touros Jos\u00e9 J\u00falio | Infocul.pt - Arquivo Digital","og_description":"Vila Franca de Xira rendeu homenagem ao matador de touros Jos\u00e9 J\u00falio | Infocul.pt - Arquivo Digital","og_url":"https:\/\/infocul.pt\/arquivo\/cultura\/vila-franca-de-xira-rendeu-homenagem-ao-matador-de-touros-jose-julio\/","og_site_name":"Infocul.pt - Arquivo Digital","article_publisher":"https:\/\/www.facebook.com\/Infocul-147816815585015\/","article_published_time":"2019-02-02T20:40:46+00:00","article_modified_time":"2019-02-02T20:45:05+00:00","og_image":[{"width":800,"height":600,"url":"https:\/\/infocul.pt\/arquivo\/wp-content\/uploads\/2019\/02\/IMG_20190202_203516-e1549139805165.jpg","type":"image\/jpeg"}],"author":"Rui Lavrador","twitter_card":"summary_large_image","twitter_creator":"@Infoculpt","twitter_site":"@Infoculpt","twitter_misc":{"Escrito por":"Rui Lavrador","Tempo estimado de leitura":"4 minutos"},"schema":{"@context":"https:\/\/schema.org","@graph":[{"@type":"Article","@id":"https:\/\/infocul.pt\/arquivo\/cultura\/vila-franca-de-xira-rendeu-homenagem-ao-matador-de-touros-jose-julio\/#article","isPartOf":{"@id":"https:\/\/infocul.pt\/arquivo\/cultura\/vila-franca-de-xira-rendeu-homenagem-ao-matador-de-touros-jose-julio\/"},"author":{"name":"Rui Lavrador","@id":"https:\/\/infocul.pt\/arquivo\/#\/schema\/person\/060a108d7f2d85fc6aae505119ee5234"},"headline":"Vila Franca de Xira rendeu homenagem ao matador de touros Jos\u00e9 J\u00falio","datePublished":"2019-02-02T20:40:46+00:00","dateModified":"2019-02-02T20:45:05+00:00","mainEntityOfPage":{"@id":"https:\/\/infocul.pt\/arquivo\/cultura\/vila-franca-de-xira-rendeu-homenagem-ao-matador-de-touros-jose-julio\/"},"wordCount":724,"commentCount":0,"publisher":{"@id":"https:\/\/infocul.pt\/arquivo\/#organization"},"image":{"@id":"https:\/\/infocul.pt\/arquivo\/cultura\/vila-franca-de-xira-rendeu-homenagem-ao-matador-de-touros-jose-julio\/#primaryimage"},"thumbnailUrl":"https:\/\/infocul.pt\/arquivo\/wp-content\/uploads\/2019\/02\/IMG_20190202_203516-e1549139805165.jpg","keywords":["Jos\u00e9 J\u00falio","Ribatejo","Tauromaquia","Vila Franca de Xira"],"articleSection":["Cultura","Destaque","Reportagens","Tauromaquia"],"inLanguage":"pt-PT"},{"@type":"WebPage","@id":"https:\/\/infocul.pt\/arquivo\/cultura\/vila-franca-de-xira-rendeu-homenagem-ao-matador-de-touros-jose-julio\/","url":"https:\/\/infocul.pt\/arquivo\/cultura\/vila-franca-de-xira-rendeu-homenagem-ao-matador-de-touros-jose-julio\/","name":"Vila Franca de Xira rendeu homenagem ao matador de touros Jos\u00e9 J\u00falio | Infocul.pt - Arquivo Digital","isPartOf":{"@id":"https:\/\/infocul.pt\/arquivo\/#website"},"primaryImageOfPage":{"@id":"https:\/\/infocul.pt\/arquivo\/cultura\/vila-franca-de-xira-rendeu-homenagem-ao-matador-de-touros-jose-julio\/#primaryimage"},"image":{"@id":"https:\/\/infocul.pt\/arquivo\/cultura\/vila-franca-de-xira-rendeu-homenagem-ao-matador-de-touros-jose-julio\/#primaryimage"},"thumbnailUrl":"https:\/\/infocul.pt\/arquivo\/wp-content\/uploads\/2019\/02\/IMG_20190202_203516-e1549139805165.jpg","datePublished":"2019-02-02T20:40:46+00:00","dateModified":"2019-02-02T20:45:05+00:00","description":"Vila Franca de Xira rendeu homenagem ao matador de touros Jos\u00e9 J\u00falio | Infocul.pt - Arquivo Digital","breadcrumb":{"@id":"https:\/\/infocul.pt\/arquivo\/cultura\/vila-franca-de-xira-rendeu-homenagem-ao-matador-de-touros-jose-julio\/#breadcrumb"},"inLanguage":"pt-PT","potentialAction":[{"@type":"ReadAction","target":["https:\/\/infocul.pt\/arquivo\/cultura\/vila-franca-de-xira-rendeu-homenagem-ao-matador-de-touros-jose-julio\/"]}]},{"@type":"ImageObject","inLanguage":"pt-PT","@id":"https:\/\/infocul.pt\/arquivo\/cultura\/vila-franca-de-xira-rendeu-homenagem-ao-matador-de-touros-jose-julio\/#primaryimage","url":"https:\/\/infocul.pt\/arquivo\/wp-content\/uploads\/2019\/02\/IMG_20190202_203516-e1549139805165.jpg","contentUrl":"https:\/\/infocul.pt\/arquivo\/wp-content\/uploads\/2019\/02\/IMG_20190202_203516-e1549139805165.jpg","width":800,"height":600,"caption":"sdr"},{"@type":"BreadcrumbList","@id":"https:\/\/infocul.pt\/arquivo\/cultura\/vila-franca-de-xira-rendeu-homenagem-ao-matador-de-touros-jose-julio\/#breadcrumb","itemListElement":[{"@type":"ListItem","position":1,"name":"Home","item":"https:\/\/infocul.pt\/arquivo\/"},{"@type":"ListItem","position":2,"name":"Vila Franca de Xira rendeu homenagem ao matador de touros Jos\u00e9 J\u00falio"}]},{"@type":"WebSite","@id":"https:\/\/infocul.pt\/arquivo\/#website","url":"https:\/\/infocul.pt\/arquivo\/","name":"Infocul.pt - Arquivo Digital","description":"Arquivo digital da Infocul.pt","publisher":{"@id":"https:\/\/infocul.pt\/arquivo\/#organization"},"potentialAction":[{"@type":"SearchAction","target":{"@type":"EntryPoint","urlTemplate":"https:\/\/infocul.pt\/arquivo\/?s={search_term_string}"},"query-input":{"@type":"PropertyValueSpecification","valueRequired":true,"valueName":"search_term_string"}}],"inLanguage":"pt-PT"},{"@type":"Organization","@id":"https:\/\/infocul.pt\/arquivo\/#organization","name":"Infocul.pt","url":"https:\/\/infocul.pt\/arquivo\/","logo":{"@type":"ImageObject","inLanguage":"pt-PT","@id":"https:\/\/infocul.pt\/arquivo\/#\/schema\/logo\/image\/","url":"https:\/\/infocul.pt\/arquivo\/wp-content\/uploads\/2018\/12\/Infocul_logo-1.png","contentUrl":"https:\/\/infocul.pt\/arquivo\/wp-content\/uploads\/2018\/12\/Infocul_logo-1.png","width":800,"height":800,"caption":"Infocul.pt"},"image":{"@id":"https:\/\/infocul.pt\/arquivo\/#\/schema\/logo\/image\/"},"sameAs":["https:\/\/www.facebook.com\/Infocul-147816815585015\/","https:\/\/x.com\/Infoculpt","http:\/\/www.pictaram.com\/user\/infocul.pt\/2370423710","https:\/\/www.youtube.com\/channel\/UCYEB91AGI9FL9ek2i_IaQAA"]},{"@type":"Person","@id":"https:\/\/infocul.pt\/arquivo\/#\/schema\/person\/060a108d7f2d85fc6aae505119ee5234","name":"Rui Lavrador","image":{"@type":"ImageObject","inLanguage":"pt-PT","@id":"https:\/\/secure.gravatar.com\/avatar\/93febd6873394aa8e975148548a0cb203acfdd42d2c85c5f1408e1a76678aece?s=96&d=mm&r=g","url":"https:\/\/secure.gravatar.com\/avatar\/93febd6873394aa8e975148548a0cb203acfdd42d2c85c5f1408e1a76678aece?s=96&d=mm&r=g","contentUrl":"https:\/\/secure.gravatar.com\/avatar\/93febd6873394aa8e975148548a0cb203acfdd42d2c85c5f1408e1a76678aece?s=96&d=mm&r=g","caption":"Rui Lavrador"},"description":"Iniciou em 2011 o seu percurso em comunica\u00e7\u00e3o social, tendo integrado v\u00e1rios projectos editoriais. Durante o seu percurso integrou projectos como Jornal Hardm\u00fasica, LusoNot\u00edcias, Toureio.pt, ODigital.pt, entre outros \u00d3rg\u00e3os de Comunica\u00e7\u00e3o Social nacionais, na redac\u00e7\u00e3o de v\u00e1rios artigos. Entrevistou a grande maioria das personalidades mais importantes da vida social e cultural do pa\u00eds, destacando-se, tamb\u00e9m, na aprecia\u00e7\u00e3o de v\u00e1rios espect\u00e1culos. Durante o seu percurso, deu a conhecer v\u00e1rios artistas, at\u00e9 ent\u00e3o desconhecidos, ao grande p\u00fablico. Em 2015 criou e fundou o Infocul.pt, projecto no qual assume a direc\u00e7\u00e3o editorial.","sameAs":["http:\/\/www.infocul.pt"]}]}},"_links":{"self":[{"href":"https:\/\/infocul.pt\/arquivo\/wp-json\/wp\/v2\/posts\/52386","targetHints":{"allow":["GET"]}}],"collection":[{"href":"https:\/\/infocul.pt\/arquivo\/wp-json\/wp\/v2\/posts"}],"about":[{"href":"https:\/\/infocul.pt\/arquivo\/wp-json\/wp\/v2\/types\/post"}],"author":[{"embeddable":true,"href":"https:\/\/infocul.pt\/arquivo\/wp-json\/wp\/v2\/users\/2"}],"replies":[{"embeddable":true,"href":"https:\/\/infocul.pt\/arquivo\/wp-json\/wp\/v2\/comments?post=52386"}],"version-history":[{"count":0,"href":"https:\/\/infocul.pt\/arquivo\/wp-json\/wp\/v2\/posts\/52386\/revisions"}],"wp:featuredmedia":[{"embeddable":true,"href":"https:\/\/infocul.pt\/arquivo\/wp-json\/wp\/v2\/media\/52387"}],"wp:attachment":[{"href":"https:\/\/infocul.pt\/arquivo\/wp-json\/wp\/v2\/media?parent=52386"}],"wp:term":[{"taxonomy":"category","embeddable":true,"href":"https:\/\/infocul.pt\/arquivo\/wp-json\/wp\/v2\/categories?post=52386"},{"taxonomy":"post_tag","embeddable":true,"href":"https:\/\/infocul.pt\/arquivo\/wp-json\/wp\/v2\/tags?post=52386"}],"curies":[{"name":"wp","href":"https:\/\/api.w.org\/{rel}","templated":true}]}}