{"id":52392,"date":"2019-02-02T22:06:09","date_gmt":"2019-02-02T22:06:09","guid":{"rendered":"https:\/\/infocul.pt\/?p=52392"},"modified":"2019-02-02T22:06:09","modified_gmt":"2019-02-02T22:06:09","slug":"luis-capucha-projecto-para-a-candidatura-da-tauromaquia-a-patrimonio-imaterial-cultural-de-portugal-devera-estar-pronto-no-final-deste-ano","status":"publish","type":"post","link":"https:\/\/infocul.pt\/arquivo\/cultura\/luis-capucha-projecto-para-a-candidatura-da-tauromaquia-a-patrimonio-imaterial-cultural-de-portugal-devera-estar-pronto-no-final-deste-ano\/","title":{"rendered":"Lu\u00eds Capucha: &#8220;Projecto para a candidatura da Tauromaquia a Patrim\u00f3nio Imaterial Cultural de Portugal dever\u00e1 estar pronto no final deste ano&#8221;"},"content":{"rendered":"<p align=\"justify\"><img decoding=\"async\" class=\"aligncenter wp-image-52393 size-full lazyload\" data-src=\"https:\/\/infocul.pt\/arquivo\/wp-content\/uploads\/2019\/02\/luis-capucha1-e1549145046507.jpg\" alt=\"\" width=\"800\" height=\"533\" src=\"data:image\/svg+xml;base64,PHN2ZyB3aWR0aD0iMSIgaGVpZ2h0PSIxIiB4bWxucz0iaHR0cDovL3d3dy53My5vcmcvMjAwMC9zdmciPjwvc3ZnPg==\" style=\"--smush-placeholder-width: 800px; --smush-placeholder-aspect-ratio: 800\/533;\" \/><\/p>\n<p align=\"justify\">\n<p align=\"justify\">\n<p align=\"justify\">\n<p align=\"justify\">No final da <a href=\"https:\/\/infocul.pt\/arquivo\/cultura\/vila-franca-de-xira-rendeu-homenagem-ao-matador-de-touros-jose-julio\/\" target=\"_blank\" rel=\"noopener\">inaugura\u00e7\u00e3o do busto em homenagem a Jos\u00e9 J\u00falio, em Vila Franca de Xira<\/a>, Lu\u00eds Capucha falou com o Infocul e explicou o que est\u00e1 a ser feito para a candidatura da tauromaquia a Patrim\u00f3nio Imaterial Cultural de Portugal.<!--more--><\/p>\n<p align=\"justify\">\u201c<em><strong>Neste momento estamos a preparar a candidatura da Tauromaquia a Patrim\u00f3nio Imaterial Cultural de Portugal<\/strong><\/em>\u201d, come\u00e7ou por nos revelar, acrescentando que \u201c<strong><em>o projecto est\u00e1 em curso, agrade\u00e7o-lhe ali\u00e1s, se puder divulgar toda a gente que tenha fotografias, filmes, v\u00eddeos de tert\u00falias, livros, o que for, enviem para o endere\u00e7o<\/em> <a href=\"mailto:tpatrimoniocp.cies@iscte-iul.pt\">tpatrimoniocp.cies@iscte-iul.pt<\/a> , este \u00e9 o endere\u00e7o da equipa que est\u00e1 a trabalhar nesse projecto. A equipa sou eu que coordeno, porque fui eu que coordenei, tamb\u00e9m, o projecto que se candidatou ao Or\u00e7amento Participativo do Governo e que saiu vencedor, e portanto com base no protocolo entre o ISCTE e a Direc\u00e7\u00e3o Geral do Patrim\u00f3nio Cultural, fui designado coordenador dessa equipa<\/strong>\u201d.<\/p>\n<p align=\"justify\">Explicou que \u201c<em><strong>estamos a terminar esse trabalho que dever\u00e1 estar conclu\u00eddo no final deste ano. Um trabalho \u00e1rduo porque a tauromaquia tem um patrim\u00f3nio vast\u00edssimo, \u00e9 quase como o Fado\u2026 E o Fado j\u00e1 \u00e9 patrim\u00f3nio imaterial da Humanidade<\/strong><\/em>\u201d, relembrando que \u201c<em><strong>n\u00f3s j\u00e1 estamos a alguns anos a trabalhar nisto, porque o esp\u00f3lio \u00e9 enorme, \u00e9 vast\u00edssimo. Eu diria que \u00e9 quase infinito, porque encontramos sempre mais uma coisa. Mas o projecto para a candidatura da Tauromaquia a Patrim\u00f3nio Imaterial Cultural de Portugal dever\u00e1 estar pronto no final deste ano e depois iremos junto com Espanha, Fran\u00e7a e outros, actuar junto da UNESCO, que ser\u00e1 uma outra batalha, um passo a seguir. Mas temos de ir passo a passo<\/strong><\/em>\u201d.<\/p>\n<p align=\"justify\">Quando questionado se em 2020 a Tauromaquia poderia j\u00e1 estar inserida na lista nacional, defendeu-se afirmando que \u201c<em><strong>isso j\u00e1 n\u00e3o vai depender de n\u00f3s, vai depender da an\u00e1lise que for feita pelo Patrim\u00f3nio Imaterial Cultural e eu penso que isso \u00e9 poss\u00edvel porque o trabalho que estamos a fazer \u00e9 um trabalho profissional, bem feito e com todos os requisitos para sermos reconhecidos<\/strong><\/em>\u201d.<\/p>\n<p align=\"justify\">\n<p align=\"justify\">Texto e Entrevista: Rui Lavrador<br \/>\nFotografia: <a href=\"https:\/\/www.facebook.com\/vilafranca.xira.7?__tn__=%2CdlC-R-R&amp;eid=ARDFTzwh1uzn37ZC0NzPUCHjIQBBGk3bGOxXbDxh99UBbmzEgxi2DS8B15N2g9FadMz8rkBiKiWTgVGL&amp;hc_ref=ARTwv6Ht0D-IpZWIOAXyyKho5MbFSKlpp6GxHNIcUSuZOf2_kIgfpkHwjRlHXVdqSgw\" target=\"_blank\" rel=\"noopener\">Vila Franca de Xira<\/a><\/p>\n","protected":false},"excerpt":{"rendered":"<p>No final da inaugura\u00e7\u00e3o do busto em homenagem a Jos\u00e9 J\u00falio, em Vila Franca de Xira, Lu\u00eds Capucha falou com o Infocul e explicou o que est\u00e1 a ser feito para a candidatura da tauromaquia a Patrim\u00f3nio Imaterial Cultural de Portugal.<\/p>\n","protected":false},"author":2,"featured_media":52393,"comment_status":"open","ping_status":"closed","sticky":false,"template":"","format":"standard","meta":{"footnotes":""},"categories":[2,36,4124,7],"tags":[5301,160],"class_list":["post-52392","post","type-post","status-publish","format-standard","has-post-thumbnail","hentry","category-cultura","category-destaque","category-entrevistas","category-tauromaquia","tag-luis-capucha","tag-tauromaquia"],"yoast_head":"<!-- This site is optimized with the Yoast SEO plugin v27.4 - https:\/\/yoast.com\/product\/yoast-seo-wordpress\/ -->\n<title>Lu\u00eds Capucha: &quot;Projecto para a candidatura da Tauromaquia a Patrim\u00f3nio Imaterial Cultural de Portugal dever\u00e1 estar pronto no final deste ano&quot; | Infocul.pt - Arquivo Digital<\/title>\n<meta name=\"description\" content=\"Lu\u00eds Capucha: &quot;Projecto para a candidatura da Tauromaquia a Patrim\u00f3nio Imaterial Cultural de Portugal dever\u00e1 estar pronto no final deste ano&quot; | Infocul.pt - Arquivo Digital\" \/>\n<meta name=\"robots\" content=\"noindex, follow, max-snippet:-1, max-image-preview:large, max-video-preview:-1\" \/>\n<meta property=\"og:locale\" content=\"pt_PT\" \/>\n<meta property=\"og:type\" content=\"article\" \/>\n<meta property=\"og:title\" content=\"Lu\u00eds Capucha: &quot;Projecto para a candidatura da Tauromaquia a Patrim\u00f3nio Imaterial Cultural de Portugal dever\u00e1 estar pronto no final deste ano&quot; | Infocul.pt - Arquivo Digital\" \/>\n<meta property=\"og:description\" content=\"Lu\u00eds Capucha: &quot;Projecto para a candidatura da Tauromaquia a Patrim\u00f3nio Imaterial Cultural de Portugal dever\u00e1 estar pronto no final deste ano&quot; | Infocul.pt - Arquivo Digital\" \/>\n<meta property=\"og:url\" content=\"https:\/\/infocul.pt\/arquivo\/cultura\/luis-capucha-projecto-para-a-candidatura-da-tauromaquia-a-patrimonio-imaterial-cultural-de-portugal-devera-estar-pronto-no-final-deste-ano\/\" \/>\n<meta property=\"og:site_name\" content=\"Infocul.pt - Arquivo Digital\" \/>\n<meta property=\"article:publisher\" content=\"https:\/\/www.facebook.com\/Infocul-147816815585015\/\" \/>\n<meta property=\"article:published_time\" content=\"2019-02-02T22:06:09+00:00\" \/>\n<meta property=\"og:image\" content=\"https:\/\/infocul.pt\/arquivo\/wp-content\/uploads\/2019\/02\/luis-capucha1-e1549145046507.jpg\" \/>\n\t<meta property=\"og:image:width\" content=\"800\" \/>\n\t<meta property=\"og:image:height\" content=\"533\" \/>\n\t<meta property=\"og:image:type\" content=\"image\/jpeg\" \/>\n<meta name=\"author\" content=\"Rui Lavrador\" \/>\n<meta name=\"twitter:card\" content=\"summary_large_image\" \/>\n<meta name=\"twitter:creator\" content=\"@Infoculpt\" \/>\n<meta name=\"twitter:site\" content=\"@Infoculpt\" \/>\n<meta name=\"twitter:label1\" content=\"Escrito por\" \/>\n\t<meta name=\"twitter:data1\" content=\"Rui Lavrador\" \/>\n\t<meta name=\"twitter:label2\" content=\"Tempo estimado de leitura\" \/>\n\t<meta name=\"twitter:data2\" content=\"2 minutos\" \/>\n<script type=\"application\/ld+json\" class=\"yoast-schema-graph\">{\"@context\":\"https:\\\/\\\/schema.org\",\"@graph\":[{\"@type\":\"Article\",\"@id\":\"https:\\\/\\\/infocul.pt\\\/arquivo\\\/cultura\\\/luis-capucha-projecto-para-a-candidatura-da-tauromaquia-a-patrimonio-imaterial-cultural-de-portugal-devera-estar-pronto-no-final-deste-ano\\\/#article\",\"isPartOf\":{\"@id\":\"https:\\\/\\\/infocul.pt\\\/arquivo\\\/cultura\\\/luis-capucha-projecto-para-a-candidatura-da-tauromaquia-a-patrimonio-imaterial-cultural-de-portugal-devera-estar-pronto-no-final-deste-ano\\\/\"},\"author\":{\"name\":\"Rui Lavrador\",\"@id\":\"https:\\\/\\\/infocul.pt\\\/arquivo\\\/#\\\/schema\\\/person\\\/060a108d7f2d85fc6aae505119ee5234\"},\"headline\":\"Lu\u00eds Capucha: &#8220;Projecto para a candidatura da Tauromaquia a Patrim\u00f3nio Imaterial Cultural de Portugal dever\u00e1 estar pronto no final deste ano&#8221;\",\"datePublished\":\"2019-02-02T22:06:09+00:00\",\"mainEntityOfPage\":{\"@id\":\"https:\\\/\\\/infocul.pt\\\/arquivo\\\/cultura\\\/luis-capucha-projecto-para-a-candidatura-da-tauromaquia-a-patrimonio-imaterial-cultural-de-portugal-devera-estar-pronto-no-final-deste-ano\\\/\"},\"wordCount\":389,\"commentCount\":0,\"publisher\":{\"@id\":\"https:\\\/\\\/infocul.pt\\\/arquivo\\\/#organization\"},\"image\":{\"@id\":\"https:\\\/\\\/infocul.pt\\\/arquivo\\\/cultura\\\/luis-capucha-projecto-para-a-candidatura-da-tauromaquia-a-patrimonio-imaterial-cultural-de-portugal-devera-estar-pronto-no-final-deste-ano\\\/#primaryimage\"},\"thumbnailUrl\":\"https:\\\/\\\/infocul.pt\\\/arquivo\\\/wp-content\\\/uploads\\\/2019\\\/02\\\/luis-capucha1-e1549145046507.jpg\",\"keywords\":[\"Luis Capucha\",\"Tauromaquia\"],\"articleSection\":[\"Cultura\",\"Destaque\",\"Entrevistas\",\"Tauromaquia\"],\"inLanguage\":\"pt-PT\"},{\"@type\":\"WebPage\",\"@id\":\"https:\\\/\\\/infocul.pt\\\/arquivo\\\/cultura\\\/luis-capucha-projecto-para-a-candidatura-da-tauromaquia-a-patrimonio-imaterial-cultural-de-portugal-devera-estar-pronto-no-final-deste-ano\\\/\",\"url\":\"https:\\\/\\\/infocul.pt\\\/arquivo\\\/cultura\\\/luis-capucha-projecto-para-a-candidatura-da-tauromaquia-a-patrimonio-imaterial-cultural-de-portugal-devera-estar-pronto-no-final-deste-ano\\\/\",\"name\":\"Lu\u00eds Capucha: \\\"Projecto para a candidatura da Tauromaquia a Patrim\u00f3nio Imaterial Cultural de Portugal dever\u00e1 estar pronto no final deste ano\\\" | Infocul.pt - Arquivo Digital\",\"isPartOf\":{\"@id\":\"https:\\\/\\\/infocul.pt\\\/arquivo\\\/#website\"},\"primaryImageOfPage\":{\"@id\":\"https:\\\/\\\/infocul.pt\\\/arquivo\\\/cultura\\\/luis-capucha-projecto-para-a-candidatura-da-tauromaquia-a-patrimonio-imaterial-cultural-de-portugal-devera-estar-pronto-no-final-deste-ano\\\/#primaryimage\"},\"image\":{\"@id\":\"https:\\\/\\\/infocul.pt\\\/arquivo\\\/cultura\\\/luis-capucha-projecto-para-a-candidatura-da-tauromaquia-a-patrimonio-imaterial-cultural-de-portugal-devera-estar-pronto-no-final-deste-ano\\\/#primaryimage\"},\"thumbnailUrl\":\"https:\\\/\\\/infocul.pt\\\/arquivo\\\/wp-content\\\/uploads\\\/2019\\\/02\\\/luis-capucha1-e1549145046507.jpg\",\"datePublished\":\"2019-02-02T22:06:09+00:00\",\"description\":\"Lu\u00eds Capucha: \\\"Projecto para a candidatura da Tauromaquia a Patrim\u00f3nio Imaterial Cultural de Portugal dever\u00e1 estar pronto no final deste ano\\\" | Infocul.pt - Arquivo Digital\",\"breadcrumb\":{\"@id\":\"https:\\\/\\\/infocul.pt\\\/arquivo\\\/cultura\\\/luis-capucha-projecto-para-a-candidatura-da-tauromaquia-a-patrimonio-imaterial-cultural-de-portugal-devera-estar-pronto-no-final-deste-ano\\\/#breadcrumb\"},\"inLanguage\":\"pt-PT\",\"potentialAction\":[{\"@type\":\"ReadAction\",\"target\":[\"https:\\\/\\\/infocul.pt\\\/arquivo\\\/cultura\\\/luis-capucha-projecto-para-a-candidatura-da-tauromaquia-a-patrimonio-imaterial-cultural-de-portugal-devera-estar-pronto-no-final-deste-ano\\\/\"]}]},{\"@type\":\"ImageObject\",\"inLanguage\":\"pt-PT\",\"@id\":\"https:\\\/\\\/infocul.pt\\\/arquivo\\\/cultura\\\/luis-capucha-projecto-para-a-candidatura-da-tauromaquia-a-patrimonio-imaterial-cultural-de-portugal-devera-estar-pronto-no-final-deste-ano\\\/#primaryimage\",\"url\":\"https:\\\/\\\/infocul.pt\\\/arquivo\\\/wp-content\\\/uploads\\\/2019\\\/02\\\/luis-capucha1-e1549145046507.jpg\",\"contentUrl\":\"https:\\\/\\\/infocul.pt\\\/arquivo\\\/wp-content\\\/uploads\\\/2019\\\/02\\\/luis-capucha1-e1549145046507.jpg\",\"width\":800,\"height\":533},{\"@type\":\"BreadcrumbList\",\"@id\":\"https:\\\/\\\/infocul.pt\\\/arquivo\\\/cultura\\\/luis-capucha-projecto-para-a-candidatura-da-tauromaquia-a-patrimonio-imaterial-cultural-de-portugal-devera-estar-pronto-no-final-deste-ano\\\/#breadcrumb\",\"itemListElement\":[{\"@type\":\"ListItem\",\"position\":1,\"name\":\"Home\",\"item\":\"https:\\\/\\\/infocul.pt\\\/arquivo\\\/\"},{\"@type\":\"ListItem\",\"position\":2,\"name\":\"Lu\u00eds Capucha: &#8220;Projecto para a candidatura da Tauromaquia a Patrim\u00f3nio Imaterial Cultural de Portugal dever\u00e1 estar pronto no final deste ano&#8221;\"}]},{\"@type\":\"WebSite\",\"@id\":\"https:\\\/\\\/infocul.pt\\\/arquivo\\\/#website\",\"url\":\"https:\\\/\\\/infocul.pt\\\/arquivo\\\/\",\"name\":\"Infocul.pt - Arquivo Digital\",\"description\":\"Arquivo digital da Infocul.pt\",\"publisher\":{\"@id\":\"https:\\\/\\\/infocul.pt\\\/arquivo\\\/#organization\"},\"potentialAction\":[{\"@type\":\"SearchAction\",\"target\":{\"@type\":\"EntryPoint\",\"urlTemplate\":\"https:\\\/\\\/infocul.pt\\\/arquivo\\\/?s={search_term_string}\"},\"query-input\":{\"@type\":\"PropertyValueSpecification\",\"valueRequired\":true,\"valueName\":\"search_term_string\"}}],\"inLanguage\":\"pt-PT\"},{\"@type\":\"Organization\",\"@id\":\"https:\\\/\\\/infocul.pt\\\/arquivo\\\/#organization\",\"name\":\"Infocul.pt\",\"url\":\"https:\\\/\\\/infocul.pt\\\/arquivo\\\/\",\"logo\":{\"@type\":\"ImageObject\",\"inLanguage\":\"pt-PT\",\"@id\":\"https:\\\/\\\/infocul.pt\\\/arquivo\\\/#\\\/schema\\\/logo\\\/image\\\/\",\"url\":\"https:\\\/\\\/infocul.pt\\\/arquivo\\\/wp-content\\\/uploads\\\/2018\\\/12\\\/Infocul_logo-1.png\",\"contentUrl\":\"https:\\\/\\\/infocul.pt\\\/arquivo\\\/wp-content\\\/uploads\\\/2018\\\/12\\\/Infocul_logo-1.png\",\"width\":800,\"height\":800,\"caption\":\"Infocul.pt\"},\"image\":{\"@id\":\"https:\\\/\\\/infocul.pt\\\/arquivo\\\/#\\\/schema\\\/logo\\\/image\\\/\"},\"sameAs\":[\"https:\\\/\\\/www.facebook.com\\\/Infocul-147816815585015\\\/\",\"https:\\\/\\\/x.com\\\/Infoculpt\",\"http:\\\/\\\/www.pictaram.com\\\/user\\\/infocul.pt\\\/2370423710\",\"https:\\\/\\\/www.youtube.com\\\/channel\\\/UCYEB91AGI9FL9ek2i_IaQAA\"]},{\"@type\":\"Person\",\"@id\":\"https:\\\/\\\/infocul.pt\\\/arquivo\\\/#\\\/schema\\\/person\\\/060a108d7f2d85fc6aae505119ee5234\",\"name\":\"Rui Lavrador\",\"image\":{\"@type\":\"ImageObject\",\"inLanguage\":\"pt-PT\",\"@id\":\"https:\\\/\\\/secure.gravatar.com\\\/avatar\\\/93febd6873394aa8e975148548a0cb203acfdd42d2c85c5f1408e1a76678aece?s=96&d=mm&r=g\",\"url\":\"https:\\\/\\\/secure.gravatar.com\\\/avatar\\\/93febd6873394aa8e975148548a0cb203acfdd42d2c85c5f1408e1a76678aece?s=96&d=mm&r=g\",\"contentUrl\":\"https:\\\/\\\/secure.gravatar.com\\\/avatar\\\/93febd6873394aa8e975148548a0cb203acfdd42d2c85c5f1408e1a76678aece?s=96&d=mm&r=g\",\"caption\":\"Rui Lavrador\"},\"description\":\"Iniciou em 2011 o seu percurso em comunica\u00e7\u00e3o social, tendo integrado v\u00e1rios projectos editoriais. Durante o seu percurso integrou projectos como Jornal Hardm\u00fasica, LusoNot\u00edcias, Toureio.pt, ODigital.pt, entre outros \u00d3rg\u00e3os de Comunica\u00e7\u00e3o Social nacionais, na redac\u00e7\u00e3o de v\u00e1rios artigos. Entrevistou a grande maioria das personalidades mais importantes da vida social e cultural do pa\u00eds, destacando-se, tamb\u00e9m, na aprecia\u00e7\u00e3o de v\u00e1rios espect\u00e1culos. Durante o seu percurso, deu a conhecer v\u00e1rios artistas, at\u00e9 ent\u00e3o desconhecidos, ao grande p\u00fablico. Em 2015 criou e fundou o Infocul.pt, projecto no qual assume a direc\u00e7\u00e3o editorial.\",\"sameAs\":[\"http:\\\/\\\/www.infocul.pt\"]}]}<\/script>\n<!-- \/ Yoast SEO plugin. -->","yoast_head_json":{"title":"Lu\u00eds Capucha: \"Projecto para a candidatura da Tauromaquia a Patrim\u00f3nio Imaterial Cultural de Portugal dever\u00e1 estar pronto no final deste ano\" | Infocul.pt - Arquivo Digital","description":"Lu\u00eds Capucha: \"Projecto para a candidatura da Tauromaquia a Patrim\u00f3nio Imaterial Cultural de Portugal dever\u00e1 estar pronto no final deste ano\" | Infocul.pt - Arquivo Digital","robots":{"index":"noindex","follow":"follow","max-snippet":"max-snippet:-1","max-image-preview":"max-image-preview:large","max-video-preview":"max-video-preview:-1"},"og_locale":"pt_PT","og_type":"article","og_title":"Lu\u00eds Capucha: \"Projecto para a candidatura da Tauromaquia a Patrim\u00f3nio Imaterial Cultural de Portugal dever\u00e1 estar pronto no final deste ano\" | Infocul.pt - Arquivo Digital","og_description":"Lu\u00eds Capucha: \"Projecto para a candidatura da Tauromaquia a Patrim\u00f3nio Imaterial Cultural de Portugal dever\u00e1 estar pronto no final deste ano\" | Infocul.pt - Arquivo Digital","og_url":"https:\/\/infocul.pt\/arquivo\/cultura\/luis-capucha-projecto-para-a-candidatura-da-tauromaquia-a-patrimonio-imaterial-cultural-de-portugal-devera-estar-pronto-no-final-deste-ano\/","og_site_name":"Infocul.pt - Arquivo Digital","article_publisher":"https:\/\/www.facebook.com\/Infocul-147816815585015\/","article_published_time":"2019-02-02T22:06:09+00:00","og_image":[{"width":800,"height":533,"url":"https:\/\/infocul.pt\/arquivo\/wp-content\/uploads\/2019\/02\/luis-capucha1-e1549145046507.jpg","type":"image\/jpeg"}],"author":"Rui Lavrador","twitter_card":"summary_large_image","twitter_creator":"@Infoculpt","twitter_site":"@Infoculpt","twitter_misc":{"Escrito por":"Rui Lavrador","Tempo estimado de leitura":"2 minutos"},"schema":{"@context":"https:\/\/schema.org","@graph":[{"@type":"Article","@id":"https:\/\/infocul.pt\/arquivo\/cultura\/luis-capucha-projecto-para-a-candidatura-da-tauromaquia-a-patrimonio-imaterial-cultural-de-portugal-devera-estar-pronto-no-final-deste-ano\/#article","isPartOf":{"@id":"https:\/\/infocul.pt\/arquivo\/cultura\/luis-capucha-projecto-para-a-candidatura-da-tauromaquia-a-patrimonio-imaterial-cultural-de-portugal-devera-estar-pronto-no-final-deste-ano\/"},"author":{"name":"Rui Lavrador","@id":"https:\/\/infocul.pt\/arquivo\/#\/schema\/person\/060a108d7f2d85fc6aae505119ee5234"},"headline":"Lu\u00eds Capucha: &#8220;Projecto para a candidatura da Tauromaquia a Patrim\u00f3nio Imaterial Cultural de Portugal dever\u00e1 estar pronto no final deste ano&#8221;","datePublished":"2019-02-02T22:06:09+00:00","mainEntityOfPage":{"@id":"https:\/\/infocul.pt\/arquivo\/cultura\/luis-capucha-projecto-para-a-candidatura-da-tauromaquia-a-patrimonio-imaterial-cultural-de-portugal-devera-estar-pronto-no-final-deste-ano\/"},"wordCount":389,"commentCount":0,"publisher":{"@id":"https:\/\/infocul.pt\/arquivo\/#organization"},"image":{"@id":"https:\/\/infocul.pt\/arquivo\/cultura\/luis-capucha-projecto-para-a-candidatura-da-tauromaquia-a-patrimonio-imaterial-cultural-de-portugal-devera-estar-pronto-no-final-deste-ano\/#primaryimage"},"thumbnailUrl":"https:\/\/infocul.pt\/arquivo\/wp-content\/uploads\/2019\/02\/luis-capucha1-e1549145046507.jpg","keywords":["Luis Capucha","Tauromaquia"],"articleSection":["Cultura","Destaque","Entrevistas","Tauromaquia"],"inLanguage":"pt-PT"},{"@type":"WebPage","@id":"https:\/\/infocul.pt\/arquivo\/cultura\/luis-capucha-projecto-para-a-candidatura-da-tauromaquia-a-patrimonio-imaterial-cultural-de-portugal-devera-estar-pronto-no-final-deste-ano\/","url":"https:\/\/infocul.pt\/arquivo\/cultura\/luis-capucha-projecto-para-a-candidatura-da-tauromaquia-a-patrimonio-imaterial-cultural-de-portugal-devera-estar-pronto-no-final-deste-ano\/","name":"Lu\u00eds Capucha: \"Projecto para a candidatura da Tauromaquia a Patrim\u00f3nio Imaterial Cultural de Portugal dever\u00e1 estar pronto no final deste ano\" | Infocul.pt - Arquivo Digital","isPartOf":{"@id":"https:\/\/infocul.pt\/arquivo\/#website"},"primaryImageOfPage":{"@id":"https:\/\/infocul.pt\/arquivo\/cultura\/luis-capucha-projecto-para-a-candidatura-da-tauromaquia-a-patrimonio-imaterial-cultural-de-portugal-devera-estar-pronto-no-final-deste-ano\/#primaryimage"},"image":{"@id":"https:\/\/infocul.pt\/arquivo\/cultura\/luis-capucha-projecto-para-a-candidatura-da-tauromaquia-a-patrimonio-imaterial-cultural-de-portugal-devera-estar-pronto-no-final-deste-ano\/#primaryimage"},"thumbnailUrl":"https:\/\/infocul.pt\/arquivo\/wp-content\/uploads\/2019\/02\/luis-capucha1-e1549145046507.jpg","datePublished":"2019-02-02T22:06:09+00:00","description":"Lu\u00eds Capucha: \"Projecto para a candidatura da Tauromaquia a Patrim\u00f3nio Imaterial Cultural de Portugal dever\u00e1 estar pronto no final deste ano\" | Infocul.pt - Arquivo Digital","breadcrumb":{"@id":"https:\/\/infocul.pt\/arquivo\/cultura\/luis-capucha-projecto-para-a-candidatura-da-tauromaquia-a-patrimonio-imaterial-cultural-de-portugal-devera-estar-pronto-no-final-deste-ano\/#breadcrumb"},"inLanguage":"pt-PT","potentialAction":[{"@type":"ReadAction","target":["https:\/\/infocul.pt\/arquivo\/cultura\/luis-capucha-projecto-para-a-candidatura-da-tauromaquia-a-patrimonio-imaterial-cultural-de-portugal-devera-estar-pronto-no-final-deste-ano\/"]}]},{"@type":"ImageObject","inLanguage":"pt-PT","@id":"https:\/\/infocul.pt\/arquivo\/cultura\/luis-capucha-projecto-para-a-candidatura-da-tauromaquia-a-patrimonio-imaterial-cultural-de-portugal-devera-estar-pronto-no-final-deste-ano\/#primaryimage","url":"https:\/\/infocul.pt\/arquivo\/wp-content\/uploads\/2019\/02\/luis-capucha1-e1549145046507.jpg","contentUrl":"https:\/\/infocul.pt\/arquivo\/wp-content\/uploads\/2019\/02\/luis-capucha1-e1549145046507.jpg","width":800,"height":533},{"@type":"BreadcrumbList","@id":"https:\/\/infocul.pt\/arquivo\/cultura\/luis-capucha-projecto-para-a-candidatura-da-tauromaquia-a-patrimonio-imaterial-cultural-de-portugal-devera-estar-pronto-no-final-deste-ano\/#breadcrumb","itemListElement":[{"@type":"ListItem","position":1,"name":"Home","item":"https:\/\/infocul.pt\/arquivo\/"},{"@type":"ListItem","position":2,"name":"Lu\u00eds Capucha: &#8220;Projecto para a candidatura da Tauromaquia a Patrim\u00f3nio Imaterial Cultural de Portugal dever\u00e1 estar pronto no final deste ano&#8221;"}]},{"@type":"WebSite","@id":"https:\/\/infocul.pt\/arquivo\/#website","url":"https:\/\/infocul.pt\/arquivo\/","name":"Infocul.pt - Arquivo Digital","description":"Arquivo digital da Infocul.pt","publisher":{"@id":"https:\/\/infocul.pt\/arquivo\/#organization"},"potentialAction":[{"@type":"SearchAction","target":{"@type":"EntryPoint","urlTemplate":"https:\/\/infocul.pt\/arquivo\/?s={search_term_string}"},"query-input":{"@type":"PropertyValueSpecification","valueRequired":true,"valueName":"search_term_string"}}],"inLanguage":"pt-PT"},{"@type":"Organization","@id":"https:\/\/infocul.pt\/arquivo\/#organization","name":"Infocul.pt","url":"https:\/\/infocul.pt\/arquivo\/","logo":{"@type":"ImageObject","inLanguage":"pt-PT","@id":"https:\/\/infocul.pt\/arquivo\/#\/schema\/logo\/image\/","url":"https:\/\/infocul.pt\/arquivo\/wp-content\/uploads\/2018\/12\/Infocul_logo-1.png","contentUrl":"https:\/\/infocul.pt\/arquivo\/wp-content\/uploads\/2018\/12\/Infocul_logo-1.png","width":800,"height":800,"caption":"Infocul.pt"},"image":{"@id":"https:\/\/infocul.pt\/arquivo\/#\/schema\/logo\/image\/"},"sameAs":["https:\/\/www.facebook.com\/Infocul-147816815585015\/","https:\/\/x.com\/Infoculpt","http:\/\/www.pictaram.com\/user\/infocul.pt\/2370423710","https:\/\/www.youtube.com\/channel\/UCYEB91AGI9FL9ek2i_IaQAA"]},{"@type":"Person","@id":"https:\/\/infocul.pt\/arquivo\/#\/schema\/person\/060a108d7f2d85fc6aae505119ee5234","name":"Rui Lavrador","image":{"@type":"ImageObject","inLanguage":"pt-PT","@id":"https:\/\/secure.gravatar.com\/avatar\/93febd6873394aa8e975148548a0cb203acfdd42d2c85c5f1408e1a76678aece?s=96&d=mm&r=g","url":"https:\/\/secure.gravatar.com\/avatar\/93febd6873394aa8e975148548a0cb203acfdd42d2c85c5f1408e1a76678aece?s=96&d=mm&r=g","contentUrl":"https:\/\/secure.gravatar.com\/avatar\/93febd6873394aa8e975148548a0cb203acfdd42d2c85c5f1408e1a76678aece?s=96&d=mm&r=g","caption":"Rui Lavrador"},"description":"Iniciou em 2011 o seu percurso em comunica\u00e7\u00e3o social, tendo integrado v\u00e1rios projectos editoriais. Durante o seu percurso integrou projectos como Jornal Hardm\u00fasica, LusoNot\u00edcias, Toureio.pt, ODigital.pt, entre outros \u00d3rg\u00e3os de Comunica\u00e7\u00e3o Social nacionais, na redac\u00e7\u00e3o de v\u00e1rios artigos. Entrevistou a grande maioria das personalidades mais importantes da vida social e cultural do pa\u00eds, destacando-se, tamb\u00e9m, na aprecia\u00e7\u00e3o de v\u00e1rios espect\u00e1culos. Durante o seu percurso, deu a conhecer v\u00e1rios artistas, at\u00e9 ent\u00e3o desconhecidos, ao grande p\u00fablico. Em 2015 criou e fundou o Infocul.pt, projecto no qual assume a direc\u00e7\u00e3o editorial.","sameAs":["http:\/\/www.infocul.pt"]}]}},"_links":{"self":[{"href":"https:\/\/infocul.pt\/arquivo\/wp-json\/wp\/v2\/posts\/52392","targetHints":{"allow":["GET"]}}],"collection":[{"href":"https:\/\/infocul.pt\/arquivo\/wp-json\/wp\/v2\/posts"}],"about":[{"href":"https:\/\/infocul.pt\/arquivo\/wp-json\/wp\/v2\/types\/post"}],"author":[{"embeddable":true,"href":"https:\/\/infocul.pt\/arquivo\/wp-json\/wp\/v2\/users\/2"}],"replies":[{"embeddable":true,"href":"https:\/\/infocul.pt\/arquivo\/wp-json\/wp\/v2\/comments?post=52392"}],"version-history":[{"count":0,"href":"https:\/\/infocul.pt\/arquivo\/wp-json\/wp\/v2\/posts\/52392\/revisions"}],"wp:featuredmedia":[{"embeddable":true,"href":"https:\/\/infocul.pt\/arquivo\/wp-json\/wp\/v2\/media\/52393"}],"wp:attachment":[{"href":"https:\/\/infocul.pt\/arquivo\/wp-json\/wp\/v2\/media?parent=52392"}],"wp:term":[{"taxonomy":"category","embeddable":true,"href":"https:\/\/infocul.pt\/arquivo\/wp-json\/wp\/v2\/categories?post=52392"},{"taxonomy":"post_tag","embeddable":true,"href":"https:\/\/infocul.pt\/arquivo\/wp-json\/wp\/v2\/tags?post=52392"}],"curies":[{"name":"wp","href":"https:\/\/api.w.org\/{rel}","templated":true}]}}