{"id":53202,"date":"2019-02-26T00:00:01","date_gmt":"2019-02-26T00:00:01","guid":{"rendered":"https:\/\/infocul.pt\/?p=53202"},"modified":"2019-02-25T15:20:10","modified_gmt":"2019-02-25T15:20:10","slug":"brigida-machado-expoe-no-lisbon-marriott-hotel","status":"publish","type":"post","link":"https:\/\/infocul.pt\/arquivo\/cultura\/brigida-machado-expoe-no-lisbon-marriott-hotel\/","title":{"rendered":"Br\u00edgida Machado exp\u00f5e no Lisbon Marriott Hotel"},"content":{"rendered":"<p><img decoding=\"async\" class=\"aligncenter wp-image-53203 size-full lazyload\" data-src=\"https:\/\/infocul.pt\/arquivo\/wp-content\/uploads\/2019\/02\/Descanso-sem-descanso120x104-C-e1551107928258.jpg\" alt=\"\" width=\"800\" height=\"1107\" src=\"data:image\/svg+xml;base64,PHN2ZyB3aWR0aD0iMSIgaGVpZ2h0PSIxIiB4bWxucz0iaHR0cDovL3d3dy53My5vcmcvMjAwMC9zdmciPjwvc3ZnPg==\" style=\"--smush-placeholder-width: 800px; --smush-placeholder-aspect-ratio: 800\/1107;\" \/><\/p>\n<p>&nbsp;<\/p>\n<p>&nbsp;<\/p>\n<p>No pr\u00f3ximo dia 21 de Mar\u00e7o, sexta-feira, \u00e1s 19:00, o Lisbon Marriott Hotel (sito na Av. Dos Combatentes, 45), em Lisboa, inaugura galeria de arte \u2013 M\u2019Art by Trema com a exposi\u00e7\u00e3o da artista pl\u00e1stica Br\u00edgida Machado, intitulada Embu\u00e7o. Br\u00edgida Machado, nasceu em \u00c9vora, licenciada em Artes Pl\u00e1sticas \u2013 Pintura pela Faculdade de Belas Artes em 2004 e bolseira do programa Erasmus na Academia di Beli Arti di Brera em Mil\u00e3o em 2003.<!--more--><\/p>\n<p>Trabalha regularmente com a Trema Arte Contemporanea desde 2002 e do seu projecto art\u00edstico destacamos o Pr\u00e9mio Jovens Artistas do Alentejo em 2008, a Sele\u00e7\u00e3o JCE \u2013 Jeune Cr\u00e9ation Europ\u00e9enne em 2011, o Pr\u00e9mio de Pintura dos Pr\u00e9mios Jaba, Ayuntamiento de Badajoz, a colectiva Cabinet d\u2019Amateur \u2013 Exposi\u00e7\u00e3o 20 anos da Sala do Veado em Lisboa, a exposi\u00e7\u00e3o individual Familias na Galeria Municipal do Museum Prof. Joaquim Vermelho em Estremoz, as colectivas P\u00c9RIPLOS\/Arte portugu\u00eas de hoy, CAC de M\u00e1laga e 9 artistas 9 MUNDIVID\u00caNCIAS no Pal\u00e1cio dos Marqueses da Praia e Monforte em Estremoz e a presen\u00e7a regular em Certames e Freiras de Arte com a Feira de Arte Contempor\u00e2nea de Lisboa , a Estampa em Madrid e mais recentemente a Fig Bilbao.<\/p>\n<p>\u201c<em><strong>O Lisbon Marriott Hotel associa-se \u00e0 Trema Art Contempor\u00e2nea Gallery e vai receber exposi\u00e7\u00f5es de arte, pintura, escultura, fotografia e instala\u00e7\u00e3o, meses de diverso e intenso movimento cultural. No seu espa\u00e7o em corredores, lobbies \u00e9 poss\u00edvel apreciar trabalhos originais de artistas nacionais e internacionais integrados no projecto da galeria e que t\u00eam o reconhecimento de um vasto p\u00fablico.\u00a0<\/strong><\/em><em><b>A Galeria de Arte \u00e9 um dos atractivos\u00a0oferecido aos h\u00f3spedes que, por vezes t\u00eam pouco tempo para visitar espa\u00e7os com arte, humaniza o espa\u00e7o e chama a aten\u00e7\u00e3o para a arte contempor\u00e2nea que se vive em Portugal. O Hotel assim oferece um servi\u00e7o \u201cDaily Art Walk\u201d em que os h\u00f3spedes podem fazer um tour conhecendo um pouco de hist\u00f3ria de cada obra e do artista.\u00a0<\/b><\/em><em><b>Vai ser aliciante dar cor, forma e alma a este novo projecto. A entrada \u00e9 gratuita para o p\u00fablico em geral<\/b><\/em>\u201d- acrescenta Ana Caetano, Public Relations Manager do Lisbon Marriott Hotel.<\/p>\n","protected":false},"excerpt":{"rendered":"<p>&nbsp; &nbsp; No pr\u00f3ximo dia 21 de Mar\u00e7o, sexta-feira, \u00e1s 19:00, o Lisbon Marriott Hotel (sito na Av. Dos Combatentes, 45), em Lisboa, inaugura galeria de arte \u2013 M\u2019Art by Trema com a exposi\u00e7\u00e3o da artista pl\u00e1stica Br\u00edgida Machado, intitulada Embu\u00e7o. Br\u00edgida Machado, nasceu em \u00c9vora, licenciada em Artes Pl\u00e1sticas \u2013 Pintura pela Faculdade de [&hellip;]<\/p>\n","protected":false},"author":13,"featured_media":53203,"comment_status":"open","ping_status":"closed","sticky":false,"template":"","format":"standard","meta":{"footnotes":""},"categories":[2,9],"tags":[680],"class_list":["post-53202","post","type-post","status-publish","format-standard","has-post-thumbnail","hentry","category-cultura","category-outros","tag-lisbon-marriott-hotel"],"yoast_head":"<!-- This site is optimized with the Yoast SEO plugin v27.4 - https:\/\/yoast.com\/product\/yoast-seo-wordpress\/ -->\n<title>Br\u00edgida Machado exp\u00f5e no Lisbon Marriott Hotel | Infocul.pt - Arquivo Digital<\/title>\n<meta name=\"description\" content=\"Br\u00edgida Machado exp\u00f5e no Lisbon Marriott Hotel | Infocul.pt - Arquivo Digital\" \/>\n<meta name=\"robots\" content=\"noindex, follow, max-snippet:-1, max-image-preview:large, max-video-preview:-1\" \/>\n<meta property=\"og:locale\" content=\"pt_PT\" \/>\n<meta property=\"og:type\" content=\"article\" \/>\n<meta property=\"og:title\" content=\"Br\u00edgida Machado exp\u00f5e no Lisbon Marriott Hotel | Infocul.pt - Arquivo Digital\" \/>\n<meta property=\"og:description\" content=\"Br\u00edgida Machado exp\u00f5e no Lisbon Marriott Hotel | Infocul.pt - Arquivo Digital\" \/>\n<meta property=\"og:url\" content=\"https:\/\/infocul.pt\/arquivo\/cultura\/brigida-machado-expoe-no-lisbon-marriott-hotel\/\" \/>\n<meta property=\"og:site_name\" content=\"Infocul.pt - Arquivo Digital\" \/>\n<meta property=\"article:publisher\" content=\"https:\/\/www.facebook.com\/Infocul-147816815585015\/\" \/>\n<meta property=\"article:published_time\" content=\"2019-02-26T00:00:01+00:00\" \/>\n<meta property=\"og:image\" content=\"https:\/\/infocul.pt\/arquivo\/wp-content\/uploads\/2019\/02\/Descanso-sem-descanso120x104-C-e1551107928258.jpg\" \/>\n\t<meta property=\"og:image:width\" content=\"800\" \/>\n\t<meta property=\"og:image:height\" content=\"1107\" \/>\n\t<meta property=\"og:image:type\" content=\"image\/jpeg\" \/>\n<meta name=\"author\" content=\"Redac\u00e7\u00e3o\" \/>\n<meta name=\"twitter:card\" content=\"summary_large_image\" \/>\n<meta name=\"twitter:creator\" content=\"@Infoculpt\" \/>\n<meta name=\"twitter:site\" content=\"@Infoculpt\" \/>\n<meta name=\"twitter:label1\" content=\"Escrito por\" \/>\n\t<meta name=\"twitter:data1\" content=\"Redac\u00e7\u00e3o\" \/>\n\t<meta name=\"twitter:label2\" content=\"Tempo estimado de leitura\" \/>\n\t<meta name=\"twitter:data2\" content=\"2 minutos\" \/>\n<script type=\"application\/ld+json\" class=\"yoast-schema-graph\">{\"@context\":\"https:\\\/\\\/schema.org\",\"@graph\":[{\"@type\":\"Article\",\"@id\":\"https:\\\/\\\/infocul.pt\\\/arquivo\\\/cultura\\\/brigida-machado-expoe-no-lisbon-marriott-hotel\\\/#article\",\"isPartOf\":{\"@id\":\"https:\\\/\\\/infocul.pt\\\/arquivo\\\/cultura\\\/brigida-machado-expoe-no-lisbon-marriott-hotel\\\/\"},\"author\":{\"name\":\"Redac\u00e7\u00e3o\",\"@id\":\"https:\\\/\\\/infocul.pt\\\/arquivo\\\/#\\\/schema\\\/person\\\/f243f45ae8d67639120a7586884f3abc\"},\"headline\":\"Br\u00edgida Machado exp\u00f5e no Lisbon Marriott Hotel\",\"datePublished\":\"2019-02-26T00:00:01+00:00\",\"mainEntityOfPage\":{\"@id\":\"https:\\\/\\\/infocul.pt\\\/arquivo\\\/cultura\\\/brigida-machado-expoe-no-lisbon-marriott-hotel\\\/\"},\"wordCount\":388,\"commentCount\":0,\"publisher\":{\"@id\":\"https:\\\/\\\/infocul.pt\\\/arquivo\\\/#organization\"},\"image\":{\"@id\":\"https:\\\/\\\/infocul.pt\\\/arquivo\\\/cultura\\\/brigida-machado-expoe-no-lisbon-marriott-hotel\\\/#primaryimage\"},\"thumbnailUrl\":\"https:\\\/\\\/infocul.pt\\\/arquivo\\\/wp-content\\\/uploads\\\/2019\\\/02\\\/Descanso-sem-descanso120x104-C-e1551107928258.jpg\",\"keywords\":[\"Lisbon Marriott Hotel\"],\"articleSection\":[\"Cultura\",\"Outros\"],\"inLanguage\":\"pt-PT\"},{\"@type\":\"WebPage\",\"@id\":\"https:\\\/\\\/infocul.pt\\\/arquivo\\\/cultura\\\/brigida-machado-expoe-no-lisbon-marriott-hotel\\\/\",\"url\":\"https:\\\/\\\/infocul.pt\\\/arquivo\\\/cultura\\\/brigida-machado-expoe-no-lisbon-marriott-hotel\\\/\",\"name\":\"Br\u00edgida Machado exp\u00f5e no Lisbon Marriott Hotel | Infocul.pt - Arquivo Digital\",\"isPartOf\":{\"@id\":\"https:\\\/\\\/infocul.pt\\\/arquivo\\\/#website\"},\"primaryImageOfPage\":{\"@id\":\"https:\\\/\\\/infocul.pt\\\/arquivo\\\/cultura\\\/brigida-machado-expoe-no-lisbon-marriott-hotel\\\/#primaryimage\"},\"image\":{\"@id\":\"https:\\\/\\\/infocul.pt\\\/arquivo\\\/cultura\\\/brigida-machado-expoe-no-lisbon-marriott-hotel\\\/#primaryimage\"},\"thumbnailUrl\":\"https:\\\/\\\/infocul.pt\\\/arquivo\\\/wp-content\\\/uploads\\\/2019\\\/02\\\/Descanso-sem-descanso120x104-C-e1551107928258.jpg\",\"datePublished\":\"2019-02-26T00:00:01+00:00\",\"description\":\"Br\u00edgida Machado exp\u00f5e no Lisbon Marriott Hotel | Infocul.pt - Arquivo Digital\",\"breadcrumb\":{\"@id\":\"https:\\\/\\\/infocul.pt\\\/arquivo\\\/cultura\\\/brigida-machado-expoe-no-lisbon-marriott-hotel\\\/#breadcrumb\"},\"inLanguage\":\"pt-PT\",\"potentialAction\":[{\"@type\":\"ReadAction\",\"target\":[\"https:\\\/\\\/infocul.pt\\\/arquivo\\\/cultura\\\/brigida-machado-expoe-no-lisbon-marriott-hotel\\\/\"]}]},{\"@type\":\"ImageObject\",\"inLanguage\":\"pt-PT\",\"@id\":\"https:\\\/\\\/infocul.pt\\\/arquivo\\\/cultura\\\/brigida-machado-expoe-no-lisbon-marriott-hotel\\\/#primaryimage\",\"url\":\"https:\\\/\\\/infocul.pt\\\/arquivo\\\/wp-content\\\/uploads\\\/2019\\\/02\\\/Descanso-sem-descanso120x104-C-e1551107928258.jpg\",\"contentUrl\":\"https:\\\/\\\/infocul.pt\\\/arquivo\\\/wp-content\\\/uploads\\\/2019\\\/02\\\/Descanso-sem-descanso120x104-C-e1551107928258.jpg\",\"width\":800,\"height\":1107},{\"@type\":\"BreadcrumbList\",\"@id\":\"https:\\\/\\\/infocul.pt\\\/arquivo\\\/cultura\\\/brigida-machado-expoe-no-lisbon-marriott-hotel\\\/#breadcrumb\",\"itemListElement\":[{\"@type\":\"ListItem\",\"position\":1,\"name\":\"Home\",\"item\":\"https:\\\/\\\/infocul.pt\\\/arquivo\\\/\"},{\"@type\":\"ListItem\",\"position\":2,\"name\":\"Br\u00edgida Machado exp\u00f5e no Lisbon Marriott Hotel\"}]},{\"@type\":\"WebSite\",\"@id\":\"https:\\\/\\\/infocul.pt\\\/arquivo\\\/#website\",\"url\":\"https:\\\/\\\/infocul.pt\\\/arquivo\\\/\",\"name\":\"Infocul.pt - Arquivo Digital\",\"description\":\"Arquivo digital da Infocul.pt\",\"publisher\":{\"@id\":\"https:\\\/\\\/infocul.pt\\\/arquivo\\\/#organization\"},\"potentialAction\":[{\"@type\":\"SearchAction\",\"target\":{\"@type\":\"EntryPoint\",\"urlTemplate\":\"https:\\\/\\\/infocul.pt\\\/arquivo\\\/?s={search_term_string}\"},\"query-input\":{\"@type\":\"PropertyValueSpecification\",\"valueRequired\":true,\"valueName\":\"search_term_string\"}}],\"inLanguage\":\"pt-PT\"},{\"@type\":\"Organization\",\"@id\":\"https:\\\/\\\/infocul.pt\\\/arquivo\\\/#organization\",\"name\":\"Infocul.pt\",\"url\":\"https:\\\/\\\/infocul.pt\\\/arquivo\\\/\",\"logo\":{\"@type\":\"ImageObject\",\"inLanguage\":\"pt-PT\",\"@id\":\"https:\\\/\\\/infocul.pt\\\/arquivo\\\/#\\\/schema\\\/logo\\\/image\\\/\",\"url\":\"https:\\\/\\\/infocul.pt\\\/arquivo\\\/wp-content\\\/uploads\\\/2018\\\/12\\\/Infocul_logo-1.png\",\"contentUrl\":\"https:\\\/\\\/infocul.pt\\\/arquivo\\\/wp-content\\\/uploads\\\/2018\\\/12\\\/Infocul_logo-1.png\",\"width\":800,\"height\":800,\"caption\":\"Infocul.pt\"},\"image\":{\"@id\":\"https:\\\/\\\/infocul.pt\\\/arquivo\\\/#\\\/schema\\\/logo\\\/image\\\/\"},\"sameAs\":[\"https:\\\/\\\/www.facebook.com\\\/Infocul-147816815585015\\\/\",\"https:\\\/\\\/x.com\\\/Infoculpt\",\"http:\\\/\\\/www.pictaram.com\\\/user\\\/infocul.pt\\\/2370423710\",\"https:\\\/\\\/www.youtube.com\\\/channel\\\/UCYEB91AGI9FL9ek2i_IaQAA\"]},{\"@type\":\"Person\",\"@id\":\"https:\\\/\\\/infocul.pt\\\/arquivo\\\/#\\\/schema\\\/person\\\/f243f45ae8d67639120a7586884f3abc\",\"name\":\"Redac\u00e7\u00e3o\",\"image\":{\"@type\":\"ImageObject\",\"inLanguage\":\"pt-PT\",\"@id\":\"https:\\\/\\\/secure.gravatar.com\\\/avatar\\\/151b1b76c598ab5e749407223bd6c1bad4e41c4e95de3c3df83540ebee2deaf8?s=96&d=mm&r=g\",\"url\":\"https:\\\/\\\/secure.gravatar.com\\\/avatar\\\/151b1b76c598ab5e749407223bd6c1bad4e41c4e95de3c3df83540ebee2deaf8?s=96&d=mm&r=g\",\"contentUrl\":\"https:\\\/\\\/secure.gravatar.com\\\/avatar\\\/151b1b76c598ab5e749407223bd6c1bad4e41c4e95de3c3df83540ebee2deaf8?s=96&d=mm&r=g\",\"caption\":\"Redac\u00e7\u00e3o\"}}]}<\/script>\n<!-- \/ Yoast SEO plugin. -->","yoast_head_json":{"title":"Br\u00edgida Machado exp\u00f5e no Lisbon Marriott Hotel | Infocul.pt - Arquivo Digital","description":"Br\u00edgida Machado exp\u00f5e no Lisbon Marriott Hotel | Infocul.pt - Arquivo Digital","robots":{"index":"noindex","follow":"follow","max-snippet":"max-snippet:-1","max-image-preview":"max-image-preview:large","max-video-preview":"max-video-preview:-1"},"og_locale":"pt_PT","og_type":"article","og_title":"Br\u00edgida Machado exp\u00f5e no Lisbon Marriott Hotel | Infocul.pt - Arquivo Digital","og_description":"Br\u00edgida Machado exp\u00f5e no Lisbon Marriott Hotel | Infocul.pt - Arquivo Digital","og_url":"https:\/\/infocul.pt\/arquivo\/cultura\/brigida-machado-expoe-no-lisbon-marriott-hotel\/","og_site_name":"Infocul.pt - Arquivo Digital","article_publisher":"https:\/\/www.facebook.com\/Infocul-147816815585015\/","article_published_time":"2019-02-26T00:00:01+00:00","og_image":[{"width":800,"height":1107,"url":"https:\/\/infocul.pt\/arquivo\/wp-content\/uploads\/2019\/02\/Descanso-sem-descanso120x104-C-e1551107928258.jpg","type":"image\/jpeg"}],"author":"Redac\u00e7\u00e3o","twitter_card":"summary_large_image","twitter_creator":"@Infoculpt","twitter_site":"@Infoculpt","twitter_misc":{"Escrito por":"Redac\u00e7\u00e3o","Tempo estimado de leitura":"2 minutos"},"schema":{"@context":"https:\/\/schema.org","@graph":[{"@type":"Article","@id":"https:\/\/infocul.pt\/arquivo\/cultura\/brigida-machado-expoe-no-lisbon-marriott-hotel\/#article","isPartOf":{"@id":"https:\/\/infocul.pt\/arquivo\/cultura\/brigida-machado-expoe-no-lisbon-marriott-hotel\/"},"author":{"name":"Redac\u00e7\u00e3o","@id":"https:\/\/infocul.pt\/arquivo\/#\/schema\/person\/f243f45ae8d67639120a7586884f3abc"},"headline":"Br\u00edgida Machado exp\u00f5e no Lisbon Marriott Hotel","datePublished":"2019-02-26T00:00:01+00:00","mainEntityOfPage":{"@id":"https:\/\/infocul.pt\/arquivo\/cultura\/brigida-machado-expoe-no-lisbon-marriott-hotel\/"},"wordCount":388,"commentCount":0,"publisher":{"@id":"https:\/\/infocul.pt\/arquivo\/#organization"},"image":{"@id":"https:\/\/infocul.pt\/arquivo\/cultura\/brigida-machado-expoe-no-lisbon-marriott-hotel\/#primaryimage"},"thumbnailUrl":"https:\/\/infocul.pt\/arquivo\/wp-content\/uploads\/2019\/02\/Descanso-sem-descanso120x104-C-e1551107928258.jpg","keywords":["Lisbon Marriott Hotel"],"articleSection":["Cultura","Outros"],"inLanguage":"pt-PT"},{"@type":"WebPage","@id":"https:\/\/infocul.pt\/arquivo\/cultura\/brigida-machado-expoe-no-lisbon-marriott-hotel\/","url":"https:\/\/infocul.pt\/arquivo\/cultura\/brigida-machado-expoe-no-lisbon-marriott-hotel\/","name":"Br\u00edgida Machado exp\u00f5e no Lisbon Marriott Hotel | Infocul.pt - Arquivo Digital","isPartOf":{"@id":"https:\/\/infocul.pt\/arquivo\/#website"},"primaryImageOfPage":{"@id":"https:\/\/infocul.pt\/arquivo\/cultura\/brigida-machado-expoe-no-lisbon-marriott-hotel\/#primaryimage"},"image":{"@id":"https:\/\/infocul.pt\/arquivo\/cultura\/brigida-machado-expoe-no-lisbon-marriott-hotel\/#primaryimage"},"thumbnailUrl":"https:\/\/infocul.pt\/arquivo\/wp-content\/uploads\/2019\/02\/Descanso-sem-descanso120x104-C-e1551107928258.jpg","datePublished":"2019-02-26T00:00:01+00:00","description":"Br\u00edgida Machado exp\u00f5e no Lisbon Marriott Hotel | Infocul.pt - Arquivo Digital","breadcrumb":{"@id":"https:\/\/infocul.pt\/arquivo\/cultura\/brigida-machado-expoe-no-lisbon-marriott-hotel\/#breadcrumb"},"inLanguage":"pt-PT","potentialAction":[{"@type":"ReadAction","target":["https:\/\/infocul.pt\/arquivo\/cultura\/brigida-machado-expoe-no-lisbon-marriott-hotel\/"]}]},{"@type":"ImageObject","inLanguage":"pt-PT","@id":"https:\/\/infocul.pt\/arquivo\/cultura\/brigida-machado-expoe-no-lisbon-marriott-hotel\/#primaryimage","url":"https:\/\/infocul.pt\/arquivo\/wp-content\/uploads\/2019\/02\/Descanso-sem-descanso120x104-C-e1551107928258.jpg","contentUrl":"https:\/\/infocul.pt\/arquivo\/wp-content\/uploads\/2019\/02\/Descanso-sem-descanso120x104-C-e1551107928258.jpg","width":800,"height":1107},{"@type":"BreadcrumbList","@id":"https:\/\/infocul.pt\/arquivo\/cultura\/brigida-machado-expoe-no-lisbon-marriott-hotel\/#breadcrumb","itemListElement":[{"@type":"ListItem","position":1,"name":"Home","item":"https:\/\/infocul.pt\/arquivo\/"},{"@type":"ListItem","position":2,"name":"Br\u00edgida Machado exp\u00f5e no Lisbon Marriott Hotel"}]},{"@type":"WebSite","@id":"https:\/\/infocul.pt\/arquivo\/#website","url":"https:\/\/infocul.pt\/arquivo\/","name":"Infocul.pt - Arquivo Digital","description":"Arquivo digital da Infocul.pt","publisher":{"@id":"https:\/\/infocul.pt\/arquivo\/#organization"},"potentialAction":[{"@type":"SearchAction","target":{"@type":"EntryPoint","urlTemplate":"https:\/\/infocul.pt\/arquivo\/?s={search_term_string}"},"query-input":{"@type":"PropertyValueSpecification","valueRequired":true,"valueName":"search_term_string"}}],"inLanguage":"pt-PT"},{"@type":"Organization","@id":"https:\/\/infocul.pt\/arquivo\/#organization","name":"Infocul.pt","url":"https:\/\/infocul.pt\/arquivo\/","logo":{"@type":"ImageObject","inLanguage":"pt-PT","@id":"https:\/\/infocul.pt\/arquivo\/#\/schema\/logo\/image\/","url":"https:\/\/infocul.pt\/arquivo\/wp-content\/uploads\/2018\/12\/Infocul_logo-1.png","contentUrl":"https:\/\/infocul.pt\/arquivo\/wp-content\/uploads\/2018\/12\/Infocul_logo-1.png","width":800,"height":800,"caption":"Infocul.pt"},"image":{"@id":"https:\/\/infocul.pt\/arquivo\/#\/schema\/logo\/image\/"},"sameAs":["https:\/\/www.facebook.com\/Infocul-147816815585015\/","https:\/\/x.com\/Infoculpt","http:\/\/www.pictaram.com\/user\/infocul.pt\/2370423710","https:\/\/www.youtube.com\/channel\/UCYEB91AGI9FL9ek2i_IaQAA"]},{"@type":"Person","@id":"https:\/\/infocul.pt\/arquivo\/#\/schema\/person\/f243f45ae8d67639120a7586884f3abc","name":"Redac\u00e7\u00e3o","image":{"@type":"ImageObject","inLanguage":"pt-PT","@id":"https:\/\/secure.gravatar.com\/avatar\/151b1b76c598ab5e749407223bd6c1bad4e41c4e95de3c3df83540ebee2deaf8?s=96&d=mm&r=g","url":"https:\/\/secure.gravatar.com\/avatar\/151b1b76c598ab5e749407223bd6c1bad4e41c4e95de3c3df83540ebee2deaf8?s=96&d=mm&r=g","contentUrl":"https:\/\/secure.gravatar.com\/avatar\/151b1b76c598ab5e749407223bd6c1bad4e41c4e95de3c3df83540ebee2deaf8?s=96&d=mm&r=g","caption":"Redac\u00e7\u00e3o"}}]}},"_links":{"self":[{"href":"https:\/\/infocul.pt\/arquivo\/wp-json\/wp\/v2\/posts\/53202","targetHints":{"allow":["GET"]}}],"collection":[{"href":"https:\/\/infocul.pt\/arquivo\/wp-json\/wp\/v2\/posts"}],"about":[{"href":"https:\/\/infocul.pt\/arquivo\/wp-json\/wp\/v2\/types\/post"}],"author":[{"embeddable":true,"href":"https:\/\/infocul.pt\/arquivo\/wp-json\/wp\/v2\/users\/13"}],"replies":[{"embeddable":true,"href":"https:\/\/infocul.pt\/arquivo\/wp-json\/wp\/v2\/comments?post=53202"}],"version-history":[{"count":0,"href":"https:\/\/infocul.pt\/arquivo\/wp-json\/wp\/v2\/posts\/53202\/revisions"}],"wp:featuredmedia":[{"embeddable":true,"href":"https:\/\/infocul.pt\/arquivo\/wp-json\/wp\/v2\/media\/53203"}],"wp:attachment":[{"href":"https:\/\/infocul.pt\/arquivo\/wp-json\/wp\/v2\/media?parent=53202"}],"wp:term":[{"taxonomy":"category","embeddable":true,"href":"https:\/\/infocul.pt\/arquivo\/wp-json\/wp\/v2\/categories?post=53202"},{"taxonomy":"post_tag","embeddable":true,"href":"https:\/\/infocul.pt\/arquivo\/wp-json\/wp\/v2\/tags?post=53202"}],"curies":[{"name":"wp","href":"https:\/\/api.w.org\/{rel}","templated":true}]}}