{"id":5419,"date":"2016-04-04T22:12:00","date_gmt":"2016-04-04T22:12:00","guid":{"rendered":"http:\/\/infocul.pt\/?p=5419"},"modified":"2016-04-04T22:12:00","modified_gmt":"2016-04-04T22:12:00","slug":"marco-delgado-sera-marcelo-barros-em-rainha-das-flores","status":"publish","type":"post","link":"https:\/\/infocul.pt\/arquivo\/actualidade\/marco-delgado-sera-marcelo-barros-em-rainha-das-flores\/","title":{"rendered":"Marco Delgado ser\u00e1 Marcelo Barros em Rainha das Flores"},"content":{"rendered":"<p>\t<img decoding=\"async\" width=\"620\" height=\"413\" class=\"so-widget-image lazyload\" style=\"--smush-placeholder-width: 620px; --smush-placeholder-aspect-ratio: 620\/413;height: auto; display: block; max-width: 100%;\" data-src=\"http:\/\/infocul.pt\/wp-content\/uploads\/2016\/04\/Marco-Delgado-03.jpg\" src=\"data:image\/svg+xml;base64,PHN2ZyB3aWR0aD0iMSIgaGVpZ2h0PSIxIiB4bWxucz0iaHR0cDovL3d3dy53My5vcmcvMjAwMC9zdmciPjwvc3ZnPg==\"><\/p>\n<p><span style=\"color: rgb(0, 0, 0); font-family: Calibri;\"><strong>Na nova aposta da SIC para o hor\u00e1rio das 23 horas, Marco Delgado dar\u00e1 vida a Marcelo Barros em Rainha das Flores.<\/strong> <\/span><\/p>\n<h3>&nbsp;<\/h3>\n<p>Marcelo \u00e9 o terceiro v\u00e9rtice do tri\u00e2ngulo amoroso composto por Rosa Severo interpretada por Sandra Barata Belo, e Daniel Sousa interpretado por Pep\u00ea Rapazote. O \u00faltimo trabalho de Marco Delgado na esta\u00e7\u00e3o de Carnaxide foi na telenovela &#8220;Sol de Inverno&#8221;.<\/p>\n<p>&nbsp;<\/p>\n<p>&nbsp;<\/p>\n<p>&#8220;<strong>O projecto ainda est\u00e1 muito no in\u00edcio. Estou muito feliz por integrar o elenco deste novo trabalho. Rainha das Flores \u00e9 uma hist\u00f3ria muito intensa, uma hist\u00f3ria muito dram\u00e1tica com v\u00e1rios conflitos e grandes personagens<\/strong>&#8220;, conta o actor.<\/p>\n<p>&nbsp;<\/p>\n<p>&nbsp;<\/p>\n<p>Na apresenta\u00e7\u00e3o da novela, &#8220;Rainha das Flores&#8221;, tivemos a oportunidade de falar um pouco com o actor que faz parte do n\u00facleo de protagonistas.<\/p>\n<p>&nbsp;<\/p>\n<p>&nbsp;<\/p>\n<p>Mas qual ser\u00e1 o ingrediente mais atractivo de &#8220;Rainha das Flores&#8221;? &#8220;<strong>O ponto de partida \u00e9 muito interessante. Algu\u00e9m que perde a mem\u00f3ria dos \u00faltimos quinze anos e n\u00e3o reconheciam a fam\u00edlia. Ela tem poucas mem\u00f3rias. \u00c9 um ponto de partida muito interessante pois leva-nos para grandes conflitos, grandes cenas. Para a personagem de Rosa \u00e9 um ponto de partida muito interessante. E depois vai haver uma grande hist\u00f3ria de amor entre as personagens da Rosa e do Marcelo. \u00c9 uma novela muito bem escrita, dram\u00e1tica e intensa com cenas muito bem escritas. O Alexandre est\u00e1 de parab\u00e9ns na escrita da novela. Acho que s\u00e3o os ingredientes para que tudo corra bem<\/strong>&#8220;, acredita Marco Delgado.<\/p>\n<p>&nbsp;<\/p>\n<p>&nbsp;<\/p>\n<p>Na &#8220;Rainha das Flores&#8221;, Marcelo salva a vida de Rosa e vai ser o homem por quem ela se vai apaixonar. O personagem de Marco Delgado \u00e9 m\u00e9dico. Est\u00e1 divorciado e est\u00e1 falido devido a um mau investimento realizado no ateli\u00ea do irm\u00e3o, C\u00e9sar (Gon\u00e7alo Diniz).<\/p>\n<p>&nbsp;<\/p>\n<p>&nbsp;<\/p>\n<p>Devido a este incidente as personagens v\u00e3o estar constantemente engalfinhados como se fossem dois adolescentes. No meio do turbilh\u00e3o de sentimentos em que se transformou a vida de Marcelo vai estar Rosa. Vai ser ela a dar-lhe a esperan\u00e7a de poder voltar a ser feliz.<\/p>\n<p>&nbsp;<\/p>\n<p>&#8220;<strong>A minha personagem \u00e9 extraordin\u00e1ria. \u00c9 muito rica e complexa. Vai viver uma grande hist\u00f3ria de amor com a personagem de Sandra Barata Belo, Rosa. Vai viver um tri\u00e2ngulo amoroso juntamente com a personagem do Pep\u00ea. A hist\u00f3ria tem todos os ingredientes para ser uma grande novela<\/strong>&#8220;, \u00e9 desta forma como Marco Delgado descreve a sua personagem.<\/p>\n<p>&nbsp;<\/p>\n<p>&nbsp;<\/p>\n<p>Como se preparou para esta personagem? &#8220;<strong>Ele \u00e9 neurologista. Vou ser acompanhado por um neuropsic\u00f3logo. Vou fazer o acompanhamento das sess\u00f5es e consultas com os pacientes dele. Isso vai ajudar-me bastante para preparar esta personagem. S\u00e3o especificidades da \u00e1rea e da profiss\u00e3o que preciso de aprender. Esse trabalho vai ser fundamental<\/strong>&#8220;, responde.<\/p>\n<p>&nbsp;<\/p>\n<p>&nbsp;<\/p>\n<p>A novela estreia em Maio para o lugar de &#8220;Poderosas&#8221;.<\/p>\n<p>&nbsp;<\/p>\n<p>&nbsp;<\/p>\n<p>&#8220;<strong>Estou muito entusiasmado e cheio de vontade para come\u00e7ar. \u00c9 f\u00e1cil trabalhar com actores como a Sandra Barata Belo ou o Gon\u00e7alo Diniz. Eles s\u00e3o actores bons e generosos. Com eles temos sempre boas contra cenas. Acho que vai correr muito bem<\/strong>&#8220;, remata o actor.<\/p>\n","protected":false},"excerpt":{"rendered":"<p>Na nova aposta da SIC para o hor\u00e1rio das 23 horas, Marco Delgado dar\u00e1 vida a Marcelo Barros em Rainha das Flores. &nbsp; Marcelo \u00e9 o terceiro v\u00e9rtice do tri\u00e2ngulo amoroso composto por Rosa Severo interpretada por Sandra Barata Belo, e Daniel Sousa interpretado por Pep\u00ea Rapazote. O \u00faltimo trabalho de Marco Delgado na esta\u00e7\u00e3o [&hellip;]<\/p>\n","protected":false},"author":13,"featured_media":5420,"comment_status":"open","ping_status":"closed","sticky":false,"template":"","format":"standard","meta":{"footnotes":""},"categories":[10,14],"tags":[956,838,534],"class_list":["post-5419","post","type-post","status-publish","format-standard","has-post-thumbnail","hentry","category-actualidade","category-televisao","tag-marco-delgado","tag-rainha-das-flores","tag-sic"],"yoast_head":"<!-- This site is optimized with the Yoast SEO plugin v27.4 - https:\/\/yoast.com\/product\/yoast-seo-wordpress\/ -->\n<title>Marco Delgado ser\u00e1 Marcelo Barros em Rainha das Flores | Infocul.pt - Arquivo Digital<\/title>\n<meta name=\"description\" content=\"Marco Delgado ser\u00e1 Marcelo Barros em Rainha das Flores | Infocul.pt - Arquivo Digital\" \/>\n<meta name=\"robots\" content=\"noindex, follow, max-snippet:-1, max-image-preview:large, max-video-preview:-1\" \/>\n<meta property=\"og:locale\" content=\"pt_PT\" \/>\n<meta property=\"og:type\" content=\"article\" \/>\n<meta property=\"og:title\" content=\"Marco Delgado ser\u00e1 Marcelo Barros em Rainha das Flores | Infocul.pt - Arquivo Digital\" \/>\n<meta property=\"og:description\" content=\"Marco Delgado ser\u00e1 Marcelo Barros em Rainha das Flores | Infocul.pt - Arquivo Digital\" \/>\n<meta property=\"og:url\" content=\"https:\/\/infocul.pt\/arquivo\/actualidade\/marco-delgado-sera-marcelo-barros-em-rainha-das-flores\/\" \/>\n<meta property=\"og:site_name\" content=\"Infocul.pt - Arquivo Digital\" \/>\n<meta property=\"article:publisher\" content=\"https:\/\/www.facebook.com\/Infocul-147816815585015\/\" \/>\n<meta property=\"article:published_time\" content=\"2016-04-04T22:12:00+00:00\" \/>\n<meta property=\"og:image\" content=\"https:\/\/infocul.pt\/arquivo\/wp-content\/uploads\/2016\/04\/Marco-Delgado-03.jpg\" \/>\n\t<meta property=\"og:image:width\" content=\"620\" \/>\n\t<meta property=\"og:image:height\" content=\"413\" \/>\n\t<meta property=\"og:image:type\" content=\"image\/jpeg\" \/>\n<meta name=\"author\" content=\"Redac\u00e7\u00e3o\" \/>\n<meta name=\"twitter:card\" content=\"summary_large_image\" \/>\n<meta name=\"twitter:creator\" content=\"@Infoculpt\" \/>\n<meta name=\"twitter:site\" content=\"@Infoculpt\" \/>\n<meta name=\"twitter:label1\" content=\"Escrito por\" \/>\n\t<meta name=\"twitter:data1\" content=\"Redac\u00e7\u00e3o\" \/>\n\t<meta name=\"twitter:label2\" content=\"Tempo estimado de leitura\" \/>\n\t<meta name=\"twitter:data2\" content=\"3 minutos\" \/>\n<script type=\"application\/ld+json\" class=\"yoast-schema-graph\">{\"@context\":\"https:\\\/\\\/schema.org\",\"@graph\":[{\"@type\":\"Article\",\"@id\":\"https:\\\/\\\/infocul.pt\\\/arquivo\\\/actualidade\\\/marco-delgado-sera-marcelo-barros-em-rainha-das-flores\\\/#article\",\"isPartOf\":{\"@id\":\"https:\\\/\\\/infocul.pt\\\/arquivo\\\/actualidade\\\/marco-delgado-sera-marcelo-barros-em-rainha-das-flores\\\/\"},\"author\":{\"name\":\"Redac\u00e7\u00e3o\",\"@id\":\"https:\\\/\\\/infocul.pt\\\/arquivo\\\/#\\\/schema\\\/person\\\/f243f45ae8d67639120a7586884f3abc\"},\"headline\":\"Marco Delgado ser\u00e1 Marcelo Barros em Rainha das Flores\",\"datePublished\":\"2016-04-04T22:12:00+00:00\",\"mainEntityOfPage\":{\"@id\":\"https:\\\/\\\/infocul.pt\\\/arquivo\\\/actualidade\\\/marco-delgado-sera-marcelo-barros-em-rainha-das-flores\\\/\"},\"wordCount\":547,\"commentCount\":0,\"publisher\":{\"@id\":\"https:\\\/\\\/infocul.pt\\\/arquivo\\\/#organization\"},\"image\":{\"@id\":\"https:\\\/\\\/infocul.pt\\\/arquivo\\\/actualidade\\\/marco-delgado-sera-marcelo-barros-em-rainha-das-flores\\\/#primaryimage\"},\"thumbnailUrl\":\"https:\\\/\\\/infocul.pt\\\/arquivo\\\/wp-content\\\/uploads\\\/2016\\\/04\\\/Marco-Delgado-03.jpg\",\"keywords\":[\"Marco Delgado\",\"Rainha das Flores\",\"SIC\"],\"articleSection\":[\"Actualidade\",\"Televis\u00e3o\"],\"inLanguage\":\"pt-PT\"},{\"@type\":\"WebPage\",\"@id\":\"https:\\\/\\\/infocul.pt\\\/arquivo\\\/actualidade\\\/marco-delgado-sera-marcelo-barros-em-rainha-das-flores\\\/\",\"url\":\"https:\\\/\\\/infocul.pt\\\/arquivo\\\/actualidade\\\/marco-delgado-sera-marcelo-barros-em-rainha-das-flores\\\/\",\"name\":\"Marco Delgado ser\u00e1 Marcelo Barros em Rainha das Flores | Infocul.pt - Arquivo Digital\",\"isPartOf\":{\"@id\":\"https:\\\/\\\/infocul.pt\\\/arquivo\\\/#website\"},\"primaryImageOfPage\":{\"@id\":\"https:\\\/\\\/infocul.pt\\\/arquivo\\\/actualidade\\\/marco-delgado-sera-marcelo-barros-em-rainha-das-flores\\\/#primaryimage\"},\"image\":{\"@id\":\"https:\\\/\\\/infocul.pt\\\/arquivo\\\/actualidade\\\/marco-delgado-sera-marcelo-barros-em-rainha-das-flores\\\/#primaryimage\"},\"thumbnailUrl\":\"https:\\\/\\\/infocul.pt\\\/arquivo\\\/wp-content\\\/uploads\\\/2016\\\/04\\\/Marco-Delgado-03.jpg\",\"datePublished\":\"2016-04-04T22:12:00+00:00\",\"description\":\"Marco Delgado ser\u00e1 Marcelo Barros em Rainha das Flores | Infocul.pt - Arquivo Digital\",\"breadcrumb\":{\"@id\":\"https:\\\/\\\/infocul.pt\\\/arquivo\\\/actualidade\\\/marco-delgado-sera-marcelo-barros-em-rainha-das-flores\\\/#breadcrumb\"},\"inLanguage\":\"pt-PT\",\"potentialAction\":[{\"@type\":\"ReadAction\",\"target\":[\"https:\\\/\\\/infocul.pt\\\/arquivo\\\/actualidade\\\/marco-delgado-sera-marcelo-barros-em-rainha-das-flores\\\/\"]}]},{\"@type\":\"ImageObject\",\"inLanguage\":\"pt-PT\",\"@id\":\"https:\\\/\\\/infocul.pt\\\/arquivo\\\/actualidade\\\/marco-delgado-sera-marcelo-barros-em-rainha-das-flores\\\/#primaryimage\",\"url\":\"https:\\\/\\\/infocul.pt\\\/arquivo\\\/wp-content\\\/uploads\\\/2016\\\/04\\\/Marco-Delgado-03.jpg\",\"contentUrl\":\"https:\\\/\\\/infocul.pt\\\/arquivo\\\/wp-content\\\/uploads\\\/2016\\\/04\\\/Marco-Delgado-03.jpg\",\"width\":620,\"height\":413},{\"@type\":\"BreadcrumbList\",\"@id\":\"https:\\\/\\\/infocul.pt\\\/arquivo\\\/actualidade\\\/marco-delgado-sera-marcelo-barros-em-rainha-das-flores\\\/#breadcrumb\",\"itemListElement\":[{\"@type\":\"ListItem\",\"position\":1,\"name\":\"Home\",\"item\":\"https:\\\/\\\/infocul.pt\\\/arquivo\\\/\"},{\"@type\":\"ListItem\",\"position\":2,\"name\":\"Marco Delgado ser\u00e1 Marcelo Barros em Rainha das Flores\"}]},{\"@type\":\"WebSite\",\"@id\":\"https:\\\/\\\/infocul.pt\\\/arquivo\\\/#website\",\"url\":\"https:\\\/\\\/infocul.pt\\\/arquivo\\\/\",\"name\":\"Infocul.pt - Arquivo Digital\",\"description\":\"Arquivo digital da Infocul.pt\",\"publisher\":{\"@id\":\"https:\\\/\\\/infocul.pt\\\/arquivo\\\/#organization\"},\"potentialAction\":[{\"@type\":\"SearchAction\",\"target\":{\"@type\":\"EntryPoint\",\"urlTemplate\":\"https:\\\/\\\/infocul.pt\\\/arquivo\\\/?s={search_term_string}\"},\"query-input\":{\"@type\":\"PropertyValueSpecification\",\"valueRequired\":true,\"valueName\":\"search_term_string\"}}],\"inLanguage\":\"pt-PT\"},{\"@type\":\"Organization\",\"@id\":\"https:\\\/\\\/infocul.pt\\\/arquivo\\\/#organization\",\"name\":\"Infocul.pt\",\"url\":\"https:\\\/\\\/infocul.pt\\\/arquivo\\\/\",\"logo\":{\"@type\":\"ImageObject\",\"inLanguage\":\"pt-PT\",\"@id\":\"https:\\\/\\\/infocul.pt\\\/arquivo\\\/#\\\/schema\\\/logo\\\/image\\\/\",\"url\":\"https:\\\/\\\/infocul.pt\\\/arquivo\\\/wp-content\\\/uploads\\\/2018\\\/12\\\/Infocul_logo-1.png\",\"contentUrl\":\"https:\\\/\\\/infocul.pt\\\/arquivo\\\/wp-content\\\/uploads\\\/2018\\\/12\\\/Infocul_logo-1.png\",\"width\":800,\"height\":800,\"caption\":\"Infocul.pt\"},\"image\":{\"@id\":\"https:\\\/\\\/infocul.pt\\\/arquivo\\\/#\\\/schema\\\/logo\\\/image\\\/\"},\"sameAs\":[\"https:\\\/\\\/www.facebook.com\\\/Infocul-147816815585015\\\/\",\"https:\\\/\\\/x.com\\\/Infoculpt\",\"http:\\\/\\\/www.pictaram.com\\\/user\\\/infocul.pt\\\/2370423710\",\"https:\\\/\\\/www.youtube.com\\\/channel\\\/UCYEB91AGI9FL9ek2i_IaQAA\"]},{\"@type\":\"Person\",\"@id\":\"https:\\\/\\\/infocul.pt\\\/arquivo\\\/#\\\/schema\\\/person\\\/f243f45ae8d67639120a7586884f3abc\",\"name\":\"Redac\u00e7\u00e3o\",\"image\":{\"@type\":\"ImageObject\",\"inLanguage\":\"pt-PT\",\"@id\":\"https:\\\/\\\/secure.gravatar.com\\\/avatar\\\/151b1b76c598ab5e749407223bd6c1bad4e41c4e95de3c3df83540ebee2deaf8?s=96&d=mm&r=g\",\"url\":\"https:\\\/\\\/secure.gravatar.com\\\/avatar\\\/151b1b76c598ab5e749407223bd6c1bad4e41c4e95de3c3df83540ebee2deaf8?s=96&d=mm&r=g\",\"contentUrl\":\"https:\\\/\\\/secure.gravatar.com\\\/avatar\\\/151b1b76c598ab5e749407223bd6c1bad4e41c4e95de3c3df83540ebee2deaf8?s=96&d=mm&r=g\",\"caption\":\"Redac\u00e7\u00e3o\"}}]}<\/script>\n<!-- \/ Yoast SEO plugin. -->","yoast_head_json":{"title":"Marco Delgado ser\u00e1 Marcelo Barros em Rainha das Flores | Infocul.pt - Arquivo Digital","description":"Marco Delgado ser\u00e1 Marcelo Barros em Rainha das Flores | Infocul.pt - Arquivo Digital","robots":{"index":"noindex","follow":"follow","max-snippet":"max-snippet:-1","max-image-preview":"max-image-preview:large","max-video-preview":"max-video-preview:-1"},"og_locale":"pt_PT","og_type":"article","og_title":"Marco Delgado ser\u00e1 Marcelo Barros em Rainha das Flores | Infocul.pt - Arquivo Digital","og_description":"Marco Delgado ser\u00e1 Marcelo Barros em Rainha das Flores | Infocul.pt - Arquivo Digital","og_url":"https:\/\/infocul.pt\/arquivo\/actualidade\/marco-delgado-sera-marcelo-barros-em-rainha-das-flores\/","og_site_name":"Infocul.pt - Arquivo Digital","article_publisher":"https:\/\/www.facebook.com\/Infocul-147816815585015\/","article_published_time":"2016-04-04T22:12:00+00:00","og_image":[{"width":620,"height":413,"url":"https:\/\/infocul.pt\/arquivo\/wp-content\/uploads\/2016\/04\/Marco-Delgado-03.jpg","type":"image\/jpeg"}],"author":"Redac\u00e7\u00e3o","twitter_card":"summary_large_image","twitter_creator":"@Infoculpt","twitter_site":"@Infoculpt","twitter_misc":{"Escrito por":"Redac\u00e7\u00e3o","Tempo estimado de leitura":"3 minutos"},"schema":{"@context":"https:\/\/schema.org","@graph":[{"@type":"Article","@id":"https:\/\/infocul.pt\/arquivo\/actualidade\/marco-delgado-sera-marcelo-barros-em-rainha-das-flores\/#article","isPartOf":{"@id":"https:\/\/infocul.pt\/arquivo\/actualidade\/marco-delgado-sera-marcelo-barros-em-rainha-das-flores\/"},"author":{"name":"Redac\u00e7\u00e3o","@id":"https:\/\/infocul.pt\/arquivo\/#\/schema\/person\/f243f45ae8d67639120a7586884f3abc"},"headline":"Marco Delgado ser\u00e1 Marcelo Barros em Rainha das Flores","datePublished":"2016-04-04T22:12:00+00:00","mainEntityOfPage":{"@id":"https:\/\/infocul.pt\/arquivo\/actualidade\/marco-delgado-sera-marcelo-barros-em-rainha-das-flores\/"},"wordCount":547,"commentCount":0,"publisher":{"@id":"https:\/\/infocul.pt\/arquivo\/#organization"},"image":{"@id":"https:\/\/infocul.pt\/arquivo\/actualidade\/marco-delgado-sera-marcelo-barros-em-rainha-das-flores\/#primaryimage"},"thumbnailUrl":"https:\/\/infocul.pt\/arquivo\/wp-content\/uploads\/2016\/04\/Marco-Delgado-03.jpg","keywords":["Marco Delgado","Rainha das Flores","SIC"],"articleSection":["Actualidade","Televis\u00e3o"],"inLanguage":"pt-PT"},{"@type":"WebPage","@id":"https:\/\/infocul.pt\/arquivo\/actualidade\/marco-delgado-sera-marcelo-barros-em-rainha-das-flores\/","url":"https:\/\/infocul.pt\/arquivo\/actualidade\/marco-delgado-sera-marcelo-barros-em-rainha-das-flores\/","name":"Marco Delgado ser\u00e1 Marcelo Barros em Rainha das Flores | Infocul.pt - Arquivo Digital","isPartOf":{"@id":"https:\/\/infocul.pt\/arquivo\/#website"},"primaryImageOfPage":{"@id":"https:\/\/infocul.pt\/arquivo\/actualidade\/marco-delgado-sera-marcelo-barros-em-rainha-das-flores\/#primaryimage"},"image":{"@id":"https:\/\/infocul.pt\/arquivo\/actualidade\/marco-delgado-sera-marcelo-barros-em-rainha-das-flores\/#primaryimage"},"thumbnailUrl":"https:\/\/infocul.pt\/arquivo\/wp-content\/uploads\/2016\/04\/Marco-Delgado-03.jpg","datePublished":"2016-04-04T22:12:00+00:00","description":"Marco Delgado ser\u00e1 Marcelo Barros em Rainha das Flores | Infocul.pt - Arquivo Digital","breadcrumb":{"@id":"https:\/\/infocul.pt\/arquivo\/actualidade\/marco-delgado-sera-marcelo-barros-em-rainha-das-flores\/#breadcrumb"},"inLanguage":"pt-PT","potentialAction":[{"@type":"ReadAction","target":["https:\/\/infocul.pt\/arquivo\/actualidade\/marco-delgado-sera-marcelo-barros-em-rainha-das-flores\/"]}]},{"@type":"ImageObject","inLanguage":"pt-PT","@id":"https:\/\/infocul.pt\/arquivo\/actualidade\/marco-delgado-sera-marcelo-barros-em-rainha-das-flores\/#primaryimage","url":"https:\/\/infocul.pt\/arquivo\/wp-content\/uploads\/2016\/04\/Marco-Delgado-03.jpg","contentUrl":"https:\/\/infocul.pt\/arquivo\/wp-content\/uploads\/2016\/04\/Marco-Delgado-03.jpg","width":620,"height":413},{"@type":"BreadcrumbList","@id":"https:\/\/infocul.pt\/arquivo\/actualidade\/marco-delgado-sera-marcelo-barros-em-rainha-das-flores\/#breadcrumb","itemListElement":[{"@type":"ListItem","position":1,"name":"Home","item":"https:\/\/infocul.pt\/arquivo\/"},{"@type":"ListItem","position":2,"name":"Marco Delgado ser\u00e1 Marcelo Barros em Rainha das Flores"}]},{"@type":"WebSite","@id":"https:\/\/infocul.pt\/arquivo\/#website","url":"https:\/\/infocul.pt\/arquivo\/","name":"Infocul.pt - Arquivo Digital","description":"Arquivo digital da Infocul.pt","publisher":{"@id":"https:\/\/infocul.pt\/arquivo\/#organization"},"potentialAction":[{"@type":"SearchAction","target":{"@type":"EntryPoint","urlTemplate":"https:\/\/infocul.pt\/arquivo\/?s={search_term_string}"},"query-input":{"@type":"PropertyValueSpecification","valueRequired":true,"valueName":"search_term_string"}}],"inLanguage":"pt-PT"},{"@type":"Organization","@id":"https:\/\/infocul.pt\/arquivo\/#organization","name":"Infocul.pt","url":"https:\/\/infocul.pt\/arquivo\/","logo":{"@type":"ImageObject","inLanguage":"pt-PT","@id":"https:\/\/infocul.pt\/arquivo\/#\/schema\/logo\/image\/","url":"https:\/\/infocul.pt\/arquivo\/wp-content\/uploads\/2018\/12\/Infocul_logo-1.png","contentUrl":"https:\/\/infocul.pt\/arquivo\/wp-content\/uploads\/2018\/12\/Infocul_logo-1.png","width":800,"height":800,"caption":"Infocul.pt"},"image":{"@id":"https:\/\/infocul.pt\/arquivo\/#\/schema\/logo\/image\/"},"sameAs":["https:\/\/www.facebook.com\/Infocul-147816815585015\/","https:\/\/x.com\/Infoculpt","http:\/\/www.pictaram.com\/user\/infocul.pt\/2370423710","https:\/\/www.youtube.com\/channel\/UCYEB91AGI9FL9ek2i_IaQAA"]},{"@type":"Person","@id":"https:\/\/infocul.pt\/arquivo\/#\/schema\/person\/f243f45ae8d67639120a7586884f3abc","name":"Redac\u00e7\u00e3o","image":{"@type":"ImageObject","inLanguage":"pt-PT","@id":"https:\/\/secure.gravatar.com\/avatar\/151b1b76c598ab5e749407223bd6c1bad4e41c4e95de3c3df83540ebee2deaf8?s=96&d=mm&r=g","url":"https:\/\/secure.gravatar.com\/avatar\/151b1b76c598ab5e749407223bd6c1bad4e41c4e95de3c3df83540ebee2deaf8?s=96&d=mm&r=g","contentUrl":"https:\/\/secure.gravatar.com\/avatar\/151b1b76c598ab5e749407223bd6c1bad4e41c4e95de3c3df83540ebee2deaf8?s=96&d=mm&r=g","caption":"Redac\u00e7\u00e3o"}}]}},"_links":{"self":[{"href":"https:\/\/infocul.pt\/arquivo\/wp-json\/wp\/v2\/posts\/5419","targetHints":{"allow":["GET"]}}],"collection":[{"href":"https:\/\/infocul.pt\/arquivo\/wp-json\/wp\/v2\/posts"}],"about":[{"href":"https:\/\/infocul.pt\/arquivo\/wp-json\/wp\/v2\/types\/post"}],"author":[{"embeddable":true,"href":"https:\/\/infocul.pt\/arquivo\/wp-json\/wp\/v2\/users\/13"}],"replies":[{"embeddable":true,"href":"https:\/\/infocul.pt\/arquivo\/wp-json\/wp\/v2\/comments?post=5419"}],"version-history":[{"count":0,"href":"https:\/\/infocul.pt\/arquivo\/wp-json\/wp\/v2\/posts\/5419\/revisions"}],"wp:featuredmedia":[{"embeddable":true,"href":"https:\/\/infocul.pt\/arquivo\/wp-json\/wp\/v2\/media\/5420"}],"wp:attachment":[{"href":"https:\/\/infocul.pt\/arquivo\/wp-json\/wp\/v2\/media?parent=5419"}],"wp:term":[{"taxonomy":"category","embeddable":true,"href":"https:\/\/infocul.pt\/arquivo\/wp-json\/wp\/v2\/categories?post=5419"},{"taxonomy":"post_tag","embeddable":true,"href":"https:\/\/infocul.pt\/arquivo\/wp-json\/wp\/v2\/tags?post=5419"}],"curies":[{"name":"wp","href":"https:\/\/api.w.org\/{rel}","templated":true}]}}