{"id":5491,"date":"2016-04-06T18:22:40","date_gmt":"2016-04-06T18:22:40","guid":{"rendered":"http:\/\/infocul.pt\/?p=5491"},"modified":"2016-04-06T18:23:13","modified_gmt":"2016-04-06T18:23:13","slug":"leonor-seixas-sera-beatriz-correia-em-rainha-das-flores","status":"publish","type":"post","link":"https:\/\/infocul.pt\/arquivo\/actualidade\/leonor-seixas-sera-beatriz-correia-em-rainha-das-flores\/","title":{"rendered":"Leonor Seixas ser\u00e1 Beatriz Correia em &#8220;Rainha das Flores&#8221;"},"content":{"rendered":"<p>\t<img decoding=\"async\" width=\"619\" height=\"413\" class=\"so-widget-image lazyload\" style=\"--smush-placeholder-width: 619px; --smush-placeholder-aspect-ratio: 619\/413;height: auto; display: block; max-width: 100%;\" data-src=\"http:\/\/infocul.pt\/wp-content\/uploads\/2016\/04\/Leonor-Seixas-02.jpg\" src=\"data:image\/svg+xml;base64,PHN2ZyB3aWR0aD0iMSIgaGVpZ2h0PSIxIiB4bWxucz0iaHR0cDovL3d3dy53My5vcmcvMjAwMC9zdmciPjwvc3ZnPg==\"><\/p>\n<p><span style=\"color: rgb(0, 0, 0); font-family: Calibri;\"><strong>Leonor Seixas integra a nova novela da SIC. A actriz saiu de &#8220;A \u00danica Mulher&#8221; directamente para &#8220;Rainha das Flores. Leonor Seixas \u00e9 um dos nomes fortes do elenco da nova novela da SIC, Rainha das Flores. A artista j\u00e1 realizou alguns trabalhos nos Estados Unidos. Leonor Seixas chegou a participar na s\u00e9rie americana,&#8221; Glee&#8221;.<\/strong> <\/span><\/p>\n<h3>&nbsp;<\/h3>\n<p>&#8220;<strong>Continuo com a minha vida entre c\u00e1 e l\u00e1. Eles s\u00e3o uns queridos e deixam-me fugir de vez em quando para os Estados Unidos para fazer umas coisas. Esta temporada \u00e9 mais duradoura mas irei l\u00e1 pelo menos duas vezes. N\u00e3o \u00e9 muito comum fazer duas novelas seguidas. Aproveito essas paragens para fazer alguns espect\u00e1culos. Tenho uns espect\u00e1culos de poesia em Cabo Verde. Agora estou aqui e estou concentrada nisto. \u00c9 muito tempo de novela<\/strong>&#8220;, conta a actriz.<\/p>\n<p>&nbsp;<\/p>\n<p>&nbsp;<\/p>\n<p>Nesta novela vai ser Beatriz Correia, ex. mulher de Marcelo Barros , interpretado por Marco Delgado. O nascimento do filho, Nuno ( Bruno Lagrange) mudou-a 100%. V\u00ea o mundo como um s\u00edtio perigoso para uma crian\u00e7a crescer. \u00c9 contra o fast-food, os antibi\u00f3ticos e as escolas pois acha que elas desrespeitam o indiv\u00edduo. Quer que o filho seja diferente de todos os outros; tanto a n\u00edvel f\u00edsico, de sa\u00fade ou psicol\u00f3gico.<\/p>\n<p>&nbsp;<\/p>\n<p>Mas ser\u00e1 que existe alguma diferen\u00e7a nos ritmos de trabalho nas duas esta\u00e7\u00f5es? &#8220;<strong>Eu n\u00e3o sinto muita diferen\u00e7a porque sempre trabalhei nos dois canais. Eu sempre trabalhei na RTP, SIC ou TVI. Nunca fui cara de nenhum canal, nunca tive exclusividade. Foi muito tempo de novela. Foi a altura certa mas custa sempre dizer adeus. \u00c9 sempre uma morte, \u00e9 sempre uma separa\u00e7\u00e3o. Foi muito bom pois j\u00e1 estava com a Catarina no Teatro Aberto. Esta Beatriz j\u00e1 estava a nascer. Deu para distrair mais rapidamente mas custa sempre dizer adeus a uma personagem, finalizar um projecto. Todos os projectos t\u00eam o seu tempo<\/strong>&#8220;, diz Leonor Seixas. E este \u00e9 o momento de &#8220;Rainha das Flores&#8221;. da SIC, e &#8220;Boas Pessoas&#8221;, no Teatro Aberto.<\/p>\n<p>&nbsp;<\/p>\n<p>&nbsp;<\/p>\n<p>Na novela vai ser Beatriz. Esta vai chocar muito com o ex-marido pois ambos t\u00eam vis\u00f5es diferentes de como deve ser a educa\u00e7\u00e3o do filho. Mas com quem a personagem se vai envolver nesta novela? &#8220;<strong>Marco Delgado e depois vou ter mais dois casos. Mas \u00e9 melhor ainda n\u00e3o dizer nada. Acima de tudo, o grande amor dela \u00e9 pelo filho<\/strong>&#8220;, conta a mais nova actriz da SIC.<\/p>\n<p>&nbsp;<\/p>\n<p>&nbsp;<\/p>\n<p>A personagem de Leonor Seixas tamb\u00e9m vai andar pelo Clube Alian\u00e7a, onde d\u00e1 aulas de aer\u00f3bica. \u00c9 neste local que conhece Carmen e o filho, Daniel, com quem ter\u00e1 uma rela\u00e7\u00e3o muito pr\u00f3xima. Para ela, Daniel \u00e9 tudo aquilo que Marcelo n\u00e3o \u00e9.<\/p>\n<p>&nbsp;<\/p>\n<p>&nbsp;<\/p>\n<p>&#8220;<strong>Ela \u00e9 meio hippie com um filho louro de olhos azuis. \u00c9 muito parecido com os pais!<\/strong> ( Risos)&#8230; <strong>Estou a adorar fazer isto com ele pois \u00e9 um mi\u00fado muito giro. Trabalhamos pouco mas deu para ver uma grande for\u00e7a nos ensaios. A minha personagem \u00e9 professora de aer\u00f3bica<\/strong>&#8220;, revelando mais um pouco sobre esta nova personagem.<\/p>\n<p>&nbsp;<\/p>\n<p>&nbsp;<\/p>\n<p>Rainha das Flores estreia, para o lugar de Poderosas, em Maio, na SIC.<\/p>\n","protected":false},"excerpt":{"rendered":"<p>Leonor Seixas integra a nova novela da SIC. A actriz saiu de &#8220;A \u00danica Mulher&#8221; directamente para &#8220;Rainha das Flores. Leonor Seixas \u00e9 um dos nomes fortes do elenco da nova novela da SIC, Rainha das Flores. A artista j\u00e1 realizou alguns trabalhos nos Estados Unidos. Leonor Seixas chegou a participar na s\u00e9rie americana,&#8221; Glee&#8221;. [&hellip;]<\/p>\n","protected":false},"author":13,"featured_media":5492,"comment_status":"open","ping_status":"closed","sticky":false,"template":"","format":"standard","meta":{"footnotes":""},"categories":[10,14],"tags":[974,838,534],"class_list":["post-5491","post","type-post","status-publish","format-standard","has-post-thumbnail","hentry","category-actualidade","category-televisao","tag-leonor-seixas","tag-rainha-das-flores","tag-sic"],"yoast_head":"<!-- This site is optimized with the Yoast SEO plugin v27.4 - https:\/\/yoast.com\/product\/yoast-seo-wordpress\/ -->\n<title>Leonor Seixas ser\u00e1 Beatriz Correia em &quot;Rainha das Flores&quot; | Infocul.pt - Arquivo Digital<\/title>\n<meta name=\"description\" content=\"Leonor Seixas ser\u00e1 Beatriz Correia em &quot;Rainha das Flores&quot; | Infocul.pt - Arquivo Digital\" \/>\n<meta name=\"robots\" content=\"noindex, follow, max-snippet:-1, max-image-preview:large, max-video-preview:-1\" \/>\n<meta property=\"og:locale\" content=\"pt_PT\" \/>\n<meta property=\"og:type\" content=\"article\" \/>\n<meta property=\"og:title\" content=\"Leonor Seixas ser\u00e1 Beatriz Correia em &quot;Rainha das Flores&quot; | Infocul.pt - Arquivo Digital\" \/>\n<meta property=\"og:description\" content=\"Leonor Seixas ser\u00e1 Beatriz Correia em &quot;Rainha das Flores&quot; | Infocul.pt - Arquivo Digital\" \/>\n<meta property=\"og:url\" content=\"https:\/\/infocul.pt\/arquivo\/actualidade\/leonor-seixas-sera-beatriz-correia-em-rainha-das-flores\/\" \/>\n<meta property=\"og:site_name\" content=\"Infocul.pt - Arquivo Digital\" \/>\n<meta property=\"article:publisher\" content=\"https:\/\/www.facebook.com\/Infocul-147816815585015\/\" \/>\n<meta property=\"article:published_time\" content=\"2016-04-06T18:22:40+00:00\" \/>\n<meta property=\"article:modified_time\" content=\"2016-04-06T18:23:13+00:00\" \/>\n<meta property=\"og:image\" content=\"https:\/\/infocul.pt\/arquivo\/wp-content\/uploads\/2016\/04\/Leonor-Seixas-02.jpg\" \/>\n\t<meta property=\"og:image:width\" content=\"619\" \/>\n\t<meta property=\"og:image:height\" content=\"413\" \/>\n\t<meta property=\"og:image:type\" content=\"image\/jpeg\" \/>\n<meta name=\"author\" content=\"Redac\u00e7\u00e3o\" \/>\n<meta name=\"twitter:card\" content=\"summary_large_image\" \/>\n<meta name=\"twitter:creator\" content=\"@Infoculpt\" \/>\n<meta name=\"twitter:site\" content=\"@Infoculpt\" \/>\n<meta name=\"twitter:label1\" content=\"Escrito por\" \/>\n\t<meta name=\"twitter:data1\" content=\"Redac\u00e7\u00e3o\" \/>\n\t<meta name=\"twitter:label2\" content=\"Tempo estimado de leitura\" \/>\n\t<meta name=\"twitter:data2\" content=\"3 minutos\" \/>\n<script type=\"application\/ld+json\" class=\"yoast-schema-graph\">{\"@context\":\"https:\\\/\\\/schema.org\",\"@graph\":[{\"@type\":\"Article\",\"@id\":\"https:\\\/\\\/infocul.pt\\\/arquivo\\\/actualidade\\\/leonor-seixas-sera-beatriz-correia-em-rainha-das-flores\\\/#article\",\"isPartOf\":{\"@id\":\"https:\\\/\\\/infocul.pt\\\/arquivo\\\/actualidade\\\/leonor-seixas-sera-beatriz-correia-em-rainha-das-flores\\\/\"},\"author\":{\"name\":\"Redac\u00e7\u00e3o\",\"@id\":\"https:\\\/\\\/infocul.pt\\\/arquivo\\\/#\\\/schema\\\/person\\\/f243f45ae8d67639120a7586884f3abc\"},\"headline\":\"Leonor Seixas ser\u00e1 Beatriz Correia em &#8220;Rainha das Flores&#8221;\",\"datePublished\":\"2016-04-06T18:22:40+00:00\",\"dateModified\":\"2016-04-06T18:23:13+00:00\",\"mainEntityOfPage\":{\"@id\":\"https:\\\/\\\/infocul.pt\\\/arquivo\\\/actualidade\\\/leonor-seixas-sera-beatriz-correia-em-rainha-das-flores\\\/\"},\"wordCount\":542,\"commentCount\":0,\"publisher\":{\"@id\":\"https:\\\/\\\/infocul.pt\\\/arquivo\\\/#organization\"},\"image\":{\"@id\":\"https:\\\/\\\/infocul.pt\\\/arquivo\\\/actualidade\\\/leonor-seixas-sera-beatriz-correia-em-rainha-das-flores\\\/#primaryimage\"},\"thumbnailUrl\":\"https:\\\/\\\/infocul.pt\\\/arquivo\\\/wp-content\\\/uploads\\\/2016\\\/04\\\/Leonor-Seixas-02.jpg\",\"keywords\":[\"Leonor Seixas\",\"Rainha das Flores\",\"SIC\"],\"articleSection\":[\"Actualidade\",\"Televis\u00e3o\"],\"inLanguage\":\"pt-PT\"},{\"@type\":\"WebPage\",\"@id\":\"https:\\\/\\\/infocul.pt\\\/arquivo\\\/actualidade\\\/leonor-seixas-sera-beatriz-correia-em-rainha-das-flores\\\/\",\"url\":\"https:\\\/\\\/infocul.pt\\\/arquivo\\\/actualidade\\\/leonor-seixas-sera-beatriz-correia-em-rainha-das-flores\\\/\",\"name\":\"Leonor Seixas ser\u00e1 Beatriz Correia em \\\"Rainha das Flores\\\" | Infocul.pt - Arquivo Digital\",\"isPartOf\":{\"@id\":\"https:\\\/\\\/infocul.pt\\\/arquivo\\\/#website\"},\"primaryImageOfPage\":{\"@id\":\"https:\\\/\\\/infocul.pt\\\/arquivo\\\/actualidade\\\/leonor-seixas-sera-beatriz-correia-em-rainha-das-flores\\\/#primaryimage\"},\"image\":{\"@id\":\"https:\\\/\\\/infocul.pt\\\/arquivo\\\/actualidade\\\/leonor-seixas-sera-beatriz-correia-em-rainha-das-flores\\\/#primaryimage\"},\"thumbnailUrl\":\"https:\\\/\\\/infocul.pt\\\/arquivo\\\/wp-content\\\/uploads\\\/2016\\\/04\\\/Leonor-Seixas-02.jpg\",\"datePublished\":\"2016-04-06T18:22:40+00:00\",\"dateModified\":\"2016-04-06T18:23:13+00:00\",\"description\":\"Leonor Seixas ser\u00e1 Beatriz Correia em \\\"Rainha das Flores\\\" | Infocul.pt - Arquivo Digital\",\"breadcrumb\":{\"@id\":\"https:\\\/\\\/infocul.pt\\\/arquivo\\\/actualidade\\\/leonor-seixas-sera-beatriz-correia-em-rainha-das-flores\\\/#breadcrumb\"},\"inLanguage\":\"pt-PT\",\"potentialAction\":[{\"@type\":\"ReadAction\",\"target\":[\"https:\\\/\\\/infocul.pt\\\/arquivo\\\/actualidade\\\/leonor-seixas-sera-beatriz-correia-em-rainha-das-flores\\\/\"]}]},{\"@type\":\"ImageObject\",\"inLanguage\":\"pt-PT\",\"@id\":\"https:\\\/\\\/infocul.pt\\\/arquivo\\\/actualidade\\\/leonor-seixas-sera-beatriz-correia-em-rainha-das-flores\\\/#primaryimage\",\"url\":\"https:\\\/\\\/infocul.pt\\\/arquivo\\\/wp-content\\\/uploads\\\/2016\\\/04\\\/Leonor-Seixas-02.jpg\",\"contentUrl\":\"https:\\\/\\\/infocul.pt\\\/arquivo\\\/wp-content\\\/uploads\\\/2016\\\/04\\\/Leonor-Seixas-02.jpg\",\"width\":619,\"height\":413},{\"@type\":\"BreadcrumbList\",\"@id\":\"https:\\\/\\\/infocul.pt\\\/arquivo\\\/actualidade\\\/leonor-seixas-sera-beatriz-correia-em-rainha-das-flores\\\/#breadcrumb\",\"itemListElement\":[{\"@type\":\"ListItem\",\"position\":1,\"name\":\"Home\",\"item\":\"https:\\\/\\\/infocul.pt\\\/arquivo\\\/\"},{\"@type\":\"ListItem\",\"position\":2,\"name\":\"Leonor Seixas ser\u00e1 Beatriz Correia em &#8220;Rainha das Flores&#8221;\"}]},{\"@type\":\"WebSite\",\"@id\":\"https:\\\/\\\/infocul.pt\\\/arquivo\\\/#website\",\"url\":\"https:\\\/\\\/infocul.pt\\\/arquivo\\\/\",\"name\":\"Infocul.pt - Arquivo Digital\",\"description\":\"Arquivo digital da Infocul.pt\",\"publisher\":{\"@id\":\"https:\\\/\\\/infocul.pt\\\/arquivo\\\/#organization\"},\"potentialAction\":[{\"@type\":\"SearchAction\",\"target\":{\"@type\":\"EntryPoint\",\"urlTemplate\":\"https:\\\/\\\/infocul.pt\\\/arquivo\\\/?s={search_term_string}\"},\"query-input\":{\"@type\":\"PropertyValueSpecification\",\"valueRequired\":true,\"valueName\":\"search_term_string\"}}],\"inLanguage\":\"pt-PT\"},{\"@type\":\"Organization\",\"@id\":\"https:\\\/\\\/infocul.pt\\\/arquivo\\\/#organization\",\"name\":\"Infocul.pt\",\"url\":\"https:\\\/\\\/infocul.pt\\\/arquivo\\\/\",\"logo\":{\"@type\":\"ImageObject\",\"inLanguage\":\"pt-PT\",\"@id\":\"https:\\\/\\\/infocul.pt\\\/arquivo\\\/#\\\/schema\\\/logo\\\/image\\\/\",\"url\":\"https:\\\/\\\/infocul.pt\\\/arquivo\\\/wp-content\\\/uploads\\\/2018\\\/12\\\/Infocul_logo-1.png\",\"contentUrl\":\"https:\\\/\\\/infocul.pt\\\/arquivo\\\/wp-content\\\/uploads\\\/2018\\\/12\\\/Infocul_logo-1.png\",\"width\":800,\"height\":800,\"caption\":\"Infocul.pt\"},\"image\":{\"@id\":\"https:\\\/\\\/infocul.pt\\\/arquivo\\\/#\\\/schema\\\/logo\\\/image\\\/\"},\"sameAs\":[\"https:\\\/\\\/www.facebook.com\\\/Infocul-147816815585015\\\/\",\"https:\\\/\\\/x.com\\\/Infoculpt\",\"http:\\\/\\\/www.pictaram.com\\\/user\\\/infocul.pt\\\/2370423710\",\"https:\\\/\\\/www.youtube.com\\\/channel\\\/UCYEB91AGI9FL9ek2i_IaQAA\"]},{\"@type\":\"Person\",\"@id\":\"https:\\\/\\\/infocul.pt\\\/arquivo\\\/#\\\/schema\\\/person\\\/f243f45ae8d67639120a7586884f3abc\",\"name\":\"Redac\u00e7\u00e3o\",\"image\":{\"@type\":\"ImageObject\",\"inLanguage\":\"pt-PT\",\"@id\":\"https:\\\/\\\/secure.gravatar.com\\\/avatar\\\/151b1b76c598ab5e749407223bd6c1bad4e41c4e95de3c3df83540ebee2deaf8?s=96&d=mm&r=g\",\"url\":\"https:\\\/\\\/secure.gravatar.com\\\/avatar\\\/151b1b76c598ab5e749407223bd6c1bad4e41c4e95de3c3df83540ebee2deaf8?s=96&d=mm&r=g\",\"contentUrl\":\"https:\\\/\\\/secure.gravatar.com\\\/avatar\\\/151b1b76c598ab5e749407223bd6c1bad4e41c4e95de3c3df83540ebee2deaf8?s=96&d=mm&r=g\",\"caption\":\"Redac\u00e7\u00e3o\"}}]}<\/script>\n<!-- \/ Yoast SEO plugin. -->","yoast_head_json":{"title":"Leonor Seixas ser\u00e1 Beatriz Correia em \"Rainha das Flores\" | Infocul.pt - Arquivo Digital","description":"Leonor Seixas ser\u00e1 Beatriz Correia em \"Rainha das Flores\" | Infocul.pt - Arquivo Digital","robots":{"index":"noindex","follow":"follow","max-snippet":"max-snippet:-1","max-image-preview":"max-image-preview:large","max-video-preview":"max-video-preview:-1"},"og_locale":"pt_PT","og_type":"article","og_title":"Leonor Seixas ser\u00e1 Beatriz Correia em \"Rainha das Flores\" | Infocul.pt - Arquivo Digital","og_description":"Leonor Seixas ser\u00e1 Beatriz Correia em \"Rainha das Flores\" | Infocul.pt - Arquivo Digital","og_url":"https:\/\/infocul.pt\/arquivo\/actualidade\/leonor-seixas-sera-beatriz-correia-em-rainha-das-flores\/","og_site_name":"Infocul.pt - Arquivo Digital","article_publisher":"https:\/\/www.facebook.com\/Infocul-147816815585015\/","article_published_time":"2016-04-06T18:22:40+00:00","article_modified_time":"2016-04-06T18:23:13+00:00","og_image":[{"width":619,"height":413,"url":"https:\/\/infocul.pt\/arquivo\/wp-content\/uploads\/2016\/04\/Leonor-Seixas-02.jpg","type":"image\/jpeg"}],"author":"Redac\u00e7\u00e3o","twitter_card":"summary_large_image","twitter_creator":"@Infoculpt","twitter_site":"@Infoculpt","twitter_misc":{"Escrito por":"Redac\u00e7\u00e3o","Tempo estimado de leitura":"3 minutos"},"schema":{"@context":"https:\/\/schema.org","@graph":[{"@type":"Article","@id":"https:\/\/infocul.pt\/arquivo\/actualidade\/leonor-seixas-sera-beatriz-correia-em-rainha-das-flores\/#article","isPartOf":{"@id":"https:\/\/infocul.pt\/arquivo\/actualidade\/leonor-seixas-sera-beatriz-correia-em-rainha-das-flores\/"},"author":{"name":"Redac\u00e7\u00e3o","@id":"https:\/\/infocul.pt\/arquivo\/#\/schema\/person\/f243f45ae8d67639120a7586884f3abc"},"headline":"Leonor Seixas ser\u00e1 Beatriz Correia em &#8220;Rainha das Flores&#8221;","datePublished":"2016-04-06T18:22:40+00:00","dateModified":"2016-04-06T18:23:13+00:00","mainEntityOfPage":{"@id":"https:\/\/infocul.pt\/arquivo\/actualidade\/leonor-seixas-sera-beatriz-correia-em-rainha-das-flores\/"},"wordCount":542,"commentCount":0,"publisher":{"@id":"https:\/\/infocul.pt\/arquivo\/#organization"},"image":{"@id":"https:\/\/infocul.pt\/arquivo\/actualidade\/leonor-seixas-sera-beatriz-correia-em-rainha-das-flores\/#primaryimage"},"thumbnailUrl":"https:\/\/infocul.pt\/arquivo\/wp-content\/uploads\/2016\/04\/Leonor-Seixas-02.jpg","keywords":["Leonor Seixas","Rainha das Flores","SIC"],"articleSection":["Actualidade","Televis\u00e3o"],"inLanguage":"pt-PT"},{"@type":"WebPage","@id":"https:\/\/infocul.pt\/arquivo\/actualidade\/leonor-seixas-sera-beatriz-correia-em-rainha-das-flores\/","url":"https:\/\/infocul.pt\/arquivo\/actualidade\/leonor-seixas-sera-beatriz-correia-em-rainha-das-flores\/","name":"Leonor Seixas ser\u00e1 Beatriz Correia em \"Rainha das Flores\" | Infocul.pt - Arquivo Digital","isPartOf":{"@id":"https:\/\/infocul.pt\/arquivo\/#website"},"primaryImageOfPage":{"@id":"https:\/\/infocul.pt\/arquivo\/actualidade\/leonor-seixas-sera-beatriz-correia-em-rainha-das-flores\/#primaryimage"},"image":{"@id":"https:\/\/infocul.pt\/arquivo\/actualidade\/leonor-seixas-sera-beatriz-correia-em-rainha-das-flores\/#primaryimage"},"thumbnailUrl":"https:\/\/infocul.pt\/arquivo\/wp-content\/uploads\/2016\/04\/Leonor-Seixas-02.jpg","datePublished":"2016-04-06T18:22:40+00:00","dateModified":"2016-04-06T18:23:13+00:00","description":"Leonor Seixas ser\u00e1 Beatriz Correia em \"Rainha das Flores\" | Infocul.pt - Arquivo Digital","breadcrumb":{"@id":"https:\/\/infocul.pt\/arquivo\/actualidade\/leonor-seixas-sera-beatriz-correia-em-rainha-das-flores\/#breadcrumb"},"inLanguage":"pt-PT","potentialAction":[{"@type":"ReadAction","target":["https:\/\/infocul.pt\/arquivo\/actualidade\/leonor-seixas-sera-beatriz-correia-em-rainha-das-flores\/"]}]},{"@type":"ImageObject","inLanguage":"pt-PT","@id":"https:\/\/infocul.pt\/arquivo\/actualidade\/leonor-seixas-sera-beatriz-correia-em-rainha-das-flores\/#primaryimage","url":"https:\/\/infocul.pt\/arquivo\/wp-content\/uploads\/2016\/04\/Leonor-Seixas-02.jpg","contentUrl":"https:\/\/infocul.pt\/arquivo\/wp-content\/uploads\/2016\/04\/Leonor-Seixas-02.jpg","width":619,"height":413},{"@type":"BreadcrumbList","@id":"https:\/\/infocul.pt\/arquivo\/actualidade\/leonor-seixas-sera-beatriz-correia-em-rainha-das-flores\/#breadcrumb","itemListElement":[{"@type":"ListItem","position":1,"name":"Home","item":"https:\/\/infocul.pt\/arquivo\/"},{"@type":"ListItem","position":2,"name":"Leonor Seixas ser\u00e1 Beatriz Correia em &#8220;Rainha das Flores&#8221;"}]},{"@type":"WebSite","@id":"https:\/\/infocul.pt\/arquivo\/#website","url":"https:\/\/infocul.pt\/arquivo\/","name":"Infocul.pt - Arquivo Digital","description":"Arquivo digital da Infocul.pt","publisher":{"@id":"https:\/\/infocul.pt\/arquivo\/#organization"},"potentialAction":[{"@type":"SearchAction","target":{"@type":"EntryPoint","urlTemplate":"https:\/\/infocul.pt\/arquivo\/?s={search_term_string}"},"query-input":{"@type":"PropertyValueSpecification","valueRequired":true,"valueName":"search_term_string"}}],"inLanguage":"pt-PT"},{"@type":"Organization","@id":"https:\/\/infocul.pt\/arquivo\/#organization","name":"Infocul.pt","url":"https:\/\/infocul.pt\/arquivo\/","logo":{"@type":"ImageObject","inLanguage":"pt-PT","@id":"https:\/\/infocul.pt\/arquivo\/#\/schema\/logo\/image\/","url":"https:\/\/infocul.pt\/arquivo\/wp-content\/uploads\/2018\/12\/Infocul_logo-1.png","contentUrl":"https:\/\/infocul.pt\/arquivo\/wp-content\/uploads\/2018\/12\/Infocul_logo-1.png","width":800,"height":800,"caption":"Infocul.pt"},"image":{"@id":"https:\/\/infocul.pt\/arquivo\/#\/schema\/logo\/image\/"},"sameAs":["https:\/\/www.facebook.com\/Infocul-147816815585015\/","https:\/\/x.com\/Infoculpt","http:\/\/www.pictaram.com\/user\/infocul.pt\/2370423710","https:\/\/www.youtube.com\/channel\/UCYEB91AGI9FL9ek2i_IaQAA"]},{"@type":"Person","@id":"https:\/\/infocul.pt\/arquivo\/#\/schema\/person\/f243f45ae8d67639120a7586884f3abc","name":"Redac\u00e7\u00e3o","image":{"@type":"ImageObject","inLanguage":"pt-PT","@id":"https:\/\/secure.gravatar.com\/avatar\/151b1b76c598ab5e749407223bd6c1bad4e41c4e95de3c3df83540ebee2deaf8?s=96&d=mm&r=g","url":"https:\/\/secure.gravatar.com\/avatar\/151b1b76c598ab5e749407223bd6c1bad4e41c4e95de3c3df83540ebee2deaf8?s=96&d=mm&r=g","contentUrl":"https:\/\/secure.gravatar.com\/avatar\/151b1b76c598ab5e749407223bd6c1bad4e41c4e95de3c3df83540ebee2deaf8?s=96&d=mm&r=g","caption":"Redac\u00e7\u00e3o"}}]}},"_links":{"self":[{"href":"https:\/\/infocul.pt\/arquivo\/wp-json\/wp\/v2\/posts\/5491","targetHints":{"allow":["GET"]}}],"collection":[{"href":"https:\/\/infocul.pt\/arquivo\/wp-json\/wp\/v2\/posts"}],"about":[{"href":"https:\/\/infocul.pt\/arquivo\/wp-json\/wp\/v2\/types\/post"}],"author":[{"embeddable":true,"href":"https:\/\/infocul.pt\/arquivo\/wp-json\/wp\/v2\/users\/13"}],"replies":[{"embeddable":true,"href":"https:\/\/infocul.pt\/arquivo\/wp-json\/wp\/v2\/comments?post=5491"}],"version-history":[{"count":0,"href":"https:\/\/infocul.pt\/arquivo\/wp-json\/wp\/v2\/posts\/5491\/revisions"}],"wp:featuredmedia":[{"embeddable":true,"href":"https:\/\/infocul.pt\/arquivo\/wp-json\/wp\/v2\/media\/5492"}],"wp:attachment":[{"href":"https:\/\/infocul.pt\/arquivo\/wp-json\/wp\/v2\/media?parent=5491"}],"wp:term":[{"taxonomy":"category","embeddable":true,"href":"https:\/\/infocul.pt\/arquivo\/wp-json\/wp\/v2\/categories?post=5491"},{"taxonomy":"post_tag","embeddable":true,"href":"https:\/\/infocul.pt\/arquivo\/wp-json\/wp\/v2\/tags?post=5491"}],"curies":[{"name":"wp","href":"https:\/\/api.w.org\/{rel}","templated":true}]}}