{"id":55151,"date":"2019-04-05T13:47:47","date_gmt":"2019-04-05T12:47:47","guid":{"rendered":"https:\/\/infocul.pt\/?p=55151"},"modified":"2019-04-05T14:00:40","modified_gmt":"2019-04-05T13:00:40","slug":"lorigine-e-um-pecado-da-gula-da-responsabilidade-de-chakall-c-fotos","status":"publish","type":"post","link":"https:\/\/infocul.pt\/arquivo\/actualidade\/lorigine-e-um-pecado-da-gula-da-responsabilidade-de-chakall-c-fotos\/","title":{"rendered":"L&#8217;Origine \u00e9 um &#8216;Pecado da Gula&#8217; da responsabilidade de Chakall (C\/Fotos)"},"content":{"rendered":"<p><img decoding=\"async\" class=\"aligncenter wp-image-55155 size-full lazyload\" data-src=\"https:\/\/infocul.pt\/arquivo\/wp-content\/uploads\/2019\/04\/LOrigine-002-e1554467298321.jpg\" alt=\"\" width=\"800\" height=\"533\" src=\"data:image\/svg+xml;base64,PHN2ZyB3aWR0aD0iMSIgaGVpZ2h0PSIxIiB4bWxucz0iaHR0cDovL3d3dy53My5vcmcvMjAwMC9zdmciPjwvc3ZnPg==\" style=\"--smush-placeholder-width: 800px; --smush-placeholder-aspect-ratio: 800\/533;\" \/><\/p>\n<p>&nbsp;<\/p>\n<p>&nbsp;<\/p>\n<p>L\u2019Origine \u00e9 o mais recente projecto de Chakall, o conhecido Chef e entertainer, e localiza-se no Parque das Na\u00e7\u00f5es. It\u00e1lia (e n\u00e3o s\u00f3&#8230;) \u00e9 servida com personalidade, requinte, bom gosto e num espa\u00e7o que combina, bem, o contempor\u00e2neo citadino e o imagin\u00e1rio rural.<!--more--><\/p>\n<p>O espa\u00e7o, sito na Rua Alfredo Pimenta, 103, conta com dois andares. O r\u00e9s-do-ch\u00e3o no qual est\u00e3o os pizzaiolos e um forno de bonito design. Neste piso destaca-se a decora\u00e7\u00e3o citadina, com pequenos tra\u00e7os que nos remetem para a tradi\u00e7\u00e3o como o candeeiro rodeado de garrafas de vinho. No piso superior est\u00e1 sempre no tempo certo, fruto dos 9 rel\u00f3gios ali localizados, e com previs\u00e3o de se perder sem do tempo dar conta com a deslumbrante vista para o Tejo intercalada por algumas \u00e1rvores que em conjunto com a decora\u00e7\u00e3o interior nos remetem para uma casa no meio do bosque. As escolhas crom\u00e1ticas para decora\u00e7\u00e3o das mesas criam um ambiente sofisticado mas simples.<\/p>\n<p>Nele duas figuras s\u00e3o imagem de marca e sin\u00f3nimo de qualidade: Chakall e Roberto Mezzapelle. Ambos com percursos de sucesso e juntos num projecto que permite, a quem ali v\u00e1, um ambiente descontra\u00eddo e com sabores que prometem deix\u00e1-lo a salivar e com obrigatoriedade de voltar tal a quantidade\/qualidade da carta apresentada.<\/p>\n<p>\u00c0 mesa, as tenta\u00e7\u00f5es s\u00e3o v\u00e1rias, a indecis\u00e3o total mas o prazer \u00e9 garantido.<\/p>\n<p><img decoding=\"async\" class=\"aligncenter wp-image-55158 size-large lazyload\" data-src=\"https:\/\/infocul.pt\/arquivo\/wp-content\/uploads\/2019\/04\/MENU_LORIGINE_MAR\u00c7O-2019_3-1024x813.jpg\" alt=\"\" width=\"800\" height=\"635\" data-srcset=\"https:\/\/infocul.pt\/arquivo\/wp-content\/uploads\/2019\/04\/MENU_LORIGINE_MAR\u00c7O-2019_3-1024x813.jpg 1024w, https:\/\/infocul.pt\/arquivo\/wp-content\/uploads\/2019\/04\/MENU_LORIGINE_MAR\u00c7O-2019_3-300x238.jpg 300w, https:\/\/infocul.pt\/arquivo\/wp-content\/uploads\/2019\/04\/MENU_LORIGINE_MAR\u00c7O-2019_3-768x610.jpg 768w, https:\/\/infocul.pt\/arquivo\/wp-content\/uploads\/2019\/04\/MENU_LORIGINE_MAR\u00c7O-2019_3.jpg 2007w\" data-sizes=\"(max-width: 800px) 100vw, 800px\" src=\"data:image\/svg+xml;base64,PHN2ZyB3aWR0aD0iMSIgaGVpZ2h0PSIxIiB4bWxucz0iaHR0cDovL3d3dy53My5vcmcvMjAwMC9zdmciPjwvc3ZnPg==\" style=\"--smush-placeholder-width: 800px; --smush-placeholder-aspect-ratio: 800\/635;\" \/><\/p>\n<p>Como entrada pode, entre outras, optar por Tagliere Di Roberto e Chakall (t\u00e1bua de queijo, enchidos e p\u00e3o de pizza), Burrata Capocannoniere (uma conjuga\u00e7\u00e3o agridoce perfeita), Burrata Pesto (uma escolha sem riscos e que agrada \u00e0 maioria) ou ainda Carpaccio Bacal\u00e1 (o creme bals\u00e2mico de morango e o azeite de laranja e lim\u00e3o d\u00e3o um sabor distinto ao bacalhau).<\/p>\n<p>O investimento neste novo espa\u00e7o rondou os 350 mil euros, segundo apur\u00e1mos, e durante a refei\u00e7\u00e3o contar\u00e1 com um servi\u00e7o personalizado e r\u00e1pido. Nas pizzas a indecis\u00e3o come\u00e7a logo na escolha da massa: tradicional, beterraba e gengibre, 7 cereais, ou carv\u00e3o vegetal. Pode ainda optar por uma sem gl\u00faten ou outra dedicada \u00e0s crian\u00e7as.<\/p>\n<p><img decoding=\"async\" class=\"aligncenter wp-image-55159 size-large lazyload\" data-src=\"https:\/\/infocul.pt\/arquivo\/wp-content\/uploads\/2019\/04\/MENU_LORIGINE_MAR\u00c7O-2019_4-1024x813.jpg\" alt=\"\" width=\"800\" height=\"635\" data-srcset=\"https:\/\/infocul.pt\/arquivo\/wp-content\/uploads\/2019\/04\/MENU_LORIGINE_MAR\u00c7O-2019_4-1024x813.jpg 1024w, https:\/\/infocul.pt\/arquivo\/wp-content\/uploads\/2019\/04\/MENU_LORIGINE_MAR\u00c7O-2019_4-300x238.jpg 300w, https:\/\/infocul.pt\/arquivo\/wp-content\/uploads\/2019\/04\/MENU_LORIGINE_MAR\u00c7O-2019_4-768x610.jpg 768w, https:\/\/infocul.pt\/arquivo\/wp-content\/uploads\/2019\/04\/MENU_LORIGINE_MAR\u00c7O-2019_4.jpg 2007w\" data-sizes=\"(max-width: 800px) 100vw, 800px\" src=\"data:image\/svg+xml;base64,PHN2ZyB3aWR0aD0iMSIgaGVpZ2h0PSIxIiB4bWxucz0iaHR0cDovL3d3dy53My5vcmcvMjAwMC9zdmciPjwvc3ZnPg==\" style=\"--smush-placeholder-width: 800px; --smush-placeholder-aspect-ratio: 800\/635;\" \/><\/p>\n<p>&nbsp;<\/p>\n<p><img decoding=\"async\" class=\"aligncenter wp-image-55160 size-large lazyload\" data-src=\"https:\/\/infocul.pt\/arquivo\/wp-content\/uploads\/2019\/04\/MENU_LORIGINE_MAR\u00c7O-2019_5-1024x813.jpg\" alt=\"\" width=\"800\" height=\"635\" data-srcset=\"https:\/\/infocul.pt\/arquivo\/wp-content\/uploads\/2019\/04\/MENU_LORIGINE_MAR\u00c7O-2019_5-1024x813.jpg 1024w, https:\/\/infocul.pt\/arquivo\/wp-content\/uploads\/2019\/04\/MENU_LORIGINE_MAR\u00c7O-2019_5-300x238.jpg 300w, https:\/\/infocul.pt\/arquivo\/wp-content\/uploads\/2019\/04\/MENU_LORIGINE_MAR\u00c7O-2019_5-768x610.jpg 768w, https:\/\/infocul.pt\/arquivo\/wp-content\/uploads\/2019\/04\/MENU_LORIGINE_MAR\u00c7O-2019_5.jpg 2007w\" data-sizes=\"(max-width: 800px) 100vw, 800px\" src=\"data:image\/svg+xml;base64,PHN2ZyB3aWR0aD0iMSIgaGVpZ2h0PSIxIiB4bWxucz0iaHR0cDovL3d3dy53My5vcmcvMjAwMC9zdmciPjwvc3ZnPg==\" style=\"--smush-placeholder-width: 800px; --smush-placeholder-aspect-ratio: 800\/635;\" \/><\/p>\n<p>&nbsp;<\/p>\n<p>Do que tive oportunidade de provar, destaco Il Gamero, massa de beterraba e gengibre e a Due Poli, em massa de carv\u00e3o vegetal. A primeira com os destacados sabores da courgette, do camar\u00e3o e do pesto de manjeric\u00e3o. A segunda numa combina\u00e7\u00e3o org\u00e1smica de manga, abacate, mascarpone, nozes, tomate semi-seco e salm\u00e3o.<\/p>\n<p><img decoding=\"async\" class=\"aligncenter wp-image-55162 size-large lazyload\" data-src=\"https:\/\/infocul.pt\/arquivo\/wp-content\/uploads\/2019\/04\/MENU_LORIGINE_MAR\u00c7O-2019_7-1024x813.jpg\" alt=\"\" width=\"800\" height=\"635\" data-srcset=\"https:\/\/infocul.pt\/arquivo\/wp-content\/uploads\/2019\/04\/MENU_LORIGINE_MAR\u00c7O-2019_7-1024x813.jpg 1024w, https:\/\/infocul.pt\/arquivo\/wp-content\/uploads\/2019\/04\/MENU_LORIGINE_MAR\u00c7O-2019_7-300x238.jpg 300w, https:\/\/infocul.pt\/arquivo\/wp-content\/uploads\/2019\/04\/MENU_LORIGINE_MAR\u00c7O-2019_7-768x610.jpg 768w, https:\/\/infocul.pt\/arquivo\/wp-content\/uploads\/2019\/04\/MENU_LORIGINE_MAR\u00c7O-2019_7.jpg 2007w\" data-sizes=\"(max-width: 800px) 100vw, 800px\" src=\"data:image\/svg+xml;base64,PHN2ZyB3aWR0aD0iMSIgaGVpZ2h0PSIxIiB4bWxucz0iaHR0cDovL3d3dy53My5vcmcvMjAwMC9zdmciPjwvc3ZnPg==\" style=\"--smush-placeholder-width: 800px; --smush-placeholder-aspect-ratio: 800\/635;\" \/><\/p>\n<p>A acompanhar a refei\u00e7\u00e3o o mais que aprovado Anthilia Donnafugata (branco), um Sic\u00edlia DOC.<\/p>\n<p>&nbsp;<\/p>\n<p>Para sobremesa deixo tr\u00eas sugest\u00f5es: Panna Cotta (frutos vermelhos), Tiramis\u00fa ou ainda a Pizza con Nutella. Vai conseguir resistir?<\/p>\n<p><img decoding=\"async\" class=\"aligncenter wp-image-55161 size-large lazyload\" data-src=\"https:\/\/infocul.pt\/arquivo\/wp-content\/uploads\/2019\/04\/MENU_LORIGINE_MAR\u00c7O-2019_6-1024x813.jpg\" alt=\"\" width=\"800\" height=\"635\" data-srcset=\"https:\/\/infocul.pt\/arquivo\/wp-content\/uploads\/2019\/04\/MENU_LORIGINE_MAR\u00c7O-2019_6-1024x813.jpg 1024w, https:\/\/infocul.pt\/arquivo\/wp-content\/uploads\/2019\/04\/MENU_LORIGINE_MAR\u00c7O-2019_6-300x238.jpg 300w, https:\/\/infocul.pt\/arquivo\/wp-content\/uploads\/2019\/04\/MENU_LORIGINE_MAR\u00c7O-2019_6-768x610.jpg 768w, https:\/\/infocul.pt\/arquivo\/wp-content\/uploads\/2019\/04\/MENU_LORIGINE_MAR\u00c7O-2019_6.jpg 2007w\" data-sizes=\"(max-width: 800px) 100vw, 800px\" src=\"data:image\/svg+xml;base64,PHN2ZyB3aWR0aD0iMSIgaGVpZ2h0PSIxIiB4bWxucz0iaHR0cDovL3d3dy53My5vcmcvMjAwMC9zdmciPjwvc3ZnPg==\" style=\"--smush-placeholder-width: 800px; --smush-placeholder-aspect-ratio: 800\/635;\" \/><\/p>\n<p>Um espa\u00e7o com um custo m\u00e9dio-alto mas que compensa pela qualidade do servi\u00e7o e do atendimento.<\/p>\n<p>&nbsp;<\/p>\n<p><span style=\"color: #0000ff;\">Texto: Rui Lavrador<\/span><br \/>\n<span style=\"color: #0000ff;\">Fotografias: Alexandre Marques<\/span><\/p>\n<style id=\"bwg-style-0\">    #bwg_container1_0 #bwg_container2_0 .bwg-container-0.bwg-standard-thumbnails {      width: 1252px;              justify-content: center;        margin:0 auto !important;              background-color: rgba(255, 255, 255, 0.00);            padding-left: 2px;      padding-top: 2px;      max-width: 100%;            }        #bwg_container1_0 #bwg_container2_0 .bwg-container-0.bwg-standard-thumbnails .bwg-item {    justify-content: flex-start;      max-width: 250px;          }    #bwg_container1_0 #bwg_container2_0 .bwg-container-0.bwg-standard-thumbnails .bwg-item a {       margin-right: 2px;       margin-bottom: 2px;    }    #bwg_container1_0 #bwg_container2_0 .bwg-container-0.bwg-standard-thumbnails .bwg-item0 {      padding: 0px;            background-color:rgba(255,255,255, 0.30);      border: 0px none #CCCCCC;      opacity: 1.00;      border-radius: 0;      box-shadow: ;    }    #bwg_container1_0 #bwg_container2_0 .bwg-container-0.bwg-standard-thumbnails .bwg-item1 img {      max-height: none;      max-width: none;      padding: 0 !important;    }        @media only screen and (min-width: 480px) {      #bwg_container1_0 #bwg_container2_0 .bwg-container-0.bwg-standard-thumbnails .bwg-item0 {        transition: all 0.3s ease 0s;-webkit-transition: all 0.3s ease 0s;      }      #bwg_container1_0 #bwg_container2_0 .bwg-container-0.bwg-standard-thumbnails .bwg-item0:hover {        -ms-transform: scale(1.08);        -webkit-transform: scale(1.08);        transform: scale(1.08);      }    }          #bwg_container1_0 #bwg_container2_0 .bwg-container-0.bwg-standard-thumbnails .bwg-item1 {      padding-top: 56%;    }        #bwg_container1_0 #bwg_container2_0 .bwg-container-0.bwg-standard-thumbnails .bwg-title1 {      position: absolute;      top: 0;      z-index: 100;      width: 100%;      height: 100%;      display: flex;      justify-content: center;      align-content: center;      flex-direction: column;      opacity: 0;    }\t      #bwg_container1_0 #bwg_container2_0 .bwg-container-0.bwg-standard-thumbnails .bwg-title2,    #bwg_container1_0 #bwg_container2_0 .bwg-container-0.bwg-standard-thumbnails .bwg-ecommerce2 {      color: #FFFFFF;      font-family: Ubuntu;      font-size: 16px;      font-weight: bold;      padding: 2px;      text-shadow: 0px 0px 0px #888888;      max-height: 100%;    }    #bwg_container1_0 #bwg_container2_0 .bwg-container-0.bwg-standard-thumbnails .bwg-thumb-description span {    color: #323A45;    font-family: Ubuntu;    font-size: 12px;    max-height: 100%;    word-wrap: break-word;    }    #bwg_container1_0 #bwg_container2_0 .bwg-container-0.bwg-standard-thumbnails .bwg-play-icon2 {      font-size: 32px;    }    #bwg_container1_0 #bwg_container2_0 .bwg-container-0.bwg-standard-thumbnails .bwg-ecommerce2 {      font-size: 19.2px;      color: #CCCCCC;    }    <\/style>    <div id=\"bwg_container1_0\"         class=\"bwg_container bwg_thumbnail bwg_thumbnails \"         data-right-click-protection=\"0\"         data-bwg=\"0\"         data-scroll=\"0\"         data-gallery-type=\"thumbnails\"         data-gallery-view-type=\"thumbnails\"         data-current-url=\"\/arquivo\/wp-json\/wp\/v2\/posts\/55151\"         data-lightbox-url=\"https:\/\/infocul.pt\/arquivo\/wp-admin\/admin-ajax.php?action=GalleryBox&#038;current_view=0&#038;gallery_id=345&#038;tag=0&#038;theme_id=1&#038;shortcode_id=727&#038;sort_by=order&#038;order_by=asc&#038;current_url=%2Farquivo%2Fwp-json%2Fwp%2Fv2%2Fposts%2F55151\"         data-gallery-id=\"345\"         data-popup-width=\"800\"         data-popup-height=\"500\"         data-is-album=\"gallery\"         data-buttons-position=\"bottom\">      <div id=\"bwg_container2_0\">             <div id=\"ajax_loading_0\" class=\"bwg_loading_div_1\">      <div class=\"bwg_loading_div_2\">        <div class=\"bwg_loading_div_3\">          <div id=\"loading_div_0\" class=\"bwg_spider_ajax_loading\">          <\/div>        <\/div>      <\/div>    <\/div>            <form id=\"gal_front_form_0\"              class=\"bwg-hidden\"              method=\"post\"              action=\"#\"              data-current=\"0\"              data-shortcode-id=\"727\"              data-gallery-type=\"thumbnails\"              data-gallery-id=\"345\"              data-tag=\"0\"              data-album-id=\"0\"              data-theme-id=\"1\"              data-ajax-url=\"https:\/\/infocul.pt\/arquivo\/wp-admin\/admin-ajax.php?action=bwg_frontend_data\">          <div id=\"bwg_container3_0\" class=\"bwg-background bwg-background-0\">                <div data-max-count=\"5\"         data-thumbnail-width=\"250\"         data-bwg=\"0\"         data-gallery-id=\"345\"         data-lightbox-url=\"https:\/\/infocul.pt\/arquivo\/wp-admin\/admin-ajax.php?action=GalleryBox&amp;current_view=0&amp;gallery_id=345&amp;tag=0&amp;theme_id=1&amp;shortcode_id=727&amp;sort_by=order&amp;order_by=asc&amp;current_url=%2Farquivo%2Fwp-json%2Fwp%2Fv2%2Fposts%2F55151\"         id=\"bwg_thumbnails_0\"         class=\"bwg-container-0 bwg-thumbnails bwg-standard-thumbnails bwg-container bwg-border-box\">            <div class=\"bwg-item\">        <a class=\"bwg-a  bwg_lightbox\"  data-image-id=\"5862\" href=\"https:\/\/infocul.pt\/arquivo\/wp-content\/uploads\/photo-gallery\/L&#039;Origine-006%20(1).jpg?bwg=1554467235\" data-elementor-open-lightbox=\"no\">                <div class=\"bwg-item0 \">          <div class=\"bwg-item1 \">            <div class=\"bwg-item2\">              <img decoding=\"async\" class=\"skip-lazy bwg_standart_thumb_img_0 \"                   data-id=\"5862\"                   data-width=\"\"                   data-height=\"\"                   data-src=\"https:\/\/infocul.pt\/arquivo\/wp-content\/uploads\/photo-gallery\/thumb\/L&#039;Origine-006%20(1).jpg?bwg=1554467235\"                   src=\"https:\/\/infocul.pt\/arquivo\/wp-content\/uploads\/photo-gallery\/thumb\/L&#039;Origine-006%20(1).jpg?bwg=1554467235\"                   alt=\"\"                   title=\"\" \/>            <\/div>            <div class=\"\">              <div class=\"bwg-title1\"><div class=\"bwg-title2\">&nbsp;<\/div><\/div>                                        <\/div>          <\/div>        <\/div>                        <\/a>              <\/div>            <div class=\"bwg-item\">        <a class=\"bwg-a  bwg_lightbox\"  data-image-id=\"5861\" href=\"https:\/\/infocul.pt\/arquivo\/wp-content\/uploads\/photo-gallery\/L&#039;Origine-002%20(1).jpg?bwg=1554467235\" data-elementor-open-lightbox=\"no\">                <div class=\"bwg-item0 \">          <div class=\"bwg-item1 \">            <div class=\"bwg-item2\">              <img decoding=\"async\" class=\"skip-lazy bwg_standart_thumb_img_0 \"                   data-id=\"5861\"                   data-width=\"\"                   data-height=\"\"                   data-src=\"https:\/\/infocul.pt\/arquivo\/wp-content\/uploads\/photo-gallery\/thumb\/L&#039;Origine-002%20(1).jpg?bwg=1554467235\"                   src=\"https:\/\/infocul.pt\/arquivo\/wp-content\/uploads\/photo-gallery\/thumb\/L&#039;Origine-002%20(1).jpg?bwg=1554467235\"                   alt=\"\"                   title=\"\" \/>            <\/div>            <div class=\"\">              <div class=\"bwg-title1\"><div class=\"bwg-title2\">&nbsp;<\/div><\/div>                                        <\/div>          <\/div>        <\/div>                        <\/a>              <\/div>            <div class=\"bwg-item\">        <a class=\"bwg-a  bwg_lightbox\"  data-image-id=\"5859\" href=\"https:\/\/infocul.pt\/arquivo\/wp-content\/uploads\/photo-gallery\/L&#039;Origine-004%20(1).jpg?bwg=1554467235\" data-elementor-open-lightbox=\"no\">                <div class=\"bwg-item0 \">          <div class=\"bwg-item1 \">            <div class=\"bwg-item2\">              <img decoding=\"async\" class=\"skip-lazy bwg_standart_thumb_img_0 \"                   data-id=\"5859\"                   data-width=\"\"                   data-height=\"\"                   data-src=\"https:\/\/infocul.pt\/arquivo\/wp-content\/uploads\/photo-gallery\/thumb\/L&#039;Origine-004%20(1).jpg?bwg=1554467235\"                   src=\"https:\/\/infocul.pt\/arquivo\/wp-content\/uploads\/photo-gallery\/thumb\/L&#039;Origine-004%20(1).jpg?bwg=1554467235\"                   alt=\"\"                   title=\"\" \/>            <\/div>            <div class=\"\">              <div class=\"bwg-title1\"><div class=\"bwg-title2\">&nbsp;<\/div><\/div>                                        <\/div>          <\/div>        <\/div>                        <\/a>              <\/div>            <div class=\"bwg-item\">        <a class=\"bwg-a  bwg_lightbox\"  data-image-id=\"5858\" href=\"https:\/\/infocul.pt\/arquivo\/wp-content\/uploads\/photo-gallery\/L&#039;Origine-003%20(1).jpg?bwg=1554467235\" data-elementor-open-lightbox=\"no\">                <div class=\"bwg-item0 \">          <div class=\"bwg-item1 \">            <div class=\"bwg-item2\">              <img decoding=\"async\" class=\"skip-lazy bwg_standart_thumb_img_0 \"                   data-id=\"5858\"                   data-width=\"\"                   data-height=\"\"                   data-src=\"https:\/\/infocul.pt\/arquivo\/wp-content\/uploads\/photo-gallery\/thumb\/L&#039;Origine-003%20(1).jpg?bwg=1554467235\"                   src=\"https:\/\/infocul.pt\/arquivo\/wp-content\/uploads\/photo-gallery\/thumb\/L&#039;Origine-003%20(1).jpg?bwg=1554467235\"                   alt=\"\"                   title=\"\" \/>            <\/div>            <div class=\"\">              <div class=\"bwg-title1\"><div class=\"bwg-title2\">&nbsp;<\/div><\/div>                                        <\/div>          <\/div>        <\/div>                        <\/a>              <\/div>            <div class=\"bwg-item\">        <a class=\"bwg-a  bwg_lightbox\"  data-image-id=\"5857\" href=\"https:\/\/infocul.pt\/arquivo\/wp-content\/uploads\/photo-gallery\/L&#039;Origine-005%20(1).jpg?bwg=1554467235\" data-elementor-open-lightbox=\"no\">                <div class=\"bwg-item0 \">          <div class=\"bwg-item1 \">            <div class=\"bwg-item2\">              <img decoding=\"async\" class=\"skip-lazy bwg_standart_thumb_img_0 \"                   data-id=\"5857\"                   data-width=\"\"                   data-height=\"\"                   data-src=\"https:\/\/infocul.pt\/arquivo\/wp-content\/uploads\/photo-gallery\/thumb\/L&#039;Origine-005%20(1).jpg?bwg=1554467235\"                   src=\"https:\/\/infocul.pt\/arquivo\/wp-content\/uploads\/photo-gallery\/thumb\/L&#039;Origine-005%20(1).jpg?bwg=1554467235\"                   alt=\"\"                   title=\"\" \/>            <\/div>            <div class=\"\">              <div class=\"bwg-title1\"><div class=\"bwg-title2\">&nbsp;<\/div><\/div>                                        <\/div>          <\/div>        <\/div>                        <\/a>              <\/div>            <div class=\"bwg-item\">        <a class=\"bwg-a  bwg_lightbox\"  data-image-id=\"5860\" href=\"https:\/\/infocul.pt\/arquivo\/wp-content\/uploads\/photo-gallery\/L&#039;Origine-007%20(1).jpg?bwg=1554467235\" data-elementor-open-lightbox=\"no\">                <div class=\"bwg-item0 \">          <div class=\"bwg-item1 \">            <div class=\"bwg-item2\">              <img decoding=\"async\" class=\"skip-lazy bwg_standart_thumb_img_0 \"                   data-id=\"5860\"                   data-width=\"\"                   data-height=\"\"                   data-src=\"https:\/\/infocul.pt\/arquivo\/wp-content\/uploads\/photo-gallery\/thumb\/L&#039;Origine-007%20(1).jpg?bwg=1554467235\"                   src=\"https:\/\/infocul.pt\/arquivo\/wp-content\/uploads\/photo-gallery\/thumb\/L&#039;Origine-007%20(1).jpg?bwg=1554467235\"                   alt=\"\"                   title=\"\" \/>            <\/div>            <div class=\"\">              <div class=\"bwg-title1\"><div class=\"bwg-title2\">&nbsp;<\/div><\/div>                                        <\/div>          <\/div>        <\/div>                        <\/a>              <\/div>            <div class=\"bwg-item\">        <a class=\"bwg-a  bwg_lightbox\"  data-image-id=\"5856\" href=\"https:\/\/infocul.pt\/arquivo\/wp-content\/uploads\/photo-gallery\/L&#039;Origine-009%20(1).jpg?bwg=1554467235\" data-elementor-open-lightbox=\"no\">                <div class=\"bwg-item0 \">          <div class=\"bwg-item1 \">            <div class=\"bwg-item2\">              <img decoding=\"async\" class=\"skip-lazy bwg_standart_thumb_img_0 \"                   data-id=\"5856\"                   data-width=\"\"                   data-height=\"\"                   data-src=\"https:\/\/infocul.pt\/arquivo\/wp-content\/uploads\/photo-gallery\/thumb\/L&#039;Origine-009%20(1).jpg?bwg=1554467235\"                   src=\"https:\/\/infocul.pt\/arquivo\/wp-content\/uploads\/photo-gallery\/thumb\/L&#039;Origine-009%20(1).jpg?bwg=1554467235\"                   alt=\"\"                   title=\"\" \/>            <\/div>            <div class=\"\">              <div class=\"bwg-title1\"><div class=\"bwg-title2\">&nbsp;<\/div><\/div>                                        <\/div>          <\/div>        <\/div>                        <\/a>              <\/div>            <div class=\"bwg-item\">        <a class=\"bwg-a  bwg_lightbox\"  data-image-id=\"5854\" href=\"https:\/\/infocul.pt\/arquivo\/wp-content\/uploads\/photo-gallery\/L&#039;Origine-010%20(1).jpg?bwg=1554467235\" data-elementor-open-lightbox=\"no\">                <div class=\"bwg-item0 \">          <div class=\"bwg-item1 \">            <div class=\"bwg-item2\">              <img decoding=\"async\" class=\"skip-lazy bwg_standart_thumb_img_0 \"                   data-id=\"5854\"                   data-width=\"\"                   data-height=\"\"                   data-src=\"https:\/\/infocul.pt\/arquivo\/wp-content\/uploads\/photo-gallery\/thumb\/L&#039;Origine-010%20(1).jpg?bwg=1554467235\"                   src=\"https:\/\/infocul.pt\/arquivo\/wp-content\/uploads\/photo-gallery\/thumb\/L&#039;Origine-010%20(1).jpg?bwg=1554467235\"                   alt=\"\"                   title=\"\" \/>            <\/div>            <div class=\"\">              <div class=\"bwg-title1\"><div class=\"bwg-title2\">&nbsp;<\/div><\/div>                                        <\/div>          <\/div>        <\/div>                        <\/a>              <\/div>            <div class=\"bwg-item\">        <a class=\"bwg-a  bwg_lightbox\"  data-image-id=\"5853\" href=\"https:\/\/infocul.pt\/arquivo\/wp-content\/uploads\/photo-gallery\/L&#039;Origine-012%20(1).jpg?bwg=1554467235\" data-elementor-open-lightbox=\"no\">                <div class=\"bwg-item0 \">          <div class=\"bwg-item1 \">            <div class=\"bwg-item2\">              <img decoding=\"async\" class=\"skip-lazy bwg_standart_thumb_img_0 \"                   data-id=\"5853\"                   data-width=\"\"                   data-height=\"\"                   data-src=\"https:\/\/infocul.pt\/arquivo\/wp-content\/uploads\/photo-gallery\/thumb\/L&#039;Origine-012%20(1).jpg?bwg=1554467235\"                   src=\"https:\/\/infocul.pt\/arquivo\/wp-content\/uploads\/photo-gallery\/thumb\/L&#039;Origine-012%20(1).jpg?bwg=1554467235\"                   alt=\"\"                   title=\"\" \/>            <\/div>            <div class=\"\">              <div class=\"bwg-title1\"><div class=\"bwg-title2\">&nbsp;<\/div><\/div>                                        <\/div>          <\/div>        <\/div>                        <\/a>              <\/div>            <div class=\"bwg-item\">        <a class=\"bwg-a  bwg_lightbox\"  data-image-id=\"5851\" href=\"https:\/\/infocul.pt\/arquivo\/wp-content\/uploads\/photo-gallery\/L&#039;Origine-014%20(1).jpg?bwg=1554467235\" data-elementor-open-lightbox=\"no\">                <div class=\"bwg-item0 \">          <div class=\"bwg-item1 \">            <div class=\"bwg-item2\">              <img decoding=\"async\" class=\"skip-lazy bwg_standart_thumb_img_0 \"                   data-id=\"5851\"                   data-width=\"\"                   data-height=\"\"                   data-src=\"https:\/\/infocul.pt\/arquivo\/wp-content\/uploads\/photo-gallery\/thumb\/L&#039;Origine-014%20(1).jpg?bwg=1554467235\"                   src=\"https:\/\/infocul.pt\/arquivo\/wp-content\/uploads\/photo-gallery\/thumb\/L&#039;Origine-014%20(1).jpg?bwg=1554467235\"                   alt=\"\"                   title=\"\" \/>            <\/div>            <div class=\"\">              <div class=\"bwg-title1\"><div class=\"bwg-title2\">&nbsp;<\/div><\/div>                                        <\/div>          <\/div>        <\/div>                        <\/a>              <\/div>            <div class=\"bwg-item\">        <a class=\"bwg-a  bwg_lightbox\"  data-image-id=\"5855\" href=\"https:\/\/infocul.pt\/arquivo\/wp-content\/uploads\/photo-gallery\/L&#039;Origine-015.jpg?bwg=1554467235\" data-elementor-open-lightbox=\"no\">                <div class=\"bwg-item0 \">          <div class=\"bwg-item1 \">            <div class=\"bwg-item2\">              <img decoding=\"async\" class=\"skip-lazy bwg_standart_thumb_img_0 \"                   data-id=\"5855\"                   data-width=\"\"                   data-height=\"\"                   data-src=\"https:\/\/infocul.pt\/arquivo\/wp-content\/uploads\/photo-gallery\/thumb\/L&#039;Origine-015.jpg?bwg=1554467235\"                   src=\"https:\/\/infocul.pt\/arquivo\/wp-content\/uploads\/photo-gallery\/thumb\/L&#039;Origine-015.jpg?bwg=1554467235\"                   alt=\"\"                   title=\"\" \/>            <\/div>            <div class=\"\">              <div class=\"bwg-title1\"><div class=\"bwg-title2\">&nbsp;<\/div><\/div>                                        <\/div>          <\/div>        <\/div>                        <\/a>              <\/div>            <div class=\"bwg-item\">        <a class=\"bwg-a  bwg_lightbox\"  data-image-id=\"5852\" href=\"https:\/\/infocul.pt\/arquivo\/wp-content\/uploads\/photo-gallery\/L&#039;Origine-016%20(1).jpg?bwg=1554467235\" data-elementor-open-lightbox=\"no\">                <div class=\"bwg-item0 \">          <div class=\"bwg-item1 \">            <div class=\"bwg-item2\">              <img decoding=\"async\" class=\"skip-lazy bwg_standart_thumb_img_0 \"                   data-id=\"5852\"                   data-width=\"\"                   data-height=\"\"                   data-src=\"https:\/\/infocul.pt\/arquivo\/wp-content\/uploads\/photo-gallery\/thumb\/L&#039;Origine-016%20(1).jpg?bwg=1554467235\"                   src=\"https:\/\/infocul.pt\/arquivo\/wp-content\/uploads\/photo-gallery\/thumb\/L&#039;Origine-016%20(1).jpg?bwg=1554467235\"                   alt=\"\"                   title=\"\" \/>            <\/div>            <div class=\"\">              <div class=\"bwg-title1\"><div class=\"bwg-title2\">&nbsp;<\/div><\/div>                                        <\/div>          <\/div>        <\/div>                        <\/a>              <\/div>            <div class=\"bwg-item\">        <a class=\"bwg-a  bwg_lightbox\"  data-image-id=\"5848\" href=\"https:\/\/infocul.pt\/arquivo\/wp-content\/uploads\/photo-gallery\/L&#039;Origine-017%20(1).jpg?bwg=1554467235\" data-elementor-open-lightbox=\"no\">                <div class=\"bwg-item0 \">          <div class=\"bwg-item1 \">            <div class=\"bwg-item2\">              <img decoding=\"async\" class=\"skip-lazy bwg_standart_thumb_img_0 \"                   data-id=\"5848\"                   data-width=\"\"                   data-height=\"\"                   data-src=\"https:\/\/infocul.pt\/arquivo\/wp-content\/uploads\/photo-gallery\/thumb\/L&#039;Origine-017%20(1).jpg?bwg=1554467235\"                   src=\"https:\/\/infocul.pt\/arquivo\/wp-content\/uploads\/photo-gallery\/thumb\/L&#039;Origine-017%20(1).jpg?bwg=1554467235\"                   alt=\"\"                   title=\"\" \/>            <\/div>            <div class=\"\">              <div class=\"bwg-title1\"><div class=\"bwg-title2\">&nbsp;<\/div><\/div>                                        <\/div>          <\/div>        <\/div>                        <\/a>              <\/div>            <div class=\"bwg-item\">        <a class=\"bwg-a  bwg_lightbox\"  data-image-id=\"5850\" href=\"https:\/\/infocul.pt\/arquivo\/wp-content\/uploads\/photo-gallery\/L&#039;Origine-019%20(1).jpg?bwg=1554467235\" data-elementor-open-lightbox=\"no\">                <div class=\"bwg-item0 \">          <div class=\"bwg-item1 \">            <div class=\"bwg-item2\">              <img decoding=\"async\" class=\"skip-lazy bwg_standart_thumb_img_0 \"                   data-id=\"5850\"                   data-width=\"\"                   data-height=\"\"                   data-src=\"https:\/\/infocul.pt\/arquivo\/wp-content\/uploads\/photo-gallery\/thumb\/L&#039;Origine-019%20(1).jpg?bwg=1554467235\"                   src=\"https:\/\/infocul.pt\/arquivo\/wp-content\/uploads\/photo-gallery\/thumb\/L&#039;Origine-019%20(1).jpg?bwg=1554467235\"                   alt=\"\"                   title=\"\" \/>            <\/div>            <div class=\"\">              <div class=\"bwg-title1\"><div class=\"bwg-title2\">&nbsp;<\/div><\/div>                                        <\/div>          <\/div>        <\/div>                        <\/a>              <\/div>            <div class=\"bwg-item\">        <a class=\"bwg-a  bwg_lightbox\"  data-image-id=\"5847\" href=\"https:\/\/infocul.pt\/arquivo\/wp-content\/uploads\/photo-gallery\/L&#039;Origine-020%20(1).jpg?bwg=1554467235\" data-elementor-open-lightbox=\"no\">                <div class=\"bwg-item0 \">          <div class=\"bwg-item1 \">            <div class=\"bwg-item2\">              <img decoding=\"async\" class=\"skip-lazy bwg_standart_thumb_img_0 \"                   data-id=\"5847\"                   data-width=\"\"                   data-height=\"\"                   data-src=\"https:\/\/infocul.pt\/arquivo\/wp-content\/uploads\/photo-gallery\/thumb\/L&#039;Origine-020%20(1).jpg?bwg=1554467235\"                   src=\"https:\/\/infocul.pt\/arquivo\/wp-content\/uploads\/photo-gallery\/thumb\/L&#039;Origine-020%20(1).jpg?bwg=1554467235\"                   alt=\"\"                   title=\"\" \/>            <\/div>            <div class=\"\">              <div class=\"bwg-title1\"><div class=\"bwg-title2\">&nbsp;<\/div><\/div>                                        <\/div>          <\/div>        <\/div>                        <\/a>              <\/div>            <div class=\"bwg-item\">        <a class=\"bwg-a  bwg_lightbox\"  data-image-id=\"5849\" href=\"https:\/\/infocul.pt\/arquivo\/wp-content\/uploads\/photo-gallery\/L&#039;Origine-018%20(1).jpg?bwg=1554467235\" data-elementor-open-lightbox=\"no\">                <div class=\"bwg-item0 \">          <div class=\"bwg-item1 \">            <div class=\"bwg-item2\">              <img decoding=\"async\" class=\"skip-lazy bwg_standart_thumb_img_0 \"                   data-id=\"5849\"                   data-width=\"\"                   data-height=\"\"                   data-src=\"https:\/\/infocul.pt\/arquivo\/wp-content\/uploads\/photo-gallery\/thumb\/L&#039;Origine-018%20(1).jpg?bwg=1554467235\"                   src=\"https:\/\/infocul.pt\/arquivo\/wp-content\/uploads\/photo-gallery\/thumb\/L&#039;Origine-018%20(1).jpg?bwg=1554467235\"                   alt=\"\"                   title=\"\" \/>            <\/div>            <div class=\"\">              <div class=\"bwg-title1\"><div class=\"bwg-title2\">&nbsp;<\/div><\/div>                                        <\/div>          <\/div>        <\/div>                        <\/a>              <\/div>          <\/div>    <style>      \/*pagination styles*\/      #bwg_container1_0 #bwg_container2_0 .tablenav-pages_0 {\t\t\t\ttext-align: center;\t\t\t\tfont-size: 12px;\t\t\t\tfont-family: segoe ui;\t\t\t\tfont-weight: bold;\t\t\t\tcolor: #666666;\t\t\t\tmargin: 6px 0 4px;\t\t\t\tdisplay: block;      }      @media only screen and (max-width : 320px) {      #bwg_container1_0 #bwg_container2_0 .displaying-num_0 {     \t display: none;      }      }      #bwg_container1_0 #bwg_container2_0 .displaying-num_0 {\t\t\t\tfont-size: 12px;\t\t\t\tfont-family: segoe ui;\t\t\t\tfont-weight: bold;\t\t\t\tcolor: #666666;\t\t\t\tmargin-right: 10px;\t\t\t\tvertical-align: middle;      }      #bwg_container1_0 #bwg_container2_0 .paging-input_0 {\t\t\t\tfont-size: 12px;\t\t\t\tfont-family: segoe ui;\t\t\t\tfont-weight: bold;\t\t\t\tcolor: #666666;\t\t\t\tvertical-align: middle;      }      #bwg_container1_0 #bwg_container2_0 .tablenav-pages_0 a.disabled,      #bwg_container1_0 #bwg_container2_0 .tablenav-pages_0 a.disabled:hover,      #bwg_container1_0 #bwg_container2_0 .tablenav-pages_0 a.disabled:focus,\t\t\t#bwg_container1_0 #bwg_container2_0 .tablenav-pages_0 input.bwg_current_page {\t\t\t\tcursor: default;\t\t\t\tcolor: rgba(102, 102, 102, 0.5);      }      #bwg_container1_0 #bwg_container2_0 .tablenav-pages_0 a,      #bwg_container1_0 #bwg_container2_0 .tablenav-pages_0 input.bwg_current_page {\t\t\t\tcursor: pointer;\t\t\t\ttext-align: center;\t\t\t\tfont-size: 12px;\t\t\t\tfont-family: segoe ui;\t\t\t\tfont-weight: bold;\t\t\t\tcolor: #666666;\t\t\t\ttext-decoration: none;\t\t\t\tpadding: 3px 6px;\t\t\t\tmargin: 0;\t\t\t\tborder-radius: 0;\t\t\t\tborder-style: solid;\t\t\t\tborder-width: 1px;\t\t\t\tborder-color: #E3E3E3;\t\t\t\t\t\t\t\tbackground-color: rgba(255, 255, 255, 1.00);\t\t\t\tbox-shadow: 0;\t\t\t\ttransition: all 0.3s ease 0s;-webkit-transition: all 0.3s ease 0s;      }      <\/style>      <span class=\"bwg_nav_cont_0\">              <div class=\"tablenav-pages_0\">                  <\/div>                <input type=\"hidden\" id=\"page_number_0\" name=\"page_number_0\" value=\"1\" \/>      <script type=\"text\/javascript\">        if( jQuery('.bwg_nav_cont_0').length > 1 ) {          jQuery('.bwg_nav_cont_0').first().remove()        }        function spider_page_0(cur, x, y, load_more) {          if (typeof load_more == \"undefined\") {            var load_more = false;          }          if (jQuery(cur).hasClass('disabled')) {            return false;          }          var items_county_0 = 1;          switch (y) {            case 1:              if (x >= items_county_0) {                document.getElementById('page_number_0').value = items_county_0;              }              else {                document.getElementById('page_number_0').value = x + 1;              }              break;            case 2:              document.getElementById('page_number_0').value = items_county_0;              break;            case -1:              if (x == 1) {                document.getElementById('page_number_0').value = 1;              }              else {                document.getElementById('page_number_0').value = x - 1;              }              break;            case -2:              document.getElementById('page_number_0').value = 1;              break;\t\t\t\t\t\tcase 0:              document.getElementById('page_number_0').value = x;              break;            default:              document.getElementById('page_number_0').value = 1;          }          bwg_ajax('gal_front_form_0', '0', 'bwg_thumbnails_0', '0', '', 'gallery', 0, '', '', load_more, '', 1);        }                    jQuery('.first-page-0').on('click', function () {              spider_page_0(this, 1, -2, 'numeric');              return false;            });            jQuery('.prev-page-0').on('click', function () {              spider_page_0(this, 1, -1, 'numeric');              return false;            });            jQuery('.next-page-0').on('click', function () {              spider_page_0(this, 1, 1, 'numeric');              return false;            });            jQuery('.last-page-0').on('click', function () {              spider_page_0(this, 1, 2, 'numeric');              return false;            });        \t\t\t\t\/* Change page on input enter. *\/        function bwg_change_page_0( e, that ) {          if (  e.key == 'Enter' ) {            var to_page = parseInt(jQuery(that).val());            var pages_count = jQuery(that).parents(\".pagination-links\").data(\"pages-count\");            var current_url_param = jQuery(that).attr('data-url-info');            if (to_page > pages_count) {              to_page = 1;            }\t \t\t\t\t\t\t\t\t\t\t\t\tspider_page_0(this, to_page, 0, 'numeric');\t\t\t\t\t\t\treturn false;\t\t\t\t\t\t          }          return true;        }        jQuery('.bwg_load_btn_0').on('click', function () {            spider_page_0(this, 1, 1, true);            return false;        });      <\/script>      <\/span>                <\/div>        <\/form>        <style>          #bwg_container1_0 #bwg_container2_0 #spider_popup_overlay_0 {          background-color: #EEEEEE;          opacity: 0.60;          }          <\/style>        <div id=\"bwg_spider_popup_loading_0\" class=\"bwg_spider_popup_loading\"><\/div>        <div id=\"spider_popup_overlay_0\" class=\"spider_popup_overlay\" onclick=\"spider_destroypopup(1000)\"><\/div>        <input type=\"hidden\" id=\"bwg_random_seed_0\" value=\"234939850\">                <\/div>    <\/div>    <script>      if (document.readyState === 'complete') {        if( typeof bwg_main_ready == 'function' ) {          if ( jQuery(\"#bwg_container1_0\").height() ) {            bwg_main_ready(jQuery(\"#bwg_container1_0\"));          }        }      } else {        document.addEventListener('DOMContentLoaded', function() {          if( typeof bwg_main_ready == 'function' ) {            if ( jQuery(\"#bwg_container1_0\").height() ) {             bwg_main_ready(jQuery(\"#bwg_container1_0\"));            }          }        });      }    <\/script>    \n","protected":false},"excerpt":{"rendered":"<p>&nbsp; &nbsp; L\u2019Origine \u00e9 o mais recente projecto de Chakall, o conhecido Chef e entertainer, e localiza-se no Parque das Na\u00e7\u00f5es. It\u00e1lia (e n\u00e3o s\u00f3&#8230;) \u00e9 servida com personalidade, requinte, bom gosto e num espa\u00e7o que combina, bem, o contempor\u00e2neo citadino e o imagin\u00e1rio rural.<\/p>\n","protected":false},"author":2,"featured_media":55155,"comment_status":"open","ping_status":"closed","sticky":false,"template":"","format":"standard","meta":{"footnotes":""},"categories":[10,36,4121,4123,13],"tags":[4132,6922,6923],"class_list":["post-55151","post","type-post","status-publish","format-standard","has-post-thumbnail","hentry","category-actualidade","category-destaque","category-opiniao","category-reportagens-actualidade","category-turismo","tag-chakall","tag-lorigine","tag-roberto-mezzapelle"],"yoast_head":"<!-- This site is optimized with the Yoast SEO plugin v27.4 - https:\/\/yoast.com\/product\/yoast-seo-wordpress\/ -->\n<title>L&#039;Origine \u00e9 um &#039;Pecado da Gula&#039; da responsabilidade de Chakall (C\/Fotos) | Infocul.pt - Arquivo Digital<\/title>\n<meta name=\"description\" content=\"L&#039;Origine \u00e9 um &#039;Pecado da Gula&#039; da responsabilidade de Chakall (C\/Fotos) | Infocul.pt - Arquivo Digital\" \/>\n<meta name=\"robots\" content=\"noindex, follow, max-snippet:-1, max-image-preview:large, max-video-preview:-1\" \/>\n<meta property=\"og:locale\" content=\"pt_PT\" \/>\n<meta property=\"og:type\" content=\"article\" \/>\n<meta property=\"og:title\" content=\"L&#039;Origine \u00e9 um &#039;Pecado da Gula&#039; da responsabilidade de Chakall (C\/Fotos) | Infocul.pt - Arquivo Digital\" \/>\n<meta property=\"og:description\" content=\"L&#039;Origine \u00e9 um &#039;Pecado da Gula&#039; da responsabilidade de Chakall (C\/Fotos) | Infocul.pt - Arquivo Digital\" \/>\n<meta property=\"og:url\" content=\"https:\/\/infocul.pt\/arquivo\/actualidade\/lorigine-e-um-pecado-da-gula-da-responsabilidade-de-chakall-c-fotos\/\" \/>\n<meta property=\"og:site_name\" content=\"Infocul.pt - Arquivo Digital\" \/>\n<meta property=\"article:publisher\" content=\"https:\/\/www.facebook.com\/Infocul-147816815585015\/\" \/>\n<meta property=\"article:published_time\" content=\"2019-04-05T12:47:47+00:00\" \/>\n<meta property=\"article:modified_time\" content=\"2019-04-05T13:00:40+00:00\" \/>\n<meta property=\"og:image\" content=\"https:\/\/infocul.pt\/arquivo\/wp-content\/uploads\/2019\/04\/LOrigine-002-e1554467298321.jpg\" \/>\n\t<meta property=\"og:image:width\" content=\"800\" \/>\n\t<meta property=\"og:image:height\" content=\"533\" \/>\n\t<meta property=\"og:image:type\" content=\"image\/jpeg\" \/>\n<meta name=\"author\" content=\"Rui Lavrador\" \/>\n<meta name=\"twitter:card\" content=\"summary_large_image\" \/>\n<meta name=\"twitter:creator\" content=\"@Infoculpt\" \/>\n<meta name=\"twitter:site\" content=\"@Infoculpt\" \/>\n<meta name=\"twitter:label1\" content=\"Escrito por\" \/>\n\t<meta name=\"twitter:data1\" content=\"Rui Lavrador\" \/>\n\t<meta name=\"twitter:label2\" content=\"Tempo estimado de leitura\" \/>\n\t<meta name=\"twitter:data2\" content=\"3 minutos\" \/>\n<script type=\"application\/ld+json\" class=\"yoast-schema-graph\">{\"@context\":\"https:\\\/\\\/schema.org\",\"@graph\":[{\"@type\":\"Article\",\"@id\":\"https:\\\/\\\/infocul.pt\\\/arquivo\\\/actualidade\\\/lorigine-e-um-pecado-da-gula-da-responsabilidade-de-chakall-c-fotos\\\/#article\",\"isPartOf\":{\"@id\":\"https:\\\/\\\/infocul.pt\\\/arquivo\\\/actualidade\\\/lorigine-e-um-pecado-da-gula-da-responsabilidade-de-chakall-c-fotos\\\/\"},\"author\":{\"name\":\"Rui Lavrador\",\"@id\":\"https:\\\/\\\/infocul.pt\\\/arquivo\\\/#\\\/schema\\\/person\\\/060a108d7f2d85fc6aae505119ee5234\"},\"headline\":\"L&#8217;Origine \u00e9 um &#8216;Pecado da Gula&#8217; da responsabilidade de Chakall (C\\\/Fotos)\",\"datePublished\":\"2019-04-05T12:47:47+00:00\",\"dateModified\":\"2019-04-05T13:00:40+00:00\",\"mainEntityOfPage\":{\"@id\":\"https:\\\/\\\/infocul.pt\\\/arquivo\\\/actualidade\\\/lorigine-e-um-pecado-da-gula-da-responsabilidade-de-chakall-c-fotos\\\/\"},\"wordCount\":515,\"commentCount\":0,\"publisher\":{\"@id\":\"https:\\\/\\\/infocul.pt\\\/arquivo\\\/#organization\"},\"image\":{\"@id\":\"https:\\\/\\\/infocul.pt\\\/arquivo\\\/actualidade\\\/lorigine-e-um-pecado-da-gula-da-responsabilidade-de-chakall-c-fotos\\\/#primaryimage\"},\"thumbnailUrl\":\"https:\\\/\\\/infocul.pt\\\/arquivo\\\/wp-content\\\/uploads\\\/2019\\\/04\\\/LOrigine-002-e1554467298321.jpg\",\"keywords\":[\"Chakall\",\"L'Origine\",\"Roberto Mezzapelle\"],\"articleSection\":[\"Actualidade\",\"Destaque\",\"Opini\u00e3o\",\"Reportagens\",\"Turismo\"],\"inLanguage\":\"pt-PT\"},{\"@type\":\"WebPage\",\"@id\":\"https:\\\/\\\/infocul.pt\\\/arquivo\\\/actualidade\\\/lorigine-e-um-pecado-da-gula-da-responsabilidade-de-chakall-c-fotos\\\/\",\"url\":\"https:\\\/\\\/infocul.pt\\\/arquivo\\\/actualidade\\\/lorigine-e-um-pecado-da-gula-da-responsabilidade-de-chakall-c-fotos\\\/\",\"name\":\"L'Origine \u00e9 um 'Pecado da Gula' da responsabilidade de Chakall (C\\\/Fotos) | Infocul.pt - Arquivo Digital\",\"isPartOf\":{\"@id\":\"https:\\\/\\\/infocul.pt\\\/arquivo\\\/#website\"},\"primaryImageOfPage\":{\"@id\":\"https:\\\/\\\/infocul.pt\\\/arquivo\\\/actualidade\\\/lorigine-e-um-pecado-da-gula-da-responsabilidade-de-chakall-c-fotos\\\/#primaryimage\"},\"image\":{\"@id\":\"https:\\\/\\\/infocul.pt\\\/arquivo\\\/actualidade\\\/lorigine-e-um-pecado-da-gula-da-responsabilidade-de-chakall-c-fotos\\\/#primaryimage\"},\"thumbnailUrl\":\"https:\\\/\\\/infocul.pt\\\/arquivo\\\/wp-content\\\/uploads\\\/2019\\\/04\\\/LOrigine-002-e1554467298321.jpg\",\"datePublished\":\"2019-04-05T12:47:47+00:00\",\"dateModified\":\"2019-04-05T13:00:40+00:00\",\"description\":\"L'Origine \u00e9 um 'Pecado da Gula' da responsabilidade de Chakall (C\\\/Fotos) | Infocul.pt - Arquivo Digital\",\"breadcrumb\":{\"@id\":\"https:\\\/\\\/infocul.pt\\\/arquivo\\\/actualidade\\\/lorigine-e-um-pecado-da-gula-da-responsabilidade-de-chakall-c-fotos\\\/#breadcrumb\"},\"inLanguage\":\"pt-PT\",\"potentialAction\":[{\"@type\":\"ReadAction\",\"target\":[\"https:\\\/\\\/infocul.pt\\\/arquivo\\\/actualidade\\\/lorigine-e-um-pecado-da-gula-da-responsabilidade-de-chakall-c-fotos\\\/\"]}]},{\"@type\":\"ImageObject\",\"inLanguage\":\"pt-PT\",\"@id\":\"https:\\\/\\\/infocul.pt\\\/arquivo\\\/actualidade\\\/lorigine-e-um-pecado-da-gula-da-responsabilidade-de-chakall-c-fotos\\\/#primaryimage\",\"url\":\"https:\\\/\\\/infocul.pt\\\/arquivo\\\/wp-content\\\/uploads\\\/2019\\\/04\\\/LOrigine-002-e1554467298321.jpg\",\"contentUrl\":\"https:\\\/\\\/infocul.pt\\\/arquivo\\\/wp-content\\\/uploads\\\/2019\\\/04\\\/LOrigine-002-e1554467298321.jpg\",\"width\":800,\"height\":533},{\"@type\":\"BreadcrumbList\",\"@id\":\"https:\\\/\\\/infocul.pt\\\/arquivo\\\/actualidade\\\/lorigine-e-um-pecado-da-gula-da-responsabilidade-de-chakall-c-fotos\\\/#breadcrumb\",\"itemListElement\":[{\"@type\":\"ListItem\",\"position\":1,\"name\":\"Home\",\"item\":\"https:\\\/\\\/infocul.pt\\\/arquivo\\\/\"},{\"@type\":\"ListItem\",\"position\":2,\"name\":\"L&#8217;Origine \u00e9 um &#8216;Pecado da Gula&#8217; da responsabilidade de Chakall (C\\\/Fotos)\"}]},{\"@type\":\"WebSite\",\"@id\":\"https:\\\/\\\/infocul.pt\\\/arquivo\\\/#website\",\"url\":\"https:\\\/\\\/infocul.pt\\\/arquivo\\\/\",\"name\":\"Infocul.pt - Arquivo Digital\",\"description\":\"Arquivo digital da Infocul.pt\",\"publisher\":{\"@id\":\"https:\\\/\\\/infocul.pt\\\/arquivo\\\/#organization\"},\"potentialAction\":[{\"@type\":\"SearchAction\",\"target\":{\"@type\":\"EntryPoint\",\"urlTemplate\":\"https:\\\/\\\/infocul.pt\\\/arquivo\\\/?s={search_term_string}\"},\"query-input\":{\"@type\":\"PropertyValueSpecification\",\"valueRequired\":true,\"valueName\":\"search_term_string\"}}],\"inLanguage\":\"pt-PT\"},{\"@type\":\"Organization\",\"@id\":\"https:\\\/\\\/infocul.pt\\\/arquivo\\\/#organization\",\"name\":\"Infocul.pt\",\"url\":\"https:\\\/\\\/infocul.pt\\\/arquivo\\\/\",\"logo\":{\"@type\":\"ImageObject\",\"inLanguage\":\"pt-PT\",\"@id\":\"https:\\\/\\\/infocul.pt\\\/arquivo\\\/#\\\/schema\\\/logo\\\/image\\\/\",\"url\":\"https:\\\/\\\/infocul.pt\\\/arquivo\\\/wp-content\\\/uploads\\\/2018\\\/12\\\/Infocul_logo-1.png\",\"contentUrl\":\"https:\\\/\\\/infocul.pt\\\/arquivo\\\/wp-content\\\/uploads\\\/2018\\\/12\\\/Infocul_logo-1.png\",\"width\":800,\"height\":800,\"caption\":\"Infocul.pt\"},\"image\":{\"@id\":\"https:\\\/\\\/infocul.pt\\\/arquivo\\\/#\\\/schema\\\/logo\\\/image\\\/\"},\"sameAs\":[\"https:\\\/\\\/www.facebook.com\\\/Infocul-147816815585015\\\/\",\"https:\\\/\\\/x.com\\\/Infoculpt\",\"http:\\\/\\\/www.pictaram.com\\\/user\\\/infocul.pt\\\/2370423710\",\"https:\\\/\\\/www.youtube.com\\\/channel\\\/UCYEB91AGI9FL9ek2i_IaQAA\"]},{\"@type\":\"Person\",\"@id\":\"https:\\\/\\\/infocul.pt\\\/arquivo\\\/#\\\/schema\\\/person\\\/060a108d7f2d85fc6aae505119ee5234\",\"name\":\"Rui Lavrador\",\"image\":{\"@type\":\"ImageObject\",\"inLanguage\":\"pt-PT\",\"@id\":\"https:\\\/\\\/secure.gravatar.com\\\/avatar\\\/93febd6873394aa8e975148548a0cb203acfdd42d2c85c5f1408e1a76678aece?s=96&d=mm&r=g\",\"url\":\"https:\\\/\\\/secure.gravatar.com\\\/avatar\\\/93febd6873394aa8e975148548a0cb203acfdd42d2c85c5f1408e1a76678aece?s=96&d=mm&r=g\",\"contentUrl\":\"https:\\\/\\\/secure.gravatar.com\\\/avatar\\\/93febd6873394aa8e975148548a0cb203acfdd42d2c85c5f1408e1a76678aece?s=96&d=mm&r=g\",\"caption\":\"Rui Lavrador\"},\"description\":\"Iniciou em 2011 o seu percurso em comunica\u00e7\u00e3o social, tendo integrado v\u00e1rios projectos editoriais. Durante o seu percurso integrou projectos como Jornal Hardm\u00fasica, LusoNot\u00edcias, Toureio.pt, ODigital.pt, entre outros \u00d3rg\u00e3os de Comunica\u00e7\u00e3o Social nacionais, na redac\u00e7\u00e3o de v\u00e1rios artigos. Entrevistou a grande maioria das personalidades mais importantes da vida social e cultural do pa\u00eds, destacando-se, tamb\u00e9m, na aprecia\u00e7\u00e3o de v\u00e1rios espect\u00e1culos. Durante o seu percurso, deu a conhecer v\u00e1rios artistas, at\u00e9 ent\u00e3o desconhecidos, ao grande p\u00fablico. Em 2015 criou e fundou o Infocul.pt, projecto no qual assume a direc\u00e7\u00e3o editorial.\",\"sameAs\":[\"http:\\\/\\\/www.infocul.pt\"]}]}<\/script>\n<!-- \/ Yoast SEO plugin. -->","yoast_head_json":{"title":"L'Origine \u00e9 um 'Pecado da Gula' da responsabilidade de Chakall (C\/Fotos) | Infocul.pt - Arquivo Digital","description":"L'Origine \u00e9 um 'Pecado da Gula' da responsabilidade de Chakall (C\/Fotos) | Infocul.pt - Arquivo Digital","robots":{"index":"noindex","follow":"follow","max-snippet":"max-snippet:-1","max-image-preview":"max-image-preview:large","max-video-preview":"max-video-preview:-1"},"og_locale":"pt_PT","og_type":"article","og_title":"L'Origine \u00e9 um 'Pecado da Gula' da responsabilidade de Chakall (C\/Fotos) | Infocul.pt - Arquivo Digital","og_description":"L'Origine \u00e9 um 'Pecado da Gula' da responsabilidade de Chakall (C\/Fotos) | Infocul.pt - Arquivo Digital","og_url":"https:\/\/infocul.pt\/arquivo\/actualidade\/lorigine-e-um-pecado-da-gula-da-responsabilidade-de-chakall-c-fotos\/","og_site_name":"Infocul.pt - Arquivo Digital","article_publisher":"https:\/\/www.facebook.com\/Infocul-147816815585015\/","article_published_time":"2019-04-05T12:47:47+00:00","article_modified_time":"2019-04-05T13:00:40+00:00","og_image":[{"width":800,"height":533,"url":"https:\/\/infocul.pt\/arquivo\/wp-content\/uploads\/2019\/04\/LOrigine-002-e1554467298321.jpg","type":"image\/jpeg"}],"author":"Rui Lavrador","twitter_card":"summary_large_image","twitter_creator":"@Infoculpt","twitter_site":"@Infoculpt","twitter_misc":{"Escrito por":"Rui Lavrador","Tempo estimado de leitura":"3 minutos"},"schema":{"@context":"https:\/\/schema.org","@graph":[{"@type":"Article","@id":"https:\/\/infocul.pt\/arquivo\/actualidade\/lorigine-e-um-pecado-da-gula-da-responsabilidade-de-chakall-c-fotos\/#article","isPartOf":{"@id":"https:\/\/infocul.pt\/arquivo\/actualidade\/lorigine-e-um-pecado-da-gula-da-responsabilidade-de-chakall-c-fotos\/"},"author":{"name":"Rui Lavrador","@id":"https:\/\/infocul.pt\/arquivo\/#\/schema\/person\/060a108d7f2d85fc6aae505119ee5234"},"headline":"L&#8217;Origine \u00e9 um &#8216;Pecado da Gula&#8217; da responsabilidade de Chakall (C\/Fotos)","datePublished":"2019-04-05T12:47:47+00:00","dateModified":"2019-04-05T13:00:40+00:00","mainEntityOfPage":{"@id":"https:\/\/infocul.pt\/arquivo\/actualidade\/lorigine-e-um-pecado-da-gula-da-responsabilidade-de-chakall-c-fotos\/"},"wordCount":515,"commentCount":0,"publisher":{"@id":"https:\/\/infocul.pt\/arquivo\/#organization"},"image":{"@id":"https:\/\/infocul.pt\/arquivo\/actualidade\/lorigine-e-um-pecado-da-gula-da-responsabilidade-de-chakall-c-fotos\/#primaryimage"},"thumbnailUrl":"https:\/\/infocul.pt\/arquivo\/wp-content\/uploads\/2019\/04\/LOrigine-002-e1554467298321.jpg","keywords":["Chakall","L'Origine","Roberto Mezzapelle"],"articleSection":["Actualidade","Destaque","Opini\u00e3o","Reportagens","Turismo"],"inLanguage":"pt-PT"},{"@type":"WebPage","@id":"https:\/\/infocul.pt\/arquivo\/actualidade\/lorigine-e-um-pecado-da-gula-da-responsabilidade-de-chakall-c-fotos\/","url":"https:\/\/infocul.pt\/arquivo\/actualidade\/lorigine-e-um-pecado-da-gula-da-responsabilidade-de-chakall-c-fotos\/","name":"L'Origine \u00e9 um 'Pecado da Gula' da responsabilidade de Chakall (C\/Fotos) | Infocul.pt - Arquivo Digital","isPartOf":{"@id":"https:\/\/infocul.pt\/arquivo\/#website"},"primaryImageOfPage":{"@id":"https:\/\/infocul.pt\/arquivo\/actualidade\/lorigine-e-um-pecado-da-gula-da-responsabilidade-de-chakall-c-fotos\/#primaryimage"},"image":{"@id":"https:\/\/infocul.pt\/arquivo\/actualidade\/lorigine-e-um-pecado-da-gula-da-responsabilidade-de-chakall-c-fotos\/#primaryimage"},"thumbnailUrl":"https:\/\/infocul.pt\/arquivo\/wp-content\/uploads\/2019\/04\/LOrigine-002-e1554467298321.jpg","datePublished":"2019-04-05T12:47:47+00:00","dateModified":"2019-04-05T13:00:40+00:00","description":"L'Origine \u00e9 um 'Pecado da Gula' da responsabilidade de Chakall (C\/Fotos) | Infocul.pt - Arquivo Digital","breadcrumb":{"@id":"https:\/\/infocul.pt\/arquivo\/actualidade\/lorigine-e-um-pecado-da-gula-da-responsabilidade-de-chakall-c-fotos\/#breadcrumb"},"inLanguage":"pt-PT","potentialAction":[{"@type":"ReadAction","target":["https:\/\/infocul.pt\/arquivo\/actualidade\/lorigine-e-um-pecado-da-gula-da-responsabilidade-de-chakall-c-fotos\/"]}]},{"@type":"ImageObject","inLanguage":"pt-PT","@id":"https:\/\/infocul.pt\/arquivo\/actualidade\/lorigine-e-um-pecado-da-gula-da-responsabilidade-de-chakall-c-fotos\/#primaryimage","url":"https:\/\/infocul.pt\/arquivo\/wp-content\/uploads\/2019\/04\/LOrigine-002-e1554467298321.jpg","contentUrl":"https:\/\/infocul.pt\/arquivo\/wp-content\/uploads\/2019\/04\/LOrigine-002-e1554467298321.jpg","width":800,"height":533},{"@type":"BreadcrumbList","@id":"https:\/\/infocul.pt\/arquivo\/actualidade\/lorigine-e-um-pecado-da-gula-da-responsabilidade-de-chakall-c-fotos\/#breadcrumb","itemListElement":[{"@type":"ListItem","position":1,"name":"Home","item":"https:\/\/infocul.pt\/arquivo\/"},{"@type":"ListItem","position":2,"name":"L&#8217;Origine \u00e9 um &#8216;Pecado da Gula&#8217; da responsabilidade de Chakall (C\/Fotos)"}]},{"@type":"WebSite","@id":"https:\/\/infocul.pt\/arquivo\/#website","url":"https:\/\/infocul.pt\/arquivo\/","name":"Infocul.pt - Arquivo Digital","description":"Arquivo digital da Infocul.pt","publisher":{"@id":"https:\/\/infocul.pt\/arquivo\/#organization"},"potentialAction":[{"@type":"SearchAction","target":{"@type":"EntryPoint","urlTemplate":"https:\/\/infocul.pt\/arquivo\/?s={search_term_string}"},"query-input":{"@type":"PropertyValueSpecification","valueRequired":true,"valueName":"search_term_string"}}],"inLanguage":"pt-PT"},{"@type":"Organization","@id":"https:\/\/infocul.pt\/arquivo\/#organization","name":"Infocul.pt","url":"https:\/\/infocul.pt\/arquivo\/","logo":{"@type":"ImageObject","inLanguage":"pt-PT","@id":"https:\/\/infocul.pt\/arquivo\/#\/schema\/logo\/image\/","url":"https:\/\/infocul.pt\/arquivo\/wp-content\/uploads\/2018\/12\/Infocul_logo-1.png","contentUrl":"https:\/\/infocul.pt\/arquivo\/wp-content\/uploads\/2018\/12\/Infocul_logo-1.png","width":800,"height":800,"caption":"Infocul.pt"},"image":{"@id":"https:\/\/infocul.pt\/arquivo\/#\/schema\/logo\/image\/"},"sameAs":["https:\/\/www.facebook.com\/Infocul-147816815585015\/","https:\/\/x.com\/Infoculpt","http:\/\/www.pictaram.com\/user\/infocul.pt\/2370423710","https:\/\/www.youtube.com\/channel\/UCYEB91AGI9FL9ek2i_IaQAA"]},{"@type":"Person","@id":"https:\/\/infocul.pt\/arquivo\/#\/schema\/person\/060a108d7f2d85fc6aae505119ee5234","name":"Rui Lavrador","image":{"@type":"ImageObject","inLanguage":"pt-PT","@id":"https:\/\/secure.gravatar.com\/avatar\/93febd6873394aa8e975148548a0cb203acfdd42d2c85c5f1408e1a76678aece?s=96&d=mm&r=g","url":"https:\/\/secure.gravatar.com\/avatar\/93febd6873394aa8e975148548a0cb203acfdd42d2c85c5f1408e1a76678aece?s=96&d=mm&r=g","contentUrl":"https:\/\/secure.gravatar.com\/avatar\/93febd6873394aa8e975148548a0cb203acfdd42d2c85c5f1408e1a76678aece?s=96&d=mm&r=g","caption":"Rui Lavrador"},"description":"Iniciou em 2011 o seu percurso em comunica\u00e7\u00e3o social, tendo integrado v\u00e1rios projectos editoriais. Durante o seu percurso integrou projectos como Jornal Hardm\u00fasica, LusoNot\u00edcias, Toureio.pt, ODigital.pt, entre outros \u00d3rg\u00e3os de Comunica\u00e7\u00e3o Social nacionais, na redac\u00e7\u00e3o de v\u00e1rios artigos. Entrevistou a grande maioria das personalidades mais importantes da vida social e cultural do pa\u00eds, destacando-se, tamb\u00e9m, na aprecia\u00e7\u00e3o de v\u00e1rios espect\u00e1culos. Durante o seu percurso, deu a conhecer v\u00e1rios artistas, at\u00e9 ent\u00e3o desconhecidos, ao grande p\u00fablico. Em 2015 criou e fundou o Infocul.pt, projecto no qual assume a direc\u00e7\u00e3o editorial.","sameAs":["http:\/\/www.infocul.pt"]}]}},"_links":{"self":[{"href":"https:\/\/infocul.pt\/arquivo\/wp-json\/wp\/v2\/posts\/55151","targetHints":{"allow":["GET"]}}],"collection":[{"href":"https:\/\/infocul.pt\/arquivo\/wp-json\/wp\/v2\/posts"}],"about":[{"href":"https:\/\/infocul.pt\/arquivo\/wp-json\/wp\/v2\/types\/post"}],"author":[{"embeddable":true,"href":"https:\/\/infocul.pt\/arquivo\/wp-json\/wp\/v2\/users\/2"}],"replies":[{"embeddable":true,"href":"https:\/\/infocul.pt\/arquivo\/wp-json\/wp\/v2\/comments?post=55151"}],"version-history":[{"count":0,"href":"https:\/\/infocul.pt\/arquivo\/wp-json\/wp\/v2\/posts\/55151\/revisions"}],"wp:featuredmedia":[{"embeddable":true,"href":"https:\/\/infocul.pt\/arquivo\/wp-json\/wp\/v2\/media\/55155"}],"wp:attachment":[{"href":"https:\/\/infocul.pt\/arquivo\/wp-json\/wp\/v2\/media?parent=55151"}],"wp:term":[{"taxonomy":"category","embeddable":true,"href":"https:\/\/infocul.pt\/arquivo\/wp-json\/wp\/v2\/categories?post=55151"},{"taxonomy":"post_tag","embeddable":true,"href":"https:\/\/infocul.pt\/arquivo\/wp-json\/wp\/v2\/tags?post=55151"}],"curies":[{"name":"wp","href":"https:\/\/api.w.org\/{rel}","templated":true}]}}