{"id":55413,"date":"2019-04-14T13:04:55","date_gmt":"2019-04-14T12:04:55","guid":{"rendered":"https:\/\/infocul.pt\/?p=55413"},"modified":"2019-04-14T18:50:17","modified_gmt":"2019-04-14T17:50:17","slug":"pedro-rangel-um-macon-e-um-homem-livre-e-de-bons-costumes","status":"publish","type":"post","link":"https:\/\/infocul.pt\/arquivo\/actualidade\/pedro-rangel-um-macon-e-um-homem-livre-e-de-bons-costumes\/","title":{"rendered":"Pedro Rangel: &#8220;Um ma\u00e7on \u00e9 um homem livre e de bons costumes&#8221;"},"content":{"rendered":"<p><img decoding=\"async\" class=\"aligncenter wp-image-55434 size-full lazyload\" data-src=\"https:\/\/infocul.pt\/arquivo\/wp-content\/uploads\/2019\/04\/EncontroUniaoMa\u00e7onica@Lisboa-5491-e1555243298594.jpg\" alt=\"\" width=\"800\" height=\"533\" src=\"data:image\/svg+xml;base64,PHN2ZyB3aWR0aD0iMSIgaGVpZ2h0PSIxIiB4bWxucz0iaHR0cDovL3d3dy53My5vcmcvMjAwMC9zdmciPjwvc3ZnPg==\" style=\"--smush-placeholder-width: 800px; --smush-placeholder-aspect-ratio: 800\/533;\" \/><\/p>\n<p>&nbsp;<\/p>\n<p>&nbsp;<\/p>\n<p>Nesta \u00faltima sexta-feira fez-se hist\u00f3ria em Portugal no que respeita \u00e0 abertura da ma\u00e7onaria ao p\u00fablico em geral.<!--more--><\/p>\n<p>&nbsp;<\/p>\n<p>Durante dois dias, sexta-feira e s\u00e1bado, realizou-se o XIX Encontro da Uni\u00e3o Ma\u00e7\u00f3nica do Mediterr\u00e2neo, sendo que a responsabilidade da organiza\u00e7\u00e3o coube \u00e0 Grande Loja Simb\u00f3lica de Portugal (a terceira Obedi\u00eancia Ma\u00e7\u00f3nica Portuguesa) e \u00e0 Grande Loja Simb\u00f3lica da Lusit\u00e2nia (Via Ma\u00e7\u00f3nica mista Portuguesa). Na sexta-feira, durante 3 horas e meia, entre as 15:00 e as 18:00, a Casa do Alentejo em Lisboa, esteve de portas abertas ao p\u00fablico em geral para a conferencia \u201cA Ma\u00e7onaria em Portugal e exposi\u00e7\u00f5es de livros, pe\u00e7as e j\u00f3ias ma\u00e7\u00f3nicas\u201d.<\/p>\n<p>&nbsp;<\/p>\n<p>O Infocul entrevistou Pedro Rangel, por parte da organiza\u00e7\u00e3o do certame e anterior Gr\u00e3o-Mestre da Grande Loja Simb\u00f3lica de Portugal, que deu a conhecer a import\u00e2ncia do evento, o que pensa a ma\u00e7onaria dos esc\u00e2ndalos vindos a p\u00fablico, os objectivos da ma\u00e7onaria perante a sociedade e qual a sua fun\u00e7\u00e3o c\u00edvica e espiritual.<\/p>\n<p>&nbsp;<\/p>\n<p><em>Durante dois dias este evento abre a ma\u00e7onaria ao p\u00fablico. Se n\u00e3o \u00e9 um evento \u00fanico, \u00e9 pelo menos raro&#8230;<\/em><\/p>\n<p><em><strong>A ma\u00e7onaria abre ao p\u00fablico em metade da confer\u00eancia da Uni\u00e3o Ma\u00e7\u00f3nica do Mediterr\u00e2neo. Hoje, pela manh\u00e3, tivemos temas ligados \u00e0 ma\u00e7onaria pura e dura e \u00e0 tarde decidimos pela primeira vez na hist\u00f3ria da Uni\u00e3o Ma\u00e7\u00f3nica do Mediterr\u00e2neo abrir \u00e0 sociedade portuguesa. E porqu\u00ea? Porque, de facto, n\u00e3o \u00e9 s\u00f3 pelos maus motivos que aparecemos nos media. Mas a verdade \u00e9 que a ma\u00e7onaria tem um papel muito importante em termos sociais e em termos de solidariedade social, quer em Portugal, quer a n\u00edvel mundial. H\u00e1 dezenas de milhares de ma\u00e7ons que todos os dias trabalham a bem da humanidade, tal como fizeram os nossos antepassados, nomeadamente a carta dos direitos do homem, em que vem aqui o Presidente da Liga Portuguesa dos Direitos do Homem tamb\u00e9m falar dentro em breve, e portanto \u00e9 esse o papel da ma\u00e7onaria e \u00e9 isso que pretendemos divulgar. N\u00e3o s\u00e3o as influ\u00eancias, ou m\u00e1s influ\u00eancias, mas sim um papel determinante no bem estar e no apoio de quem mais precisa.<\/strong><\/em><\/p>\n<p>&nbsp;<\/p>\n<p><em>Como reage ao ver as not\u00edcias sobre os esc\u00e2ndalos que t\u00eam surgido na imprensa?<\/em><\/p>\n<p><em><strong>Sinto que se essas pessoas, se provar que s\u00e3o culpadas, n\u00e3o devem estar na ma\u00e7onaria. N\u00f3s devemos sempre pautarmos-nos pelo exemplo na sociedade e devemos afastarmos-nos completamente de casos que t\u00eam vindo a p\u00fablico. E portanto, de facto, essas pessoas n\u00e3o t\u00eam lugar na ma\u00e7onaria. A Grande Loja Simb\u00f3lica de Portugal tem essa preocupa\u00e7\u00e3o muito grande de fazer um escrut\u00ednio muito rigoroso na entrada dos seus membros, portanto gente desonesta obviamente que h\u00e1 em todo o lado e tamb\u00e9m h\u00e1 na ma\u00e7onaria porque \u00e9 o reflexo da sociedade em que vivemos. H\u00e1 casos, esc\u00e2ndalos, que na Grande Loja Simb\u00f3lica de Portugal s\u00e3o completamente eliminados e portanto as pessoas s\u00e3o imediatamente exclu\u00eddas.<\/strong><\/em><\/p>\n<p><img decoding=\"async\" class=\"aligncenter wp-image-55437 size-full lazyload\" data-src=\"https:\/\/infocul.pt\/arquivo\/wp-content\/uploads\/2019\/04\/EncontroUniaoMa\u00e7onica@Lisboa-5493.jpg\" alt=\"\" width=\"1800\" height=\"1200\" data-srcset=\"https:\/\/infocul.pt\/arquivo\/wp-content\/uploads\/2019\/04\/EncontroUniaoMa\u00e7onica@Lisboa-5493.jpg 1800w, https:\/\/infocul.pt\/arquivo\/wp-content\/uploads\/2019\/04\/EncontroUniaoMa\u00e7onica@Lisboa-5493-300x200.jpg 300w, https:\/\/infocul.pt\/arquivo\/wp-content\/uploads\/2019\/04\/EncontroUniaoMa\u00e7onica@Lisboa-5493-768x512.jpg 768w, https:\/\/infocul.pt\/arquivo\/wp-content\/uploads\/2019\/04\/EncontroUniaoMa\u00e7onica@Lisboa-5493-1024x683.jpg 1024w\" data-sizes=\"(max-width: 1800px) 100vw, 1800px\" src=\"data:image\/svg+xml;base64,PHN2ZyB3aWR0aD0iMSIgaGVpZ2h0PSIxIiB4bWxucz0iaHR0cDovL3d3dy53My5vcmcvMjAwMC9zdmciPjwvc3ZnPg==\" style=\"--smush-placeholder-width: 1800px; --smush-placeholder-aspect-ratio: 1800\/1200;\" \/><\/p>\n<p><em>Para o p\u00fablico mais alheado desta tem\u00e1tica, o que \u00e9 um ma\u00e7on?<\/em><\/p>\n<p><em><strong>Um ma\u00e7on \u00e9 um homem livre e de bons costumes. Esse \u00e9 o mote. O ma\u00e7on tem de ter capacidades intelectuais, culturais e espirituais para estar numa obedi\u00eancia ma\u00e7\u00f3nica, como a Grande Loja Simb\u00f3lica de Portugal. E por isso, essa capacidade como homem, ou mulher, tem de estar sempre presente. Primeiro \u00e9 isto, em segundo ter disponibilidade. Porque nem toda a gente tem disponibilidade para trabalhar em lojas ma\u00e7\u00f3nicas de quinze em quinze dias. Portanto tem de ter disponibilidade para estar presente e participar nos trabalhos que s\u00e3o realizados e na participa\u00e7\u00e3o que a Grande Loja Simb\u00f3lica de Portugal tem na sociedade portuguesa.<\/strong><\/em><\/p>\n<p>&nbsp;<\/p>\n<p><em>Quando se diz que para ser ma\u00e7on tem de ser rico e poderoso \u00e9 falso?<\/em><\/p>\n<p><em><strong>\u00c9 completamente falso. 80% das pessoas que comp\u00f5em a ma\u00e7onaria portuguesa n\u00e3o s\u00e3o ricas nem poderosas. Por acaso s\u00e3o ricas mas \u00e9 de esp\u00edrito, isso \u00e9 fundamental, n\u00f3s sermos ricos de esp\u00edrito. Agora, a riqueza e o poder por vezes n\u00e3o se compadecem com os bons princ\u00edpios \u00e9ticos e humanos. Obviamente que temos de tudo, temos pessoas com uma capacidade financeira interessante mas n\u00e3o \u00e9 isso que move a ma\u00e7onaria e a Grande Loja Simb\u00f3lica de Portugal. Obviamente que t\u00eam de ter capacidade financeira e cultural para estar na Grande Loja Simb\u00f3lica de Portugal.<\/strong><\/em><\/p>\n<p>&nbsp;<\/p>\n<p><em>A ma\u00e7onaria acaba por ter um trabalho de solidariedade quase invis\u00edvel, contudo est\u00e1 por detr\u00e1s de muitas iniciativas solid\u00e1rias. A solidariedade \u00e9 praticada e n\u00e3o divulgada?<\/em><\/p>\n<p><em><strong>A Grande Loja Simb\u00f3lica de Portugal e a Grande Loja Simb\u00f3lica da Lusit\u00e2nia t\u00eam uma associa\u00e7\u00e3o de solidariedade social, em que essa associa\u00e7\u00e3o identifica anualmente duas ou tr\u00eas associa\u00e7\u00f5es de solidariedade social que n\u00e3o tem nada a ver com a ma\u00e7onaria, mas que analisamos e identificamos como associa\u00e7\u00f5es cred\u00edveis e que fazem um trabalho no terreno, de anos, em prol dos mais desfavorecidos. Portanto n\u00f3s, nas nossas lojas ma\u00e7\u00f3nicas, damos indica\u00e7\u00f5es para apoiar essas associa\u00e7\u00f5es atrav\u00e9s de bens ou atrav\u00e9s de campanhas espec\u00edficas que as associa\u00e7\u00f5es nos solicitam, atrav\u00e9s dessa associa\u00e7\u00e3o para-ma\u00e7\u00f3nica. Portanto, n\u00e3o \u00e9 a Grande Loja Simb\u00f3lica de Portugal ou a Grande Loja Simb\u00f3lica da Lusit\u00e2nia que d\u00e1 directamente, porque a caridade n\u00e3o se publicita mas executa-se e \u00e9 isso que n\u00f3s fazemos.<\/strong><\/em><\/p>\n<p>&nbsp;<\/p>\n<p><em>Essa associa\u00e7\u00e3o pode ser revelada ou continua no segredo dos deuses?<\/em><\/p>\n<p><em><strong>Vai continuar no segredo dos deuses<\/strong><\/em> (sorri).<\/p>\n<p>&nbsp;<\/p>\n<p><em>Um dos grandes flagelos recentes foi a quest\u00e3o dos refugiados. Qual o posicionamento da ma\u00e7onaria perante esta quest\u00e3o?<\/em><\/p>\n<p><em><strong>N\u00f3s em parceria com outras audi\u00eancias ma\u00e7\u00f3nicas, nomeadamente esta organiza\u00e7\u00e3o da qual fazemos parte (Uni\u00e3o Ma\u00e7\u00f3nica do Mediterr\u00e2neo), tem linhas condutoras de orienta\u00e7\u00e3o e apoio a este flagelo que s\u00e3o os refugiados. Obviamente que n\u00f3s sozinhos n\u00e3o temos capacidade para o fazer, mas atrav\u00e9s de organiza\u00e7\u00f5es internacionais, que est\u00e3o no terreno, temos dado um apoio muito significativo nesta ajuda aos refugiados e na sua adapta\u00e7\u00e3o aos pa\u00edses europeus nos quais s\u00e3o acolhidos, que \u00e9 t\u00e3o ou mais importante do que apenas acolh\u00ea-los quando v\u00eam do norte de \u00c1frica. Portanto estas organiza\u00e7\u00f5es, e mesmo a Uni\u00e3o Ma\u00e7\u00f3nica do Mediterr\u00e2neo, t\u00eam linhas condutoras de apoio e orienta\u00e7\u00e3o a esse n\u00edvel.<\/strong><\/em><\/p>\n<p><img decoding=\"async\" class=\"aligncenter wp-image-55436 size-full lazyload\" data-src=\"https:\/\/infocul.pt\/arquivo\/wp-content\/uploads\/2019\/04\/EncontroUniaoMa\u00e7onica@Lisboa-5497.jpg\" alt=\"\" width=\"1000\" height=\"666\" data-srcset=\"https:\/\/infocul.pt\/arquivo\/wp-content\/uploads\/2019\/04\/EncontroUniaoMa\u00e7onica@Lisboa-5497.jpg 1000w, https:\/\/infocul.pt\/arquivo\/wp-content\/uploads\/2019\/04\/EncontroUniaoMa\u00e7onica@Lisboa-5497-300x200.jpg 300w, https:\/\/infocul.pt\/arquivo\/wp-content\/uploads\/2019\/04\/EncontroUniaoMa\u00e7onica@Lisboa-5497-768x511.jpg 768w\" data-sizes=\"(max-width: 1000px) 100vw, 1000px\" src=\"data:image\/svg+xml;base64,PHN2ZyB3aWR0aD0iMSIgaGVpZ2h0PSIxIiB4bWxucz0iaHR0cDovL3d3dy53My5vcmcvMjAwMC9zdmciPjwvc3ZnPg==\" style=\"--smush-placeholder-width: 1000px; --smush-placeholder-aspect-ratio: 1000\/666;\" \/><\/p>\n<p><em><strong>Olhando como cidad\u00e3o, quais acha que s\u00e3o os desafios que se colocam \u00e0 ma\u00e7onaria nos pr\u00f3ximos dez anos?<\/strong><\/em><\/p>\n<p><em><strong>Eu penso que a ma\u00e7onaria tem crescido muito e tem crescido muito porque existe uma crise de valores. Existe uma crise de valores na \u00e1rea pol\u00edtica, existe uma crise de valores at\u00e9 na \u00e1rea religiosa, e a ma\u00e7onaria vai colmatando muito alguma da perca de identidade comum. A ma\u00e7onaria o que d\u00e1 no seu todo \u00e9 uma constru\u00e7\u00e3o mental, intelectual e espiritual a dogm\u00e1tica, portanto aqui n\u00e3o h\u00e1 dogmas, n\u00f3s somos homens e mulheres de livre pensamento e portanto cada um tem a sua capacidade de contesta\u00e7\u00e3o e de livre consci\u00eancia e arb\u00edtrio mas existe uma estrutura do conhecimento que \u00e9 comum \u00e0 ma\u00e7onaria. E isso, de facto, em Portugal tem sido um motor de novas admiss\u00f5es no pa\u00eds que tem uma grande tradi\u00e7\u00e3o espiritual. No passado houve ordens inici\u00e1ticas extremamente importantes como por exemplo Os Templ\u00e1rios, que deram uma constru\u00e7\u00e3o mental e espiritual \u00e0s elites na sociedade portuguesa.<\/strong><\/em><\/p>\n<p>&nbsp;<\/p>\n<p><em>Perante o que acaba de dizer, sente que a ma\u00e7onaria \u00e9 o ponto de equil\u00edbrio para a n\u00e3o perda total dos valores ou acha que as pr\u00f3ximas gera\u00e7\u00f5es est\u00e3o em risco em termos de valores?<\/em><\/p>\n<p><strong><em>N\u00e3o est\u00e3o em risco, as sociedades adaptam-se. A ma\u00e7onaria \u00e9 um caminho, um caminho minorit\u00e1rio. A ma\u00e7onaria n\u00e3o \u00e9 para massas. \u00c9 para uma linha de classe social que se preocupa com estes temas. E portanto, nunca a ma\u00e7onaria pode alterar a sociedade onde est\u00e1 mas pode ajudar, atrav\u00e9s dos seus membros e alguns dos seus membros est\u00e3o bem posicionados na sociedade em que se encontram, em termos de valores como fizeram os seus antepassados. As Na\u00e7\u00f5es Unidas, por exemplo, o que s\u00e3o? \u00c9 uma estrutura que maior parte foi criada por ma\u00e7ons e as Na\u00e7\u00f5es Unidas existem e s\u00e3o um ponto de equil\u00edbrio a n\u00edvel mundial.<\/em><\/strong><\/p>\n<p>&nbsp;<\/p>\n<p>&nbsp;<\/p>\n<p><em>E acabam por ter um papel fundamental a n\u00edvel mundial\u2026<\/em><\/p>\n<p><em><strong>Ainda tem, ainda tem\u2026<\/strong><\/em><\/p>\n<p>&nbsp;<\/p>\n<p><em>Depois deste fim-de-semana de actividades o que espera em termos de projec\u00e7\u00e3o medi\u00e1tica, em termos de mentalidade no p\u00fablico em geral e o que \u00e9 que acha que vai mudar?<\/em><\/p>\n<p><em><strong>N\u00e3o vai mudar grande coisa (sorri). O estereotipo da ma\u00e7onaria continua e vai continuar. Mas pela primeira vez, ou n\u00e3o sendo a primeira vez \u00e9 algo que n\u00e3o \u00e9 usual esta abertura, o objectivo \u00e9 que as pessoas tenham uma ideia ligeiramente diferente. Em termos do que vai acontecer, \u00e9 que Portugal est\u00e1 cada vez mais no centro da ma\u00e7onaria universal e n\u00f3s, Grande Loja Simb\u00f3lica de Portugal, temos tido um papel muito importante j\u00e1 nos \u00f3rg\u00e3os de decis\u00e3o a ma\u00e7onaria internacional. Apesar de em Portugal sermos pouco conhecidos, e o objectivo \u00e9 n\u00e3o sermos conhecidos, ou melhor, o objectivo \u00e9 continuarmos a ser discretos. Mas de facto, a Grande Loja Simb\u00f3lica de Portugal e Grande Loja Simb\u00f3lica da Lusit\u00e2nia, t\u00eam tido um papel muito importante e por isso \u00e9 que est\u00e3o aqui audi\u00eancias gregas, turcas, marroquinas, espanholas obviamente, francesas, italianas e albanesas aqui representadas. E \u00e9 neste envolvimento internacional que a Grande Loja Simb\u00f3lica de Portugal tem j\u00e1 um papel importante.<\/strong><\/em> (&#8230;)<\/p>\n<p>&nbsp;<\/p>\n<p>&nbsp;<\/p>\n<p><em>Tendo em conta a import\u00e2ncia que Portugal est\u00e1 a ganhar em termos universais na ma\u00e7onaria, o que questiono \u00e9 se perante essa observa\u00e7\u00e3o externa, dever\u00e1 ser maior a responsabilidade ou a humildade?<\/em><\/p>\n<p><em><strong>Maior a humildade. N\u00f3s, ma\u00e7ons, devemos ser o mais humildes poss\u00edvel, por isso \u00e9 que estou a divulgar isto pela primeira vez \u00e0 comunica\u00e7\u00e3o social, que algu\u00e9m da ma\u00e7onaria portuguesa pertencia \u00e0 direc\u00e7\u00e3o de uma organiza\u00e7\u00e3o ma\u00e7\u00f3nica internacional, nomeadamente essa que tem uma projec\u00e7\u00e3o muito grande <\/strong><\/em>[ndr: Alian\u00e7a Ma\u00e7\u00f3nica Europeia]<em><strong>. E por isso devemos ser o mais humildes poss\u00edvel e \u00e9 isso que nos diferencia do resto. Quanto mais evoluimos na nossa caminhada espiritual e intelectual, mais humildes devemos ser.<\/strong><\/em><\/p>\n<p>&nbsp;<\/p>\n<p><em>Ser ma\u00e7on fez de si uma pessoa mais feliz?<\/em><\/p>\n<p><em><strong>Completamente! Atingi uma felicidade, que no fundo \u00e9 isso que todos pretendemos. Sermos felizes com os nossos pr\u00f3prios par\u00e2metros. Uns dedicam-se \u00e0 cultura, outros \u00e0 espiritualidade mas os bens materiais s\u00f3 n\u00e3o chegam, n\u00e3o \u00e9? Ou melhor, os bens materiais n\u00e3o significam nada. As pessoas podem ter tudo o que entenderem mas n\u00e3o \u00e9 por isso que s\u00e3o felizes. E portanto, a ma\u00e7onaria \u00e9 um dos meios para atingir uma felicidade, n\u00e3o digo felicidade plena porque isso n\u00e3o existe mas estou l\u00e1 pr\u00f3ximo.<\/strong><\/em><\/p>\n<p><em>H\u00e1 valores que n\u00e3o t\u00eam pre\u00e7o?<\/em><\/p>\n<p><strong><em>H\u00e1 valores que n\u00e3o t\u00eam pre\u00e7o, de facto.<\/em><\/strong><\/p>\n<p>&nbsp;<\/p>\n<p><span style=\"color: #0000ff;\">Texto e Entrevista: Rui Lavrador<\/span><br \/>\n<span style=\"color: #0000ff;\">Fotografias: Jo\u00e3o de Sousa<\/span><\/p>\n<style id=\"bwg-style-0\">    #bwg_container1_0 #bwg_container2_0 .bwg-container-0.bwg-standard-thumbnails {      width: 1252px;              justify-content: center;        margin:0 auto !important;              background-color: rgba(255, 255, 255, 0.00);            padding-left: 2px;      padding-top: 2px;      max-width: 100%;            }        #bwg_container1_0 #bwg_container2_0 .bwg-container-0.bwg-standard-thumbnails .bwg-item {    justify-content: flex-start;      max-width: 250px;          }    #bwg_container1_0 #bwg_container2_0 .bwg-container-0.bwg-standard-thumbnails .bwg-item a {       margin-right: 2px;       margin-bottom: 2px;    }    #bwg_container1_0 #bwg_container2_0 .bwg-container-0.bwg-standard-thumbnails .bwg-item0 {      padding: 0px;            background-color:rgba(255,255,255, 0.30);      border: 0px none #CCCCCC;      opacity: 1.00;      border-radius: 0;      box-shadow: ;    }    #bwg_container1_0 #bwg_container2_0 .bwg-container-0.bwg-standard-thumbnails .bwg-item1 img {      max-height: none;      max-width: none;      padding: 0 !important;    }        @media only screen and (min-width: 480px) {      #bwg_container1_0 #bwg_container2_0 .bwg-container-0.bwg-standard-thumbnails .bwg-item0 {        transition: all 0.3s ease 0s;-webkit-transition: all 0.3s ease 0s;      }      #bwg_container1_0 #bwg_container2_0 .bwg-container-0.bwg-standard-thumbnails .bwg-item0:hover {        -ms-transform: scale(1.08);        -webkit-transform: scale(1.08);        transform: scale(1.08);      }    }          #bwg_container1_0 #bwg_container2_0 .bwg-container-0.bwg-standard-thumbnails .bwg-item1 {      padding-top: 56%;    }        #bwg_container1_0 #bwg_container2_0 .bwg-container-0.bwg-standard-thumbnails .bwg-title1 {      position: absolute;      top: 0;      z-index: 100;      width: 100%;      height: 100%;      display: flex;      justify-content: center;      align-content: center;      flex-direction: column;      opacity: 0;    }\t      #bwg_container1_0 #bwg_container2_0 .bwg-container-0.bwg-standard-thumbnails .bwg-title2,    #bwg_container1_0 #bwg_container2_0 .bwg-container-0.bwg-standard-thumbnails .bwg-ecommerce2 {      color: #FFFFFF;      font-family: Ubuntu;      font-size: 16px;      font-weight: bold;      padding: 2px;      text-shadow: 0px 0px 0px #888888;      max-height: 100%;    }    #bwg_container1_0 #bwg_container2_0 .bwg-container-0.bwg-standard-thumbnails .bwg-thumb-description span {    color: #323A45;    font-family: Ubuntu;    font-size: 12px;    max-height: 100%;    word-wrap: break-word;    }    #bwg_container1_0 #bwg_container2_0 .bwg-container-0.bwg-standard-thumbnails .bwg-play-icon2 {      font-size: 32px;    }    #bwg_container1_0 #bwg_container2_0 .bwg-container-0.bwg-standard-thumbnails .bwg-ecommerce2 {      font-size: 19.2px;      color: #CCCCCC;    }    <\/style>    <div id=\"bwg_container1_0\"         class=\"bwg_container bwg_thumbnail bwg_thumbnails \"         data-right-click-protection=\"0\"         data-bwg=\"0\"         data-scroll=\"0\"         data-gallery-type=\"thumbnails\"         data-gallery-view-type=\"thumbnails\"         data-current-url=\"\/arquivo\/wp-json\/wp\/v2\/posts\/55413\"         data-lightbox-url=\"https:\/\/infocul.pt\/arquivo\/wp-admin\/admin-ajax.php?action=GalleryBox&#038;current_view=0&#038;gallery_id=358&#038;tag=0&#038;theme_id=1&#038;shortcode_id=753&#038;sort_by=order&#038;order_by=asc&#038;current_url=%2Farquivo%2Fwp-json%2Fwp%2Fv2%2Fposts%2F55413\"         data-gallery-id=\"358\"         data-popup-width=\"800\"         data-popup-height=\"500\"         data-is-album=\"gallery\"         data-buttons-position=\"bottom\">      <div id=\"bwg_container2_0\">             <div id=\"ajax_loading_0\" class=\"bwg_loading_div_1\">      <div class=\"bwg_loading_div_2\">        <div class=\"bwg_loading_div_3\">          <div id=\"loading_div_0\" class=\"bwg_spider_ajax_loading\">          <\/div>        <\/div>      <\/div>    <\/div>            <form id=\"gal_front_form_0\"              class=\"bwg-hidden\"              method=\"post\"              action=\"#\"              data-current=\"0\"              data-shortcode-id=\"753\"              data-gallery-type=\"thumbnails\"              data-gallery-id=\"358\"              data-tag=\"0\"              data-album-id=\"0\"              data-theme-id=\"1\"              data-ajax-url=\"https:\/\/infocul.pt\/arquivo\/wp-admin\/admin-ajax.php?action=bwg_frontend_data\">          <div id=\"bwg_container3_0\" class=\"bwg-background bwg-background-0\">                <div data-max-count=\"5\"         data-thumbnail-width=\"250\"         data-bwg=\"0\"         data-gallery-id=\"358\"         data-lightbox-url=\"https:\/\/infocul.pt\/arquivo\/wp-admin\/admin-ajax.php?action=GalleryBox&amp;current_view=0&amp;gallery_id=358&amp;tag=0&amp;theme_id=1&amp;shortcode_id=753&amp;sort_by=order&amp;order_by=asc&amp;current_url=%2Farquivo%2Fwp-json%2Fwp%2Fv2%2Fposts%2F55413\"         id=\"bwg_thumbnails_0\"         class=\"bwg-container-0 bwg-thumbnails bwg-standard-thumbnails bwg-container bwg-border-box\">            <div class=\"bwg-item\">        <a class=\"bwg-a  bwg_lightbox\"  data-image-id=\"6112\" href=\"https:\/\/infocul.pt\/arquivo\/wp-content\/uploads\/photo-gallery\/EncontroUniaoMa\u00e7onica@Lisboa-5491.jpg?bwg=1555243216\" data-elementor-open-lightbox=\"no\">                <div class=\"bwg-item0 \">          <div class=\"bwg-item1 \">            <div class=\"bwg-item2\">              <img decoding=\"async\" class=\"skip-lazy bwg_standart_thumb_img_0 \"                   data-id=\"6112\"                   data-width=\"\"                   data-height=\"\"                   data-src=\"https:\/\/infocul.pt\/arquivo\/wp-content\/uploads\/photo-gallery\/thumb\/EncontroUniaoMa\u00e7onica@Lisboa-5491.jpg?bwg=1555243216\"                   src=\"https:\/\/infocul.pt\/arquivo\/wp-content\/uploads\/photo-gallery\/thumb\/EncontroUniaoMa\u00e7onica@Lisboa-5491.jpg?bwg=1555243216\"                   alt=\"\"                   title=\"\" \/>            <\/div>            <div class=\"\">              <div class=\"bwg-title1\"><div class=\"bwg-title2\">&nbsp;<\/div><\/div>                                        <\/div>          <\/div>        <\/div>                        <\/a>              <\/div>            <div class=\"bwg-item\">        <a class=\"bwg-a  bwg_lightbox\"  data-image-id=\"6111\" href=\"https:\/\/infocul.pt\/arquivo\/wp-content\/uploads\/photo-gallery\/EncontroUniaoMa\u00e7onica@Lisboa-5521.jpg?bwg=1555243216\" data-elementor-open-lightbox=\"no\">                <div class=\"bwg-item0 \">          <div class=\"bwg-item1 \">            <div class=\"bwg-item2\">              <img decoding=\"async\" class=\"skip-lazy bwg_standart_thumb_img_0 \"                   data-id=\"6111\"                   data-width=\"\"                   data-height=\"\"                   data-src=\"https:\/\/infocul.pt\/arquivo\/wp-content\/uploads\/photo-gallery\/thumb\/EncontroUniaoMa\u00e7onica@Lisboa-5521.jpg?bwg=1555243216\"                   src=\"https:\/\/infocul.pt\/arquivo\/wp-content\/uploads\/photo-gallery\/thumb\/EncontroUniaoMa\u00e7onica@Lisboa-5521.jpg?bwg=1555243216\"                   alt=\"\"                   title=\"\" \/>            <\/div>            <div class=\"\">              <div class=\"bwg-title1\"><div class=\"bwg-title2\">&nbsp;<\/div><\/div>                                        <\/div>          <\/div>        <\/div>                        <\/a>              <\/div>            <div class=\"bwg-item\">        <a class=\"bwg-a  bwg_lightbox\"  data-image-id=\"6110\" href=\"https:\/\/infocul.pt\/arquivo\/wp-content\/uploads\/photo-gallery\/EncontroUniaoMa\u00e7onica@Lisboa-5522.jpg?bwg=1555243216\" data-elementor-open-lightbox=\"no\">                <div class=\"bwg-item0 \">          <div class=\"bwg-item1 \">            <div class=\"bwg-item2\">              <img decoding=\"async\" class=\"skip-lazy bwg_standart_thumb_img_0 \"                   data-id=\"6110\"                   data-width=\"\"                   data-height=\"\"                   data-src=\"https:\/\/infocul.pt\/arquivo\/wp-content\/uploads\/photo-gallery\/thumb\/EncontroUniaoMa\u00e7onica@Lisboa-5522.jpg?bwg=1555243216\"                   src=\"https:\/\/infocul.pt\/arquivo\/wp-content\/uploads\/photo-gallery\/thumb\/EncontroUniaoMa\u00e7onica@Lisboa-5522.jpg?bwg=1555243216\"                   alt=\"\"                   title=\"\" \/>            <\/div>            <div class=\"\">              <div class=\"bwg-title1\"><div class=\"bwg-title2\">&nbsp;<\/div><\/div>                                        <\/div>          <\/div>        <\/div>                        <\/a>              <\/div>            <div class=\"bwg-item\">        <a class=\"bwg-a  bwg_lightbox\"  data-image-id=\"6109\" href=\"https:\/\/infocul.pt\/arquivo\/wp-content\/uploads\/photo-gallery\/EncontroUniaoMa\u00e7onica@Lisboa-5518.jpg?bwg=1555243216\" data-elementor-open-lightbox=\"no\">                <div class=\"bwg-item0 \">          <div class=\"bwg-item1 \">            <div class=\"bwg-item2\">              <img decoding=\"async\" class=\"skip-lazy bwg_standart_thumb_img_0 \"                   data-id=\"6109\"                   data-width=\"\"                   data-height=\"\"                   data-src=\"https:\/\/infocul.pt\/arquivo\/wp-content\/uploads\/photo-gallery\/thumb\/EncontroUniaoMa\u00e7onica@Lisboa-5518.jpg?bwg=1555243216\"                   src=\"https:\/\/infocul.pt\/arquivo\/wp-content\/uploads\/photo-gallery\/thumb\/EncontroUniaoMa\u00e7onica@Lisboa-5518.jpg?bwg=1555243216\"                   alt=\"\"                   title=\"\" \/>            <\/div>            <div class=\"\">              <div class=\"bwg-title1\"><div class=\"bwg-title2\">&nbsp;<\/div><\/div>                                        <\/div>          <\/div>        <\/div>                        <\/a>              <\/div>            <div class=\"bwg-item\">        <a class=\"bwg-a  bwg_lightbox\"  data-image-id=\"6108\" href=\"https:\/\/infocul.pt\/arquivo\/wp-content\/uploads\/photo-gallery\/EncontroUniaoMa\u00e7onica@Lisboa-5519.jpg?bwg=1555243216\" data-elementor-open-lightbox=\"no\">                <div class=\"bwg-item0 \">          <div class=\"bwg-item1 \">            <div class=\"bwg-item2\">              <img decoding=\"async\" class=\"skip-lazy bwg_standart_thumb_img_0 \"                   data-id=\"6108\"                   data-width=\"\"                   data-height=\"\"                   data-src=\"https:\/\/infocul.pt\/arquivo\/wp-content\/uploads\/photo-gallery\/thumb\/EncontroUniaoMa\u00e7onica@Lisboa-5519.jpg?bwg=1555243216\"                   src=\"https:\/\/infocul.pt\/arquivo\/wp-content\/uploads\/photo-gallery\/thumb\/EncontroUniaoMa\u00e7onica@Lisboa-5519.jpg?bwg=1555243216\"                   alt=\"\"                   title=\"\" \/>            <\/div>            <div class=\"\">              <div class=\"bwg-title1\"><div class=\"bwg-title2\">&nbsp;<\/div><\/div>                                        <\/div>          <\/div>        <\/div>                        <\/a>              <\/div>            <div class=\"bwg-item\">        <a class=\"bwg-a  bwg_lightbox\"  data-image-id=\"6107\" href=\"https:\/\/infocul.pt\/arquivo\/wp-content\/uploads\/photo-gallery\/EncontroUniaoMa\u00e7onica@Lisboa-5513.jpg?bwg=1555243216\" data-elementor-open-lightbox=\"no\">                <div class=\"bwg-item0 \">          <div class=\"bwg-item1 \">            <div class=\"bwg-item2\">              <img decoding=\"async\" class=\"skip-lazy bwg_standart_thumb_img_0 \"                   data-id=\"6107\"                   data-width=\"\"                   data-height=\"\"                   data-src=\"https:\/\/infocul.pt\/arquivo\/wp-content\/uploads\/photo-gallery\/thumb\/EncontroUniaoMa\u00e7onica@Lisboa-5513.jpg?bwg=1555243216\"                   src=\"https:\/\/infocul.pt\/arquivo\/wp-content\/uploads\/photo-gallery\/thumb\/EncontroUniaoMa\u00e7onica@Lisboa-5513.jpg?bwg=1555243216\"                   alt=\"\"                   title=\"\" \/>            <\/div>            <div class=\"\">              <div class=\"bwg-title1\"><div class=\"bwg-title2\">&nbsp;<\/div><\/div>                                        <\/div>          <\/div>        <\/div>                        <\/a>              <\/div>            <div class=\"bwg-item\">        <a class=\"bwg-a  bwg_lightbox\"  data-image-id=\"6106\" href=\"https:\/\/infocul.pt\/arquivo\/wp-content\/uploads\/photo-gallery\/EncontroUniaoMa\u00e7onica@Lisboa-5508.jpg?bwg=1555243216\" data-elementor-open-lightbox=\"no\">                <div class=\"bwg-item0 \">          <div class=\"bwg-item1 \">            <div class=\"bwg-item2\">              <img decoding=\"async\" class=\"skip-lazy bwg_standart_thumb_img_0 \"                   data-id=\"6106\"                   data-width=\"\"                   data-height=\"\"                   data-src=\"https:\/\/infocul.pt\/arquivo\/wp-content\/uploads\/photo-gallery\/thumb\/EncontroUniaoMa\u00e7onica@Lisboa-5508.jpg?bwg=1555243216\"                   src=\"https:\/\/infocul.pt\/arquivo\/wp-content\/uploads\/photo-gallery\/thumb\/EncontroUniaoMa\u00e7onica@Lisboa-5508.jpg?bwg=1555243216\"                   alt=\"\"                   title=\"\" \/>            <\/div>            <div class=\"\">              <div class=\"bwg-title1\"><div class=\"bwg-title2\">&nbsp;<\/div><\/div>                                        <\/div>          <\/div>        <\/div>                        <\/a>              <\/div>            <div class=\"bwg-item\">        <a class=\"bwg-a  bwg_lightbox\"  data-image-id=\"6105\" href=\"https:\/\/infocul.pt\/arquivo\/wp-content\/uploads\/photo-gallery\/EncontroUniaoMa\u00e7onica@Lisboa-5515.jpg?bwg=1555243216\" data-elementor-open-lightbox=\"no\">                <div class=\"bwg-item0 \">          <div class=\"bwg-item1 \">            <div class=\"bwg-item2\">              <img decoding=\"async\" class=\"skip-lazy bwg_standart_thumb_img_0 \"                   data-id=\"6105\"                   data-width=\"\"                   data-height=\"\"                   data-src=\"https:\/\/infocul.pt\/arquivo\/wp-content\/uploads\/photo-gallery\/thumb\/EncontroUniaoMa\u00e7onica@Lisboa-5515.jpg?bwg=1555243216\"                   src=\"https:\/\/infocul.pt\/arquivo\/wp-content\/uploads\/photo-gallery\/thumb\/EncontroUniaoMa\u00e7onica@Lisboa-5515.jpg?bwg=1555243216\"                   alt=\"\"                   title=\"\" \/>            <\/div>            <div class=\"\">              <div class=\"bwg-title1\"><div class=\"bwg-title2\">&nbsp;<\/div><\/div>                                        <\/div>          <\/div>        <\/div>                        <\/a>              <\/div>            <div class=\"bwg-item\">        <a class=\"bwg-a  bwg_lightbox\"  data-image-id=\"6104\" href=\"https:\/\/infocul.pt\/arquivo\/wp-content\/uploads\/photo-gallery\/EncontroUniaoMa\u00e7onica@Lisboa-5506.jpg?bwg=1555243216\" data-elementor-open-lightbox=\"no\">                <div class=\"bwg-item0 \">          <div class=\"bwg-item1 \">            <div class=\"bwg-item2\">              <img decoding=\"async\" class=\"skip-lazy bwg_standart_thumb_img_0 \"                   data-id=\"6104\"                   data-width=\"\"                   data-height=\"\"                   data-src=\"https:\/\/infocul.pt\/arquivo\/wp-content\/uploads\/photo-gallery\/thumb\/EncontroUniaoMa\u00e7onica@Lisboa-5506.jpg?bwg=1555243216\"                   src=\"https:\/\/infocul.pt\/arquivo\/wp-content\/uploads\/photo-gallery\/thumb\/EncontroUniaoMa\u00e7onica@Lisboa-5506.jpg?bwg=1555243216\"                   alt=\"\"                   title=\"\" \/>            <\/div>            <div class=\"\">              <div class=\"bwg-title1\"><div class=\"bwg-title2\">&nbsp;<\/div><\/div>                                        <\/div>          <\/div>        <\/div>                        <\/a>              <\/div>            <div class=\"bwg-item\">        <a class=\"bwg-a  bwg_lightbox\"  data-image-id=\"6103\" href=\"https:\/\/infocul.pt\/arquivo\/wp-content\/uploads\/photo-gallery\/EncontroUniaoMa\u00e7onica@Lisboa-5500.jpg?bwg=1555243216\" data-elementor-open-lightbox=\"no\">                <div class=\"bwg-item0 \">          <div class=\"bwg-item1 \">            <div class=\"bwg-item2\">              <img decoding=\"async\" class=\"skip-lazy bwg_standart_thumb_img_0 \"                   data-id=\"6103\"                   data-width=\"\"                   data-height=\"\"                   data-src=\"https:\/\/infocul.pt\/arquivo\/wp-content\/uploads\/photo-gallery\/thumb\/EncontroUniaoMa\u00e7onica@Lisboa-5500.jpg?bwg=1555243216\"                   src=\"https:\/\/infocul.pt\/arquivo\/wp-content\/uploads\/photo-gallery\/thumb\/EncontroUniaoMa\u00e7onica@Lisboa-5500.jpg?bwg=1555243216\"                   alt=\"\"                   title=\"\" \/>            <\/div>            <div class=\"\">              <div class=\"bwg-title1\"><div class=\"bwg-title2\">&nbsp;<\/div><\/div>                                        <\/div>          <\/div>        <\/div>                        <\/a>              <\/div>            <div class=\"bwg-item\">        <a class=\"bwg-a  bwg_lightbox\"  data-image-id=\"6102\" href=\"https:\/\/infocul.pt\/arquivo\/wp-content\/uploads\/photo-gallery\/EncontroUniaoMa\u00e7onica@Lisboa-5494.jpg?bwg=1555243216\" data-elementor-open-lightbox=\"no\">                <div class=\"bwg-item0 \">          <div class=\"bwg-item1 \">            <div class=\"bwg-item2\">              <img decoding=\"async\" class=\"skip-lazy bwg_standart_thumb_img_0 \"                   data-id=\"6102\"                   data-width=\"\"                   data-height=\"\"                   data-src=\"https:\/\/infocul.pt\/arquivo\/wp-content\/uploads\/photo-gallery\/thumb\/EncontroUniaoMa\u00e7onica@Lisboa-5494.jpg?bwg=1555243216\"                   src=\"https:\/\/infocul.pt\/arquivo\/wp-content\/uploads\/photo-gallery\/thumb\/EncontroUniaoMa\u00e7onica@Lisboa-5494.jpg?bwg=1555243216\"                   alt=\"\"                   title=\"\" \/>            <\/div>            <div class=\"\">              <div class=\"bwg-title1\"><div class=\"bwg-title2\">&nbsp;<\/div><\/div>                                        <\/div>          <\/div>        <\/div>                        <\/a>              <\/div>            <div class=\"bwg-item\">        <a class=\"bwg-a  bwg_lightbox\"  data-image-id=\"6101\" href=\"https:\/\/infocul.pt\/arquivo\/wp-content\/uploads\/photo-gallery\/EncontroUniaoMa\u00e7onica@Lisboa-5496.jpg?bwg=1555243216\" data-elementor-open-lightbox=\"no\">                <div class=\"bwg-item0 \">          <div class=\"bwg-item1 \">            <div class=\"bwg-item2\">              <img decoding=\"async\" class=\"skip-lazy bwg_standart_thumb_img_0 \"                   data-id=\"6101\"                   data-width=\"\"                   data-height=\"\"                   data-src=\"https:\/\/infocul.pt\/arquivo\/wp-content\/uploads\/photo-gallery\/thumb\/EncontroUniaoMa\u00e7onica@Lisboa-5496.jpg?bwg=1555243216\"                   src=\"https:\/\/infocul.pt\/arquivo\/wp-content\/uploads\/photo-gallery\/thumb\/EncontroUniaoMa\u00e7onica@Lisboa-5496.jpg?bwg=1555243216\"                   alt=\"\"                   title=\"\" \/>            <\/div>            <div class=\"\">              <div class=\"bwg-title1\"><div class=\"bwg-title2\">&nbsp;<\/div><\/div>                                        <\/div>          <\/div>        <\/div>                        <\/a>              <\/div>            <div class=\"bwg-item\">        <a class=\"bwg-a  bwg_lightbox\"  data-image-id=\"6100\" href=\"https:\/\/infocul.pt\/arquivo\/wp-content\/uploads\/photo-gallery\/EncontroUniaoMa\u00e7onica@Lisboa-5503.jpg?bwg=1555243216\" data-elementor-open-lightbox=\"no\">                <div class=\"bwg-item0 \">          <div class=\"bwg-item1 \">            <div class=\"bwg-item2\">              <img decoding=\"async\" class=\"skip-lazy bwg_standart_thumb_img_0 \"                   data-id=\"6100\"                   data-width=\"\"                   data-height=\"\"                   data-src=\"https:\/\/infocul.pt\/arquivo\/wp-content\/uploads\/photo-gallery\/thumb\/EncontroUniaoMa\u00e7onica@Lisboa-5503.jpg?bwg=1555243216\"                   src=\"https:\/\/infocul.pt\/arquivo\/wp-content\/uploads\/photo-gallery\/thumb\/EncontroUniaoMa\u00e7onica@Lisboa-5503.jpg?bwg=1555243216\"                   alt=\"\"                   title=\"\" \/>            <\/div>            <div class=\"\">              <div class=\"bwg-title1\"><div class=\"bwg-title2\">&nbsp;<\/div><\/div>                                        <\/div>          <\/div>        <\/div>                        <\/a>              <\/div>            <div class=\"bwg-item\">        <a class=\"bwg-a  bwg_lightbox\"  data-image-id=\"6099\" href=\"https:\/\/infocul.pt\/arquivo\/wp-content\/uploads\/photo-gallery\/EncontroUniaoMa\u00e7onica@Lisboa-5495.jpg?bwg=1555243216\" data-elementor-open-lightbox=\"no\">                <div class=\"bwg-item0 \">          <div class=\"bwg-item1 \">            <div class=\"bwg-item2\">              <img decoding=\"async\" class=\"skip-lazy bwg_standart_thumb_img_0 \"                   data-id=\"6099\"                   data-width=\"\"                   data-height=\"\"                   data-src=\"https:\/\/infocul.pt\/arquivo\/wp-content\/uploads\/photo-gallery\/thumb\/EncontroUniaoMa\u00e7onica@Lisboa-5495.jpg?bwg=1555243216\"                   src=\"https:\/\/infocul.pt\/arquivo\/wp-content\/uploads\/photo-gallery\/thumb\/EncontroUniaoMa\u00e7onica@Lisboa-5495.jpg?bwg=1555243216\"                   alt=\"\"                   title=\"\" \/>            <\/div>            <div class=\"\">              <div class=\"bwg-title1\"><div class=\"bwg-title2\">&nbsp;<\/div><\/div>                                        <\/div>          <\/div>        <\/div>                        <\/a>              <\/div>            <div class=\"bwg-item\">        <a class=\"bwg-a  bwg_lightbox\"  data-image-id=\"6098\" href=\"https:\/\/infocul.pt\/arquivo\/wp-content\/uploads\/photo-gallery\/EncontroUniaoMa\u00e7onica@Lisboa-5476.jpg?bwg=1555243216\" data-elementor-open-lightbox=\"no\">                <div class=\"bwg-item0 \">          <div class=\"bwg-item1 \">            <div class=\"bwg-item2\">              <img decoding=\"async\" class=\"skip-lazy bwg_standart_thumb_img_0 \"                   data-id=\"6098\"                   data-width=\"\"                   data-height=\"\"                   data-src=\"https:\/\/infocul.pt\/arquivo\/wp-content\/uploads\/photo-gallery\/thumb\/EncontroUniaoMa\u00e7onica@Lisboa-5476.jpg?bwg=1555243216\"                   src=\"https:\/\/infocul.pt\/arquivo\/wp-content\/uploads\/photo-gallery\/thumb\/EncontroUniaoMa\u00e7onica@Lisboa-5476.jpg?bwg=1555243216\"                   alt=\"\"                   title=\"\" \/>            <\/div>            <div class=\"\">              <div class=\"bwg-title1\"><div class=\"bwg-title2\">&nbsp;<\/div><\/div>                                        <\/div>          <\/div>        <\/div>                        <\/a>              <\/div>            <div class=\"bwg-item\">        <a class=\"bwg-a  bwg_lightbox\"  data-image-id=\"6097\" href=\"https:\/\/infocul.pt\/arquivo\/wp-content\/uploads\/photo-gallery\/EncontroUniaoMa\u00e7onica@Lisboa-5493.jpg?bwg=1555243216\" data-elementor-open-lightbox=\"no\">                <div class=\"bwg-item0 \">          <div class=\"bwg-item1 \">            <div class=\"bwg-item2\">              <img decoding=\"async\" class=\"skip-lazy bwg_standart_thumb_img_0 \"                   data-id=\"6097\"                   data-width=\"\"                   data-height=\"\"                   data-src=\"https:\/\/infocul.pt\/arquivo\/wp-content\/uploads\/photo-gallery\/thumb\/EncontroUniaoMa\u00e7onica@Lisboa-5493.jpg?bwg=1555243216\"                   src=\"https:\/\/infocul.pt\/arquivo\/wp-content\/uploads\/photo-gallery\/thumb\/EncontroUniaoMa\u00e7onica@Lisboa-5493.jpg?bwg=1555243216\"                   alt=\"\"                   title=\"\" \/>            <\/div>            <div class=\"\">              <div class=\"bwg-title1\"><div class=\"bwg-title2\">&nbsp;<\/div><\/div>                                        <\/div>          <\/div>        <\/div>                        <\/a>              <\/div>            <div class=\"bwg-item\">        <a class=\"bwg-a  bwg_lightbox\"  data-image-id=\"6096\" href=\"https:\/\/infocul.pt\/arquivo\/wp-content\/uploads\/photo-gallery\/EncontroUniaoMa\u00e7onica@Lisboa-5478.jpg?bwg=1555243216\" data-elementor-open-lightbox=\"no\">                <div class=\"bwg-item0 \">          <div class=\"bwg-item1 \">            <div class=\"bwg-item2\">              <img decoding=\"async\" class=\"skip-lazy bwg_standart_thumb_img_0 \"                   data-id=\"6096\"                   data-width=\"\"                   data-height=\"\"                   data-src=\"https:\/\/infocul.pt\/arquivo\/wp-content\/uploads\/photo-gallery\/thumb\/EncontroUniaoMa\u00e7onica@Lisboa-5478.jpg?bwg=1555243216\"                   src=\"https:\/\/infocul.pt\/arquivo\/wp-content\/uploads\/photo-gallery\/thumb\/EncontroUniaoMa\u00e7onica@Lisboa-5478.jpg?bwg=1555243216\"                   alt=\"\"                   title=\"\" \/>            <\/div>            <div class=\"\">              <div class=\"bwg-title1\"><div class=\"bwg-title2\">&nbsp;<\/div><\/div>                                        <\/div>          <\/div>        <\/div>                        <\/a>              <\/div>            <div class=\"bwg-item\">        <a class=\"bwg-a  bwg_lightbox\"  data-image-id=\"6095\" href=\"https:\/\/infocul.pt\/arquivo\/wp-content\/uploads\/photo-gallery\/EncontroUniaoMa\u00e7onica@Lisboa-5492.jpg?bwg=1555243216\" data-elementor-open-lightbox=\"no\">                <div class=\"bwg-item0 \">          <div class=\"bwg-item1 \">            <div class=\"bwg-item2\">              <img decoding=\"async\" class=\"skip-lazy bwg_standart_thumb_img_0 \"                   data-id=\"6095\"                   data-width=\"\"                   data-height=\"\"                   data-src=\"https:\/\/infocul.pt\/arquivo\/wp-content\/uploads\/photo-gallery\/thumb\/EncontroUniaoMa\u00e7onica@Lisboa-5492.jpg?bwg=1555243216\"                   src=\"https:\/\/infocul.pt\/arquivo\/wp-content\/uploads\/photo-gallery\/thumb\/EncontroUniaoMa\u00e7onica@Lisboa-5492.jpg?bwg=1555243216\"                   alt=\"\"                   title=\"\" \/>            <\/div>            <div class=\"\">              <div class=\"bwg-title1\"><div class=\"bwg-title2\">&nbsp;<\/div><\/div>                                        <\/div>          <\/div>        <\/div>                        <\/a>              <\/div>            <div class=\"bwg-item\">        <a class=\"bwg-a  bwg_lightbox\"  data-image-id=\"6094\" href=\"https:\/\/infocul.pt\/arquivo\/wp-content\/uploads\/photo-gallery\/EncontroUniaoMa\u00e7onica@Lisboa-5483.jpg?bwg=1555243216\" data-elementor-open-lightbox=\"no\">                <div class=\"bwg-item0 \">          <div class=\"bwg-item1 \">            <div class=\"bwg-item2\">              <img decoding=\"async\" class=\"skip-lazy bwg_standart_thumb_img_0 \"                   data-id=\"6094\"                   data-width=\"\"                   data-height=\"\"                   data-src=\"https:\/\/infocul.pt\/arquivo\/wp-content\/uploads\/photo-gallery\/thumb\/EncontroUniaoMa\u00e7onica@Lisboa-5483.jpg?bwg=1555243216\"                   src=\"https:\/\/infocul.pt\/arquivo\/wp-content\/uploads\/photo-gallery\/thumb\/EncontroUniaoMa\u00e7onica@Lisboa-5483.jpg?bwg=1555243216\"                   alt=\"\"                   title=\"\" \/>            <\/div>            <div class=\"\">              <div class=\"bwg-title1\"><div class=\"bwg-title2\">&nbsp;<\/div><\/div>                                        <\/div>          <\/div>        <\/div>                        <\/a>              <\/div>            <div class=\"bwg-item\">        <a class=\"bwg-a  bwg_lightbox\"  data-image-id=\"6093\" href=\"https:\/\/infocul.pt\/arquivo\/wp-content\/uploads\/photo-gallery\/EncontroUniaoMa\u00e7onica@Lisboa-5479.jpg?bwg=1555243216\" data-elementor-open-lightbox=\"no\">                <div class=\"bwg-item0 \">          <div class=\"bwg-item1 \">            <div class=\"bwg-item2\">              <img decoding=\"async\" class=\"skip-lazy bwg_standart_thumb_img_0 \"                   data-id=\"6093\"                   data-width=\"\"                   data-height=\"\"                   data-src=\"https:\/\/infocul.pt\/arquivo\/wp-content\/uploads\/photo-gallery\/thumb\/EncontroUniaoMa\u00e7onica@Lisboa-5479.jpg?bwg=1555243216\"                   src=\"https:\/\/infocul.pt\/arquivo\/wp-content\/uploads\/photo-gallery\/thumb\/EncontroUniaoMa\u00e7onica@Lisboa-5479.jpg?bwg=1555243216\"                   alt=\"\"                   title=\"\" \/>            <\/div>            <div class=\"\">              <div class=\"bwg-title1\"><div class=\"bwg-title2\">&nbsp;<\/div><\/div>                                        <\/div>          <\/div>        <\/div>                        <\/a>              <\/div>          <\/div>    <style>      \/*pagination styles*\/      #bwg_container1_0 #bwg_container2_0 .tablenav-pages_0 {\t\t\t\ttext-align: center;\t\t\t\tfont-size: 12px;\t\t\t\tfont-family: segoe ui;\t\t\t\tfont-weight: bold;\t\t\t\tcolor: #666666;\t\t\t\tmargin: 6px 0 4px;\t\t\t\tdisplay: block;      }      @media only screen and (max-width : 320px) {      #bwg_container1_0 #bwg_container2_0 .displaying-num_0 {     \t display: none;      }      }      #bwg_container1_0 #bwg_container2_0 .displaying-num_0 {\t\t\t\tfont-size: 12px;\t\t\t\tfont-family: segoe ui;\t\t\t\tfont-weight: bold;\t\t\t\tcolor: #666666;\t\t\t\tmargin-right: 10px;\t\t\t\tvertical-align: middle;      }      #bwg_container1_0 #bwg_container2_0 .paging-input_0 {\t\t\t\tfont-size: 12px;\t\t\t\tfont-family: segoe ui;\t\t\t\tfont-weight: bold;\t\t\t\tcolor: #666666;\t\t\t\tvertical-align: middle;      }      #bwg_container1_0 #bwg_container2_0 .tablenav-pages_0 a.disabled,      #bwg_container1_0 #bwg_container2_0 .tablenav-pages_0 a.disabled:hover,      #bwg_container1_0 #bwg_container2_0 .tablenav-pages_0 a.disabled:focus,\t\t\t#bwg_container1_0 #bwg_container2_0 .tablenav-pages_0 input.bwg_current_page {\t\t\t\tcursor: default;\t\t\t\tcolor: rgba(102, 102, 102, 0.5);      }      #bwg_container1_0 #bwg_container2_0 .tablenav-pages_0 a,      #bwg_container1_0 #bwg_container2_0 .tablenav-pages_0 input.bwg_current_page {\t\t\t\tcursor: pointer;\t\t\t\ttext-align: center;\t\t\t\tfont-size: 12px;\t\t\t\tfont-family: segoe ui;\t\t\t\tfont-weight: bold;\t\t\t\tcolor: #666666;\t\t\t\ttext-decoration: none;\t\t\t\tpadding: 3px 6px;\t\t\t\tmargin: 0;\t\t\t\tborder-radius: 0;\t\t\t\tborder-style: solid;\t\t\t\tborder-width: 1px;\t\t\t\tborder-color: #E3E3E3;\t\t\t\t\t\t\t\tbackground-color: rgba(255, 255, 255, 1.00);\t\t\t\tbox-shadow: 0;\t\t\t\ttransition: all 0.3s ease 0s;-webkit-transition: all 0.3s ease 0s;      }      <\/style>      <span class=\"bwg_nav_cont_0\">              <div class=\"tablenav-pages_0\">                  <\/div>                <input type=\"hidden\" id=\"page_number_0\" name=\"page_number_0\" value=\"1\" \/>      <script type=\"text\/javascript\">        if( jQuery('.bwg_nav_cont_0').length > 1 ) {          jQuery('.bwg_nav_cont_0').first().remove()        }        function spider_page_0(cur, x, y, load_more) {          if (typeof load_more == \"undefined\") {            var load_more = false;          }          if (jQuery(cur).hasClass('disabled')) {            return false;          }          var items_county_0 = 1;          switch (y) {            case 1:              if (x >= items_county_0) {                document.getElementById('page_number_0').value = items_county_0;              }              else {                document.getElementById('page_number_0').value = x + 1;              }              break;            case 2:              document.getElementById('page_number_0').value = items_county_0;              break;            case -1:              if (x == 1) {                document.getElementById('page_number_0').value = 1;              }              else {                document.getElementById('page_number_0').value = x - 1;              }              break;            case -2:              document.getElementById('page_number_0').value = 1;              break;\t\t\t\t\t\tcase 0:              document.getElementById('page_number_0').value = x;              break;            default:              document.getElementById('page_number_0').value = 1;          }          bwg_ajax('gal_front_form_0', '0', 'bwg_thumbnails_0', '0', '', 'gallery', 0, '', '', load_more, '', 1);        }                    jQuery('.first-page-0').on('click', function () {              spider_page_0(this, 1, -2, 'numeric');              return false;            });            jQuery('.prev-page-0').on('click', function () {              spider_page_0(this, 1, -1, 'numeric');              return false;            });            jQuery('.next-page-0').on('click', function () {              spider_page_0(this, 1, 1, 'numeric');              return false;            });            jQuery('.last-page-0').on('click', function () {              spider_page_0(this, 1, 2, 'numeric');              return false;            });        \t\t\t\t\/* Change page on input enter. *\/        function bwg_change_page_0( e, that ) {          if (  e.key == 'Enter' ) {            var to_page = parseInt(jQuery(that).val());            var pages_count = jQuery(that).parents(\".pagination-links\").data(\"pages-count\");            var current_url_param = jQuery(that).attr('data-url-info');            if (to_page > pages_count) {              to_page = 1;            }\t \t\t\t\t\t\t\t\t\t\t\t\tspider_page_0(this, to_page, 0, 'numeric');\t\t\t\t\t\t\treturn false;\t\t\t\t\t\t          }          return true;        }        jQuery('.bwg_load_btn_0').on('click', function () {            spider_page_0(this, 1, 1, true);            return false;        });      <\/script>      <\/span>                <\/div>        <\/form>        <style>          #bwg_container1_0 #bwg_container2_0 #spider_popup_overlay_0 {          background-color: #EEEEEE;          opacity: 0.60;          }          <\/style>        <div id=\"bwg_spider_popup_loading_0\" class=\"bwg_spider_popup_loading\"><\/div>        <div id=\"spider_popup_overlay_0\" class=\"spider_popup_overlay\" onclick=\"spider_destroypopup(1000)\"><\/div>        <input type=\"hidden\" id=\"bwg_random_seed_0\" value=\"1362480682\">                <\/div>    <\/div>    <script>      if (document.readyState === 'complete') {        if( typeof bwg_main_ready == 'function' ) {          if ( jQuery(\"#bwg_container1_0\").height() ) {            bwg_main_ready(jQuery(\"#bwg_container1_0\"));          }        }      } else {        document.addEventListener('DOMContentLoaded', function() {          if( typeof bwg_main_ready == 'function' ) {            if ( jQuery(\"#bwg_container1_0\").height() ) {             bwg_main_ready(jQuery(\"#bwg_container1_0\"));            }          }        });      }    <\/script>    \n","protected":false},"excerpt":{"rendered":"<p>&nbsp; &nbsp; Nesta \u00faltima sexta-feira fez-se hist\u00f3ria em Portugal no que respeita \u00e0 abertura da ma\u00e7onaria ao p\u00fablico em geral.<\/p>\n","protected":false},"author":2,"featured_media":55434,"comment_status":"open","ping_status":"closed","sticky":false,"template":"","format":"standard","meta":{"footnotes":""},"categories":[10,36,4124,11],"tags":[6961,6962,6960],"class_list":["post-55413","post","type-post","status-publish","format-standard","has-post-thumbnail","hentry","category-actualidade","category-destaque","category-entrevistas","category-pais","tag-grande-loja-simbolica-da-lusitania","tag-grande-loja-simbolica-de-portugal","tag-xix-encontro-da-uniao-maconica-do-mediterraneo"],"yoast_head":"<!-- This site is optimized with the Yoast SEO plugin v27.5 - https:\/\/yoast.com\/product\/yoast-seo-wordpress\/ -->\n<title>Pedro Rangel: &quot;Um ma\u00e7on \u00e9 um homem livre e de bons costumes&quot; | Infocul.pt - Arquivo Digital<\/title>\n<meta name=\"description\" content=\"Pedro Rangel: &quot;Um ma\u00e7on \u00e9 um homem livre e de bons costumes&quot; | Infocul.pt - Arquivo Digital\" \/>\n<meta name=\"robots\" content=\"noindex, follow, max-snippet:-1, max-image-preview:large, max-video-preview:-1\" \/>\n<meta property=\"og:locale\" content=\"pt_PT\" \/>\n<meta property=\"og:type\" content=\"article\" \/>\n<meta property=\"og:title\" content=\"Pedro Rangel: &quot;Um ma\u00e7on \u00e9 um homem livre e de bons costumes&quot; | Infocul.pt - Arquivo Digital\" \/>\n<meta property=\"og:description\" content=\"Pedro Rangel: &quot;Um ma\u00e7on \u00e9 um homem livre e de bons costumes&quot; | Infocul.pt - Arquivo Digital\" \/>\n<meta property=\"og:url\" content=\"https:\/\/infocul.pt\/arquivo\/actualidade\/pedro-rangel-um-macon-e-um-homem-livre-e-de-bons-costumes\/\" \/>\n<meta property=\"og:site_name\" content=\"Infocul.pt - Arquivo Digital\" \/>\n<meta property=\"article:publisher\" content=\"https:\/\/www.facebook.com\/Infocul-147816815585015\/\" \/>\n<meta property=\"article:published_time\" content=\"2019-04-14T12:04:55+00:00\" \/>\n<meta property=\"article:modified_time\" content=\"2019-04-14T17:50:17+00:00\" \/>\n<meta property=\"og:image\" content=\"https:\/\/infocul.pt\/arquivo\/wp-content\/uploads\/2019\/04\/EncontroUniaoMa\u00e7onica@Lisboa-5491-e1555243298594.jpg\" \/>\n\t<meta property=\"og:image:width\" content=\"800\" \/>\n\t<meta property=\"og:image:height\" content=\"533\" \/>\n\t<meta property=\"og:image:type\" content=\"image\/jpeg\" \/>\n<meta name=\"author\" content=\"Rui Lavrador\" \/>\n<meta name=\"twitter:card\" content=\"summary_large_image\" \/>\n<meta name=\"twitter:creator\" content=\"@Infoculpt\" \/>\n<meta name=\"twitter:site\" content=\"@Infoculpt\" \/>\n<meta name=\"twitter:label1\" content=\"Escrito por\" \/>\n\t<meta name=\"twitter:data1\" content=\"Rui Lavrador\" \/>\n\t<meta name=\"twitter:label2\" content=\"Tempo estimado de leitura\" \/>\n\t<meta name=\"twitter:data2\" content=\"10 minutos\" \/>\n<script type=\"application\/ld+json\" class=\"yoast-schema-graph\">{\"@context\":\"https:\\\/\\\/schema.org\",\"@graph\":[{\"@type\":\"Article\",\"@id\":\"https:\\\/\\\/infocul.pt\\\/arquivo\\\/actualidade\\\/pedro-rangel-um-macon-e-um-homem-livre-e-de-bons-costumes\\\/#article\",\"isPartOf\":{\"@id\":\"https:\\\/\\\/infocul.pt\\\/arquivo\\\/actualidade\\\/pedro-rangel-um-macon-e-um-homem-livre-e-de-bons-costumes\\\/\"},\"author\":{\"name\":\"Rui Lavrador\",\"@id\":\"https:\\\/\\\/infocul.pt\\\/arquivo\\\/#\\\/schema\\\/person\\\/060a108d7f2d85fc6aae505119ee5234\"},\"headline\":\"Pedro Rangel: &#8220;Um ma\u00e7on \u00e9 um homem livre e de bons costumes&#8221;\",\"datePublished\":\"2019-04-14T12:04:55+00:00\",\"dateModified\":\"2019-04-14T17:50:17+00:00\",\"mainEntityOfPage\":{\"@id\":\"https:\\\/\\\/infocul.pt\\\/arquivo\\\/actualidade\\\/pedro-rangel-um-macon-e-um-homem-livre-e-de-bons-costumes\\\/\"},\"wordCount\":1982,\"commentCount\":0,\"publisher\":{\"@id\":\"https:\\\/\\\/infocul.pt\\\/arquivo\\\/#organization\"},\"image\":{\"@id\":\"https:\\\/\\\/infocul.pt\\\/arquivo\\\/actualidade\\\/pedro-rangel-um-macon-e-um-homem-livre-e-de-bons-costumes\\\/#primaryimage\"},\"thumbnailUrl\":\"https:\\\/\\\/infocul.pt\\\/arquivo\\\/wp-content\\\/uploads\\\/2019\\\/04\\\/EncontroUniaoMa\u00e7onica@Lisboa-5491-e1555243298594.jpg\",\"keywords\":[\"Grande Loja Simb\u00f3lica da Lusit\u00e2nia\",\"Grande Loja Simb\u00f3lica de Portugal\",\"XIX Encontro da Uni\u00e3o Ma\u00e7\u00f3nica do Mediterr\u00e2neo\"],\"articleSection\":[\"Actualidade\",\"Destaque\",\"Entrevistas\",\"Pa\u00eds\"],\"inLanguage\":\"pt-PT\"},{\"@type\":\"WebPage\",\"@id\":\"https:\\\/\\\/infocul.pt\\\/arquivo\\\/actualidade\\\/pedro-rangel-um-macon-e-um-homem-livre-e-de-bons-costumes\\\/\",\"url\":\"https:\\\/\\\/infocul.pt\\\/arquivo\\\/actualidade\\\/pedro-rangel-um-macon-e-um-homem-livre-e-de-bons-costumes\\\/\",\"name\":\"Pedro Rangel: \\\"Um ma\u00e7on \u00e9 um homem livre e de bons costumes\\\" | Infocul.pt - Arquivo Digital\",\"isPartOf\":{\"@id\":\"https:\\\/\\\/infocul.pt\\\/arquivo\\\/#website\"},\"primaryImageOfPage\":{\"@id\":\"https:\\\/\\\/infocul.pt\\\/arquivo\\\/actualidade\\\/pedro-rangel-um-macon-e-um-homem-livre-e-de-bons-costumes\\\/#primaryimage\"},\"image\":{\"@id\":\"https:\\\/\\\/infocul.pt\\\/arquivo\\\/actualidade\\\/pedro-rangel-um-macon-e-um-homem-livre-e-de-bons-costumes\\\/#primaryimage\"},\"thumbnailUrl\":\"https:\\\/\\\/infocul.pt\\\/arquivo\\\/wp-content\\\/uploads\\\/2019\\\/04\\\/EncontroUniaoMa\u00e7onica@Lisboa-5491-e1555243298594.jpg\",\"datePublished\":\"2019-04-14T12:04:55+00:00\",\"dateModified\":\"2019-04-14T17:50:17+00:00\",\"description\":\"Pedro Rangel: \\\"Um ma\u00e7on \u00e9 um homem livre e de bons costumes\\\" | Infocul.pt - Arquivo Digital\",\"breadcrumb\":{\"@id\":\"https:\\\/\\\/infocul.pt\\\/arquivo\\\/actualidade\\\/pedro-rangel-um-macon-e-um-homem-livre-e-de-bons-costumes\\\/#breadcrumb\"},\"inLanguage\":\"pt-PT\",\"potentialAction\":[{\"@type\":\"ReadAction\",\"target\":[\"https:\\\/\\\/infocul.pt\\\/arquivo\\\/actualidade\\\/pedro-rangel-um-macon-e-um-homem-livre-e-de-bons-costumes\\\/\"]}]},{\"@type\":\"ImageObject\",\"inLanguage\":\"pt-PT\",\"@id\":\"https:\\\/\\\/infocul.pt\\\/arquivo\\\/actualidade\\\/pedro-rangel-um-macon-e-um-homem-livre-e-de-bons-costumes\\\/#primaryimage\",\"url\":\"https:\\\/\\\/infocul.pt\\\/arquivo\\\/wp-content\\\/uploads\\\/2019\\\/04\\\/EncontroUniaoMa\u00e7onica@Lisboa-5491-e1555243298594.jpg\",\"contentUrl\":\"https:\\\/\\\/infocul.pt\\\/arquivo\\\/wp-content\\\/uploads\\\/2019\\\/04\\\/EncontroUniaoMa\u00e7onica@Lisboa-5491-e1555243298594.jpg\",\"width\":800,\"height\":533},{\"@type\":\"BreadcrumbList\",\"@id\":\"https:\\\/\\\/infocul.pt\\\/arquivo\\\/actualidade\\\/pedro-rangel-um-macon-e-um-homem-livre-e-de-bons-costumes\\\/#breadcrumb\",\"itemListElement\":[{\"@type\":\"ListItem\",\"position\":1,\"name\":\"Home\",\"item\":\"https:\\\/\\\/infocul.pt\\\/arquivo\\\/\"},{\"@type\":\"ListItem\",\"position\":2,\"name\":\"Pedro Rangel: &#8220;Um ma\u00e7on \u00e9 um homem livre e de bons costumes&#8221;\"}]},{\"@type\":\"WebSite\",\"@id\":\"https:\\\/\\\/infocul.pt\\\/arquivo\\\/#website\",\"url\":\"https:\\\/\\\/infocul.pt\\\/arquivo\\\/\",\"name\":\"Infocul.pt - Arquivo Digital\",\"description\":\"Arquivo digital da Infocul.pt\",\"publisher\":{\"@id\":\"https:\\\/\\\/infocul.pt\\\/arquivo\\\/#organization\"},\"potentialAction\":[{\"@type\":\"SearchAction\",\"target\":{\"@type\":\"EntryPoint\",\"urlTemplate\":\"https:\\\/\\\/infocul.pt\\\/arquivo\\\/?s={search_term_string}\"},\"query-input\":{\"@type\":\"PropertyValueSpecification\",\"valueRequired\":true,\"valueName\":\"search_term_string\"}}],\"inLanguage\":\"pt-PT\"},{\"@type\":\"Organization\",\"@id\":\"https:\\\/\\\/infocul.pt\\\/arquivo\\\/#organization\",\"name\":\"Infocul.pt\",\"url\":\"https:\\\/\\\/infocul.pt\\\/arquivo\\\/\",\"logo\":{\"@type\":\"ImageObject\",\"inLanguage\":\"pt-PT\",\"@id\":\"https:\\\/\\\/infocul.pt\\\/arquivo\\\/#\\\/schema\\\/logo\\\/image\\\/\",\"url\":\"https:\\\/\\\/infocul.pt\\\/arquivo\\\/wp-content\\\/uploads\\\/2018\\\/12\\\/Infocul_logo-1.png\",\"contentUrl\":\"https:\\\/\\\/infocul.pt\\\/arquivo\\\/wp-content\\\/uploads\\\/2018\\\/12\\\/Infocul_logo-1.png\",\"width\":800,\"height\":800,\"caption\":\"Infocul.pt\"},\"image\":{\"@id\":\"https:\\\/\\\/infocul.pt\\\/arquivo\\\/#\\\/schema\\\/logo\\\/image\\\/\"},\"sameAs\":[\"https:\\\/\\\/www.facebook.com\\\/Infocul-147816815585015\\\/\",\"https:\\\/\\\/x.com\\\/Infoculpt\",\"http:\\\/\\\/www.pictaram.com\\\/user\\\/infocul.pt\\\/2370423710\",\"https:\\\/\\\/www.youtube.com\\\/channel\\\/UCYEB91AGI9FL9ek2i_IaQAA\"]},{\"@type\":\"Person\",\"@id\":\"https:\\\/\\\/infocul.pt\\\/arquivo\\\/#\\\/schema\\\/person\\\/060a108d7f2d85fc6aae505119ee5234\",\"name\":\"Rui Lavrador\",\"image\":{\"@type\":\"ImageObject\",\"inLanguage\":\"pt-PT\",\"@id\":\"https:\\\/\\\/secure.gravatar.com\\\/avatar\\\/93febd6873394aa8e975148548a0cb203acfdd42d2c85c5f1408e1a76678aece?s=96&d=mm&r=g\",\"url\":\"https:\\\/\\\/secure.gravatar.com\\\/avatar\\\/93febd6873394aa8e975148548a0cb203acfdd42d2c85c5f1408e1a76678aece?s=96&d=mm&r=g\",\"contentUrl\":\"https:\\\/\\\/secure.gravatar.com\\\/avatar\\\/93febd6873394aa8e975148548a0cb203acfdd42d2c85c5f1408e1a76678aece?s=96&d=mm&r=g\",\"caption\":\"Rui Lavrador\"},\"description\":\"Iniciou em 2011 o seu percurso em comunica\u00e7\u00e3o social, tendo integrado v\u00e1rios projectos editoriais. Durante o seu percurso integrou projectos como Jornal Hardm\u00fasica, LusoNot\u00edcias, Toureio.pt, ODigital.pt, entre outros \u00d3rg\u00e3os de Comunica\u00e7\u00e3o Social nacionais, na redac\u00e7\u00e3o de v\u00e1rios artigos. Entrevistou a grande maioria das personalidades mais importantes da vida social e cultural do pa\u00eds, destacando-se, tamb\u00e9m, na aprecia\u00e7\u00e3o de v\u00e1rios espect\u00e1culos. Durante o seu percurso, deu a conhecer v\u00e1rios artistas, at\u00e9 ent\u00e3o desconhecidos, ao grande p\u00fablico. Em 2015 criou e fundou o Infocul.pt, projecto no qual assume a direc\u00e7\u00e3o editorial.\",\"sameAs\":[\"http:\\\/\\\/www.infocul.pt\"]}]}<\/script>\n<!-- \/ Yoast SEO plugin. -->","yoast_head_json":{"title":"Pedro Rangel: \"Um ma\u00e7on \u00e9 um homem livre e de bons costumes\" | Infocul.pt - Arquivo Digital","description":"Pedro Rangel: \"Um ma\u00e7on \u00e9 um homem livre e de bons costumes\" | Infocul.pt - Arquivo Digital","robots":{"index":"noindex","follow":"follow","max-snippet":"max-snippet:-1","max-image-preview":"max-image-preview:large","max-video-preview":"max-video-preview:-1"},"og_locale":"pt_PT","og_type":"article","og_title":"Pedro Rangel: \"Um ma\u00e7on \u00e9 um homem livre e de bons costumes\" | Infocul.pt - Arquivo Digital","og_description":"Pedro Rangel: \"Um ma\u00e7on \u00e9 um homem livre e de bons costumes\" | Infocul.pt - Arquivo Digital","og_url":"https:\/\/infocul.pt\/arquivo\/actualidade\/pedro-rangel-um-macon-e-um-homem-livre-e-de-bons-costumes\/","og_site_name":"Infocul.pt - Arquivo Digital","article_publisher":"https:\/\/www.facebook.com\/Infocul-147816815585015\/","article_published_time":"2019-04-14T12:04:55+00:00","article_modified_time":"2019-04-14T17:50:17+00:00","og_image":[{"width":800,"height":533,"url":"https:\/\/infocul.pt\/arquivo\/wp-content\/uploads\/2019\/04\/EncontroUniaoMa\u00e7onica@Lisboa-5491-e1555243298594.jpg","type":"image\/jpeg"}],"author":"Rui Lavrador","twitter_card":"summary_large_image","twitter_creator":"@Infoculpt","twitter_site":"@Infoculpt","twitter_misc":{"Escrito por":"Rui Lavrador","Tempo estimado de leitura":"10 minutos"},"schema":{"@context":"https:\/\/schema.org","@graph":[{"@type":"Article","@id":"https:\/\/infocul.pt\/arquivo\/actualidade\/pedro-rangel-um-macon-e-um-homem-livre-e-de-bons-costumes\/#article","isPartOf":{"@id":"https:\/\/infocul.pt\/arquivo\/actualidade\/pedro-rangel-um-macon-e-um-homem-livre-e-de-bons-costumes\/"},"author":{"name":"Rui Lavrador","@id":"https:\/\/infocul.pt\/arquivo\/#\/schema\/person\/060a108d7f2d85fc6aae505119ee5234"},"headline":"Pedro Rangel: &#8220;Um ma\u00e7on \u00e9 um homem livre e de bons costumes&#8221;","datePublished":"2019-04-14T12:04:55+00:00","dateModified":"2019-04-14T17:50:17+00:00","mainEntityOfPage":{"@id":"https:\/\/infocul.pt\/arquivo\/actualidade\/pedro-rangel-um-macon-e-um-homem-livre-e-de-bons-costumes\/"},"wordCount":1982,"commentCount":0,"publisher":{"@id":"https:\/\/infocul.pt\/arquivo\/#organization"},"image":{"@id":"https:\/\/infocul.pt\/arquivo\/actualidade\/pedro-rangel-um-macon-e-um-homem-livre-e-de-bons-costumes\/#primaryimage"},"thumbnailUrl":"https:\/\/infocul.pt\/arquivo\/wp-content\/uploads\/2019\/04\/EncontroUniaoMa\u00e7onica@Lisboa-5491-e1555243298594.jpg","keywords":["Grande Loja Simb\u00f3lica da Lusit\u00e2nia","Grande Loja Simb\u00f3lica de Portugal","XIX Encontro da Uni\u00e3o Ma\u00e7\u00f3nica do Mediterr\u00e2neo"],"articleSection":["Actualidade","Destaque","Entrevistas","Pa\u00eds"],"inLanguage":"pt-PT"},{"@type":"WebPage","@id":"https:\/\/infocul.pt\/arquivo\/actualidade\/pedro-rangel-um-macon-e-um-homem-livre-e-de-bons-costumes\/","url":"https:\/\/infocul.pt\/arquivo\/actualidade\/pedro-rangel-um-macon-e-um-homem-livre-e-de-bons-costumes\/","name":"Pedro Rangel: \"Um ma\u00e7on \u00e9 um homem livre e de bons costumes\" | Infocul.pt - Arquivo Digital","isPartOf":{"@id":"https:\/\/infocul.pt\/arquivo\/#website"},"primaryImageOfPage":{"@id":"https:\/\/infocul.pt\/arquivo\/actualidade\/pedro-rangel-um-macon-e-um-homem-livre-e-de-bons-costumes\/#primaryimage"},"image":{"@id":"https:\/\/infocul.pt\/arquivo\/actualidade\/pedro-rangel-um-macon-e-um-homem-livre-e-de-bons-costumes\/#primaryimage"},"thumbnailUrl":"https:\/\/infocul.pt\/arquivo\/wp-content\/uploads\/2019\/04\/EncontroUniaoMa\u00e7onica@Lisboa-5491-e1555243298594.jpg","datePublished":"2019-04-14T12:04:55+00:00","dateModified":"2019-04-14T17:50:17+00:00","description":"Pedro Rangel: \"Um ma\u00e7on \u00e9 um homem livre e de bons costumes\" | Infocul.pt - Arquivo Digital","breadcrumb":{"@id":"https:\/\/infocul.pt\/arquivo\/actualidade\/pedro-rangel-um-macon-e-um-homem-livre-e-de-bons-costumes\/#breadcrumb"},"inLanguage":"pt-PT","potentialAction":[{"@type":"ReadAction","target":["https:\/\/infocul.pt\/arquivo\/actualidade\/pedro-rangel-um-macon-e-um-homem-livre-e-de-bons-costumes\/"]}]},{"@type":"ImageObject","inLanguage":"pt-PT","@id":"https:\/\/infocul.pt\/arquivo\/actualidade\/pedro-rangel-um-macon-e-um-homem-livre-e-de-bons-costumes\/#primaryimage","url":"https:\/\/infocul.pt\/arquivo\/wp-content\/uploads\/2019\/04\/EncontroUniaoMa\u00e7onica@Lisboa-5491-e1555243298594.jpg","contentUrl":"https:\/\/infocul.pt\/arquivo\/wp-content\/uploads\/2019\/04\/EncontroUniaoMa\u00e7onica@Lisboa-5491-e1555243298594.jpg","width":800,"height":533},{"@type":"BreadcrumbList","@id":"https:\/\/infocul.pt\/arquivo\/actualidade\/pedro-rangel-um-macon-e-um-homem-livre-e-de-bons-costumes\/#breadcrumb","itemListElement":[{"@type":"ListItem","position":1,"name":"Home","item":"https:\/\/infocul.pt\/arquivo\/"},{"@type":"ListItem","position":2,"name":"Pedro Rangel: &#8220;Um ma\u00e7on \u00e9 um homem livre e de bons costumes&#8221;"}]},{"@type":"WebSite","@id":"https:\/\/infocul.pt\/arquivo\/#website","url":"https:\/\/infocul.pt\/arquivo\/","name":"Infocul.pt - Arquivo Digital","description":"Arquivo digital da Infocul.pt","publisher":{"@id":"https:\/\/infocul.pt\/arquivo\/#organization"},"potentialAction":[{"@type":"SearchAction","target":{"@type":"EntryPoint","urlTemplate":"https:\/\/infocul.pt\/arquivo\/?s={search_term_string}"},"query-input":{"@type":"PropertyValueSpecification","valueRequired":true,"valueName":"search_term_string"}}],"inLanguage":"pt-PT"},{"@type":"Organization","@id":"https:\/\/infocul.pt\/arquivo\/#organization","name":"Infocul.pt","url":"https:\/\/infocul.pt\/arquivo\/","logo":{"@type":"ImageObject","inLanguage":"pt-PT","@id":"https:\/\/infocul.pt\/arquivo\/#\/schema\/logo\/image\/","url":"https:\/\/infocul.pt\/arquivo\/wp-content\/uploads\/2018\/12\/Infocul_logo-1.png","contentUrl":"https:\/\/infocul.pt\/arquivo\/wp-content\/uploads\/2018\/12\/Infocul_logo-1.png","width":800,"height":800,"caption":"Infocul.pt"},"image":{"@id":"https:\/\/infocul.pt\/arquivo\/#\/schema\/logo\/image\/"},"sameAs":["https:\/\/www.facebook.com\/Infocul-147816815585015\/","https:\/\/x.com\/Infoculpt","http:\/\/www.pictaram.com\/user\/infocul.pt\/2370423710","https:\/\/www.youtube.com\/channel\/UCYEB91AGI9FL9ek2i_IaQAA"]},{"@type":"Person","@id":"https:\/\/infocul.pt\/arquivo\/#\/schema\/person\/060a108d7f2d85fc6aae505119ee5234","name":"Rui Lavrador","image":{"@type":"ImageObject","inLanguage":"pt-PT","@id":"https:\/\/secure.gravatar.com\/avatar\/93febd6873394aa8e975148548a0cb203acfdd42d2c85c5f1408e1a76678aece?s=96&d=mm&r=g","url":"https:\/\/secure.gravatar.com\/avatar\/93febd6873394aa8e975148548a0cb203acfdd42d2c85c5f1408e1a76678aece?s=96&d=mm&r=g","contentUrl":"https:\/\/secure.gravatar.com\/avatar\/93febd6873394aa8e975148548a0cb203acfdd42d2c85c5f1408e1a76678aece?s=96&d=mm&r=g","caption":"Rui Lavrador"},"description":"Iniciou em 2011 o seu percurso em comunica\u00e7\u00e3o social, tendo integrado v\u00e1rios projectos editoriais. Durante o seu percurso integrou projectos como Jornal Hardm\u00fasica, LusoNot\u00edcias, Toureio.pt, ODigital.pt, entre outros \u00d3rg\u00e3os de Comunica\u00e7\u00e3o Social nacionais, na redac\u00e7\u00e3o de v\u00e1rios artigos. Entrevistou a grande maioria das personalidades mais importantes da vida social e cultural do pa\u00eds, destacando-se, tamb\u00e9m, na aprecia\u00e7\u00e3o de v\u00e1rios espect\u00e1culos. Durante o seu percurso, deu a conhecer v\u00e1rios artistas, at\u00e9 ent\u00e3o desconhecidos, ao grande p\u00fablico. Em 2015 criou e fundou o Infocul.pt, projecto no qual assume a direc\u00e7\u00e3o editorial.","sameAs":["http:\/\/www.infocul.pt"]}]}},"_links":{"self":[{"href":"https:\/\/infocul.pt\/arquivo\/wp-json\/wp\/v2\/posts\/55413","targetHints":{"allow":["GET"]}}],"collection":[{"href":"https:\/\/infocul.pt\/arquivo\/wp-json\/wp\/v2\/posts"}],"about":[{"href":"https:\/\/infocul.pt\/arquivo\/wp-json\/wp\/v2\/types\/post"}],"author":[{"embeddable":true,"href":"https:\/\/infocul.pt\/arquivo\/wp-json\/wp\/v2\/users\/2"}],"replies":[{"embeddable":true,"href":"https:\/\/infocul.pt\/arquivo\/wp-json\/wp\/v2\/comments?post=55413"}],"version-history":[{"count":0,"href":"https:\/\/infocul.pt\/arquivo\/wp-json\/wp\/v2\/posts\/55413\/revisions"}],"wp:featuredmedia":[{"embeddable":true,"href":"https:\/\/infocul.pt\/arquivo\/wp-json\/wp\/v2\/media\/55434"}],"wp:attachment":[{"href":"https:\/\/infocul.pt\/arquivo\/wp-json\/wp\/v2\/media?parent=55413"}],"wp:term":[{"taxonomy":"category","embeddable":true,"href":"https:\/\/infocul.pt\/arquivo\/wp-json\/wp\/v2\/categories?post=55413"},{"taxonomy":"post_tag","embeddable":true,"href":"https:\/\/infocul.pt\/arquivo\/wp-json\/wp\/v2\/tags?post=55413"}],"curies":[{"name":"wp","href":"https:\/\/api.w.org\/{rel}","templated":true}]}}