{"id":55852,"date":"2019-04-27T18:00:52","date_gmt":"2019-04-27T17:00:52","guid":{"rendered":"https:\/\/infocul.pt\/?p=55852"},"modified":"2019-04-26T16:24:16","modified_gmt":"2019-04-26T15:24:16","slug":"joao-santos-andrade-acredito-mesmo-que-em-breve-o-presidente-de-todos-os-portugueses-volte-a-partilhar-o-seu-gosto-pela-tauromaquia-com-os-restantes-mais-de-3-milhoes-portugueses-de-aficionados","status":"publish","type":"post","link":"https:\/\/infocul.pt\/arquivo\/cultura\/joao-santos-andrade-acredito-mesmo-que-em-breve-o-presidente-de-todos-os-portugueses-volte-a-partilhar-o-seu-gosto-pela-tauromaquia-com-os-restantes-mais-de-3-milhoes-portugueses-de-aficionados\/","title":{"rendered":"Jo\u00e3o Santos Andrade: &#8220;Acredito mesmo que, em breve, o Presidente de todos os portugueses volte a partilhar o seu gosto pela Tauromaquia com os restantes mais de 3 milh\u00f5es portugueses de aficionados!&#8221;"},"content":{"rendered":"<p><img decoding=\"async\" class=\"aligncenter wp-image-55388 size-full lazyload\" data-src=\"https:\/\/infocul.pt\/arquivo\/wp-content\/uploads\/2019\/04\/joao-santos-andrade-e1555088675688.jpg\" alt=\"\" width=\"800\" height=\"875\" src=\"data:image\/svg+xml;base64,PHN2ZyB3aWR0aD0iMSIgaGVpZ2h0PSIxIiB4bWxucz0iaHR0cDovL3d3dy53My5vcmcvMjAwMC9zdmciPjwvc3ZnPg==\" style=\"--smush-placeholder-width: 800px; --smush-placeholder-aspect-ratio: 800\/875;\" \/><\/p>\n<p>&nbsp;<\/p>\n<p>&nbsp;<\/p>\n<p>&nbsp;<\/p>\n<p>&nbsp;<\/p>\n<p>&nbsp;<\/p>\n<p>Jo\u00e3o Santos Andrade \u00e9 o novo presidente da Pr\u00f3Toiro, <a href=\"https:\/\/infocul.pt\/arquivo\/cultura\/joao-santos-andrade-sucede-a-paulo-pessoa-de-carvalho-na-lideranca-da-protoiro\/\" target=\"_blank\" rel=\"noopener noreferrer\">sucedendo no cargo a Paulo Pessoa de Carvalho<\/a>. Jo\u00e3o Santos Andrade concede ao Infocul a primeira grande entrevista desde desde que assumiu a presid\u00eancia da Pr\u00f3Toiro, abordando os desafios que s\u00e3o colocados \u00e0 Pr\u00f3Toiro, os grupos anti-taurinos, a moderniza\u00e7\u00e3o do sector, a aproxima\u00e7\u00e3o aos meios generalistas, o desenvolvimento do Cart\u00e3o Aficionado e ainda o Plano Estrat\u00e9gico que est\u00e1 a ser delineado para os pr\u00f3ximos tr\u00eas anos. Uma entrevista conduzida por Rui Lavrador.<!--more--><\/p>\n<p>Jo\u00e3o Santos Andrade \u00e9 tamb\u00e9m o Presidente da Associa\u00e7\u00e3o Portuguesa de Criadores de Toiros e desde cedo sempre esteve ligado \u00e0 festa brava e ao campo. Numa entrevista frontal, n\u00e3o deixa de abrir a porta ao di\u00e1logo com a Ministra da Cultura, dizer que acredita que Marcelo Rebelo de Sousa regressar\u00e1 em breve a uma pra\u00e7a de touros e que os grupos anti-taurinos n\u00e3o s\u00e3o uma amea\u00e7a. Contudo, fala da necessidade e import\u00e2ncia de moderniza\u00e7\u00e3o do sector.<\/p>\n<p>&nbsp;<\/p>\n<p>&nbsp;<\/p>\n<p>Uma entrevista para ler na \u00edntegra, se seguida:<\/p>\n<p><span style=\"color: #0000ff;\">INFOCUL<\/span> &#8211; <em>Como encara este desafio, que surge ap\u00f3s <a href=\"https:\/\/infocul.pt\/arquivo\/actualidade\/paulo-pessoa-de-carvalho-suspende-funcoes-na-protoiro-para-dedicar-se-as-eleicoes-legislativas\/\" target=\"_blank\" rel=\"noopener noreferrer\">demiss\u00e3o de Paulo Pessoa de Carvalho<\/a>?<\/em><\/p>\n<p><span style=\"color: #0000ff;\">Jo\u00e3o Santos Andrade (JSA)<\/span> \u2013 <em><strong>Encaro com toda a naturalidade. Antes do Paulo Pessoa de Carvalho ser presidente da Pr\u00f3Toiro, era eu quem tinha essas fun\u00e7\u00f5es. Por isso, este cen\u00e1rio n\u00e3o \u00e9 novidade. A Pr\u00f3Toiro tem uma estrat\u00e9gia muito bem definida, que ultrapassa a personalidade do seu presidente. O nosso trabalho vai ser o de dar continuidade ao que j\u00e1 foi feito e seguir o percurso definido pela Pr\u00f3Toiro.<\/strong><\/em><\/p>\n<p><span style=\"color: #0000ff;\">INFOCUL<\/span> &#8211; <em>Quais os principais objetivos enquanto presidente da Pr\u00f3Toiro?<\/em><\/p>\n<p><span style=\"color: #0000ff;\">JSA \u2013<\/span> <em><strong>Os principais objectivos s\u00e3o os objectivos da Pr\u00f3Toiro, ou seja, continuar o nosso trabalho de defesa e de promo\u00e7\u00e3o da Festa. Neste momento, a direc\u00e7\u00e3o da Pr\u00f3Toiro decidiu ter um papel mais pro-activo do que reactivo. Poder\u00e3o surgir uma ou outra ac\u00e7\u00e3o de maior visibilidade p\u00fablica, como at\u00e9 aqui n\u00e3o aconteceu, mas tudo tem o seu tempo. No entanto, no que diz respeito \u00e0 estrat\u00e9gia de fundo, estamos neste momento a iniciar a elabora\u00e7\u00e3o do Plano Estrat\u00e9gico para o sector a tr\u00eas anos e que vai envolver todos os intervenientes. Ser\u00e1 um documento fundamental para a nossa ac\u00e7\u00e3o e resultados nos pr\u00f3ximos anos<\/strong>.<\/em><\/p>\n<p>&nbsp;<\/p>\n<p>&nbsp;<\/p>\n<p><span style=\"color: #0000ff;\">INFOCUL &#8211;<\/span> <em>Como foi executado todo o processo ap\u00f3s a demiss\u00e3o de Paulo Pessoa de Carvalho?<\/em><\/p>\n<p><span style=\"color: #0000ff;\">JSA \u2013<\/span> <em><strong>Com a maior tranquilidade poss\u00edvel. O Paulo Pessoa de Carvalho, pelas raz\u00f5es conhecidas, pediu a suspens\u00e3o de mandato e, com toda a naturalidade, foi escolhido um sucessor. A direc\u00e7\u00e3o da Pr\u00f3Toiro toma as decis\u00f5es em conjunto. O presidente \u00e9, por vezes, o rosto vis\u00edvel da federa\u00e7\u00e3o, mas na verdade somos pluralistas. Saindo o Paulo Pessoa de Carvalho e entrando quem entrasse, a Pr\u00f3Toiro, na sua ess\u00eancia, nada mudaria. Os processos de sucess\u00e3o s\u00e3o simples e de acordo com o objectivo da Federa\u00e7\u00e3o &#8211; servir a tauromaquia no seu todo<\/strong><\/em>.<\/p>\n<p><span style=\"color: #0000ff;\">INFOCUL &#8211;<\/span> <em>Para quem n\u00e3o o conhece, como resume o seu percurso e quando surgiu o gosto pela tauromaquia?<\/em><\/p>\n<p><span style=\"color: #0000ff;\">JSA \u2013<\/span> <strong><em>Desde que me conhe\u00e7o sou apaixonado pelo campo e pela cabana brava. Em 1977 passei a administrar a Casa Prud\u00eancio, uma sociedade de cariz familiar, sendo a ganadaria brava um dos meus pelouros. Em 1990 assumi a presid\u00eancia da direc\u00e7\u00e3o da Associa\u00e7\u00e3o de Portuguesa de Criadores de Toiros de Lide, cargo que ainda mantenho.<\/em><\/strong><\/p>\n<p><span style=\"color: #0000ff;\">INFOCUL &#8211;<\/span> <em>Como ir\u00e1 a Pr\u00f3Toiro conseguir conquistar novos p\u00fablicos?<\/em><\/p>\n<p><span style=\"color: #0000ff;\">JSA &#8211;<\/span> <strong><em>As redes sociais s\u00e3o o nosso canal de comunica\u00e7\u00e3o com o maior retorno e com o custo mais baixo. Por isso s\u00e3o um dos pontos fundamentais da nossa estrat\u00e9gia de comunica\u00e7\u00e3o. Com a cria\u00e7\u00e3o da marca Touradas, em 2016, estas tornaram-se ainda mais importantes, correspondendo ao mote da marca que \u00e9 #viveatuapaixao e est\u00e1 a ser um grande sucesso. Temos uma comunidade global de mais de 100 mil seguidores, com especial foco no Facebook e no Instagram. Depois da organiza\u00e7\u00e3o do Dia da Tauromaquia, que foi um enorme sucesso, congregando mais de 18 mil pessoas no Campo Pequeno, este ano teremos uma maior presen\u00e7a de ac\u00e7\u00f5es de activa\u00e7\u00e3o da marca Touradas. Junto com o Cart\u00e3o Aficionado, iremos continuar a desenvolver e ampliar a presen\u00e7a da tauromaquia nos media generalistas. H\u00e1 ainda a mascote da marca Touradas, o Man\u00e9, que est\u00e1 dirigida \u00e0s crian\u00e7as, al\u00e9m de estar planeada uma publica\u00e7\u00e3o tamb\u00e9m para crian\u00e7as, entre muitos outros projectos. S\u00f3 revelaremos tudo, quando for apresentado o Plano Estrat\u00e9gico, pois s\u00f3 a\u00ed teremos a vers\u00e3o final.<\/em><\/strong><\/p>\n<p>&nbsp;<\/p>\n<p>&nbsp;<\/p>\n<p><span style=\"color: #0000ff;\">INFOCUL &#8211;<\/span> <em>Quais as iniciativas que est\u00e3o pensadas al\u00e9m da aposta nas redes sociais?<\/em><\/p>\n<p><span style=\"color: #0000ff;\">JSA \u2013<\/span> <strong><em>Com trabalho e persist\u00eancia. Sem d\u00favida, a digitaliza\u00e7\u00e3o do sector \u00e9 uma das prioridades. Por isso temos vindo tamb\u00e9m a impulsionar junto dos empres\u00e1rios a venda online dos bilhetes das Touradas na maior bilheteira nacional, a Ticketline, abrindo a porta para os h\u00e1bitos de consumidor do s\u00e9culo XXI, tal como a implementa\u00e7\u00e3o do cart\u00e3o de cliente da tauromaquia, o Cart\u00e3o Aficionado, e muitas mais medidas que ir\u00e3o ser definidas no Plano Estrat\u00e9gico.<\/em><\/strong><\/p>\n<p><span style=\"color: #0000ff;\">INFOCUL &#8211;<\/span> <em>Como ir\u00e1 a Pr\u00f3Toiro financiar-se de modo a conseguir executar as actividades que pretende na promo\u00e7\u00e3o e defesa da tauromaquia?<\/em><\/p>\n<p><span style=\"color: #0000ff;\">JSA \u2013<\/span><em><strong> A Pr\u00f3Toiro financia-se atrav\u00e9s dos agentes da Festa, daqueles que operam no sector. Estamos tamb\u00e9m a estudar uma forma do aficionado, individualmente, poder contribuir. Na verdade, sem esse mesmo financiamento, \u00e9 imposs\u00edvel trabalharmos e cumprirmos com aquilo a que nos propomos &#8211; defender e promover o sector de uma forma moderna e impactante.<\/strong><\/em><\/p>\n<p>&nbsp;<\/p>\n<p>&nbsp;<\/p>\n<p>&nbsp;<\/p>\n<p><span style=\"color: #0000ff;\">INFOCUL &#8211;<\/span> <em>Para quando uma moderniza\u00e7\u00e3o comunicacional e promocional dos espect\u00e1culos taurom\u00e1quicos?<\/em><\/p>\n<p><span style=\"color: #0000ff;\">JSA \u2013<\/span> <em><strong>E<\/strong><strong>sse, sem ser um assunto directamente da Pr\u00f3Toiro, acaba por ser falado de forma natural nas nossas reuni\u00f5es de direc\u00e7\u00e3o. A APET \u00e9 quem pode intervir mais nesse sentido. H\u00e1 aspectos \u2013 como a dura\u00e7\u00e3o do espect\u00e1culo, o n\u00famero de rezes a lidar, os meios de promo\u00e7\u00e3o utilizados, a comunica\u00e7\u00e3o e linguagem actualizada aos dias de hoje, redes sociais, entre outros temas \u2013 que ter\u00e3o de ser tidos em conta e certamente far\u00e3o parte dessa moderniza\u00e7\u00e3o comunicacional dos espect\u00e1culos taurom\u00e1quicos. Da parte da Pr\u00f3Toiro j\u00e1 inici\u00e1mos uma rela\u00e7\u00e3o mais pr\u00f3xima com intervenientes do sector e queremos ser cada vez mais parceiros nessa mudan\u00e7a. O Plano Estrat\u00e9gico ser\u00e1 uma ferramenta muito importante para potenciar essas mudan\u00e7as.<\/strong><\/em><\/p>\n<p><span style=\"color: #0000ff;\">INFOCUL &#8211;<\/span> <em>Quando ser\u00e1 anunciada a rede de parceiros do Cart\u00e3o Aficionado que actualmente n\u00e3o apresenta vantagens al\u00e9m dos descontos de 10% nos bilhetes e acumula\u00e7\u00e3o de 10 euros por cada 200 gastos?<\/em><\/p>\n<p><span style=\"color: #0000ff;\">JSA \u2013<\/span> <strong><em>A seu tempo. O cart\u00e3o d\u00e1 muitas vantagens, com os descontos e acumula\u00e7\u00e3o das compras. Mas h\u00e1 prioridades na execu\u00e7\u00e3o do projecto do Cart\u00e3o Aficionado, que est\u00e1 a funcionar plenamente. Estamos a trabalhar para, ainda este ano, alargar ao maior n\u00famero de empresas e estar ainda mais acess\u00edvel a todos os aficionados e p\u00fablico em geral. \u00c9 um cart\u00e3o gr\u00e1tis, sem qualquer custo, que d\u00e1 desconto na compra dos bilhetes, acumula valor e d\u00e1 mais vantagens no acesso \u00e0s pra\u00e7as. Pode ser facilmente subscrito online em <a href=\"http:\/\/www.touradas.pt\" target=\"_blank\" rel=\"noopener noreferrer\">www.touradas.pt<\/a>.<\/em><\/strong><\/p>\n<p>&nbsp;<\/p>\n<p>&nbsp;<\/p>\n<p>&nbsp;<\/p>\n<p><span style=\"color: #0000ff;\">INFOCUL &#8211;<\/span> <em>Quando \u00e9 que a Pr\u00f3toiro come\u00e7ar\u00e1 a ter uma rela\u00e7\u00e3o mais pr\u00f3xima com a imprensa generalista e conseguindo que a mesma marque presen\u00e7a nas pra\u00e7as de touros a n\u00edvel nacional?<\/em><\/p>\n<p><span style=\"color: #0000ff;\">JSA \u2013<\/span> <em><strong>O trabalho de aproxima\u00e7\u00e3o aos \u00f3rg\u00e3os de comunica\u00e7\u00e3o social generalistas, desenvolvido pela Pr\u00f3Toiro, tem produzido os seus resultados. No ano passado tivemos uma grande cobertura, como n\u00e3o sucedeu desde a cria\u00e7\u00e3o da Pr\u00f3Toiro em 2010, tamb\u00e9m pela nossa pr\u00f3-actividade junto dos OCS. N\u00e3o \u00e9 s\u00f3 com a imprensa, mas tamb\u00e9m r\u00e1dio, televis\u00e3o e, principalmente, digitais. Se estamos contentes? N\u00e3o, n\u00e3o estamos. Seremos sempre uns eternos insatisfeitos neste cap\u00edtulo. Queremos e desejamos mais, at\u00e9 por tudo o que a tauromaquia representa para a Cultura de e em Portugal. Hoje, a Pr\u00f3Toiro \u00e9 o interveniente principal no debate deste tema. Temos uma imagem de credibilidade junto da comunica\u00e7\u00e3o social, capaz de produzir pensamento cr\u00edtico sobre os diversos assuntos relacionados com a tauromaquia. Quanto \u00e0 presen\u00e7a dos OCS generalistas nas pra\u00e7as de touros, essa \u00e9 uma quest\u00e3o interessante que talvez devesse ser colocada aos directores dos jornais, das r\u00e1dios, das televis\u00f5es&#8230; Temos no\u00e7\u00e3o dos tempos dif\u00edceis que afectaram e afectam a sociedade, no seu todo, e a comunica\u00e7\u00e3o social em particular. O culto do clique, o medo dos terroristas das redes sociais, o medo de ferir o politicamente correto s\u00e3o, no nosso entender, males que retiram capacidade de discernimento e condicionam at\u00e9 aqueles que confessam, em surdina, a sua paix\u00e3o pela Festa. Se h\u00e1 um sector em dificuldade \u00e9 a comunica\u00e7\u00e3o social e n\u00e3o a tauromaquia.<\/strong><\/em><\/p>\n<p>&nbsp;<\/p>\n<p>&nbsp;<\/p>\n<p>&nbsp;<\/p>\n<p><span style=\"color: #0000ff;\">INFOCUL &#8211;<\/span> <em>Olhando para o espect\u00e1culo taurom\u00e1quico, o que mudaria para a melhoria do mesmo?<\/em><\/p>\n<p><span style=\"color: #0000ff;\">JSA \u2013<\/span> <strong><em>H\u00e1 que primar, acima de tudo, pela qualidade em detrimento da quantidade. Penso que, por vezes, os espect\u00e1culos demoram demasiado tempo, mas nem sempre \u00e9 f\u00e1cil mudar. Acima de tudo tem de haver essa consciencializa\u00e7\u00e3o e, aos poucos, ir melhorando aquilo que \u00e9 mais ou menos \u00f3bvio. Claro que a comunica\u00e7\u00e3o \u00e9 um ponto essencial e tem de ser feita por todos os intervenientes. Sendo forte e bem-feita trar\u00e1 outro interesse ao grande p\u00fablico. Havendo uma comunica\u00e7\u00e3o social isenta far\u00e1 com que isso aconte\u00e7a mais rapidamente.<\/em><\/strong><\/p>\n<p><span style=\"color: #0000ff;\">INFOCUL &#8211;<\/span> <em>Como pensa conquistar mais p\u00fablico para as pra\u00e7as de touros?<\/em><\/p>\n<p><span style=\"color: #0000ff;\">JSA \u2013<\/span> <em><strong>Este \u00e9 outro dos assuntos discutidos e que estar\u00e3o no Plano Estrat\u00e9gico. Temos de nos modernizar, privilegiar espect\u00e1culos de melhor qualidade, ser mais fortes e assertivos a comunicar. Temos de criar envolv\u00eancia num espect\u00e1culo como a corrida de toiros, pensar na sua dura\u00e7\u00e3o e na sua comodidade. Estes s\u00e3o os pontos essenciais que, quando falamos do assunto, pouco nos desviamos.<\/strong><\/em><\/p>\n<p><span style=\"color: #0000ff;\">INFOCUL &#8211;<\/span> <em>Quando pensa reunir com a Ministra da Cultura?<\/em><\/p>\n<p><span style=\"color: #0000ff;\">JSA \u2013<\/span> <em><strong>T\u00e3o pronto quanto a ministra o permita!<\/strong><\/em><\/p>\n<p><span style=\"color: #0000ff;\">INFOCUL &#8211;<\/span> <em>Pensa ser poss\u00edvel trabalhar em conjunto com a Ministra da Cultura?<\/em><\/p>\n<p><span style=\"color: #0000ff;\">JSA \u2013<\/span> <em><strong>Claro que sim. A ministra tem a obriga\u00e7\u00e3o de sobrepor ao seu gosto pessoal o seu sentido de Estado. Nesse mesmo sentido, \u00e9 \u00f3bvio que n\u00e3o me passar\u00e1 outra coisa pela cabe\u00e7a, que n\u00e3o a possibilidade de trabalharmos em conjunto, por mais dif\u00edcil que a tarefa se preveja.<\/strong><\/em><\/p>\n<p>&nbsp;<\/p>\n<p>&nbsp;<\/p>\n<p>&nbsp;<\/p>\n<p><span style=\"color: #0000ff;\">INFOCUL &#8211;<\/span> <em>Como analisa a n\u00e3o presen\u00e7a do Presidente da Rep\u00fablica em corridas de touros, desde que assumiu a presid\u00eancia da Rep\u00fablica?<\/em><\/p>\n<p><span style=\"color: #0000ff;\">JSA \u2013<\/span> <em><b>A aus\u00eancia de Marcelo Rebelo de Sousa das corridas de touros, desde que assumiu a Presid\u00eancia da Rep\u00fablica, \u00e9 uma nota negativa para ele pr\u00f3prio. Acredito que, mais dia, menos dia, ele regresse a uma pra\u00e7a de toiros. J\u00e1 lhe endere\u00e7\u00e1mos um convite, para o Dia da Tauromaquia, no passado dia 23 de Fevereiro, que declinou por motivo de agenda. Acredito mesmo que, em breve, o Presidente de todos os portugueses volte a partilhar o seu gosto pela Tauromaquia com os restantes mais de 3 milh\u00f5es portugueses de aficionados!<\/b><\/em><\/p>\n<p><span style=\"color: #0000ff;\">INFOCUL &#8211;<\/span> <em>A Festa dos Touros corre riscos com o aumento dos grupos contestat\u00e1rios da tauromaquia?<\/em><\/p>\n<p><span style=\"color: #0000ff;\">JSA \u2013<\/span> <em><strong>Os grupos contestat\u00e1rios n\u00e3o s\u00e3o amea\u00e7a. Veja-se o exemplo recente de Santar\u00e9m, onde estavam 10 mil pessoas na pra\u00e7a, a assistir \u00e0 corrida, e 10 na rua a protestar. Isto \u00e9 uma demonstra\u00e7\u00e3o de vitalidade da Festa, de rejuvenescimento. As touradas em Portugal est\u00e3o cheias de jovens e isso do\u00ed a muita gente. Voltando um pouco atr\u00e1s, nas suas perguntas, basta que a comunica\u00e7\u00e3o social generalista seja rigorosa e imparcial para a verdade chegar ao grande p\u00fablico. A tauromaquia faz parte da Cultura portuguesa, cultura essa que n\u00e3o pode ser amea\u00e7ada por grupos online de pequenos ditadores que tentam impor o seu gosto pessoal a toda a sociedade. Os n\u00fameros de espectadores nas nossas pra\u00e7as rondam o meio milh\u00e3o por ano, mais cerca de 2,5 milh\u00f5es envolvidos nas tauromaquias populares. S\u00e3o bem demonstrativos da vitalidade da Festa, que voltou a crescer nos \u00faltimos dois anos, fruto da recupera\u00e7\u00e3o do poder de compra dos portugueses e da capacidade de atrair novos espectadores.<\/strong><\/em><\/p>\n<p>&nbsp;<\/p>\n<p>&nbsp;<\/p>\n<p>&nbsp;<\/p>\n<p><span style=\"color: #0000ff;\">INFOCUL &#8211;<\/span> <em>O que falta para a tauromaquia criar sinergias com outras \u00e1reas da cultura, tendo em conta que raramente marca presen\u00e7a em certames do sector cultural?<\/em><\/p>\n<p><span style=\"color: #0000ff;\">JSA \u2013<\/span> <em><strong>\u00c0 tauromaquia n\u00e3o falta nada. Temos todo o gosto e todo o interesse de partilhar o nosso conhecimento e as nossas iniciativas. A faltar alguma coisa, como respeito pela diversidade cultural, como conhecimento do que \u00e9 a tauromaquia, \u00e9 de quem promove esses certames. Se n\u00e3o marcamos presen\u00e7a, n\u00e3o ser\u00e1 nunca por auto-exclus\u00e3o. Tamb\u00e9m neste campo ir\u00e1 haver uma maior integra\u00e7\u00e3o e cada vez mais manifesta\u00e7\u00f5es envolvendo comunidades mais alargadas.<\/strong><\/em><\/p>\n<p><span style=\"color: #0000ff;\">INFOCUL &#8211;<\/span> <em>Quais as expectativas para esta temporada?<\/em><\/p>\n<p><span style=\"color: #0000ff;\">JSA \u2013<\/span> <strong><em>As expectativas para esta temporada s\u00e3o excelentes! Ao exemplo do ano passado, esperamos estabiliza\u00e7\u00e3o no n\u00famero de espect\u00e1culos na casa dos 200 (corridas de toiros) e um aumento de p\u00fablico, ali\u00e1s facto que desde o in\u00edcio da temporada tem sido marcante em todos os espect\u00e1culos realizados at\u00e9 \u00e0 data de hoje, com um aumento de cerca de 25% de entrada de p\u00fablico, com casas praticamente cheias. Para 2019, espera-se uma grande Temporada!<\/em><\/strong><\/p>\n","protected":false},"excerpt":{"rendered":"<p>&nbsp; &nbsp; &nbsp; &nbsp; &nbsp; Jo\u00e3o Santos Andrade \u00e9 o novo presidente da Pr\u00f3Toiro, sucedendo no cargo a Paulo Pessoa de Carvalho. Jo\u00e3o Santos Andrade concede ao Infocul a primeira grande entrevista desde desde que assumiu a presid\u00eancia da Pr\u00f3Toiro, abordando os desafios que s\u00e3o colocados \u00e0 Pr\u00f3Toiro, os grupos anti-taurinos, a moderniza\u00e7\u00e3o do sector, [&hellip;]<\/p>\n","protected":false},"author":2,"featured_media":55388,"comment_status":"open","ping_status":"closed","sticky":false,"template":"","format":"standard","meta":{"footnotes":""},"categories":[2,36,4124,7],"tags":[5302,4076],"class_list":["post-55852","post","type-post","status-publish","format-standard","has-post-thumbnail","hentry","category-cultura","category-destaque","category-entrevistas","category-tauromaquia","tag-joao-santos-andrade","tag-protoiro"],"yoast_head":"<!-- This site is optimized with the Yoast SEO plugin v27.4 - https:\/\/yoast.com\/product\/yoast-seo-wordpress\/ -->\n<title>Jo\u00e3o Santos Andrade: &quot;Acredito mesmo que, em breve, o Presidente de todos os portugueses volte a partilhar o seu gosto pela Tauromaquia com os restantes mais de 3 milh\u00f5es portugueses de aficionados!&quot; | Infocul.pt - Arquivo Digital<\/title>\n<meta name=\"description\" content=\"Jo\u00e3o Santos Andrade: &quot;Acredito mesmo que, em breve, o Presidente de todos os portugueses volte a partilhar o seu gosto pela Tauromaquia com os restantes mais de 3 milh\u00f5es portugueses de aficionados!&quot; | Infocul.pt - Arquivo Digital\" \/>\n<meta name=\"robots\" content=\"noindex, follow, max-snippet:-1, max-image-preview:large, max-video-preview:-1\" \/>\n<meta property=\"og:locale\" content=\"pt_PT\" \/>\n<meta property=\"og:type\" content=\"article\" \/>\n<meta property=\"og:title\" content=\"Jo\u00e3o Santos Andrade: &quot;Acredito mesmo que, em breve, o Presidente de todos os portugueses volte a partilhar o seu gosto pela Tauromaquia com os restantes mais de 3 milh\u00f5es portugueses de aficionados!&quot; | Infocul.pt - Arquivo Digital\" \/>\n<meta property=\"og:description\" content=\"Jo\u00e3o Santos Andrade: &quot;Acredito mesmo que, em breve, o Presidente de todos os portugueses volte a partilhar o seu gosto pela Tauromaquia com os restantes mais de 3 milh\u00f5es portugueses de aficionados!&quot; | Infocul.pt - Arquivo Digital\" \/>\n<meta property=\"og:url\" content=\"https:\/\/infocul.pt\/arquivo\/cultura\/joao-santos-andrade-acredito-mesmo-que-em-breve-o-presidente-de-todos-os-portugueses-volte-a-partilhar-o-seu-gosto-pela-tauromaquia-com-os-restantes-mais-de-3-milhoes-portugueses-de-aficionados\/\" \/>\n<meta property=\"og:site_name\" content=\"Infocul.pt - Arquivo Digital\" \/>\n<meta property=\"article:publisher\" content=\"https:\/\/www.facebook.com\/Infocul-147816815585015\/\" \/>\n<meta property=\"article:published_time\" content=\"2019-04-27T17:00:52+00:00\" \/>\n<meta property=\"og:image\" content=\"https:\/\/infocul.pt\/arquivo\/wp-content\/uploads\/2019\/04\/joao-santos-andrade-e1555088675688.jpg\" \/>\n\t<meta property=\"og:image:width\" content=\"800\" \/>\n\t<meta property=\"og:image:height\" content=\"875\" \/>\n\t<meta property=\"og:image:type\" content=\"image\/jpeg\" \/>\n<meta name=\"author\" content=\"Rui Lavrador\" \/>\n<meta name=\"twitter:card\" content=\"summary_large_image\" \/>\n<meta name=\"twitter:creator\" content=\"@Infoculpt\" \/>\n<meta name=\"twitter:site\" content=\"@Infoculpt\" \/>\n<meta name=\"twitter:label1\" content=\"Escrito por\" \/>\n\t<meta name=\"twitter:data1\" content=\"Rui Lavrador\" \/>\n\t<meta name=\"twitter:label2\" content=\"Tempo estimado de leitura\" \/>\n\t<meta name=\"twitter:data2\" content=\"12 minutos\" \/>\n<script type=\"application\/ld+json\" class=\"yoast-schema-graph\">{\"@context\":\"https:\\\/\\\/schema.org\",\"@graph\":[{\"@type\":\"Article\",\"@id\":\"https:\\\/\\\/infocul.pt\\\/arquivo\\\/cultura\\\/joao-santos-andrade-acredito-mesmo-que-em-breve-o-presidente-de-todos-os-portugueses-volte-a-partilhar-o-seu-gosto-pela-tauromaquia-com-os-restantes-mais-de-3-milhoes-portugueses-de-aficionados\\\/#article\",\"isPartOf\":{\"@id\":\"https:\\\/\\\/infocul.pt\\\/arquivo\\\/cultura\\\/joao-santos-andrade-acredito-mesmo-que-em-breve-o-presidente-de-todos-os-portugueses-volte-a-partilhar-o-seu-gosto-pela-tauromaquia-com-os-restantes-mais-de-3-milhoes-portugueses-de-aficionados\\\/\"},\"author\":{\"name\":\"Rui Lavrador\",\"@id\":\"https:\\\/\\\/infocul.pt\\\/arquivo\\\/#\\\/schema\\\/person\\\/060a108d7f2d85fc6aae505119ee5234\"},\"headline\":\"Jo\u00e3o Santos Andrade: &#8220;Acredito mesmo que, em breve, o Presidente de todos os portugueses volte a partilhar o seu gosto pela Tauromaquia com os restantes mais de 3 milh\u00f5es portugueses de aficionados!&#8221;\",\"datePublished\":\"2019-04-27T17:00:52+00:00\",\"mainEntityOfPage\":{\"@id\":\"https:\\\/\\\/infocul.pt\\\/arquivo\\\/cultura\\\/joao-santos-andrade-acredito-mesmo-que-em-breve-o-presidente-de-todos-os-portugueses-volte-a-partilhar-o-seu-gosto-pela-tauromaquia-com-os-restantes-mais-de-3-milhoes-portugueses-de-aficionados\\\/\"},\"wordCount\":2394,\"commentCount\":0,\"publisher\":{\"@id\":\"https:\\\/\\\/infocul.pt\\\/arquivo\\\/#organization\"},\"image\":{\"@id\":\"https:\\\/\\\/infocul.pt\\\/arquivo\\\/cultura\\\/joao-santos-andrade-acredito-mesmo-que-em-breve-o-presidente-de-todos-os-portugueses-volte-a-partilhar-o-seu-gosto-pela-tauromaquia-com-os-restantes-mais-de-3-milhoes-portugueses-de-aficionados\\\/#primaryimage\"},\"thumbnailUrl\":\"https:\\\/\\\/infocul.pt\\\/arquivo\\\/wp-content\\\/uploads\\\/2019\\\/04\\\/joao-santos-andrade-e1555088675688.jpg\",\"keywords\":[\"Jo\u00e3o Santos Andrade\",\"Pr\u00f3toiro\"],\"articleSection\":[\"Cultura\",\"Destaque\",\"Entrevistas\",\"Tauromaquia\"],\"inLanguage\":\"pt-PT\"},{\"@type\":\"WebPage\",\"@id\":\"https:\\\/\\\/infocul.pt\\\/arquivo\\\/cultura\\\/joao-santos-andrade-acredito-mesmo-que-em-breve-o-presidente-de-todos-os-portugueses-volte-a-partilhar-o-seu-gosto-pela-tauromaquia-com-os-restantes-mais-de-3-milhoes-portugueses-de-aficionados\\\/\",\"url\":\"https:\\\/\\\/infocul.pt\\\/arquivo\\\/cultura\\\/joao-santos-andrade-acredito-mesmo-que-em-breve-o-presidente-de-todos-os-portugueses-volte-a-partilhar-o-seu-gosto-pela-tauromaquia-com-os-restantes-mais-de-3-milhoes-portugueses-de-aficionados\\\/\",\"name\":\"Jo\u00e3o Santos Andrade: \\\"Acredito mesmo que, em breve, o Presidente de todos os portugueses volte a partilhar o seu gosto pela Tauromaquia com os restantes mais de 3 milh\u00f5es portugueses de aficionados!\\\" | Infocul.pt - Arquivo Digital\",\"isPartOf\":{\"@id\":\"https:\\\/\\\/infocul.pt\\\/arquivo\\\/#website\"},\"primaryImageOfPage\":{\"@id\":\"https:\\\/\\\/infocul.pt\\\/arquivo\\\/cultura\\\/joao-santos-andrade-acredito-mesmo-que-em-breve-o-presidente-de-todos-os-portugueses-volte-a-partilhar-o-seu-gosto-pela-tauromaquia-com-os-restantes-mais-de-3-milhoes-portugueses-de-aficionados\\\/#primaryimage\"},\"image\":{\"@id\":\"https:\\\/\\\/infocul.pt\\\/arquivo\\\/cultura\\\/joao-santos-andrade-acredito-mesmo-que-em-breve-o-presidente-de-todos-os-portugueses-volte-a-partilhar-o-seu-gosto-pela-tauromaquia-com-os-restantes-mais-de-3-milhoes-portugueses-de-aficionados\\\/#primaryimage\"},\"thumbnailUrl\":\"https:\\\/\\\/infocul.pt\\\/arquivo\\\/wp-content\\\/uploads\\\/2019\\\/04\\\/joao-santos-andrade-e1555088675688.jpg\",\"datePublished\":\"2019-04-27T17:00:52+00:00\",\"description\":\"Jo\u00e3o Santos Andrade: \\\"Acredito mesmo que, em breve, o Presidente de todos os portugueses volte a partilhar o seu gosto pela Tauromaquia com os restantes mais de 3 milh\u00f5es portugueses de aficionados!\\\" | Infocul.pt - Arquivo Digital\",\"breadcrumb\":{\"@id\":\"https:\\\/\\\/infocul.pt\\\/arquivo\\\/cultura\\\/joao-santos-andrade-acredito-mesmo-que-em-breve-o-presidente-de-todos-os-portugueses-volte-a-partilhar-o-seu-gosto-pela-tauromaquia-com-os-restantes-mais-de-3-milhoes-portugueses-de-aficionados\\\/#breadcrumb\"},\"inLanguage\":\"pt-PT\",\"potentialAction\":[{\"@type\":\"ReadAction\",\"target\":[\"https:\\\/\\\/infocul.pt\\\/arquivo\\\/cultura\\\/joao-santos-andrade-acredito-mesmo-que-em-breve-o-presidente-de-todos-os-portugueses-volte-a-partilhar-o-seu-gosto-pela-tauromaquia-com-os-restantes-mais-de-3-milhoes-portugueses-de-aficionados\\\/\"]}]},{\"@type\":\"ImageObject\",\"inLanguage\":\"pt-PT\",\"@id\":\"https:\\\/\\\/infocul.pt\\\/arquivo\\\/cultura\\\/joao-santos-andrade-acredito-mesmo-que-em-breve-o-presidente-de-todos-os-portugueses-volte-a-partilhar-o-seu-gosto-pela-tauromaquia-com-os-restantes-mais-de-3-milhoes-portugueses-de-aficionados\\\/#primaryimage\",\"url\":\"https:\\\/\\\/infocul.pt\\\/arquivo\\\/wp-content\\\/uploads\\\/2019\\\/04\\\/joao-santos-andrade-e1555088675688.jpg\",\"contentUrl\":\"https:\\\/\\\/infocul.pt\\\/arquivo\\\/wp-content\\\/uploads\\\/2019\\\/04\\\/joao-santos-andrade-e1555088675688.jpg\",\"width\":800,\"height\":875},{\"@type\":\"BreadcrumbList\",\"@id\":\"https:\\\/\\\/infocul.pt\\\/arquivo\\\/cultura\\\/joao-santos-andrade-acredito-mesmo-que-em-breve-o-presidente-de-todos-os-portugueses-volte-a-partilhar-o-seu-gosto-pela-tauromaquia-com-os-restantes-mais-de-3-milhoes-portugueses-de-aficionados\\\/#breadcrumb\",\"itemListElement\":[{\"@type\":\"ListItem\",\"position\":1,\"name\":\"Home\",\"item\":\"https:\\\/\\\/infocul.pt\\\/arquivo\\\/\"},{\"@type\":\"ListItem\",\"position\":2,\"name\":\"Jo\u00e3o Santos Andrade: &#8220;Acredito mesmo que, em breve, o Presidente de todos os portugueses volte a partilhar o seu gosto pela Tauromaquia com os restantes mais de 3 milh\u00f5es portugueses de aficionados!&#8221;\"}]},{\"@type\":\"WebSite\",\"@id\":\"https:\\\/\\\/infocul.pt\\\/arquivo\\\/#website\",\"url\":\"https:\\\/\\\/infocul.pt\\\/arquivo\\\/\",\"name\":\"Infocul.pt - Arquivo Digital\",\"description\":\"Arquivo digital da Infocul.pt\",\"publisher\":{\"@id\":\"https:\\\/\\\/infocul.pt\\\/arquivo\\\/#organization\"},\"potentialAction\":[{\"@type\":\"SearchAction\",\"target\":{\"@type\":\"EntryPoint\",\"urlTemplate\":\"https:\\\/\\\/infocul.pt\\\/arquivo\\\/?s={search_term_string}\"},\"query-input\":{\"@type\":\"PropertyValueSpecification\",\"valueRequired\":true,\"valueName\":\"search_term_string\"}}],\"inLanguage\":\"pt-PT\"},{\"@type\":\"Organization\",\"@id\":\"https:\\\/\\\/infocul.pt\\\/arquivo\\\/#organization\",\"name\":\"Infocul.pt\",\"url\":\"https:\\\/\\\/infocul.pt\\\/arquivo\\\/\",\"logo\":{\"@type\":\"ImageObject\",\"inLanguage\":\"pt-PT\",\"@id\":\"https:\\\/\\\/infocul.pt\\\/arquivo\\\/#\\\/schema\\\/logo\\\/image\\\/\",\"url\":\"https:\\\/\\\/infocul.pt\\\/arquivo\\\/wp-content\\\/uploads\\\/2018\\\/12\\\/Infocul_logo-1.png\",\"contentUrl\":\"https:\\\/\\\/infocul.pt\\\/arquivo\\\/wp-content\\\/uploads\\\/2018\\\/12\\\/Infocul_logo-1.png\",\"width\":800,\"height\":800,\"caption\":\"Infocul.pt\"},\"image\":{\"@id\":\"https:\\\/\\\/infocul.pt\\\/arquivo\\\/#\\\/schema\\\/logo\\\/image\\\/\"},\"sameAs\":[\"https:\\\/\\\/www.facebook.com\\\/Infocul-147816815585015\\\/\",\"https:\\\/\\\/x.com\\\/Infoculpt\",\"http:\\\/\\\/www.pictaram.com\\\/user\\\/infocul.pt\\\/2370423710\",\"https:\\\/\\\/www.youtube.com\\\/channel\\\/UCYEB91AGI9FL9ek2i_IaQAA\"]},{\"@type\":\"Person\",\"@id\":\"https:\\\/\\\/infocul.pt\\\/arquivo\\\/#\\\/schema\\\/person\\\/060a108d7f2d85fc6aae505119ee5234\",\"name\":\"Rui Lavrador\",\"image\":{\"@type\":\"ImageObject\",\"inLanguage\":\"pt-PT\",\"@id\":\"https:\\\/\\\/secure.gravatar.com\\\/avatar\\\/93febd6873394aa8e975148548a0cb203acfdd42d2c85c5f1408e1a76678aece?s=96&d=mm&r=g\",\"url\":\"https:\\\/\\\/secure.gravatar.com\\\/avatar\\\/93febd6873394aa8e975148548a0cb203acfdd42d2c85c5f1408e1a76678aece?s=96&d=mm&r=g\",\"contentUrl\":\"https:\\\/\\\/secure.gravatar.com\\\/avatar\\\/93febd6873394aa8e975148548a0cb203acfdd42d2c85c5f1408e1a76678aece?s=96&d=mm&r=g\",\"caption\":\"Rui Lavrador\"},\"description\":\"Iniciou em 2011 o seu percurso em comunica\u00e7\u00e3o social, tendo integrado v\u00e1rios projectos editoriais. Durante o seu percurso integrou projectos como Jornal Hardm\u00fasica, LusoNot\u00edcias, Toureio.pt, ODigital.pt, entre outros \u00d3rg\u00e3os de Comunica\u00e7\u00e3o Social nacionais, na redac\u00e7\u00e3o de v\u00e1rios artigos. Entrevistou a grande maioria das personalidades mais importantes da vida social e cultural do pa\u00eds, destacando-se, tamb\u00e9m, na aprecia\u00e7\u00e3o de v\u00e1rios espect\u00e1culos. Durante o seu percurso, deu a conhecer v\u00e1rios artistas, at\u00e9 ent\u00e3o desconhecidos, ao grande p\u00fablico. Em 2015 criou e fundou o Infocul.pt, projecto no qual assume a direc\u00e7\u00e3o editorial.\",\"sameAs\":[\"http:\\\/\\\/www.infocul.pt\"]}]}<\/script>\n<!-- \/ Yoast SEO plugin. -->","yoast_head_json":{"title":"Jo\u00e3o Santos Andrade: \"Acredito mesmo que, em breve, o Presidente de todos os portugueses volte a partilhar o seu gosto pela Tauromaquia com os restantes mais de 3 milh\u00f5es portugueses de aficionados!\" | Infocul.pt - Arquivo Digital","description":"Jo\u00e3o Santos Andrade: \"Acredito mesmo que, em breve, o Presidente de todos os portugueses volte a partilhar o seu gosto pela Tauromaquia com os restantes mais de 3 milh\u00f5es portugueses de aficionados!\" | Infocul.pt - Arquivo Digital","robots":{"index":"noindex","follow":"follow","max-snippet":"max-snippet:-1","max-image-preview":"max-image-preview:large","max-video-preview":"max-video-preview:-1"},"og_locale":"pt_PT","og_type":"article","og_title":"Jo\u00e3o Santos Andrade: \"Acredito mesmo que, em breve, o Presidente de todos os portugueses volte a partilhar o seu gosto pela Tauromaquia com os restantes mais de 3 milh\u00f5es portugueses de aficionados!\" | Infocul.pt - Arquivo Digital","og_description":"Jo\u00e3o Santos Andrade: \"Acredito mesmo que, em breve, o Presidente de todos os portugueses volte a partilhar o seu gosto pela Tauromaquia com os restantes mais de 3 milh\u00f5es portugueses de aficionados!\" | Infocul.pt - Arquivo Digital","og_url":"https:\/\/infocul.pt\/arquivo\/cultura\/joao-santos-andrade-acredito-mesmo-que-em-breve-o-presidente-de-todos-os-portugueses-volte-a-partilhar-o-seu-gosto-pela-tauromaquia-com-os-restantes-mais-de-3-milhoes-portugueses-de-aficionados\/","og_site_name":"Infocul.pt - Arquivo Digital","article_publisher":"https:\/\/www.facebook.com\/Infocul-147816815585015\/","article_published_time":"2019-04-27T17:00:52+00:00","og_image":[{"width":800,"height":875,"url":"https:\/\/infocul.pt\/arquivo\/wp-content\/uploads\/2019\/04\/joao-santos-andrade-e1555088675688.jpg","type":"image\/jpeg"}],"author":"Rui Lavrador","twitter_card":"summary_large_image","twitter_creator":"@Infoculpt","twitter_site":"@Infoculpt","twitter_misc":{"Escrito por":"Rui Lavrador","Tempo estimado de leitura":"12 minutos"},"schema":{"@context":"https:\/\/schema.org","@graph":[{"@type":"Article","@id":"https:\/\/infocul.pt\/arquivo\/cultura\/joao-santos-andrade-acredito-mesmo-que-em-breve-o-presidente-de-todos-os-portugueses-volte-a-partilhar-o-seu-gosto-pela-tauromaquia-com-os-restantes-mais-de-3-milhoes-portugueses-de-aficionados\/#article","isPartOf":{"@id":"https:\/\/infocul.pt\/arquivo\/cultura\/joao-santos-andrade-acredito-mesmo-que-em-breve-o-presidente-de-todos-os-portugueses-volte-a-partilhar-o-seu-gosto-pela-tauromaquia-com-os-restantes-mais-de-3-milhoes-portugueses-de-aficionados\/"},"author":{"name":"Rui Lavrador","@id":"https:\/\/infocul.pt\/arquivo\/#\/schema\/person\/060a108d7f2d85fc6aae505119ee5234"},"headline":"Jo\u00e3o Santos Andrade: &#8220;Acredito mesmo que, em breve, o Presidente de todos os portugueses volte a partilhar o seu gosto pela Tauromaquia com os restantes mais de 3 milh\u00f5es portugueses de aficionados!&#8221;","datePublished":"2019-04-27T17:00:52+00:00","mainEntityOfPage":{"@id":"https:\/\/infocul.pt\/arquivo\/cultura\/joao-santos-andrade-acredito-mesmo-que-em-breve-o-presidente-de-todos-os-portugueses-volte-a-partilhar-o-seu-gosto-pela-tauromaquia-com-os-restantes-mais-de-3-milhoes-portugueses-de-aficionados\/"},"wordCount":2394,"commentCount":0,"publisher":{"@id":"https:\/\/infocul.pt\/arquivo\/#organization"},"image":{"@id":"https:\/\/infocul.pt\/arquivo\/cultura\/joao-santos-andrade-acredito-mesmo-que-em-breve-o-presidente-de-todos-os-portugueses-volte-a-partilhar-o-seu-gosto-pela-tauromaquia-com-os-restantes-mais-de-3-milhoes-portugueses-de-aficionados\/#primaryimage"},"thumbnailUrl":"https:\/\/infocul.pt\/arquivo\/wp-content\/uploads\/2019\/04\/joao-santos-andrade-e1555088675688.jpg","keywords":["Jo\u00e3o Santos Andrade","Pr\u00f3toiro"],"articleSection":["Cultura","Destaque","Entrevistas","Tauromaquia"],"inLanguage":"pt-PT"},{"@type":"WebPage","@id":"https:\/\/infocul.pt\/arquivo\/cultura\/joao-santos-andrade-acredito-mesmo-que-em-breve-o-presidente-de-todos-os-portugueses-volte-a-partilhar-o-seu-gosto-pela-tauromaquia-com-os-restantes-mais-de-3-milhoes-portugueses-de-aficionados\/","url":"https:\/\/infocul.pt\/arquivo\/cultura\/joao-santos-andrade-acredito-mesmo-que-em-breve-o-presidente-de-todos-os-portugueses-volte-a-partilhar-o-seu-gosto-pela-tauromaquia-com-os-restantes-mais-de-3-milhoes-portugueses-de-aficionados\/","name":"Jo\u00e3o Santos Andrade: \"Acredito mesmo que, em breve, o Presidente de todos os portugueses volte a partilhar o seu gosto pela Tauromaquia com os restantes mais de 3 milh\u00f5es portugueses de aficionados!\" | Infocul.pt - Arquivo Digital","isPartOf":{"@id":"https:\/\/infocul.pt\/arquivo\/#website"},"primaryImageOfPage":{"@id":"https:\/\/infocul.pt\/arquivo\/cultura\/joao-santos-andrade-acredito-mesmo-que-em-breve-o-presidente-de-todos-os-portugueses-volte-a-partilhar-o-seu-gosto-pela-tauromaquia-com-os-restantes-mais-de-3-milhoes-portugueses-de-aficionados\/#primaryimage"},"image":{"@id":"https:\/\/infocul.pt\/arquivo\/cultura\/joao-santos-andrade-acredito-mesmo-que-em-breve-o-presidente-de-todos-os-portugueses-volte-a-partilhar-o-seu-gosto-pela-tauromaquia-com-os-restantes-mais-de-3-milhoes-portugueses-de-aficionados\/#primaryimage"},"thumbnailUrl":"https:\/\/infocul.pt\/arquivo\/wp-content\/uploads\/2019\/04\/joao-santos-andrade-e1555088675688.jpg","datePublished":"2019-04-27T17:00:52+00:00","description":"Jo\u00e3o Santos Andrade: \"Acredito mesmo que, em breve, o Presidente de todos os portugueses volte a partilhar o seu gosto pela Tauromaquia com os restantes mais de 3 milh\u00f5es portugueses de aficionados!\" | Infocul.pt - Arquivo Digital","breadcrumb":{"@id":"https:\/\/infocul.pt\/arquivo\/cultura\/joao-santos-andrade-acredito-mesmo-que-em-breve-o-presidente-de-todos-os-portugueses-volte-a-partilhar-o-seu-gosto-pela-tauromaquia-com-os-restantes-mais-de-3-milhoes-portugueses-de-aficionados\/#breadcrumb"},"inLanguage":"pt-PT","potentialAction":[{"@type":"ReadAction","target":["https:\/\/infocul.pt\/arquivo\/cultura\/joao-santos-andrade-acredito-mesmo-que-em-breve-o-presidente-de-todos-os-portugueses-volte-a-partilhar-o-seu-gosto-pela-tauromaquia-com-os-restantes-mais-de-3-milhoes-portugueses-de-aficionados\/"]}]},{"@type":"ImageObject","inLanguage":"pt-PT","@id":"https:\/\/infocul.pt\/arquivo\/cultura\/joao-santos-andrade-acredito-mesmo-que-em-breve-o-presidente-de-todos-os-portugueses-volte-a-partilhar-o-seu-gosto-pela-tauromaquia-com-os-restantes-mais-de-3-milhoes-portugueses-de-aficionados\/#primaryimage","url":"https:\/\/infocul.pt\/arquivo\/wp-content\/uploads\/2019\/04\/joao-santos-andrade-e1555088675688.jpg","contentUrl":"https:\/\/infocul.pt\/arquivo\/wp-content\/uploads\/2019\/04\/joao-santos-andrade-e1555088675688.jpg","width":800,"height":875},{"@type":"BreadcrumbList","@id":"https:\/\/infocul.pt\/arquivo\/cultura\/joao-santos-andrade-acredito-mesmo-que-em-breve-o-presidente-de-todos-os-portugueses-volte-a-partilhar-o-seu-gosto-pela-tauromaquia-com-os-restantes-mais-de-3-milhoes-portugueses-de-aficionados\/#breadcrumb","itemListElement":[{"@type":"ListItem","position":1,"name":"Home","item":"https:\/\/infocul.pt\/arquivo\/"},{"@type":"ListItem","position":2,"name":"Jo\u00e3o Santos Andrade: &#8220;Acredito mesmo que, em breve, o Presidente de todos os portugueses volte a partilhar o seu gosto pela Tauromaquia com os restantes mais de 3 milh\u00f5es portugueses de aficionados!&#8221;"}]},{"@type":"WebSite","@id":"https:\/\/infocul.pt\/arquivo\/#website","url":"https:\/\/infocul.pt\/arquivo\/","name":"Infocul.pt - Arquivo Digital","description":"Arquivo digital da Infocul.pt","publisher":{"@id":"https:\/\/infocul.pt\/arquivo\/#organization"},"potentialAction":[{"@type":"SearchAction","target":{"@type":"EntryPoint","urlTemplate":"https:\/\/infocul.pt\/arquivo\/?s={search_term_string}"},"query-input":{"@type":"PropertyValueSpecification","valueRequired":true,"valueName":"search_term_string"}}],"inLanguage":"pt-PT"},{"@type":"Organization","@id":"https:\/\/infocul.pt\/arquivo\/#organization","name":"Infocul.pt","url":"https:\/\/infocul.pt\/arquivo\/","logo":{"@type":"ImageObject","inLanguage":"pt-PT","@id":"https:\/\/infocul.pt\/arquivo\/#\/schema\/logo\/image\/","url":"https:\/\/infocul.pt\/arquivo\/wp-content\/uploads\/2018\/12\/Infocul_logo-1.png","contentUrl":"https:\/\/infocul.pt\/arquivo\/wp-content\/uploads\/2018\/12\/Infocul_logo-1.png","width":800,"height":800,"caption":"Infocul.pt"},"image":{"@id":"https:\/\/infocul.pt\/arquivo\/#\/schema\/logo\/image\/"},"sameAs":["https:\/\/www.facebook.com\/Infocul-147816815585015\/","https:\/\/x.com\/Infoculpt","http:\/\/www.pictaram.com\/user\/infocul.pt\/2370423710","https:\/\/www.youtube.com\/channel\/UCYEB91AGI9FL9ek2i_IaQAA"]},{"@type":"Person","@id":"https:\/\/infocul.pt\/arquivo\/#\/schema\/person\/060a108d7f2d85fc6aae505119ee5234","name":"Rui Lavrador","image":{"@type":"ImageObject","inLanguage":"pt-PT","@id":"https:\/\/secure.gravatar.com\/avatar\/93febd6873394aa8e975148548a0cb203acfdd42d2c85c5f1408e1a76678aece?s=96&d=mm&r=g","url":"https:\/\/secure.gravatar.com\/avatar\/93febd6873394aa8e975148548a0cb203acfdd42d2c85c5f1408e1a76678aece?s=96&d=mm&r=g","contentUrl":"https:\/\/secure.gravatar.com\/avatar\/93febd6873394aa8e975148548a0cb203acfdd42d2c85c5f1408e1a76678aece?s=96&d=mm&r=g","caption":"Rui Lavrador"},"description":"Iniciou em 2011 o seu percurso em comunica\u00e7\u00e3o social, tendo integrado v\u00e1rios projectos editoriais. Durante o seu percurso integrou projectos como Jornal Hardm\u00fasica, LusoNot\u00edcias, Toureio.pt, ODigital.pt, entre outros \u00d3rg\u00e3os de Comunica\u00e7\u00e3o Social nacionais, na redac\u00e7\u00e3o de v\u00e1rios artigos. Entrevistou a grande maioria das personalidades mais importantes da vida social e cultural do pa\u00eds, destacando-se, tamb\u00e9m, na aprecia\u00e7\u00e3o de v\u00e1rios espect\u00e1culos. Durante o seu percurso, deu a conhecer v\u00e1rios artistas, at\u00e9 ent\u00e3o desconhecidos, ao grande p\u00fablico. Em 2015 criou e fundou o Infocul.pt, projecto no qual assume a direc\u00e7\u00e3o editorial.","sameAs":["http:\/\/www.infocul.pt"]}]}},"_links":{"self":[{"href":"https:\/\/infocul.pt\/arquivo\/wp-json\/wp\/v2\/posts\/55852","targetHints":{"allow":["GET"]}}],"collection":[{"href":"https:\/\/infocul.pt\/arquivo\/wp-json\/wp\/v2\/posts"}],"about":[{"href":"https:\/\/infocul.pt\/arquivo\/wp-json\/wp\/v2\/types\/post"}],"author":[{"embeddable":true,"href":"https:\/\/infocul.pt\/arquivo\/wp-json\/wp\/v2\/users\/2"}],"replies":[{"embeddable":true,"href":"https:\/\/infocul.pt\/arquivo\/wp-json\/wp\/v2\/comments?post=55852"}],"version-history":[{"count":0,"href":"https:\/\/infocul.pt\/arquivo\/wp-json\/wp\/v2\/posts\/55852\/revisions"}],"wp:featuredmedia":[{"embeddable":true,"href":"https:\/\/infocul.pt\/arquivo\/wp-json\/wp\/v2\/media\/55388"}],"wp:attachment":[{"href":"https:\/\/infocul.pt\/arquivo\/wp-json\/wp\/v2\/media?parent=55852"}],"wp:term":[{"taxonomy":"category","embeddable":true,"href":"https:\/\/infocul.pt\/arquivo\/wp-json\/wp\/v2\/categories?post=55852"},{"taxonomy":"post_tag","embeddable":true,"href":"https:\/\/infocul.pt\/arquivo\/wp-json\/wp\/v2\/tags?post=55852"}],"curies":[{"name":"wp","href":"https:\/\/api.w.org\/{rel}","templated":true}]}}