{"id":57145,"date":"2019-06-05T12:15:58","date_gmt":"2019-06-05T11:15:58","guid":{"rendered":"https:\/\/infocul.pt\/?p=57145"},"modified":"2019-06-05T12:15:58","modified_gmt":"2019-06-05T11:15:58","slug":"protoiro-alerta-para-a-entrega-de-dados-falsos-na-assembleia-da-republica-por-parte-da-associacao-animal","status":"publish","type":"post","link":"https:\/\/infocul.pt\/arquivo\/actualidade\/protoiro-alerta-para-a-entrega-de-dados-falsos-na-assembleia-da-republica-por-parte-da-associacao-animal\/","title":{"rendered":"Pr\u00f3Toiro alerta para &#8220;a entrega de dados falsos na Assembleia da Rep\u00fablica, por parte da associa\u00e7\u00e3o Animal&#8221;"},"content":{"rendered":"<p><img decoding=\"async\" class=\"aligncenter wp-image-43218 size-large lazyload\" data-src=\"https:\/\/infocul.pt\/arquivo\/wp-content\/uploads\/2018\/06\/LOGO-PROTOIRO-Final-hor-1024x630.jpg\" alt=\"\" width=\"800\" height=\"492\" data-srcset=\"https:\/\/infocul.pt\/arquivo\/wp-content\/uploads\/2018\/06\/LOGO-PROTOIRO-Final-hor-1024x630.jpg 1024w, https:\/\/infocul.pt\/arquivo\/wp-content\/uploads\/2018\/06\/LOGO-PROTOIRO-Final-hor-300x185.jpg 300w, https:\/\/infocul.pt\/arquivo\/wp-content\/uploads\/2018\/06\/LOGO-PROTOIRO-Final-hor-768x472.jpg 768w\" data-sizes=\"(max-width: 800px) 100vw, 800px\" src=\"data:image\/svg+xml;base64,PHN2ZyB3aWR0aD0iMSIgaGVpZ2h0PSIxIiB4bWxucz0iaHR0cDovL3d3dy53My5vcmcvMjAwMC9zdmciPjwvc3ZnPg==\" style=\"--smush-placeholder-width: 800px; --smush-placeholder-aspect-ratio: 800\/492;\" \/><\/p>\n<p>&nbsp;<\/p>\n<p>&nbsp;<\/p>\n<p>No <a href=\"https:\/\/infocul.pt\/arquivo\/actualidade\/animal-entrega-iniciativa-legislativa-para-acabar-com-touradas-apos-recolha-de-22-mil-assinaturas\/\" target=\"_blank\" rel=\"noopener noreferrer\">seguimento da entrega de uma Iniciativa Legislativa na Assembleia da Rep\u00fablica, por parte da Associa\u00e7\u00e3o Animal<\/a>, a Pr\u00f3Toiro reage em comunicado.<!--more--><\/p>\n<p>Assim, \u201c<strong>a Pr\u00f3Toiro \u2013 Federa\u00e7\u00e3o Portuguesa de Tauromaquia alerta para a entrega de dados falsos na Assembleia da Rep\u00fablica, por parte da associa\u00e7\u00e3o Animal, numa clara campanha de desinforma\u00e7\u00e3o da Opini\u00e3o P\u00fablica contra a tauromaquia<\/strong>\u201d.<\/p>\n<p>Acrescenta que \u201c<strong>ap\u00f3s uma an\u00e1lise cuidada ao documento entregue na AR, a Pr\u00f3Toiro n\u00e3o pode deixar de criticar a forma, descarada e intencional, como esta associa\u00e7\u00e3o contamina a opini\u00e3o p\u00fablica com informa\u00e7\u00e3o falsa. N\u00e3o deixaremos nunca que recorram \u00e0 t\u00e1ctica de repetir uma mentira tantas vezes que passe a ser verdad<\/strong>e\u201d.<\/p>\n<p>\u201c<strong>A t\u00edtulo de exemplo, esta associa\u00e7\u00e3o reporta uma verba utilizada na recupera\u00e7\u00e3o urban\u00edstica da zona hist\u00f3rica de Estremoz como apoio \u00e0 tauromaquia. Foram obras que visaram a preserva\u00e7\u00e3o de toda a muralha, incluindo arruamentos e outros trabalhos nos quais a recupera\u00e7\u00e3o da pra\u00e7a. H\u00e1 outros exemplos de informa\u00e7\u00e3o falsa no documento, que s\u00e3o de f\u00e1cil esclarecimento. Os diversos \u00f3rg\u00e3os de soberania, aos quais este documento j\u00e1 foi entregue ao longo dos anos, sabem que tipo de informa\u00e7\u00e3o cont\u00e9m. A tauromaquia \u00e9 das poucas \u00e1reas culturais que vivem apenas da bilheteira, ao contr\u00e1rio da maioria das outras formas de Cultura subs\u00eddio-dependente<\/strong>s\u201d, enumera.<\/p>\n<p>Portanto, \u201c<strong>n\u00e3o somos contra o financiamento do Estado \u00e0s actividades culturais. Bem pelo contr\u00e1rio. Essa \u00e9 a obriga\u00e7\u00e3o do Estado: promover o acesso \u00e0 Cultura a todos os cidad\u00e3os. Mais, a tauromaquia \u00e9 tutelada pelo minist\u00e9rio da Cultura e, por isso, qualquer apoio \u00e9 absolutamente leg\u00edtimo. Ao n\u00e3o usufruir de qualquer Programa Nacional de Apoio ao sector da Tauromaquia, a conclus\u00e3o a que se chega \u00e9 simples: esta actividade cultural \u00e9 discriminada pelo pr\u00f3prio minist\u00e9rio da Cultura<\/strong>\u201d.<\/p>\n<p>Al\u00e9m de que \u201c<b>a Pr\u00f3Toiro, na defesa da verdade, recorda uma not\u00edcia publicada em Setembro de 2018, por um jornal di\u00e1rio de refer\u00eancia, na qual se conclui que o Poder Local investiu pouco mais de 1 milh\u00e3o de euros em cinco anos \u2013 2013 e 2017. Estas verbas representam um investimento e n\u00e3o uma despesa, uma vez que a tauromaquia atrai anualmente cerca de meio milh\u00e3o de espectadores em pra\u00e7as de touros e cerca de 3 milh\u00f5es nas ac\u00e7\u00f5es populares (de rua). Ambas com elevados impactos na economia e emprego. Sobre a iniciativa desta associa\u00e7\u00e3o, a Pr\u00f3Toiro considera-a ilegal, atentat\u00f3ria da liberdade, que visa apenas impedir o Estado de cumprir as suas obriga\u00e7\u00f5es constitucionais de promo\u00e7\u00e3o e acesso dos cidad\u00e3os \u00e0 cultura. Tal como as propostas de PAN e BE, que nesta legislatura j\u00e1 foram chumbadas no Parlamento, tamb\u00e9m esta iniciativa estar\u00e1 destinada ao falhan\u00e7o. Acreditamos que os deputados saber\u00e3o, uma vez mais, defender a legalidade e a liberdade de todos os portuguese<\/b>s\u201d.<\/p>\n","protected":false},"excerpt":{"rendered":"<p>&nbsp; &nbsp; No seguimento da entrega de uma Iniciativa Legislativa na Assembleia da Rep\u00fablica, por parte da Associa\u00e7\u00e3o Animal, a Pr\u00f3Toiro reage em comunicado.<\/p>\n","protected":false},"author":2,"featured_media":43218,"comment_status":"open","ping_status":"closed","sticky":false,"template":"","format":"standard","meta":{"footnotes":""},"categories":[10,2,11,7],"tags":[1055,4076],"class_list":["post-57145","post","type-post","status-publish","format-standard","has-post-thumbnail","hentry","category-actualidade","category-cultura","category-pais","category-tauromaquia","tag-animal","tag-protoiro"],"yoast_head":"<!-- This site is optimized with the Yoast SEO plugin v27.4 - https:\/\/yoast.com\/product\/yoast-seo-wordpress\/ -->\n<title>Pr\u00f3Toiro alerta para &quot;a entrega de dados falsos na Assembleia da Rep\u00fablica, por parte da associa\u00e7\u00e3o Animal&quot; | Infocul.pt - Arquivo Digital<\/title>\n<meta name=\"description\" content=\"Pr\u00f3Toiro alerta para &quot;a entrega de dados falsos na Assembleia da Rep\u00fablica, por parte da associa\u00e7\u00e3o Animal&quot; | Infocul.pt - Arquivo Digital\" \/>\n<meta name=\"robots\" content=\"noindex, follow, max-snippet:-1, max-image-preview:large, max-video-preview:-1\" \/>\n<meta property=\"og:locale\" content=\"pt_PT\" \/>\n<meta property=\"og:type\" content=\"article\" \/>\n<meta property=\"og:title\" content=\"Pr\u00f3Toiro alerta para &quot;a entrega de dados falsos na Assembleia da Rep\u00fablica, por parte da associa\u00e7\u00e3o Animal&quot; | Infocul.pt - Arquivo Digital\" \/>\n<meta property=\"og:description\" content=\"Pr\u00f3Toiro alerta para &quot;a entrega de dados falsos na Assembleia da Rep\u00fablica, por parte da associa\u00e7\u00e3o Animal&quot; | Infocul.pt - Arquivo Digital\" \/>\n<meta property=\"og:url\" content=\"https:\/\/infocul.pt\/arquivo\/actualidade\/protoiro-alerta-para-a-entrega-de-dados-falsos-na-assembleia-da-republica-por-parte-da-associacao-animal\/\" \/>\n<meta property=\"og:site_name\" content=\"Infocul.pt - Arquivo Digital\" \/>\n<meta property=\"article:publisher\" content=\"https:\/\/www.facebook.com\/Infocul-147816815585015\/\" \/>\n<meta property=\"article:published_time\" content=\"2019-06-05T11:15:58+00:00\" \/>\n<meta property=\"og:image\" content=\"https:\/\/infocul.pt\/arquivo\/wp-content\/uploads\/2018\/06\/LOGO-PROTOIRO-Final-hor.jpg\" \/>\n\t<meta property=\"og:image:width\" content=\"2560\" \/>\n\t<meta property=\"og:image:height\" content=\"1575\" \/>\n\t<meta property=\"og:image:type\" content=\"image\/jpeg\" \/>\n<meta name=\"author\" content=\"Rui Lavrador\" \/>\n<meta name=\"twitter:card\" content=\"summary_large_image\" \/>\n<meta name=\"twitter:creator\" content=\"@Infoculpt\" \/>\n<meta name=\"twitter:site\" content=\"@Infoculpt\" \/>\n<meta name=\"twitter:label1\" content=\"Escrito por\" \/>\n\t<meta name=\"twitter:data1\" content=\"Rui Lavrador\" \/>\n\t<meta name=\"twitter:label2\" content=\"Tempo estimado de leitura\" \/>\n\t<meta name=\"twitter:data2\" content=\"3 minutos\" \/>\n<script type=\"application\/ld+json\" class=\"yoast-schema-graph\">{\"@context\":\"https:\\\/\\\/schema.org\",\"@graph\":[{\"@type\":\"Article\",\"@id\":\"https:\\\/\\\/infocul.pt\\\/arquivo\\\/actualidade\\\/protoiro-alerta-para-a-entrega-de-dados-falsos-na-assembleia-da-republica-por-parte-da-associacao-animal\\\/#article\",\"isPartOf\":{\"@id\":\"https:\\\/\\\/infocul.pt\\\/arquivo\\\/actualidade\\\/protoiro-alerta-para-a-entrega-de-dados-falsos-na-assembleia-da-republica-por-parte-da-associacao-animal\\\/\"},\"author\":{\"name\":\"Rui Lavrador\",\"@id\":\"https:\\\/\\\/infocul.pt\\\/arquivo\\\/#\\\/schema\\\/person\\\/060a108d7f2d85fc6aae505119ee5234\"},\"headline\":\"Pr\u00f3Toiro alerta para &#8220;a entrega de dados falsos na Assembleia da Rep\u00fablica, por parte da associa\u00e7\u00e3o Animal&#8221;\",\"datePublished\":\"2019-06-05T11:15:58+00:00\",\"mainEntityOfPage\":{\"@id\":\"https:\\\/\\\/infocul.pt\\\/arquivo\\\/actualidade\\\/protoiro-alerta-para-a-entrega-de-dados-falsos-na-assembleia-da-republica-por-parte-da-associacao-animal\\\/\"},\"wordCount\":520,\"commentCount\":0,\"publisher\":{\"@id\":\"https:\\\/\\\/infocul.pt\\\/arquivo\\\/#organization\"},\"image\":{\"@id\":\"https:\\\/\\\/infocul.pt\\\/arquivo\\\/actualidade\\\/protoiro-alerta-para-a-entrega-de-dados-falsos-na-assembleia-da-republica-por-parte-da-associacao-animal\\\/#primaryimage\"},\"thumbnailUrl\":\"https:\\\/\\\/infocul.pt\\\/arquivo\\\/wp-content\\\/uploads\\\/2018\\\/06\\\/LOGO-PROTOIRO-Final-hor.jpg\",\"keywords\":[\"Animal\",\"Pr\u00f3toiro\"],\"articleSection\":[\"Actualidade\",\"Cultura\",\"Pa\u00eds\",\"Tauromaquia\"],\"inLanguage\":\"pt-PT\"},{\"@type\":\"WebPage\",\"@id\":\"https:\\\/\\\/infocul.pt\\\/arquivo\\\/actualidade\\\/protoiro-alerta-para-a-entrega-de-dados-falsos-na-assembleia-da-republica-por-parte-da-associacao-animal\\\/\",\"url\":\"https:\\\/\\\/infocul.pt\\\/arquivo\\\/actualidade\\\/protoiro-alerta-para-a-entrega-de-dados-falsos-na-assembleia-da-republica-por-parte-da-associacao-animal\\\/\",\"name\":\"Pr\u00f3Toiro alerta para \\\"a entrega de dados falsos na Assembleia da Rep\u00fablica, por parte da associa\u00e7\u00e3o Animal\\\" | Infocul.pt - Arquivo Digital\",\"isPartOf\":{\"@id\":\"https:\\\/\\\/infocul.pt\\\/arquivo\\\/#website\"},\"primaryImageOfPage\":{\"@id\":\"https:\\\/\\\/infocul.pt\\\/arquivo\\\/actualidade\\\/protoiro-alerta-para-a-entrega-de-dados-falsos-na-assembleia-da-republica-por-parte-da-associacao-animal\\\/#primaryimage\"},\"image\":{\"@id\":\"https:\\\/\\\/infocul.pt\\\/arquivo\\\/actualidade\\\/protoiro-alerta-para-a-entrega-de-dados-falsos-na-assembleia-da-republica-por-parte-da-associacao-animal\\\/#primaryimage\"},\"thumbnailUrl\":\"https:\\\/\\\/infocul.pt\\\/arquivo\\\/wp-content\\\/uploads\\\/2018\\\/06\\\/LOGO-PROTOIRO-Final-hor.jpg\",\"datePublished\":\"2019-06-05T11:15:58+00:00\",\"description\":\"Pr\u00f3Toiro alerta para \\\"a entrega de dados falsos na Assembleia da Rep\u00fablica, por parte da associa\u00e7\u00e3o Animal\\\" | Infocul.pt - Arquivo Digital\",\"breadcrumb\":{\"@id\":\"https:\\\/\\\/infocul.pt\\\/arquivo\\\/actualidade\\\/protoiro-alerta-para-a-entrega-de-dados-falsos-na-assembleia-da-republica-por-parte-da-associacao-animal\\\/#breadcrumb\"},\"inLanguage\":\"pt-PT\",\"potentialAction\":[{\"@type\":\"ReadAction\",\"target\":[\"https:\\\/\\\/infocul.pt\\\/arquivo\\\/actualidade\\\/protoiro-alerta-para-a-entrega-de-dados-falsos-na-assembleia-da-republica-por-parte-da-associacao-animal\\\/\"]}]},{\"@type\":\"ImageObject\",\"inLanguage\":\"pt-PT\",\"@id\":\"https:\\\/\\\/infocul.pt\\\/arquivo\\\/actualidade\\\/protoiro-alerta-para-a-entrega-de-dados-falsos-na-assembleia-da-republica-por-parte-da-associacao-animal\\\/#primaryimage\",\"url\":\"https:\\\/\\\/infocul.pt\\\/arquivo\\\/wp-content\\\/uploads\\\/2018\\\/06\\\/LOGO-PROTOIRO-Final-hor.jpg\",\"contentUrl\":\"https:\\\/\\\/infocul.pt\\\/arquivo\\\/wp-content\\\/uploads\\\/2018\\\/06\\\/LOGO-PROTOIRO-Final-hor.jpg\",\"width\":2560,\"height\":1575},{\"@type\":\"BreadcrumbList\",\"@id\":\"https:\\\/\\\/infocul.pt\\\/arquivo\\\/actualidade\\\/protoiro-alerta-para-a-entrega-de-dados-falsos-na-assembleia-da-republica-por-parte-da-associacao-animal\\\/#breadcrumb\",\"itemListElement\":[{\"@type\":\"ListItem\",\"position\":1,\"name\":\"Home\",\"item\":\"https:\\\/\\\/infocul.pt\\\/arquivo\\\/\"},{\"@type\":\"ListItem\",\"position\":2,\"name\":\"Pr\u00f3Toiro alerta para &#8220;a entrega de dados falsos na Assembleia da Rep\u00fablica, por parte da associa\u00e7\u00e3o Animal&#8221;\"}]},{\"@type\":\"WebSite\",\"@id\":\"https:\\\/\\\/infocul.pt\\\/arquivo\\\/#website\",\"url\":\"https:\\\/\\\/infocul.pt\\\/arquivo\\\/\",\"name\":\"Infocul.pt - Arquivo Digital\",\"description\":\"Arquivo digital da Infocul.pt\",\"publisher\":{\"@id\":\"https:\\\/\\\/infocul.pt\\\/arquivo\\\/#organization\"},\"potentialAction\":[{\"@type\":\"SearchAction\",\"target\":{\"@type\":\"EntryPoint\",\"urlTemplate\":\"https:\\\/\\\/infocul.pt\\\/arquivo\\\/?s={search_term_string}\"},\"query-input\":{\"@type\":\"PropertyValueSpecification\",\"valueRequired\":true,\"valueName\":\"search_term_string\"}}],\"inLanguage\":\"pt-PT\"},{\"@type\":\"Organization\",\"@id\":\"https:\\\/\\\/infocul.pt\\\/arquivo\\\/#organization\",\"name\":\"Infocul.pt\",\"url\":\"https:\\\/\\\/infocul.pt\\\/arquivo\\\/\",\"logo\":{\"@type\":\"ImageObject\",\"inLanguage\":\"pt-PT\",\"@id\":\"https:\\\/\\\/infocul.pt\\\/arquivo\\\/#\\\/schema\\\/logo\\\/image\\\/\",\"url\":\"https:\\\/\\\/infocul.pt\\\/arquivo\\\/wp-content\\\/uploads\\\/2018\\\/12\\\/Infocul_logo-1.png\",\"contentUrl\":\"https:\\\/\\\/infocul.pt\\\/arquivo\\\/wp-content\\\/uploads\\\/2018\\\/12\\\/Infocul_logo-1.png\",\"width\":800,\"height\":800,\"caption\":\"Infocul.pt\"},\"image\":{\"@id\":\"https:\\\/\\\/infocul.pt\\\/arquivo\\\/#\\\/schema\\\/logo\\\/image\\\/\"},\"sameAs\":[\"https:\\\/\\\/www.facebook.com\\\/Infocul-147816815585015\\\/\",\"https:\\\/\\\/x.com\\\/Infoculpt\",\"http:\\\/\\\/www.pictaram.com\\\/user\\\/infocul.pt\\\/2370423710\",\"https:\\\/\\\/www.youtube.com\\\/channel\\\/UCYEB91AGI9FL9ek2i_IaQAA\"]},{\"@type\":\"Person\",\"@id\":\"https:\\\/\\\/infocul.pt\\\/arquivo\\\/#\\\/schema\\\/person\\\/060a108d7f2d85fc6aae505119ee5234\",\"name\":\"Rui Lavrador\",\"image\":{\"@type\":\"ImageObject\",\"inLanguage\":\"pt-PT\",\"@id\":\"https:\\\/\\\/secure.gravatar.com\\\/avatar\\\/93febd6873394aa8e975148548a0cb203acfdd42d2c85c5f1408e1a76678aece?s=96&d=mm&r=g\",\"url\":\"https:\\\/\\\/secure.gravatar.com\\\/avatar\\\/93febd6873394aa8e975148548a0cb203acfdd42d2c85c5f1408e1a76678aece?s=96&d=mm&r=g\",\"contentUrl\":\"https:\\\/\\\/secure.gravatar.com\\\/avatar\\\/93febd6873394aa8e975148548a0cb203acfdd42d2c85c5f1408e1a76678aece?s=96&d=mm&r=g\",\"caption\":\"Rui Lavrador\"},\"description\":\"Iniciou em 2011 o seu percurso em comunica\u00e7\u00e3o social, tendo integrado v\u00e1rios projectos editoriais. Durante o seu percurso integrou projectos como Jornal Hardm\u00fasica, LusoNot\u00edcias, Toureio.pt, ODigital.pt, entre outros \u00d3rg\u00e3os de Comunica\u00e7\u00e3o Social nacionais, na redac\u00e7\u00e3o de v\u00e1rios artigos. Entrevistou a grande maioria das personalidades mais importantes da vida social e cultural do pa\u00eds, destacando-se, tamb\u00e9m, na aprecia\u00e7\u00e3o de v\u00e1rios espect\u00e1culos. Durante o seu percurso, deu a conhecer v\u00e1rios artistas, at\u00e9 ent\u00e3o desconhecidos, ao grande p\u00fablico. Em 2015 criou e fundou o Infocul.pt, projecto no qual assume a direc\u00e7\u00e3o editorial.\",\"sameAs\":[\"http:\\\/\\\/www.infocul.pt\"]}]}<\/script>\n<!-- \/ Yoast SEO plugin. -->","yoast_head_json":{"title":"Pr\u00f3Toiro alerta para \"a entrega de dados falsos na Assembleia da Rep\u00fablica, por parte da associa\u00e7\u00e3o Animal\" | Infocul.pt - Arquivo Digital","description":"Pr\u00f3Toiro alerta para \"a entrega de dados falsos na Assembleia da Rep\u00fablica, por parte da associa\u00e7\u00e3o Animal\" | Infocul.pt - Arquivo Digital","robots":{"index":"noindex","follow":"follow","max-snippet":"max-snippet:-1","max-image-preview":"max-image-preview:large","max-video-preview":"max-video-preview:-1"},"og_locale":"pt_PT","og_type":"article","og_title":"Pr\u00f3Toiro alerta para \"a entrega de dados falsos na Assembleia da Rep\u00fablica, por parte da associa\u00e7\u00e3o Animal\" | Infocul.pt - Arquivo Digital","og_description":"Pr\u00f3Toiro alerta para \"a entrega de dados falsos na Assembleia da Rep\u00fablica, por parte da associa\u00e7\u00e3o Animal\" | Infocul.pt - Arquivo Digital","og_url":"https:\/\/infocul.pt\/arquivo\/actualidade\/protoiro-alerta-para-a-entrega-de-dados-falsos-na-assembleia-da-republica-por-parte-da-associacao-animal\/","og_site_name":"Infocul.pt - Arquivo Digital","article_publisher":"https:\/\/www.facebook.com\/Infocul-147816815585015\/","article_published_time":"2019-06-05T11:15:58+00:00","og_image":[{"width":2560,"height":1575,"url":"https:\/\/infocul.pt\/arquivo\/wp-content\/uploads\/2018\/06\/LOGO-PROTOIRO-Final-hor.jpg","type":"image\/jpeg"}],"author":"Rui Lavrador","twitter_card":"summary_large_image","twitter_creator":"@Infoculpt","twitter_site":"@Infoculpt","twitter_misc":{"Escrito por":"Rui Lavrador","Tempo estimado de leitura":"3 minutos"},"schema":{"@context":"https:\/\/schema.org","@graph":[{"@type":"Article","@id":"https:\/\/infocul.pt\/arquivo\/actualidade\/protoiro-alerta-para-a-entrega-de-dados-falsos-na-assembleia-da-republica-por-parte-da-associacao-animal\/#article","isPartOf":{"@id":"https:\/\/infocul.pt\/arquivo\/actualidade\/protoiro-alerta-para-a-entrega-de-dados-falsos-na-assembleia-da-republica-por-parte-da-associacao-animal\/"},"author":{"name":"Rui Lavrador","@id":"https:\/\/infocul.pt\/arquivo\/#\/schema\/person\/060a108d7f2d85fc6aae505119ee5234"},"headline":"Pr\u00f3Toiro alerta para &#8220;a entrega de dados falsos na Assembleia da Rep\u00fablica, por parte da associa\u00e7\u00e3o Animal&#8221;","datePublished":"2019-06-05T11:15:58+00:00","mainEntityOfPage":{"@id":"https:\/\/infocul.pt\/arquivo\/actualidade\/protoiro-alerta-para-a-entrega-de-dados-falsos-na-assembleia-da-republica-por-parte-da-associacao-animal\/"},"wordCount":520,"commentCount":0,"publisher":{"@id":"https:\/\/infocul.pt\/arquivo\/#organization"},"image":{"@id":"https:\/\/infocul.pt\/arquivo\/actualidade\/protoiro-alerta-para-a-entrega-de-dados-falsos-na-assembleia-da-republica-por-parte-da-associacao-animal\/#primaryimage"},"thumbnailUrl":"https:\/\/infocul.pt\/arquivo\/wp-content\/uploads\/2018\/06\/LOGO-PROTOIRO-Final-hor.jpg","keywords":["Animal","Pr\u00f3toiro"],"articleSection":["Actualidade","Cultura","Pa\u00eds","Tauromaquia"],"inLanguage":"pt-PT"},{"@type":"WebPage","@id":"https:\/\/infocul.pt\/arquivo\/actualidade\/protoiro-alerta-para-a-entrega-de-dados-falsos-na-assembleia-da-republica-por-parte-da-associacao-animal\/","url":"https:\/\/infocul.pt\/arquivo\/actualidade\/protoiro-alerta-para-a-entrega-de-dados-falsos-na-assembleia-da-republica-por-parte-da-associacao-animal\/","name":"Pr\u00f3Toiro alerta para \"a entrega de dados falsos na Assembleia da Rep\u00fablica, por parte da associa\u00e7\u00e3o Animal\" | Infocul.pt - Arquivo Digital","isPartOf":{"@id":"https:\/\/infocul.pt\/arquivo\/#website"},"primaryImageOfPage":{"@id":"https:\/\/infocul.pt\/arquivo\/actualidade\/protoiro-alerta-para-a-entrega-de-dados-falsos-na-assembleia-da-republica-por-parte-da-associacao-animal\/#primaryimage"},"image":{"@id":"https:\/\/infocul.pt\/arquivo\/actualidade\/protoiro-alerta-para-a-entrega-de-dados-falsos-na-assembleia-da-republica-por-parte-da-associacao-animal\/#primaryimage"},"thumbnailUrl":"https:\/\/infocul.pt\/arquivo\/wp-content\/uploads\/2018\/06\/LOGO-PROTOIRO-Final-hor.jpg","datePublished":"2019-06-05T11:15:58+00:00","description":"Pr\u00f3Toiro alerta para \"a entrega de dados falsos na Assembleia da Rep\u00fablica, por parte da associa\u00e7\u00e3o Animal\" | Infocul.pt - Arquivo Digital","breadcrumb":{"@id":"https:\/\/infocul.pt\/arquivo\/actualidade\/protoiro-alerta-para-a-entrega-de-dados-falsos-na-assembleia-da-republica-por-parte-da-associacao-animal\/#breadcrumb"},"inLanguage":"pt-PT","potentialAction":[{"@type":"ReadAction","target":["https:\/\/infocul.pt\/arquivo\/actualidade\/protoiro-alerta-para-a-entrega-de-dados-falsos-na-assembleia-da-republica-por-parte-da-associacao-animal\/"]}]},{"@type":"ImageObject","inLanguage":"pt-PT","@id":"https:\/\/infocul.pt\/arquivo\/actualidade\/protoiro-alerta-para-a-entrega-de-dados-falsos-na-assembleia-da-republica-por-parte-da-associacao-animal\/#primaryimage","url":"https:\/\/infocul.pt\/arquivo\/wp-content\/uploads\/2018\/06\/LOGO-PROTOIRO-Final-hor.jpg","contentUrl":"https:\/\/infocul.pt\/arquivo\/wp-content\/uploads\/2018\/06\/LOGO-PROTOIRO-Final-hor.jpg","width":2560,"height":1575},{"@type":"BreadcrumbList","@id":"https:\/\/infocul.pt\/arquivo\/actualidade\/protoiro-alerta-para-a-entrega-de-dados-falsos-na-assembleia-da-republica-por-parte-da-associacao-animal\/#breadcrumb","itemListElement":[{"@type":"ListItem","position":1,"name":"Home","item":"https:\/\/infocul.pt\/arquivo\/"},{"@type":"ListItem","position":2,"name":"Pr\u00f3Toiro alerta para &#8220;a entrega de dados falsos na Assembleia da Rep\u00fablica, por parte da associa\u00e7\u00e3o Animal&#8221;"}]},{"@type":"WebSite","@id":"https:\/\/infocul.pt\/arquivo\/#website","url":"https:\/\/infocul.pt\/arquivo\/","name":"Infocul.pt - Arquivo Digital","description":"Arquivo digital da Infocul.pt","publisher":{"@id":"https:\/\/infocul.pt\/arquivo\/#organization"},"potentialAction":[{"@type":"SearchAction","target":{"@type":"EntryPoint","urlTemplate":"https:\/\/infocul.pt\/arquivo\/?s={search_term_string}"},"query-input":{"@type":"PropertyValueSpecification","valueRequired":true,"valueName":"search_term_string"}}],"inLanguage":"pt-PT"},{"@type":"Organization","@id":"https:\/\/infocul.pt\/arquivo\/#organization","name":"Infocul.pt","url":"https:\/\/infocul.pt\/arquivo\/","logo":{"@type":"ImageObject","inLanguage":"pt-PT","@id":"https:\/\/infocul.pt\/arquivo\/#\/schema\/logo\/image\/","url":"https:\/\/infocul.pt\/arquivo\/wp-content\/uploads\/2018\/12\/Infocul_logo-1.png","contentUrl":"https:\/\/infocul.pt\/arquivo\/wp-content\/uploads\/2018\/12\/Infocul_logo-1.png","width":800,"height":800,"caption":"Infocul.pt"},"image":{"@id":"https:\/\/infocul.pt\/arquivo\/#\/schema\/logo\/image\/"},"sameAs":["https:\/\/www.facebook.com\/Infocul-147816815585015\/","https:\/\/x.com\/Infoculpt","http:\/\/www.pictaram.com\/user\/infocul.pt\/2370423710","https:\/\/www.youtube.com\/channel\/UCYEB91AGI9FL9ek2i_IaQAA"]},{"@type":"Person","@id":"https:\/\/infocul.pt\/arquivo\/#\/schema\/person\/060a108d7f2d85fc6aae505119ee5234","name":"Rui Lavrador","image":{"@type":"ImageObject","inLanguage":"pt-PT","@id":"https:\/\/secure.gravatar.com\/avatar\/93febd6873394aa8e975148548a0cb203acfdd42d2c85c5f1408e1a76678aece?s=96&d=mm&r=g","url":"https:\/\/secure.gravatar.com\/avatar\/93febd6873394aa8e975148548a0cb203acfdd42d2c85c5f1408e1a76678aece?s=96&d=mm&r=g","contentUrl":"https:\/\/secure.gravatar.com\/avatar\/93febd6873394aa8e975148548a0cb203acfdd42d2c85c5f1408e1a76678aece?s=96&d=mm&r=g","caption":"Rui Lavrador"},"description":"Iniciou em 2011 o seu percurso em comunica\u00e7\u00e3o social, tendo integrado v\u00e1rios projectos editoriais. Durante o seu percurso integrou projectos como Jornal Hardm\u00fasica, LusoNot\u00edcias, Toureio.pt, ODigital.pt, entre outros \u00d3rg\u00e3os de Comunica\u00e7\u00e3o Social nacionais, na redac\u00e7\u00e3o de v\u00e1rios artigos. Entrevistou a grande maioria das personalidades mais importantes da vida social e cultural do pa\u00eds, destacando-se, tamb\u00e9m, na aprecia\u00e7\u00e3o de v\u00e1rios espect\u00e1culos. Durante o seu percurso, deu a conhecer v\u00e1rios artistas, at\u00e9 ent\u00e3o desconhecidos, ao grande p\u00fablico. Em 2015 criou e fundou o Infocul.pt, projecto no qual assume a direc\u00e7\u00e3o editorial.","sameAs":["http:\/\/www.infocul.pt"]}]}},"_links":{"self":[{"href":"https:\/\/infocul.pt\/arquivo\/wp-json\/wp\/v2\/posts\/57145","targetHints":{"allow":["GET"]}}],"collection":[{"href":"https:\/\/infocul.pt\/arquivo\/wp-json\/wp\/v2\/posts"}],"about":[{"href":"https:\/\/infocul.pt\/arquivo\/wp-json\/wp\/v2\/types\/post"}],"author":[{"embeddable":true,"href":"https:\/\/infocul.pt\/arquivo\/wp-json\/wp\/v2\/users\/2"}],"replies":[{"embeddable":true,"href":"https:\/\/infocul.pt\/arquivo\/wp-json\/wp\/v2\/comments?post=57145"}],"version-history":[{"count":0,"href":"https:\/\/infocul.pt\/arquivo\/wp-json\/wp\/v2\/posts\/57145\/revisions"}],"wp:featuredmedia":[{"embeddable":true,"href":"https:\/\/infocul.pt\/arquivo\/wp-json\/wp\/v2\/media\/43218"}],"wp:attachment":[{"href":"https:\/\/infocul.pt\/arquivo\/wp-json\/wp\/v2\/media?parent=57145"}],"wp:term":[{"taxonomy":"category","embeddable":true,"href":"https:\/\/infocul.pt\/arquivo\/wp-json\/wp\/v2\/categories?post=57145"},{"taxonomy":"post_tag","embeddable":true,"href":"https:\/\/infocul.pt\/arquivo\/wp-json\/wp\/v2\/tags?post=57145"}],"curies":[{"name":"wp","href":"https:\/\/api.w.org\/{rel}","templated":true}]}}