{"id":57163,"date":"2019-06-05T18:49:28","date_gmt":"2019-06-05T17:49:28","guid":{"rendered":"https:\/\/infocul.pt\/?p=57163"},"modified":"2019-06-05T18:49:28","modified_gmt":"2019-06-05T17:49:28","slug":"helder-milheiro-espera-que-deputados-sejam-coerentes-com-as-posicoes-ja-tomadas-e-voltem-a-chumbar-esta-proposta-da-animal","status":"publish","type":"post","link":"https:\/\/infocul.pt\/arquivo\/actualidade\/helder-milheiro-espera-que-deputados-sejam-coerentes-com-as-posicoes-ja-tomadas-e-voltem-a-chumbar-esta-proposta-da-animal\/","title":{"rendered":"H\u00e9lder Milheiro espera que deputados &#8220;sejam coerentes com as posi\u00e7\u00f5es j\u00e1 tomadas e voltem a chumbar esta proposta&#8221;, da Animal"},"content":{"rendered":"<figure id=\"attachment_49192\" aria-describedby=\"caption-attachment-49192\" style=\"width: 800px\" class=\"wp-caption aligncenter\"><img decoding=\"async\" class=\"wp-image-49192 size-large lazyload\" data-src=\"https:\/\/infocul.pt\/arquivo\/wp-content\/uploads\/2018\/11\/milheiro-1024x625.jpg\" alt=\"\" width=\"800\" height=\"488\" data-srcset=\"https:\/\/infocul.pt\/arquivo\/wp-content\/uploads\/2018\/11\/milheiro-1024x625.jpg 1024w, https:\/\/infocul.pt\/arquivo\/wp-content\/uploads\/2018\/11\/milheiro-300x183.jpg 300w, https:\/\/infocul.pt\/arquivo\/wp-content\/uploads\/2018\/11\/milheiro-768x468.jpg 768w, https:\/\/infocul.pt\/arquivo\/wp-content\/uploads\/2018\/11\/milheiro.jpg 1141w\" data-sizes=\"(max-width: 800px) 100vw, 800px\" src=\"data:image\/svg+xml;base64,PHN2ZyB3aWR0aD0iMSIgaGVpZ2h0PSIxIiB4bWxucz0iaHR0cDovL3d3dy53My5vcmcvMjAwMC9zdmciPjwvc3ZnPg==\" style=\"--smush-placeholder-width: 800px; --smush-placeholder-aspect-ratio: 800\/488;\" \/><figcaption id=\"caption-attachment-49192\" class=\"wp-caption-text\">Jo\u00e3o de Sousa\/Infocul.pt<\/figcaption><\/figure>\n<p>&nbsp;<\/p>\n<p>&nbsp;<\/p>\n<p>&nbsp;<\/p>\n<p>Ap\u00f3s a <a href=\"https:\/\/infocul.pt\/arquivo\/actualidade\/animal-entrega-iniciativa-legislativa-para-acabar-com-touradas-apos-recolha-de-22-mil-assinaturas\/\" target=\"_blank\" rel=\"noopener noreferrer\">tomarmos conhecimento da entrega da Iniciativa Legislativa, por parte da Associa\u00e7\u00e3o Animal na Assembleia da Rep\u00fablica para acabar com os apoios p\u00fablicos \u00e0s touradas<\/a>, o Infocul pediu alguns esclarecimentos \u00e0 Pr\u00f3Toiro. H\u00e9lder Milheiro, secret\u00e1rio-geral desta federa\u00e7\u00e3o, respondeu sobre as sequ\u00eancias desta iniciativa.<!--more--><\/p>\n<p>Em declara\u00e7\u00f5es ao Infocul, revelou que reage a esta Iniciativa Legislativa com \u201c<em><strong>absoluta tranquilidade. Este tema (apoios p\u00fablicos) j\u00e1 foi votado e chumbado por mais de 80% dos deputados nesta legislatura. A proposta \u00e9 ilegal e est\u00e1 condenada \u00e0 partida<\/strong><\/em>\u201d, acrescentando, quando confrontado com as 22600 assinaturas, que reage com \u201c<em><strong>toda a naturalidade democr\u00e1tica. As pessoas s\u00e3o livres de assinarem as peti\u00e7\u00f5es que entenderem. Recordo s\u00f3 que a peti\u00e7\u00e3o em defesa da festa brava recolheu 120 mil assinaturas<\/strong><\/em>\u201d.<\/p>\n<p>Contudo e perante esta ac\u00e7\u00e3o da Animal, a \u201c<em><strong>Pr\u00f3Toiro repudia mais uma tentativa de atentado aos direitos dos cidad\u00e3os e \u00e0 legalidade, ainda para mais feita com dados falsos e err\u00f3neos. A tauromaquia n\u00e3o vive de apoios p\u00fablicos, pelo contr\u00e1rio, n\u00e3o tem apoios do estado central e vive da bilheteira, visa que as outras artes na quase totalidade n\u00e3o podem dizer<\/strong><\/em>\u201d, explicando que \u201c<em><strong>iremos continuar a levar informa\u00e7\u00e3o aos decisores pol\u00edticos para ajudar a compreender o que est\u00e1 em causa e as ilegalidades desta proposta<\/strong><\/em>\u201d.<\/p>\n<p>E afirma que espera que os partidos \u201c<em><strong>sejam coerentes com as posi\u00e7\u00f5es j\u00e1 tomadas e voltem a chumbar esta proposta<\/strong><\/em>\u201d. Revelou ainda ao Infocul, quando questionado se j\u00e1 reunira o Minist\u00e9rio da Cultura, que \u201c<em><strong>tivemos resposta ao convite para O Dia da Tauromaquia e esperamos reunir em breve<\/strong><\/em>\u201d.<\/p>\n<p>Em resumo assume que a tauromaquia n\u00e3o est\u00e1 em risco, mesmo que esta Iniciativa Legislativa seja aprovada, pois \u201c<em><strong>a tauromaquia n\u00e3o vive de apoios p\u00fablicos. Pelo contr\u00e1rio \u00e9 um financiador do estado atrav\u00e9s dos impostos directos e indirectos e gera economia e riqueza. Os poucos e reduzidos apoios locais que existem s\u00e3o investimentos com grande retorno econ\u00f3mico para os munic\u00edpios e regi\u00f5es, movimentando muitas pessoas. Anualmente cerca de meio milh\u00e3o de espectadores em corridas de Toiros e juntando as tauromaquia populares, andamos pelos 3 milh\u00f5es anuais. O que ser\u00e1 justo \u00e9 a cria\u00e7\u00e3o de um programa de apoios p\u00fablicos \u00e0 tauromaquia, como compete a uma arte tutelada pelo minist\u00e9rio da cultura<\/strong><\/em>\u201d.<\/p>\n<p>&nbsp;<\/p>\n<p>Recordar que j\u00e1 esta manh\u00e3 a Pr\u00f3Toiro reagiu <a href=\"https:\/\/infocul.pt\/arquivo\/actualidade\/protoiro-alerta-para-a-entrega-de-dados-falsos-na-assembleia-da-republica-por-parte-da-associacao-animal\/\" target=\"_blank\" rel=\"noopener noreferrer\">em comunicado<\/a>.<\/p>\n","protected":false},"excerpt":{"rendered":"<p>&nbsp; &nbsp; &nbsp; Ap\u00f3s a tomarmos conhecimento da entrega da Iniciativa Legislativa, por parte da Associa\u00e7\u00e3o Animal na Assembleia da Rep\u00fablica para acabar com os apoios p\u00fablicos \u00e0s touradas, o Infocul pediu alguns esclarecimentos \u00e0 Pr\u00f3Toiro. H\u00e9lder Milheiro, secret\u00e1rio-geral desta federa\u00e7\u00e3o, respondeu sobre as sequ\u00eancias desta iniciativa.<\/p>\n","protected":false},"author":2,"featured_media":49192,"comment_status":"open","ping_status":"closed","sticky":false,"template":"","format":"standard","meta":{"footnotes":""},"categories":[10,2,36,4124,16,7],"tags":[1055,5377,4076,160],"class_list":["post-57163","post","type-post","status-publish","format-standard","has-post-thumbnail","hentry","category-actualidade","category-cultura","category-destaque","category-entrevistas","category-politica","category-tauromaquia","tag-animal","tag-helder-milheiro","tag-protoiro","tag-tauromaquia"],"yoast_head":"<!-- This site is optimized with the Yoast SEO plugin v27.4 - https:\/\/yoast.com\/product\/yoast-seo-wordpress\/ -->\n<title>H\u00e9lder Milheiro espera que deputados &quot;sejam coerentes com as posi\u00e7\u00f5es j\u00e1 tomadas e voltem a chumbar esta proposta&quot;, da Animal | Infocul.pt - Arquivo Digital<\/title>\n<meta name=\"description\" content=\"H\u00e9lder Milheiro espera que deputados &quot;sejam coerentes com as posi\u00e7\u00f5es j\u00e1 tomadas e voltem a chumbar esta proposta&quot;, da Animal | Infocul.pt - Arquivo Digital\" \/>\n<meta name=\"robots\" content=\"noindex, follow, max-snippet:-1, max-image-preview:large, max-video-preview:-1\" \/>\n<meta property=\"og:locale\" content=\"pt_PT\" \/>\n<meta property=\"og:type\" content=\"article\" \/>\n<meta property=\"og:title\" content=\"H\u00e9lder Milheiro espera que deputados &quot;sejam coerentes com as posi\u00e7\u00f5es j\u00e1 tomadas e voltem a chumbar esta proposta&quot;, da Animal | Infocul.pt - Arquivo Digital\" \/>\n<meta property=\"og:description\" content=\"H\u00e9lder Milheiro espera que deputados &quot;sejam coerentes com as posi\u00e7\u00f5es j\u00e1 tomadas e voltem a chumbar esta proposta&quot;, da Animal | Infocul.pt - Arquivo Digital\" \/>\n<meta property=\"og:url\" content=\"https:\/\/infocul.pt\/arquivo\/actualidade\/helder-milheiro-espera-que-deputados-sejam-coerentes-com-as-posicoes-ja-tomadas-e-voltem-a-chumbar-esta-proposta-da-animal\/\" \/>\n<meta property=\"og:site_name\" content=\"Infocul.pt - Arquivo Digital\" \/>\n<meta property=\"article:publisher\" content=\"https:\/\/www.facebook.com\/Infocul-147816815585015\/\" \/>\n<meta property=\"article:published_time\" content=\"2019-06-05T17:49:28+00:00\" \/>\n<meta property=\"og:image\" content=\"https:\/\/infocul.pt\/arquivo\/wp-content\/uploads\/2018\/11\/milheiro.jpg\" \/>\n\t<meta property=\"og:image:width\" content=\"1141\" \/>\n\t<meta property=\"og:image:height\" content=\"696\" \/>\n\t<meta property=\"og:image:type\" content=\"image\/jpeg\" \/>\n<meta name=\"author\" content=\"Rui Lavrador\" \/>\n<meta name=\"twitter:card\" content=\"summary_large_image\" \/>\n<meta name=\"twitter:creator\" content=\"@Infoculpt\" \/>\n<meta name=\"twitter:site\" content=\"@Infoculpt\" \/>\n<meta name=\"twitter:label1\" content=\"Escrito por\" \/>\n\t<meta name=\"twitter:data1\" content=\"Rui Lavrador\" \/>\n\t<meta name=\"twitter:label2\" content=\"Tempo estimado de leitura\" \/>\n\t<meta name=\"twitter:data2\" content=\"2 minutos\" \/>\n<script type=\"application\/ld+json\" class=\"yoast-schema-graph\">{\"@context\":\"https:\\\/\\\/schema.org\",\"@graph\":[{\"@type\":\"Article\",\"@id\":\"https:\\\/\\\/infocul.pt\\\/arquivo\\\/actualidade\\\/helder-milheiro-espera-que-deputados-sejam-coerentes-com-as-posicoes-ja-tomadas-e-voltem-a-chumbar-esta-proposta-da-animal\\\/#article\",\"isPartOf\":{\"@id\":\"https:\\\/\\\/infocul.pt\\\/arquivo\\\/actualidade\\\/helder-milheiro-espera-que-deputados-sejam-coerentes-com-as-posicoes-ja-tomadas-e-voltem-a-chumbar-esta-proposta-da-animal\\\/\"},\"author\":{\"name\":\"Rui Lavrador\",\"@id\":\"https:\\\/\\\/infocul.pt\\\/arquivo\\\/#\\\/schema\\\/person\\\/060a108d7f2d85fc6aae505119ee5234\"},\"headline\":\"H\u00e9lder Milheiro espera que deputados &#8220;sejam coerentes com as posi\u00e7\u00f5es j\u00e1 tomadas e voltem a chumbar esta proposta&#8221;, da Animal\",\"datePublished\":\"2019-06-05T17:49:28+00:00\",\"mainEntityOfPage\":{\"@id\":\"https:\\\/\\\/infocul.pt\\\/arquivo\\\/actualidade\\\/helder-milheiro-espera-que-deputados-sejam-coerentes-com-as-posicoes-ja-tomadas-e-voltem-a-chumbar-esta-proposta-da-animal\\\/\"},\"wordCount\":447,\"commentCount\":0,\"publisher\":{\"@id\":\"https:\\\/\\\/infocul.pt\\\/arquivo\\\/#organization\"},\"image\":{\"@id\":\"https:\\\/\\\/infocul.pt\\\/arquivo\\\/actualidade\\\/helder-milheiro-espera-que-deputados-sejam-coerentes-com-as-posicoes-ja-tomadas-e-voltem-a-chumbar-esta-proposta-da-animal\\\/#primaryimage\"},\"thumbnailUrl\":\"https:\\\/\\\/infocul.pt\\\/arquivo\\\/wp-content\\\/uploads\\\/2018\\\/11\\\/milheiro.jpg\",\"keywords\":[\"Animal\",\"Helder Milheiro\",\"Pr\u00f3toiro\",\"Tauromaquia\"],\"articleSection\":[\"Actualidade\",\"Cultura\",\"Destaque\",\"Entrevistas\",\"Politica\",\"Tauromaquia\"],\"inLanguage\":\"pt-PT\"},{\"@type\":\"WebPage\",\"@id\":\"https:\\\/\\\/infocul.pt\\\/arquivo\\\/actualidade\\\/helder-milheiro-espera-que-deputados-sejam-coerentes-com-as-posicoes-ja-tomadas-e-voltem-a-chumbar-esta-proposta-da-animal\\\/\",\"url\":\"https:\\\/\\\/infocul.pt\\\/arquivo\\\/actualidade\\\/helder-milheiro-espera-que-deputados-sejam-coerentes-com-as-posicoes-ja-tomadas-e-voltem-a-chumbar-esta-proposta-da-animal\\\/\",\"name\":\"H\u00e9lder Milheiro espera que deputados \\\"sejam coerentes com as posi\u00e7\u00f5es j\u00e1 tomadas e voltem a chumbar esta proposta\\\", da Animal | Infocul.pt - Arquivo Digital\",\"isPartOf\":{\"@id\":\"https:\\\/\\\/infocul.pt\\\/arquivo\\\/#website\"},\"primaryImageOfPage\":{\"@id\":\"https:\\\/\\\/infocul.pt\\\/arquivo\\\/actualidade\\\/helder-milheiro-espera-que-deputados-sejam-coerentes-com-as-posicoes-ja-tomadas-e-voltem-a-chumbar-esta-proposta-da-animal\\\/#primaryimage\"},\"image\":{\"@id\":\"https:\\\/\\\/infocul.pt\\\/arquivo\\\/actualidade\\\/helder-milheiro-espera-que-deputados-sejam-coerentes-com-as-posicoes-ja-tomadas-e-voltem-a-chumbar-esta-proposta-da-animal\\\/#primaryimage\"},\"thumbnailUrl\":\"https:\\\/\\\/infocul.pt\\\/arquivo\\\/wp-content\\\/uploads\\\/2018\\\/11\\\/milheiro.jpg\",\"datePublished\":\"2019-06-05T17:49:28+00:00\",\"description\":\"H\u00e9lder Milheiro espera que deputados \\\"sejam coerentes com as posi\u00e7\u00f5es j\u00e1 tomadas e voltem a chumbar esta proposta\\\", da Animal | Infocul.pt - Arquivo Digital\",\"breadcrumb\":{\"@id\":\"https:\\\/\\\/infocul.pt\\\/arquivo\\\/actualidade\\\/helder-milheiro-espera-que-deputados-sejam-coerentes-com-as-posicoes-ja-tomadas-e-voltem-a-chumbar-esta-proposta-da-animal\\\/#breadcrumb\"},\"inLanguage\":\"pt-PT\",\"potentialAction\":[{\"@type\":\"ReadAction\",\"target\":[\"https:\\\/\\\/infocul.pt\\\/arquivo\\\/actualidade\\\/helder-milheiro-espera-que-deputados-sejam-coerentes-com-as-posicoes-ja-tomadas-e-voltem-a-chumbar-esta-proposta-da-animal\\\/\"]}]},{\"@type\":\"ImageObject\",\"inLanguage\":\"pt-PT\",\"@id\":\"https:\\\/\\\/infocul.pt\\\/arquivo\\\/actualidade\\\/helder-milheiro-espera-que-deputados-sejam-coerentes-com-as-posicoes-ja-tomadas-e-voltem-a-chumbar-esta-proposta-da-animal\\\/#primaryimage\",\"url\":\"https:\\\/\\\/infocul.pt\\\/arquivo\\\/wp-content\\\/uploads\\\/2018\\\/11\\\/milheiro.jpg\",\"contentUrl\":\"https:\\\/\\\/infocul.pt\\\/arquivo\\\/wp-content\\\/uploads\\\/2018\\\/11\\\/milheiro.jpg\",\"width\":1141,\"height\":696},{\"@type\":\"BreadcrumbList\",\"@id\":\"https:\\\/\\\/infocul.pt\\\/arquivo\\\/actualidade\\\/helder-milheiro-espera-que-deputados-sejam-coerentes-com-as-posicoes-ja-tomadas-e-voltem-a-chumbar-esta-proposta-da-animal\\\/#breadcrumb\",\"itemListElement\":[{\"@type\":\"ListItem\",\"position\":1,\"name\":\"Home\",\"item\":\"https:\\\/\\\/infocul.pt\\\/arquivo\\\/\"},{\"@type\":\"ListItem\",\"position\":2,\"name\":\"H\u00e9lder Milheiro espera que deputados &#8220;sejam coerentes com as posi\u00e7\u00f5es j\u00e1 tomadas e voltem a chumbar esta proposta&#8221;, da Animal\"}]},{\"@type\":\"WebSite\",\"@id\":\"https:\\\/\\\/infocul.pt\\\/arquivo\\\/#website\",\"url\":\"https:\\\/\\\/infocul.pt\\\/arquivo\\\/\",\"name\":\"Infocul.pt - Arquivo Digital\",\"description\":\"Arquivo digital da Infocul.pt\",\"publisher\":{\"@id\":\"https:\\\/\\\/infocul.pt\\\/arquivo\\\/#organization\"},\"potentialAction\":[{\"@type\":\"SearchAction\",\"target\":{\"@type\":\"EntryPoint\",\"urlTemplate\":\"https:\\\/\\\/infocul.pt\\\/arquivo\\\/?s={search_term_string}\"},\"query-input\":{\"@type\":\"PropertyValueSpecification\",\"valueRequired\":true,\"valueName\":\"search_term_string\"}}],\"inLanguage\":\"pt-PT\"},{\"@type\":\"Organization\",\"@id\":\"https:\\\/\\\/infocul.pt\\\/arquivo\\\/#organization\",\"name\":\"Infocul.pt\",\"url\":\"https:\\\/\\\/infocul.pt\\\/arquivo\\\/\",\"logo\":{\"@type\":\"ImageObject\",\"inLanguage\":\"pt-PT\",\"@id\":\"https:\\\/\\\/infocul.pt\\\/arquivo\\\/#\\\/schema\\\/logo\\\/image\\\/\",\"url\":\"https:\\\/\\\/infocul.pt\\\/arquivo\\\/wp-content\\\/uploads\\\/2018\\\/12\\\/Infocul_logo-1.png\",\"contentUrl\":\"https:\\\/\\\/infocul.pt\\\/arquivo\\\/wp-content\\\/uploads\\\/2018\\\/12\\\/Infocul_logo-1.png\",\"width\":800,\"height\":800,\"caption\":\"Infocul.pt\"},\"image\":{\"@id\":\"https:\\\/\\\/infocul.pt\\\/arquivo\\\/#\\\/schema\\\/logo\\\/image\\\/\"},\"sameAs\":[\"https:\\\/\\\/www.facebook.com\\\/Infocul-147816815585015\\\/\",\"https:\\\/\\\/x.com\\\/Infoculpt\",\"http:\\\/\\\/www.pictaram.com\\\/user\\\/infocul.pt\\\/2370423710\",\"https:\\\/\\\/www.youtube.com\\\/channel\\\/UCYEB91AGI9FL9ek2i_IaQAA\"]},{\"@type\":\"Person\",\"@id\":\"https:\\\/\\\/infocul.pt\\\/arquivo\\\/#\\\/schema\\\/person\\\/060a108d7f2d85fc6aae505119ee5234\",\"name\":\"Rui Lavrador\",\"image\":{\"@type\":\"ImageObject\",\"inLanguage\":\"pt-PT\",\"@id\":\"https:\\\/\\\/secure.gravatar.com\\\/avatar\\\/93febd6873394aa8e975148548a0cb203acfdd42d2c85c5f1408e1a76678aece?s=96&d=mm&r=g\",\"url\":\"https:\\\/\\\/secure.gravatar.com\\\/avatar\\\/93febd6873394aa8e975148548a0cb203acfdd42d2c85c5f1408e1a76678aece?s=96&d=mm&r=g\",\"contentUrl\":\"https:\\\/\\\/secure.gravatar.com\\\/avatar\\\/93febd6873394aa8e975148548a0cb203acfdd42d2c85c5f1408e1a76678aece?s=96&d=mm&r=g\",\"caption\":\"Rui Lavrador\"},\"description\":\"Iniciou em 2011 o seu percurso em comunica\u00e7\u00e3o social, tendo integrado v\u00e1rios projectos editoriais. Durante o seu percurso integrou projectos como Jornal Hardm\u00fasica, LusoNot\u00edcias, Toureio.pt, ODigital.pt, entre outros \u00d3rg\u00e3os de Comunica\u00e7\u00e3o Social nacionais, na redac\u00e7\u00e3o de v\u00e1rios artigos. Entrevistou a grande maioria das personalidades mais importantes da vida social e cultural do pa\u00eds, destacando-se, tamb\u00e9m, na aprecia\u00e7\u00e3o de v\u00e1rios espect\u00e1culos. Durante o seu percurso, deu a conhecer v\u00e1rios artistas, at\u00e9 ent\u00e3o desconhecidos, ao grande p\u00fablico. Em 2015 criou e fundou o Infocul.pt, projecto no qual assume a direc\u00e7\u00e3o editorial.\",\"sameAs\":[\"http:\\\/\\\/www.infocul.pt\"]}]}<\/script>\n<!-- \/ Yoast SEO plugin. -->","yoast_head_json":{"title":"H\u00e9lder Milheiro espera que deputados \"sejam coerentes com as posi\u00e7\u00f5es j\u00e1 tomadas e voltem a chumbar esta proposta\", da Animal | Infocul.pt - Arquivo Digital","description":"H\u00e9lder Milheiro espera que deputados \"sejam coerentes com as posi\u00e7\u00f5es j\u00e1 tomadas e voltem a chumbar esta proposta\", da Animal | Infocul.pt - Arquivo Digital","robots":{"index":"noindex","follow":"follow","max-snippet":"max-snippet:-1","max-image-preview":"max-image-preview:large","max-video-preview":"max-video-preview:-1"},"og_locale":"pt_PT","og_type":"article","og_title":"H\u00e9lder Milheiro espera que deputados \"sejam coerentes com as posi\u00e7\u00f5es j\u00e1 tomadas e voltem a chumbar esta proposta\", da Animal | Infocul.pt - Arquivo Digital","og_description":"H\u00e9lder Milheiro espera que deputados \"sejam coerentes com as posi\u00e7\u00f5es j\u00e1 tomadas e voltem a chumbar esta proposta\", da Animal | Infocul.pt - Arquivo Digital","og_url":"https:\/\/infocul.pt\/arquivo\/actualidade\/helder-milheiro-espera-que-deputados-sejam-coerentes-com-as-posicoes-ja-tomadas-e-voltem-a-chumbar-esta-proposta-da-animal\/","og_site_name":"Infocul.pt - Arquivo Digital","article_publisher":"https:\/\/www.facebook.com\/Infocul-147816815585015\/","article_published_time":"2019-06-05T17:49:28+00:00","og_image":[{"width":1141,"height":696,"url":"https:\/\/infocul.pt\/arquivo\/wp-content\/uploads\/2018\/11\/milheiro.jpg","type":"image\/jpeg"}],"author":"Rui Lavrador","twitter_card":"summary_large_image","twitter_creator":"@Infoculpt","twitter_site":"@Infoculpt","twitter_misc":{"Escrito por":"Rui Lavrador","Tempo estimado de leitura":"2 minutos"},"schema":{"@context":"https:\/\/schema.org","@graph":[{"@type":"Article","@id":"https:\/\/infocul.pt\/arquivo\/actualidade\/helder-milheiro-espera-que-deputados-sejam-coerentes-com-as-posicoes-ja-tomadas-e-voltem-a-chumbar-esta-proposta-da-animal\/#article","isPartOf":{"@id":"https:\/\/infocul.pt\/arquivo\/actualidade\/helder-milheiro-espera-que-deputados-sejam-coerentes-com-as-posicoes-ja-tomadas-e-voltem-a-chumbar-esta-proposta-da-animal\/"},"author":{"name":"Rui Lavrador","@id":"https:\/\/infocul.pt\/arquivo\/#\/schema\/person\/060a108d7f2d85fc6aae505119ee5234"},"headline":"H\u00e9lder Milheiro espera que deputados &#8220;sejam coerentes com as posi\u00e7\u00f5es j\u00e1 tomadas e voltem a chumbar esta proposta&#8221;, da Animal","datePublished":"2019-06-05T17:49:28+00:00","mainEntityOfPage":{"@id":"https:\/\/infocul.pt\/arquivo\/actualidade\/helder-milheiro-espera-que-deputados-sejam-coerentes-com-as-posicoes-ja-tomadas-e-voltem-a-chumbar-esta-proposta-da-animal\/"},"wordCount":447,"commentCount":0,"publisher":{"@id":"https:\/\/infocul.pt\/arquivo\/#organization"},"image":{"@id":"https:\/\/infocul.pt\/arquivo\/actualidade\/helder-milheiro-espera-que-deputados-sejam-coerentes-com-as-posicoes-ja-tomadas-e-voltem-a-chumbar-esta-proposta-da-animal\/#primaryimage"},"thumbnailUrl":"https:\/\/infocul.pt\/arquivo\/wp-content\/uploads\/2018\/11\/milheiro.jpg","keywords":["Animal","Helder Milheiro","Pr\u00f3toiro","Tauromaquia"],"articleSection":["Actualidade","Cultura","Destaque","Entrevistas","Politica","Tauromaquia"],"inLanguage":"pt-PT"},{"@type":"WebPage","@id":"https:\/\/infocul.pt\/arquivo\/actualidade\/helder-milheiro-espera-que-deputados-sejam-coerentes-com-as-posicoes-ja-tomadas-e-voltem-a-chumbar-esta-proposta-da-animal\/","url":"https:\/\/infocul.pt\/arquivo\/actualidade\/helder-milheiro-espera-que-deputados-sejam-coerentes-com-as-posicoes-ja-tomadas-e-voltem-a-chumbar-esta-proposta-da-animal\/","name":"H\u00e9lder Milheiro espera que deputados \"sejam coerentes com as posi\u00e7\u00f5es j\u00e1 tomadas e voltem a chumbar esta proposta\", da Animal | Infocul.pt - Arquivo Digital","isPartOf":{"@id":"https:\/\/infocul.pt\/arquivo\/#website"},"primaryImageOfPage":{"@id":"https:\/\/infocul.pt\/arquivo\/actualidade\/helder-milheiro-espera-que-deputados-sejam-coerentes-com-as-posicoes-ja-tomadas-e-voltem-a-chumbar-esta-proposta-da-animal\/#primaryimage"},"image":{"@id":"https:\/\/infocul.pt\/arquivo\/actualidade\/helder-milheiro-espera-que-deputados-sejam-coerentes-com-as-posicoes-ja-tomadas-e-voltem-a-chumbar-esta-proposta-da-animal\/#primaryimage"},"thumbnailUrl":"https:\/\/infocul.pt\/arquivo\/wp-content\/uploads\/2018\/11\/milheiro.jpg","datePublished":"2019-06-05T17:49:28+00:00","description":"H\u00e9lder Milheiro espera que deputados \"sejam coerentes com as posi\u00e7\u00f5es j\u00e1 tomadas e voltem a chumbar esta proposta\", da Animal | Infocul.pt - Arquivo Digital","breadcrumb":{"@id":"https:\/\/infocul.pt\/arquivo\/actualidade\/helder-milheiro-espera-que-deputados-sejam-coerentes-com-as-posicoes-ja-tomadas-e-voltem-a-chumbar-esta-proposta-da-animal\/#breadcrumb"},"inLanguage":"pt-PT","potentialAction":[{"@type":"ReadAction","target":["https:\/\/infocul.pt\/arquivo\/actualidade\/helder-milheiro-espera-que-deputados-sejam-coerentes-com-as-posicoes-ja-tomadas-e-voltem-a-chumbar-esta-proposta-da-animal\/"]}]},{"@type":"ImageObject","inLanguage":"pt-PT","@id":"https:\/\/infocul.pt\/arquivo\/actualidade\/helder-milheiro-espera-que-deputados-sejam-coerentes-com-as-posicoes-ja-tomadas-e-voltem-a-chumbar-esta-proposta-da-animal\/#primaryimage","url":"https:\/\/infocul.pt\/arquivo\/wp-content\/uploads\/2018\/11\/milheiro.jpg","contentUrl":"https:\/\/infocul.pt\/arquivo\/wp-content\/uploads\/2018\/11\/milheiro.jpg","width":1141,"height":696},{"@type":"BreadcrumbList","@id":"https:\/\/infocul.pt\/arquivo\/actualidade\/helder-milheiro-espera-que-deputados-sejam-coerentes-com-as-posicoes-ja-tomadas-e-voltem-a-chumbar-esta-proposta-da-animal\/#breadcrumb","itemListElement":[{"@type":"ListItem","position":1,"name":"Home","item":"https:\/\/infocul.pt\/arquivo\/"},{"@type":"ListItem","position":2,"name":"H\u00e9lder Milheiro espera que deputados &#8220;sejam coerentes com as posi\u00e7\u00f5es j\u00e1 tomadas e voltem a chumbar esta proposta&#8221;, da Animal"}]},{"@type":"WebSite","@id":"https:\/\/infocul.pt\/arquivo\/#website","url":"https:\/\/infocul.pt\/arquivo\/","name":"Infocul.pt - Arquivo Digital","description":"Arquivo digital da Infocul.pt","publisher":{"@id":"https:\/\/infocul.pt\/arquivo\/#organization"},"potentialAction":[{"@type":"SearchAction","target":{"@type":"EntryPoint","urlTemplate":"https:\/\/infocul.pt\/arquivo\/?s={search_term_string}"},"query-input":{"@type":"PropertyValueSpecification","valueRequired":true,"valueName":"search_term_string"}}],"inLanguage":"pt-PT"},{"@type":"Organization","@id":"https:\/\/infocul.pt\/arquivo\/#organization","name":"Infocul.pt","url":"https:\/\/infocul.pt\/arquivo\/","logo":{"@type":"ImageObject","inLanguage":"pt-PT","@id":"https:\/\/infocul.pt\/arquivo\/#\/schema\/logo\/image\/","url":"https:\/\/infocul.pt\/arquivo\/wp-content\/uploads\/2018\/12\/Infocul_logo-1.png","contentUrl":"https:\/\/infocul.pt\/arquivo\/wp-content\/uploads\/2018\/12\/Infocul_logo-1.png","width":800,"height":800,"caption":"Infocul.pt"},"image":{"@id":"https:\/\/infocul.pt\/arquivo\/#\/schema\/logo\/image\/"},"sameAs":["https:\/\/www.facebook.com\/Infocul-147816815585015\/","https:\/\/x.com\/Infoculpt","http:\/\/www.pictaram.com\/user\/infocul.pt\/2370423710","https:\/\/www.youtube.com\/channel\/UCYEB91AGI9FL9ek2i_IaQAA"]},{"@type":"Person","@id":"https:\/\/infocul.pt\/arquivo\/#\/schema\/person\/060a108d7f2d85fc6aae505119ee5234","name":"Rui Lavrador","image":{"@type":"ImageObject","inLanguage":"pt-PT","@id":"https:\/\/secure.gravatar.com\/avatar\/93febd6873394aa8e975148548a0cb203acfdd42d2c85c5f1408e1a76678aece?s=96&d=mm&r=g","url":"https:\/\/secure.gravatar.com\/avatar\/93febd6873394aa8e975148548a0cb203acfdd42d2c85c5f1408e1a76678aece?s=96&d=mm&r=g","contentUrl":"https:\/\/secure.gravatar.com\/avatar\/93febd6873394aa8e975148548a0cb203acfdd42d2c85c5f1408e1a76678aece?s=96&d=mm&r=g","caption":"Rui Lavrador"},"description":"Iniciou em 2011 o seu percurso em comunica\u00e7\u00e3o social, tendo integrado v\u00e1rios projectos editoriais. Durante o seu percurso integrou projectos como Jornal Hardm\u00fasica, LusoNot\u00edcias, Toureio.pt, ODigital.pt, entre outros \u00d3rg\u00e3os de Comunica\u00e7\u00e3o Social nacionais, na redac\u00e7\u00e3o de v\u00e1rios artigos. Entrevistou a grande maioria das personalidades mais importantes da vida social e cultural do pa\u00eds, destacando-se, tamb\u00e9m, na aprecia\u00e7\u00e3o de v\u00e1rios espect\u00e1culos. Durante o seu percurso, deu a conhecer v\u00e1rios artistas, at\u00e9 ent\u00e3o desconhecidos, ao grande p\u00fablico. Em 2015 criou e fundou o Infocul.pt, projecto no qual assume a direc\u00e7\u00e3o editorial.","sameAs":["http:\/\/www.infocul.pt"]}]}},"_links":{"self":[{"href":"https:\/\/infocul.pt\/arquivo\/wp-json\/wp\/v2\/posts\/57163","targetHints":{"allow":["GET"]}}],"collection":[{"href":"https:\/\/infocul.pt\/arquivo\/wp-json\/wp\/v2\/posts"}],"about":[{"href":"https:\/\/infocul.pt\/arquivo\/wp-json\/wp\/v2\/types\/post"}],"author":[{"embeddable":true,"href":"https:\/\/infocul.pt\/arquivo\/wp-json\/wp\/v2\/users\/2"}],"replies":[{"embeddable":true,"href":"https:\/\/infocul.pt\/arquivo\/wp-json\/wp\/v2\/comments?post=57163"}],"version-history":[{"count":0,"href":"https:\/\/infocul.pt\/arquivo\/wp-json\/wp\/v2\/posts\/57163\/revisions"}],"wp:featuredmedia":[{"embeddable":true,"href":"https:\/\/infocul.pt\/arquivo\/wp-json\/wp\/v2\/media\/49192"}],"wp:attachment":[{"href":"https:\/\/infocul.pt\/arquivo\/wp-json\/wp\/v2\/media?parent=57163"}],"wp:term":[{"taxonomy":"category","embeddable":true,"href":"https:\/\/infocul.pt\/arquivo\/wp-json\/wp\/v2\/categories?post=57163"},{"taxonomy":"post_tag","embeddable":true,"href":"https:\/\/infocul.pt\/arquivo\/wp-json\/wp\/v2\/tags?post=57163"}],"curies":[{"name":"wp","href":"https:\/\/api.w.org\/{rel}","templated":true}]}}