{"id":58458,"date":"2019-09-01T00:00:00","date_gmt":"2019-08-31T23:00:00","guid":{"rendered":"https:\/\/infocul.pt\/?p=58458"},"modified":"2019-09-01T09:19:28","modified_gmt":"2019-09-01T08:19:28","slug":"jose-quaresma-sobre-concerto-na-igreja-de-santo-estevao-leva-me-a-uma-parte-da-historia-da-minha-vida-porque-fui-seminarista-dos-15-aos-20-anos","status":"publish","type":"post","link":"https:\/\/infocul.pt\/arquivo\/cultura\/jose-quaresma-sobre-concerto-na-igreja-de-santo-estevao-leva-me-a-uma-parte-da-historia-da-minha-vida-porque-fui-seminarista-dos-15-aos-20-anos\/","title":{"rendered":"Jos\u00e9 Quaresma sobre concerto na Igreja de Santo Est\u00eav\u00e3o: &#8220;Leva-me a uma parte da hist\u00f3ria da minha vida porque fui seminarista dos 15 aos 20 anos&#8221;"},"content":{"rendered":"<figure id=\"attachment_58459\" aria-describedby=\"caption-attachment-58459\" style=\"width: 960px\" class=\"wp-caption aligncenter\"><img decoding=\"async\" class=\"wp-image-58459 size-full lazyload\" data-src=\"https:\/\/infocul.pt\/arquivo\/wp-content\/uploads\/2019\/07\/quaresma.jpg\" alt=\"\" width=\"960\" height=\"960\" data-srcset=\"https:\/\/infocul.pt\/arquivo\/wp-content\/uploads\/2019\/07\/quaresma.jpg 960w, https:\/\/infocul.pt\/arquivo\/wp-content\/uploads\/2019\/07\/quaresma-150x150.jpg 150w, https:\/\/infocul.pt\/arquivo\/wp-content\/uploads\/2019\/07\/quaresma-300x300.jpg 300w, https:\/\/infocul.pt\/arquivo\/wp-content\/uploads\/2019\/07\/quaresma-768x768.jpg 768w\" data-sizes=\"(max-width: 960px) 100vw, 960px\" src=\"data:image\/svg+xml;base64,PHN2ZyB3aWR0aD0iMSIgaGVpZ2h0PSIxIiB4bWxucz0iaHR0cDovL3d3dy53My5vcmcvMjAwMC9zdmciPjwvc3ZnPg==\" style=\"--smush-placeholder-width: 960px; --smush-placeholder-aspect-ratio: 960\/960;\" \/><figcaption id=\"caption-attachment-58459\" class=\"wp-caption-text\">Fotografia: Jos\u00e9 Quaresma \/ Facebook<\/figcaption><\/figure>\n<p>&nbsp;<\/p>\n<p>&nbsp;<\/p>\n<p>Como aqui demos conta, em primeira m\u00e3o, <a href=\"https:\/\/infocul.pt\/arquivo\/cultura\/santa-casa-alfama-2019-o-cartaz-completo-esta-aqui\/\" target=\"_blank\" rel=\"noopener noreferrer\">j\u00e1 \u00e9 conhecido o cartaz completo do Santa Casa Alfama<\/a>, que realizar-se-\u00e1 a 27 e 28 de Setembro, no t\u00edpico bairro alfacinha. <a href=\"https:\/\/www.facebook.com\/Jose.Quaresma.Fadista\/?ref=br_rs\" target=\"_blank\" rel=\"noopener noreferrer\">Jos\u00e9 Quaresma<\/a> actua no dia 28 na Igreja de Santo Est\u00eav\u00e3o e em entrevista ao Infocul falou sobre o espect\u00e1culo, o Fado, a F\u00e9 e o seu percurso na m\u00fasica.<!--more--><\/p>\n<p><em>Jos\u00e9, qual a import\u00e2ncia de actuar no Santa Casa Alfama?<\/em><\/p>\n<p><em><strong>Em primeiro lugar gostaria de deixar aqui o meu obrigado pelo convite feito pelo Jos\u00e9 Gon\u00e7alez para estar presente nesta edi\u00e7\u00e3o do Santa Casa Alfama sendo que esta \u00e9 a minha segunda vez neste festival.<\/strong><\/em><br \/>\n<em><strong>\u00c9 sempre importante poder levar aquilo que sou e fa\u00e7o no fado a um publico mais alargado pois nas casas de fado o publico \u00e9 em menor numero, um ambiente mais intimista como o fado requer e como eu prefiro.<\/strong><\/em><br \/>\n<em><strong>Claro que \u00e9 importante sair do ambiente pr\u00f3prio do fado e lev\u00e1-lo para outros locais mesmo que seja com um publico maior, correndo o risco de &#8220;a coisa n\u00e3o se dar&#8221;. E entenda-se que o fado estar\u00e1 la sempre e a dedica\u00e7\u00e3o ser\u00e1 a mesma, no entanto uma casa de fado \u00e9 sempre uma casa de fado. Quem vai a um concerto de fado e depois tem a experi\u00eancia Casa de Fado, nunca sai defraudado em rela\u00e7\u00e3o a segunda. Muito pelo contr\u00e1rio. Mas \u00e9 de louvar esta iniciativa porque \u00e9 um meio de divulga\u00e7\u00e3o da nossa musica da nossa arte bem portuguesa que \u00e9 o Fado.<\/strong><\/em><br \/>\n<em><strong>Com a eleva\u00e7\u00e3o a Patrim\u00f3nio Cultural Imaterial da Humanidade, faz todo o sentido ter um Festival onde a personagem principal \u00e9 o pr\u00f3prio Fado.<\/strong><\/em><\/p>\n<p>&nbsp;<\/p>\n<p>&nbsp;<\/p>\n<p><em>J\u00e1 pensou no espect\u00e1culo que ir\u00e1 apresentar? Actuando na Igreja de Santo Estev\u00e3o, h\u00e1 limita\u00e7\u00e3o de repert\u00f3rio ao cariz religioso. Como encara?<\/em><\/p>\n<p><em><strong>Sendo o concerto na Igreja de Santo Est\u00eav\u00e3o, que \u00e9 um sitio de devo\u00e7\u00e3o contempla\u00e7\u00e3o e adora\u00e7\u00e3o, \u00e9 \u00f3bvio que o report\u00f3rio deve ser escolhido com pin\u00e7as. N\u00e3o podia ser doutra forma. N\u00e3o \u00e9 uma experi\u00eancia nova para mim. \u00c9 um local onde me sinto \u00e0 vontade e isso leva-me a uma parte da historia da minha vida porque fui seminarista dos 15 aos 20 anos, estive na comunidade fundada pelo Frei Hermano da C\u00e2mara, os Ap\u00f3stolos de Santa Maria, depois no Semin\u00e1rio de Vila Vi\u00e7osa e tive a oportunidade de vivenciar a vida mon\u00e1stica no Convento dos Monges Beneditinos de Singeverga em Santo Tirso durante 15 dias.<\/strong><\/em><br \/>\n<em><strong>Em \u00c9vora, de onde sou natural, realizava uma missa fadista uma vez por ano na minha paroquia por ocasi\u00e3o do aniversario da ordena\u00e7\u00e3o sacerdotal do meu P\u00e1roco que apesar de na altura ser um pouco conservador abriu as portas da Igreja ao Fado e ficou contagiado. No entanto tinha sempre a preocupa\u00e7\u00e3o de rever comigo os Fados que escolhia para cantar de forma a que fossem pr\u00f3prios para cada momento da Eucaristia o que nem sempre \u00e9 f\u00e1cil.<\/strong><\/em><br \/>\n<em><strong>Para este concerto irei levar temas do report\u00f3rio de Frei Hermano da C\u00e2mara, como n\u00e3o podia deixar de ser, mas optei por escolher fados de outros report\u00f3rios que eu entendo que n\u00e3o s\u00e3o fados de igreja nem concebidos para tal, mas que est\u00e3o a altura do que se pretende que \u00e9 um concerto de fado respeitando o local onde estamos. Requer um trabalho de pesquisa, de discernimento e alguma sensibilidade, e tudo isto porque \u00e9 necess\u00e1rio entender que o espa\u00e7o onde estamos continua a ser uma igreja aberta ao culto, e n\u00e3o o deixa de ser nos dois dias do Festival.<\/strong><\/em><\/p>\n<p>&nbsp;<\/p>\n<p>&nbsp;<\/p>\n<p><em>\u00c9 um homem de f\u00e9?<\/em><\/p>\n<p><strong><em>Bem, com a resposta que anteriormente, dizer que n\u00e3o sou um homem de f\u00e9 era s\u00f3 rid\u00edculo. Tive a minha fase de frequentar a Igreja, de a viver mais de perto, muito perto. Hoje n\u00e3o sou praticante e entenda-se com isso que n\u00e3o sou participante ass\u00edduo. Acredito em Deus. Mas a minha devo\u00e7\u00e3o maior recai sobre a figura de Maria. Sou um Mariano assumido e tem me valido por in\u00fameras vezes e \u00e9 nela que me refugiu sempre que preciso. Mas n\u00e3o podia deixar de ser de outra forma porque sou um Cat\u00f3lico Portugu\u00eas e na nossa Historia Ela est\u00e1 presente e o Povo Portugu\u00eas foi sempre de uma devo\u00e7\u00e3o Mariana enorme. H\u00e1 uma frase que guardo do meu P\u00e1roco Padre Paulo Cordovil que dizia sempre que &#8220;a melhor fora de chegarmos ao Filho \u00e9 atrav\u00e9s da M\u00e3e!&#8221;<\/em><\/strong><\/p>\n<p>&nbsp;<\/p>\n<p>&nbsp;<\/p>\n<p>Al\u00e9m de cantar, tamb\u00e9m toca viola. Qual das duas artes o preenche mais?<\/p>\n<p><em><strong>Essa \u00e9 uma pergunta pertinente e que quando me foi feito o convite para o Festival me fez parar para pensar. Serei um violista que canta fado ou algu\u00e9m que canta o fado e toca viola?<\/strong><\/em><br \/>\n<em><strong>\u00c9 verdade que o meu maior fluxo de trabalho \u00e9 como violista no entanto a viola na minha vida apareceu mais tarde e na altura eu j\u00e1 cantava o fado. H\u00e1 in\u00fameros casos no fado que tocam e cantam ou cantam e tocam. Quando canto e me acompanho a mim mesmo, acredito que dou a minha verdade mais facilmente, porque sei para onde vou e a viola vai comigo, mas isto vem do habito. Esta \u00e9 a parte boa de me acompanhar, no entanto tamb\u00e9m tem o seu lado negativo porque criei uma imensa dificuldade em dar ao fado a minha verdade, aquela inten\u00e7\u00e3o que \u00e9 minha, quando tenho algu\u00e9m a acompanhar-me. Tornei me esquisito em rela\u00e7\u00e3o ao violistas mas talvez por minha inseguran\u00e7a. H\u00e1 alguns com quem me sinto muito \u00e0 vontade mas porque me conhecem, j\u00e1 me ouviram cantar, e por isso v\u00e3o de encontro aquilo que eu gosto. D\u00e3o-me ch\u00e3o, que \u00e9 essa a nossa fun\u00e7\u00e3o enquanto violistas de Fado.<\/strong><\/em><br \/>\n<em><strong>No entanto o facto de tocar viola j\u00e1 me levou a muitos s\u00edtios que n\u00e3o esperava e deu-me a oportunidade de acompanhar e conhecer grandes nomes do Fado.<\/strong><\/em><br \/>\n<em><strong>Depois a jun\u00e7\u00e3o das duas abriu-me uma porta que eu nunca julguei abrir. Que foi a porta da Casa de Linhares onde trabalho com mais frequ\u00eancia na aus\u00eancia daquele que \u00e9, sem saber, o maior culpado de eu hoje tocar: Jorge Fernando.<\/strong><\/em><\/p>\n<p>&nbsp;<\/p>\n<p>&nbsp;<\/p>\n<p><em>\u00c9 mais f\u00e1cil, para si, assumir a frente palco, como int\u00e9rprete principal, ou acompanhar outros artistas?<\/em><\/p>\n<p><em><strong>Assumir a frente de palco \u00e9 sem duvida a mais f\u00e1cil. Porque sou eu a minha viola e um Guitarrista.<\/strong><\/em><br \/>\n<em><strong>Mas tenho imenso prazer a acompanhar os meus colegas porque gosto de os ver na frente a comandar e a deixarem-se comandar sendo que \u00e9 um trabalho de tr\u00eas e n\u00e3o de um s\u00f3. E portanto estamos todos a dar a mesma intensidade ao momento para que aconte\u00e7a Fado.<\/strong><\/em><\/p>\n<p><em>Quando nasceu este gosto pelo fado?<\/em><\/p>\n<p><em><strong>\u00c9 uma heran\u00e7a familiar. O meu av\u00f4 materno, que n\u00e3o conheci, cantava muito bem, com a voz colocada uma mistura de Max e Carlos Ramos. Se tivesse sa\u00eddo de \u00c9vora, e desculpem-me o atrevimento, poderia ter tido lugar no Fado ao lado de muitos do antigamente. Por sua vez, a minha m\u00e3e herdou esse dom e esse gosto e acabei por ser educado nesse ambiente e ia sempre com ela aos espect\u00e1culos que se faziam nas aldeias no Alentejo e que na altura eram muitos. Come\u00e7ava-se \u00e0 quinta feira e terminava ao Domingo \u00e0 tarde. E eu queria cantar. Mas quando chegava a altura fugia com vergonha. At\u00e9 que um dia o guitarrista que acompanhava a minha m\u00e3e me p\u00f4s em cima do palco e disse para cantar e eu cantei. Claro que as pessoas acharam muita piada. Eu tinha cinco anos usava cal\u00e7\u00f5es e suspens\u00f3rios. Quem n\u00e3o acharia piada a isto?!<\/strong><\/em><\/p>\n<p>&nbsp;<\/p>\n<p>&nbsp;<\/p>\n<p><em>Nasceu em \u00c9vora. Trar\u00e1 algo do Alentejo, em termos de repert\u00f3rio, ao festival?<\/em><\/p>\n<p><strong><em>Eu n\u00e3o sou de modas.<\/em><\/strong><\/p>\n<p><em>A m\u00fasica pode ser encarada como ora\u00e7\u00e3o?<\/em><\/p>\n<p><strong><em>Claro que sim. A famosa frase o diz &#8221; cantar \u00e9 rezar duas vezes &#8220;.<\/em><\/strong><br \/>\n<strong><em>Quando vejo algu\u00e9m a chorar ao ouvir uma musica, essa musica j\u00e1 fez a sua fun\u00e7\u00e3o. Chegar ao intimo e provocar reac\u00e7\u00e3o. E rezar \u00e9 isso mesmo. Chegarmos ao nosso intimo e deixarmos que isso nos provoque reac\u00e7\u00f5es.<\/em><\/strong><\/p>\n<p><em>Qual a mensagem que deixa aos leitores do Infocul?<\/em><\/p>\n<p><strong><em>Que conto convosco no dia 28 de Setembro na igreja de Santo Est\u00eav\u00e3o, para juntos criarmos reac\u00e7\u00f5es.<\/em><\/strong><br \/>\n<strong><em>E obrigado Rui pela oportunidade de dar a conhecer um pouco de mim aos leitores da Infocul.<\/em><\/strong><\/p>\n","protected":false},"excerpt":{"rendered":"<p>&nbsp; &nbsp; Como aqui demos conta, em primeira m\u00e3o, j\u00e1 \u00e9 conhecido o cartaz completo do Santa Casa Alfama, que realizar-se-\u00e1 a 27 e 28 de Setembro, no t\u00edpico bairro alfacinha. Jos\u00e9 Quaresma actua no dia 28 na Igreja de Santo Est\u00eav\u00e3o e em entrevista ao Infocul falou sobre o espect\u00e1culo, o Fado, a F\u00e9 [&hellip;]<\/p>\n","protected":false},"author":2,"featured_media":58459,"comment_status":"open","ping_status":"closed","sticky":false,"template":"","format":"standard","meta":{"footnotes":""},"categories":[3,2,36,4124],"tags":[42,7477,4167],"class_list":["post-58458","post","type-post","status-publish","format-standard","has-post-thumbnail","hentry","category-concertos","category-cultura","category-destaque","category-entrevistas","tag-fado","tag-jose-quaresma","tag-santa-casa-alfama"],"yoast_head":"<!-- This site is optimized with the Yoast SEO plugin v27.5 - https:\/\/yoast.com\/product\/yoast-seo-wordpress\/ -->\n<title>Jos\u00e9 Quaresma sobre concerto na Igreja de Santo Est\u00eav\u00e3o: &quot;Leva-me a uma parte da hist\u00f3ria da minha vida porque fui seminarista dos 15 aos 20 anos&quot; | Infocul.pt - Arquivo Digital<\/title>\n<meta name=\"description\" content=\"Jos\u00e9 Quaresma sobre concerto na Igreja de Santo Est\u00eav\u00e3o: &quot;Leva-me a uma parte da hist\u00f3ria da minha vida porque fui seminarista dos 15 aos 20 anos&quot; | Infocul.pt - Arquivo Digital\" \/>\n<meta name=\"robots\" content=\"noindex, follow, max-snippet:-1, max-image-preview:large, max-video-preview:-1\" \/>\n<meta property=\"og:locale\" content=\"pt_PT\" \/>\n<meta property=\"og:type\" content=\"article\" \/>\n<meta property=\"og:title\" content=\"Jos\u00e9 Quaresma sobre concerto na Igreja de Santo Est\u00eav\u00e3o: &quot;Leva-me a uma parte da hist\u00f3ria da minha vida porque fui seminarista dos 15 aos 20 anos&quot; | Infocul.pt - Arquivo Digital\" \/>\n<meta property=\"og:description\" content=\"Jos\u00e9 Quaresma sobre concerto na Igreja de Santo Est\u00eav\u00e3o: &quot;Leva-me a uma parte da hist\u00f3ria da minha vida porque fui seminarista dos 15 aos 20 anos&quot; | Infocul.pt - Arquivo Digital\" \/>\n<meta property=\"og:url\" content=\"https:\/\/infocul.pt\/arquivo\/cultura\/jose-quaresma-sobre-concerto-na-igreja-de-santo-estevao-leva-me-a-uma-parte-da-historia-da-minha-vida-porque-fui-seminarista-dos-15-aos-20-anos\/\" \/>\n<meta property=\"og:site_name\" content=\"Infocul.pt - Arquivo Digital\" \/>\n<meta property=\"article:publisher\" content=\"https:\/\/www.facebook.com\/Infocul-147816815585015\/\" \/>\n<meta property=\"article:published_time\" content=\"2019-08-31T23:00:00+00:00\" \/>\n<meta property=\"article:modified_time\" content=\"2019-09-01T08:19:28+00:00\" \/>\n<meta property=\"og:image\" content=\"https:\/\/infocul.pt\/arquivo\/wp-content\/uploads\/2019\/07\/quaresma.jpg\" \/>\n\t<meta property=\"og:image:width\" content=\"960\" \/>\n\t<meta property=\"og:image:height\" content=\"960\" \/>\n\t<meta property=\"og:image:type\" content=\"image\/jpeg\" \/>\n<meta name=\"author\" content=\"Rui Lavrador\" \/>\n<meta name=\"twitter:card\" content=\"summary_large_image\" \/>\n<meta name=\"twitter:creator\" content=\"@Infoculpt\" \/>\n<meta name=\"twitter:site\" content=\"@Infoculpt\" \/>\n<meta name=\"twitter:label1\" content=\"Escrito por\" \/>\n\t<meta name=\"twitter:data1\" content=\"Rui Lavrador\" \/>\n\t<meta name=\"twitter:label2\" content=\"Tempo estimado de leitura\" \/>\n\t<meta name=\"twitter:data2\" content=\"7 minutos\" \/>\n<script type=\"application\/ld+json\" class=\"yoast-schema-graph\">{\"@context\":\"https:\\\/\\\/schema.org\",\"@graph\":[{\"@type\":\"Article\",\"@id\":\"https:\\\/\\\/infocul.pt\\\/arquivo\\\/cultura\\\/jose-quaresma-sobre-concerto-na-igreja-de-santo-estevao-leva-me-a-uma-parte-da-historia-da-minha-vida-porque-fui-seminarista-dos-15-aos-20-anos\\\/#article\",\"isPartOf\":{\"@id\":\"https:\\\/\\\/infocul.pt\\\/arquivo\\\/cultura\\\/jose-quaresma-sobre-concerto-na-igreja-de-santo-estevao-leva-me-a-uma-parte-da-historia-da-minha-vida-porque-fui-seminarista-dos-15-aos-20-anos\\\/\"},\"author\":{\"name\":\"Rui Lavrador\",\"@id\":\"https:\\\/\\\/infocul.pt\\\/arquivo\\\/#\\\/schema\\\/person\\\/060a108d7f2d85fc6aae505119ee5234\"},\"headline\":\"Jos\u00e9 Quaresma sobre concerto na Igreja de Santo Est\u00eav\u00e3o: &#8220;Leva-me a uma parte da hist\u00f3ria da minha vida porque fui seminarista dos 15 aos 20 anos&#8221;\",\"datePublished\":\"2019-08-31T23:00:00+00:00\",\"dateModified\":\"2019-09-01T08:19:28+00:00\",\"mainEntityOfPage\":{\"@id\":\"https:\\\/\\\/infocul.pt\\\/arquivo\\\/cultura\\\/jose-quaresma-sobre-concerto-na-igreja-de-santo-estevao-leva-me-a-uma-parte-da-historia-da-minha-vida-porque-fui-seminarista-dos-15-aos-20-anos\\\/\"},\"wordCount\":1493,\"commentCount\":0,\"publisher\":{\"@id\":\"https:\\\/\\\/infocul.pt\\\/arquivo\\\/#organization\"},\"image\":{\"@id\":\"https:\\\/\\\/infocul.pt\\\/arquivo\\\/cultura\\\/jose-quaresma-sobre-concerto-na-igreja-de-santo-estevao-leva-me-a-uma-parte-da-historia-da-minha-vida-porque-fui-seminarista-dos-15-aos-20-anos\\\/#primaryimage\"},\"thumbnailUrl\":\"https:\\\/\\\/infocul.pt\\\/arquivo\\\/wp-content\\\/uploads\\\/2019\\\/07\\\/quaresma.jpg\",\"keywords\":[\"Fado\",\"Jos\u00e9 Quaresma\",\"Santa Casa Alfama\"],\"articleSection\":[\"Concertos\",\"Cultura\",\"Destaque\",\"Entrevistas\"],\"inLanguage\":\"pt-PT\"},{\"@type\":\"WebPage\",\"@id\":\"https:\\\/\\\/infocul.pt\\\/arquivo\\\/cultura\\\/jose-quaresma-sobre-concerto-na-igreja-de-santo-estevao-leva-me-a-uma-parte-da-historia-da-minha-vida-porque-fui-seminarista-dos-15-aos-20-anos\\\/\",\"url\":\"https:\\\/\\\/infocul.pt\\\/arquivo\\\/cultura\\\/jose-quaresma-sobre-concerto-na-igreja-de-santo-estevao-leva-me-a-uma-parte-da-historia-da-minha-vida-porque-fui-seminarista-dos-15-aos-20-anos\\\/\",\"name\":\"Jos\u00e9 Quaresma sobre concerto na Igreja de Santo Est\u00eav\u00e3o: \\\"Leva-me a uma parte da hist\u00f3ria da minha vida porque fui seminarista dos 15 aos 20 anos\\\" | Infocul.pt - Arquivo Digital\",\"isPartOf\":{\"@id\":\"https:\\\/\\\/infocul.pt\\\/arquivo\\\/#website\"},\"primaryImageOfPage\":{\"@id\":\"https:\\\/\\\/infocul.pt\\\/arquivo\\\/cultura\\\/jose-quaresma-sobre-concerto-na-igreja-de-santo-estevao-leva-me-a-uma-parte-da-historia-da-minha-vida-porque-fui-seminarista-dos-15-aos-20-anos\\\/#primaryimage\"},\"image\":{\"@id\":\"https:\\\/\\\/infocul.pt\\\/arquivo\\\/cultura\\\/jose-quaresma-sobre-concerto-na-igreja-de-santo-estevao-leva-me-a-uma-parte-da-historia-da-minha-vida-porque-fui-seminarista-dos-15-aos-20-anos\\\/#primaryimage\"},\"thumbnailUrl\":\"https:\\\/\\\/infocul.pt\\\/arquivo\\\/wp-content\\\/uploads\\\/2019\\\/07\\\/quaresma.jpg\",\"datePublished\":\"2019-08-31T23:00:00+00:00\",\"dateModified\":\"2019-09-01T08:19:28+00:00\",\"description\":\"Jos\u00e9 Quaresma sobre concerto na Igreja de Santo Est\u00eav\u00e3o: \\\"Leva-me a uma parte da hist\u00f3ria da minha vida porque fui seminarista dos 15 aos 20 anos\\\" | Infocul.pt - Arquivo Digital\",\"breadcrumb\":{\"@id\":\"https:\\\/\\\/infocul.pt\\\/arquivo\\\/cultura\\\/jose-quaresma-sobre-concerto-na-igreja-de-santo-estevao-leva-me-a-uma-parte-da-historia-da-minha-vida-porque-fui-seminarista-dos-15-aos-20-anos\\\/#breadcrumb\"},\"inLanguage\":\"pt-PT\",\"potentialAction\":[{\"@type\":\"ReadAction\",\"target\":[\"https:\\\/\\\/infocul.pt\\\/arquivo\\\/cultura\\\/jose-quaresma-sobre-concerto-na-igreja-de-santo-estevao-leva-me-a-uma-parte-da-historia-da-minha-vida-porque-fui-seminarista-dos-15-aos-20-anos\\\/\"]}]},{\"@type\":\"ImageObject\",\"inLanguage\":\"pt-PT\",\"@id\":\"https:\\\/\\\/infocul.pt\\\/arquivo\\\/cultura\\\/jose-quaresma-sobre-concerto-na-igreja-de-santo-estevao-leva-me-a-uma-parte-da-historia-da-minha-vida-porque-fui-seminarista-dos-15-aos-20-anos\\\/#primaryimage\",\"url\":\"https:\\\/\\\/infocul.pt\\\/arquivo\\\/wp-content\\\/uploads\\\/2019\\\/07\\\/quaresma.jpg\",\"contentUrl\":\"https:\\\/\\\/infocul.pt\\\/arquivo\\\/wp-content\\\/uploads\\\/2019\\\/07\\\/quaresma.jpg\",\"width\":960,\"height\":960},{\"@type\":\"BreadcrumbList\",\"@id\":\"https:\\\/\\\/infocul.pt\\\/arquivo\\\/cultura\\\/jose-quaresma-sobre-concerto-na-igreja-de-santo-estevao-leva-me-a-uma-parte-da-historia-da-minha-vida-porque-fui-seminarista-dos-15-aos-20-anos\\\/#breadcrumb\",\"itemListElement\":[{\"@type\":\"ListItem\",\"position\":1,\"name\":\"Home\",\"item\":\"https:\\\/\\\/infocul.pt\\\/arquivo\\\/\"},{\"@type\":\"ListItem\",\"position\":2,\"name\":\"Jos\u00e9 Quaresma sobre concerto na Igreja de Santo Est\u00eav\u00e3o: &#8220;Leva-me a uma parte da hist\u00f3ria da minha vida porque fui seminarista dos 15 aos 20 anos&#8221;\"}]},{\"@type\":\"WebSite\",\"@id\":\"https:\\\/\\\/infocul.pt\\\/arquivo\\\/#website\",\"url\":\"https:\\\/\\\/infocul.pt\\\/arquivo\\\/\",\"name\":\"Infocul.pt - Arquivo Digital\",\"description\":\"Arquivo digital da Infocul.pt\",\"publisher\":{\"@id\":\"https:\\\/\\\/infocul.pt\\\/arquivo\\\/#organization\"},\"potentialAction\":[{\"@type\":\"SearchAction\",\"target\":{\"@type\":\"EntryPoint\",\"urlTemplate\":\"https:\\\/\\\/infocul.pt\\\/arquivo\\\/?s={search_term_string}\"},\"query-input\":{\"@type\":\"PropertyValueSpecification\",\"valueRequired\":true,\"valueName\":\"search_term_string\"}}],\"inLanguage\":\"pt-PT\"},{\"@type\":\"Organization\",\"@id\":\"https:\\\/\\\/infocul.pt\\\/arquivo\\\/#organization\",\"name\":\"Infocul.pt\",\"url\":\"https:\\\/\\\/infocul.pt\\\/arquivo\\\/\",\"logo\":{\"@type\":\"ImageObject\",\"inLanguage\":\"pt-PT\",\"@id\":\"https:\\\/\\\/infocul.pt\\\/arquivo\\\/#\\\/schema\\\/logo\\\/image\\\/\",\"url\":\"https:\\\/\\\/infocul.pt\\\/arquivo\\\/wp-content\\\/uploads\\\/2018\\\/12\\\/Infocul_logo-1.png\",\"contentUrl\":\"https:\\\/\\\/infocul.pt\\\/arquivo\\\/wp-content\\\/uploads\\\/2018\\\/12\\\/Infocul_logo-1.png\",\"width\":800,\"height\":800,\"caption\":\"Infocul.pt\"},\"image\":{\"@id\":\"https:\\\/\\\/infocul.pt\\\/arquivo\\\/#\\\/schema\\\/logo\\\/image\\\/\"},\"sameAs\":[\"https:\\\/\\\/www.facebook.com\\\/Infocul-147816815585015\\\/\",\"https:\\\/\\\/x.com\\\/Infoculpt\",\"http:\\\/\\\/www.pictaram.com\\\/user\\\/infocul.pt\\\/2370423710\",\"https:\\\/\\\/www.youtube.com\\\/channel\\\/UCYEB91AGI9FL9ek2i_IaQAA\"]},{\"@type\":\"Person\",\"@id\":\"https:\\\/\\\/infocul.pt\\\/arquivo\\\/#\\\/schema\\\/person\\\/060a108d7f2d85fc6aae505119ee5234\",\"name\":\"Rui Lavrador\",\"image\":{\"@type\":\"ImageObject\",\"inLanguage\":\"pt-PT\",\"@id\":\"https:\\\/\\\/secure.gravatar.com\\\/avatar\\\/93febd6873394aa8e975148548a0cb203acfdd42d2c85c5f1408e1a76678aece?s=96&d=mm&r=g\",\"url\":\"https:\\\/\\\/secure.gravatar.com\\\/avatar\\\/93febd6873394aa8e975148548a0cb203acfdd42d2c85c5f1408e1a76678aece?s=96&d=mm&r=g\",\"contentUrl\":\"https:\\\/\\\/secure.gravatar.com\\\/avatar\\\/93febd6873394aa8e975148548a0cb203acfdd42d2c85c5f1408e1a76678aece?s=96&d=mm&r=g\",\"caption\":\"Rui Lavrador\"},\"description\":\"Iniciou em 2011 o seu percurso em comunica\u00e7\u00e3o social, tendo integrado v\u00e1rios projectos editoriais. Durante o seu percurso integrou projectos como Jornal Hardm\u00fasica, LusoNot\u00edcias, Toureio.pt, ODigital.pt, entre outros \u00d3rg\u00e3os de Comunica\u00e7\u00e3o Social nacionais, na redac\u00e7\u00e3o de v\u00e1rios artigos. Entrevistou a grande maioria das personalidades mais importantes da vida social e cultural do pa\u00eds, destacando-se, tamb\u00e9m, na aprecia\u00e7\u00e3o de v\u00e1rios espect\u00e1culos. Durante o seu percurso, deu a conhecer v\u00e1rios artistas, at\u00e9 ent\u00e3o desconhecidos, ao grande p\u00fablico. Em 2015 criou e fundou o Infocul.pt, projecto no qual assume a direc\u00e7\u00e3o editorial.\",\"sameAs\":[\"http:\\\/\\\/www.infocul.pt\"]}]}<\/script>\n<!-- \/ Yoast SEO plugin. -->","yoast_head_json":{"title":"Jos\u00e9 Quaresma sobre concerto na Igreja de Santo Est\u00eav\u00e3o: \"Leva-me a uma parte da hist\u00f3ria da minha vida porque fui seminarista dos 15 aos 20 anos\" | Infocul.pt - Arquivo Digital","description":"Jos\u00e9 Quaresma sobre concerto na Igreja de Santo Est\u00eav\u00e3o: \"Leva-me a uma parte da hist\u00f3ria da minha vida porque fui seminarista dos 15 aos 20 anos\" | Infocul.pt - Arquivo Digital","robots":{"index":"noindex","follow":"follow","max-snippet":"max-snippet:-1","max-image-preview":"max-image-preview:large","max-video-preview":"max-video-preview:-1"},"og_locale":"pt_PT","og_type":"article","og_title":"Jos\u00e9 Quaresma sobre concerto na Igreja de Santo Est\u00eav\u00e3o: \"Leva-me a uma parte da hist\u00f3ria da minha vida porque fui seminarista dos 15 aos 20 anos\" | Infocul.pt - Arquivo Digital","og_description":"Jos\u00e9 Quaresma sobre concerto na Igreja de Santo Est\u00eav\u00e3o: \"Leva-me a uma parte da hist\u00f3ria da minha vida porque fui seminarista dos 15 aos 20 anos\" | Infocul.pt - Arquivo Digital","og_url":"https:\/\/infocul.pt\/arquivo\/cultura\/jose-quaresma-sobre-concerto-na-igreja-de-santo-estevao-leva-me-a-uma-parte-da-historia-da-minha-vida-porque-fui-seminarista-dos-15-aos-20-anos\/","og_site_name":"Infocul.pt - Arquivo Digital","article_publisher":"https:\/\/www.facebook.com\/Infocul-147816815585015\/","article_published_time":"2019-08-31T23:00:00+00:00","article_modified_time":"2019-09-01T08:19:28+00:00","og_image":[{"width":960,"height":960,"url":"https:\/\/infocul.pt\/arquivo\/wp-content\/uploads\/2019\/07\/quaresma.jpg","type":"image\/jpeg"}],"author":"Rui Lavrador","twitter_card":"summary_large_image","twitter_creator":"@Infoculpt","twitter_site":"@Infoculpt","twitter_misc":{"Escrito por":"Rui Lavrador","Tempo estimado de leitura":"7 minutos"},"schema":{"@context":"https:\/\/schema.org","@graph":[{"@type":"Article","@id":"https:\/\/infocul.pt\/arquivo\/cultura\/jose-quaresma-sobre-concerto-na-igreja-de-santo-estevao-leva-me-a-uma-parte-da-historia-da-minha-vida-porque-fui-seminarista-dos-15-aos-20-anos\/#article","isPartOf":{"@id":"https:\/\/infocul.pt\/arquivo\/cultura\/jose-quaresma-sobre-concerto-na-igreja-de-santo-estevao-leva-me-a-uma-parte-da-historia-da-minha-vida-porque-fui-seminarista-dos-15-aos-20-anos\/"},"author":{"name":"Rui Lavrador","@id":"https:\/\/infocul.pt\/arquivo\/#\/schema\/person\/060a108d7f2d85fc6aae505119ee5234"},"headline":"Jos\u00e9 Quaresma sobre concerto na Igreja de Santo Est\u00eav\u00e3o: &#8220;Leva-me a uma parte da hist\u00f3ria da minha vida porque fui seminarista dos 15 aos 20 anos&#8221;","datePublished":"2019-08-31T23:00:00+00:00","dateModified":"2019-09-01T08:19:28+00:00","mainEntityOfPage":{"@id":"https:\/\/infocul.pt\/arquivo\/cultura\/jose-quaresma-sobre-concerto-na-igreja-de-santo-estevao-leva-me-a-uma-parte-da-historia-da-minha-vida-porque-fui-seminarista-dos-15-aos-20-anos\/"},"wordCount":1493,"commentCount":0,"publisher":{"@id":"https:\/\/infocul.pt\/arquivo\/#organization"},"image":{"@id":"https:\/\/infocul.pt\/arquivo\/cultura\/jose-quaresma-sobre-concerto-na-igreja-de-santo-estevao-leva-me-a-uma-parte-da-historia-da-minha-vida-porque-fui-seminarista-dos-15-aos-20-anos\/#primaryimage"},"thumbnailUrl":"https:\/\/infocul.pt\/arquivo\/wp-content\/uploads\/2019\/07\/quaresma.jpg","keywords":["Fado","Jos\u00e9 Quaresma","Santa Casa Alfama"],"articleSection":["Concertos","Cultura","Destaque","Entrevistas"],"inLanguage":"pt-PT"},{"@type":"WebPage","@id":"https:\/\/infocul.pt\/arquivo\/cultura\/jose-quaresma-sobre-concerto-na-igreja-de-santo-estevao-leva-me-a-uma-parte-da-historia-da-minha-vida-porque-fui-seminarista-dos-15-aos-20-anos\/","url":"https:\/\/infocul.pt\/arquivo\/cultura\/jose-quaresma-sobre-concerto-na-igreja-de-santo-estevao-leva-me-a-uma-parte-da-historia-da-minha-vida-porque-fui-seminarista-dos-15-aos-20-anos\/","name":"Jos\u00e9 Quaresma sobre concerto na Igreja de Santo Est\u00eav\u00e3o: \"Leva-me a uma parte da hist\u00f3ria da minha vida porque fui seminarista dos 15 aos 20 anos\" | Infocul.pt - Arquivo Digital","isPartOf":{"@id":"https:\/\/infocul.pt\/arquivo\/#website"},"primaryImageOfPage":{"@id":"https:\/\/infocul.pt\/arquivo\/cultura\/jose-quaresma-sobre-concerto-na-igreja-de-santo-estevao-leva-me-a-uma-parte-da-historia-da-minha-vida-porque-fui-seminarista-dos-15-aos-20-anos\/#primaryimage"},"image":{"@id":"https:\/\/infocul.pt\/arquivo\/cultura\/jose-quaresma-sobre-concerto-na-igreja-de-santo-estevao-leva-me-a-uma-parte-da-historia-da-minha-vida-porque-fui-seminarista-dos-15-aos-20-anos\/#primaryimage"},"thumbnailUrl":"https:\/\/infocul.pt\/arquivo\/wp-content\/uploads\/2019\/07\/quaresma.jpg","datePublished":"2019-08-31T23:00:00+00:00","dateModified":"2019-09-01T08:19:28+00:00","description":"Jos\u00e9 Quaresma sobre concerto na Igreja de Santo Est\u00eav\u00e3o: \"Leva-me a uma parte da hist\u00f3ria da minha vida porque fui seminarista dos 15 aos 20 anos\" | Infocul.pt - Arquivo Digital","breadcrumb":{"@id":"https:\/\/infocul.pt\/arquivo\/cultura\/jose-quaresma-sobre-concerto-na-igreja-de-santo-estevao-leva-me-a-uma-parte-da-historia-da-minha-vida-porque-fui-seminarista-dos-15-aos-20-anos\/#breadcrumb"},"inLanguage":"pt-PT","potentialAction":[{"@type":"ReadAction","target":["https:\/\/infocul.pt\/arquivo\/cultura\/jose-quaresma-sobre-concerto-na-igreja-de-santo-estevao-leva-me-a-uma-parte-da-historia-da-minha-vida-porque-fui-seminarista-dos-15-aos-20-anos\/"]}]},{"@type":"ImageObject","inLanguage":"pt-PT","@id":"https:\/\/infocul.pt\/arquivo\/cultura\/jose-quaresma-sobre-concerto-na-igreja-de-santo-estevao-leva-me-a-uma-parte-da-historia-da-minha-vida-porque-fui-seminarista-dos-15-aos-20-anos\/#primaryimage","url":"https:\/\/infocul.pt\/arquivo\/wp-content\/uploads\/2019\/07\/quaresma.jpg","contentUrl":"https:\/\/infocul.pt\/arquivo\/wp-content\/uploads\/2019\/07\/quaresma.jpg","width":960,"height":960},{"@type":"BreadcrumbList","@id":"https:\/\/infocul.pt\/arquivo\/cultura\/jose-quaresma-sobre-concerto-na-igreja-de-santo-estevao-leva-me-a-uma-parte-da-historia-da-minha-vida-porque-fui-seminarista-dos-15-aos-20-anos\/#breadcrumb","itemListElement":[{"@type":"ListItem","position":1,"name":"Home","item":"https:\/\/infocul.pt\/arquivo\/"},{"@type":"ListItem","position":2,"name":"Jos\u00e9 Quaresma sobre concerto na Igreja de Santo Est\u00eav\u00e3o: &#8220;Leva-me a uma parte da hist\u00f3ria da minha vida porque fui seminarista dos 15 aos 20 anos&#8221;"}]},{"@type":"WebSite","@id":"https:\/\/infocul.pt\/arquivo\/#website","url":"https:\/\/infocul.pt\/arquivo\/","name":"Infocul.pt - Arquivo Digital","description":"Arquivo digital da Infocul.pt","publisher":{"@id":"https:\/\/infocul.pt\/arquivo\/#organization"},"potentialAction":[{"@type":"SearchAction","target":{"@type":"EntryPoint","urlTemplate":"https:\/\/infocul.pt\/arquivo\/?s={search_term_string}"},"query-input":{"@type":"PropertyValueSpecification","valueRequired":true,"valueName":"search_term_string"}}],"inLanguage":"pt-PT"},{"@type":"Organization","@id":"https:\/\/infocul.pt\/arquivo\/#organization","name":"Infocul.pt","url":"https:\/\/infocul.pt\/arquivo\/","logo":{"@type":"ImageObject","inLanguage":"pt-PT","@id":"https:\/\/infocul.pt\/arquivo\/#\/schema\/logo\/image\/","url":"https:\/\/infocul.pt\/arquivo\/wp-content\/uploads\/2018\/12\/Infocul_logo-1.png","contentUrl":"https:\/\/infocul.pt\/arquivo\/wp-content\/uploads\/2018\/12\/Infocul_logo-1.png","width":800,"height":800,"caption":"Infocul.pt"},"image":{"@id":"https:\/\/infocul.pt\/arquivo\/#\/schema\/logo\/image\/"},"sameAs":["https:\/\/www.facebook.com\/Infocul-147816815585015\/","https:\/\/x.com\/Infoculpt","http:\/\/www.pictaram.com\/user\/infocul.pt\/2370423710","https:\/\/www.youtube.com\/channel\/UCYEB91AGI9FL9ek2i_IaQAA"]},{"@type":"Person","@id":"https:\/\/infocul.pt\/arquivo\/#\/schema\/person\/060a108d7f2d85fc6aae505119ee5234","name":"Rui Lavrador","image":{"@type":"ImageObject","inLanguage":"pt-PT","@id":"https:\/\/secure.gravatar.com\/avatar\/93febd6873394aa8e975148548a0cb203acfdd42d2c85c5f1408e1a76678aece?s=96&d=mm&r=g","url":"https:\/\/secure.gravatar.com\/avatar\/93febd6873394aa8e975148548a0cb203acfdd42d2c85c5f1408e1a76678aece?s=96&d=mm&r=g","contentUrl":"https:\/\/secure.gravatar.com\/avatar\/93febd6873394aa8e975148548a0cb203acfdd42d2c85c5f1408e1a76678aece?s=96&d=mm&r=g","caption":"Rui Lavrador"},"description":"Iniciou em 2011 o seu percurso em comunica\u00e7\u00e3o social, tendo integrado v\u00e1rios projectos editoriais. Durante o seu percurso integrou projectos como Jornal Hardm\u00fasica, LusoNot\u00edcias, Toureio.pt, ODigital.pt, entre outros \u00d3rg\u00e3os de Comunica\u00e7\u00e3o Social nacionais, na redac\u00e7\u00e3o de v\u00e1rios artigos. Entrevistou a grande maioria das personalidades mais importantes da vida social e cultural do pa\u00eds, destacando-se, tamb\u00e9m, na aprecia\u00e7\u00e3o de v\u00e1rios espect\u00e1culos. Durante o seu percurso, deu a conhecer v\u00e1rios artistas, at\u00e9 ent\u00e3o desconhecidos, ao grande p\u00fablico. Em 2015 criou e fundou o Infocul.pt, projecto no qual assume a direc\u00e7\u00e3o editorial.","sameAs":["http:\/\/www.infocul.pt"]}]}},"_links":{"self":[{"href":"https:\/\/infocul.pt\/arquivo\/wp-json\/wp\/v2\/posts\/58458","targetHints":{"allow":["GET"]}}],"collection":[{"href":"https:\/\/infocul.pt\/arquivo\/wp-json\/wp\/v2\/posts"}],"about":[{"href":"https:\/\/infocul.pt\/arquivo\/wp-json\/wp\/v2\/types\/post"}],"author":[{"embeddable":true,"href":"https:\/\/infocul.pt\/arquivo\/wp-json\/wp\/v2\/users\/2"}],"replies":[{"embeddable":true,"href":"https:\/\/infocul.pt\/arquivo\/wp-json\/wp\/v2\/comments?post=58458"}],"version-history":[{"count":0,"href":"https:\/\/infocul.pt\/arquivo\/wp-json\/wp\/v2\/posts\/58458\/revisions"}],"wp:featuredmedia":[{"embeddable":true,"href":"https:\/\/infocul.pt\/arquivo\/wp-json\/wp\/v2\/media\/58459"}],"wp:attachment":[{"href":"https:\/\/infocul.pt\/arquivo\/wp-json\/wp\/v2\/media?parent=58458"}],"wp:term":[{"taxonomy":"category","embeddable":true,"href":"https:\/\/infocul.pt\/arquivo\/wp-json\/wp\/v2\/categories?post=58458"},{"taxonomy":"post_tag","embeddable":true,"href":"https:\/\/infocul.pt\/arquivo\/wp-json\/wp\/v2\/tags?post=58458"}],"curies":[{"name":"wp","href":"https:\/\/api.w.org\/{rel}","templated":true}]}}