{"id":5860,"date":"2016-04-11T14:15:58","date_gmt":"2016-04-11T14:15:58","guid":{"rendered":"http:\/\/infocul.pt\/?p=5860"},"modified":"2016-04-11T14:15:58","modified_gmt":"2016-04-11T14:15:58","slug":"conheca-o-personagem-de-goncalo-diniz-em-rainha-das-flores","status":"publish","type":"post","link":"https:\/\/infocul.pt\/arquivo\/actualidade\/conheca-o-personagem-de-goncalo-diniz-em-rainha-das-flores\/","title":{"rendered":"Conhe\u00e7a o personagem de Gon\u00e7alo Diniz em Rainha das Flores"},"content":{"rendered":"<p>\t<img decoding=\"async\" width=\"620\" height=\"413\" class=\"so-widget-image lazyload\" style=\"--smush-placeholder-width: 620px; --smush-placeholder-aspect-ratio: 620\/413;height: auto; display: block; max-width: 100%;\" data-src=\"http:\/\/infocul.pt\/wp-content\/uploads\/2016\/04\/Gon\u00e7alo-Diniz-01.jpg\" src=\"data:image\/svg+xml;base64,PHN2ZyB3aWR0aD0iMSIgaGVpZ2h0PSIxIiB4bWxucz0iaHR0cDovL3d3dy53My5vcmcvMjAwMC9zdmciPjwvc3ZnPg==\"><\/p>\n<p><strong>Gon\u00e7alo Diniz faz parte do n\u00facleo da familia Barros e vai fazer de irm\u00e3o de Marco Delgado e filho dos personagens interpretados pelos actores Ant\u00f3nio Fonseca e Cristina Homem de Mello.<\/strong><\/p>\n<p>&#8220;<strong>Estou muito contente com o meu n\u00facleo. \u00c9 um papel muito mais dif\u00edcil do que o Joni, mesmo sendo um papel mais dram\u00e1tico e a com\u00e9dia \u00e9 sempre mais dif\u00edcil de se fazer. Temos que ter a consci\u00eancia que n\u00e3o podemos fazer um papel caricato. Temos que fazer um vil\u00e3o desej\u00e1vel<\/strong>&#8220;, \u00e9 desta forma como Gon\u00e7alo Diniz fala sobre o seu n\u00facleo. Liliana Santos vai ser outra das actrizes que vai contracenar, bastante, com a personagem C\u00e9sar Barros. Liliana vai trabalhar no atelier de C\u00e9sar e ser\u00e1 capaz de tudo pela felicidade do vil\u00e3o da hist\u00f3ria. Ainda careca, em consequ\u00eancia dos tratamentos de quimioterapia que teve de fazer no IPO de Lisboa, o actor faz quest\u00e3o de mostrar que o mais dif\u00edcil j\u00e1 passou e compareceu \u00e0 apresenta\u00e7\u00e3o da novela &#8220;Rainha das Flores&#8221;.<\/p>\n<p>&nbsp;<\/p>\n<p>&nbsp;<\/p>\n<p>&#8220;<strong>As grava\u00e7\u00f5es come\u00e7aram no dia 7 de Mar\u00e7o, em Tomar, e depois v\u00e3o para Amesterd\u00e3o<\/strong>&#8220;, conta Gon\u00e7alo Diniz. A \u00faltima apari\u00e7\u00e3o do actor foi na novela &#8220;Mar Salgado&#8221;, onde fez de Joni, um divertido vendedor no mercado de Set\u00fabal. &#8220;<strong>J\u00e1 tinha saudades da SP, que tamb\u00e9m \u00e9 a minha casa. A SP come\u00e7ou comigo no projecto da Vila Faia. \u00c9 voltar a uma irmandade, como costumo dizer<\/strong>&#8220;, diz o actor sobre a sua volta \u00e0s novelas depois de ter descoberto que tinha cancro.<\/p>\n<p>&nbsp;<\/p>\n<p>&nbsp;<\/p>\n<p>&#8220;\u00c9<strong> um regresso a tempo inteiro pois a personagem assim o exige<\/strong>&#8220;, fala. A personagem de Gon\u00e7alo Diniz tem como lema de vida:&#8221; Quem acha que n\u00e3o pode ter tudo, quer pouco&#8221;. Raramente falha mas quando falha \u00e9 em grande. Foi por causa de uma falha sua que toda a fam\u00edlia foi arrastada para a fal\u00eancia. S\u00f3 que nunca o vai admitir. Depois daquele falhan\u00e7o transformou-se num agente imobili\u00e1rio. S\u00f3 que o grande objectivo dele n\u00e3o \u00e9 vender casas mas ter casas, quantas mais, melhor.<\/p>\n<p>&nbsp;<\/p>\n<p>&nbsp;<\/p>\n<p>Vem ai mais uma personagem marcante do actor que chegou a participar na novela brasileira &#8220;Xica da Silva&#8221;, interpretando o Drag\u00e3o Mac\u00e1rio. &#8220;<strong>Espero que gostem mas n\u00e3o sei. S\u00e3o personagens diferentes. Os actores ficam sempre associados a diferentes personagens. Igual ao Joni n\u00e3o h\u00e1. \u00c9 uma personagem muito querida<\/strong>&#8220;, \u00e9 desta forma saudosa que recorda a sua anterior personagem.<\/p>\n<p>&nbsp;<\/p>\n<p>&nbsp;<\/p>\n<p>Quando conhecer as irm\u00e3s Narciso, vai entender que o seu bilhete dourado para ser milion\u00e1rio ser\u00e1 atrav\u00e9s da Floriz. Quando descobrir o potencial que a empresa pode ter na sua conta banc\u00e1ria, vai aproximar-se de Rosa , interpretada por Sandra Barata Belo.<\/p>\n<p>&nbsp;<\/p>\n<p>&nbsp;<\/p>\n<p>Vai discutir a aten\u00e7\u00e3o de Rosa com o pr\u00f3prio irm\u00e3o, Marcelo. S\u00f3 que vai mudar a sua objectiva quando descobrir que a amn\u00e9sia de Rosa tirou-lhe todo o poder e por isso vai ter em Narcisa um alvo a atingir. &#8220;<strong>Era um desejo meu fazer uma personagem careca e n\u00e3o \u00e9 por ser um vil\u00e3o. N\u00e3o tem barba e vai ter uns \u00f3culos. \u00c9 a imagem que se viu na apresenta\u00e7\u00e3o. \u00c9 para ter uma imagem diferente mas vai ser tudo mais claro na representa\u00e7\u00e3o. \u00c9 uma personagem humana, muito ambiciosa e carism\u00e1tica. Ele vai fazer mal \u00e0 verdadeira vil\u00e3<\/strong>&#8220;, \u00e9 desta forma que o actor descreve a sua nova personagem. &#8220;Rainha das Flores&#8221; estreia, para o lugar de Poderosas, em Maio, na SIC.<\/p>\n","protected":false},"excerpt":{"rendered":"<p>Gon\u00e7alo Diniz faz parte do n\u00facleo da familia Barros e vai fazer de irm\u00e3o de Marco Delgado e filho dos personagens interpretados pelos actores Ant\u00f3nio Fonseca e Cristina Homem de Mello. &#8220;Estou muito contente com o meu n\u00facleo. \u00c9 um papel muito mais dif\u00edcil do que o Joni, mesmo sendo um papel mais dram\u00e1tico e [&hellip;]<\/p>\n","protected":false},"author":13,"featured_media":5861,"comment_status":"open","ping_status":"closed","sticky":false,"template":"","format":"standard","meta":{"footnotes":""},"categories":[10,14],"tags":[1018,838,534],"class_list":["post-5860","post","type-post","status-publish","format-standard","has-post-thumbnail","hentry","category-actualidade","category-televisao","tag-goncalo-diniz","tag-rainha-das-flores","tag-sic"],"yoast_head":"<!-- This site is optimized with the Yoast SEO plugin v27.4 - https:\/\/yoast.com\/product\/yoast-seo-wordpress\/ -->\n<title>Conhe\u00e7a o personagem de Gon\u00e7alo Diniz em Rainha das Flores | Infocul.pt - Arquivo Digital<\/title>\n<meta name=\"description\" content=\"Conhe\u00e7a o personagem de Gon\u00e7alo Diniz em Rainha das Flores | Infocul.pt - Arquivo Digital\" \/>\n<meta name=\"robots\" content=\"noindex, follow, max-snippet:-1, max-image-preview:large, max-video-preview:-1\" \/>\n<meta property=\"og:locale\" content=\"pt_PT\" \/>\n<meta property=\"og:type\" content=\"article\" \/>\n<meta property=\"og:title\" content=\"Conhe\u00e7a o personagem de Gon\u00e7alo Diniz em Rainha das Flores | Infocul.pt - Arquivo Digital\" \/>\n<meta property=\"og:description\" content=\"Conhe\u00e7a o personagem de Gon\u00e7alo Diniz em Rainha das Flores | Infocul.pt - Arquivo Digital\" \/>\n<meta property=\"og:url\" content=\"https:\/\/infocul.pt\/arquivo\/actualidade\/conheca-o-personagem-de-goncalo-diniz-em-rainha-das-flores\/\" \/>\n<meta property=\"og:site_name\" content=\"Infocul.pt - Arquivo Digital\" \/>\n<meta property=\"article:publisher\" content=\"https:\/\/www.facebook.com\/Infocul-147816815585015\/\" \/>\n<meta property=\"article:published_time\" content=\"2016-04-11T14:15:58+00:00\" \/>\n<meta property=\"og:image\" content=\"https:\/\/infocul.pt\/arquivo\/wp-content\/uploads\/2016\/04\/Gon\u00e7alo-Diniz-01.jpg\" \/>\n\t<meta property=\"og:image:width\" content=\"620\" \/>\n\t<meta property=\"og:image:height\" content=\"413\" \/>\n\t<meta property=\"og:image:type\" content=\"image\/jpeg\" \/>\n<meta name=\"author\" content=\"Redac\u00e7\u00e3o\" \/>\n<meta name=\"twitter:card\" content=\"summary_large_image\" \/>\n<meta name=\"twitter:creator\" content=\"@Infoculpt\" \/>\n<meta name=\"twitter:site\" content=\"@Infoculpt\" \/>\n<meta name=\"twitter:label1\" content=\"Escrito por\" \/>\n\t<meta name=\"twitter:data1\" content=\"Redac\u00e7\u00e3o\" \/>\n\t<meta name=\"twitter:label2\" content=\"Tempo estimado de leitura\" \/>\n\t<meta name=\"twitter:data2\" content=\"3 minutos\" \/>\n<script type=\"application\/ld+json\" class=\"yoast-schema-graph\">{\"@context\":\"https:\\\/\\\/schema.org\",\"@graph\":[{\"@type\":\"Article\",\"@id\":\"https:\\\/\\\/infocul.pt\\\/arquivo\\\/actualidade\\\/conheca-o-personagem-de-goncalo-diniz-em-rainha-das-flores\\\/#article\",\"isPartOf\":{\"@id\":\"https:\\\/\\\/infocul.pt\\\/arquivo\\\/actualidade\\\/conheca-o-personagem-de-goncalo-diniz-em-rainha-das-flores\\\/\"},\"author\":{\"name\":\"Redac\u00e7\u00e3o\",\"@id\":\"https:\\\/\\\/infocul.pt\\\/arquivo\\\/#\\\/schema\\\/person\\\/f243f45ae8d67639120a7586884f3abc\"},\"headline\":\"Conhe\u00e7a o personagem de Gon\u00e7alo Diniz em Rainha das Flores\",\"datePublished\":\"2016-04-11T14:15:58+00:00\",\"mainEntityOfPage\":{\"@id\":\"https:\\\/\\\/infocul.pt\\\/arquivo\\\/actualidade\\\/conheca-o-personagem-de-goncalo-diniz-em-rainha-das-flores\\\/\"},\"wordCount\":619,\"commentCount\":0,\"publisher\":{\"@id\":\"https:\\\/\\\/infocul.pt\\\/arquivo\\\/#organization\"},\"image\":{\"@id\":\"https:\\\/\\\/infocul.pt\\\/arquivo\\\/actualidade\\\/conheca-o-personagem-de-goncalo-diniz-em-rainha-das-flores\\\/#primaryimage\"},\"thumbnailUrl\":\"https:\\\/\\\/infocul.pt\\\/arquivo\\\/wp-content\\\/uploads\\\/2016\\\/04\\\/Gon\u00e7alo-Diniz-01.jpg\",\"keywords\":[\"Gon\u00e7alo Diniz\",\"Rainha das Flores\",\"SIC\"],\"articleSection\":[\"Actualidade\",\"Televis\u00e3o\"],\"inLanguage\":\"pt-PT\"},{\"@type\":\"WebPage\",\"@id\":\"https:\\\/\\\/infocul.pt\\\/arquivo\\\/actualidade\\\/conheca-o-personagem-de-goncalo-diniz-em-rainha-das-flores\\\/\",\"url\":\"https:\\\/\\\/infocul.pt\\\/arquivo\\\/actualidade\\\/conheca-o-personagem-de-goncalo-diniz-em-rainha-das-flores\\\/\",\"name\":\"Conhe\u00e7a o personagem de Gon\u00e7alo Diniz em Rainha das Flores | Infocul.pt - Arquivo Digital\",\"isPartOf\":{\"@id\":\"https:\\\/\\\/infocul.pt\\\/arquivo\\\/#website\"},\"primaryImageOfPage\":{\"@id\":\"https:\\\/\\\/infocul.pt\\\/arquivo\\\/actualidade\\\/conheca-o-personagem-de-goncalo-diniz-em-rainha-das-flores\\\/#primaryimage\"},\"image\":{\"@id\":\"https:\\\/\\\/infocul.pt\\\/arquivo\\\/actualidade\\\/conheca-o-personagem-de-goncalo-diniz-em-rainha-das-flores\\\/#primaryimage\"},\"thumbnailUrl\":\"https:\\\/\\\/infocul.pt\\\/arquivo\\\/wp-content\\\/uploads\\\/2016\\\/04\\\/Gon\u00e7alo-Diniz-01.jpg\",\"datePublished\":\"2016-04-11T14:15:58+00:00\",\"description\":\"Conhe\u00e7a o personagem de Gon\u00e7alo Diniz em Rainha das Flores | Infocul.pt - Arquivo Digital\",\"breadcrumb\":{\"@id\":\"https:\\\/\\\/infocul.pt\\\/arquivo\\\/actualidade\\\/conheca-o-personagem-de-goncalo-diniz-em-rainha-das-flores\\\/#breadcrumb\"},\"inLanguage\":\"pt-PT\",\"potentialAction\":[{\"@type\":\"ReadAction\",\"target\":[\"https:\\\/\\\/infocul.pt\\\/arquivo\\\/actualidade\\\/conheca-o-personagem-de-goncalo-diniz-em-rainha-das-flores\\\/\"]}]},{\"@type\":\"ImageObject\",\"inLanguage\":\"pt-PT\",\"@id\":\"https:\\\/\\\/infocul.pt\\\/arquivo\\\/actualidade\\\/conheca-o-personagem-de-goncalo-diniz-em-rainha-das-flores\\\/#primaryimage\",\"url\":\"https:\\\/\\\/infocul.pt\\\/arquivo\\\/wp-content\\\/uploads\\\/2016\\\/04\\\/Gon\u00e7alo-Diniz-01.jpg\",\"contentUrl\":\"https:\\\/\\\/infocul.pt\\\/arquivo\\\/wp-content\\\/uploads\\\/2016\\\/04\\\/Gon\u00e7alo-Diniz-01.jpg\",\"width\":620,\"height\":413},{\"@type\":\"BreadcrumbList\",\"@id\":\"https:\\\/\\\/infocul.pt\\\/arquivo\\\/actualidade\\\/conheca-o-personagem-de-goncalo-diniz-em-rainha-das-flores\\\/#breadcrumb\",\"itemListElement\":[{\"@type\":\"ListItem\",\"position\":1,\"name\":\"Home\",\"item\":\"https:\\\/\\\/infocul.pt\\\/arquivo\\\/\"},{\"@type\":\"ListItem\",\"position\":2,\"name\":\"Conhe\u00e7a o personagem de Gon\u00e7alo Diniz em Rainha das Flores\"}]},{\"@type\":\"WebSite\",\"@id\":\"https:\\\/\\\/infocul.pt\\\/arquivo\\\/#website\",\"url\":\"https:\\\/\\\/infocul.pt\\\/arquivo\\\/\",\"name\":\"Infocul.pt - Arquivo Digital\",\"description\":\"Arquivo digital da Infocul.pt\",\"publisher\":{\"@id\":\"https:\\\/\\\/infocul.pt\\\/arquivo\\\/#organization\"},\"potentialAction\":[{\"@type\":\"SearchAction\",\"target\":{\"@type\":\"EntryPoint\",\"urlTemplate\":\"https:\\\/\\\/infocul.pt\\\/arquivo\\\/?s={search_term_string}\"},\"query-input\":{\"@type\":\"PropertyValueSpecification\",\"valueRequired\":true,\"valueName\":\"search_term_string\"}}],\"inLanguage\":\"pt-PT\"},{\"@type\":\"Organization\",\"@id\":\"https:\\\/\\\/infocul.pt\\\/arquivo\\\/#organization\",\"name\":\"Infocul.pt\",\"url\":\"https:\\\/\\\/infocul.pt\\\/arquivo\\\/\",\"logo\":{\"@type\":\"ImageObject\",\"inLanguage\":\"pt-PT\",\"@id\":\"https:\\\/\\\/infocul.pt\\\/arquivo\\\/#\\\/schema\\\/logo\\\/image\\\/\",\"url\":\"https:\\\/\\\/infocul.pt\\\/arquivo\\\/wp-content\\\/uploads\\\/2018\\\/12\\\/Infocul_logo-1.png\",\"contentUrl\":\"https:\\\/\\\/infocul.pt\\\/arquivo\\\/wp-content\\\/uploads\\\/2018\\\/12\\\/Infocul_logo-1.png\",\"width\":800,\"height\":800,\"caption\":\"Infocul.pt\"},\"image\":{\"@id\":\"https:\\\/\\\/infocul.pt\\\/arquivo\\\/#\\\/schema\\\/logo\\\/image\\\/\"},\"sameAs\":[\"https:\\\/\\\/www.facebook.com\\\/Infocul-147816815585015\\\/\",\"https:\\\/\\\/x.com\\\/Infoculpt\",\"http:\\\/\\\/www.pictaram.com\\\/user\\\/infocul.pt\\\/2370423710\",\"https:\\\/\\\/www.youtube.com\\\/channel\\\/UCYEB91AGI9FL9ek2i_IaQAA\"]},{\"@type\":\"Person\",\"@id\":\"https:\\\/\\\/infocul.pt\\\/arquivo\\\/#\\\/schema\\\/person\\\/f243f45ae8d67639120a7586884f3abc\",\"name\":\"Redac\u00e7\u00e3o\",\"image\":{\"@type\":\"ImageObject\",\"inLanguage\":\"pt-PT\",\"@id\":\"https:\\\/\\\/secure.gravatar.com\\\/avatar\\\/151b1b76c598ab5e749407223bd6c1bad4e41c4e95de3c3df83540ebee2deaf8?s=96&d=mm&r=g\",\"url\":\"https:\\\/\\\/secure.gravatar.com\\\/avatar\\\/151b1b76c598ab5e749407223bd6c1bad4e41c4e95de3c3df83540ebee2deaf8?s=96&d=mm&r=g\",\"contentUrl\":\"https:\\\/\\\/secure.gravatar.com\\\/avatar\\\/151b1b76c598ab5e749407223bd6c1bad4e41c4e95de3c3df83540ebee2deaf8?s=96&d=mm&r=g\",\"caption\":\"Redac\u00e7\u00e3o\"}}]}<\/script>\n<!-- \/ Yoast SEO plugin. -->","yoast_head_json":{"title":"Conhe\u00e7a o personagem de Gon\u00e7alo Diniz em Rainha das Flores | Infocul.pt - Arquivo Digital","description":"Conhe\u00e7a o personagem de Gon\u00e7alo Diniz em Rainha das Flores | Infocul.pt - Arquivo Digital","robots":{"index":"noindex","follow":"follow","max-snippet":"max-snippet:-1","max-image-preview":"max-image-preview:large","max-video-preview":"max-video-preview:-1"},"og_locale":"pt_PT","og_type":"article","og_title":"Conhe\u00e7a o personagem de Gon\u00e7alo Diniz em Rainha das Flores | Infocul.pt - Arquivo Digital","og_description":"Conhe\u00e7a o personagem de Gon\u00e7alo Diniz em Rainha das Flores | Infocul.pt - Arquivo Digital","og_url":"https:\/\/infocul.pt\/arquivo\/actualidade\/conheca-o-personagem-de-goncalo-diniz-em-rainha-das-flores\/","og_site_name":"Infocul.pt - Arquivo Digital","article_publisher":"https:\/\/www.facebook.com\/Infocul-147816815585015\/","article_published_time":"2016-04-11T14:15:58+00:00","og_image":[{"width":620,"height":413,"url":"https:\/\/infocul.pt\/arquivo\/wp-content\/uploads\/2016\/04\/Gon\u00e7alo-Diniz-01.jpg","type":"image\/jpeg"}],"author":"Redac\u00e7\u00e3o","twitter_card":"summary_large_image","twitter_creator":"@Infoculpt","twitter_site":"@Infoculpt","twitter_misc":{"Escrito por":"Redac\u00e7\u00e3o","Tempo estimado de leitura":"3 minutos"},"schema":{"@context":"https:\/\/schema.org","@graph":[{"@type":"Article","@id":"https:\/\/infocul.pt\/arquivo\/actualidade\/conheca-o-personagem-de-goncalo-diniz-em-rainha-das-flores\/#article","isPartOf":{"@id":"https:\/\/infocul.pt\/arquivo\/actualidade\/conheca-o-personagem-de-goncalo-diniz-em-rainha-das-flores\/"},"author":{"name":"Redac\u00e7\u00e3o","@id":"https:\/\/infocul.pt\/arquivo\/#\/schema\/person\/f243f45ae8d67639120a7586884f3abc"},"headline":"Conhe\u00e7a o personagem de Gon\u00e7alo Diniz em Rainha das Flores","datePublished":"2016-04-11T14:15:58+00:00","mainEntityOfPage":{"@id":"https:\/\/infocul.pt\/arquivo\/actualidade\/conheca-o-personagem-de-goncalo-diniz-em-rainha-das-flores\/"},"wordCount":619,"commentCount":0,"publisher":{"@id":"https:\/\/infocul.pt\/arquivo\/#organization"},"image":{"@id":"https:\/\/infocul.pt\/arquivo\/actualidade\/conheca-o-personagem-de-goncalo-diniz-em-rainha-das-flores\/#primaryimage"},"thumbnailUrl":"https:\/\/infocul.pt\/arquivo\/wp-content\/uploads\/2016\/04\/Gon\u00e7alo-Diniz-01.jpg","keywords":["Gon\u00e7alo Diniz","Rainha das Flores","SIC"],"articleSection":["Actualidade","Televis\u00e3o"],"inLanguage":"pt-PT"},{"@type":"WebPage","@id":"https:\/\/infocul.pt\/arquivo\/actualidade\/conheca-o-personagem-de-goncalo-diniz-em-rainha-das-flores\/","url":"https:\/\/infocul.pt\/arquivo\/actualidade\/conheca-o-personagem-de-goncalo-diniz-em-rainha-das-flores\/","name":"Conhe\u00e7a o personagem de Gon\u00e7alo Diniz em Rainha das Flores | Infocul.pt - Arquivo Digital","isPartOf":{"@id":"https:\/\/infocul.pt\/arquivo\/#website"},"primaryImageOfPage":{"@id":"https:\/\/infocul.pt\/arquivo\/actualidade\/conheca-o-personagem-de-goncalo-diniz-em-rainha-das-flores\/#primaryimage"},"image":{"@id":"https:\/\/infocul.pt\/arquivo\/actualidade\/conheca-o-personagem-de-goncalo-diniz-em-rainha-das-flores\/#primaryimage"},"thumbnailUrl":"https:\/\/infocul.pt\/arquivo\/wp-content\/uploads\/2016\/04\/Gon\u00e7alo-Diniz-01.jpg","datePublished":"2016-04-11T14:15:58+00:00","description":"Conhe\u00e7a o personagem de Gon\u00e7alo Diniz em Rainha das Flores | Infocul.pt - Arquivo Digital","breadcrumb":{"@id":"https:\/\/infocul.pt\/arquivo\/actualidade\/conheca-o-personagem-de-goncalo-diniz-em-rainha-das-flores\/#breadcrumb"},"inLanguage":"pt-PT","potentialAction":[{"@type":"ReadAction","target":["https:\/\/infocul.pt\/arquivo\/actualidade\/conheca-o-personagem-de-goncalo-diniz-em-rainha-das-flores\/"]}]},{"@type":"ImageObject","inLanguage":"pt-PT","@id":"https:\/\/infocul.pt\/arquivo\/actualidade\/conheca-o-personagem-de-goncalo-diniz-em-rainha-das-flores\/#primaryimage","url":"https:\/\/infocul.pt\/arquivo\/wp-content\/uploads\/2016\/04\/Gon\u00e7alo-Diniz-01.jpg","contentUrl":"https:\/\/infocul.pt\/arquivo\/wp-content\/uploads\/2016\/04\/Gon\u00e7alo-Diniz-01.jpg","width":620,"height":413},{"@type":"BreadcrumbList","@id":"https:\/\/infocul.pt\/arquivo\/actualidade\/conheca-o-personagem-de-goncalo-diniz-em-rainha-das-flores\/#breadcrumb","itemListElement":[{"@type":"ListItem","position":1,"name":"Home","item":"https:\/\/infocul.pt\/arquivo\/"},{"@type":"ListItem","position":2,"name":"Conhe\u00e7a o personagem de Gon\u00e7alo Diniz em Rainha das Flores"}]},{"@type":"WebSite","@id":"https:\/\/infocul.pt\/arquivo\/#website","url":"https:\/\/infocul.pt\/arquivo\/","name":"Infocul.pt - Arquivo Digital","description":"Arquivo digital da Infocul.pt","publisher":{"@id":"https:\/\/infocul.pt\/arquivo\/#organization"},"potentialAction":[{"@type":"SearchAction","target":{"@type":"EntryPoint","urlTemplate":"https:\/\/infocul.pt\/arquivo\/?s={search_term_string}"},"query-input":{"@type":"PropertyValueSpecification","valueRequired":true,"valueName":"search_term_string"}}],"inLanguage":"pt-PT"},{"@type":"Organization","@id":"https:\/\/infocul.pt\/arquivo\/#organization","name":"Infocul.pt","url":"https:\/\/infocul.pt\/arquivo\/","logo":{"@type":"ImageObject","inLanguage":"pt-PT","@id":"https:\/\/infocul.pt\/arquivo\/#\/schema\/logo\/image\/","url":"https:\/\/infocul.pt\/arquivo\/wp-content\/uploads\/2018\/12\/Infocul_logo-1.png","contentUrl":"https:\/\/infocul.pt\/arquivo\/wp-content\/uploads\/2018\/12\/Infocul_logo-1.png","width":800,"height":800,"caption":"Infocul.pt"},"image":{"@id":"https:\/\/infocul.pt\/arquivo\/#\/schema\/logo\/image\/"},"sameAs":["https:\/\/www.facebook.com\/Infocul-147816815585015\/","https:\/\/x.com\/Infoculpt","http:\/\/www.pictaram.com\/user\/infocul.pt\/2370423710","https:\/\/www.youtube.com\/channel\/UCYEB91AGI9FL9ek2i_IaQAA"]},{"@type":"Person","@id":"https:\/\/infocul.pt\/arquivo\/#\/schema\/person\/f243f45ae8d67639120a7586884f3abc","name":"Redac\u00e7\u00e3o","image":{"@type":"ImageObject","inLanguage":"pt-PT","@id":"https:\/\/secure.gravatar.com\/avatar\/151b1b76c598ab5e749407223bd6c1bad4e41c4e95de3c3df83540ebee2deaf8?s=96&d=mm&r=g","url":"https:\/\/secure.gravatar.com\/avatar\/151b1b76c598ab5e749407223bd6c1bad4e41c4e95de3c3df83540ebee2deaf8?s=96&d=mm&r=g","contentUrl":"https:\/\/secure.gravatar.com\/avatar\/151b1b76c598ab5e749407223bd6c1bad4e41c4e95de3c3df83540ebee2deaf8?s=96&d=mm&r=g","caption":"Redac\u00e7\u00e3o"}}]}},"_links":{"self":[{"href":"https:\/\/infocul.pt\/arquivo\/wp-json\/wp\/v2\/posts\/5860","targetHints":{"allow":["GET"]}}],"collection":[{"href":"https:\/\/infocul.pt\/arquivo\/wp-json\/wp\/v2\/posts"}],"about":[{"href":"https:\/\/infocul.pt\/arquivo\/wp-json\/wp\/v2\/types\/post"}],"author":[{"embeddable":true,"href":"https:\/\/infocul.pt\/arquivo\/wp-json\/wp\/v2\/users\/13"}],"replies":[{"embeddable":true,"href":"https:\/\/infocul.pt\/arquivo\/wp-json\/wp\/v2\/comments?post=5860"}],"version-history":[{"count":0,"href":"https:\/\/infocul.pt\/arquivo\/wp-json\/wp\/v2\/posts\/5860\/revisions"}],"wp:featuredmedia":[{"embeddable":true,"href":"https:\/\/infocul.pt\/arquivo\/wp-json\/wp\/v2\/media\/5861"}],"wp:attachment":[{"href":"https:\/\/infocul.pt\/arquivo\/wp-json\/wp\/v2\/media?parent=5860"}],"wp:term":[{"taxonomy":"category","embeddable":true,"href":"https:\/\/infocul.pt\/arquivo\/wp-json\/wp\/v2\/categories?post=5860"},{"taxonomy":"post_tag","embeddable":true,"href":"https:\/\/infocul.pt\/arquivo\/wp-json\/wp\/v2\/tags?post=5860"}],"curies":[{"name":"wp","href":"https:\/\/api.w.org\/{rel}","templated":true}]}}