{"id":58901,"date":"2019-08-19T12:00:47","date_gmt":"2019-08-19T11:00:47","guid":{"rendered":"https:\/\/infocul.pt\/?p=58901"},"modified":"2019-08-19T12:00:47","modified_gmt":"2019-08-19T11:00:47","slug":"conheca-o-programa-de-lisboa-na-rua","status":"publish","type":"post","link":"https:\/\/infocul.pt\/arquivo\/cultura\/conheca-o-programa-de-lisboa-na-rua\/","title":{"rendered":"Conhe\u00e7a o programa de &#8216;Lisboa na Rua&#8217;"},"content":{"rendered":"<p><img decoding=\"async\" class=\"aligncenter wp-image-58902 size-full lazyload\" data-src=\"https:\/\/infocul.pt\/arquivo\/wp-content\/uploads\/2019\/08\/LISBOA12.jpg\" alt=\"\" width=\"800\" height=\"210\" data-srcset=\"https:\/\/infocul.pt\/arquivo\/wp-content\/uploads\/2019\/08\/LISBOA12.jpg 800w, https:\/\/infocul.pt\/arquivo\/wp-content\/uploads\/2019\/08\/LISBOA12-300x79.jpg 300w, https:\/\/infocul.pt\/arquivo\/wp-content\/uploads\/2019\/08\/LISBOA12-768x202.jpg 768w\" data-sizes=\"(max-width: 800px) 100vw, 800px\" src=\"data:image\/svg+xml;base64,PHN2ZyB3aWR0aD0iMSIgaGVpZ2h0PSIxIiB4bWxucz0iaHR0cDovL3d3dy53My5vcmcvMjAwMC9zdmciPjwvc3ZnPg==\" style=\"--smush-placeholder-width: 800px; --smush-placeholder-aspect-ratio: 800\/210;\" \/><\/p>\n<p>&nbsp;<\/p>\n<p>&nbsp;<\/p>\n<p><span style=\"color: #202020;\"><span style=\"font-family: Liberation Serif, serif;\"><span style=\"font-size: medium;\">Com o final das f\u00e9rias e de volta \u00e0 cidade, convidamos a viver em pleno<\/span><\/span><\/span><strong><span style=\"color: #202020;\"><span style=\"font-family: Liberation Serif, serif;\"><span style=\"font-size: medium;\">Lisboa na Rua<\/span><\/span><\/span><\/strong><span style=\"color: #202020;\"><span style=\"font-family: Liberation Serif, serif;\"><span style=\"font-size: medium;\">, atrav\u00e9s de uma programa\u00e7\u00e3o diferente que, entre 27 de agosto e 29 de setembro, dar\u00e1 a descobrir da melhor forma locais inesperados, dando-lhes uma nova vida com propostas que v\u00e3o da m\u00fasica ao teatro, passando pela dan\u00e7a e pela literatura.<\/span><\/span><\/span><span style=\"font-family: Liberation Serif, serif;\"><span style=\"font-size: medium;\"><\/p>\n<p><\/span><\/span><br \/>\n<!--more--><\/p>\n<p><span style=\"color: #202020;\"><span style=\"font-family: Liberation Serif, serif;\"><span style=\"font-size: medium;\">No jardim do Museu de Lisboa \u2013 Pal\u00e1cio Pimenta, no Campo Grande, inauguramos em setembro o\u00a0<\/span><\/span><\/span><strong><a href=\"https:\/\/culturanarua.us18.list-manage.com\/track\/click?u=014aad0b8a5a62ec606467896&amp;id=05193c9c76&amp;e=7ab5c03500\" target=\"_blank\" rel=\"noopener noreferrer\"><span style=\"color: #007c89;\"><span style=\"font-family: Liberation Serif, serif;\"><span style=\"font-size: medium;\"><u>Bibli\u00f3filo<\/u><\/span><\/span><\/span><\/a><\/strong><span style=\"color: #202020;\"><span style=\"font-family: Liberation Serif, serif;\"><span style=\"font-size: medium;\">, uma\u00a0<\/span><\/span><\/span><strong><span style=\"color: #202020;\"><span style=\"font-family: Liberation Serif, serif;\"><span style=\"font-size: medium;\">biblioteca ao ar livre\u00a0<\/span><\/span><\/span><\/strong><span style=\"color: #202020;\"><span style=\"font-family: Liberation Serif, serif;\"><span style=\"font-size: medium;\">na qual poderemos encontrar algumas edi\u00e7\u00f5es raras e que durante todos os fins de semana estar\u00e1 literalmente &#8220;de livros abertos&#8221;. Aos domingos, com hist\u00f3rias para os mais novos,\u00a0\u00e0s 11h, e leituras com convidados para os mais velhos, a partir das 18h.<\/span><\/span><\/span><span style=\"font-family: Liberation Serif, serif;\"><span style=\"font-size: medium;\"><\/p>\n<p><\/span><\/span><span style=\"color: #202020;\"><span style=\"font-family: Liberation Serif, serif;\"><span style=\"font-size: medium;\">\u00c9 tamb\u00e9m neste jardim do Campo Grande que convidamos a ouvir jazz ao final das tardes de s\u00e1bado de setembro, interpretado por jovens m\u00fasicos, nos <\/span><\/span><\/span><strong><a href=\"https:\/\/culturanarua.us18.list-manage.com\/track\/click?u=014aad0b8a5a62ec606467896&amp;id=09edb0a258&amp;e=7ab5c03500\" target=\"_blank\" rel=\"noopener noreferrer\"><span style=\"color: #007c89;\"><span style=\"font-family: Liberation Serif, serif;\"><span style=\"font-size: medium;\"><u>Encontros de Jazz J\u00fanior<\/u><\/span><\/span><\/span><\/a><\/strong><span style=\"color: #202020;\"><span style=\"font-family: Liberation Serif, serif;\"><span style=\"font-size: medium;\">\u00a0<\/span><\/span><\/span><span style=\"color: #202020;\"><span style=\"font-family: Liberation Serif, serif;\"><span style=\"font-size: medium;\">que apresentam\u00a0<\/span><\/span><\/span><strong><span style=\"color: #202020;\"><span style=\"font-family: Liberation Serif, serif;\"><span style=\"font-size: medium;\">quatro concertos<\/span><\/span><\/span><\/strong><span style=\"color: #202020;\"><span style=\"font-family: Liberation Serif, serif;\"><span style=\"font-size: medium;\">\u00a0<\/span><\/span><\/span><span style=\"color: #202020;\"><span style=\"font-family: Liberation Serif, serif;\"><span style=\"font-size: medium;\">variados, entre temas cl\u00e1ssicos e alguns originais, passando pelos repert\u00f3rios das grandes orquestras de jazz dos anos 40 e 50 ou temas de Bernardo Sassetti. \u00a0<\/span><\/span><\/span><span style=\"font-family: Liberation Serif, serif;\"><span style=\"font-size: medium;\"><\/p>\n<p><\/span><\/span><span style=\"color: #202020;\"><span style=\"font-family: Liberation Serif, serif;\"><span style=\"font-size: medium;\">As noites de quinta feira ser\u00e3o dedicadas ao\u00a0<\/span><\/span><\/span><strong><a href=\"https:\/\/culturanarua.us18.list-manage.com\/track\/click?u=014aad0b8a5a62ec606467896&amp;id=39edfd3dff&amp;e=7ab5c03500\" target=\"_blank\" rel=\"noopener noreferrer\"><span style=\"color: #007c89;\"><span style=\"font-family: Liberation Serif, serif;\"><span style=\"font-size: medium;\"><u>(Sou do) Fado<\/u><\/span><\/span><\/span><\/a><\/strong><span style=\"color: #202020;\"><span style=\"font-family: Liberation Serif, serif;\"><span style=\"font-size: medium;\">\u00a0<\/span><\/span><\/span><span style=\"color: #202020;\"><span style=\"font-family: Liberation Serif, serif;\"><span style=\"font-size: medium;\">que nesta edi\u00e7\u00e3o se divide pelos jardins do Torel, Vasco da Gama, Quinta das Conchas e Parque dos Moinhos de Santana, com concertos de estilos diversos dos fadistas\u00a0<\/span><\/span><\/span><strong><span style=\"color: #202020;\"><span style=\"font-family: Liberation Serif, serif;\"><span style=\"font-size: medium;\">Maria Ana Bobon<\/span><\/span><\/span><\/strong><span style=\"color: #202020;\"><span style=\"font-family: Liberation Serif, serif;\"><span style=\"font-size: medium;\">e,\u00a0<\/span><\/span><\/span><strong><span style=\"color: #202020;\"><span style=\"font-family: Liberation Serif, serif;\"><span style=\"font-size: medium;\">Duarte<\/span><\/span><\/span><\/strong><span style=\"color: #202020;\"><span style=\"font-family: Liberation Serif, serif;\"><span style=\"font-size: medium;\">,\u00a0<\/span><\/span><\/span><strong><span style=\"color: #202020;\"><span style=\"font-family: Liberation Serif, serif;\"><span style=\"font-size: medium;\">Helder Moutinho<\/span><\/span><\/span><\/strong><span style=\"color: #202020;\"><span style=\"font-family: Liberation Serif, serif;\"><span style=\"font-size: medium;\">\u00a0<\/span><\/span><\/span><span style=\"color: #202020;\"><span style=\"font-family: Liberation Serif, serif;\"><span style=\"font-size: medium;\">e\u00a0<\/span><\/span><\/span><strong><span style=\"color: #202020;\"><span style=\"font-family: Liberation Serif, serif;\"><span style=\"font-size: medium;\">Cristina Branco<\/span><\/span><\/span><\/strong><span style=\"color: #202020;\"><span style=\"font-family: Liberation Serif, serif;\"><span style=\"font-size: medium;\">.<\/span><\/span><\/span><span style=\"font-family: Liberation Serif, serif;\"><span style=\"font-size: medium;\"><\/p>\n<p><\/span><\/span><span style=\"color: #202020;\"><span style=\"font-family: Liberation Serif, serif;\"><span style=\"font-size: medium;\">J\u00e1 as sextas feiras ser\u00e3o preenchidas com cinema ao ar livre e \u00e9\u00a0<\/span><\/span><\/span><strong><span style=\"color: #202020;\"><span style=\"font-family: Liberation Serif, serif;\"><span style=\"font-size: medium;\">no Jardim Zool\u00f3gico<\/span><\/span><\/span><\/strong><span style=\"color: #202020;\"><span style=\"font-family: Liberation Serif, serif;\"><span style=\"font-size: medium;\">\u00a0\u2013 <\/span><\/span><\/span><span style=\"color: #202020;\"><span style=\"font-family: Liberation Serif, serif;\"><span style=\"font-size: medium;\">no ano que que comemora os seus 135 anos\u00a0\u2013\u00a0que vamos poder assistir \u00e0s sess\u00f5es do\u00a0<\/span><\/span><\/span><strong><a href=\"https:\/\/culturanarua.us18.list-manage.com\/track\/click?u=014aad0b8a5a62ec606467896&amp;id=742be7bf7f&amp;e=7ab5c03500\" target=\"_blank\" rel=\"noopener noreferrer\"><span style=\"color: #007c89;\"><span style=\"font-family: Liberation Serif, serif;\"><span style=\"font-size: medium;\"><u>CineCidade<\/u><\/span><\/span><\/span><\/a><\/strong><span style=\"color: #202020;\"><span style=\"font-family: Liberation Serif, serif;\"><span style=\"font-size: medium;\">, a partir das 21h, com uma sele\u00e7\u00e3o de filmes\u00a0<\/span><\/span><\/span><strong><span style=\"color: #202020;\"><span style=\"font-family: Liberation Serif, serif;\"><span style=\"font-size: medium;\">cl\u00e1ssicos de aventura do cinema americano<\/span><\/span><\/span><\/strong><span style=\"color: #202020;\"><span style=\"font-family: Liberation Serif, serif;\"><span style=\"font-size: medium;\">, como O Feiticeiro de Oz, para ver em fam\u00edlia numa sala de cinema exclusiva.<\/span><\/span><\/span><span style=\"font-family: Liberation Serif, serif;\"><span style=\"font-size: medium;\"><\/p>\n<p><\/span><\/span><span style=\"color: #202020;\"><span style=\"font-family: Liberation Serif, serif;\"><span style=\"font-size: medium;\">Finalmente, os domingos s\u00e3o reservados para uma nova temporada do\u00a0<\/span><\/span><\/span><strong><a href=\"https:\/\/culturanarua.us18.list-manage.com\/track\/click?u=014aad0b8a5a62ec606467896&amp;id=b485f93068&amp;e=7ab5c03500\" target=\"_blank\" rel=\"noopener noreferrer\"><span style=\"color: #007c89;\"><span style=\"font-family: Liberation Serif, serif;\"><span style=\"font-size: medium;\"><u>Dan\u00e7ar a Cidade<\/u><\/span><\/span><\/span><\/a><\/strong><span style=\"color: #202020;\"><span style=\"font-family: Liberation Serif, serif;\"><span style=\"font-size: medium;\">, com\u00a0<\/span><\/span><\/span><strong><span style=\"color: #202020;\"><span style=\"font-family: Liberation Serif, serif;\"><span style=\"font-size: medium;\">aulas abertas<\/span><\/span><\/span><\/strong><span style=\"color: #202020;\"><span style=\"font-family: Liberation Serif, serif;\"><span style=\"font-size: medium;\">\u00a0<\/span><\/span><\/span><span style=\"color: #202020;\"><span style=\"font-family: Liberation Serif, serif;\"><span style=\"font-size: medium;\">de estilos para todos os gostos que convidam todas as pessoas, dan\u00e7arinos ou n\u00e3o, para um pezinho de dan\u00e7a em pistas descobertas e lugares imprevis\u00edveis, como o rec\u00e9m requalificado Rossio de Palma.<\/span><\/span><\/span><span style=\"font-family: Liberation Serif, serif;\"><span style=\"font-size: medium;\"><\/p>\n<p><\/span><\/span><span style=\"color: #202020;\"><span style=\"font-family: Liberation Serif, serif;\"><span style=\"font-size: medium;\">Por falar em dan\u00e7a, destaque para o concerto do\u00a0<\/span><\/span><\/span><strong><a href=\"https:\/\/culturanarua.us18.list-manage.com\/track\/click?u=014aad0b8a5a62ec606467896&amp;id=fc7c2ec9d7&amp;e=7ab5c03500\" target=\"_blank\" rel=\"noopener noreferrer\"><span style=\"color: #007c89;\"><span style=\"font-family: Liberation Serif, serif;\"><span style=\"font-size: medium;\"><u>Real Combo Lisbonense<\/u><\/span><\/span><\/span><\/a><\/strong><span style=\"color: #202020;\"><span style=\"font-family: Liberation Serif, serif;\"><span style=\"font-size: medium;\">que no dia 7 de setembro, a partir das 21h30, sobe ao coreto do\u00a0<\/span><\/span><\/span><strong><span style=\"color: #202020;\"><span style=\"font-family: Liberation Serif, serif;\"><span style=\"font-size: medium;\">Jardim da Estrela<\/span><\/span><\/span><\/strong><span style=\"color: #202020;\"><span style=\"font-family: Liberation Serif, serif;\"><span style=\"font-size: medium;\">, recriando os conjuntos de\u00a0<\/span><\/span><\/span><strong><span style=\"color: #202020;\"><span style=\"font-family: Liberation Serif, serif;\"><span style=\"font-size: medium;\">baile<\/span><\/span><\/span><\/strong><span style=\"color: #202020;\"><span style=\"font-family: Liberation Serif, serif;\"><span style=\"font-size: medium;\">\u00a0<\/span><\/span><\/span><span style=\"color: #202020;\"><span style=\"font-family: Liberation Serif, serif;\"><span style=\"font-size: medium;\">das d\u00e9cadas de 50 e 60, ao som de cl\u00e1ssicos da m\u00fasica portuguesa.<\/span><\/span><\/span><span style=\"font-family: Liberation Serif, serif;\"><span style=\"font-size: medium;\"><\/p>\n<p><\/span><\/span><span style=\"color: #202020;\"><span style=\"font-family: Liberation Serif, serif;\"><span style=\"font-size: medium;\">Uma semana depois, no dia 14, voltamos a cumprir aquele que \u00e9 j\u00e1 um ritual do Lisboa na Rua: estendemos a manta no relvado do Vale do Sil\u00eancio para mais um concerto obrigat\u00f3rio com a\u00a0<\/span><\/span><\/span><strong><span style=\"color: #202020;\"><span style=\"font-family: Liberation Serif, serif;\"><span style=\"font-size: medium;\">Orquestra Gulbenkian<\/span><\/span><\/span><\/strong><span style=\"color: #202020;\"><span style=\"font-family: Liberation Serif, serif;\"><span style=\"font-size: medium;\">. Dirigido pelo maestro Nuno Coelho, o espet\u00e1culo\u00a0<\/span><\/span><\/span><strong><a href=\"https:\/\/culturanarua.us18.list-manage.com\/track\/click?u=014aad0b8a5a62ec606467896&amp;id=f647264645&amp;e=7ab5c03500\" target=\"_blank\" rel=\"noopener noreferrer\"><span style=\"color: #007c89;\"><span style=\"font-family: Liberation Serif, serif;\"><span style=\"font-size: medium;\"><u>Amor no Vale<\/u><\/span><\/span><\/span><\/a><\/strong><span style=\"color: #202020;\"><span style=\"font-family: Liberation Serif, serif;\"><span style=\"font-size: medium;\">\u00a0<\/span><\/span><\/span><span style=\"color: #202020;\"><span style=\"font-family: Liberation Serif, serif;\"><span style=\"font-size: medium;\">re\u00fane algumas das \u00e1rias de<\/span><\/span><\/span><strong><span style=\"color: #202020;\"><span style=\"font-family: Liberation Serif, serif;\"><span style=\"font-size: medium;\">\u00f3pera<\/span><\/span><\/span><\/strong><span style=\"color: #202020;\"><span style=\"font-family: Liberation Serif, serif;\"><span style=\"font-size: medium;\">\u00a0<\/span><\/span><\/span><span style=\"color: #202020;\"><span style=\"font-family: Liberation Serif, serif;\"><span style=\"font-size: medium;\">mais conhecidas que t\u00eam em comum a tem\u00e1tica do amor, prometendo assim encantar ainda mais o cen\u00e1rio verdejante do Parque dos Olivais.<\/span><\/span><\/span><span style=\"font-family: Liberation Serif, serif;\"><span style=\"font-size: medium;\"><\/p>\n<p><\/span><\/span><span style=\"color: #202020;\"><span style=\"font-family: Liberation Serif, serif;\"><span style=\"font-size: medium;\">Ao longo do m\u00eas, h\u00e1 ainda muito mais para desfrutar ao ar livre na cidade, como o\u00a0<\/span><\/span><\/span><strong><a href=\"https:\/\/culturanarua.us18.list-manage.com\/track\/click?u=014aad0b8a5a62ec606467896&amp;id=c5b614715d&amp;e=7ab5c03500\" target=\"_blank\" rel=\"noopener noreferrer\"><span style=\"color: #007c89;\"><span style=\"font-family: Liberation Serif, serif;\"><span style=\"font-size: medium;\"><u>Lisboa Soa<\/u><\/span><\/span><\/span><\/a><\/strong><span style=\"color: #202020;\"><span style=\"font-family: Liberation Serif, serif;\"><span style=\"font-size: medium;\">, que est\u00e1 de regresso \u00e0\u00a0<\/span><\/span><\/span><strong><span style=\"color: #202020;\"><span style=\"font-family: Liberation Serif, serif;\"><span style=\"font-size: medium;\">Estufa Fria<\/span><\/span><\/span><\/strong><span style=\"color: #202020;\"><span style=\"font-family: Liberation Serif, serif;\"><span style=\"font-size: medium;\">\u00a0<\/span><\/span><\/span><span style=\"color: #202020;\"><span style=\"font-family: Liberation Serif, serif;\"><span style=\"font-size: medium;\">com novas propostas de arte sonora, ou os festivais\u00a0<\/span><\/span><\/span><strong><a href=\"https:\/\/culturanarua.us18.list-manage.com\/track\/click?u=014aad0b8a5a62ec606467896&amp;id=c181cc6ec7&amp;e=7ab5c03500\" target=\"_blank\" rel=\"noopener noreferrer\"><span style=\"color: #007c89;\"><span style=\"font-family: Liberation Serif, serif;\"><span style=\"font-size: medium;\"><u>FUSO<\/u><\/span><\/span><\/span><\/a><\/strong><span style=\"color: #202020;\"><span style=\"font-family: Liberation Serif, serif;\"><span style=\"font-size: medium;\">\u00a0<\/span><\/span><\/span><span style=\"color: #202020;\"><span style=\"font-family: Liberation Serif, serif;\"><span style=\"font-size: medium;\">e\u00a0<\/span><\/span><\/span><strong><a href=\"https:\/\/culturanarua.us18.list-manage.com\/track\/click?u=014aad0b8a5a62ec606467896&amp;id=85dcbc1328&amp;e=7ab5c03500\" target=\"_blank\" rel=\"noopener noreferrer\"><span style=\"color: #007c89;\"><span style=\"font-family: Liberation Serif, serif;\"><span style=\"font-size: medium;\"><u>Lisboa M\u00e1gica\u00a0<\/u><\/span><\/span><\/span><\/a><\/strong><span style=\"color: #202020;\"><span style=\"font-family: Liberation Serif, serif;\"><span style=\"font-size: medium;\">(entre 27 de agosto e 1 de setembro) que assinalam com\u00a0<\/span><\/span><\/span><strong><span style=\"color: #202020;\"><span style=\"font-family: Liberation Serif, serif;\"><span style=\"font-size: medium;\">videoarte e magia<\/span><\/span><\/span><\/strong><span style=\"color: #202020;\"><span style=\"font-family: Liberation Serif, serif;\"><span style=\"font-size: medium;\">\u00a0<\/span><\/span><\/span><span style=\"color: #202020;\"><span style=\"font-family: Liberation Serif, serif;\"><span style=\"font-size: medium;\">o arranque do Lisboa na Rua, na pr\u00f3xima semana.<\/span><\/span><\/span><\/p>\n","protected":false},"excerpt":{"rendered":"<p>&nbsp; &nbsp; Com o final das f\u00e9rias e de volta \u00e0 cidade, convidamos a viver em plenoLisboa na Rua, atrav\u00e9s de uma programa\u00e7\u00e3o diferente que, entre 27 de agosto e 29 de setembro, dar\u00e1 a descobrir da melhor forma locais inesperados, dando-lhes uma nova vida com propostas que v\u00e3o da m\u00fasica ao teatro, passando pela [&hellip;]<\/p>\n","protected":false},"author":13,"featured_media":58902,"comment_status":"open","ping_status":"closed","sticky":false,"template":"","format":"standard","meta":{"footnotes":""},"categories":[3,2],"tags":[1031,80,1933],"class_list":["post-58901","post","type-post","status-publish","format-standard","has-post-thumbnail","hentry","category-concertos","category-cultura","tag-egeac","tag-lisboa","tag-lisboa-na-rua"],"yoast_head":"<!-- This site is optimized with the Yoast SEO plugin v27.5 - https:\/\/yoast.com\/product\/yoast-seo-wordpress\/ -->\n<title>Conhe\u00e7a o programa de &#039;Lisboa na Rua&#039; | Infocul.pt - Arquivo Digital<\/title>\n<meta name=\"description\" content=\"Conhe\u00e7a o programa de &#039;Lisboa na Rua&#039; | Infocul.pt - Arquivo Digital\" \/>\n<meta name=\"robots\" content=\"noindex, follow, max-snippet:-1, max-image-preview:large, max-video-preview:-1\" \/>\n<meta property=\"og:locale\" content=\"pt_PT\" \/>\n<meta property=\"og:type\" content=\"article\" \/>\n<meta property=\"og:title\" content=\"Conhe\u00e7a o programa de &#039;Lisboa na Rua&#039; | Infocul.pt - Arquivo Digital\" \/>\n<meta property=\"og:description\" content=\"Conhe\u00e7a o programa de &#039;Lisboa na Rua&#039; | Infocul.pt - Arquivo Digital\" \/>\n<meta property=\"og:url\" content=\"https:\/\/infocul.pt\/arquivo\/cultura\/conheca-o-programa-de-lisboa-na-rua\/\" \/>\n<meta property=\"og:site_name\" content=\"Infocul.pt - Arquivo Digital\" \/>\n<meta property=\"article:publisher\" content=\"https:\/\/www.facebook.com\/Infocul-147816815585015\/\" \/>\n<meta property=\"article:published_time\" content=\"2019-08-19T11:00:47+00:00\" \/>\n<meta property=\"og:image\" content=\"https:\/\/infocul.pt\/arquivo\/wp-content\/uploads\/2019\/08\/LISBOA12.jpg\" \/>\n\t<meta property=\"og:image:width\" content=\"800\" \/>\n\t<meta property=\"og:image:height\" content=\"210\" \/>\n\t<meta property=\"og:image:type\" content=\"image\/jpeg\" \/>\n<meta name=\"author\" content=\"Redac\u00e7\u00e3o\" \/>\n<meta name=\"twitter:card\" content=\"summary_large_image\" \/>\n<meta name=\"twitter:creator\" content=\"@Infoculpt\" \/>\n<meta name=\"twitter:site\" content=\"@Infoculpt\" \/>\n<meta name=\"twitter:label1\" content=\"Escrito por\" \/>\n\t<meta name=\"twitter:data1\" content=\"Redac\u00e7\u00e3o\" \/>\n\t<meta name=\"twitter:label2\" content=\"Tempo estimado de leitura\" \/>\n\t<meta name=\"twitter:data2\" content=\"3 minutos\" \/>\n<script type=\"application\/ld+json\" class=\"yoast-schema-graph\">{\"@context\":\"https:\\\/\\\/schema.org\",\"@graph\":[{\"@type\":\"Article\",\"@id\":\"https:\\\/\\\/infocul.pt\\\/arquivo\\\/cultura\\\/conheca-o-programa-de-lisboa-na-rua\\\/#article\",\"isPartOf\":{\"@id\":\"https:\\\/\\\/infocul.pt\\\/arquivo\\\/cultura\\\/conheca-o-programa-de-lisboa-na-rua\\\/\"},\"author\":{\"name\":\"Redac\u00e7\u00e3o\",\"@id\":\"https:\\\/\\\/infocul.pt\\\/arquivo\\\/#\\\/schema\\\/person\\\/f243f45ae8d67639120a7586884f3abc\"},\"headline\":\"Conhe\u00e7a o programa de &#8216;Lisboa na Rua&#8217;\",\"datePublished\":\"2019-08-19T11:00:47+00:00\",\"mainEntityOfPage\":{\"@id\":\"https:\\\/\\\/infocul.pt\\\/arquivo\\\/cultura\\\/conheca-o-programa-de-lisboa-na-rua\\\/\"},\"wordCount\":561,\"commentCount\":0,\"publisher\":{\"@id\":\"https:\\\/\\\/infocul.pt\\\/arquivo\\\/#organization\"},\"image\":{\"@id\":\"https:\\\/\\\/infocul.pt\\\/arquivo\\\/cultura\\\/conheca-o-programa-de-lisboa-na-rua\\\/#primaryimage\"},\"thumbnailUrl\":\"https:\\\/\\\/infocul.pt\\\/arquivo\\\/wp-content\\\/uploads\\\/2019\\\/08\\\/LISBOA12.jpg\",\"keywords\":[\"Egeac\",\"Lisboa\",\"Lisboa na Rua\"],\"articleSection\":[\"Concertos\",\"Cultura\"],\"inLanguage\":\"pt-PT\"},{\"@type\":\"WebPage\",\"@id\":\"https:\\\/\\\/infocul.pt\\\/arquivo\\\/cultura\\\/conheca-o-programa-de-lisboa-na-rua\\\/\",\"url\":\"https:\\\/\\\/infocul.pt\\\/arquivo\\\/cultura\\\/conheca-o-programa-de-lisboa-na-rua\\\/\",\"name\":\"Conhe\u00e7a o programa de 'Lisboa na Rua' | Infocul.pt - Arquivo Digital\",\"isPartOf\":{\"@id\":\"https:\\\/\\\/infocul.pt\\\/arquivo\\\/#website\"},\"primaryImageOfPage\":{\"@id\":\"https:\\\/\\\/infocul.pt\\\/arquivo\\\/cultura\\\/conheca-o-programa-de-lisboa-na-rua\\\/#primaryimage\"},\"image\":{\"@id\":\"https:\\\/\\\/infocul.pt\\\/arquivo\\\/cultura\\\/conheca-o-programa-de-lisboa-na-rua\\\/#primaryimage\"},\"thumbnailUrl\":\"https:\\\/\\\/infocul.pt\\\/arquivo\\\/wp-content\\\/uploads\\\/2019\\\/08\\\/LISBOA12.jpg\",\"datePublished\":\"2019-08-19T11:00:47+00:00\",\"description\":\"Conhe\u00e7a o programa de 'Lisboa na Rua' | Infocul.pt - Arquivo Digital\",\"breadcrumb\":{\"@id\":\"https:\\\/\\\/infocul.pt\\\/arquivo\\\/cultura\\\/conheca-o-programa-de-lisboa-na-rua\\\/#breadcrumb\"},\"inLanguage\":\"pt-PT\",\"potentialAction\":[{\"@type\":\"ReadAction\",\"target\":[\"https:\\\/\\\/infocul.pt\\\/arquivo\\\/cultura\\\/conheca-o-programa-de-lisboa-na-rua\\\/\"]}]},{\"@type\":\"ImageObject\",\"inLanguage\":\"pt-PT\",\"@id\":\"https:\\\/\\\/infocul.pt\\\/arquivo\\\/cultura\\\/conheca-o-programa-de-lisboa-na-rua\\\/#primaryimage\",\"url\":\"https:\\\/\\\/infocul.pt\\\/arquivo\\\/wp-content\\\/uploads\\\/2019\\\/08\\\/LISBOA12.jpg\",\"contentUrl\":\"https:\\\/\\\/infocul.pt\\\/arquivo\\\/wp-content\\\/uploads\\\/2019\\\/08\\\/LISBOA12.jpg\",\"width\":800,\"height\":210},{\"@type\":\"BreadcrumbList\",\"@id\":\"https:\\\/\\\/infocul.pt\\\/arquivo\\\/cultura\\\/conheca-o-programa-de-lisboa-na-rua\\\/#breadcrumb\",\"itemListElement\":[{\"@type\":\"ListItem\",\"position\":1,\"name\":\"Home\",\"item\":\"https:\\\/\\\/infocul.pt\\\/arquivo\\\/\"},{\"@type\":\"ListItem\",\"position\":2,\"name\":\"Conhe\u00e7a o programa de &#8216;Lisboa na Rua&#8217;\"}]},{\"@type\":\"WebSite\",\"@id\":\"https:\\\/\\\/infocul.pt\\\/arquivo\\\/#website\",\"url\":\"https:\\\/\\\/infocul.pt\\\/arquivo\\\/\",\"name\":\"Infocul.pt - Arquivo Digital\",\"description\":\"Arquivo digital da Infocul.pt\",\"publisher\":{\"@id\":\"https:\\\/\\\/infocul.pt\\\/arquivo\\\/#organization\"},\"potentialAction\":[{\"@type\":\"SearchAction\",\"target\":{\"@type\":\"EntryPoint\",\"urlTemplate\":\"https:\\\/\\\/infocul.pt\\\/arquivo\\\/?s={search_term_string}\"},\"query-input\":{\"@type\":\"PropertyValueSpecification\",\"valueRequired\":true,\"valueName\":\"search_term_string\"}}],\"inLanguage\":\"pt-PT\"},{\"@type\":\"Organization\",\"@id\":\"https:\\\/\\\/infocul.pt\\\/arquivo\\\/#organization\",\"name\":\"Infocul.pt\",\"url\":\"https:\\\/\\\/infocul.pt\\\/arquivo\\\/\",\"logo\":{\"@type\":\"ImageObject\",\"inLanguage\":\"pt-PT\",\"@id\":\"https:\\\/\\\/infocul.pt\\\/arquivo\\\/#\\\/schema\\\/logo\\\/image\\\/\",\"url\":\"https:\\\/\\\/infocul.pt\\\/arquivo\\\/wp-content\\\/uploads\\\/2018\\\/12\\\/Infocul_logo-1.png\",\"contentUrl\":\"https:\\\/\\\/infocul.pt\\\/arquivo\\\/wp-content\\\/uploads\\\/2018\\\/12\\\/Infocul_logo-1.png\",\"width\":800,\"height\":800,\"caption\":\"Infocul.pt\"},\"image\":{\"@id\":\"https:\\\/\\\/infocul.pt\\\/arquivo\\\/#\\\/schema\\\/logo\\\/image\\\/\"},\"sameAs\":[\"https:\\\/\\\/www.facebook.com\\\/Infocul-147816815585015\\\/\",\"https:\\\/\\\/x.com\\\/Infoculpt\",\"http:\\\/\\\/www.pictaram.com\\\/user\\\/infocul.pt\\\/2370423710\",\"https:\\\/\\\/www.youtube.com\\\/channel\\\/UCYEB91AGI9FL9ek2i_IaQAA\"]},{\"@type\":\"Person\",\"@id\":\"https:\\\/\\\/infocul.pt\\\/arquivo\\\/#\\\/schema\\\/person\\\/f243f45ae8d67639120a7586884f3abc\",\"name\":\"Redac\u00e7\u00e3o\",\"image\":{\"@type\":\"ImageObject\",\"inLanguage\":\"pt-PT\",\"@id\":\"https:\\\/\\\/secure.gravatar.com\\\/avatar\\\/151b1b76c598ab5e749407223bd6c1bad4e41c4e95de3c3df83540ebee2deaf8?s=96&d=mm&r=g\",\"url\":\"https:\\\/\\\/secure.gravatar.com\\\/avatar\\\/151b1b76c598ab5e749407223bd6c1bad4e41c4e95de3c3df83540ebee2deaf8?s=96&d=mm&r=g\",\"contentUrl\":\"https:\\\/\\\/secure.gravatar.com\\\/avatar\\\/151b1b76c598ab5e749407223bd6c1bad4e41c4e95de3c3df83540ebee2deaf8?s=96&d=mm&r=g\",\"caption\":\"Redac\u00e7\u00e3o\"}}]}<\/script>\n<!-- \/ Yoast SEO plugin. -->","yoast_head_json":{"title":"Conhe\u00e7a o programa de 'Lisboa na Rua' | Infocul.pt - Arquivo Digital","description":"Conhe\u00e7a o programa de 'Lisboa na Rua' | Infocul.pt - Arquivo Digital","robots":{"index":"noindex","follow":"follow","max-snippet":"max-snippet:-1","max-image-preview":"max-image-preview:large","max-video-preview":"max-video-preview:-1"},"og_locale":"pt_PT","og_type":"article","og_title":"Conhe\u00e7a o programa de 'Lisboa na Rua' | Infocul.pt - Arquivo Digital","og_description":"Conhe\u00e7a o programa de 'Lisboa na Rua' | Infocul.pt - Arquivo Digital","og_url":"https:\/\/infocul.pt\/arquivo\/cultura\/conheca-o-programa-de-lisboa-na-rua\/","og_site_name":"Infocul.pt - Arquivo Digital","article_publisher":"https:\/\/www.facebook.com\/Infocul-147816815585015\/","article_published_time":"2019-08-19T11:00:47+00:00","og_image":[{"width":800,"height":210,"url":"https:\/\/infocul.pt\/arquivo\/wp-content\/uploads\/2019\/08\/LISBOA12.jpg","type":"image\/jpeg"}],"author":"Redac\u00e7\u00e3o","twitter_card":"summary_large_image","twitter_creator":"@Infoculpt","twitter_site":"@Infoculpt","twitter_misc":{"Escrito por":"Redac\u00e7\u00e3o","Tempo estimado de leitura":"3 minutos"},"schema":{"@context":"https:\/\/schema.org","@graph":[{"@type":"Article","@id":"https:\/\/infocul.pt\/arquivo\/cultura\/conheca-o-programa-de-lisboa-na-rua\/#article","isPartOf":{"@id":"https:\/\/infocul.pt\/arquivo\/cultura\/conheca-o-programa-de-lisboa-na-rua\/"},"author":{"name":"Redac\u00e7\u00e3o","@id":"https:\/\/infocul.pt\/arquivo\/#\/schema\/person\/f243f45ae8d67639120a7586884f3abc"},"headline":"Conhe\u00e7a o programa de &#8216;Lisboa na Rua&#8217;","datePublished":"2019-08-19T11:00:47+00:00","mainEntityOfPage":{"@id":"https:\/\/infocul.pt\/arquivo\/cultura\/conheca-o-programa-de-lisboa-na-rua\/"},"wordCount":561,"commentCount":0,"publisher":{"@id":"https:\/\/infocul.pt\/arquivo\/#organization"},"image":{"@id":"https:\/\/infocul.pt\/arquivo\/cultura\/conheca-o-programa-de-lisboa-na-rua\/#primaryimage"},"thumbnailUrl":"https:\/\/infocul.pt\/arquivo\/wp-content\/uploads\/2019\/08\/LISBOA12.jpg","keywords":["Egeac","Lisboa","Lisboa na Rua"],"articleSection":["Concertos","Cultura"],"inLanguage":"pt-PT"},{"@type":"WebPage","@id":"https:\/\/infocul.pt\/arquivo\/cultura\/conheca-o-programa-de-lisboa-na-rua\/","url":"https:\/\/infocul.pt\/arquivo\/cultura\/conheca-o-programa-de-lisboa-na-rua\/","name":"Conhe\u00e7a o programa de 'Lisboa na Rua' | Infocul.pt - Arquivo Digital","isPartOf":{"@id":"https:\/\/infocul.pt\/arquivo\/#website"},"primaryImageOfPage":{"@id":"https:\/\/infocul.pt\/arquivo\/cultura\/conheca-o-programa-de-lisboa-na-rua\/#primaryimage"},"image":{"@id":"https:\/\/infocul.pt\/arquivo\/cultura\/conheca-o-programa-de-lisboa-na-rua\/#primaryimage"},"thumbnailUrl":"https:\/\/infocul.pt\/arquivo\/wp-content\/uploads\/2019\/08\/LISBOA12.jpg","datePublished":"2019-08-19T11:00:47+00:00","description":"Conhe\u00e7a o programa de 'Lisboa na Rua' | Infocul.pt - Arquivo Digital","breadcrumb":{"@id":"https:\/\/infocul.pt\/arquivo\/cultura\/conheca-o-programa-de-lisboa-na-rua\/#breadcrumb"},"inLanguage":"pt-PT","potentialAction":[{"@type":"ReadAction","target":["https:\/\/infocul.pt\/arquivo\/cultura\/conheca-o-programa-de-lisboa-na-rua\/"]}]},{"@type":"ImageObject","inLanguage":"pt-PT","@id":"https:\/\/infocul.pt\/arquivo\/cultura\/conheca-o-programa-de-lisboa-na-rua\/#primaryimage","url":"https:\/\/infocul.pt\/arquivo\/wp-content\/uploads\/2019\/08\/LISBOA12.jpg","contentUrl":"https:\/\/infocul.pt\/arquivo\/wp-content\/uploads\/2019\/08\/LISBOA12.jpg","width":800,"height":210},{"@type":"BreadcrumbList","@id":"https:\/\/infocul.pt\/arquivo\/cultura\/conheca-o-programa-de-lisboa-na-rua\/#breadcrumb","itemListElement":[{"@type":"ListItem","position":1,"name":"Home","item":"https:\/\/infocul.pt\/arquivo\/"},{"@type":"ListItem","position":2,"name":"Conhe\u00e7a o programa de &#8216;Lisboa na Rua&#8217;"}]},{"@type":"WebSite","@id":"https:\/\/infocul.pt\/arquivo\/#website","url":"https:\/\/infocul.pt\/arquivo\/","name":"Infocul.pt - Arquivo Digital","description":"Arquivo digital da Infocul.pt","publisher":{"@id":"https:\/\/infocul.pt\/arquivo\/#organization"},"potentialAction":[{"@type":"SearchAction","target":{"@type":"EntryPoint","urlTemplate":"https:\/\/infocul.pt\/arquivo\/?s={search_term_string}"},"query-input":{"@type":"PropertyValueSpecification","valueRequired":true,"valueName":"search_term_string"}}],"inLanguage":"pt-PT"},{"@type":"Organization","@id":"https:\/\/infocul.pt\/arquivo\/#organization","name":"Infocul.pt","url":"https:\/\/infocul.pt\/arquivo\/","logo":{"@type":"ImageObject","inLanguage":"pt-PT","@id":"https:\/\/infocul.pt\/arquivo\/#\/schema\/logo\/image\/","url":"https:\/\/infocul.pt\/arquivo\/wp-content\/uploads\/2018\/12\/Infocul_logo-1.png","contentUrl":"https:\/\/infocul.pt\/arquivo\/wp-content\/uploads\/2018\/12\/Infocul_logo-1.png","width":800,"height":800,"caption":"Infocul.pt"},"image":{"@id":"https:\/\/infocul.pt\/arquivo\/#\/schema\/logo\/image\/"},"sameAs":["https:\/\/www.facebook.com\/Infocul-147816815585015\/","https:\/\/x.com\/Infoculpt","http:\/\/www.pictaram.com\/user\/infocul.pt\/2370423710","https:\/\/www.youtube.com\/channel\/UCYEB91AGI9FL9ek2i_IaQAA"]},{"@type":"Person","@id":"https:\/\/infocul.pt\/arquivo\/#\/schema\/person\/f243f45ae8d67639120a7586884f3abc","name":"Redac\u00e7\u00e3o","image":{"@type":"ImageObject","inLanguage":"pt-PT","@id":"https:\/\/secure.gravatar.com\/avatar\/151b1b76c598ab5e749407223bd6c1bad4e41c4e95de3c3df83540ebee2deaf8?s=96&d=mm&r=g","url":"https:\/\/secure.gravatar.com\/avatar\/151b1b76c598ab5e749407223bd6c1bad4e41c4e95de3c3df83540ebee2deaf8?s=96&d=mm&r=g","contentUrl":"https:\/\/secure.gravatar.com\/avatar\/151b1b76c598ab5e749407223bd6c1bad4e41c4e95de3c3df83540ebee2deaf8?s=96&d=mm&r=g","caption":"Redac\u00e7\u00e3o"}}]}},"_links":{"self":[{"href":"https:\/\/infocul.pt\/arquivo\/wp-json\/wp\/v2\/posts\/58901","targetHints":{"allow":["GET"]}}],"collection":[{"href":"https:\/\/infocul.pt\/arquivo\/wp-json\/wp\/v2\/posts"}],"about":[{"href":"https:\/\/infocul.pt\/arquivo\/wp-json\/wp\/v2\/types\/post"}],"author":[{"embeddable":true,"href":"https:\/\/infocul.pt\/arquivo\/wp-json\/wp\/v2\/users\/13"}],"replies":[{"embeddable":true,"href":"https:\/\/infocul.pt\/arquivo\/wp-json\/wp\/v2\/comments?post=58901"}],"version-history":[{"count":0,"href":"https:\/\/infocul.pt\/arquivo\/wp-json\/wp\/v2\/posts\/58901\/revisions"}],"wp:featuredmedia":[{"embeddable":true,"href":"https:\/\/infocul.pt\/arquivo\/wp-json\/wp\/v2\/media\/58902"}],"wp:attachment":[{"href":"https:\/\/infocul.pt\/arquivo\/wp-json\/wp\/v2\/media?parent=58901"}],"wp:term":[{"taxonomy":"category","embeddable":true,"href":"https:\/\/infocul.pt\/arquivo\/wp-json\/wp\/v2\/categories?post=58901"},{"taxonomy":"post_tag","embeddable":true,"href":"https:\/\/infocul.pt\/arquivo\/wp-json\/wp\/v2\/tags?post=58901"}],"curies":[{"name":"wp","href":"https:\/\/api.w.org\/{rel}","templated":true}]}}