{"id":59062,"date":"2019-08-28T00:00:50","date_gmt":"2019-08-27T23:00:50","guid":{"rendered":"https:\/\/infocul.pt\/?p=59062"},"modified":"2019-08-28T14:00:39","modified_gmt":"2019-08-28T13:00:39","slug":"editorial-chakall-psiquiatria-musica-e-patrimonios-de-portugal-ganham-destaque-no-infocul","status":"publish","type":"post","link":"https:\/\/infocul.pt\/arquivo\/destaque\/editorial-chakall-psiquiatria-musica-e-patrimonios-de-portugal-ganham-destaque-no-infocul\/","title":{"rendered":"Editorial. Chakall, Psiquiatria, M\u00fasica e Patrim\u00f3nios de Portugal ganham destaque no Infocul"},"content":{"rendered":"<p><img decoding=\"async\" class=\"aligncenter wp-image-59225 size-full lazyload\" data-src=\"https:\/\/infocul.pt\/arquivo\/wp-content\/uploads\/2019\/08\/Editorial.jpg\" alt=\"\" width=\"800\" height=\"445\" data-srcset=\"https:\/\/infocul.pt\/arquivo\/wp-content\/uploads\/2019\/08\/Editorial.jpg 800w, https:\/\/infocul.pt\/arquivo\/wp-content\/uploads\/2019\/08\/Editorial-300x167.jpg 300w, https:\/\/infocul.pt\/arquivo\/wp-content\/uploads\/2019\/08\/Editorial-768x427.jpg 768w\" data-sizes=\"(max-width: 800px) 100vw, 800px\" src=\"data:image\/svg+xml;base64,PHN2ZyB3aWR0aD0iMSIgaGVpZ2h0PSIxIiB4bWxucz0iaHR0cDovL3d3dy53My5vcmcvMjAwMC9zdmciPjwvc3ZnPg==\" style=\"--smush-placeholder-width: 800px; --smush-placeholder-aspect-ratio: 800\/445;\" \/><\/p>\n<p>&nbsp;<\/p>\n<p>&nbsp;<\/p>\n<p><span style=\"font-family: Liberation Serif, serif;\"><span style=\"font-size: medium;\"><span style=\"color: #1c1e21;\">A<\/span><span style=\"color: #1c1e21;\">gosto \u00e9 um m\u00eas quente, ao n\u00edvel da temperatura, e frio, ao n\u00edvel da cultura, excep\u00e7\u00e3o \u00e0 tauromaquia que tem aqui o seu m\u00eas de maior actividade.Em Setembro existir\u00e3o novos espa\u00e7os de opini\u00e3o e rubricas no Infocul, a cargo de Chakall, Rog\u00e9rio Vieira, Ana Esteves, Jos\u00e9 Vasco Pina Serrano e Rui Lavrador. Outras novidades ser\u00e3o anunciadas a seu tempo.<\/span><\/span><\/span><!--more--><\/p>\n<p><span style=\"font-family: Liberation Serif, serif;\"><span style=\"font-size: medium;\"><span style=\"color: #1c1e21;\">Ap\u00f3s intenso Junho e um moderado Julho, tomei por decis\u00e3o de que em Agosto <\/span><span style=\"color: #1c1e21;\">nos concentrar\u00edamos em perceber o que deveria ser mantido, alterado, melhorado ou at\u00e9 eliminado, mediante as condi\u00e7\u00f5es que, actualmente, temos.<\/span><\/span><\/span><\/p>\n<p><span style=\"font-family: Liberation Serif, serif;\"><span style=\"font-size: medium;\"><span style=\"color: #1c1e21;\">O Infocul.pt nunca quis ser apenas mais um \u00d3rg\u00e3o de Comunica\u00e7\u00e3o Social, prova disso \u00e9 que nunca abdic\u00e1mos de estar e dar a conhecer temas pol\u00e9micos, mesmo quando sab\u00edamos que ter\u00edamos mais a perder do que a ganhar. Porque os ideais que sustentam o Infocul s\u00e3o imensuravelmente superior ao pre\u00e7o da cr\u00edtica p\u00fablica e at\u00e9 de outros meios de comunica\u00e7\u00e3o.<\/span><\/span><\/span><\/p>\n<p><span style=\"font-family: Liberation Serif, serif;\"><span style=\"font-size: medium;\"><b><span style=\"color: #1c1e21;\">P<\/span><span style=\"color: #1c1e21;\">osto isto, temos novidades para Setembro.<\/span><\/b><\/span><\/span><\/p>\n<p><strong>&#8216;Chakalices&#8217;<\/strong> \u00e9 a rubrica bimestral da autoria do conceituado Chef <strong>Chakall<\/strong>. Nela tudo poder\u00e1 ser escrito, afinal de contas a imprevisibilidade e genialidade s\u00e3o duas das, muitas, qualidades deste Chef. A 22 de Setembro sair\u00e1 a primeira rubrica assinada por Chakall, no Infocul.<\/p>\n<p><span style=\"font-family: Liberation Serif, serif;\"><span style=\"font-size: medium;\"><span style=\"color: #1c1e21;\">Aos dias 5 e 20 de cada m\u00eas teremos a rubrica \u2018<\/span><span style=\"color: #1c1e21;\"><b>O Psiquiatra<\/b><\/span><span style=\"color: #1c1e21;\">\u2019, assinada pelo m\u00e9dico psiquiatra <\/span><span style=\"color: #1c1e21;\"><b>Rog\u00e9rio Vieira<\/b><\/span><span style=\"color: #1c1e21;\">. Nesta rubrica, o m\u00e9dico dar\u00e1 destaque a alguns dos temas de psiquiatria, e que afectam muitas pessoas, a cada dia 5. Os leitores podem enviar perguntas sobre esse tema e a dia 20, de cada m\u00eas, responderemos a 3, escolhidas de forma aleat\u00f3ria. Um esclarecimento adicional e personalizado sobre a tem\u00e1tica abordada, mas que n\u00e3o tem por objectivo nem fim ser \u2018uma consulta\u2019.<\/span><\/span><\/span><\/p>\n<p><span style=\"color: #1c1e21;\">\u2018<\/span><span style=\"font-family: Liberation Serif, serif;\"><span style=\"font-size: medium;\"><span style=\"color: #1c1e21;\"><b>Por Falar em M\u00fasica&#8230;<\/b><\/span><span style=\"color: #1c1e21;\">\u2019 ser\u00e1 a rubrica assinada por<\/span><span style=\"color: #1c1e21;\"><b> Ana Cristina Esteves<\/b><\/span><span style=\"color: #1c1e21;\">, professora de m\u00fasica,a dia 15 de cada <\/span><span style=\"color: #1c1e21;\">m\u00eas. Nesta<\/span><span style=\"color: #1c1e21;\"> rubrica temos por objectivo, principal, explicar e ensinar m\u00fasica aos nossos leitores. Para que quando assistam a um espect\u00e1culo possam mais rapidamente perceber o que est\u00e3o a ver e ouvir.<\/span><\/span><\/span><\/p>\n<p><span style=\"font-family: Liberation Serif, serif;\"><span style=\"font-size: medium;\"><span style=\"color: #1c1e21;\"><b>Jos\u00e9 Vasco Pina Serrano<\/b><\/span><span style=\"color: #1c1e21;\"> ser\u00e1 o respons\u00e1vel pela rubrica \u2018<\/span><span style=\"color: #1c1e21;\"><b>Patrim\u00f3nios de Portugal<\/b><\/span><span style=\"color: #1c1e21;\">\u2019, com periodicidade mensal, que dar\u00e1 a conhecer, pormenorizadamente, aspectos que, por certo, desconhece sobre o vasto e valioso patrim\u00f3nio nacional.<\/span><\/span><\/span><\/p>\n<p><span style=\"font-family: Liberation Serif, serif;\"><span style=\"font-size: medium;\"><span style=\"color: #1c1e21;\">A 7 de cada m\u00eas ser\u00e1 dia de \u2018<\/span><span style=\"color: #1c1e21;\"><b>Monda do Lavrador<\/b><\/span><span style=\"color: #1c1e21;\">\u2019, um espa\u00e7o de opini\u00e3o que assinarei e no qual abordarei os temas em destaque na actualidade, com um sentido \u2018corrosivo\u2019&#8230;mas divertido.<\/span><\/span><\/span><\/p>\n<p><span style=\"font-family: Liberation Serif, serif;\"><span style=\"font-size: medium;\"><span style=\"color: #1c1e21;\">A dia 8, de cada m\u00eas, manter-se-\u00e1 \u2018<\/span><span style=\"color: #1c1e21;\"><b>O Palco do Mundo<\/b><\/span><span style=\"color: #1c1e21;\">\u2019 por <\/span><span style=\"color: #1c1e21;\"><b>Duarte Nuno Vasconcellos<\/b><\/span><span style=\"color: #1c1e21;\">, como at\u00e9 aqui tem acontecido.<\/span><\/span><\/span><\/p>\n<p><span style=\"font-family: Liberation Serif, serif;\"><span style=\"font-size: medium;\"><span style=\"color: #1c1e21;\">Al\u00e9m do espa\u00e7o de opini\u00e3o, mais ou menos pol\u00e9mico, que cada um assinar\u00e1, continuaremos a entrevistar, reportar, fotografar e analisar, como at\u00e9 aqui o temos feito. Da m\u00fasica ao teatro, do turismo \u00e0 tauromaquia, do pa\u00eds real, do litoral ao interior.<\/span><\/span><\/span><\/p>\n<p><strong>Para Setembro existem ainda novidades por desvendar&#8230;<\/strong><\/p>\n<p><span style=\"font-family: Liberation Serif, serif;\"><span style=\"font-size: medium;\"><span style=\"color: #1c1e21;\">Bom regresso ao trabalho, para quem j\u00e1 usufruiu das suas f\u00e9rias, e boas f\u00e9rias, para quem ainda v\u00e1 usufruir.<\/span><\/span><\/span><\/p>\n","protected":false},"excerpt":{"rendered":"<p>&nbsp; &nbsp; Agosto \u00e9 um m\u00eas quente, ao n\u00edvel da temperatura, e frio, ao n\u00edvel da cultura, excep\u00e7\u00e3o \u00e0 tauromaquia que tem aqui o seu m\u00eas de maior actividade.Em Setembro existir\u00e3o novos espa\u00e7os de opini\u00e3o e rubricas no Infocul, a cargo de Chakall, Rog\u00e9rio Vieira, Ana Esteves, Jos\u00e9 Vasco Pina Serrano e Rui Lavrador. Outras [&hellip;]<\/p>\n","protected":false},"author":2,"featured_media":59225,"comment_status":"open","ping_status":"closed","sticky":false,"template":"","format":"standard","meta":{"footnotes":""},"categories":[36,17,4121],"tags":[],"class_list":["post-59062","post","type-post","status-publish","format-standard","has-post-thumbnail","hentry","category-destaque","category-editorial","category-opiniao"],"yoast_head":"<!-- This site is optimized with the Yoast SEO plugin v27.5 - https:\/\/yoast.com\/product\/yoast-seo-wordpress\/ -->\n<title>Editorial. Chakall, Psiquiatria, M\u00fasica e Patrim\u00f3nios de Portugal ganham destaque no Infocul | Infocul.pt - Arquivo Digital<\/title>\n<meta name=\"description\" content=\"Editorial. Chakall, Psiquiatria, M\u00fasica e Patrim\u00f3nios de Portugal ganham destaque no Infocul | Infocul.pt - Arquivo Digital\" \/>\n<meta name=\"robots\" content=\"noindex, follow, max-snippet:-1, max-image-preview:large, max-video-preview:-1\" \/>\n<meta property=\"og:locale\" content=\"pt_PT\" \/>\n<meta property=\"og:type\" content=\"article\" \/>\n<meta property=\"og:title\" content=\"Editorial. Chakall, Psiquiatria, M\u00fasica e Patrim\u00f3nios de Portugal ganham destaque no Infocul | Infocul.pt - Arquivo Digital\" \/>\n<meta property=\"og:description\" content=\"Editorial. Chakall, Psiquiatria, M\u00fasica e Patrim\u00f3nios de Portugal ganham destaque no Infocul | Infocul.pt - Arquivo Digital\" \/>\n<meta property=\"og:url\" content=\"https:\/\/infocul.pt\/arquivo\/destaque\/editorial-chakall-psiquiatria-musica-e-patrimonios-de-portugal-ganham-destaque-no-infocul\/\" \/>\n<meta property=\"og:site_name\" content=\"Infocul.pt - Arquivo Digital\" \/>\n<meta property=\"article:publisher\" content=\"https:\/\/www.facebook.com\/Infocul-147816815585015\/\" \/>\n<meta property=\"article:published_time\" content=\"2019-08-27T23:00:50+00:00\" \/>\n<meta property=\"article:modified_time\" content=\"2019-08-28T13:00:39+00:00\" \/>\n<meta property=\"og:image\" content=\"https:\/\/infocul.pt\/arquivo\/wp-content\/uploads\/2019\/08\/Editorial.jpg\" \/>\n\t<meta property=\"og:image:width\" content=\"800\" \/>\n\t<meta property=\"og:image:height\" content=\"445\" \/>\n\t<meta property=\"og:image:type\" content=\"image\/jpeg\" \/>\n<meta name=\"author\" content=\"Rui Lavrador\" \/>\n<meta name=\"twitter:card\" content=\"summary_large_image\" \/>\n<meta name=\"twitter:creator\" content=\"@Infoculpt\" \/>\n<meta name=\"twitter:site\" content=\"@Infoculpt\" \/>\n<meta name=\"twitter:label1\" content=\"Escrito por\" \/>\n\t<meta name=\"twitter:data1\" content=\"Rui Lavrador\" \/>\n\t<meta name=\"twitter:label2\" content=\"Tempo estimado de leitura\" \/>\n\t<meta name=\"twitter:data2\" content=\"3 minutos\" \/>\n<script type=\"application\/ld+json\" class=\"yoast-schema-graph\">{\"@context\":\"https:\\\/\\\/schema.org\",\"@graph\":[{\"@type\":\"Article\",\"@id\":\"https:\\\/\\\/infocul.pt\\\/arquivo\\\/destaque\\\/editorial-chakall-psiquiatria-musica-e-patrimonios-de-portugal-ganham-destaque-no-infocul\\\/#article\",\"isPartOf\":{\"@id\":\"https:\\\/\\\/infocul.pt\\\/arquivo\\\/destaque\\\/editorial-chakall-psiquiatria-musica-e-patrimonios-de-portugal-ganham-destaque-no-infocul\\\/\"},\"author\":{\"name\":\"Rui Lavrador\",\"@id\":\"https:\\\/\\\/infocul.pt\\\/arquivo\\\/#\\\/schema\\\/person\\\/060a108d7f2d85fc6aae505119ee5234\"},\"headline\":\"Editorial. Chakall, Psiquiatria, M\u00fasica e Patrim\u00f3nios de Portugal ganham destaque no Infocul\",\"datePublished\":\"2019-08-27T23:00:50+00:00\",\"dateModified\":\"2019-08-28T13:00:39+00:00\",\"mainEntityOfPage\":{\"@id\":\"https:\\\/\\\/infocul.pt\\\/arquivo\\\/destaque\\\/editorial-chakall-psiquiatria-musica-e-patrimonios-de-portugal-ganham-destaque-no-infocul\\\/\"},\"wordCount\":549,\"commentCount\":0,\"publisher\":{\"@id\":\"https:\\\/\\\/infocul.pt\\\/arquivo\\\/#organization\"},\"image\":{\"@id\":\"https:\\\/\\\/infocul.pt\\\/arquivo\\\/destaque\\\/editorial-chakall-psiquiatria-musica-e-patrimonios-de-portugal-ganham-destaque-no-infocul\\\/#primaryimage\"},\"thumbnailUrl\":\"https:\\\/\\\/infocul.pt\\\/arquivo\\\/wp-content\\\/uploads\\\/2019\\\/08\\\/Editorial.jpg\",\"articleSection\":[\"Destaque\",\"Editorial\",\"Opini\u00e3o\"],\"inLanguage\":\"pt-PT\"},{\"@type\":\"WebPage\",\"@id\":\"https:\\\/\\\/infocul.pt\\\/arquivo\\\/destaque\\\/editorial-chakall-psiquiatria-musica-e-patrimonios-de-portugal-ganham-destaque-no-infocul\\\/\",\"url\":\"https:\\\/\\\/infocul.pt\\\/arquivo\\\/destaque\\\/editorial-chakall-psiquiatria-musica-e-patrimonios-de-portugal-ganham-destaque-no-infocul\\\/\",\"name\":\"Editorial. Chakall, Psiquiatria, M\u00fasica e Patrim\u00f3nios de Portugal ganham destaque no Infocul | Infocul.pt - Arquivo Digital\",\"isPartOf\":{\"@id\":\"https:\\\/\\\/infocul.pt\\\/arquivo\\\/#website\"},\"primaryImageOfPage\":{\"@id\":\"https:\\\/\\\/infocul.pt\\\/arquivo\\\/destaque\\\/editorial-chakall-psiquiatria-musica-e-patrimonios-de-portugal-ganham-destaque-no-infocul\\\/#primaryimage\"},\"image\":{\"@id\":\"https:\\\/\\\/infocul.pt\\\/arquivo\\\/destaque\\\/editorial-chakall-psiquiatria-musica-e-patrimonios-de-portugal-ganham-destaque-no-infocul\\\/#primaryimage\"},\"thumbnailUrl\":\"https:\\\/\\\/infocul.pt\\\/arquivo\\\/wp-content\\\/uploads\\\/2019\\\/08\\\/Editorial.jpg\",\"datePublished\":\"2019-08-27T23:00:50+00:00\",\"dateModified\":\"2019-08-28T13:00:39+00:00\",\"description\":\"Editorial. Chakall, Psiquiatria, M\u00fasica e Patrim\u00f3nios de Portugal ganham destaque no Infocul | Infocul.pt - Arquivo Digital\",\"breadcrumb\":{\"@id\":\"https:\\\/\\\/infocul.pt\\\/arquivo\\\/destaque\\\/editorial-chakall-psiquiatria-musica-e-patrimonios-de-portugal-ganham-destaque-no-infocul\\\/#breadcrumb\"},\"inLanguage\":\"pt-PT\",\"potentialAction\":[{\"@type\":\"ReadAction\",\"target\":[\"https:\\\/\\\/infocul.pt\\\/arquivo\\\/destaque\\\/editorial-chakall-psiquiatria-musica-e-patrimonios-de-portugal-ganham-destaque-no-infocul\\\/\"]}]},{\"@type\":\"ImageObject\",\"inLanguage\":\"pt-PT\",\"@id\":\"https:\\\/\\\/infocul.pt\\\/arquivo\\\/destaque\\\/editorial-chakall-psiquiatria-musica-e-patrimonios-de-portugal-ganham-destaque-no-infocul\\\/#primaryimage\",\"url\":\"https:\\\/\\\/infocul.pt\\\/arquivo\\\/wp-content\\\/uploads\\\/2019\\\/08\\\/Editorial.jpg\",\"contentUrl\":\"https:\\\/\\\/infocul.pt\\\/arquivo\\\/wp-content\\\/uploads\\\/2019\\\/08\\\/Editorial.jpg\",\"width\":800,\"height\":445},{\"@type\":\"BreadcrumbList\",\"@id\":\"https:\\\/\\\/infocul.pt\\\/arquivo\\\/destaque\\\/editorial-chakall-psiquiatria-musica-e-patrimonios-de-portugal-ganham-destaque-no-infocul\\\/#breadcrumb\",\"itemListElement\":[{\"@type\":\"ListItem\",\"position\":1,\"name\":\"Home\",\"item\":\"https:\\\/\\\/infocul.pt\\\/arquivo\\\/\"},{\"@type\":\"ListItem\",\"position\":2,\"name\":\"Editorial. Chakall, Psiquiatria, M\u00fasica e Patrim\u00f3nios de Portugal ganham destaque no Infocul\"}]},{\"@type\":\"WebSite\",\"@id\":\"https:\\\/\\\/infocul.pt\\\/arquivo\\\/#website\",\"url\":\"https:\\\/\\\/infocul.pt\\\/arquivo\\\/\",\"name\":\"Infocul.pt - Arquivo Digital\",\"description\":\"Arquivo digital da Infocul.pt\",\"publisher\":{\"@id\":\"https:\\\/\\\/infocul.pt\\\/arquivo\\\/#organization\"},\"potentialAction\":[{\"@type\":\"SearchAction\",\"target\":{\"@type\":\"EntryPoint\",\"urlTemplate\":\"https:\\\/\\\/infocul.pt\\\/arquivo\\\/?s={search_term_string}\"},\"query-input\":{\"@type\":\"PropertyValueSpecification\",\"valueRequired\":true,\"valueName\":\"search_term_string\"}}],\"inLanguage\":\"pt-PT\"},{\"@type\":\"Organization\",\"@id\":\"https:\\\/\\\/infocul.pt\\\/arquivo\\\/#organization\",\"name\":\"Infocul.pt\",\"url\":\"https:\\\/\\\/infocul.pt\\\/arquivo\\\/\",\"logo\":{\"@type\":\"ImageObject\",\"inLanguage\":\"pt-PT\",\"@id\":\"https:\\\/\\\/infocul.pt\\\/arquivo\\\/#\\\/schema\\\/logo\\\/image\\\/\",\"url\":\"https:\\\/\\\/infocul.pt\\\/arquivo\\\/wp-content\\\/uploads\\\/2018\\\/12\\\/Infocul_logo-1.png\",\"contentUrl\":\"https:\\\/\\\/infocul.pt\\\/arquivo\\\/wp-content\\\/uploads\\\/2018\\\/12\\\/Infocul_logo-1.png\",\"width\":800,\"height\":800,\"caption\":\"Infocul.pt\"},\"image\":{\"@id\":\"https:\\\/\\\/infocul.pt\\\/arquivo\\\/#\\\/schema\\\/logo\\\/image\\\/\"},\"sameAs\":[\"https:\\\/\\\/www.facebook.com\\\/Infocul-147816815585015\\\/\",\"https:\\\/\\\/x.com\\\/Infoculpt\",\"http:\\\/\\\/www.pictaram.com\\\/user\\\/infocul.pt\\\/2370423710\",\"https:\\\/\\\/www.youtube.com\\\/channel\\\/UCYEB91AGI9FL9ek2i_IaQAA\"]},{\"@type\":\"Person\",\"@id\":\"https:\\\/\\\/infocul.pt\\\/arquivo\\\/#\\\/schema\\\/person\\\/060a108d7f2d85fc6aae505119ee5234\",\"name\":\"Rui Lavrador\",\"image\":{\"@type\":\"ImageObject\",\"inLanguage\":\"pt-PT\",\"@id\":\"https:\\\/\\\/secure.gravatar.com\\\/avatar\\\/93febd6873394aa8e975148548a0cb203acfdd42d2c85c5f1408e1a76678aece?s=96&d=mm&r=g\",\"url\":\"https:\\\/\\\/secure.gravatar.com\\\/avatar\\\/93febd6873394aa8e975148548a0cb203acfdd42d2c85c5f1408e1a76678aece?s=96&d=mm&r=g\",\"contentUrl\":\"https:\\\/\\\/secure.gravatar.com\\\/avatar\\\/93febd6873394aa8e975148548a0cb203acfdd42d2c85c5f1408e1a76678aece?s=96&d=mm&r=g\",\"caption\":\"Rui Lavrador\"},\"description\":\"Iniciou em 2011 o seu percurso em comunica\u00e7\u00e3o social, tendo integrado v\u00e1rios projectos editoriais. Durante o seu percurso integrou projectos como Jornal Hardm\u00fasica, LusoNot\u00edcias, Toureio.pt, ODigital.pt, entre outros \u00d3rg\u00e3os de Comunica\u00e7\u00e3o Social nacionais, na redac\u00e7\u00e3o de v\u00e1rios artigos. Entrevistou a grande maioria das personalidades mais importantes da vida social e cultural do pa\u00eds, destacando-se, tamb\u00e9m, na aprecia\u00e7\u00e3o de v\u00e1rios espect\u00e1culos. Durante o seu percurso, deu a conhecer v\u00e1rios artistas, at\u00e9 ent\u00e3o desconhecidos, ao grande p\u00fablico. Em 2015 criou e fundou o Infocul.pt, projecto no qual assume a direc\u00e7\u00e3o editorial.\",\"sameAs\":[\"http:\\\/\\\/www.infocul.pt\"]}]}<\/script>\n<!-- \/ Yoast SEO plugin. -->","yoast_head_json":{"title":"Editorial. Chakall, Psiquiatria, M\u00fasica e Patrim\u00f3nios de Portugal ganham destaque no Infocul | Infocul.pt - Arquivo Digital","description":"Editorial. Chakall, Psiquiatria, M\u00fasica e Patrim\u00f3nios de Portugal ganham destaque no Infocul | Infocul.pt - Arquivo Digital","robots":{"index":"noindex","follow":"follow","max-snippet":"max-snippet:-1","max-image-preview":"max-image-preview:large","max-video-preview":"max-video-preview:-1"},"og_locale":"pt_PT","og_type":"article","og_title":"Editorial. Chakall, Psiquiatria, M\u00fasica e Patrim\u00f3nios de Portugal ganham destaque no Infocul | Infocul.pt - Arquivo Digital","og_description":"Editorial. Chakall, Psiquiatria, M\u00fasica e Patrim\u00f3nios de Portugal ganham destaque no Infocul | Infocul.pt - Arquivo Digital","og_url":"https:\/\/infocul.pt\/arquivo\/destaque\/editorial-chakall-psiquiatria-musica-e-patrimonios-de-portugal-ganham-destaque-no-infocul\/","og_site_name":"Infocul.pt - Arquivo Digital","article_publisher":"https:\/\/www.facebook.com\/Infocul-147816815585015\/","article_published_time":"2019-08-27T23:00:50+00:00","article_modified_time":"2019-08-28T13:00:39+00:00","og_image":[{"width":800,"height":445,"url":"https:\/\/infocul.pt\/arquivo\/wp-content\/uploads\/2019\/08\/Editorial.jpg","type":"image\/jpeg"}],"author":"Rui Lavrador","twitter_card":"summary_large_image","twitter_creator":"@Infoculpt","twitter_site":"@Infoculpt","twitter_misc":{"Escrito por":"Rui Lavrador","Tempo estimado de leitura":"3 minutos"},"schema":{"@context":"https:\/\/schema.org","@graph":[{"@type":"Article","@id":"https:\/\/infocul.pt\/arquivo\/destaque\/editorial-chakall-psiquiatria-musica-e-patrimonios-de-portugal-ganham-destaque-no-infocul\/#article","isPartOf":{"@id":"https:\/\/infocul.pt\/arquivo\/destaque\/editorial-chakall-psiquiatria-musica-e-patrimonios-de-portugal-ganham-destaque-no-infocul\/"},"author":{"name":"Rui Lavrador","@id":"https:\/\/infocul.pt\/arquivo\/#\/schema\/person\/060a108d7f2d85fc6aae505119ee5234"},"headline":"Editorial. Chakall, Psiquiatria, M\u00fasica e Patrim\u00f3nios de Portugal ganham destaque no Infocul","datePublished":"2019-08-27T23:00:50+00:00","dateModified":"2019-08-28T13:00:39+00:00","mainEntityOfPage":{"@id":"https:\/\/infocul.pt\/arquivo\/destaque\/editorial-chakall-psiquiatria-musica-e-patrimonios-de-portugal-ganham-destaque-no-infocul\/"},"wordCount":549,"commentCount":0,"publisher":{"@id":"https:\/\/infocul.pt\/arquivo\/#organization"},"image":{"@id":"https:\/\/infocul.pt\/arquivo\/destaque\/editorial-chakall-psiquiatria-musica-e-patrimonios-de-portugal-ganham-destaque-no-infocul\/#primaryimage"},"thumbnailUrl":"https:\/\/infocul.pt\/arquivo\/wp-content\/uploads\/2019\/08\/Editorial.jpg","articleSection":["Destaque","Editorial","Opini\u00e3o"],"inLanguage":"pt-PT"},{"@type":"WebPage","@id":"https:\/\/infocul.pt\/arquivo\/destaque\/editorial-chakall-psiquiatria-musica-e-patrimonios-de-portugal-ganham-destaque-no-infocul\/","url":"https:\/\/infocul.pt\/arquivo\/destaque\/editorial-chakall-psiquiatria-musica-e-patrimonios-de-portugal-ganham-destaque-no-infocul\/","name":"Editorial. Chakall, Psiquiatria, M\u00fasica e Patrim\u00f3nios de Portugal ganham destaque no Infocul | Infocul.pt - Arquivo Digital","isPartOf":{"@id":"https:\/\/infocul.pt\/arquivo\/#website"},"primaryImageOfPage":{"@id":"https:\/\/infocul.pt\/arquivo\/destaque\/editorial-chakall-psiquiatria-musica-e-patrimonios-de-portugal-ganham-destaque-no-infocul\/#primaryimage"},"image":{"@id":"https:\/\/infocul.pt\/arquivo\/destaque\/editorial-chakall-psiquiatria-musica-e-patrimonios-de-portugal-ganham-destaque-no-infocul\/#primaryimage"},"thumbnailUrl":"https:\/\/infocul.pt\/arquivo\/wp-content\/uploads\/2019\/08\/Editorial.jpg","datePublished":"2019-08-27T23:00:50+00:00","dateModified":"2019-08-28T13:00:39+00:00","description":"Editorial. Chakall, Psiquiatria, M\u00fasica e Patrim\u00f3nios de Portugal ganham destaque no Infocul | Infocul.pt - Arquivo Digital","breadcrumb":{"@id":"https:\/\/infocul.pt\/arquivo\/destaque\/editorial-chakall-psiquiatria-musica-e-patrimonios-de-portugal-ganham-destaque-no-infocul\/#breadcrumb"},"inLanguage":"pt-PT","potentialAction":[{"@type":"ReadAction","target":["https:\/\/infocul.pt\/arquivo\/destaque\/editorial-chakall-psiquiatria-musica-e-patrimonios-de-portugal-ganham-destaque-no-infocul\/"]}]},{"@type":"ImageObject","inLanguage":"pt-PT","@id":"https:\/\/infocul.pt\/arquivo\/destaque\/editorial-chakall-psiquiatria-musica-e-patrimonios-de-portugal-ganham-destaque-no-infocul\/#primaryimage","url":"https:\/\/infocul.pt\/arquivo\/wp-content\/uploads\/2019\/08\/Editorial.jpg","contentUrl":"https:\/\/infocul.pt\/arquivo\/wp-content\/uploads\/2019\/08\/Editorial.jpg","width":800,"height":445},{"@type":"BreadcrumbList","@id":"https:\/\/infocul.pt\/arquivo\/destaque\/editorial-chakall-psiquiatria-musica-e-patrimonios-de-portugal-ganham-destaque-no-infocul\/#breadcrumb","itemListElement":[{"@type":"ListItem","position":1,"name":"Home","item":"https:\/\/infocul.pt\/arquivo\/"},{"@type":"ListItem","position":2,"name":"Editorial. Chakall, Psiquiatria, M\u00fasica e Patrim\u00f3nios de Portugal ganham destaque no Infocul"}]},{"@type":"WebSite","@id":"https:\/\/infocul.pt\/arquivo\/#website","url":"https:\/\/infocul.pt\/arquivo\/","name":"Infocul.pt - Arquivo Digital","description":"Arquivo digital da Infocul.pt","publisher":{"@id":"https:\/\/infocul.pt\/arquivo\/#organization"},"potentialAction":[{"@type":"SearchAction","target":{"@type":"EntryPoint","urlTemplate":"https:\/\/infocul.pt\/arquivo\/?s={search_term_string}"},"query-input":{"@type":"PropertyValueSpecification","valueRequired":true,"valueName":"search_term_string"}}],"inLanguage":"pt-PT"},{"@type":"Organization","@id":"https:\/\/infocul.pt\/arquivo\/#organization","name":"Infocul.pt","url":"https:\/\/infocul.pt\/arquivo\/","logo":{"@type":"ImageObject","inLanguage":"pt-PT","@id":"https:\/\/infocul.pt\/arquivo\/#\/schema\/logo\/image\/","url":"https:\/\/infocul.pt\/arquivo\/wp-content\/uploads\/2018\/12\/Infocul_logo-1.png","contentUrl":"https:\/\/infocul.pt\/arquivo\/wp-content\/uploads\/2018\/12\/Infocul_logo-1.png","width":800,"height":800,"caption":"Infocul.pt"},"image":{"@id":"https:\/\/infocul.pt\/arquivo\/#\/schema\/logo\/image\/"},"sameAs":["https:\/\/www.facebook.com\/Infocul-147816815585015\/","https:\/\/x.com\/Infoculpt","http:\/\/www.pictaram.com\/user\/infocul.pt\/2370423710","https:\/\/www.youtube.com\/channel\/UCYEB91AGI9FL9ek2i_IaQAA"]},{"@type":"Person","@id":"https:\/\/infocul.pt\/arquivo\/#\/schema\/person\/060a108d7f2d85fc6aae505119ee5234","name":"Rui Lavrador","image":{"@type":"ImageObject","inLanguage":"pt-PT","@id":"https:\/\/secure.gravatar.com\/avatar\/93febd6873394aa8e975148548a0cb203acfdd42d2c85c5f1408e1a76678aece?s=96&d=mm&r=g","url":"https:\/\/secure.gravatar.com\/avatar\/93febd6873394aa8e975148548a0cb203acfdd42d2c85c5f1408e1a76678aece?s=96&d=mm&r=g","contentUrl":"https:\/\/secure.gravatar.com\/avatar\/93febd6873394aa8e975148548a0cb203acfdd42d2c85c5f1408e1a76678aece?s=96&d=mm&r=g","caption":"Rui Lavrador"},"description":"Iniciou em 2011 o seu percurso em comunica\u00e7\u00e3o social, tendo integrado v\u00e1rios projectos editoriais. Durante o seu percurso integrou projectos como Jornal Hardm\u00fasica, LusoNot\u00edcias, Toureio.pt, ODigital.pt, entre outros \u00d3rg\u00e3os de Comunica\u00e7\u00e3o Social nacionais, na redac\u00e7\u00e3o de v\u00e1rios artigos. Entrevistou a grande maioria das personalidades mais importantes da vida social e cultural do pa\u00eds, destacando-se, tamb\u00e9m, na aprecia\u00e7\u00e3o de v\u00e1rios espect\u00e1culos. Durante o seu percurso, deu a conhecer v\u00e1rios artistas, at\u00e9 ent\u00e3o desconhecidos, ao grande p\u00fablico. Em 2015 criou e fundou o Infocul.pt, projecto no qual assume a direc\u00e7\u00e3o editorial.","sameAs":["http:\/\/www.infocul.pt"]}]}},"_links":{"self":[{"href":"https:\/\/infocul.pt\/arquivo\/wp-json\/wp\/v2\/posts\/59062","targetHints":{"allow":["GET"]}}],"collection":[{"href":"https:\/\/infocul.pt\/arquivo\/wp-json\/wp\/v2\/posts"}],"about":[{"href":"https:\/\/infocul.pt\/arquivo\/wp-json\/wp\/v2\/types\/post"}],"author":[{"embeddable":true,"href":"https:\/\/infocul.pt\/arquivo\/wp-json\/wp\/v2\/users\/2"}],"replies":[{"embeddable":true,"href":"https:\/\/infocul.pt\/arquivo\/wp-json\/wp\/v2\/comments?post=59062"}],"version-history":[{"count":0,"href":"https:\/\/infocul.pt\/arquivo\/wp-json\/wp\/v2\/posts\/59062\/revisions"}],"wp:featuredmedia":[{"embeddable":true,"href":"https:\/\/infocul.pt\/arquivo\/wp-json\/wp\/v2\/media\/59225"}],"wp:attachment":[{"href":"https:\/\/infocul.pt\/arquivo\/wp-json\/wp\/v2\/media?parent=59062"}],"wp:term":[{"taxonomy":"category","embeddable":true,"href":"https:\/\/infocul.pt\/arquivo\/wp-json\/wp\/v2\/categories?post=59062"},{"taxonomy":"post_tag","embeddable":true,"href":"https:\/\/infocul.pt\/arquivo\/wp-json\/wp\/v2\/tags?post=59062"}],"curies":[{"name":"wp","href":"https:\/\/api.w.org\/{rel}","templated":true}]}}