{"id":59075,"date":"2019-09-03T00:00:06","date_gmt":"2019-09-02T23:00:06","guid":{"rendered":"https:\/\/infocul.pt\/?p=59075"},"modified":"2019-08-23T10:56:54","modified_gmt":"2019-08-23T09:56:54","slug":"daniel-seabra-como-me-encontrava-sem-objectivos-a-escrita-preenchia-as-horas-mortas-e-servia-como-uma-especie-de-intervalo-do-tedio","status":"publish","type":"post","link":"https:\/\/infocul.pt\/arquivo\/cultura\/daniel-seabra-como-me-encontrava-sem-objectivos-a-escrita-preenchia-as-horas-mortas-e-servia-como-uma-especie-de-intervalo-do-tedio\/","title":{"rendered":"Daniel Seabra: \u201c Como me encontrava sem objectivos, a escrita preenchia as horas mortas e servia como uma esp\u00e9cie de intervalo do t\u00e9dio\u201d"},"content":{"rendered":"<p><img decoding=\"async\" class=\"aligncenter wp-image-59076 size-large lazyload\" data-src=\"https:\/\/infocul.pt\/arquivo\/wp-content\/uploads\/2019\/08\/ramifica\u00e7\u00f5es-da-alma-697x1024.jpg\" alt=\"\" width=\"697\" height=\"1024\" data-srcset=\"https:\/\/infocul.pt\/arquivo\/wp-content\/uploads\/2019\/08\/ramifica\u00e7\u00f5es-da-alma-697x1024.jpg 697w, https:\/\/infocul.pt\/arquivo\/wp-content\/uploads\/2019\/08\/ramifica\u00e7\u00f5es-da-alma-204x300.jpg 204w, https:\/\/infocul.pt\/arquivo\/wp-content\/uploads\/2019\/08\/ramifica\u00e7\u00f5es-da-alma-768x1129.jpg 768w, https:\/\/infocul.pt\/arquivo\/wp-content\/uploads\/2019\/08\/ramifica\u00e7\u00f5es-da-alma.jpg 1278w\" data-sizes=\"(max-width: 697px) 100vw, 697px\" src=\"data:image\/svg+xml;base64,PHN2ZyB3aWR0aD0iMSIgaGVpZ2h0PSIxIiB4bWxucz0iaHR0cDovL3d3dy53My5vcmcvMjAwMC9zdmciPjwvc3ZnPg==\" style=\"--smush-placeholder-width: 697px; --smush-placeholder-aspect-ratio: 697\/1024;\" \/><\/p>\n<p>\u2018Ramifica\u00e7\u00f5es da Alma\u2019 \u00e9 o livro de<a href=\"https:\/\/www.facebook.com\/daniel.seabra.16?__tn__=%2CdK-R-R&amp;eid=ARAGR5Fm1AbmiRrRyh4ZICTbbjKUAk8YNEe13SV1Qiun3Shmqy1wzt4iy-Xo_USm3RqHOWgdihUwRJfL&amp;fref=mentions\" target=\"_blank\" rel=\"noopener noreferrer\"> Daniel Seabra<\/a>, no qual o jovem, de 24 anos, apresenta a sua arte em formato po\u00e9tico. Conta com pref\u00e1cio de Jo\u00e3o Tempera.<!--more--><\/p>\n<p>Neste livro, Daniel Seabra demonstra, que independentemente das limita\u00e7\u00f5es f\u00edsicas de cada um, todos somos emo\u00e7\u00e3o. E a forma como canalizamos as diferentes emo\u00e7\u00f5es demonstra muito do que somos e do que pretendemos ser.<\/p>\n<h3 style=\"text-align: center;\"><span style=\"color: #0000ff;\"><strong>&#8220;Tinha inclusive de ir de fralda para a universidade. Ap\u00f3s ter conclu\u00eddo o primeiro ano e metade do segundo, desisti&#8221;<\/strong><\/span><em><strong>. <\/strong><\/em><\/h3>\n<p><em>Quando nasceu este gosto pela escrita?<\/em><\/p>\n<p><em><strong>O meu gosto pela escrita surgiu em 2006, com 11 anos, quando me foi dada a oportunidade de ter uma rubrica semanal de poesia, no jornal da escola D. Miguel de Almeida, em Abrantes. Eu usava, talvez por vergonha, o pseud\u00f3nimo Darkness Shade, e apenas meia d\u00fazia de amigos mais chegados sabiam que os poemas eram da minha autoria.\u00a0Hoje, passados 13 anos, adorava saber que tipo de poesia escrevia uma crian\u00e7a de 11 anos, mas perdi todos os registos.<\/strong><\/em><\/p>\n<p><em>A escrita \u00e9 uma terapia que usa para a sua alma?<\/em><\/p>\n<p><em><strong>A escrita surgiu de novo na minha vida em 2017. Tinha acabado de deixar o polit\u00e9cnico de Abrantes, onde estudava comunica\u00e7\u00e3o social, por n\u00e3o ter o apoio de uma funcion\u00e1ria que me ajudasse com as refei\u00e7\u00f5es, as idas a casa de banho, etc\u2026 Tinha inclusive de ir de fralda para a universidade. Ap\u00f3s ter conclu\u00eddo o primeiro ano e metade do segundo, desisti. Como me encontrava sem objectivos, a escrita preenchia as horas mortas e servia como uma esp\u00e9cie de intervalo do t\u00e9dio.<\/strong><\/em><\/p>\n<p><em>A limita\u00e7\u00e3o motora influencia ou n\u00e3o aquilo que escreve?<\/em><\/p>\n<p><em><strong>Essa quest\u00e3o \u00e9 me muito complicada de responder. Enquanto estudante, nunca senti qualquer tipo de tratamento diferente, tanto da parte dos colegas como dos professores.\u00a0\u00c0 medida que fui crescendo e me fui tornando o adulto, percebi que o mundo dos &#8220;grandes&#8221; ainda n\u00e3o aceita bem tudo o que foge do padr\u00e3o de normalidade. Seja a n\u00edvel das oportunidades de trabalho, at\u00e9 \u00e0s coisas banais, como a falta de acessos. Acho que de uma forma ou de outra, isso tem peso na minha escrita.<\/strong><\/em><\/p>\n<p>&nbsp;<\/p>\n<h3 style=\"text-align: center;\"><span style=\"color: #0000ff;\"><strong>&#8220;Ter um filho saud\u00e1vel aos 19 anos j\u00e1 assusta, quanto mais ter um com os meus problemas de sa\u00fade&#8221;<\/strong><\/span><\/h3>\n<p><em>\u2018Ramifica\u00e7\u00f5es da Alma\u2019 \u00e9 um livro biogr\u00e1fico ou tem nele influ\u00eancias de situa\u00e7\u00f5es que conhece ou presencia em outros?<\/em><\/p>\n<p><em><strong>Embora conhe\u00e7a grades hist\u00f3ria de supera\u00e7\u00e3o, em tudo semelhantes a minha, este livro \u00e9 acima de tudo biogr\u00e1fico.<\/strong><\/em><\/p>\n<p><em>Quanto tempo demorou a escrever todos estes poemas? Ou foi escrevendo ao longo do tempo?<\/em><\/p>\n<p><strong><em>Este livro foi iniciado em Setembro de 2018 e conclu\u00eddo em Julho de 2019<\/em><\/strong>.<\/p>\n<p><em>Qual o poema mais emotivo que tem aqui? E porqu\u00ea?<\/em><\/p>\n<p><em><strong>O poema mais emotivo que at\u00e9 hoje escrevi \u00e9 sem duvida aquele que dedico \u00e0 minha m\u00e3e, Ter um filho saud\u00e1vel aos 19 anos j\u00e1 assusta, quanto mais ter um com os meus problemas de sa\u00fade.\u00a0A minha m\u00e3e separou-se quando em tinha 6 anos e a minha irm\u00e3 2. Nunca mais vimos o nosso pai. A nossa m\u00e3e tem sido m\u00e3e e pai de dois filhos. Acho que \u00e9 necess\u00e1ria uma for\u00e7a e um amor incr\u00edvel para que isso seja feito t\u00e3o bem, como a minha m\u00e3e o faz.<\/strong><\/em><\/p>\n<p><em>Qual a principal mensagem deste livro?<\/em><\/p>\n<p><em><strong>Acho que cabe a quem o l\u00ea interpret\u00e1-lo. N\u00e3o v\u00e3o haver, com certeza duas pessoas que retiram dele a mesma mensagem. Eu s\u00f3 queria deixar algo que diga que passei por c\u00e1, Algo que, um dia mais tarde fa\u00e7a as pessoas dizer: &#8220;Ep\u00e1, este gajo dizia umas coisas de jeito&#8221;.<\/strong><\/em><\/p>\n<p><em>\u00c9 uma pessoa triste e melanc\u00f3lica?<\/em><\/p>\n<p><strong><em>Quem me conhece, sabe que sou uma pessoa feliz e de bem com a vida.\u00a0<\/em><em>Apenas uso o meu lado mais triste e emotivo na escrita, pois \u00e9 me mais f\u00e1cil escrever sobre esses temas.<\/em><\/strong><\/p>\n<p><em>Quem \u00e9 o Daniel Seabra e o que o move?<\/em><\/p>\n<p><em><strong>Aos 24 anos, ainda estou a descobrir quem sou e qual \u00e9 o meu papel aqui. O que me move \u00e9 a vontade de fazer da escrita vida.<\/strong><\/em><\/p>\n<p><em>Tem alguma refer\u00eancia na escrita e que o inspire?<\/em><\/p>\n<p><em><strong>A minha grande refer\u00eancia na poesia \u00e9 Fernando Pessoa. Sou tamb\u00e9m grande f\u00e3 de Florbela Espanca e Daniel Faria.<\/strong><\/em><\/p>\n<p><em>O Amor cura?<\/em><\/p>\n<p><em><strong>O amor dos meus amigos e familiares cura, com certeza. Se me fala do amor em termos de paix\u00e3o, n\u00e3o sei, pois nunca tive uma namorada.<\/strong><\/em><\/p>\n<p><em>Na sinopse, e sobre o livro, diz \u201cn\u00e3o o enchais de l\u00e1grimas, pois, disso, j\u00e1 est\u00e1 cheio\u201d. Chora para se libertar ou chora de dor?<\/em><\/p>\n<p><strong><em>Acho que todos n\u00f3s na vida, em algum momento, j\u00e1 sofremos de algum tipo de dor. Basta canaliz\u00e1-la para o s\u00edtio ou para o motivo certo e podemos construir grandes coisas.<\/em><\/strong><\/p>\n<p><em>Onde podem as pessoas acompanhar o seu trabalho?<\/em><\/p>\n<p><em><strong>Neste momento, ainda n\u00e3o h\u00e1 muita gente que possa acompanhar o meu trabalho.\u00a0Posto de vez em quando, alguns poemas e textos em prosa na minha p\u00e1gina de Facebook.<\/strong><\/em><\/p>\n<p><em>E onde podem adquirir o livro?<\/em><\/p>\n<p><strong><em>Neste momento, o livro apenas se encontra a venda no site da Bubok, onde est\u00e1 dispon\u00edvel em formato f\u00edsico e digital .<\/em><\/strong><\/p>\n<p><em>Qual a mensagem que deixa aos nossos leitores?<\/em><\/p>\n<p><strong><em>Se h\u00e1 uma mensagem que posso deixar \u00e9 que nunca desistam dos vossos objectivos e sonhos, por mais imposs\u00edveis que eles possam parecer.<\/em><\/strong><\/p>\n","protected":false},"excerpt":{"rendered":"<p>\u2018Ramifica\u00e7\u00f5es da Alma\u2019 \u00e9 o livro de Daniel Seabra, no qual o jovem, de 24 anos, apresenta a sua arte em formato po\u00e9tico. Conta com pref\u00e1cio de Jo\u00e3o Tempera.<\/p>\n","protected":false},"author":2,"featured_media":59076,"comment_status":"open","ping_status":"closed","sticky":false,"template":"","format":"standard","meta":{"footnotes":""},"categories":[2,36,4124,8],"tags":[7551],"class_list":["post-59075","post","type-post","status-publish","format-standard","has-post-thumbnail","hentry","category-cultura","category-destaque","category-entrevistas","category-livros","tag-daniel-seabra"],"yoast_head":"<!-- This site is optimized with the Yoast SEO plugin v27.5 - https:\/\/yoast.com\/product\/yoast-seo-wordpress\/ -->\n<title>Daniel Seabra: \u201c Como me encontrava sem objectivos, a escrita preenchia as horas mortas e servia como uma esp\u00e9cie de intervalo do t\u00e9dio\u201d | Infocul.pt - Arquivo Digital<\/title>\n<meta name=\"description\" content=\"Daniel Seabra: \u201c Como me encontrava sem objectivos, a escrita preenchia as horas mortas e servia como uma esp\u00e9cie de intervalo do t\u00e9dio\u201d | Infocul.pt - Arquivo Digital\" \/>\n<meta name=\"robots\" content=\"noindex, follow, max-snippet:-1, max-image-preview:large, max-video-preview:-1\" \/>\n<meta property=\"og:locale\" content=\"pt_PT\" \/>\n<meta property=\"og:type\" content=\"article\" \/>\n<meta property=\"og:title\" content=\"Daniel Seabra: \u201c Como me encontrava sem objectivos, a escrita preenchia as horas mortas e servia como uma esp\u00e9cie de intervalo do t\u00e9dio\u201d | Infocul.pt - Arquivo Digital\" \/>\n<meta property=\"og:description\" content=\"Daniel Seabra: \u201c Como me encontrava sem objectivos, a escrita preenchia as horas mortas e servia como uma esp\u00e9cie de intervalo do t\u00e9dio\u201d | Infocul.pt - Arquivo Digital\" \/>\n<meta property=\"og:url\" content=\"https:\/\/infocul.pt\/arquivo\/cultura\/daniel-seabra-como-me-encontrava-sem-objectivos-a-escrita-preenchia-as-horas-mortas-e-servia-como-uma-especie-de-intervalo-do-tedio\/\" \/>\n<meta property=\"og:site_name\" content=\"Infocul.pt - Arquivo Digital\" \/>\n<meta property=\"article:publisher\" content=\"https:\/\/www.facebook.com\/Infocul-147816815585015\/\" \/>\n<meta property=\"article:published_time\" content=\"2019-09-02T23:00:06+00:00\" \/>\n<meta property=\"og:image\" content=\"https:\/\/infocul.pt\/arquivo\/wp-content\/uploads\/2019\/08\/ramifica\u00e7\u00f5es-da-alma.jpg\" \/>\n\t<meta property=\"og:image:width\" content=\"1278\" \/>\n\t<meta property=\"og:image:height\" content=\"1878\" \/>\n\t<meta property=\"og:image:type\" content=\"image\/jpeg\" \/>\n<meta name=\"author\" content=\"Rui Lavrador\" \/>\n<meta name=\"twitter:card\" content=\"summary_large_image\" \/>\n<meta name=\"twitter:creator\" content=\"@Infoculpt\" \/>\n<meta name=\"twitter:site\" content=\"@Infoculpt\" \/>\n<meta name=\"twitter:label1\" content=\"Escrito por\" \/>\n\t<meta name=\"twitter:data1\" content=\"Rui Lavrador\" \/>\n\t<meta name=\"twitter:label2\" content=\"Tempo estimado de leitura\" \/>\n\t<meta name=\"twitter:data2\" content=\"5 minutos\" \/>\n<script type=\"application\/ld+json\" class=\"yoast-schema-graph\">{\"@context\":\"https:\\\/\\\/schema.org\",\"@graph\":[{\"@type\":\"Article\",\"@id\":\"https:\\\/\\\/infocul.pt\\\/arquivo\\\/cultura\\\/daniel-seabra-como-me-encontrava-sem-objectivos-a-escrita-preenchia-as-horas-mortas-e-servia-como-uma-especie-de-intervalo-do-tedio\\\/#article\",\"isPartOf\":{\"@id\":\"https:\\\/\\\/infocul.pt\\\/arquivo\\\/cultura\\\/daniel-seabra-como-me-encontrava-sem-objectivos-a-escrita-preenchia-as-horas-mortas-e-servia-como-uma-especie-de-intervalo-do-tedio\\\/\"},\"author\":{\"name\":\"Rui Lavrador\",\"@id\":\"https:\\\/\\\/infocul.pt\\\/arquivo\\\/#\\\/schema\\\/person\\\/060a108d7f2d85fc6aae505119ee5234\"},\"headline\":\"Daniel Seabra: \u201c Como me encontrava sem objectivos, a escrita preenchia as horas mortas e servia como uma esp\u00e9cie de intervalo do t\u00e9dio\u201d\",\"datePublished\":\"2019-09-02T23:00:06+00:00\",\"mainEntityOfPage\":{\"@id\":\"https:\\\/\\\/infocul.pt\\\/arquivo\\\/cultura\\\/daniel-seabra-como-me-encontrava-sem-objectivos-a-escrita-preenchia-as-horas-mortas-e-servia-como-uma-especie-de-intervalo-do-tedio\\\/\"},\"wordCount\":951,\"commentCount\":0,\"publisher\":{\"@id\":\"https:\\\/\\\/infocul.pt\\\/arquivo\\\/#organization\"},\"image\":{\"@id\":\"https:\\\/\\\/infocul.pt\\\/arquivo\\\/cultura\\\/daniel-seabra-como-me-encontrava-sem-objectivos-a-escrita-preenchia-as-horas-mortas-e-servia-como-uma-especie-de-intervalo-do-tedio\\\/#primaryimage\"},\"thumbnailUrl\":\"https:\\\/\\\/infocul.pt\\\/arquivo\\\/wp-content\\\/uploads\\\/2019\\\/08\\\/ramifica\u00e7\u00f5es-da-alma.jpg\",\"keywords\":[\"Daniel Seabra\"],\"articleSection\":[\"Cultura\",\"Destaque\",\"Entrevistas\",\"Livros\"],\"inLanguage\":\"pt-PT\"},{\"@type\":\"WebPage\",\"@id\":\"https:\\\/\\\/infocul.pt\\\/arquivo\\\/cultura\\\/daniel-seabra-como-me-encontrava-sem-objectivos-a-escrita-preenchia-as-horas-mortas-e-servia-como-uma-especie-de-intervalo-do-tedio\\\/\",\"url\":\"https:\\\/\\\/infocul.pt\\\/arquivo\\\/cultura\\\/daniel-seabra-como-me-encontrava-sem-objectivos-a-escrita-preenchia-as-horas-mortas-e-servia-como-uma-especie-de-intervalo-do-tedio\\\/\",\"name\":\"Daniel Seabra: \u201c Como me encontrava sem objectivos, a escrita preenchia as horas mortas e servia como uma esp\u00e9cie de intervalo do t\u00e9dio\u201d | Infocul.pt - Arquivo Digital\",\"isPartOf\":{\"@id\":\"https:\\\/\\\/infocul.pt\\\/arquivo\\\/#website\"},\"primaryImageOfPage\":{\"@id\":\"https:\\\/\\\/infocul.pt\\\/arquivo\\\/cultura\\\/daniel-seabra-como-me-encontrava-sem-objectivos-a-escrita-preenchia-as-horas-mortas-e-servia-como-uma-especie-de-intervalo-do-tedio\\\/#primaryimage\"},\"image\":{\"@id\":\"https:\\\/\\\/infocul.pt\\\/arquivo\\\/cultura\\\/daniel-seabra-como-me-encontrava-sem-objectivos-a-escrita-preenchia-as-horas-mortas-e-servia-como-uma-especie-de-intervalo-do-tedio\\\/#primaryimage\"},\"thumbnailUrl\":\"https:\\\/\\\/infocul.pt\\\/arquivo\\\/wp-content\\\/uploads\\\/2019\\\/08\\\/ramifica\u00e7\u00f5es-da-alma.jpg\",\"datePublished\":\"2019-09-02T23:00:06+00:00\",\"description\":\"Daniel Seabra: \u201c Como me encontrava sem objectivos, a escrita preenchia as horas mortas e servia como uma esp\u00e9cie de intervalo do t\u00e9dio\u201d | Infocul.pt - Arquivo Digital\",\"breadcrumb\":{\"@id\":\"https:\\\/\\\/infocul.pt\\\/arquivo\\\/cultura\\\/daniel-seabra-como-me-encontrava-sem-objectivos-a-escrita-preenchia-as-horas-mortas-e-servia-como-uma-especie-de-intervalo-do-tedio\\\/#breadcrumb\"},\"inLanguage\":\"pt-PT\",\"potentialAction\":[{\"@type\":\"ReadAction\",\"target\":[\"https:\\\/\\\/infocul.pt\\\/arquivo\\\/cultura\\\/daniel-seabra-como-me-encontrava-sem-objectivos-a-escrita-preenchia-as-horas-mortas-e-servia-como-uma-especie-de-intervalo-do-tedio\\\/\"]}]},{\"@type\":\"ImageObject\",\"inLanguage\":\"pt-PT\",\"@id\":\"https:\\\/\\\/infocul.pt\\\/arquivo\\\/cultura\\\/daniel-seabra-como-me-encontrava-sem-objectivos-a-escrita-preenchia-as-horas-mortas-e-servia-como-uma-especie-de-intervalo-do-tedio\\\/#primaryimage\",\"url\":\"https:\\\/\\\/infocul.pt\\\/arquivo\\\/wp-content\\\/uploads\\\/2019\\\/08\\\/ramifica\u00e7\u00f5es-da-alma.jpg\",\"contentUrl\":\"https:\\\/\\\/infocul.pt\\\/arquivo\\\/wp-content\\\/uploads\\\/2019\\\/08\\\/ramifica\u00e7\u00f5es-da-alma.jpg\",\"width\":1278,\"height\":1878},{\"@type\":\"BreadcrumbList\",\"@id\":\"https:\\\/\\\/infocul.pt\\\/arquivo\\\/cultura\\\/daniel-seabra-como-me-encontrava-sem-objectivos-a-escrita-preenchia-as-horas-mortas-e-servia-como-uma-especie-de-intervalo-do-tedio\\\/#breadcrumb\",\"itemListElement\":[{\"@type\":\"ListItem\",\"position\":1,\"name\":\"Home\",\"item\":\"https:\\\/\\\/infocul.pt\\\/arquivo\\\/\"},{\"@type\":\"ListItem\",\"position\":2,\"name\":\"Daniel Seabra: \u201c Como me encontrava sem objectivos, a escrita preenchia as horas mortas e servia como uma esp\u00e9cie de intervalo do t\u00e9dio\u201d\"}]},{\"@type\":\"WebSite\",\"@id\":\"https:\\\/\\\/infocul.pt\\\/arquivo\\\/#website\",\"url\":\"https:\\\/\\\/infocul.pt\\\/arquivo\\\/\",\"name\":\"Infocul.pt - Arquivo Digital\",\"description\":\"Arquivo digital da Infocul.pt\",\"publisher\":{\"@id\":\"https:\\\/\\\/infocul.pt\\\/arquivo\\\/#organization\"},\"potentialAction\":[{\"@type\":\"SearchAction\",\"target\":{\"@type\":\"EntryPoint\",\"urlTemplate\":\"https:\\\/\\\/infocul.pt\\\/arquivo\\\/?s={search_term_string}\"},\"query-input\":{\"@type\":\"PropertyValueSpecification\",\"valueRequired\":true,\"valueName\":\"search_term_string\"}}],\"inLanguage\":\"pt-PT\"},{\"@type\":\"Organization\",\"@id\":\"https:\\\/\\\/infocul.pt\\\/arquivo\\\/#organization\",\"name\":\"Infocul.pt\",\"url\":\"https:\\\/\\\/infocul.pt\\\/arquivo\\\/\",\"logo\":{\"@type\":\"ImageObject\",\"inLanguage\":\"pt-PT\",\"@id\":\"https:\\\/\\\/infocul.pt\\\/arquivo\\\/#\\\/schema\\\/logo\\\/image\\\/\",\"url\":\"https:\\\/\\\/infocul.pt\\\/arquivo\\\/wp-content\\\/uploads\\\/2018\\\/12\\\/Infocul_logo-1.png\",\"contentUrl\":\"https:\\\/\\\/infocul.pt\\\/arquivo\\\/wp-content\\\/uploads\\\/2018\\\/12\\\/Infocul_logo-1.png\",\"width\":800,\"height\":800,\"caption\":\"Infocul.pt\"},\"image\":{\"@id\":\"https:\\\/\\\/infocul.pt\\\/arquivo\\\/#\\\/schema\\\/logo\\\/image\\\/\"},\"sameAs\":[\"https:\\\/\\\/www.facebook.com\\\/Infocul-147816815585015\\\/\",\"https:\\\/\\\/x.com\\\/Infoculpt\",\"http:\\\/\\\/www.pictaram.com\\\/user\\\/infocul.pt\\\/2370423710\",\"https:\\\/\\\/www.youtube.com\\\/channel\\\/UCYEB91AGI9FL9ek2i_IaQAA\"]},{\"@type\":\"Person\",\"@id\":\"https:\\\/\\\/infocul.pt\\\/arquivo\\\/#\\\/schema\\\/person\\\/060a108d7f2d85fc6aae505119ee5234\",\"name\":\"Rui Lavrador\",\"image\":{\"@type\":\"ImageObject\",\"inLanguage\":\"pt-PT\",\"@id\":\"https:\\\/\\\/secure.gravatar.com\\\/avatar\\\/93febd6873394aa8e975148548a0cb203acfdd42d2c85c5f1408e1a76678aece?s=96&d=mm&r=g\",\"url\":\"https:\\\/\\\/secure.gravatar.com\\\/avatar\\\/93febd6873394aa8e975148548a0cb203acfdd42d2c85c5f1408e1a76678aece?s=96&d=mm&r=g\",\"contentUrl\":\"https:\\\/\\\/secure.gravatar.com\\\/avatar\\\/93febd6873394aa8e975148548a0cb203acfdd42d2c85c5f1408e1a76678aece?s=96&d=mm&r=g\",\"caption\":\"Rui Lavrador\"},\"description\":\"Iniciou em 2011 o seu percurso em comunica\u00e7\u00e3o social, tendo integrado v\u00e1rios projectos editoriais. Durante o seu percurso integrou projectos como Jornal Hardm\u00fasica, LusoNot\u00edcias, Toureio.pt, ODigital.pt, entre outros \u00d3rg\u00e3os de Comunica\u00e7\u00e3o Social nacionais, na redac\u00e7\u00e3o de v\u00e1rios artigos. Entrevistou a grande maioria das personalidades mais importantes da vida social e cultural do pa\u00eds, destacando-se, tamb\u00e9m, na aprecia\u00e7\u00e3o de v\u00e1rios espect\u00e1culos. Durante o seu percurso, deu a conhecer v\u00e1rios artistas, at\u00e9 ent\u00e3o desconhecidos, ao grande p\u00fablico. Em 2015 criou e fundou o Infocul.pt, projecto no qual assume a direc\u00e7\u00e3o editorial.\",\"sameAs\":[\"http:\\\/\\\/www.infocul.pt\"]}]}<\/script>\n<!-- \/ Yoast SEO plugin. -->","yoast_head_json":{"title":"Daniel Seabra: \u201c Como me encontrava sem objectivos, a escrita preenchia as horas mortas e servia como uma esp\u00e9cie de intervalo do t\u00e9dio\u201d | Infocul.pt - Arquivo Digital","description":"Daniel Seabra: \u201c Como me encontrava sem objectivos, a escrita preenchia as horas mortas e servia como uma esp\u00e9cie de intervalo do t\u00e9dio\u201d | Infocul.pt - Arquivo Digital","robots":{"index":"noindex","follow":"follow","max-snippet":"max-snippet:-1","max-image-preview":"max-image-preview:large","max-video-preview":"max-video-preview:-1"},"og_locale":"pt_PT","og_type":"article","og_title":"Daniel Seabra: \u201c Como me encontrava sem objectivos, a escrita preenchia as horas mortas e servia como uma esp\u00e9cie de intervalo do t\u00e9dio\u201d | Infocul.pt - Arquivo Digital","og_description":"Daniel Seabra: \u201c Como me encontrava sem objectivos, a escrita preenchia as horas mortas e servia como uma esp\u00e9cie de intervalo do t\u00e9dio\u201d | Infocul.pt - Arquivo Digital","og_url":"https:\/\/infocul.pt\/arquivo\/cultura\/daniel-seabra-como-me-encontrava-sem-objectivos-a-escrita-preenchia-as-horas-mortas-e-servia-como-uma-especie-de-intervalo-do-tedio\/","og_site_name":"Infocul.pt - Arquivo Digital","article_publisher":"https:\/\/www.facebook.com\/Infocul-147816815585015\/","article_published_time":"2019-09-02T23:00:06+00:00","og_image":[{"width":1278,"height":1878,"url":"https:\/\/infocul.pt\/arquivo\/wp-content\/uploads\/2019\/08\/ramifica\u00e7\u00f5es-da-alma.jpg","type":"image\/jpeg"}],"author":"Rui Lavrador","twitter_card":"summary_large_image","twitter_creator":"@Infoculpt","twitter_site":"@Infoculpt","twitter_misc":{"Escrito por":"Rui Lavrador","Tempo estimado de leitura":"5 minutos"},"schema":{"@context":"https:\/\/schema.org","@graph":[{"@type":"Article","@id":"https:\/\/infocul.pt\/arquivo\/cultura\/daniel-seabra-como-me-encontrava-sem-objectivos-a-escrita-preenchia-as-horas-mortas-e-servia-como-uma-especie-de-intervalo-do-tedio\/#article","isPartOf":{"@id":"https:\/\/infocul.pt\/arquivo\/cultura\/daniel-seabra-como-me-encontrava-sem-objectivos-a-escrita-preenchia-as-horas-mortas-e-servia-como-uma-especie-de-intervalo-do-tedio\/"},"author":{"name":"Rui Lavrador","@id":"https:\/\/infocul.pt\/arquivo\/#\/schema\/person\/060a108d7f2d85fc6aae505119ee5234"},"headline":"Daniel Seabra: \u201c Como me encontrava sem objectivos, a escrita preenchia as horas mortas e servia como uma esp\u00e9cie de intervalo do t\u00e9dio\u201d","datePublished":"2019-09-02T23:00:06+00:00","mainEntityOfPage":{"@id":"https:\/\/infocul.pt\/arquivo\/cultura\/daniel-seabra-como-me-encontrava-sem-objectivos-a-escrita-preenchia-as-horas-mortas-e-servia-como-uma-especie-de-intervalo-do-tedio\/"},"wordCount":951,"commentCount":0,"publisher":{"@id":"https:\/\/infocul.pt\/arquivo\/#organization"},"image":{"@id":"https:\/\/infocul.pt\/arquivo\/cultura\/daniel-seabra-como-me-encontrava-sem-objectivos-a-escrita-preenchia-as-horas-mortas-e-servia-como-uma-especie-de-intervalo-do-tedio\/#primaryimage"},"thumbnailUrl":"https:\/\/infocul.pt\/arquivo\/wp-content\/uploads\/2019\/08\/ramifica\u00e7\u00f5es-da-alma.jpg","keywords":["Daniel Seabra"],"articleSection":["Cultura","Destaque","Entrevistas","Livros"],"inLanguage":"pt-PT"},{"@type":"WebPage","@id":"https:\/\/infocul.pt\/arquivo\/cultura\/daniel-seabra-como-me-encontrava-sem-objectivos-a-escrita-preenchia-as-horas-mortas-e-servia-como-uma-especie-de-intervalo-do-tedio\/","url":"https:\/\/infocul.pt\/arquivo\/cultura\/daniel-seabra-como-me-encontrava-sem-objectivos-a-escrita-preenchia-as-horas-mortas-e-servia-como-uma-especie-de-intervalo-do-tedio\/","name":"Daniel Seabra: \u201c Como me encontrava sem objectivos, a escrita preenchia as horas mortas e servia como uma esp\u00e9cie de intervalo do t\u00e9dio\u201d | Infocul.pt - Arquivo Digital","isPartOf":{"@id":"https:\/\/infocul.pt\/arquivo\/#website"},"primaryImageOfPage":{"@id":"https:\/\/infocul.pt\/arquivo\/cultura\/daniel-seabra-como-me-encontrava-sem-objectivos-a-escrita-preenchia-as-horas-mortas-e-servia-como-uma-especie-de-intervalo-do-tedio\/#primaryimage"},"image":{"@id":"https:\/\/infocul.pt\/arquivo\/cultura\/daniel-seabra-como-me-encontrava-sem-objectivos-a-escrita-preenchia-as-horas-mortas-e-servia-como-uma-especie-de-intervalo-do-tedio\/#primaryimage"},"thumbnailUrl":"https:\/\/infocul.pt\/arquivo\/wp-content\/uploads\/2019\/08\/ramifica\u00e7\u00f5es-da-alma.jpg","datePublished":"2019-09-02T23:00:06+00:00","description":"Daniel Seabra: \u201c Como me encontrava sem objectivos, a escrita preenchia as horas mortas e servia como uma esp\u00e9cie de intervalo do t\u00e9dio\u201d | Infocul.pt - Arquivo Digital","breadcrumb":{"@id":"https:\/\/infocul.pt\/arquivo\/cultura\/daniel-seabra-como-me-encontrava-sem-objectivos-a-escrita-preenchia-as-horas-mortas-e-servia-como-uma-especie-de-intervalo-do-tedio\/#breadcrumb"},"inLanguage":"pt-PT","potentialAction":[{"@type":"ReadAction","target":["https:\/\/infocul.pt\/arquivo\/cultura\/daniel-seabra-como-me-encontrava-sem-objectivos-a-escrita-preenchia-as-horas-mortas-e-servia-como-uma-especie-de-intervalo-do-tedio\/"]}]},{"@type":"ImageObject","inLanguage":"pt-PT","@id":"https:\/\/infocul.pt\/arquivo\/cultura\/daniel-seabra-como-me-encontrava-sem-objectivos-a-escrita-preenchia-as-horas-mortas-e-servia-como-uma-especie-de-intervalo-do-tedio\/#primaryimage","url":"https:\/\/infocul.pt\/arquivo\/wp-content\/uploads\/2019\/08\/ramifica\u00e7\u00f5es-da-alma.jpg","contentUrl":"https:\/\/infocul.pt\/arquivo\/wp-content\/uploads\/2019\/08\/ramifica\u00e7\u00f5es-da-alma.jpg","width":1278,"height":1878},{"@type":"BreadcrumbList","@id":"https:\/\/infocul.pt\/arquivo\/cultura\/daniel-seabra-como-me-encontrava-sem-objectivos-a-escrita-preenchia-as-horas-mortas-e-servia-como-uma-especie-de-intervalo-do-tedio\/#breadcrumb","itemListElement":[{"@type":"ListItem","position":1,"name":"Home","item":"https:\/\/infocul.pt\/arquivo\/"},{"@type":"ListItem","position":2,"name":"Daniel Seabra: \u201c Como me encontrava sem objectivos, a escrita preenchia as horas mortas e servia como uma esp\u00e9cie de intervalo do t\u00e9dio\u201d"}]},{"@type":"WebSite","@id":"https:\/\/infocul.pt\/arquivo\/#website","url":"https:\/\/infocul.pt\/arquivo\/","name":"Infocul.pt - Arquivo Digital","description":"Arquivo digital da Infocul.pt","publisher":{"@id":"https:\/\/infocul.pt\/arquivo\/#organization"},"potentialAction":[{"@type":"SearchAction","target":{"@type":"EntryPoint","urlTemplate":"https:\/\/infocul.pt\/arquivo\/?s={search_term_string}"},"query-input":{"@type":"PropertyValueSpecification","valueRequired":true,"valueName":"search_term_string"}}],"inLanguage":"pt-PT"},{"@type":"Organization","@id":"https:\/\/infocul.pt\/arquivo\/#organization","name":"Infocul.pt","url":"https:\/\/infocul.pt\/arquivo\/","logo":{"@type":"ImageObject","inLanguage":"pt-PT","@id":"https:\/\/infocul.pt\/arquivo\/#\/schema\/logo\/image\/","url":"https:\/\/infocul.pt\/arquivo\/wp-content\/uploads\/2018\/12\/Infocul_logo-1.png","contentUrl":"https:\/\/infocul.pt\/arquivo\/wp-content\/uploads\/2018\/12\/Infocul_logo-1.png","width":800,"height":800,"caption":"Infocul.pt"},"image":{"@id":"https:\/\/infocul.pt\/arquivo\/#\/schema\/logo\/image\/"},"sameAs":["https:\/\/www.facebook.com\/Infocul-147816815585015\/","https:\/\/x.com\/Infoculpt","http:\/\/www.pictaram.com\/user\/infocul.pt\/2370423710","https:\/\/www.youtube.com\/channel\/UCYEB91AGI9FL9ek2i_IaQAA"]},{"@type":"Person","@id":"https:\/\/infocul.pt\/arquivo\/#\/schema\/person\/060a108d7f2d85fc6aae505119ee5234","name":"Rui Lavrador","image":{"@type":"ImageObject","inLanguage":"pt-PT","@id":"https:\/\/secure.gravatar.com\/avatar\/93febd6873394aa8e975148548a0cb203acfdd42d2c85c5f1408e1a76678aece?s=96&d=mm&r=g","url":"https:\/\/secure.gravatar.com\/avatar\/93febd6873394aa8e975148548a0cb203acfdd42d2c85c5f1408e1a76678aece?s=96&d=mm&r=g","contentUrl":"https:\/\/secure.gravatar.com\/avatar\/93febd6873394aa8e975148548a0cb203acfdd42d2c85c5f1408e1a76678aece?s=96&d=mm&r=g","caption":"Rui Lavrador"},"description":"Iniciou em 2011 o seu percurso em comunica\u00e7\u00e3o social, tendo integrado v\u00e1rios projectos editoriais. Durante o seu percurso integrou projectos como Jornal Hardm\u00fasica, LusoNot\u00edcias, Toureio.pt, ODigital.pt, entre outros \u00d3rg\u00e3os de Comunica\u00e7\u00e3o Social nacionais, na redac\u00e7\u00e3o de v\u00e1rios artigos. Entrevistou a grande maioria das personalidades mais importantes da vida social e cultural do pa\u00eds, destacando-se, tamb\u00e9m, na aprecia\u00e7\u00e3o de v\u00e1rios espect\u00e1culos. Durante o seu percurso, deu a conhecer v\u00e1rios artistas, at\u00e9 ent\u00e3o desconhecidos, ao grande p\u00fablico. Em 2015 criou e fundou o Infocul.pt, projecto no qual assume a direc\u00e7\u00e3o editorial.","sameAs":["http:\/\/www.infocul.pt"]}]}},"_links":{"self":[{"href":"https:\/\/infocul.pt\/arquivo\/wp-json\/wp\/v2\/posts\/59075","targetHints":{"allow":["GET"]}}],"collection":[{"href":"https:\/\/infocul.pt\/arquivo\/wp-json\/wp\/v2\/posts"}],"about":[{"href":"https:\/\/infocul.pt\/arquivo\/wp-json\/wp\/v2\/types\/post"}],"author":[{"embeddable":true,"href":"https:\/\/infocul.pt\/arquivo\/wp-json\/wp\/v2\/users\/2"}],"replies":[{"embeddable":true,"href":"https:\/\/infocul.pt\/arquivo\/wp-json\/wp\/v2\/comments?post=59075"}],"version-history":[{"count":0,"href":"https:\/\/infocul.pt\/arquivo\/wp-json\/wp\/v2\/posts\/59075\/revisions"}],"wp:featuredmedia":[{"embeddable":true,"href":"https:\/\/infocul.pt\/arquivo\/wp-json\/wp\/v2\/media\/59076"}],"wp:attachment":[{"href":"https:\/\/infocul.pt\/arquivo\/wp-json\/wp\/v2\/media?parent=59075"}],"wp:term":[{"taxonomy":"category","embeddable":true,"href":"https:\/\/infocul.pt\/arquivo\/wp-json\/wp\/v2\/categories?post=59075"},{"taxonomy":"post_tag","embeddable":true,"href":"https:\/\/infocul.pt\/arquivo\/wp-json\/wp\/v2\/tags?post=59075"}],"curies":[{"name":"wp","href":"https:\/\/api.w.org\/{rel}","templated":true}]}}