{"id":59255,"date":"2019-09-22T00:00:25","date_gmt":"2019-09-21T23:00:25","guid":{"rendered":"https:\/\/infocul.pt\/?p=59255"},"modified":"2019-09-21T14:46:50","modified_gmt":"2019-09-21T13:46:50","slug":"chakallices-ser-ou-nao-ser-portugues-nao-ha-questao","status":"publish","type":"post","link":"https:\/\/infocul.pt\/arquivo\/destaque\/chakallices-ser-ou-nao-ser-portugues-nao-ha-questao\/","title":{"rendered":"Chakallices. Ser ou N\u00e3o Ser Portugu\u00eas: N\u00e3o H\u00e1 Quest\u00e3o!"},"content":{"rendered":"<p><img decoding=\"async\" class=\"aligncenter wp-image-60124 size-full lazyload\" data-src=\"https:\/\/infocul.pt\/arquivo\/wp-content\/uploads\/2019\/09\/Banner-Chakallices.png\" alt=\"\" width=\"800\" height=\"445\" data-srcset=\"https:\/\/infocul.pt\/arquivo\/wp-content\/uploads\/2019\/09\/Banner-Chakallices.png 800w, https:\/\/infocul.pt\/arquivo\/wp-content\/uploads\/2019\/09\/Banner-Chakallices-300x167.png 300w, https:\/\/infocul.pt\/arquivo\/wp-content\/uploads\/2019\/09\/Banner-Chakallices-768x427.png 768w\" data-sizes=\"(max-width: 800px) 100vw, 800px\" src=\"data:image\/svg+xml;base64,PHN2ZyB3aWR0aD0iMSIgaGVpZ2h0PSIxIiB4bWxucz0iaHR0cDovL3d3dy53My5vcmcvMjAwMC9zdmciPjwvc3ZnPg==\" style=\"--smush-placeholder-width: 800px; --smush-placeholder-aspect-ratio: 800\/445;\" \/><\/p>\n<p>&nbsp;<\/p>\n<p>&nbsp;<\/p>\n<p>H\u00e1 raz\u00f5es pessoais para comemorar em 2019: finalmente vou ter a nacionalidade portuguesa!<!--more--><\/p>\n<p>Ao fim de 20 anos em Portugal, chegou o momento de assumir a \u201cminha costela\u201d portuguesa.<\/p>\n<p>Cheguei h\u00e1 20 anos aqui com o intuito de preparar a minha viagem a \u00c1frica, viagem essa que fiz no final dos anos 90.<\/p>\n<p>Quem segue a minha carreira h\u00e1 quase duas d\u00e9cadas, saber\u00e1 por esta altura que na Argentina eu era jornalista e que um dia deixei tudo para tr\u00e1s para viajar. Com o dinheiro que recebi na altura em que deixei o jornalismo tinha mais que suficiente para me aventurar. Fiz a Am\u00e9rica Latina de moto durante 4 meses e depois vim para Portugal. O destino passaria depois pela viagem de jipe por \u00c1frica.<\/p>\n<p>Sendo a quarta gera\u00e7\u00e3o de cozinheiros na fam\u00edlia sabia duas coisas:<\/p>\n<p>1 &#8211; N\u00e3o queria gastar o dinheiro que tinha juntado para a viagem a \u00c1frica, por isso tinha que arranjar solu\u00e7\u00f5es para sobreviver;<\/p>\n<p>2 &#8211; Por causa da l\u00edngua n\u00e3o podia optar por aventurar-me no jornalismo em terras lusas, restava-me a cozinha e fui lavar pratos para um restaurante e acabei na cozinha!<\/p>\n<p>Depois de um ano parti para \u00c1frica, tendo voltado a Portugal h\u00e1 20 anos e por c\u00e1 fui ficando. Fui crescendo profissionalmente e tenho feito de tudo um pouco relacionado com a gastronomia: showcookings, catering, restaurantes, livros, programas de TV\u2026<\/p>\n<p>Apaixonei-me verdadeiramente pelo pa\u00eds, pelas paisagens, pela comida, pelas pessoas,\u2026<\/p>\n<p>Ao longo de quase duas d\u00e9cadas e com os neg\u00f3cios que tenho poderia j\u00e1 ter a nacionalidade portuguesa. Mas n\u00e3o me identificava por essa via. Ser ou n\u00e3o ser portugu\u00eas \u00e9 mais profundo que um processo meramente burocr\u00e1tico: \u00e9 AMOR ou n\u00e3o \u00e9!<\/p>\n<p>Conhe\u00e7o cerca de 140 pa\u00edses por todo o mundo, poderia ter escolhido v\u00e1rias nacionalidades j\u00e1 que a minha fam\u00edlia tem ra\u00edzes em pelo menos 5 pa\u00edses diferentes.<\/p>\n<p>N\u00e3o consigo eleger nenhum pa\u00eds preferido, seria quase injusto faz\u00ea-lo. H\u00e1 pa\u00edses que me encantam pelas paisagens (nunca vou esquecer o desejo do Sud\u00e3o, por exemplo!), outros que me prendem pela gastronomia, outros pelo lado empresarial\u2026 Poderia viver na Alemanha onde tenho muito trabalho, na China onde tenho imenso sucesso, s\u00f3 para mencionar estes dois. Mas n\u00e3o seria propriamente feliz. Porqu\u00ea? Porque o que faz a diferen\u00e7a s\u00e3o as pessoas e em Portugal eu sou feliz, sinto-me em casa!<\/p>\n<p>A nacionalidade para mim \u00e9 como um casamento: tem que fazer sentido, n\u00e3o pode ser uma rela\u00e7\u00e3o de mero interesse.<\/p>\n<p>Talvez ter uma mulher e uma filha portuguesa tenha contribu\u00eddo tamb\u00e9m para este sentimento. Quando me emocionei pela primeira vez ao ouvir o Hino Nacional, quando vibrei pela primeira vez com as vit\u00f3rias da sele\u00e7\u00e3o portuguesa de futebol soube que, de cora\u00e7\u00e3o, j\u00e1 era portugu\u00eas!<\/p>\n<p>2019 \u00e9 um marco na minha hist\u00f3ria pessoal: al\u00e9m das cores azul e branca do meu pa\u00eds natal, adotei de vez o verde e vermelho! J\u00e1 ningu\u00e9m me tira o prazer de comer um bom Bacalhau \u00e0 Lagareiro!<\/p>\n<p>Sou Tuga com muito orgulho!<\/p>\n","protected":false},"excerpt":{"rendered":"<p>&nbsp; &nbsp; H\u00e1 raz\u00f5es pessoais para comemorar em 2019: finalmente vou ter a nacionalidade portuguesa!<\/p>\n","protected":false},"author":19,"featured_media":60124,"comment_status":"open","ping_status":"closed","sticky":false,"template":"","format":"standard","meta":{"footnotes":""},"categories":[36,4121],"tags":[4132,7780],"class_list":["post-59255","post","type-post","status-publish","format-standard","has-post-thumbnail","hentry","category-destaque","category-opiniao","tag-chakall","tag-chakallices"],"yoast_head":"<!-- This site is optimized with the Yoast SEO plugin v27.5 - https:\/\/yoast.com\/product\/yoast-seo-wordpress\/ -->\n<title>Chakallices. Ser ou N\u00e3o Ser Portugu\u00eas: N\u00e3o H\u00e1 Quest\u00e3o! | Infocul.pt - Arquivo Digital<\/title>\n<meta name=\"description\" content=\"Chakallices. Ser ou N\u00e3o Ser Portugu\u00eas: N\u00e3o H\u00e1 Quest\u00e3o! | Infocul.pt - Arquivo Digital\" \/>\n<meta name=\"robots\" content=\"noindex, follow, max-snippet:-1, max-image-preview:large, max-video-preview:-1\" \/>\n<meta property=\"og:locale\" content=\"pt_PT\" \/>\n<meta property=\"og:type\" content=\"article\" \/>\n<meta property=\"og:title\" content=\"Chakallices. Ser ou N\u00e3o Ser Portugu\u00eas: N\u00e3o H\u00e1 Quest\u00e3o! | Infocul.pt - Arquivo Digital\" \/>\n<meta property=\"og:description\" content=\"Chakallices. Ser ou N\u00e3o Ser Portugu\u00eas: N\u00e3o H\u00e1 Quest\u00e3o! | Infocul.pt - Arquivo Digital\" \/>\n<meta property=\"og:url\" content=\"https:\/\/infocul.pt\/arquivo\/destaque\/chakallices-ser-ou-nao-ser-portugues-nao-ha-questao\/\" \/>\n<meta property=\"og:site_name\" content=\"Infocul.pt - Arquivo Digital\" \/>\n<meta property=\"article:publisher\" content=\"https:\/\/www.facebook.com\/Infocul-147816815585015\/\" \/>\n<meta property=\"article:published_time\" content=\"2019-09-21T23:00:25+00:00\" \/>\n<meta property=\"og:image\" content=\"https:\/\/infocul.pt\/arquivo\/wp-content\/uploads\/2019\/09\/Banner-Chakallices.png\" \/>\n\t<meta property=\"og:image:width\" content=\"800\" \/>\n\t<meta property=\"og:image:height\" content=\"445\" \/>\n\t<meta property=\"og:image:type\" content=\"image\/png\" \/>\n<meta name=\"author\" content=\"Chakall\" \/>\n<meta name=\"twitter:card\" content=\"summary_large_image\" \/>\n<meta name=\"twitter:creator\" content=\"@Infoculpt\" \/>\n<meta name=\"twitter:site\" content=\"@Infoculpt\" \/>\n<meta name=\"twitter:label1\" content=\"Escrito por\" \/>\n\t<meta name=\"twitter:data1\" content=\"Chakall\" \/>\n\t<meta name=\"twitter:label2\" content=\"Tempo estimado de leitura\" \/>\n\t<meta name=\"twitter:data2\" content=\"3 minutos\" \/>\n<script type=\"application\/ld+json\" class=\"yoast-schema-graph\">{\"@context\":\"https:\\\/\\\/schema.org\",\"@graph\":[{\"@type\":\"Article\",\"@id\":\"https:\\\/\\\/infocul.pt\\\/arquivo\\\/destaque\\\/chakallices-ser-ou-nao-ser-portugues-nao-ha-questao\\\/#article\",\"isPartOf\":{\"@id\":\"https:\\\/\\\/infocul.pt\\\/arquivo\\\/destaque\\\/chakallices-ser-ou-nao-ser-portugues-nao-ha-questao\\\/\"},\"author\":{\"name\":\"Chakall\",\"@id\":\"https:\\\/\\\/infocul.pt\\\/arquivo\\\/#\\\/schema\\\/person\\\/a69022b7d063b56a939dff966f678168\"},\"headline\":\"Chakallices. Ser ou N\u00e3o Ser Portugu\u00eas: N\u00e3o H\u00e1 Quest\u00e3o!\",\"datePublished\":\"2019-09-21T23:00:25+00:00\",\"mainEntityOfPage\":{\"@id\":\"https:\\\/\\\/infocul.pt\\\/arquivo\\\/destaque\\\/chakallices-ser-ou-nao-ser-portugues-nao-ha-questao\\\/\"},\"wordCount\":538,\"commentCount\":0,\"publisher\":{\"@id\":\"https:\\\/\\\/infocul.pt\\\/arquivo\\\/#organization\"},\"image\":{\"@id\":\"https:\\\/\\\/infocul.pt\\\/arquivo\\\/destaque\\\/chakallices-ser-ou-nao-ser-portugues-nao-ha-questao\\\/#primaryimage\"},\"thumbnailUrl\":\"https:\\\/\\\/infocul.pt\\\/arquivo\\\/wp-content\\\/uploads\\\/2019\\\/09\\\/Banner-Chakallices.png\",\"keywords\":[\"Chakall\",\"Chakallices\"],\"articleSection\":[\"Destaque\",\"Opini\u00e3o\"],\"inLanguage\":\"pt-PT\"},{\"@type\":\"WebPage\",\"@id\":\"https:\\\/\\\/infocul.pt\\\/arquivo\\\/destaque\\\/chakallices-ser-ou-nao-ser-portugues-nao-ha-questao\\\/\",\"url\":\"https:\\\/\\\/infocul.pt\\\/arquivo\\\/destaque\\\/chakallices-ser-ou-nao-ser-portugues-nao-ha-questao\\\/\",\"name\":\"Chakallices. Ser ou N\u00e3o Ser Portugu\u00eas: N\u00e3o H\u00e1 Quest\u00e3o! | Infocul.pt - Arquivo Digital\",\"isPartOf\":{\"@id\":\"https:\\\/\\\/infocul.pt\\\/arquivo\\\/#website\"},\"primaryImageOfPage\":{\"@id\":\"https:\\\/\\\/infocul.pt\\\/arquivo\\\/destaque\\\/chakallices-ser-ou-nao-ser-portugues-nao-ha-questao\\\/#primaryimage\"},\"image\":{\"@id\":\"https:\\\/\\\/infocul.pt\\\/arquivo\\\/destaque\\\/chakallices-ser-ou-nao-ser-portugues-nao-ha-questao\\\/#primaryimage\"},\"thumbnailUrl\":\"https:\\\/\\\/infocul.pt\\\/arquivo\\\/wp-content\\\/uploads\\\/2019\\\/09\\\/Banner-Chakallices.png\",\"datePublished\":\"2019-09-21T23:00:25+00:00\",\"description\":\"Chakallices. Ser ou N\u00e3o Ser Portugu\u00eas: N\u00e3o H\u00e1 Quest\u00e3o! | Infocul.pt - Arquivo Digital\",\"breadcrumb\":{\"@id\":\"https:\\\/\\\/infocul.pt\\\/arquivo\\\/destaque\\\/chakallices-ser-ou-nao-ser-portugues-nao-ha-questao\\\/#breadcrumb\"},\"inLanguage\":\"pt-PT\",\"potentialAction\":[{\"@type\":\"ReadAction\",\"target\":[\"https:\\\/\\\/infocul.pt\\\/arquivo\\\/destaque\\\/chakallices-ser-ou-nao-ser-portugues-nao-ha-questao\\\/\"]}]},{\"@type\":\"ImageObject\",\"inLanguage\":\"pt-PT\",\"@id\":\"https:\\\/\\\/infocul.pt\\\/arquivo\\\/destaque\\\/chakallices-ser-ou-nao-ser-portugues-nao-ha-questao\\\/#primaryimage\",\"url\":\"https:\\\/\\\/infocul.pt\\\/arquivo\\\/wp-content\\\/uploads\\\/2019\\\/09\\\/Banner-Chakallices.png\",\"contentUrl\":\"https:\\\/\\\/infocul.pt\\\/arquivo\\\/wp-content\\\/uploads\\\/2019\\\/09\\\/Banner-Chakallices.png\",\"width\":800,\"height\":445},{\"@type\":\"BreadcrumbList\",\"@id\":\"https:\\\/\\\/infocul.pt\\\/arquivo\\\/destaque\\\/chakallices-ser-ou-nao-ser-portugues-nao-ha-questao\\\/#breadcrumb\",\"itemListElement\":[{\"@type\":\"ListItem\",\"position\":1,\"name\":\"Home\",\"item\":\"https:\\\/\\\/infocul.pt\\\/arquivo\\\/\"},{\"@type\":\"ListItem\",\"position\":2,\"name\":\"Chakallices. Ser ou N\u00e3o Ser Portugu\u00eas: N\u00e3o H\u00e1 Quest\u00e3o!\"}]},{\"@type\":\"WebSite\",\"@id\":\"https:\\\/\\\/infocul.pt\\\/arquivo\\\/#website\",\"url\":\"https:\\\/\\\/infocul.pt\\\/arquivo\\\/\",\"name\":\"Infocul.pt - Arquivo Digital\",\"description\":\"Arquivo digital da Infocul.pt\",\"publisher\":{\"@id\":\"https:\\\/\\\/infocul.pt\\\/arquivo\\\/#organization\"},\"potentialAction\":[{\"@type\":\"SearchAction\",\"target\":{\"@type\":\"EntryPoint\",\"urlTemplate\":\"https:\\\/\\\/infocul.pt\\\/arquivo\\\/?s={search_term_string}\"},\"query-input\":{\"@type\":\"PropertyValueSpecification\",\"valueRequired\":true,\"valueName\":\"search_term_string\"}}],\"inLanguage\":\"pt-PT\"},{\"@type\":\"Organization\",\"@id\":\"https:\\\/\\\/infocul.pt\\\/arquivo\\\/#organization\",\"name\":\"Infocul.pt\",\"url\":\"https:\\\/\\\/infocul.pt\\\/arquivo\\\/\",\"logo\":{\"@type\":\"ImageObject\",\"inLanguage\":\"pt-PT\",\"@id\":\"https:\\\/\\\/infocul.pt\\\/arquivo\\\/#\\\/schema\\\/logo\\\/image\\\/\",\"url\":\"https:\\\/\\\/infocul.pt\\\/arquivo\\\/wp-content\\\/uploads\\\/2018\\\/12\\\/Infocul_logo-1.png\",\"contentUrl\":\"https:\\\/\\\/infocul.pt\\\/arquivo\\\/wp-content\\\/uploads\\\/2018\\\/12\\\/Infocul_logo-1.png\",\"width\":800,\"height\":800,\"caption\":\"Infocul.pt\"},\"image\":{\"@id\":\"https:\\\/\\\/infocul.pt\\\/arquivo\\\/#\\\/schema\\\/logo\\\/image\\\/\"},\"sameAs\":[\"https:\\\/\\\/www.facebook.com\\\/Infocul-147816815585015\\\/\",\"https:\\\/\\\/x.com\\\/Infoculpt\",\"http:\\\/\\\/www.pictaram.com\\\/user\\\/infocul.pt\\\/2370423710\",\"https:\\\/\\\/www.youtube.com\\\/channel\\\/UCYEB91AGI9FL9ek2i_IaQAA\"]},{\"@type\":\"Person\",\"@id\":\"https:\\\/\\\/infocul.pt\\\/arquivo\\\/#\\\/schema\\\/person\\\/a69022b7d063b56a939dff966f678168\",\"name\":\"Chakall\",\"image\":{\"@type\":\"ImageObject\",\"inLanguage\":\"pt-PT\",\"@id\":\"https:\\\/\\\/secure.gravatar.com\\\/avatar\\\/83e425cd3eed9b1d04a948ea0722eeaf22c65d43abb0896661f053e4a14bbf75?s=96&d=mm&r=g\",\"url\":\"https:\\\/\\\/secure.gravatar.com\\\/avatar\\\/83e425cd3eed9b1d04a948ea0722eeaf22c65d43abb0896661f053e4a14bbf75?s=96&d=mm&r=g\",\"contentUrl\":\"https:\\\/\\\/secure.gravatar.com\\\/avatar\\\/83e425cd3eed9b1d04a948ea0722eeaf22c65d43abb0896661f053e4a14bbf75?s=96&d=mm&r=g\",\"caption\":\"Chakall\"}}]}<\/script>\n<!-- \/ Yoast SEO plugin. -->","yoast_head_json":{"title":"Chakallices. Ser ou N\u00e3o Ser Portugu\u00eas: N\u00e3o H\u00e1 Quest\u00e3o! | Infocul.pt - Arquivo Digital","description":"Chakallices. Ser ou N\u00e3o Ser Portugu\u00eas: N\u00e3o H\u00e1 Quest\u00e3o! | Infocul.pt - Arquivo Digital","robots":{"index":"noindex","follow":"follow","max-snippet":"max-snippet:-1","max-image-preview":"max-image-preview:large","max-video-preview":"max-video-preview:-1"},"og_locale":"pt_PT","og_type":"article","og_title":"Chakallices. Ser ou N\u00e3o Ser Portugu\u00eas: N\u00e3o H\u00e1 Quest\u00e3o! | Infocul.pt - Arquivo Digital","og_description":"Chakallices. Ser ou N\u00e3o Ser Portugu\u00eas: N\u00e3o H\u00e1 Quest\u00e3o! | Infocul.pt - Arquivo Digital","og_url":"https:\/\/infocul.pt\/arquivo\/destaque\/chakallices-ser-ou-nao-ser-portugues-nao-ha-questao\/","og_site_name":"Infocul.pt - Arquivo Digital","article_publisher":"https:\/\/www.facebook.com\/Infocul-147816815585015\/","article_published_time":"2019-09-21T23:00:25+00:00","og_image":[{"width":800,"height":445,"url":"https:\/\/infocul.pt\/arquivo\/wp-content\/uploads\/2019\/09\/Banner-Chakallices.png","type":"image\/png"}],"author":"Chakall","twitter_card":"summary_large_image","twitter_creator":"@Infoculpt","twitter_site":"@Infoculpt","twitter_misc":{"Escrito por":"Chakall","Tempo estimado de leitura":"3 minutos"},"schema":{"@context":"https:\/\/schema.org","@graph":[{"@type":"Article","@id":"https:\/\/infocul.pt\/arquivo\/destaque\/chakallices-ser-ou-nao-ser-portugues-nao-ha-questao\/#article","isPartOf":{"@id":"https:\/\/infocul.pt\/arquivo\/destaque\/chakallices-ser-ou-nao-ser-portugues-nao-ha-questao\/"},"author":{"name":"Chakall","@id":"https:\/\/infocul.pt\/arquivo\/#\/schema\/person\/a69022b7d063b56a939dff966f678168"},"headline":"Chakallices. Ser ou N\u00e3o Ser Portugu\u00eas: N\u00e3o H\u00e1 Quest\u00e3o!","datePublished":"2019-09-21T23:00:25+00:00","mainEntityOfPage":{"@id":"https:\/\/infocul.pt\/arquivo\/destaque\/chakallices-ser-ou-nao-ser-portugues-nao-ha-questao\/"},"wordCount":538,"commentCount":0,"publisher":{"@id":"https:\/\/infocul.pt\/arquivo\/#organization"},"image":{"@id":"https:\/\/infocul.pt\/arquivo\/destaque\/chakallices-ser-ou-nao-ser-portugues-nao-ha-questao\/#primaryimage"},"thumbnailUrl":"https:\/\/infocul.pt\/arquivo\/wp-content\/uploads\/2019\/09\/Banner-Chakallices.png","keywords":["Chakall","Chakallices"],"articleSection":["Destaque","Opini\u00e3o"],"inLanguage":"pt-PT"},{"@type":"WebPage","@id":"https:\/\/infocul.pt\/arquivo\/destaque\/chakallices-ser-ou-nao-ser-portugues-nao-ha-questao\/","url":"https:\/\/infocul.pt\/arquivo\/destaque\/chakallices-ser-ou-nao-ser-portugues-nao-ha-questao\/","name":"Chakallices. Ser ou N\u00e3o Ser Portugu\u00eas: N\u00e3o H\u00e1 Quest\u00e3o! | Infocul.pt - Arquivo Digital","isPartOf":{"@id":"https:\/\/infocul.pt\/arquivo\/#website"},"primaryImageOfPage":{"@id":"https:\/\/infocul.pt\/arquivo\/destaque\/chakallices-ser-ou-nao-ser-portugues-nao-ha-questao\/#primaryimage"},"image":{"@id":"https:\/\/infocul.pt\/arquivo\/destaque\/chakallices-ser-ou-nao-ser-portugues-nao-ha-questao\/#primaryimage"},"thumbnailUrl":"https:\/\/infocul.pt\/arquivo\/wp-content\/uploads\/2019\/09\/Banner-Chakallices.png","datePublished":"2019-09-21T23:00:25+00:00","description":"Chakallices. Ser ou N\u00e3o Ser Portugu\u00eas: N\u00e3o H\u00e1 Quest\u00e3o! | Infocul.pt - Arquivo Digital","breadcrumb":{"@id":"https:\/\/infocul.pt\/arquivo\/destaque\/chakallices-ser-ou-nao-ser-portugues-nao-ha-questao\/#breadcrumb"},"inLanguage":"pt-PT","potentialAction":[{"@type":"ReadAction","target":["https:\/\/infocul.pt\/arquivo\/destaque\/chakallices-ser-ou-nao-ser-portugues-nao-ha-questao\/"]}]},{"@type":"ImageObject","inLanguage":"pt-PT","@id":"https:\/\/infocul.pt\/arquivo\/destaque\/chakallices-ser-ou-nao-ser-portugues-nao-ha-questao\/#primaryimage","url":"https:\/\/infocul.pt\/arquivo\/wp-content\/uploads\/2019\/09\/Banner-Chakallices.png","contentUrl":"https:\/\/infocul.pt\/arquivo\/wp-content\/uploads\/2019\/09\/Banner-Chakallices.png","width":800,"height":445},{"@type":"BreadcrumbList","@id":"https:\/\/infocul.pt\/arquivo\/destaque\/chakallices-ser-ou-nao-ser-portugues-nao-ha-questao\/#breadcrumb","itemListElement":[{"@type":"ListItem","position":1,"name":"Home","item":"https:\/\/infocul.pt\/arquivo\/"},{"@type":"ListItem","position":2,"name":"Chakallices. Ser ou N\u00e3o Ser Portugu\u00eas: N\u00e3o H\u00e1 Quest\u00e3o!"}]},{"@type":"WebSite","@id":"https:\/\/infocul.pt\/arquivo\/#website","url":"https:\/\/infocul.pt\/arquivo\/","name":"Infocul.pt - Arquivo Digital","description":"Arquivo digital da Infocul.pt","publisher":{"@id":"https:\/\/infocul.pt\/arquivo\/#organization"},"potentialAction":[{"@type":"SearchAction","target":{"@type":"EntryPoint","urlTemplate":"https:\/\/infocul.pt\/arquivo\/?s={search_term_string}"},"query-input":{"@type":"PropertyValueSpecification","valueRequired":true,"valueName":"search_term_string"}}],"inLanguage":"pt-PT"},{"@type":"Organization","@id":"https:\/\/infocul.pt\/arquivo\/#organization","name":"Infocul.pt","url":"https:\/\/infocul.pt\/arquivo\/","logo":{"@type":"ImageObject","inLanguage":"pt-PT","@id":"https:\/\/infocul.pt\/arquivo\/#\/schema\/logo\/image\/","url":"https:\/\/infocul.pt\/arquivo\/wp-content\/uploads\/2018\/12\/Infocul_logo-1.png","contentUrl":"https:\/\/infocul.pt\/arquivo\/wp-content\/uploads\/2018\/12\/Infocul_logo-1.png","width":800,"height":800,"caption":"Infocul.pt"},"image":{"@id":"https:\/\/infocul.pt\/arquivo\/#\/schema\/logo\/image\/"},"sameAs":["https:\/\/www.facebook.com\/Infocul-147816815585015\/","https:\/\/x.com\/Infoculpt","http:\/\/www.pictaram.com\/user\/infocul.pt\/2370423710","https:\/\/www.youtube.com\/channel\/UCYEB91AGI9FL9ek2i_IaQAA"]},{"@type":"Person","@id":"https:\/\/infocul.pt\/arquivo\/#\/schema\/person\/a69022b7d063b56a939dff966f678168","name":"Chakall","image":{"@type":"ImageObject","inLanguage":"pt-PT","@id":"https:\/\/secure.gravatar.com\/avatar\/83e425cd3eed9b1d04a948ea0722eeaf22c65d43abb0896661f053e4a14bbf75?s=96&d=mm&r=g","url":"https:\/\/secure.gravatar.com\/avatar\/83e425cd3eed9b1d04a948ea0722eeaf22c65d43abb0896661f053e4a14bbf75?s=96&d=mm&r=g","contentUrl":"https:\/\/secure.gravatar.com\/avatar\/83e425cd3eed9b1d04a948ea0722eeaf22c65d43abb0896661f053e4a14bbf75?s=96&d=mm&r=g","caption":"Chakall"}}]}},"_links":{"self":[{"href":"https:\/\/infocul.pt\/arquivo\/wp-json\/wp\/v2\/posts\/59255","targetHints":{"allow":["GET"]}}],"collection":[{"href":"https:\/\/infocul.pt\/arquivo\/wp-json\/wp\/v2\/posts"}],"about":[{"href":"https:\/\/infocul.pt\/arquivo\/wp-json\/wp\/v2\/types\/post"}],"author":[{"embeddable":true,"href":"https:\/\/infocul.pt\/arquivo\/wp-json\/wp\/v2\/users\/19"}],"replies":[{"embeddable":true,"href":"https:\/\/infocul.pt\/arquivo\/wp-json\/wp\/v2\/comments?post=59255"}],"version-history":[{"count":0,"href":"https:\/\/infocul.pt\/arquivo\/wp-json\/wp\/v2\/posts\/59255\/revisions"}],"wp:featuredmedia":[{"embeddable":true,"href":"https:\/\/infocul.pt\/arquivo\/wp-json\/wp\/v2\/media\/60124"}],"wp:attachment":[{"href":"https:\/\/infocul.pt\/arquivo\/wp-json\/wp\/v2\/media?parent=59255"}],"wp:term":[{"taxonomy":"category","embeddable":true,"href":"https:\/\/infocul.pt\/arquivo\/wp-json\/wp\/v2\/categories?post=59255"},{"taxonomy":"post_tag","embeddable":true,"href":"https:\/\/infocul.pt\/arquivo\/wp-json\/wp\/v2\/tags?post=59255"}],"curies":[{"name":"wp","href":"https:\/\/api.w.org\/{rel}","templated":true}]}}