{"id":59426,"date":"2019-09-09T00:00:19","date_gmt":"2019-09-08T23:00:19","guid":{"rendered":"https:\/\/infocul.pt\/?p=59426"},"modified":"2019-09-02T11:18:52","modified_gmt":"2019-09-02T10:18:52","slug":"companhia-mascarenhas-martins-apresenta-ate-parece-em-almada","status":"publish","type":"post","link":"https:\/\/infocul.pt\/arquivo\/cultura\/companhia-mascarenhas-martins-apresenta-ate-parece-em-almada\/","title":{"rendered":"Companhia Mascarenhas-Martins apresenta &#8216;At\u00e9 Parece&#8217;, em Almada"},"content":{"rendered":"<p><img decoding=\"async\" class=\"aligncenter wp-image-59427 size-large lazyload\" data-src=\"https:\/\/infocul.pt\/arquivo\/wp-content\/uploads\/2019\/09\/ATE-PARECE-CARTAZ-MED-RES-ALM-copy-690x1024.jpg\" alt=\"\" width=\"690\" height=\"1024\" data-srcset=\"https:\/\/infocul.pt\/arquivo\/wp-content\/uploads\/2019\/09\/ATE-PARECE-CARTAZ-MED-RES-ALM-copy-690x1024.jpg 690w, https:\/\/infocul.pt\/arquivo\/wp-content\/uploads\/2019\/09\/ATE-PARECE-CARTAZ-MED-RES-ALM-copy-202x300.jpg 202w, https:\/\/infocul.pt\/arquivo\/wp-content\/uploads\/2019\/09\/ATE-PARECE-CARTAZ-MED-RES-ALM-copy-768x1139.jpg 768w\" data-sizes=\"(max-width: 690px) 100vw, 690px\" src=\"data:image\/svg+xml;base64,PHN2ZyB3aWR0aD0iMSIgaGVpZ2h0PSIxIiB4bWxucz0iaHR0cDovL3d3dy53My5vcmcvMjAwMC9zdmciPjwvc3ZnPg==\" style=\"--smush-placeholder-width: 690px; --smush-placeholder-aspect-ratio: 690\/1024;\" \/><\/p>\n<p>&nbsp;<\/p>\n<p>&nbsp;<\/p>\n<p>At\u00e9 Parece, um espect\u00e1culo da Companhia Mascarenhas-Martins com encena\u00e7\u00e3o de Levi Martins, regressa em Setembro na Incr\u00edvel Almadense, com apresenta\u00e7\u00f5es nos dias 14, 15, 21 e 22.<!--more--><\/p>\n<p>O texto constitui a estreia de Miguel Branco, jornalista almadense, na escrita para teatro. Os int\u00e9rpretes s\u00e3o Andr\u00e9 Alves, Eduardo Dias, Estela Zambujo, Jo\u00e3o Jacinto, Levi Martins e Pedro Nunes.<\/p>\n<p>\u201c<strong>Isto sempre foi assim. Como? Sabemos l\u00e1, mas que sempre foi assim isso podemos garantir. Talvez aquela coisa de nunca estarmos bem sentados numa cadeira, cruzamos a perna direita sobre a perna esquerda, cruzamos a perna esquerda sobre a perna direita, co\u00e7amos a garganta e ficamos na mesma. An\u00fancios de colch\u00f5es ortop\u00e9dicos que resolvem a aus\u00eancia de sono, document\u00e1rios sobre crocodilos, gente viciada em leite, gente viciada em vinagre, a centrifuga\u00e7\u00e3o que embala o ambiente daquelas lavandarias autom\u00e1ticas, dois irm\u00e3os milion\u00e1rios num luxuoso resort lunar, geleiras cheias de cerveja ao domingo. At\u00e9 Parece mistura quatro realidades \u2013 curioso termo \u2013 que denunciam a tal impossibilidade de estarmos bem sentados. Mas est\u00e1 tudo bem. Isto sempre foi assim<\/strong>\u201d, revela a sinopse.<\/p>\n<p><strong>Hor\u00e1rios e bilhetes:<\/strong><\/p>\n<p><span style=\"color: #0000ff;\">S\u00e1bado, 14 \u2219 16:00 e 21:30<\/span><br \/>\n<span style=\"color: #0000ff;\">Domingo, 15 \u2219 16:00<\/span><br \/>\n<span style=\"color: #0000ff;\">S\u00e1bado, 21 \u2219 16:00 e 21:30<\/span><br \/>\n<span style=\"color: #0000ff;\">Domingo, 22 \u2219 16:00<\/span><\/p>\n<p><strong>M\/14 | 5\u20ac*<\/strong><\/p>\n<p><span style=\"color: #0000ff;\">Lota\u00e7\u00e3o reduzida, reserva aconselh\u00e1vel para companhiamascarenhasmartins@gmail.com<\/span><br \/>\n<span style=\"color: #0000ff;\">*desconto de 20% para s\u00f3cios da Sociedade Filarm\u00f3nica Incr\u00edvel Almadense<\/span><\/p>\n","protected":false},"excerpt":{"rendered":"<p>&nbsp; &nbsp; At\u00e9 Parece, um espect\u00e1culo da Companhia Mascarenhas-Martins com encena\u00e7\u00e3o de Levi Martins, regressa em Setembro na Incr\u00edvel Almadense, com apresenta\u00e7\u00f5es nos dias 14, 15, 21 e 22.<\/p>\n","protected":false},"author":13,"featured_media":59427,"comment_status":"open","ping_status":"closed","sticky":false,"template":"","format":"standard","meta":{"footnotes":""},"categories":[2,5],"tags":[452,283,7637],"class_list":["post-59426","post","type-post","status-publish","format-standard","has-post-thumbnail","hentry","category-cultura","category-teatro","tag-almada","tag-companhia-mascarenhas-martins","tag-incrivel-almadense"],"yoast_head":"<!-- This site is optimized with the Yoast SEO plugin v27.4 - https:\/\/yoast.com\/product\/yoast-seo-wordpress\/ -->\n<title>Companhia Mascarenhas-Martins apresenta &#039;At\u00e9 Parece&#039;, em Almada | Infocul.pt - Arquivo Digital<\/title>\n<meta name=\"description\" content=\"Companhia Mascarenhas-Martins apresenta &#039;At\u00e9 Parece&#039;, em Almada | Infocul.pt - Arquivo Digital\" \/>\n<meta name=\"robots\" content=\"noindex, follow, max-snippet:-1, max-image-preview:large, max-video-preview:-1\" \/>\n<meta property=\"og:locale\" content=\"pt_PT\" \/>\n<meta property=\"og:type\" content=\"article\" \/>\n<meta property=\"og:title\" content=\"Companhia Mascarenhas-Martins apresenta &#039;At\u00e9 Parece&#039;, em Almada | Infocul.pt - Arquivo Digital\" \/>\n<meta property=\"og:description\" content=\"Companhia Mascarenhas-Martins apresenta &#039;At\u00e9 Parece&#039;, em Almada | Infocul.pt - Arquivo Digital\" \/>\n<meta property=\"og:url\" content=\"https:\/\/infocul.pt\/arquivo\/cultura\/companhia-mascarenhas-martins-apresenta-ate-parece-em-almada\/\" \/>\n<meta property=\"og:site_name\" content=\"Infocul.pt - Arquivo Digital\" \/>\n<meta property=\"article:publisher\" content=\"https:\/\/www.facebook.com\/Infocul-147816815585015\/\" \/>\n<meta property=\"article:published_time\" content=\"2019-09-08T23:00:19+00:00\" \/>\n<meta property=\"og:image\" content=\"https:\/\/infocul.pt\/arquivo\/wp-content\/uploads\/2019\/09\/ATE-PARECE-CARTAZ-MED-RES-ALM-copy-690x1024.jpg\" \/>\n\t<meta property=\"og:image:width\" content=\"690\" \/>\n\t<meta property=\"og:image:height\" content=\"1024\" \/>\n\t<meta property=\"og:image:type\" content=\"image\/jpeg\" \/>\n<meta name=\"author\" content=\"Redac\u00e7\u00e3o\" \/>\n<meta name=\"twitter:card\" content=\"summary_large_image\" \/>\n<meta name=\"twitter:creator\" content=\"@Infoculpt\" \/>\n<meta name=\"twitter:site\" content=\"@Infoculpt\" \/>\n<meta name=\"twitter:label1\" content=\"Escrito por\" \/>\n\t<meta name=\"twitter:data1\" content=\"Redac\u00e7\u00e3o\" \/>\n\t<meta name=\"twitter:label2\" content=\"Tempo estimado de leitura\" \/>\n\t<meta name=\"twitter:data2\" content=\"1 minuto\" \/>\n<script type=\"application\/ld+json\" class=\"yoast-schema-graph\">{\"@context\":\"https:\\\/\\\/schema.org\",\"@graph\":[{\"@type\":\"Article\",\"@id\":\"https:\\\/\\\/infocul.pt\\\/arquivo\\\/cultura\\\/companhia-mascarenhas-martins-apresenta-ate-parece-em-almada\\\/#article\",\"isPartOf\":{\"@id\":\"https:\\\/\\\/infocul.pt\\\/arquivo\\\/cultura\\\/companhia-mascarenhas-martins-apresenta-ate-parece-em-almada\\\/\"},\"author\":{\"name\":\"Redac\u00e7\u00e3o\",\"@id\":\"https:\\\/\\\/infocul.pt\\\/arquivo\\\/#\\\/schema\\\/person\\\/f243f45ae8d67639120a7586884f3abc\"},\"headline\":\"Companhia Mascarenhas-Martins apresenta &#8216;At\u00e9 Parece&#8217;, em Almada\",\"datePublished\":\"2019-09-08T23:00:19+00:00\",\"mainEntityOfPage\":{\"@id\":\"https:\\\/\\\/infocul.pt\\\/arquivo\\\/cultura\\\/companhia-mascarenhas-martins-apresenta-ate-parece-em-almada\\\/\"},\"wordCount\":232,\"commentCount\":0,\"publisher\":{\"@id\":\"https:\\\/\\\/infocul.pt\\\/arquivo\\\/#organization\"},\"image\":{\"@id\":\"https:\\\/\\\/infocul.pt\\\/arquivo\\\/cultura\\\/companhia-mascarenhas-martins-apresenta-ate-parece-em-almada\\\/#primaryimage\"},\"thumbnailUrl\":\"https:\\\/\\\/infocul.pt\\\/arquivo\\\/wp-content\\\/uploads\\\/2019\\\/09\\\/ATE-PARECE-CARTAZ-MED-RES-ALM-copy.jpg\",\"keywords\":[\"Almada\",\"Companhia Mascarenhas-Martins\",\"Incr\u00edvel Almadense\"],\"articleSection\":[\"Cultura\",\"Teatro\"],\"inLanguage\":\"pt-PT\"},{\"@type\":\"WebPage\",\"@id\":\"https:\\\/\\\/infocul.pt\\\/arquivo\\\/cultura\\\/companhia-mascarenhas-martins-apresenta-ate-parece-em-almada\\\/\",\"url\":\"https:\\\/\\\/infocul.pt\\\/arquivo\\\/cultura\\\/companhia-mascarenhas-martins-apresenta-ate-parece-em-almada\\\/\",\"name\":\"Companhia Mascarenhas-Martins apresenta 'At\u00e9 Parece', em Almada | Infocul.pt - Arquivo Digital\",\"isPartOf\":{\"@id\":\"https:\\\/\\\/infocul.pt\\\/arquivo\\\/#website\"},\"primaryImageOfPage\":{\"@id\":\"https:\\\/\\\/infocul.pt\\\/arquivo\\\/cultura\\\/companhia-mascarenhas-martins-apresenta-ate-parece-em-almada\\\/#primaryimage\"},\"image\":{\"@id\":\"https:\\\/\\\/infocul.pt\\\/arquivo\\\/cultura\\\/companhia-mascarenhas-martins-apresenta-ate-parece-em-almada\\\/#primaryimage\"},\"thumbnailUrl\":\"https:\\\/\\\/infocul.pt\\\/arquivo\\\/wp-content\\\/uploads\\\/2019\\\/09\\\/ATE-PARECE-CARTAZ-MED-RES-ALM-copy.jpg\",\"datePublished\":\"2019-09-08T23:00:19+00:00\",\"description\":\"Companhia Mascarenhas-Martins apresenta 'At\u00e9 Parece', em Almada | Infocul.pt - Arquivo Digital\",\"breadcrumb\":{\"@id\":\"https:\\\/\\\/infocul.pt\\\/arquivo\\\/cultura\\\/companhia-mascarenhas-martins-apresenta-ate-parece-em-almada\\\/#breadcrumb\"},\"inLanguage\":\"pt-PT\",\"potentialAction\":[{\"@type\":\"ReadAction\",\"target\":[\"https:\\\/\\\/infocul.pt\\\/arquivo\\\/cultura\\\/companhia-mascarenhas-martins-apresenta-ate-parece-em-almada\\\/\"]}]},{\"@type\":\"ImageObject\",\"inLanguage\":\"pt-PT\",\"@id\":\"https:\\\/\\\/infocul.pt\\\/arquivo\\\/cultura\\\/companhia-mascarenhas-martins-apresenta-ate-parece-em-almada\\\/#primaryimage\",\"url\":\"https:\\\/\\\/infocul.pt\\\/arquivo\\\/wp-content\\\/uploads\\\/2019\\\/09\\\/ATE-PARECE-CARTAZ-MED-RES-ALM-copy.jpg\",\"contentUrl\":\"https:\\\/\\\/infocul.pt\\\/arquivo\\\/wp-content\\\/uploads\\\/2019\\\/09\\\/ATE-PARECE-CARTAZ-MED-RES-ALM-copy.jpg\",\"width\":2787,\"height\":4134},{\"@type\":\"BreadcrumbList\",\"@id\":\"https:\\\/\\\/infocul.pt\\\/arquivo\\\/cultura\\\/companhia-mascarenhas-martins-apresenta-ate-parece-em-almada\\\/#breadcrumb\",\"itemListElement\":[{\"@type\":\"ListItem\",\"position\":1,\"name\":\"Home\",\"item\":\"https:\\\/\\\/infocul.pt\\\/arquivo\\\/\"},{\"@type\":\"ListItem\",\"position\":2,\"name\":\"Companhia Mascarenhas-Martins apresenta &#8216;At\u00e9 Parece&#8217;, em Almada\"}]},{\"@type\":\"WebSite\",\"@id\":\"https:\\\/\\\/infocul.pt\\\/arquivo\\\/#website\",\"url\":\"https:\\\/\\\/infocul.pt\\\/arquivo\\\/\",\"name\":\"Infocul.pt - Arquivo Digital\",\"description\":\"Arquivo digital da Infocul.pt\",\"publisher\":{\"@id\":\"https:\\\/\\\/infocul.pt\\\/arquivo\\\/#organization\"},\"potentialAction\":[{\"@type\":\"SearchAction\",\"target\":{\"@type\":\"EntryPoint\",\"urlTemplate\":\"https:\\\/\\\/infocul.pt\\\/arquivo\\\/?s={search_term_string}\"},\"query-input\":{\"@type\":\"PropertyValueSpecification\",\"valueRequired\":true,\"valueName\":\"search_term_string\"}}],\"inLanguage\":\"pt-PT\"},{\"@type\":\"Organization\",\"@id\":\"https:\\\/\\\/infocul.pt\\\/arquivo\\\/#organization\",\"name\":\"Infocul.pt\",\"url\":\"https:\\\/\\\/infocul.pt\\\/arquivo\\\/\",\"logo\":{\"@type\":\"ImageObject\",\"inLanguage\":\"pt-PT\",\"@id\":\"https:\\\/\\\/infocul.pt\\\/arquivo\\\/#\\\/schema\\\/logo\\\/image\\\/\",\"url\":\"https:\\\/\\\/infocul.pt\\\/arquivo\\\/wp-content\\\/uploads\\\/2018\\\/12\\\/Infocul_logo-1.png\",\"contentUrl\":\"https:\\\/\\\/infocul.pt\\\/arquivo\\\/wp-content\\\/uploads\\\/2018\\\/12\\\/Infocul_logo-1.png\",\"width\":800,\"height\":800,\"caption\":\"Infocul.pt\"},\"image\":{\"@id\":\"https:\\\/\\\/infocul.pt\\\/arquivo\\\/#\\\/schema\\\/logo\\\/image\\\/\"},\"sameAs\":[\"https:\\\/\\\/www.facebook.com\\\/Infocul-147816815585015\\\/\",\"https:\\\/\\\/x.com\\\/Infoculpt\",\"http:\\\/\\\/www.pictaram.com\\\/user\\\/infocul.pt\\\/2370423710\",\"https:\\\/\\\/www.youtube.com\\\/channel\\\/UCYEB91AGI9FL9ek2i_IaQAA\"]},{\"@type\":\"Person\",\"@id\":\"https:\\\/\\\/infocul.pt\\\/arquivo\\\/#\\\/schema\\\/person\\\/f243f45ae8d67639120a7586884f3abc\",\"name\":\"Redac\u00e7\u00e3o\",\"image\":{\"@type\":\"ImageObject\",\"inLanguage\":\"pt-PT\",\"@id\":\"https:\\\/\\\/secure.gravatar.com\\\/avatar\\\/151b1b76c598ab5e749407223bd6c1bad4e41c4e95de3c3df83540ebee2deaf8?s=96&d=mm&r=g\",\"url\":\"https:\\\/\\\/secure.gravatar.com\\\/avatar\\\/151b1b76c598ab5e749407223bd6c1bad4e41c4e95de3c3df83540ebee2deaf8?s=96&d=mm&r=g\",\"contentUrl\":\"https:\\\/\\\/secure.gravatar.com\\\/avatar\\\/151b1b76c598ab5e749407223bd6c1bad4e41c4e95de3c3df83540ebee2deaf8?s=96&d=mm&r=g\",\"caption\":\"Redac\u00e7\u00e3o\"}}]}<\/script>\n<!-- \/ Yoast SEO plugin. -->","yoast_head_json":{"title":"Companhia Mascarenhas-Martins apresenta 'At\u00e9 Parece', em Almada | Infocul.pt - Arquivo Digital","description":"Companhia Mascarenhas-Martins apresenta 'At\u00e9 Parece', em Almada | Infocul.pt - Arquivo Digital","robots":{"index":"noindex","follow":"follow","max-snippet":"max-snippet:-1","max-image-preview":"max-image-preview:large","max-video-preview":"max-video-preview:-1"},"og_locale":"pt_PT","og_type":"article","og_title":"Companhia Mascarenhas-Martins apresenta 'At\u00e9 Parece', em Almada | Infocul.pt - Arquivo Digital","og_description":"Companhia Mascarenhas-Martins apresenta 'At\u00e9 Parece', em Almada | Infocul.pt - Arquivo Digital","og_url":"https:\/\/infocul.pt\/arquivo\/cultura\/companhia-mascarenhas-martins-apresenta-ate-parece-em-almada\/","og_site_name":"Infocul.pt - Arquivo Digital","article_publisher":"https:\/\/www.facebook.com\/Infocul-147816815585015\/","article_published_time":"2019-09-08T23:00:19+00:00","og_image":[{"width":690,"height":1024,"url":"https:\/\/infocul.pt\/arquivo\/wp-content\/uploads\/2019\/09\/ATE-PARECE-CARTAZ-MED-RES-ALM-copy-690x1024.jpg","type":"image\/jpeg"}],"author":"Redac\u00e7\u00e3o","twitter_card":"summary_large_image","twitter_creator":"@Infoculpt","twitter_site":"@Infoculpt","twitter_misc":{"Escrito por":"Redac\u00e7\u00e3o","Tempo estimado de leitura":"1 minuto"},"schema":{"@context":"https:\/\/schema.org","@graph":[{"@type":"Article","@id":"https:\/\/infocul.pt\/arquivo\/cultura\/companhia-mascarenhas-martins-apresenta-ate-parece-em-almada\/#article","isPartOf":{"@id":"https:\/\/infocul.pt\/arquivo\/cultura\/companhia-mascarenhas-martins-apresenta-ate-parece-em-almada\/"},"author":{"name":"Redac\u00e7\u00e3o","@id":"https:\/\/infocul.pt\/arquivo\/#\/schema\/person\/f243f45ae8d67639120a7586884f3abc"},"headline":"Companhia Mascarenhas-Martins apresenta &#8216;At\u00e9 Parece&#8217;, em Almada","datePublished":"2019-09-08T23:00:19+00:00","mainEntityOfPage":{"@id":"https:\/\/infocul.pt\/arquivo\/cultura\/companhia-mascarenhas-martins-apresenta-ate-parece-em-almada\/"},"wordCount":232,"commentCount":0,"publisher":{"@id":"https:\/\/infocul.pt\/arquivo\/#organization"},"image":{"@id":"https:\/\/infocul.pt\/arquivo\/cultura\/companhia-mascarenhas-martins-apresenta-ate-parece-em-almada\/#primaryimage"},"thumbnailUrl":"https:\/\/infocul.pt\/arquivo\/wp-content\/uploads\/2019\/09\/ATE-PARECE-CARTAZ-MED-RES-ALM-copy.jpg","keywords":["Almada","Companhia Mascarenhas-Martins","Incr\u00edvel Almadense"],"articleSection":["Cultura","Teatro"],"inLanguage":"pt-PT"},{"@type":"WebPage","@id":"https:\/\/infocul.pt\/arquivo\/cultura\/companhia-mascarenhas-martins-apresenta-ate-parece-em-almada\/","url":"https:\/\/infocul.pt\/arquivo\/cultura\/companhia-mascarenhas-martins-apresenta-ate-parece-em-almada\/","name":"Companhia Mascarenhas-Martins apresenta 'At\u00e9 Parece', em Almada | Infocul.pt - Arquivo Digital","isPartOf":{"@id":"https:\/\/infocul.pt\/arquivo\/#website"},"primaryImageOfPage":{"@id":"https:\/\/infocul.pt\/arquivo\/cultura\/companhia-mascarenhas-martins-apresenta-ate-parece-em-almada\/#primaryimage"},"image":{"@id":"https:\/\/infocul.pt\/arquivo\/cultura\/companhia-mascarenhas-martins-apresenta-ate-parece-em-almada\/#primaryimage"},"thumbnailUrl":"https:\/\/infocul.pt\/arquivo\/wp-content\/uploads\/2019\/09\/ATE-PARECE-CARTAZ-MED-RES-ALM-copy.jpg","datePublished":"2019-09-08T23:00:19+00:00","description":"Companhia Mascarenhas-Martins apresenta 'At\u00e9 Parece', em Almada | Infocul.pt - Arquivo Digital","breadcrumb":{"@id":"https:\/\/infocul.pt\/arquivo\/cultura\/companhia-mascarenhas-martins-apresenta-ate-parece-em-almada\/#breadcrumb"},"inLanguage":"pt-PT","potentialAction":[{"@type":"ReadAction","target":["https:\/\/infocul.pt\/arquivo\/cultura\/companhia-mascarenhas-martins-apresenta-ate-parece-em-almada\/"]}]},{"@type":"ImageObject","inLanguage":"pt-PT","@id":"https:\/\/infocul.pt\/arquivo\/cultura\/companhia-mascarenhas-martins-apresenta-ate-parece-em-almada\/#primaryimage","url":"https:\/\/infocul.pt\/arquivo\/wp-content\/uploads\/2019\/09\/ATE-PARECE-CARTAZ-MED-RES-ALM-copy.jpg","contentUrl":"https:\/\/infocul.pt\/arquivo\/wp-content\/uploads\/2019\/09\/ATE-PARECE-CARTAZ-MED-RES-ALM-copy.jpg","width":2787,"height":4134},{"@type":"BreadcrumbList","@id":"https:\/\/infocul.pt\/arquivo\/cultura\/companhia-mascarenhas-martins-apresenta-ate-parece-em-almada\/#breadcrumb","itemListElement":[{"@type":"ListItem","position":1,"name":"Home","item":"https:\/\/infocul.pt\/arquivo\/"},{"@type":"ListItem","position":2,"name":"Companhia Mascarenhas-Martins apresenta &#8216;At\u00e9 Parece&#8217;, em Almada"}]},{"@type":"WebSite","@id":"https:\/\/infocul.pt\/arquivo\/#website","url":"https:\/\/infocul.pt\/arquivo\/","name":"Infocul.pt - Arquivo Digital","description":"Arquivo digital da Infocul.pt","publisher":{"@id":"https:\/\/infocul.pt\/arquivo\/#organization"},"potentialAction":[{"@type":"SearchAction","target":{"@type":"EntryPoint","urlTemplate":"https:\/\/infocul.pt\/arquivo\/?s={search_term_string}"},"query-input":{"@type":"PropertyValueSpecification","valueRequired":true,"valueName":"search_term_string"}}],"inLanguage":"pt-PT"},{"@type":"Organization","@id":"https:\/\/infocul.pt\/arquivo\/#organization","name":"Infocul.pt","url":"https:\/\/infocul.pt\/arquivo\/","logo":{"@type":"ImageObject","inLanguage":"pt-PT","@id":"https:\/\/infocul.pt\/arquivo\/#\/schema\/logo\/image\/","url":"https:\/\/infocul.pt\/arquivo\/wp-content\/uploads\/2018\/12\/Infocul_logo-1.png","contentUrl":"https:\/\/infocul.pt\/arquivo\/wp-content\/uploads\/2018\/12\/Infocul_logo-1.png","width":800,"height":800,"caption":"Infocul.pt"},"image":{"@id":"https:\/\/infocul.pt\/arquivo\/#\/schema\/logo\/image\/"},"sameAs":["https:\/\/www.facebook.com\/Infocul-147816815585015\/","https:\/\/x.com\/Infoculpt","http:\/\/www.pictaram.com\/user\/infocul.pt\/2370423710","https:\/\/www.youtube.com\/channel\/UCYEB91AGI9FL9ek2i_IaQAA"]},{"@type":"Person","@id":"https:\/\/infocul.pt\/arquivo\/#\/schema\/person\/f243f45ae8d67639120a7586884f3abc","name":"Redac\u00e7\u00e3o","image":{"@type":"ImageObject","inLanguage":"pt-PT","@id":"https:\/\/secure.gravatar.com\/avatar\/151b1b76c598ab5e749407223bd6c1bad4e41c4e95de3c3df83540ebee2deaf8?s=96&d=mm&r=g","url":"https:\/\/secure.gravatar.com\/avatar\/151b1b76c598ab5e749407223bd6c1bad4e41c4e95de3c3df83540ebee2deaf8?s=96&d=mm&r=g","contentUrl":"https:\/\/secure.gravatar.com\/avatar\/151b1b76c598ab5e749407223bd6c1bad4e41c4e95de3c3df83540ebee2deaf8?s=96&d=mm&r=g","caption":"Redac\u00e7\u00e3o"}}]}},"_links":{"self":[{"href":"https:\/\/infocul.pt\/arquivo\/wp-json\/wp\/v2\/posts\/59426","targetHints":{"allow":["GET"]}}],"collection":[{"href":"https:\/\/infocul.pt\/arquivo\/wp-json\/wp\/v2\/posts"}],"about":[{"href":"https:\/\/infocul.pt\/arquivo\/wp-json\/wp\/v2\/types\/post"}],"author":[{"embeddable":true,"href":"https:\/\/infocul.pt\/arquivo\/wp-json\/wp\/v2\/users\/13"}],"replies":[{"embeddable":true,"href":"https:\/\/infocul.pt\/arquivo\/wp-json\/wp\/v2\/comments?post=59426"}],"version-history":[{"count":0,"href":"https:\/\/infocul.pt\/arquivo\/wp-json\/wp\/v2\/posts\/59426\/revisions"}],"wp:featuredmedia":[{"embeddable":true,"href":"https:\/\/infocul.pt\/arquivo\/wp-json\/wp\/v2\/media\/59427"}],"wp:attachment":[{"href":"https:\/\/infocul.pt\/arquivo\/wp-json\/wp\/v2\/media?parent=59426"}],"wp:term":[{"taxonomy":"category","embeddable":true,"href":"https:\/\/infocul.pt\/arquivo\/wp-json\/wp\/v2\/categories?post=59426"},{"taxonomy":"post_tag","embeddable":true,"href":"https:\/\/infocul.pt\/arquivo\/wp-json\/wp\/v2\/tags?post=59426"}],"curies":[{"name":"wp","href":"https:\/\/api.w.org\/{rel}","templated":true}]}}