{"id":59754,"date":"2019-09-10T13:23:48","date_gmt":"2019-09-10T12:23:48","guid":{"rendered":"https:\/\/infocul.pt\/?p=59754"},"modified":"2019-09-10T13:58:31","modified_gmt":"2019-09-10T12:58:31","slug":"dias-21-e-22-de-setembro-open-house-representa-muito-daquilo-que-tentamos-fazer-na-egeac-diz-joana-gomes-cardoso","status":"publish","type":"post","link":"https:\/\/infocul.pt\/arquivo\/actualidade\/dias-21-e-22-de-setembro-open-house-representa-muito-daquilo-que-tentamos-fazer-na-egeac-diz-joana-gomes-cardoso\/","title":{"rendered":"Dias 21 e 22 de Setembro: &#8220;Open House representa muito daquilo que tentamos fazer na EGEAC&#8221;, diz Joana Gomes Cardoso"},"content":{"rendered":"<p><img decoding=\"async\" class=\"aligncenter wp-image-59755 size-large lazyload\" data-src=\"https:\/\/infocul.pt\/arquivo\/wp-content\/uploads\/2019\/09\/IMG_20190910_105846-1024x768.jpg\" alt=\"\" width=\"800\" height=\"600\" data-srcset=\"https:\/\/infocul.pt\/arquivo\/wp-content\/uploads\/2019\/09\/IMG_20190910_105846-1024x768.jpg 1024w, https:\/\/infocul.pt\/arquivo\/wp-content\/uploads\/2019\/09\/IMG_20190910_105846-300x225.jpg 300w, https:\/\/infocul.pt\/arquivo\/wp-content\/uploads\/2019\/09\/IMG_20190910_105846-768x576.jpg 768w\" data-sizes=\"(max-width: 800px) 100vw, 800px\" src=\"data:image\/svg+xml;base64,PHN2ZyB3aWR0aD0iMSIgaGVpZ2h0PSIxIiB4bWxucz0iaHR0cDovL3d3dy53My5vcmcvMjAwMC9zdmciPjwvc3ZnPg==\" style=\"--smush-placeholder-width: 800px; --smush-placeholder-aspect-ratio: 800\/600;\" \/><\/p>\n<p>&nbsp;<\/p>\n<p>&nbsp;<\/p>\n<p>Decorreu esta manh\u00e3, 10 de Setembro, a apresenta\u00e7\u00e3o da Open House Lisboa 2019, no bairro de Campo de Ourique, em Lisboa.<!--more--><\/p>\n<p>Nesta apresenta\u00e7\u00e3o marcaram presen\u00e7a Jos\u00e9 Mateus, presidente da Trienal; Joana Gomes Cardoso, presidente da <a href=\"https:\/\/egeac.pt\/\" target=\"_blank\" rel=\"noopener noreferrer\">EGEAC<\/a>; Patr\u00edcia Robalo, comiss\u00e1ria OHL 2019 e Filipa Tomaz, respons\u00e1vel pelos programas de voluntariado, J\u00fanior e de Acessibilidade.<\/p>\n<p align=\"center\"><span style=\"color: #2a6099;\">\u201c<b>Open House representa muito daquilo que tentamos fazer na EGEAC\u201d<\/b><\/span><\/p>\n<p>No final dos discursos de apresenta\u00e7\u00e3o, o Infocul.pt entrevistou a presidente da EGEAC, Joana Gomes Cardoso, que come\u00e7ou por nos dizer que a \u201c<i><b>Open House representa muito daquilo que tentamos fazer na EGEAC, que \u00e9 oferecer uma programa\u00e7\u00e3o cultural de uma forma inclusiva e democr\u00e1tica, para que qualquer pessoa, seja qual for o grau de instru\u00e7\u00e3o ou mesmo sem grau de instru\u00e7\u00e3o, possa aceder e usufruir<\/b><\/i>\u201d.<\/p>\n<p>O tema este ano da Open House \u00e9 \u2018Lisboa sem Centro\u2019, de modo a desconstruir a ideia de uma Lisboa com um centro e levando o p\u00fablico a locais mais rec\u00f4nditos da cidade. Para Joana Cardoso, \u201c<i><b>a ideia \u00e9 essa, n\u00f3s temos a sorte de viver numa cidade extraordinariamente rica, mas grande parte desse patrim\u00f3nio \u00e9 desconhecido dos pr\u00f3prios lisboetas por v\u00e1rias raz\u00f5es e aquilo que n\u00f3s tentamos fazer ao longo do ano, com muita programa\u00e7\u00e3o, designadamente esses concertos no Vale do Sil\u00eancio, nos Olivais, mas muito tamb\u00e9m atrav\u00e9s da Open House, \u00e9 essa descoberta da cidade e neste caso atrav\u00e9s de uma ideia trazida pela comiss\u00e1ria que \u00e9 a ideia de Lisboa n\u00e3o ter centro, como seria Lisboa se n\u00f3s desconstru\u00edssemos esta ideia de que h\u00e1 um centro hist\u00f3rico, que h\u00e1 outro centro, portanto uma ideia de Lisboa sem qualquer tipo de centro ou periferia e l\u00e1 est\u00e1, voltamos \u00e0 tal ideia de esp\u00edrito democr\u00e1tico e inclusivo da cidade que \u00e9 aquilo que n\u00f3s queremos incutir<\/b><\/i>\u201d.<\/p>\n<p align=\"center\"><b>Or\u00e7amento do Lisboa na Rua: \u201c<span style=\"color: #2a6099;\">S<\/span><span style=\"color: #2a6099;\">itua-se um pouco acima dos 300 mil euros<\/span>\u201d<\/b><\/p>\n<p>Durante a apresenta\u00e7\u00e3o, a presidente da EGEAC falou sobre a \u2018resist\u00eancia\u2019 que sentiu ao in\u00edcio para descentralizar as actividades na cidade. Em entrevista ao Infocul explicou que \u201c<i><b>isso aconteceu no in<\/b><\/i><i><b>\u00ed<\/b><\/i><i><b>cio, porque. que como tudo. o que custa \u00e9 experimentar a primeira vez, porque a partir do momento em que se experimenta e corre bem a partir da<\/b><\/i><i><b>\u00ed<\/b><\/i><i><b> \u00e9 f\u00e1cil e hoje em dia j\u00e1 n\u00e3o existe essa ideia, j\u00e1 n\u00e3o existe esse medo ou esse estigma, existiu no in<\/b><\/i><i><b>\u00ed<\/b><\/i><i><b>cio alguma resist\u00eancia e algum sil<\/b><\/i><i><b>\u00ea<\/b><\/i><i><b>ncio, at\u00e9 porque j\u00e1 tinha existido l\u00e1 <\/b><\/i><i><b>experi\u00eancias<\/b><\/i><i><b> que n\u00e3o tinha<\/b><\/i><i><b>m<\/b><\/i><i><b> corrido bem, hoje <\/b><\/i><i><b>em<\/b><\/i><i><b> dia pelo contr\u00e1rio sentimos grande rece<\/b><\/i><i><b>p<\/b><\/i><i><b>tividade n\u00e3o s\u00f3 pelas equipas como pelo p<\/b><\/i><i><b>\u00fa<\/b><\/i><i><b>blico, ou seja, hoje em dia n\u00f3s podemos fazer uma <\/b><\/i><i><b>experi\u00eancia<\/b><\/i><i><b> num s<\/b><\/i><i><b>\u00ed<\/b><\/i><i><b>tio da cidade que seria considerado remoto ou desconhecido e pelo contr\u00e1rio sentimos <\/b><\/i><i><b>que<\/b><\/i><i><b> tornou-se um facto<\/b><\/i><i><b>r<\/b><\/i><i><b> de atractivi<\/b><\/i><i><b>d<\/b><\/i><i><b>ade, ou seja, as pessoas parecem estar muito receptivas a fazer essa desloca\u00e7\u00e3o para outras zonas da cidade e descobrir outras zonas da cidade<\/b><\/i>\u201d.<\/p>\n<p>A 8\u00aa edi\u00e7\u00e3o do Open House insere-se na programa\u00e7\u00e3o multicultural do Lisboa na Rua. Questionada sobre o or\u00e7amento do Lisboa na Rua, a presidente da EGEAC come\u00e7ou por explicar que \u201c<i><b>L<\/b><\/i><i><b>isboa na <\/b><\/i><i><b>R<\/b><\/i><i><b>ua, tal como as <\/b><\/i><i><b>F<\/b><\/i><i><b>estas de <\/b><\/i><i><b>L<\/b><\/i><i><b>isboa, \u00e9 um programa <\/b><\/i><i><b>autos-suficiente<\/b><\/i><i><b> no sentido em que a <\/b><\/i><i><b>EGEAC <\/b><\/i><i><b>tem patrocinadores que patrocinam e que permitem <\/b><\/i><i><b>que <\/b><\/i><i><b>toda esta programa\u00e7\u00e3o seja gratuita e neste momento o or\u00e7amento para um m\u00eas inteiro de programa\u00e7\u00e3o muito variada, de teatro, cinema, m\u00fasica, etc, situa-se um pouco acima dos 300 mil euros<\/b><\/i>\u201d.<\/p>\n<p>\u201c<i><b>O objectivo \u00e9 dar a conhecer a descobrir a cidade de uma forma inclusiva e aberta. No <\/b><\/i><i><b>Lisboa<\/b><\/i><i><b> na <\/b><\/i><i><b>R<\/b><\/i><i><b>ua a <\/b><\/i><i><b>experi\u00eancia<\/b><\/i><i><b> at\u00e9 agora, e estamos a sensivelmente um pouco abaixo da metade, <\/b><\/i><i><b>\u00e9<\/b><\/i><i><b> novamente <\/b><\/i><i><b>de <\/b><\/i><i><b>grande receptividade. <\/b><\/i><i><b>N<\/b><\/i><i><b>o Jardim <\/b><\/i><i><b>Z<\/b><\/i><i><b>ool\u00f3gico, onde estamos a fazer pela primeira vez sess\u00f5es de cinema para crian\u00e7as e para fam\u00edlias, temos tido cerca de 500 pessoas em cada sess\u00e3o. Quinta-feira vamos abrir o festival <\/b><\/i><i><b>Lisboa<\/b><\/i><i><b> <\/b><\/i><i><b>S<\/b><\/i><i><b>oa, n\u00e3o \u00e9 um festival de massas, \u00e9 um festival mais pequeno, mas que atrai muitas pessoas por estar integrado no Lisboa na Rua. Estamos muito satisfeitos e de novo <\/b><\/i><i><b>a<\/b><\/i><i><b> notar esta receptividade dos lisboetas talvez porque \u00e9 um momento em que as pessoas est\u00e3o a regressar <\/b><\/i><i><b>\u00e0<\/b><\/i><i><b> sua rotina e sabes-lhe bem ter algo, um programa cultural para poderem retomar fun\u00e7\u00f5es<\/b><\/i>\u201d, acrescentou.<\/p>\n<p>A 8\u00aa edi\u00e7\u00e3o do Open House Lisboa est\u00e1 marcada para o fim-de-semana de 21 e 22 de Setembro, integrando a rede internacional Open House Worldwide que liga j\u00e1 45 cidades no mundo inteiro.<\/p>\n<p align=\"center\"><span style=\"color: #2a6099;\">\u201c<b>S\u00e3o oportunidades primeiras de ver espa\u00e7os que nunca tiveram acess\u00edveis desta forma\u201d<\/b><\/span><\/p>\n<p>Ao Infocul, a comiss\u00e1ria Patr\u00edcia Robalo come\u00e7ou por explicar que \u201c<i><b>t<\/b><\/i><i><b>odos os anos com o fim da edi\u00e7\u00e3o d<\/b><\/i><i><b>a<\/b><\/i><i><b> <\/b><\/i><i><b>O<\/b><\/i><i><b>pen <\/b><\/i><i><b>H<\/b><\/i><i><b>ouse d\u00e1-se in<\/b><\/i><i><b>\u00edcio<\/b><\/i><i><b> a um processo de selec\u00e7\u00e3o\u00a0dos novos comissariados e eu fui seleccionada num concurso por convite e a minha proposta de \u2018Lisboa sem centro\u2019 ganhou e isto foi h\u00e1 cerca de um ano e a partir da\u00ed come\u00e7a-<\/b><\/i><i><b>se<\/b><\/i><i><b> todo um processo de constru\u00e7\u00e3o de um roteiro, de trabalho de uma linha curatorial que nos leva a esta apresenta\u00e7\u00e3o p<\/b><\/i><i><b>\u00fa<\/b><\/i><i><b>blica e ao fim-de-semana de 21 e 22<\/b><\/i>\u201d.<\/p>\n<p>Sobre a sua ideia, diz que \u201c<i><b>a ideia central \u00e9 mudar as concep\u00e7\u00f5es que temos sobre <\/b><\/i><i><b>Lisboa<\/b><\/i><i><b>, ou seja, <\/b><\/i><i><b>Lisboa<\/b><\/i><i><b> \u00e9 composta de uma enorme diversidade de paisagens, lugares de habita\u00e7\u00e3o, lugares de trabalho, uma enorme interdepend\u00eancia at\u00e9 para fora de <\/b><\/i><i><b>Lisboa<\/b><\/i><i><b> e portanto \u00e9 muito limitativo e cria muita confus\u00e3o ao falarmos destas quest\u00f5es, continuarmos a ter de <\/b><\/i><i><b>Lisboa<\/b><\/i><i><b> uma vis\u00e3o r\u00edgida sobre o que \u00e9 que \u00e9 <\/b><\/i><i><b>Lisboa<\/b><\/i><i><b>, ou seja, produzida \u00e0 imagem que temos de <\/b><\/i><i><b>Lisboa<\/b><\/i><i><b> representativa patrimonial do centro<\/b><\/i>\u201d.<\/p>\n<p>Sobre esta edi\u00e7\u00e3o disse que \u201c<i><b>este ano temos menos espa\u00e7os, s\u00e3o 50 espa\u00e7os, todos eles foram da chamada 1\u00aa circular de Lisboa, temos 25 espa\u00e7os que nunca entraram na <\/b><\/i><i><b>O<\/b><\/i><i><b>pen <\/b><\/i><i><b>H<\/b><\/i><i><b>ouse, portanto s\u00e3o oportunidades primeiras de ver espa\u00e7os que nunca tiveram acess\u00edveis desta forma<\/b><\/i>\u201d.<\/p>\n<p>Sobre as visitas, disse que \u201c<i><b>\u00e9 vari\u00e1vel, este \u00e9 um evento extremamente dependente da generosidade das institui\u00e7\u00f5es e dos propriet\u00e1rios de cada espa\u00e7o e portanto nos trabalhamos directamente com cada espa\u00e7o, para podermos perceber qual \u00e9 o hor\u00e1rio mais extensivo que conseguimos, h\u00e1 espa\u00e7os que est\u00e3o abertos o fim-de-semana todo, ou seja os dois dias, h\u00e1 espa\u00e7os que t\u00eam visitas muito particulares s\u00f3 num dia ou noutro e as pessoas conv\u00e9m consultarem os elementos online e os elementos impressos para poderem ter a certeza dos hor\u00e1rios de visitas, h\u00e1 visitas guiadas, visitas livres e visitas por especialistas<\/b><\/i>\u201d.<\/p>\n<p>Convidou ainda o p\u00fablico, destacando que \u201c<i><b>esta edi\u00e7\u00e3o \u00e9 especialmente inclusiva, \u00e9 uma edi\u00e7\u00e3o que tem 25 espa\u00e7os que nunca foram abertos no <\/b><\/i><i><b>O<\/b><\/i><i><b>pen <\/b><\/i><i><b>H<\/b><\/i><i><b>ouse, \u00e9 uma edi\u00e7\u00e3o que est\u00e1 a falar sobre o tema da transforma\u00e7\u00e3o de <\/b><\/i><i><b>Lisboa<\/b><\/i><i><b> e portanto \u00e9 uma edi\u00e7\u00e3o que convida todos a virem, inclusive as pessoas m<\/b><\/i><i><b>ai<\/b><\/i><i><b>s jovens, as pessoas mais idosas, com limita\u00e7\u00f5es f\u00edsicas, n<\/b><\/i><i><b>\u00f3<\/b><\/i><i><b>s trabalhamos em programas <\/b><\/i><i><b>j\u00fanior<\/b><\/i><i><b>, plus e acessibilidade para que todos sejam bem-vindos\u201d<\/b><\/i><\/p>\n<p><a href=\"https:\/\/www.trienaldelisboa.com\/ohl\/\">Toda a programa\u00e7\u00e3o e roteiro podem ser consultados aqui<\/a>.<\/p>\n","protected":false},"excerpt":{"rendered":"<p>&nbsp; &nbsp; Decorreu esta manh\u00e3, 10 de Setembro, a apresenta\u00e7\u00e3o da Open House Lisboa 2019, no bairro de Campo de Ourique, em Lisboa.<\/p>\n","protected":false},"author":2,"featured_media":59755,"comment_status":"open","ping_status":"closed","sticky":false,"template":"","format":"standard","meta":{"footnotes":""},"categories":[10,2,36,9,11,4123],"tags":[1031,7693,80,1933,7692,7694],"class_list":["post-59754","post","type-post","status-publish","format-standard","has-post-thumbnail","hentry","category-actualidade","category-cultura","category-destaque","category-outros","category-pais","category-reportagens-actualidade","tag-egeac","tag-joana-gomes-cardoso","tag-lisboa","tag-lisboa-na-rua","tag-open-house-lisboa","tag-patricia-robalo"],"yoast_head":"<!-- This site is optimized with the Yoast SEO plugin v27.5 - https:\/\/yoast.com\/product\/yoast-seo-wordpress\/ -->\n<title>Dias 21 e 22 de Setembro: &quot;Open House representa muito daquilo que tentamos fazer na EGEAC&quot;, diz Joana Gomes Cardoso | Infocul.pt - Arquivo Digital<\/title>\n<meta name=\"description\" content=\"Dias 21 e 22 de Setembro: &quot;Open House representa muito daquilo que tentamos fazer na EGEAC&quot;, diz Joana Gomes Cardoso | Infocul.pt - Arquivo Digital\" \/>\n<meta name=\"robots\" content=\"noindex, follow, max-snippet:-1, max-image-preview:large, max-video-preview:-1\" \/>\n<meta property=\"og:locale\" content=\"pt_PT\" \/>\n<meta property=\"og:type\" content=\"article\" \/>\n<meta property=\"og:title\" content=\"Dias 21 e 22 de Setembro: &quot;Open House representa muito daquilo que tentamos fazer na EGEAC&quot;, diz Joana Gomes Cardoso | Infocul.pt - Arquivo Digital\" \/>\n<meta property=\"og:description\" content=\"Dias 21 e 22 de Setembro: &quot;Open House representa muito daquilo que tentamos fazer na EGEAC&quot;, diz Joana Gomes Cardoso | Infocul.pt - Arquivo Digital\" \/>\n<meta property=\"og:url\" content=\"https:\/\/infocul.pt\/arquivo\/actualidade\/dias-21-e-22-de-setembro-open-house-representa-muito-daquilo-que-tentamos-fazer-na-egeac-diz-joana-gomes-cardoso\/\" \/>\n<meta property=\"og:site_name\" content=\"Infocul.pt - Arquivo Digital\" \/>\n<meta property=\"article:publisher\" content=\"https:\/\/www.facebook.com\/Infocul-147816815585015\/\" \/>\n<meta property=\"article:published_time\" content=\"2019-09-10T12:23:48+00:00\" \/>\n<meta property=\"article:modified_time\" content=\"2019-09-10T12:58:31+00:00\" \/>\n<meta property=\"og:image\" content=\"https:\/\/infocul.pt\/arquivo\/wp-content\/uploads\/2019\/09\/IMG_20190910_105846-1024x768.jpg\" \/>\n\t<meta property=\"og:image:width\" content=\"1024\" \/>\n\t<meta property=\"og:image:height\" content=\"768\" \/>\n\t<meta property=\"og:image:type\" content=\"image\/jpeg\" \/>\n<meta name=\"author\" content=\"Rui Lavrador\" \/>\n<meta name=\"twitter:card\" content=\"summary_large_image\" \/>\n<meta name=\"twitter:creator\" content=\"@Infoculpt\" \/>\n<meta name=\"twitter:site\" content=\"@Infoculpt\" \/>\n<meta name=\"twitter:label1\" content=\"Escrito por\" \/>\n\t<meta name=\"twitter:data1\" content=\"Rui Lavrador\" \/>\n\t<meta name=\"twitter:label2\" content=\"Tempo estimado de leitura\" \/>\n\t<meta name=\"twitter:data2\" content=\"6 minutos\" \/>\n<script type=\"application\/ld+json\" class=\"yoast-schema-graph\">{\"@context\":\"https:\\\/\\\/schema.org\",\"@graph\":[{\"@type\":\"Article\",\"@id\":\"https:\\\/\\\/infocul.pt\\\/arquivo\\\/actualidade\\\/dias-21-e-22-de-setembro-open-house-representa-muito-daquilo-que-tentamos-fazer-na-egeac-diz-joana-gomes-cardoso\\\/#article\",\"isPartOf\":{\"@id\":\"https:\\\/\\\/infocul.pt\\\/arquivo\\\/actualidade\\\/dias-21-e-22-de-setembro-open-house-representa-muito-daquilo-que-tentamos-fazer-na-egeac-diz-joana-gomes-cardoso\\\/\"},\"author\":{\"name\":\"Rui Lavrador\",\"@id\":\"https:\\\/\\\/infocul.pt\\\/arquivo\\\/#\\\/schema\\\/person\\\/060a108d7f2d85fc6aae505119ee5234\"},\"headline\":\"Dias 21 e 22 de Setembro: &#8220;Open House representa muito daquilo que tentamos fazer na EGEAC&#8221;, diz Joana Gomes Cardoso\",\"datePublished\":\"2019-09-10T12:23:48+00:00\",\"dateModified\":\"2019-09-10T12:58:31+00:00\",\"mainEntityOfPage\":{\"@id\":\"https:\\\/\\\/infocul.pt\\\/arquivo\\\/actualidade\\\/dias-21-e-22-de-setembro-open-house-representa-muito-daquilo-que-tentamos-fazer-na-egeac-diz-joana-gomes-cardoso\\\/\"},\"wordCount\":1265,\"commentCount\":0,\"publisher\":{\"@id\":\"https:\\\/\\\/infocul.pt\\\/arquivo\\\/#organization\"},\"image\":{\"@id\":\"https:\\\/\\\/infocul.pt\\\/arquivo\\\/actualidade\\\/dias-21-e-22-de-setembro-open-house-representa-muito-daquilo-que-tentamos-fazer-na-egeac-diz-joana-gomes-cardoso\\\/#primaryimage\"},\"thumbnailUrl\":\"https:\\\/\\\/infocul.pt\\\/arquivo\\\/wp-content\\\/uploads\\\/2019\\\/09\\\/IMG_20190910_105846.jpg\",\"keywords\":[\"Egeac\",\"Joana Gomes Cardoso\",\"Lisboa\",\"Lisboa na Rua\",\"Open House Lisboa\",\"Patr\u00edcia Robalo\"],\"articleSection\":[\"Actualidade\",\"Cultura\",\"Destaque\",\"Outros\",\"Pa\u00eds\",\"Reportagens\"],\"inLanguage\":\"pt-PT\"},{\"@type\":\"WebPage\",\"@id\":\"https:\\\/\\\/infocul.pt\\\/arquivo\\\/actualidade\\\/dias-21-e-22-de-setembro-open-house-representa-muito-daquilo-que-tentamos-fazer-na-egeac-diz-joana-gomes-cardoso\\\/\",\"url\":\"https:\\\/\\\/infocul.pt\\\/arquivo\\\/actualidade\\\/dias-21-e-22-de-setembro-open-house-representa-muito-daquilo-que-tentamos-fazer-na-egeac-diz-joana-gomes-cardoso\\\/\",\"name\":\"Dias 21 e 22 de Setembro: \\\"Open House representa muito daquilo que tentamos fazer na EGEAC\\\", diz Joana Gomes Cardoso | Infocul.pt - Arquivo Digital\",\"isPartOf\":{\"@id\":\"https:\\\/\\\/infocul.pt\\\/arquivo\\\/#website\"},\"primaryImageOfPage\":{\"@id\":\"https:\\\/\\\/infocul.pt\\\/arquivo\\\/actualidade\\\/dias-21-e-22-de-setembro-open-house-representa-muito-daquilo-que-tentamos-fazer-na-egeac-diz-joana-gomes-cardoso\\\/#primaryimage\"},\"image\":{\"@id\":\"https:\\\/\\\/infocul.pt\\\/arquivo\\\/actualidade\\\/dias-21-e-22-de-setembro-open-house-representa-muito-daquilo-que-tentamos-fazer-na-egeac-diz-joana-gomes-cardoso\\\/#primaryimage\"},\"thumbnailUrl\":\"https:\\\/\\\/infocul.pt\\\/arquivo\\\/wp-content\\\/uploads\\\/2019\\\/09\\\/IMG_20190910_105846.jpg\",\"datePublished\":\"2019-09-10T12:23:48+00:00\",\"dateModified\":\"2019-09-10T12:58:31+00:00\",\"description\":\"Dias 21 e 22 de Setembro: \\\"Open House representa muito daquilo que tentamos fazer na EGEAC\\\", diz Joana Gomes Cardoso | Infocul.pt - Arquivo Digital\",\"breadcrumb\":{\"@id\":\"https:\\\/\\\/infocul.pt\\\/arquivo\\\/actualidade\\\/dias-21-e-22-de-setembro-open-house-representa-muito-daquilo-que-tentamos-fazer-na-egeac-diz-joana-gomes-cardoso\\\/#breadcrumb\"},\"inLanguage\":\"pt-PT\",\"potentialAction\":[{\"@type\":\"ReadAction\",\"target\":[\"https:\\\/\\\/infocul.pt\\\/arquivo\\\/actualidade\\\/dias-21-e-22-de-setembro-open-house-representa-muito-daquilo-que-tentamos-fazer-na-egeac-diz-joana-gomes-cardoso\\\/\"]}]},{\"@type\":\"ImageObject\",\"inLanguage\":\"pt-PT\",\"@id\":\"https:\\\/\\\/infocul.pt\\\/arquivo\\\/actualidade\\\/dias-21-e-22-de-setembro-open-house-representa-muito-daquilo-que-tentamos-fazer-na-egeac-diz-joana-gomes-cardoso\\\/#primaryimage\",\"url\":\"https:\\\/\\\/infocul.pt\\\/arquivo\\\/wp-content\\\/uploads\\\/2019\\\/09\\\/IMG_20190910_105846.jpg\",\"contentUrl\":\"https:\\\/\\\/infocul.pt\\\/arquivo\\\/wp-content\\\/uploads\\\/2019\\\/09\\\/IMG_20190910_105846.jpg\",\"width\":5120,\"height\":3840,\"caption\":\"dav\"},{\"@type\":\"BreadcrumbList\",\"@id\":\"https:\\\/\\\/infocul.pt\\\/arquivo\\\/actualidade\\\/dias-21-e-22-de-setembro-open-house-representa-muito-daquilo-que-tentamos-fazer-na-egeac-diz-joana-gomes-cardoso\\\/#breadcrumb\",\"itemListElement\":[{\"@type\":\"ListItem\",\"position\":1,\"name\":\"Home\",\"item\":\"https:\\\/\\\/infocul.pt\\\/arquivo\\\/\"},{\"@type\":\"ListItem\",\"position\":2,\"name\":\"Dias 21 e 22 de Setembro: &#8220;Open House representa muito daquilo que tentamos fazer na EGEAC&#8221;, diz Joana Gomes Cardoso\"}]},{\"@type\":\"WebSite\",\"@id\":\"https:\\\/\\\/infocul.pt\\\/arquivo\\\/#website\",\"url\":\"https:\\\/\\\/infocul.pt\\\/arquivo\\\/\",\"name\":\"Infocul.pt - Arquivo Digital\",\"description\":\"Arquivo digital da Infocul.pt\",\"publisher\":{\"@id\":\"https:\\\/\\\/infocul.pt\\\/arquivo\\\/#organization\"},\"potentialAction\":[{\"@type\":\"SearchAction\",\"target\":{\"@type\":\"EntryPoint\",\"urlTemplate\":\"https:\\\/\\\/infocul.pt\\\/arquivo\\\/?s={search_term_string}\"},\"query-input\":{\"@type\":\"PropertyValueSpecification\",\"valueRequired\":true,\"valueName\":\"search_term_string\"}}],\"inLanguage\":\"pt-PT\"},{\"@type\":\"Organization\",\"@id\":\"https:\\\/\\\/infocul.pt\\\/arquivo\\\/#organization\",\"name\":\"Infocul.pt\",\"url\":\"https:\\\/\\\/infocul.pt\\\/arquivo\\\/\",\"logo\":{\"@type\":\"ImageObject\",\"inLanguage\":\"pt-PT\",\"@id\":\"https:\\\/\\\/infocul.pt\\\/arquivo\\\/#\\\/schema\\\/logo\\\/image\\\/\",\"url\":\"https:\\\/\\\/infocul.pt\\\/arquivo\\\/wp-content\\\/uploads\\\/2018\\\/12\\\/Infocul_logo-1.png\",\"contentUrl\":\"https:\\\/\\\/infocul.pt\\\/arquivo\\\/wp-content\\\/uploads\\\/2018\\\/12\\\/Infocul_logo-1.png\",\"width\":800,\"height\":800,\"caption\":\"Infocul.pt\"},\"image\":{\"@id\":\"https:\\\/\\\/infocul.pt\\\/arquivo\\\/#\\\/schema\\\/logo\\\/image\\\/\"},\"sameAs\":[\"https:\\\/\\\/www.facebook.com\\\/Infocul-147816815585015\\\/\",\"https:\\\/\\\/x.com\\\/Infoculpt\",\"http:\\\/\\\/www.pictaram.com\\\/user\\\/infocul.pt\\\/2370423710\",\"https:\\\/\\\/www.youtube.com\\\/channel\\\/UCYEB91AGI9FL9ek2i_IaQAA\"]},{\"@type\":\"Person\",\"@id\":\"https:\\\/\\\/infocul.pt\\\/arquivo\\\/#\\\/schema\\\/person\\\/060a108d7f2d85fc6aae505119ee5234\",\"name\":\"Rui Lavrador\",\"image\":{\"@type\":\"ImageObject\",\"inLanguage\":\"pt-PT\",\"@id\":\"https:\\\/\\\/secure.gravatar.com\\\/avatar\\\/93febd6873394aa8e975148548a0cb203acfdd42d2c85c5f1408e1a76678aece?s=96&d=mm&r=g\",\"url\":\"https:\\\/\\\/secure.gravatar.com\\\/avatar\\\/93febd6873394aa8e975148548a0cb203acfdd42d2c85c5f1408e1a76678aece?s=96&d=mm&r=g\",\"contentUrl\":\"https:\\\/\\\/secure.gravatar.com\\\/avatar\\\/93febd6873394aa8e975148548a0cb203acfdd42d2c85c5f1408e1a76678aece?s=96&d=mm&r=g\",\"caption\":\"Rui Lavrador\"},\"description\":\"Iniciou em 2011 o seu percurso em comunica\u00e7\u00e3o social, tendo integrado v\u00e1rios projectos editoriais. Durante o seu percurso integrou projectos como Jornal Hardm\u00fasica, LusoNot\u00edcias, Toureio.pt, ODigital.pt, entre outros \u00d3rg\u00e3os de Comunica\u00e7\u00e3o Social nacionais, na redac\u00e7\u00e3o de v\u00e1rios artigos. Entrevistou a grande maioria das personalidades mais importantes da vida social e cultural do pa\u00eds, destacando-se, tamb\u00e9m, na aprecia\u00e7\u00e3o de v\u00e1rios espect\u00e1culos. Durante o seu percurso, deu a conhecer v\u00e1rios artistas, at\u00e9 ent\u00e3o desconhecidos, ao grande p\u00fablico. Em 2015 criou e fundou o Infocul.pt, projecto no qual assume a direc\u00e7\u00e3o editorial.\",\"sameAs\":[\"http:\\\/\\\/www.infocul.pt\"]}]}<\/script>\n<!-- \/ Yoast SEO plugin. -->","yoast_head_json":{"title":"Dias 21 e 22 de Setembro: \"Open House representa muito daquilo que tentamos fazer na EGEAC\", diz Joana Gomes Cardoso | Infocul.pt - Arquivo Digital","description":"Dias 21 e 22 de Setembro: \"Open House representa muito daquilo que tentamos fazer na EGEAC\", diz Joana Gomes Cardoso | Infocul.pt - Arquivo Digital","robots":{"index":"noindex","follow":"follow","max-snippet":"max-snippet:-1","max-image-preview":"max-image-preview:large","max-video-preview":"max-video-preview:-1"},"og_locale":"pt_PT","og_type":"article","og_title":"Dias 21 e 22 de Setembro: \"Open House representa muito daquilo que tentamos fazer na EGEAC\", diz Joana Gomes Cardoso | Infocul.pt - Arquivo Digital","og_description":"Dias 21 e 22 de Setembro: \"Open House representa muito daquilo que tentamos fazer na EGEAC\", diz Joana Gomes Cardoso | Infocul.pt - Arquivo Digital","og_url":"https:\/\/infocul.pt\/arquivo\/actualidade\/dias-21-e-22-de-setembro-open-house-representa-muito-daquilo-que-tentamos-fazer-na-egeac-diz-joana-gomes-cardoso\/","og_site_name":"Infocul.pt - Arquivo Digital","article_publisher":"https:\/\/www.facebook.com\/Infocul-147816815585015\/","article_published_time":"2019-09-10T12:23:48+00:00","article_modified_time":"2019-09-10T12:58:31+00:00","og_image":[{"width":1024,"height":768,"url":"https:\/\/infocul.pt\/arquivo\/wp-content\/uploads\/2019\/09\/IMG_20190910_105846-1024x768.jpg","type":"image\/jpeg"}],"author":"Rui Lavrador","twitter_card":"summary_large_image","twitter_creator":"@Infoculpt","twitter_site":"@Infoculpt","twitter_misc":{"Escrito por":"Rui Lavrador","Tempo estimado de leitura":"6 minutos"},"schema":{"@context":"https:\/\/schema.org","@graph":[{"@type":"Article","@id":"https:\/\/infocul.pt\/arquivo\/actualidade\/dias-21-e-22-de-setembro-open-house-representa-muito-daquilo-que-tentamos-fazer-na-egeac-diz-joana-gomes-cardoso\/#article","isPartOf":{"@id":"https:\/\/infocul.pt\/arquivo\/actualidade\/dias-21-e-22-de-setembro-open-house-representa-muito-daquilo-que-tentamos-fazer-na-egeac-diz-joana-gomes-cardoso\/"},"author":{"name":"Rui Lavrador","@id":"https:\/\/infocul.pt\/arquivo\/#\/schema\/person\/060a108d7f2d85fc6aae505119ee5234"},"headline":"Dias 21 e 22 de Setembro: &#8220;Open House representa muito daquilo que tentamos fazer na EGEAC&#8221;, diz Joana Gomes Cardoso","datePublished":"2019-09-10T12:23:48+00:00","dateModified":"2019-09-10T12:58:31+00:00","mainEntityOfPage":{"@id":"https:\/\/infocul.pt\/arquivo\/actualidade\/dias-21-e-22-de-setembro-open-house-representa-muito-daquilo-que-tentamos-fazer-na-egeac-diz-joana-gomes-cardoso\/"},"wordCount":1265,"commentCount":0,"publisher":{"@id":"https:\/\/infocul.pt\/arquivo\/#organization"},"image":{"@id":"https:\/\/infocul.pt\/arquivo\/actualidade\/dias-21-e-22-de-setembro-open-house-representa-muito-daquilo-que-tentamos-fazer-na-egeac-diz-joana-gomes-cardoso\/#primaryimage"},"thumbnailUrl":"https:\/\/infocul.pt\/arquivo\/wp-content\/uploads\/2019\/09\/IMG_20190910_105846.jpg","keywords":["Egeac","Joana Gomes Cardoso","Lisboa","Lisboa na Rua","Open House Lisboa","Patr\u00edcia Robalo"],"articleSection":["Actualidade","Cultura","Destaque","Outros","Pa\u00eds","Reportagens"],"inLanguage":"pt-PT"},{"@type":"WebPage","@id":"https:\/\/infocul.pt\/arquivo\/actualidade\/dias-21-e-22-de-setembro-open-house-representa-muito-daquilo-que-tentamos-fazer-na-egeac-diz-joana-gomes-cardoso\/","url":"https:\/\/infocul.pt\/arquivo\/actualidade\/dias-21-e-22-de-setembro-open-house-representa-muito-daquilo-que-tentamos-fazer-na-egeac-diz-joana-gomes-cardoso\/","name":"Dias 21 e 22 de Setembro: \"Open House representa muito daquilo que tentamos fazer na EGEAC\", diz Joana Gomes Cardoso | Infocul.pt - Arquivo Digital","isPartOf":{"@id":"https:\/\/infocul.pt\/arquivo\/#website"},"primaryImageOfPage":{"@id":"https:\/\/infocul.pt\/arquivo\/actualidade\/dias-21-e-22-de-setembro-open-house-representa-muito-daquilo-que-tentamos-fazer-na-egeac-diz-joana-gomes-cardoso\/#primaryimage"},"image":{"@id":"https:\/\/infocul.pt\/arquivo\/actualidade\/dias-21-e-22-de-setembro-open-house-representa-muito-daquilo-que-tentamos-fazer-na-egeac-diz-joana-gomes-cardoso\/#primaryimage"},"thumbnailUrl":"https:\/\/infocul.pt\/arquivo\/wp-content\/uploads\/2019\/09\/IMG_20190910_105846.jpg","datePublished":"2019-09-10T12:23:48+00:00","dateModified":"2019-09-10T12:58:31+00:00","description":"Dias 21 e 22 de Setembro: \"Open House representa muito daquilo que tentamos fazer na EGEAC\", diz Joana Gomes Cardoso | Infocul.pt - Arquivo Digital","breadcrumb":{"@id":"https:\/\/infocul.pt\/arquivo\/actualidade\/dias-21-e-22-de-setembro-open-house-representa-muito-daquilo-que-tentamos-fazer-na-egeac-diz-joana-gomes-cardoso\/#breadcrumb"},"inLanguage":"pt-PT","potentialAction":[{"@type":"ReadAction","target":["https:\/\/infocul.pt\/arquivo\/actualidade\/dias-21-e-22-de-setembro-open-house-representa-muito-daquilo-que-tentamos-fazer-na-egeac-diz-joana-gomes-cardoso\/"]}]},{"@type":"ImageObject","inLanguage":"pt-PT","@id":"https:\/\/infocul.pt\/arquivo\/actualidade\/dias-21-e-22-de-setembro-open-house-representa-muito-daquilo-que-tentamos-fazer-na-egeac-diz-joana-gomes-cardoso\/#primaryimage","url":"https:\/\/infocul.pt\/arquivo\/wp-content\/uploads\/2019\/09\/IMG_20190910_105846.jpg","contentUrl":"https:\/\/infocul.pt\/arquivo\/wp-content\/uploads\/2019\/09\/IMG_20190910_105846.jpg","width":5120,"height":3840,"caption":"dav"},{"@type":"BreadcrumbList","@id":"https:\/\/infocul.pt\/arquivo\/actualidade\/dias-21-e-22-de-setembro-open-house-representa-muito-daquilo-que-tentamos-fazer-na-egeac-diz-joana-gomes-cardoso\/#breadcrumb","itemListElement":[{"@type":"ListItem","position":1,"name":"Home","item":"https:\/\/infocul.pt\/arquivo\/"},{"@type":"ListItem","position":2,"name":"Dias 21 e 22 de Setembro: &#8220;Open House representa muito daquilo que tentamos fazer na EGEAC&#8221;, diz Joana Gomes Cardoso"}]},{"@type":"WebSite","@id":"https:\/\/infocul.pt\/arquivo\/#website","url":"https:\/\/infocul.pt\/arquivo\/","name":"Infocul.pt - Arquivo Digital","description":"Arquivo digital da Infocul.pt","publisher":{"@id":"https:\/\/infocul.pt\/arquivo\/#organization"},"potentialAction":[{"@type":"SearchAction","target":{"@type":"EntryPoint","urlTemplate":"https:\/\/infocul.pt\/arquivo\/?s={search_term_string}"},"query-input":{"@type":"PropertyValueSpecification","valueRequired":true,"valueName":"search_term_string"}}],"inLanguage":"pt-PT"},{"@type":"Organization","@id":"https:\/\/infocul.pt\/arquivo\/#organization","name":"Infocul.pt","url":"https:\/\/infocul.pt\/arquivo\/","logo":{"@type":"ImageObject","inLanguage":"pt-PT","@id":"https:\/\/infocul.pt\/arquivo\/#\/schema\/logo\/image\/","url":"https:\/\/infocul.pt\/arquivo\/wp-content\/uploads\/2018\/12\/Infocul_logo-1.png","contentUrl":"https:\/\/infocul.pt\/arquivo\/wp-content\/uploads\/2018\/12\/Infocul_logo-1.png","width":800,"height":800,"caption":"Infocul.pt"},"image":{"@id":"https:\/\/infocul.pt\/arquivo\/#\/schema\/logo\/image\/"},"sameAs":["https:\/\/www.facebook.com\/Infocul-147816815585015\/","https:\/\/x.com\/Infoculpt","http:\/\/www.pictaram.com\/user\/infocul.pt\/2370423710","https:\/\/www.youtube.com\/channel\/UCYEB91AGI9FL9ek2i_IaQAA"]},{"@type":"Person","@id":"https:\/\/infocul.pt\/arquivo\/#\/schema\/person\/060a108d7f2d85fc6aae505119ee5234","name":"Rui Lavrador","image":{"@type":"ImageObject","inLanguage":"pt-PT","@id":"https:\/\/secure.gravatar.com\/avatar\/93febd6873394aa8e975148548a0cb203acfdd42d2c85c5f1408e1a76678aece?s=96&d=mm&r=g","url":"https:\/\/secure.gravatar.com\/avatar\/93febd6873394aa8e975148548a0cb203acfdd42d2c85c5f1408e1a76678aece?s=96&d=mm&r=g","contentUrl":"https:\/\/secure.gravatar.com\/avatar\/93febd6873394aa8e975148548a0cb203acfdd42d2c85c5f1408e1a76678aece?s=96&d=mm&r=g","caption":"Rui Lavrador"},"description":"Iniciou em 2011 o seu percurso em comunica\u00e7\u00e3o social, tendo integrado v\u00e1rios projectos editoriais. Durante o seu percurso integrou projectos como Jornal Hardm\u00fasica, LusoNot\u00edcias, Toureio.pt, ODigital.pt, entre outros \u00d3rg\u00e3os de Comunica\u00e7\u00e3o Social nacionais, na redac\u00e7\u00e3o de v\u00e1rios artigos. Entrevistou a grande maioria das personalidades mais importantes da vida social e cultural do pa\u00eds, destacando-se, tamb\u00e9m, na aprecia\u00e7\u00e3o de v\u00e1rios espect\u00e1culos. Durante o seu percurso, deu a conhecer v\u00e1rios artistas, at\u00e9 ent\u00e3o desconhecidos, ao grande p\u00fablico. Em 2015 criou e fundou o Infocul.pt, projecto no qual assume a direc\u00e7\u00e3o editorial.","sameAs":["http:\/\/www.infocul.pt"]}]}},"_links":{"self":[{"href":"https:\/\/infocul.pt\/arquivo\/wp-json\/wp\/v2\/posts\/59754","targetHints":{"allow":["GET"]}}],"collection":[{"href":"https:\/\/infocul.pt\/arquivo\/wp-json\/wp\/v2\/posts"}],"about":[{"href":"https:\/\/infocul.pt\/arquivo\/wp-json\/wp\/v2\/types\/post"}],"author":[{"embeddable":true,"href":"https:\/\/infocul.pt\/arquivo\/wp-json\/wp\/v2\/users\/2"}],"replies":[{"embeddable":true,"href":"https:\/\/infocul.pt\/arquivo\/wp-json\/wp\/v2\/comments?post=59754"}],"version-history":[{"count":0,"href":"https:\/\/infocul.pt\/arquivo\/wp-json\/wp\/v2\/posts\/59754\/revisions"}],"wp:featuredmedia":[{"embeddable":true,"href":"https:\/\/infocul.pt\/arquivo\/wp-json\/wp\/v2\/media\/59755"}],"wp:attachment":[{"href":"https:\/\/infocul.pt\/arquivo\/wp-json\/wp\/v2\/media?parent=59754"}],"wp:term":[{"taxonomy":"category","embeddable":true,"href":"https:\/\/infocul.pt\/arquivo\/wp-json\/wp\/v2\/categories?post=59754"},{"taxonomy":"post_tag","embeddable":true,"href":"https:\/\/infocul.pt\/arquivo\/wp-json\/wp\/v2\/tags?post=59754"}],"curies":[{"name":"wp","href":"https:\/\/api.w.org\/{rel}","templated":true}]}}