{"id":59791,"date":"2019-09-11T11:48:46","date_gmt":"2019-09-11T10:48:46","guid":{"rendered":"https:\/\/infocul.pt\/?p=59791"},"modified":"2019-09-11T11:48:46","modified_gmt":"2019-09-11T10:48:46","slug":"dream-theater-anunciam-concertos-em-gondomar-e-lisboa","status":"publish","type":"post","link":"https:\/\/infocul.pt\/arquivo\/cultura\/dream-theater-anunciam-concertos-em-gondomar-e-lisboa\/","title":{"rendered":"Dream Theater anunciam concertos em Gondomar e Lisboa"},"content":{"rendered":"<p><img decoding=\"async\" class=\"aligncenter wp-image-59792 size-full lazyload\" data-src=\"https:\/\/infocul.pt\/arquivo\/wp-content\/uploads\/2019\/09\/Dream-Theater.png\" alt=\"\" width=\"900\" height=\"343\" data-srcset=\"https:\/\/infocul.pt\/arquivo\/wp-content\/uploads\/2019\/09\/Dream-Theater.png 900w, https:\/\/infocul.pt\/arquivo\/wp-content\/uploads\/2019\/09\/Dream-Theater-300x114.png 300w, https:\/\/infocul.pt\/arquivo\/wp-content\/uploads\/2019\/09\/Dream-Theater-768x293.png 768w\" data-sizes=\"(max-width: 900px) 100vw, 900px\" src=\"data:image\/svg+xml;base64,PHN2ZyB3aWR0aD0iMSIgaGVpZ2h0PSIxIiB4bWxucz0iaHR0cDovL3d3dy53My5vcmcvMjAwMC9zdmciPjwvc3ZnPg==\" style=\"--smush-placeholder-width: 900px; --smush-placeholder-aspect-ratio: 900\/343;\" \/><\/p>\n<p>&nbsp;<\/p>\n<p>&nbsp;<\/p>\n<p>Dream Theater, a banda de metal progressivo, acaba de anunciar a pr\u00f3xima etapa da aclamada digress\u00e3o The Distance Over Time Tour \u2013 Celebrating 20 Years of Scenes From A Memory com dois concertos em Portugal, agendados para o in\u00edcio do ano. Os norte-americanos actuam dia 01 de Fevereiro no Pavilh\u00e3o de Gondomar e no dia seguinte, 02 de Fevereiro, no Campo Pequeno, em Lisboa.<!--more--><\/p>\n<p>A primeira parte da digress\u00e3o europeia viu um enorme reconhecimento por parte da cr\u00edtica e fortes elogios dos f\u00e3s devido ao alinhamento diversificado, especialmente criado para esta digress\u00e3o. Para a tour comemorativa os Dream Theater apresentam o recente \u00e1lbum \u201cDistance Over Time\u201d, uma variada selec\u00e7\u00e3o dos 30 anos de carreira, com enfoque para a celebra\u00e7\u00e3o dos 20 anos do \u00e1lbum conceptual de 1999 \u201cMetropolis Part 2: Scenes From A Memory\u201d. Este ser\u00e1 um espect\u00e1culo de duas horas e 45 minutos, que reunir\u00e1 os temas mais emblem\u00e1ticos da banda.<\/p>\n<p>Em \u201cDistance Over Times\u201d a banda refor\u00e7a a irmandade que os mant\u00e9m unidos e a criar m\u00fasica h\u00e1 mais de 30 anos. O 14.\u00ba \u00e1lbum de est\u00fadio, que conquistou mais de 10 milh\u00f5es de streamings no dia de lan\u00e7amento, alcan\u00e7ou o primeiro lugar nas tabelas do iTunes, conquistou o #1 na Alemanha, estreou em #12 na parada de \u00e1lbuns do Reino Unido, nos EUA entrou em #5 na parada de discos mais populares, tendo-se ainda posicionado em #24 na lista Billboard 200.<\/p>\n<p>Os pioneiros do metal progressivo s\u00e3o James LaBrie (vocais), John Petrucci (guitarra), Jordan Rudess (teclado), John Myung (baixo) e Mike Mangini (bateria) e contam com mais de 15 milh\u00f5es de discos vendidos a n\u00edvel mundial e duas indica\u00e7\u00f5es para os Grammy.<\/p>\n","protected":false},"excerpt":{"rendered":"<p>&nbsp; &nbsp; Dream Theater, a banda de metal progressivo, acaba de anunciar a pr\u00f3xima etapa da aclamada digress\u00e3o The Distance Over Time Tour \u2013 Celebrating 20 Years of Scenes From A Memory com dois concertos em Portugal, agendados para o in\u00edcio do ano. Os norte-americanos actuam dia 01 de Fevereiro no Pavilh\u00e3o de Gondomar e [&hellip;]<\/p>\n","protected":false},"author":13,"featured_media":59792,"comment_status":"open","ping_status":"closed","sticky":false,"template":"","format":"standard","meta":{"footnotes":""},"categories":[3,2],"tags":[244,2680,330,80,7702],"class_list":["post-59791","post","type-post","status-publish","format-standard","has-post-thumbnail","hentry","category-concertos","category-cultura","tag-campo-pequeno","tag-dream-theater","tag-gondomar","tag-lisboa","tag-pavilhao-de-gondomar"],"yoast_head":"<!-- This site is optimized with the Yoast SEO plugin v27.5 - https:\/\/yoast.com\/product\/yoast-seo-wordpress\/ -->\n<title>Dream Theater anunciam concertos em Gondomar e Lisboa | Infocul.pt - Arquivo Digital<\/title>\n<meta name=\"description\" content=\"Dream Theater anunciam concertos em Gondomar e Lisboa | Infocul.pt - Arquivo Digital\" \/>\n<meta name=\"robots\" content=\"noindex, follow, max-snippet:-1, max-image-preview:large, max-video-preview:-1\" \/>\n<meta property=\"og:locale\" content=\"pt_PT\" \/>\n<meta property=\"og:type\" content=\"article\" \/>\n<meta property=\"og:title\" content=\"Dream Theater anunciam concertos em Gondomar e Lisboa | Infocul.pt - Arquivo Digital\" \/>\n<meta property=\"og:description\" content=\"Dream Theater anunciam concertos em Gondomar e Lisboa | Infocul.pt - Arquivo Digital\" \/>\n<meta property=\"og:url\" content=\"https:\/\/infocul.pt\/arquivo\/cultura\/dream-theater-anunciam-concertos-em-gondomar-e-lisboa\/\" \/>\n<meta property=\"og:site_name\" content=\"Infocul.pt - Arquivo Digital\" \/>\n<meta property=\"article:publisher\" content=\"https:\/\/www.facebook.com\/Infocul-147816815585015\/\" \/>\n<meta property=\"article:published_time\" content=\"2019-09-11T10:48:46+00:00\" \/>\n<meta property=\"og:image\" content=\"https:\/\/infocul.pt\/arquivo\/wp-content\/uploads\/2019\/09\/Dream-Theater.png\" \/>\n\t<meta property=\"og:image:width\" content=\"900\" \/>\n\t<meta property=\"og:image:height\" content=\"343\" \/>\n\t<meta property=\"og:image:type\" content=\"image\/png\" \/>\n<meta name=\"author\" content=\"Redac\u00e7\u00e3o\" \/>\n<meta name=\"twitter:card\" content=\"summary_large_image\" \/>\n<meta name=\"twitter:creator\" content=\"@Infoculpt\" \/>\n<meta name=\"twitter:site\" content=\"@Infoculpt\" \/>\n<meta name=\"twitter:label1\" content=\"Escrito por\" \/>\n\t<meta name=\"twitter:data1\" content=\"Redac\u00e7\u00e3o\" \/>\n\t<meta name=\"twitter:label2\" content=\"Tempo estimado de leitura\" \/>\n\t<meta name=\"twitter:data2\" content=\"1 minuto\" \/>\n<script type=\"application\/ld+json\" class=\"yoast-schema-graph\">{\"@context\":\"https:\\\/\\\/schema.org\",\"@graph\":[{\"@type\":\"Article\",\"@id\":\"https:\\\/\\\/infocul.pt\\\/arquivo\\\/cultura\\\/dream-theater-anunciam-concertos-em-gondomar-e-lisboa\\\/#article\",\"isPartOf\":{\"@id\":\"https:\\\/\\\/infocul.pt\\\/arquivo\\\/cultura\\\/dream-theater-anunciam-concertos-em-gondomar-e-lisboa\\\/\"},\"author\":{\"name\":\"Redac\u00e7\u00e3o\",\"@id\":\"https:\\\/\\\/infocul.pt\\\/arquivo\\\/#\\\/schema\\\/person\\\/f243f45ae8d67639120a7586884f3abc\"},\"headline\":\"Dream Theater anunciam concertos em Gondomar e Lisboa\",\"datePublished\":\"2019-09-11T10:48:46+00:00\",\"mainEntityOfPage\":{\"@id\":\"https:\\\/\\\/infocul.pt\\\/arquivo\\\/cultura\\\/dream-theater-anunciam-concertos-em-gondomar-e-lisboa\\\/\"},\"wordCount\":290,\"commentCount\":0,\"publisher\":{\"@id\":\"https:\\\/\\\/infocul.pt\\\/arquivo\\\/#organization\"},\"image\":{\"@id\":\"https:\\\/\\\/infocul.pt\\\/arquivo\\\/cultura\\\/dream-theater-anunciam-concertos-em-gondomar-e-lisboa\\\/#primaryimage\"},\"thumbnailUrl\":\"https:\\\/\\\/infocul.pt\\\/arquivo\\\/wp-content\\\/uploads\\\/2019\\\/09\\\/Dream-Theater.png\",\"keywords\":[\"Campo Pequeno\",\"Dream Theater\",\"Gondomar\",\"Lisboa\",\"Pavilh\u00e3o de Gondomar\"],\"articleSection\":[\"Concertos\",\"Cultura\"],\"inLanguage\":\"pt-PT\"},{\"@type\":\"WebPage\",\"@id\":\"https:\\\/\\\/infocul.pt\\\/arquivo\\\/cultura\\\/dream-theater-anunciam-concertos-em-gondomar-e-lisboa\\\/\",\"url\":\"https:\\\/\\\/infocul.pt\\\/arquivo\\\/cultura\\\/dream-theater-anunciam-concertos-em-gondomar-e-lisboa\\\/\",\"name\":\"Dream Theater anunciam concertos em Gondomar e Lisboa | Infocul.pt - Arquivo Digital\",\"isPartOf\":{\"@id\":\"https:\\\/\\\/infocul.pt\\\/arquivo\\\/#website\"},\"primaryImageOfPage\":{\"@id\":\"https:\\\/\\\/infocul.pt\\\/arquivo\\\/cultura\\\/dream-theater-anunciam-concertos-em-gondomar-e-lisboa\\\/#primaryimage\"},\"image\":{\"@id\":\"https:\\\/\\\/infocul.pt\\\/arquivo\\\/cultura\\\/dream-theater-anunciam-concertos-em-gondomar-e-lisboa\\\/#primaryimage\"},\"thumbnailUrl\":\"https:\\\/\\\/infocul.pt\\\/arquivo\\\/wp-content\\\/uploads\\\/2019\\\/09\\\/Dream-Theater.png\",\"datePublished\":\"2019-09-11T10:48:46+00:00\",\"description\":\"Dream Theater anunciam concertos em Gondomar e Lisboa | Infocul.pt - Arquivo Digital\",\"breadcrumb\":{\"@id\":\"https:\\\/\\\/infocul.pt\\\/arquivo\\\/cultura\\\/dream-theater-anunciam-concertos-em-gondomar-e-lisboa\\\/#breadcrumb\"},\"inLanguage\":\"pt-PT\",\"potentialAction\":[{\"@type\":\"ReadAction\",\"target\":[\"https:\\\/\\\/infocul.pt\\\/arquivo\\\/cultura\\\/dream-theater-anunciam-concertos-em-gondomar-e-lisboa\\\/\"]}]},{\"@type\":\"ImageObject\",\"inLanguage\":\"pt-PT\",\"@id\":\"https:\\\/\\\/infocul.pt\\\/arquivo\\\/cultura\\\/dream-theater-anunciam-concertos-em-gondomar-e-lisboa\\\/#primaryimage\",\"url\":\"https:\\\/\\\/infocul.pt\\\/arquivo\\\/wp-content\\\/uploads\\\/2019\\\/09\\\/Dream-Theater.png\",\"contentUrl\":\"https:\\\/\\\/infocul.pt\\\/arquivo\\\/wp-content\\\/uploads\\\/2019\\\/09\\\/Dream-Theater.png\",\"width\":900,\"height\":343},{\"@type\":\"BreadcrumbList\",\"@id\":\"https:\\\/\\\/infocul.pt\\\/arquivo\\\/cultura\\\/dream-theater-anunciam-concertos-em-gondomar-e-lisboa\\\/#breadcrumb\",\"itemListElement\":[{\"@type\":\"ListItem\",\"position\":1,\"name\":\"Home\",\"item\":\"https:\\\/\\\/infocul.pt\\\/arquivo\\\/\"},{\"@type\":\"ListItem\",\"position\":2,\"name\":\"Dream Theater anunciam concertos em Gondomar e Lisboa\"}]},{\"@type\":\"WebSite\",\"@id\":\"https:\\\/\\\/infocul.pt\\\/arquivo\\\/#website\",\"url\":\"https:\\\/\\\/infocul.pt\\\/arquivo\\\/\",\"name\":\"Infocul.pt - Arquivo Digital\",\"description\":\"Arquivo digital da Infocul.pt\",\"publisher\":{\"@id\":\"https:\\\/\\\/infocul.pt\\\/arquivo\\\/#organization\"},\"potentialAction\":[{\"@type\":\"SearchAction\",\"target\":{\"@type\":\"EntryPoint\",\"urlTemplate\":\"https:\\\/\\\/infocul.pt\\\/arquivo\\\/?s={search_term_string}\"},\"query-input\":{\"@type\":\"PropertyValueSpecification\",\"valueRequired\":true,\"valueName\":\"search_term_string\"}}],\"inLanguage\":\"pt-PT\"},{\"@type\":\"Organization\",\"@id\":\"https:\\\/\\\/infocul.pt\\\/arquivo\\\/#organization\",\"name\":\"Infocul.pt\",\"url\":\"https:\\\/\\\/infocul.pt\\\/arquivo\\\/\",\"logo\":{\"@type\":\"ImageObject\",\"inLanguage\":\"pt-PT\",\"@id\":\"https:\\\/\\\/infocul.pt\\\/arquivo\\\/#\\\/schema\\\/logo\\\/image\\\/\",\"url\":\"https:\\\/\\\/infocul.pt\\\/arquivo\\\/wp-content\\\/uploads\\\/2018\\\/12\\\/Infocul_logo-1.png\",\"contentUrl\":\"https:\\\/\\\/infocul.pt\\\/arquivo\\\/wp-content\\\/uploads\\\/2018\\\/12\\\/Infocul_logo-1.png\",\"width\":800,\"height\":800,\"caption\":\"Infocul.pt\"},\"image\":{\"@id\":\"https:\\\/\\\/infocul.pt\\\/arquivo\\\/#\\\/schema\\\/logo\\\/image\\\/\"},\"sameAs\":[\"https:\\\/\\\/www.facebook.com\\\/Infocul-147816815585015\\\/\",\"https:\\\/\\\/x.com\\\/Infoculpt\",\"http:\\\/\\\/www.pictaram.com\\\/user\\\/infocul.pt\\\/2370423710\",\"https:\\\/\\\/www.youtube.com\\\/channel\\\/UCYEB91AGI9FL9ek2i_IaQAA\"]},{\"@type\":\"Person\",\"@id\":\"https:\\\/\\\/infocul.pt\\\/arquivo\\\/#\\\/schema\\\/person\\\/f243f45ae8d67639120a7586884f3abc\",\"name\":\"Redac\u00e7\u00e3o\",\"image\":{\"@type\":\"ImageObject\",\"inLanguage\":\"pt-PT\",\"@id\":\"https:\\\/\\\/secure.gravatar.com\\\/avatar\\\/151b1b76c598ab5e749407223bd6c1bad4e41c4e95de3c3df83540ebee2deaf8?s=96&d=mm&r=g\",\"url\":\"https:\\\/\\\/secure.gravatar.com\\\/avatar\\\/151b1b76c598ab5e749407223bd6c1bad4e41c4e95de3c3df83540ebee2deaf8?s=96&d=mm&r=g\",\"contentUrl\":\"https:\\\/\\\/secure.gravatar.com\\\/avatar\\\/151b1b76c598ab5e749407223bd6c1bad4e41c4e95de3c3df83540ebee2deaf8?s=96&d=mm&r=g\",\"caption\":\"Redac\u00e7\u00e3o\"}}]}<\/script>\n<!-- \/ Yoast SEO plugin. -->","yoast_head_json":{"title":"Dream Theater anunciam concertos em Gondomar e Lisboa | Infocul.pt - Arquivo Digital","description":"Dream Theater anunciam concertos em Gondomar e Lisboa | Infocul.pt - Arquivo Digital","robots":{"index":"noindex","follow":"follow","max-snippet":"max-snippet:-1","max-image-preview":"max-image-preview:large","max-video-preview":"max-video-preview:-1"},"og_locale":"pt_PT","og_type":"article","og_title":"Dream Theater anunciam concertos em Gondomar e Lisboa | Infocul.pt - Arquivo Digital","og_description":"Dream Theater anunciam concertos em Gondomar e Lisboa | Infocul.pt - Arquivo Digital","og_url":"https:\/\/infocul.pt\/arquivo\/cultura\/dream-theater-anunciam-concertos-em-gondomar-e-lisboa\/","og_site_name":"Infocul.pt - Arquivo Digital","article_publisher":"https:\/\/www.facebook.com\/Infocul-147816815585015\/","article_published_time":"2019-09-11T10:48:46+00:00","og_image":[{"width":900,"height":343,"url":"https:\/\/infocul.pt\/arquivo\/wp-content\/uploads\/2019\/09\/Dream-Theater.png","type":"image\/png"}],"author":"Redac\u00e7\u00e3o","twitter_card":"summary_large_image","twitter_creator":"@Infoculpt","twitter_site":"@Infoculpt","twitter_misc":{"Escrito por":"Redac\u00e7\u00e3o","Tempo estimado de leitura":"1 minuto"},"schema":{"@context":"https:\/\/schema.org","@graph":[{"@type":"Article","@id":"https:\/\/infocul.pt\/arquivo\/cultura\/dream-theater-anunciam-concertos-em-gondomar-e-lisboa\/#article","isPartOf":{"@id":"https:\/\/infocul.pt\/arquivo\/cultura\/dream-theater-anunciam-concertos-em-gondomar-e-lisboa\/"},"author":{"name":"Redac\u00e7\u00e3o","@id":"https:\/\/infocul.pt\/arquivo\/#\/schema\/person\/f243f45ae8d67639120a7586884f3abc"},"headline":"Dream Theater anunciam concertos em Gondomar e Lisboa","datePublished":"2019-09-11T10:48:46+00:00","mainEntityOfPage":{"@id":"https:\/\/infocul.pt\/arquivo\/cultura\/dream-theater-anunciam-concertos-em-gondomar-e-lisboa\/"},"wordCount":290,"commentCount":0,"publisher":{"@id":"https:\/\/infocul.pt\/arquivo\/#organization"},"image":{"@id":"https:\/\/infocul.pt\/arquivo\/cultura\/dream-theater-anunciam-concertos-em-gondomar-e-lisboa\/#primaryimage"},"thumbnailUrl":"https:\/\/infocul.pt\/arquivo\/wp-content\/uploads\/2019\/09\/Dream-Theater.png","keywords":["Campo Pequeno","Dream Theater","Gondomar","Lisboa","Pavilh\u00e3o de Gondomar"],"articleSection":["Concertos","Cultura"],"inLanguage":"pt-PT"},{"@type":"WebPage","@id":"https:\/\/infocul.pt\/arquivo\/cultura\/dream-theater-anunciam-concertos-em-gondomar-e-lisboa\/","url":"https:\/\/infocul.pt\/arquivo\/cultura\/dream-theater-anunciam-concertos-em-gondomar-e-lisboa\/","name":"Dream Theater anunciam concertos em Gondomar e Lisboa | Infocul.pt - Arquivo Digital","isPartOf":{"@id":"https:\/\/infocul.pt\/arquivo\/#website"},"primaryImageOfPage":{"@id":"https:\/\/infocul.pt\/arquivo\/cultura\/dream-theater-anunciam-concertos-em-gondomar-e-lisboa\/#primaryimage"},"image":{"@id":"https:\/\/infocul.pt\/arquivo\/cultura\/dream-theater-anunciam-concertos-em-gondomar-e-lisboa\/#primaryimage"},"thumbnailUrl":"https:\/\/infocul.pt\/arquivo\/wp-content\/uploads\/2019\/09\/Dream-Theater.png","datePublished":"2019-09-11T10:48:46+00:00","description":"Dream Theater anunciam concertos em Gondomar e Lisboa | Infocul.pt - Arquivo Digital","breadcrumb":{"@id":"https:\/\/infocul.pt\/arquivo\/cultura\/dream-theater-anunciam-concertos-em-gondomar-e-lisboa\/#breadcrumb"},"inLanguage":"pt-PT","potentialAction":[{"@type":"ReadAction","target":["https:\/\/infocul.pt\/arquivo\/cultura\/dream-theater-anunciam-concertos-em-gondomar-e-lisboa\/"]}]},{"@type":"ImageObject","inLanguage":"pt-PT","@id":"https:\/\/infocul.pt\/arquivo\/cultura\/dream-theater-anunciam-concertos-em-gondomar-e-lisboa\/#primaryimage","url":"https:\/\/infocul.pt\/arquivo\/wp-content\/uploads\/2019\/09\/Dream-Theater.png","contentUrl":"https:\/\/infocul.pt\/arquivo\/wp-content\/uploads\/2019\/09\/Dream-Theater.png","width":900,"height":343},{"@type":"BreadcrumbList","@id":"https:\/\/infocul.pt\/arquivo\/cultura\/dream-theater-anunciam-concertos-em-gondomar-e-lisboa\/#breadcrumb","itemListElement":[{"@type":"ListItem","position":1,"name":"Home","item":"https:\/\/infocul.pt\/arquivo\/"},{"@type":"ListItem","position":2,"name":"Dream Theater anunciam concertos em Gondomar e Lisboa"}]},{"@type":"WebSite","@id":"https:\/\/infocul.pt\/arquivo\/#website","url":"https:\/\/infocul.pt\/arquivo\/","name":"Infocul.pt - Arquivo Digital","description":"Arquivo digital da Infocul.pt","publisher":{"@id":"https:\/\/infocul.pt\/arquivo\/#organization"},"potentialAction":[{"@type":"SearchAction","target":{"@type":"EntryPoint","urlTemplate":"https:\/\/infocul.pt\/arquivo\/?s={search_term_string}"},"query-input":{"@type":"PropertyValueSpecification","valueRequired":true,"valueName":"search_term_string"}}],"inLanguage":"pt-PT"},{"@type":"Organization","@id":"https:\/\/infocul.pt\/arquivo\/#organization","name":"Infocul.pt","url":"https:\/\/infocul.pt\/arquivo\/","logo":{"@type":"ImageObject","inLanguage":"pt-PT","@id":"https:\/\/infocul.pt\/arquivo\/#\/schema\/logo\/image\/","url":"https:\/\/infocul.pt\/arquivo\/wp-content\/uploads\/2018\/12\/Infocul_logo-1.png","contentUrl":"https:\/\/infocul.pt\/arquivo\/wp-content\/uploads\/2018\/12\/Infocul_logo-1.png","width":800,"height":800,"caption":"Infocul.pt"},"image":{"@id":"https:\/\/infocul.pt\/arquivo\/#\/schema\/logo\/image\/"},"sameAs":["https:\/\/www.facebook.com\/Infocul-147816815585015\/","https:\/\/x.com\/Infoculpt","http:\/\/www.pictaram.com\/user\/infocul.pt\/2370423710","https:\/\/www.youtube.com\/channel\/UCYEB91AGI9FL9ek2i_IaQAA"]},{"@type":"Person","@id":"https:\/\/infocul.pt\/arquivo\/#\/schema\/person\/f243f45ae8d67639120a7586884f3abc","name":"Redac\u00e7\u00e3o","image":{"@type":"ImageObject","inLanguage":"pt-PT","@id":"https:\/\/secure.gravatar.com\/avatar\/151b1b76c598ab5e749407223bd6c1bad4e41c4e95de3c3df83540ebee2deaf8?s=96&d=mm&r=g","url":"https:\/\/secure.gravatar.com\/avatar\/151b1b76c598ab5e749407223bd6c1bad4e41c4e95de3c3df83540ebee2deaf8?s=96&d=mm&r=g","contentUrl":"https:\/\/secure.gravatar.com\/avatar\/151b1b76c598ab5e749407223bd6c1bad4e41c4e95de3c3df83540ebee2deaf8?s=96&d=mm&r=g","caption":"Redac\u00e7\u00e3o"}}]}},"_links":{"self":[{"href":"https:\/\/infocul.pt\/arquivo\/wp-json\/wp\/v2\/posts\/59791","targetHints":{"allow":["GET"]}}],"collection":[{"href":"https:\/\/infocul.pt\/arquivo\/wp-json\/wp\/v2\/posts"}],"about":[{"href":"https:\/\/infocul.pt\/arquivo\/wp-json\/wp\/v2\/types\/post"}],"author":[{"embeddable":true,"href":"https:\/\/infocul.pt\/arquivo\/wp-json\/wp\/v2\/users\/13"}],"replies":[{"embeddable":true,"href":"https:\/\/infocul.pt\/arquivo\/wp-json\/wp\/v2\/comments?post=59791"}],"version-history":[{"count":0,"href":"https:\/\/infocul.pt\/arquivo\/wp-json\/wp\/v2\/posts\/59791\/revisions"}],"wp:featuredmedia":[{"embeddable":true,"href":"https:\/\/infocul.pt\/arquivo\/wp-json\/wp\/v2\/media\/59792"}],"wp:attachment":[{"href":"https:\/\/infocul.pt\/arquivo\/wp-json\/wp\/v2\/media?parent=59791"}],"wp:term":[{"taxonomy":"category","embeddable":true,"href":"https:\/\/infocul.pt\/arquivo\/wp-json\/wp\/v2\/categories?post=59791"},{"taxonomy":"post_tag","embeddable":true,"href":"https:\/\/infocul.pt\/arquivo\/wp-json\/wp\/v2\/tags?post=59791"}],"curies":[{"name":"wp","href":"https:\/\/api.w.org\/{rel}","templated":true}]}}