{"id":59826,"date":"2019-09-13T01:32:15","date_gmt":"2019-09-13T00:32:15","guid":{"rendered":"https:\/\/infocul.pt\/?p=59826"},"modified":"2019-09-13T01:32:15","modified_gmt":"2019-09-13T00:32:15","slug":"lisboa-na-rua-duarte-levou-o-fado-a-belem-c-fotos","status":"publish","type":"post","link":"https:\/\/infocul.pt\/arquivo\/cultura\/lisboa-na-rua-duarte-levou-o-fado-a-belem-c-fotos\/","title":{"rendered":"Lisboa na Rua: Duarte levou o Fado a Bel\u00e9m (C\/Fotos)"},"content":{"rendered":"<p><img decoding=\"async\" class=\"aligncenter wp-image-59829 size-large lazyload\" data-src=\"https:\/\/infocul.pt\/arquivo\/wp-content\/uploads\/2019\/09\/Duarte@JardinsdeBelem-7882-1024x683.jpg\" alt=\"\" width=\"800\" height=\"534\" data-srcset=\"https:\/\/infocul.pt\/arquivo\/wp-content\/uploads\/2019\/09\/Duarte@JardinsdeBelem-7882-1024x683.jpg 1024w, https:\/\/infocul.pt\/arquivo\/wp-content\/uploads\/2019\/09\/Duarte@JardinsdeBelem-7882-300x200.jpg 300w, https:\/\/infocul.pt\/arquivo\/wp-content\/uploads\/2019\/09\/Duarte@JardinsdeBelem-7882-768x512.jpg 768w, https:\/\/infocul.pt\/arquivo\/wp-content\/uploads\/2019\/09\/Duarte@JardinsdeBelem-7882.jpg 1800w\" data-sizes=\"(max-width: 800px) 100vw, 800px\" src=\"data:image\/svg+xml;base64,PHN2ZyB3aWR0aD0iMSIgaGVpZ2h0PSIxIiB4bWxucz0iaHR0cDovL3d3dy53My5vcmcvMjAwMC9zdmciPjwvc3ZnPg==\" style=\"--smush-placeholder-width: 800px; --smush-placeholder-aspect-ratio: 800\/534;\" \/><\/p>\n<p>&nbsp;<\/p>\n<p>&nbsp;<\/p>\n<p><span style=\"font-family: Liberation Serif, serif;\"><span style=\"font-size: medium;\"><span style=\"color: #222222;\">O fadista alentejano, <a href=\"https:\/\/www.facebook.com\/Duarte-154089091315327\/\" target=\"_blank\" rel=\"noopener noreferrer\">Duarte<\/a>, actuou esta quinta-feira, 12 de Setembro, no Jardim Vasco da Gama, em <a href=\"https:\/\/www.facebook.com\/CulturanaRuaEGEAC\/\" target=\"_blank\" rel=\"noopener noreferrer\">Lisboa.<\/a><\/span><\/span><\/span><\/p>\n<p><!--more--><\/p>\n<p><span style=\"font-family: Liberation Serif, serif;\"><span style=\"font-size: medium;\"><span style=\"color: #222222;\">Quase dois depois do lan\u00e7amento do seu \u00faltimo disco, &#8216;S\u00f3 a cantar&#8217;, Duarte apresentou-o na capital, concerto inserido no Lisboa na Rua, apostando num alinhamento maioritariamente composto por temas deste trabalho discogr\u00e1fico.<\/span><\/span><\/span><\/p>\n<p><span style=\"color: #222222;\">Em palco esteve acompanhado por Pedro Amendoeira, Jo\u00e3o Filipe e Carlos Menezes (guitarra portuguesa, viola de fado e viola baixo, respectivamente).<\/span><\/p>\n<p><span style=\"color: #222222;\">Giacometti deu in\u00edcio ao espect\u00e1culo, em termos de alinhamento, com Duarte a subir a palco, j\u00e1, com &#8216;Fado Escorpi\u00e3o&#8217;.<\/span><\/p>\n<p><span style=\"color: #222222;\">Cumprimentou o p\u00fablico, agradeceu a presen\u00e7a <\/span><span style=\"color: #222222;\">deste<\/span><span style=\"color: #222222;\"> e falou da sua prefer\u00eancia do cantar fado em espa\u00e7os interiores, ao inv\u00e9s de exteriores.<\/span><\/p>\n<p><span style=\"color: #222222;\">De Fernando Pessoa, no Fado Alfacinha, trouxe &#8216;Cinco Quadras ao Gosto Popular&#8217;.<\/span><\/p>\n<p><span style=\"color: #222222;\">Do disco &#8216;Sem dor nem piedade&#8217; <\/span><span style=\"color: #222222;\">interpretou<\/span><span style=\"color: #222222;\"> &#8216;Dizem&#8217;. Ap\u00f3s falar sobre a actualidade mundial e enquadrar a comunica\u00e7\u00e3o actual, cantou &#8216;Rimbaud&#8217;.<\/span><\/p>\n<p><span style=\"color: #222222;\">Sobre relacionamentos interpessoais cantou &#8216;Boa sorte ou despedida&#8217;, antes de apresentar o seu Alentejo aos lisboetas com &#8216;Terra da Melancolia&#8217;.<\/span><\/p>\n<p><span style=\"color: #222222;\">De Ant\u00f3nio Calem, no Fado das Horas, interpretou &#8216;Saudades Trago Comigo&#8217;, antes de um instrumental no qual os seus m\u00fasicos demonstram toda a arte e virtuosismo que lhes s\u00e3o caracter\u00edsticos, sendo premiados com aplausos por parte do p\u00fablico em v\u00e1rios momentos da execu\u00e7\u00e3o.<\/span><\/p>\n<p><span style=\"color: #222222;\">De regresso ao palco, o fadista natural de Arraiolos, cantou &#8216;Maria da Rocha&#8217;, seguido de &#8216;Rapariga da Esta\u00e7\u00e3o&#8217;.<\/span><\/p>\n<p><span style=\"color: #222222;\">&#8216;Mist\u00e9rios de Lisboa&#8217; foi dedicado a Jos\u00e9 Fonseca e Costa, antes de &#8216;Sobretudo Cinzento&#8217; , segundo o fadista, que o tem protegido.<\/span> Dois temas antecederam o encore no qual, entre outros, interpretou \u2018Vou-me Embora Vou Partir\u2019 e \u201cEstranha Forma de Vida\u2019.<\/p>\n<p><span style=\"font-family: Liberation Serif, serif;\"><span style=\"font-size: medium;\">O p\u00fablico despediu-se do fadista alentejano com forte e prolongado aplauso. O desenho de luz esteve a cargo de Ant\u00f3nio Martins, com o som a ser responsabilidade de C\u00e2ndido Esteves.<\/span><\/span><\/p>\n<style id=\"bwg-style-0\">    #bwg_container1_0 #bwg_container2_0 .bwg-container-0.bwg-standard-thumbnails {      width: 1252px;              justify-content: center;        margin:0 auto !important;              background-color: rgba(255, 255, 255, 0.00);            padding-left: 2px;      padding-top: 2px;      max-width: 100%;            }        #bwg_container1_0 #bwg_container2_0 .bwg-container-0.bwg-standard-thumbnails .bwg-item {    justify-content: flex-start;      max-width: 250px;          }    #bwg_container1_0 #bwg_container2_0 .bwg-container-0.bwg-standard-thumbnails .bwg-item a {       margin-right: 2px;       margin-bottom: 2px;    }    #bwg_container1_0 #bwg_container2_0 .bwg-container-0.bwg-standard-thumbnails .bwg-item0 {      padding: 0px;            background-color:rgba(255,255,255, 0.30);      border: 0px none #CCCCCC;      opacity: 1.00;      border-radius: 0;      box-shadow: ;    }    #bwg_container1_0 #bwg_container2_0 .bwg-container-0.bwg-standard-thumbnails .bwg-item1 img {      max-height: none;      max-width: none;      padding: 0 !important;    }        @media only screen and (min-width: 480px) {      #bwg_container1_0 #bwg_container2_0 .bwg-container-0.bwg-standard-thumbnails .bwg-item0 {        transition: all 0.3s ease 0s;-webkit-transition: all 0.3s ease 0s;      }      #bwg_container1_0 #bwg_container2_0 .bwg-container-0.bwg-standard-thumbnails .bwg-item0:hover {        -ms-transform: scale(1.08);        -webkit-transform: scale(1.08);        transform: scale(1.08);      }    }          #bwg_container1_0 #bwg_container2_0 .bwg-container-0.bwg-standard-thumbnails .bwg-item1 {      padding-top: 56%;    }        #bwg_container1_0 #bwg_container2_0 .bwg-container-0.bwg-standard-thumbnails .bwg-title1 {      position: absolute;      top: 0;      z-index: 100;      width: 100%;      height: 100%;      display: flex;      justify-content: center;      align-content: center;      flex-direction: column;      opacity: 0;    }\t      #bwg_container1_0 #bwg_container2_0 .bwg-container-0.bwg-standard-thumbnails .bwg-title2,    #bwg_container1_0 #bwg_container2_0 .bwg-container-0.bwg-standard-thumbnails .bwg-ecommerce2 {      color: #FFFFFF;      font-family: Ubuntu;      font-size: 16px;      font-weight: bold;      padding: 2px;      text-shadow: 0px 0px 0px #888888;      max-height: 100%;    }    #bwg_container1_0 #bwg_container2_0 .bwg-container-0.bwg-standard-thumbnails .bwg-thumb-description span {    color: #323A45;    font-family: Ubuntu;    font-size: 12px;    max-height: 100%;    word-wrap: break-word;    }    #bwg_container1_0 #bwg_container2_0 .bwg-container-0.bwg-standard-thumbnails .bwg-play-icon2 {      font-size: 32px;    }    #bwg_container1_0 #bwg_container2_0 .bwg-container-0.bwg-standard-thumbnails .bwg-ecommerce2 {      font-size: 19.2px;      color: #CCCCCC;    }    <\/style>    <div id=\"bwg_container1_0\"         class=\"bwg_container bwg_thumbnail bwg_thumbnails \"         data-right-click-protection=\"0\"         data-bwg=\"0\"         data-scroll=\"0\"         data-gallery-type=\"thumbnails\"         data-gallery-view-type=\"thumbnails\"         data-current-url=\"\/arquivo\/wp-json\/wp\/v2\/posts\/59826\"         data-lightbox-url=\"https:\/\/infocul.pt\/arquivo\/wp-admin\/admin-ajax.php?action=GalleryBox&#038;current_view=0&#038;gallery_id=472&#038;tag=0&#038;theme_id=1&#038;shortcode_id=978&#038;sort_by=order&#038;order_by=asc&#038;current_url=%2Farquivo%2Fwp-json%2Fwp%2Fv2%2Fposts%2F59826\"         data-gallery-id=\"472\"         data-popup-width=\"800\"         data-popup-height=\"500\"         data-is-album=\"gallery\"         data-buttons-position=\"bottom\">      <div id=\"bwg_container2_0\">             <div id=\"ajax_loading_0\" class=\"bwg_loading_div_1\">      <div class=\"bwg_loading_div_2\">        <div class=\"bwg_loading_div_3\">          <div id=\"loading_div_0\" class=\"bwg_spider_ajax_loading\">          <\/div>        <\/div>      <\/div>    <\/div>            <form id=\"gal_front_form_0\"              class=\"bwg-hidden\"              method=\"post\"              action=\"#\"              data-current=\"0\"              data-shortcode-id=\"978\"              data-gallery-type=\"thumbnails\"              data-gallery-id=\"472\"              data-tag=\"0\"              data-album-id=\"0\"              data-theme-id=\"1\"              data-ajax-url=\"https:\/\/infocul.pt\/arquivo\/wp-admin\/admin-ajax.php?action=bwg_frontend_data\">          <div id=\"bwg_container3_0\" class=\"bwg-background bwg-background-0\">                <div data-max-count=\"5\"         data-thumbnail-width=\"250\"         data-bwg=\"0\"         data-gallery-id=\"472\"         data-lightbox-url=\"https:\/\/infocul.pt\/arquivo\/wp-admin\/admin-ajax.php?action=GalleryBox&amp;current_view=0&amp;gallery_id=472&amp;tag=0&amp;theme_id=1&amp;shortcode_id=978&amp;sort_by=order&amp;order_by=asc&amp;current_url=%2Farquivo%2Fwp-json%2Fwp%2Fv2%2Fposts%2F59826\"         id=\"bwg_thumbnails_0\"         class=\"bwg-container-0 bwg-thumbnails bwg-standard-thumbnails bwg-container bwg-border-box\">            <div class=\"bwg-item\">        <a class=\"bwg-a  bwg_lightbox\"  data-image-id=\"8082\" href=\"https:\/\/infocul.pt\/arquivo\/wp-content\/uploads\/photo-gallery\/Duarte@JardinsdeBelem-7882.jpg?bwg=1568334598\" data-elementor-open-lightbox=\"no\">                <div class=\"bwg-item0 \">          <div class=\"bwg-item1 \">            <div class=\"bwg-item2\">              <img decoding=\"async\" class=\"skip-lazy bwg_standart_thumb_img_0 \"                   data-id=\"8082\"                   data-width=\"500\"                   data-height=\"333\"                   data-src=\"https:\/\/infocul.pt\/arquivo\/wp-content\/uploads\/photo-gallery\/thumb\/Duarte@JardinsdeBelem-7882.jpg?bwg=1568334598\"                   src=\"https:\/\/infocul.pt\/arquivo\/wp-content\/uploads\/photo-gallery\/thumb\/Duarte@JardinsdeBelem-7882.jpg?bwg=1568334598\"                   alt=\"\"                   title=\"\" \/>            <\/div>            <div class=\"\">              <div class=\"bwg-title1\"><div class=\"bwg-title2\">&nbsp;<\/div><\/div>                                        <\/div>          <\/div>        <\/div>                        <\/a>              <\/div>            <div class=\"bwg-item\">        <a class=\"bwg-a  bwg_lightbox\"  data-image-id=\"8081\" href=\"https:\/\/infocul.pt\/arquivo\/wp-content\/uploads\/photo-gallery\/Duarte@JardinsdeBelem-7901.jpg?bwg=1568334598\" data-elementor-open-lightbox=\"no\">                <div class=\"bwg-item0 \">          <div class=\"bwg-item1 \">            <div class=\"bwg-item2\">              <img decoding=\"async\" class=\"skip-lazy bwg_standart_thumb_img_0 \"                   data-id=\"8081\"                   data-width=\"500\"                   data-height=\"333\"                   data-src=\"https:\/\/infocul.pt\/arquivo\/wp-content\/uploads\/photo-gallery\/thumb\/Duarte@JardinsdeBelem-7901.jpg?bwg=1568334598\"                   src=\"https:\/\/infocul.pt\/arquivo\/wp-content\/uploads\/photo-gallery\/thumb\/Duarte@JardinsdeBelem-7901.jpg?bwg=1568334598\"                   alt=\"\"                   title=\"\" \/>            <\/div>            <div class=\"\">              <div class=\"bwg-title1\"><div class=\"bwg-title2\">&nbsp;<\/div><\/div>                                        <\/div>          <\/div>        <\/div>                        <\/a>              <\/div>            <div class=\"bwg-item\">        <a class=\"bwg-a  bwg_lightbox\"  data-image-id=\"8080\" href=\"https:\/\/infocul.pt\/arquivo\/wp-content\/uploads\/photo-gallery\/Duarte@JardinsdeBelem-1765.jpg?bwg=1568334598\" data-elementor-open-lightbox=\"no\">                <div class=\"bwg-item0 \">          <div class=\"bwg-item1 \">            <div class=\"bwg-item2\">              <img decoding=\"async\" class=\"skip-lazy bwg_standart_thumb_img_0 \"                   data-id=\"8080\"                   data-width=\"500\"                   data-height=\"333\"                   data-src=\"https:\/\/infocul.pt\/arquivo\/wp-content\/uploads\/photo-gallery\/thumb\/Duarte@JardinsdeBelem-1765.jpg?bwg=1568334598\"                   src=\"https:\/\/infocul.pt\/arquivo\/wp-content\/uploads\/photo-gallery\/thumb\/Duarte@JardinsdeBelem-1765.jpg?bwg=1568334598\"                   alt=\"\"                   title=\"\" \/>            <\/div>            <div class=\"\">              <div class=\"bwg-title1\"><div class=\"bwg-title2\">&nbsp;<\/div><\/div>                                        <\/div>          <\/div>        <\/div>                        <\/a>              <\/div>            <div class=\"bwg-item\">        <a class=\"bwg-a  bwg_lightbox\"  data-image-id=\"8079\" href=\"https:\/\/infocul.pt\/arquivo\/wp-content\/uploads\/photo-gallery\/Duarte@JardinsdeBelem-1698.jpg?bwg=1568334598\" data-elementor-open-lightbox=\"no\">                <div class=\"bwg-item0 \">          <div class=\"bwg-item1 \">            <div class=\"bwg-item2\">              <img decoding=\"async\" class=\"skip-lazy bwg_standart_thumb_img_0 \"                   data-id=\"8079\"                   data-width=\"500\"                   data-height=\"333\"                   data-src=\"https:\/\/infocul.pt\/arquivo\/wp-content\/uploads\/photo-gallery\/thumb\/Duarte@JardinsdeBelem-1698.jpg?bwg=1568334598\"                   src=\"https:\/\/infocul.pt\/arquivo\/wp-content\/uploads\/photo-gallery\/thumb\/Duarte@JardinsdeBelem-1698.jpg?bwg=1568334598\"                   alt=\"\"                   title=\"\" \/>            <\/div>            <div class=\"\">              <div class=\"bwg-title1\"><div class=\"bwg-title2\">&nbsp;<\/div><\/div>                                        <\/div>          <\/div>        <\/div>                        <\/a>              <\/div>            <div class=\"bwg-item\">        <a class=\"bwg-a  bwg_lightbox\"  data-image-id=\"8078\" href=\"https:\/\/infocul.pt\/arquivo\/wp-content\/uploads\/photo-gallery\/Duarte@JardinsdeBelem-7876.jpg?bwg=1568334598\" data-elementor-open-lightbox=\"no\">                <div class=\"bwg-item0 \">          <div class=\"bwg-item1 \">            <div class=\"bwg-item2\">              <img decoding=\"async\" class=\"skip-lazy bwg_standart_thumb_img_0 \"                   data-id=\"8078\"                   data-width=\"500\"                   data-height=\"333\"                   data-src=\"https:\/\/infocul.pt\/arquivo\/wp-content\/uploads\/photo-gallery\/thumb\/Duarte@JardinsdeBelem-7876.jpg?bwg=1568334598\"                   src=\"https:\/\/infocul.pt\/arquivo\/wp-content\/uploads\/photo-gallery\/thumb\/Duarte@JardinsdeBelem-7876.jpg?bwg=1568334598\"                   alt=\"\"                   title=\"\" \/>            <\/div>            <div class=\"\">              <div class=\"bwg-title1\"><div class=\"bwg-title2\">&nbsp;<\/div><\/div>                                        <\/div>          <\/div>        <\/div>                        <\/a>              <\/div>            <div class=\"bwg-item\">        <a class=\"bwg-a  bwg_lightbox\"  data-image-id=\"8077\" href=\"https:\/\/infocul.pt\/arquivo\/wp-content\/uploads\/photo-gallery\/Duarte@JardinsdeBelem-1754.jpg?bwg=1568334598\" data-elementor-open-lightbox=\"no\">                <div class=\"bwg-item0 \">          <div class=\"bwg-item1 \">            <div class=\"bwg-item2\">              <img decoding=\"async\" class=\"skip-lazy bwg_standart_thumb_img_0 \"                   data-id=\"8077\"                   data-width=\"500\"                   data-height=\"333\"                   data-src=\"https:\/\/infocul.pt\/arquivo\/wp-content\/uploads\/photo-gallery\/thumb\/Duarte@JardinsdeBelem-1754.jpg?bwg=1568334598\"                   src=\"https:\/\/infocul.pt\/arquivo\/wp-content\/uploads\/photo-gallery\/thumb\/Duarte@JardinsdeBelem-1754.jpg?bwg=1568334598\"                   alt=\"\"                   title=\"\" \/>            <\/div>            <div class=\"\">              <div class=\"bwg-title1\"><div class=\"bwg-title2\">&nbsp;<\/div><\/div>                                        <\/div>          <\/div>        <\/div>                        <\/a>              <\/div>            <div class=\"bwg-item\">        <a class=\"bwg-a  bwg_lightbox\"  data-image-id=\"8076\" href=\"https:\/\/infocul.pt\/arquivo\/wp-content\/uploads\/photo-gallery\/Duarte@JardinsdeBelem-1728.jpg?bwg=1568334598\" data-elementor-open-lightbox=\"no\">                <div class=\"bwg-item0 \">          <div class=\"bwg-item1 \">            <div class=\"bwg-item2\">              <img decoding=\"async\" class=\"skip-lazy bwg_standart_thumb_img_0 \"                   data-id=\"8076\"                   data-width=\"500\"                   data-height=\"333\"                   data-src=\"https:\/\/infocul.pt\/arquivo\/wp-content\/uploads\/photo-gallery\/thumb\/Duarte@JardinsdeBelem-1728.jpg?bwg=1568334598\"                   src=\"https:\/\/infocul.pt\/arquivo\/wp-content\/uploads\/photo-gallery\/thumb\/Duarte@JardinsdeBelem-1728.jpg?bwg=1568334598\"                   alt=\"\"                   title=\"\" \/>            <\/div>            <div class=\"\">              <div class=\"bwg-title1\"><div class=\"bwg-title2\">&nbsp;<\/div><\/div>                                        <\/div>          <\/div>        <\/div>                        <\/a>              <\/div>            <div class=\"bwg-item\">        <a class=\"bwg-a  bwg_lightbox\"  data-image-id=\"8075\" href=\"https:\/\/infocul.pt\/arquivo\/wp-content\/uploads\/photo-gallery\/Duarte@JardinsdeBelem-1710.jpg?bwg=1568334598\" data-elementor-open-lightbox=\"no\">                <div class=\"bwg-item0 \">          <div class=\"bwg-item1 \">            <div class=\"bwg-item2\">              <img decoding=\"async\" class=\"skip-lazy bwg_standart_thumb_img_0 \"                   data-id=\"8075\"                   data-width=\"500\"                   data-height=\"333\"                   data-src=\"https:\/\/infocul.pt\/arquivo\/wp-content\/uploads\/photo-gallery\/thumb\/Duarte@JardinsdeBelem-1710.jpg?bwg=1568334598\"                   src=\"https:\/\/infocul.pt\/arquivo\/wp-content\/uploads\/photo-gallery\/thumb\/Duarte@JardinsdeBelem-1710.jpg?bwg=1568334598\"                   alt=\"\"                   title=\"\" \/>            <\/div>            <div class=\"\">              <div class=\"bwg-title1\"><div class=\"bwg-title2\">&nbsp;<\/div><\/div>                                        <\/div>          <\/div>        <\/div>                        <\/a>              <\/div>            <div class=\"bwg-item\">        <a class=\"bwg-a  bwg_lightbox\"  data-image-id=\"8074\" href=\"https:\/\/infocul.pt\/arquivo\/wp-content\/uploads\/photo-gallery\/Duarte@JardinsdeBelem-1684.jpg?bwg=1568334598\" data-elementor-open-lightbox=\"no\">                <div class=\"bwg-item0 \">          <div class=\"bwg-item1 \">            <div class=\"bwg-item2\">              <img decoding=\"async\" class=\"skip-lazy bwg_standart_thumb_img_0 \"                   data-id=\"8074\"                   data-width=\"500\"                   data-height=\"333\"                   data-src=\"https:\/\/infocul.pt\/arquivo\/wp-content\/uploads\/photo-gallery\/thumb\/Duarte@JardinsdeBelem-1684.jpg?bwg=1568334598\"                   src=\"https:\/\/infocul.pt\/arquivo\/wp-content\/uploads\/photo-gallery\/thumb\/Duarte@JardinsdeBelem-1684.jpg?bwg=1568334598\"                   alt=\"\"                   title=\"\" \/>            <\/div>            <div class=\"\">              <div class=\"bwg-title1\"><div class=\"bwg-title2\">&nbsp;<\/div><\/div>                                        <\/div>          <\/div>        <\/div>                        <\/a>              <\/div>            <div class=\"bwg-item\">        <a class=\"bwg-a  bwg_lightbox\"  data-image-id=\"8073\" href=\"https:\/\/infocul.pt\/arquivo\/wp-content\/uploads\/photo-gallery\/Duarte@JardinsdeBelem-1680.jpg?bwg=1568334598\" data-elementor-open-lightbox=\"no\">                <div class=\"bwg-item0 \">          <div class=\"bwg-item1 \">            <div class=\"bwg-item2\">              <img decoding=\"async\" class=\"skip-lazy bwg_standart_thumb_img_0 \"                   data-id=\"8073\"                   data-width=\"500\"                   data-height=\"333\"                   data-src=\"https:\/\/infocul.pt\/arquivo\/wp-content\/uploads\/photo-gallery\/thumb\/Duarte@JardinsdeBelem-1680.jpg?bwg=1568334598\"                   src=\"https:\/\/infocul.pt\/arquivo\/wp-content\/uploads\/photo-gallery\/thumb\/Duarte@JardinsdeBelem-1680.jpg?bwg=1568334598\"                   alt=\"\"                   title=\"\" \/>            <\/div>            <div class=\"\">              <div class=\"bwg-title1\"><div class=\"bwg-title2\">&nbsp;<\/div><\/div>                                        <\/div>          <\/div>        <\/div>                        <\/a>              <\/div>            <div class=\"bwg-item\">        <a class=\"bwg-a  bwg_lightbox\"  data-image-id=\"8072\" href=\"https:\/\/infocul.pt\/arquivo\/wp-content\/uploads\/photo-gallery\/Duarte@JardinsdeBelem-1672.jpg?bwg=1568334598\" data-elementor-open-lightbox=\"no\">                <div class=\"bwg-item0 \">          <div class=\"bwg-item1 \">            <div class=\"bwg-item2\">              <img decoding=\"async\" class=\"skip-lazy bwg_standart_thumb_img_0 \"                   data-id=\"8072\"                   data-width=\"333\"                   data-height=\"500\"                   data-src=\"https:\/\/infocul.pt\/arquivo\/wp-content\/uploads\/photo-gallery\/thumb\/Duarte@JardinsdeBelem-1672.jpg?bwg=1568334598\"                   src=\"https:\/\/infocul.pt\/arquivo\/wp-content\/uploads\/photo-gallery\/thumb\/Duarte@JardinsdeBelem-1672.jpg?bwg=1568334598\"                   alt=\"\"                   title=\"\" \/>            <\/div>            <div class=\"\">              <div class=\"bwg-title1\"><div class=\"bwg-title2\">&nbsp;<\/div><\/div>                                        <\/div>          <\/div>        <\/div>                        <\/a>              <\/div>            <div class=\"bwg-item\">        <a class=\"bwg-a  bwg_lightbox\"  data-image-id=\"8071\" href=\"https:\/\/infocul.pt\/arquivo\/wp-content\/uploads\/photo-gallery\/Duarte@JardinsdeBelem-1669.jpg?bwg=1568334598\" data-elementor-open-lightbox=\"no\">                <div class=\"bwg-item0 \">          <div class=\"bwg-item1 \">            <div class=\"bwg-item2\">              <img decoding=\"async\" class=\"skip-lazy bwg_standart_thumb_img_0 \"                   data-id=\"8071\"                   data-width=\"333\"                   data-height=\"500\"                   data-src=\"https:\/\/infocul.pt\/arquivo\/wp-content\/uploads\/photo-gallery\/thumb\/Duarte@JardinsdeBelem-1669.jpg?bwg=1568334598\"                   src=\"https:\/\/infocul.pt\/arquivo\/wp-content\/uploads\/photo-gallery\/thumb\/Duarte@JardinsdeBelem-1669.jpg?bwg=1568334598\"                   alt=\"\"                   title=\"\" \/>            <\/div>            <div class=\"\">              <div class=\"bwg-title1\"><div class=\"bwg-title2\">&nbsp;<\/div><\/div>                                        <\/div>          <\/div>        <\/div>                        <\/a>              <\/div>            <div class=\"bwg-item\">        <a class=\"bwg-a  bwg_lightbox\"  data-image-id=\"8070\" href=\"https:\/\/infocul.pt\/arquivo\/wp-content\/uploads\/photo-gallery\/Duarte@JardinsdeBelem-1649.jpg?bwg=1568334598\" data-elementor-open-lightbox=\"no\">                <div class=\"bwg-item0 \">          <div class=\"bwg-item1 \">            <div class=\"bwg-item2\">              <img decoding=\"async\" class=\"skip-lazy bwg_standart_thumb_img_0 \"                   data-id=\"8070\"                   data-width=\"500\"                   data-height=\"333\"                   data-src=\"https:\/\/infocul.pt\/arquivo\/wp-content\/uploads\/photo-gallery\/thumb\/Duarte@JardinsdeBelem-1649.jpg?bwg=1568334598\"                   src=\"https:\/\/infocul.pt\/arquivo\/wp-content\/uploads\/photo-gallery\/thumb\/Duarte@JardinsdeBelem-1649.jpg?bwg=1568334598\"                   alt=\"\"                   title=\"\" \/>            <\/div>            <div class=\"\">              <div class=\"bwg-title1\"><div class=\"bwg-title2\">&nbsp;<\/div><\/div>                                        <\/div>          <\/div>        <\/div>                        <\/a>              <\/div>            <div class=\"bwg-item\">        <a class=\"bwg-a  bwg_lightbox\"  data-image-id=\"8069\" href=\"https:\/\/infocul.pt\/arquivo\/wp-content\/uploads\/photo-gallery\/Duarte@JardinsdeBelem-1650.jpg?bwg=1568334598\" data-elementor-open-lightbox=\"no\">                <div class=\"bwg-item0 \">          <div class=\"bwg-item1 \">            <div class=\"bwg-item2\">              <img decoding=\"async\" class=\"skip-lazy bwg_standart_thumb_img_0 \"                   data-id=\"8069\"                   data-width=\"500\"                   data-height=\"333\"                   data-src=\"https:\/\/infocul.pt\/arquivo\/wp-content\/uploads\/photo-gallery\/thumb\/Duarte@JardinsdeBelem-1650.jpg?bwg=1568334598\"                   src=\"https:\/\/infocul.pt\/arquivo\/wp-content\/uploads\/photo-gallery\/thumb\/Duarte@JardinsdeBelem-1650.jpg?bwg=1568334598\"                   alt=\"\"                   title=\"\" \/>            <\/div>            <div class=\"\">              <div class=\"bwg-title1\"><div class=\"bwg-title2\">&nbsp;<\/div><\/div>                                        <\/div>          <\/div>        <\/div>                        <\/a>              <\/div>            <div class=\"bwg-item\">        <a class=\"bwg-a  bwg_lightbox\"  data-image-id=\"8068\" href=\"https:\/\/infocul.pt\/arquivo\/wp-content\/uploads\/photo-gallery\/Duarte@JardinsdeBelem-1633.jpg?bwg=1568334598\" data-elementor-open-lightbox=\"no\">                <div class=\"bwg-item0 \">          <div class=\"bwg-item1 \">            <div class=\"bwg-item2\">              <img decoding=\"async\" class=\"skip-lazy bwg_standart_thumb_img_0 \"                   data-id=\"8068\"                   data-width=\"500\"                   data-height=\"333\"                   data-src=\"https:\/\/infocul.pt\/arquivo\/wp-content\/uploads\/photo-gallery\/thumb\/Duarte@JardinsdeBelem-1633.jpg?bwg=1568334598\"                   src=\"https:\/\/infocul.pt\/arquivo\/wp-content\/uploads\/photo-gallery\/thumb\/Duarte@JardinsdeBelem-1633.jpg?bwg=1568334598\"                   alt=\"\"                   title=\"\" \/>            <\/div>            <div class=\"\">              <div class=\"bwg-title1\"><div class=\"bwg-title2\">&nbsp;<\/div><\/div>                                        <\/div>          <\/div>        <\/div>                        <\/a>              <\/div>            <div class=\"bwg-item\">        <a class=\"bwg-a  bwg_lightbox\"  data-image-id=\"8067\" href=\"https:\/\/infocul.pt\/arquivo\/wp-content\/uploads\/photo-gallery\/Duarte@JardinsdeBelem-1624.jpg?bwg=1568334598\" data-elementor-open-lightbox=\"no\">                <div class=\"bwg-item0 \">          <div class=\"bwg-item1 \">            <div class=\"bwg-item2\">              <img decoding=\"async\" class=\"skip-lazy bwg_standart_thumb_img_0 \"                   data-id=\"8067\"                   data-width=\"500\"                   data-height=\"333\"                   data-src=\"https:\/\/infocul.pt\/arquivo\/wp-content\/uploads\/photo-gallery\/thumb\/Duarte@JardinsdeBelem-1624.jpg?bwg=1568334598\"                   src=\"https:\/\/infocul.pt\/arquivo\/wp-content\/uploads\/photo-gallery\/thumb\/Duarte@JardinsdeBelem-1624.jpg?bwg=1568334598\"                   alt=\"\"                   title=\"\" \/>            <\/div>            <div class=\"\">              <div class=\"bwg-title1\"><div class=\"bwg-title2\">&nbsp;<\/div><\/div>                                        <\/div>          <\/div>        <\/div>                        <\/a>              <\/div>            <div class=\"bwg-item\">        <a class=\"bwg-a  bwg_lightbox\"  data-image-id=\"8066\" href=\"https:\/\/infocul.pt\/arquivo\/wp-content\/uploads\/photo-gallery\/Duarte@JardinsdeBelem-1631.jpg?bwg=1568334598\" data-elementor-open-lightbox=\"no\">                <div class=\"bwg-item0 \">          <div class=\"bwg-item1 \">            <div class=\"bwg-item2\">              <img decoding=\"async\" class=\"skip-lazy bwg_standart_thumb_img_0 \"                   data-id=\"8066\"                   data-width=\"500\"                   data-height=\"333\"                   data-src=\"https:\/\/infocul.pt\/arquivo\/wp-content\/uploads\/photo-gallery\/thumb\/Duarte@JardinsdeBelem-1631.jpg?bwg=1568334598\"                   src=\"https:\/\/infocul.pt\/arquivo\/wp-content\/uploads\/photo-gallery\/thumb\/Duarte@JardinsdeBelem-1631.jpg?bwg=1568334598\"                   alt=\"\"                   title=\"\" \/>            <\/div>            <div class=\"\">              <div class=\"bwg-title1\"><div class=\"bwg-title2\">&nbsp;<\/div><\/div>                                        <\/div>          <\/div>        <\/div>                        <\/a>              <\/div>            <div class=\"bwg-item\">        <a class=\"bwg-a  bwg_lightbox\"  data-image-id=\"8065\" href=\"https:\/\/infocul.pt\/arquivo\/wp-content\/uploads\/photo-gallery\/Duarte@JardinsdeBelem-1591.jpg?bwg=1568334598\" data-elementor-open-lightbox=\"no\">                <div class=\"bwg-item0 \">          <div class=\"bwg-item1 \">            <div class=\"bwg-item2\">              <img decoding=\"async\" class=\"skip-lazy bwg_standart_thumb_img_0 \"                   data-id=\"8065\"                   data-width=\"500\"                   data-height=\"333\"                   data-src=\"https:\/\/infocul.pt\/arquivo\/wp-content\/uploads\/photo-gallery\/thumb\/Duarte@JardinsdeBelem-1591.jpg?bwg=1568334598\"                   src=\"https:\/\/infocul.pt\/arquivo\/wp-content\/uploads\/photo-gallery\/thumb\/Duarte@JardinsdeBelem-1591.jpg?bwg=1568334598\"                   alt=\"\"                   title=\"\" \/>            <\/div>            <div class=\"\">              <div class=\"bwg-title1\"><div class=\"bwg-title2\">&nbsp;<\/div><\/div>                                        <\/div>          <\/div>        <\/div>                        <\/a>              <\/div>            <div class=\"bwg-item\">        <a class=\"bwg-a  bwg_lightbox\"  data-image-id=\"8064\" href=\"https:\/\/infocul.pt\/arquivo\/wp-content\/uploads\/photo-gallery\/Duarte@JardinsdeBelem-1584.jpg?bwg=1568334598\" data-elementor-open-lightbox=\"no\">                <div class=\"bwg-item0 \">          <div class=\"bwg-item1 \">            <div class=\"bwg-item2\">              <img decoding=\"async\" class=\"skip-lazy bwg_standart_thumb_img_0 \"                   data-id=\"8064\"                   data-width=\"500\"                   data-height=\"333\"                   data-src=\"https:\/\/infocul.pt\/arquivo\/wp-content\/uploads\/photo-gallery\/thumb\/Duarte@JardinsdeBelem-1584.jpg?bwg=1568334598\"                   src=\"https:\/\/infocul.pt\/arquivo\/wp-content\/uploads\/photo-gallery\/thumb\/Duarte@JardinsdeBelem-1584.jpg?bwg=1568334598\"                   alt=\"\"                   title=\"\" \/>            <\/div>            <div class=\"\">              <div class=\"bwg-title1\"><div class=\"bwg-title2\">&nbsp;<\/div><\/div>                                        <\/div>          <\/div>        <\/div>                        <\/a>              <\/div>            <div class=\"bwg-item\">        <a class=\"bwg-a  bwg_lightbox\"  data-image-id=\"8063\" href=\"https:\/\/infocul.pt\/arquivo\/wp-content\/uploads\/photo-gallery\/Duarte@JardinsdeBelem-1582.jpg?bwg=1568334598\" data-elementor-open-lightbox=\"no\">                <div class=\"bwg-item0 \">          <div class=\"bwg-item1 \">            <div class=\"bwg-item2\">              <img decoding=\"async\" class=\"skip-lazy bwg_standart_thumb_img_0 \"                   data-id=\"8063\"                   data-width=\"500\"                   data-height=\"333\"                   data-src=\"https:\/\/infocul.pt\/arquivo\/wp-content\/uploads\/photo-gallery\/thumb\/Duarte@JardinsdeBelem-1582.jpg?bwg=1568334598\"                   src=\"https:\/\/infocul.pt\/arquivo\/wp-content\/uploads\/photo-gallery\/thumb\/Duarte@JardinsdeBelem-1582.jpg?bwg=1568334598\"                   alt=\"\"                   title=\"\" \/>            <\/div>            <div class=\"\">              <div class=\"bwg-title1\"><div class=\"bwg-title2\">&nbsp;<\/div><\/div>                                        <\/div>          <\/div>        <\/div>                        <\/a>              <\/div>            <div class=\"bwg-item\">        <a class=\"bwg-a  bwg_lightbox\"  data-image-id=\"8062\" href=\"https:\/\/infocul.pt\/arquivo\/wp-content\/uploads\/photo-gallery\/Duarte@JardinsdeBelem-1589.jpg?bwg=1568334598\" data-elementor-open-lightbox=\"no\">                <div class=\"bwg-item0 \">          <div class=\"bwg-item1 \">            <div class=\"bwg-item2\">              <img decoding=\"async\" class=\"skip-lazy bwg_standart_thumb_img_0 \"                   data-id=\"8062\"                   data-width=\"500\"                   data-height=\"333\"                   data-src=\"https:\/\/infocul.pt\/arquivo\/wp-content\/uploads\/photo-gallery\/thumb\/Duarte@JardinsdeBelem-1589.jpg?bwg=1568334598\"                   src=\"https:\/\/infocul.pt\/arquivo\/wp-content\/uploads\/photo-gallery\/thumb\/Duarte@JardinsdeBelem-1589.jpg?bwg=1568334598\"                   alt=\"\"                   title=\"\" \/>            <\/div>            <div class=\"\">              <div class=\"bwg-title1\"><div class=\"bwg-title2\">&nbsp;<\/div><\/div>                                        <\/div>          <\/div>        <\/div>                        <\/a>              <\/div>            <div class=\"bwg-item\">        <a class=\"bwg-a  bwg_lightbox\"  data-image-id=\"8061\" href=\"https:\/\/infocul.pt\/arquivo\/wp-content\/uploads\/photo-gallery\/Duarte@JardinsdeBelem-1619.jpg?bwg=1568334598\" data-elementor-open-lightbox=\"no\">                <div class=\"bwg-item0 \">          <div class=\"bwg-item1 \">            <div class=\"bwg-item2\">              <img decoding=\"async\" class=\"skip-lazy bwg_standart_thumb_img_0 \"                   data-id=\"8061\"                   data-width=\"500\"                   data-height=\"333\"                   data-src=\"https:\/\/infocul.pt\/arquivo\/wp-content\/uploads\/photo-gallery\/thumb\/Duarte@JardinsdeBelem-1619.jpg?bwg=1568334598\"                   src=\"https:\/\/infocul.pt\/arquivo\/wp-content\/uploads\/photo-gallery\/thumb\/Duarte@JardinsdeBelem-1619.jpg?bwg=1568334598\"                   alt=\"\"                   title=\"\" \/>            <\/div>            <div class=\"\">              <div class=\"bwg-title1\"><div class=\"bwg-title2\">&nbsp;<\/div><\/div>                                        <\/div>          <\/div>        <\/div>                        <\/a>              <\/div>            <div class=\"bwg-item\">        <a class=\"bwg-a  bwg_lightbox\"  data-image-id=\"8060\" href=\"https:\/\/infocul.pt\/arquivo\/wp-content\/uploads\/photo-gallery\/Duarte@JardinsdeBelem-1587.jpg?bwg=1568334598\" data-elementor-open-lightbox=\"no\">                <div class=\"bwg-item0 \">          <div class=\"bwg-item1 \">            <div class=\"bwg-item2\">              <img decoding=\"async\" class=\"skip-lazy bwg_standart_thumb_img_0 \"                   data-id=\"8060\"                   data-width=\"500\"                   data-height=\"333\"                   data-src=\"https:\/\/infocul.pt\/arquivo\/wp-content\/uploads\/photo-gallery\/thumb\/Duarte@JardinsdeBelem-1587.jpg?bwg=1568334598\"                   src=\"https:\/\/infocul.pt\/arquivo\/wp-content\/uploads\/photo-gallery\/thumb\/Duarte@JardinsdeBelem-1587.jpg?bwg=1568334598\"                   alt=\"\"                   title=\"\" \/>            <\/div>            <div class=\"\">              <div class=\"bwg-title1\"><div class=\"bwg-title2\">&nbsp;<\/div><\/div>                                        <\/div>          <\/div>        <\/div>                        <\/a>              <\/div>            <div class=\"bwg-item\">        <a class=\"bwg-a  bwg_lightbox\"  data-image-id=\"8059\" href=\"https:\/\/infocul.pt\/arquivo\/wp-content\/uploads\/photo-gallery\/Duarte@JardinsdeBelem-1623.jpg?bwg=1568334598\" data-elementor-open-lightbox=\"no\">                <div class=\"bwg-item0 \">          <div class=\"bwg-item1 \">            <div class=\"bwg-item2\">              <img decoding=\"async\" class=\"skip-lazy bwg_standart_thumb_img_0 \"                   data-id=\"8059\"                   data-width=\"500\"                   data-height=\"333\"                   data-src=\"https:\/\/infocul.pt\/arquivo\/wp-content\/uploads\/photo-gallery\/thumb\/Duarte@JardinsdeBelem-1623.jpg?bwg=1568334598\"                   src=\"https:\/\/infocul.pt\/arquivo\/wp-content\/uploads\/photo-gallery\/thumb\/Duarte@JardinsdeBelem-1623.jpg?bwg=1568334598\"                   alt=\"\"                   title=\"\" \/>            <\/div>            <div class=\"\">              <div class=\"bwg-title1\"><div class=\"bwg-title2\">&nbsp;<\/div><\/div>                                        <\/div>          <\/div>        <\/div>                        <\/a>              <\/div>            <div class=\"bwg-item\">        <a class=\"bwg-a  bwg_lightbox\"  data-image-id=\"8058\" href=\"https:\/\/infocul.pt\/arquivo\/wp-content\/uploads\/photo-gallery\/Duarte@JardinsdeBelem-1596.jpg?bwg=1568334598\" data-elementor-open-lightbox=\"no\">                <div class=\"bwg-item0 \">          <div class=\"bwg-item1 \">            <div class=\"bwg-item2\">              <img decoding=\"async\" class=\"skip-lazy bwg_standart_thumb_img_0 \"                   data-id=\"8058\"                   data-width=\"500\"                   data-height=\"333\"                   data-src=\"https:\/\/infocul.pt\/arquivo\/wp-content\/uploads\/photo-gallery\/thumb\/Duarte@JardinsdeBelem-1596.jpg?bwg=1568334598\"                   src=\"https:\/\/infocul.pt\/arquivo\/wp-content\/uploads\/photo-gallery\/thumb\/Duarte@JardinsdeBelem-1596.jpg?bwg=1568334598\"                   alt=\"\"                   title=\"\" \/>            <\/div>            <div class=\"\">              <div class=\"bwg-title1\"><div class=\"bwg-title2\">&nbsp;<\/div><\/div>                                        <\/div>          <\/div>        <\/div>                        <\/a>              <\/div>            <div class=\"bwg-item\">        <a class=\"bwg-a  bwg_lightbox\"  data-image-id=\"8057\" href=\"https:\/\/infocul.pt\/arquivo\/wp-content\/uploads\/photo-gallery\/Duarte@JardinsdeBelem-1597.jpg?bwg=1568334598\" data-elementor-open-lightbox=\"no\">                <div class=\"bwg-item0 \">          <div class=\"bwg-item1 \">            <div class=\"bwg-item2\">              <img decoding=\"async\" class=\"skip-lazy bwg_standart_thumb_img_0 \"                   data-id=\"8057\"                   data-width=\"500\"                   data-height=\"333\"                   data-src=\"https:\/\/infocul.pt\/arquivo\/wp-content\/uploads\/photo-gallery\/thumb\/Duarte@JardinsdeBelem-1597.jpg?bwg=1568334598\"                   src=\"https:\/\/infocul.pt\/arquivo\/wp-content\/uploads\/photo-gallery\/thumb\/Duarte@JardinsdeBelem-1597.jpg?bwg=1568334598\"                   alt=\"\"                   title=\"\" \/>            <\/div>            <div class=\"\">              <div class=\"bwg-title1\"><div class=\"bwg-title2\">&nbsp;<\/div><\/div>                                        <\/div>          <\/div>        <\/div>                        <\/a>              <\/div>            <div class=\"bwg-item\">        <a class=\"bwg-a  bwg_lightbox\"  data-image-id=\"8056\" href=\"https:\/\/infocul.pt\/arquivo\/wp-content\/uploads\/photo-gallery\/Duarte@JardinsdeBelem-1581.jpg?bwg=1568334598\" data-elementor-open-lightbox=\"no\">                <div class=\"bwg-item0 \">          <div class=\"bwg-item1 \">            <div class=\"bwg-item2\">              <img decoding=\"async\" class=\"skip-lazy bwg_standart_thumb_img_0 \"                   data-id=\"8056\"                   data-width=\"500\"                   data-height=\"333\"                   data-src=\"https:\/\/infocul.pt\/arquivo\/wp-content\/uploads\/photo-gallery\/thumb\/Duarte@JardinsdeBelem-1581.jpg?bwg=1568334598\"                   src=\"https:\/\/infocul.pt\/arquivo\/wp-content\/uploads\/photo-gallery\/thumb\/Duarte@JardinsdeBelem-1581.jpg?bwg=1568334598\"                   alt=\"\"                   title=\"\" \/>            <\/div>            <div class=\"\">              <div class=\"bwg-title1\"><div class=\"bwg-title2\">&nbsp;<\/div><\/div>                                        <\/div>          <\/div>        <\/div>                        <\/a>              <\/div>          <\/div>    <style>      \/*pagination styles*\/      #bwg_container1_0 #bwg_container2_0 .tablenav-pages_0 {\t\t\t\ttext-align: center;\t\t\t\tfont-size: 12px;\t\t\t\tfont-family: segoe ui;\t\t\t\tfont-weight: bold;\t\t\t\tcolor: #666666;\t\t\t\tmargin: 6px 0 4px;\t\t\t\tdisplay: block;      }      @media only screen and (max-width : 320px) {      #bwg_container1_0 #bwg_container2_0 .displaying-num_0 {     \t display: none;      }      }      #bwg_container1_0 #bwg_container2_0 .displaying-num_0 {\t\t\t\tfont-size: 12px;\t\t\t\tfont-family: segoe ui;\t\t\t\tfont-weight: bold;\t\t\t\tcolor: #666666;\t\t\t\tmargin-right: 10px;\t\t\t\tvertical-align: middle;      }      #bwg_container1_0 #bwg_container2_0 .paging-input_0 {\t\t\t\tfont-size: 12px;\t\t\t\tfont-family: segoe ui;\t\t\t\tfont-weight: bold;\t\t\t\tcolor: #666666;\t\t\t\tvertical-align: middle;      }      #bwg_container1_0 #bwg_container2_0 .tablenav-pages_0 a.disabled,      #bwg_container1_0 #bwg_container2_0 .tablenav-pages_0 a.disabled:hover,      #bwg_container1_0 #bwg_container2_0 .tablenav-pages_0 a.disabled:focus,\t\t\t#bwg_container1_0 #bwg_container2_0 .tablenav-pages_0 input.bwg_current_page {\t\t\t\tcursor: default;\t\t\t\tcolor: rgba(102, 102, 102, 0.5);      }      #bwg_container1_0 #bwg_container2_0 .tablenav-pages_0 a,      #bwg_container1_0 #bwg_container2_0 .tablenav-pages_0 input.bwg_current_page {\t\t\t\tcursor: pointer;\t\t\t\ttext-align: center;\t\t\t\tfont-size: 12px;\t\t\t\tfont-family: segoe ui;\t\t\t\tfont-weight: bold;\t\t\t\tcolor: #666666;\t\t\t\ttext-decoration: none;\t\t\t\tpadding: 3px 6px;\t\t\t\tmargin: 0;\t\t\t\tborder-radius: 0;\t\t\t\tborder-style: solid;\t\t\t\tborder-width: 1px;\t\t\t\tborder-color: #E3E3E3;\t\t\t\t\t\t\t\tbackground-color: rgba(255, 255, 255, 1.00);\t\t\t\tbox-shadow: 0;\t\t\t\ttransition: all 0.3s ease 0s;-webkit-transition: all 0.3s ease 0s;      }      <\/style>      <span class=\"bwg_nav_cont_0\">              <div class=\"tablenav-pages_0\">                  <\/div>                <input type=\"hidden\" id=\"page_number_0\" name=\"page_number_0\" value=\"1\" \/>      <script type=\"text\/javascript\">        if( jQuery('.bwg_nav_cont_0').length > 1 ) {          jQuery('.bwg_nav_cont_0').first().remove()        }        function spider_page_0(cur, x, y, load_more) {          if (typeof load_more == \"undefined\") {            var load_more = false;          }          if (jQuery(cur).hasClass('disabled')) {            return false;          }          var items_county_0 = 1;          switch (y) {            case 1:              if (x >= items_county_0) {                document.getElementById('page_number_0').value = items_county_0;              }              else {                document.getElementById('page_number_0').value = x + 1;              }              break;            case 2:              document.getElementById('page_number_0').value = items_county_0;              break;            case -1:              if (x == 1) {                document.getElementById('page_number_0').value = 1;              }              else {                document.getElementById('page_number_0').value = x - 1;              }              break;            case -2:              document.getElementById('page_number_0').value = 1;              break;\t\t\t\t\t\tcase 0:              document.getElementById('page_number_0').value = x;              break;            default:              document.getElementById('page_number_0').value = 1;          }          bwg_ajax('gal_front_form_0', '0', 'bwg_thumbnails_0', '0', '', 'gallery', 0, '', '', load_more, '', 1);        }                    jQuery('.first-page-0').on('click', function () {              spider_page_0(this, 1, -2, 'numeric');              return false;            });            jQuery('.prev-page-0').on('click', function () {              spider_page_0(this, 1, -1, 'numeric');              return false;            });            jQuery('.next-page-0').on('click', function () {              spider_page_0(this, 1, 1, 'numeric');              return false;            });            jQuery('.last-page-0').on('click', function () {              spider_page_0(this, 1, 2, 'numeric');              return false;            });        \t\t\t\t\/* Change page on input enter. *\/        function bwg_change_page_0( e, that ) {          if (  e.key == 'Enter' ) {            var to_page = parseInt(jQuery(that).val());            var pages_count = jQuery(that).parents(\".pagination-links\").data(\"pages-count\");            var current_url_param = jQuery(that).attr('data-url-info');            if (to_page > pages_count) {              to_page = 1;            }\t \t\t\t\t\t\t\t\t\t\t\t\tspider_page_0(this, to_page, 0, 'numeric');\t\t\t\t\t\t\treturn false;\t\t\t\t\t\t          }          return true;        }        jQuery('.bwg_load_btn_0').on('click', function () {            spider_page_0(this, 1, 1, true);            return false;        });      <\/script>      <\/span>                <\/div>        <\/form>        <style>          #bwg_container1_0 #bwg_container2_0 #spider_popup_overlay_0 {          background-color: #EEEEEE;          opacity: 0.60;          }          <\/style>        <div id=\"bwg_spider_popup_loading_0\" class=\"bwg_spider_popup_loading\"><\/div>        <div id=\"spider_popup_overlay_0\" class=\"spider_popup_overlay\" onclick=\"spider_destroypopup(1000)\"><\/div>        <input type=\"hidden\" id=\"bwg_random_seed_0\" value=\"1307439593\">                <\/div>    <\/div>    <script>      if (document.readyState === 'complete') {        if( typeof bwg_main_ready == 'function' ) {          if ( jQuery(\"#bwg_container1_0\").height() ) {            bwg_main_ready(jQuery(\"#bwg_container1_0\"));          }        }      } else {        document.addEventListener('DOMContentLoaded', function() {          if( typeof bwg_main_ready == 'function' ) {            if ( jQuery(\"#bwg_container1_0\").height() ) {             bwg_main_ready(jQuery(\"#bwg_container1_0\"));            }          }        });      }    <\/script>    \n<p><span style=\"font-family: Liberation Serif, serif;\"><span style=\"font-size: medium;\">Antes de subir a palco, Duarte falou com o Infocul.pt sobre a actua\u00e7\u00e3o em Lisboa. O fadista confessou-nos que o espect\u00e1culo \u201c<em><strong>assenta no alinhamento do \u00faltimo disco, se bem que depois \u00e9 acrescentado com os temas mais marcantes dos meus outros trabalhos<\/strong><\/em>\u201d.<\/span><\/span><\/p>\n<p><span style=\"font-family: Liberation Serif, serif;\"><span style=\"font-size: medium;\">Explicou-nos que \u201c<em><strong>provavelmente acaba por ser um concerto mais maduro do que aquele que fizemos h\u00e1 quase dois anos, quando lan\u00e7\u00e1mos o disco, em Sintra<\/strong><\/em>\u201d.<\/span><\/span><\/p>\n<p>\u201c<span style=\"font-family: Liberation Serif, serif;\"><span style=\"font-size: medium;\"><em><strong>Entretanto passaram quase dois anos, a brincar, em que tive muitos mais concerto l\u00e1 fora do que c\u00e1. A coisa n\u00e3o me tem corrido mal e agora \u00e9 um bocado \u2018bom filho a casa torna\u2019 e vamos ver como a coisa corre<\/strong><\/em>\u201d, acrescentou.<\/span><\/span><\/p>\n<p><span style=\"font-family: Liberation Serif, serif;\"><span style=\"font-size: medium;\">De Lisboa disse-nos que \u201c<em><strong>\u00e9 uma cidade que me acolheu, que marca a minha vida, desde 2004 que estou a cantar no Sr.Vinho. Se bem que \u00e9 uma cidade que tem as suas caracter\u00edsticas muito pr\u00f3prias, mas \u00e9 uma cidade que tem marcado a minha vida art\u00edstica<\/strong><\/em>\u201d.<\/span><\/span><\/p>\n<p>Conhe\u00e7a <a href=\"https:\/\/infocul.pt\/arquivo\/cultura\/conheca-o-programa-de-lisboa-na-rua\/\" target=\"_blank\" rel=\"noopener noreferrer\">AQUI<\/a> o programa do Lisboa na Rua.<\/p>\n<p>&nbsp;<\/p>\n<p><span style=\"color: #800000;\">Texto: Rui Lavrador<\/span><br \/>\n<span style=\"color: #800000;\">Fotografia: Jo\u00e3o de Sousa<\/span><\/p>\n","protected":false},"excerpt":{"rendered":"<p>&nbsp; &nbsp; O fadista alentejano, Duarte, actuou esta quinta-feira, 12 de Setembro, no Jardim Vasco da Gama, em Lisboa.<\/p>\n","protected":false},"author":2,"featured_media":59829,"comment_status":"open","ping_status":"closed","sticky":false,"template":"","format":"standard","meta":{"footnotes":""},"categories":[3,2,36,4123],"tags":[1661,191,42,80,1933,2063],"class_list":["post-59826","post","type-post","status-publish","format-standard","has-post-thumbnail","hentry","category-concertos","category-cultura","category-destaque","category-reportagens-actualidade","tag-belem","tag-duarte","tag-fado","tag-lisboa","tag-lisboa-na-rua","tag-sou-do-fado"],"yoast_head":"<!-- This site is optimized with the Yoast SEO plugin v27.5 - https:\/\/yoast.com\/product\/yoast-seo-wordpress\/ -->\n<title>Lisboa na Rua: Duarte levou o Fado a Bel\u00e9m (C\/Fotos) | Infocul.pt - Arquivo Digital<\/title>\n<meta name=\"description\" content=\"Lisboa na Rua: Duarte levou o Fado a Bel\u00e9m (C\/Fotos) | Infocul.pt - Arquivo Digital\" \/>\n<meta name=\"robots\" content=\"noindex, follow, max-snippet:-1, max-image-preview:large, max-video-preview:-1\" \/>\n<meta property=\"og:locale\" content=\"pt_PT\" \/>\n<meta property=\"og:type\" content=\"article\" \/>\n<meta property=\"og:title\" content=\"Lisboa na Rua: Duarte levou o Fado a Bel\u00e9m (C\/Fotos) | Infocul.pt - Arquivo Digital\" \/>\n<meta property=\"og:description\" content=\"Lisboa na Rua: Duarte levou o Fado a Bel\u00e9m (C\/Fotos) | Infocul.pt - Arquivo Digital\" \/>\n<meta property=\"og:url\" content=\"https:\/\/infocul.pt\/arquivo\/cultura\/lisboa-na-rua-duarte-levou-o-fado-a-belem-c-fotos\/\" \/>\n<meta property=\"og:site_name\" content=\"Infocul.pt - Arquivo Digital\" \/>\n<meta property=\"article:publisher\" content=\"https:\/\/www.facebook.com\/Infocul-147816815585015\/\" \/>\n<meta property=\"article:published_time\" content=\"2019-09-13T00:32:15+00:00\" \/>\n<meta property=\"og:image\" content=\"https:\/\/infocul.pt\/arquivo\/wp-content\/uploads\/2019\/09\/Duarte@JardinsdeBelem-7882.jpg\" \/>\n\t<meta property=\"og:image:width\" content=\"1800\" \/>\n\t<meta property=\"og:image:height\" content=\"1200\" \/>\n\t<meta property=\"og:image:type\" content=\"image\/jpeg\" \/>\n<meta name=\"author\" content=\"Rui Lavrador\" \/>\n<meta name=\"twitter:card\" content=\"summary_large_image\" \/>\n<meta name=\"twitter:creator\" content=\"@Infoculpt\" \/>\n<meta name=\"twitter:site\" content=\"@Infoculpt\" \/>\n<meta name=\"twitter:label1\" content=\"Escrito por\" \/>\n\t<meta name=\"twitter:data1\" content=\"Rui Lavrador\" \/>\n\t<meta name=\"twitter:label2\" content=\"Tempo estimado de leitura\" \/>\n\t<meta name=\"twitter:data2\" content=\"3 minutos\" \/>\n<script type=\"application\/ld+json\" class=\"yoast-schema-graph\">{\"@context\":\"https:\\\/\\\/schema.org\",\"@graph\":[{\"@type\":\"Article\",\"@id\":\"https:\\\/\\\/infocul.pt\\\/arquivo\\\/cultura\\\/lisboa-na-rua-duarte-levou-o-fado-a-belem-c-fotos\\\/#article\",\"isPartOf\":{\"@id\":\"https:\\\/\\\/infocul.pt\\\/arquivo\\\/cultura\\\/lisboa-na-rua-duarte-levou-o-fado-a-belem-c-fotos\\\/\"},\"author\":{\"name\":\"Rui Lavrador\",\"@id\":\"https:\\\/\\\/infocul.pt\\\/arquivo\\\/#\\\/schema\\\/person\\\/060a108d7f2d85fc6aae505119ee5234\"},\"headline\":\"Lisboa na Rua: Duarte levou o Fado a Bel\u00e9m (C\\\/Fotos)\",\"datePublished\":\"2019-09-13T00:32:15+00:00\",\"mainEntityOfPage\":{\"@id\":\"https:\\\/\\\/infocul.pt\\\/arquivo\\\/cultura\\\/lisboa-na-rua-duarte-levou-o-fado-a-belem-c-fotos\\\/\"},\"wordCount\":521,\"commentCount\":0,\"publisher\":{\"@id\":\"https:\\\/\\\/infocul.pt\\\/arquivo\\\/#organization\"},\"image\":{\"@id\":\"https:\\\/\\\/infocul.pt\\\/arquivo\\\/cultura\\\/lisboa-na-rua-duarte-levou-o-fado-a-belem-c-fotos\\\/#primaryimage\"},\"thumbnailUrl\":\"https:\\\/\\\/infocul.pt\\\/arquivo\\\/wp-content\\\/uploads\\\/2019\\\/09\\\/Duarte@JardinsdeBelem-7882.jpg\",\"keywords\":[\"Bel\u00e9m\",\"Duarte\",\"Fado\",\"Lisboa\",\"Lisboa na Rua\",\"Sou do Fado\"],\"articleSection\":[\"Concertos\",\"Cultura\",\"Destaque\",\"Reportagens\"],\"inLanguage\":\"pt-PT\"},{\"@type\":\"WebPage\",\"@id\":\"https:\\\/\\\/infocul.pt\\\/arquivo\\\/cultura\\\/lisboa-na-rua-duarte-levou-o-fado-a-belem-c-fotos\\\/\",\"url\":\"https:\\\/\\\/infocul.pt\\\/arquivo\\\/cultura\\\/lisboa-na-rua-duarte-levou-o-fado-a-belem-c-fotos\\\/\",\"name\":\"Lisboa na Rua: Duarte levou o Fado a Bel\u00e9m (C\\\/Fotos) | Infocul.pt - Arquivo Digital\",\"isPartOf\":{\"@id\":\"https:\\\/\\\/infocul.pt\\\/arquivo\\\/#website\"},\"primaryImageOfPage\":{\"@id\":\"https:\\\/\\\/infocul.pt\\\/arquivo\\\/cultura\\\/lisboa-na-rua-duarte-levou-o-fado-a-belem-c-fotos\\\/#primaryimage\"},\"image\":{\"@id\":\"https:\\\/\\\/infocul.pt\\\/arquivo\\\/cultura\\\/lisboa-na-rua-duarte-levou-o-fado-a-belem-c-fotos\\\/#primaryimage\"},\"thumbnailUrl\":\"https:\\\/\\\/infocul.pt\\\/arquivo\\\/wp-content\\\/uploads\\\/2019\\\/09\\\/Duarte@JardinsdeBelem-7882.jpg\",\"datePublished\":\"2019-09-13T00:32:15+00:00\",\"description\":\"Lisboa na Rua: Duarte levou o Fado a Bel\u00e9m (C\\\/Fotos) | Infocul.pt - Arquivo Digital\",\"breadcrumb\":{\"@id\":\"https:\\\/\\\/infocul.pt\\\/arquivo\\\/cultura\\\/lisboa-na-rua-duarte-levou-o-fado-a-belem-c-fotos\\\/#breadcrumb\"},\"inLanguage\":\"pt-PT\",\"potentialAction\":[{\"@type\":\"ReadAction\",\"target\":[\"https:\\\/\\\/infocul.pt\\\/arquivo\\\/cultura\\\/lisboa-na-rua-duarte-levou-o-fado-a-belem-c-fotos\\\/\"]}]},{\"@type\":\"ImageObject\",\"inLanguage\":\"pt-PT\",\"@id\":\"https:\\\/\\\/infocul.pt\\\/arquivo\\\/cultura\\\/lisboa-na-rua-duarte-levou-o-fado-a-belem-c-fotos\\\/#primaryimage\",\"url\":\"https:\\\/\\\/infocul.pt\\\/arquivo\\\/wp-content\\\/uploads\\\/2019\\\/09\\\/Duarte@JardinsdeBelem-7882.jpg\",\"contentUrl\":\"https:\\\/\\\/infocul.pt\\\/arquivo\\\/wp-content\\\/uploads\\\/2019\\\/09\\\/Duarte@JardinsdeBelem-7882.jpg\",\"width\":1800,\"height\":1200},{\"@type\":\"BreadcrumbList\",\"@id\":\"https:\\\/\\\/infocul.pt\\\/arquivo\\\/cultura\\\/lisboa-na-rua-duarte-levou-o-fado-a-belem-c-fotos\\\/#breadcrumb\",\"itemListElement\":[{\"@type\":\"ListItem\",\"position\":1,\"name\":\"Home\",\"item\":\"https:\\\/\\\/infocul.pt\\\/arquivo\\\/\"},{\"@type\":\"ListItem\",\"position\":2,\"name\":\"Lisboa na Rua: Duarte levou o Fado a Bel\u00e9m (C\\\/Fotos)\"}]},{\"@type\":\"WebSite\",\"@id\":\"https:\\\/\\\/infocul.pt\\\/arquivo\\\/#website\",\"url\":\"https:\\\/\\\/infocul.pt\\\/arquivo\\\/\",\"name\":\"Infocul.pt - Arquivo Digital\",\"description\":\"Arquivo digital da Infocul.pt\",\"publisher\":{\"@id\":\"https:\\\/\\\/infocul.pt\\\/arquivo\\\/#organization\"},\"potentialAction\":[{\"@type\":\"SearchAction\",\"target\":{\"@type\":\"EntryPoint\",\"urlTemplate\":\"https:\\\/\\\/infocul.pt\\\/arquivo\\\/?s={search_term_string}\"},\"query-input\":{\"@type\":\"PropertyValueSpecification\",\"valueRequired\":true,\"valueName\":\"search_term_string\"}}],\"inLanguage\":\"pt-PT\"},{\"@type\":\"Organization\",\"@id\":\"https:\\\/\\\/infocul.pt\\\/arquivo\\\/#organization\",\"name\":\"Infocul.pt\",\"url\":\"https:\\\/\\\/infocul.pt\\\/arquivo\\\/\",\"logo\":{\"@type\":\"ImageObject\",\"inLanguage\":\"pt-PT\",\"@id\":\"https:\\\/\\\/infocul.pt\\\/arquivo\\\/#\\\/schema\\\/logo\\\/image\\\/\",\"url\":\"https:\\\/\\\/infocul.pt\\\/arquivo\\\/wp-content\\\/uploads\\\/2018\\\/12\\\/Infocul_logo-1.png\",\"contentUrl\":\"https:\\\/\\\/infocul.pt\\\/arquivo\\\/wp-content\\\/uploads\\\/2018\\\/12\\\/Infocul_logo-1.png\",\"width\":800,\"height\":800,\"caption\":\"Infocul.pt\"},\"image\":{\"@id\":\"https:\\\/\\\/infocul.pt\\\/arquivo\\\/#\\\/schema\\\/logo\\\/image\\\/\"},\"sameAs\":[\"https:\\\/\\\/www.facebook.com\\\/Infocul-147816815585015\\\/\",\"https:\\\/\\\/x.com\\\/Infoculpt\",\"http:\\\/\\\/www.pictaram.com\\\/user\\\/infocul.pt\\\/2370423710\",\"https:\\\/\\\/www.youtube.com\\\/channel\\\/UCYEB91AGI9FL9ek2i_IaQAA\"]},{\"@type\":\"Person\",\"@id\":\"https:\\\/\\\/infocul.pt\\\/arquivo\\\/#\\\/schema\\\/person\\\/060a108d7f2d85fc6aae505119ee5234\",\"name\":\"Rui Lavrador\",\"image\":{\"@type\":\"ImageObject\",\"inLanguage\":\"pt-PT\",\"@id\":\"https:\\\/\\\/secure.gravatar.com\\\/avatar\\\/93febd6873394aa8e975148548a0cb203acfdd42d2c85c5f1408e1a76678aece?s=96&d=mm&r=g\",\"url\":\"https:\\\/\\\/secure.gravatar.com\\\/avatar\\\/93febd6873394aa8e975148548a0cb203acfdd42d2c85c5f1408e1a76678aece?s=96&d=mm&r=g\",\"contentUrl\":\"https:\\\/\\\/secure.gravatar.com\\\/avatar\\\/93febd6873394aa8e975148548a0cb203acfdd42d2c85c5f1408e1a76678aece?s=96&d=mm&r=g\",\"caption\":\"Rui Lavrador\"},\"description\":\"Iniciou em 2011 o seu percurso em comunica\u00e7\u00e3o social, tendo integrado v\u00e1rios projectos editoriais. Durante o seu percurso integrou projectos como Jornal Hardm\u00fasica, LusoNot\u00edcias, Toureio.pt, ODigital.pt, entre outros \u00d3rg\u00e3os de Comunica\u00e7\u00e3o Social nacionais, na redac\u00e7\u00e3o de v\u00e1rios artigos. Entrevistou a grande maioria das personalidades mais importantes da vida social e cultural do pa\u00eds, destacando-se, tamb\u00e9m, na aprecia\u00e7\u00e3o de v\u00e1rios espect\u00e1culos. Durante o seu percurso, deu a conhecer v\u00e1rios artistas, at\u00e9 ent\u00e3o desconhecidos, ao grande p\u00fablico. Em 2015 criou e fundou o Infocul.pt, projecto no qual assume a direc\u00e7\u00e3o editorial.\",\"sameAs\":[\"http:\\\/\\\/www.infocul.pt\"]}]}<\/script>\n<!-- \/ Yoast SEO plugin. -->","yoast_head_json":{"title":"Lisboa na Rua: Duarte levou o Fado a Bel\u00e9m (C\/Fotos) | Infocul.pt - Arquivo Digital","description":"Lisboa na Rua: Duarte levou o Fado a Bel\u00e9m (C\/Fotos) | Infocul.pt - Arquivo Digital","robots":{"index":"noindex","follow":"follow","max-snippet":"max-snippet:-1","max-image-preview":"max-image-preview:large","max-video-preview":"max-video-preview:-1"},"og_locale":"pt_PT","og_type":"article","og_title":"Lisboa na Rua: Duarte levou o Fado a Bel\u00e9m (C\/Fotos) | Infocul.pt - Arquivo Digital","og_description":"Lisboa na Rua: Duarte levou o Fado a Bel\u00e9m (C\/Fotos) | Infocul.pt - Arquivo Digital","og_url":"https:\/\/infocul.pt\/arquivo\/cultura\/lisboa-na-rua-duarte-levou-o-fado-a-belem-c-fotos\/","og_site_name":"Infocul.pt - Arquivo Digital","article_publisher":"https:\/\/www.facebook.com\/Infocul-147816815585015\/","article_published_time":"2019-09-13T00:32:15+00:00","og_image":[{"width":1800,"height":1200,"url":"https:\/\/infocul.pt\/arquivo\/wp-content\/uploads\/2019\/09\/Duarte@JardinsdeBelem-7882.jpg","type":"image\/jpeg"}],"author":"Rui Lavrador","twitter_card":"summary_large_image","twitter_creator":"@Infoculpt","twitter_site":"@Infoculpt","twitter_misc":{"Escrito por":"Rui Lavrador","Tempo estimado de leitura":"3 minutos"},"schema":{"@context":"https:\/\/schema.org","@graph":[{"@type":"Article","@id":"https:\/\/infocul.pt\/arquivo\/cultura\/lisboa-na-rua-duarte-levou-o-fado-a-belem-c-fotos\/#article","isPartOf":{"@id":"https:\/\/infocul.pt\/arquivo\/cultura\/lisboa-na-rua-duarte-levou-o-fado-a-belem-c-fotos\/"},"author":{"name":"Rui Lavrador","@id":"https:\/\/infocul.pt\/arquivo\/#\/schema\/person\/060a108d7f2d85fc6aae505119ee5234"},"headline":"Lisboa na Rua: Duarte levou o Fado a Bel\u00e9m (C\/Fotos)","datePublished":"2019-09-13T00:32:15+00:00","mainEntityOfPage":{"@id":"https:\/\/infocul.pt\/arquivo\/cultura\/lisboa-na-rua-duarte-levou-o-fado-a-belem-c-fotos\/"},"wordCount":521,"commentCount":0,"publisher":{"@id":"https:\/\/infocul.pt\/arquivo\/#organization"},"image":{"@id":"https:\/\/infocul.pt\/arquivo\/cultura\/lisboa-na-rua-duarte-levou-o-fado-a-belem-c-fotos\/#primaryimage"},"thumbnailUrl":"https:\/\/infocul.pt\/arquivo\/wp-content\/uploads\/2019\/09\/Duarte@JardinsdeBelem-7882.jpg","keywords":["Bel\u00e9m","Duarte","Fado","Lisboa","Lisboa na Rua","Sou do Fado"],"articleSection":["Concertos","Cultura","Destaque","Reportagens"],"inLanguage":"pt-PT"},{"@type":"WebPage","@id":"https:\/\/infocul.pt\/arquivo\/cultura\/lisboa-na-rua-duarte-levou-o-fado-a-belem-c-fotos\/","url":"https:\/\/infocul.pt\/arquivo\/cultura\/lisboa-na-rua-duarte-levou-o-fado-a-belem-c-fotos\/","name":"Lisboa na Rua: Duarte levou o Fado a Bel\u00e9m (C\/Fotos) | Infocul.pt - Arquivo Digital","isPartOf":{"@id":"https:\/\/infocul.pt\/arquivo\/#website"},"primaryImageOfPage":{"@id":"https:\/\/infocul.pt\/arquivo\/cultura\/lisboa-na-rua-duarte-levou-o-fado-a-belem-c-fotos\/#primaryimage"},"image":{"@id":"https:\/\/infocul.pt\/arquivo\/cultura\/lisboa-na-rua-duarte-levou-o-fado-a-belem-c-fotos\/#primaryimage"},"thumbnailUrl":"https:\/\/infocul.pt\/arquivo\/wp-content\/uploads\/2019\/09\/Duarte@JardinsdeBelem-7882.jpg","datePublished":"2019-09-13T00:32:15+00:00","description":"Lisboa na Rua: Duarte levou o Fado a Bel\u00e9m (C\/Fotos) | Infocul.pt - Arquivo Digital","breadcrumb":{"@id":"https:\/\/infocul.pt\/arquivo\/cultura\/lisboa-na-rua-duarte-levou-o-fado-a-belem-c-fotos\/#breadcrumb"},"inLanguage":"pt-PT","potentialAction":[{"@type":"ReadAction","target":["https:\/\/infocul.pt\/arquivo\/cultura\/lisboa-na-rua-duarte-levou-o-fado-a-belem-c-fotos\/"]}]},{"@type":"ImageObject","inLanguage":"pt-PT","@id":"https:\/\/infocul.pt\/arquivo\/cultura\/lisboa-na-rua-duarte-levou-o-fado-a-belem-c-fotos\/#primaryimage","url":"https:\/\/infocul.pt\/arquivo\/wp-content\/uploads\/2019\/09\/Duarte@JardinsdeBelem-7882.jpg","contentUrl":"https:\/\/infocul.pt\/arquivo\/wp-content\/uploads\/2019\/09\/Duarte@JardinsdeBelem-7882.jpg","width":1800,"height":1200},{"@type":"BreadcrumbList","@id":"https:\/\/infocul.pt\/arquivo\/cultura\/lisboa-na-rua-duarte-levou-o-fado-a-belem-c-fotos\/#breadcrumb","itemListElement":[{"@type":"ListItem","position":1,"name":"Home","item":"https:\/\/infocul.pt\/arquivo\/"},{"@type":"ListItem","position":2,"name":"Lisboa na Rua: Duarte levou o Fado a Bel\u00e9m (C\/Fotos)"}]},{"@type":"WebSite","@id":"https:\/\/infocul.pt\/arquivo\/#website","url":"https:\/\/infocul.pt\/arquivo\/","name":"Infocul.pt - Arquivo Digital","description":"Arquivo digital da Infocul.pt","publisher":{"@id":"https:\/\/infocul.pt\/arquivo\/#organization"},"potentialAction":[{"@type":"SearchAction","target":{"@type":"EntryPoint","urlTemplate":"https:\/\/infocul.pt\/arquivo\/?s={search_term_string}"},"query-input":{"@type":"PropertyValueSpecification","valueRequired":true,"valueName":"search_term_string"}}],"inLanguage":"pt-PT"},{"@type":"Organization","@id":"https:\/\/infocul.pt\/arquivo\/#organization","name":"Infocul.pt","url":"https:\/\/infocul.pt\/arquivo\/","logo":{"@type":"ImageObject","inLanguage":"pt-PT","@id":"https:\/\/infocul.pt\/arquivo\/#\/schema\/logo\/image\/","url":"https:\/\/infocul.pt\/arquivo\/wp-content\/uploads\/2018\/12\/Infocul_logo-1.png","contentUrl":"https:\/\/infocul.pt\/arquivo\/wp-content\/uploads\/2018\/12\/Infocul_logo-1.png","width":800,"height":800,"caption":"Infocul.pt"},"image":{"@id":"https:\/\/infocul.pt\/arquivo\/#\/schema\/logo\/image\/"},"sameAs":["https:\/\/www.facebook.com\/Infocul-147816815585015\/","https:\/\/x.com\/Infoculpt","http:\/\/www.pictaram.com\/user\/infocul.pt\/2370423710","https:\/\/www.youtube.com\/channel\/UCYEB91AGI9FL9ek2i_IaQAA"]},{"@type":"Person","@id":"https:\/\/infocul.pt\/arquivo\/#\/schema\/person\/060a108d7f2d85fc6aae505119ee5234","name":"Rui Lavrador","image":{"@type":"ImageObject","inLanguage":"pt-PT","@id":"https:\/\/secure.gravatar.com\/avatar\/93febd6873394aa8e975148548a0cb203acfdd42d2c85c5f1408e1a76678aece?s=96&d=mm&r=g","url":"https:\/\/secure.gravatar.com\/avatar\/93febd6873394aa8e975148548a0cb203acfdd42d2c85c5f1408e1a76678aece?s=96&d=mm&r=g","contentUrl":"https:\/\/secure.gravatar.com\/avatar\/93febd6873394aa8e975148548a0cb203acfdd42d2c85c5f1408e1a76678aece?s=96&d=mm&r=g","caption":"Rui Lavrador"},"description":"Iniciou em 2011 o seu percurso em comunica\u00e7\u00e3o social, tendo integrado v\u00e1rios projectos editoriais. Durante o seu percurso integrou projectos como Jornal Hardm\u00fasica, LusoNot\u00edcias, Toureio.pt, ODigital.pt, entre outros \u00d3rg\u00e3os de Comunica\u00e7\u00e3o Social nacionais, na redac\u00e7\u00e3o de v\u00e1rios artigos. Entrevistou a grande maioria das personalidades mais importantes da vida social e cultural do pa\u00eds, destacando-se, tamb\u00e9m, na aprecia\u00e7\u00e3o de v\u00e1rios espect\u00e1culos. Durante o seu percurso, deu a conhecer v\u00e1rios artistas, at\u00e9 ent\u00e3o desconhecidos, ao grande p\u00fablico. Em 2015 criou e fundou o Infocul.pt, projecto no qual assume a direc\u00e7\u00e3o editorial.","sameAs":["http:\/\/www.infocul.pt"]}]}},"_links":{"self":[{"href":"https:\/\/infocul.pt\/arquivo\/wp-json\/wp\/v2\/posts\/59826","targetHints":{"allow":["GET"]}}],"collection":[{"href":"https:\/\/infocul.pt\/arquivo\/wp-json\/wp\/v2\/posts"}],"about":[{"href":"https:\/\/infocul.pt\/arquivo\/wp-json\/wp\/v2\/types\/post"}],"author":[{"embeddable":true,"href":"https:\/\/infocul.pt\/arquivo\/wp-json\/wp\/v2\/users\/2"}],"replies":[{"embeddable":true,"href":"https:\/\/infocul.pt\/arquivo\/wp-json\/wp\/v2\/comments?post=59826"}],"version-history":[{"count":0,"href":"https:\/\/infocul.pt\/arquivo\/wp-json\/wp\/v2\/posts\/59826\/revisions"}],"wp:featuredmedia":[{"embeddable":true,"href":"https:\/\/infocul.pt\/arquivo\/wp-json\/wp\/v2\/media\/59829"}],"wp:attachment":[{"href":"https:\/\/infocul.pt\/arquivo\/wp-json\/wp\/v2\/media?parent=59826"}],"wp:term":[{"taxonomy":"category","embeddable":true,"href":"https:\/\/infocul.pt\/arquivo\/wp-json\/wp\/v2\/categories?post=59826"},{"taxonomy":"post_tag","embeddable":true,"href":"https:\/\/infocul.pt\/arquivo\/wp-json\/wp\/v2\/tags?post=59826"}],"curies":[{"name":"wp","href":"https:\/\/api.w.org\/{rel}","templated":true}]}}