{"id":59882,"date":"2019-09-15T11:50:09","date_gmt":"2019-09-15T10:50:09","guid":{"rendered":"https:\/\/infocul.pt\/?p=59882"},"modified":"2019-09-15T11:50:42","modified_gmt":"2019-09-15T10:50:42","slug":"villamix-lisboa-acho-que-ao-fim-de-cinco-anos-o-evento-estara-estabilizado","status":"publish","type":"post","link":"https:\/\/infocul.pt\/arquivo\/cultura\/villamix-lisboa-acho-que-ao-fim-de-cinco-anos-o-evento-estara-estabilizado\/","title":{"rendered":"Villamix Lisboa: &#8220;Acho que, ao fim de cinco anos, o evento estar\u00e1 estabilizado&#8221;"},"content":{"rendered":"<p><img decoding=\"async\" class=\"aligncenter wp-image-59883 size-large lazyload\" data-src=\"https:\/\/infocul.pt\/arquivo\/wp-content\/uploads\/2019\/09\/villamix-1024x402.jpg\" alt=\"\" width=\"800\" height=\"314\" data-srcset=\"https:\/\/infocul.pt\/arquivo\/wp-content\/uploads\/2019\/09\/villamix-1024x402.jpg 1024w, https:\/\/infocul.pt\/arquivo\/wp-content\/uploads\/2019\/09\/villamix-300x118.jpg 300w, https:\/\/infocul.pt\/arquivo\/wp-content\/uploads\/2019\/09\/villamix-768x301.jpg 768w, https:\/\/infocul.pt\/arquivo\/wp-content\/uploads\/2019\/09\/villamix.jpg 1639w\" data-sizes=\"(max-width: 800px) 100vw, 800px\" src=\"data:image\/svg+xml;base64,PHN2ZyB3aWR0aD0iMSIgaGVpZ2h0PSIxIiB4bWxucz0iaHR0cDovL3d3dy53My5vcmcvMjAwMC9zdmciPjwvc3ZnPg==\" style=\"--smush-placeholder-width: 800px; --smush-placeholder-aspect-ratio: 800\/314;\" \/><\/p>\n<p>&nbsp;<\/p>\n<p>&nbsp;<\/p>\n<p>O Altice Arena recebeu nos dias 13 e 14 de Setembro a 2\u00aa edi\u00e7\u00e3o do festival <a href=\"https:\/\/www.facebook.com\/villamixlisboa\/\" target=\"_blank\" rel=\"noopener noreferrer\">Villamix Lisboa<\/a>, com destaque claro e assumido na m\u00fasica brasileira. O Infocul.pt marcou presen\u00e7a no segundo dia e aproveitou para entrevistar Jorge Pego, director de comunica\u00e7\u00e3o do festival.<!--more--><\/p>\n<p>O respons\u00e1vel de comunica\u00e7\u00e3o come\u00e7ou por nos dizer que \u201c<i><b>julgo que \u00e9 uma evolu\u00e7\u00e3o bastante grande relativamente ao ano passado, algo que \u00e9 natura<\/b><\/i><i><b>l<\/b><\/i><i><b>, o Villamix fez no ano passado o seu primeiro evento e era completamente desconhecido em Portugal. Depois tem uma caracter\u00edstica que \u00e9 completamente diferente dos festivais que existem em Portugal, s\u00e3o festivais internacionais e com v\u00e1rios nomes internacionais no cartaz. O Villamix aposta exactamente na m\u00fasica do Brasil, a actual m\u00fasica do Brasil, com as cambiantes da actualidade da m\u00fasica brasileira, que tamb\u00e9m n\u00e3o tem ainda uma express\u00e3o muito grande, em Portugal, ao n\u00edvel da sua divulga\u00e7\u00e3o. Apesar de haver uma grande ades\u00e3o na Europa, e basta ver nomeadamente em Espanha e It\u00e1lia, que levou inclusivamente o El Pa\u00eds a fazer uma pe\u00e7a sobre a import\u00e2ncia da entrada da m\u00fasica brasileira, falando da experi\u00eancia do Villamix em Portugal<\/b><\/i>\u201d.<\/p>\n<p>\u201c<i><b>Em termos de comunica\u00e7\u00e3o, eu penso que o Villamix n\u00e3o fica em nada atr\u00e1s do outros festivais ao n\u00edvel da capacidade organizativa, na sua dimens\u00e3o e na sua capacidade de atrac\u00e7\u00e3o. Obviamente que a capacidade de atrac\u00e7\u00e3o nesta fase, e enquanto a m\u00fasica brasileira n\u00e3o est\u00e1 divulgada nos diferentes medias de forma regular, est\u00e1 muito concentrada na comunidade brasileira, que n\u00e3o perde a oportunidade de vir ver os seus \u00eddolos, at\u00e9 porque n\u00e3o ser\u00e1 muito f\u00e1cil ir v\u00ea-los ao Brasil. E \u00e9 muito curioso nesse aspecto \u00e9 muito importante destacar a quantidade de comunidades brasileiras que existem na Europa (nomeadamente Espanha, It\u00e1lia, Inglaterra e Alemanha) que vieram propositadamente, j\u00e1 no ano passado tinha vindo e este ano em maior n\u00famero, criando um la\u00e7o com o Brasil mais pr\u00f3ximo do que aquele que seria l\u00e1<\/b><\/i>\u201d, acrescentou.<\/p>\n<p>J\u00e1 sobre os maiores obst\u00e1culos para com a imprensa nacional, explicou que \u201c<i><b>ent<\/b><\/i><i><b>endo que qualquer tipo de m\u00fasica nova precisa de percorrer um caminho e criar alguma habitua\u00e7\u00e3o. Curiosamente estas novas cambiantes da m\u00fasica brasileira, como o sertanejo, etc, t\u00eam estado a ser absorvidas por um camada muito mais jovem, a partir dos 15 anos, do que por uma grande audi\u00eancia dos meios de comunica\u00e7\u00e3o. Depois, eu n\u00e3o quero dizer que h\u00e1 preconceito, mas h\u00e1 pelo menos alguma resist\u00eancia, do media nacionais, ao n\u00edvel da imprensa e da r\u00e1dio, j\u00e1 que a televis\u00e3o \u00e9 um bocadinho mais abrangente, para alocar \u00e0s suas programa\u00e7\u00f5es algum tipo de m\u00fasica que n\u00e3o tem um mercado equivalente aquele que eles gostariam de ter<\/b><\/i>\u201d.<\/p>\n<p>Revelou-nos que \u201c<i><b>este ano temos, aqui no Altice Arena, cerca de 75\/76 pessoas acreditadas, em termos de \u00f3rg\u00e3os de comunica\u00e7\u00e3o. Duplica, quase triplica, o n\u00famero do ano passado. Obviamente que h\u00e1 muitos meios que n\u00e3o estando acreditados, tamb\u00e9m veiculam informa\u00e7\u00e3o sobre o Villamix. Se falarmos em 80 medias nacionais, estamos a falar de um n\u00famero interessante e muito acima do que foi o ano passado. O que \u00e9 natural. \u00c9 uma segunda edi\u00e7\u00e3o!<\/b><\/i>\u201d<\/p>\n<p>J\u00e1 sobre o tempo que demorar\u00e1 a estabilizar o festival, disse que \u201c<i><b>acho que ao fim de cinco anos, o evento estar\u00e1 estabilizado. Ao fim do terceiro ano a linha j\u00e1 come\u00e7ar\u00e1 a ser muito mais positiva. Um dos objectivos \u00e9 dinamizar a rela\u00e7\u00e3o entre os m\u00fasicos brasileiros e portugueses da nova gera\u00e7\u00e3o\u201d<\/b><\/i>.<\/p>\n<p>Nota: Uma das situa\u00e7\u00f5es a melhorar \u00e9 o som. Foi por demais evidente a fraca qualidade de som existente nos espect\u00e1culos do segundo dia. Por esse mesmo motivo, de modo a n\u00e3o ser injusto para com qualquer artista, n\u00e3o abordamos nenhum dos concertos.<\/p>\n","protected":false},"excerpt":{"rendered":"<p>&nbsp; &nbsp; O Altice Arena recebeu nos dias 13 e 14 de Setembro a 2\u00aa edi\u00e7\u00e3o do festival Villamix Lisboa, com destaque claro e assumido na m\u00fasica brasileira. O Infocul.pt marcou presen\u00e7a no segundo dia e aproveitou para entrevistar Jorge Pego, director de comunica\u00e7\u00e3o do festival.<\/p>\n","protected":false},"author":2,"featured_media":59883,"comment_status":"open","ping_status":"closed","sticky":false,"template":"","format":"standard","meta":{"footnotes":""},"categories":[3,2,36,4123],"tags":[7052],"class_list":["post-59882","post","type-post","status-publish","format-standard","has-post-thumbnail","hentry","category-concertos","category-cultura","category-destaque","category-reportagens-actualidade","tag-villamix-lisboa"],"yoast_head":"<!-- This site is optimized with the Yoast SEO plugin v27.5 - https:\/\/yoast.com\/product\/yoast-seo-wordpress\/ -->\n<title>Villamix Lisboa: &quot;Acho que, ao fim de cinco anos, o evento estar\u00e1 estabilizado&quot; | Infocul.pt - Arquivo Digital<\/title>\n<meta name=\"description\" content=\"Villamix Lisboa: &quot;Acho que, ao fim de cinco anos, o evento estar\u00e1 estabilizado&quot; | Infocul.pt - Arquivo Digital\" \/>\n<meta name=\"robots\" content=\"noindex, follow, max-snippet:-1, max-image-preview:large, max-video-preview:-1\" \/>\n<meta property=\"og:locale\" content=\"pt_PT\" \/>\n<meta property=\"og:type\" content=\"article\" \/>\n<meta property=\"og:title\" content=\"Villamix Lisboa: &quot;Acho que, ao fim de cinco anos, o evento estar\u00e1 estabilizado&quot; | Infocul.pt - Arquivo Digital\" \/>\n<meta property=\"og:description\" content=\"Villamix Lisboa: &quot;Acho que, ao fim de cinco anos, o evento estar\u00e1 estabilizado&quot; | Infocul.pt - Arquivo Digital\" \/>\n<meta property=\"og:url\" content=\"https:\/\/infocul.pt\/arquivo\/cultura\/villamix-lisboa-acho-que-ao-fim-de-cinco-anos-o-evento-estara-estabilizado\/\" \/>\n<meta property=\"og:site_name\" content=\"Infocul.pt - Arquivo Digital\" \/>\n<meta property=\"article:publisher\" content=\"https:\/\/www.facebook.com\/Infocul-147816815585015\/\" \/>\n<meta property=\"article:published_time\" content=\"2019-09-15T10:50:09+00:00\" \/>\n<meta property=\"article:modified_time\" content=\"2019-09-15T10:50:42+00:00\" \/>\n<meta property=\"og:image\" content=\"https:\/\/infocul.pt\/arquivo\/wp-content\/uploads\/2019\/09\/villamix.jpg\" \/>\n\t<meta property=\"og:image:width\" content=\"1639\" \/>\n\t<meta property=\"og:image:height\" content=\"643\" \/>\n\t<meta property=\"og:image:type\" content=\"image\/jpeg\" \/>\n<meta name=\"author\" content=\"Rui Lavrador\" \/>\n<meta name=\"twitter:card\" content=\"summary_large_image\" \/>\n<meta name=\"twitter:creator\" content=\"@Infoculpt\" \/>\n<meta name=\"twitter:site\" content=\"@Infoculpt\" \/>\n<meta name=\"twitter:label1\" content=\"Escrito por\" \/>\n\t<meta name=\"twitter:data1\" content=\"Rui Lavrador\" \/>\n\t<meta name=\"twitter:label2\" content=\"Tempo estimado de leitura\" \/>\n\t<meta name=\"twitter:data2\" content=\"3 minutos\" \/>\n<script type=\"application\/ld+json\" class=\"yoast-schema-graph\">{\"@context\":\"https:\\\/\\\/schema.org\",\"@graph\":[{\"@type\":\"Article\",\"@id\":\"https:\\\/\\\/infocul.pt\\\/arquivo\\\/cultura\\\/villamix-lisboa-acho-que-ao-fim-de-cinco-anos-o-evento-estara-estabilizado\\\/#article\",\"isPartOf\":{\"@id\":\"https:\\\/\\\/infocul.pt\\\/arquivo\\\/cultura\\\/villamix-lisboa-acho-que-ao-fim-de-cinco-anos-o-evento-estara-estabilizado\\\/\"},\"author\":{\"name\":\"Rui Lavrador\",\"@id\":\"https:\\\/\\\/infocul.pt\\\/arquivo\\\/#\\\/schema\\\/person\\\/060a108d7f2d85fc6aae505119ee5234\"},\"headline\":\"Villamix Lisboa: &#8220;Acho que, ao fim de cinco anos, o evento estar\u00e1 estabilizado&#8221;\",\"datePublished\":\"2019-09-15T10:50:09+00:00\",\"dateModified\":\"2019-09-15T10:50:42+00:00\",\"mainEntityOfPage\":{\"@id\":\"https:\\\/\\\/infocul.pt\\\/arquivo\\\/cultura\\\/villamix-lisboa-acho-que-ao-fim-de-cinco-anos-o-evento-estara-estabilizado\\\/\"},\"wordCount\":685,\"commentCount\":0,\"publisher\":{\"@id\":\"https:\\\/\\\/infocul.pt\\\/arquivo\\\/#organization\"},\"image\":{\"@id\":\"https:\\\/\\\/infocul.pt\\\/arquivo\\\/cultura\\\/villamix-lisboa-acho-que-ao-fim-de-cinco-anos-o-evento-estara-estabilizado\\\/#primaryimage\"},\"thumbnailUrl\":\"https:\\\/\\\/infocul.pt\\\/arquivo\\\/wp-content\\\/uploads\\\/2019\\\/09\\\/villamix.jpg\",\"keywords\":[\"Villamix Lisboa\"],\"articleSection\":[\"Concertos\",\"Cultura\",\"Destaque\",\"Reportagens\"],\"inLanguage\":\"pt-PT\"},{\"@type\":\"WebPage\",\"@id\":\"https:\\\/\\\/infocul.pt\\\/arquivo\\\/cultura\\\/villamix-lisboa-acho-que-ao-fim-de-cinco-anos-o-evento-estara-estabilizado\\\/\",\"url\":\"https:\\\/\\\/infocul.pt\\\/arquivo\\\/cultura\\\/villamix-lisboa-acho-que-ao-fim-de-cinco-anos-o-evento-estara-estabilizado\\\/\",\"name\":\"Villamix Lisboa: \\\"Acho que, ao fim de cinco anos, o evento estar\u00e1 estabilizado\\\" | Infocul.pt - Arquivo Digital\",\"isPartOf\":{\"@id\":\"https:\\\/\\\/infocul.pt\\\/arquivo\\\/#website\"},\"primaryImageOfPage\":{\"@id\":\"https:\\\/\\\/infocul.pt\\\/arquivo\\\/cultura\\\/villamix-lisboa-acho-que-ao-fim-de-cinco-anos-o-evento-estara-estabilizado\\\/#primaryimage\"},\"image\":{\"@id\":\"https:\\\/\\\/infocul.pt\\\/arquivo\\\/cultura\\\/villamix-lisboa-acho-que-ao-fim-de-cinco-anos-o-evento-estara-estabilizado\\\/#primaryimage\"},\"thumbnailUrl\":\"https:\\\/\\\/infocul.pt\\\/arquivo\\\/wp-content\\\/uploads\\\/2019\\\/09\\\/villamix.jpg\",\"datePublished\":\"2019-09-15T10:50:09+00:00\",\"dateModified\":\"2019-09-15T10:50:42+00:00\",\"description\":\"Villamix Lisboa: \\\"Acho que, ao fim de cinco anos, o evento estar\u00e1 estabilizado\\\" | Infocul.pt - Arquivo Digital\",\"breadcrumb\":{\"@id\":\"https:\\\/\\\/infocul.pt\\\/arquivo\\\/cultura\\\/villamix-lisboa-acho-que-ao-fim-de-cinco-anos-o-evento-estara-estabilizado\\\/#breadcrumb\"},\"inLanguage\":\"pt-PT\",\"potentialAction\":[{\"@type\":\"ReadAction\",\"target\":[\"https:\\\/\\\/infocul.pt\\\/arquivo\\\/cultura\\\/villamix-lisboa-acho-que-ao-fim-de-cinco-anos-o-evento-estara-estabilizado\\\/\"]}]},{\"@type\":\"ImageObject\",\"inLanguage\":\"pt-PT\",\"@id\":\"https:\\\/\\\/infocul.pt\\\/arquivo\\\/cultura\\\/villamix-lisboa-acho-que-ao-fim-de-cinco-anos-o-evento-estara-estabilizado\\\/#primaryimage\",\"url\":\"https:\\\/\\\/infocul.pt\\\/arquivo\\\/wp-content\\\/uploads\\\/2019\\\/09\\\/villamix.jpg\",\"contentUrl\":\"https:\\\/\\\/infocul.pt\\\/arquivo\\\/wp-content\\\/uploads\\\/2019\\\/09\\\/villamix.jpg\",\"width\":1639,\"height\":643},{\"@type\":\"BreadcrumbList\",\"@id\":\"https:\\\/\\\/infocul.pt\\\/arquivo\\\/cultura\\\/villamix-lisboa-acho-que-ao-fim-de-cinco-anos-o-evento-estara-estabilizado\\\/#breadcrumb\",\"itemListElement\":[{\"@type\":\"ListItem\",\"position\":1,\"name\":\"Home\",\"item\":\"https:\\\/\\\/infocul.pt\\\/arquivo\\\/\"},{\"@type\":\"ListItem\",\"position\":2,\"name\":\"Villamix Lisboa: &#8220;Acho que, ao fim de cinco anos, o evento estar\u00e1 estabilizado&#8221;\"}]},{\"@type\":\"WebSite\",\"@id\":\"https:\\\/\\\/infocul.pt\\\/arquivo\\\/#website\",\"url\":\"https:\\\/\\\/infocul.pt\\\/arquivo\\\/\",\"name\":\"Infocul.pt - Arquivo Digital\",\"description\":\"Arquivo digital da Infocul.pt\",\"publisher\":{\"@id\":\"https:\\\/\\\/infocul.pt\\\/arquivo\\\/#organization\"},\"potentialAction\":[{\"@type\":\"SearchAction\",\"target\":{\"@type\":\"EntryPoint\",\"urlTemplate\":\"https:\\\/\\\/infocul.pt\\\/arquivo\\\/?s={search_term_string}\"},\"query-input\":{\"@type\":\"PropertyValueSpecification\",\"valueRequired\":true,\"valueName\":\"search_term_string\"}}],\"inLanguage\":\"pt-PT\"},{\"@type\":\"Organization\",\"@id\":\"https:\\\/\\\/infocul.pt\\\/arquivo\\\/#organization\",\"name\":\"Infocul.pt\",\"url\":\"https:\\\/\\\/infocul.pt\\\/arquivo\\\/\",\"logo\":{\"@type\":\"ImageObject\",\"inLanguage\":\"pt-PT\",\"@id\":\"https:\\\/\\\/infocul.pt\\\/arquivo\\\/#\\\/schema\\\/logo\\\/image\\\/\",\"url\":\"https:\\\/\\\/infocul.pt\\\/arquivo\\\/wp-content\\\/uploads\\\/2018\\\/12\\\/Infocul_logo-1.png\",\"contentUrl\":\"https:\\\/\\\/infocul.pt\\\/arquivo\\\/wp-content\\\/uploads\\\/2018\\\/12\\\/Infocul_logo-1.png\",\"width\":800,\"height\":800,\"caption\":\"Infocul.pt\"},\"image\":{\"@id\":\"https:\\\/\\\/infocul.pt\\\/arquivo\\\/#\\\/schema\\\/logo\\\/image\\\/\"},\"sameAs\":[\"https:\\\/\\\/www.facebook.com\\\/Infocul-147816815585015\\\/\",\"https:\\\/\\\/x.com\\\/Infoculpt\",\"http:\\\/\\\/www.pictaram.com\\\/user\\\/infocul.pt\\\/2370423710\",\"https:\\\/\\\/www.youtube.com\\\/channel\\\/UCYEB91AGI9FL9ek2i_IaQAA\"]},{\"@type\":\"Person\",\"@id\":\"https:\\\/\\\/infocul.pt\\\/arquivo\\\/#\\\/schema\\\/person\\\/060a108d7f2d85fc6aae505119ee5234\",\"name\":\"Rui Lavrador\",\"image\":{\"@type\":\"ImageObject\",\"inLanguage\":\"pt-PT\",\"@id\":\"https:\\\/\\\/secure.gravatar.com\\\/avatar\\\/93febd6873394aa8e975148548a0cb203acfdd42d2c85c5f1408e1a76678aece?s=96&d=mm&r=g\",\"url\":\"https:\\\/\\\/secure.gravatar.com\\\/avatar\\\/93febd6873394aa8e975148548a0cb203acfdd42d2c85c5f1408e1a76678aece?s=96&d=mm&r=g\",\"contentUrl\":\"https:\\\/\\\/secure.gravatar.com\\\/avatar\\\/93febd6873394aa8e975148548a0cb203acfdd42d2c85c5f1408e1a76678aece?s=96&d=mm&r=g\",\"caption\":\"Rui Lavrador\"},\"description\":\"Iniciou em 2011 o seu percurso em comunica\u00e7\u00e3o social, tendo integrado v\u00e1rios projectos editoriais. Durante o seu percurso integrou projectos como Jornal Hardm\u00fasica, LusoNot\u00edcias, Toureio.pt, ODigital.pt, entre outros \u00d3rg\u00e3os de Comunica\u00e7\u00e3o Social nacionais, na redac\u00e7\u00e3o de v\u00e1rios artigos. Entrevistou a grande maioria das personalidades mais importantes da vida social e cultural do pa\u00eds, destacando-se, tamb\u00e9m, na aprecia\u00e7\u00e3o de v\u00e1rios espect\u00e1culos. Durante o seu percurso, deu a conhecer v\u00e1rios artistas, at\u00e9 ent\u00e3o desconhecidos, ao grande p\u00fablico. Em 2015 criou e fundou o Infocul.pt, projecto no qual assume a direc\u00e7\u00e3o editorial.\",\"sameAs\":[\"http:\\\/\\\/www.infocul.pt\"]}]}<\/script>\n<!-- \/ Yoast SEO plugin. -->","yoast_head_json":{"title":"Villamix Lisboa: \"Acho que, ao fim de cinco anos, o evento estar\u00e1 estabilizado\" | Infocul.pt - Arquivo Digital","description":"Villamix Lisboa: \"Acho que, ao fim de cinco anos, o evento estar\u00e1 estabilizado\" | Infocul.pt - Arquivo Digital","robots":{"index":"noindex","follow":"follow","max-snippet":"max-snippet:-1","max-image-preview":"max-image-preview:large","max-video-preview":"max-video-preview:-1"},"og_locale":"pt_PT","og_type":"article","og_title":"Villamix Lisboa: \"Acho que, ao fim de cinco anos, o evento estar\u00e1 estabilizado\" | Infocul.pt - Arquivo Digital","og_description":"Villamix Lisboa: \"Acho que, ao fim de cinco anos, o evento estar\u00e1 estabilizado\" | Infocul.pt - Arquivo Digital","og_url":"https:\/\/infocul.pt\/arquivo\/cultura\/villamix-lisboa-acho-que-ao-fim-de-cinco-anos-o-evento-estara-estabilizado\/","og_site_name":"Infocul.pt - Arquivo Digital","article_publisher":"https:\/\/www.facebook.com\/Infocul-147816815585015\/","article_published_time":"2019-09-15T10:50:09+00:00","article_modified_time":"2019-09-15T10:50:42+00:00","og_image":[{"width":1639,"height":643,"url":"https:\/\/infocul.pt\/arquivo\/wp-content\/uploads\/2019\/09\/villamix.jpg","type":"image\/jpeg"}],"author":"Rui Lavrador","twitter_card":"summary_large_image","twitter_creator":"@Infoculpt","twitter_site":"@Infoculpt","twitter_misc":{"Escrito por":"Rui Lavrador","Tempo estimado de leitura":"3 minutos"},"schema":{"@context":"https:\/\/schema.org","@graph":[{"@type":"Article","@id":"https:\/\/infocul.pt\/arquivo\/cultura\/villamix-lisboa-acho-que-ao-fim-de-cinco-anos-o-evento-estara-estabilizado\/#article","isPartOf":{"@id":"https:\/\/infocul.pt\/arquivo\/cultura\/villamix-lisboa-acho-que-ao-fim-de-cinco-anos-o-evento-estara-estabilizado\/"},"author":{"name":"Rui Lavrador","@id":"https:\/\/infocul.pt\/arquivo\/#\/schema\/person\/060a108d7f2d85fc6aae505119ee5234"},"headline":"Villamix Lisboa: &#8220;Acho que, ao fim de cinco anos, o evento estar\u00e1 estabilizado&#8221;","datePublished":"2019-09-15T10:50:09+00:00","dateModified":"2019-09-15T10:50:42+00:00","mainEntityOfPage":{"@id":"https:\/\/infocul.pt\/arquivo\/cultura\/villamix-lisboa-acho-que-ao-fim-de-cinco-anos-o-evento-estara-estabilizado\/"},"wordCount":685,"commentCount":0,"publisher":{"@id":"https:\/\/infocul.pt\/arquivo\/#organization"},"image":{"@id":"https:\/\/infocul.pt\/arquivo\/cultura\/villamix-lisboa-acho-que-ao-fim-de-cinco-anos-o-evento-estara-estabilizado\/#primaryimage"},"thumbnailUrl":"https:\/\/infocul.pt\/arquivo\/wp-content\/uploads\/2019\/09\/villamix.jpg","keywords":["Villamix Lisboa"],"articleSection":["Concertos","Cultura","Destaque","Reportagens"],"inLanguage":"pt-PT"},{"@type":"WebPage","@id":"https:\/\/infocul.pt\/arquivo\/cultura\/villamix-lisboa-acho-que-ao-fim-de-cinco-anos-o-evento-estara-estabilizado\/","url":"https:\/\/infocul.pt\/arquivo\/cultura\/villamix-lisboa-acho-que-ao-fim-de-cinco-anos-o-evento-estara-estabilizado\/","name":"Villamix Lisboa: \"Acho que, ao fim de cinco anos, o evento estar\u00e1 estabilizado\" | Infocul.pt - Arquivo Digital","isPartOf":{"@id":"https:\/\/infocul.pt\/arquivo\/#website"},"primaryImageOfPage":{"@id":"https:\/\/infocul.pt\/arquivo\/cultura\/villamix-lisboa-acho-que-ao-fim-de-cinco-anos-o-evento-estara-estabilizado\/#primaryimage"},"image":{"@id":"https:\/\/infocul.pt\/arquivo\/cultura\/villamix-lisboa-acho-que-ao-fim-de-cinco-anos-o-evento-estara-estabilizado\/#primaryimage"},"thumbnailUrl":"https:\/\/infocul.pt\/arquivo\/wp-content\/uploads\/2019\/09\/villamix.jpg","datePublished":"2019-09-15T10:50:09+00:00","dateModified":"2019-09-15T10:50:42+00:00","description":"Villamix Lisboa: \"Acho que, ao fim de cinco anos, o evento estar\u00e1 estabilizado\" | Infocul.pt - Arquivo Digital","breadcrumb":{"@id":"https:\/\/infocul.pt\/arquivo\/cultura\/villamix-lisboa-acho-que-ao-fim-de-cinco-anos-o-evento-estara-estabilizado\/#breadcrumb"},"inLanguage":"pt-PT","potentialAction":[{"@type":"ReadAction","target":["https:\/\/infocul.pt\/arquivo\/cultura\/villamix-lisboa-acho-que-ao-fim-de-cinco-anos-o-evento-estara-estabilizado\/"]}]},{"@type":"ImageObject","inLanguage":"pt-PT","@id":"https:\/\/infocul.pt\/arquivo\/cultura\/villamix-lisboa-acho-que-ao-fim-de-cinco-anos-o-evento-estara-estabilizado\/#primaryimage","url":"https:\/\/infocul.pt\/arquivo\/wp-content\/uploads\/2019\/09\/villamix.jpg","contentUrl":"https:\/\/infocul.pt\/arquivo\/wp-content\/uploads\/2019\/09\/villamix.jpg","width":1639,"height":643},{"@type":"BreadcrumbList","@id":"https:\/\/infocul.pt\/arquivo\/cultura\/villamix-lisboa-acho-que-ao-fim-de-cinco-anos-o-evento-estara-estabilizado\/#breadcrumb","itemListElement":[{"@type":"ListItem","position":1,"name":"Home","item":"https:\/\/infocul.pt\/arquivo\/"},{"@type":"ListItem","position":2,"name":"Villamix Lisboa: &#8220;Acho que, ao fim de cinco anos, o evento estar\u00e1 estabilizado&#8221;"}]},{"@type":"WebSite","@id":"https:\/\/infocul.pt\/arquivo\/#website","url":"https:\/\/infocul.pt\/arquivo\/","name":"Infocul.pt - Arquivo Digital","description":"Arquivo digital da Infocul.pt","publisher":{"@id":"https:\/\/infocul.pt\/arquivo\/#organization"},"potentialAction":[{"@type":"SearchAction","target":{"@type":"EntryPoint","urlTemplate":"https:\/\/infocul.pt\/arquivo\/?s={search_term_string}"},"query-input":{"@type":"PropertyValueSpecification","valueRequired":true,"valueName":"search_term_string"}}],"inLanguage":"pt-PT"},{"@type":"Organization","@id":"https:\/\/infocul.pt\/arquivo\/#organization","name":"Infocul.pt","url":"https:\/\/infocul.pt\/arquivo\/","logo":{"@type":"ImageObject","inLanguage":"pt-PT","@id":"https:\/\/infocul.pt\/arquivo\/#\/schema\/logo\/image\/","url":"https:\/\/infocul.pt\/arquivo\/wp-content\/uploads\/2018\/12\/Infocul_logo-1.png","contentUrl":"https:\/\/infocul.pt\/arquivo\/wp-content\/uploads\/2018\/12\/Infocul_logo-1.png","width":800,"height":800,"caption":"Infocul.pt"},"image":{"@id":"https:\/\/infocul.pt\/arquivo\/#\/schema\/logo\/image\/"},"sameAs":["https:\/\/www.facebook.com\/Infocul-147816815585015\/","https:\/\/x.com\/Infoculpt","http:\/\/www.pictaram.com\/user\/infocul.pt\/2370423710","https:\/\/www.youtube.com\/channel\/UCYEB91AGI9FL9ek2i_IaQAA"]},{"@type":"Person","@id":"https:\/\/infocul.pt\/arquivo\/#\/schema\/person\/060a108d7f2d85fc6aae505119ee5234","name":"Rui Lavrador","image":{"@type":"ImageObject","inLanguage":"pt-PT","@id":"https:\/\/secure.gravatar.com\/avatar\/93febd6873394aa8e975148548a0cb203acfdd42d2c85c5f1408e1a76678aece?s=96&d=mm&r=g","url":"https:\/\/secure.gravatar.com\/avatar\/93febd6873394aa8e975148548a0cb203acfdd42d2c85c5f1408e1a76678aece?s=96&d=mm&r=g","contentUrl":"https:\/\/secure.gravatar.com\/avatar\/93febd6873394aa8e975148548a0cb203acfdd42d2c85c5f1408e1a76678aece?s=96&d=mm&r=g","caption":"Rui Lavrador"},"description":"Iniciou em 2011 o seu percurso em comunica\u00e7\u00e3o social, tendo integrado v\u00e1rios projectos editoriais. Durante o seu percurso integrou projectos como Jornal Hardm\u00fasica, LusoNot\u00edcias, Toureio.pt, ODigital.pt, entre outros \u00d3rg\u00e3os de Comunica\u00e7\u00e3o Social nacionais, na redac\u00e7\u00e3o de v\u00e1rios artigos. Entrevistou a grande maioria das personalidades mais importantes da vida social e cultural do pa\u00eds, destacando-se, tamb\u00e9m, na aprecia\u00e7\u00e3o de v\u00e1rios espect\u00e1culos. Durante o seu percurso, deu a conhecer v\u00e1rios artistas, at\u00e9 ent\u00e3o desconhecidos, ao grande p\u00fablico. Em 2015 criou e fundou o Infocul.pt, projecto no qual assume a direc\u00e7\u00e3o editorial.","sameAs":["http:\/\/www.infocul.pt"]}]}},"_links":{"self":[{"href":"https:\/\/infocul.pt\/arquivo\/wp-json\/wp\/v2\/posts\/59882","targetHints":{"allow":["GET"]}}],"collection":[{"href":"https:\/\/infocul.pt\/arquivo\/wp-json\/wp\/v2\/posts"}],"about":[{"href":"https:\/\/infocul.pt\/arquivo\/wp-json\/wp\/v2\/types\/post"}],"author":[{"embeddable":true,"href":"https:\/\/infocul.pt\/arquivo\/wp-json\/wp\/v2\/users\/2"}],"replies":[{"embeddable":true,"href":"https:\/\/infocul.pt\/arquivo\/wp-json\/wp\/v2\/comments?post=59882"}],"version-history":[{"count":0,"href":"https:\/\/infocul.pt\/arquivo\/wp-json\/wp\/v2\/posts\/59882\/revisions"}],"wp:featuredmedia":[{"embeddable":true,"href":"https:\/\/infocul.pt\/arquivo\/wp-json\/wp\/v2\/media\/59883"}],"wp:attachment":[{"href":"https:\/\/infocul.pt\/arquivo\/wp-json\/wp\/v2\/media?parent=59882"}],"wp:term":[{"taxonomy":"category","embeddable":true,"href":"https:\/\/infocul.pt\/arquivo\/wp-json\/wp\/v2\/categories?post=59882"},{"taxonomy":"post_tag","embeddable":true,"href":"https:\/\/infocul.pt\/arquivo\/wp-json\/wp\/v2\/tags?post=59882"}],"curies":[{"name":"wp","href":"https:\/\/api.w.org\/{rel}","templated":true}]}}