{"id":60021,"date":"2019-09-23T00:00:36","date_gmt":"2019-09-22T23:00:36","guid":{"rendered":"https:\/\/infocul.pt\/?p=60021"},"modified":"2019-09-19T07:57:15","modified_gmt":"2019-09-19T06:57:15","slug":"captain-boy-ainda-que-tenha-algumas-memorias-alegres-penso-que-as-memorias-mais-tristes-me-marcaram-mais","status":"publish","type":"post","link":"https:\/\/infocul.pt\/arquivo\/cultura\/captain-boy-ainda-que-tenha-algumas-memorias-alegres-penso-que-as-memorias-mais-tristes-me-marcaram-mais\/","title":{"rendered":"Captain Boy: &#8220;Ainda que tenha algumas mem\u00f3rias alegres, penso que as mem\u00f3rias mais tristes me marcaram mais(&#8230;)&#8221;"},"content":{"rendered":"<p><img decoding=\"async\" class=\"aligncenter wp-image-60022 size-large lazyload\" data-src=\"https:\/\/infocul.pt\/arquivo\/wp-content\/uploads\/2019\/09\/unnamed-2-1024x1024.png\" alt=\"\" width=\"800\" height=\"800\" data-srcset=\"https:\/\/infocul.pt\/arquivo\/wp-content\/uploads\/2019\/09\/unnamed-2-1024x1024.png 1024w, https:\/\/infocul.pt\/arquivo\/wp-content\/uploads\/2019\/09\/unnamed-2-150x150.png 150w, https:\/\/infocul.pt\/arquivo\/wp-content\/uploads\/2019\/09\/unnamed-2-300x300.png 300w, https:\/\/infocul.pt\/arquivo\/wp-content\/uploads\/2019\/09\/unnamed-2-768x768.png 768w, https:\/\/infocul.pt\/arquivo\/wp-content\/uploads\/2019\/09\/unnamed-2.png 1200w\" data-sizes=\"(max-width: 800px) 100vw, 800px\" src=\"data:image\/svg+xml;base64,PHN2ZyB3aWR0aD0iMSIgaGVpZ2h0PSIxIiB4bWxucz0iaHR0cDovL3d3dy53My5vcmcvMjAwMC9zdmciPjwvc3ZnPg==\" style=\"--smush-placeholder-width: 800px; --smush-placeholder-aspect-ratio: 800\/800;\" \/><\/p>\n<p>&nbsp;<\/p>\n<p>\u2018Memories and Bad Photographs\u2019 \u00e9 o segundo disco de Captain Boy e conta com oito faixas e todas elas referentes a uma mem\u00f3ria do m\u00fasico, estando, n\u00f3s, assim perante um disco biogr\u00e1fico.<!--more--><\/p>\n<p>Captain Boy \u00e9 o projecto art\u00edstico de Pedro Ribeiro e que edita, agora, o seu segundo disco, \u2018Memories and Bad Photographs\u2019, que serviu de base \u00e0 entrevista que concedeu ao Infocul.pt.<\/p>\n<p><i>Este disco sai dois anos e alguns meses ap\u00f3s o disco de estreia. Foi uma op\u00e7\u00e3o pensada ou algo que aconteceu naturalmente?<\/i><\/p>\n<p><i><b>No disco e EP anteriores usei personagens fict\u00edcias para contar hist\u00f3rias, algo que decidi n\u00e3o utilizar neste disco. Nestes 2 anos, fui pensando que gostaria de criar um disco conceptual e o disco come\u00e7ou a ser constru\u00eddo depois dessa ideia estar bem definida.<\/b><\/i><\/p>\n<p><i><b>Decidi escrever sobre mem\u00f3rias pessoais minhas &#8211; &#8220;Memories&#8221; &#8211; e ilustrar cada mem\u00f3ria com uma fotografia. Como n\u00e3o sou fot\u00f3grafo, decidi chamar a esta parte &#8220;Bad Photographs&#8221;. <\/b><\/i><\/p>\n<p><i>Este \u00e9 um disco biogr\u00e1fico?<\/i><\/p>\n<p><i><b>Sim, \u00e9 totalmente biogr\u00e1fico. Todas as mem\u00f3rias foram situa\u00e7\u00f5es que me marcaram de algum modo e tiveram peso na minha vida. Numa fase inicial, fiz alguma medita\u00e7\u00e3o e fui apontando os momentos que me marcaram mais. Este foi o ponto de partida que serviu de fio condutor ao disco.<\/b><\/i><\/p>\n<p><i>Na sua opini\u00e3o demonstra um lado mais triste ou alegre?<\/i><\/p>\n<p><i><b>Ainda que tenha algumas mem\u00f3rias alegres, penso que as mem\u00f3rias mais tristes me marcaram mais e preciso de as exprimir para que possa seguir. Mesmo as mem\u00f3rias alegres t\u00eam sempre um pouco de saudade adjacente, mas penso que \u00e9 algo que est\u00e1 inevitavelmente associado \u00e0s mem\u00f3rias quando os momentos s\u00e3o bons.<\/b><\/i><\/p>\n<p><i>O processo criativo tamb\u00e9m mudou neste disco. O que aconteceu e porque motivo puxou a si a produ\u00e7\u00e3o dos temas e a vontade de tocar todos os instrumentos?<\/i><\/p>\n<p><i><b>Logo no in\u00edcio da pr\u00e9-produ\u00e7\u00e3o do disco, estive uma semana no meu est\u00fadio dedicado a fazer rascunhos de como seriam as m\u00fasicas e decidi que o desafio seria ainda maior se gravasse todos os instrumentos. O processo foi mais lento &#8211; gravei teclados, solos, percuss\u00f5es &#8211; mas fez com que o resultado fosse o mais fiel poss\u00edvel \u00e0quilo que se estava a passar na minha cabe\u00e7a.<\/b><\/i><\/p>\n<p><i>Quem o acompanhou neste disco em termos de produ\u00e7\u00e3o e masteriza\u00e7\u00e3o?<\/i><\/p>\n<p><i><b>No final desta pr\u00e9-produ\u00e7\u00e3o e quando achei que tinha algo mais s\u00f3lido para mostrar, reuni-me com o Giliano Boucinha &#8211; que j\u00e1 me acompanha na produ\u00e7\u00e3o e em concertos h\u00e1 algum tempo &#8211; e ele pr\u00f3prio tamb\u00e9m me disse que achava que devia ter um papel mais de conselheiro mas que o caminho do disco, sendo t\u00e3o pessoal, deveria ser eu a tra\u00e7\u00e1-lo.<\/b><\/i><\/p>\n<p><i><b>Depois de terminarmos esta fase, eu, o Giliano e o Tiago Correia fomos para o Pal\u00e1cio do Sobralinho, em Vila Franca de Xira, onde estivemos uma semana a gravar todas as pistas finais dos instrumentos. Decidimos utilizar este local porque a ac\u00fastica era incr\u00edvel. A masteriza\u00e7\u00e3o foi feita pelo Timothy Stollenwerk, que trabalhou com artistas que s\u00e3o uma grande inspira\u00e7\u00e3o para mim, como \u00e9 o caso dos Morphine.<\/b><\/i><\/p>\n<p><i>Em termos de espect\u00e1culos de apresenta\u00e7\u00e3o, o que j\u00e1 pode revelar?<\/i><\/p>\n<p><i><b>Tentei que este novo trabalho fosse uma experi\u00eancia, desde o disco com as fotografias das mem\u00f3rias, at\u00e9 ao espect\u00e1culo ao vivo com cor e luzes. A ideia \u00e9 que o espect\u00e1culo ao vivo replique o imagin\u00e1rio pessoal que tento partilhar com o disco. <\/b><\/i><\/p>\n<p><i>O segundo disco \u00e9 sempre uma grande responsabilidade porque espera-se uma evolu\u00e7\u00e3o perante o primeiro. Neste, acha que isso acontece?<\/i><\/p>\n<p><i><b>Penso que existe sempre essa expectativa pela parte de quem ouve um segundo disco e neste trabalho tive tempo suficiente para tomar decis\u00f5es com calma. O facto de gravar em casa a primeira parte do trabalho fez com que n\u00e3o existisse a pressa de estar num est\u00fadio com o tempo contado. Sinto que este disco passa exactamente aquilo que eu queria, gostei muito do resultado da grava\u00e7\u00e3o e da masteriza\u00e7\u00e3o.<\/b><\/i><\/p>\n<p><i>Em termos de redes sociais, onde pode o p\u00fablico interagir consigo?<\/i><\/p>\n<p>No facebook &#8211; <a href=\"http:\/\/www.facebook.com\/captainboymusic\">www.facebook.com\/captainboymusic<\/a><\/p>\n<p>No instagram &#8211; <a href=\"http:\/\/www.instagram.com\/yosoycaptainboy\">www.instagram.com\/yosoycaptainboy<\/a><\/p>\n<p>No Spotify &#8211; \u00c9 s\u00f3 pesquisar por Captain Boy<\/p>\n<p>E no meu site &#8211; <a href=\"http:\/\/www.captainboymusic.com\/\">www.captainboymusic.com<\/a><\/p>\n<p><i>Dedica muito tempo \u00e0s redes sociais?<\/i><\/p>\n<p><i><b>Penso que n\u00e3o dedico o tempo que deveria, mas \u00e9 algo que prometo mudar com este novo disco. Falo mais por mensagens com quem vai seguindo a p\u00e1gina e gosto de o fazer, faz-me sentir mais perto de quem ouve o meu trabalho.<\/b><\/i><\/p>\n<p><i>Qual a mensagem que deixa aos nossos leitores?<\/i><\/p>\n<p><i><b>Espero que gostem deste novo disco, foi um processo de aventura e descoberta, gravar e fotografar. Procurem-me pelas redes sociais e estejam \u00e0 vontade para trocarmos algumas ideias. Muito obrigado pela entrevista!<\/b><\/i><\/p>\n<p align=\"center\"><span style=\"color: #2a6099;\"><b>Alinhamento do disco<\/b><\/span><\/p>\n<p align=\"left\"><span style=\"color: #000000;\"><b>1. Song to my dog<\/b><\/span><\/p>\n<p align=\"left\"><span style=\"color: #000000;\"><b>2. Rusty smiles<\/b><\/span><\/p>\n<p align=\"left\"><span style=\"color: #000000;\"><b>3. I left my shoes outside<\/b><\/span><\/p>\n<p align=\"left\"><span style=\"color: #000000;\"><b>4. Running friend<\/b><\/span><\/p>\n<p align=\"left\"><span style=\"color: #000000;\"><b>5. Carminda<\/b><\/span><\/p>\n<p align=\"left\"><span style=\"color: #000000;\"><b>6. Treehouses<\/b><\/span><\/p>\n<p align=\"left\"><span style=\"color: #000000;\"><b>7. Miss guilt<\/b><\/span><\/p>\n<p align=\"left\"><span style=\"color: #000000;\"><b>8. Balloons and melodies<\/b><\/span><\/p>\n","protected":false},"excerpt":{"rendered":"<p>&nbsp; \u2018Memories and Bad Photographs\u2019 \u00e9 o segundo disco de Captain Boy e conta com oito faixas e todas elas referentes a uma mem\u00f3ria do m\u00fasico, estando, n\u00f3s, assim perante um disco biogr\u00e1fico.<\/p>\n","protected":false},"author":2,"featured_media":60022,"comment_status":"open","ping_status":"closed","sticky":false,"template":"","format":"standard","meta":{"footnotes":""},"categories":[2,36,4,4124],"tags":[2948],"class_list":["post-60021","post","type-post","status-publish","format-standard","has-post-thumbnail","hentry","category-cultura","category-destaque","category-discos","category-entrevistas","tag-captain-boy"],"yoast_head":"<!-- This site is optimized with the Yoast SEO plugin v27.5 - https:\/\/yoast.com\/product\/yoast-seo-wordpress\/ -->\n<title>Captain Boy: &quot;Ainda que tenha algumas mem\u00f3rias alegres, penso que as mem\u00f3rias mais tristes me marcaram mais(...)&quot; | Infocul.pt - Arquivo Digital<\/title>\n<meta name=\"description\" content=\"Captain Boy: &quot;Ainda que tenha algumas mem\u00f3rias alegres, penso que as mem\u00f3rias mais tristes me marcaram mais(...)&quot; | Infocul.pt - Arquivo Digital\" \/>\n<meta name=\"robots\" content=\"noindex, follow, max-snippet:-1, max-image-preview:large, max-video-preview:-1\" \/>\n<meta property=\"og:locale\" content=\"pt_PT\" \/>\n<meta property=\"og:type\" content=\"article\" \/>\n<meta property=\"og:title\" content=\"Captain Boy: &quot;Ainda que tenha algumas mem\u00f3rias alegres, penso que as mem\u00f3rias mais tristes me marcaram mais(...)&quot; | Infocul.pt - Arquivo Digital\" \/>\n<meta property=\"og:description\" content=\"Captain Boy: &quot;Ainda que tenha algumas mem\u00f3rias alegres, penso que as mem\u00f3rias mais tristes me marcaram mais(...)&quot; | Infocul.pt - Arquivo Digital\" \/>\n<meta property=\"og:url\" content=\"https:\/\/infocul.pt\/arquivo\/cultura\/captain-boy-ainda-que-tenha-algumas-memorias-alegres-penso-que-as-memorias-mais-tristes-me-marcaram-mais\/\" \/>\n<meta property=\"og:site_name\" content=\"Infocul.pt - Arquivo Digital\" \/>\n<meta property=\"article:publisher\" content=\"https:\/\/www.facebook.com\/Infocul-147816815585015\/\" \/>\n<meta property=\"article:published_time\" content=\"2019-09-22T23:00:36+00:00\" \/>\n<meta property=\"og:image\" content=\"https:\/\/infocul.pt\/arquivo\/wp-content\/uploads\/2019\/09\/unnamed-2-1024x1024.png\" \/>\n\t<meta property=\"og:image:width\" content=\"1024\" \/>\n\t<meta property=\"og:image:height\" content=\"1024\" \/>\n\t<meta property=\"og:image:type\" content=\"image\/png\" \/>\n<meta name=\"author\" content=\"Rui Lavrador\" \/>\n<meta name=\"twitter:card\" content=\"summary_large_image\" \/>\n<meta name=\"twitter:creator\" content=\"@Infoculpt\" \/>\n<meta name=\"twitter:site\" content=\"@Infoculpt\" \/>\n<meta name=\"twitter:label1\" content=\"Escrito por\" \/>\n\t<meta name=\"twitter:data1\" content=\"Rui Lavrador\" \/>\n\t<meta name=\"twitter:label2\" content=\"Tempo estimado de leitura\" \/>\n\t<meta name=\"twitter:data2\" content=\"4 minutos\" \/>\n<script type=\"application\/ld+json\" class=\"yoast-schema-graph\">{\"@context\":\"https:\\\/\\\/schema.org\",\"@graph\":[{\"@type\":\"Article\",\"@id\":\"https:\\\/\\\/infocul.pt\\\/arquivo\\\/cultura\\\/captain-boy-ainda-que-tenha-algumas-memorias-alegres-penso-que-as-memorias-mais-tristes-me-marcaram-mais\\\/#article\",\"isPartOf\":{\"@id\":\"https:\\\/\\\/infocul.pt\\\/arquivo\\\/cultura\\\/captain-boy-ainda-que-tenha-algumas-memorias-alegres-penso-que-as-memorias-mais-tristes-me-marcaram-mais\\\/\"},\"author\":{\"name\":\"Rui Lavrador\",\"@id\":\"https:\\\/\\\/infocul.pt\\\/arquivo\\\/#\\\/schema\\\/person\\\/060a108d7f2d85fc6aae505119ee5234\"},\"headline\":\"Captain Boy: &#8220;Ainda que tenha algumas mem\u00f3rias alegres, penso que as mem\u00f3rias mais tristes me marcaram mais(&#8230;)&#8221;\",\"datePublished\":\"2019-09-22T23:00:36+00:00\",\"mainEntityOfPage\":{\"@id\":\"https:\\\/\\\/infocul.pt\\\/arquivo\\\/cultura\\\/captain-boy-ainda-que-tenha-algumas-memorias-alegres-penso-que-as-memorias-mais-tristes-me-marcaram-mais\\\/\"},\"wordCount\":882,\"commentCount\":0,\"publisher\":{\"@id\":\"https:\\\/\\\/infocul.pt\\\/arquivo\\\/#organization\"},\"image\":{\"@id\":\"https:\\\/\\\/infocul.pt\\\/arquivo\\\/cultura\\\/captain-boy-ainda-que-tenha-algumas-memorias-alegres-penso-que-as-memorias-mais-tristes-me-marcaram-mais\\\/#primaryimage\"},\"thumbnailUrl\":\"https:\\\/\\\/infocul.pt\\\/arquivo\\\/wp-content\\\/uploads\\\/2019\\\/09\\\/unnamed-2.png\",\"keywords\":[\"Captain Boy\"],\"articleSection\":[\"Cultura\",\"Destaque\",\"Discos\",\"Entrevistas\"],\"inLanguage\":\"pt-PT\"},{\"@type\":\"WebPage\",\"@id\":\"https:\\\/\\\/infocul.pt\\\/arquivo\\\/cultura\\\/captain-boy-ainda-que-tenha-algumas-memorias-alegres-penso-que-as-memorias-mais-tristes-me-marcaram-mais\\\/\",\"url\":\"https:\\\/\\\/infocul.pt\\\/arquivo\\\/cultura\\\/captain-boy-ainda-que-tenha-algumas-memorias-alegres-penso-que-as-memorias-mais-tristes-me-marcaram-mais\\\/\",\"name\":\"Captain Boy: \\\"Ainda que tenha algumas mem\u00f3rias alegres, penso que as mem\u00f3rias mais tristes me marcaram mais(...)\\\" | Infocul.pt - Arquivo Digital\",\"isPartOf\":{\"@id\":\"https:\\\/\\\/infocul.pt\\\/arquivo\\\/#website\"},\"primaryImageOfPage\":{\"@id\":\"https:\\\/\\\/infocul.pt\\\/arquivo\\\/cultura\\\/captain-boy-ainda-que-tenha-algumas-memorias-alegres-penso-que-as-memorias-mais-tristes-me-marcaram-mais\\\/#primaryimage\"},\"image\":{\"@id\":\"https:\\\/\\\/infocul.pt\\\/arquivo\\\/cultura\\\/captain-boy-ainda-que-tenha-algumas-memorias-alegres-penso-que-as-memorias-mais-tristes-me-marcaram-mais\\\/#primaryimage\"},\"thumbnailUrl\":\"https:\\\/\\\/infocul.pt\\\/arquivo\\\/wp-content\\\/uploads\\\/2019\\\/09\\\/unnamed-2.png\",\"datePublished\":\"2019-09-22T23:00:36+00:00\",\"description\":\"Captain Boy: \\\"Ainda que tenha algumas mem\u00f3rias alegres, penso que as mem\u00f3rias mais tristes me marcaram mais(...)\\\" | Infocul.pt - Arquivo Digital\",\"breadcrumb\":{\"@id\":\"https:\\\/\\\/infocul.pt\\\/arquivo\\\/cultura\\\/captain-boy-ainda-que-tenha-algumas-memorias-alegres-penso-que-as-memorias-mais-tristes-me-marcaram-mais\\\/#breadcrumb\"},\"inLanguage\":\"pt-PT\",\"potentialAction\":[{\"@type\":\"ReadAction\",\"target\":[\"https:\\\/\\\/infocul.pt\\\/arquivo\\\/cultura\\\/captain-boy-ainda-que-tenha-algumas-memorias-alegres-penso-que-as-memorias-mais-tristes-me-marcaram-mais\\\/\"]}]},{\"@type\":\"ImageObject\",\"inLanguage\":\"pt-PT\",\"@id\":\"https:\\\/\\\/infocul.pt\\\/arquivo\\\/cultura\\\/captain-boy-ainda-que-tenha-algumas-memorias-alegres-penso-que-as-memorias-mais-tristes-me-marcaram-mais\\\/#primaryimage\",\"url\":\"https:\\\/\\\/infocul.pt\\\/arquivo\\\/wp-content\\\/uploads\\\/2019\\\/09\\\/unnamed-2.png\",\"contentUrl\":\"https:\\\/\\\/infocul.pt\\\/arquivo\\\/wp-content\\\/uploads\\\/2019\\\/09\\\/unnamed-2.png\",\"width\":1200,\"height\":1200},{\"@type\":\"BreadcrumbList\",\"@id\":\"https:\\\/\\\/infocul.pt\\\/arquivo\\\/cultura\\\/captain-boy-ainda-que-tenha-algumas-memorias-alegres-penso-que-as-memorias-mais-tristes-me-marcaram-mais\\\/#breadcrumb\",\"itemListElement\":[{\"@type\":\"ListItem\",\"position\":1,\"name\":\"Home\",\"item\":\"https:\\\/\\\/infocul.pt\\\/arquivo\\\/\"},{\"@type\":\"ListItem\",\"position\":2,\"name\":\"Captain Boy: &#8220;Ainda que tenha algumas mem\u00f3rias alegres, penso que as mem\u00f3rias mais tristes me marcaram mais(&#8230;)&#8221;\"}]},{\"@type\":\"WebSite\",\"@id\":\"https:\\\/\\\/infocul.pt\\\/arquivo\\\/#website\",\"url\":\"https:\\\/\\\/infocul.pt\\\/arquivo\\\/\",\"name\":\"Infocul.pt - Arquivo Digital\",\"description\":\"Arquivo digital da Infocul.pt\",\"publisher\":{\"@id\":\"https:\\\/\\\/infocul.pt\\\/arquivo\\\/#organization\"},\"potentialAction\":[{\"@type\":\"SearchAction\",\"target\":{\"@type\":\"EntryPoint\",\"urlTemplate\":\"https:\\\/\\\/infocul.pt\\\/arquivo\\\/?s={search_term_string}\"},\"query-input\":{\"@type\":\"PropertyValueSpecification\",\"valueRequired\":true,\"valueName\":\"search_term_string\"}}],\"inLanguage\":\"pt-PT\"},{\"@type\":\"Organization\",\"@id\":\"https:\\\/\\\/infocul.pt\\\/arquivo\\\/#organization\",\"name\":\"Infocul.pt\",\"url\":\"https:\\\/\\\/infocul.pt\\\/arquivo\\\/\",\"logo\":{\"@type\":\"ImageObject\",\"inLanguage\":\"pt-PT\",\"@id\":\"https:\\\/\\\/infocul.pt\\\/arquivo\\\/#\\\/schema\\\/logo\\\/image\\\/\",\"url\":\"https:\\\/\\\/infocul.pt\\\/arquivo\\\/wp-content\\\/uploads\\\/2018\\\/12\\\/Infocul_logo-1.png\",\"contentUrl\":\"https:\\\/\\\/infocul.pt\\\/arquivo\\\/wp-content\\\/uploads\\\/2018\\\/12\\\/Infocul_logo-1.png\",\"width\":800,\"height\":800,\"caption\":\"Infocul.pt\"},\"image\":{\"@id\":\"https:\\\/\\\/infocul.pt\\\/arquivo\\\/#\\\/schema\\\/logo\\\/image\\\/\"},\"sameAs\":[\"https:\\\/\\\/www.facebook.com\\\/Infocul-147816815585015\\\/\",\"https:\\\/\\\/x.com\\\/Infoculpt\",\"http:\\\/\\\/www.pictaram.com\\\/user\\\/infocul.pt\\\/2370423710\",\"https:\\\/\\\/www.youtube.com\\\/channel\\\/UCYEB91AGI9FL9ek2i_IaQAA\"]},{\"@type\":\"Person\",\"@id\":\"https:\\\/\\\/infocul.pt\\\/arquivo\\\/#\\\/schema\\\/person\\\/060a108d7f2d85fc6aae505119ee5234\",\"name\":\"Rui Lavrador\",\"image\":{\"@type\":\"ImageObject\",\"inLanguage\":\"pt-PT\",\"@id\":\"https:\\\/\\\/secure.gravatar.com\\\/avatar\\\/93febd6873394aa8e975148548a0cb203acfdd42d2c85c5f1408e1a76678aece?s=96&d=mm&r=g\",\"url\":\"https:\\\/\\\/secure.gravatar.com\\\/avatar\\\/93febd6873394aa8e975148548a0cb203acfdd42d2c85c5f1408e1a76678aece?s=96&d=mm&r=g\",\"contentUrl\":\"https:\\\/\\\/secure.gravatar.com\\\/avatar\\\/93febd6873394aa8e975148548a0cb203acfdd42d2c85c5f1408e1a76678aece?s=96&d=mm&r=g\",\"caption\":\"Rui Lavrador\"},\"description\":\"Iniciou em 2011 o seu percurso em comunica\u00e7\u00e3o social, tendo integrado v\u00e1rios projectos editoriais. Durante o seu percurso integrou projectos como Jornal Hardm\u00fasica, LusoNot\u00edcias, Toureio.pt, ODigital.pt, entre outros \u00d3rg\u00e3os de Comunica\u00e7\u00e3o Social nacionais, na redac\u00e7\u00e3o de v\u00e1rios artigos. Entrevistou a grande maioria das personalidades mais importantes da vida social e cultural do pa\u00eds, destacando-se, tamb\u00e9m, na aprecia\u00e7\u00e3o de v\u00e1rios espect\u00e1culos. Durante o seu percurso, deu a conhecer v\u00e1rios artistas, at\u00e9 ent\u00e3o desconhecidos, ao grande p\u00fablico. Em 2015 criou e fundou o Infocul.pt, projecto no qual assume a direc\u00e7\u00e3o editorial.\",\"sameAs\":[\"http:\\\/\\\/www.infocul.pt\"]}]}<\/script>\n<!-- \/ Yoast SEO plugin. -->","yoast_head_json":{"title":"Captain Boy: \"Ainda que tenha algumas mem\u00f3rias alegres, penso que as mem\u00f3rias mais tristes me marcaram mais(...)\" | Infocul.pt - Arquivo Digital","description":"Captain Boy: \"Ainda que tenha algumas mem\u00f3rias alegres, penso que as mem\u00f3rias mais tristes me marcaram mais(...)\" | Infocul.pt - Arquivo Digital","robots":{"index":"noindex","follow":"follow","max-snippet":"max-snippet:-1","max-image-preview":"max-image-preview:large","max-video-preview":"max-video-preview:-1"},"og_locale":"pt_PT","og_type":"article","og_title":"Captain Boy: \"Ainda que tenha algumas mem\u00f3rias alegres, penso que as mem\u00f3rias mais tristes me marcaram mais(...)\" | Infocul.pt - Arquivo Digital","og_description":"Captain Boy: \"Ainda que tenha algumas mem\u00f3rias alegres, penso que as mem\u00f3rias mais tristes me marcaram mais(...)\" | Infocul.pt - Arquivo Digital","og_url":"https:\/\/infocul.pt\/arquivo\/cultura\/captain-boy-ainda-que-tenha-algumas-memorias-alegres-penso-que-as-memorias-mais-tristes-me-marcaram-mais\/","og_site_name":"Infocul.pt - Arquivo Digital","article_publisher":"https:\/\/www.facebook.com\/Infocul-147816815585015\/","article_published_time":"2019-09-22T23:00:36+00:00","og_image":[{"width":1024,"height":1024,"url":"https:\/\/infocul.pt\/arquivo\/wp-content\/uploads\/2019\/09\/unnamed-2-1024x1024.png","type":"image\/png"}],"author":"Rui Lavrador","twitter_card":"summary_large_image","twitter_creator":"@Infoculpt","twitter_site":"@Infoculpt","twitter_misc":{"Escrito por":"Rui Lavrador","Tempo estimado de leitura":"4 minutos"},"schema":{"@context":"https:\/\/schema.org","@graph":[{"@type":"Article","@id":"https:\/\/infocul.pt\/arquivo\/cultura\/captain-boy-ainda-que-tenha-algumas-memorias-alegres-penso-que-as-memorias-mais-tristes-me-marcaram-mais\/#article","isPartOf":{"@id":"https:\/\/infocul.pt\/arquivo\/cultura\/captain-boy-ainda-que-tenha-algumas-memorias-alegres-penso-que-as-memorias-mais-tristes-me-marcaram-mais\/"},"author":{"name":"Rui Lavrador","@id":"https:\/\/infocul.pt\/arquivo\/#\/schema\/person\/060a108d7f2d85fc6aae505119ee5234"},"headline":"Captain Boy: &#8220;Ainda que tenha algumas mem\u00f3rias alegres, penso que as mem\u00f3rias mais tristes me marcaram mais(&#8230;)&#8221;","datePublished":"2019-09-22T23:00:36+00:00","mainEntityOfPage":{"@id":"https:\/\/infocul.pt\/arquivo\/cultura\/captain-boy-ainda-que-tenha-algumas-memorias-alegres-penso-que-as-memorias-mais-tristes-me-marcaram-mais\/"},"wordCount":882,"commentCount":0,"publisher":{"@id":"https:\/\/infocul.pt\/arquivo\/#organization"},"image":{"@id":"https:\/\/infocul.pt\/arquivo\/cultura\/captain-boy-ainda-que-tenha-algumas-memorias-alegres-penso-que-as-memorias-mais-tristes-me-marcaram-mais\/#primaryimage"},"thumbnailUrl":"https:\/\/infocul.pt\/arquivo\/wp-content\/uploads\/2019\/09\/unnamed-2.png","keywords":["Captain Boy"],"articleSection":["Cultura","Destaque","Discos","Entrevistas"],"inLanguage":"pt-PT"},{"@type":"WebPage","@id":"https:\/\/infocul.pt\/arquivo\/cultura\/captain-boy-ainda-que-tenha-algumas-memorias-alegres-penso-que-as-memorias-mais-tristes-me-marcaram-mais\/","url":"https:\/\/infocul.pt\/arquivo\/cultura\/captain-boy-ainda-que-tenha-algumas-memorias-alegres-penso-que-as-memorias-mais-tristes-me-marcaram-mais\/","name":"Captain Boy: \"Ainda que tenha algumas mem\u00f3rias alegres, penso que as mem\u00f3rias mais tristes me marcaram mais(...)\" | Infocul.pt - Arquivo Digital","isPartOf":{"@id":"https:\/\/infocul.pt\/arquivo\/#website"},"primaryImageOfPage":{"@id":"https:\/\/infocul.pt\/arquivo\/cultura\/captain-boy-ainda-que-tenha-algumas-memorias-alegres-penso-que-as-memorias-mais-tristes-me-marcaram-mais\/#primaryimage"},"image":{"@id":"https:\/\/infocul.pt\/arquivo\/cultura\/captain-boy-ainda-que-tenha-algumas-memorias-alegres-penso-que-as-memorias-mais-tristes-me-marcaram-mais\/#primaryimage"},"thumbnailUrl":"https:\/\/infocul.pt\/arquivo\/wp-content\/uploads\/2019\/09\/unnamed-2.png","datePublished":"2019-09-22T23:00:36+00:00","description":"Captain Boy: \"Ainda que tenha algumas mem\u00f3rias alegres, penso que as mem\u00f3rias mais tristes me marcaram mais(...)\" | Infocul.pt - Arquivo Digital","breadcrumb":{"@id":"https:\/\/infocul.pt\/arquivo\/cultura\/captain-boy-ainda-que-tenha-algumas-memorias-alegres-penso-que-as-memorias-mais-tristes-me-marcaram-mais\/#breadcrumb"},"inLanguage":"pt-PT","potentialAction":[{"@type":"ReadAction","target":["https:\/\/infocul.pt\/arquivo\/cultura\/captain-boy-ainda-que-tenha-algumas-memorias-alegres-penso-que-as-memorias-mais-tristes-me-marcaram-mais\/"]}]},{"@type":"ImageObject","inLanguage":"pt-PT","@id":"https:\/\/infocul.pt\/arquivo\/cultura\/captain-boy-ainda-que-tenha-algumas-memorias-alegres-penso-que-as-memorias-mais-tristes-me-marcaram-mais\/#primaryimage","url":"https:\/\/infocul.pt\/arquivo\/wp-content\/uploads\/2019\/09\/unnamed-2.png","contentUrl":"https:\/\/infocul.pt\/arquivo\/wp-content\/uploads\/2019\/09\/unnamed-2.png","width":1200,"height":1200},{"@type":"BreadcrumbList","@id":"https:\/\/infocul.pt\/arquivo\/cultura\/captain-boy-ainda-que-tenha-algumas-memorias-alegres-penso-que-as-memorias-mais-tristes-me-marcaram-mais\/#breadcrumb","itemListElement":[{"@type":"ListItem","position":1,"name":"Home","item":"https:\/\/infocul.pt\/arquivo\/"},{"@type":"ListItem","position":2,"name":"Captain Boy: &#8220;Ainda que tenha algumas mem\u00f3rias alegres, penso que as mem\u00f3rias mais tristes me marcaram mais(&#8230;)&#8221;"}]},{"@type":"WebSite","@id":"https:\/\/infocul.pt\/arquivo\/#website","url":"https:\/\/infocul.pt\/arquivo\/","name":"Infocul.pt - Arquivo Digital","description":"Arquivo digital da Infocul.pt","publisher":{"@id":"https:\/\/infocul.pt\/arquivo\/#organization"},"potentialAction":[{"@type":"SearchAction","target":{"@type":"EntryPoint","urlTemplate":"https:\/\/infocul.pt\/arquivo\/?s={search_term_string}"},"query-input":{"@type":"PropertyValueSpecification","valueRequired":true,"valueName":"search_term_string"}}],"inLanguage":"pt-PT"},{"@type":"Organization","@id":"https:\/\/infocul.pt\/arquivo\/#organization","name":"Infocul.pt","url":"https:\/\/infocul.pt\/arquivo\/","logo":{"@type":"ImageObject","inLanguage":"pt-PT","@id":"https:\/\/infocul.pt\/arquivo\/#\/schema\/logo\/image\/","url":"https:\/\/infocul.pt\/arquivo\/wp-content\/uploads\/2018\/12\/Infocul_logo-1.png","contentUrl":"https:\/\/infocul.pt\/arquivo\/wp-content\/uploads\/2018\/12\/Infocul_logo-1.png","width":800,"height":800,"caption":"Infocul.pt"},"image":{"@id":"https:\/\/infocul.pt\/arquivo\/#\/schema\/logo\/image\/"},"sameAs":["https:\/\/www.facebook.com\/Infocul-147816815585015\/","https:\/\/x.com\/Infoculpt","http:\/\/www.pictaram.com\/user\/infocul.pt\/2370423710","https:\/\/www.youtube.com\/channel\/UCYEB91AGI9FL9ek2i_IaQAA"]},{"@type":"Person","@id":"https:\/\/infocul.pt\/arquivo\/#\/schema\/person\/060a108d7f2d85fc6aae505119ee5234","name":"Rui Lavrador","image":{"@type":"ImageObject","inLanguage":"pt-PT","@id":"https:\/\/secure.gravatar.com\/avatar\/93febd6873394aa8e975148548a0cb203acfdd42d2c85c5f1408e1a76678aece?s=96&d=mm&r=g","url":"https:\/\/secure.gravatar.com\/avatar\/93febd6873394aa8e975148548a0cb203acfdd42d2c85c5f1408e1a76678aece?s=96&d=mm&r=g","contentUrl":"https:\/\/secure.gravatar.com\/avatar\/93febd6873394aa8e975148548a0cb203acfdd42d2c85c5f1408e1a76678aece?s=96&d=mm&r=g","caption":"Rui Lavrador"},"description":"Iniciou em 2011 o seu percurso em comunica\u00e7\u00e3o social, tendo integrado v\u00e1rios projectos editoriais. Durante o seu percurso integrou projectos como Jornal Hardm\u00fasica, LusoNot\u00edcias, Toureio.pt, ODigital.pt, entre outros \u00d3rg\u00e3os de Comunica\u00e7\u00e3o Social nacionais, na redac\u00e7\u00e3o de v\u00e1rios artigos. Entrevistou a grande maioria das personalidades mais importantes da vida social e cultural do pa\u00eds, destacando-se, tamb\u00e9m, na aprecia\u00e7\u00e3o de v\u00e1rios espect\u00e1culos. Durante o seu percurso, deu a conhecer v\u00e1rios artistas, at\u00e9 ent\u00e3o desconhecidos, ao grande p\u00fablico. Em 2015 criou e fundou o Infocul.pt, projecto no qual assume a direc\u00e7\u00e3o editorial.","sameAs":["http:\/\/www.infocul.pt"]}]}},"_links":{"self":[{"href":"https:\/\/infocul.pt\/arquivo\/wp-json\/wp\/v2\/posts\/60021","targetHints":{"allow":["GET"]}}],"collection":[{"href":"https:\/\/infocul.pt\/arquivo\/wp-json\/wp\/v2\/posts"}],"about":[{"href":"https:\/\/infocul.pt\/arquivo\/wp-json\/wp\/v2\/types\/post"}],"author":[{"embeddable":true,"href":"https:\/\/infocul.pt\/arquivo\/wp-json\/wp\/v2\/users\/2"}],"replies":[{"embeddable":true,"href":"https:\/\/infocul.pt\/arquivo\/wp-json\/wp\/v2\/comments?post=60021"}],"version-history":[{"count":0,"href":"https:\/\/infocul.pt\/arquivo\/wp-json\/wp\/v2\/posts\/60021\/revisions"}],"wp:featuredmedia":[{"embeddable":true,"href":"https:\/\/infocul.pt\/arquivo\/wp-json\/wp\/v2\/media\/60022"}],"wp:attachment":[{"href":"https:\/\/infocul.pt\/arquivo\/wp-json\/wp\/v2\/media?parent=60021"}],"wp:term":[{"taxonomy":"category","embeddable":true,"href":"https:\/\/infocul.pt\/arquivo\/wp-json\/wp\/v2\/categories?post=60021"},{"taxonomy":"post_tag","embeddable":true,"href":"https:\/\/infocul.pt\/arquivo\/wp-json\/wp\/v2\/tags?post=60021"}],"curies":[{"name":"wp","href":"https:\/\/api.w.org\/{rel}","templated":true}]}}