{"id":60173,"date":"2019-09-27T00:00:07","date_gmt":"2019-09-26T23:00:07","guid":{"rendered":"https:\/\/infocul.pt\/?p=60173"},"modified":"2019-09-23T11:37:53","modified_gmt":"2019-09-23T10:37:53","slug":"discovery-channel-com-programacao-dedicada-a-descoberta-do-universo","status":"publish","type":"post","link":"https:\/\/infocul.pt\/arquivo\/actualidade\/discovery-channel-com-programacao-dedicada-a-descoberta-do-universo\/","title":{"rendered":"Discovery Channel com programa\u00e7\u00e3o dedicada \u00e0 descoberta do Universo"},"content":{"rendered":"<p><img decoding=\"async\" class=\"aligncenter wp-image-60174 size-large lazyload\" data-src=\"https:\/\/infocul.pt\/arquivo\/wp-content\/uploads\/2019\/09\/33522_ep105_027-1024x576.jpg\" alt=\"\" width=\"800\" height=\"450\" data-srcset=\"https:\/\/infocul.pt\/arquivo\/wp-content\/uploads\/2019\/09\/33522_ep105_027-1024x576.jpg 1024w, https:\/\/infocul.pt\/arquivo\/wp-content\/uploads\/2019\/09\/33522_ep105_027-300x169.jpg 300w, https:\/\/infocul.pt\/arquivo\/wp-content\/uploads\/2019\/09\/33522_ep105_027-768x432.jpg 768w\" data-sizes=\"(max-width: 800px) 100vw, 800px\" src=\"data:image\/svg+xml;base64,PHN2ZyB3aWR0aD0iMSIgaGVpZ2h0PSIxIiB4bWxucz0iaHR0cDovL3d3dy53My5vcmcvMjAwMC9zdmciPjwvc3ZnPg==\" style=\"--smush-placeholder-width: 800px; --smush-placeholder-aspect-ratio: 800\/450;\" \/><\/p>\n<p>&nbsp;<\/p>\n<p>&nbsp;<\/p>\n<p>Em Outubro, os espectadores s\u00e3o convidados a observar o Universo a partir dos ecr\u00e3s do Discovery Channel, na celebra\u00e7\u00e3o mundial da Semana do Espa\u00e7o. De 4 a 10 de Outubro, o canal apresenta uma programa\u00e7\u00e3o especial para que o p\u00fablico descubra a hist\u00f3ria, os segredos, as \u00faltimas descobertas e avan\u00e7os cient\u00edficos sobre o Espa\u00e7o. A oferta de programas \u00e9 encabe\u00e7ada por novos epis\u00f3dios das s\u00e9ries &#8216;NASA: Ficheiros Secretos&#8217;, &#8216;Hist\u00f3ria do Universo&#8217; e &#8216;Desmontar o Cosmos&#8217;.<\/p>\n<p><!--more--><\/p>\n<p>&nbsp;<\/p>\n<p>O Discovery Channel n\u00e3o poderia faltar ao evento mais esperado do ano, para os apaixonados da ci\u00eancia e investiga\u00e7\u00e3o do Universo: a Semana do Espa\u00e7o. A data \u00e9 celebrada por todo mundo, sempre em Outubro e coloca em evid\u00eancia a import\u00e2ncia da explora\u00e7\u00e3o espacial, no passado, no presente e no futuro da Terra.<\/p>\n<p>O que marcou a hist\u00f3ria do Universo? Que mist\u00e9rios se encontram ainda por resolver? Que avan\u00e7os t\u00eam sido feitos pelos cientistas quanto \u00e0 vida fora da Terra? Qual a origem, a causa ou os segredos do Cosmos?<\/p>\n<p>De 4 a 10 de Outubro, o Discovery Channel volta a dar resposta a estas e outras perguntas com uma programa\u00e7\u00e3o especial e que inclui a estreia das novas temporadas de s\u00e9ries cl\u00e1ssicas como NASA: Ficheiros Secretos&#8217;, &#8216;Hist\u00f3ria do Universo&#8217; e &#8216;Desmontar o Cosmos&#8217;.<\/p>\n<p><strong>&#8216;NASA, FICHEIROS SECRETOS&#8217; DE 4 A 10 DE OUTUBRO \u00c0S 21:00<\/strong><\/p>\n<p>As noites da Semana do Espa\u00e7o no Discovery Channel come\u00e7am \u00e0s 21 horas com a estreia da nova temporada de &#8216;NASA: Ficheiros Secretos&#8217;. A s\u00e9rie mostra os arquivos secretos da principal ag\u00eancia do governo norte-americano respons\u00e1vel pelo programa espacial. Entre os casos abordados no programa, encontramos o testemunho de um ex empregado da famosa \u00c1rea 51, que afirma que o incidente do OVNI em Roswell foi obra de &#8230; Stalin, o ditador sovi\u00e9tico.<\/p>\n<p>Por outro lado, a s\u00e9rie analisa os planos da NASA para tornar Marte habit\u00e1vel, semeando plantas e levando animais geneticamente alterados para que possam sobreviver nas extremas condi\u00e7\u00f5es deste planeta&#8230;. Que consequ\u00eancias ter\u00e1 este projecto, se for levado a cabo?<\/p>\n<p>A estranha morte de um engenheiro da NASA, Thomas Barron, e da sua fam\u00edlia depois da publica\u00e7\u00e3o de v\u00e1rios relat\u00f3rios de Barron sobre as falhas do Apolo 1, que causaram a morte a tr\u00eas astronautas, \u00e9 outro dos temas abordados. As tentativas e os estudos da NASA para que o ser humano possa sobreviver no espa\u00e7o ou os poss\u00edveis encontros entre soldados russos e seres extraterrestres durante a Segunda Guerra Mundial s\u00e3o assuntos que o p\u00fablico ver\u00e1 nas noites de Outubro, na Semana do Espa\u00e7o.<\/p>\n<p><strong>&#8216;HIST\u00d3RIA DO UNIVERSO&#8217; DE 4 A 10 DE OUTUBRO \u00c0S 22:00<\/strong><\/p>\n<p>\u00c0s 22 horas chega ao Discovery Channel a s\u00e9tima temporada de &#8216;A Hist\u00f3ria do Universo&#8217;. A s\u00e9rie vai analisar as estrelas de neutr\u00f5es, um dos fen\u00f3menos estranhos e violentos que desafiam as leis da f\u00edsica e cujas \u00faltimas descobertas podem confirmar o seu poder para destruir planetas e outras estrelas. Supernovas, estrelas explos\u00e3o que libertam uma grande quantidade de energia, buracos negros e a sua poss\u00edvel contribui\u00e7\u00e3o para a cria\u00e7\u00e3o de estrelas ou de luz e as nebulosas, nuvens de g\u00e1s e poeira c\u00f3smica, ser\u00e3o outros dos fen\u00f3menos em an\u00e1lise durante a Semana do Espa\u00e7o.<\/p>\n<p><strong>&#8216;DESMONTAR O COSMOS&#8217;, DE 4 A 10 DE OUTUBRO \u00c0S 23:50<\/strong><\/p>\n<p>A s\u00e9rie &#8216;Desmontar o Cosmos&#8217; continuar\u00e1 a explorar os segredos que rodeiam a origem e destino do Universo, analisando camada por camada estes fen\u00f3menos, com impressionantes anima\u00e7\u00f5es computorizadas. O objetivo \u00e9 decifrar mist\u00e9rios como a hist\u00f3ria secreta da sonda Juno, lan\u00e7ada pela NASA para explorar J\u00fapiter , os segredos que esconde a aurora boreal, as \u00faltimas descobertas sobre a vida extraterrestre e como os mais recentes avan\u00e7os cient\u00edficos e tecnol\u00f3gicos mudaram a vis\u00e3o que a ci\u00eancia tinha sobre os buracos negros.<\/p>\n<p>A Semana do Espa\u00e7o no Discovery Channel decorre de 4 a 10 de Outubro.<\/p>\n","protected":false},"excerpt":{"rendered":"<p>&nbsp; &nbsp; Em Outubro, os espectadores s\u00e3o convidados a observar o Universo a partir dos ecr\u00e3s do Discovery Channel, na celebra\u00e7\u00e3o mundial da Semana do Espa\u00e7o. De 4 a 10 de Outubro, o canal apresenta uma programa\u00e7\u00e3o especial para que o p\u00fablico descubra a hist\u00f3ria, os segredos, as \u00faltimas descobertas e avan\u00e7os cient\u00edficos sobre o [&hellip;]<\/p>\n","protected":false},"author":13,"featured_media":60174,"comment_status":"open","ping_status":"closed","sticky":false,"template":"","format":"standard","meta":{"footnotes":""},"categories":[10,14],"tags":[2018],"class_list":["post-60173","post","type-post","status-publish","format-standard","has-post-thumbnail","hentry","category-actualidade","category-televisao","tag-discovery-channel"],"yoast_head":"<!-- This site is optimized with the Yoast SEO plugin v27.4 - https:\/\/yoast.com\/product\/yoast-seo-wordpress\/ -->\n<title>Discovery Channel com programa\u00e7\u00e3o dedicada \u00e0 descoberta do Universo | Infocul.pt - Arquivo Digital<\/title>\n<meta name=\"description\" content=\"Discovery Channel com programa\u00e7\u00e3o dedicada \u00e0 descoberta do Universo | Infocul.pt - Arquivo Digital\" \/>\n<meta name=\"robots\" content=\"noindex, follow, max-snippet:-1, max-image-preview:large, max-video-preview:-1\" \/>\n<meta property=\"og:locale\" content=\"pt_PT\" \/>\n<meta property=\"og:type\" content=\"article\" \/>\n<meta property=\"og:title\" content=\"Discovery Channel com programa\u00e7\u00e3o dedicada \u00e0 descoberta do Universo | Infocul.pt - Arquivo Digital\" \/>\n<meta property=\"og:description\" content=\"Discovery Channel com programa\u00e7\u00e3o dedicada \u00e0 descoberta do Universo | Infocul.pt - Arquivo Digital\" \/>\n<meta property=\"og:url\" content=\"https:\/\/infocul.pt\/arquivo\/actualidade\/discovery-channel-com-programacao-dedicada-a-descoberta-do-universo\/\" \/>\n<meta property=\"og:site_name\" content=\"Infocul.pt - Arquivo Digital\" \/>\n<meta property=\"article:publisher\" content=\"https:\/\/www.facebook.com\/Infocul-147816815585015\/\" \/>\n<meta property=\"article:published_time\" content=\"2019-09-26T23:00:07+00:00\" \/>\n<meta property=\"og:image\" content=\"https:\/\/infocul.pt\/arquivo\/wp-content\/uploads\/2019\/09\/33522_ep105_027-1024x576.jpg\" \/>\n\t<meta property=\"og:image:width\" content=\"1024\" \/>\n\t<meta property=\"og:image:height\" content=\"576\" \/>\n\t<meta property=\"og:image:type\" content=\"image\/jpeg\" \/>\n<meta name=\"author\" content=\"Redac\u00e7\u00e3o\" \/>\n<meta name=\"twitter:card\" content=\"summary_large_image\" \/>\n<meta name=\"twitter:creator\" content=\"@Infoculpt\" \/>\n<meta name=\"twitter:site\" content=\"@Infoculpt\" \/>\n<meta name=\"twitter:label1\" content=\"Escrito por\" \/>\n\t<meta name=\"twitter:data1\" content=\"Redac\u00e7\u00e3o\" \/>\n\t<meta name=\"twitter:label2\" content=\"Tempo estimado de leitura\" \/>\n\t<meta name=\"twitter:data2\" content=\"3 minutos\" \/>\n<script type=\"application\/ld+json\" class=\"yoast-schema-graph\">{\"@context\":\"https:\\\/\\\/schema.org\",\"@graph\":[{\"@type\":\"Article\",\"@id\":\"https:\\\/\\\/infocul.pt\\\/arquivo\\\/actualidade\\\/discovery-channel-com-programacao-dedicada-a-descoberta-do-universo\\\/#article\",\"isPartOf\":{\"@id\":\"https:\\\/\\\/infocul.pt\\\/arquivo\\\/actualidade\\\/discovery-channel-com-programacao-dedicada-a-descoberta-do-universo\\\/\"},\"author\":{\"name\":\"Redac\u00e7\u00e3o\",\"@id\":\"https:\\\/\\\/infocul.pt\\\/arquivo\\\/#\\\/schema\\\/person\\\/f243f45ae8d67639120a7586884f3abc\"},\"headline\":\"Discovery Channel com programa\u00e7\u00e3o dedicada \u00e0 descoberta do Universo\",\"datePublished\":\"2019-09-26T23:00:07+00:00\",\"mainEntityOfPage\":{\"@id\":\"https:\\\/\\\/infocul.pt\\\/arquivo\\\/actualidade\\\/discovery-channel-com-programacao-dedicada-a-descoberta-do-universo\\\/\"},\"wordCount\":695,\"commentCount\":0,\"publisher\":{\"@id\":\"https:\\\/\\\/infocul.pt\\\/arquivo\\\/#organization\"},\"image\":{\"@id\":\"https:\\\/\\\/infocul.pt\\\/arquivo\\\/actualidade\\\/discovery-channel-com-programacao-dedicada-a-descoberta-do-universo\\\/#primaryimage\"},\"thumbnailUrl\":\"https:\\\/\\\/infocul.pt\\\/arquivo\\\/wp-content\\\/uploads\\\/2019\\\/09\\\/33522_ep105_027.jpg\",\"keywords\":[\"Discovery Channel\"],\"articleSection\":[\"Actualidade\",\"Televis\u00e3o\"],\"inLanguage\":\"pt-PT\"},{\"@type\":\"WebPage\",\"@id\":\"https:\\\/\\\/infocul.pt\\\/arquivo\\\/actualidade\\\/discovery-channel-com-programacao-dedicada-a-descoberta-do-universo\\\/\",\"url\":\"https:\\\/\\\/infocul.pt\\\/arquivo\\\/actualidade\\\/discovery-channel-com-programacao-dedicada-a-descoberta-do-universo\\\/\",\"name\":\"Discovery Channel com programa\u00e7\u00e3o dedicada \u00e0 descoberta do Universo | Infocul.pt - Arquivo Digital\",\"isPartOf\":{\"@id\":\"https:\\\/\\\/infocul.pt\\\/arquivo\\\/#website\"},\"primaryImageOfPage\":{\"@id\":\"https:\\\/\\\/infocul.pt\\\/arquivo\\\/actualidade\\\/discovery-channel-com-programacao-dedicada-a-descoberta-do-universo\\\/#primaryimage\"},\"image\":{\"@id\":\"https:\\\/\\\/infocul.pt\\\/arquivo\\\/actualidade\\\/discovery-channel-com-programacao-dedicada-a-descoberta-do-universo\\\/#primaryimage\"},\"thumbnailUrl\":\"https:\\\/\\\/infocul.pt\\\/arquivo\\\/wp-content\\\/uploads\\\/2019\\\/09\\\/33522_ep105_027.jpg\",\"datePublished\":\"2019-09-26T23:00:07+00:00\",\"description\":\"Discovery Channel com programa\u00e7\u00e3o dedicada \u00e0 descoberta do Universo | Infocul.pt - Arquivo Digital\",\"breadcrumb\":{\"@id\":\"https:\\\/\\\/infocul.pt\\\/arquivo\\\/actualidade\\\/discovery-channel-com-programacao-dedicada-a-descoberta-do-universo\\\/#breadcrumb\"},\"inLanguage\":\"pt-PT\",\"potentialAction\":[{\"@type\":\"ReadAction\",\"target\":[\"https:\\\/\\\/infocul.pt\\\/arquivo\\\/actualidade\\\/discovery-channel-com-programacao-dedicada-a-descoberta-do-universo\\\/\"]}]},{\"@type\":\"ImageObject\",\"inLanguage\":\"pt-PT\",\"@id\":\"https:\\\/\\\/infocul.pt\\\/arquivo\\\/actualidade\\\/discovery-channel-com-programacao-dedicada-a-descoberta-do-universo\\\/#primaryimage\",\"url\":\"https:\\\/\\\/infocul.pt\\\/arquivo\\\/wp-content\\\/uploads\\\/2019\\\/09\\\/33522_ep105_027.jpg\",\"contentUrl\":\"https:\\\/\\\/infocul.pt\\\/arquivo\\\/wp-content\\\/uploads\\\/2019\\\/09\\\/33522_ep105_027.jpg\",\"width\":5867,\"height\":3300},{\"@type\":\"BreadcrumbList\",\"@id\":\"https:\\\/\\\/infocul.pt\\\/arquivo\\\/actualidade\\\/discovery-channel-com-programacao-dedicada-a-descoberta-do-universo\\\/#breadcrumb\",\"itemListElement\":[{\"@type\":\"ListItem\",\"position\":1,\"name\":\"Home\",\"item\":\"https:\\\/\\\/infocul.pt\\\/arquivo\\\/\"},{\"@type\":\"ListItem\",\"position\":2,\"name\":\"Discovery Channel com programa\u00e7\u00e3o dedicada \u00e0 descoberta do Universo\"}]},{\"@type\":\"WebSite\",\"@id\":\"https:\\\/\\\/infocul.pt\\\/arquivo\\\/#website\",\"url\":\"https:\\\/\\\/infocul.pt\\\/arquivo\\\/\",\"name\":\"Infocul.pt - Arquivo Digital\",\"description\":\"Arquivo digital da Infocul.pt\",\"publisher\":{\"@id\":\"https:\\\/\\\/infocul.pt\\\/arquivo\\\/#organization\"},\"potentialAction\":[{\"@type\":\"SearchAction\",\"target\":{\"@type\":\"EntryPoint\",\"urlTemplate\":\"https:\\\/\\\/infocul.pt\\\/arquivo\\\/?s={search_term_string}\"},\"query-input\":{\"@type\":\"PropertyValueSpecification\",\"valueRequired\":true,\"valueName\":\"search_term_string\"}}],\"inLanguage\":\"pt-PT\"},{\"@type\":\"Organization\",\"@id\":\"https:\\\/\\\/infocul.pt\\\/arquivo\\\/#organization\",\"name\":\"Infocul.pt\",\"url\":\"https:\\\/\\\/infocul.pt\\\/arquivo\\\/\",\"logo\":{\"@type\":\"ImageObject\",\"inLanguage\":\"pt-PT\",\"@id\":\"https:\\\/\\\/infocul.pt\\\/arquivo\\\/#\\\/schema\\\/logo\\\/image\\\/\",\"url\":\"https:\\\/\\\/infocul.pt\\\/arquivo\\\/wp-content\\\/uploads\\\/2018\\\/12\\\/Infocul_logo-1.png\",\"contentUrl\":\"https:\\\/\\\/infocul.pt\\\/arquivo\\\/wp-content\\\/uploads\\\/2018\\\/12\\\/Infocul_logo-1.png\",\"width\":800,\"height\":800,\"caption\":\"Infocul.pt\"},\"image\":{\"@id\":\"https:\\\/\\\/infocul.pt\\\/arquivo\\\/#\\\/schema\\\/logo\\\/image\\\/\"},\"sameAs\":[\"https:\\\/\\\/www.facebook.com\\\/Infocul-147816815585015\\\/\",\"https:\\\/\\\/x.com\\\/Infoculpt\",\"http:\\\/\\\/www.pictaram.com\\\/user\\\/infocul.pt\\\/2370423710\",\"https:\\\/\\\/www.youtube.com\\\/channel\\\/UCYEB91AGI9FL9ek2i_IaQAA\"]},{\"@type\":\"Person\",\"@id\":\"https:\\\/\\\/infocul.pt\\\/arquivo\\\/#\\\/schema\\\/person\\\/f243f45ae8d67639120a7586884f3abc\",\"name\":\"Redac\u00e7\u00e3o\",\"image\":{\"@type\":\"ImageObject\",\"inLanguage\":\"pt-PT\",\"@id\":\"https:\\\/\\\/secure.gravatar.com\\\/avatar\\\/151b1b76c598ab5e749407223bd6c1bad4e41c4e95de3c3df83540ebee2deaf8?s=96&d=mm&r=g\",\"url\":\"https:\\\/\\\/secure.gravatar.com\\\/avatar\\\/151b1b76c598ab5e749407223bd6c1bad4e41c4e95de3c3df83540ebee2deaf8?s=96&d=mm&r=g\",\"contentUrl\":\"https:\\\/\\\/secure.gravatar.com\\\/avatar\\\/151b1b76c598ab5e749407223bd6c1bad4e41c4e95de3c3df83540ebee2deaf8?s=96&d=mm&r=g\",\"caption\":\"Redac\u00e7\u00e3o\"}}]}<\/script>\n<!-- \/ Yoast SEO plugin. -->","yoast_head_json":{"title":"Discovery Channel com programa\u00e7\u00e3o dedicada \u00e0 descoberta do Universo | Infocul.pt - Arquivo Digital","description":"Discovery Channel com programa\u00e7\u00e3o dedicada \u00e0 descoberta do Universo | Infocul.pt - Arquivo Digital","robots":{"index":"noindex","follow":"follow","max-snippet":"max-snippet:-1","max-image-preview":"max-image-preview:large","max-video-preview":"max-video-preview:-1"},"og_locale":"pt_PT","og_type":"article","og_title":"Discovery Channel com programa\u00e7\u00e3o dedicada \u00e0 descoberta do Universo | Infocul.pt - Arquivo Digital","og_description":"Discovery Channel com programa\u00e7\u00e3o dedicada \u00e0 descoberta do Universo | Infocul.pt - Arquivo Digital","og_url":"https:\/\/infocul.pt\/arquivo\/actualidade\/discovery-channel-com-programacao-dedicada-a-descoberta-do-universo\/","og_site_name":"Infocul.pt - Arquivo Digital","article_publisher":"https:\/\/www.facebook.com\/Infocul-147816815585015\/","article_published_time":"2019-09-26T23:00:07+00:00","og_image":[{"width":1024,"height":576,"url":"https:\/\/infocul.pt\/arquivo\/wp-content\/uploads\/2019\/09\/33522_ep105_027-1024x576.jpg","type":"image\/jpeg"}],"author":"Redac\u00e7\u00e3o","twitter_card":"summary_large_image","twitter_creator":"@Infoculpt","twitter_site":"@Infoculpt","twitter_misc":{"Escrito por":"Redac\u00e7\u00e3o","Tempo estimado de leitura":"3 minutos"},"schema":{"@context":"https:\/\/schema.org","@graph":[{"@type":"Article","@id":"https:\/\/infocul.pt\/arquivo\/actualidade\/discovery-channel-com-programacao-dedicada-a-descoberta-do-universo\/#article","isPartOf":{"@id":"https:\/\/infocul.pt\/arquivo\/actualidade\/discovery-channel-com-programacao-dedicada-a-descoberta-do-universo\/"},"author":{"name":"Redac\u00e7\u00e3o","@id":"https:\/\/infocul.pt\/arquivo\/#\/schema\/person\/f243f45ae8d67639120a7586884f3abc"},"headline":"Discovery Channel com programa\u00e7\u00e3o dedicada \u00e0 descoberta do Universo","datePublished":"2019-09-26T23:00:07+00:00","mainEntityOfPage":{"@id":"https:\/\/infocul.pt\/arquivo\/actualidade\/discovery-channel-com-programacao-dedicada-a-descoberta-do-universo\/"},"wordCount":695,"commentCount":0,"publisher":{"@id":"https:\/\/infocul.pt\/arquivo\/#organization"},"image":{"@id":"https:\/\/infocul.pt\/arquivo\/actualidade\/discovery-channel-com-programacao-dedicada-a-descoberta-do-universo\/#primaryimage"},"thumbnailUrl":"https:\/\/infocul.pt\/arquivo\/wp-content\/uploads\/2019\/09\/33522_ep105_027.jpg","keywords":["Discovery Channel"],"articleSection":["Actualidade","Televis\u00e3o"],"inLanguage":"pt-PT"},{"@type":"WebPage","@id":"https:\/\/infocul.pt\/arquivo\/actualidade\/discovery-channel-com-programacao-dedicada-a-descoberta-do-universo\/","url":"https:\/\/infocul.pt\/arquivo\/actualidade\/discovery-channel-com-programacao-dedicada-a-descoberta-do-universo\/","name":"Discovery Channel com programa\u00e7\u00e3o dedicada \u00e0 descoberta do Universo | Infocul.pt - Arquivo Digital","isPartOf":{"@id":"https:\/\/infocul.pt\/arquivo\/#website"},"primaryImageOfPage":{"@id":"https:\/\/infocul.pt\/arquivo\/actualidade\/discovery-channel-com-programacao-dedicada-a-descoberta-do-universo\/#primaryimage"},"image":{"@id":"https:\/\/infocul.pt\/arquivo\/actualidade\/discovery-channel-com-programacao-dedicada-a-descoberta-do-universo\/#primaryimage"},"thumbnailUrl":"https:\/\/infocul.pt\/arquivo\/wp-content\/uploads\/2019\/09\/33522_ep105_027.jpg","datePublished":"2019-09-26T23:00:07+00:00","description":"Discovery Channel com programa\u00e7\u00e3o dedicada \u00e0 descoberta do Universo | Infocul.pt - Arquivo Digital","breadcrumb":{"@id":"https:\/\/infocul.pt\/arquivo\/actualidade\/discovery-channel-com-programacao-dedicada-a-descoberta-do-universo\/#breadcrumb"},"inLanguage":"pt-PT","potentialAction":[{"@type":"ReadAction","target":["https:\/\/infocul.pt\/arquivo\/actualidade\/discovery-channel-com-programacao-dedicada-a-descoberta-do-universo\/"]}]},{"@type":"ImageObject","inLanguage":"pt-PT","@id":"https:\/\/infocul.pt\/arquivo\/actualidade\/discovery-channel-com-programacao-dedicada-a-descoberta-do-universo\/#primaryimage","url":"https:\/\/infocul.pt\/arquivo\/wp-content\/uploads\/2019\/09\/33522_ep105_027.jpg","contentUrl":"https:\/\/infocul.pt\/arquivo\/wp-content\/uploads\/2019\/09\/33522_ep105_027.jpg","width":5867,"height":3300},{"@type":"BreadcrumbList","@id":"https:\/\/infocul.pt\/arquivo\/actualidade\/discovery-channel-com-programacao-dedicada-a-descoberta-do-universo\/#breadcrumb","itemListElement":[{"@type":"ListItem","position":1,"name":"Home","item":"https:\/\/infocul.pt\/arquivo\/"},{"@type":"ListItem","position":2,"name":"Discovery Channel com programa\u00e7\u00e3o dedicada \u00e0 descoberta do Universo"}]},{"@type":"WebSite","@id":"https:\/\/infocul.pt\/arquivo\/#website","url":"https:\/\/infocul.pt\/arquivo\/","name":"Infocul.pt - Arquivo Digital","description":"Arquivo digital da Infocul.pt","publisher":{"@id":"https:\/\/infocul.pt\/arquivo\/#organization"},"potentialAction":[{"@type":"SearchAction","target":{"@type":"EntryPoint","urlTemplate":"https:\/\/infocul.pt\/arquivo\/?s={search_term_string}"},"query-input":{"@type":"PropertyValueSpecification","valueRequired":true,"valueName":"search_term_string"}}],"inLanguage":"pt-PT"},{"@type":"Organization","@id":"https:\/\/infocul.pt\/arquivo\/#organization","name":"Infocul.pt","url":"https:\/\/infocul.pt\/arquivo\/","logo":{"@type":"ImageObject","inLanguage":"pt-PT","@id":"https:\/\/infocul.pt\/arquivo\/#\/schema\/logo\/image\/","url":"https:\/\/infocul.pt\/arquivo\/wp-content\/uploads\/2018\/12\/Infocul_logo-1.png","contentUrl":"https:\/\/infocul.pt\/arquivo\/wp-content\/uploads\/2018\/12\/Infocul_logo-1.png","width":800,"height":800,"caption":"Infocul.pt"},"image":{"@id":"https:\/\/infocul.pt\/arquivo\/#\/schema\/logo\/image\/"},"sameAs":["https:\/\/www.facebook.com\/Infocul-147816815585015\/","https:\/\/x.com\/Infoculpt","http:\/\/www.pictaram.com\/user\/infocul.pt\/2370423710","https:\/\/www.youtube.com\/channel\/UCYEB91AGI9FL9ek2i_IaQAA"]},{"@type":"Person","@id":"https:\/\/infocul.pt\/arquivo\/#\/schema\/person\/f243f45ae8d67639120a7586884f3abc","name":"Redac\u00e7\u00e3o","image":{"@type":"ImageObject","inLanguage":"pt-PT","@id":"https:\/\/secure.gravatar.com\/avatar\/151b1b76c598ab5e749407223bd6c1bad4e41c4e95de3c3df83540ebee2deaf8?s=96&d=mm&r=g","url":"https:\/\/secure.gravatar.com\/avatar\/151b1b76c598ab5e749407223bd6c1bad4e41c4e95de3c3df83540ebee2deaf8?s=96&d=mm&r=g","contentUrl":"https:\/\/secure.gravatar.com\/avatar\/151b1b76c598ab5e749407223bd6c1bad4e41c4e95de3c3df83540ebee2deaf8?s=96&d=mm&r=g","caption":"Redac\u00e7\u00e3o"}}]}},"_links":{"self":[{"href":"https:\/\/infocul.pt\/arquivo\/wp-json\/wp\/v2\/posts\/60173","targetHints":{"allow":["GET"]}}],"collection":[{"href":"https:\/\/infocul.pt\/arquivo\/wp-json\/wp\/v2\/posts"}],"about":[{"href":"https:\/\/infocul.pt\/arquivo\/wp-json\/wp\/v2\/types\/post"}],"author":[{"embeddable":true,"href":"https:\/\/infocul.pt\/arquivo\/wp-json\/wp\/v2\/users\/13"}],"replies":[{"embeddable":true,"href":"https:\/\/infocul.pt\/arquivo\/wp-json\/wp\/v2\/comments?post=60173"}],"version-history":[{"count":0,"href":"https:\/\/infocul.pt\/arquivo\/wp-json\/wp\/v2\/posts\/60173\/revisions"}],"wp:featuredmedia":[{"embeddable":true,"href":"https:\/\/infocul.pt\/arquivo\/wp-json\/wp\/v2\/media\/60174"}],"wp:attachment":[{"href":"https:\/\/infocul.pt\/arquivo\/wp-json\/wp\/v2\/media?parent=60173"}],"wp:term":[{"taxonomy":"category","embeddable":true,"href":"https:\/\/infocul.pt\/arquivo\/wp-json\/wp\/v2\/categories?post=60173"},{"taxonomy":"post_tag","embeddable":true,"href":"https:\/\/infocul.pt\/arquivo\/wp-json\/wp\/v2\/tags?post=60173"}],"curies":[{"name":"wp","href":"https:\/\/api.w.org\/{rel}","templated":true}]}}