{"id":60176,"date":"2019-09-24T00:00:57","date_gmt":"2019-09-23T23:00:57","guid":{"rendered":"https:\/\/infocul.pt\/?p=60176"},"modified":"2019-09-23T12:00:03","modified_gmt":"2019-09-23T11:00:03","slug":"sara-correia-no-santa-casa-alfama-para-mim-e-sem-sombra-de-duvida-o-bairro-que-respira-fado","status":"publish","type":"post","link":"https:\/\/infocul.pt\/arquivo\/cultura\/sara-correia-no-santa-casa-alfama-para-mim-e-sem-sombra-de-duvida-o-bairro-que-respira-fado\/","title":{"rendered":"Sara Correia no Santa Casa Alfama: &#8220;Para mim \u00e9 sem sombra de d\u00favida o bairro que respira fado&#8221;"},"content":{"rendered":"<p><img decoding=\"async\" class=\"aligncenter wp-image-46439 size-full lazyload\" data-src=\"https:\/\/infocul.pt\/arquivo\/wp-content\/uploads\/2018\/09\/sara-correia.png\" alt=\"\" width=\"642\" height=\"321\" data-srcset=\"https:\/\/infocul.pt\/arquivo\/wp-content\/uploads\/2018\/09\/sara-correia.png 642w, https:\/\/infocul.pt\/arquivo\/wp-content\/uploads\/2018\/09\/sara-correia-300x150.png 300w\" data-sizes=\"(max-width: 642px) 100vw, 642px\" src=\"data:image\/svg+xml;base64,PHN2ZyB3aWR0aD0iMSIgaGVpZ2h0PSIxIiB4bWxucz0iaHR0cDovL3d3dy53My5vcmcvMjAwMC9zdmciPjwvc3ZnPg==\" style=\"--smush-placeholder-width: 642px; --smush-placeholder-aspect-ratio: 642\/321;\" \/><\/p>\n<p>&nbsp;<\/p>\n<p>&nbsp;<\/p>\n<p>Este ano cabe a Sara Correia <a href=\"https:\/\/infocul.pt\/arquivo\/cultura\/conheca-os-horarios-dos-concertos-no-santa-casa-alfama\/\" target=\"_blank\" rel=\"noopener noreferrer\">abrir as actua\u00e7\u00f5es no Palco Santa Casa<\/a>, na 7\u00aa edi\u00e7\u00e3o do festival Santa Casa Alfama.<!--more--><\/p>\n<p>A fadista, que \u00e9 das melhores int\u00e9rpretes da sua gera\u00e7\u00e3o, concedeu entrevista ao Infocul para falar sobre o espect\u00e1culo, sobre a import\u00e2ncia deste festival&#8230;e anunciar um novo disco para 2020.<\/p>\n<p><i>Sara, actuar no principal palco do Santa Casa Alfama \u00e9 uma responsabilidade ou uma motiva\u00e7\u00e3o?<\/i><\/p>\n<p><i><b>\u00c9 uma grande motiva\u00e7\u00e3o e uma grande responsabilidade, ser\u00e1 a minha quinta ou sexta vez a actuar neste grande festival de fado e \u00e9 sempre um prazer enorme. Este ano terei a oportunidade de apresentar o meu \u00e1lbum de estreia no palco principal e estou bastante feliz.<\/b><\/i><\/p>\n<p><i>Como tem sido a aceita\u00e7\u00e3o do p\u00fablico a este seu disco? <\/i><\/p>\n<p><i><b>Tem sido incr\u00edvel. Todo este percurso com o meu \u00e1lbum, creio que tem sido bem aceite e espero que assim continue, e que possa sempre partilhar o nosso fado. Aqui em Portugal e al\u00e9m fronteiras.<\/b><\/i><\/p>\n<p><i>Para este espect\u00e1culo, j\u00e1 nos pode revelar quem a acompanhar\u00e1 em palco?<\/i><\/p>\n<p><i><b>Vou levar comigo a minha equipa que me tem acompanhado no percurso deste \u00e1lbum \u201cSara Correia\u201d. \u00c2ngelo Freire na guitarra portuguesa, Diogo Clemente na viola de fado, na bateria o Vicky Marques e no baixo o Marino de Freitas.<\/b><\/i><\/p>\n<p><i>O p\u00fablico fadista, e o pr\u00f3prio meio, sempre teve grandes expectativas sobre si. Isso alguma vez a influenciou? <\/i><\/p>\n<p><i><b>Claro que sim, mentiria se dissesse o contr\u00e1rio. Sempre fui acarinhada no meio fadista e pelo p\u00fablico, n\u00e3o posso estar mais agradecida, porque esta Sara \u00e9 feita disso mesmo.<\/b><\/i><\/p>\n<p><i>Qual a import\u00e2ncia deste festival ir j\u00e1 na sua 7\u00aa edi\u00e7\u00e3o e realizar-se num dos bairros mais carism\u00e1ticos de Lisboa? <\/i><\/p>\n<p><i><b>Sempre cantei em Alfama, para mim \u00e9 sem sombra de d\u00favida o bairro que respira fado. \u00c9 sempre uma prazer e um orgulho enorme cantar em Alfama, foi onde comecei a dar os primeiros passos no fado.<\/b><\/i><\/p>\n<p><i>H\u00e1 quem diga que o Fado \u00e9 de Lisboa. Actuar na capital d\u00e1 mais responsabilidade? <\/i><\/p>\n<p><i><b>Adoro cantar em Lisboa ! Muito mesmo! Mas sim, ser\u00e1 sempre uma grande responsabilidade porque \u00e9 a minha cidade, d\u00e1 sempre aquele friozinho na barriga.<\/b><\/i><\/p>\n<p><i>A Sara tem actuado, quer em Portugal quer no estrangeiro, em v\u00e1rias localidades. H\u00e1 uma prepara\u00e7\u00e3o diferente, por exemplo, quando se actua em localidades mais pequenas? H\u00e1 um outro cuidado na abordagem ao p\u00fablico? <\/i><\/p>\n<p><i><b>Este concerto est\u00e1 montado para chegar a qualquer p\u00fablico, mas o fado tradicional n\u00e3o pode sair da regra, sendo que as pessoas em geral gostam do fado tradicional. Tamb\u00e9m \u00e9 algo que se sente em palco a energia.<\/b><\/i><\/p>\n<p><i>Como define o seu percurso at\u00e9 ao momento e quais os objectivos a curto\/m\u00e9dio prazo? <\/i><\/p>\n<p><i><b>Continuar o meu percurso a fazer o que me gosto, ainda tenho alguns concertos at\u00e9 o final do ano com o disco \u201cSara Correia \u201c, mas j\u00e1 estamos a preparar um novo \u00e1lbum para o pr\u00f3ximo ano. <\/b><\/i><\/p>\n<p><i>J\u00e1 pensa noutro disco? <\/i><\/p>\n<p><i><b>Sim!Estou a preparar outro disco para sair no pr\u00f3ximo ano, mas ainda h\u00e1 muito coisa para preparar&#8230;<\/b><\/i><\/p>\n<p><i>Para o Santa Casa Alfama j\u00e1 tem ideia do espect\u00e1culo que ir\u00e1 apresentar? O que nos pode revelar? <\/i><\/p>\n<p><i><b>Vou apresentar o meu \u00e1lbum de estreia e fados que me t\u00eam acompanhado at\u00e9 hoje no meu percurso e dar todo o fado que tenho em mim e ainda para mais em Alfama que eu tanto estimo.<\/b><\/i><\/p>\n<p><i>Qual a mensagem que deixa aos nossos leitores? <\/i><\/p>\n<p><i><b>Conto com todos voc\u00eas no dia 27 de Setembro no Santa Casa Alfama. Viva o nosso fado!<\/b><\/i><\/p>\n","protected":false},"excerpt":{"rendered":"<p>&nbsp; &nbsp; Este ano cabe a Sara Correia abrir as actua\u00e7\u00f5es no Palco Santa Casa, na 7\u00aa edi\u00e7\u00e3o do festival Santa Casa Alfama.<\/p>\n","protected":false},"author":2,"featured_media":46439,"comment_status":"open","ping_status":"closed","sticky":false,"template":"","format":"standard","meta":{"footnotes":""},"categories":[3,2,36,4124],"tags":[42,4133,80,4167,457],"class_list":["post-60176","post","type-post","status-publish","format-standard","has-post-thumbnail","hentry","category-concertos","category-cultura","category-destaque","category-entrevistas","tag-fado","tag-festival","tag-lisboa","tag-santa-casa-alfama","tag-sara-correia"],"yoast_head":"<!-- This site is optimized with the Yoast SEO plugin v27.5 - https:\/\/yoast.com\/product\/yoast-seo-wordpress\/ -->\n<title>Sara Correia no Santa Casa Alfama: &quot;Para mim \u00e9 sem sombra de d\u00favida o bairro que respira fado&quot; | Infocul.pt - Arquivo Digital<\/title>\n<meta name=\"description\" content=\"Sara Correia no Santa Casa Alfama: &quot;Para mim \u00e9 sem sombra de d\u00favida o bairro que respira fado&quot; | Infocul.pt - Arquivo Digital\" \/>\n<meta name=\"robots\" content=\"noindex, follow, max-snippet:-1, max-image-preview:large, max-video-preview:-1\" \/>\n<meta property=\"og:locale\" content=\"pt_PT\" \/>\n<meta property=\"og:type\" content=\"article\" \/>\n<meta property=\"og:title\" content=\"Sara Correia no Santa Casa Alfama: &quot;Para mim \u00e9 sem sombra de d\u00favida o bairro que respira fado&quot; | Infocul.pt - Arquivo Digital\" \/>\n<meta property=\"og:description\" content=\"Sara Correia no Santa Casa Alfama: &quot;Para mim \u00e9 sem sombra de d\u00favida o bairro que respira fado&quot; | Infocul.pt - Arquivo Digital\" \/>\n<meta property=\"og:url\" content=\"https:\/\/infocul.pt\/arquivo\/cultura\/sara-correia-no-santa-casa-alfama-para-mim-e-sem-sombra-de-duvida-o-bairro-que-respira-fado\/\" \/>\n<meta property=\"og:site_name\" content=\"Infocul.pt - Arquivo Digital\" \/>\n<meta property=\"article:publisher\" content=\"https:\/\/www.facebook.com\/Infocul-147816815585015\/\" \/>\n<meta property=\"article:published_time\" content=\"2019-09-23T23:00:57+00:00\" \/>\n<meta property=\"og:image\" content=\"https:\/\/infocul.pt\/arquivo\/wp-content\/uploads\/2018\/09\/sara-correia.png\" \/>\n\t<meta property=\"og:image:width\" content=\"642\" \/>\n\t<meta property=\"og:image:height\" content=\"321\" \/>\n\t<meta property=\"og:image:type\" content=\"image\/png\" \/>\n<meta name=\"author\" content=\"Rui Lavrador\" \/>\n<meta name=\"twitter:card\" content=\"summary_large_image\" \/>\n<meta name=\"twitter:creator\" content=\"@Infoculpt\" \/>\n<meta name=\"twitter:site\" content=\"@Infoculpt\" \/>\n<meta name=\"twitter:label1\" content=\"Escrito por\" \/>\n\t<meta name=\"twitter:data1\" content=\"Rui Lavrador\" \/>\n\t<meta name=\"twitter:label2\" content=\"Tempo estimado de leitura\" \/>\n\t<meta name=\"twitter:data2\" content=\"3 minutos\" \/>\n<script type=\"application\/ld+json\" class=\"yoast-schema-graph\">{\"@context\":\"https:\\\/\\\/schema.org\",\"@graph\":[{\"@type\":\"Article\",\"@id\":\"https:\\\/\\\/infocul.pt\\\/arquivo\\\/cultura\\\/sara-correia-no-santa-casa-alfama-para-mim-e-sem-sombra-de-duvida-o-bairro-que-respira-fado\\\/#article\",\"isPartOf\":{\"@id\":\"https:\\\/\\\/infocul.pt\\\/arquivo\\\/cultura\\\/sara-correia-no-santa-casa-alfama-para-mim-e-sem-sombra-de-duvida-o-bairro-que-respira-fado\\\/\"},\"author\":{\"name\":\"Rui Lavrador\",\"@id\":\"https:\\\/\\\/infocul.pt\\\/arquivo\\\/#\\\/schema\\\/person\\\/060a108d7f2d85fc6aae505119ee5234\"},\"headline\":\"Sara Correia no Santa Casa Alfama: &#8220;Para mim \u00e9 sem sombra de d\u00favida o bairro que respira fado&#8221;\",\"datePublished\":\"2019-09-23T23:00:57+00:00\",\"mainEntityOfPage\":{\"@id\":\"https:\\\/\\\/infocul.pt\\\/arquivo\\\/cultura\\\/sara-correia-no-santa-casa-alfama-para-mim-e-sem-sombra-de-duvida-o-bairro-que-respira-fado\\\/\"},\"wordCount\":620,\"commentCount\":0,\"publisher\":{\"@id\":\"https:\\\/\\\/infocul.pt\\\/arquivo\\\/#organization\"},\"image\":{\"@id\":\"https:\\\/\\\/infocul.pt\\\/arquivo\\\/cultura\\\/sara-correia-no-santa-casa-alfama-para-mim-e-sem-sombra-de-duvida-o-bairro-que-respira-fado\\\/#primaryimage\"},\"thumbnailUrl\":\"https:\\\/\\\/infocul.pt\\\/arquivo\\\/wp-content\\\/uploads\\\/2018\\\/09\\\/sara-correia.png\",\"keywords\":[\"Fado\",\"Festival\",\"Lisboa\",\"Santa Casa Alfama\",\"Sara Correia\"],\"articleSection\":[\"Concertos\",\"Cultura\",\"Destaque\",\"Entrevistas\"],\"inLanguage\":\"pt-PT\"},{\"@type\":\"WebPage\",\"@id\":\"https:\\\/\\\/infocul.pt\\\/arquivo\\\/cultura\\\/sara-correia-no-santa-casa-alfama-para-mim-e-sem-sombra-de-duvida-o-bairro-que-respira-fado\\\/\",\"url\":\"https:\\\/\\\/infocul.pt\\\/arquivo\\\/cultura\\\/sara-correia-no-santa-casa-alfama-para-mim-e-sem-sombra-de-duvida-o-bairro-que-respira-fado\\\/\",\"name\":\"Sara Correia no Santa Casa Alfama: \\\"Para mim \u00e9 sem sombra de d\u00favida o bairro que respira fado\\\" | Infocul.pt - Arquivo Digital\",\"isPartOf\":{\"@id\":\"https:\\\/\\\/infocul.pt\\\/arquivo\\\/#website\"},\"primaryImageOfPage\":{\"@id\":\"https:\\\/\\\/infocul.pt\\\/arquivo\\\/cultura\\\/sara-correia-no-santa-casa-alfama-para-mim-e-sem-sombra-de-duvida-o-bairro-que-respira-fado\\\/#primaryimage\"},\"image\":{\"@id\":\"https:\\\/\\\/infocul.pt\\\/arquivo\\\/cultura\\\/sara-correia-no-santa-casa-alfama-para-mim-e-sem-sombra-de-duvida-o-bairro-que-respira-fado\\\/#primaryimage\"},\"thumbnailUrl\":\"https:\\\/\\\/infocul.pt\\\/arquivo\\\/wp-content\\\/uploads\\\/2018\\\/09\\\/sara-correia.png\",\"datePublished\":\"2019-09-23T23:00:57+00:00\",\"description\":\"Sara Correia no Santa Casa Alfama: \\\"Para mim \u00e9 sem sombra de d\u00favida o bairro que respira fado\\\" | Infocul.pt - Arquivo Digital\",\"breadcrumb\":{\"@id\":\"https:\\\/\\\/infocul.pt\\\/arquivo\\\/cultura\\\/sara-correia-no-santa-casa-alfama-para-mim-e-sem-sombra-de-duvida-o-bairro-que-respira-fado\\\/#breadcrumb\"},\"inLanguage\":\"pt-PT\",\"potentialAction\":[{\"@type\":\"ReadAction\",\"target\":[\"https:\\\/\\\/infocul.pt\\\/arquivo\\\/cultura\\\/sara-correia-no-santa-casa-alfama-para-mim-e-sem-sombra-de-duvida-o-bairro-que-respira-fado\\\/\"]}]},{\"@type\":\"ImageObject\",\"inLanguage\":\"pt-PT\",\"@id\":\"https:\\\/\\\/infocul.pt\\\/arquivo\\\/cultura\\\/sara-correia-no-santa-casa-alfama-para-mim-e-sem-sombra-de-duvida-o-bairro-que-respira-fado\\\/#primaryimage\",\"url\":\"https:\\\/\\\/infocul.pt\\\/arquivo\\\/wp-content\\\/uploads\\\/2018\\\/09\\\/sara-correia.png\",\"contentUrl\":\"https:\\\/\\\/infocul.pt\\\/arquivo\\\/wp-content\\\/uploads\\\/2018\\\/09\\\/sara-correia.png\",\"width\":642,\"height\":321},{\"@type\":\"BreadcrumbList\",\"@id\":\"https:\\\/\\\/infocul.pt\\\/arquivo\\\/cultura\\\/sara-correia-no-santa-casa-alfama-para-mim-e-sem-sombra-de-duvida-o-bairro-que-respira-fado\\\/#breadcrumb\",\"itemListElement\":[{\"@type\":\"ListItem\",\"position\":1,\"name\":\"Home\",\"item\":\"https:\\\/\\\/infocul.pt\\\/arquivo\\\/\"},{\"@type\":\"ListItem\",\"position\":2,\"name\":\"Sara Correia no Santa Casa Alfama: &#8220;Para mim \u00e9 sem sombra de d\u00favida o bairro que respira fado&#8221;\"}]},{\"@type\":\"WebSite\",\"@id\":\"https:\\\/\\\/infocul.pt\\\/arquivo\\\/#website\",\"url\":\"https:\\\/\\\/infocul.pt\\\/arquivo\\\/\",\"name\":\"Infocul.pt - Arquivo Digital\",\"description\":\"Arquivo digital da Infocul.pt\",\"publisher\":{\"@id\":\"https:\\\/\\\/infocul.pt\\\/arquivo\\\/#organization\"},\"potentialAction\":[{\"@type\":\"SearchAction\",\"target\":{\"@type\":\"EntryPoint\",\"urlTemplate\":\"https:\\\/\\\/infocul.pt\\\/arquivo\\\/?s={search_term_string}\"},\"query-input\":{\"@type\":\"PropertyValueSpecification\",\"valueRequired\":true,\"valueName\":\"search_term_string\"}}],\"inLanguage\":\"pt-PT\"},{\"@type\":\"Organization\",\"@id\":\"https:\\\/\\\/infocul.pt\\\/arquivo\\\/#organization\",\"name\":\"Infocul.pt\",\"url\":\"https:\\\/\\\/infocul.pt\\\/arquivo\\\/\",\"logo\":{\"@type\":\"ImageObject\",\"inLanguage\":\"pt-PT\",\"@id\":\"https:\\\/\\\/infocul.pt\\\/arquivo\\\/#\\\/schema\\\/logo\\\/image\\\/\",\"url\":\"https:\\\/\\\/infocul.pt\\\/arquivo\\\/wp-content\\\/uploads\\\/2018\\\/12\\\/Infocul_logo-1.png\",\"contentUrl\":\"https:\\\/\\\/infocul.pt\\\/arquivo\\\/wp-content\\\/uploads\\\/2018\\\/12\\\/Infocul_logo-1.png\",\"width\":800,\"height\":800,\"caption\":\"Infocul.pt\"},\"image\":{\"@id\":\"https:\\\/\\\/infocul.pt\\\/arquivo\\\/#\\\/schema\\\/logo\\\/image\\\/\"},\"sameAs\":[\"https:\\\/\\\/www.facebook.com\\\/Infocul-147816815585015\\\/\",\"https:\\\/\\\/x.com\\\/Infoculpt\",\"http:\\\/\\\/www.pictaram.com\\\/user\\\/infocul.pt\\\/2370423710\",\"https:\\\/\\\/www.youtube.com\\\/channel\\\/UCYEB91AGI9FL9ek2i_IaQAA\"]},{\"@type\":\"Person\",\"@id\":\"https:\\\/\\\/infocul.pt\\\/arquivo\\\/#\\\/schema\\\/person\\\/060a108d7f2d85fc6aae505119ee5234\",\"name\":\"Rui Lavrador\",\"image\":{\"@type\":\"ImageObject\",\"inLanguage\":\"pt-PT\",\"@id\":\"https:\\\/\\\/secure.gravatar.com\\\/avatar\\\/93febd6873394aa8e975148548a0cb203acfdd42d2c85c5f1408e1a76678aece?s=96&d=mm&r=g\",\"url\":\"https:\\\/\\\/secure.gravatar.com\\\/avatar\\\/93febd6873394aa8e975148548a0cb203acfdd42d2c85c5f1408e1a76678aece?s=96&d=mm&r=g\",\"contentUrl\":\"https:\\\/\\\/secure.gravatar.com\\\/avatar\\\/93febd6873394aa8e975148548a0cb203acfdd42d2c85c5f1408e1a76678aece?s=96&d=mm&r=g\",\"caption\":\"Rui Lavrador\"},\"description\":\"Iniciou em 2011 o seu percurso em comunica\u00e7\u00e3o social, tendo integrado v\u00e1rios projectos editoriais. Durante o seu percurso integrou projectos como Jornal Hardm\u00fasica, LusoNot\u00edcias, Toureio.pt, ODigital.pt, entre outros \u00d3rg\u00e3os de Comunica\u00e7\u00e3o Social nacionais, na redac\u00e7\u00e3o de v\u00e1rios artigos. Entrevistou a grande maioria das personalidades mais importantes da vida social e cultural do pa\u00eds, destacando-se, tamb\u00e9m, na aprecia\u00e7\u00e3o de v\u00e1rios espect\u00e1culos. Durante o seu percurso, deu a conhecer v\u00e1rios artistas, at\u00e9 ent\u00e3o desconhecidos, ao grande p\u00fablico. Em 2015 criou e fundou o Infocul.pt, projecto no qual assume a direc\u00e7\u00e3o editorial.\",\"sameAs\":[\"http:\\\/\\\/www.infocul.pt\"]}]}<\/script>\n<!-- \/ Yoast SEO plugin. -->","yoast_head_json":{"title":"Sara Correia no Santa Casa Alfama: \"Para mim \u00e9 sem sombra de d\u00favida o bairro que respira fado\" | Infocul.pt - Arquivo Digital","description":"Sara Correia no Santa Casa Alfama: \"Para mim \u00e9 sem sombra de d\u00favida o bairro que respira fado\" | Infocul.pt - Arquivo Digital","robots":{"index":"noindex","follow":"follow","max-snippet":"max-snippet:-1","max-image-preview":"max-image-preview:large","max-video-preview":"max-video-preview:-1"},"og_locale":"pt_PT","og_type":"article","og_title":"Sara Correia no Santa Casa Alfama: \"Para mim \u00e9 sem sombra de d\u00favida o bairro que respira fado\" | Infocul.pt - Arquivo Digital","og_description":"Sara Correia no Santa Casa Alfama: \"Para mim \u00e9 sem sombra de d\u00favida o bairro que respira fado\" | Infocul.pt - Arquivo Digital","og_url":"https:\/\/infocul.pt\/arquivo\/cultura\/sara-correia-no-santa-casa-alfama-para-mim-e-sem-sombra-de-duvida-o-bairro-que-respira-fado\/","og_site_name":"Infocul.pt - Arquivo Digital","article_publisher":"https:\/\/www.facebook.com\/Infocul-147816815585015\/","article_published_time":"2019-09-23T23:00:57+00:00","og_image":[{"width":642,"height":321,"url":"https:\/\/infocul.pt\/arquivo\/wp-content\/uploads\/2018\/09\/sara-correia.png","type":"image\/png"}],"author":"Rui Lavrador","twitter_card":"summary_large_image","twitter_creator":"@Infoculpt","twitter_site":"@Infoculpt","twitter_misc":{"Escrito por":"Rui Lavrador","Tempo estimado de leitura":"3 minutos"},"schema":{"@context":"https:\/\/schema.org","@graph":[{"@type":"Article","@id":"https:\/\/infocul.pt\/arquivo\/cultura\/sara-correia-no-santa-casa-alfama-para-mim-e-sem-sombra-de-duvida-o-bairro-que-respira-fado\/#article","isPartOf":{"@id":"https:\/\/infocul.pt\/arquivo\/cultura\/sara-correia-no-santa-casa-alfama-para-mim-e-sem-sombra-de-duvida-o-bairro-que-respira-fado\/"},"author":{"name":"Rui Lavrador","@id":"https:\/\/infocul.pt\/arquivo\/#\/schema\/person\/060a108d7f2d85fc6aae505119ee5234"},"headline":"Sara Correia no Santa Casa Alfama: &#8220;Para mim \u00e9 sem sombra de d\u00favida o bairro que respira fado&#8221;","datePublished":"2019-09-23T23:00:57+00:00","mainEntityOfPage":{"@id":"https:\/\/infocul.pt\/arquivo\/cultura\/sara-correia-no-santa-casa-alfama-para-mim-e-sem-sombra-de-duvida-o-bairro-que-respira-fado\/"},"wordCount":620,"commentCount":0,"publisher":{"@id":"https:\/\/infocul.pt\/arquivo\/#organization"},"image":{"@id":"https:\/\/infocul.pt\/arquivo\/cultura\/sara-correia-no-santa-casa-alfama-para-mim-e-sem-sombra-de-duvida-o-bairro-que-respira-fado\/#primaryimage"},"thumbnailUrl":"https:\/\/infocul.pt\/arquivo\/wp-content\/uploads\/2018\/09\/sara-correia.png","keywords":["Fado","Festival","Lisboa","Santa Casa Alfama","Sara Correia"],"articleSection":["Concertos","Cultura","Destaque","Entrevistas"],"inLanguage":"pt-PT"},{"@type":"WebPage","@id":"https:\/\/infocul.pt\/arquivo\/cultura\/sara-correia-no-santa-casa-alfama-para-mim-e-sem-sombra-de-duvida-o-bairro-que-respira-fado\/","url":"https:\/\/infocul.pt\/arquivo\/cultura\/sara-correia-no-santa-casa-alfama-para-mim-e-sem-sombra-de-duvida-o-bairro-que-respira-fado\/","name":"Sara Correia no Santa Casa Alfama: \"Para mim \u00e9 sem sombra de d\u00favida o bairro que respira fado\" | Infocul.pt - Arquivo Digital","isPartOf":{"@id":"https:\/\/infocul.pt\/arquivo\/#website"},"primaryImageOfPage":{"@id":"https:\/\/infocul.pt\/arquivo\/cultura\/sara-correia-no-santa-casa-alfama-para-mim-e-sem-sombra-de-duvida-o-bairro-que-respira-fado\/#primaryimage"},"image":{"@id":"https:\/\/infocul.pt\/arquivo\/cultura\/sara-correia-no-santa-casa-alfama-para-mim-e-sem-sombra-de-duvida-o-bairro-que-respira-fado\/#primaryimage"},"thumbnailUrl":"https:\/\/infocul.pt\/arquivo\/wp-content\/uploads\/2018\/09\/sara-correia.png","datePublished":"2019-09-23T23:00:57+00:00","description":"Sara Correia no Santa Casa Alfama: \"Para mim \u00e9 sem sombra de d\u00favida o bairro que respira fado\" | Infocul.pt - Arquivo Digital","breadcrumb":{"@id":"https:\/\/infocul.pt\/arquivo\/cultura\/sara-correia-no-santa-casa-alfama-para-mim-e-sem-sombra-de-duvida-o-bairro-que-respira-fado\/#breadcrumb"},"inLanguage":"pt-PT","potentialAction":[{"@type":"ReadAction","target":["https:\/\/infocul.pt\/arquivo\/cultura\/sara-correia-no-santa-casa-alfama-para-mim-e-sem-sombra-de-duvida-o-bairro-que-respira-fado\/"]}]},{"@type":"ImageObject","inLanguage":"pt-PT","@id":"https:\/\/infocul.pt\/arquivo\/cultura\/sara-correia-no-santa-casa-alfama-para-mim-e-sem-sombra-de-duvida-o-bairro-que-respira-fado\/#primaryimage","url":"https:\/\/infocul.pt\/arquivo\/wp-content\/uploads\/2018\/09\/sara-correia.png","contentUrl":"https:\/\/infocul.pt\/arquivo\/wp-content\/uploads\/2018\/09\/sara-correia.png","width":642,"height":321},{"@type":"BreadcrumbList","@id":"https:\/\/infocul.pt\/arquivo\/cultura\/sara-correia-no-santa-casa-alfama-para-mim-e-sem-sombra-de-duvida-o-bairro-que-respira-fado\/#breadcrumb","itemListElement":[{"@type":"ListItem","position":1,"name":"Home","item":"https:\/\/infocul.pt\/arquivo\/"},{"@type":"ListItem","position":2,"name":"Sara Correia no Santa Casa Alfama: &#8220;Para mim \u00e9 sem sombra de d\u00favida o bairro que respira fado&#8221;"}]},{"@type":"WebSite","@id":"https:\/\/infocul.pt\/arquivo\/#website","url":"https:\/\/infocul.pt\/arquivo\/","name":"Infocul.pt - Arquivo Digital","description":"Arquivo digital da Infocul.pt","publisher":{"@id":"https:\/\/infocul.pt\/arquivo\/#organization"},"potentialAction":[{"@type":"SearchAction","target":{"@type":"EntryPoint","urlTemplate":"https:\/\/infocul.pt\/arquivo\/?s={search_term_string}"},"query-input":{"@type":"PropertyValueSpecification","valueRequired":true,"valueName":"search_term_string"}}],"inLanguage":"pt-PT"},{"@type":"Organization","@id":"https:\/\/infocul.pt\/arquivo\/#organization","name":"Infocul.pt","url":"https:\/\/infocul.pt\/arquivo\/","logo":{"@type":"ImageObject","inLanguage":"pt-PT","@id":"https:\/\/infocul.pt\/arquivo\/#\/schema\/logo\/image\/","url":"https:\/\/infocul.pt\/arquivo\/wp-content\/uploads\/2018\/12\/Infocul_logo-1.png","contentUrl":"https:\/\/infocul.pt\/arquivo\/wp-content\/uploads\/2018\/12\/Infocul_logo-1.png","width":800,"height":800,"caption":"Infocul.pt"},"image":{"@id":"https:\/\/infocul.pt\/arquivo\/#\/schema\/logo\/image\/"},"sameAs":["https:\/\/www.facebook.com\/Infocul-147816815585015\/","https:\/\/x.com\/Infoculpt","http:\/\/www.pictaram.com\/user\/infocul.pt\/2370423710","https:\/\/www.youtube.com\/channel\/UCYEB91AGI9FL9ek2i_IaQAA"]},{"@type":"Person","@id":"https:\/\/infocul.pt\/arquivo\/#\/schema\/person\/060a108d7f2d85fc6aae505119ee5234","name":"Rui Lavrador","image":{"@type":"ImageObject","inLanguage":"pt-PT","@id":"https:\/\/secure.gravatar.com\/avatar\/93febd6873394aa8e975148548a0cb203acfdd42d2c85c5f1408e1a76678aece?s=96&d=mm&r=g","url":"https:\/\/secure.gravatar.com\/avatar\/93febd6873394aa8e975148548a0cb203acfdd42d2c85c5f1408e1a76678aece?s=96&d=mm&r=g","contentUrl":"https:\/\/secure.gravatar.com\/avatar\/93febd6873394aa8e975148548a0cb203acfdd42d2c85c5f1408e1a76678aece?s=96&d=mm&r=g","caption":"Rui Lavrador"},"description":"Iniciou em 2011 o seu percurso em comunica\u00e7\u00e3o social, tendo integrado v\u00e1rios projectos editoriais. Durante o seu percurso integrou projectos como Jornal Hardm\u00fasica, LusoNot\u00edcias, Toureio.pt, ODigital.pt, entre outros \u00d3rg\u00e3os de Comunica\u00e7\u00e3o Social nacionais, na redac\u00e7\u00e3o de v\u00e1rios artigos. Entrevistou a grande maioria das personalidades mais importantes da vida social e cultural do pa\u00eds, destacando-se, tamb\u00e9m, na aprecia\u00e7\u00e3o de v\u00e1rios espect\u00e1culos. Durante o seu percurso, deu a conhecer v\u00e1rios artistas, at\u00e9 ent\u00e3o desconhecidos, ao grande p\u00fablico. Em 2015 criou e fundou o Infocul.pt, projecto no qual assume a direc\u00e7\u00e3o editorial.","sameAs":["http:\/\/www.infocul.pt"]}]}},"_links":{"self":[{"href":"https:\/\/infocul.pt\/arquivo\/wp-json\/wp\/v2\/posts\/60176","targetHints":{"allow":["GET"]}}],"collection":[{"href":"https:\/\/infocul.pt\/arquivo\/wp-json\/wp\/v2\/posts"}],"about":[{"href":"https:\/\/infocul.pt\/arquivo\/wp-json\/wp\/v2\/types\/post"}],"author":[{"embeddable":true,"href":"https:\/\/infocul.pt\/arquivo\/wp-json\/wp\/v2\/users\/2"}],"replies":[{"embeddable":true,"href":"https:\/\/infocul.pt\/arquivo\/wp-json\/wp\/v2\/comments?post=60176"}],"version-history":[{"count":0,"href":"https:\/\/infocul.pt\/arquivo\/wp-json\/wp\/v2\/posts\/60176\/revisions"}],"wp:featuredmedia":[{"embeddable":true,"href":"https:\/\/infocul.pt\/arquivo\/wp-json\/wp\/v2\/media\/46439"}],"wp:attachment":[{"href":"https:\/\/infocul.pt\/arquivo\/wp-json\/wp\/v2\/media?parent=60176"}],"wp:term":[{"taxonomy":"category","embeddable":true,"href":"https:\/\/infocul.pt\/arquivo\/wp-json\/wp\/v2\/categories?post=60176"},{"taxonomy":"post_tag","embeddable":true,"href":"https:\/\/infocul.pt\/arquivo\/wp-json\/wp\/v2\/tags?post=60176"}],"curies":[{"name":"wp","href":"https:\/\/api.w.org\/{rel}","templated":true}]}}