{"id":60263,"date":"2019-09-25T10:04:39","date_gmt":"2019-09-25T09:04:39","guid":{"rendered":"https:\/\/infocul.pt\/?p=60263"},"modified":"2019-09-25T10:04:39","modified_gmt":"2019-09-25T09:04:39","slug":"harry-potter-the-exhibition-chega-a-portugal","status":"publish","type":"post","link":"https:\/\/infocul.pt\/arquivo\/cultura\/harry-potter-the-exhibition-chega-a-portugal\/","title":{"rendered":"Harry Potter\u2122: The Exhibition chega a Portugal"},"content":{"rendered":"<p><img decoding=\"async\" class=\"aligncenter wp-image-60264 size-large lazyload\" data-src=\"https:\/\/infocul.pt\/arquivo\/wp-content\/uploads\/2019\/09\/Harry-Potter-1024x390.png\" alt=\"\" width=\"800\" height=\"305\" data-srcset=\"https:\/\/infocul.pt\/arquivo\/wp-content\/uploads\/2019\/09\/Harry-Potter-1024x390.png 1024w, https:\/\/infocul.pt\/arquivo\/wp-content\/uploads\/2019\/09\/Harry-Potter-300x114.png 300w, https:\/\/infocul.pt\/arquivo\/wp-content\/uploads\/2019\/09\/Harry-Potter-768x292.png 768w, https:\/\/infocul.pt\/arquivo\/wp-content\/uploads\/2019\/09\/Harry-Potter.png 1702w\" data-sizes=\"(max-width: 800px) 100vw, 800px\" src=\"data:image\/svg+xml;base64,PHN2ZyB3aWR0aD0iMSIgaGVpZ2h0PSIxIiB4bWxucz0iaHR0cDovL3d3dy53My5vcmcvMjAwMC9zdmciPjwvc3ZnPg==\" style=\"--smush-placeholder-width: 800px; --smush-placeholder-aspect-ratio: 800\/305;\" \/><\/p>\n<p>&nbsp;<\/p>\n<p>Este Outono, todos os f\u00e3s de Harry Potter ter\u00e3o a oportunidade de entrar no mundo m\u00e1gico do famoso feiticeiro, atrav\u00e9s de Harry Potter\u2122: The Exhibition.<!--more--><\/p>\n<p>Esta exposi\u00e7\u00e3o, com estreia in\u00e9dita em Portugal, vai decorrer de 16 de Novembro a 08 de Abril, no Pavilh\u00e3o de Portugal, em Lisboa. Os bilhetes v\u00e3o estar \u00e0 venda a partir das 10:00 de s\u00e1bado, dia 28 de Setembro, nos locais habituais e em <a href=\"http:\/\/www.harrypotterexhibition.pt\" target=\"_blank\" rel=\"noopener noreferrer\">www.harrypotterexhibition.pt<\/a>. Esta \u00e9 a primeira vez que Portugal recebe a grande exposi\u00e7\u00e3o tem\u00e1tica da mais famosa escola de magia do mundo.<\/p>\n<p>A partir de Novembro os f\u00e3s v\u00e3o conhecer a magia por tr\u00e1s de milhares de trajes aut\u00eanticos e adere\u00e7os dos filmes de Harry Potter, na mostra produzida pela GES Events em parceria com a Warner Bros. Consumer Products. S\u00e3o 1.500 metros quadrados, onde \u00e9 poss\u00edvel desfrutar de ambientes dram\u00e1ticos e fant\u00e1sticos, inspirados e recriados nos cen\u00e1rios das filmagens de Hogwarts\u2122, tais como: o Great Hall, a cabana de Hagrid e a sala comum de Gryffindor\u2122.<\/p>\n<p>Durante a visita os f\u00e3s ter\u00e3o a oportunidade de ver os adere\u00e7os e trajes mais ic\u00f3nicos dos filmes de Harry Potter. S\u00e3o convidados a entrar na \u00e1rea Quidditch\u2122 e a lan\u00e7ar a Quaffle, \u00e9 poss\u00edvel puxar a Mandr\u00e1gora, visitar a cabana de Hagrid e encontrar criaturas m\u00e1gicas, como as Buckbeak e a aranha gigante Acromantula. Pelo caminho \u00e9 ainda poss\u00edvel ver objectos utilizados na saga de Harry Potter, incluindo a varinha e os \u00f3culos do Harry, trajes do baile Yule e muito mais.<\/p>\n<p>Harry Potter\u2122: The Exhibition estreou-se em Chicago em 2009, onde seguiu depois para Boston, Toronto, Seattle, Nova York, Sydney, Singapura, T\u00f3quio, Canad\u00e1, Su\u00e9cia, Col\u00f3nia, Paris, Xangai, Bruxelas, Amesterd\u00e3o, Madrid, Milan, Berlim e Val\u00eancia. Finalmente a partir de dia 16 de Novembro \u00e9 a vez de Lisboa receber esta incr\u00edvel exposi\u00e7\u00e3o no Pavilh\u00e3o de Portugal.<\/p>\n<p>\u200b<\/p>\n<p>DATA E LOCAIS DE VENDA<\/p>\n<p><em>BILHETES \u00c0 VENDA A PARTIR DAS 10:00 DE DIA 28 DE SETEMBRO NOS LOCAIS HABITUAIS E EM <a href=\"http:\/\/WWW.HARRYPOTTEREXHIBITION.PT\" target=\"_blank\" rel=\"noopener noreferrer\">WWW.HARRYPOTTEREXHIBITION.PT<\/a><\/em><\/p>\n<p>Pavilh\u00e3o de Portugal || 16 Novembro a 08 de Abril<\/p>\n<p><strong>PRE\u00c7OS<\/strong><\/p>\n<p>(De segunda a sexta-feira)<\/p>\n<p>Entrada geral * 16\u20ac<\/p>\n<p>Crian\u00e7as (at\u00e9 aos 12 anos) * 12\u20ac<\/p>\n<p>Fam\u00edlia I (2 adultos + 1 crian\u00e7a at\u00e9 aos 12 anos) * 38\u20ac<\/p>\n<p>Fam\u00edlia II (2 adultos + 2 crian\u00e7as at\u00e9 aos 12 anos) * 44\u20ac<\/p>\n<p>(s\u00e1bado e domingo)<\/p>\n<p>Entrada geral * 19\u20ac<\/p>\n<p>Crian\u00e7as (at\u00e9 aos 12 anos) * 15\u20ac<\/p>\n<p>Fam\u00edlia I (2 adultos + 1 crian\u00e7a at\u00e9 aos 12 anos) * 45\u20ac<\/p>\n<p>Fam\u00edlia II (2 adultos + 2 crian\u00e7as at\u00e9 aos 12 anos) * 52\u20ac<\/p>\n<p>Hor\u00e1rios<\/p>\n<p>De segunda a quinta-feira das 10:00 \u00e0s 19:00<\/p>\n<p>De sexta-feira a domingo das 10:00 \u00e0s 20:30<\/p>\n<p>A Everything is New aconselha a compra de bilhetes apenas nos pontos de venda oficiais referidos na lista abaixo:<\/p>\n<p>Locais de venda: <a href=\"http:\/\/harrypotterexhibition.pt\" target=\"_blank\" rel=\"noopener noreferrer\">harrypotterexhibition.pt<\/a>, FNAC, Worten, CTT, El Corte Ingl\u00e9s e <a href=\"http:\/\/everythingisnew.pt\" target=\"_blank\" rel=\"noopener noreferrer\">everythingisnew.pt<\/a><\/p>\n","protected":false},"excerpt":{"rendered":"<p>&nbsp; Este Outono, todos os f\u00e3s de Harry Potter ter\u00e3o a oportunidade de entrar no mundo m\u00e1gico do famoso feiticeiro, atrav\u00e9s de Harry Potter\u2122: The Exhibition.<\/p>\n","protected":false},"author":13,"featured_media":60264,"comment_status":"open","ping_status":"closed","sticky":false,"template":"","format":"standard","meta":{"footnotes":""},"categories":[2,9],"tags":[3926,3877],"class_list":["post-60263","post","type-post","status-publish","format-standard","has-post-thumbnail","hentry","category-cultura","category-outros","tag-harry-potter","tag-pavilhao-de-portugal"],"yoast_head":"<!-- This site is optimized with the Yoast SEO plugin v27.5 - https:\/\/yoast.com\/product\/yoast-seo-wordpress\/ -->\n<title>Harry Potter\u2122: The Exhibition chega a Portugal | Infocul.pt - Arquivo Digital<\/title>\n<meta name=\"description\" content=\"Harry Potter\u2122: The Exhibition chega a Portugal | Infocul.pt - Arquivo Digital\" \/>\n<meta name=\"robots\" content=\"noindex, follow, max-snippet:-1, max-image-preview:large, max-video-preview:-1\" \/>\n<meta property=\"og:locale\" content=\"pt_PT\" \/>\n<meta property=\"og:type\" content=\"article\" \/>\n<meta property=\"og:title\" content=\"Harry Potter\u2122: The Exhibition chega a Portugal | Infocul.pt - Arquivo Digital\" \/>\n<meta property=\"og:description\" content=\"Harry Potter\u2122: The Exhibition chega a Portugal | Infocul.pt - Arquivo Digital\" \/>\n<meta property=\"og:url\" content=\"https:\/\/infocul.pt\/arquivo\/cultura\/harry-potter-the-exhibition-chega-a-portugal\/\" \/>\n<meta property=\"og:site_name\" content=\"Infocul.pt - Arquivo Digital\" \/>\n<meta property=\"article:publisher\" content=\"https:\/\/www.facebook.com\/Infocul-147816815585015\/\" \/>\n<meta property=\"article:published_time\" content=\"2019-09-25T09:04:39+00:00\" \/>\n<meta property=\"og:image\" content=\"https:\/\/infocul.pt\/arquivo\/wp-content\/uploads\/2019\/09\/Harry-Potter.png\" \/>\n\t<meta property=\"og:image:width\" content=\"1702\" \/>\n\t<meta property=\"og:image:height\" content=\"648\" \/>\n\t<meta property=\"og:image:type\" content=\"image\/png\" \/>\n<meta name=\"author\" content=\"Redac\u00e7\u00e3o\" \/>\n<meta name=\"twitter:card\" content=\"summary_large_image\" \/>\n<meta name=\"twitter:creator\" content=\"@Infoculpt\" \/>\n<meta name=\"twitter:site\" content=\"@Infoculpt\" \/>\n<meta name=\"twitter:label1\" content=\"Escrito por\" \/>\n\t<meta name=\"twitter:data1\" content=\"Redac\u00e7\u00e3o\" \/>\n\t<meta name=\"twitter:label2\" content=\"Tempo estimado de leitura\" \/>\n\t<meta name=\"twitter:data2\" content=\"2 minutos\" \/>\n<script type=\"application\/ld+json\" class=\"yoast-schema-graph\">{\"@context\":\"https:\\\/\\\/schema.org\",\"@graph\":[{\"@type\":\"Article\",\"@id\":\"https:\\\/\\\/infocul.pt\\\/arquivo\\\/cultura\\\/harry-potter-the-exhibition-chega-a-portugal\\\/#article\",\"isPartOf\":{\"@id\":\"https:\\\/\\\/infocul.pt\\\/arquivo\\\/cultura\\\/harry-potter-the-exhibition-chega-a-portugal\\\/\"},\"author\":{\"name\":\"Redac\u00e7\u00e3o\",\"@id\":\"https:\\\/\\\/infocul.pt\\\/arquivo\\\/#\\\/schema\\\/person\\\/f243f45ae8d67639120a7586884f3abc\"},\"headline\":\"Harry Potter\u2122: The Exhibition chega a Portugal\",\"datePublished\":\"2019-09-25T09:04:39+00:00\",\"mainEntityOfPage\":{\"@id\":\"https:\\\/\\\/infocul.pt\\\/arquivo\\\/cultura\\\/harry-potter-the-exhibition-chega-a-portugal\\\/\"},\"wordCount\":476,\"commentCount\":0,\"publisher\":{\"@id\":\"https:\\\/\\\/infocul.pt\\\/arquivo\\\/#organization\"},\"image\":{\"@id\":\"https:\\\/\\\/infocul.pt\\\/arquivo\\\/cultura\\\/harry-potter-the-exhibition-chega-a-portugal\\\/#primaryimage\"},\"thumbnailUrl\":\"https:\\\/\\\/infocul.pt\\\/arquivo\\\/wp-content\\\/uploads\\\/2019\\\/09\\\/Harry-Potter.png\",\"keywords\":[\"Harry Potter\",\"Pavilh\u00e3o de Portugal\"],\"articleSection\":[\"Cultura\",\"Outros\"],\"inLanguage\":\"pt-PT\"},{\"@type\":\"WebPage\",\"@id\":\"https:\\\/\\\/infocul.pt\\\/arquivo\\\/cultura\\\/harry-potter-the-exhibition-chega-a-portugal\\\/\",\"url\":\"https:\\\/\\\/infocul.pt\\\/arquivo\\\/cultura\\\/harry-potter-the-exhibition-chega-a-portugal\\\/\",\"name\":\"Harry Potter\u2122: The Exhibition chega a Portugal | Infocul.pt - Arquivo Digital\",\"isPartOf\":{\"@id\":\"https:\\\/\\\/infocul.pt\\\/arquivo\\\/#website\"},\"primaryImageOfPage\":{\"@id\":\"https:\\\/\\\/infocul.pt\\\/arquivo\\\/cultura\\\/harry-potter-the-exhibition-chega-a-portugal\\\/#primaryimage\"},\"image\":{\"@id\":\"https:\\\/\\\/infocul.pt\\\/arquivo\\\/cultura\\\/harry-potter-the-exhibition-chega-a-portugal\\\/#primaryimage\"},\"thumbnailUrl\":\"https:\\\/\\\/infocul.pt\\\/arquivo\\\/wp-content\\\/uploads\\\/2019\\\/09\\\/Harry-Potter.png\",\"datePublished\":\"2019-09-25T09:04:39+00:00\",\"description\":\"Harry Potter\u2122: The Exhibition chega a Portugal | Infocul.pt - Arquivo Digital\",\"breadcrumb\":{\"@id\":\"https:\\\/\\\/infocul.pt\\\/arquivo\\\/cultura\\\/harry-potter-the-exhibition-chega-a-portugal\\\/#breadcrumb\"},\"inLanguage\":\"pt-PT\",\"potentialAction\":[{\"@type\":\"ReadAction\",\"target\":[\"https:\\\/\\\/infocul.pt\\\/arquivo\\\/cultura\\\/harry-potter-the-exhibition-chega-a-portugal\\\/\"]}]},{\"@type\":\"ImageObject\",\"inLanguage\":\"pt-PT\",\"@id\":\"https:\\\/\\\/infocul.pt\\\/arquivo\\\/cultura\\\/harry-potter-the-exhibition-chega-a-portugal\\\/#primaryimage\",\"url\":\"https:\\\/\\\/infocul.pt\\\/arquivo\\\/wp-content\\\/uploads\\\/2019\\\/09\\\/Harry-Potter.png\",\"contentUrl\":\"https:\\\/\\\/infocul.pt\\\/arquivo\\\/wp-content\\\/uploads\\\/2019\\\/09\\\/Harry-Potter.png\",\"width\":1702,\"height\":648},{\"@type\":\"BreadcrumbList\",\"@id\":\"https:\\\/\\\/infocul.pt\\\/arquivo\\\/cultura\\\/harry-potter-the-exhibition-chega-a-portugal\\\/#breadcrumb\",\"itemListElement\":[{\"@type\":\"ListItem\",\"position\":1,\"name\":\"Home\",\"item\":\"https:\\\/\\\/infocul.pt\\\/arquivo\\\/\"},{\"@type\":\"ListItem\",\"position\":2,\"name\":\"Harry Potter\u2122: The Exhibition chega a Portugal\"}]},{\"@type\":\"WebSite\",\"@id\":\"https:\\\/\\\/infocul.pt\\\/arquivo\\\/#website\",\"url\":\"https:\\\/\\\/infocul.pt\\\/arquivo\\\/\",\"name\":\"Infocul.pt - Arquivo Digital\",\"description\":\"Arquivo digital da Infocul.pt\",\"publisher\":{\"@id\":\"https:\\\/\\\/infocul.pt\\\/arquivo\\\/#organization\"},\"potentialAction\":[{\"@type\":\"SearchAction\",\"target\":{\"@type\":\"EntryPoint\",\"urlTemplate\":\"https:\\\/\\\/infocul.pt\\\/arquivo\\\/?s={search_term_string}\"},\"query-input\":{\"@type\":\"PropertyValueSpecification\",\"valueRequired\":true,\"valueName\":\"search_term_string\"}}],\"inLanguage\":\"pt-PT\"},{\"@type\":\"Organization\",\"@id\":\"https:\\\/\\\/infocul.pt\\\/arquivo\\\/#organization\",\"name\":\"Infocul.pt\",\"url\":\"https:\\\/\\\/infocul.pt\\\/arquivo\\\/\",\"logo\":{\"@type\":\"ImageObject\",\"inLanguage\":\"pt-PT\",\"@id\":\"https:\\\/\\\/infocul.pt\\\/arquivo\\\/#\\\/schema\\\/logo\\\/image\\\/\",\"url\":\"https:\\\/\\\/infocul.pt\\\/arquivo\\\/wp-content\\\/uploads\\\/2018\\\/12\\\/Infocul_logo-1.png\",\"contentUrl\":\"https:\\\/\\\/infocul.pt\\\/arquivo\\\/wp-content\\\/uploads\\\/2018\\\/12\\\/Infocul_logo-1.png\",\"width\":800,\"height\":800,\"caption\":\"Infocul.pt\"},\"image\":{\"@id\":\"https:\\\/\\\/infocul.pt\\\/arquivo\\\/#\\\/schema\\\/logo\\\/image\\\/\"},\"sameAs\":[\"https:\\\/\\\/www.facebook.com\\\/Infocul-147816815585015\\\/\",\"https:\\\/\\\/x.com\\\/Infoculpt\",\"http:\\\/\\\/www.pictaram.com\\\/user\\\/infocul.pt\\\/2370423710\",\"https:\\\/\\\/www.youtube.com\\\/channel\\\/UCYEB91AGI9FL9ek2i_IaQAA\"]},{\"@type\":\"Person\",\"@id\":\"https:\\\/\\\/infocul.pt\\\/arquivo\\\/#\\\/schema\\\/person\\\/f243f45ae8d67639120a7586884f3abc\",\"name\":\"Redac\u00e7\u00e3o\",\"image\":{\"@type\":\"ImageObject\",\"inLanguage\":\"pt-PT\",\"@id\":\"https:\\\/\\\/secure.gravatar.com\\\/avatar\\\/151b1b76c598ab5e749407223bd6c1bad4e41c4e95de3c3df83540ebee2deaf8?s=96&d=mm&r=g\",\"url\":\"https:\\\/\\\/secure.gravatar.com\\\/avatar\\\/151b1b76c598ab5e749407223bd6c1bad4e41c4e95de3c3df83540ebee2deaf8?s=96&d=mm&r=g\",\"contentUrl\":\"https:\\\/\\\/secure.gravatar.com\\\/avatar\\\/151b1b76c598ab5e749407223bd6c1bad4e41c4e95de3c3df83540ebee2deaf8?s=96&d=mm&r=g\",\"caption\":\"Redac\u00e7\u00e3o\"}}]}<\/script>\n<!-- \/ Yoast SEO plugin. -->","yoast_head_json":{"title":"Harry Potter\u2122: The Exhibition chega a Portugal | Infocul.pt - Arquivo Digital","description":"Harry Potter\u2122: The Exhibition chega a Portugal | Infocul.pt - Arquivo Digital","robots":{"index":"noindex","follow":"follow","max-snippet":"max-snippet:-1","max-image-preview":"max-image-preview:large","max-video-preview":"max-video-preview:-1"},"og_locale":"pt_PT","og_type":"article","og_title":"Harry Potter\u2122: The Exhibition chega a Portugal | Infocul.pt - Arquivo Digital","og_description":"Harry Potter\u2122: The Exhibition chega a Portugal | Infocul.pt - Arquivo Digital","og_url":"https:\/\/infocul.pt\/arquivo\/cultura\/harry-potter-the-exhibition-chega-a-portugal\/","og_site_name":"Infocul.pt - Arquivo Digital","article_publisher":"https:\/\/www.facebook.com\/Infocul-147816815585015\/","article_published_time":"2019-09-25T09:04:39+00:00","og_image":[{"width":1702,"height":648,"url":"https:\/\/infocul.pt\/arquivo\/wp-content\/uploads\/2019\/09\/Harry-Potter.png","type":"image\/png"}],"author":"Redac\u00e7\u00e3o","twitter_card":"summary_large_image","twitter_creator":"@Infoculpt","twitter_site":"@Infoculpt","twitter_misc":{"Escrito por":"Redac\u00e7\u00e3o","Tempo estimado de leitura":"2 minutos"},"schema":{"@context":"https:\/\/schema.org","@graph":[{"@type":"Article","@id":"https:\/\/infocul.pt\/arquivo\/cultura\/harry-potter-the-exhibition-chega-a-portugal\/#article","isPartOf":{"@id":"https:\/\/infocul.pt\/arquivo\/cultura\/harry-potter-the-exhibition-chega-a-portugal\/"},"author":{"name":"Redac\u00e7\u00e3o","@id":"https:\/\/infocul.pt\/arquivo\/#\/schema\/person\/f243f45ae8d67639120a7586884f3abc"},"headline":"Harry Potter\u2122: The Exhibition chega a Portugal","datePublished":"2019-09-25T09:04:39+00:00","mainEntityOfPage":{"@id":"https:\/\/infocul.pt\/arquivo\/cultura\/harry-potter-the-exhibition-chega-a-portugal\/"},"wordCount":476,"commentCount":0,"publisher":{"@id":"https:\/\/infocul.pt\/arquivo\/#organization"},"image":{"@id":"https:\/\/infocul.pt\/arquivo\/cultura\/harry-potter-the-exhibition-chega-a-portugal\/#primaryimage"},"thumbnailUrl":"https:\/\/infocul.pt\/arquivo\/wp-content\/uploads\/2019\/09\/Harry-Potter.png","keywords":["Harry Potter","Pavilh\u00e3o de Portugal"],"articleSection":["Cultura","Outros"],"inLanguage":"pt-PT"},{"@type":"WebPage","@id":"https:\/\/infocul.pt\/arquivo\/cultura\/harry-potter-the-exhibition-chega-a-portugal\/","url":"https:\/\/infocul.pt\/arquivo\/cultura\/harry-potter-the-exhibition-chega-a-portugal\/","name":"Harry Potter\u2122: The Exhibition chega a Portugal | Infocul.pt - Arquivo Digital","isPartOf":{"@id":"https:\/\/infocul.pt\/arquivo\/#website"},"primaryImageOfPage":{"@id":"https:\/\/infocul.pt\/arquivo\/cultura\/harry-potter-the-exhibition-chega-a-portugal\/#primaryimage"},"image":{"@id":"https:\/\/infocul.pt\/arquivo\/cultura\/harry-potter-the-exhibition-chega-a-portugal\/#primaryimage"},"thumbnailUrl":"https:\/\/infocul.pt\/arquivo\/wp-content\/uploads\/2019\/09\/Harry-Potter.png","datePublished":"2019-09-25T09:04:39+00:00","description":"Harry Potter\u2122: The Exhibition chega a Portugal | Infocul.pt - Arquivo Digital","breadcrumb":{"@id":"https:\/\/infocul.pt\/arquivo\/cultura\/harry-potter-the-exhibition-chega-a-portugal\/#breadcrumb"},"inLanguage":"pt-PT","potentialAction":[{"@type":"ReadAction","target":["https:\/\/infocul.pt\/arquivo\/cultura\/harry-potter-the-exhibition-chega-a-portugal\/"]}]},{"@type":"ImageObject","inLanguage":"pt-PT","@id":"https:\/\/infocul.pt\/arquivo\/cultura\/harry-potter-the-exhibition-chega-a-portugal\/#primaryimage","url":"https:\/\/infocul.pt\/arquivo\/wp-content\/uploads\/2019\/09\/Harry-Potter.png","contentUrl":"https:\/\/infocul.pt\/arquivo\/wp-content\/uploads\/2019\/09\/Harry-Potter.png","width":1702,"height":648},{"@type":"BreadcrumbList","@id":"https:\/\/infocul.pt\/arquivo\/cultura\/harry-potter-the-exhibition-chega-a-portugal\/#breadcrumb","itemListElement":[{"@type":"ListItem","position":1,"name":"Home","item":"https:\/\/infocul.pt\/arquivo\/"},{"@type":"ListItem","position":2,"name":"Harry Potter\u2122: The Exhibition chega a Portugal"}]},{"@type":"WebSite","@id":"https:\/\/infocul.pt\/arquivo\/#website","url":"https:\/\/infocul.pt\/arquivo\/","name":"Infocul.pt - Arquivo Digital","description":"Arquivo digital da Infocul.pt","publisher":{"@id":"https:\/\/infocul.pt\/arquivo\/#organization"},"potentialAction":[{"@type":"SearchAction","target":{"@type":"EntryPoint","urlTemplate":"https:\/\/infocul.pt\/arquivo\/?s={search_term_string}"},"query-input":{"@type":"PropertyValueSpecification","valueRequired":true,"valueName":"search_term_string"}}],"inLanguage":"pt-PT"},{"@type":"Organization","@id":"https:\/\/infocul.pt\/arquivo\/#organization","name":"Infocul.pt","url":"https:\/\/infocul.pt\/arquivo\/","logo":{"@type":"ImageObject","inLanguage":"pt-PT","@id":"https:\/\/infocul.pt\/arquivo\/#\/schema\/logo\/image\/","url":"https:\/\/infocul.pt\/arquivo\/wp-content\/uploads\/2018\/12\/Infocul_logo-1.png","contentUrl":"https:\/\/infocul.pt\/arquivo\/wp-content\/uploads\/2018\/12\/Infocul_logo-1.png","width":800,"height":800,"caption":"Infocul.pt"},"image":{"@id":"https:\/\/infocul.pt\/arquivo\/#\/schema\/logo\/image\/"},"sameAs":["https:\/\/www.facebook.com\/Infocul-147816815585015\/","https:\/\/x.com\/Infoculpt","http:\/\/www.pictaram.com\/user\/infocul.pt\/2370423710","https:\/\/www.youtube.com\/channel\/UCYEB91AGI9FL9ek2i_IaQAA"]},{"@type":"Person","@id":"https:\/\/infocul.pt\/arquivo\/#\/schema\/person\/f243f45ae8d67639120a7586884f3abc","name":"Redac\u00e7\u00e3o","image":{"@type":"ImageObject","inLanguage":"pt-PT","@id":"https:\/\/secure.gravatar.com\/avatar\/151b1b76c598ab5e749407223bd6c1bad4e41c4e95de3c3df83540ebee2deaf8?s=96&d=mm&r=g","url":"https:\/\/secure.gravatar.com\/avatar\/151b1b76c598ab5e749407223bd6c1bad4e41c4e95de3c3df83540ebee2deaf8?s=96&d=mm&r=g","contentUrl":"https:\/\/secure.gravatar.com\/avatar\/151b1b76c598ab5e749407223bd6c1bad4e41c4e95de3c3df83540ebee2deaf8?s=96&d=mm&r=g","caption":"Redac\u00e7\u00e3o"}}]}},"_links":{"self":[{"href":"https:\/\/infocul.pt\/arquivo\/wp-json\/wp\/v2\/posts\/60263","targetHints":{"allow":["GET"]}}],"collection":[{"href":"https:\/\/infocul.pt\/arquivo\/wp-json\/wp\/v2\/posts"}],"about":[{"href":"https:\/\/infocul.pt\/arquivo\/wp-json\/wp\/v2\/types\/post"}],"author":[{"embeddable":true,"href":"https:\/\/infocul.pt\/arquivo\/wp-json\/wp\/v2\/users\/13"}],"replies":[{"embeddable":true,"href":"https:\/\/infocul.pt\/arquivo\/wp-json\/wp\/v2\/comments?post=60263"}],"version-history":[{"count":0,"href":"https:\/\/infocul.pt\/arquivo\/wp-json\/wp\/v2\/posts\/60263\/revisions"}],"wp:featuredmedia":[{"embeddable":true,"href":"https:\/\/infocul.pt\/arquivo\/wp-json\/wp\/v2\/media\/60264"}],"wp:attachment":[{"href":"https:\/\/infocul.pt\/arquivo\/wp-json\/wp\/v2\/media?parent=60263"}],"wp:term":[{"taxonomy":"category","embeddable":true,"href":"https:\/\/infocul.pt\/arquivo\/wp-json\/wp\/v2\/categories?post=60263"},{"taxonomy":"post_tag","embeddable":true,"href":"https:\/\/infocul.pt\/arquivo\/wp-json\/wp\/v2\/tags?post=60263"}],"curies":[{"name":"wp","href":"https:\/\/api.w.org\/{rel}","templated":true}]}}