{"id":60566,"date":"2019-10-01T15:11:36","date_gmt":"2019-10-01T14:11:36","guid":{"rendered":"https:\/\/infocul.pt\/?p=60566"},"modified":"2019-10-01T15:14:04","modified_gmt":"2019-10-01T14:14:04","slug":"director-da-companhia-mascarenhas-martins-reclama-de-atrasos-no-apoios-as-artes","status":"publish","type":"post","link":"https:\/\/infocul.pt\/arquivo\/cultura\/director-da-companhia-mascarenhas-martins-reclama-de-atrasos-no-apoios-as-artes\/","title":{"rendered":"Director da Companhia Mascarenhas-Martins reclama de atrasos no apoios \u00e0s artes"},"content":{"rendered":"<p><img decoding=\"async\" class=\"aligncenter wp-image-4674 size-full lazyload\" data-src=\"https:\/\/infocul.pt\/arquivo\/wp-content\/uploads\/2016\/03\/Mascarenhas-Martins.jpg\" alt=\"\" width=\"400\" height=\"400\" data-srcset=\"https:\/\/infocul.pt\/arquivo\/wp-content\/uploads\/2016\/03\/Mascarenhas-Martins.jpg 400w, https:\/\/infocul.pt\/arquivo\/wp-content\/uploads\/2016\/03\/Mascarenhas-Martins-150x150.jpg 150w, https:\/\/infocul.pt\/arquivo\/wp-content\/uploads\/2016\/03\/Mascarenhas-Martins-300x300.jpg 300w, https:\/\/infocul.pt\/arquivo\/wp-content\/uploads\/2016\/03\/Mascarenhas-Martins-280x280.jpg 280w\" data-sizes=\"(max-width: 400px) 100vw, 400px\" src=\"data:image\/svg+xml;base64,PHN2ZyB3aWR0aD0iMSIgaGVpZ2h0PSIxIiB4bWxucz0iaHR0cDovL3d3dy53My5vcmcvMjAwMC9zdmciPjwvc3ZnPg==\" style=\"--smush-placeholder-width: 400px; --smush-placeholder-aspect-ratio: 400\/400;\" \/><\/p>\n<p>&nbsp;<\/p>\n<p>&nbsp;<\/p>\n<p>Levi Martins, director da Companhia Mascarenhas-Martins, escreveu uma carta aberta sobre os atrasos que se verificam nos apoios \u00e0s artes.<!--more--><\/p>\n<p>Abaixo, transcrevemos na \u00edntegra a informa\u00e7\u00e3o que nos chegou, atrav\u00e9s da companhia.<\/p>\n<p>\u201c<strong>CARTA ABERTA SOBRE OS ATRASOS NOS APOIOS \u00c0S ARTES<\/strong><\/p>\n<p><strong>Exmo. Sr. Presidente da Rep\u00fablica,<\/strong><\/p>\n<p><strong>Exmo. Sr. Primeiro-Ministro,<\/strong><\/p>\n<p><strong>Exma. Sra. Ministra da Cultura,<\/strong><\/p>\n<p><strong>Exma. Sra. Secret\u00e1ria de Estado da Cultura<\/strong><\/p>\n<p><strong>Exmos. Srs. Deputados,<\/strong><\/p>\n<p><strong>Exmo. Sr. Director-Geral das Artes,<\/strong><\/p>\n<p><strong>Estimadas e estimados concidad\u00e3os,<\/strong><\/p>\n<p><strong>Hoje tem in\u00edcio o m\u00eas de Outubro. Sendo eu produtor de um espect\u00e1culo de teatro que se candidatou ao Apoio \u00e0 Cria\u00e7\u00e3o 2019 da Dire\u00e7\u00e3o-Geral das Artes, cujos resultados s\u00e3o, at\u00e9 ao momento, desconhecidos, encontro-me numa situa\u00e7\u00e3o profissional e pessoal particularmente dif\u00edcil: que decis\u00e3o devo tomar em rela\u00e7\u00e3o aos ensaios que, de acordo com o calend\u00e1rio permitido no \u00e2mbito da pr\u00f3pria candidatura, come\u00e7am esta tarde? Que resposta devo dar aos actores e t\u00e9cnicos que me contactam no sentido de perceber se existe algum tipo de previs\u00e3o sobre se vai ser vi\u00e1vel ou n\u00e3o avan\u00e7armos com um projecto que, por ter estreia marcada para Dezembro, tem mesmo de come\u00e7ar a ser trabalhado agora?<\/strong><\/p>\n<p><strong>\u00c9 um facto que n\u00e3o sou o \u00fanico respons\u00e1vel por este espect\u00e1culo, por sinal at\u00e9 tendo sido proponente da candidatura o encenador do mesmo, mas sendo minha a tarefa de gerir os recursos desta produ\u00e7\u00e3o, sinto que, por motivos a que sou completamente alheio, \u00e9 a minha reputa\u00e7\u00e3o que est\u00e1 em causa e s\u00e3o as vidas de um conjunto de profissionais do espect\u00e1culo que ficam suspensas. Na hip\u00f3tese de n\u00e3o nos ser atribu\u00eddo o apoio em causa, estes profissionais \u2013 eu pr\u00f3prio inclu\u00eddo \u2013 n\u00e3o ter\u00e3o outra op\u00e7\u00e3o sen\u00e3o a de procurar outros trabalhos para este trimestre. O problema est\u00e1 em que, como \u00e9 evidente, n\u00e3o \u00e9 j\u00e1 dentro do trimestre em causa que vamos conseguir encontrar uma alternativa para um compromisso que, como em qualquer profiss\u00e3o que se paute por algum tipo de rigor e seriedade, tivemos de assumir com a devida anteced\u00eancia. Neste sentido, os reiterados atrasos na divulga\u00e7\u00e3o de resultados de concurso de apoio \u00e0s artes revelam um profundo desrespeito por todos os profissionais destas \u00e1reas que desenvolvem a sua actividade em Portugal.<\/strong><\/p>\n<p><strong>Para al\u00e9m do atraso a que j\u00e1 aludi no que diz respeito ao Apoio \u00e0 Cria\u00e7\u00e3o 2019, tamb\u00e9m os resultados dos Apoios Sustentados 2020-2021 v\u00e3o ser anunciados fora do per\u00edodo que permitiria contratualizar com as estruturas que forem contempladas tr\u00eas meses antes do in\u00edcio dos planos de actividades (recomenda\u00e7\u00e3o que o Governo aceitou por parte do Grupo de Trabalho sobre o Modelo de Apoio \u00e0s Artes \u2013 ver Portaria n.\u00ba71-B\/2019, Artigo 10.\u00ba, ponto 7). Talvez este outro caso pare\u00e7a menos grave por haver ainda tempo para se garantir alguma dist\u00e2ncia entre a data do an\u00fancio dos resultados definitivos e o in\u00edcio dos referidos planos. Mas ser\u00e1 que parecer\u00e1 a algu\u00e9m razo\u00e1vel modificar-se os planos para dois anos de actividade em menos de tr\u00eas meses?<\/strong><\/p>\n<p><strong>N\u00e3o pretendo com esta missiva obter uma resposta directa \u00e0 minha situa\u00e7\u00e3o, a qual \u00e9 apenas uma no meio de in\u00fameras outras semelhantes de indiv\u00edduos e colectivos que aguardam uma resposta para poderem tomar decis\u00f5es sobre as suas vidas profissionais e pessoais. Considero fundamental, no entanto, que tanto o Governo como os partidos com assento parlamentar \u2013 e at\u00e9 aqueles que est\u00e3o neste momento em campanha e n\u00e3o est\u00e3o representados na Assembleia da Rep\u00fablica \u2013, se pronunciem de forma clara quanto ao que s\u00e3o as suas posi\u00e7\u00f5es relativamente aos apoios \u00e0s artes e \u00e0 sua import\u00e2ncia pol\u00edtica. Os atrasos sucessivos nos an\u00fancios de resultados destes apoios s\u00e3o um sintoma de que os temas debatidos em 2018, devido \u00e0 enorme mobiliza\u00e7\u00e3o dos profissionais das artes, n\u00e3o foram ainda tidos em conta por quem tem o dever de nos representar, nomeadamente no que diz respeito a uma clarifica\u00e7\u00e3o acerca da import\u00e2ncia do papel das entidades independentes na prossecu\u00e7\u00e3o de uma pol\u00edtica cultural estruturada e consequente.<\/strong><\/p>\n<p><strong>Entendo que n\u00e3o se trata simplesmente de reivindicar os meus direitos enquanto profissional das artes mas sim enquanto cidad\u00e3o, uma vez que o financiamento deste sector visa o cumprimento dos artigos 73.\u00ba e 78.\u00ba da Rep\u00fablica Portuguesa. Ou seja, o que \u00e9 lesado com estes atrasos \u00e9 o desenvolvimento do pa\u00eds, que muito beneficiaria com uma aposta s\u00e9ria nas actividades culturais e art\u00edsticas. A falta de seriedade e rigor com que s\u00e3o tratados os apoios \u00e0s artes apenas denota a falta de import\u00e2ncia que a Cultura, entendida no \u00e2mbito das atribui\u00e7\u00f5es do Minist\u00e9rio que a tutela, continua a ter no espa\u00e7o p\u00fablico e no pensamento pol\u00edtico.<\/strong><\/p>\n<p><strong>Embora n\u00e3o me caiba representar ningu\u00e9m, julgo ser poss\u00edvel dizer que todos n\u00f3s, que temos neste momento as nossas vidas suspensas, ficamos a aguardar uma resposta r\u00e1pida e inequ\u00edvoca. Duvido, no entanto, que seja poss\u00edvel j\u00e1 afastar a sensa\u00e7\u00e3o de profunda desilus\u00e3o com o facto de voltarmos a estar numa situa\u00e7\u00e3o que, mais uma vez, poderia e deveria ter sido evitada.<\/strong><\/p>\n<p><strong>Levi Martins<\/strong><\/p>\n<p><strong>Director da Companhia Mascarenhas-Martins<\/strong>\u201d<\/p>\n","protected":false},"excerpt":{"rendered":"<p>&nbsp; &nbsp; Levi Martins, director da Companhia Mascarenhas-Martins, escreveu uma carta aberta sobre os atrasos que se verificam nos apoios \u00e0s artes.<\/p>\n","protected":false},"author":13,"featured_media":4674,"comment_status":"open","ping_status":"closed","sticky":false,"template":"","format":"standard","meta":{"footnotes":""},"categories":[10,2,16,5],"tags":[283,7847],"class_list":["post-60566","post","type-post","status-publish","format-standard","has-post-thumbnail","hentry","category-actualidade","category-cultura","category-politica","category-teatro","tag-companhia-mascarenhas-martins","tag-levi-martins"],"yoast_head":"<!-- This site is optimized with the Yoast SEO plugin v27.4 - https:\/\/yoast.com\/product\/yoast-seo-wordpress\/ -->\n<title>Director da Companhia Mascarenhas-Martins reclama de atrasos no apoios \u00e0s artes | Infocul.pt - Arquivo Digital<\/title>\n<meta name=\"description\" content=\"Director da Companhia Mascarenhas-Martins reclama de atrasos no apoios \u00e0s artes | Infocul.pt - Arquivo Digital\" \/>\n<meta name=\"robots\" content=\"noindex, follow, max-snippet:-1, max-image-preview:large, max-video-preview:-1\" \/>\n<meta property=\"og:locale\" content=\"pt_PT\" \/>\n<meta property=\"og:type\" content=\"article\" \/>\n<meta property=\"og:title\" content=\"Director da Companhia Mascarenhas-Martins reclama de atrasos no apoios \u00e0s artes | Infocul.pt - Arquivo Digital\" \/>\n<meta property=\"og:description\" content=\"Director da Companhia Mascarenhas-Martins reclama de atrasos no apoios \u00e0s artes | Infocul.pt - Arquivo Digital\" \/>\n<meta property=\"og:url\" content=\"https:\/\/infocul.pt\/arquivo\/cultura\/director-da-companhia-mascarenhas-martins-reclama-de-atrasos-no-apoios-as-artes\/\" \/>\n<meta property=\"og:site_name\" content=\"Infocul.pt - Arquivo Digital\" \/>\n<meta property=\"article:publisher\" content=\"https:\/\/www.facebook.com\/Infocul-147816815585015\/\" \/>\n<meta property=\"article:published_time\" content=\"2019-10-01T14:11:36+00:00\" \/>\n<meta property=\"article:modified_time\" content=\"2019-10-01T14:14:04+00:00\" \/>\n<meta property=\"og:image\" content=\"https:\/\/infocul.pt\/arquivo\/wp-content\/uploads\/2016\/03\/Mascarenhas-Martins.jpg\" \/>\n\t<meta property=\"og:image:width\" content=\"400\" \/>\n\t<meta property=\"og:image:height\" content=\"400\" \/>\n\t<meta property=\"og:image:type\" content=\"image\/jpeg\" \/>\n<meta name=\"author\" content=\"Redac\u00e7\u00e3o\" \/>\n<meta name=\"twitter:card\" content=\"summary_large_image\" \/>\n<meta name=\"twitter:creator\" content=\"@Infoculpt\" \/>\n<meta name=\"twitter:site\" content=\"@Infoculpt\" \/>\n<meta name=\"twitter:label1\" content=\"Escrito por\" \/>\n\t<meta name=\"twitter:data1\" content=\"Redac\u00e7\u00e3o\" \/>\n\t<meta name=\"twitter:label2\" content=\"Tempo estimado de leitura\" \/>\n\t<meta name=\"twitter:data2\" content=\"5 minutos\" \/>\n<script type=\"application\/ld+json\" class=\"yoast-schema-graph\">{\"@context\":\"https:\\\/\\\/schema.org\",\"@graph\":[{\"@type\":\"Article\",\"@id\":\"https:\\\/\\\/infocul.pt\\\/arquivo\\\/cultura\\\/director-da-companhia-mascarenhas-martins-reclama-de-atrasos-no-apoios-as-artes\\\/#article\",\"isPartOf\":{\"@id\":\"https:\\\/\\\/infocul.pt\\\/arquivo\\\/cultura\\\/director-da-companhia-mascarenhas-martins-reclama-de-atrasos-no-apoios-as-artes\\\/\"},\"author\":{\"name\":\"Redac\u00e7\u00e3o\",\"@id\":\"https:\\\/\\\/infocul.pt\\\/arquivo\\\/#\\\/schema\\\/person\\\/f243f45ae8d67639120a7586884f3abc\"},\"headline\":\"Director da Companhia Mascarenhas-Martins reclama de atrasos no apoios \u00e0s artes\",\"datePublished\":\"2019-10-01T14:11:36+00:00\",\"dateModified\":\"2019-10-01T14:14:04+00:00\",\"mainEntityOfPage\":{\"@id\":\"https:\\\/\\\/infocul.pt\\\/arquivo\\\/cultura\\\/director-da-companhia-mascarenhas-martins-reclama-de-atrasos-no-apoios-as-artes\\\/\"},\"wordCount\":914,\"commentCount\":0,\"publisher\":{\"@id\":\"https:\\\/\\\/infocul.pt\\\/arquivo\\\/#organization\"},\"image\":{\"@id\":\"https:\\\/\\\/infocul.pt\\\/arquivo\\\/cultura\\\/director-da-companhia-mascarenhas-martins-reclama-de-atrasos-no-apoios-as-artes\\\/#primaryimage\"},\"thumbnailUrl\":\"https:\\\/\\\/infocul.pt\\\/arquivo\\\/wp-content\\\/uploads\\\/2016\\\/03\\\/Mascarenhas-Martins.jpg\",\"keywords\":[\"Companhia Mascarenhas-Martins\",\"Levi Martins\"],\"articleSection\":[\"Actualidade\",\"Cultura\",\"Politica\",\"Teatro\"],\"inLanguage\":\"pt-PT\"},{\"@type\":\"WebPage\",\"@id\":\"https:\\\/\\\/infocul.pt\\\/arquivo\\\/cultura\\\/director-da-companhia-mascarenhas-martins-reclama-de-atrasos-no-apoios-as-artes\\\/\",\"url\":\"https:\\\/\\\/infocul.pt\\\/arquivo\\\/cultura\\\/director-da-companhia-mascarenhas-martins-reclama-de-atrasos-no-apoios-as-artes\\\/\",\"name\":\"Director da Companhia Mascarenhas-Martins reclama de atrasos no apoios \u00e0s artes | Infocul.pt - Arquivo Digital\",\"isPartOf\":{\"@id\":\"https:\\\/\\\/infocul.pt\\\/arquivo\\\/#website\"},\"primaryImageOfPage\":{\"@id\":\"https:\\\/\\\/infocul.pt\\\/arquivo\\\/cultura\\\/director-da-companhia-mascarenhas-martins-reclama-de-atrasos-no-apoios-as-artes\\\/#primaryimage\"},\"image\":{\"@id\":\"https:\\\/\\\/infocul.pt\\\/arquivo\\\/cultura\\\/director-da-companhia-mascarenhas-martins-reclama-de-atrasos-no-apoios-as-artes\\\/#primaryimage\"},\"thumbnailUrl\":\"https:\\\/\\\/infocul.pt\\\/arquivo\\\/wp-content\\\/uploads\\\/2016\\\/03\\\/Mascarenhas-Martins.jpg\",\"datePublished\":\"2019-10-01T14:11:36+00:00\",\"dateModified\":\"2019-10-01T14:14:04+00:00\",\"description\":\"Director da Companhia Mascarenhas-Martins reclama de atrasos no apoios \u00e0s artes | Infocul.pt - Arquivo Digital\",\"breadcrumb\":{\"@id\":\"https:\\\/\\\/infocul.pt\\\/arquivo\\\/cultura\\\/director-da-companhia-mascarenhas-martins-reclama-de-atrasos-no-apoios-as-artes\\\/#breadcrumb\"},\"inLanguage\":\"pt-PT\",\"potentialAction\":[{\"@type\":\"ReadAction\",\"target\":[\"https:\\\/\\\/infocul.pt\\\/arquivo\\\/cultura\\\/director-da-companhia-mascarenhas-martins-reclama-de-atrasos-no-apoios-as-artes\\\/\"]}]},{\"@type\":\"ImageObject\",\"inLanguage\":\"pt-PT\",\"@id\":\"https:\\\/\\\/infocul.pt\\\/arquivo\\\/cultura\\\/director-da-companhia-mascarenhas-martins-reclama-de-atrasos-no-apoios-as-artes\\\/#primaryimage\",\"url\":\"https:\\\/\\\/infocul.pt\\\/arquivo\\\/wp-content\\\/uploads\\\/2016\\\/03\\\/Mascarenhas-Martins.jpg\",\"contentUrl\":\"https:\\\/\\\/infocul.pt\\\/arquivo\\\/wp-content\\\/uploads\\\/2016\\\/03\\\/Mascarenhas-Martins.jpg\",\"width\":400,\"height\":400},{\"@type\":\"BreadcrumbList\",\"@id\":\"https:\\\/\\\/infocul.pt\\\/arquivo\\\/cultura\\\/director-da-companhia-mascarenhas-martins-reclama-de-atrasos-no-apoios-as-artes\\\/#breadcrumb\",\"itemListElement\":[{\"@type\":\"ListItem\",\"position\":1,\"name\":\"Home\",\"item\":\"https:\\\/\\\/infocul.pt\\\/arquivo\\\/\"},{\"@type\":\"ListItem\",\"position\":2,\"name\":\"Director da Companhia Mascarenhas-Martins reclama de atrasos no apoios \u00e0s artes\"}]},{\"@type\":\"WebSite\",\"@id\":\"https:\\\/\\\/infocul.pt\\\/arquivo\\\/#website\",\"url\":\"https:\\\/\\\/infocul.pt\\\/arquivo\\\/\",\"name\":\"Infocul.pt - Arquivo Digital\",\"description\":\"Arquivo digital da Infocul.pt\",\"publisher\":{\"@id\":\"https:\\\/\\\/infocul.pt\\\/arquivo\\\/#organization\"},\"potentialAction\":[{\"@type\":\"SearchAction\",\"target\":{\"@type\":\"EntryPoint\",\"urlTemplate\":\"https:\\\/\\\/infocul.pt\\\/arquivo\\\/?s={search_term_string}\"},\"query-input\":{\"@type\":\"PropertyValueSpecification\",\"valueRequired\":true,\"valueName\":\"search_term_string\"}}],\"inLanguage\":\"pt-PT\"},{\"@type\":\"Organization\",\"@id\":\"https:\\\/\\\/infocul.pt\\\/arquivo\\\/#organization\",\"name\":\"Infocul.pt\",\"url\":\"https:\\\/\\\/infocul.pt\\\/arquivo\\\/\",\"logo\":{\"@type\":\"ImageObject\",\"inLanguage\":\"pt-PT\",\"@id\":\"https:\\\/\\\/infocul.pt\\\/arquivo\\\/#\\\/schema\\\/logo\\\/image\\\/\",\"url\":\"https:\\\/\\\/infocul.pt\\\/arquivo\\\/wp-content\\\/uploads\\\/2018\\\/12\\\/Infocul_logo-1.png\",\"contentUrl\":\"https:\\\/\\\/infocul.pt\\\/arquivo\\\/wp-content\\\/uploads\\\/2018\\\/12\\\/Infocul_logo-1.png\",\"width\":800,\"height\":800,\"caption\":\"Infocul.pt\"},\"image\":{\"@id\":\"https:\\\/\\\/infocul.pt\\\/arquivo\\\/#\\\/schema\\\/logo\\\/image\\\/\"},\"sameAs\":[\"https:\\\/\\\/www.facebook.com\\\/Infocul-147816815585015\\\/\",\"https:\\\/\\\/x.com\\\/Infoculpt\",\"http:\\\/\\\/www.pictaram.com\\\/user\\\/infocul.pt\\\/2370423710\",\"https:\\\/\\\/www.youtube.com\\\/channel\\\/UCYEB91AGI9FL9ek2i_IaQAA\"]},{\"@type\":\"Person\",\"@id\":\"https:\\\/\\\/infocul.pt\\\/arquivo\\\/#\\\/schema\\\/person\\\/f243f45ae8d67639120a7586884f3abc\",\"name\":\"Redac\u00e7\u00e3o\",\"image\":{\"@type\":\"ImageObject\",\"inLanguage\":\"pt-PT\",\"@id\":\"https:\\\/\\\/secure.gravatar.com\\\/avatar\\\/151b1b76c598ab5e749407223bd6c1bad4e41c4e95de3c3df83540ebee2deaf8?s=96&d=mm&r=g\",\"url\":\"https:\\\/\\\/secure.gravatar.com\\\/avatar\\\/151b1b76c598ab5e749407223bd6c1bad4e41c4e95de3c3df83540ebee2deaf8?s=96&d=mm&r=g\",\"contentUrl\":\"https:\\\/\\\/secure.gravatar.com\\\/avatar\\\/151b1b76c598ab5e749407223bd6c1bad4e41c4e95de3c3df83540ebee2deaf8?s=96&d=mm&r=g\",\"caption\":\"Redac\u00e7\u00e3o\"}}]}<\/script>\n<!-- \/ Yoast SEO plugin. -->","yoast_head_json":{"title":"Director da Companhia Mascarenhas-Martins reclama de atrasos no apoios \u00e0s artes | Infocul.pt - Arquivo Digital","description":"Director da Companhia Mascarenhas-Martins reclama de atrasos no apoios \u00e0s artes | Infocul.pt - Arquivo Digital","robots":{"index":"noindex","follow":"follow","max-snippet":"max-snippet:-1","max-image-preview":"max-image-preview:large","max-video-preview":"max-video-preview:-1"},"og_locale":"pt_PT","og_type":"article","og_title":"Director da Companhia Mascarenhas-Martins reclama de atrasos no apoios \u00e0s artes | Infocul.pt - Arquivo Digital","og_description":"Director da Companhia Mascarenhas-Martins reclama de atrasos no apoios \u00e0s artes | Infocul.pt - Arquivo Digital","og_url":"https:\/\/infocul.pt\/arquivo\/cultura\/director-da-companhia-mascarenhas-martins-reclama-de-atrasos-no-apoios-as-artes\/","og_site_name":"Infocul.pt - Arquivo Digital","article_publisher":"https:\/\/www.facebook.com\/Infocul-147816815585015\/","article_published_time":"2019-10-01T14:11:36+00:00","article_modified_time":"2019-10-01T14:14:04+00:00","og_image":[{"width":400,"height":400,"url":"https:\/\/infocul.pt\/arquivo\/wp-content\/uploads\/2016\/03\/Mascarenhas-Martins.jpg","type":"image\/jpeg"}],"author":"Redac\u00e7\u00e3o","twitter_card":"summary_large_image","twitter_creator":"@Infoculpt","twitter_site":"@Infoculpt","twitter_misc":{"Escrito por":"Redac\u00e7\u00e3o","Tempo estimado de leitura":"5 minutos"},"schema":{"@context":"https:\/\/schema.org","@graph":[{"@type":"Article","@id":"https:\/\/infocul.pt\/arquivo\/cultura\/director-da-companhia-mascarenhas-martins-reclama-de-atrasos-no-apoios-as-artes\/#article","isPartOf":{"@id":"https:\/\/infocul.pt\/arquivo\/cultura\/director-da-companhia-mascarenhas-martins-reclama-de-atrasos-no-apoios-as-artes\/"},"author":{"name":"Redac\u00e7\u00e3o","@id":"https:\/\/infocul.pt\/arquivo\/#\/schema\/person\/f243f45ae8d67639120a7586884f3abc"},"headline":"Director da Companhia Mascarenhas-Martins reclama de atrasos no apoios \u00e0s artes","datePublished":"2019-10-01T14:11:36+00:00","dateModified":"2019-10-01T14:14:04+00:00","mainEntityOfPage":{"@id":"https:\/\/infocul.pt\/arquivo\/cultura\/director-da-companhia-mascarenhas-martins-reclama-de-atrasos-no-apoios-as-artes\/"},"wordCount":914,"commentCount":0,"publisher":{"@id":"https:\/\/infocul.pt\/arquivo\/#organization"},"image":{"@id":"https:\/\/infocul.pt\/arquivo\/cultura\/director-da-companhia-mascarenhas-martins-reclama-de-atrasos-no-apoios-as-artes\/#primaryimage"},"thumbnailUrl":"https:\/\/infocul.pt\/arquivo\/wp-content\/uploads\/2016\/03\/Mascarenhas-Martins.jpg","keywords":["Companhia Mascarenhas-Martins","Levi Martins"],"articleSection":["Actualidade","Cultura","Politica","Teatro"],"inLanguage":"pt-PT"},{"@type":"WebPage","@id":"https:\/\/infocul.pt\/arquivo\/cultura\/director-da-companhia-mascarenhas-martins-reclama-de-atrasos-no-apoios-as-artes\/","url":"https:\/\/infocul.pt\/arquivo\/cultura\/director-da-companhia-mascarenhas-martins-reclama-de-atrasos-no-apoios-as-artes\/","name":"Director da Companhia Mascarenhas-Martins reclama de atrasos no apoios \u00e0s artes | Infocul.pt - Arquivo Digital","isPartOf":{"@id":"https:\/\/infocul.pt\/arquivo\/#website"},"primaryImageOfPage":{"@id":"https:\/\/infocul.pt\/arquivo\/cultura\/director-da-companhia-mascarenhas-martins-reclama-de-atrasos-no-apoios-as-artes\/#primaryimage"},"image":{"@id":"https:\/\/infocul.pt\/arquivo\/cultura\/director-da-companhia-mascarenhas-martins-reclama-de-atrasos-no-apoios-as-artes\/#primaryimage"},"thumbnailUrl":"https:\/\/infocul.pt\/arquivo\/wp-content\/uploads\/2016\/03\/Mascarenhas-Martins.jpg","datePublished":"2019-10-01T14:11:36+00:00","dateModified":"2019-10-01T14:14:04+00:00","description":"Director da Companhia Mascarenhas-Martins reclama de atrasos no apoios \u00e0s artes | Infocul.pt - Arquivo Digital","breadcrumb":{"@id":"https:\/\/infocul.pt\/arquivo\/cultura\/director-da-companhia-mascarenhas-martins-reclama-de-atrasos-no-apoios-as-artes\/#breadcrumb"},"inLanguage":"pt-PT","potentialAction":[{"@type":"ReadAction","target":["https:\/\/infocul.pt\/arquivo\/cultura\/director-da-companhia-mascarenhas-martins-reclama-de-atrasos-no-apoios-as-artes\/"]}]},{"@type":"ImageObject","inLanguage":"pt-PT","@id":"https:\/\/infocul.pt\/arquivo\/cultura\/director-da-companhia-mascarenhas-martins-reclama-de-atrasos-no-apoios-as-artes\/#primaryimage","url":"https:\/\/infocul.pt\/arquivo\/wp-content\/uploads\/2016\/03\/Mascarenhas-Martins.jpg","contentUrl":"https:\/\/infocul.pt\/arquivo\/wp-content\/uploads\/2016\/03\/Mascarenhas-Martins.jpg","width":400,"height":400},{"@type":"BreadcrumbList","@id":"https:\/\/infocul.pt\/arquivo\/cultura\/director-da-companhia-mascarenhas-martins-reclama-de-atrasos-no-apoios-as-artes\/#breadcrumb","itemListElement":[{"@type":"ListItem","position":1,"name":"Home","item":"https:\/\/infocul.pt\/arquivo\/"},{"@type":"ListItem","position":2,"name":"Director da Companhia Mascarenhas-Martins reclama de atrasos no apoios \u00e0s artes"}]},{"@type":"WebSite","@id":"https:\/\/infocul.pt\/arquivo\/#website","url":"https:\/\/infocul.pt\/arquivo\/","name":"Infocul.pt - Arquivo Digital","description":"Arquivo digital da Infocul.pt","publisher":{"@id":"https:\/\/infocul.pt\/arquivo\/#organization"},"potentialAction":[{"@type":"SearchAction","target":{"@type":"EntryPoint","urlTemplate":"https:\/\/infocul.pt\/arquivo\/?s={search_term_string}"},"query-input":{"@type":"PropertyValueSpecification","valueRequired":true,"valueName":"search_term_string"}}],"inLanguage":"pt-PT"},{"@type":"Organization","@id":"https:\/\/infocul.pt\/arquivo\/#organization","name":"Infocul.pt","url":"https:\/\/infocul.pt\/arquivo\/","logo":{"@type":"ImageObject","inLanguage":"pt-PT","@id":"https:\/\/infocul.pt\/arquivo\/#\/schema\/logo\/image\/","url":"https:\/\/infocul.pt\/arquivo\/wp-content\/uploads\/2018\/12\/Infocul_logo-1.png","contentUrl":"https:\/\/infocul.pt\/arquivo\/wp-content\/uploads\/2018\/12\/Infocul_logo-1.png","width":800,"height":800,"caption":"Infocul.pt"},"image":{"@id":"https:\/\/infocul.pt\/arquivo\/#\/schema\/logo\/image\/"},"sameAs":["https:\/\/www.facebook.com\/Infocul-147816815585015\/","https:\/\/x.com\/Infoculpt","http:\/\/www.pictaram.com\/user\/infocul.pt\/2370423710","https:\/\/www.youtube.com\/channel\/UCYEB91AGI9FL9ek2i_IaQAA"]},{"@type":"Person","@id":"https:\/\/infocul.pt\/arquivo\/#\/schema\/person\/f243f45ae8d67639120a7586884f3abc","name":"Redac\u00e7\u00e3o","image":{"@type":"ImageObject","inLanguage":"pt-PT","@id":"https:\/\/secure.gravatar.com\/avatar\/151b1b76c598ab5e749407223bd6c1bad4e41c4e95de3c3df83540ebee2deaf8?s=96&d=mm&r=g","url":"https:\/\/secure.gravatar.com\/avatar\/151b1b76c598ab5e749407223bd6c1bad4e41c4e95de3c3df83540ebee2deaf8?s=96&d=mm&r=g","contentUrl":"https:\/\/secure.gravatar.com\/avatar\/151b1b76c598ab5e749407223bd6c1bad4e41c4e95de3c3df83540ebee2deaf8?s=96&d=mm&r=g","caption":"Redac\u00e7\u00e3o"}}]}},"_links":{"self":[{"href":"https:\/\/infocul.pt\/arquivo\/wp-json\/wp\/v2\/posts\/60566","targetHints":{"allow":["GET"]}}],"collection":[{"href":"https:\/\/infocul.pt\/arquivo\/wp-json\/wp\/v2\/posts"}],"about":[{"href":"https:\/\/infocul.pt\/arquivo\/wp-json\/wp\/v2\/types\/post"}],"author":[{"embeddable":true,"href":"https:\/\/infocul.pt\/arquivo\/wp-json\/wp\/v2\/users\/13"}],"replies":[{"embeddable":true,"href":"https:\/\/infocul.pt\/arquivo\/wp-json\/wp\/v2\/comments?post=60566"}],"version-history":[{"count":0,"href":"https:\/\/infocul.pt\/arquivo\/wp-json\/wp\/v2\/posts\/60566\/revisions"}],"wp:featuredmedia":[{"embeddable":true,"href":"https:\/\/infocul.pt\/arquivo\/wp-json\/wp\/v2\/media\/4674"}],"wp:attachment":[{"href":"https:\/\/infocul.pt\/arquivo\/wp-json\/wp\/v2\/media?parent=60566"}],"wp:term":[{"taxonomy":"category","embeddable":true,"href":"https:\/\/infocul.pt\/arquivo\/wp-json\/wp\/v2\/categories?post=60566"},{"taxonomy":"post_tag","embeddable":true,"href":"https:\/\/infocul.pt\/arquivo\/wp-json\/wp\/v2\/tags?post=60566"}],"curies":[{"name":"wp","href":"https:\/\/api.w.org\/{rel}","templated":true}]}}