{"id":60788,"date":"2019-10-08T07:39:38","date_gmt":"2019-10-08T06:39:38","guid":{"rendered":"https:\/\/infocul.pt\/?p=60788"},"modified":"2019-10-08T07:39:38","modified_gmt":"2019-10-08T06:39:38","slug":"o-palco-do-mundo-o-que-fica-a-saudade-e-capacidade-que-temos-de-os-manter-vivos-enquanto-vivos-formos","status":"publish","type":"post","link":"https:\/\/infocul.pt\/arquivo\/destaque\/o-palco-do-mundo-o-que-fica-a-saudade-e-capacidade-que-temos-de-os-manter-vivos-enquanto-vivos-formos\/","title":{"rendered":"O Palco do Mundo &#8211; O que fica&#8230; a saudade e capacidade que temos de os manter vivos, enquanto vivos formos"},"content":{"rendered":"<p><img decoding=\"async\" class=\"aligncenter wp-image-51307 size-full lazyload\" data-src=\"https:\/\/infocul.pt\/arquivo\/wp-content\/uploads\/2019\/01\/DNV_Infocul2019_opalcodomundo_3.jpg\" alt=\"\" width=\"800\" height=\"455\" data-srcset=\"https:\/\/infocul.pt\/arquivo\/wp-content\/uploads\/2019\/01\/DNV_Infocul2019_opalcodomundo_3.jpg 800w, https:\/\/infocul.pt\/arquivo\/wp-content\/uploads\/2019\/01\/DNV_Infocul2019_opalcodomundo_3-300x171.jpg 300w, https:\/\/infocul.pt\/arquivo\/wp-content\/uploads\/2019\/01\/DNV_Infocul2019_opalcodomundo_3-768x437.jpg 768w\" data-sizes=\"(max-width: 800px) 100vw, 800px\" src=\"data:image\/svg+xml;base64,PHN2ZyB3aWR0aD0iMSIgaGVpZ2h0PSIxIiB4bWxucz0iaHR0cDovL3d3dy53My5vcmcvMjAwMC9zdmciPjwvc3ZnPg==\" style=\"--smush-placeholder-width: 800px; --smush-placeholder-aspect-ratio: 800\/455;\" \/><\/p>\n<p>&nbsp;<\/p>\n<p>&nbsp;<\/p>\n<p>A minha \u00faltima semana mudou a minha vida. Ao in\u00edcio da madrugada de domingo, dia 29 de Setembro, chegava a not\u00edcia, que sempre esperamos um dia receber, mas que na verdade, nunca estamos preparados para ela. Passavam alguns minutos da 1h30 quando vi uma mensagem e um conjunto de chamadas n\u00e3o atendidas, e todas traziam a mesma not\u00edcia, a minha av\u00f3 materna, a \u00faltima viva dessa gera\u00e7\u00e3o familiar, acabava de falecer.<!--more--><\/p>\n<p>Tive a felicidade de ter tido os meus quatro av\u00f3s vivos at\u00e9 entrar na idade adulta, a partir da\u00ed, fui os perdendo, fisicamente, ao longo dos \u00faltimos 26 anos (far\u00e1 este m\u00eas). Sim, digo fisicamente, pois encanto eu vivo for e quanto eu tiver mem\u00f3ria, eles v\u00e3o estar sempre comigo. Os seus ensinamentos, as suas personalidades e as suas formas particulares de estar na vida, foram e s\u00e3o um exemplo a seguir. Claro que o nosso c\u00e9rebro est\u00e1 preparado, para na maior parte dos caso e do tempo, lembrarmos-nos somente do bom e tendemos a esquecer o menos bom, mas como qualquer pessoa \u00e9 nessa dicotomia, entre o bom e o menos bom, que nos torna especiais. Por isso digo, os meus av\u00f3s eram pessoas muito especiais.<\/p>\n<p>Claro que eu n\u00e3o sou o que sou, por influ\u00eancia directa dos meus pais, e assim sucessivamente, mas a minha liga\u00e7\u00e3o e proximidade com os meus av\u00f3s, tamb\u00e9m fez com que deles eu bebe-se muito do que sou hoje. O que recebi de cada um deles foi diferente dos que os filhos, meus pais, receberam. Por isso revejo-me em todos, pa\u00eds e av\u00f3s.<\/p>\n<p>No entanto, o luto nem sempre vem no imediato. No imediato, vem a racionaliza\u00e7\u00e3o do que aconteceu porque h\u00e1 muitas decis\u00f5es que t\u00eam de ser tomadas. Passado esse primeiro embate emocional, que mistura a confronta\u00e7\u00e3o com a perda f\u00edsica e a burocracia dos homens, entramos no est\u00e1dio da saudade, da interioriza\u00e7\u00e3o da perda f\u00edsica, da dor dos automatismos di\u00e1rios, que deixam de existir, mas que v\u00e3o existindo por mais um tempo, no fundo de todos os h\u00e1bitos que t\u00ednhamos com aquela pessoa.<\/p>\n<p>Ao fim dos sete dias, ap\u00f3s a morte da minha av\u00f3, regressei a Lisboa. Agora \u00e0 dor da perda, parece que se acrescenta uma dor especial pelo peso da dist\u00e2ncia, que partilho com os meus entes queridos e directos. No caso espec\u00edfico, a minha m\u00e3e e a minha tia. Quando escolhemos viver este tipo de dist\u00e2ncia f\u00edsica, estamos a colocar um valor acrescentado \u00e0 nossa dor.<\/p>\n<p>No meu caso espec\u00edfico, comecei a sentir essa dor, ontem, que nos marca como um ferrete em brasa. O tempo trar\u00e1 a nossa reconcilia\u00e7\u00e3o com o Divino e com o mundo terreno.<\/p>\n<p>Assim, e porque tive a felicidade, de ter av\u00f3s at\u00e9 tarde, aconselho-vos, a que ainda os tem, que os minem muito pois eles tamb\u00e9m s\u00e3o a fonte da nossa vida. Mas n\u00e3o o fa\u00e7am s\u00f3 ao av\u00f3s, fa\u00e7am-no tamb\u00e9m, aos vossos pais, aos vossos familiares pr\u00f3ximos e principalmente \u00e0 fam\u00edlia que escolhemos ao longo a vida, os nossos amigos.<\/p>\n<p>Vale a pena pensar nisto!<\/p>\n","protected":false},"excerpt":{"rendered":"<p>&nbsp; &nbsp; A minha \u00faltima semana mudou a minha vida. Ao in\u00edcio da madrugada de domingo, dia 29 de Setembro, chegava a not\u00edcia, que sempre esperamos um dia receber, mas que na verdade, nunca estamos preparados para ela. Passavam alguns minutos da 1h30 quando vi uma mensagem e um conjunto de chamadas n\u00e3o atendidas, e [&hellip;]<\/p>\n","protected":false},"author":15,"featured_media":59043,"comment_status":"open","ping_status":"closed","sticky":false,"template":"","format":"standard","meta":{"footnotes":""},"categories":[36,4121],"tags":[578,6549],"class_list":["post-60788","post","type-post","status-publish","format-standard","has-post-thumbnail","hentry","category-destaque","category-opiniao","tag-duarte-nuno-vasconcellos","tag-o-palco-do-mundo"],"yoast_head":"<!-- This site is optimized with the Yoast SEO plugin v27.5 - https:\/\/yoast.com\/product\/yoast-seo-wordpress\/ -->\n<title>O Palco do Mundo - O que fica... a saudade e capacidade que temos de os manter vivos, enquanto vivos formos | Infocul.pt - Arquivo Digital<\/title>\n<meta name=\"description\" content=\"O Palco do Mundo - O que fica... a saudade e capacidade que temos de os manter vivos, enquanto vivos formos | Infocul.pt - Arquivo Digital\" \/>\n<meta name=\"robots\" content=\"noindex, follow, max-snippet:-1, max-image-preview:large, max-video-preview:-1\" \/>\n<meta property=\"og:locale\" content=\"pt_PT\" \/>\n<meta property=\"og:type\" content=\"article\" \/>\n<meta property=\"og:title\" content=\"O Palco do Mundo - O que fica... a saudade e capacidade que temos de os manter vivos, enquanto vivos formos | Infocul.pt - Arquivo Digital\" \/>\n<meta property=\"og:description\" content=\"O Palco do Mundo - O que fica... a saudade e capacidade que temos de os manter vivos, enquanto vivos formos | Infocul.pt - Arquivo Digital\" \/>\n<meta property=\"og:url\" content=\"https:\/\/infocul.pt\/arquivo\/destaque\/o-palco-do-mundo-o-que-fica-a-saudade-e-capacidade-que-temos-de-os-manter-vivos-enquanto-vivos-formos\/\" \/>\n<meta property=\"og:site_name\" content=\"Infocul.pt - Arquivo Digital\" \/>\n<meta property=\"article:publisher\" content=\"https:\/\/www.facebook.com\/Infocul-147816815585015\/\" \/>\n<meta property=\"article:published_time\" content=\"2019-10-08T06:39:38+00:00\" \/>\n<meta property=\"og:image\" content=\"https:\/\/infocul.pt\/arquivo\/wp-content\/uploads\/2019\/08\/DNV_Infocul2019_opalcodomundo_3.jpg\" \/>\n\t<meta property=\"og:image:width\" content=\"800\" \/>\n\t<meta property=\"og:image:height\" content=\"455\" \/>\n\t<meta property=\"og:image:type\" content=\"image\/jpeg\" \/>\n<meta name=\"author\" content=\"Duarte Nuno Vasconcellos\" \/>\n<meta name=\"twitter:card\" content=\"summary_large_image\" \/>\n<meta name=\"twitter:creator\" content=\"@Infoculpt\" \/>\n<meta name=\"twitter:site\" content=\"@Infoculpt\" \/>\n<meta name=\"twitter:label1\" content=\"Escrito por\" \/>\n\t<meta name=\"twitter:data1\" content=\"Duarte Nuno Vasconcellos\" \/>\n\t<meta name=\"twitter:label2\" content=\"Tempo estimado de leitura\" \/>\n\t<meta name=\"twitter:data2\" content=\"3 minutos\" \/>\n<script type=\"application\/ld+json\" class=\"yoast-schema-graph\">{\"@context\":\"https:\\\/\\\/schema.org\",\"@graph\":[{\"@type\":\"Article\",\"@id\":\"https:\\\/\\\/infocul.pt\\\/arquivo\\\/destaque\\\/o-palco-do-mundo-o-que-fica-a-saudade-e-capacidade-que-temos-de-os-manter-vivos-enquanto-vivos-formos\\\/#article\",\"isPartOf\":{\"@id\":\"https:\\\/\\\/infocul.pt\\\/arquivo\\\/destaque\\\/o-palco-do-mundo-o-que-fica-a-saudade-e-capacidade-que-temos-de-os-manter-vivos-enquanto-vivos-formos\\\/\"},\"author\":{\"name\":\"Duarte Nuno Vasconcellos\",\"@id\":\"https:\\\/\\\/infocul.pt\\\/arquivo\\\/#\\\/schema\\\/person\\\/294d5236aa41b36a98d6b9ad26b06541\"},\"headline\":\"O Palco do Mundo &#8211; O que fica&#8230; a saudade e capacidade que temos de os manter vivos, enquanto vivos formos\",\"datePublished\":\"2019-10-08T06:39:38+00:00\",\"mainEntityOfPage\":{\"@id\":\"https:\\\/\\\/infocul.pt\\\/arquivo\\\/destaque\\\/o-palco-do-mundo-o-que-fica-a-saudade-e-capacidade-que-temos-de-os-manter-vivos-enquanto-vivos-formos\\\/\"},\"wordCount\":571,\"commentCount\":0,\"publisher\":{\"@id\":\"https:\\\/\\\/infocul.pt\\\/arquivo\\\/#organization\"},\"image\":{\"@id\":\"https:\\\/\\\/infocul.pt\\\/arquivo\\\/destaque\\\/o-palco-do-mundo-o-que-fica-a-saudade-e-capacidade-que-temos-de-os-manter-vivos-enquanto-vivos-formos\\\/#primaryimage\"},\"thumbnailUrl\":\"https:\\\/\\\/infocul.pt\\\/arquivo\\\/wp-content\\\/uploads\\\/2019\\\/08\\\/DNV_Infocul2019_opalcodomundo_3.jpg\",\"keywords\":[\"Duarte Nuno Vasconcellos\",\"O Palco do Mundo\"],\"articleSection\":[\"Destaque\",\"Opini\u00e3o\"],\"inLanguage\":\"pt-PT\"},{\"@type\":\"WebPage\",\"@id\":\"https:\\\/\\\/infocul.pt\\\/arquivo\\\/destaque\\\/o-palco-do-mundo-o-que-fica-a-saudade-e-capacidade-que-temos-de-os-manter-vivos-enquanto-vivos-formos\\\/\",\"url\":\"https:\\\/\\\/infocul.pt\\\/arquivo\\\/destaque\\\/o-palco-do-mundo-o-que-fica-a-saudade-e-capacidade-que-temos-de-os-manter-vivos-enquanto-vivos-formos\\\/\",\"name\":\"O Palco do Mundo - O que fica... a saudade e capacidade que temos de os manter vivos, enquanto vivos formos | Infocul.pt - Arquivo Digital\",\"isPartOf\":{\"@id\":\"https:\\\/\\\/infocul.pt\\\/arquivo\\\/#website\"},\"primaryImageOfPage\":{\"@id\":\"https:\\\/\\\/infocul.pt\\\/arquivo\\\/destaque\\\/o-palco-do-mundo-o-que-fica-a-saudade-e-capacidade-que-temos-de-os-manter-vivos-enquanto-vivos-formos\\\/#primaryimage\"},\"image\":{\"@id\":\"https:\\\/\\\/infocul.pt\\\/arquivo\\\/destaque\\\/o-palco-do-mundo-o-que-fica-a-saudade-e-capacidade-que-temos-de-os-manter-vivos-enquanto-vivos-formos\\\/#primaryimage\"},\"thumbnailUrl\":\"https:\\\/\\\/infocul.pt\\\/arquivo\\\/wp-content\\\/uploads\\\/2019\\\/08\\\/DNV_Infocul2019_opalcodomundo_3.jpg\",\"datePublished\":\"2019-10-08T06:39:38+00:00\",\"description\":\"O Palco do Mundo - O que fica... a saudade e capacidade que temos de os manter vivos, enquanto vivos formos | Infocul.pt - Arquivo Digital\",\"breadcrumb\":{\"@id\":\"https:\\\/\\\/infocul.pt\\\/arquivo\\\/destaque\\\/o-palco-do-mundo-o-que-fica-a-saudade-e-capacidade-que-temos-de-os-manter-vivos-enquanto-vivos-formos\\\/#breadcrumb\"},\"inLanguage\":\"pt-PT\",\"potentialAction\":[{\"@type\":\"ReadAction\",\"target\":[\"https:\\\/\\\/infocul.pt\\\/arquivo\\\/destaque\\\/o-palco-do-mundo-o-que-fica-a-saudade-e-capacidade-que-temos-de-os-manter-vivos-enquanto-vivos-formos\\\/\"]}]},{\"@type\":\"ImageObject\",\"inLanguage\":\"pt-PT\",\"@id\":\"https:\\\/\\\/infocul.pt\\\/arquivo\\\/destaque\\\/o-palco-do-mundo-o-que-fica-a-saudade-e-capacidade-que-temos-de-os-manter-vivos-enquanto-vivos-formos\\\/#primaryimage\",\"url\":\"https:\\\/\\\/infocul.pt\\\/arquivo\\\/wp-content\\\/uploads\\\/2019\\\/08\\\/DNV_Infocul2019_opalcodomundo_3.jpg\",\"contentUrl\":\"https:\\\/\\\/infocul.pt\\\/arquivo\\\/wp-content\\\/uploads\\\/2019\\\/08\\\/DNV_Infocul2019_opalcodomundo_3.jpg\",\"width\":800,\"height\":455},{\"@type\":\"BreadcrumbList\",\"@id\":\"https:\\\/\\\/infocul.pt\\\/arquivo\\\/destaque\\\/o-palco-do-mundo-o-que-fica-a-saudade-e-capacidade-que-temos-de-os-manter-vivos-enquanto-vivos-formos\\\/#breadcrumb\",\"itemListElement\":[{\"@type\":\"ListItem\",\"position\":1,\"name\":\"Home\",\"item\":\"https:\\\/\\\/infocul.pt\\\/arquivo\\\/\"},{\"@type\":\"ListItem\",\"position\":2,\"name\":\"O Palco do Mundo &#8211; O que fica&#8230; a saudade e capacidade que temos de os manter vivos, enquanto vivos formos\"}]},{\"@type\":\"WebSite\",\"@id\":\"https:\\\/\\\/infocul.pt\\\/arquivo\\\/#website\",\"url\":\"https:\\\/\\\/infocul.pt\\\/arquivo\\\/\",\"name\":\"Infocul.pt - Arquivo Digital\",\"description\":\"Arquivo digital da Infocul.pt\",\"publisher\":{\"@id\":\"https:\\\/\\\/infocul.pt\\\/arquivo\\\/#organization\"},\"potentialAction\":[{\"@type\":\"SearchAction\",\"target\":{\"@type\":\"EntryPoint\",\"urlTemplate\":\"https:\\\/\\\/infocul.pt\\\/arquivo\\\/?s={search_term_string}\"},\"query-input\":{\"@type\":\"PropertyValueSpecification\",\"valueRequired\":true,\"valueName\":\"search_term_string\"}}],\"inLanguage\":\"pt-PT\"},{\"@type\":\"Organization\",\"@id\":\"https:\\\/\\\/infocul.pt\\\/arquivo\\\/#organization\",\"name\":\"Infocul.pt\",\"url\":\"https:\\\/\\\/infocul.pt\\\/arquivo\\\/\",\"logo\":{\"@type\":\"ImageObject\",\"inLanguage\":\"pt-PT\",\"@id\":\"https:\\\/\\\/infocul.pt\\\/arquivo\\\/#\\\/schema\\\/logo\\\/image\\\/\",\"url\":\"https:\\\/\\\/infocul.pt\\\/arquivo\\\/wp-content\\\/uploads\\\/2018\\\/12\\\/Infocul_logo-1.png\",\"contentUrl\":\"https:\\\/\\\/infocul.pt\\\/arquivo\\\/wp-content\\\/uploads\\\/2018\\\/12\\\/Infocul_logo-1.png\",\"width\":800,\"height\":800,\"caption\":\"Infocul.pt\"},\"image\":{\"@id\":\"https:\\\/\\\/infocul.pt\\\/arquivo\\\/#\\\/schema\\\/logo\\\/image\\\/\"},\"sameAs\":[\"https:\\\/\\\/www.facebook.com\\\/Infocul-147816815585015\\\/\",\"https:\\\/\\\/x.com\\\/Infoculpt\",\"http:\\\/\\\/www.pictaram.com\\\/user\\\/infocul.pt\\\/2370423710\",\"https:\\\/\\\/www.youtube.com\\\/channel\\\/UCYEB91AGI9FL9ek2i_IaQAA\"]},{\"@type\":\"Person\",\"@id\":\"https:\\\/\\\/infocul.pt\\\/arquivo\\\/#\\\/schema\\\/person\\\/294d5236aa41b36a98d6b9ad26b06541\",\"name\":\"Duarte Nuno Vasconcellos\",\"image\":{\"@type\":\"ImageObject\",\"inLanguage\":\"pt-PT\",\"@id\":\"https:\\\/\\\/secure.gravatar.com\\\/avatar\\\/e1c8c3381f86a40a3650486d5b2947ca54f9a1647f526e424608baea85a84b07?s=96&d=mm&r=g\",\"url\":\"https:\\\/\\\/secure.gravatar.com\\\/avatar\\\/e1c8c3381f86a40a3650486d5b2947ca54f9a1647f526e424608baea85a84b07?s=96&d=mm&r=g\",\"contentUrl\":\"https:\\\/\\\/secure.gravatar.com\\\/avatar\\\/e1c8c3381f86a40a3650486d5b2947ca54f9a1647f526e424608baea85a84b07?s=96&d=mm&r=g\",\"caption\":\"Duarte Nuno Vasconcellos\"},\"description\":\"Licenciado em Hist\u00f3ria pela Universidade Aut\u00f3noma de Lisboa, fez alguns trabalhos na sua \u00e1rea de forma\u00e7\u00e3o mas cedo come\u00e7ou a trabalhar em produ\u00e7\u00e3o. Iniciou o seu percurso profissional pelas m\u00e3os de Simone de Oliveira, como assistente de produ\u00e7\u00e3o para o programa de entrevista da RTP Internacional Caf\u00e9 Lisboa, em 1998. Entre 1999 e 2002, exerceu fun\u00e7\u00f5es como produtor de locais, produtor de exteriores e respons\u00e1vel de elenco adicional e figura\u00e7\u00e3o no grupo NBP, hoje Plural Enterteinement. A sua liga\u00e7\u00e3o ao teatro come\u00e7a em 2003 quando assume fun\u00e7\u00f5es de produ\u00e7\u00e3o e respons\u00e1vel de bilheteira da Companhia Teatral do Chiado. Fun\u00e7\u00e3o que ocupou at\u00e9 2007, voltando a ocup\u00e1-la entre 2009 e 2011. Entre 2007 e 2009 fui produtor na Mandala e booker de actores e gestor de backoffice na Elite Portugal. Fundou, em 2011, a Buzico! damos palco \u00e0s suas paix\u00f5es, inicialmente actuado como produtora de espect\u00e1culo, Buzico! Produ\u00e7\u00f5es Art\u00edsticas, em 2014 lan\u00e7ou a \u00e1rea de agenciamento de actores, a Buzico! Actores, e no in\u00edcio de 2018 lan\u00e7ou a B! Motion, vocacionada para o desenvolvimento de conte\u00fados audiovisuais, bem como, a gest\u00e3o e programa\u00e7\u00e3o do Canal de Youtube com o mesmo nome. Em 2017, foi convidado pelo CDS Lisboa a integrar as listas da candidatura Nossa Lisboa \u00e0 Assembleia de Freguesia da Miseric\u00f3rdia, para qual foi eleito a 1 de Outubro. Em Maio de 2018, foi convidado pelo Presidente da Concelhia de Lisboa do CDS, Diogo Moura, para ser Coordenador da \u00c1rea da Cultura do Conselho Consultivo de Lisboa.\",\"sameAs\":[\"https:\\\/\\\/www.facebook.com\\\/duartenunovasconcellos\\\/?ref=br_rs\"]}]}<\/script>\n<!-- \/ Yoast SEO plugin. -->","yoast_head_json":{"title":"O Palco do Mundo - O que fica... a saudade e capacidade que temos de os manter vivos, enquanto vivos formos | Infocul.pt - Arquivo Digital","description":"O Palco do Mundo - O que fica... a saudade e capacidade que temos de os manter vivos, enquanto vivos formos | Infocul.pt - Arquivo Digital","robots":{"index":"noindex","follow":"follow","max-snippet":"max-snippet:-1","max-image-preview":"max-image-preview:large","max-video-preview":"max-video-preview:-1"},"og_locale":"pt_PT","og_type":"article","og_title":"O Palco do Mundo - O que fica... a saudade e capacidade que temos de os manter vivos, enquanto vivos formos | Infocul.pt - Arquivo Digital","og_description":"O Palco do Mundo - O que fica... a saudade e capacidade que temos de os manter vivos, enquanto vivos formos | Infocul.pt - Arquivo Digital","og_url":"https:\/\/infocul.pt\/arquivo\/destaque\/o-palco-do-mundo-o-que-fica-a-saudade-e-capacidade-que-temos-de-os-manter-vivos-enquanto-vivos-formos\/","og_site_name":"Infocul.pt - Arquivo Digital","article_publisher":"https:\/\/www.facebook.com\/Infocul-147816815585015\/","article_published_time":"2019-10-08T06:39:38+00:00","og_image":[{"width":800,"height":455,"url":"https:\/\/infocul.pt\/arquivo\/wp-content\/uploads\/2019\/08\/DNV_Infocul2019_opalcodomundo_3.jpg","type":"image\/jpeg"}],"author":"Duarte Nuno Vasconcellos","twitter_card":"summary_large_image","twitter_creator":"@Infoculpt","twitter_site":"@Infoculpt","twitter_misc":{"Escrito por":"Duarte Nuno Vasconcellos","Tempo estimado de leitura":"3 minutos"},"schema":{"@context":"https:\/\/schema.org","@graph":[{"@type":"Article","@id":"https:\/\/infocul.pt\/arquivo\/destaque\/o-palco-do-mundo-o-que-fica-a-saudade-e-capacidade-que-temos-de-os-manter-vivos-enquanto-vivos-formos\/#article","isPartOf":{"@id":"https:\/\/infocul.pt\/arquivo\/destaque\/o-palco-do-mundo-o-que-fica-a-saudade-e-capacidade-que-temos-de-os-manter-vivos-enquanto-vivos-formos\/"},"author":{"name":"Duarte Nuno Vasconcellos","@id":"https:\/\/infocul.pt\/arquivo\/#\/schema\/person\/294d5236aa41b36a98d6b9ad26b06541"},"headline":"O Palco do Mundo &#8211; O que fica&#8230; a saudade e capacidade que temos de os manter vivos, enquanto vivos formos","datePublished":"2019-10-08T06:39:38+00:00","mainEntityOfPage":{"@id":"https:\/\/infocul.pt\/arquivo\/destaque\/o-palco-do-mundo-o-que-fica-a-saudade-e-capacidade-que-temos-de-os-manter-vivos-enquanto-vivos-formos\/"},"wordCount":571,"commentCount":0,"publisher":{"@id":"https:\/\/infocul.pt\/arquivo\/#organization"},"image":{"@id":"https:\/\/infocul.pt\/arquivo\/destaque\/o-palco-do-mundo-o-que-fica-a-saudade-e-capacidade-que-temos-de-os-manter-vivos-enquanto-vivos-formos\/#primaryimage"},"thumbnailUrl":"https:\/\/infocul.pt\/arquivo\/wp-content\/uploads\/2019\/08\/DNV_Infocul2019_opalcodomundo_3.jpg","keywords":["Duarte Nuno Vasconcellos","O Palco do Mundo"],"articleSection":["Destaque","Opini\u00e3o"],"inLanguage":"pt-PT"},{"@type":"WebPage","@id":"https:\/\/infocul.pt\/arquivo\/destaque\/o-palco-do-mundo-o-que-fica-a-saudade-e-capacidade-que-temos-de-os-manter-vivos-enquanto-vivos-formos\/","url":"https:\/\/infocul.pt\/arquivo\/destaque\/o-palco-do-mundo-o-que-fica-a-saudade-e-capacidade-que-temos-de-os-manter-vivos-enquanto-vivos-formos\/","name":"O Palco do Mundo - O que fica... a saudade e capacidade que temos de os manter vivos, enquanto vivos formos | Infocul.pt - Arquivo Digital","isPartOf":{"@id":"https:\/\/infocul.pt\/arquivo\/#website"},"primaryImageOfPage":{"@id":"https:\/\/infocul.pt\/arquivo\/destaque\/o-palco-do-mundo-o-que-fica-a-saudade-e-capacidade-que-temos-de-os-manter-vivos-enquanto-vivos-formos\/#primaryimage"},"image":{"@id":"https:\/\/infocul.pt\/arquivo\/destaque\/o-palco-do-mundo-o-que-fica-a-saudade-e-capacidade-que-temos-de-os-manter-vivos-enquanto-vivos-formos\/#primaryimage"},"thumbnailUrl":"https:\/\/infocul.pt\/arquivo\/wp-content\/uploads\/2019\/08\/DNV_Infocul2019_opalcodomundo_3.jpg","datePublished":"2019-10-08T06:39:38+00:00","description":"O Palco do Mundo - O que fica... a saudade e capacidade que temos de os manter vivos, enquanto vivos formos | Infocul.pt - Arquivo Digital","breadcrumb":{"@id":"https:\/\/infocul.pt\/arquivo\/destaque\/o-palco-do-mundo-o-que-fica-a-saudade-e-capacidade-que-temos-de-os-manter-vivos-enquanto-vivos-formos\/#breadcrumb"},"inLanguage":"pt-PT","potentialAction":[{"@type":"ReadAction","target":["https:\/\/infocul.pt\/arquivo\/destaque\/o-palco-do-mundo-o-que-fica-a-saudade-e-capacidade-que-temos-de-os-manter-vivos-enquanto-vivos-formos\/"]}]},{"@type":"ImageObject","inLanguage":"pt-PT","@id":"https:\/\/infocul.pt\/arquivo\/destaque\/o-palco-do-mundo-o-que-fica-a-saudade-e-capacidade-que-temos-de-os-manter-vivos-enquanto-vivos-formos\/#primaryimage","url":"https:\/\/infocul.pt\/arquivo\/wp-content\/uploads\/2019\/08\/DNV_Infocul2019_opalcodomundo_3.jpg","contentUrl":"https:\/\/infocul.pt\/arquivo\/wp-content\/uploads\/2019\/08\/DNV_Infocul2019_opalcodomundo_3.jpg","width":800,"height":455},{"@type":"BreadcrumbList","@id":"https:\/\/infocul.pt\/arquivo\/destaque\/o-palco-do-mundo-o-que-fica-a-saudade-e-capacidade-que-temos-de-os-manter-vivos-enquanto-vivos-formos\/#breadcrumb","itemListElement":[{"@type":"ListItem","position":1,"name":"Home","item":"https:\/\/infocul.pt\/arquivo\/"},{"@type":"ListItem","position":2,"name":"O Palco do Mundo &#8211; O que fica&#8230; a saudade e capacidade que temos de os manter vivos, enquanto vivos formos"}]},{"@type":"WebSite","@id":"https:\/\/infocul.pt\/arquivo\/#website","url":"https:\/\/infocul.pt\/arquivo\/","name":"Infocul.pt - Arquivo Digital","description":"Arquivo digital da Infocul.pt","publisher":{"@id":"https:\/\/infocul.pt\/arquivo\/#organization"},"potentialAction":[{"@type":"SearchAction","target":{"@type":"EntryPoint","urlTemplate":"https:\/\/infocul.pt\/arquivo\/?s={search_term_string}"},"query-input":{"@type":"PropertyValueSpecification","valueRequired":true,"valueName":"search_term_string"}}],"inLanguage":"pt-PT"},{"@type":"Organization","@id":"https:\/\/infocul.pt\/arquivo\/#organization","name":"Infocul.pt","url":"https:\/\/infocul.pt\/arquivo\/","logo":{"@type":"ImageObject","inLanguage":"pt-PT","@id":"https:\/\/infocul.pt\/arquivo\/#\/schema\/logo\/image\/","url":"https:\/\/infocul.pt\/arquivo\/wp-content\/uploads\/2018\/12\/Infocul_logo-1.png","contentUrl":"https:\/\/infocul.pt\/arquivo\/wp-content\/uploads\/2018\/12\/Infocul_logo-1.png","width":800,"height":800,"caption":"Infocul.pt"},"image":{"@id":"https:\/\/infocul.pt\/arquivo\/#\/schema\/logo\/image\/"},"sameAs":["https:\/\/www.facebook.com\/Infocul-147816815585015\/","https:\/\/x.com\/Infoculpt","http:\/\/www.pictaram.com\/user\/infocul.pt\/2370423710","https:\/\/www.youtube.com\/channel\/UCYEB91AGI9FL9ek2i_IaQAA"]},{"@type":"Person","@id":"https:\/\/infocul.pt\/arquivo\/#\/schema\/person\/294d5236aa41b36a98d6b9ad26b06541","name":"Duarte Nuno Vasconcellos","image":{"@type":"ImageObject","inLanguage":"pt-PT","@id":"https:\/\/secure.gravatar.com\/avatar\/e1c8c3381f86a40a3650486d5b2947ca54f9a1647f526e424608baea85a84b07?s=96&d=mm&r=g","url":"https:\/\/secure.gravatar.com\/avatar\/e1c8c3381f86a40a3650486d5b2947ca54f9a1647f526e424608baea85a84b07?s=96&d=mm&r=g","contentUrl":"https:\/\/secure.gravatar.com\/avatar\/e1c8c3381f86a40a3650486d5b2947ca54f9a1647f526e424608baea85a84b07?s=96&d=mm&r=g","caption":"Duarte Nuno Vasconcellos"},"description":"Licenciado em Hist\u00f3ria pela Universidade Aut\u00f3noma de Lisboa, fez alguns trabalhos na sua \u00e1rea de forma\u00e7\u00e3o mas cedo come\u00e7ou a trabalhar em produ\u00e7\u00e3o. Iniciou o seu percurso profissional pelas m\u00e3os de Simone de Oliveira, como assistente de produ\u00e7\u00e3o para o programa de entrevista da RTP Internacional Caf\u00e9 Lisboa, em 1998. Entre 1999 e 2002, exerceu fun\u00e7\u00f5es como produtor de locais, produtor de exteriores e respons\u00e1vel de elenco adicional e figura\u00e7\u00e3o no grupo NBP, hoje Plural Enterteinement. A sua liga\u00e7\u00e3o ao teatro come\u00e7a em 2003 quando assume fun\u00e7\u00f5es de produ\u00e7\u00e3o e respons\u00e1vel de bilheteira da Companhia Teatral do Chiado. Fun\u00e7\u00e3o que ocupou at\u00e9 2007, voltando a ocup\u00e1-la entre 2009 e 2011. Entre 2007 e 2009 fui produtor na Mandala e booker de actores e gestor de backoffice na Elite Portugal. Fundou, em 2011, a Buzico! damos palco \u00e0s suas paix\u00f5es, inicialmente actuado como produtora de espect\u00e1culo, Buzico! Produ\u00e7\u00f5es Art\u00edsticas, em 2014 lan\u00e7ou a \u00e1rea de agenciamento de actores, a Buzico! Actores, e no in\u00edcio de 2018 lan\u00e7ou a B! Motion, vocacionada para o desenvolvimento de conte\u00fados audiovisuais, bem como, a gest\u00e3o e programa\u00e7\u00e3o do Canal de Youtube com o mesmo nome. Em 2017, foi convidado pelo CDS Lisboa a integrar as listas da candidatura Nossa Lisboa \u00e0 Assembleia de Freguesia da Miseric\u00f3rdia, para qual foi eleito a 1 de Outubro. Em Maio de 2018, foi convidado pelo Presidente da Concelhia de Lisboa do CDS, Diogo Moura, para ser Coordenador da \u00c1rea da Cultura do Conselho Consultivo de Lisboa.","sameAs":["https:\/\/www.facebook.com\/duartenunovasconcellos\/?ref=br_rs"]}]}},"_links":{"self":[{"href":"https:\/\/infocul.pt\/arquivo\/wp-json\/wp\/v2\/posts\/60788","targetHints":{"allow":["GET"]}}],"collection":[{"href":"https:\/\/infocul.pt\/arquivo\/wp-json\/wp\/v2\/posts"}],"about":[{"href":"https:\/\/infocul.pt\/arquivo\/wp-json\/wp\/v2\/types\/post"}],"author":[{"embeddable":true,"href":"https:\/\/infocul.pt\/arquivo\/wp-json\/wp\/v2\/users\/15"}],"replies":[{"embeddable":true,"href":"https:\/\/infocul.pt\/arquivo\/wp-json\/wp\/v2\/comments?post=60788"}],"version-history":[{"count":0,"href":"https:\/\/infocul.pt\/arquivo\/wp-json\/wp\/v2\/posts\/60788\/revisions"}],"wp:featuredmedia":[{"embeddable":true,"href":"https:\/\/infocul.pt\/arquivo\/wp-json\/wp\/v2\/media\/59043"}],"wp:attachment":[{"href":"https:\/\/infocul.pt\/arquivo\/wp-json\/wp\/v2\/media?parent=60788"}],"wp:term":[{"taxonomy":"category","embeddable":true,"href":"https:\/\/infocul.pt\/arquivo\/wp-json\/wp\/v2\/categories?post=60788"},{"taxonomy":"post_tag","embeddable":true,"href":"https:\/\/infocul.pt\/arquivo\/wp-json\/wp\/v2\/tags?post=60788"}],"curies":[{"name":"wp","href":"https:\/\/api.w.org\/{rel}","templated":true}]}}