{"id":60879,"date":"2019-10-11T00:00:35","date_gmt":"2019-10-10T23:00:35","guid":{"rendered":"https:\/\/infocul.pt\/?p=60879"},"modified":"2019-10-11T02:34:25","modified_gmt":"2019-10-11T01:34:25","slug":"carlos-menezes-lanca-groove-grooving-o-musico-esta-ao-servico-da-musica-e-nunca-ao-contrario","status":"publish","type":"post","link":"https:\/\/infocul.pt\/arquivo\/cultura\/carlos-menezes-lanca-groove-grooving-o-musico-esta-ao-servico-da-musica-e-nunca-ao-contrario\/","title":{"rendered":"Carlos Menezes lan\u00e7a &#8216;Groove Grooving&#8217;: &#8220;O m\u00fasico est\u00e1 ao servi\u00e7o da m\u00fasica e nunca ao contr\u00e1rio&#8221;"},"content":{"rendered":"<p><img decoding=\"async\" class=\"aligncenter wp-image-60880 size-full lazyload\" data-src=\"https:\/\/infocul.pt\/arquivo\/wp-content\/uploads\/2019\/10\/carlos1.jpg\" alt=\"\" width=\"640\" height=\"640\" data-srcset=\"https:\/\/infocul.pt\/arquivo\/wp-content\/uploads\/2019\/10\/carlos1.jpg 640w, https:\/\/infocul.pt\/arquivo\/wp-content\/uploads\/2019\/10\/carlos1-150x150.jpg 150w, https:\/\/infocul.pt\/arquivo\/wp-content\/uploads\/2019\/10\/carlos1-300x300.jpg 300w\" data-sizes=\"(max-width: 640px) 100vw, 640px\" src=\"data:image\/svg+xml;base64,PHN2ZyB3aWR0aD0iMSIgaGVpZ2h0PSIxIiB4bWxucz0iaHR0cDovL3d3dy53My5vcmcvMjAwMC9zdmciPjwvc3ZnPg==\" style=\"--smush-placeholder-width: 640px; --smush-placeholder-aspect-ratio: 640\/640;\" \/><\/p>\n<p>&nbsp;<\/p>\n<p>&nbsp;<\/p>\n<p>Um dos melhores discos que ouvi este ano tem a assinatura de <a href=\"https:\/\/www.facebook.com\/carlosbassmenezes\/?ref=br_rs\" target=\"_blank\" rel=\"noopener noreferrer\">Carlos Menezes<\/a> e intitula-se \u2018Groove Grooving\u2019. Em entrevista ao Infocul, Carlos Menezes falou sobre este disco, sobe o seu percurso e tamb\u00e9m sobre o Alentejo.<!--more--><\/p>\n<p>O m\u00fasico alentejano apresenta um disco que pode ser enquadrado no Jazz Fus\u00e3o, com convidados de excep\u00e7\u00e3o e um alinhamento que em nenhum momento torna o disco desinteressante.<\/p>\n<p>O que mais se destaca neste disco \u00e9 a extraordin\u00e1ria sensibilidade, reconhecida pelos ses pares e por quem lhe \u00e9 pr\u00f3ximo, de Carlos Menezes.<\/p>\n<p>Nem sempre a qualidade \u00e9 sin\u00f3nimo de grande reconhecimento p\u00fablico, por\u00e9m Carlos Menezes prova que quando a m\u00fasica \u00e9 servida, e n\u00e3o o inverso, a Arte (na sua forma mais pura e genu\u00edna) arrebatam quem a ela est\u00e1 dispon\u00edvel para a apreciar.<\/p>\n<p>Neste disco conta com as participa\u00e7\u00f5es especiais de Mara, Soukaina Fahsi, Joana Ricardo e Rui Nuno. Os m\u00fasicos que integram este disco s\u00e3o (al\u00e9m do pr\u00f3prio Carlos Menezes) M\u00e1rio Lopes, Rui Gon\u00e7alves, Rodrigo Lino, S\u00e9rgio Rodrigues, Jo\u00e3o Bai\u00e3o, Jean Marie e Nilson Dourado. A produ\u00e7\u00e3o tem assinatura de Carlos Menezes, sendo destaque ainda tr\u00eas temas com assinatura, na letra, de Carlos Leit\u00e3o.<\/p>\n<h3 style=\"text-align: center;\">Apresentamos de seguida a entrevista, na \u00edntegra, a Carlos Menezes:<\/h3>\n<p><i>O que diria Carlos Menezes, enquanto consumidor e amante de m\u00fasica, ao m\u00fasico Carlos Menezes, ap\u00f3s ouvir este disco?<\/i><\/p>\n<p><i><b>Ol\u00e1 Rui, \u00e9 para mim muito dif\u00edcil responder a esta quest\u00e3o, mas vou tentar. Quando comecei a ouvir jazz foi com este tipo de som, Jazz fus\u00e3o, tinha o sonho de um dia poder tocar este g\u00e9nero, mas longe de mim pensar em gravar. O disco \u00e9 um tributo a esse sonho, acho que \u00e9 um disco bem conseguido.<\/b><\/i><\/p>\n<p><i>H\u00e1 quanto tempo tinhas estes temas \u2018na gaveta\u2019?<\/i><\/p>\n<p><i><b>Os temas foram sendo constru\u00eddos ao logo dos anos e de uma forma muito solit\u00e1ria. Sempre que surgia alguma viv\u00eancia intensa, e que de alguma forma me marcava, eu \u201caproveitava\u201d esse estado de alma e compunha. <\/b><\/i><\/p>\n<p><i>Os temas estavam na gaveta por timidez?<\/i><\/p>\n<p><i><b>Por timidez e por achar que era algo demasiado intimo. Na verdade o meu percurso musical \u00e9 amplo e inclu\u00ed v\u00e1rios g\u00e9neros musicais, Erudito, \u00c9tnico, Pop e efectivamente \u00e9 onde sou mais reconhecido. Portanto, para muitos este \u00e1lbum poder\u00e1 ter sido uma surpresa.<\/b><\/i><\/p>\n<p>&nbsp;<\/p>\n<p><i>Quais as palavras de M\u00e1rio Lopes que te despertaram a vontade de nos presenteares com este disco?<\/i><\/p>\n<p><i><b>Foi muito simples, o M\u00e1rio ouviu dois temas e disse:<br \/>\n<\/b><\/i><i><b>-Temos de gravar isto! \u00c9s maluco! Tens isto aqui guardado. Bora l\u00e1!<br \/>\n<\/b><\/i><i><b>Eu n\u00e3o hesitei e gravei com os meu pr\u00f3prios meios e com a ajuda t\u00e9cnica de alguns amigos.<\/b><\/i><\/p>\n<p>&nbsp;<\/p>\n<p>Quando est\u00e1s a produzir e gravar um disco teu, em algum momento pensas naquilo que poder\u00e1 ser a reac\u00e7\u00e3o do p\u00fablico?<\/p>\n<p><i><b>Para mim, enquanto m\u00fasico, a reac\u00e7\u00e3o do p\u00fablico \u00e9 importante e pelo qual eu tenho muita considera\u00e7\u00e3o, no entanto, confesso que no meu trabalho a solo sou fiel ao meu cora\u00e7\u00e3o.<\/b><\/i><\/p>\n<p><i>Apresentaste este disco na edi\u00e7\u00e3o deste ano do Artes \u00e0 Rua. Apresentar o disco perante as tuas gentes \u00e9 uma responsabilidade maior ou d\u00e1 mais conforto?<\/i><\/p>\n<p><i><b>\u00c9 uma responsabilidade acrescida tocar para amigos na terra que nos viu crescer enquanto m\u00fasicos. Apesar de sentir que n\u00e3o tenho que provar alguma coisa, n\u00e3o deixa de ser dif\u00edcil. O \u00fanico a quem devo provar alguma coisa \u00e9 apenas a mim pr\u00f3prio.<\/b><\/i><\/p>\n<p><i>Consideras que o Jazz \u00e9 apreciado ou valorizado em Portugal? Ou \u00e9 um g\u00e9nero musical \u2018de nicho\u2019?<\/i><\/p>\n<p><i><b>Estou muito fora desse nicho de mercado. Acho que \u00e9 um mercado muito fechado, que continua a ser s\u00f3 para alguns ouvintes. Acho que ainda n\u00e3o foi valorizado pelo grande p\u00fablico.<\/b><\/i><\/p>\n<p>&nbsp;<\/p>\n<p><i>Dois dos t\u00edtulos que d\u00e1s aos temas s\u00e3o num\u00e9ricos. A faixa 4 intitula-se \u201815\/8\u2019 e a faixa 6 intitula-se \u201810\/16\u2019. T\u00eam algum significado especial e que possas desvendar?<\/i><\/p>\n<p><i><b>Estes t\u00edtulos s\u00e3o muito f\u00e1ceis de explicar, s\u00e3o compassos musicais que usei nestes temas. Foi uma brincadeira. <\/b><\/i><\/p>\n<p>&nbsp;<\/p>\n<p>&nbsp;<\/p>\n<p><i>Tens convidados neste disco. Porqu\u00ea a escolha de cada um deles?<\/i><\/p>\n<p><i><b>Em primeiro lugar tive de escolher os m\u00fasicos para formar a banda base do \u00e1lbum. Tive a preocupa\u00e7\u00e3o de escolher m\u00fasicos do Alentejo de forma a mostrar a qualidade que existe por aqui. Foram eles M\u00e1rio Lopes (bateria), Rodrigo Lino (Sax), Jo\u00e3o Bai\u00e3o (Guitarra) e o pianista S\u00e9rgio Rodrigues de Lisboa.<\/b><\/i><\/p>\n<p><i><b>Relativamente aos convidados come\u00e7o pela Mara. Para mim seria imperativo a sua participa\u00e7\u00e3o pois para al\u00e9m de a considerar uma grande amiga, considero tamb\u00e9m que \u00e9 uma das grande vozes do nosso pais.<\/b><\/i><\/p>\n<p><i><b>Seguidamente convidei o Rui Gon\u00e7alves que se revelou muito importante no meu gosto musical pois foi ele que me despertou o interesse pelo jazz. O Rui \u00e9 natural de Estremoz como eu e \u00e9 um dos maiores m\u00fasicos que conhe\u00e7o. Nasceu para ser m\u00fasico.<\/b><\/i><\/p>\n<p><i><b>A Joana convidei por v\u00e1rios motivos, mas o principal foi para que as pessoas pudessem ouvir o seu timbre e conhecer o seu gosto \u00fanico. A Joana tamb\u00e9m \u00e9 do Alentejo.<\/b><\/i><\/p>\n<p><i><b>O Jean Marie \u00e9 um musico incr\u00edvel que conheci numa tour que fiz pelo <\/b><\/i><i><b>Mediterr\u00e2neo<\/b><\/i><i><b> com a orquestra do Festival Sete Sois e fic\u00e1mos amigos. O tema \u201cTan\u00e3o\u201d compus de prop\u00f3sito para ele.<\/b><\/i><\/p>\n<p><i><b>A Soukaina \u00e9 uma cantora Marroquina que conheci este ano tamb\u00e9m no festival sete sois e com quem toquei pelo Mediterr\u00e2neo, \u00c1frica e \u00c1sia. \u00c9 uma cantora surpreendente com uma capacidade de improvisa\u00e7\u00e3o fant\u00e1stica. Foi a ultima a ser convidada numa fase em que o disco esta praticamente feito.<\/b><\/i><\/p>\n<p><i><b>O Nilson Dourado foi chamado para o tema \u201cBrasiu\u201d que \u00e9 a sua cara, tocou o bandeiro brasileiro e percuss\u00f5es. O Nilson \u00e9 para mim o significado de mistura entre o Brasil e Portugal.<\/b><\/i><\/p>\n<p><i><b>O Carlos Leit\u00e3o escreveu as tr\u00eas letras do \u00e1lbum e ficarei para sempre agradecido, pois ningu\u00e9m me conhece melhor do que ele.<\/b><\/i><\/p>\n<p><i><b>O Rui Nuno foi o declamador de uma das letras que fala do Alentejo, o tema \u201cTibi\u201d.<\/b><\/i><\/p>\n<p>&nbsp;<\/p>\n<p>&nbsp;<\/p>\n<p>Porqu\u00ea \u2018Groove Grooving\u2019 como nome deste disco?<\/p>\n<p><i><b>Porque todo o disco tem frases de groove de baixo e pareceu-me adequado.<\/b><\/i><\/p>\n<p><i>O que tem este disco do teu Alentejo?<\/i><\/p>\n<p><i><b>Tem tudo. M\u00fasicos, foi gravado inteiramente no meu est\u00fadio ao ritmo do Alentejo, que por vezes \u00e9 extremamente r\u00e1pido ao contrario do que se pensa, e ao mesmo tempo, lento para pensar e repensar os arranjos.<\/b><\/i><\/p>\n<p><i>A C\u00e2mara de \u00c9vora tem tamb\u00e9m papel importante neste disco. Qual e como tem sido esta rela\u00e7\u00e3o?<\/i><\/p>\n<p><i><b>A C\u00e2mara de \u00c9vora foi a grande respons\u00e1vel pela concretiza\u00e7\u00e3o do disco, sem ela seria muito dif\u00edcil, mas tamb\u00e9m tenho de agradecer \u00e0 Direc\u00e7\u00e3o Regional da Cultura do Alentejo, pois eles tamb\u00e9m acreditaram neste sonho.<\/b><\/i><\/p>\n<p><i>Sendo a m\u00fasica a tua vida, \u00e9 mais confort\u00e1vel estar em palco com um projecto teu ou a acompanhar outro artista?<\/i><\/p>\n<p><i><b>Um palco requer sempre o melhor de n\u00f3s, para dar esse melhor \u00e9 preciso estudar todos os dias e manter as nossas capacidades.\u00a0<\/b><\/i><i><b>Com um projecto meu eu sei exactamente que pretendo musicalmente, com outro artista tenho que entender o que se pretende. A \u00fanica diferen\u00e7a \u00e9 que quando \u00e9 um projecto meu sou eu a dar a cara e por vezes torna-se mais complicado. Uma m\u00e1xima que eu uso diariamente na m\u00fasica, o m\u00fasico est\u00e1 ao servi\u00e7o da m\u00fasica e nunca ao contr\u00e1rio, quando os papeis de invertem acontecem desgra\u00e7as.<\/b><\/i><\/p>\n<p>&nbsp;<\/p>\n<p><i>Ao longo do teu percurso tens passado por v\u00e1rios g\u00e9neros musicais. Qual o mais desafiante?<\/i><\/p>\n<p><i><b>Nunca me coloquei essa quest\u00e3o, mas por varias vezes penso qual \u00e9 o meu papel como m\u00fasico. Sou m\u00fasico de qu\u00ea? Onde me encaixo? Fado, jazz, pop, \u00e9tnico, erudito etc. E houve algu\u00e9m que me respondeu, \u201c\u00e9 f\u00e1cil, \u00e9s musico\u201d. Considerando esta minha versatilidade por vezes \u00e9 dif\u00edcil encaixar num g\u00e9nero, respeito muito a m\u00fasica. Actualmente toco muito fado e gosto bastante. Tento sempre respeitar a linguagem tradicional o que \u00e9 muito desafiante, exige conten\u00e7\u00e3o e saber escolher a nota certa para o tempo certo. <\/b><\/i><\/p>\n<p><i>Quem \u00e9 Carlos Menezes fora da m\u00fasica e o que mais gosta de fazer?<\/i><\/p>\n<p><i><b>Sou uma pessoa tranquila, realizada e agradecida \u00e0 vida. Sou pai orgulhoso de duas filhas g\u00e9meas, marido de uma mulher fant\u00e1stica, filho de pais orgulhosos e irm\u00e3o mais novo. Gosto de passar tempo com a fam\u00edlia.<\/b><\/i><\/p>\n<p><i>Onde podem as pessoas adquirir o disco ou entrar em contacto contigo?<\/i><\/p>\n<p><i><b>Actualmente nas plataformas digitais. Eventualmente na Fnac.<\/b><\/i><\/p>\n","protected":false},"excerpt":{"rendered":"<p>&nbsp; &nbsp; Um dos melhores discos que ouvi este ano tem a assinatura de Carlos Menezes e intitula-se \u2018Groove Grooving\u2019. Em entrevista ao Infocul, Carlos Menezes falou sobre este disco, sobe o seu percurso e tamb\u00e9m sobre o Alentejo.<\/p>\n","protected":false},"author":2,"featured_media":60880,"comment_status":"open","ping_status":"closed","sticky":false,"template":"","format":"standard","meta":{"footnotes":""},"categories":[2,36,4,4124],"tags":[1692],"class_list":["post-60879","post","type-post","status-publish","format-standard","has-post-thumbnail","hentry","category-cultura","category-destaque","category-discos","category-entrevistas","tag-carlos-menezes"],"yoast_head":"<!-- This site is optimized with the Yoast SEO plugin v27.5 - https:\/\/yoast.com\/product\/yoast-seo-wordpress\/ -->\n<title>Carlos Menezes lan\u00e7a &#039;Groove Grooving&#039;: &quot;O m\u00fasico est\u00e1 ao servi\u00e7o da m\u00fasica e nunca ao contr\u00e1rio&quot; | Infocul.pt - Arquivo Digital<\/title>\n<meta name=\"description\" content=\"Carlos Menezes lan\u00e7a &#039;Groove Grooving&#039;: &quot;O m\u00fasico est\u00e1 ao servi\u00e7o da m\u00fasica e nunca ao contr\u00e1rio&quot; | Infocul.pt - Arquivo Digital\" \/>\n<meta name=\"robots\" content=\"noindex, follow, max-snippet:-1, max-image-preview:large, max-video-preview:-1\" \/>\n<meta property=\"og:locale\" content=\"pt_PT\" \/>\n<meta property=\"og:type\" content=\"article\" \/>\n<meta property=\"og:title\" content=\"Carlos Menezes lan\u00e7a &#039;Groove Grooving&#039;: &quot;O m\u00fasico est\u00e1 ao servi\u00e7o da m\u00fasica e nunca ao contr\u00e1rio&quot; | Infocul.pt - Arquivo Digital\" \/>\n<meta property=\"og:description\" content=\"Carlos Menezes lan\u00e7a &#039;Groove Grooving&#039;: &quot;O m\u00fasico est\u00e1 ao servi\u00e7o da m\u00fasica e nunca ao contr\u00e1rio&quot; | Infocul.pt - Arquivo Digital\" \/>\n<meta property=\"og:url\" content=\"https:\/\/infocul.pt\/arquivo\/cultura\/carlos-menezes-lanca-groove-grooving-o-musico-esta-ao-servico-da-musica-e-nunca-ao-contrario\/\" \/>\n<meta property=\"og:site_name\" content=\"Infocul.pt - Arquivo Digital\" \/>\n<meta property=\"article:publisher\" content=\"https:\/\/www.facebook.com\/Infocul-147816815585015\/\" \/>\n<meta property=\"article:published_time\" content=\"2019-10-10T23:00:35+00:00\" \/>\n<meta property=\"article:modified_time\" content=\"2019-10-11T01:34:25+00:00\" \/>\n<meta property=\"og:image\" content=\"https:\/\/infocul.pt\/arquivo\/wp-content\/uploads\/2019\/10\/carlos1.jpg\" \/>\n\t<meta property=\"og:image:width\" content=\"640\" \/>\n\t<meta property=\"og:image:height\" content=\"640\" \/>\n\t<meta property=\"og:image:type\" content=\"image\/jpeg\" \/>\n<meta name=\"author\" content=\"Rui Lavrador\" \/>\n<meta name=\"twitter:card\" content=\"summary_large_image\" \/>\n<meta name=\"twitter:creator\" content=\"@Infoculpt\" \/>\n<meta name=\"twitter:site\" content=\"@Infoculpt\" \/>\n<meta name=\"twitter:label1\" content=\"Escrito por\" \/>\n\t<meta name=\"twitter:data1\" content=\"Rui Lavrador\" \/>\n\t<meta name=\"twitter:label2\" content=\"Tempo estimado de leitura\" \/>\n\t<meta name=\"twitter:data2\" content=\"7 minutos\" \/>\n<script type=\"application\/ld+json\" class=\"yoast-schema-graph\">{\"@context\":\"https:\\\/\\\/schema.org\",\"@graph\":[{\"@type\":\"Article\",\"@id\":\"https:\\\/\\\/infocul.pt\\\/arquivo\\\/cultura\\\/carlos-menezes-lanca-groove-grooving-o-musico-esta-ao-servico-da-musica-e-nunca-ao-contrario\\\/#article\",\"isPartOf\":{\"@id\":\"https:\\\/\\\/infocul.pt\\\/arquivo\\\/cultura\\\/carlos-menezes-lanca-groove-grooving-o-musico-esta-ao-servico-da-musica-e-nunca-ao-contrario\\\/\"},\"author\":{\"name\":\"Rui Lavrador\",\"@id\":\"https:\\\/\\\/infocul.pt\\\/arquivo\\\/#\\\/schema\\\/person\\\/060a108d7f2d85fc6aae505119ee5234\"},\"headline\":\"Carlos Menezes lan\u00e7a &#8216;Groove Grooving&#8217;: &#8220;O m\u00fasico est\u00e1 ao servi\u00e7o da m\u00fasica e nunca ao contr\u00e1rio&#8221;\",\"datePublished\":\"2019-10-10T23:00:35+00:00\",\"dateModified\":\"2019-10-11T01:34:25+00:00\",\"mainEntityOfPage\":{\"@id\":\"https:\\\/\\\/infocul.pt\\\/arquivo\\\/cultura\\\/carlos-menezes-lanca-groove-grooving-o-musico-esta-ao-servico-da-musica-e-nunca-ao-contrario\\\/\"},\"wordCount\":1496,\"commentCount\":0,\"publisher\":{\"@id\":\"https:\\\/\\\/infocul.pt\\\/arquivo\\\/#organization\"},\"image\":{\"@id\":\"https:\\\/\\\/infocul.pt\\\/arquivo\\\/cultura\\\/carlos-menezes-lanca-groove-grooving-o-musico-esta-ao-servico-da-musica-e-nunca-ao-contrario\\\/#primaryimage\"},\"thumbnailUrl\":\"https:\\\/\\\/infocul.pt\\\/arquivo\\\/wp-content\\\/uploads\\\/2019\\\/10\\\/carlos1.jpg\",\"keywords\":[\"Carlos Menezes\"],\"articleSection\":[\"Cultura\",\"Destaque\",\"Discos\",\"Entrevistas\"],\"inLanguage\":\"pt-PT\"},{\"@type\":\"WebPage\",\"@id\":\"https:\\\/\\\/infocul.pt\\\/arquivo\\\/cultura\\\/carlos-menezes-lanca-groove-grooving-o-musico-esta-ao-servico-da-musica-e-nunca-ao-contrario\\\/\",\"url\":\"https:\\\/\\\/infocul.pt\\\/arquivo\\\/cultura\\\/carlos-menezes-lanca-groove-grooving-o-musico-esta-ao-servico-da-musica-e-nunca-ao-contrario\\\/\",\"name\":\"Carlos Menezes lan\u00e7a 'Groove Grooving': \\\"O m\u00fasico est\u00e1 ao servi\u00e7o da m\u00fasica e nunca ao contr\u00e1rio\\\" | Infocul.pt - Arquivo Digital\",\"isPartOf\":{\"@id\":\"https:\\\/\\\/infocul.pt\\\/arquivo\\\/#website\"},\"primaryImageOfPage\":{\"@id\":\"https:\\\/\\\/infocul.pt\\\/arquivo\\\/cultura\\\/carlos-menezes-lanca-groove-grooving-o-musico-esta-ao-servico-da-musica-e-nunca-ao-contrario\\\/#primaryimage\"},\"image\":{\"@id\":\"https:\\\/\\\/infocul.pt\\\/arquivo\\\/cultura\\\/carlos-menezes-lanca-groove-grooving-o-musico-esta-ao-servico-da-musica-e-nunca-ao-contrario\\\/#primaryimage\"},\"thumbnailUrl\":\"https:\\\/\\\/infocul.pt\\\/arquivo\\\/wp-content\\\/uploads\\\/2019\\\/10\\\/carlos1.jpg\",\"datePublished\":\"2019-10-10T23:00:35+00:00\",\"dateModified\":\"2019-10-11T01:34:25+00:00\",\"description\":\"Carlos Menezes lan\u00e7a 'Groove Grooving': \\\"O m\u00fasico est\u00e1 ao servi\u00e7o da m\u00fasica e nunca ao contr\u00e1rio\\\" | Infocul.pt - Arquivo Digital\",\"breadcrumb\":{\"@id\":\"https:\\\/\\\/infocul.pt\\\/arquivo\\\/cultura\\\/carlos-menezes-lanca-groove-grooving-o-musico-esta-ao-servico-da-musica-e-nunca-ao-contrario\\\/#breadcrumb\"},\"inLanguage\":\"pt-PT\",\"potentialAction\":[{\"@type\":\"ReadAction\",\"target\":[\"https:\\\/\\\/infocul.pt\\\/arquivo\\\/cultura\\\/carlos-menezes-lanca-groove-grooving-o-musico-esta-ao-servico-da-musica-e-nunca-ao-contrario\\\/\"]}]},{\"@type\":\"ImageObject\",\"inLanguage\":\"pt-PT\",\"@id\":\"https:\\\/\\\/infocul.pt\\\/arquivo\\\/cultura\\\/carlos-menezes-lanca-groove-grooving-o-musico-esta-ao-servico-da-musica-e-nunca-ao-contrario\\\/#primaryimage\",\"url\":\"https:\\\/\\\/infocul.pt\\\/arquivo\\\/wp-content\\\/uploads\\\/2019\\\/10\\\/carlos1.jpg\",\"contentUrl\":\"https:\\\/\\\/infocul.pt\\\/arquivo\\\/wp-content\\\/uploads\\\/2019\\\/10\\\/carlos1.jpg\",\"width\":640,\"height\":640},{\"@type\":\"BreadcrumbList\",\"@id\":\"https:\\\/\\\/infocul.pt\\\/arquivo\\\/cultura\\\/carlos-menezes-lanca-groove-grooving-o-musico-esta-ao-servico-da-musica-e-nunca-ao-contrario\\\/#breadcrumb\",\"itemListElement\":[{\"@type\":\"ListItem\",\"position\":1,\"name\":\"Home\",\"item\":\"https:\\\/\\\/infocul.pt\\\/arquivo\\\/\"},{\"@type\":\"ListItem\",\"position\":2,\"name\":\"Carlos Menezes lan\u00e7a &#8216;Groove Grooving&#8217;: &#8220;O m\u00fasico est\u00e1 ao servi\u00e7o da m\u00fasica e nunca ao contr\u00e1rio&#8221;\"}]},{\"@type\":\"WebSite\",\"@id\":\"https:\\\/\\\/infocul.pt\\\/arquivo\\\/#website\",\"url\":\"https:\\\/\\\/infocul.pt\\\/arquivo\\\/\",\"name\":\"Infocul.pt - Arquivo Digital\",\"description\":\"Arquivo digital da Infocul.pt\",\"publisher\":{\"@id\":\"https:\\\/\\\/infocul.pt\\\/arquivo\\\/#organization\"},\"potentialAction\":[{\"@type\":\"SearchAction\",\"target\":{\"@type\":\"EntryPoint\",\"urlTemplate\":\"https:\\\/\\\/infocul.pt\\\/arquivo\\\/?s={search_term_string}\"},\"query-input\":{\"@type\":\"PropertyValueSpecification\",\"valueRequired\":true,\"valueName\":\"search_term_string\"}}],\"inLanguage\":\"pt-PT\"},{\"@type\":\"Organization\",\"@id\":\"https:\\\/\\\/infocul.pt\\\/arquivo\\\/#organization\",\"name\":\"Infocul.pt\",\"url\":\"https:\\\/\\\/infocul.pt\\\/arquivo\\\/\",\"logo\":{\"@type\":\"ImageObject\",\"inLanguage\":\"pt-PT\",\"@id\":\"https:\\\/\\\/infocul.pt\\\/arquivo\\\/#\\\/schema\\\/logo\\\/image\\\/\",\"url\":\"https:\\\/\\\/infocul.pt\\\/arquivo\\\/wp-content\\\/uploads\\\/2018\\\/12\\\/Infocul_logo-1.png\",\"contentUrl\":\"https:\\\/\\\/infocul.pt\\\/arquivo\\\/wp-content\\\/uploads\\\/2018\\\/12\\\/Infocul_logo-1.png\",\"width\":800,\"height\":800,\"caption\":\"Infocul.pt\"},\"image\":{\"@id\":\"https:\\\/\\\/infocul.pt\\\/arquivo\\\/#\\\/schema\\\/logo\\\/image\\\/\"},\"sameAs\":[\"https:\\\/\\\/www.facebook.com\\\/Infocul-147816815585015\\\/\",\"https:\\\/\\\/x.com\\\/Infoculpt\",\"http:\\\/\\\/www.pictaram.com\\\/user\\\/infocul.pt\\\/2370423710\",\"https:\\\/\\\/www.youtube.com\\\/channel\\\/UCYEB91AGI9FL9ek2i_IaQAA\"]},{\"@type\":\"Person\",\"@id\":\"https:\\\/\\\/infocul.pt\\\/arquivo\\\/#\\\/schema\\\/person\\\/060a108d7f2d85fc6aae505119ee5234\",\"name\":\"Rui Lavrador\",\"image\":{\"@type\":\"ImageObject\",\"inLanguage\":\"pt-PT\",\"@id\":\"https:\\\/\\\/secure.gravatar.com\\\/avatar\\\/93febd6873394aa8e975148548a0cb203acfdd42d2c85c5f1408e1a76678aece?s=96&d=mm&r=g\",\"url\":\"https:\\\/\\\/secure.gravatar.com\\\/avatar\\\/93febd6873394aa8e975148548a0cb203acfdd42d2c85c5f1408e1a76678aece?s=96&d=mm&r=g\",\"contentUrl\":\"https:\\\/\\\/secure.gravatar.com\\\/avatar\\\/93febd6873394aa8e975148548a0cb203acfdd42d2c85c5f1408e1a76678aece?s=96&d=mm&r=g\",\"caption\":\"Rui Lavrador\"},\"description\":\"Iniciou em 2011 o seu percurso em comunica\u00e7\u00e3o social, tendo integrado v\u00e1rios projectos editoriais. Durante o seu percurso integrou projectos como Jornal Hardm\u00fasica, LusoNot\u00edcias, Toureio.pt, ODigital.pt, entre outros \u00d3rg\u00e3os de Comunica\u00e7\u00e3o Social nacionais, na redac\u00e7\u00e3o de v\u00e1rios artigos. Entrevistou a grande maioria das personalidades mais importantes da vida social e cultural do pa\u00eds, destacando-se, tamb\u00e9m, na aprecia\u00e7\u00e3o de v\u00e1rios espect\u00e1culos. Durante o seu percurso, deu a conhecer v\u00e1rios artistas, at\u00e9 ent\u00e3o desconhecidos, ao grande p\u00fablico. Em 2015 criou e fundou o Infocul.pt, projecto no qual assume a direc\u00e7\u00e3o editorial.\",\"sameAs\":[\"http:\\\/\\\/www.infocul.pt\"]}]}<\/script>\n<!-- \/ Yoast SEO plugin. -->","yoast_head_json":{"title":"Carlos Menezes lan\u00e7a 'Groove Grooving': \"O m\u00fasico est\u00e1 ao servi\u00e7o da m\u00fasica e nunca ao contr\u00e1rio\" | Infocul.pt - Arquivo Digital","description":"Carlos Menezes lan\u00e7a 'Groove Grooving': \"O m\u00fasico est\u00e1 ao servi\u00e7o da m\u00fasica e nunca ao contr\u00e1rio\" | Infocul.pt - Arquivo Digital","robots":{"index":"noindex","follow":"follow","max-snippet":"max-snippet:-1","max-image-preview":"max-image-preview:large","max-video-preview":"max-video-preview:-1"},"og_locale":"pt_PT","og_type":"article","og_title":"Carlos Menezes lan\u00e7a 'Groove Grooving': \"O m\u00fasico est\u00e1 ao servi\u00e7o da m\u00fasica e nunca ao contr\u00e1rio\" | Infocul.pt - Arquivo Digital","og_description":"Carlos Menezes lan\u00e7a 'Groove Grooving': \"O m\u00fasico est\u00e1 ao servi\u00e7o da m\u00fasica e nunca ao contr\u00e1rio\" | Infocul.pt - Arquivo Digital","og_url":"https:\/\/infocul.pt\/arquivo\/cultura\/carlos-menezes-lanca-groove-grooving-o-musico-esta-ao-servico-da-musica-e-nunca-ao-contrario\/","og_site_name":"Infocul.pt - Arquivo Digital","article_publisher":"https:\/\/www.facebook.com\/Infocul-147816815585015\/","article_published_time":"2019-10-10T23:00:35+00:00","article_modified_time":"2019-10-11T01:34:25+00:00","og_image":[{"width":640,"height":640,"url":"https:\/\/infocul.pt\/arquivo\/wp-content\/uploads\/2019\/10\/carlos1.jpg","type":"image\/jpeg"}],"author":"Rui Lavrador","twitter_card":"summary_large_image","twitter_creator":"@Infoculpt","twitter_site":"@Infoculpt","twitter_misc":{"Escrito por":"Rui Lavrador","Tempo estimado de leitura":"7 minutos"},"schema":{"@context":"https:\/\/schema.org","@graph":[{"@type":"Article","@id":"https:\/\/infocul.pt\/arquivo\/cultura\/carlos-menezes-lanca-groove-grooving-o-musico-esta-ao-servico-da-musica-e-nunca-ao-contrario\/#article","isPartOf":{"@id":"https:\/\/infocul.pt\/arquivo\/cultura\/carlos-menezes-lanca-groove-grooving-o-musico-esta-ao-servico-da-musica-e-nunca-ao-contrario\/"},"author":{"name":"Rui Lavrador","@id":"https:\/\/infocul.pt\/arquivo\/#\/schema\/person\/060a108d7f2d85fc6aae505119ee5234"},"headline":"Carlos Menezes lan\u00e7a &#8216;Groove Grooving&#8217;: &#8220;O m\u00fasico est\u00e1 ao servi\u00e7o da m\u00fasica e nunca ao contr\u00e1rio&#8221;","datePublished":"2019-10-10T23:00:35+00:00","dateModified":"2019-10-11T01:34:25+00:00","mainEntityOfPage":{"@id":"https:\/\/infocul.pt\/arquivo\/cultura\/carlos-menezes-lanca-groove-grooving-o-musico-esta-ao-servico-da-musica-e-nunca-ao-contrario\/"},"wordCount":1496,"commentCount":0,"publisher":{"@id":"https:\/\/infocul.pt\/arquivo\/#organization"},"image":{"@id":"https:\/\/infocul.pt\/arquivo\/cultura\/carlos-menezes-lanca-groove-grooving-o-musico-esta-ao-servico-da-musica-e-nunca-ao-contrario\/#primaryimage"},"thumbnailUrl":"https:\/\/infocul.pt\/arquivo\/wp-content\/uploads\/2019\/10\/carlos1.jpg","keywords":["Carlos Menezes"],"articleSection":["Cultura","Destaque","Discos","Entrevistas"],"inLanguage":"pt-PT"},{"@type":"WebPage","@id":"https:\/\/infocul.pt\/arquivo\/cultura\/carlos-menezes-lanca-groove-grooving-o-musico-esta-ao-servico-da-musica-e-nunca-ao-contrario\/","url":"https:\/\/infocul.pt\/arquivo\/cultura\/carlos-menezes-lanca-groove-grooving-o-musico-esta-ao-servico-da-musica-e-nunca-ao-contrario\/","name":"Carlos Menezes lan\u00e7a 'Groove Grooving': \"O m\u00fasico est\u00e1 ao servi\u00e7o da m\u00fasica e nunca ao contr\u00e1rio\" | Infocul.pt - Arquivo Digital","isPartOf":{"@id":"https:\/\/infocul.pt\/arquivo\/#website"},"primaryImageOfPage":{"@id":"https:\/\/infocul.pt\/arquivo\/cultura\/carlos-menezes-lanca-groove-grooving-o-musico-esta-ao-servico-da-musica-e-nunca-ao-contrario\/#primaryimage"},"image":{"@id":"https:\/\/infocul.pt\/arquivo\/cultura\/carlos-menezes-lanca-groove-grooving-o-musico-esta-ao-servico-da-musica-e-nunca-ao-contrario\/#primaryimage"},"thumbnailUrl":"https:\/\/infocul.pt\/arquivo\/wp-content\/uploads\/2019\/10\/carlos1.jpg","datePublished":"2019-10-10T23:00:35+00:00","dateModified":"2019-10-11T01:34:25+00:00","description":"Carlos Menezes lan\u00e7a 'Groove Grooving': \"O m\u00fasico est\u00e1 ao servi\u00e7o da m\u00fasica e nunca ao contr\u00e1rio\" | Infocul.pt - Arquivo Digital","breadcrumb":{"@id":"https:\/\/infocul.pt\/arquivo\/cultura\/carlos-menezes-lanca-groove-grooving-o-musico-esta-ao-servico-da-musica-e-nunca-ao-contrario\/#breadcrumb"},"inLanguage":"pt-PT","potentialAction":[{"@type":"ReadAction","target":["https:\/\/infocul.pt\/arquivo\/cultura\/carlos-menezes-lanca-groove-grooving-o-musico-esta-ao-servico-da-musica-e-nunca-ao-contrario\/"]}]},{"@type":"ImageObject","inLanguage":"pt-PT","@id":"https:\/\/infocul.pt\/arquivo\/cultura\/carlos-menezes-lanca-groove-grooving-o-musico-esta-ao-servico-da-musica-e-nunca-ao-contrario\/#primaryimage","url":"https:\/\/infocul.pt\/arquivo\/wp-content\/uploads\/2019\/10\/carlos1.jpg","contentUrl":"https:\/\/infocul.pt\/arquivo\/wp-content\/uploads\/2019\/10\/carlos1.jpg","width":640,"height":640},{"@type":"BreadcrumbList","@id":"https:\/\/infocul.pt\/arquivo\/cultura\/carlos-menezes-lanca-groove-grooving-o-musico-esta-ao-servico-da-musica-e-nunca-ao-contrario\/#breadcrumb","itemListElement":[{"@type":"ListItem","position":1,"name":"Home","item":"https:\/\/infocul.pt\/arquivo\/"},{"@type":"ListItem","position":2,"name":"Carlos Menezes lan\u00e7a &#8216;Groove Grooving&#8217;: &#8220;O m\u00fasico est\u00e1 ao servi\u00e7o da m\u00fasica e nunca ao contr\u00e1rio&#8221;"}]},{"@type":"WebSite","@id":"https:\/\/infocul.pt\/arquivo\/#website","url":"https:\/\/infocul.pt\/arquivo\/","name":"Infocul.pt - Arquivo Digital","description":"Arquivo digital da Infocul.pt","publisher":{"@id":"https:\/\/infocul.pt\/arquivo\/#organization"},"potentialAction":[{"@type":"SearchAction","target":{"@type":"EntryPoint","urlTemplate":"https:\/\/infocul.pt\/arquivo\/?s={search_term_string}"},"query-input":{"@type":"PropertyValueSpecification","valueRequired":true,"valueName":"search_term_string"}}],"inLanguage":"pt-PT"},{"@type":"Organization","@id":"https:\/\/infocul.pt\/arquivo\/#organization","name":"Infocul.pt","url":"https:\/\/infocul.pt\/arquivo\/","logo":{"@type":"ImageObject","inLanguage":"pt-PT","@id":"https:\/\/infocul.pt\/arquivo\/#\/schema\/logo\/image\/","url":"https:\/\/infocul.pt\/arquivo\/wp-content\/uploads\/2018\/12\/Infocul_logo-1.png","contentUrl":"https:\/\/infocul.pt\/arquivo\/wp-content\/uploads\/2018\/12\/Infocul_logo-1.png","width":800,"height":800,"caption":"Infocul.pt"},"image":{"@id":"https:\/\/infocul.pt\/arquivo\/#\/schema\/logo\/image\/"},"sameAs":["https:\/\/www.facebook.com\/Infocul-147816815585015\/","https:\/\/x.com\/Infoculpt","http:\/\/www.pictaram.com\/user\/infocul.pt\/2370423710","https:\/\/www.youtube.com\/channel\/UCYEB91AGI9FL9ek2i_IaQAA"]},{"@type":"Person","@id":"https:\/\/infocul.pt\/arquivo\/#\/schema\/person\/060a108d7f2d85fc6aae505119ee5234","name":"Rui Lavrador","image":{"@type":"ImageObject","inLanguage":"pt-PT","@id":"https:\/\/secure.gravatar.com\/avatar\/93febd6873394aa8e975148548a0cb203acfdd42d2c85c5f1408e1a76678aece?s=96&d=mm&r=g","url":"https:\/\/secure.gravatar.com\/avatar\/93febd6873394aa8e975148548a0cb203acfdd42d2c85c5f1408e1a76678aece?s=96&d=mm&r=g","contentUrl":"https:\/\/secure.gravatar.com\/avatar\/93febd6873394aa8e975148548a0cb203acfdd42d2c85c5f1408e1a76678aece?s=96&d=mm&r=g","caption":"Rui Lavrador"},"description":"Iniciou em 2011 o seu percurso em comunica\u00e7\u00e3o social, tendo integrado v\u00e1rios projectos editoriais. Durante o seu percurso integrou projectos como Jornal Hardm\u00fasica, LusoNot\u00edcias, Toureio.pt, ODigital.pt, entre outros \u00d3rg\u00e3os de Comunica\u00e7\u00e3o Social nacionais, na redac\u00e7\u00e3o de v\u00e1rios artigos. Entrevistou a grande maioria das personalidades mais importantes da vida social e cultural do pa\u00eds, destacando-se, tamb\u00e9m, na aprecia\u00e7\u00e3o de v\u00e1rios espect\u00e1culos. Durante o seu percurso, deu a conhecer v\u00e1rios artistas, at\u00e9 ent\u00e3o desconhecidos, ao grande p\u00fablico. Em 2015 criou e fundou o Infocul.pt, projecto no qual assume a direc\u00e7\u00e3o editorial.","sameAs":["http:\/\/www.infocul.pt"]}]}},"_links":{"self":[{"href":"https:\/\/infocul.pt\/arquivo\/wp-json\/wp\/v2\/posts\/60879","targetHints":{"allow":["GET"]}}],"collection":[{"href":"https:\/\/infocul.pt\/arquivo\/wp-json\/wp\/v2\/posts"}],"about":[{"href":"https:\/\/infocul.pt\/arquivo\/wp-json\/wp\/v2\/types\/post"}],"author":[{"embeddable":true,"href":"https:\/\/infocul.pt\/arquivo\/wp-json\/wp\/v2\/users\/2"}],"replies":[{"embeddable":true,"href":"https:\/\/infocul.pt\/arquivo\/wp-json\/wp\/v2\/comments?post=60879"}],"version-history":[{"count":0,"href":"https:\/\/infocul.pt\/arquivo\/wp-json\/wp\/v2\/posts\/60879\/revisions"}],"wp:featuredmedia":[{"embeddable":true,"href":"https:\/\/infocul.pt\/arquivo\/wp-json\/wp\/v2\/media\/60880"}],"wp:attachment":[{"href":"https:\/\/infocul.pt\/arquivo\/wp-json\/wp\/v2\/media?parent=60879"}],"wp:term":[{"taxonomy":"category","embeddable":true,"href":"https:\/\/infocul.pt\/arquivo\/wp-json\/wp\/v2\/categories?post=60879"},{"taxonomy":"post_tag","embeddable":true,"href":"https:\/\/infocul.pt\/arquivo\/wp-json\/wp\/v2\/tags?post=60879"}],"curies":[{"name":"wp","href":"https:\/\/api.w.org\/{rel}","templated":true}]}}