{"id":60882,"date":"2019-10-15T00:00:42","date_gmt":"2019-10-14T23:00:42","guid":{"rendered":"https:\/\/infocul.pt\/?p=60882"},"modified":"2019-10-10T10:38:31","modified_gmt":"2019-10-10T09:38:31","slug":"a-proposito-de-musica","status":"publish","type":"post","link":"https:\/\/infocul.pt\/arquivo\/destaque\/a-proposito-de-musica\/","title":{"rendered":"\u201cA prop\u00f3sito de m\u00fasica\u2026\u201d"},"content":{"rendered":"<p><img decoding=\"async\" class=\"aligncenter wp-image-60883 size-full lazyload\" data-src=\"https:\/\/infocul.pt\/arquivo\/wp-content\/uploads\/2019\/10\/A-prop\u00f3sito-de-m\u00fasica1.jpg\" alt=\"\" width=\"800\" height=\"445\" data-srcset=\"https:\/\/infocul.pt\/arquivo\/wp-content\/uploads\/2019\/10\/A-prop\u00f3sito-de-m\u00fasica1.jpg 800w, https:\/\/infocul.pt\/arquivo\/wp-content\/uploads\/2019\/10\/A-prop\u00f3sito-de-m\u00fasica1-300x167.jpg 300w, https:\/\/infocul.pt\/arquivo\/wp-content\/uploads\/2019\/10\/A-prop\u00f3sito-de-m\u00fasica1-768x427.jpg 768w\" data-sizes=\"(max-width: 800px) 100vw, 800px\" src=\"data:image\/svg+xml;base64,PHN2ZyB3aWR0aD0iMSIgaGVpZ2h0PSIxIiB4bWxucz0iaHR0cDovL3d3dy53My5vcmcvMjAwMC9zdmciPjwvc3ZnPg==\" style=\"--smush-placeholder-width: 800px; --smush-placeholder-aspect-ratio: 800\/445;\" \/><\/p>\n<p>Para iniciar esta cr\u00f3nica mensal decidi escrever sobre o conceito de M\u00fasica. &#8211; O que \u00e9 m\u00fasica?<!--more--><\/p>\n<p>Como base, a m\u00fasica \u00e9 a jun\u00e7\u00e3o de sons e ritmos (minimamente aud\u00edveis, quanto a mim).<\/p>\n<p>Estes dois desdobram-se em din\u00e2micas, estruturas, g\u00e9neros e sonoridades de v\u00e1rios tipos de instrumentos.<\/p>\n<p>Toda esta jun\u00e7\u00e3o teve uma evolu\u00e7\u00e3o ao longo de s\u00e9culos e, hoje em dia, m\u00fasica \u00e9 tudo o que faz e produz som e ritmo com as v\u00e1rias nuances adjacentes.<\/p>\n<p>Importante dizer que o primeiro \u201csom\u201d da m\u00fasica \u00e9 o sil\u00eancio\u2026<\/p>\n<p>Sobre este se forma e se escreve a m\u00fasica.<\/p>\n<p>Tudo isto, por\u00e9m, \u00e9 subjectivo pois h\u00e1 v\u00e1rias formas de escrever, entender, sentir a m\u00fasica\u2026<\/p>\n<p>A m\u00fasica \u00e9 tamb\u00e9m (e para mim uma vertente muito forte) uma manifesta\u00e7\u00e3o art\u00edstica com o poder de transmitir mensagens de variad\u00edssimos caracteres.<\/p>\n<p>Do meu ponto de vista:<\/p>\n<p>A m\u00fasica transmite variad\u00edssimos tipos de sentimentos.<\/p>\n<p>Juntamente com ela h\u00e1 uma s\u00e9rie de componentes que a enriquece bastante, ajudando-a na transmiss\u00e3o dos mesmos:<\/p>\n<p>&#8211; A escrita, o texto que se \u201ccola\u201d a ela.<\/p>\n<p>&#8211; A voz do\/a cantor\/ e a sua expressividade, sentimento.<\/p>\n<p>&#8211; A orquestra\u00e7\u00e3o, arranjo musical da mesma ou simplesmente uma melodia que entra em n\u00f3s de tal modo que basta para considerar a m\u00fasica perfeita.<\/p>\n<p>Por vezes a falar com colegas, questionamos-nos sobre o que ser\u00e1 que toca primeiramente as pessoas quando ouvem uma m\u00fasica pela primeira vez. Ser\u00e1 a musicalidade em si? Ser\u00e1 a letra? Ou ser\u00e3o ambos?<\/p>\n<p>Chegamos \u00e0 conclus\u00e3o que h\u00e1 de tudo um pouco, gra\u00e7as a Deus, pois cada um de n\u00f3s \u00e9 diferente nas suas emo\u00e7\u00f5es, no sentir e apreciar m\u00fasica.<\/p>\n<p>Nesta minha primeira cr\u00f3nica, apenas quero abordar esta quest\u00e3o de um modo geral para depois poder partir para os v\u00e1rios mundos musicais que a m\u00fasica nos transporta.<\/p>\n<p>Nos tempos de hoje a m\u00fasica \u00e9 muito mais facilitada para toda a gente. Seja para quem faz ou para quem a ouve.<\/p>\n<p>No meu entender \u00e9 importante haver uma educa\u00e7\u00e3o musical\/cultural, pois caso contr\u00e1rio, e com as novas tecnologias toda a gente pode fazer m\u00fasica (e ainda bem!), mas que a fa\u00e7a com o m\u00ednimo de conhecimento de composi\u00e7\u00e3o ou de forma\u00e7\u00e3o musical e de um instrumento f\u00edsico e n\u00e3o virtual. Um m\u00ednimo. N\u00e3o pe\u00e7o muito e faz de facto a diferen\u00e7a.<\/p>\n<p>Mal comparado \u00e9 como jogar um jogo de v\u00eddeo de carros de corrida topo de gama e experimentar conduzir um na realidade.<\/p>\n<p>Assim, gostaria de deixar um desafio aos leitores do jornal \u201cInfocul\u201d e pedia que deixassem o vosso coment\u00e1rio sobre a vossa defini\u00e7\u00e3o de m\u00fasica. Sobre o sentimento que vos provoca, o que sentem mais ao ouvir m\u00fasica. Ser\u00e1 a melodia? A interpreta\u00e7\u00e3o? O texto? A voz que canta?<\/p>\n<p>Enfim, o que vos transmite a m\u00fasica.<\/p>\n<p>Para terminar deixo uma frase que em tempos l\u00ed, algures e n\u00e3o mais me esqueci pois \u00e9 assim que a sinto.<\/p>\n<p>&#8211; \u201c<strong>S\u00f3 consigo entender a m\u00fasica como sendo amor de Deus<\/strong>\u201d<\/p>\n<p>Note-se que Deus tem uma conota\u00e7\u00e3o de algo que \u00e9 espiritual, amor, harmonia e que o mesmo se pode sentir atrav\u00e9s de uma outra qualquer religi\u00e3o ou pr\u00e1tica espiritual que cada um sinta.<\/p>\n<p>Caros amigos, aguardo um vosso coment\u00e1rio\/cr\u00edtica (construtiva) em breve.<\/p>\n<p>At\u00e9 ao pr\u00f3ximo \u201cA prop\u00f3sito de m\u00fasica\u201d<\/p>\n<p>Sauda\u00e7\u00f5es musicais!<\/p>\n","protected":false},"excerpt":{"rendered":"<p>Para iniciar esta cr\u00f3nica mensal decidi escrever sobre o conceito de M\u00fasica. &#8211; O que \u00e9 m\u00fasica?<\/p>\n","protected":false},"author":18,"featured_media":60883,"comment_status":"open","ping_status":"closed","sticky":false,"template":"","format":"standard","meta":{"footnotes":""},"categories":[36,4121],"tags":[7906,7905],"class_list":["post-60882","post","type-post","status-publish","format-standard","has-post-thumbnail","hentry","category-destaque","category-opiniao","tag-a-proposito-de-musica","tag-ana-esteves"],"yoast_head":"<!-- This site is optimized with the Yoast SEO plugin v27.5 - https:\/\/yoast.com\/product\/yoast-seo-wordpress\/ -->\n<title>\u201cA prop\u00f3sito de m\u00fasica\u2026\u201d | Infocul.pt - Arquivo Digital<\/title>\n<meta name=\"description\" content=\"\u201cA prop\u00f3sito de m\u00fasica\u2026\u201d | Infocul.pt - Arquivo Digital\" \/>\n<meta name=\"robots\" content=\"noindex, follow, max-snippet:-1, max-image-preview:large, max-video-preview:-1\" \/>\n<meta property=\"og:locale\" content=\"pt_PT\" \/>\n<meta property=\"og:type\" content=\"article\" \/>\n<meta property=\"og:title\" content=\"\u201cA prop\u00f3sito de m\u00fasica\u2026\u201d | Infocul.pt - Arquivo Digital\" \/>\n<meta property=\"og:description\" content=\"\u201cA prop\u00f3sito de m\u00fasica\u2026\u201d | Infocul.pt - Arquivo Digital\" \/>\n<meta property=\"og:url\" content=\"https:\/\/infocul.pt\/arquivo\/destaque\/a-proposito-de-musica\/\" \/>\n<meta property=\"og:site_name\" content=\"Infocul.pt - Arquivo Digital\" \/>\n<meta property=\"article:publisher\" content=\"https:\/\/www.facebook.com\/Infocul-147816815585015\/\" \/>\n<meta property=\"article:published_time\" content=\"2019-10-14T23:00:42+00:00\" \/>\n<meta property=\"og:image\" content=\"https:\/\/infocul.pt\/arquivo\/wp-content\/uploads\/2019\/10\/A-prop\u00f3sito-de-m\u00fasica1.jpg\" \/>\n\t<meta property=\"og:image:width\" content=\"800\" \/>\n\t<meta property=\"og:image:height\" content=\"445\" \/>\n\t<meta property=\"og:image:type\" content=\"image\/jpeg\" \/>\n<meta name=\"author\" content=\"Ana Cristina Esteves\" \/>\n<meta name=\"twitter:card\" content=\"summary_large_image\" \/>\n<meta name=\"twitter:creator\" content=\"@Infoculpt\" \/>\n<meta name=\"twitter:site\" content=\"@Infoculpt\" \/>\n<meta name=\"twitter:label1\" content=\"Escrito por\" \/>\n\t<meta name=\"twitter:data1\" content=\"Ana Cristina Esteves\" \/>\n\t<meta name=\"twitter:label2\" content=\"Tempo estimado de leitura\" \/>\n\t<meta name=\"twitter:data2\" content=\"3 minutos\" \/>\n<script type=\"application\/ld+json\" class=\"yoast-schema-graph\">{\"@context\":\"https:\\\/\\\/schema.org\",\"@graph\":[{\"@type\":\"Article\",\"@id\":\"https:\\\/\\\/infocul.pt\\\/arquivo\\\/destaque\\\/a-proposito-de-musica\\\/#article\",\"isPartOf\":{\"@id\":\"https:\\\/\\\/infocul.pt\\\/arquivo\\\/destaque\\\/a-proposito-de-musica\\\/\"},\"author\":{\"name\":\"Ana Cristina Esteves\",\"@id\":\"https:\\\/\\\/infocul.pt\\\/arquivo\\\/#\\\/schema\\\/person\\\/5bea4408e2590fb41a6291b34198b262\"},\"headline\":\"\u201cA prop\u00f3sito de m\u00fasica\u2026\u201d\",\"datePublished\":\"2019-10-14T23:00:42+00:00\",\"mainEntityOfPage\":{\"@id\":\"https:\\\/\\\/infocul.pt\\\/arquivo\\\/destaque\\\/a-proposito-de-musica\\\/\"},\"wordCount\":612,\"commentCount\":0,\"publisher\":{\"@id\":\"https:\\\/\\\/infocul.pt\\\/arquivo\\\/#organization\"},\"image\":{\"@id\":\"https:\\\/\\\/infocul.pt\\\/arquivo\\\/destaque\\\/a-proposito-de-musica\\\/#primaryimage\"},\"thumbnailUrl\":\"https:\\\/\\\/infocul.pt\\\/arquivo\\\/wp-content\\\/uploads\\\/2019\\\/10\\\/A-prop\u00f3sito-de-m\u00fasica1.jpg\",\"keywords\":[\"A prop\u00f3sito de m\u00fasica\",\"Ana Esteves\"],\"articleSection\":[\"Destaque\",\"Opini\u00e3o\"],\"inLanguage\":\"pt-PT\"},{\"@type\":\"WebPage\",\"@id\":\"https:\\\/\\\/infocul.pt\\\/arquivo\\\/destaque\\\/a-proposito-de-musica\\\/\",\"url\":\"https:\\\/\\\/infocul.pt\\\/arquivo\\\/destaque\\\/a-proposito-de-musica\\\/\",\"name\":\"\u201cA prop\u00f3sito de m\u00fasica\u2026\u201d | Infocul.pt - Arquivo Digital\",\"isPartOf\":{\"@id\":\"https:\\\/\\\/infocul.pt\\\/arquivo\\\/#website\"},\"primaryImageOfPage\":{\"@id\":\"https:\\\/\\\/infocul.pt\\\/arquivo\\\/destaque\\\/a-proposito-de-musica\\\/#primaryimage\"},\"image\":{\"@id\":\"https:\\\/\\\/infocul.pt\\\/arquivo\\\/destaque\\\/a-proposito-de-musica\\\/#primaryimage\"},\"thumbnailUrl\":\"https:\\\/\\\/infocul.pt\\\/arquivo\\\/wp-content\\\/uploads\\\/2019\\\/10\\\/A-prop\u00f3sito-de-m\u00fasica1.jpg\",\"datePublished\":\"2019-10-14T23:00:42+00:00\",\"description\":\"\u201cA prop\u00f3sito de m\u00fasica\u2026\u201d | Infocul.pt - Arquivo Digital\",\"breadcrumb\":{\"@id\":\"https:\\\/\\\/infocul.pt\\\/arquivo\\\/destaque\\\/a-proposito-de-musica\\\/#breadcrumb\"},\"inLanguage\":\"pt-PT\",\"potentialAction\":[{\"@type\":\"ReadAction\",\"target\":[\"https:\\\/\\\/infocul.pt\\\/arquivo\\\/destaque\\\/a-proposito-de-musica\\\/\"]}]},{\"@type\":\"ImageObject\",\"inLanguage\":\"pt-PT\",\"@id\":\"https:\\\/\\\/infocul.pt\\\/arquivo\\\/destaque\\\/a-proposito-de-musica\\\/#primaryimage\",\"url\":\"https:\\\/\\\/infocul.pt\\\/arquivo\\\/wp-content\\\/uploads\\\/2019\\\/10\\\/A-prop\u00f3sito-de-m\u00fasica1.jpg\",\"contentUrl\":\"https:\\\/\\\/infocul.pt\\\/arquivo\\\/wp-content\\\/uploads\\\/2019\\\/10\\\/A-prop\u00f3sito-de-m\u00fasica1.jpg\",\"width\":800,\"height\":445},{\"@type\":\"BreadcrumbList\",\"@id\":\"https:\\\/\\\/infocul.pt\\\/arquivo\\\/destaque\\\/a-proposito-de-musica\\\/#breadcrumb\",\"itemListElement\":[{\"@type\":\"ListItem\",\"position\":1,\"name\":\"Home\",\"item\":\"https:\\\/\\\/infocul.pt\\\/arquivo\\\/\"},{\"@type\":\"ListItem\",\"position\":2,\"name\":\"\u201cA prop\u00f3sito de m\u00fasica\u2026\u201d\"}]},{\"@type\":\"WebSite\",\"@id\":\"https:\\\/\\\/infocul.pt\\\/arquivo\\\/#website\",\"url\":\"https:\\\/\\\/infocul.pt\\\/arquivo\\\/\",\"name\":\"Infocul.pt - Arquivo Digital\",\"description\":\"Arquivo digital da Infocul.pt\",\"publisher\":{\"@id\":\"https:\\\/\\\/infocul.pt\\\/arquivo\\\/#organization\"},\"potentialAction\":[{\"@type\":\"SearchAction\",\"target\":{\"@type\":\"EntryPoint\",\"urlTemplate\":\"https:\\\/\\\/infocul.pt\\\/arquivo\\\/?s={search_term_string}\"},\"query-input\":{\"@type\":\"PropertyValueSpecification\",\"valueRequired\":true,\"valueName\":\"search_term_string\"}}],\"inLanguage\":\"pt-PT\"},{\"@type\":\"Organization\",\"@id\":\"https:\\\/\\\/infocul.pt\\\/arquivo\\\/#organization\",\"name\":\"Infocul.pt\",\"url\":\"https:\\\/\\\/infocul.pt\\\/arquivo\\\/\",\"logo\":{\"@type\":\"ImageObject\",\"inLanguage\":\"pt-PT\",\"@id\":\"https:\\\/\\\/infocul.pt\\\/arquivo\\\/#\\\/schema\\\/logo\\\/image\\\/\",\"url\":\"https:\\\/\\\/infocul.pt\\\/arquivo\\\/wp-content\\\/uploads\\\/2018\\\/12\\\/Infocul_logo-1.png\",\"contentUrl\":\"https:\\\/\\\/infocul.pt\\\/arquivo\\\/wp-content\\\/uploads\\\/2018\\\/12\\\/Infocul_logo-1.png\",\"width\":800,\"height\":800,\"caption\":\"Infocul.pt\"},\"image\":{\"@id\":\"https:\\\/\\\/infocul.pt\\\/arquivo\\\/#\\\/schema\\\/logo\\\/image\\\/\"},\"sameAs\":[\"https:\\\/\\\/www.facebook.com\\\/Infocul-147816815585015\\\/\",\"https:\\\/\\\/x.com\\\/Infoculpt\",\"http:\\\/\\\/www.pictaram.com\\\/user\\\/infocul.pt\\\/2370423710\",\"https:\\\/\\\/www.youtube.com\\\/channel\\\/UCYEB91AGI9FL9ek2i_IaQAA\"]},{\"@type\":\"Person\",\"@id\":\"https:\\\/\\\/infocul.pt\\\/arquivo\\\/#\\\/schema\\\/person\\\/5bea4408e2590fb41a6291b34198b262\",\"name\":\"Ana Cristina Esteves\",\"image\":{\"@type\":\"ImageObject\",\"inLanguage\":\"pt-PT\",\"@id\":\"https:\\\/\\\/secure.gravatar.com\\\/avatar\\\/e3ad354261e0752913590b893f97b3a8ff88b72b6ba2cd99f6793291697b5279?s=96&d=mm&r=g\",\"url\":\"https:\\\/\\\/secure.gravatar.com\\\/avatar\\\/e3ad354261e0752913590b893f97b3a8ff88b72b6ba2cd99f6793291697b5279?s=96&d=mm&r=g\",\"contentUrl\":\"https:\\\/\\\/secure.gravatar.com\\\/avatar\\\/e3ad354261e0752913590b893f97b3a8ff88b72b6ba2cd99f6793291697b5279?s=96&d=mm&r=g\",\"caption\":\"Ana Cristina Esteves\"},\"description\":\"Professora de M\u00fasica\"}]}<\/script>\n<!-- \/ Yoast SEO plugin. -->","yoast_head_json":{"title":"\u201cA prop\u00f3sito de m\u00fasica\u2026\u201d | Infocul.pt - Arquivo Digital","description":"\u201cA prop\u00f3sito de m\u00fasica\u2026\u201d | Infocul.pt - Arquivo Digital","robots":{"index":"noindex","follow":"follow","max-snippet":"max-snippet:-1","max-image-preview":"max-image-preview:large","max-video-preview":"max-video-preview:-1"},"og_locale":"pt_PT","og_type":"article","og_title":"\u201cA prop\u00f3sito de m\u00fasica\u2026\u201d | Infocul.pt - Arquivo Digital","og_description":"\u201cA prop\u00f3sito de m\u00fasica\u2026\u201d | Infocul.pt - Arquivo Digital","og_url":"https:\/\/infocul.pt\/arquivo\/destaque\/a-proposito-de-musica\/","og_site_name":"Infocul.pt - Arquivo Digital","article_publisher":"https:\/\/www.facebook.com\/Infocul-147816815585015\/","article_published_time":"2019-10-14T23:00:42+00:00","og_image":[{"width":800,"height":445,"url":"https:\/\/infocul.pt\/arquivo\/wp-content\/uploads\/2019\/10\/A-prop\u00f3sito-de-m\u00fasica1.jpg","type":"image\/jpeg"}],"author":"Ana Cristina Esteves","twitter_card":"summary_large_image","twitter_creator":"@Infoculpt","twitter_site":"@Infoculpt","twitter_misc":{"Escrito por":"Ana Cristina Esteves","Tempo estimado de leitura":"3 minutos"},"schema":{"@context":"https:\/\/schema.org","@graph":[{"@type":"Article","@id":"https:\/\/infocul.pt\/arquivo\/destaque\/a-proposito-de-musica\/#article","isPartOf":{"@id":"https:\/\/infocul.pt\/arquivo\/destaque\/a-proposito-de-musica\/"},"author":{"name":"Ana Cristina Esteves","@id":"https:\/\/infocul.pt\/arquivo\/#\/schema\/person\/5bea4408e2590fb41a6291b34198b262"},"headline":"\u201cA prop\u00f3sito de m\u00fasica\u2026\u201d","datePublished":"2019-10-14T23:00:42+00:00","mainEntityOfPage":{"@id":"https:\/\/infocul.pt\/arquivo\/destaque\/a-proposito-de-musica\/"},"wordCount":612,"commentCount":0,"publisher":{"@id":"https:\/\/infocul.pt\/arquivo\/#organization"},"image":{"@id":"https:\/\/infocul.pt\/arquivo\/destaque\/a-proposito-de-musica\/#primaryimage"},"thumbnailUrl":"https:\/\/infocul.pt\/arquivo\/wp-content\/uploads\/2019\/10\/A-prop\u00f3sito-de-m\u00fasica1.jpg","keywords":["A prop\u00f3sito de m\u00fasica","Ana Esteves"],"articleSection":["Destaque","Opini\u00e3o"],"inLanguage":"pt-PT"},{"@type":"WebPage","@id":"https:\/\/infocul.pt\/arquivo\/destaque\/a-proposito-de-musica\/","url":"https:\/\/infocul.pt\/arquivo\/destaque\/a-proposito-de-musica\/","name":"\u201cA prop\u00f3sito de m\u00fasica\u2026\u201d | Infocul.pt - Arquivo Digital","isPartOf":{"@id":"https:\/\/infocul.pt\/arquivo\/#website"},"primaryImageOfPage":{"@id":"https:\/\/infocul.pt\/arquivo\/destaque\/a-proposito-de-musica\/#primaryimage"},"image":{"@id":"https:\/\/infocul.pt\/arquivo\/destaque\/a-proposito-de-musica\/#primaryimage"},"thumbnailUrl":"https:\/\/infocul.pt\/arquivo\/wp-content\/uploads\/2019\/10\/A-prop\u00f3sito-de-m\u00fasica1.jpg","datePublished":"2019-10-14T23:00:42+00:00","description":"\u201cA prop\u00f3sito de m\u00fasica\u2026\u201d | Infocul.pt - Arquivo Digital","breadcrumb":{"@id":"https:\/\/infocul.pt\/arquivo\/destaque\/a-proposito-de-musica\/#breadcrumb"},"inLanguage":"pt-PT","potentialAction":[{"@type":"ReadAction","target":["https:\/\/infocul.pt\/arquivo\/destaque\/a-proposito-de-musica\/"]}]},{"@type":"ImageObject","inLanguage":"pt-PT","@id":"https:\/\/infocul.pt\/arquivo\/destaque\/a-proposito-de-musica\/#primaryimage","url":"https:\/\/infocul.pt\/arquivo\/wp-content\/uploads\/2019\/10\/A-prop\u00f3sito-de-m\u00fasica1.jpg","contentUrl":"https:\/\/infocul.pt\/arquivo\/wp-content\/uploads\/2019\/10\/A-prop\u00f3sito-de-m\u00fasica1.jpg","width":800,"height":445},{"@type":"BreadcrumbList","@id":"https:\/\/infocul.pt\/arquivo\/destaque\/a-proposito-de-musica\/#breadcrumb","itemListElement":[{"@type":"ListItem","position":1,"name":"Home","item":"https:\/\/infocul.pt\/arquivo\/"},{"@type":"ListItem","position":2,"name":"\u201cA prop\u00f3sito de m\u00fasica\u2026\u201d"}]},{"@type":"WebSite","@id":"https:\/\/infocul.pt\/arquivo\/#website","url":"https:\/\/infocul.pt\/arquivo\/","name":"Infocul.pt - Arquivo Digital","description":"Arquivo digital da Infocul.pt","publisher":{"@id":"https:\/\/infocul.pt\/arquivo\/#organization"},"potentialAction":[{"@type":"SearchAction","target":{"@type":"EntryPoint","urlTemplate":"https:\/\/infocul.pt\/arquivo\/?s={search_term_string}"},"query-input":{"@type":"PropertyValueSpecification","valueRequired":true,"valueName":"search_term_string"}}],"inLanguage":"pt-PT"},{"@type":"Organization","@id":"https:\/\/infocul.pt\/arquivo\/#organization","name":"Infocul.pt","url":"https:\/\/infocul.pt\/arquivo\/","logo":{"@type":"ImageObject","inLanguage":"pt-PT","@id":"https:\/\/infocul.pt\/arquivo\/#\/schema\/logo\/image\/","url":"https:\/\/infocul.pt\/arquivo\/wp-content\/uploads\/2018\/12\/Infocul_logo-1.png","contentUrl":"https:\/\/infocul.pt\/arquivo\/wp-content\/uploads\/2018\/12\/Infocul_logo-1.png","width":800,"height":800,"caption":"Infocul.pt"},"image":{"@id":"https:\/\/infocul.pt\/arquivo\/#\/schema\/logo\/image\/"},"sameAs":["https:\/\/www.facebook.com\/Infocul-147816815585015\/","https:\/\/x.com\/Infoculpt","http:\/\/www.pictaram.com\/user\/infocul.pt\/2370423710","https:\/\/www.youtube.com\/channel\/UCYEB91AGI9FL9ek2i_IaQAA"]},{"@type":"Person","@id":"https:\/\/infocul.pt\/arquivo\/#\/schema\/person\/5bea4408e2590fb41a6291b34198b262","name":"Ana Cristina Esteves","image":{"@type":"ImageObject","inLanguage":"pt-PT","@id":"https:\/\/secure.gravatar.com\/avatar\/e3ad354261e0752913590b893f97b3a8ff88b72b6ba2cd99f6793291697b5279?s=96&d=mm&r=g","url":"https:\/\/secure.gravatar.com\/avatar\/e3ad354261e0752913590b893f97b3a8ff88b72b6ba2cd99f6793291697b5279?s=96&d=mm&r=g","contentUrl":"https:\/\/secure.gravatar.com\/avatar\/e3ad354261e0752913590b893f97b3a8ff88b72b6ba2cd99f6793291697b5279?s=96&d=mm&r=g","caption":"Ana Cristina Esteves"},"description":"Professora de M\u00fasica"}]}},"_links":{"self":[{"href":"https:\/\/infocul.pt\/arquivo\/wp-json\/wp\/v2\/posts\/60882","targetHints":{"allow":["GET"]}}],"collection":[{"href":"https:\/\/infocul.pt\/arquivo\/wp-json\/wp\/v2\/posts"}],"about":[{"href":"https:\/\/infocul.pt\/arquivo\/wp-json\/wp\/v2\/types\/post"}],"author":[{"embeddable":true,"href":"https:\/\/infocul.pt\/arquivo\/wp-json\/wp\/v2\/users\/18"}],"replies":[{"embeddable":true,"href":"https:\/\/infocul.pt\/arquivo\/wp-json\/wp\/v2\/comments?post=60882"}],"version-history":[{"count":0,"href":"https:\/\/infocul.pt\/arquivo\/wp-json\/wp\/v2\/posts\/60882\/revisions"}],"wp:featuredmedia":[{"embeddable":true,"href":"https:\/\/infocul.pt\/arquivo\/wp-json\/wp\/v2\/media\/60883"}],"wp:attachment":[{"href":"https:\/\/infocul.pt\/arquivo\/wp-json\/wp\/v2\/media?parent=60882"}],"wp:term":[{"taxonomy":"category","embeddable":true,"href":"https:\/\/infocul.pt\/arquivo\/wp-json\/wp\/v2\/categories?post=60882"},{"taxonomy":"post_tag","embeddable":true,"href":"https:\/\/infocul.pt\/arquivo\/wp-json\/wp\/v2\/tags?post=60882"}],"curies":[{"name":"wp","href":"https:\/\/api.w.org\/{rel}","templated":true}]}}