{"id":60895,"date":"2019-10-10T12:12:19","date_gmt":"2019-10-10T11:12:19","guid":{"rendered":"https:\/\/infocul.pt\/?p=60895"},"modified":"2019-10-10T12:12:19","modified_gmt":"2019-10-10T11:12:19","slug":"chaves-2-detidos-e-7-quilos-de-liamba-apreendidos","status":"publish","type":"post","link":"https:\/\/infocul.pt\/arquivo\/actualidade\/chaves-2-detidos-e-7-quilos-de-liamba-apreendidos\/","title":{"rendered":"Chaves: 2 detidos e 7 quilos de liamba apreendidos"},"content":{"rendered":"<p><img decoding=\"async\" class=\"aligncenter wp-image-60896 size-large lazyload\" data-src=\"https:\/\/infocul.pt\/arquivo\/wp-content\/uploads\/2019\/10\/GNR-Vila-Real-Apreens\u00e3o-1-855x1024.jpg\" alt=\"\" width=\"800\" height=\"958\" data-srcset=\"https:\/\/infocul.pt\/arquivo\/wp-content\/uploads\/2019\/10\/GNR-Vila-Real-Apreens\u00e3o-1-855x1024.jpg 855w, https:\/\/infocul.pt\/arquivo\/wp-content\/uploads\/2019\/10\/GNR-Vila-Real-Apreens\u00e3o-1-250x300.jpg 250w, https:\/\/infocul.pt\/arquivo\/wp-content\/uploads\/2019\/10\/GNR-Vila-Real-Apreens\u00e3o-1-768x920.jpg 768w, https:\/\/infocul.pt\/arquivo\/wp-content\/uploads\/2019\/10\/GNR-Vila-Real-Apreens\u00e3o-1.jpg 939w\" data-sizes=\"(max-width: 800px) 100vw, 800px\" src=\"data:image\/svg+xml;base64,PHN2ZyB3aWR0aD0iMSIgaGVpZ2h0PSIxIiB4bWxucz0iaHR0cDovL3d3dy53My5vcmcvMjAwMC9zdmciPjwvc3ZnPg==\" style=\"--smush-placeholder-width: 800px; --smush-placeholder-aspect-ratio: 800\/958;\" \/><\/p>\n<p>&nbsp;<\/p>\n<p><span style=\"color: #1b1b1b; font-family: Liberation Serif, serif; font-size: medium;\">O Comando Territorial de Vila Real, atrav\u00e9s do N\u00facleo de Investiga\u00e7\u00e3o Criminal de Chaves, ontem, dia 9 de Outubro, deteve dois homens de 52 e 61 anos, por tr\u00e1fico de estupefacientes, no concelho de Chaves.<\/span><!--more--><\/p>\n<p><span style=\"color: #1b1b1b;\"><span style=\"font-family: Liberation Serif, serif;\"><span style=\"font-size: medium;\">No \u00e2mbito de uma investiga\u00e7\u00e3o por tr\u00e1fico de estupefacientes que decorreu durante dois meses, os militares apuraram que os suspeitos tinham v\u00e1rias plantas espalhadas por diversos terrenos de cultivo. Foram realizadas tr\u00eas buscas domicili\u00e1rias, que culminaram na apreens\u00e3o de diverso material, destacando-se:<\/span><\/span><\/span><\/p>\n<p><strong><span style=\"color: #1b1b1b;\"><span style=\"font-family: Liberation Serif, serif;\"><span style=\"font-size: medium;\">\u00b7 Sete quilos de liamba;<\/span><\/span><\/span><\/strong><\/p>\n<p><strong><span style=\"color: #1b1b1b;\"><span style=\"font-family: Liberation Serif, serif;\"><span style=\"font-size: medium;\">\u00b7 Oito plantas de can\u00e1bis com altura superior a 1,5 metros;<\/span><\/span><\/span><\/strong><\/p>\n<p><strong><span style=\"color: #1b1b1b;\"><span style=\"font-family: Liberation Serif, serif;\"><span style=\"font-size: medium;\">\u00b7 Material relacionado com o cultivo de estupefacientes.<\/span><\/span><\/span><\/strong><\/p>\n<p>&nbsp;<\/p>\n<p><span style=\"color: #1b1b1b;\"><span style=\"font-family: Liberation Serif, serif;\"><span style=\"font-size: medium;\">Os detidos est\u00e3o, neste momento, a ser presentes no Tribunal de Chaves, para aplica\u00e7\u00e3o de medidas de coa\u00e7\u00e3o.<\/span><\/span><\/span><\/p>\n","protected":false},"excerpt":{"rendered":"<p>&nbsp; O Comando Territorial de Vila Real, atrav\u00e9s do N\u00facleo de Investiga\u00e7\u00e3o Criminal de Chaves, ontem, dia 9 de Outubro, deteve dois homens de 52 e 61 anos, por tr\u00e1fico de estupefacientes, no concelho de Chaves.<\/p>\n","protected":false},"author":13,"featured_media":60896,"comment_status":"open","ping_status":"closed","sticky":false,"template":"","format":"standard","meta":{"footnotes":""},"categories":[10,11],"tags":[1696,1138],"class_list":["post-60895","post","type-post","status-publish","format-standard","has-post-thumbnail","hentry","category-actualidade","category-pais","tag-chaves","tag-gnr"],"yoast_head":"<!-- This site is optimized with the Yoast SEO plugin v27.4 - https:\/\/yoast.com\/product\/yoast-seo-wordpress\/ -->\n<title>Chaves: 2 detidos e 7 quilos de liamba apreendidos | Infocul.pt - Arquivo Digital<\/title>\n<meta name=\"description\" content=\"Chaves: 2 detidos e 7 quilos de liamba apreendidos | Infocul.pt - Arquivo Digital\" \/>\n<meta name=\"robots\" content=\"noindex, follow, max-snippet:-1, max-image-preview:large, max-video-preview:-1\" \/>\n<meta property=\"og:locale\" content=\"pt_PT\" \/>\n<meta property=\"og:type\" content=\"article\" \/>\n<meta property=\"og:title\" content=\"Chaves: 2 detidos e 7 quilos de liamba apreendidos | Infocul.pt - Arquivo Digital\" \/>\n<meta property=\"og:description\" content=\"Chaves: 2 detidos e 7 quilos de liamba apreendidos | Infocul.pt - Arquivo Digital\" \/>\n<meta property=\"og:url\" content=\"https:\/\/infocul.pt\/arquivo\/actualidade\/chaves-2-detidos-e-7-quilos-de-liamba-apreendidos\/\" \/>\n<meta property=\"og:site_name\" content=\"Infocul.pt - Arquivo Digital\" \/>\n<meta property=\"article:publisher\" content=\"https:\/\/www.facebook.com\/Infocul-147816815585015\/\" \/>\n<meta property=\"article:published_time\" content=\"2019-10-10T11:12:19+00:00\" \/>\n<meta property=\"og:image\" content=\"https:\/\/infocul.pt\/arquivo\/wp-content\/uploads\/2019\/10\/GNR-Vila-Real-Apreens\u00e3o-1.jpg\" \/>\n\t<meta property=\"og:image:width\" content=\"939\" \/>\n\t<meta property=\"og:image:height\" content=\"1125\" \/>\n\t<meta property=\"og:image:type\" content=\"image\/jpeg\" \/>\n<meta name=\"author\" content=\"Redac\u00e7\u00e3o\" \/>\n<meta name=\"twitter:card\" content=\"summary_large_image\" \/>\n<meta name=\"twitter:creator\" content=\"@Infoculpt\" \/>\n<meta name=\"twitter:site\" content=\"@Infoculpt\" \/>\n<meta name=\"twitter:label1\" content=\"Escrito por\" \/>\n\t<meta name=\"twitter:data1\" content=\"Redac\u00e7\u00e3o\" \/>\n\t<meta name=\"twitter:label2\" content=\"Tempo estimado de leitura\" \/>\n\t<meta name=\"twitter:data2\" content=\"1 minuto\" \/>\n<script type=\"application\/ld+json\" class=\"yoast-schema-graph\">{\"@context\":\"https:\\\/\\\/schema.org\",\"@graph\":[{\"@type\":\"Article\",\"@id\":\"https:\\\/\\\/infocul.pt\\\/arquivo\\\/actualidade\\\/chaves-2-detidos-e-7-quilos-de-liamba-apreendidos\\\/#article\",\"isPartOf\":{\"@id\":\"https:\\\/\\\/infocul.pt\\\/arquivo\\\/actualidade\\\/chaves-2-detidos-e-7-quilos-de-liamba-apreendidos\\\/\"},\"author\":{\"name\":\"Redac\u00e7\u00e3o\",\"@id\":\"https:\\\/\\\/infocul.pt\\\/arquivo\\\/#\\\/schema\\\/person\\\/f243f45ae8d67639120a7586884f3abc\"},\"headline\":\"Chaves: 2 detidos e 7 quilos de liamba apreendidos\",\"datePublished\":\"2019-10-10T11:12:19+00:00\",\"mainEntityOfPage\":{\"@id\":\"https:\\\/\\\/infocul.pt\\\/arquivo\\\/actualidade\\\/chaves-2-detidos-e-7-quilos-de-liamba-apreendidos\\\/\"},\"wordCount\":135,\"commentCount\":0,\"publisher\":{\"@id\":\"https:\\\/\\\/infocul.pt\\\/arquivo\\\/#organization\"},\"image\":{\"@id\":\"https:\\\/\\\/infocul.pt\\\/arquivo\\\/actualidade\\\/chaves-2-detidos-e-7-quilos-de-liamba-apreendidos\\\/#primaryimage\"},\"thumbnailUrl\":\"https:\\\/\\\/infocul.pt\\\/arquivo\\\/wp-content\\\/uploads\\\/2019\\\/10\\\/GNR-Vila-Real-Apreens\u00e3o-1.jpg\",\"keywords\":[\"Chaves\",\"GNR\"],\"articleSection\":[\"Actualidade\",\"Pa\u00eds\"],\"inLanguage\":\"pt-PT\"},{\"@type\":\"WebPage\",\"@id\":\"https:\\\/\\\/infocul.pt\\\/arquivo\\\/actualidade\\\/chaves-2-detidos-e-7-quilos-de-liamba-apreendidos\\\/\",\"url\":\"https:\\\/\\\/infocul.pt\\\/arquivo\\\/actualidade\\\/chaves-2-detidos-e-7-quilos-de-liamba-apreendidos\\\/\",\"name\":\"Chaves: 2 detidos e 7 quilos de liamba apreendidos | Infocul.pt - Arquivo Digital\",\"isPartOf\":{\"@id\":\"https:\\\/\\\/infocul.pt\\\/arquivo\\\/#website\"},\"primaryImageOfPage\":{\"@id\":\"https:\\\/\\\/infocul.pt\\\/arquivo\\\/actualidade\\\/chaves-2-detidos-e-7-quilos-de-liamba-apreendidos\\\/#primaryimage\"},\"image\":{\"@id\":\"https:\\\/\\\/infocul.pt\\\/arquivo\\\/actualidade\\\/chaves-2-detidos-e-7-quilos-de-liamba-apreendidos\\\/#primaryimage\"},\"thumbnailUrl\":\"https:\\\/\\\/infocul.pt\\\/arquivo\\\/wp-content\\\/uploads\\\/2019\\\/10\\\/GNR-Vila-Real-Apreens\u00e3o-1.jpg\",\"datePublished\":\"2019-10-10T11:12:19+00:00\",\"description\":\"Chaves: 2 detidos e 7 quilos de liamba apreendidos | Infocul.pt - Arquivo Digital\",\"breadcrumb\":{\"@id\":\"https:\\\/\\\/infocul.pt\\\/arquivo\\\/actualidade\\\/chaves-2-detidos-e-7-quilos-de-liamba-apreendidos\\\/#breadcrumb\"},\"inLanguage\":\"pt-PT\",\"potentialAction\":[{\"@type\":\"ReadAction\",\"target\":[\"https:\\\/\\\/infocul.pt\\\/arquivo\\\/actualidade\\\/chaves-2-detidos-e-7-quilos-de-liamba-apreendidos\\\/\"]}]},{\"@type\":\"ImageObject\",\"inLanguage\":\"pt-PT\",\"@id\":\"https:\\\/\\\/infocul.pt\\\/arquivo\\\/actualidade\\\/chaves-2-detidos-e-7-quilos-de-liamba-apreendidos\\\/#primaryimage\",\"url\":\"https:\\\/\\\/infocul.pt\\\/arquivo\\\/wp-content\\\/uploads\\\/2019\\\/10\\\/GNR-Vila-Real-Apreens\u00e3o-1.jpg\",\"contentUrl\":\"https:\\\/\\\/infocul.pt\\\/arquivo\\\/wp-content\\\/uploads\\\/2019\\\/10\\\/GNR-Vila-Real-Apreens\u00e3o-1.jpg\",\"width\":939,\"height\":1125},{\"@type\":\"BreadcrumbList\",\"@id\":\"https:\\\/\\\/infocul.pt\\\/arquivo\\\/actualidade\\\/chaves-2-detidos-e-7-quilos-de-liamba-apreendidos\\\/#breadcrumb\",\"itemListElement\":[{\"@type\":\"ListItem\",\"position\":1,\"name\":\"Home\",\"item\":\"https:\\\/\\\/infocul.pt\\\/arquivo\\\/\"},{\"@type\":\"ListItem\",\"position\":2,\"name\":\"Chaves: 2 detidos e 7 quilos de liamba apreendidos\"}]},{\"@type\":\"WebSite\",\"@id\":\"https:\\\/\\\/infocul.pt\\\/arquivo\\\/#website\",\"url\":\"https:\\\/\\\/infocul.pt\\\/arquivo\\\/\",\"name\":\"Infocul.pt - Arquivo Digital\",\"description\":\"Arquivo digital da Infocul.pt\",\"publisher\":{\"@id\":\"https:\\\/\\\/infocul.pt\\\/arquivo\\\/#organization\"},\"potentialAction\":[{\"@type\":\"SearchAction\",\"target\":{\"@type\":\"EntryPoint\",\"urlTemplate\":\"https:\\\/\\\/infocul.pt\\\/arquivo\\\/?s={search_term_string}\"},\"query-input\":{\"@type\":\"PropertyValueSpecification\",\"valueRequired\":true,\"valueName\":\"search_term_string\"}}],\"inLanguage\":\"pt-PT\"},{\"@type\":\"Organization\",\"@id\":\"https:\\\/\\\/infocul.pt\\\/arquivo\\\/#organization\",\"name\":\"Infocul.pt\",\"url\":\"https:\\\/\\\/infocul.pt\\\/arquivo\\\/\",\"logo\":{\"@type\":\"ImageObject\",\"inLanguage\":\"pt-PT\",\"@id\":\"https:\\\/\\\/infocul.pt\\\/arquivo\\\/#\\\/schema\\\/logo\\\/image\\\/\",\"url\":\"https:\\\/\\\/infocul.pt\\\/arquivo\\\/wp-content\\\/uploads\\\/2018\\\/12\\\/Infocul_logo-1.png\",\"contentUrl\":\"https:\\\/\\\/infocul.pt\\\/arquivo\\\/wp-content\\\/uploads\\\/2018\\\/12\\\/Infocul_logo-1.png\",\"width\":800,\"height\":800,\"caption\":\"Infocul.pt\"},\"image\":{\"@id\":\"https:\\\/\\\/infocul.pt\\\/arquivo\\\/#\\\/schema\\\/logo\\\/image\\\/\"},\"sameAs\":[\"https:\\\/\\\/www.facebook.com\\\/Infocul-147816815585015\\\/\",\"https:\\\/\\\/x.com\\\/Infoculpt\",\"http:\\\/\\\/www.pictaram.com\\\/user\\\/infocul.pt\\\/2370423710\",\"https:\\\/\\\/www.youtube.com\\\/channel\\\/UCYEB91AGI9FL9ek2i_IaQAA\"]},{\"@type\":\"Person\",\"@id\":\"https:\\\/\\\/infocul.pt\\\/arquivo\\\/#\\\/schema\\\/person\\\/f243f45ae8d67639120a7586884f3abc\",\"name\":\"Redac\u00e7\u00e3o\",\"image\":{\"@type\":\"ImageObject\",\"inLanguage\":\"pt-PT\",\"@id\":\"https:\\\/\\\/secure.gravatar.com\\\/avatar\\\/151b1b76c598ab5e749407223bd6c1bad4e41c4e95de3c3df83540ebee2deaf8?s=96&d=mm&r=g\",\"url\":\"https:\\\/\\\/secure.gravatar.com\\\/avatar\\\/151b1b76c598ab5e749407223bd6c1bad4e41c4e95de3c3df83540ebee2deaf8?s=96&d=mm&r=g\",\"contentUrl\":\"https:\\\/\\\/secure.gravatar.com\\\/avatar\\\/151b1b76c598ab5e749407223bd6c1bad4e41c4e95de3c3df83540ebee2deaf8?s=96&d=mm&r=g\",\"caption\":\"Redac\u00e7\u00e3o\"}}]}<\/script>\n<!-- \/ Yoast SEO plugin. -->","yoast_head_json":{"title":"Chaves: 2 detidos e 7 quilos de liamba apreendidos | Infocul.pt - Arquivo Digital","description":"Chaves: 2 detidos e 7 quilos de liamba apreendidos | Infocul.pt - Arquivo Digital","robots":{"index":"noindex","follow":"follow","max-snippet":"max-snippet:-1","max-image-preview":"max-image-preview:large","max-video-preview":"max-video-preview:-1"},"og_locale":"pt_PT","og_type":"article","og_title":"Chaves: 2 detidos e 7 quilos de liamba apreendidos | Infocul.pt - Arquivo Digital","og_description":"Chaves: 2 detidos e 7 quilos de liamba apreendidos | Infocul.pt - Arquivo Digital","og_url":"https:\/\/infocul.pt\/arquivo\/actualidade\/chaves-2-detidos-e-7-quilos-de-liamba-apreendidos\/","og_site_name":"Infocul.pt - Arquivo Digital","article_publisher":"https:\/\/www.facebook.com\/Infocul-147816815585015\/","article_published_time":"2019-10-10T11:12:19+00:00","og_image":[{"width":939,"height":1125,"url":"https:\/\/infocul.pt\/arquivo\/wp-content\/uploads\/2019\/10\/GNR-Vila-Real-Apreens\u00e3o-1.jpg","type":"image\/jpeg"}],"author":"Redac\u00e7\u00e3o","twitter_card":"summary_large_image","twitter_creator":"@Infoculpt","twitter_site":"@Infoculpt","twitter_misc":{"Escrito por":"Redac\u00e7\u00e3o","Tempo estimado de leitura":"1 minuto"},"schema":{"@context":"https:\/\/schema.org","@graph":[{"@type":"Article","@id":"https:\/\/infocul.pt\/arquivo\/actualidade\/chaves-2-detidos-e-7-quilos-de-liamba-apreendidos\/#article","isPartOf":{"@id":"https:\/\/infocul.pt\/arquivo\/actualidade\/chaves-2-detidos-e-7-quilos-de-liamba-apreendidos\/"},"author":{"name":"Redac\u00e7\u00e3o","@id":"https:\/\/infocul.pt\/arquivo\/#\/schema\/person\/f243f45ae8d67639120a7586884f3abc"},"headline":"Chaves: 2 detidos e 7 quilos de liamba apreendidos","datePublished":"2019-10-10T11:12:19+00:00","mainEntityOfPage":{"@id":"https:\/\/infocul.pt\/arquivo\/actualidade\/chaves-2-detidos-e-7-quilos-de-liamba-apreendidos\/"},"wordCount":135,"commentCount":0,"publisher":{"@id":"https:\/\/infocul.pt\/arquivo\/#organization"},"image":{"@id":"https:\/\/infocul.pt\/arquivo\/actualidade\/chaves-2-detidos-e-7-quilos-de-liamba-apreendidos\/#primaryimage"},"thumbnailUrl":"https:\/\/infocul.pt\/arquivo\/wp-content\/uploads\/2019\/10\/GNR-Vila-Real-Apreens\u00e3o-1.jpg","keywords":["Chaves","GNR"],"articleSection":["Actualidade","Pa\u00eds"],"inLanguage":"pt-PT"},{"@type":"WebPage","@id":"https:\/\/infocul.pt\/arquivo\/actualidade\/chaves-2-detidos-e-7-quilos-de-liamba-apreendidos\/","url":"https:\/\/infocul.pt\/arquivo\/actualidade\/chaves-2-detidos-e-7-quilos-de-liamba-apreendidos\/","name":"Chaves: 2 detidos e 7 quilos de liamba apreendidos | Infocul.pt - Arquivo Digital","isPartOf":{"@id":"https:\/\/infocul.pt\/arquivo\/#website"},"primaryImageOfPage":{"@id":"https:\/\/infocul.pt\/arquivo\/actualidade\/chaves-2-detidos-e-7-quilos-de-liamba-apreendidos\/#primaryimage"},"image":{"@id":"https:\/\/infocul.pt\/arquivo\/actualidade\/chaves-2-detidos-e-7-quilos-de-liamba-apreendidos\/#primaryimage"},"thumbnailUrl":"https:\/\/infocul.pt\/arquivo\/wp-content\/uploads\/2019\/10\/GNR-Vila-Real-Apreens\u00e3o-1.jpg","datePublished":"2019-10-10T11:12:19+00:00","description":"Chaves: 2 detidos e 7 quilos de liamba apreendidos | Infocul.pt - Arquivo Digital","breadcrumb":{"@id":"https:\/\/infocul.pt\/arquivo\/actualidade\/chaves-2-detidos-e-7-quilos-de-liamba-apreendidos\/#breadcrumb"},"inLanguage":"pt-PT","potentialAction":[{"@type":"ReadAction","target":["https:\/\/infocul.pt\/arquivo\/actualidade\/chaves-2-detidos-e-7-quilos-de-liamba-apreendidos\/"]}]},{"@type":"ImageObject","inLanguage":"pt-PT","@id":"https:\/\/infocul.pt\/arquivo\/actualidade\/chaves-2-detidos-e-7-quilos-de-liamba-apreendidos\/#primaryimage","url":"https:\/\/infocul.pt\/arquivo\/wp-content\/uploads\/2019\/10\/GNR-Vila-Real-Apreens\u00e3o-1.jpg","contentUrl":"https:\/\/infocul.pt\/arquivo\/wp-content\/uploads\/2019\/10\/GNR-Vila-Real-Apreens\u00e3o-1.jpg","width":939,"height":1125},{"@type":"BreadcrumbList","@id":"https:\/\/infocul.pt\/arquivo\/actualidade\/chaves-2-detidos-e-7-quilos-de-liamba-apreendidos\/#breadcrumb","itemListElement":[{"@type":"ListItem","position":1,"name":"Home","item":"https:\/\/infocul.pt\/arquivo\/"},{"@type":"ListItem","position":2,"name":"Chaves: 2 detidos e 7 quilos de liamba apreendidos"}]},{"@type":"WebSite","@id":"https:\/\/infocul.pt\/arquivo\/#website","url":"https:\/\/infocul.pt\/arquivo\/","name":"Infocul.pt - Arquivo Digital","description":"Arquivo digital da Infocul.pt","publisher":{"@id":"https:\/\/infocul.pt\/arquivo\/#organization"},"potentialAction":[{"@type":"SearchAction","target":{"@type":"EntryPoint","urlTemplate":"https:\/\/infocul.pt\/arquivo\/?s={search_term_string}"},"query-input":{"@type":"PropertyValueSpecification","valueRequired":true,"valueName":"search_term_string"}}],"inLanguage":"pt-PT"},{"@type":"Organization","@id":"https:\/\/infocul.pt\/arquivo\/#organization","name":"Infocul.pt","url":"https:\/\/infocul.pt\/arquivo\/","logo":{"@type":"ImageObject","inLanguage":"pt-PT","@id":"https:\/\/infocul.pt\/arquivo\/#\/schema\/logo\/image\/","url":"https:\/\/infocul.pt\/arquivo\/wp-content\/uploads\/2018\/12\/Infocul_logo-1.png","contentUrl":"https:\/\/infocul.pt\/arquivo\/wp-content\/uploads\/2018\/12\/Infocul_logo-1.png","width":800,"height":800,"caption":"Infocul.pt"},"image":{"@id":"https:\/\/infocul.pt\/arquivo\/#\/schema\/logo\/image\/"},"sameAs":["https:\/\/www.facebook.com\/Infocul-147816815585015\/","https:\/\/x.com\/Infoculpt","http:\/\/www.pictaram.com\/user\/infocul.pt\/2370423710","https:\/\/www.youtube.com\/channel\/UCYEB91AGI9FL9ek2i_IaQAA"]},{"@type":"Person","@id":"https:\/\/infocul.pt\/arquivo\/#\/schema\/person\/f243f45ae8d67639120a7586884f3abc","name":"Redac\u00e7\u00e3o","image":{"@type":"ImageObject","inLanguage":"pt-PT","@id":"https:\/\/secure.gravatar.com\/avatar\/151b1b76c598ab5e749407223bd6c1bad4e41c4e95de3c3df83540ebee2deaf8?s=96&d=mm&r=g","url":"https:\/\/secure.gravatar.com\/avatar\/151b1b76c598ab5e749407223bd6c1bad4e41c4e95de3c3df83540ebee2deaf8?s=96&d=mm&r=g","contentUrl":"https:\/\/secure.gravatar.com\/avatar\/151b1b76c598ab5e749407223bd6c1bad4e41c4e95de3c3df83540ebee2deaf8?s=96&d=mm&r=g","caption":"Redac\u00e7\u00e3o"}}]}},"_links":{"self":[{"href":"https:\/\/infocul.pt\/arquivo\/wp-json\/wp\/v2\/posts\/60895","targetHints":{"allow":["GET"]}}],"collection":[{"href":"https:\/\/infocul.pt\/arquivo\/wp-json\/wp\/v2\/posts"}],"about":[{"href":"https:\/\/infocul.pt\/arquivo\/wp-json\/wp\/v2\/types\/post"}],"author":[{"embeddable":true,"href":"https:\/\/infocul.pt\/arquivo\/wp-json\/wp\/v2\/users\/13"}],"replies":[{"embeddable":true,"href":"https:\/\/infocul.pt\/arquivo\/wp-json\/wp\/v2\/comments?post=60895"}],"version-history":[{"count":0,"href":"https:\/\/infocul.pt\/arquivo\/wp-json\/wp\/v2\/posts\/60895\/revisions"}],"wp:featuredmedia":[{"embeddable":true,"href":"https:\/\/infocul.pt\/arquivo\/wp-json\/wp\/v2\/media\/60896"}],"wp:attachment":[{"href":"https:\/\/infocul.pt\/arquivo\/wp-json\/wp\/v2\/media?parent=60895"}],"wp:term":[{"taxonomy":"category","embeddable":true,"href":"https:\/\/infocul.pt\/arquivo\/wp-json\/wp\/v2\/categories?post=60895"},{"taxonomy":"post_tag","embeddable":true,"href":"https:\/\/infocul.pt\/arquivo\/wp-json\/wp\/v2\/tags?post=60895"}],"curies":[{"name":"wp","href":"https:\/\/api.w.org\/{rel}","templated":true}]}}