{"id":61006,"date":"2019-10-14T16:20:29","date_gmt":"2019-10-14T15:20:29","guid":{"rendered":"https:\/\/infocul.pt\/?p=61006"},"modified":"2019-10-14T16:20:29","modified_gmt":"2019-10-14T15:20:29","slug":"chaves-detido-apos-agredir-a-mae-e-tendo-se-colocado-em-fuga","status":"publish","type":"post","link":"https:\/\/infocul.pt\/arquivo\/actualidade\/chaves-detido-apos-agredir-a-mae-e-tendo-se-colocado-em-fuga\/","title":{"rendered":"Chaves: Detido ap\u00f3s agredir a m\u00e3e e tendo-se colocado em fuga&#8230;"},"content":{"rendered":"<p><img decoding=\"async\" class=\"aligncenter wp-image-51094 size-full lazyload\" data-src=\"https:\/\/infocul.pt\/arquivo\/wp-content\/uploads\/2019\/01\/gnr.jpg\" alt=\"\" width=\"800\" height=\"533\" data-srcset=\"https:\/\/infocul.pt\/arquivo\/wp-content\/uploads\/2019\/01\/gnr.jpg 800w, https:\/\/infocul.pt\/arquivo\/wp-content\/uploads\/2019\/01\/gnr-300x200.jpg 300w, https:\/\/infocul.pt\/arquivo\/wp-content\/uploads\/2019\/01\/gnr-768x512.jpg 768w, https:\/\/infocul.pt\/arquivo\/wp-content\/uploads\/2019\/01\/gnr-272x182.jpg 272w\" data-sizes=\"(max-width: 800px) 100vw, 800px\" src=\"data:image\/svg+xml;base64,PHN2ZyB3aWR0aD0iMSIgaGVpZ2h0PSIxIiB4bWxucz0iaHR0cDovL3d3dy53My5vcmcvMjAwMC9zdmciPjwvc3ZnPg==\" style=\"--smush-placeholder-width: 800px; --smush-placeholder-aspect-ratio: 800\/533;\" \/><\/p>\n<p>&nbsp;<\/p>\n<p>&nbsp;<\/p>\n<p><span style=\"color: #222222; font-family: Liberation Serif, serif; font-size: medium;\">O Comando Territorial de Vila Real, atrav\u00e9s do Posto Territorial de Chaves, no dia 11 de Outubro, deteve um homem de 33 anos, em Chaves, pelos crimes de viol\u00eancia dom\u00e9stica e roubo.<\/span><!--more--><\/p>\n<p><span style=\"color: #222222;\"><span style=\"font-family: Liberation Serif, serif;\"><span style=\"font-size: medium;\">A GNR foi alertada para uma situa\u00e7\u00e3o de viol\u00eancia dom\u00e9stica, em que o indiv\u00edduo estaria a agredir a m\u00e3e, de 53 anos. Quando os militares chegaram ao local, o suspeito j\u00e1 se tinha colocado em fuga, tendo sido interceptado pouco tempo depois, nas imedia\u00e7\u00f5es. No seguimento das dilig\u00eancias policiais, os militares detectaram que a mochila pertencente ao suspeito, continha v\u00e1rios objectos com as mesmas caracter\u00edsticas dos que haviam sido roubados de uma resid\u00eancia daquela localidade, com recurso a arma de fogo e que tinha acontecido algumas horas antes.<\/span><\/span><\/span><\/p>\n<p><span style=\"color: #222222;\"><span style=\"font-family: Liberation Serif, serif;\"><span style=\"font-size: medium;\">Foram apreendidas v\u00e1rias pe\u00e7as em ouro, uma pistola, dois telem\u00f3veis, dois rel\u00f3gios e duas m\u00e1quinas fotogr\u00e1ficas.<\/span><\/span><\/span><\/p>\n<p><span style=\"color: #222222; font-family: Liberation Serif, serif; font-size: medium;\">O detido, com antecedentes criminais por viol\u00eancia dom\u00e9stica contra a companheira em Espanha, foi presente no Tribunal Judicial de Valpa\u00e7os, no dia 12 de Outubro, tendo-lhe sido aplicada a medida de coa\u00e7\u00e3o de pris\u00e3o preventiva.<\/span><\/p>\n","protected":false},"excerpt":{"rendered":"<p>&nbsp; &nbsp; O Comando Territorial de Vila Real, atrav\u00e9s do Posto Territorial de Chaves, no dia 11 de Outubro, deteve um homem de 33 anos, em Chaves, pelos crimes de viol\u00eancia dom\u00e9stica e roubo.<\/p>\n","protected":false},"author":13,"featured_media":51094,"comment_status":"open","ping_status":"closed","sticky":false,"template":"","format":"standard","meta":{"footnotes":""},"categories":[10,11],"tags":[1696,1138],"class_list":["post-61006","post","type-post","status-publish","format-standard","has-post-thumbnail","hentry","category-actualidade","category-pais","tag-chaves","tag-gnr"],"yoast_head":"<!-- This site is optimized with the Yoast SEO plugin v27.4 - https:\/\/yoast.com\/product\/yoast-seo-wordpress\/ -->\n<title>Chaves: Detido ap\u00f3s agredir a m\u00e3e e tendo-se colocado em fuga... | Infocul.pt - Arquivo Digital<\/title>\n<meta name=\"description\" content=\"Chaves: Detido ap\u00f3s agredir a m\u00e3e e tendo-se colocado em fuga... | Infocul.pt - Arquivo Digital\" \/>\n<meta name=\"robots\" content=\"noindex, follow, max-snippet:-1, max-image-preview:large, max-video-preview:-1\" \/>\n<meta property=\"og:locale\" content=\"pt_PT\" \/>\n<meta property=\"og:type\" content=\"article\" \/>\n<meta property=\"og:title\" content=\"Chaves: Detido ap\u00f3s agredir a m\u00e3e e tendo-se colocado em fuga... | Infocul.pt - Arquivo Digital\" \/>\n<meta property=\"og:description\" content=\"Chaves: Detido ap\u00f3s agredir a m\u00e3e e tendo-se colocado em fuga... | Infocul.pt - Arquivo Digital\" \/>\n<meta property=\"og:url\" content=\"https:\/\/infocul.pt\/arquivo\/actualidade\/chaves-detido-apos-agredir-a-mae-e-tendo-se-colocado-em-fuga\/\" \/>\n<meta property=\"og:site_name\" content=\"Infocul.pt - Arquivo Digital\" \/>\n<meta property=\"article:publisher\" content=\"https:\/\/www.facebook.com\/Infocul-147816815585015\/\" \/>\n<meta property=\"article:published_time\" content=\"2019-10-14T15:20:29+00:00\" \/>\n<meta property=\"og:image\" content=\"https:\/\/infocul.pt\/arquivo\/wp-content\/uploads\/2019\/01\/gnr.jpg\" \/>\n\t<meta property=\"og:image:width\" content=\"800\" \/>\n\t<meta property=\"og:image:height\" content=\"533\" \/>\n\t<meta property=\"og:image:type\" content=\"image\/jpeg\" \/>\n<meta name=\"author\" content=\"Redac\u00e7\u00e3o\" \/>\n<meta name=\"twitter:card\" content=\"summary_large_image\" \/>\n<meta name=\"twitter:creator\" content=\"@Infoculpt\" \/>\n<meta name=\"twitter:site\" content=\"@Infoculpt\" \/>\n<meta name=\"twitter:label1\" content=\"Escrito por\" \/>\n\t<meta name=\"twitter:data1\" content=\"Redac\u00e7\u00e3o\" \/>\n\t<meta name=\"twitter:label2\" content=\"Tempo estimado de leitura\" \/>\n\t<meta name=\"twitter:data2\" content=\"1 minuto\" \/>\n<script type=\"application\/ld+json\" class=\"yoast-schema-graph\">{\"@context\":\"https:\\\/\\\/schema.org\",\"@graph\":[{\"@type\":\"Article\",\"@id\":\"https:\\\/\\\/infocul.pt\\\/arquivo\\\/actualidade\\\/chaves-detido-apos-agredir-a-mae-e-tendo-se-colocado-em-fuga\\\/#article\",\"isPartOf\":{\"@id\":\"https:\\\/\\\/infocul.pt\\\/arquivo\\\/actualidade\\\/chaves-detido-apos-agredir-a-mae-e-tendo-se-colocado-em-fuga\\\/\"},\"author\":{\"name\":\"Redac\u00e7\u00e3o\",\"@id\":\"https:\\\/\\\/infocul.pt\\\/arquivo\\\/#\\\/schema\\\/person\\\/f243f45ae8d67639120a7586884f3abc\"},\"headline\":\"Chaves: Detido ap\u00f3s agredir a m\u00e3e e tendo-se colocado em fuga&#8230;\",\"datePublished\":\"2019-10-14T15:20:29+00:00\",\"mainEntityOfPage\":{\"@id\":\"https:\\\/\\\/infocul.pt\\\/arquivo\\\/actualidade\\\/chaves-detido-apos-agredir-a-mae-e-tendo-se-colocado-em-fuga\\\/\"},\"wordCount\":206,\"commentCount\":0,\"publisher\":{\"@id\":\"https:\\\/\\\/infocul.pt\\\/arquivo\\\/#organization\"},\"image\":{\"@id\":\"https:\\\/\\\/infocul.pt\\\/arquivo\\\/actualidade\\\/chaves-detido-apos-agredir-a-mae-e-tendo-se-colocado-em-fuga\\\/#primaryimage\"},\"thumbnailUrl\":\"https:\\\/\\\/infocul.pt\\\/arquivo\\\/wp-content\\\/uploads\\\/2019\\\/01\\\/gnr.jpg\",\"keywords\":[\"Chaves\",\"GNR\"],\"articleSection\":[\"Actualidade\",\"Pa\u00eds\"],\"inLanguage\":\"pt-PT\"},{\"@type\":\"WebPage\",\"@id\":\"https:\\\/\\\/infocul.pt\\\/arquivo\\\/actualidade\\\/chaves-detido-apos-agredir-a-mae-e-tendo-se-colocado-em-fuga\\\/\",\"url\":\"https:\\\/\\\/infocul.pt\\\/arquivo\\\/actualidade\\\/chaves-detido-apos-agredir-a-mae-e-tendo-se-colocado-em-fuga\\\/\",\"name\":\"Chaves: Detido ap\u00f3s agredir a m\u00e3e e tendo-se colocado em fuga... | Infocul.pt - Arquivo Digital\",\"isPartOf\":{\"@id\":\"https:\\\/\\\/infocul.pt\\\/arquivo\\\/#website\"},\"primaryImageOfPage\":{\"@id\":\"https:\\\/\\\/infocul.pt\\\/arquivo\\\/actualidade\\\/chaves-detido-apos-agredir-a-mae-e-tendo-se-colocado-em-fuga\\\/#primaryimage\"},\"image\":{\"@id\":\"https:\\\/\\\/infocul.pt\\\/arquivo\\\/actualidade\\\/chaves-detido-apos-agredir-a-mae-e-tendo-se-colocado-em-fuga\\\/#primaryimage\"},\"thumbnailUrl\":\"https:\\\/\\\/infocul.pt\\\/arquivo\\\/wp-content\\\/uploads\\\/2019\\\/01\\\/gnr.jpg\",\"datePublished\":\"2019-10-14T15:20:29+00:00\",\"description\":\"Chaves: Detido ap\u00f3s agredir a m\u00e3e e tendo-se colocado em fuga... | Infocul.pt - Arquivo Digital\",\"breadcrumb\":{\"@id\":\"https:\\\/\\\/infocul.pt\\\/arquivo\\\/actualidade\\\/chaves-detido-apos-agredir-a-mae-e-tendo-se-colocado-em-fuga\\\/#breadcrumb\"},\"inLanguage\":\"pt-PT\",\"potentialAction\":[{\"@type\":\"ReadAction\",\"target\":[\"https:\\\/\\\/infocul.pt\\\/arquivo\\\/actualidade\\\/chaves-detido-apos-agredir-a-mae-e-tendo-se-colocado-em-fuga\\\/\"]}]},{\"@type\":\"ImageObject\",\"inLanguage\":\"pt-PT\",\"@id\":\"https:\\\/\\\/infocul.pt\\\/arquivo\\\/actualidade\\\/chaves-detido-apos-agredir-a-mae-e-tendo-se-colocado-em-fuga\\\/#primaryimage\",\"url\":\"https:\\\/\\\/infocul.pt\\\/arquivo\\\/wp-content\\\/uploads\\\/2019\\\/01\\\/gnr.jpg\",\"contentUrl\":\"https:\\\/\\\/infocul.pt\\\/arquivo\\\/wp-content\\\/uploads\\\/2019\\\/01\\\/gnr.jpg\",\"width\":800,\"height\":533},{\"@type\":\"BreadcrumbList\",\"@id\":\"https:\\\/\\\/infocul.pt\\\/arquivo\\\/actualidade\\\/chaves-detido-apos-agredir-a-mae-e-tendo-se-colocado-em-fuga\\\/#breadcrumb\",\"itemListElement\":[{\"@type\":\"ListItem\",\"position\":1,\"name\":\"Home\",\"item\":\"https:\\\/\\\/infocul.pt\\\/arquivo\\\/\"},{\"@type\":\"ListItem\",\"position\":2,\"name\":\"Chaves: Detido ap\u00f3s agredir a m\u00e3e e tendo-se colocado em fuga&#8230;\"}]},{\"@type\":\"WebSite\",\"@id\":\"https:\\\/\\\/infocul.pt\\\/arquivo\\\/#website\",\"url\":\"https:\\\/\\\/infocul.pt\\\/arquivo\\\/\",\"name\":\"Infocul.pt - Arquivo Digital\",\"description\":\"Arquivo digital da Infocul.pt\",\"publisher\":{\"@id\":\"https:\\\/\\\/infocul.pt\\\/arquivo\\\/#organization\"},\"potentialAction\":[{\"@type\":\"SearchAction\",\"target\":{\"@type\":\"EntryPoint\",\"urlTemplate\":\"https:\\\/\\\/infocul.pt\\\/arquivo\\\/?s={search_term_string}\"},\"query-input\":{\"@type\":\"PropertyValueSpecification\",\"valueRequired\":true,\"valueName\":\"search_term_string\"}}],\"inLanguage\":\"pt-PT\"},{\"@type\":\"Organization\",\"@id\":\"https:\\\/\\\/infocul.pt\\\/arquivo\\\/#organization\",\"name\":\"Infocul.pt\",\"url\":\"https:\\\/\\\/infocul.pt\\\/arquivo\\\/\",\"logo\":{\"@type\":\"ImageObject\",\"inLanguage\":\"pt-PT\",\"@id\":\"https:\\\/\\\/infocul.pt\\\/arquivo\\\/#\\\/schema\\\/logo\\\/image\\\/\",\"url\":\"https:\\\/\\\/infocul.pt\\\/arquivo\\\/wp-content\\\/uploads\\\/2018\\\/12\\\/Infocul_logo-1.png\",\"contentUrl\":\"https:\\\/\\\/infocul.pt\\\/arquivo\\\/wp-content\\\/uploads\\\/2018\\\/12\\\/Infocul_logo-1.png\",\"width\":800,\"height\":800,\"caption\":\"Infocul.pt\"},\"image\":{\"@id\":\"https:\\\/\\\/infocul.pt\\\/arquivo\\\/#\\\/schema\\\/logo\\\/image\\\/\"},\"sameAs\":[\"https:\\\/\\\/www.facebook.com\\\/Infocul-147816815585015\\\/\",\"https:\\\/\\\/x.com\\\/Infoculpt\",\"http:\\\/\\\/www.pictaram.com\\\/user\\\/infocul.pt\\\/2370423710\",\"https:\\\/\\\/www.youtube.com\\\/channel\\\/UCYEB91AGI9FL9ek2i_IaQAA\"]},{\"@type\":\"Person\",\"@id\":\"https:\\\/\\\/infocul.pt\\\/arquivo\\\/#\\\/schema\\\/person\\\/f243f45ae8d67639120a7586884f3abc\",\"name\":\"Redac\u00e7\u00e3o\",\"image\":{\"@type\":\"ImageObject\",\"inLanguage\":\"pt-PT\",\"@id\":\"https:\\\/\\\/secure.gravatar.com\\\/avatar\\\/151b1b76c598ab5e749407223bd6c1bad4e41c4e95de3c3df83540ebee2deaf8?s=96&d=mm&r=g\",\"url\":\"https:\\\/\\\/secure.gravatar.com\\\/avatar\\\/151b1b76c598ab5e749407223bd6c1bad4e41c4e95de3c3df83540ebee2deaf8?s=96&d=mm&r=g\",\"contentUrl\":\"https:\\\/\\\/secure.gravatar.com\\\/avatar\\\/151b1b76c598ab5e749407223bd6c1bad4e41c4e95de3c3df83540ebee2deaf8?s=96&d=mm&r=g\",\"caption\":\"Redac\u00e7\u00e3o\"}}]}<\/script>\n<!-- \/ Yoast SEO plugin. -->","yoast_head_json":{"title":"Chaves: Detido ap\u00f3s agredir a m\u00e3e e tendo-se colocado em fuga... | Infocul.pt - Arquivo Digital","description":"Chaves: Detido ap\u00f3s agredir a m\u00e3e e tendo-se colocado em fuga... | Infocul.pt - Arquivo Digital","robots":{"index":"noindex","follow":"follow","max-snippet":"max-snippet:-1","max-image-preview":"max-image-preview:large","max-video-preview":"max-video-preview:-1"},"og_locale":"pt_PT","og_type":"article","og_title":"Chaves: Detido ap\u00f3s agredir a m\u00e3e e tendo-se colocado em fuga... | Infocul.pt - Arquivo Digital","og_description":"Chaves: Detido ap\u00f3s agredir a m\u00e3e e tendo-se colocado em fuga... | Infocul.pt - Arquivo Digital","og_url":"https:\/\/infocul.pt\/arquivo\/actualidade\/chaves-detido-apos-agredir-a-mae-e-tendo-se-colocado-em-fuga\/","og_site_name":"Infocul.pt - Arquivo Digital","article_publisher":"https:\/\/www.facebook.com\/Infocul-147816815585015\/","article_published_time":"2019-10-14T15:20:29+00:00","og_image":[{"width":800,"height":533,"url":"https:\/\/infocul.pt\/arquivo\/wp-content\/uploads\/2019\/01\/gnr.jpg","type":"image\/jpeg"}],"author":"Redac\u00e7\u00e3o","twitter_card":"summary_large_image","twitter_creator":"@Infoculpt","twitter_site":"@Infoculpt","twitter_misc":{"Escrito por":"Redac\u00e7\u00e3o","Tempo estimado de leitura":"1 minuto"},"schema":{"@context":"https:\/\/schema.org","@graph":[{"@type":"Article","@id":"https:\/\/infocul.pt\/arquivo\/actualidade\/chaves-detido-apos-agredir-a-mae-e-tendo-se-colocado-em-fuga\/#article","isPartOf":{"@id":"https:\/\/infocul.pt\/arquivo\/actualidade\/chaves-detido-apos-agredir-a-mae-e-tendo-se-colocado-em-fuga\/"},"author":{"name":"Redac\u00e7\u00e3o","@id":"https:\/\/infocul.pt\/arquivo\/#\/schema\/person\/f243f45ae8d67639120a7586884f3abc"},"headline":"Chaves: Detido ap\u00f3s agredir a m\u00e3e e tendo-se colocado em fuga&#8230;","datePublished":"2019-10-14T15:20:29+00:00","mainEntityOfPage":{"@id":"https:\/\/infocul.pt\/arquivo\/actualidade\/chaves-detido-apos-agredir-a-mae-e-tendo-se-colocado-em-fuga\/"},"wordCount":206,"commentCount":0,"publisher":{"@id":"https:\/\/infocul.pt\/arquivo\/#organization"},"image":{"@id":"https:\/\/infocul.pt\/arquivo\/actualidade\/chaves-detido-apos-agredir-a-mae-e-tendo-se-colocado-em-fuga\/#primaryimage"},"thumbnailUrl":"https:\/\/infocul.pt\/arquivo\/wp-content\/uploads\/2019\/01\/gnr.jpg","keywords":["Chaves","GNR"],"articleSection":["Actualidade","Pa\u00eds"],"inLanguage":"pt-PT"},{"@type":"WebPage","@id":"https:\/\/infocul.pt\/arquivo\/actualidade\/chaves-detido-apos-agredir-a-mae-e-tendo-se-colocado-em-fuga\/","url":"https:\/\/infocul.pt\/arquivo\/actualidade\/chaves-detido-apos-agredir-a-mae-e-tendo-se-colocado-em-fuga\/","name":"Chaves: Detido ap\u00f3s agredir a m\u00e3e e tendo-se colocado em fuga... | Infocul.pt - Arquivo Digital","isPartOf":{"@id":"https:\/\/infocul.pt\/arquivo\/#website"},"primaryImageOfPage":{"@id":"https:\/\/infocul.pt\/arquivo\/actualidade\/chaves-detido-apos-agredir-a-mae-e-tendo-se-colocado-em-fuga\/#primaryimage"},"image":{"@id":"https:\/\/infocul.pt\/arquivo\/actualidade\/chaves-detido-apos-agredir-a-mae-e-tendo-se-colocado-em-fuga\/#primaryimage"},"thumbnailUrl":"https:\/\/infocul.pt\/arquivo\/wp-content\/uploads\/2019\/01\/gnr.jpg","datePublished":"2019-10-14T15:20:29+00:00","description":"Chaves: Detido ap\u00f3s agredir a m\u00e3e e tendo-se colocado em fuga... | Infocul.pt - Arquivo Digital","breadcrumb":{"@id":"https:\/\/infocul.pt\/arquivo\/actualidade\/chaves-detido-apos-agredir-a-mae-e-tendo-se-colocado-em-fuga\/#breadcrumb"},"inLanguage":"pt-PT","potentialAction":[{"@type":"ReadAction","target":["https:\/\/infocul.pt\/arquivo\/actualidade\/chaves-detido-apos-agredir-a-mae-e-tendo-se-colocado-em-fuga\/"]}]},{"@type":"ImageObject","inLanguage":"pt-PT","@id":"https:\/\/infocul.pt\/arquivo\/actualidade\/chaves-detido-apos-agredir-a-mae-e-tendo-se-colocado-em-fuga\/#primaryimage","url":"https:\/\/infocul.pt\/arquivo\/wp-content\/uploads\/2019\/01\/gnr.jpg","contentUrl":"https:\/\/infocul.pt\/arquivo\/wp-content\/uploads\/2019\/01\/gnr.jpg","width":800,"height":533},{"@type":"BreadcrumbList","@id":"https:\/\/infocul.pt\/arquivo\/actualidade\/chaves-detido-apos-agredir-a-mae-e-tendo-se-colocado-em-fuga\/#breadcrumb","itemListElement":[{"@type":"ListItem","position":1,"name":"Home","item":"https:\/\/infocul.pt\/arquivo\/"},{"@type":"ListItem","position":2,"name":"Chaves: Detido ap\u00f3s agredir a m\u00e3e e tendo-se colocado em fuga&#8230;"}]},{"@type":"WebSite","@id":"https:\/\/infocul.pt\/arquivo\/#website","url":"https:\/\/infocul.pt\/arquivo\/","name":"Infocul.pt - Arquivo Digital","description":"Arquivo digital da Infocul.pt","publisher":{"@id":"https:\/\/infocul.pt\/arquivo\/#organization"},"potentialAction":[{"@type":"SearchAction","target":{"@type":"EntryPoint","urlTemplate":"https:\/\/infocul.pt\/arquivo\/?s={search_term_string}"},"query-input":{"@type":"PropertyValueSpecification","valueRequired":true,"valueName":"search_term_string"}}],"inLanguage":"pt-PT"},{"@type":"Organization","@id":"https:\/\/infocul.pt\/arquivo\/#organization","name":"Infocul.pt","url":"https:\/\/infocul.pt\/arquivo\/","logo":{"@type":"ImageObject","inLanguage":"pt-PT","@id":"https:\/\/infocul.pt\/arquivo\/#\/schema\/logo\/image\/","url":"https:\/\/infocul.pt\/arquivo\/wp-content\/uploads\/2018\/12\/Infocul_logo-1.png","contentUrl":"https:\/\/infocul.pt\/arquivo\/wp-content\/uploads\/2018\/12\/Infocul_logo-1.png","width":800,"height":800,"caption":"Infocul.pt"},"image":{"@id":"https:\/\/infocul.pt\/arquivo\/#\/schema\/logo\/image\/"},"sameAs":["https:\/\/www.facebook.com\/Infocul-147816815585015\/","https:\/\/x.com\/Infoculpt","http:\/\/www.pictaram.com\/user\/infocul.pt\/2370423710","https:\/\/www.youtube.com\/channel\/UCYEB91AGI9FL9ek2i_IaQAA"]},{"@type":"Person","@id":"https:\/\/infocul.pt\/arquivo\/#\/schema\/person\/f243f45ae8d67639120a7586884f3abc","name":"Redac\u00e7\u00e3o","image":{"@type":"ImageObject","inLanguage":"pt-PT","@id":"https:\/\/secure.gravatar.com\/avatar\/151b1b76c598ab5e749407223bd6c1bad4e41c4e95de3c3df83540ebee2deaf8?s=96&d=mm&r=g","url":"https:\/\/secure.gravatar.com\/avatar\/151b1b76c598ab5e749407223bd6c1bad4e41c4e95de3c3df83540ebee2deaf8?s=96&d=mm&r=g","contentUrl":"https:\/\/secure.gravatar.com\/avatar\/151b1b76c598ab5e749407223bd6c1bad4e41c4e95de3c3df83540ebee2deaf8?s=96&d=mm&r=g","caption":"Redac\u00e7\u00e3o"}}]}},"_links":{"self":[{"href":"https:\/\/infocul.pt\/arquivo\/wp-json\/wp\/v2\/posts\/61006","targetHints":{"allow":["GET"]}}],"collection":[{"href":"https:\/\/infocul.pt\/arquivo\/wp-json\/wp\/v2\/posts"}],"about":[{"href":"https:\/\/infocul.pt\/arquivo\/wp-json\/wp\/v2\/types\/post"}],"author":[{"embeddable":true,"href":"https:\/\/infocul.pt\/arquivo\/wp-json\/wp\/v2\/users\/13"}],"replies":[{"embeddable":true,"href":"https:\/\/infocul.pt\/arquivo\/wp-json\/wp\/v2\/comments?post=61006"}],"version-history":[{"count":0,"href":"https:\/\/infocul.pt\/arquivo\/wp-json\/wp\/v2\/posts\/61006\/revisions"}],"wp:featuredmedia":[{"embeddable":true,"href":"https:\/\/infocul.pt\/arquivo\/wp-json\/wp\/v2\/media\/51094"}],"wp:attachment":[{"href":"https:\/\/infocul.pt\/arquivo\/wp-json\/wp\/v2\/media?parent=61006"}],"wp:term":[{"taxonomy":"category","embeddable":true,"href":"https:\/\/infocul.pt\/arquivo\/wp-json\/wp\/v2\/categories?post=61006"},{"taxonomy":"post_tag","embeddable":true,"href":"https:\/\/infocul.pt\/arquivo\/wp-json\/wp\/v2\/tags?post=61006"}],"curies":[{"name":"wp","href":"https:\/\/api.w.org\/{rel}","templated":true}]}}