{"id":6107,"date":"2016-04-14T13:45:55","date_gmt":"2016-04-14T13:45:55","guid":{"rendered":"http:\/\/infocul.pt\/?p=6107"},"modified":"2016-04-14T13:45:55","modified_gmt":"2016-04-14T13:45:55","slug":"joaquim-horta-sera-padre-em-rainha-das-flores","status":"publish","type":"post","link":"https:\/\/infocul.pt\/arquivo\/actualidade\/joaquim-horta-sera-padre-em-rainha-das-flores\/","title":{"rendered":"Joaquim Horta ser\u00e1 Padre em Rainha das Flores"},"content":{"rendered":"<p>\t<img decoding=\"async\" width=\"620\" height=\"413\" class=\"so-widget-image lazyload\" style=\"--smush-placeholder-width: 620px; --smush-placeholder-aspect-ratio: 620\/413;height: auto; display: block; max-width: 100%;\" data-src=\"http:\/\/infocul.pt\/wp-content\/uploads\/2016\/04\/Joaquim-Horta-01.jpg\" src=\"data:image\/svg+xml;base64,PHN2ZyB3aWR0aD0iMSIgaGVpZ2h0PSIxIiB4bWxucz0iaHR0cDovL3d3dy53My5vcmcvMjAwMC9zdmciPjwvc3ZnPg==\"><\/p>\n<p><strong>Joaquim Horta vai fazer do padre Samuel Garcia em a &#8220;Rainha das Flores&#8221;. Depois de fazer de Martim em &#8220;Mar Salgado&#8221; e de Diogo em &#8220;Cora\u00e7\u00e3o de Ouro&#8221;, Joaquim Horta vai ser o representante da igreja cat\u00f3lica, que vai ser muito importante nesta hist\u00f3ria.<\/strong><\/p>\n<p>&#8220;<strong>Vou ter a oportunidade de fazer outra coisa diferente e isso \u00e9 sempre bom<\/strong>&#8220;, \u00e9 desta forma como Joaquim Horta fala sobre esta sua nova personagem, bem diferente das anteriores. &#8220;<strong>Deixar os personagens \u00e9 muito f\u00e1cil. Isso depende de pessoa para pessoa. Os projectos foram um bocado pr\u00f3ximos. Um pouco mais de tempo para me preparar e descansar seria bom mas ainda bem que apareceu este projecto pois \u00e9 uma coisa diferente, um desafio diferente<\/strong>&#8220;, diz o actor.<\/p>\n<p>&nbsp;<\/p>\n<p>&nbsp;<\/p>\n<p>Joaquim Horta vai dar vida a &#8220;<strong>um homem de f\u00e9<\/strong>&#8221; bastante ligado \u00e0s novas tecnologias e adepto do culto do f\u00edsico, j\u00e1 que tamb\u00e9m vai praticar desporto no clube Alian\u00e7a. A nata\u00e7\u00e3o faz com que conhe\u00e7a Sofia, uma das nadadoras portuguesas mais promissoras e vai apoia-la muito, menos quando ela ficar gr\u00e1vida e pensar em abortar. Nessa altura v\u00e3o entrar num grande conflito, j\u00e1 que como padre acredita ser um crime contra a vida.<\/p>\n<p>&nbsp;<\/p>\n<p>&nbsp;<\/p>\n<p>&#8221; <strong>Para mim \u00e9 um desafio muito grande pois n\u00e3o sou cat\u00f3lico. Este universo \u00e9 novo para mim. Dei comigo a ir \u00e0 missa, a falar com os padres e a tentar perceber o que leva as pessoas a acreditarem em determinadas coisas e em determinada forma de ver a vida. Depois as pessoas adquirem posi\u00e7\u00f5es mais ou menos intransigentes. Felizmente os padres com quem falei t\u00eam uma abordagem bem moderna. N\u00e3o sei se \u00e9 como o Alexandre diz, que eles t\u00eam essa postura devido a este novo Papa. A verdade \u00e9 que as mentes est\u00e3o mais abertas e j\u00e1 n\u00e3o s\u00e3o t\u00e3o dogm\u00e1ticas<\/strong>&#8220;, diz o mais recente padre da fic\u00e7\u00e3o portuguesa. Outra das personagens que o padre, interpretado por Joaquim Horta, vai conhecer ser\u00e1 Rosa, que foi atropelada durante uma peregrina\u00e7\u00e3o a F\u00e1tima. O padre Samuel vai tentar dar todo o conforto e paz que vai faltar \u00e0 rainha das flores.<\/p>\n<p>&nbsp;<\/p>\n<p>&nbsp;<\/p>\n<p>&#8220;<strong>Para mim pessoalmente \u00e9 curioso o facto de algu\u00e9m perder parte da mem\u00f3ria. Agora que ela n\u00e3o se lembra de quem foi e o que fez, ser\u00e1 que volta a fazer as coisas de outra maneira? Vai ser a mesma pessoa ou n\u00e3o? Acho que isso \u00e9 muito engra\u00e7ado. N\u00f3s vivemos a vida desta forma mas nunca pensamos o que far\u00edamos se pud\u00e9ssemos escolher um outro caminho. Ser\u00e1 que faz\u00edamos tudo igual ou n\u00e3o? Vai ser curioso e vamos acompanhar a Rosa a tentar reconstruir um vida mas com o desejo de fazer coisas diferentes<\/strong>&#8220;, fala Joaquim Horta sobre o atractivo desta novela.<\/p>\n<p>&nbsp;<\/p>\n<p>&nbsp;<\/p>\n<p>O padre Samuel Garcia \u00e9 uma personagem querida por todos, mas Narcisa vai tira-lo do s\u00e9rio. Ela \u00e9 a t\u00edpica cat\u00f3lica que causa urtic\u00e1ria ao padre e acredita que esta \u00e9 a causa das pessoas se afastarem da igreja. Samuel nunca se arrependeu da sua escolha mas acredita que a personagem vai ter momentos em que vai fraquejar.<\/p>\n<p>&nbsp;<\/p>\n<p>&nbsp;<\/p>\n<p>&#8220;<strong>Vai ser um padre bem comportado mas acredito que numa situa\u00e7\u00e3o ou outra v\u00e3o existir coisas que lhe v\u00e3o levantar algumas d\u00favidas. At\u00e9 para criar situa\u00e7\u00f5es que animem o enredo. De uma forma geral vai ser um padre bem comportado<\/strong>&#8220;, diz.<\/p>\n<p>&nbsp;<\/p>\n<p>&nbsp;<\/p>\n<p>A personagem de Joaquim Horta trabalha com os mais desfavorecidos e quando a filha do amigo Rui ( Ricardo Carri\u00e7o) voltar a Portugal, vai associar-se a ela e ao namorado, Artur ( Ant\u00f3nio Camelier), para ajudar os marginalizados na sua volta \u00e0 vida em sociedade.<\/p>\n<p>&nbsp;<\/p>\n<p>&nbsp;<\/p>\n<p>E em rela\u00e7\u00e3o a outros projectos, o actor diz: &#8220;<strong>felizmente vou tendo. Tenho um espect\u00e1culo que fiz em Dezembro do ano passado. Chamava-se Mais um dia. Era um cruzamento entre um livro; a minha experi\u00eancia e a experi\u00eancia que o meu pai teve na guerra do ultramar, em angola. Cruzei tr\u00eas experiencias e fiz um espect\u00e1culo. Estou a tentar fazer uma tourn\u00e9e com ele, vamos ver como vai correr. Para al\u00e9m disso estou a organizar um festival de cinema dedicado ao mundo das duas rodas. Vai acontecer em Junho no cinema S\u00e3o Jorge<\/strong>&#8220;.<\/p>\n<p>&nbsp;<\/p>\n<p>&nbsp;<\/p>\n<p>&#8220;Rainha das Flores&#8221; estreia, para o lugar de Poderosas, em Maio, na SIC.<\/p>\n","protected":false},"excerpt":{"rendered":"<p>Joaquim Horta vai fazer do padre Samuel Garcia em a &#8220;Rainha das Flores&#8221;. Depois de fazer de Martim em &#8220;Mar Salgado&#8221; e de Diogo em &#8220;Cora\u00e7\u00e3o de Ouro&#8221;, Joaquim Horta vai ser o representante da igreja cat\u00f3lica, que vai ser muito importante nesta hist\u00f3ria. &#8220;Vou ter a oportunidade de fazer outra coisa diferente e isso [&hellip;]<\/p>\n","protected":false},"author":13,"featured_media":6108,"comment_status":"open","ping_status":"closed","sticky":false,"template":"","format":"standard","meta":{"footnotes":""},"categories":[10,14],"tags":[1045,838,534],"class_list":["post-6107","post","type-post","status-publish","format-standard","has-post-thumbnail","hentry","category-actualidade","category-televisao","tag-joaquim-horta","tag-rainha-das-flores","tag-sic"],"yoast_head":"<!-- This site is optimized with the Yoast SEO plugin v27.4 - https:\/\/yoast.com\/product\/yoast-seo-wordpress\/ -->\n<title>Joaquim Horta ser\u00e1 Padre em Rainha das Flores | Infocul.pt - Arquivo Digital<\/title>\n<meta name=\"description\" content=\"Joaquim Horta ser\u00e1 Padre em Rainha das Flores | Infocul.pt - Arquivo Digital\" \/>\n<meta name=\"robots\" content=\"noindex, follow, max-snippet:-1, max-image-preview:large, max-video-preview:-1\" \/>\n<meta property=\"og:locale\" content=\"pt_PT\" \/>\n<meta property=\"og:type\" content=\"article\" \/>\n<meta property=\"og:title\" content=\"Joaquim Horta ser\u00e1 Padre em Rainha das Flores | Infocul.pt - Arquivo Digital\" \/>\n<meta property=\"og:description\" content=\"Joaquim Horta ser\u00e1 Padre em Rainha das Flores | Infocul.pt - Arquivo Digital\" \/>\n<meta property=\"og:url\" content=\"https:\/\/infocul.pt\/arquivo\/actualidade\/joaquim-horta-sera-padre-em-rainha-das-flores\/\" \/>\n<meta property=\"og:site_name\" content=\"Infocul.pt - Arquivo Digital\" \/>\n<meta property=\"article:publisher\" content=\"https:\/\/www.facebook.com\/Infocul-147816815585015\/\" \/>\n<meta property=\"article:published_time\" content=\"2016-04-14T13:45:55+00:00\" \/>\n<meta property=\"og:image\" content=\"https:\/\/infocul.pt\/arquivo\/wp-content\/uploads\/2016\/04\/Joaquim-Horta-01.jpg\" \/>\n\t<meta property=\"og:image:width\" content=\"620\" \/>\n\t<meta property=\"og:image:height\" content=\"413\" \/>\n\t<meta property=\"og:image:type\" content=\"image\/jpeg\" \/>\n<meta name=\"author\" content=\"Redac\u00e7\u00e3o\" \/>\n<meta name=\"twitter:card\" content=\"summary_large_image\" \/>\n<meta name=\"twitter:creator\" content=\"@Infoculpt\" \/>\n<meta name=\"twitter:site\" content=\"@Infoculpt\" \/>\n<meta name=\"twitter:label1\" content=\"Escrito por\" \/>\n\t<meta name=\"twitter:data1\" content=\"Redac\u00e7\u00e3o\" \/>\n\t<meta name=\"twitter:label2\" content=\"Tempo estimado de leitura\" \/>\n\t<meta name=\"twitter:data2\" content=\"4 minutos\" \/>\n<script type=\"application\/ld+json\" class=\"yoast-schema-graph\">{\"@context\":\"https:\\\/\\\/schema.org\",\"@graph\":[{\"@type\":\"Article\",\"@id\":\"https:\\\/\\\/infocul.pt\\\/arquivo\\\/actualidade\\\/joaquim-horta-sera-padre-em-rainha-das-flores\\\/#article\",\"isPartOf\":{\"@id\":\"https:\\\/\\\/infocul.pt\\\/arquivo\\\/actualidade\\\/joaquim-horta-sera-padre-em-rainha-das-flores\\\/\"},\"author\":{\"name\":\"Redac\u00e7\u00e3o\",\"@id\":\"https:\\\/\\\/infocul.pt\\\/arquivo\\\/#\\\/schema\\\/person\\\/f243f45ae8d67639120a7586884f3abc\"},\"headline\":\"Joaquim Horta ser\u00e1 Padre em Rainha das Flores\",\"datePublished\":\"2016-04-14T13:45:55+00:00\",\"mainEntityOfPage\":{\"@id\":\"https:\\\/\\\/infocul.pt\\\/arquivo\\\/actualidade\\\/joaquim-horta-sera-padre-em-rainha-das-flores\\\/\"},\"wordCount\":762,\"commentCount\":0,\"publisher\":{\"@id\":\"https:\\\/\\\/infocul.pt\\\/arquivo\\\/#organization\"},\"image\":{\"@id\":\"https:\\\/\\\/infocul.pt\\\/arquivo\\\/actualidade\\\/joaquim-horta-sera-padre-em-rainha-das-flores\\\/#primaryimage\"},\"thumbnailUrl\":\"https:\\\/\\\/infocul.pt\\\/arquivo\\\/wp-content\\\/uploads\\\/2016\\\/04\\\/Joaquim-Horta-01.jpg\",\"keywords\":[\"Joaquim Horta\",\"Rainha das Flores\",\"SIC\"],\"articleSection\":[\"Actualidade\",\"Televis\u00e3o\"],\"inLanguage\":\"pt-PT\"},{\"@type\":\"WebPage\",\"@id\":\"https:\\\/\\\/infocul.pt\\\/arquivo\\\/actualidade\\\/joaquim-horta-sera-padre-em-rainha-das-flores\\\/\",\"url\":\"https:\\\/\\\/infocul.pt\\\/arquivo\\\/actualidade\\\/joaquim-horta-sera-padre-em-rainha-das-flores\\\/\",\"name\":\"Joaquim Horta ser\u00e1 Padre em Rainha das Flores | Infocul.pt - Arquivo Digital\",\"isPartOf\":{\"@id\":\"https:\\\/\\\/infocul.pt\\\/arquivo\\\/#website\"},\"primaryImageOfPage\":{\"@id\":\"https:\\\/\\\/infocul.pt\\\/arquivo\\\/actualidade\\\/joaquim-horta-sera-padre-em-rainha-das-flores\\\/#primaryimage\"},\"image\":{\"@id\":\"https:\\\/\\\/infocul.pt\\\/arquivo\\\/actualidade\\\/joaquim-horta-sera-padre-em-rainha-das-flores\\\/#primaryimage\"},\"thumbnailUrl\":\"https:\\\/\\\/infocul.pt\\\/arquivo\\\/wp-content\\\/uploads\\\/2016\\\/04\\\/Joaquim-Horta-01.jpg\",\"datePublished\":\"2016-04-14T13:45:55+00:00\",\"description\":\"Joaquim Horta ser\u00e1 Padre em Rainha das Flores | Infocul.pt - Arquivo Digital\",\"breadcrumb\":{\"@id\":\"https:\\\/\\\/infocul.pt\\\/arquivo\\\/actualidade\\\/joaquim-horta-sera-padre-em-rainha-das-flores\\\/#breadcrumb\"},\"inLanguage\":\"pt-PT\",\"potentialAction\":[{\"@type\":\"ReadAction\",\"target\":[\"https:\\\/\\\/infocul.pt\\\/arquivo\\\/actualidade\\\/joaquim-horta-sera-padre-em-rainha-das-flores\\\/\"]}]},{\"@type\":\"ImageObject\",\"inLanguage\":\"pt-PT\",\"@id\":\"https:\\\/\\\/infocul.pt\\\/arquivo\\\/actualidade\\\/joaquim-horta-sera-padre-em-rainha-das-flores\\\/#primaryimage\",\"url\":\"https:\\\/\\\/infocul.pt\\\/arquivo\\\/wp-content\\\/uploads\\\/2016\\\/04\\\/Joaquim-Horta-01.jpg\",\"contentUrl\":\"https:\\\/\\\/infocul.pt\\\/arquivo\\\/wp-content\\\/uploads\\\/2016\\\/04\\\/Joaquim-Horta-01.jpg\",\"width\":620,\"height\":413},{\"@type\":\"BreadcrumbList\",\"@id\":\"https:\\\/\\\/infocul.pt\\\/arquivo\\\/actualidade\\\/joaquim-horta-sera-padre-em-rainha-das-flores\\\/#breadcrumb\",\"itemListElement\":[{\"@type\":\"ListItem\",\"position\":1,\"name\":\"Home\",\"item\":\"https:\\\/\\\/infocul.pt\\\/arquivo\\\/\"},{\"@type\":\"ListItem\",\"position\":2,\"name\":\"Joaquim Horta ser\u00e1 Padre em Rainha das Flores\"}]},{\"@type\":\"WebSite\",\"@id\":\"https:\\\/\\\/infocul.pt\\\/arquivo\\\/#website\",\"url\":\"https:\\\/\\\/infocul.pt\\\/arquivo\\\/\",\"name\":\"Infocul.pt - Arquivo Digital\",\"description\":\"Arquivo digital da Infocul.pt\",\"publisher\":{\"@id\":\"https:\\\/\\\/infocul.pt\\\/arquivo\\\/#organization\"},\"potentialAction\":[{\"@type\":\"SearchAction\",\"target\":{\"@type\":\"EntryPoint\",\"urlTemplate\":\"https:\\\/\\\/infocul.pt\\\/arquivo\\\/?s={search_term_string}\"},\"query-input\":{\"@type\":\"PropertyValueSpecification\",\"valueRequired\":true,\"valueName\":\"search_term_string\"}}],\"inLanguage\":\"pt-PT\"},{\"@type\":\"Organization\",\"@id\":\"https:\\\/\\\/infocul.pt\\\/arquivo\\\/#organization\",\"name\":\"Infocul.pt\",\"url\":\"https:\\\/\\\/infocul.pt\\\/arquivo\\\/\",\"logo\":{\"@type\":\"ImageObject\",\"inLanguage\":\"pt-PT\",\"@id\":\"https:\\\/\\\/infocul.pt\\\/arquivo\\\/#\\\/schema\\\/logo\\\/image\\\/\",\"url\":\"https:\\\/\\\/infocul.pt\\\/arquivo\\\/wp-content\\\/uploads\\\/2018\\\/12\\\/Infocul_logo-1.png\",\"contentUrl\":\"https:\\\/\\\/infocul.pt\\\/arquivo\\\/wp-content\\\/uploads\\\/2018\\\/12\\\/Infocul_logo-1.png\",\"width\":800,\"height\":800,\"caption\":\"Infocul.pt\"},\"image\":{\"@id\":\"https:\\\/\\\/infocul.pt\\\/arquivo\\\/#\\\/schema\\\/logo\\\/image\\\/\"},\"sameAs\":[\"https:\\\/\\\/www.facebook.com\\\/Infocul-147816815585015\\\/\",\"https:\\\/\\\/x.com\\\/Infoculpt\",\"http:\\\/\\\/www.pictaram.com\\\/user\\\/infocul.pt\\\/2370423710\",\"https:\\\/\\\/www.youtube.com\\\/channel\\\/UCYEB91AGI9FL9ek2i_IaQAA\"]},{\"@type\":\"Person\",\"@id\":\"https:\\\/\\\/infocul.pt\\\/arquivo\\\/#\\\/schema\\\/person\\\/f243f45ae8d67639120a7586884f3abc\",\"name\":\"Redac\u00e7\u00e3o\",\"image\":{\"@type\":\"ImageObject\",\"inLanguage\":\"pt-PT\",\"@id\":\"https:\\\/\\\/secure.gravatar.com\\\/avatar\\\/151b1b76c598ab5e749407223bd6c1bad4e41c4e95de3c3df83540ebee2deaf8?s=96&d=mm&r=g\",\"url\":\"https:\\\/\\\/secure.gravatar.com\\\/avatar\\\/151b1b76c598ab5e749407223bd6c1bad4e41c4e95de3c3df83540ebee2deaf8?s=96&d=mm&r=g\",\"contentUrl\":\"https:\\\/\\\/secure.gravatar.com\\\/avatar\\\/151b1b76c598ab5e749407223bd6c1bad4e41c4e95de3c3df83540ebee2deaf8?s=96&d=mm&r=g\",\"caption\":\"Redac\u00e7\u00e3o\"}}]}<\/script>\n<!-- \/ Yoast SEO plugin. -->","yoast_head_json":{"title":"Joaquim Horta ser\u00e1 Padre em Rainha das Flores | Infocul.pt - Arquivo Digital","description":"Joaquim Horta ser\u00e1 Padre em Rainha das Flores | Infocul.pt - Arquivo Digital","robots":{"index":"noindex","follow":"follow","max-snippet":"max-snippet:-1","max-image-preview":"max-image-preview:large","max-video-preview":"max-video-preview:-1"},"og_locale":"pt_PT","og_type":"article","og_title":"Joaquim Horta ser\u00e1 Padre em Rainha das Flores | Infocul.pt - Arquivo Digital","og_description":"Joaquim Horta ser\u00e1 Padre em Rainha das Flores | Infocul.pt - Arquivo Digital","og_url":"https:\/\/infocul.pt\/arquivo\/actualidade\/joaquim-horta-sera-padre-em-rainha-das-flores\/","og_site_name":"Infocul.pt - Arquivo Digital","article_publisher":"https:\/\/www.facebook.com\/Infocul-147816815585015\/","article_published_time":"2016-04-14T13:45:55+00:00","og_image":[{"width":620,"height":413,"url":"https:\/\/infocul.pt\/arquivo\/wp-content\/uploads\/2016\/04\/Joaquim-Horta-01.jpg","type":"image\/jpeg"}],"author":"Redac\u00e7\u00e3o","twitter_card":"summary_large_image","twitter_creator":"@Infoculpt","twitter_site":"@Infoculpt","twitter_misc":{"Escrito por":"Redac\u00e7\u00e3o","Tempo estimado de leitura":"4 minutos"},"schema":{"@context":"https:\/\/schema.org","@graph":[{"@type":"Article","@id":"https:\/\/infocul.pt\/arquivo\/actualidade\/joaquim-horta-sera-padre-em-rainha-das-flores\/#article","isPartOf":{"@id":"https:\/\/infocul.pt\/arquivo\/actualidade\/joaquim-horta-sera-padre-em-rainha-das-flores\/"},"author":{"name":"Redac\u00e7\u00e3o","@id":"https:\/\/infocul.pt\/arquivo\/#\/schema\/person\/f243f45ae8d67639120a7586884f3abc"},"headline":"Joaquim Horta ser\u00e1 Padre em Rainha das Flores","datePublished":"2016-04-14T13:45:55+00:00","mainEntityOfPage":{"@id":"https:\/\/infocul.pt\/arquivo\/actualidade\/joaquim-horta-sera-padre-em-rainha-das-flores\/"},"wordCount":762,"commentCount":0,"publisher":{"@id":"https:\/\/infocul.pt\/arquivo\/#organization"},"image":{"@id":"https:\/\/infocul.pt\/arquivo\/actualidade\/joaquim-horta-sera-padre-em-rainha-das-flores\/#primaryimage"},"thumbnailUrl":"https:\/\/infocul.pt\/arquivo\/wp-content\/uploads\/2016\/04\/Joaquim-Horta-01.jpg","keywords":["Joaquim Horta","Rainha das Flores","SIC"],"articleSection":["Actualidade","Televis\u00e3o"],"inLanguage":"pt-PT"},{"@type":"WebPage","@id":"https:\/\/infocul.pt\/arquivo\/actualidade\/joaquim-horta-sera-padre-em-rainha-das-flores\/","url":"https:\/\/infocul.pt\/arquivo\/actualidade\/joaquim-horta-sera-padre-em-rainha-das-flores\/","name":"Joaquim Horta ser\u00e1 Padre em Rainha das Flores | Infocul.pt - Arquivo Digital","isPartOf":{"@id":"https:\/\/infocul.pt\/arquivo\/#website"},"primaryImageOfPage":{"@id":"https:\/\/infocul.pt\/arquivo\/actualidade\/joaquim-horta-sera-padre-em-rainha-das-flores\/#primaryimage"},"image":{"@id":"https:\/\/infocul.pt\/arquivo\/actualidade\/joaquim-horta-sera-padre-em-rainha-das-flores\/#primaryimage"},"thumbnailUrl":"https:\/\/infocul.pt\/arquivo\/wp-content\/uploads\/2016\/04\/Joaquim-Horta-01.jpg","datePublished":"2016-04-14T13:45:55+00:00","description":"Joaquim Horta ser\u00e1 Padre em Rainha das Flores | Infocul.pt - Arquivo Digital","breadcrumb":{"@id":"https:\/\/infocul.pt\/arquivo\/actualidade\/joaquim-horta-sera-padre-em-rainha-das-flores\/#breadcrumb"},"inLanguage":"pt-PT","potentialAction":[{"@type":"ReadAction","target":["https:\/\/infocul.pt\/arquivo\/actualidade\/joaquim-horta-sera-padre-em-rainha-das-flores\/"]}]},{"@type":"ImageObject","inLanguage":"pt-PT","@id":"https:\/\/infocul.pt\/arquivo\/actualidade\/joaquim-horta-sera-padre-em-rainha-das-flores\/#primaryimage","url":"https:\/\/infocul.pt\/arquivo\/wp-content\/uploads\/2016\/04\/Joaquim-Horta-01.jpg","contentUrl":"https:\/\/infocul.pt\/arquivo\/wp-content\/uploads\/2016\/04\/Joaquim-Horta-01.jpg","width":620,"height":413},{"@type":"BreadcrumbList","@id":"https:\/\/infocul.pt\/arquivo\/actualidade\/joaquim-horta-sera-padre-em-rainha-das-flores\/#breadcrumb","itemListElement":[{"@type":"ListItem","position":1,"name":"Home","item":"https:\/\/infocul.pt\/arquivo\/"},{"@type":"ListItem","position":2,"name":"Joaquim Horta ser\u00e1 Padre em Rainha das Flores"}]},{"@type":"WebSite","@id":"https:\/\/infocul.pt\/arquivo\/#website","url":"https:\/\/infocul.pt\/arquivo\/","name":"Infocul.pt - Arquivo Digital","description":"Arquivo digital da Infocul.pt","publisher":{"@id":"https:\/\/infocul.pt\/arquivo\/#organization"},"potentialAction":[{"@type":"SearchAction","target":{"@type":"EntryPoint","urlTemplate":"https:\/\/infocul.pt\/arquivo\/?s={search_term_string}"},"query-input":{"@type":"PropertyValueSpecification","valueRequired":true,"valueName":"search_term_string"}}],"inLanguage":"pt-PT"},{"@type":"Organization","@id":"https:\/\/infocul.pt\/arquivo\/#organization","name":"Infocul.pt","url":"https:\/\/infocul.pt\/arquivo\/","logo":{"@type":"ImageObject","inLanguage":"pt-PT","@id":"https:\/\/infocul.pt\/arquivo\/#\/schema\/logo\/image\/","url":"https:\/\/infocul.pt\/arquivo\/wp-content\/uploads\/2018\/12\/Infocul_logo-1.png","contentUrl":"https:\/\/infocul.pt\/arquivo\/wp-content\/uploads\/2018\/12\/Infocul_logo-1.png","width":800,"height":800,"caption":"Infocul.pt"},"image":{"@id":"https:\/\/infocul.pt\/arquivo\/#\/schema\/logo\/image\/"},"sameAs":["https:\/\/www.facebook.com\/Infocul-147816815585015\/","https:\/\/x.com\/Infoculpt","http:\/\/www.pictaram.com\/user\/infocul.pt\/2370423710","https:\/\/www.youtube.com\/channel\/UCYEB91AGI9FL9ek2i_IaQAA"]},{"@type":"Person","@id":"https:\/\/infocul.pt\/arquivo\/#\/schema\/person\/f243f45ae8d67639120a7586884f3abc","name":"Redac\u00e7\u00e3o","image":{"@type":"ImageObject","inLanguage":"pt-PT","@id":"https:\/\/secure.gravatar.com\/avatar\/151b1b76c598ab5e749407223bd6c1bad4e41c4e95de3c3df83540ebee2deaf8?s=96&d=mm&r=g","url":"https:\/\/secure.gravatar.com\/avatar\/151b1b76c598ab5e749407223bd6c1bad4e41c4e95de3c3df83540ebee2deaf8?s=96&d=mm&r=g","contentUrl":"https:\/\/secure.gravatar.com\/avatar\/151b1b76c598ab5e749407223bd6c1bad4e41c4e95de3c3df83540ebee2deaf8?s=96&d=mm&r=g","caption":"Redac\u00e7\u00e3o"}}]}},"_links":{"self":[{"href":"https:\/\/infocul.pt\/arquivo\/wp-json\/wp\/v2\/posts\/6107","targetHints":{"allow":["GET"]}}],"collection":[{"href":"https:\/\/infocul.pt\/arquivo\/wp-json\/wp\/v2\/posts"}],"about":[{"href":"https:\/\/infocul.pt\/arquivo\/wp-json\/wp\/v2\/types\/post"}],"author":[{"embeddable":true,"href":"https:\/\/infocul.pt\/arquivo\/wp-json\/wp\/v2\/users\/13"}],"replies":[{"embeddable":true,"href":"https:\/\/infocul.pt\/arquivo\/wp-json\/wp\/v2\/comments?post=6107"}],"version-history":[{"count":0,"href":"https:\/\/infocul.pt\/arquivo\/wp-json\/wp\/v2\/posts\/6107\/revisions"}],"wp:featuredmedia":[{"embeddable":true,"href":"https:\/\/infocul.pt\/arquivo\/wp-json\/wp\/v2\/media\/6108"}],"wp:attachment":[{"href":"https:\/\/infocul.pt\/arquivo\/wp-json\/wp\/v2\/media?parent=6107"}],"wp:term":[{"taxonomy":"category","embeddable":true,"href":"https:\/\/infocul.pt\/arquivo\/wp-json\/wp\/v2\/categories?post=6107"},{"taxonomy":"post_tag","embeddable":true,"href":"https:\/\/infocul.pt\/arquivo\/wp-json\/wp\/v2\/tags?post=6107"}],"curies":[{"name":"wp","href":"https:\/\/api.w.org\/{rel}","templated":true}]}}