{"id":61192,"date":"2019-10-19T08:32:24","date_gmt":"2019-10-19T07:32:24","guid":{"rendered":"https:\/\/infocul.pt\/?p=61192"},"modified":"2019-10-19T08:32:24","modified_gmt":"2019-10-19T07:32:24","slug":"weleda-lanca-dois-novos-produtos-da-linha-skin-food","status":"publish","type":"post","link":"https:\/\/infocul.pt\/arquivo\/actualidade\/weleda-lanca-dois-novos-produtos-da-linha-skin-food\/","title":{"rendered":"Weleda lan\u00e7a dois novos produtos da linha Skin Food"},"content":{"rendered":"<figure id=\"attachment_61193\" aria-describedby=\"caption-attachment-61193\" style=\"width: 800px\" class=\"wp-caption aligncenter\"><img decoding=\"async\" class=\"wp-image-61193 size-large lazyload\" data-src=\"https:\/\/infocul.pt\/arquivo\/wp-content\/uploads\/2019\/10\/IMG_20191018_091230-1024x768.jpg\" alt=\"\" width=\"800\" height=\"600\" data-srcset=\"https:\/\/infocul.pt\/arquivo\/wp-content\/uploads\/2019\/10\/IMG_20191018_091230-1024x768.jpg 1024w, https:\/\/infocul.pt\/arquivo\/wp-content\/uploads\/2019\/10\/IMG_20191018_091230-300x225.jpg 300w, https:\/\/infocul.pt\/arquivo\/wp-content\/uploads\/2019\/10\/IMG_20191018_091230-768x576.jpg 768w\" data-sizes=\"(max-width: 800px) 100vw, 800px\" src=\"data:image\/svg+xml;base64,PHN2ZyB3aWR0aD0iMSIgaGVpZ2h0PSIxIiB4bWxucz0iaHR0cDovL3d3dy53My5vcmcvMjAwMC9zdmciPjwvc3ZnPg==\" style=\"--smush-placeholder-width: 800px; --smush-placeholder-aspect-ratio: 800\/600;\" \/><figcaption id=\"caption-attachment-61193\" class=\"wp-caption-text\">D.R.<\/figcaption><\/figure>\n<p>&nbsp;<\/p>\n<p>&nbsp;<\/p>\n<p>A <a href=\"https:\/\/www.weleda.es\/\" target=\"_blank\" rel=\"noopener noreferrer\">Weleda<\/a>, marca su\u00ed\u00e7a de <a href=\"https:\/\/infocul.pt\/arquivo\/category\/actualidade\/social-e-lifestyle\/\" target=\"_blank\" rel=\"noopener noreferrer\">cosm\u00e9tica e bem-estar<\/a>, apresentou hoje, no <a href=\"https:\/\/www.facebook.com\/RestauranteTerra\/?ref=br_rs\" target=\"_blank\" rel=\"noopener noreferrer\">Restaurante Terra<\/a>, em Lisboa, dois novos produtos da linha Skin Food.<!--more--><\/p>\n<p>Agora, a gama conta com o Skin Food Body Butter, um b\u00e1lsamo corporal que nutre a pele intensamente ao mesmo tempo que a suaviza e ilumina, e com o Skin Food Lip Balm que repara e nutre os l\u00e1bios secos e gretados.<\/p>\n<p>A marca destaca estes produtos como sendo \u201c<b>BIO e 100% Natural (\u00e0 base de plantas medicinais como a camomila BIO, a cal\u00eandula BIO, o alecrim BIO e os amores perfeitos de colheita silvestre) tem um grande poder calmante e reparador para peles secas, irritadas, gretadas ou agredidas. N\u00e3o cont\u00e9m parabenos, conservantes ou perfumes sint\u00e9ticos, nem subst\u00e2ncias de origem petroqu\u00edmica<\/b>\u201d.<\/p>\n<p>O Skin Food Body Butter tem como Principais Benef\u00edcios: <b>Repara, nutre e hidrata intensamente; <\/b><b>L<\/b><b>igeiro e de r\u00e1pida absor\u00e7\u00e3o, acalma a pele; Deixa a pele suave e el\u00e1stica; Ideal para peles secas e muito secas.<\/b><\/p>\n<p>Pre\u00e7o recomendado (150 ml): 20,25 \u20ac<\/p>\n<p><img decoding=\"async\" class=\"aligncenter wp-image-61210 size-medium lazyload\" data-src=\"https:\/\/infocul.pt\/arquivo\/wp-content\/uploads\/2019\/10\/Skin-Food-Body-Butter-209x300.jpg\" alt=\"\" width=\"209\" height=\"300\" data-srcset=\"https:\/\/infocul.pt\/arquivo\/wp-content\/uploads\/2019\/10\/Skin-Food-Body-Butter-209x300.jpg 209w, https:\/\/infocul.pt\/arquivo\/wp-content\/uploads\/2019\/10\/Skin-Food-Body-Butter.jpg 593w\" data-sizes=\"(max-width: 209px) 100vw, 209px\" src=\"data:image\/svg+xml;base64,PHN2ZyB3aWR0aD0iMSIgaGVpZ2h0PSIxIiB4bWxucz0iaHR0cDovL3d3dy53My5vcmcvMjAwMC9zdmciPjwvc3ZnPg==\" style=\"--smush-placeholder-width: 209px; --smush-placeholder-aspect-ratio: 209\/300;\" \/><\/p>\n<p>O Skin Food Lip Balm tem como Principais Benef\u00edcios: <b>Nutre e repara intensamente; Hidrata, suaviza e acalma os l\u00e1bios; Textura suave e ligeira; L\u00e1bios secos ou gretados.<\/b><\/p>\n<p>Pre\u00e7o recomendado (150 ml): 5,05 \u20ac<\/p>\n<p><img decoding=\"async\" class=\"aligncenter wp-image-61211 size-medium lazyload\" data-src=\"https:\/\/infocul.pt\/arquivo\/wp-content\/uploads\/2019\/10\/Skin-Food-Lip-Balm-199x300.jpg\" alt=\"\" width=\"199\" height=\"300\" data-srcset=\"https:\/\/infocul.pt\/arquivo\/wp-content\/uploads\/2019\/10\/Skin-Food-Lip-Balm-199x300.jpg 199w, https:\/\/infocul.pt\/arquivo\/wp-content\/uploads\/2019\/10\/Skin-Food-Lip-Balm.jpg 563w\" data-sizes=\"(max-width: 199px) 100vw, 199px\" src=\"data:image\/svg+xml;base64,PHN2ZyB3aWR0aD0iMSIgaGVpZ2h0PSIxIiB4bWxucz0iaHR0cDovL3d3dy53My5vcmcvMjAwMC9zdmciPjwvc3ZnPg==\" style=\"--smush-placeholder-width: 199px; --smush-placeholder-aspect-ratio: 199\/300;\" \/><\/p>\n<p>J\u00e1 o Skin Food Original tem como pre\u00e7o recomendado: 10,10 \u20ac (30 ml), 14,85 \u20ac (75 ml).<\/p>\n<p><img decoding=\"async\" class=\"aligncenter wp-image-61212 size-medium lazyload\" data-src=\"https:\/\/infocul.pt\/arquivo\/wp-content\/uploads\/2019\/10\/Skin-Food-209x300.jpg\" alt=\"\" width=\"209\" height=\"300\" data-srcset=\"https:\/\/infocul.pt\/arquivo\/wp-content\/uploads\/2019\/10\/Skin-Food-209x300.jpg 209w, https:\/\/infocul.pt\/arquivo\/wp-content\/uploads\/2019\/10\/Skin-Food.jpg 593w\" data-sizes=\"(max-width: 209px) 100vw, 209px\" src=\"data:image\/svg+xml;base64,PHN2ZyB3aWR0aD0iMSIgaGVpZ2h0PSIxIiB4bWxucz0iaHR0cDovL3d3dy53My5vcmcvMjAwMC9zdmciPjwvc3ZnPg==\" style=\"--smush-placeholder-width: 209px; --smush-placeholder-aspect-ratio: 209\/300;\" \/><\/p>\n<p>&nbsp;<\/p>\n<p>Filipe Rocha, da Vyria (distribuidora da marca Weleda em Portugal), come\u00e7ou por nos dizer que \u201c<i><b>a<\/b><\/i><i><b>ntes do mercado estar sobre-lotado, a Weleda existia h\u00e1 90 anos, portanto \u00e9 uma marca que \u00e9 pioneira, \u00e9 a n\u00ba1 na cosm\u00e9tica natural e bio. E \u00e9 realmente uma marca natural, isso \u00e9 verdadeiramente importante, porque h\u00e1 uma tend\u00eancia, normal, de procurar cada vez mais os produtos naturais por todas as raz\u00f5es: sa\u00fade, bem-estar mas tamb\u00e9m ambientais e isso \u00e9 o que a Weleda faz desde sempre<\/b><\/i>\u201d, quando questionado sobre as grandes diferen\u00e7as da Weleda para a concorr\u00eancia.<\/p>\n<p>Garantiu ainda que \u201c<i><b>\u00e9<\/b><\/i><i><b> uma marca sustent\u00e1vel e \u00e9 a \u00fanica marca europeia que tem o logo e certificado m\u00e1ximo de sustentabilidade que \u00e9 o UEBT, que garante a sustentabilidade em termos de impacto ambiental, em termos da fauna e flora, e tamb\u00e9m em termos sociais<\/b><\/i>\u201d.<\/p>\n<figure id=\"attachment_61195\" aria-describedby=\"caption-attachment-61195\" style=\"width: 800px\" class=\"wp-caption aligncenter\"><img decoding=\"async\" class=\"wp-image-61195 size-large lazyload\" data-src=\"https:\/\/infocul.pt\/arquivo\/wp-content\/uploads\/2019\/10\/IMG_20191018_093126-1024x768.jpg\" alt=\"\" width=\"800\" height=\"600\" data-srcset=\"https:\/\/infocul.pt\/arquivo\/wp-content\/uploads\/2019\/10\/IMG_20191018_093126-1024x768.jpg 1024w, https:\/\/infocul.pt\/arquivo\/wp-content\/uploads\/2019\/10\/IMG_20191018_093126-300x225.jpg 300w, https:\/\/infocul.pt\/arquivo\/wp-content\/uploads\/2019\/10\/IMG_20191018_093126-768x576.jpg 768w\" data-sizes=\"(max-width: 800px) 100vw, 800px\" src=\"data:image\/svg+xml;base64,PHN2ZyB3aWR0aD0iMSIgaGVpZ2h0PSIxIiB4bWxucz0iaHR0cDovL3d3dy53My5vcmcvMjAwMC9zdmciPjwvc3ZnPg==\" style=\"--smush-placeholder-width: 800px; --smush-placeholder-aspect-ratio: 800\/600;\" \/><figcaption id=\"caption-attachment-61195\" class=\"wp-caption-text\">D.R.<\/figcaption><\/figure>\n<p>E revelou at\u00e9 que \u201c<i><b>compreendo que uma pessoa possa sacrificar a qualidade num produto de higiene, bem-estar ou cosm\u00e9tica em prol da sustentabilidade e tudo isso. Contudo, quando procuramos um produto tamb\u00e9m queremos que ele seja eficaz e na Weleda s\u00e3o eficazes. E s\u00e3o eficazes, tamb\u00e9m, porque s\u00e3o naturais. Porque ao contr\u00e1rio da cosm\u00e9tica tradicional, quem diz cosm\u00e9tica diz produtos de higiene, em que os activos, o que vai dar a efic\u00e1cia, representam uma percentagem \u00ednfima da f\u00f3rmula. Tudo o que \u00e9 parte da f\u00f3rmula Weleda, desde a sua parte harmoniosa aos seus perfumes naturais, extractos vegetais, ceras eventualmente, \u00f3leos essenciais, tudo faz parte da f\u00f3rmula e da sua efic\u00e1cia. E h\u00e1 um laborat\u00f3rio farmac\u00eautico que tem uma maneira de trabalhar extremamente rigorosa e depois tem tamb\u00e9m o feedback de tr\u00eas gera\u00e7\u00f5es que usam, j\u00e1, a marca (claro que nem todos os produtos t\u00eam esse tempo) que permitem sustentar a efic\u00e1cia e testar novas solu\u00e7\u00f5es\u201d<\/b><\/i>.<\/p>\n<p>Esclareceu ainda que \u201c<i><b>o custo de produ\u00e7\u00e3o \u00e9 muito elevado, pois como pode imaginar utilizar \u00f3leos essenciais, extractos vegetais biol\u00f3gicos, quando se tem de garantir a sustentabilidade e quando ainda se pratica o com\u00e9rcio justo, etc etc, o custo de produ\u00e7\u00e3o \u00e9 muito elevado. O que a Weleda faz \u00e9, tanto para mim enquanto distribuidor como para os comercializadores, \u00e9 margens de lucro mais curtas<\/b><\/i>\u201d.<\/p>\n<figure id=\"attachment_61194\" aria-describedby=\"caption-attachment-61194\" style=\"width: 800px\" class=\"wp-caption aligncenter\"><img decoding=\"async\" class=\"wp-image-61194 size-large lazyload\" data-src=\"https:\/\/infocul.pt\/arquivo\/wp-content\/uploads\/2019\/10\/IMG_20191018_092848-1024x768.jpg\" alt=\"\" width=\"800\" height=\"600\" data-srcset=\"https:\/\/infocul.pt\/arquivo\/wp-content\/uploads\/2019\/10\/IMG_20191018_092848-1024x768.jpg 1024w, https:\/\/infocul.pt\/arquivo\/wp-content\/uploads\/2019\/10\/IMG_20191018_092848-300x225.jpg 300w, https:\/\/infocul.pt\/arquivo\/wp-content\/uploads\/2019\/10\/IMG_20191018_092848-768x576.jpg 768w\" data-sizes=\"(max-width: 800px) 100vw, 800px\" src=\"data:image\/svg+xml;base64,PHN2ZyB3aWR0aD0iMSIgaGVpZ2h0PSIxIiB4bWxucz0iaHR0cDovL3d3dy53My5vcmcvMjAwMC9zdmciPjwvc3ZnPg==\" style=\"--smush-placeholder-width: 800px; --smush-placeholder-aspect-ratio: 800\/600;\" \/><figcaption id=\"caption-attachment-61194\" class=\"wp-caption-text\">D.R.<\/figcaption><\/figure>\n","protected":false},"excerpt":{"rendered":"<p>&nbsp; &nbsp; A Weleda, marca su\u00ed\u00e7a de cosm\u00e9tica e bem-estar, apresentou hoje, no Restaurante Terra, em Lisboa, dois novos produtos da linha Skin Food.<\/p>\n","protected":false},"author":2,"featured_media":61193,"comment_status":"open","ping_status":"closed","sticky":false,"template":"","format":"standard","meta":{"footnotes":""},"categories":[10,36,4123,15],"tags":[80,8005,8004],"class_list":["post-61192","post","type-post","status-publish","format-standard","has-post-thumbnail","hentry","category-actualidade","category-destaque","category-reportagens-actualidade","category-social-e-lifestyle","tag-lisboa","tag-restaurante-terra","tag-weleda"],"yoast_head":"<!-- This site is optimized with the Yoast SEO plugin v27.5 - https:\/\/yoast.com\/product\/yoast-seo-wordpress\/ -->\n<title>Weleda lan\u00e7a dois novos produtos da linha Skin Food | Infocul.pt - Arquivo Digital<\/title>\n<meta name=\"description\" content=\"Weleda lan\u00e7a dois novos produtos da linha Skin Food | Infocul.pt - Arquivo Digital\" \/>\n<meta name=\"robots\" content=\"noindex, follow, max-snippet:-1, max-image-preview:large, max-video-preview:-1\" \/>\n<meta property=\"og:locale\" content=\"pt_PT\" \/>\n<meta property=\"og:type\" content=\"article\" \/>\n<meta property=\"og:title\" content=\"Weleda lan\u00e7a dois novos produtos da linha Skin Food | Infocul.pt - Arquivo Digital\" \/>\n<meta property=\"og:description\" content=\"Weleda lan\u00e7a dois novos produtos da linha Skin Food | Infocul.pt - Arquivo Digital\" \/>\n<meta property=\"og:url\" content=\"https:\/\/infocul.pt\/arquivo\/actualidade\/weleda-lanca-dois-novos-produtos-da-linha-skin-food\/\" \/>\n<meta property=\"og:site_name\" content=\"Infocul.pt - Arquivo Digital\" \/>\n<meta property=\"article:publisher\" content=\"https:\/\/www.facebook.com\/Infocul-147816815585015\/\" \/>\n<meta property=\"article:published_time\" content=\"2019-10-19T07:32:24+00:00\" \/>\n<meta property=\"og:image\" content=\"https:\/\/infocul.pt\/arquivo\/wp-content\/uploads\/2019\/10\/IMG_20191018_091230-1024x768.jpg\" \/>\n\t<meta property=\"og:image:width\" content=\"1024\" \/>\n\t<meta property=\"og:image:height\" content=\"768\" \/>\n\t<meta property=\"og:image:type\" content=\"image\/jpeg\" \/>\n<meta name=\"author\" content=\"Rui Lavrador\" \/>\n<meta name=\"twitter:card\" content=\"summary_large_image\" \/>\n<meta name=\"twitter:creator\" content=\"@Infoculpt\" \/>\n<meta name=\"twitter:site\" content=\"@Infoculpt\" \/>\n<meta name=\"twitter:label1\" content=\"Escrito por\" \/>\n\t<meta name=\"twitter:data1\" content=\"Rui Lavrador\" \/>\n\t<meta name=\"twitter:label2\" content=\"Tempo estimado de leitura\" \/>\n\t<meta name=\"twitter:data2\" content=\"3 minutos\" \/>\n<script type=\"application\/ld+json\" class=\"yoast-schema-graph\">{\"@context\":\"https:\\\/\\\/schema.org\",\"@graph\":[{\"@type\":\"Article\",\"@id\":\"https:\\\/\\\/infocul.pt\\\/arquivo\\\/actualidade\\\/weleda-lanca-dois-novos-produtos-da-linha-skin-food\\\/#article\",\"isPartOf\":{\"@id\":\"https:\\\/\\\/infocul.pt\\\/arquivo\\\/actualidade\\\/weleda-lanca-dois-novos-produtos-da-linha-skin-food\\\/\"},\"author\":{\"name\":\"Rui Lavrador\",\"@id\":\"https:\\\/\\\/infocul.pt\\\/arquivo\\\/#\\\/schema\\\/person\\\/060a108d7f2d85fc6aae505119ee5234\"},\"headline\":\"Weleda lan\u00e7a dois novos produtos da linha Skin Food\",\"datePublished\":\"2019-10-19T07:32:24+00:00\",\"mainEntityOfPage\":{\"@id\":\"https:\\\/\\\/infocul.pt\\\/arquivo\\\/actualidade\\\/weleda-lanca-dois-novos-produtos-da-linha-skin-food\\\/\"},\"wordCount\":644,\"commentCount\":0,\"publisher\":{\"@id\":\"https:\\\/\\\/infocul.pt\\\/arquivo\\\/#organization\"},\"image\":{\"@id\":\"https:\\\/\\\/infocul.pt\\\/arquivo\\\/actualidade\\\/weleda-lanca-dois-novos-produtos-da-linha-skin-food\\\/#primaryimage\"},\"thumbnailUrl\":\"https:\\\/\\\/infocul.pt\\\/arquivo\\\/wp-content\\\/uploads\\\/2019\\\/10\\\/IMG_20191018_091230.jpg\",\"keywords\":[\"Lisboa\",\"Restaurante Terra\",\"Weleda\"],\"articleSection\":[\"Actualidade\",\"Destaque\",\"Reportagens\",\"Social &amp; LifeStyle\"],\"inLanguage\":\"pt-PT\"},{\"@type\":\"WebPage\",\"@id\":\"https:\\\/\\\/infocul.pt\\\/arquivo\\\/actualidade\\\/weleda-lanca-dois-novos-produtos-da-linha-skin-food\\\/\",\"url\":\"https:\\\/\\\/infocul.pt\\\/arquivo\\\/actualidade\\\/weleda-lanca-dois-novos-produtos-da-linha-skin-food\\\/\",\"name\":\"Weleda lan\u00e7a dois novos produtos da linha Skin Food | Infocul.pt - Arquivo Digital\",\"isPartOf\":{\"@id\":\"https:\\\/\\\/infocul.pt\\\/arquivo\\\/#website\"},\"primaryImageOfPage\":{\"@id\":\"https:\\\/\\\/infocul.pt\\\/arquivo\\\/actualidade\\\/weleda-lanca-dois-novos-produtos-da-linha-skin-food\\\/#primaryimage\"},\"image\":{\"@id\":\"https:\\\/\\\/infocul.pt\\\/arquivo\\\/actualidade\\\/weleda-lanca-dois-novos-produtos-da-linha-skin-food\\\/#primaryimage\"},\"thumbnailUrl\":\"https:\\\/\\\/infocul.pt\\\/arquivo\\\/wp-content\\\/uploads\\\/2019\\\/10\\\/IMG_20191018_091230.jpg\",\"datePublished\":\"2019-10-19T07:32:24+00:00\",\"description\":\"Weleda lan\u00e7a dois novos produtos da linha Skin Food | Infocul.pt - Arquivo Digital\",\"breadcrumb\":{\"@id\":\"https:\\\/\\\/infocul.pt\\\/arquivo\\\/actualidade\\\/weleda-lanca-dois-novos-produtos-da-linha-skin-food\\\/#breadcrumb\"},\"inLanguage\":\"pt-PT\",\"potentialAction\":[{\"@type\":\"ReadAction\",\"target\":[\"https:\\\/\\\/infocul.pt\\\/arquivo\\\/actualidade\\\/weleda-lanca-dois-novos-produtos-da-linha-skin-food\\\/\"]}]},{\"@type\":\"ImageObject\",\"inLanguage\":\"pt-PT\",\"@id\":\"https:\\\/\\\/infocul.pt\\\/arquivo\\\/actualidade\\\/weleda-lanca-dois-novos-produtos-da-linha-skin-food\\\/#primaryimage\",\"url\":\"https:\\\/\\\/infocul.pt\\\/arquivo\\\/wp-content\\\/uploads\\\/2019\\\/10\\\/IMG_20191018_091230.jpg\",\"contentUrl\":\"https:\\\/\\\/infocul.pt\\\/arquivo\\\/wp-content\\\/uploads\\\/2019\\\/10\\\/IMG_20191018_091230.jpg\",\"width\":5120,\"height\":3840,\"caption\":\"dav\"},{\"@type\":\"BreadcrumbList\",\"@id\":\"https:\\\/\\\/infocul.pt\\\/arquivo\\\/actualidade\\\/weleda-lanca-dois-novos-produtos-da-linha-skin-food\\\/#breadcrumb\",\"itemListElement\":[{\"@type\":\"ListItem\",\"position\":1,\"name\":\"Home\",\"item\":\"https:\\\/\\\/infocul.pt\\\/arquivo\\\/\"},{\"@type\":\"ListItem\",\"position\":2,\"name\":\"Weleda lan\u00e7a dois novos produtos da linha Skin Food\"}]},{\"@type\":\"WebSite\",\"@id\":\"https:\\\/\\\/infocul.pt\\\/arquivo\\\/#website\",\"url\":\"https:\\\/\\\/infocul.pt\\\/arquivo\\\/\",\"name\":\"Infocul.pt - Arquivo Digital\",\"description\":\"Arquivo digital da Infocul.pt\",\"publisher\":{\"@id\":\"https:\\\/\\\/infocul.pt\\\/arquivo\\\/#organization\"},\"potentialAction\":[{\"@type\":\"SearchAction\",\"target\":{\"@type\":\"EntryPoint\",\"urlTemplate\":\"https:\\\/\\\/infocul.pt\\\/arquivo\\\/?s={search_term_string}\"},\"query-input\":{\"@type\":\"PropertyValueSpecification\",\"valueRequired\":true,\"valueName\":\"search_term_string\"}}],\"inLanguage\":\"pt-PT\"},{\"@type\":\"Organization\",\"@id\":\"https:\\\/\\\/infocul.pt\\\/arquivo\\\/#organization\",\"name\":\"Infocul.pt\",\"url\":\"https:\\\/\\\/infocul.pt\\\/arquivo\\\/\",\"logo\":{\"@type\":\"ImageObject\",\"inLanguage\":\"pt-PT\",\"@id\":\"https:\\\/\\\/infocul.pt\\\/arquivo\\\/#\\\/schema\\\/logo\\\/image\\\/\",\"url\":\"https:\\\/\\\/infocul.pt\\\/arquivo\\\/wp-content\\\/uploads\\\/2018\\\/12\\\/Infocul_logo-1.png\",\"contentUrl\":\"https:\\\/\\\/infocul.pt\\\/arquivo\\\/wp-content\\\/uploads\\\/2018\\\/12\\\/Infocul_logo-1.png\",\"width\":800,\"height\":800,\"caption\":\"Infocul.pt\"},\"image\":{\"@id\":\"https:\\\/\\\/infocul.pt\\\/arquivo\\\/#\\\/schema\\\/logo\\\/image\\\/\"},\"sameAs\":[\"https:\\\/\\\/www.facebook.com\\\/Infocul-147816815585015\\\/\",\"https:\\\/\\\/x.com\\\/Infoculpt\",\"http:\\\/\\\/www.pictaram.com\\\/user\\\/infocul.pt\\\/2370423710\",\"https:\\\/\\\/www.youtube.com\\\/channel\\\/UCYEB91AGI9FL9ek2i_IaQAA\"]},{\"@type\":\"Person\",\"@id\":\"https:\\\/\\\/infocul.pt\\\/arquivo\\\/#\\\/schema\\\/person\\\/060a108d7f2d85fc6aae505119ee5234\",\"name\":\"Rui Lavrador\",\"image\":{\"@type\":\"ImageObject\",\"inLanguage\":\"pt-PT\",\"@id\":\"https:\\\/\\\/secure.gravatar.com\\\/avatar\\\/93febd6873394aa8e975148548a0cb203acfdd42d2c85c5f1408e1a76678aece?s=96&d=mm&r=g\",\"url\":\"https:\\\/\\\/secure.gravatar.com\\\/avatar\\\/93febd6873394aa8e975148548a0cb203acfdd42d2c85c5f1408e1a76678aece?s=96&d=mm&r=g\",\"contentUrl\":\"https:\\\/\\\/secure.gravatar.com\\\/avatar\\\/93febd6873394aa8e975148548a0cb203acfdd42d2c85c5f1408e1a76678aece?s=96&d=mm&r=g\",\"caption\":\"Rui Lavrador\"},\"description\":\"Iniciou em 2011 o seu percurso em comunica\u00e7\u00e3o social, tendo integrado v\u00e1rios projectos editoriais. Durante o seu percurso integrou projectos como Jornal Hardm\u00fasica, LusoNot\u00edcias, Toureio.pt, ODigital.pt, entre outros \u00d3rg\u00e3os de Comunica\u00e7\u00e3o Social nacionais, na redac\u00e7\u00e3o de v\u00e1rios artigos. Entrevistou a grande maioria das personalidades mais importantes da vida social e cultural do pa\u00eds, destacando-se, tamb\u00e9m, na aprecia\u00e7\u00e3o de v\u00e1rios espect\u00e1culos. Durante o seu percurso, deu a conhecer v\u00e1rios artistas, at\u00e9 ent\u00e3o desconhecidos, ao grande p\u00fablico. Em 2015 criou e fundou o Infocul.pt, projecto no qual assume a direc\u00e7\u00e3o editorial.\",\"sameAs\":[\"http:\\\/\\\/www.infocul.pt\"]}]}<\/script>\n<!-- \/ Yoast SEO plugin. -->","yoast_head_json":{"title":"Weleda lan\u00e7a dois novos produtos da linha Skin Food | Infocul.pt - Arquivo Digital","description":"Weleda lan\u00e7a dois novos produtos da linha Skin Food | Infocul.pt - Arquivo Digital","robots":{"index":"noindex","follow":"follow","max-snippet":"max-snippet:-1","max-image-preview":"max-image-preview:large","max-video-preview":"max-video-preview:-1"},"og_locale":"pt_PT","og_type":"article","og_title":"Weleda lan\u00e7a dois novos produtos da linha Skin Food | Infocul.pt - Arquivo Digital","og_description":"Weleda lan\u00e7a dois novos produtos da linha Skin Food | Infocul.pt - Arquivo Digital","og_url":"https:\/\/infocul.pt\/arquivo\/actualidade\/weleda-lanca-dois-novos-produtos-da-linha-skin-food\/","og_site_name":"Infocul.pt - Arquivo Digital","article_publisher":"https:\/\/www.facebook.com\/Infocul-147816815585015\/","article_published_time":"2019-10-19T07:32:24+00:00","og_image":[{"width":1024,"height":768,"url":"https:\/\/infocul.pt\/arquivo\/wp-content\/uploads\/2019\/10\/IMG_20191018_091230-1024x768.jpg","type":"image\/jpeg"}],"author":"Rui Lavrador","twitter_card":"summary_large_image","twitter_creator":"@Infoculpt","twitter_site":"@Infoculpt","twitter_misc":{"Escrito por":"Rui Lavrador","Tempo estimado de leitura":"3 minutos"},"schema":{"@context":"https:\/\/schema.org","@graph":[{"@type":"Article","@id":"https:\/\/infocul.pt\/arquivo\/actualidade\/weleda-lanca-dois-novos-produtos-da-linha-skin-food\/#article","isPartOf":{"@id":"https:\/\/infocul.pt\/arquivo\/actualidade\/weleda-lanca-dois-novos-produtos-da-linha-skin-food\/"},"author":{"name":"Rui Lavrador","@id":"https:\/\/infocul.pt\/arquivo\/#\/schema\/person\/060a108d7f2d85fc6aae505119ee5234"},"headline":"Weleda lan\u00e7a dois novos produtos da linha Skin Food","datePublished":"2019-10-19T07:32:24+00:00","mainEntityOfPage":{"@id":"https:\/\/infocul.pt\/arquivo\/actualidade\/weleda-lanca-dois-novos-produtos-da-linha-skin-food\/"},"wordCount":644,"commentCount":0,"publisher":{"@id":"https:\/\/infocul.pt\/arquivo\/#organization"},"image":{"@id":"https:\/\/infocul.pt\/arquivo\/actualidade\/weleda-lanca-dois-novos-produtos-da-linha-skin-food\/#primaryimage"},"thumbnailUrl":"https:\/\/infocul.pt\/arquivo\/wp-content\/uploads\/2019\/10\/IMG_20191018_091230.jpg","keywords":["Lisboa","Restaurante Terra","Weleda"],"articleSection":["Actualidade","Destaque","Reportagens","Social &amp; LifeStyle"],"inLanguage":"pt-PT"},{"@type":"WebPage","@id":"https:\/\/infocul.pt\/arquivo\/actualidade\/weleda-lanca-dois-novos-produtos-da-linha-skin-food\/","url":"https:\/\/infocul.pt\/arquivo\/actualidade\/weleda-lanca-dois-novos-produtos-da-linha-skin-food\/","name":"Weleda lan\u00e7a dois novos produtos da linha Skin Food | Infocul.pt - Arquivo Digital","isPartOf":{"@id":"https:\/\/infocul.pt\/arquivo\/#website"},"primaryImageOfPage":{"@id":"https:\/\/infocul.pt\/arquivo\/actualidade\/weleda-lanca-dois-novos-produtos-da-linha-skin-food\/#primaryimage"},"image":{"@id":"https:\/\/infocul.pt\/arquivo\/actualidade\/weleda-lanca-dois-novos-produtos-da-linha-skin-food\/#primaryimage"},"thumbnailUrl":"https:\/\/infocul.pt\/arquivo\/wp-content\/uploads\/2019\/10\/IMG_20191018_091230.jpg","datePublished":"2019-10-19T07:32:24+00:00","description":"Weleda lan\u00e7a dois novos produtos da linha Skin Food | Infocul.pt - Arquivo Digital","breadcrumb":{"@id":"https:\/\/infocul.pt\/arquivo\/actualidade\/weleda-lanca-dois-novos-produtos-da-linha-skin-food\/#breadcrumb"},"inLanguage":"pt-PT","potentialAction":[{"@type":"ReadAction","target":["https:\/\/infocul.pt\/arquivo\/actualidade\/weleda-lanca-dois-novos-produtos-da-linha-skin-food\/"]}]},{"@type":"ImageObject","inLanguage":"pt-PT","@id":"https:\/\/infocul.pt\/arquivo\/actualidade\/weleda-lanca-dois-novos-produtos-da-linha-skin-food\/#primaryimage","url":"https:\/\/infocul.pt\/arquivo\/wp-content\/uploads\/2019\/10\/IMG_20191018_091230.jpg","contentUrl":"https:\/\/infocul.pt\/arquivo\/wp-content\/uploads\/2019\/10\/IMG_20191018_091230.jpg","width":5120,"height":3840,"caption":"dav"},{"@type":"BreadcrumbList","@id":"https:\/\/infocul.pt\/arquivo\/actualidade\/weleda-lanca-dois-novos-produtos-da-linha-skin-food\/#breadcrumb","itemListElement":[{"@type":"ListItem","position":1,"name":"Home","item":"https:\/\/infocul.pt\/arquivo\/"},{"@type":"ListItem","position":2,"name":"Weleda lan\u00e7a dois novos produtos da linha Skin Food"}]},{"@type":"WebSite","@id":"https:\/\/infocul.pt\/arquivo\/#website","url":"https:\/\/infocul.pt\/arquivo\/","name":"Infocul.pt - Arquivo Digital","description":"Arquivo digital da Infocul.pt","publisher":{"@id":"https:\/\/infocul.pt\/arquivo\/#organization"},"potentialAction":[{"@type":"SearchAction","target":{"@type":"EntryPoint","urlTemplate":"https:\/\/infocul.pt\/arquivo\/?s={search_term_string}"},"query-input":{"@type":"PropertyValueSpecification","valueRequired":true,"valueName":"search_term_string"}}],"inLanguage":"pt-PT"},{"@type":"Organization","@id":"https:\/\/infocul.pt\/arquivo\/#organization","name":"Infocul.pt","url":"https:\/\/infocul.pt\/arquivo\/","logo":{"@type":"ImageObject","inLanguage":"pt-PT","@id":"https:\/\/infocul.pt\/arquivo\/#\/schema\/logo\/image\/","url":"https:\/\/infocul.pt\/arquivo\/wp-content\/uploads\/2018\/12\/Infocul_logo-1.png","contentUrl":"https:\/\/infocul.pt\/arquivo\/wp-content\/uploads\/2018\/12\/Infocul_logo-1.png","width":800,"height":800,"caption":"Infocul.pt"},"image":{"@id":"https:\/\/infocul.pt\/arquivo\/#\/schema\/logo\/image\/"},"sameAs":["https:\/\/www.facebook.com\/Infocul-147816815585015\/","https:\/\/x.com\/Infoculpt","http:\/\/www.pictaram.com\/user\/infocul.pt\/2370423710","https:\/\/www.youtube.com\/channel\/UCYEB91AGI9FL9ek2i_IaQAA"]},{"@type":"Person","@id":"https:\/\/infocul.pt\/arquivo\/#\/schema\/person\/060a108d7f2d85fc6aae505119ee5234","name":"Rui Lavrador","image":{"@type":"ImageObject","inLanguage":"pt-PT","@id":"https:\/\/secure.gravatar.com\/avatar\/93febd6873394aa8e975148548a0cb203acfdd42d2c85c5f1408e1a76678aece?s=96&d=mm&r=g","url":"https:\/\/secure.gravatar.com\/avatar\/93febd6873394aa8e975148548a0cb203acfdd42d2c85c5f1408e1a76678aece?s=96&d=mm&r=g","contentUrl":"https:\/\/secure.gravatar.com\/avatar\/93febd6873394aa8e975148548a0cb203acfdd42d2c85c5f1408e1a76678aece?s=96&d=mm&r=g","caption":"Rui Lavrador"},"description":"Iniciou em 2011 o seu percurso em comunica\u00e7\u00e3o social, tendo integrado v\u00e1rios projectos editoriais. Durante o seu percurso integrou projectos como Jornal Hardm\u00fasica, LusoNot\u00edcias, Toureio.pt, ODigital.pt, entre outros \u00d3rg\u00e3os de Comunica\u00e7\u00e3o Social nacionais, na redac\u00e7\u00e3o de v\u00e1rios artigos. Entrevistou a grande maioria das personalidades mais importantes da vida social e cultural do pa\u00eds, destacando-se, tamb\u00e9m, na aprecia\u00e7\u00e3o de v\u00e1rios espect\u00e1culos. Durante o seu percurso, deu a conhecer v\u00e1rios artistas, at\u00e9 ent\u00e3o desconhecidos, ao grande p\u00fablico. Em 2015 criou e fundou o Infocul.pt, projecto no qual assume a direc\u00e7\u00e3o editorial.","sameAs":["http:\/\/www.infocul.pt"]}]}},"_links":{"self":[{"href":"https:\/\/infocul.pt\/arquivo\/wp-json\/wp\/v2\/posts\/61192","targetHints":{"allow":["GET"]}}],"collection":[{"href":"https:\/\/infocul.pt\/arquivo\/wp-json\/wp\/v2\/posts"}],"about":[{"href":"https:\/\/infocul.pt\/arquivo\/wp-json\/wp\/v2\/types\/post"}],"author":[{"embeddable":true,"href":"https:\/\/infocul.pt\/arquivo\/wp-json\/wp\/v2\/users\/2"}],"replies":[{"embeddable":true,"href":"https:\/\/infocul.pt\/arquivo\/wp-json\/wp\/v2\/comments?post=61192"}],"version-history":[{"count":0,"href":"https:\/\/infocul.pt\/arquivo\/wp-json\/wp\/v2\/posts\/61192\/revisions"}],"wp:featuredmedia":[{"embeddable":true,"href":"https:\/\/infocul.pt\/arquivo\/wp-json\/wp\/v2\/media\/61193"}],"wp:attachment":[{"href":"https:\/\/infocul.pt\/arquivo\/wp-json\/wp\/v2\/media?parent=61192"}],"wp:term":[{"taxonomy":"category","embeddable":true,"href":"https:\/\/infocul.pt\/arquivo\/wp-json\/wp\/v2\/categories?post=61192"},{"taxonomy":"post_tag","embeddable":true,"href":"https:\/\/infocul.pt\/arquivo\/wp-json\/wp\/v2\/tags?post=61192"}],"curies":[{"name":"wp","href":"https:\/\/api.w.org\/{rel}","templated":true}]}}