{"id":61269,"date":"2019-10-21T12:38:26","date_gmt":"2019-10-21T11:38:26","guid":{"rendered":"https:\/\/infocul.pt\/?p=61269"},"modified":"2019-10-21T12:38:26","modified_gmt":"2019-10-21T11:38:26","slug":"nova-abertura-do-grupo-accor-hotel-ibis-styles-chaves","status":"publish","type":"post","link":"https:\/\/infocul.pt\/arquivo\/actualidade\/nova-abertura-do-grupo-accor-hotel-ibis-styles-chaves\/","title":{"rendered":"Nova abertura do grupo Accor: Hotel ibis Styles Chaves!"},"content":{"rendered":"<p><img decoding=\"async\" class=\"aligncenter wp-image-61270 size-full lazyload\" data-src=\"https:\/\/infocul.pt\/arquivo\/wp-content\/uploads\/2019\/10\/ibis-Styles_Chaves-2.jpg\" alt=\"\" width=\"600\" height=\"400\" data-srcset=\"https:\/\/infocul.pt\/arquivo\/wp-content\/uploads\/2019\/10\/ibis-Styles_Chaves-2.jpg 600w, https:\/\/infocul.pt\/arquivo\/wp-content\/uploads\/2019\/10\/ibis-Styles_Chaves-2-300x200.jpg 300w\" data-sizes=\"(max-width: 600px) 100vw, 600px\" src=\"data:image\/svg+xml;base64,PHN2ZyB3aWR0aD0iMSIgaGVpZ2h0PSIxIiB4bWxucz0iaHR0cDovL3d3dy53My5vcmcvMjAwMC9zdmciPjwvc3ZnPg==\" style=\"--smush-placeholder-width: 600px; --smush-placeholder-aspect-ratio: 600\/400;\" \/><\/p>\n<p>&nbsp;<\/p>\n<p>&nbsp;<\/p>\n<p><span style=\"color: #222222;\"><span style=\"font-family: Liberation Serif, serif;\"><span style=\"font-size: medium;\">O Grupo Accor anuncia a abertura do hotel ibis Styles Grande Hotel de Chaves, ap\u00f3s v\u00e1rios meses de trabalhos de recupera\u00e7\u00e3o e renova\u00e7\u00e3o do espa\u00e7o. Nasce no lugar do ic\u00f3nico Grande Hotel de Chaves, um prestigiado hotel reconhecido como esta\u00e7\u00e3o termal de refer\u00eancia e constru\u00eddo na d\u00e9cada de 1920. Como \u00e9 caracter\u00edstico em todos os hot\u00e9is da marca ibis Styles, esta nova unidade est\u00e1 localizada no centro da cidade, a 4 minutos a p\u00e9 da ponte romana de Trajano e a 5 minutos do bairro hist\u00f3rico do castelo.<\/span><\/span><\/span><!--more--><\/p>\n<p><span style=\"color: #222222; font-family: Liberation Serif, serif; font-size: medium;\">O hotel disp\u00f5e de 58 quartos, individuais, duplos e suites, todos equipados com a Sweet Bed by ibis Styles, camas de elevado conforto, para al\u00e9m de restaurante, bar, kids corner, pequeno-almo\u00e7o buffet e rece\u00e7\u00e3o aberta 24 horas. Localizado na cidade da \u00e1gua por excel\u00eancia de Portugal, o hotel tira partido das \u00e1guas termais que brotam das entranhas do vale do rio T\u00e2mega, e conta com um sistema de aquecimento por geotermia. As \u00e1guas termais circulam num percurso que aquece a rede hidr\u00e1ulica do hotel, disseminando o seu calor para os v\u00e1rios espa\u00e7os do edif\u00edcio, atrav\u00e9s do piso radiante. As \u00e1guas de nascente n\u00e3o termais s\u00e3o tamb\u00e9m reaproveitadas para uso dos sanit\u00e1rios de todo o hotel. Gra\u00e7as a este projecto de aproveitamento das \u00e1guas, e de outras medidas como o uso exclusivo de l\u00e2mpadas 100% LED ou a coloca\u00e7\u00e3o de janelas de vidro duplo, consegue-se assim uma efici\u00eancia energ\u00e9tica e um respeito pela sustentabilidade do planeta.<\/span><\/p>\n<p>&nbsp;<\/p>\n<p><span style=\"color: #222222; font-family: Liberation Serif, serif; font-size: medium;\">Cada hotel ibis Styles \u00e9 \u00fanico e oferece uma experi\u00eancia diferente ao cliente; no caso do ibis Styles Grande Hotel de Chaves, a heran\u00e7a hist\u00f3rica romana e medieval inspiram o storytelling do hotel. Trata-se da abertura mais recente da marca no nosso pa\u00eds e, ao mesmo tempo, com a maior hist\u00f3ria, sem deixar, no entanto, de ser um hotel ao estilo ibis Styles, onde o design criativo est\u00e1 presente e se mistura com a vida do pr\u00f3prio espa\u00e7o. Durante as escava\u00e7\u00f5es arqueol\u00f3gicas foram descobertos dois po\u00e7os medievais e uma conduta romana, vis\u00edveis no hotel atrav\u00e9s do pavimento v\u00edtreo colocado na sala de refei\u00e7\u00f5es. Os clientes podem experienciar a riqueza do patrim\u00f3nio hist\u00f3rico atrav\u00e9s de um design imersivo, que conta com vest\u00edgios romanos e medievais aut\u00eanticos, estrat\u00e9gica e cronologicamente expostos ao longo das \u00e1reas comuns. Tudo foi cuidadosamente seleccionado para criar a jun\u00e7\u00e3o perfeita com as pe\u00e7as cer\u00e2micas e met\u00e1licas encontradas durante as escava\u00e7\u00f5es, que agora decoram os v\u00e1rios espa\u00e7os do hotel.<\/span><\/p>\n<p><span style=\"color: #222222;\"><span style=\"font-family: Liberation Serif, serif;\"><span style=\"font-size: medium;\">A criatividade e frescura diferenciadoras da marca ibis Styles fazem-se notar nesta nova unidade em particularidades como as cabeceiras das camas. Todas elas contam com a representa\u00e7\u00e3o de um dos rostos presentes nas cer\u00e2micas encontradas durante os trabalhos arqueol\u00f3gicos. O equil\u00edbrio entre o design criativo, presente no ADN da marca, e a milen\u00e1ria hist\u00f3ria do edif\u00edcio, dotam o nov\u00edssimo hotel ibis Styles Chaves, e uma personalidade \u00fanica capaz de oferecer uma experi\u00eancia de valor acrescentado, a pre\u00e7os acess\u00edveis, aos seus h\u00f3spedes.<\/span><\/span><\/span><\/p>\n<p>&nbsp;<\/p>\n<p><span style=\"color: #222222;\"><span style=\"font-family: Liberation Serif, serif;\"><span style=\"font-size: medium;\">Com esta nova abertura, a fam\u00edlia ibis em Portugal passa a contar com 24 unidades, composta pelas marcas ibis, ibis Budget e ibis Styles.<\/span><\/span><\/span><\/p>\n","protected":false},"excerpt":{"rendered":"<p>&nbsp; &nbsp; O Grupo Accor anuncia a abertura do hotel ibis Styles Grande Hotel de Chaves, ap\u00f3s v\u00e1rios meses de trabalhos de recupera\u00e7\u00e3o e renova\u00e7\u00e3o do espa\u00e7o. Nasce no lugar do ic\u00f3nico Grande Hotel de Chaves, um prestigiado hotel reconhecido como esta\u00e7\u00e3o termal de refer\u00eancia e constru\u00eddo na d\u00e9cada de 1920. Como \u00e9 caracter\u00edstico em [&hellip;]<\/p>\n","protected":false},"author":13,"featured_media":61270,"comment_status":"open","ping_status":"closed","sticky":false,"template":"","format":"standard","meta":{"footnotes":""},"categories":[10,13],"tags":[7380,1696,8027,3945],"class_list":["post-61269","post","type-post","status-publish","format-standard","has-post-thumbnail","hentry","category-actualidade","category-turismo","tag-accor","tag-chaves","tag-hotel-ibis-styles-chaves","tag-ibis"],"yoast_head":"<!-- This site is optimized with the Yoast SEO plugin v27.4 - https:\/\/yoast.com\/product\/yoast-seo-wordpress\/ -->\n<title>Nova abertura do grupo Accor: Hotel ibis Styles Chaves! | Infocul.pt - Arquivo Digital<\/title>\n<meta name=\"description\" content=\"Nova abertura do grupo Accor: Hotel ibis Styles Chaves! | Infocul.pt - Arquivo Digital\" \/>\n<meta name=\"robots\" content=\"noindex, follow, max-snippet:-1, max-image-preview:large, max-video-preview:-1\" \/>\n<meta property=\"og:locale\" content=\"pt_PT\" \/>\n<meta property=\"og:type\" content=\"article\" \/>\n<meta property=\"og:title\" content=\"Nova abertura do grupo Accor: Hotel ibis Styles Chaves! | Infocul.pt - Arquivo Digital\" \/>\n<meta property=\"og:description\" content=\"Nova abertura do grupo Accor: Hotel ibis Styles Chaves! | Infocul.pt - Arquivo Digital\" \/>\n<meta property=\"og:url\" content=\"https:\/\/infocul.pt\/arquivo\/actualidade\/nova-abertura-do-grupo-accor-hotel-ibis-styles-chaves\/\" \/>\n<meta property=\"og:site_name\" content=\"Infocul.pt - Arquivo Digital\" \/>\n<meta property=\"article:publisher\" content=\"https:\/\/www.facebook.com\/Infocul-147816815585015\/\" \/>\n<meta property=\"article:published_time\" content=\"2019-10-21T11:38:26+00:00\" \/>\n<meta property=\"og:image\" content=\"https:\/\/infocul.pt\/arquivo\/wp-content\/uploads\/2019\/10\/ibis-Styles_Chaves-2.jpg\" \/>\n\t<meta property=\"og:image:width\" content=\"600\" \/>\n\t<meta property=\"og:image:height\" content=\"400\" \/>\n\t<meta property=\"og:image:type\" content=\"image\/jpeg\" \/>\n<meta name=\"author\" content=\"Redac\u00e7\u00e3o\" \/>\n<meta name=\"twitter:card\" content=\"summary_large_image\" \/>\n<meta name=\"twitter:creator\" content=\"@Infoculpt\" \/>\n<meta name=\"twitter:site\" content=\"@Infoculpt\" \/>\n<meta name=\"twitter:label1\" content=\"Escrito por\" \/>\n\t<meta name=\"twitter:data1\" content=\"Redac\u00e7\u00e3o\" \/>\n\t<meta name=\"twitter:label2\" content=\"Tempo estimado de leitura\" \/>\n\t<meta name=\"twitter:data2\" content=\"3 minutos\" \/>\n<script type=\"application\/ld+json\" class=\"yoast-schema-graph\">{\"@context\":\"https:\\\/\\\/schema.org\",\"@graph\":[{\"@type\":\"Article\",\"@id\":\"https:\\\/\\\/infocul.pt\\\/arquivo\\\/actualidade\\\/nova-abertura-do-grupo-accor-hotel-ibis-styles-chaves\\\/#article\",\"isPartOf\":{\"@id\":\"https:\\\/\\\/infocul.pt\\\/arquivo\\\/actualidade\\\/nova-abertura-do-grupo-accor-hotel-ibis-styles-chaves\\\/\"},\"author\":{\"name\":\"Redac\u00e7\u00e3o\",\"@id\":\"https:\\\/\\\/infocul.pt\\\/arquivo\\\/#\\\/schema\\\/person\\\/f243f45ae8d67639120a7586884f3abc\"},\"headline\":\"Nova abertura do grupo Accor: Hotel ibis Styles Chaves!\",\"datePublished\":\"2019-10-21T11:38:26+00:00\",\"mainEntityOfPage\":{\"@id\":\"https:\\\/\\\/infocul.pt\\\/arquivo\\\/actualidade\\\/nova-abertura-do-grupo-accor-hotel-ibis-styles-chaves\\\/\"},\"wordCount\":586,\"commentCount\":0,\"publisher\":{\"@id\":\"https:\\\/\\\/infocul.pt\\\/arquivo\\\/#organization\"},\"image\":{\"@id\":\"https:\\\/\\\/infocul.pt\\\/arquivo\\\/actualidade\\\/nova-abertura-do-grupo-accor-hotel-ibis-styles-chaves\\\/#primaryimage\"},\"thumbnailUrl\":\"https:\\\/\\\/infocul.pt\\\/arquivo\\\/wp-content\\\/uploads\\\/2019\\\/10\\\/ibis-Styles_Chaves-2.jpg\",\"keywords\":[\"Accor\",\"Chaves\",\"Hotel ibis Styles Chaves\",\"Ibis\"],\"articleSection\":[\"Actualidade\",\"Turismo\"],\"inLanguage\":\"pt-PT\"},{\"@type\":\"WebPage\",\"@id\":\"https:\\\/\\\/infocul.pt\\\/arquivo\\\/actualidade\\\/nova-abertura-do-grupo-accor-hotel-ibis-styles-chaves\\\/\",\"url\":\"https:\\\/\\\/infocul.pt\\\/arquivo\\\/actualidade\\\/nova-abertura-do-grupo-accor-hotel-ibis-styles-chaves\\\/\",\"name\":\"Nova abertura do grupo Accor: Hotel ibis Styles Chaves! | Infocul.pt - Arquivo Digital\",\"isPartOf\":{\"@id\":\"https:\\\/\\\/infocul.pt\\\/arquivo\\\/#website\"},\"primaryImageOfPage\":{\"@id\":\"https:\\\/\\\/infocul.pt\\\/arquivo\\\/actualidade\\\/nova-abertura-do-grupo-accor-hotel-ibis-styles-chaves\\\/#primaryimage\"},\"image\":{\"@id\":\"https:\\\/\\\/infocul.pt\\\/arquivo\\\/actualidade\\\/nova-abertura-do-grupo-accor-hotel-ibis-styles-chaves\\\/#primaryimage\"},\"thumbnailUrl\":\"https:\\\/\\\/infocul.pt\\\/arquivo\\\/wp-content\\\/uploads\\\/2019\\\/10\\\/ibis-Styles_Chaves-2.jpg\",\"datePublished\":\"2019-10-21T11:38:26+00:00\",\"description\":\"Nova abertura do grupo Accor: Hotel ibis Styles Chaves! | Infocul.pt - Arquivo Digital\",\"breadcrumb\":{\"@id\":\"https:\\\/\\\/infocul.pt\\\/arquivo\\\/actualidade\\\/nova-abertura-do-grupo-accor-hotel-ibis-styles-chaves\\\/#breadcrumb\"},\"inLanguage\":\"pt-PT\",\"potentialAction\":[{\"@type\":\"ReadAction\",\"target\":[\"https:\\\/\\\/infocul.pt\\\/arquivo\\\/actualidade\\\/nova-abertura-do-grupo-accor-hotel-ibis-styles-chaves\\\/\"]}]},{\"@type\":\"ImageObject\",\"inLanguage\":\"pt-PT\",\"@id\":\"https:\\\/\\\/infocul.pt\\\/arquivo\\\/actualidade\\\/nova-abertura-do-grupo-accor-hotel-ibis-styles-chaves\\\/#primaryimage\",\"url\":\"https:\\\/\\\/infocul.pt\\\/arquivo\\\/wp-content\\\/uploads\\\/2019\\\/10\\\/ibis-Styles_Chaves-2.jpg\",\"contentUrl\":\"https:\\\/\\\/infocul.pt\\\/arquivo\\\/wp-content\\\/uploads\\\/2019\\\/10\\\/ibis-Styles_Chaves-2.jpg\",\"width\":600,\"height\":400},{\"@type\":\"BreadcrumbList\",\"@id\":\"https:\\\/\\\/infocul.pt\\\/arquivo\\\/actualidade\\\/nova-abertura-do-grupo-accor-hotel-ibis-styles-chaves\\\/#breadcrumb\",\"itemListElement\":[{\"@type\":\"ListItem\",\"position\":1,\"name\":\"Home\",\"item\":\"https:\\\/\\\/infocul.pt\\\/arquivo\\\/\"},{\"@type\":\"ListItem\",\"position\":2,\"name\":\"Nova abertura do grupo Accor: Hotel ibis Styles Chaves!\"}]},{\"@type\":\"WebSite\",\"@id\":\"https:\\\/\\\/infocul.pt\\\/arquivo\\\/#website\",\"url\":\"https:\\\/\\\/infocul.pt\\\/arquivo\\\/\",\"name\":\"Infocul.pt - Arquivo Digital\",\"description\":\"Arquivo digital da Infocul.pt\",\"publisher\":{\"@id\":\"https:\\\/\\\/infocul.pt\\\/arquivo\\\/#organization\"},\"potentialAction\":[{\"@type\":\"SearchAction\",\"target\":{\"@type\":\"EntryPoint\",\"urlTemplate\":\"https:\\\/\\\/infocul.pt\\\/arquivo\\\/?s={search_term_string}\"},\"query-input\":{\"@type\":\"PropertyValueSpecification\",\"valueRequired\":true,\"valueName\":\"search_term_string\"}}],\"inLanguage\":\"pt-PT\"},{\"@type\":\"Organization\",\"@id\":\"https:\\\/\\\/infocul.pt\\\/arquivo\\\/#organization\",\"name\":\"Infocul.pt\",\"url\":\"https:\\\/\\\/infocul.pt\\\/arquivo\\\/\",\"logo\":{\"@type\":\"ImageObject\",\"inLanguage\":\"pt-PT\",\"@id\":\"https:\\\/\\\/infocul.pt\\\/arquivo\\\/#\\\/schema\\\/logo\\\/image\\\/\",\"url\":\"https:\\\/\\\/infocul.pt\\\/arquivo\\\/wp-content\\\/uploads\\\/2018\\\/12\\\/Infocul_logo-1.png\",\"contentUrl\":\"https:\\\/\\\/infocul.pt\\\/arquivo\\\/wp-content\\\/uploads\\\/2018\\\/12\\\/Infocul_logo-1.png\",\"width\":800,\"height\":800,\"caption\":\"Infocul.pt\"},\"image\":{\"@id\":\"https:\\\/\\\/infocul.pt\\\/arquivo\\\/#\\\/schema\\\/logo\\\/image\\\/\"},\"sameAs\":[\"https:\\\/\\\/www.facebook.com\\\/Infocul-147816815585015\\\/\",\"https:\\\/\\\/x.com\\\/Infoculpt\",\"http:\\\/\\\/www.pictaram.com\\\/user\\\/infocul.pt\\\/2370423710\",\"https:\\\/\\\/www.youtube.com\\\/channel\\\/UCYEB91AGI9FL9ek2i_IaQAA\"]},{\"@type\":\"Person\",\"@id\":\"https:\\\/\\\/infocul.pt\\\/arquivo\\\/#\\\/schema\\\/person\\\/f243f45ae8d67639120a7586884f3abc\",\"name\":\"Redac\u00e7\u00e3o\",\"image\":{\"@type\":\"ImageObject\",\"inLanguage\":\"pt-PT\",\"@id\":\"https:\\\/\\\/secure.gravatar.com\\\/avatar\\\/151b1b76c598ab5e749407223bd6c1bad4e41c4e95de3c3df83540ebee2deaf8?s=96&d=mm&r=g\",\"url\":\"https:\\\/\\\/secure.gravatar.com\\\/avatar\\\/151b1b76c598ab5e749407223bd6c1bad4e41c4e95de3c3df83540ebee2deaf8?s=96&d=mm&r=g\",\"contentUrl\":\"https:\\\/\\\/secure.gravatar.com\\\/avatar\\\/151b1b76c598ab5e749407223bd6c1bad4e41c4e95de3c3df83540ebee2deaf8?s=96&d=mm&r=g\",\"caption\":\"Redac\u00e7\u00e3o\"}}]}<\/script>\n<!-- \/ Yoast SEO plugin. -->","yoast_head_json":{"title":"Nova abertura do grupo Accor: Hotel ibis Styles Chaves! | Infocul.pt - Arquivo Digital","description":"Nova abertura do grupo Accor: Hotel ibis Styles Chaves! | Infocul.pt - Arquivo Digital","robots":{"index":"noindex","follow":"follow","max-snippet":"max-snippet:-1","max-image-preview":"max-image-preview:large","max-video-preview":"max-video-preview:-1"},"og_locale":"pt_PT","og_type":"article","og_title":"Nova abertura do grupo Accor: Hotel ibis Styles Chaves! | Infocul.pt - Arquivo Digital","og_description":"Nova abertura do grupo Accor: Hotel ibis Styles Chaves! | Infocul.pt - Arquivo Digital","og_url":"https:\/\/infocul.pt\/arquivo\/actualidade\/nova-abertura-do-grupo-accor-hotel-ibis-styles-chaves\/","og_site_name":"Infocul.pt - Arquivo Digital","article_publisher":"https:\/\/www.facebook.com\/Infocul-147816815585015\/","article_published_time":"2019-10-21T11:38:26+00:00","og_image":[{"width":600,"height":400,"url":"https:\/\/infocul.pt\/arquivo\/wp-content\/uploads\/2019\/10\/ibis-Styles_Chaves-2.jpg","type":"image\/jpeg"}],"author":"Redac\u00e7\u00e3o","twitter_card":"summary_large_image","twitter_creator":"@Infoculpt","twitter_site":"@Infoculpt","twitter_misc":{"Escrito por":"Redac\u00e7\u00e3o","Tempo estimado de leitura":"3 minutos"},"schema":{"@context":"https:\/\/schema.org","@graph":[{"@type":"Article","@id":"https:\/\/infocul.pt\/arquivo\/actualidade\/nova-abertura-do-grupo-accor-hotel-ibis-styles-chaves\/#article","isPartOf":{"@id":"https:\/\/infocul.pt\/arquivo\/actualidade\/nova-abertura-do-grupo-accor-hotel-ibis-styles-chaves\/"},"author":{"name":"Redac\u00e7\u00e3o","@id":"https:\/\/infocul.pt\/arquivo\/#\/schema\/person\/f243f45ae8d67639120a7586884f3abc"},"headline":"Nova abertura do grupo Accor: Hotel ibis Styles Chaves!","datePublished":"2019-10-21T11:38:26+00:00","mainEntityOfPage":{"@id":"https:\/\/infocul.pt\/arquivo\/actualidade\/nova-abertura-do-grupo-accor-hotel-ibis-styles-chaves\/"},"wordCount":586,"commentCount":0,"publisher":{"@id":"https:\/\/infocul.pt\/arquivo\/#organization"},"image":{"@id":"https:\/\/infocul.pt\/arquivo\/actualidade\/nova-abertura-do-grupo-accor-hotel-ibis-styles-chaves\/#primaryimage"},"thumbnailUrl":"https:\/\/infocul.pt\/arquivo\/wp-content\/uploads\/2019\/10\/ibis-Styles_Chaves-2.jpg","keywords":["Accor","Chaves","Hotel ibis Styles Chaves","Ibis"],"articleSection":["Actualidade","Turismo"],"inLanguage":"pt-PT"},{"@type":"WebPage","@id":"https:\/\/infocul.pt\/arquivo\/actualidade\/nova-abertura-do-grupo-accor-hotel-ibis-styles-chaves\/","url":"https:\/\/infocul.pt\/arquivo\/actualidade\/nova-abertura-do-grupo-accor-hotel-ibis-styles-chaves\/","name":"Nova abertura do grupo Accor: Hotel ibis Styles Chaves! | Infocul.pt - Arquivo Digital","isPartOf":{"@id":"https:\/\/infocul.pt\/arquivo\/#website"},"primaryImageOfPage":{"@id":"https:\/\/infocul.pt\/arquivo\/actualidade\/nova-abertura-do-grupo-accor-hotel-ibis-styles-chaves\/#primaryimage"},"image":{"@id":"https:\/\/infocul.pt\/arquivo\/actualidade\/nova-abertura-do-grupo-accor-hotel-ibis-styles-chaves\/#primaryimage"},"thumbnailUrl":"https:\/\/infocul.pt\/arquivo\/wp-content\/uploads\/2019\/10\/ibis-Styles_Chaves-2.jpg","datePublished":"2019-10-21T11:38:26+00:00","description":"Nova abertura do grupo Accor: Hotel ibis Styles Chaves! | Infocul.pt - Arquivo Digital","breadcrumb":{"@id":"https:\/\/infocul.pt\/arquivo\/actualidade\/nova-abertura-do-grupo-accor-hotel-ibis-styles-chaves\/#breadcrumb"},"inLanguage":"pt-PT","potentialAction":[{"@type":"ReadAction","target":["https:\/\/infocul.pt\/arquivo\/actualidade\/nova-abertura-do-grupo-accor-hotel-ibis-styles-chaves\/"]}]},{"@type":"ImageObject","inLanguage":"pt-PT","@id":"https:\/\/infocul.pt\/arquivo\/actualidade\/nova-abertura-do-grupo-accor-hotel-ibis-styles-chaves\/#primaryimage","url":"https:\/\/infocul.pt\/arquivo\/wp-content\/uploads\/2019\/10\/ibis-Styles_Chaves-2.jpg","contentUrl":"https:\/\/infocul.pt\/arquivo\/wp-content\/uploads\/2019\/10\/ibis-Styles_Chaves-2.jpg","width":600,"height":400},{"@type":"BreadcrumbList","@id":"https:\/\/infocul.pt\/arquivo\/actualidade\/nova-abertura-do-grupo-accor-hotel-ibis-styles-chaves\/#breadcrumb","itemListElement":[{"@type":"ListItem","position":1,"name":"Home","item":"https:\/\/infocul.pt\/arquivo\/"},{"@type":"ListItem","position":2,"name":"Nova abertura do grupo Accor: Hotel ibis Styles Chaves!"}]},{"@type":"WebSite","@id":"https:\/\/infocul.pt\/arquivo\/#website","url":"https:\/\/infocul.pt\/arquivo\/","name":"Infocul.pt - Arquivo Digital","description":"Arquivo digital da Infocul.pt","publisher":{"@id":"https:\/\/infocul.pt\/arquivo\/#organization"},"potentialAction":[{"@type":"SearchAction","target":{"@type":"EntryPoint","urlTemplate":"https:\/\/infocul.pt\/arquivo\/?s={search_term_string}"},"query-input":{"@type":"PropertyValueSpecification","valueRequired":true,"valueName":"search_term_string"}}],"inLanguage":"pt-PT"},{"@type":"Organization","@id":"https:\/\/infocul.pt\/arquivo\/#organization","name":"Infocul.pt","url":"https:\/\/infocul.pt\/arquivo\/","logo":{"@type":"ImageObject","inLanguage":"pt-PT","@id":"https:\/\/infocul.pt\/arquivo\/#\/schema\/logo\/image\/","url":"https:\/\/infocul.pt\/arquivo\/wp-content\/uploads\/2018\/12\/Infocul_logo-1.png","contentUrl":"https:\/\/infocul.pt\/arquivo\/wp-content\/uploads\/2018\/12\/Infocul_logo-1.png","width":800,"height":800,"caption":"Infocul.pt"},"image":{"@id":"https:\/\/infocul.pt\/arquivo\/#\/schema\/logo\/image\/"},"sameAs":["https:\/\/www.facebook.com\/Infocul-147816815585015\/","https:\/\/x.com\/Infoculpt","http:\/\/www.pictaram.com\/user\/infocul.pt\/2370423710","https:\/\/www.youtube.com\/channel\/UCYEB91AGI9FL9ek2i_IaQAA"]},{"@type":"Person","@id":"https:\/\/infocul.pt\/arquivo\/#\/schema\/person\/f243f45ae8d67639120a7586884f3abc","name":"Redac\u00e7\u00e3o","image":{"@type":"ImageObject","inLanguage":"pt-PT","@id":"https:\/\/secure.gravatar.com\/avatar\/151b1b76c598ab5e749407223bd6c1bad4e41c4e95de3c3df83540ebee2deaf8?s=96&d=mm&r=g","url":"https:\/\/secure.gravatar.com\/avatar\/151b1b76c598ab5e749407223bd6c1bad4e41c4e95de3c3df83540ebee2deaf8?s=96&d=mm&r=g","contentUrl":"https:\/\/secure.gravatar.com\/avatar\/151b1b76c598ab5e749407223bd6c1bad4e41c4e95de3c3df83540ebee2deaf8?s=96&d=mm&r=g","caption":"Redac\u00e7\u00e3o"}}]}},"_links":{"self":[{"href":"https:\/\/infocul.pt\/arquivo\/wp-json\/wp\/v2\/posts\/61269","targetHints":{"allow":["GET"]}}],"collection":[{"href":"https:\/\/infocul.pt\/arquivo\/wp-json\/wp\/v2\/posts"}],"about":[{"href":"https:\/\/infocul.pt\/arquivo\/wp-json\/wp\/v2\/types\/post"}],"author":[{"embeddable":true,"href":"https:\/\/infocul.pt\/arquivo\/wp-json\/wp\/v2\/users\/13"}],"replies":[{"embeddable":true,"href":"https:\/\/infocul.pt\/arquivo\/wp-json\/wp\/v2\/comments?post=61269"}],"version-history":[{"count":0,"href":"https:\/\/infocul.pt\/arquivo\/wp-json\/wp\/v2\/posts\/61269\/revisions"}],"wp:featuredmedia":[{"embeddable":true,"href":"https:\/\/infocul.pt\/arquivo\/wp-json\/wp\/v2\/media\/61270"}],"wp:attachment":[{"href":"https:\/\/infocul.pt\/arquivo\/wp-json\/wp\/v2\/media?parent=61269"}],"wp:term":[{"taxonomy":"category","embeddable":true,"href":"https:\/\/infocul.pt\/arquivo\/wp-json\/wp\/v2\/categories?post=61269"},{"taxonomy":"post_tag","embeddable":true,"href":"https:\/\/infocul.pt\/arquivo\/wp-json\/wp\/v2\/tags?post=61269"}],"curies":[{"name":"wp","href":"https:\/\/api.w.org\/{rel}","templated":true}]}}