{"id":61274,"date":"2019-10-21T14:23:42","date_gmt":"2019-10-21T13:23:42","guid":{"rendered":"https:\/\/infocul.pt\/?p=61274"},"modified":"2019-10-21T14:23:42","modified_gmt":"2019-10-21T13:23:42","slug":"conhecida-a-constituicao-do-xxii-governo-constitucional","status":"publish","type":"post","link":"https:\/\/infocul.pt\/arquivo\/actualidade\/conhecida-a-constituicao-do-xxii-governo-constitucional\/","title":{"rendered":"Conhecida a constitui\u00e7\u00e3o do XXII Governo constitucional"},"content":{"rendered":"<p><img decoding=\"async\" class=\"aligncenter wp-image-61075 size-full lazyload\" data-src=\"https:\/\/infocul.pt\/arquivo\/wp-content\/uploads\/2019\/10\/antonio-costa.jpg\" alt=\"\" width=\"512\" height=\"512\" data-srcset=\"https:\/\/infocul.pt\/arquivo\/wp-content\/uploads\/2019\/10\/antonio-costa.jpg 512w, https:\/\/infocul.pt\/arquivo\/wp-content\/uploads\/2019\/10\/antonio-costa-150x150.jpg 150w, https:\/\/infocul.pt\/arquivo\/wp-content\/uploads\/2019\/10\/antonio-costa-300x300.jpg 300w\" data-sizes=\"(max-width: 512px) 100vw, 512px\" src=\"data:image\/svg+xml;base64,PHN2ZyB3aWR0aD0iMSIgaGVpZ2h0PSIxIiB4bWxucz0iaHR0cDovL3d3dy53My5vcmcvMjAwMC9zdmciPjwvc3ZnPg==\" style=\"--smush-placeholder-width: 512px; --smush-placeholder-aspect-ratio: 512\/512;\" \/><\/p>\n<p>&nbsp;<\/p>\n<p>&nbsp;<\/p>\n<p>J\u00e1 \u00e9 conhecida toda a composi\u00e7\u00e3o do XXII Governo constitucional, ap\u00f3s o Presidente da Rep\u00fablica, Marcelo Rebelo de Sousa, hoje ter recebido o Primeiro-Ministro Ant\u00f3nio Costa.<!--more--><\/p>\n<p>O XXII Governo Constitucional fica assim constitu\u00eddo como segue:<\/p>\n<p><strong>Primeiro-Ministro,<\/strong> Ant\u00f3nio Costa<\/p>\n<p><strong>Secret\u00e1rio de Estado dos Assuntos Parlamentares,<\/strong> Duarte Cordeiro<\/p>\n<p><strong>Secret\u00e1rio de Estado Adjunto do Primeiro Ministro,<\/strong> Tiago Antunes<\/p>\n<p><strong>Ministro de Estado, da Economia e da Transi\u00e7\u00e3o Digital,<\/strong> Pedro Siza Vieira<\/p>\n<p><strong>Secret\u00e1rio de Estado Adjunto e da Economia,<\/strong> Jo\u00e3o Neves<\/p>\n<p><strong>Secret\u00e1ria de Estado do Turismo,<\/strong> Rita Marques<\/p>\n<p><strong>Secret\u00e1rio de Estado do Com\u00e9rcio, Servi\u00e7os e Defesa do Consumidor,<\/strong> Jo\u00e3o Torres<\/p>\n<p><strong>Secret\u00e1rio de Estado para a Transi\u00e7\u00e3o Digital,<\/strong> Andr\u00e9 de Arag\u00e3o Azevedo<\/p>\n<p><strong>Ministro de Estado e dos Neg\u00f3cios Estrangeiros,<\/strong> Augusto Santos Silva<\/p>\n<p><strong>Secret\u00e1ria de Estado dos Assuntos Europeus,<\/strong> Ana Paula Zacarias<\/p>\n<p><strong>Secret\u00e1ria de Estado dos Neg\u00f3cios Estrangeiros e da Coopera\u00e7\u00e3o,<\/strong> Teresa Ribeiro<\/p>\n<p><strong>Secret\u00e1ria de Estado das Comunidades Portuguesas,<\/strong> Berta Ferreira Milheiro Nunes<\/p>\n<p><strong>Secret\u00e1rio de Estado da Internacionaliza\u00e7\u00e3o,<\/strong> Eurico Jorge Nogueira Leite Brilhante Dias<\/p>\n<p><strong>Ministra de Estado e da Presid\u00eancia,<\/strong> Mariana Vieira da Silva<\/p>\n<p><strong>Secret\u00e1rio de Estado da Presid\u00eancia do Conselho de Ministros,<\/strong> Andr\u00e9 Moz Caldas<\/p>\n<p><strong>Secret\u00e1ria de Estado para a Cidadania e a Igualdade,<\/strong> Rosa Monteiro<\/p>\n<p><strong>Secret\u00e1ria de Estado para a Integra\u00e7\u00e3o e as Migra\u00e7\u00f5es,<\/strong> Cl\u00e1udia Pereira<\/p>\n<p><strong>Ministro de Estado e das Finan\u00e7as,<\/strong> M\u00e1rio Centeno<\/p>\n<p><strong>Secret\u00e1rio de Estado Adjunto e das Finan\u00e7as,<\/strong> Ricardo Mourinho F\u00e9lix<\/p>\n<p><strong>Secret\u00e1rio de Estado do Or\u00e7amento,<\/strong> Jo\u00e3o Le\u00e3o<\/p>\n<p><strong>Secret\u00e1rio de Estado dos Assuntos Fiscais,<\/strong> Ant\u00f3nio Mendon\u00e7a Mendes<\/p>\n<p><strong>Secret\u00e1rio de Estado do Tesouro,<\/strong> \u00c1lvaro Novo<\/p>\n<p><strong>Ministro da Defesa Nacional,<\/strong> Jo\u00e3o Gomes Cravinho<\/p>\n<p><strong>Secret\u00e1rio de Estado Adjunto da Defesa Nacional,<\/strong> Jorge Seguro Sanches<\/p>\n<p><strong>Secret\u00e1ria de Estado de Recursos Humanos e Antigos Combatentes,<\/strong> Catarina Sarmento Castro<\/p>\n<p><strong>Ministro da Administra\u00e7\u00e3o Interna,<\/strong> Eduardo Cabrita<\/p>\n<p><strong>Secret\u00e1rio de Estado Adjunto e da Administra\u00e7\u00e3o Interna,<\/strong> Antero Lu\u00eds<\/p>\n<p><strong>Secret\u00e1ria de Estado da Administra\u00e7\u00e3o Interna,<\/strong> Patr\u00edcia Gaspar<\/p>\n<p><strong>Ministra da Justi\u00e7a,<\/strong> Francisca Van Dunem<\/p>\n<p><strong>Secret\u00e1rio de Estado Adjunto e da Justi\u00e7a,<\/strong> M\u00e1rio Belo Morgado<\/p>\n<p><strong>Secret\u00e1ria de Estado da Justi\u00e7a,<\/strong> Anabela Pedroso<\/p>\n<p><strong>Ministra da Moderniza\u00e7\u00e3o do Estado e da Administra\u00e7\u00e3o P\u00fablica,<\/strong> Alexandra Leit\u00e3o<\/p>\n<p><strong>Secret\u00e1ria de Estado da Inova\u00e7\u00e3o e da Moderniza\u00e7\u00e3o Administrativa,<\/strong> Maria de F\u00e1tima de Jesus Fonseca<\/p>\n<p><strong>Secret\u00e1rio de Estado da Administra\u00e7\u00e3o P\u00fablica,<\/strong> Jos\u00e9 Couto<\/p>\n<p><strong>Secret\u00e1rio de Estado da Descentraliza\u00e7\u00e3o e da Administra\u00e7\u00e3o Local,<\/strong> Jorge Botelho<\/p>\n<p><strong>Ministro do Planeamento,<\/strong> Nelson Souza<\/p>\n<p><strong>Secret\u00e1rio de Estado do Planeamento,<\/strong> Jos\u00e9 Gomes Mendes<\/p>\n<p><strong>Ministra da Cultura,<\/strong> Gra\u00e7a Fonseca<\/p>\n<p><strong>Secret\u00e1ria de Estado Adjunta e do Patrim\u00f3nio Cultural,<\/strong> \u00c2ngela Carvalho Ferreira<\/p>\n<p><strong>Secret\u00e1rio de Estado do Cinema, Audiovisual e Media,<\/strong> Nuno Artur Silva<\/p>\n<p><strong>Ministro da Ci\u00eancia, Tecnologia e Ensino Superior,<\/strong> Manuel Heitor<\/p>\n<p><strong>Secret\u00e1rio de Estado da Ci\u00eancia, Tecnologia e Ensino Superior,<\/strong> Jo\u00e3o Sobrinho Teixeira<\/p>\n<p><strong>Ministro da Educa\u00e7\u00e3o,<\/strong> Tiago Brand\u00e3o Rodrigues<\/p>\n<p><strong>Secret\u00e1rio de Estado Adjunto e da Educa\u00e7\u00e3o,<\/strong> Jo\u00e3o Costa<\/p>\n<p><strong>Secret\u00e1ria de Estado da Educa\u00e7\u00e3o,<\/strong> Susana Amador<\/p>\n<p><strong>Secret\u00e1rio de Estado da Juventude e Desporto,<\/strong> Jo\u00e3o Paulo Rebelo<\/p>\n<p><strong>Ministra do Trabalho, Solidariedade e Seguran\u00e7a Social,<\/strong> Ana Mendes Godinho<\/p>\n<p><strong>Secret\u00e1rio de Estado Adjunto, do Trabalho e da Forma\u00e7\u00e3o Profissional,<\/strong> Miguel Filipe Pardal Cabrita<\/p>\n<p><strong>Secret\u00e1rio de Estado da Seguran\u00e7a Social,<\/strong> Gabriel Gameiro Rodrigues Bastos<\/p>\n<p><strong>Secret\u00e1ria de Estado da Inclus\u00e3o das Pessoas com Defici\u00eancia,<\/strong> Ana Sofia Antunes<\/p>\n<p><strong>Secret\u00e1ria de Estado da A\u00e7\u00e3o Social,<\/strong> Rita da Cunha Mendes<\/p>\n<p><strong>Ministra da Sa\u00fade,<\/strong> Marta Temido<\/p>\n<p><strong>Secret\u00e1ria de Estado Adjunta da Sa\u00fade,<\/strong> Jamila Madeira<\/p>\n<p><strong>Secret\u00e1rio de Estado da Sa\u00fade,<\/strong> Ant\u00f3nio Lacerda Sales<\/p>\n<p><strong>Ministro do Ambiente e da A\u00e7\u00e3o Clim\u00e1tica,<\/strong> Jo\u00e3o Pedro Matos Fernandes<\/p>\n<p><strong>Secret\u00e1rio de Estado Adjunto e da Energia,<\/strong> Jo\u00e3o Saldanha de Azevedo Galamba<\/p>\n<p><strong>Secret\u00e1ria de Estado do Ambiente,<\/strong> In\u00eas dos Santos Costa<\/p>\n<p><strong>Secret\u00e1rio de Estado da Conserva\u00e7\u00e3o da Natureza, das Florestas e do Ordenamento do Territ\u00f3rio,<\/strong> Jo\u00e3o Paulo Mar\u00e7al Lopes Catarino<\/p>\n<p><strong>Secret\u00e1rio de Estado da Mobilidade,<\/strong> Eduardo Nuno Rodrigues e Pinheiro<\/p>\n<p><strong>Ministro das Infraestruturas e da Habita\u00e7\u00e3o,<\/strong> Pedro Nuno Santos<\/p>\n<p><strong>Secret\u00e1rio de Estado Adjunto e das Comunica\u00e7\u00f5es,<\/strong> Alberto Souto de Miranda<\/p>\n<p><strong>Secret\u00e1rio de Estado das Infraestruturas,<\/strong> Jorge Delgado<\/p>\n<p><strong>Secret\u00e1rio de Estado da Habita\u00e7\u00e3o,<\/strong> Ana Pinho<\/p>\n<p><strong>Ministra da Coes\u00e3o Territorial,<\/strong> Ana Abrunhosa<\/p>\n<p><strong>Secret\u00e1rio de Estado Adjunto e do Desenvolvimento Regional,<\/strong> Carlos Soares Miguel<\/p>\n<p><strong>Secret\u00e1ria de Estado da Valoriza\u00e7\u00e3o do Interior,<\/strong> Isabel Ferreira<\/p>\n<p><strong>Ministra da Agricultura,<\/strong> Maria do C\u00e9u Albuquerque<\/p>\n<p><strong>Secret\u00e1rio de Estado da Agricultura e do Desenvolvimento Rural,<\/strong> Nuno Tiago dos Santos Russo<\/p>\n<p><strong>Ministro do Mar,<\/strong> Ricardo Serr\u00e3o Santos<\/p>\n<p><strong>Secret\u00e1rio de Estado das Pescas,<\/strong> Jos\u00e9 Apolin\u00e1rio<\/p>\n<p>O Presidente da Rep\u00fablica deu o seu assentimento esta proposta. A nomea\u00e7\u00e3o e posse de todo o XXII Governo Constitucional est\u00e3o previstas para esta semana, em data a determinar, depois da publica\u00e7\u00e3o do mapa oficial das elei\u00e7\u00f5es e da primeira reuni\u00e3o da nova legislatura da Assembleia da Rep\u00fablica.<\/p>\n","protected":false},"excerpt":{"rendered":"<p>&nbsp; &nbsp; J\u00e1 \u00e9 conhecida toda a composi\u00e7\u00e3o do XXII Governo constitucional, ap\u00f3s o Presidente da Rep\u00fablica, Marcelo Rebelo de Sousa, hoje ter recebido o Primeiro-Ministro Ant\u00f3nio Costa.<\/p>\n","protected":false},"author":13,"featured_media":61075,"comment_status":"open","ping_status":"closed","sticky":false,"template":"","format":"standard","meta":{"footnotes":""},"categories":[10,11,16],"tags":[5025,6154,109],"class_list":["post-61274","post","type-post","status-publish","format-standard","has-post-thumbnail","hentry","category-actualidade","category-pais","category-politica","tag-antonio-costa","tag-governo","tag-marcelo-rebelo-de-sousa"],"yoast_head":"<!-- This site is optimized with the Yoast SEO plugin v27.5 - https:\/\/yoast.com\/product\/yoast-seo-wordpress\/ -->\n<title>Conhecida a constitui\u00e7\u00e3o do XXII Governo constitucional | Infocul.pt - Arquivo Digital<\/title>\n<meta name=\"description\" content=\"Conhecida a constitui\u00e7\u00e3o do XXII Governo constitucional | Infocul.pt - Arquivo Digital\" \/>\n<meta name=\"robots\" content=\"noindex, follow, max-snippet:-1, max-image-preview:large, max-video-preview:-1\" \/>\n<meta property=\"og:locale\" content=\"pt_PT\" \/>\n<meta property=\"og:type\" content=\"article\" \/>\n<meta property=\"og:title\" content=\"Conhecida a constitui\u00e7\u00e3o do XXII Governo constitucional | Infocul.pt - Arquivo Digital\" \/>\n<meta property=\"og:description\" content=\"Conhecida a constitui\u00e7\u00e3o do XXII Governo constitucional | Infocul.pt - Arquivo Digital\" \/>\n<meta property=\"og:url\" content=\"https:\/\/infocul.pt\/arquivo\/actualidade\/conhecida-a-constituicao-do-xxii-governo-constitucional\/\" \/>\n<meta property=\"og:site_name\" content=\"Infocul.pt - Arquivo Digital\" \/>\n<meta property=\"article:publisher\" content=\"https:\/\/www.facebook.com\/Infocul-147816815585015\/\" \/>\n<meta property=\"article:published_time\" content=\"2019-10-21T13:23:42+00:00\" \/>\n<meta property=\"og:image\" content=\"https:\/\/infocul.pt\/arquivo\/wp-content\/uploads\/2019\/10\/antonio-costa.jpg\" \/>\n\t<meta property=\"og:image:width\" content=\"512\" \/>\n\t<meta property=\"og:image:height\" content=\"512\" \/>\n\t<meta property=\"og:image:type\" content=\"image\/jpeg\" \/>\n<meta name=\"author\" content=\"Redac\u00e7\u00e3o\" \/>\n<meta name=\"twitter:card\" content=\"summary_large_image\" \/>\n<meta name=\"twitter:creator\" content=\"@Infoculpt\" \/>\n<meta name=\"twitter:site\" content=\"@Infoculpt\" \/>\n<meta name=\"twitter:label1\" content=\"Escrito por\" \/>\n\t<meta name=\"twitter:data1\" content=\"Redac\u00e7\u00e3o\" \/>\n\t<meta name=\"twitter:label2\" content=\"Tempo estimado de leitura\" \/>\n\t<meta name=\"twitter:data2\" content=\"4 minutos\" \/>\n<script type=\"application\/ld+json\" class=\"yoast-schema-graph\">{\"@context\":\"https:\\\/\\\/schema.org\",\"@graph\":[{\"@type\":\"Article\",\"@id\":\"https:\\\/\\\/infocul.pt\\\/arquivo\\\/actualidade\\\/conhecida-a-constituicao-do-xxii-governo-constitucional\\\/#article\",\"isPartOf\":{\"@id\":\"https:\\\/\\\/infocul.pt\\\/arquivo\\\/actualidade\\\/conhecida-a-constituicao-do-xxii-governo-constitucional\\\/\"},\"author\":{\"name\":\"Redac\u00e7\u00e3o\",\"@id\":\"https:\\\/\\\/infocul.pt\\\/arquivo\\\/#\\\/schema\\\/person\\\/f243f45ae8d67639120a7586884f3abc\"},\"headline\":\"Conhecida a constitui\u00e7\u00e3o do XXII Governo constitucional\",\"datePublished\":\"2019-10-21T13:23:42+00:00\",\"mainEntityOfPage\":{\"@id\":\"https:\\\/\\\/infocul.pt\\\/arquivo\\\/actualidade\\\/conhecida-a-constituicao-do-xxii-governo-constitucional\\\/\"},\"wordCount\":892,\"commentCount\":0,\"publisher\":{\"@id\":\"https:\\\/\\\/infocul.pt\\\/arquivo\\\/#organization\"},\"image\":{\"@id\":\"https:\\\/\\\/infocul.pt\\\/arquivo\\\/actualidade\\\/conhecida-a-constituicao-do-xxii-governo-constitucional\\\/#primaryimage\"},\"thumbnailUrl\":\"https:\\\/\\\/infocul.pt\\\/arquivo\\\/wp-content\\\/uploads\\\/2019\\\/10\\\/antonio-costa.jpg\",\"keywords\":[\"Ant\u00f3nio Costa\",\"Governo\",\"Marcelo Rebelo de Sousa\"],\"articleSection\":[\"Actualidade\",\"Pa\u00eds\",\"Politica\"],\"inLanguage\":\"pt-PT\"},{\"@type\":\"WebPage\",\"@id\":\"https:\\\/\\\/infocul.pt\\\/arquivo\\\/actualidade\\\/conhecida-a-constituicao-do-xxii-governo-constitucional\\\/\",\"url\":\"https:\\\/\\\/infocul.pt\\\/arquivo\\\/actualidade\\\/conhecida-a-constituicao-do-xxii-governo-constitucional\\\/\",\"name\":\"Conhecida a constitui\u00e7\u00e3o do XXII Governo constitucional | Infocul.pt - Arquivo Digital\",\"isPartOf\":{\"@id\":\"https:\\\/\\\/infocul.pt\\\/arquivo\\\/#website\"},\"primaryImageOfPage\":{\"@id\":\"https:\\\/\\\/infocul.pt\\\/arquivo\\\/actualidade\\\/conhecida-a-constituicao-do-xxii-governo-constitucional\\\/#primaryimage\"},\"image\":{\"@id\":\"https:\\\/\\\/infocul.pt\\\/arquivo\\\/actualidade\\\/conhecida-a-constituicao-do-xxii-governo-constitucional\\\/#primaryimage\"},\"thumbnailUrl\":\"https:\\\/\\\/infocul.pt\\\/arquivo\\\/wp-content\\\/uploads\\\/2019\\\/10\\\/antonio-costa.jpg\",\"datePublished\":\"2019-10-21T13:23:42+00:00\",\"description\":\"Conhecida a constitui\u00e7\u00e3o do XXII Governo constitucional | Infocul.pt - Arquivo Digital\",\"breadcrumb\":{\"@id\":\"https:\\\/\\\/infocul.pt\\\/arquivo\\\/actualidade\\\/conhecida-a-constituicao-do-xxii-governo-constitucional\\\/#breadcrumb\"},\"inLanguage\":\"pt-PT\",\"potentialAction\":[{\"@type\":\"ReadAction\",\"target\":[\"https:\\\/\\\/infocul.pt\\\/arquivo\\\/actualidade\\\/conhecida-a-constituicao-do-xxii-governo-constitucional\\\/\"]}]},{\"@type\":\"ImageObject\",\"inLanguage\":\"pt-PT\",\"@id\":\"https:\\\/\\\/infocul.pt\\\/arquivo\\\/actualidade\\\/conhecida-a-constituicao-do-xxii-governo-constitucional\\\/#primaryimage\",\"url\":\"https:\\\/\\\/infocul.pt\\\/arquivo\\\/wp-content\\\/uploads\\\/2019\\\/10\\\/antonio-costa.jpg\",\"contentUrl\":\"https:\\\/\\\/infocul.pt\\\/arquivo\\\/wp-content\\\/uploads\\\/2019\\\/10\\\/antonio-costa.jpg\",\"width\":512,\"height\":512},{\"@type\":\"BreadcrumbList\",\"@id\":\"https:\\\/\\\/infocul.pt\\\/arquivo\\\/actualidade\\\/conhecida-a-constituicao-do-xxii-governo-constitucional\\\/#breadcrumb\",\"itemListElement\":[{\"@type\":\"ListItem\",\"position\":1,\"name\":\"Home\",\"item\":\"https:\\\/\\\/infocul.pt\\\/arquivo\\\/\"},{\"@type\":\"ListItem\",\"position\":2,\"name\":\"Conhecida a constitui\u00e7\u00e3o do XXII Governo constitucional\"}]},{\"@type\":\"WebSite\",\"@id\":\"https:\\\/\\\/infocul.pt\\\/arquivo\\\/#website\",\"url\":\"https:\\\/\\\/infocul.pt\\\/arquivo\\\/\",\"name\":\"Infocul.pt - Arquivo Digital\",\"description\":\"Arquivo digital da Infocul.pt\",\"publisher\":{\"@id\":\"https:\\\/\\\/infocul.pt\\\/arquivo\\\/#organization\"},\"potentialAction\":[{\"@type\":\"SearchAction\",\"target\":{\"@type\":\"EntryPoint\",\"urlTemplate\":\"https:\\\/\\\/infocul.pt\\\/arquivo\\\/?s={search_term_string}\"},\"query-input\":{\"@type\":\"PropertyValueSpecification\",\"valueRequired\":true,\"valueName\":\"search_term_string\"}}],\"inLanguage\":\"pt-PT\"},{\"@type\":\"Organization\",\"@id\":\"https:\\\/\\\/infocul.pt\\\/arquivo\\\/#organization\",\"name\":\"Infocul.pt\",\"url\":\"https:\\\/\\\/infocul.pt\\\/arquivo\\\/\",\"logo\":{\"@type\":\"ImageObject\",\"inLanguage\":\"pt-PT\",\"@id\":\"https:\\\/\\\/infocul.pt\\\/arquivo\\\/#\\\/schema\\\/logo\\\/image\\\/\",\"url\":\"https:\\\/\\\/infocul.pt\\\/arquivo\\\/wp-content\\\/uploads\\\/2018\\\/12\\\/Infocul_logo-1.png\",\"contentUrl\":\"https:\\\/\\\/infocul.pt\\\/arquivo\\\/wp-content\\\/uploads\\\/2018\\\/12\\\/Infocul_logo-1.png\",\"width\":800,\"height\":800,\"caption\":\"Infocul.pt\"},\"image\":{\"@id\":\"https:\\\/\\\/infocul.pt\\\/arquivo\\\/#\\\/schema\\\/logo\\\/image\\\/\"},\"sameAs\":[\"https:\\\/\\\/www.facebook.com\\\/Infocul-147816815585015\\\/\",\"https:\\\/\\\/x.com\\\/Infoculpt\",\"http:\\\/\\\/www.pictaram.com\\\/user\\\/infocul.pt\\\/2370423710\",\"https:\\\/\\\/www.youtube.com\\\/channel\\\/UCYEB91AGI9FL9ek2i_IaQAA\"]},{\"@type\":\"Person\",\"@id\":\"https:\\\/\\\/infocul.pt\\\/arquivo\\\/#\\\/schema\\\/person\\\/f243f45ae8d67639120a7586884f3abc\",\"name\":\"Redac\u00e7\u00e3o\",\"image\":{\"@type\":\"ImageObject\",\"inLanguage\":\"pt-PT\",\"@id\":\"https:\\\/\\\/secure.gravatar.com\\\/avatar\\\/151b1b76c598ab5e749407223bd6c1bad4e41c4e95de3c3df83540ebee2deaf8?s=96&d=mm&r=g\",\"url\":\"https:\\\/\\\/secure.gravatar.com\\\/avatar\\\/151b1b76c598ab5e749407223bd6c1bad4e41c4e95de3c3df83540ebee2deaf8?s=96&d=mm&r=g\",\"contentUrl\":\"https:\\\/\\\/secure.gravatar.com\\\/avatar\\\/151b1b76c598ab5e749407223bd6c1bad4e41c4e95de3c3df83540ebee2deaf8?s=96&d=mm&r=g\",\"caption\":\"Redac\u00e7\u00e3o\"}}]}<\/script>\n<!-- \/ Yoast SEO plugin. -->","yoast_head_json":{"title":"Conhecida a constitui\u00e7\u00e3o do XXII Governo constitucional | Infocul.pt - Arquivo Digital","description":"Conhecida a constitui\u00e7\u00e3o do XXII Governo constitucional | Infocul.pt - Arquivo Digital","robots":{"index":"noindex","follow":"follow","max-snippet":"max-snippet:-1","max-image-preview":"max-image-preview:large","max-video-preview":"max-video-preview:-1"},"og_locale":"pt_PT","og_type":"article","og_title":"Conhecida a constitui\u00e7\u00e3o do XXII Governo constitucional | Infocul.pt - Arquivo Digital","og_description":"Conhecida a constitui\u00e7\u00e3o do XXII Governo constitucional | Infocul.pt - Arquivo Digital","og_url":"https:\/\/infocul.pt\/arquivo\/actualidade\/conhecida-a-constituicao-do-xxii-governo-constitucional\/","og_site_name":"Infocul.pt - Arquivo Digital","article_publisher":"https:\/\/www.facebook.com\/Infocul-147816815585015\/","article_published_time":"2019-10-21T13:23:42+00:00","og_image":[{"width":512,"height":512,"url":"https:\/\/infocul.pt\/arquivo\/wp-content\/uploads\/2019\/10\/antonio-costa.jpg","type":"image\/jpeg"}],"author":"Redac\u00e7\u00e3o","twitter_card":"summary_large_image","twitter_creator":"@Infoculpt","twitter_site":"@Infoculpt","twitter_misc":{"Escrito por":"Redac\u00e7\u00e3o","Tempo estimado de leitura":"4 minutos"},"schema":{"@context":"https:\/\/schema.org","@graph":[{"@type":"Article","@id":"https:\/\/infocul.pt\/arquivo\/actualidade\/conhecida-a-constituicao-do-xxii-governo-constitucional\/#article","isPartOf":{"@id":"https:\/\/infocul.pt\/arquivo\/actualidade\/conhecida-a-constituicao-do-xxii-governo-constitucional\/"},"author":{"name":"Redac\u00e7\u00e3o","@id":"https:\/\/infocul.pt\/arquivo\/#\/schema\/person\/f243f45ae8d67639120a7586884f3abc"},"headline":"Conhecida a constitui\u00e7\u00e3o do XXII Governo constitucional","datePublished":"2019-10-21T13:23:42+00:00","mainEntityOfPage":{"@id":"https:\/\/infocul.pt\/arquivo\/actualidade\/conhecida-a-constituicao-do-xxii-governo-constitucional\/"},"wordCount":892,"commentCount":0,"publisher":{"@id":"https:\/\/infocul.pt\/arquivo\/#organization"},"image":{"@id":"https:\/\/infocul.pt\/arquivo\/actualidade\/conhecida-a-constituicao-do-xxii-governo-constitucional\/#primaryimage"},"thumbnailUrl":"https:\/\/infocul.pt\/arquivo\/wp-content\/uploads\/2019\/10\/antonio-costa.jpg","keywords":["Ant\u00f3nio Costa","Governo","Marcelo Rebelo de Sousa"],"articleSection":["Actualidade","Pa\u00eds","Politica"],"inLanguage":"pt-PT"},{"@type":"WebPage","@id":"https:\/\/infocul.pt\/arquivo\/actualidade\/conhecida-a-constituicao-do-xxii-governo-constitucional\/","url":"https:\/\/infocul.pt\/arquivo\/actualidade\/conhecida-a-constituicao-do-xxii-governo-constitucional\/","name":"Conhecida a constitui\u00e7\u00e3o do XXII Governo constitucional | Infocul.pt - Arquivo Digital","isPartOf":{"@id":"https:\/\/infocul.pt\/arquivo\/#website"},"primaryImageOfPage":{"@id":"https:\/\/infocul.pt\/arquivo\/actualidade\/conhecida-a-constituicao-do-xxii-governo-constitucional\/#primaryimage"},"image":{"@id":"https:\/\/infocul.pt\/arquivo\/actualidade\/conhecida-a-constituicao-do-xxii-governo-constitucional\/#primaryimage"},"thumbnailUrl":"https:\/\/infocul.pt\/arquivo\/wp-content\/uploads\/2019\/10\/antonio-costa.jpg","datePublished":"2019-10-21T13:23:42+00:00","description":"Conhecida a constitui\u00e7\u00e3o do XXII Governo constitucional | Infocul.pt - Arquivo Digital","breadcrumb":{"@id":"https:\/\/infocul.pt\/arquivo\/actualidade\/conhecida-a-constituicao-do-xxii-governo-constitucional\/#breadcrumb"},"inLanguage":"pt-PT","potentialAction":[{"@type":"ReadAction","target":["https:\/\/infocul.pt\/arquivo\/actualidade\/conhecida-a-constituicao-do-xxii-governo-constitucional\/"]}]},{"@type":"ImageObject","inLanguage":"pt-PT","@id":"https:\/\/infocul.pt\/arquivo\/actualidade\/conhecida-a-constituicao-do-xxii-governo-constitucional\/#primaryimage","url":"https:\/\/infocul.pt\/arquivo\/wp-content\/uploads\/2019\/10\/antonio-costa.jpg","contentUrl":"https:\/\/infocul.pt\/arquivo\/wp-content\/uploads\/2019\/10\/antonio-costa.jpg","width":512,"height":512},{"@type":"BreadcrumbList","@id":"https:\/\/infocul.pt\/arquivo\/actualidade\/conhecida-a-constituicao-do-xxii-governo-constitucional\/#breadcrumb","itemListElement":[{"@type":"ListItem","position":1,"name":"Home","item":"https:\/\/infocul.pt\/arquivo\/"},{"@type":"ListItem","position":2,"name":"Conhecida a constitui\u00e7\u00e3o do XXII Governo constitucional"}]},{"@type":"WebSite","@id":"https:\/\/infocul.pt\/arquivo\/#website","url":"https:\/\/infocul.pt\/arquivo\/","name":"Infocul.pt - Arquivo Digital","description":"Arquivo digital da Infocul.pt","publisher":{"@id":"https:\/\/infocul.pt\/arquivo\/#organization"},"potentialAction":[{"@type":"SearchAction","target":{"@type":"EntryPoint","urlTemplate":"https:\/\/infocul.pt\/arquivo\/?s={search_term_string}"},"query-input":{"@type":"PropertyValueSpecification","valueRequired":true,"valueName":"search_term_string"}}],"inLanguage":"pt-PT"},{"@type":"Organization","@id":"https:\/\/infocul.pt\/arquivo\/#organization","name":"Infocul.pt","url":"https:\/\/infocul.pt\/arquivo\/","logo":{"@type":"ImageObject","inLanguage":"pt-PT","@id":"https:\/\/infocul.pt\/arquivo\/#\/schema\/logo\/image\/","url":"https:\/\/infocul.pt\/arquivo\/wp-content\/uploads\/2018\/12\/Infocul_logo-1.png","contentUrl":"https:\/\/infocul.pt\/arquivo\/wp-content\/uploads\/2018\/12\/Infocul_logo-1.png","width":800,"height":800,"caption":"Infocul.pt"},"image":{"@id":"https:\/\/infocul.pt\/arquivo\/#\/schema\/logo\/image\/"},"sameAs":["https:\/\/www.facebook.com\/Infocul-147816815585015\/","https:\/\/x.com\/Infoculpt","http:\/\/www.pictaram.com\/user\/infocul.pt\/2370423710","https:\/\/www.youtube.com\/channel\/UCYEB91AGI9FL9ek2i_IaQAA"]},{"@type":"Person","@id":"https:\/\/infocul.pt\/arquivo\/#\/schema\/person\/f243f45ae8d67639120a7586884f3abc","name":"Redac\u00e7\u00e3o","image":{"@type":"ImageObject","inLanguage":"pt-PT","@id":"https:\/\/secure.gravatar.com\/avatar\/151b1b76c598ab5e749407223bd6c1bad4e41c4e95de3c3df83540ebee2deaf8?s=96&d=mm&r=g","url":"https:\/\/secure.gravatar.com\/avatar\/151b1b76c598ab5e749407223bd6c1bad4e41c4e95de3c3df83540ebee2deaf8?s=96&d=mm&r=g","contentUrl":"https:\/\/secure.gravatar.com\/avatar\/151b1b76c598ab5e749407223bd6c1bad4e41c4e95de3c3df83540ebee2deaf8?s=96&d=mm&r=g","caption":"Redac\u00e7\u00e3o"}}]}},"_links":{"self":[{"href":"https:\/\/infocul.pt\/arquivo\/wp-json\/wp\/v2\/posts\/61274","targetHints":{"allow":["GET"]}}],"collection":[{"href":"https:\/\/infocul.pt\/arquivo\/wp-json\/wp\/v2\/posts"}],"about":[{"href":"https:\/\/infocul.pt\/arquivo\/wp-json\/wp\/v2\/types\/post"}],"author":[{"embeddable":true,"href":"https:\/\/infocul.pt\/arquivo\/wp-json\/wp\/v2\/users\/13"}],"replies":[{"embeddable":true,"href":"https:\/\/infocul.pt\/arquivo\/wp-json\/wp\/v2\/comments?post=61274"}],"version-history":[{"count":0,"href":"https:\/\/infocul.pt\/arquivo\/wp-json\/wp\/v2\/posts\/61274\/revisions"}],"wp:featuredmedia":[{"embeddable":true,"href":"https:\/\/infocul.pt\/arquivo\/wp-json\/wp\/v2\/media\/61075"}],"wp:attachment":[{"href":"https:\/\/infocul.pt\/arquivo\/wp-json\/wp\/v2\/media?parent=61274"}],"wp:term":[{"taxonomy":"category","embeddable":true,"href":"https:\/\/infocul.pt\/arquivo\/wp-json\/wp\/v2\/categories?post=61274"},{"taxonomy":"post_tag","embeddable":true,"href":"https:\/\/infocul.pt\/arquivo\/wp-json\/wp\/v2\/tags?post=61274"}],"curies":[{"name":"wp","href":"https:\/\/api.w.org\/{rel}","templated":true}]}}