{"id":61352,"date":"2019-10-24T00:00:49","date_gmt":"2019-10-23T23:00:49","guid":{"rendered":"https:\/\/infocul.pt\/?p=61352"},"modified":"2019-10-23T23:46:26","modified_gmt":"2019-10-23T22:46:26","slug":"criaram-o-movimento-sim-aos-toiros-e-defendem-que-a-tauromaquia-cria-bons-seres-humanos","status":"publish","type":"post","link":"https:\/\/infocul.pt\/arquivo\/cultura\/criaram-o-movimento-sim-aos-toiros-e-defendem-que-a-tauromaquia-cria-bons-seres-humanos\/","title":{"rendered":"Criaram o movimento Sim Aos Toiros e defendem que a tauromaquia &#8220;cria bons seres humanos&#8221;"},"content":{"rendered":"<p align=\"justify\"><img decoding=\"async\" class=\"aligncenter wp-image-61353 size-full lazyload\" data-src=\"https:\/\/infocul.pt\/arquivo\/wp-content\/uploads\/2019\/10\/image0-1.jpeg\" alt=\"\" width=\"638\" height=\"960\" data-srcset=\"https:\/\/infocul.pt\/arquivo\/wp-content\/uploads\/2019\/10\/image0-1.jpeg 638w, https:\/\/infocul.pt\/arquivo\/wp-content\/uploads\/2019\/10\/image0-1-199x300.jpeg 199w\" data-sizes=\"(max-width: 638px) 100vw, 638px\" src=\"data:image\/svg+xml;base64,PHN2ZyB3aWR0aD0iMSIgaGVpZ2h0PSIxIiB4bWxucz0iaHR0cDovL3d3dy53My5vcmcvMjAwMC9zdmciPjwvc3ZnPg==\" style=\"--smush-placeholder-width: 638px; --smush-placeholder-aspect-ratio: 638\/960;\" \/><\/p>\n<p align=\"justify\"><span style=\"font-family: Liberation Serif, serif;\"><span style=\"font-size: medium;\"><span style=\"color: #000000;\">D<\/span><span style=\"color: #000000;\">uarte Justino e Gon\u00e7alo Jesus. \u00c0 partida estes dois nomes nada dir\u00e3o ao p\u00fablico n\u00e3o aficionado, contudo em 2015 criaram o movimento Sim Aos Toiros.<\/span><\/span><\/span><!--more--><\/p>\n<p align=\"justify\"><span style=\"font-family: Liberation Serif, serif;\"><span style=\"font-size: medium;\"><span style=\"color: #000000;\">Em entrevista ao Infocul, Duarte e Gon\u00e7alo falaram sobre este movimento, que tem ganho destaque e mediatismo nas redes sociais, quais os objectivos, e o que a tauromaquia representa para eles. <\/span><\/span><\/span><\/p>\n<p align=\"justify\"><span style=\"font-family: Liberation Serif, serif;\"><span style=\"font-size: medium;\"><span style=\"color: #000000;\">C<\/span><span style=\"color: #000000;\">omo curiosidade revelar que no Instagram a #SimAosToiros foi usada em mais de 14600 publica\u00e7\u00f5es, <\/span><span style=\"color: #000000;\">a <a href=\"https:\/\/www.facebook.com\/SimAosToiros\/?ref=search&amp;__tn__=%2Cd%2CP-R&amp;eid=ARDHd55nYBLutQAIN957y8MW4CKh6tpSjqz6Q7GaNz1tbgte79P8fRoTcTWAHVYnl2rSCWBl6RjY_rVp\">p\u00e1gina de Facebook<\/a> conta com mais de 29 mil seguidores e no <a href=\"https:\/\/www.instagram.com\/simaostoirosoficial\/?hl=pt\">Instagram<\/a> com mais de 2400 seguidores.<\/span><\/span><\/span><\/p>\n<p align=\"justify\"><span style=\"font-family: Liberation Serif, serif;\"><span style=\"font-size: medium;\"><i><span style=\"color: #000000;\">O<\/span><span style=\"color: #000000;\"> que \u00e9 o Movimento \u2018Sim aos Toiros\u2019?<\/span><\/i><\/span><\/span><\/p>\n<p align=\"justify\"><span style=\"font-family: Liberation Serif, serif;\"><span style=\"font-size: medium;\"><i><b><span style=\"color: #000000;\">\u00c9 um Movimento jovem que tem como por base a defesa, promo\u00e7\u00e3o e manuten\u00e7\u00e3o da Tauromaquia em Portugal e nos pa\u00edses que tamb\u00e9m possuam ra\u00edzes taurinas. <\/span><\/b><\/i><\/span><\/span><\/p>\n<p align=\"justify\"><span style=\"font-family: Liberation Serif, serif;\"><span style=\"font-size: medium;\"><i><span style=\"color: #000000;\">Este movimento foi criado por dois jovens: Gon\u00e7alo Jesus e Duarte Justino. Questiono se este movimento se destina aos mais jovens ou ao p\u00fablico em geral?<\/span><\/i><\/span><\/span><\/p>\n<p align=\"justify\"><span style=\"font-family: Liberation Serif, serif;\"><span style=\"font-size: medium;\"><i><b><span style=\"color: #000000;\">Este movimento, apesar de ter sido criado por dois jovens taurinos, \u00e9 abrangente a todas as faixas et\u00e1rias da sociedade. Sendo que a nossa forma de agir pretende que a tauromaquia chegue a todas as gera\u00e7\u00f5es. <\/span><\/b><\/i><\/span><\/span><\/p>\n<p align=\"justify\"><span style=\"font-family: Liberation Serif, serif;\"><span style=\"font-size: medium;\"><i><span style=\"color: #000000;\">Em v\u00e1rios posts, nas redes sociais, pedem respeito a quem n\u00e3o gosta da tauromaquia. Pergunto se a tauromaquia n\u00e3o erra ao fechar-se sobre si pr\u00f3pria ao inv\u00e9s de dar a conhecer a realidade do campo e da festa a quem n\u00e3o a conhece?<\/span><\/i><\/span><\/span><\/p>\n<p align=\"justify\"><span style=\"font-family: Liberation Serif, serif;\"><span style=\"font-size: medium;\"><i><b><span style=\"color: #000000;\">Tendo em conta que as ra\u00edzes Taurom\u00e1quicas se vem j\u00e1 a prolongar ao longo da Hist\u00f3ria Portuguesa e n\u00e3o s\u00f3, atualmente j\u00e1 h\u00e1 diversas formas de conhecer o \u201cinterior\u201d da festa de toiros. Damos como exemplo programas que Toureiros, Grupos de Forcados e Ganaderos criam para cativar o p\u00fablico em geral a irem ao campo e conhecerem os bastidores da Tauromaquia e suas nuances. <\/span><\/b><\/i><\/span><\/span><\/p>\n<p align=\"justify\"><span style=\"font-family: Liberation Serif, serif;\"><span style=\"font-size: medium;\"><i><span style=\"color: #000000;\">Quantos anos tem este movimento e quais as iniciativas que j\u00e1 organizou?<\/span><\/i><\/span><\/span><\/p>\n<p align=\"justify\"><span style=\"font-family: Liberation Serif, serif;\"><span style=\"font-size: medium;\"><i><b><span style=\"color: #000000;\">O<\/span><span style=\"color: #000000;\"> Movimento nasce numa conversa entre ambos, tendo sido criado em Setembro de 2015, implementado a nossa faixa em diversas Corridas de Toiros. O Sim Aos Toiros organizou um conv\u00edvio no Volapi\u00e9, onde diversas gera\u00e7\u00f5es marcaram presen\u00e7a, convivendo e partilhando da cultura taurom\u00e1quica!<\/span><\/b><\/i><\/span><\/span><\/p>\n<p align=\"justify\"><span style=\"font-family: Liberation Serif, serif;\"><span style=\"font-size: medium;\"><i><span style=\"color: #000000;\">De que forma pretendem passar a vossa mensagem \u00e0s pessoas?<\/span><\/i><\/span><\/span><\/p>\n<p align=\"justify\"><i><span style=\"font-family: 'Liberation Serif', serif; font-size: medium; font-weight: bold; color: #000000;\">De uma forma <\/span><span style=\"font-family: 'Liberation Serif', serif; font-size: medium; font-weight: bold; color: #000000;\">simples<\/span><span style=\"font-family: 'Liberation Serif', serif; font-size: medium; color: #000000;\"><b>, concisa e <\/b><\/span><span style=\"color: #000000; font-family: Liberation Serif, serif; font-size: medium;\"><b>objectiva<\/b><\/span><span style=\"font-family: 'Liberation Serif', serif; font-size: medium; color: #000000;\"><b>. <\/b><\/span><\/i><\/p>\n<p align=\"justify\"><span style=\"font-family: Liberation Serif, serif;\"><span style=\"font-size: medium;\"><i><span style=\"color: #000000;\">Um dos ataques que \u00e9 feito \u00e0 tauromaquia \u00e9 o facto de as crian\u00e7as poderem ficar traumatizadas com a \u2018viol\u00eancia\u2019 da festa. Sendo voc\u00eas dois jovens, como reagem a isto?<\/span><\/i><\/span><\/span><\/p>\n<p align=\"justify\"><span style=\"font-family: Liberation Serif, serif;\"><span style=\"font-size: medium;\"><i><b><span style=\"color: #000000;\">Sendo n\u00f3s dois jovens, acreditamos que a festa pelo contr\u00e1rio do que dizem \u201ctraumatiza as crian\u00e7as \u201c , transmite cultura, valores e podemos mesmo dizer que cria bons seres humanos! A Tauromaquia \u00e9 um meio de bons valores e de boas pessoas. Veja-se quando s\u00e3o realizados os Festivais Taurinos de Solidariedade para com associa\u00e7\u00f5es de crian\u00e7as desfavorecidas. Assim se v\u00ea a categoria dos agentes da festa! Pessoas de bem! As crian\u00e7as s\u00e3o felizes, bem educadas e muitas vezes encontram o que faltava na sua vida. <\/span><\/b><\/i><\/span><\/span><\/p>\n<p align=\"justify\"><span style=\"font-family: Liberation Serif, serif;\"><span style=\"font-size: medium;\"><i><span style=\"color: #000000;\">O defeso est\u00e1 a chegar e pergunto se t\u00eam iniciativas previstas para esta altura?<\/span><\/i><\/span><\/span><\/p>\n<p align=\"justify\"><span style=\"font-family: Liberation Serif, serif;\"><span style=\"font-size: medium;\"><i><b><span style=\"color: #000000;\">J\u00e1 temos algumas ideias em perspectiva, mas \u00e9 necess\u00e1rio sentar e deliberar bem sobre os assuntos para que seja algo em grande. <\/span><\/b><\/i><\/span><\/span><\/p>\n<p align=\"justify\"><span style=\"font-family: Liberation Serif, serif;\"><span style=\"font-size: medium;\"><i><span style=\"color: #000000;\">Para que as pessoas percebam, a tauromaquia n\u00e3o \u00e9 apenas o que acontece numa pra\u00e7a de touros. Quando surgiu esta vossa paix\u00e3o?<\/span><\/i><\/span><\/span><\/p>\n<p align=\"justify\"><span style=\"font-family: Liberation Serif, serif;\"><span style=\"font-size: medium;\"><i><b><span style=\"color: #000000;\">A Tauromaquia n\u00e3o \u00e9 s\u00f3 na pra\u00e7a! Temos a Tauromaquia Popular. As largadas de Toiros, Garraiadas, Capeias Arraianas, o Forc\u00e3o! Tudo isto s\u00e3o formas da Tauromaquia, que n\u00e3o s\u00e3o tuteladas pela IGAC, mas que atraem milh\u00f5es de pessoas ! Depois claro temos os tentaderos no campo, as picarias, etc ! Tudo isto \u00e9 Tauromaquia nos seus diversos expoentes! <\/span><\/b><\/i><\/span><\/span><\/p>\n<p align=\"justify\"><span style=\"font-family: Liberation Serif, serif;\"><span style=\"font-size: medium;\"><i><b><span style=\"color: #000000;\">A nossa paix\u00e3o nasce de cedo! Desde sempre fomos aos toiros com os nossos av\u00f3s, pais e por isso mesmo come\u00e7<\/span><span style=\"color: #000000;\">\u00e1<\/span><span style=\"color: #000000;\">mos a fomentar dentro de n\u00f3s o tal bichinho! Ingress\u00e1mos mais tarde na Academia de Toureio do Campo Pequeno onde o Maestro Jos\u00e9 Lu\u00eds Gon\u00e7alves e o Mestre Am\u00e9rico Manadas conseguiram transmitir a paix\u00e3o deles para n\u00f3s ! Hoje em dia orgulhamo<\/span><span style=\"color: #000000;\">s<\/span><span style=\"color: #000000;\">-nos por ser Taurinos. Com muito para aprender claro! <\/span><\/b><\/i><\/span><\/span><\/p>\n<p align=\"justify\"><span style=\"font-family: Liberation Serif, serif;\"><span style=\"font-size: medium;\"><i><span style=\"color: #000000;\">Sentem que o ataque \u00e9 maioritariamente feito por pessoas da cidade?<\/span><\/i><\/span><\/span><\/p>\n<p align=\"justify\"><span style=\"font-family: Liberation Serif, serif;\"><span style=\"font-size: medium;\"><i><b><span style=\"color: #000000;\">O ataque tende a ser feito por pessoas do meio citadino que desconhecem o verdadeiro mundo rural e o que l\u00e1 se faz. <\/span><\/b><\/i><\/span><\/span><\/p>\n<p align=\"justify\"><span style=\"font-family: Liberation Serif, serif;\"><span style=\"font-size: medium;\"><i><span style=\"color: #000000;\">Mas essas pessoas supostamente defendem os animais e at\u00e9 a natureza, contudo n\u00e3o s\u00e3o conhecedores da vida no campo. N\u00e3o h\u00e1 aqui uma contradi\u00e7\u00e3o entre o que defendem e o conhecimento que t\u00eam?<\/span><\/i><\/span><\/span><\/p>\n<p align=\"justify\"><span style=\"font-family: Liberation Serif, serif;\"><span style=\"font-size: medium;\"><i><b><span style=\"color: #000000;\">As pessoas por norma que defendem a realidade mais pr\u00f3xima delas, desconhecem as outras realidades, por isso mesmo apesar de dizerem que defendem os animais e at\u00e9 a natureza, n\u00e3o conhecem o mundo do toiro, do cavalo e o da tauromaquia ! <\/span><\/b><\/i><\/span><\/span><\/p>\n<p align=\"justify\"><span style=\"font-family: Liberation Serif, serif;\"><span style=\"font-size: medium;\"><i><span style=\"color: #000000;\">Concordam, ou n\u00e3o, que h\u00e1 tamb\u00e9m muita coisa a melhorar na festa brava?<\/span><\/i><\/span><\/span><\/p>\n<p align=\"justify\"><span style=\"font-family: Liberation Serif, serif;\"><span style=\"font-size: medium;\"><i><b><span style=\"color: #000000;\">Com o tempo a Festa tem evolu\u00eddo para melhor \u00e9 certo, tanto para bem do Toiro, como para o p\u00fablico que v\u00ea o espet\u00e1culo. \u00c9 certo tamb\u00e9m que h\u00e1 pontos a limar como a uni\u00e3o que deve de ser mais e melhor entre as pessoas do mundo do toiro. <\/span><\/b><\/i><\/span><\/span><\/p>\n<p align=\"justify\"><span style=\"font-family: Liberation Serif, serif;\"><span style=\"font-size: medium;\"><i><span style=\"color: #000000;\">Na vossa opini\u00e3o o que devem os agentes da festa melhorar?<\/span><\/i><\/span><\/span><\/p>\n<p align=\"justify\"><span style=\"font-family: Liberation Serif, serif;\"><span style=\"font-size: medium;\"><i><b><span style=\"color: #000000;\">Achamos por melhor n\u00e3o nos pronunciar sobre este assunto! Sabemos que os Agentes da Festa tudo fazem para levar a cabo um bom espet\u00e1culo ! H\u00e1 coisas a limar mas isso melhor que n\u00f3s, eles saber\u00e3o! <\/span><\/b><\/i><\/span><\/span><\/p>\n<p align=\"justify\"><span style=\"font-family: Liberation Serif, serif;\"><span style=\"font-size: medium;\"><i><span style=\"color: #000000;\">N\u00e3o acham que a comunica\u00e7\u00e3o \u00e9 mal feita? Ou seja, falta alcan\u00e7ar o p\u00fablico que n\u00e3o vai \u00e0s corridas\u2026<\/span><\/i><\/span><\/span><\/p>\n<p align=\"justify\"><span style=\"font-family: Liberation Serif, serif;\"><span style=\"font-size: medium;\"><i><b><span style=\"color: #000000;\">Com o evoluir dos tempos, a Tauromaquia infelizmente \u00e9 um assunto que nos dias de hoje s\u00f3 se fala na comunica\u00e7\u00e3o social em geral, sobre acontecimentos menos bons, raramente promovendo ou defendendo! Os meios de comunica\u00e7\u00e3o taurinos fazem um trabalho imprescind\u00edvel ! Defendem, promovem e publicitam de uma maneira extraordin\u00e1ria! O que falta \u00e9 a sensibiliza\u00e7\u00e3o nas ruas para com o p\u00fablico em geral ! Faz falta outdo<\/span><span style=\"color: #000000;\">o<\/span><span style=\"color: #000000;\">rs nas cidades. Faz falta o som! Em diversas l\u00ednguas se falarmos de Lisboa! Hoje em dia n\u00e3o \u00e9 s\u00f3 colar cartazes nas paredes&#8230;<\/span><\/b><\/i><\/span><\/span><\/p>\n<p align=\"justify\"><span style=\"font-family: Liberation Serif, serif;\"><span style=\"font-size: medium;\"><i><span style=\"color: #000000;\">Est\u00e3o a pensar realizar tert\u00falias onde seja poss\u00edvel partilha de conhecimento entre os mais novos e os mais antigos?<\/span><\/i><\/span><\/span><\/p>\n<p align=\"justify\"><span style=\"font-family: Liberation Serif, serif;\"><span style=\"font-size: medium;\"><i><b><span style=\"color: #000000;\">\u00c9 uma ideia que j\u00e1 tinha sido ponderada, est\u00e1 ainda em cima da mesa ! \u00c9 um caso que temos cada vez mais pensado. Criar um local, isto \u00e9, uma tert\u00falia onde possamos conversar, debater e criar Aficion junto dos mais novos. Falta encontrarmos o local apropriado para tal. Depois ser\u00e1 juntar for\u00e7as e meios para a concretiza\u00e7\u00e3o. <\/span><\/b><\/i><\/span><\/span><\/p>\n<p align=\"justify\"><span style=\"font-family: Liberation Serif, serif;\"><span style=\"font-size: medium;\"><i><span style=\"color: #000000;\">Enquanto jovens, quais as vossas expectativas para esta legislatura, em que por exemplo o PAN aumentou a representatividade na assembleia?<\/span><\/i><\/span><\/span><\/p>\n<p align=\"justify\"><span style=\"font-family: Liberation Serif, serif;\"><span style=\"font-size: medium;\"><i><b><span style=\"color: #000000;\">Achamos seriamente que apesar desta situa\u00e7\u00e3o que n\u00e3o nos agrada \u00e9 certo; o bom senso ir\u00e1 sempre prevalecer ! N\u00e3o se pode mexer em pontos que est\u00e3o blindados pela pasta da cultura ! Deve de prevalecer a liberdade e a identidade de um pa\u00eds ! Sabemos que a Pr\u00f3Toiro est\u00e1 sempre em cima do acontecimento e por isso mesmo sabemos que a Festa de Toiros est\u00e1 em boas m\u00e3os.. tempos dif\u00edceis por a\u00ed vem, mas a uni\u00e3o entre todos ser\u00e1 mais forte ! <\/span><span style=\"color: #000000;\">De<\/span><span style=\"color: #000000;\"> S<\/span><span style=\"color: #000000;\">empre<\/span><span style=\"color: #000000;\"> E P<\/span><span style=\"color: #000000;\">ara<\/span><span style=\"color: #000000;\"> S<\/span><span style=\"color: #000000;\">empre<\/span><span style=\"color: #000000;\"> #SimAosToiros<\/span><\/b><\/i><\/span><\/span><\/p>\n<figure id=\"attachment_61354\" aria-describedby=\"caption-attachment-61354\" style=\"width: 800px\" class=\"wp-caption aligncenter\"><img decoding=\"async\" class=\"wp-image-61354 size-large lazyload\" data-src=\"https:\/\/infocul.pt\/arquivo\/wp-content\/uploads\/2019\/10\/image1-1024x692.jpeg\" alt=\"\" width=\"800\" height=\"541\" data-srcset=\"https:\/\/infocul.pt\/arquivo\/wp-content\/uploads\/2019\/10\/image1-1024x692.jpeg 1024w, https:\/\/infocul.pt\/arquivo\/wp-content\/uploads\/2019\/10\/image1-300x203.jpeg 300w, https:\/\/infocul.pt\/arquivo\/wp-content\/uploads\/2019\/10\/image1-768x519.jpeg 768w, https:\/\/infocul.pt\/arquivo\/wp-content\/uploads\/2019\/10\/image1.jpeg 1600w\" data-sizes=\"(max-width: 800px) 100vw, 800px\" src=\"data:image\/svg+xml;base64,PHN2ZyB3aWR0aD0iMSIgaGVpZ2h0PSIxIiB4bWxucz0iaHR0cDovL3d3dy53My5vcmcvMjAwMC9zdmciPjwvc3ZnPg==\" style=\"--smush-placeholder-width: 800px; --smush-placeholder-aspect-ratio: 800\/541;\" \/><figcaption id=\"caption-attachment-61354\" class=\"wp-caption-text\">Porta dos Sustos \/ M\u00f3nica Mendes<\/figcaption><\/figure>\n<p align=\"justify\">\n","protected":false},"excerpt":{"rendered":"<p>Duarte Justino e Gon\u00e7alo Jesus. \u00c0 partida estes dois nomes nada dir\u00e3o ao p\u00fablico n\u00e3o aficionado, contudo em 2015 criaram o movimento Sim Aos Toiros.<\/p>\n","protected":false},"author":2,"featured_media":61353,"comment_status":"open","ping_status":"closed","sticky":false,"template":"","format":"standard","meta":{"footnotes":""},"categories":[2,36,4124,7],"tags":[8047,5309,8049,8048],"class_list":["post-61352","post","type-post","status-publish","format-standard","has-post-thumbnail","hentry","category-cultura","category-destaque","category-entrevistas","category-tauromaquia","tag-simaostoiros","tag-duarte-justino","tag-goncalo-jesus","tag-sim-aos-toiros"],"yoast_head":"<!-- This site is optimized with the Yoast SEO plugin v27.5 - https:\/\/yoast.com\/product\/yoast-seo-wordpress\/ -->\n<title>Criaram o movimento Sim Aos Toiros e defendem que a tauromaquia &quot;cria bons seres humanos&quot; | Infocul.pt - Arquivo Digital<\/title>\n<meta name=\"description\" content=\"Criaram o movimento Sim Aos Toiros e defendem que a tauromaquia &quot;cria bons seres humanos&quot; | Infocul.pt - Arquivo Digital\" \/>\n<meta name=\"robots\" content=\"noindex, follow, max-snippet:-1, max-image-preview:large, max-video-preview:-1\" \/>\n<meta property=\"og:locale\" content=\"pt_PT\" \/>\n<meta property=\"og:type\" content=\"article\" \/>\n<meta property=\"og:title\" content=\"Criaram o movimento Sim Aos Toiros e defendem que a tauromaquia &quot;cria bons seres humanos&quot; | Infocul.pt - Arquivo Digital\" \/>\n<meta property=\"og:description\" content=\"Criaram o movimento Sim Aos Toiros e defendem que a tauromaquia &quot;cria bons seres humanos&quot; | Infocul.pt - Arquivo Digital\" \/>\n<meta property=\"og:url\" content=\"https:\/\/infocul.pt\/arquivo\/cultura\/criaram-o-movimento-sim-aos-toiros-e-defendem-que-a-tauromaquia-cria-bons-seres-humanos\/\" \/>\n<meta property=\"og:site_name\" content=\"Infocul.pt - Arquivo Digital\" \/>\n<meta property=\"article:publisher\" content=\"https:\/\/www.facebook.com\/Infocul-147816815585015\/\" \/>\n<meta property=\"article:published_time\" content=\"2019-10-23T23:00:49+00:00\" \/>\n<meta property=\"og:image\" content=\"https:\/\/infocul.pt\/arquivo\/wp-content\/uploads\/2019\/10\/image0-1.jpeg\" \/>\n\t<meta property=\"og:image:width\" content=\"638\" \/>\n\t<meta property=\"og:image:height\" content=\"960\" \/>\n\t<meta property=\"og:image:type\" content=\"image\/jpeg\" \/>\n<meta name=\"author\" content=\"Rui Lavrador\" \/>\n<meta name=\"twitter:card\" content=\"summary_large_image\" \/>\n<meta name=\"twitter:creator\" content=\"@Infoculpt\" \/>\n<meta name=\"twitter:site\" content=\"@Infoculpt\" \/>\n<meta name=\"twitter:label1\" content=\"Escrito por\" \/>\n\t<meta name=\"twitter:data1\" content=\"Rui Lavrador\" \/>\n\t<meta name=\"twitter:label2\" content=\"Tempo estimado de leitura\" \/>\n\t<meta name=\"twitter:data2\" content=\"6 minutos\" \/>\n<script type=\"application\/ld+json\" class=\"yoast-schema-graph\">{\"@context\":\"https:\\\/\\\/schema.org\",\"@graph\":[{\"@type\":\"Article\",\"@id\":\"https:\\\/\\\/infocul.pt\\\/arquivo\\\/cultura\\\/criaram-o-movimento-sim-aos-toiros-e-defendem-que-a-tauromaquia-cria-bons-seres-humanos\\\/#article\",\"isPartOf\":{\"@id\":\"https:\\\/\\\/infocul.pt\\\/arquivo\\\/cultura\\\/criaram-o-movimento-sim-aos-toiros-e-defendem-que-a-tauromaquia-cria-bons-seres-humanos\\\/\"},\"author\":{\"name\":\"Rui Lavrador\",\"@id\":\"https:\\\/\\\/infocul.pt\\\/arquivo\\\/#\\\/schema\\\/person\\\/060a108d7f2d85fc6aae505119ee5234\"},\"headline\":\"Criaram o movimento Sim Aos Toiros e defendem que a tauromaquia &#8220;cria bons seres humanos&#8221;\",\"datePublished\":\"2019-10-23T23:00:49+00:00\",\"mainEntityOfPage\":{\"@id\":\"https:\\\/\\\/infocul.pt\\\/arquivo\\\/cultura\\\/criaram-o-movimento-sim-aos-toiros-e-defendem-que-a-tauromaquia-cria-bons-seres-humanos\\\/\"},\"wordCount\":1286,\"commentCount\":0,\"publisher\":{\"@id\":\"https:\\\/\\\/infocul.pt\\\/arquivo\\\/#organization\"},\"image\":{\"@id\":\"https:\\\/\\\/infocul.pt\\\/arquivo\\\/cultura\\\/criaram-o-movimento-sim-aos-toiros-e-defendem-que-a-tauromaquia-cria-bons-seres-humanos\\\/#primaryimage\"},\"thumbnailUrl\":\"https:\\\/\\\/infocul.pt\\\/arquivo\\\/wp-content\\\/uploads\\\/2019\\\/10\\\/image0-1.jpeg\",\"keywords\":[\"#SimAosToiros\",\"Duarte Justino\",\"Gon\u00e7alo Jesus\",\"Sim Aos Toiros\"],\"articleSection\":[\"Cultura\",\"Destaque\",\"Entrevistas\",\"Tauromaquia\"],\"inLanguage\":\"pt-PT\"},{\"@type\":\"WebPage\",\"@id\":\"https:\\\/\\\/infocul.pt\\\/arquivo\\\/cultura\\\/criaram-o-movimento-sim-aos-toiros-e-defendem-que-a-tauromaquia-cria-bons-seres-humanos\\\/\",\"url\":\"https:\\\/\\\/infocul.pt\\\/arquivo\\\/cultura\\\/criaram-o-movimento-sim-aos-toiros-e-defendem-que-a-tauromaquia-cria-bons-seres-humanos\\\/\",\"name\":\"Criaram o movimento Sim Aos Toiros e defendem que a tauromaquia \\\"cria bons seres humanos\\\" | Infocul.pt - Arquivo Digital\",\"isPartOf\":{\"@id\":\"https:\\\/\\\/infocul.pt\\\/arquivo\\\/#website\"},\"primaryImageOfPage\":{\"@id\":\"https:\\\/\\\/infocul.pt\\\/arquivo\\\/cultura\\\/criaram-o-movimento-sim-aos-toiros-e-defendem-que-a-tauromaquia-cria-bons-seres-humanos\\\/#primaryimage\"},\"image\":{\"@id\":\"https:\\\/\\\/infocul.pt\\\/arquivo\\\/cultura\\\/criaram-o-movimento-sim-aos-toiros-e-defendem-que-a-tauromaquia-cria-bons-seres-humanos\\\/#primaryimage\"},\"thumbnailUrl\":\"https:\\\/\\\/infocul.pt\\\/arquivo\\\/wp-content\\\/uploads\\\/2019\\\/10\\\/image0-1.jpeg\",\"datePublished\":\"2019-10-23T23:00:49+00:00\",\"description\":\"Criaram o movimento Sim Aos Toiros e defendem que a tauromaquia \\\"cria bons seres humanos\\\" | Infocul.pt - Arquivo Digital\",\"breadcrumb\":{\"@id\":\"https:\\\/\\\/infocul.pt\\\/arquivo\\\/cultura\\\/criaram-o-movimento-sim-aos-toiros-e-defendem-que-a-tauromaquia-cria-bons-seres-humanos\\\/#breadcrumb\"},\"inLanguage\":\"pt-PT\",\"potentialAction\":[{\"@type\":\"ReadAction\",\"target\":[\"https:\\\/\\\/infocul.pt\\\/arquivo\\\/cultura\\\/criaram-o-movimento-sim-aos-toiros-e-defendem-que-a-tauromaquia-cria-bons-seres-humanos\\\/\"]}]},{\"@type\":\"ImageObject\",\"inLanguage\":\"pt-PT\",\"@id\":\"https:\\\/\\\/infocul.pt\\\/arquivo\\\/cultura\\\/criaram-o-movimento-sim-aos-toiros-e-defendem-que-a-tauromaquia-cria-bons-seres-humanos\\\/#primaryimage\",\"url\":\"https:\\\/\\\/infocul.pt\\\/arquivo\\\/wp-content\\\/uploads\\\/2019\\\/10\\\/image0-1.jpeg\",\"contentUrl\":\"https:\\\/\\\/infocul.pt\\\/arquivo\\\/wp-content\\\/uploads\\\/2019\\\/10\\\/image0-1.jpeg\",\"width\":638,\"height\":960},{\"@type\":\"BreadcrumbList\",\"@id\":\"https:\\\/\\\/infocul.pt\\\/arquivo\\\/cultura\\\/criaram-o-movimento-sim-aos-toiros-e-defendem-que-a-tauromaquia-cria-bons-seres-humanos\\\/#breadcrumb\",\"itemListElement\":[{\"@type\":\"ListItem\",\"position\":1,\"name\":\"Home\",\"item\":\"https:\\\/\\\/infocul.pt\\\/arquivo\\\/\"},{\"@type\":\"ListItem\",\"position\":2,\"name\":\"Criaram o movimento Sim Aos Toiros e defendem que a tauromaquia &#8220;cria bons seres humanos&#8221;\"}]},{\"@type\":\"WebSite\",\"@id\":\"https:\\\/\\\/infocul.pt\\\/arquivo\\\/#website\",\"url\":\"https:\\\/\\\/infocul.pt\\\/arquivo\\\/\",\"name\":\"Infocul.pt - Arquivo Digital\",\"description\":\"Arquivo digital da Infocul.pt\",\"publisher\":{\"@id\":\"https:\\\/\\\/infocul.pt\\\/arquivo\\\/#organization\"},\"potentialAction\":[{\"@type\":\"SearchAction\",\"target\":{\"@type\":\"EntryPoint\",\"urlTemplate\":\"https:\\\/\\\/infocul.pt\\\/arquivo\\\/?s={search_term_string}\"},\"query-input\":{\"@type\":\"PropertyValueSpecification\",\"valueRequired\":true,\"valueName\":\"search_term_string\"}}],\"inLanguage\":\"pt-PT\"},{\"@type\":\"Organization\",\"@id\":\"https:\\\/\\\/infocul.pt\\\/arquivo\\\/#organization\",\"name\":\"Infocul.pt\",\"url\":\"https:\\\/\\\/infocul.pt\\\/arquivo\\\/\",\"logo\":{\"@type\":\"ImageObject\",\"inLanguage\":\"pt-PT\",\"@id\":\"https:\\\/\\\/infocul.pt\\\/arquivo\\\/#\\\/schema\\\/logo\\\/image\\\/\",\"url\":\"https:\\\/\\\/infocul.pt\\\/arquivo\\\/wp-content\\\/uploads\\\/2018\\\/12\\\/Infocul_logo-1.png\",\"contentUrl\":\"https:\\\/\\\/infocul.pt\\\/arquivo\\\/wp-content\\\/uploads\\\/2018\\\/12\\\/Infocul_logo-1.png\",\"width\":800,\"height\":800,\"caption\":\"Infocul.pt\"},\"image\":{\"@id\":\"https:\\\/\\\/infocul.pt\\\/arquivo\\\/#\\\/schema\\\/logo\\\/image\\\/\"},\"sameAs\":[\"https:\\\/\\\/www.facebook.com\\\/Infocul-147816815585015\\\/\",\"https:\\\/\\\/x.com\\\/Infoculpt\",\"http:\\\/\\\/www.pictaram.com\\\/user\\\/infocul.pt\\\/2370423710\",\"https:\\\/\\\/www.youtube.com\\\/channel\\\/UCYEB91AGI9FL9ek2i_IaQAA\"]},{\"@type\":\"Person\",\"@id\":\"https:\\\/\\\/infocul.pt\\\/arquivo\\\/#\\\/schema\\\/person\\\/060a108d7f2d85fc6aae505119ee5234\",\"name\":\"Rui Lavrador\",\"image\":{\"@type\":\"ImageObject\",\"inLanguage\":\"pt-PT\",\"@id\":\"https:\\\/\\\/secure.gravatar.com\\\/avatar\\\/93febd6873394aa8e975148548a0cb203acfdd42d2c85c5f1408e1a76678aece?s=96&d=mm&r=g\",\"url\":\"https:\\\/\\\/secure.gravatar.com\\\/avatar\\\/93febd6873394aa8e975148548a0cb203acfdd42d2c85c5f1408e1a76678aece?s=96&d=mm&r=g\",\"contentUrl\":\"https:\\\/\\\/secure.gravatar.com\\\/avatar\\\/93febd6873394aa8e975148548a0cb203acfdd42d2c85c5f1408e1a76678aece?s=96&d=mm&r=g\",\"caption\":\"Rui Lavrador\"},\"description\":\"Iniciou em 2011 o seu percurso em comunica\u00e7\u00e3o social, tendo integrado v\u00e1rios projectos editoriais. Durante o seu percurso integrou projectos como Jornal Hardm\u00fasica, LusoNot\u00edcias, Toureio.pt, ODigital.pt, entre outros \u00d3rg\u00e3os de Comunica\u00e7\u00e3o Social nacionais, na redac\u00e7\u00e3o de v\u00e1rios artigos. Entrevistou a grande maioria das personalidades mais importantes da vida social e cultural do pa\u00eds, destacando-se, tamb\u00e9m, na aprecia\u00e7\u00e3o de v\u00e1rios espect\u00e1culos. Durante o seu percurso, deu a conhecer v\u00e1rios artistas, at\u00e9 ent\u00e3o desconhecidos, ao grande p\u00fablico. Em 2015 criou e fundou o Infocul.pt, projecto no qual assume a direc\u00e7\u00e3o editorial.\",\"sameAs\":[\"http:\\\/\\\/www.infocul.pt\"]}]}<\/script>\n<!-- \/ Yoast SEO plugin. -->","yoast_head_json":{"title":"Criaram o movimento Sim Aos Toiros e defendem que a tauromaquia \"cria bons seres humanos\" | Infocul.pt - Arquivo Digital","description":"Criaram o movimento Sim Aos Toiros e defendem que a tauromaquia \"cria bons seres humanos\" | Infocul.pt - Arquivo Digital","robots":{"index":"noindex","follow":"follow","max-snippet":"max-snippet:-1","max-image-preview":"max-image-preview:large","max-video-preview":"max-video-preview:-1"},"og_locale":"pt_PT","og_type":"article","og_title":"Criaram o movimento Sim Aos Toiros e defendem que a tauromaquia \"cria bons seres humanos\" | Infocul.pt - Arquivo Digital","og_description":"Criaram o movimento Sim Aos Toiros e defendem que a tauromaquia \"cria bons seres humanos\" | Infocul.pt - Arquivo Digital","og_url":"https:\/\/infocul.pt\/arquivo\/cultura\/criaram-o-movimento-sim-aos-toiros-e-defendem-que-a-tauromaquia-cria-bons-seres-humanos\/","og_site_name":"Infocul.pt - Arquivo Digital","article_publisher":"https:\/\/www.facebook.com\/Infocul-147816815585015\/","article_published_time":"2019-10-23T23:00:49+00:00","og_image":[{"width":638,"height":960,"url":"https:\/\/infocul.pt\/arquivo\/wp-content\/uploads\/2019\/10\/image0-1.jpeg","type":"image\/jpeg"}],"author":"Rui Lavrador","twitter_card":"summary_large_image","twitter_creator":"@Infoculpt","twitter_site":"@Infoculpt","twitter_misc":{"Escrito por":"Rui Lavrador","Tempo estimado de leitura":"6 minutos"},"schema":{"@context":"https:\/\/schema.org","@graph":[{"@type":"Article","@id":"https:\/\/infocul.pt\/arquivo\/cultura\/criaram-o-movimento-sim-aos-toiros-e-defendem-que-a-tauromaquia-cria-bons-seres-humanos\/#article","isPartOf":{"@id":"https:\/\/infocul.pt\/arquivo\/cultura\/criaram-o-movimento-sim-aos-toiros-e-defendem-que-a-tauromaquia-cria-bons-seres-humanos\/"},"author":{"name":"Rui Lavrador","@id":"https:\/\/infocul.pt\/arquivo\/#\/schema\/person\/060a108d7f2d85fc6aae505119ee5234"},"headline":"Criaram o movimento Sim Aos Toiros e defendem que a tauromaquia &#8220;cria bons seres humanos&#8221;","datePublished":"2019-10-23T23:00:49+00:00","mainEntityOfPage":{"@id":"https:\/\/infocul.pt\/arquivo\/cultura\/criaram-o-movimento-sim-aos-toiros-e-defendem-que-a-tauromaquia-cria-bons-seres-humanos\/"},"wordCount":1286,"commentCount":0,"publisher":{"@id":"https:\/\/infocul.pt\/arquivo\/#organization"},"image":{"@id":"https:\/\/infocul.pt\/arquivo\/cultura\/criaram-o-movimento-sim-aos-toiros-e-defendem-que-a-tauromaquia-cria-bons-seres-humanos\/#primaryimage"},"thumbnailUrl":"https:\/\/infocul.pt\/arquivo\/wp-content\/uploads\/2019\/10\/image0-1.jpeg","keywords":["#SimAosToiros","Duarte Justino","Gon\u00e7alo Jesus","Sim Aos Toiros"],"articleSection":["Cultura","Destaque","Entrevistas","Tauromaquia"],"inLanguage":"pt-PT"},{"@type":"WebPage","@id":"https:\/\/infocul.pt\/arquivo\/cultura\/criaram-o-movimento-sim-aos-toiros-e-defendem-que-a-tauromaquia-cria-bons-seres-humanos\/","url":"https:\/\/infocul.pt\/arquivo\/cultura\/criaram-o-movimento-sim-aos-toiros-e-defendem-que-a-tauromaquia-cria-bons-seres-humanos\/","name":"Criaram o movimento Sim Aos Toiros e defendem que a tauromaquia \"cria bons seres humanos\" | Infocul.pt - Arquivo Digital","isPartOf":{"@id":"https:\/\/infocul.pt\/arquivo\/#website"},"primaryImageOfPage":{"@id":"https:\/\/infocul.pt\/arquivo\/cultura\/criaram-o-movimento-sim-aos-toiros-e-defendem-que-a-tauromaquia-cria-bons-seres-humanos\/#primaryimage"},"image":{"@id":"https:\/\/infocul.pt\/arquivo\/cultura\/criaram-o-movimento-sim-aos-toiros-e-defendem-que-a-tauromaquia-cria-bons-seres-humanos\/#primaryimage"},"thumbnailUrl":"https:\/\/infocul.pt\/arquivo\/wp-content\/uploads\/2019\/10\/image0-1.jpeg","datePublished":"2019-10-23T23:00:49+00:00","description":"Criaram o movimento Sim Aos Toiros e defendem que a tauromaquia \"cria bons seres humanos\" | Infocul.pt - Arquivo Digital","breadcrumb":{"@id":"https:\/\/infocul.pt\/arquivo\/cultura\/criaram-o-movimento-sim-aos-toiros-e-defendem-que-a-tauromaquia-cria-bons-seres-humanos\/#breadcrumb"},"inLanguage":"pt-PT","potentialAction":[{"@type":"ReadAction","target":["https:\/\/infocul.pt\/arquivo\/cultura\/criaram-o-movimento-sim-aos-toiros-e-defendem-que-a-tauromaquia-cria-bons-seres-humanos\/"]}]},{"@type":"ImageObject","inLanguage":"pt-PT","@id":"https:\/\/infocul.pt\/arquivo\/cultura\/criaram-o-movimento-sim-aos-toiros-e-defendem-que-a-tauromaquia-cria-bons-seres-humanos\/#primaryimage","url":"https:\/\/infocul.pt\/arquivo\/wp-content\/uploads\/2019\/10\/image0-1.jpeg","contentUrl":"https:\/\/infocul.pt\/arquivo\/wp-content\/uploads\/2019\/10\/image0-1.jpeg","width":638,"height":960},{"@type":"BreadcrumbList","@id":"https:\/\/infocul.pt\/arquivo\/cultura\/criaram-o-movimento-sim-aos-toiros-e-defendem-que-a-tauromaquia-cria-bons-seres-humanos\/#breadcrumb","itemListElement":[{"@type":"ListItem","position":1,"name":"Home","item":"https:\/\/infocul.pt\/arquivo\/"},{"@type":"ListItem","position":2,"name":"Criaram o movimento Sim Aos Toiros e defendem que a tauromaquia &#8220;cria bons seres humanos&#8221;"}]},{"@type":"WebSite","@id":"https:\/\/infocul.pt\/arquivo\/#website","url":"https:\/\/infocul.pt\/arquivo\/","name":"Infocul.pt - Arquivo Digital","description":"Arquivo digital da Infocul.pt","publisher":{"@id":"https:\/\/infocul.pt\/arquivo\/#organization"},"potentialAction":[{"@type":"SearchAction","target":{"@type":"EntryPoint","urlTemplate":"https:\/\/infocul.pt\/arquivo\/?s={search_term_string}"},"query-input":{"@type":"PropertyValueSpecification","valueRequired":true,"valueName":"search_term_string"}}],"inLanguage":"pt-PT"},{"@type":"Organization","@id":"https:\/\/infocul.pt\/arquivo\/#organization","name":"Infocul.pt","url":"https:\/\/infocul.pt\/arquivo\/","logo":{"@type":"ImageObject","inLanguage":"pt-PT","@id":"https:\/\/infocul.pt\/arquivo\/#\/schema\/logo\/image\/","url":"https:\/\/infocul.pt\/arquivo\/wp-content\/uploads\/2018\/12\/Infocul_logo-1.png","contentUrl":"https:\/\/infocul.pt\/arquivo\/wp-content\/uploads\/2018\/12\/Infocul_logo-1.png","width":800,"height":800,"caption":"Infocul.pt"},"image":{"@id":"https:\/\/infocul.pt\/arquivo\/#\/schema\/logo\/image\/"},"sameAs":["https:\/\/www.facebook.com\/Infocul-147816815585015\/","https:\/\/x.com\/Infoculpt","http:\/\/www.pictaram.com\/user\/infocul.pt\/2370423710","https:\/\/www.youtube.com\/channel\/UCYEB91AGI9FL9ek2i_IaQAA"]},{"@type":"Person","@id":"https:\/\/infocul.pt\/arquivo\/#\/schema\/person\/060a108d7f2d85fc6aae505119ee5234","name":"Rui Lavrador","image":{"@type":"ImageObject","inLanguage":"pt-PT","@id":"https:\/\/secure.gravatar.com\/avatar\/93febd6873394aa8e975148548a0cb203acfdd42d2c85c5f1408e1a76678aece?s=96&d=mm&r=g","url":"https:\/\/secure.gravatar.com\/avatar\/93febd6873394aa8e975148548a0cb203acfdd42d2c85c5f1408e1a76678aece?s=96&d=mm&r=g","contentUrl":"https:\/\/secure.gravatar.com\/avatar\/93febd6873394aa8e975148548a0cb203acfdd42d2c85c5f1408e1a76678aece?s=96&d=mm&r=g","caption":"Rui Lavrador"},"description":"Iniciou em 2011 o seu percurso em comunica\u00e7\u00e3o social, tendo integrado v\u00e1rios projectos editoriais. Durante o seu percurso integrou projectos como Jornal Hardm\u00fasica, LusoNot\u00edcias, Toureio.pt, ODigital.pt, entre outros \u00d3rg\u00e3os de Comunica\u00e7\u00e3o Social nacionais, na redac\u00e7\u00e3o de v\u00e1rios artigos. Entrevistou a grande maioria das personalidades mais importantes da vida social e cultural do pa\u00eds, destacando-se, tamb\u00e9m, na aprecia\u00e7\u00e3o de v\u00e1rios espect\u00e1culos. Durante o seu percurso, deu a conhecer v\u00e1rios artistas, at\u00e9 ent\u00e3o desconhecidos, ao grande p\u00fablico. Em 2015 criou e fundou o Infocul.pt, projecto no qual assume a direc\u00e7\u00e3o editorial.","sameAs":["http:\/\/www.infocul.pt"]}]}},"_links":{"self":[{"href":"https:\/\/infocul.pt\/arquivo\/wp-json\/wp\/v2\/posts\/61352","targetHints":{"allow":["GET"]}}],"collection":[{"href":"https:\/\/infocul.pt\/arquivo\/wp-json\/wp\/v2\/posts"}],"about":[{"href":"https:\/\/infocul.pt\/arquivo\/wp-json\/wp\/v2\/types\/post"}],"author":[{"embeddable":true,"href":"https:\/\/infocul.pt\/arquivo\/wp-json\/wp\/v2\/users\/2"}],"replies":[{"embeddable":true,"href":"https:\/\/infocul.pt\/arquivo\/wp-json\/wp\/v2\/comments?post=61352"}],"version-history":[{"count":0,"href":"https:\/\/infocul.pt\/arquivo\/wp-json\/wp\/v2\/posts\/61352\/revisions"}],"wp:featuredmedia":[{"embeddable":true,"href":"https:\/\/infocul.pt\/arquivo\/wp-json\/wp\/v2\/media\/61353"}],"wp:attachment":[{"href":"https:\/\/infocul.pt\/arquivo\/wp-json\/wp\/v2\/media?parent=61352"}],"wp:term":[{"taxonomy":"category","embeddable":true,"href":"https:\/\/infocul.pt\/arquivo\/wp-json\/wp\/v2\/categories?post=61352"},{"taxonomy":"post_tag","embeddable":true,"href":"https:\/\/infocul.pt\/arquivo\/wp-json\/wp\/v2\/tags?post=61352"}],"curies":[{"name":"wp","href":"https:\/\/api.w.org\/{rel}","templated":true}]}}