{"id":61372,"date":"2019-10-24T12:28:33","date_gmt":"2019-10-24T11:28:33","guid":{"rendered":"https:\/\/infocul.pt\/?p=61372"},"modified":"2019-10-24T12:28:33","modified_gmt":"2019-10-24T11:28:33","slug":"carnide-psp-deteve-homem-por-trafico-de-armas","status":"publish","type":"post","link":"https:\/\/infocul.pt\/arquivo\/actualidade\/carnide-psp-deteve-homem-por-trafico-de-armas\/","title":{"rendered":"Carnide: PSP deteve homem por tr\u00e1fico de armas"},"content":{"rendered":"<p><img decoding=\"async\" class=\"aligncenter wp-image-61373 size-full lazyload\" data-src=\"https:\/\/infocul.pt\/arquivo\/wp-content\/uploads\/2019\/10\/Anexo-ao-C.-I.-n\u00ba-614.PSP_.LX_.19.png\" alt=\"\" width=\"661\" height=\"862\" data-srcset=\"https:\/\/infocul.pt\/arquivo\/wp-content\/uploads\/2019\/10\/Anexo-ao-C.-I.-n\u00ba-614.PSP_.LX_.19.png 661w, https:\/\/infocul.pt\/arquivo\/wp-content\/uploads\/2019\/10\/Anexo-ao-C.-I.-n\u00ba-614.PSP_.LX_.19-230x300.png 230w\" data-sizes=\"(max-width: 661px) 100vw, 661px\" src=\"data:image\/svg+xml;base64,PHN2ZyB3aWR0aD0iMSIgaGVpZ2h0PSIxIiB4bWxucz0iaHR0cDovL3d3dy53My5vcmcvMjAwMC9zdmciPjwvc3ZnPg==\" style=\"--smush-placeholder-width: 661px; --smush-placeholder-aspect-ratio: 661\/862;\" \/><\/p>\n<p>&nbsp;<\/p>\n<p>&nbsp;<\/p>\n<p>O Comando Metropolitano de Lisboa da PSP, atrav\u00e9s da Divis\u00e3o de Investiga\u00e7\u00e3o Criminal, no dia 23 de Outubro, pelas 18:30, na freguesia de Carnide, em Lisboa, procedeu \u00e0 deten\u00e7\u00e3o em flagrante delito de um homem, com 26 anos de idade, por ser suspeito da pr\u00e1tica do crime de tr\u00e1fico de armas.<!--more--><\/p>\n<p>O suspeito colocava an\u00fancios de venda de armas na internet, combinando encontros com potenciais compradores. Na sequ\u00eancia do acompanhamento das suas rotinas foi poss\u00edvel \u00e0 PSP assegurar a sua deten\u00e7\u00e3o quando este se preparava suspeitamente para proceder \u00e0 consuma\u00e7\u00e3o de mais um neg\u00f3cio, no caso em concreto, de uma s\u00e9rie de armas brancas proibidas \u00e0 luz da Lei das Armas.<\/p>\n<p>Na sequ\u00eancia da deten\u00e7\u00e3o foram ainda desenvolvidos actos complementares de recolha de prova, tendo sido poss\u00edvel refor\u00e7ar a indicia\u00e7\u00e3o do suspeito a esta actividade mediante apreens\u00e3o do seguinte:<\/p>\n<p><strong>\u00b7 15 Armas brancas;<\/strong><\/p>\n<p><strong>\u00b7 3 Facas estilo Karambit;<\/strong><\/p>\n<p><strong>\u00b7 3 Armas brancas dissimuladas em cart\u00e3o &#8211; sharpcard.<\/strong><\/p>\n<p>O detido, ainda prim\u00e1rio na pr\u00e1tica de crimes desta natureza, foi presente no Tribunal Judicial da Comarca de Lisboa \u2013 Ju\u00edzo de Instru\u00e7\u00e3o de Lisboa, para 1.\u00ba interrogat\u00f3rio judicial, tendo-lhe sido aplicada a medida de coa\u00e7\u00e3o de Apresenta\u00e7\u00f5es quinzenais.<\/p>\n","protected":false},"excerpt":{"rendered":"<p>&nbsp; &nbsp; O Comando Metropolitano de Lisboa da PSP, atrav\u00e9s da Divis\u00e3o de Investiga\u00e7\u00e3o Criminal, no dia 23 de Outubro, pelas 18:30, na freguesia de Carnide, em Lisboa, procedeu \u00e0 deten\u00e7\u00e3o em flagrante delito de um homem, com 26 anos de idade, por ser suspeito da pr\u00e1tica do crime de tr\u00e1fico de armas.<\/p>\n","protected":false},"author":13,"featured_media":61373,"comment_status":"open","ping_status":"closed","sticky":false,"template":"","format":"standard","meta":{"footnotes":""},"categories":[10,11],"tags":[501,80,6324],"class_list":["post-61372","post","type-post","status-publish","format-standard","has-post-thumbnail","hentry","category-actualidade","category-pais","tag-carnide","tag-lisboa","tag-psp"],"yoast_head":"<!-- This site is optimized with the Yoast SEO plugin v27.4 - https:\/\/yoast.com\/product\/yoast-seo-wordpress\/ -->\n<title>Carnide: PSP deteve homem por tr\u00e1fico de armas | Infocul.pt - Arquivo Digital<\/title>\n<meta name=\"description\" content=\"Carnide: PSP deteve homem por tr\u00e1fico de armas | Infocul.pt - Arquivo Digital\" \/>\n<meta name=\"robots\" content=\"noindex, follow, max-snippet:-1, max-image-preview:large, max-video-preview:-1\" \/>\n<meta property=\"og:locale\" content=\"pt_PT\" \/>\n<meta property=\"og:type\" content=\"article\" \/>\n<meta property=\"og:title\" content=\"Carnide: PSP deteve homem por tr\u00e1fico de armas | Infocul.pt - Arquivo Digital\" \/>\n<meta property=\"og:description\" content=\"Carnide: PSP deteve homem por tr\u00e1fico de armas | Infocul.pt - Arquivo Digital\" \/>\n<meta property=\"og:url\" content=\"https:\/\/infocul.pt\/arquivo\/actualidade\/carnide-psp-deteve-homem-por-trafico-de-armas\/\" \/>\n<meta property=\"og:site_name\" content=\"Infocul.pt - Arquivo Digital\" \/>\n<meta property=\"article:publisher\" content=\"https:\/\/www.facebook.com\/Infocul-147816815585015\/\" \/>\n<meta property=\"article:published_time\" content=\"2019-10-24T11:28:33+00:00\" \/>\n<meta property=\"og:image\" content=\"https:\/\/infocul.pt\/arquivo\/wp-content\/uploads\/2019\/10\/Anexo-ao-C.-I.-n\u00ba-614.PSP_.LX_.19.png\" \/>\n\t<meta property=\"og:image:width\" content=\"661\" \/>\n\t<meta property=\"og:image:height\" content=\"862\" \/>\n\t<meta property=\"og:image:type\" content=\"image\/png\" \/>\n<meta name=\"author\" content=\"Redac\u00e7\u00e3o\" \/>\n<meta name=\"twitter:card\" content=\"summary_large_image\" \/>\n<meta name=\"twitter:creator\" content=\"@Infoculpt\" \/>\n<meta name=\"twitter:site\" content=\"@Infoculpt\" \/>\n<meta name=\"twitter:label1\" content=\"Escrito por\" \/>\n\t<meta name=\"twitter:data1\" content=\"Redac\u00e7\u00e3o\" \/>\n\t<meta name=\"twitter:label2\" content=\"Tempo estimado de leitura\" \/>\n\t<meta name=\"twitter:data2\" content=\"1 minuto\" \/>\n<script type=\"application\/ld+json\" class=\"yoast-schema-graph\">{\"@context\":\"https:\\\/\\\/schema.org\",\"@graph\":[{\"@type\":\"Article\",\"@id\":\"https:\\\/\\\/infocul.pt\\\/arquivo\\\/actualidade\\\/carnide-psp-deteve-homem-por-trafico-de-armas\\\/#article\",\"isPartOf\":{\"@id\":\"https:\\\/\\\/infocul.pt\\\/arquivo\\\/actualidade\\\/carnide-psp-deteve-homem-por-trafico-de-armas\\\/\"},\"author\":{\"name\":\"Redac\u00e7\u00e3o\",\"@id\":\"https:\\\/\\\/infocul.pt\\\/arquivo\\\/#\\\/schema\\\/person\\\/f243f45ae8d67639120a7586884f3abc\"},\"headline\":\"Carnide: PSP deteve homem por tr\u00e1fico de armas\",\"datePublished\":\"2019-10-24T11:28:33+00:00\",\"mainEntityOfPage\":{\"@id\":\"https:\\\/\\\/infocul.pt\\\/arquivo\\\/actualidade\\\/carnide-psp-deteve-homem-por-trafico-de-armas\\\/\"},\"wordCount\":219,\"commentCount\":0,\"publisher\":{\"@id\":\"https:\\\/\\\/infocul.pt\\\/arquivo\\\/#organization\"},\"image\":{\"@id\":\"https:\\\/\\\/infocul.pt\\\/arquivo\\\/actualidade\\\/carnide-psp-deteve-homem-por-trafico-de-armas\\\/#primaryimage\"},\"thumbnailUrl\":\"https:\\\/\\\/infocul.pt\\\/arquivo\\\/wp-content\\\/uploads\\\/2019\\\/10\\\/Anexo-ao-C.-I.-n\u00ba-614.PSP_.LX_.19.png\",\"keywords\":[\"Carnide\",\"Lisboa\",\"PSP\"],\"articleSection\":[\"Actualidade\",\"Pa\u00eds\"],\"inLanguage\":\"pt-PT\"},{\"@type\":\"WebPage\",\"@id\":\"https:\\\/\\\/infocul.pt\\\/arquivo\\\/actualidade\\\/carnide-psp-deteve-homem-por-trafico-de-armas\\\/\",\"url\":\"https:\\\/\\\/infocul.pt\\\/arquivo\\\/actualidade\\\/carnide-psp-deteve-homem-por-trafico-de-armas\\\/\",\"name\":\"Carnide: PSP deteve homem por tr\u00e1fico de armas | Infocul.pt - Arquivo Digital\",\"isPartOf\":{\"@id\":\"https:\\\/\\\/infocul.pt\\\/arquivo\\\/#website\"},\"primaryImageOfPage\":{\"@id\":\"https:\\\/\\\/infocul.pt\\\/arquivo\\\/actualidade\\\/carnide-psp-deteve-homem-por-trafico-de-armas\\\/#primaryimage\"},\"image\":{\"@id\":\"https:\\\/\\\/infocul.pt\\\/arquivo\\\/actualidade\\\/carnide-psp-deteve-homem-por-trafico-de-armas\\\/#primaryimage\"},\"thumbnailUrl\":\"https:\\\/\\\/infocul.pt\\\/arquivo\\\/wp-content\\\/uploads\\\/2019\\\/10\\\/Anexo-ao-C.-I.-n\u00ba-614.PSP_.LX_.19.png\",\"datePublished\":\"2019-10-24T11:28:33+00:00\",\"description\":\"Carnide: PSP deteve homem por tr\u00e1fico de armas | Infocul.pt - Arquivo Digital\",\"breadcrumb\":{\"@id\":\"https:\\\/\\\/infocul.pt\\\/arquivo\\\/actualidade\\\/carnide-psp-deteve-homem-por-trafico-de-armas\\\/#breadcrumb\"},\"inLanguage\":\"pt-PT\",\"potentialAction\":[{\"@type\":\"ReadAction\",\"target\":[\"https:\\\/\\\/infocul.pt\\\/arquivo\\\/actualidade\\\/carnide-psp-deteve-homem-por-trafico-de-armas\\\/\"]}]},{\"@type\":\"ImageObject\",\"inLanguage\":\"pt-PT\",\"@id\":\"https:\\\/\\\/infocul.pt\\\/arquivo\\\/actualidade\\\/carnide-psp-deteve-homem-por-trafico-de-armas\\\/#primaryimage\",\"url\":\"https:\\\/\\\/infocul.pt\\\/arquivo\\\/wp-content\\\/uploads\\\/2019\\\/10\\\/Anexo-ao-C.-I.-n\u00ba-614.PSP_.LX_.19.png\",\"contentUrl\":\"https:\\\/\\\/infocul.pt\\\/arquivo\\\/wp-content\\\/uploads\\\/2019\\\/10\\\/Anexo-ao-C.-I.-n\u00ba-614.PSP_.LX_.19.png\",\"width\":661,\"height\":862},{\"@type\":\"BreadcrumbList\",\"@id\":\"https:\\\/\\\/infocul.pt\\\/arquivo\\\/actualidade\\\/carnide-psp-deteve-homem-por-trafico-de-armas\\\/#breadcrumb\",\"itemListElement\":[{\"@type\":\"ListItem\",\"position\":1,\"name\":\"Home\",\"item\":\"https:\\\/\\\/infocul.pt\\\/arquivo\\\/\"},{\"@type\":\"ListItem\",\"position\":2,\"name\":\"Carnide: PSP deteve homem por tr\u00e1fico de armas\"}]},{\"@type\":\"WebSite\",\"@id\":\"https:\\\/\\\/infocul.pt\\\/arquivo\\\/#website\",\"url\":\"https:\\\/\\\/infocul.pt\\\/arquivo\\\/\",\"name\":\"Infocul.pt - Arquivo Digital\",\"description\":\"Arquivo digital da Infocul.pt\",\"publisher\":{\"@id\":\"https:\\\/\\\/infocul.pt\\\/arquivo\\\/#organization\"},\"potentialAction\":[{\"@type\":\"SearchAction\",\"target\":{\"@type\":\"EntryPoint\",\"urlTemplate\":\"https:\\\/\\\/infocul.pt\\\/arquivo\\\/?s={search_term_string}\"},\"query-input\":{\"@type\":\"PropertyValueSpecification\",\"valueRequired\":true,\"valueName\":\"search_term_string\"}}],\"inLanguage\":\"pt-PT\"},{\"@type\":\"Organization\",\"@id\":\"https:\\\/\\\/infocul.pt\\\/arquivo\\\/#organization\",\"name\":\"Infocul.pt\",\"url\":\"https:\\\/\\\/infocul.pt\\\/arquivo\\\/\",\"logo\":{\"@type\":\"ImageObject\",\"inLanguage\":\"pt-PT\",\"@id\":\"https:\\\/\\\/infocul.pt\\\/arquivo\\\/#\\\/schema\\\/logo\\\/image\\\/\",\"url\":\"https:\\\/\\\/infocul.pt\\\/arquivo\\\/wp-content\\\/uploads\\\/2018\\\/12\\\/Infocul_logo-1.png\",\"contentUrl\":\"https:\\\/\\\/infocul.pt\\\/arquivo\\\/wp-content\\\/uploads\\\/2018\\\/12\\\/Infocul_logo-1.png\",\"width\":800,\"height\":800,\"caption\":\"Infocul.pt\"},\"image\":{\"@id\":\"https:\\\/\\\/infocul.pt\\\/arquivo\\\/#\\\/schema\\\/logo\\\/image\\\/\"},\"sameAs\":[\"https:\\\/\\\/www.facebook.com\\\/Infocul-147816815585015\\\/\",\"https:\\\/\\\/x.com\\\/Infoculpt\",\"http:\\\/\\\/www.pictaram.com\\\/user\\\/infocul.pt\\\/2370423710\",\"https:\\\/\\\/www.youtube.com\\\/channel\\\/UCYEB91AGI9FL9ek2i_IaQAA\"]},{\"@type\":\"Person\",\"@id\":\"https:\\\/\\\/infocul.pt\\\/arquivo\\\/#\\\/schema\\\/person\\\/f243f45ae8d67639120a7586884f3abc\",\"name\":\"Redac\u00e7\u00e3o\",\"image\":{\"@type\":\"ImageObject\",\"inLanguage\":\"pt-PT\",\"@id\":\"https:\\\/\\\/secure.gravatar.com\\\/avatar\\\/151b1b76c598ab5e749407223bd6c1bad4e41c4e95de3c3df83540ebee2deaf8?s=96&d=mm&r=g\",\"url\":\"https:\\\/\\\/secure.gravatar.com\\\/avatar\\\/151b1b76c598ab5e749407223bd6c1bad4e41c4e95de3c3df83540ebee2deaf8?s=96&d=mm&r=g\",\"contentUrl\":\"https:\\\/\\\/secure.gravatar.com\\\/avatar\\\/151b1b76c598ab5e749407223bd6c1bad4e41c4e95de3c3df83540ebee2deaf8?s=96&d=mm&r=g\",\"caption\":\"Redac\u00e7\u00e3o\"}}]}<\/script>\n<!-- \/ Yoast SEO plugin. -->","yoast_head_json":{"title":"Carnide: PSP deteve homem por tr\u00e1fico de armas | Infocul.pt - Arquivo Digital","description":"Carnide: PSP deteve homem por tr\u00e1fico de armas | Infocul.pt - Arquivo Digital","robots":{"index":"noindex","follow":"follow","max-snippet":"max-snippet:-1","max-image-preview":"max-image-preview:large","max-video-preview":"max-video-preview:-1"},"og_locale":"pt_PT","og_type":"article","og_title":"Carnide: PSP deteve homem por tr\u00e1fico de armas | Infocul.pt - Arquivo Digital","og_description":"Carnide: PSP deteve homem por tr\u00e1fico de armas | Infocul.pt - Arquivo Digital","og_url":"https:\/\/infocul.pt\/arquivo\/actualidade\/carnide-psp-deteve-homem-por-trafico-de-armas\/","og_site_name":"Infocul.pt - Arquivo Digital","article_publisher":"https:\/\/www.facebook.com\/Infocul-147816815585015\/","article_published_time":"2019-10-24T11:28:33+00:00","og_image":[{"width":661,"height":862,"url":"https:\/\/infocul.pt\/arquivo\/wp-content\/uploads\/2019\/10\/Anexo-ao-C.-I.-n\u00ba-614.PSP_.LX_.19.png","type":"image\/png"}],"author":"Redac\u00e7\u00e3o","twitter_card":"summary_large_image","twitter_creator":"@Infoculpt","twitter_site":"@Infoculpt","twitter_misc":{"Escrito por":"Redac\u00e7\u00e3o","Tempo estimado de leitura":"1 minuto"},"schema":{"@context":"https:\/\/schema.org","@graph":[{"@type":"Article","@id":"https:\/\/infocul.pt\/arquivo\/actualidade\/carnide-psp-deteve-homem-por-trafico-de-armas\/#article","isPartOf":{"@id":"https:\/\/infocul.pt\/arquivo\/actualidade\/carnide-psp-deteve-homem-por-trafico-de-armas\/"},"author":{"name":"Redac\u00e7\u00e3o","@id":"https:\/\/infocul.pt\/arquivo\/#\/schema\/person\/f243f45ae8d67639120a7586884f3abc"},"headline":"Carnide: PSP deteve homem por tr\u00e1fico de armas","datePublished":"2019-10-24T11:28:33+00:00","mainEntityOfPage":{"@id":"https:\/\/infocul.pt\/arquivo\/actualidade\/carnide-psp-deteve-homem-por-trafico-de-armas\/"},"wordCount":219,"commentCount":0,"publisher":{"@id":"https:\/\/infocul.pt\/arquivo\/#organization"},"image":{"@id":"https:\/\/infocul.pt\/arquivo\/actualidade\/carnide-psp-deteve-homem-por-trafico-de-armas\/#primaryimage"},"thumbnailUrl":"https:\/\/infocul.pt\/arquivo\/wp-content\/uploads\/2019\/10\/Anexo-ao-C.-I.-n\u00ba-614.PSP_.LX_.19.png","keywords":["Carnide","Lisboa","PSP"],"articleSection":["Actualidade","Pa\u00eds"],"inLanguage":"pt-PT"},{"@type":"WebPage","@id":"https:\/\/infocul.pt\/arquivo\/actualidade\/carnide-psp-deteve-homem-por-trafico-de-armas\/","url":"https:\/\/infocul.pt\/arquivo\/actualidade\/carnide-psp-deteve-homem-por-trafico-de-armas\/","name":"Carnide: PSP deteve homem por tr\u00e1fico de armas | Infocul.pt - Arquivo Digital","isPartOf":{"@id":"https:\/\/infocul.pt\/arquivo\/#website"},"primaryImageOfPage":{"@id":"https:\/\/infocul.pt\/arquivo\/actualidade\/carnide-psp-deteve-homem-por-trafico-de-armas\/#primaryimage"},"image":{"@id":"https:\/\/infocul.pt\/arquivo\/actualidade\/carnide-psp-deteve-homem-por-trafico-de-armas\/#primaryimage"},"thumbnailUrl":"https:\/\/infocul.pt\/arquivo\/wp-content\/uploads\/2019\/10\/Anexo-ao-C.-I.-n\u00ba-614.PSP_.LX_.19.png","datePublished":"2019-10-24T11:28:33+00:00","description":"Carnide: PSP deteve homem por tr\u00e1fico de armas | Infocul.pt - Arquivo Digital","breadcrumb":{"@id":"https:\/\/infocul.pt\/arquivo\/actualidade\/carnide-psp-deteve-homem-por-trafico-de-armas\/#breadcrumb"},"inLanguage":"pt-PT","potentialAction":[{"@type":"ReadAction","target":["https:\/\/infocul.pt\/arquivo\/actualidade\/carnide-psp-deteve-homem-por-trafico-de-armas\/"]}]},{"@type":"ImageObject","inLanguage":"pt-PT","@id":"https:\/\/infocul.pt\/arquivo\/actualidade\/carnide-psp-deteve-homem-por-trafico-de-armas\/#primaryimage","url":"https:\/\/infocul.pt\/arquivo\/wp-content\/uploads\/2019\/10\/Anexo-ao-C.-I.-n\u00ba-614.PSP_.LX_.19.png","contentUrl":"https:\/\/infocul.pt\/arquivo\/wp-content\/uploads\/2019\/10\/Anexo-ao-C.-I.-n\u00ba-614.PSP_.LX_.19.png","width":661,"height":862},{"@type":"BreadcrumbList","@id":"https:\/\/infocul.pt\/arquivo\/actualidade\/carnide-psp-deteve-homem-por-trafico-de-armas\/#breadcrumb","itemListElement":[{"@type":"ListItem","position":1,"name":"Home","item":"https:\/\/infocul.pt\/arquivo\/"},{"@type":"ListItem","position":2,"name":"Carnide: PSP deteve homem por tr\u00e1fico de armas"}]},{"@type":"WebSite","@id":"https:\/\/infocul.pt\/arquivo\/#website","url":"https:\/\/infocul.pt\/arquivo\/","name":"Infocul.pt - Arquivo Digital","description":"Arquivo digital da Infocul.pt","publisher":{"@id":"https:\/\/infocul.pt\/arquivo\/#organization"},"potentialAction":[{"@type":"SearchAction","target":{"@type":"EntryPoint","urlTemplate":"https:\/\/infocul.pt\/arquivo\/?s={search_term_string}"},"query-input":{"@type":"PropertyValueSpecification","valueRequired":true,"valueName":"search_term_string"}}],"inLanguage":"pt-PT"},{"@type":"Organization","@id":"https:\/\/infocul.pt\/arquivo\/#organization","name":"Infocul.pt","url":"https:\/\/infocul.pt\/arquivo\/","logo":{"@type":"ImageObject","inLanguage":"pt-PT","@id":"https:\/\/infocul.pt\/arquivo\/#\/schema\/logo\/image\/","url":"https:\/\/infocul.pt\/arquivo\/wp-content\/uploads\/2018\/12\/Infocul_logo-1.png","contentUrl":"https:\/\/infocul.pt\/arquivo\/wp-content\/uploads\/2018\/12\/Infocul_logo-1.png","width":800,"height":800,"caption":"Infocul.pt"},"image":{"@id":"https:\/\/infocul.pt\/arquivo\/#\/schema\/logo\/image\/"},"sameAs":["https:\/\/www.facebook.com\/Infocul-147816815585015\/","https:\/\/x.com\/Infoculpt","http:\/\/www.pictaram.com\/user\/infocul.pt\/2370423710","https:\/\/www.youtube.com\/channel\/UCYEB91AGI9FL9ek2i_IaQAA"]},{"@type":"Person","@id":"https:\/\/infocul.pt\/arquivo\/#\/schema\/person\/f243f45ae8d67639120a7586884f3abc","name":"Redac\u00e7\u00e3o","image":{"@type":"ImageObject","inLanguage":"pt-PT","@id":"https:\/\/secure.gravatar.com\/avatar\/151b1b76c598ab5e749407223bd6c1bad4e41c4e95de3c3df83540ebee2deaf8?s=96&d=mm&r=g","url":"https:\/\/secure.gravatar.com\/avatar\/151b1b76c598ab5e749407223bd6c1bad4e41c4e95de3c3df83540ebee2deaf8?s=96&d=mm&r=g","contentUrl":"https:\/\/secure.gravatar.com\/avatar\/151b1b76c598ab5e749407223bd6c1bad4e41c4e95de3c3df83540ebee2deaf8?s=96&d=mm&r=g","caption":"Redac\u00e7\u00e3o"}}]}},"_links":{"self":[{"href":"https:\/\/infocul.pt\/arquivo\/wp-json\/wp\/v2\/posts\/61372","targetHints":{"allow":["GET"]}}],"collection":[{"href":"https:\/\/infocul.pt\/arquivo\/wp-json\/wp\/v2\/posts"}],"about":[{"href":"https:\/\/infocul.pt\/arquivo\/wp-json\/wp\/v2\/types\/post"}],"author":[{"embeddable":true,"href":"https:\/\/infocul.pt\/arquivo\/wp-json\/wp\/v2\/users\/13"}],"replies":[{"embeddable":true,"href":"https:\/\/infocul.pt\/arquivo\/wp-json\/wp\/v2\/comments?post=61372"}],"version-history":[{"count":0,"href":"https:\/\/infocul.pt\/arquivo\/wp-json\/wp\/v2\/posts\/61372\/revisions"}],"wp:featuredmedia":[{"embeddable":true,"href":"https:\/\/infocul.pt\/arquivo\/wp-json\/wp\/v2\/media\/61373"}],"wp:attachment":[{"href":"https:\/\/infocul.pt\/arquivo\/wp-json\/wp\/v2\/media?parent=61372"}],"wp:term":[{"taxonomy":"category","embeddable":true,"href":"https:\/\/infocul.pt\/arquivo\/wp-json\/wp\/v2\/categories?post=61372"},{"taxonomy":"post_tag","embeddable":true,"href":"https:\/\/infocul.pt\/arquivo\/wp-json\/wp\/v2\/tags?post=61372"}],"curies":[{"name":"wp","href":"https:\/\/api.w.org\/{rel}","templated":true}]}}